{"id":40267,"date":"2024-07-29T18:10:42","date_gmt":"2024-07-29T18:10:42","guid":{"rendered":"https:\/\/richeskarayib.com\/?p=40267"},"modified":"2024-07-29T18:15:54","modified_gmt":"2024-07-29T18:15:54","slug":"haiti-lue-offre-500-mille-euros-de-subvention-pour-des-projets-culturels","status":"publish","type":"post","link":"https:\/\/richeskarayib.com\/fr\/haiti-lue-offre-500-mille-euros-de-subvention-pour-des-projets-culturels\/","title":{"rendered":"HA\u00cfTI : L&#8217;UE offre 500 mille euros de subvention pour des projets culturels"},"content":{"rendered":"\t\t<div data-elementor-type=\"wp-post\" data-elementor-id=\"40267\" class=\"elementor elementor-40267\" data-elementor-post-type=\"post\">\n\t\t\t\t\t\t<section class=\"elementor-section elementor-top-section elementor-element elementor-element-eaff0b6 elementor-section-boxed elementor-section-height-default elementor-section-height-default\" data-id=\"eaff0b6\" data-element_type=\"section\">\n\t\t\t\t\t\t<div class=\"elementor-container elementor-column-gap-default\">\n\t\t\t\t\t<div class=\"elementor-column elementor-col-100 elementor-top-column elementor-element elementor-element-a9c0649\" data-id=\"a9c0649\" data-element_type=\"column\">\n\t\t\t<div class=\"elementor-widget-wrap elementor-element-populated\">\n\t\t\t\t\t\t<div class=\"elementor-element elementor-element-fe9da12 elementor-widget elementor-widget-text-editor\" data-id=\"fe9da12\" data-element_type=\"widget\" data-widget_type=\"text-editor.default\">\n\t\t\t\t<div class=\"elementor-widget-container\">\n\t\t\t\t\t\t\t\t\t<p><em>Source: Haiti loopnews<\/em><\/p><p><span lang=\"FR\">Dans le but de \u00ab contribuer \u00e0 construire une soci\u00e9t\u00e9 plus inclusive \u00bb et renforcer la coop\u00e9ration culturelle entre Ha\u00efti et l\u2019UE, la d\u00e9l\u00e9gation de l\u2019Union Europ\u00e9enne en Ha\u00efti lance un appel \u00e0 propositions dont le budget s&#8217;\u00e9l\u00e8ve \u00e0 500 mille euros.\u00a0<\/span><\/p><p><span lang=\"FR\">Cette initiative vise \u00e0 dynamiser le secteur culturel ha\u00eftien qui fait face \u00e0 de \u00ab\u00a0nombreux d\u00e9fis\u00a0\u00bb, indique la d\u00e9l\u00e9gation qui demande aux int\u00e9ress\u00e9s de manifester leur int\u00e9r\u00eat avant le <strong>30 septembre 2024 \u00e0 midi.<\/strong><\/span><\/p><p><strong>Pour la soumission des documents de soutien, la date limite est fix\u00e9e au 9 octobre 2024 \u00e0 midi.<\/strong><\/p><p><span lang=\"FR\">Les int\u00e9ress\u00e9s sont invit\u00e9s \u00e0 visiter le\u00a0<a href=\"https:\/\/ec.europa.eu\/info\/funding-tenders\/opportunities\/portal\/screen\/opportunities\/prospect-details\/181880PROSPECTSEN?fbclid=IwY2xjawEUfXFleHRuA2FlbQIxMAABHXMmxJwaQFYu9yA3YzX32GRN_6HntGWRDgSa8KBJDUQo3s5gYwwK5uA-tQ_aem_X9UZ5SsL8RSFcwjdw-Okpw\" target=\"_blank\" rel=\"noopener nofollow\">site web<\/a>\u00a0de la d\u00e9l\u00e9gation pour plus d\u2019informations sur le projet et pour soumettre leur proposition en remplissant le formulaire de demande de subvention tout en annexant le budget pour la r\u00e9alisation du projet.<\/span><\/p><p><span lang=\"FR\">L\u2019appel \u00e0 proposition au \u00ab\u00a0soutien au dynamisme culturel d\u2019Ha\u00efti\u00a0\u00bb sera subventionn\u00e9 \u00e0 hauteur de 500,000 euros, informe la d\u00e9l\u00e9gation soulignant que les demandes de subventions doivent \u00eatre soumises entre 400,000 et 500,000 euros.<\/span><\/p><p><span lang=\"FR\">Accroitre la visibilit\u00e9 des \u00e9v\u00e8nements culturels ha\u00eftien, promouvoir le dialogue interculturel et soutenir la culture comme moteur de d\u00e9veloppement social et \u00e9conomique sont entre autres les objectifs de ce programme ambitieux au soutien \u00e0 la \u00ab\u00a0culture ha\u00eftienne pour un avenir meilleur\u00a0\u00bb, selon l&#8217;UE qui souhaite \u00e9galement diffuser ses valeurs fondamentales \u00e0 travers des activit\u00e9s culturelles visant l&#8217;inclusion, la r\u00e9duction de la pauvret\u00e9 et des conflits.<\/span><\/p>\t\t\t\t\t\t\t\t<\/div>\n\t\t\t\t<\/div>\n\t\t\t\t\t<\/div>\n\t\t<\/div>\n\t\t\t\t\t<\/div>\n\t\t<\/section>\n\t\t\t\t<\/div>\n\t\t","protected":false},"excerpt":{"rendered":"<p>Source: Haiti loopnews Dans le but de \u00ab contribuer \u00e0 construire une soci\u00e9t\u00e9 plus inclusive \u00bb et renforcer la coop\u00e9ration culturelle entre Ha\u00efti et l\u2019UE, la d\u00e9l\u00e9gation de l\u2019Union Europ\u00e9enne en Ha\u00efti lance un appel \u00e0 propositions dont le budget s&#8217;\u00e9l\u00e8ve \u00e0 500 mille euros. Cette initiative vise \u00e0 dynamiser le secteur culturel ha\u00eftien qui [&hellip;]<\/p>\n","protected":false},"author":47,"featured_media":40276,"comment_status":"open","ping_status":"open","sticky":false,"template":"","format":"standard","meta":{"_acf_changed":false,"footnotes":""},"categories":[31],"tags":[],"class_list":["post-40267","post","type-post","status-publish","format-standard","has-post-thumbnail","hentry","category-non-classifiee"],"acf":[],"_links":{"self":[{"href":"https:\/\/richeskarayib.com\/fr\/wp-json\/wp\/v2\/posts\/40267","targetHints":{"allow":["GET"]}}],"collection":[{"href":"https:\/\/richeskarayib.com\/fr\/wp-json\/wp\/v2\/posts"}],"about":[{"href":"https:\/\/richeskarayib.com\/fr\/wp-json\/wp\/v2\/types\/post"}],"author":[{"embeddable":true,"href":"https:\/\/richeskarayib.com\/fr\/wp-json\/wp\/v2\/users\/47"}],"replies":[{"embeddable":true,"href":"https:\/\/richeskarayib.com\/fr\/wp-json\/wp\/v2\/comments?post=40267"}],"version-history":[{"count":0,"href":"https:\/\/richeskarayib.com\/fr\/wp-json\/wp\/v2\/posts\/40267\/revisions"}],"wp:featuredmedia":[{"embeddable":true,"href":"https:\/\/richeskarayib.com\/fr\/wp-json\/wp\/v2\/media\/40276"}],"wp:attachment":[{"href":"https:\/\/richeskarayib.com\/fr\/wp-json\/wp\/v2\/media?parent=40267"}],"wp:term":[{"taxonomy":"category","embeddable":true,"href":"https:\/\/richeskarayib.com\/fr\/wp-json\/wp\/v2\/categories?post=40267"},{"taxonomy":"post_tag","embeddable":true,"href":"https:\/\/richeskarayib.com\/fr\/wp-json\/wp\/v2\/tags?post=40267"}],"curies":[{"name":"wp","href":"https:\/\/api.w.org\/{rel}","templated":true}]}}