{"id":40335,"date":"2024-06-15T20:27:35","date_gmt":"2024-06-15T20:27:35","guid":{"rendered":"https:\/\/richeskarayib.com\/la-republique-dominicaine-elue-au-comite-du-patrimoine-culturel-immateriel-de-lunesco\/"},"modified":"2024-07-29T22:25:28","modified_gmt":"2024-07-29T22:25:28","slug":"la-republique-dominicaine-elue-au-comite-du-patrimoine-culturel-immateriel-de-lunesco","status":"publish","type":"post","link":"https:\/\/richeskarayib.com\/fr\/la-republique-dominicaine-elue-au-comite-du-patrimoine-culturel-immateriel-de-lunesco\/","title":{"rendered":"La R\u00e9publique dominicaine \u00e9lue au Comit\u00e9 du patrimoine culturel immat\u00e9riel de l&#8217;UNESCO"},"content":{"rendered":"\t\t<div data-elementor-type=\"wp-post\" data-elementor-id=\"40335\" class=\"elementor elementor-40335 elementor-40329\" data-elementor-post-type=\"post\">\n\t\t\t\t\t\t<section class=\"elementor-section elementor-top-section elementor-element elementor-element-b363882 elementor-section-boxed elementor-section-height-default elementor-section-height-default\" data-id=\"b363882\" data-element_type=\"section\">\n\t\t\t\t\t\t<div class=\"elementor-container elementor-column-gap-default\">\n\t\t\t\t\t<div class=\"elementor-column elementor-col-100 elementor-top-column elementor-element elementor-element-aedcaee\" data-id=\"aedcaee\" data-element_type=\"column\">\n\t\t\t<div class=\"elementor-widget-wrap elementor-element-populated\">\n\t\t\t\t\t\t<div class=\"elementor-element elementor-element-4203638 elementor-widget elementor-widget-text-editor\" data-id=\"4203638\" data-element_type=\"widget\" data-widget_type=\"text-editor.default\">\n\t\t\t\t<div class=\"elementor-widget-container\">\n\t\t\t\t\t\t\t\t\t<p>Source : Dominican Today<\/p>\n<p><strong>Saint-Domingue<\/strong>&#8211; Les minist\u00e8res de la Culture et des Affaires \u00e9trang\u00e8res ont annonc\u00e9 que la R\u00e9publique dominicaine a \u00e9t\u00e9 \u00e9lue, pour la premi\u00e8re fois, membre du Comit\u00e9 intergouvernemental pour la sauvegarde du patrimoine culturel immat\u00e9riel de l&#8217;UNESCO, pour un mandat de quatre ans.<\/p>\n<p>Cette adh\u00e9sion signifie l&#8217;engagement de la R\u00e9publique dominicaine \u00e0 pr\u00e9server, promouvoir et c\u00e9l\u00e9brer les traditions culturelles, les arts, l&#8217;artisanat et les rituels de diverses cultures, qui sont les principaux objectifs de la Convention pour la sauvegarde du patrimoine culturel immat\u00e9riel.<\/p>\n<p>La ministre de la culture, Milagros Germ\u00e1n, a d\u00e9crit l&#8217;\u00e9lection du pays comme une r\u00e9ussite historique et une occasion de pr\u00e9senter sa richesse et sa diversit\u00e9 culturelles au monde entier.<\/p>\n<p>L&#8217;ambassadeur de la R\u00e9publique dominicaine aupr\u00e8s de l&#8217;UNESCO, Andr\u00e9s L. Mateo, a soulign\u00e9 que cette \u00e9lection t\u00e9moigne des efforts de collaboration entre le minist\u00e8re des Affaires \u00e9trang\u00e8res (MIREX), le minist\u00e8re de la Culture, la Mission permanente de la R\u00e9publique dominicaine aupr\u00e8s de l&#8217;UNESCO et la Commission nationale dominicaine pour l&#8217;UNESCO. Il a soulign\u00e9 l&#8217;efficacit\u00e9 de leur strat\u00e9gie diplomatique pour nouer des alliances et obtenir le soutien de la communaut\u00e9 internationale.<\/p>\n<p>La R\u00e9publique dominicaine, tout comme Ha\u00efti et la Barbade, a \u00e9t\u00e9 \u00e9lue par acclamation \u00c9tat partie \u00e0 la Convention pour la sauvegarde du patrimoine culturel immat\u00e9riel, \u00e0 la suite d&#8217;un accord r\u00e9gional au sein du groupe Am\u00e9rique latine et Cara\u00efbes lors de la dixi\u00e8me session de l&#8217;Assembl\u00e9e g\u00e9n\u00e9rale de l&#8217;UNESCO.<\/p>\n<p>Le ministre Germ\u00e1n a soulign\u00e9 que la participation du pays \u00e0 ce comit\u00e9 illustre son engagement \u00e0 prot\u00e9ger et \u00e0 promouvoir son patrimoine culturel immat\u00e9riel, en lui offrant une plateforme pour renforcer ses capacit\u00e9s dans ce domaine.<\/p>\n<p><strong>\u00c0 propos du comit\u00e9<\/strong><\/p>\n<p>Le Comit\u00e9 intergouvernemental de sauvegarde du patrimoine culturel immat\u00e9riel est un organe de l&#8217;UNESCO compos\u00e9 de repr\u00e9sentants de 24 \u00c9tats pour un mandat de quatre ans. Il est charg\u00e9 de promouvoir les objectifs de la Convention, de donner des conseils sur les meilleures pratiques, de recommander des mesures de sauvegarde du patrimoine culturel immat\u00e9riel, de g\u00e9rer des fonds pour la pr\u00e9servation culturelle, de proposer l&#8217;accr\u00e9ditation d&#8217;organisations non gouvernementales \u00e0 l&#8217;Assembl\u00e9e g\u00e9n\u00e9rale et de fournir une assistance internationale.<\/p>\n\t\t\t\t\t\t\t\t<\/div>\n\t\t\t\t<\/div>\n\t\t\t\t\t<\/div>\n\t\t<\/div>\n\t\t\t\t\t<\/div>\n\t\t<\/section>\n\t\t\t\t<\/div>\n\t\t","protected":false},"excerpt":{"rendered":"<p>Source : Dominican Today Saint-Domingue&#8211; Les minist\u00e8res de la Culture et des Affaires \u00e9trang\u00e8res ont annonc\u00e9 que la R\u00e9publique dominicaine a \u00e9t\u00e9 \u00e9lue, pour la premi\u00e8re fois, membre du Comit\u00e9 intergouvernemental pour la sauvegarde du patrimoine culturel immat\u00e9riel de l&#8217;UNESCO, pour un mandat de quatre ans. Cette adh\u00e9sion signifie l&#8217;engagement de la R\u00e9publique dominicaine \u00e0 [&hellip;]<\/p>\n","protected":false},"author":47,"featured_media":40332,"comment_status":"open","ping_status":"open","sticky":false,"template":"","format":"standard","meta":{"_acf_changed":false,"footnotes":""},"categories":[840],"tags":[1482],"class_list":["post-40335","post","type-post","status-publish","format-standard","has-post-thumbnail","hentry","category-actus","tag-republique-dominicaine"],"acf":[],"_links":{"self":[{"href":"https:\/\/richeskarayib.com\/fr\/wp-json\/wp\/v2\/posts\/40335","targetHints":{"allow":["GET"]}}],"collection":[{"href":"https:\/\/richeskarayib.com\/fr\/wp-json\/wp\/v2\/posts"}],"about":[{"href":"https:\/\/richeskarayib.com\/fr\/wp-json\/wp\/v2\/types\/post"}],"author":[{"embeddable":true,"href":"https:\/\/richeskarayib.com\/fr\/wp-json\/wp\/v2\/users\/47"}],"replies":[{"embeddable":true,"href":"https:\/\/richeskarayib.com\/fr\/wp-json\/wp\/v2\/comments?post=40335"}],"version-history":[{"count":0,"href":"https:\/\/richeskarayib.com\/fr\/wp-json\/wp\/v2\/posts\/40335\/revisions"}],"wp:featuredmedia":[{"embeddable":true,"href":"https:\/\/richeskarayib.com\/fr\/wp-json\/wp\/v2\/media\/40332"}],"wp:attachment":[{"href":"https:\/\/richeskarayib.com\/fr\/wp-json\/wp\/v2\/media?parent=40335"}],"wp:term":[{"taxonomy":"category","embeddable":true,"href":"https:\/\/richeskarayib.com\/fr\/wp-json\/wp\/v2\/categories?post=40335"},{"taxonomy":"post_tag","embeddable":true,"href":"https:\/\/richeskarayib.com\/fr\/wp-json\/wp\/v2\/tags?post=40335"}],"curies":[{"name":"wp","href":"https:\/\/api.w.org\/{rel}","templated":true}]}}