{"id":40514,"date":"2024-08-05T23:10:27","date_gmt":"2024-08-05T23:10:27","guid":{"rendered":"https:\/\/richeskarayib.com\/anguilla-celebration-des-50-ans-du-festival-dete-danguilla-un-jalon-dor\/"},"modified":"2024-08-05T23:10:35","modified_gmt":"2024-08-05T23:10:35","slug":"anguilla-celebration-des-50-ans-du-festival-dete-danguilla-un-jalon-dor","status":"publish","type":"post","link":"https:\/\/richeskarayib.com\/fr\/anguilla-celebration-des-50-ans-du-festival-dete-danguilla-un-jalon-dor\/","title":{"rendered":"ANGUILLA : C\u00e9l\u00e9bration des 50 ans du festival d&#8217;\u00e9t\u00e9 d&#8217;Anguilla : un jalon d&#8217;or"},"content":{"rendered":"\t\t<div data-elementor-type=\"wp-post\" data-elementor-id=\"40514\" class=\"elementor elementor-40514 elementor-40483\" data-elementor-post-type=\"post\">\n\t\t\t\t\t\t<section class=\"elementor-section elementor-top-section elementor-element elementor-element-b7654b0 elementor-section-boxed elementor-section-height-default elementor-section-height-default\" data-id=\"b7654b0\" data-element_type=\"section\">\n\t\t\t\t\t\t<div class=\"elementor-container elementor-column-gap-default\">\n\t\t\t\t\t<div class=\"elementor-column elementor-col-100 elementor-top-column elementor-element elementor-element-418f3d7\" data-id=\"418f3d7\" data-element_type=\"column\">\n\t\t\t<div class=\"elementor-widget-wrap elementor-element-populated\">\n\t\t\t\t\t\t<div class=\"elementor-element elementor-element-f511f47 elementor-widget elementor-widget-text-editor\" data-id=\"f511f47\" data-element_type=\"widget\" data-widget_type=\"text-editor.default\">\n\t\t\t\t<div class=\"elementor-widget-container\">\n\t\t\t\t\t\t\t\t\t<p>Office du tourisme d&#8217;Anguilla<\/p>\n\t\t\t\t\t\t\t\t<\/div>\n\t\t\t\t<\/div>\n\t\t\t\t<div class=\"elementor-element elementor-element-4616185 elementor-widget elementor-widget-text-editor\" data-id=\"4616185\" data-element_type=\"widget\" data-widget_type=\"text-editor.default\">\n\t\t\t\t<div class=\"elementor-widget-container\">\n\t\t\t\t\t\t\t\t\t<p>Alors qu&#8217;Anguilla se pr\u00e9pare \u00e0 c\u00e9l\u00e9brer le 50e anniversaire de son c\u00e9l\u00e8bre festival d&#8217;\u00e9t\u00e9, l&#8217;\u00eele est en pleine effervescence.<br \/>\nPr\u00e9vu du 21 juillet au 11 ao\u00fbt 2024, le festival de cette ann\u00e9e promet d&#8217;\u00eatre une extraordinaire c\u00e9l\u00e9bration de la culture, du patrimoine et de la communaut\u00e9 sous le th\u00e8me &#8220;La r\u00e9union de famille&#8221;. <\/p>\n\t\t\t\t\t\t\t\t<\/div>\n\t\t\t\t<\/div>\n\t\t\t\t\t<\/div>\n\t\t<\/div>\n\t\t\t\t\t<\/div>\n\t\t<\/section>\n\t\t\t\t<section class=\"elementor-section elementor-top-section elementor-element elementor-element-19d5038 elementor-section-boxed elementor-section-height-default elementor-section-height-default\" data-id=\"19d5038\" data-element_type=\"section\">\n\t\t\t\t\t\t<div class=\"elementor-container elementor-column-gap-default\">\n\t\t\t\t\t<div class=\"elementor-column elementor-col-100 elementor-top-column elementor-element elementor-element-aa17cde\" data-id=\"aa17cde\" data-element_type=\"column\">\n\t\t\t<div class=\"elementor-widget-wrap elementor-element-populated\">\n\t\t\t\t\t\t<div class=\"elementor-element elementor-element-4c85b8a elementor-widget elementor-widget-heading\" data-id=\"4c85b8a\" data-element_type=\"widget\" data-widget_type=\"heading.default\">\n\t\t\t\t<div class=\"elementor-widget-container\">\n\t\t\t\t\t<h2 class=\"elementor-heading-title elementor-size-default\">Un riche h\u00e9ritage<\/h2>\t\t\t\t<\/div>\n\t\t\t\t<\/div>\n\t\t\t\t<div class=\"elementor-element elementor-element-6a12b23 elementor-widget elementor-widget-text-editor\" data-id=\"6a12b23\" data-element_type=\"widget\" data-widget_type=\"text-editor.default\">\n\t\t\t\t<div class=\"elementor-widget-container\">\n\t\t\t\t\t\t\t\t\t<p>Apr\u00e8s des d\u00e9buts modestes, le festival d&#8217;\u00e9t\u00e9 d&#8217;Anguilla est devenu l&#8217;un des \u00e9v\u00e9nements les plus dynamiques et les plus attendus des Cara\u00efbes.<br \/>\nCette ann\u00e9e, une s\u00e9rie sp\u00e9ciale de vid\u00e9os intitul\u00e9e &#8220;50 For 50&#8221; rendra hommage aux personnes et aux entit\u00e9s qui ont fa\u00e7onn\u00e9 la riche histoire du festival.<br \/>\nChaque jour jusqu&#8217;\u00e0 la fin du festival, deux vid\u00e9os seront diffus\u00e9es en avant-premi\u00e8re, mettant en lumi\u00e8re les contributions de personnalit\u00e9s cl\u00e9s qui ont laiss\u00e9 une empreinte ind\u00e9l\u00e9bile sur ce festival culturel.<span class=\"\" data-state=\"closed\"><span class=\"text-token-text-secondary\"> (<\/span><a class=\"text-green-600 !no-underline\" href=\"https:\/\/anguillasummerfestival.com\/pages\/50-for-50\" target=\"_blank\" rel=\"noopener noreferrer nofollow\">Festival d&#8217;\u00e9t\u00e9 d&#8217;Anguilla<\/a><span class=\"text-token-text-secondary\">)<\/span><\/span>.  <\/p>\n\t\t\t\t\t\t\t\t<\/div>\n\t\t\t\t<\/div>\n\t\t\t\t\t<\/div>\n\t\t<\/div>\n\t\t\t\t\t<\/div>\n\t\t<\/section>\n\t\t\t\t<section class=\"elementor-section elementor-top-section elementor-element elementor-element-5498ec6 elementor-section-boxed elementor-section-height-default elementor-section-height-default\" data-id=\"5498ec6\" data-element_type=\"section\">\n\t\t\t\t\t\t<div class=\"elementor-container elementor-column-gap-default\">\n\t\t\t\t\t<div class=\"elementor-column elementor-col-100 elementor-top-column elementor-element elementor-element-89a78ba\" data-id=\"89a78ba\" data-element_type=\"column\">\n\t\t\t<div class=\"elementor-widget-wrap elementor-element-populated\">\n\t\t\t\t\t\t<div class=\"elementor-element elementor-element-eb9c406 elementor-widget elementor-widget-heading\" data-id=\"eb9c406\" data-element_type=\"widget\" data-widget_type=\"heading.default\">\n\t\t\t\t<div class=\"elementor-widget-container\">\n\t\t\t\t\t<h2 class=\"elementor-heading-title elementor-size-default\">Faits marquants<\/h2>\t\t\t\t<\/div>\n\t\t\t\t<\/div>\n\t\t\t\t<div class=\"elementor-element elementor-element-c5b65d4 elementor-widget elementor-widget-text-editor\" data-id=\"c5b65d4\" data-element_type=\"widget\" data-widget_type=\"text-editor.default\">\n\t\t\t\t<div class=\"elementor-widget-container\">\n\t\t\t\t\t\t\t\t\t<p>Le programme charg\u00e9 du festival garantit qu&#8217;il y en aura pour tous les go\u00fbts.<br \/>\nVoici quelques-uns des \u00e9v\u00e9nements \u00e0 ne pas manquer : <\/p>\n<ul>\n<li>\n<p><strong>Matin\u00e9e J&#8217;ouvert (5 ao\u00fbt 2024)<\/strong>: Les festivit\u00e9s d\u00e9butent par un d\u00e9fil\u00e9 avant l&#8217;aube, accompagn\u00e9 de musique, de danse et de r\u00e9jouissances, et se terminent par une f\u00eate sur la plage qui dure toute la journ\u00e9e \u00e0 Sandy Ground.<\/p>\n<\/li>\n<li>\n<p><strong>C\u00e9l\u00e9brations du lundi d&#8217;ao\u00fbt (5 ao\u00fbt 2024)<\/strong>: Le jour de l&#8217;\u00e9mancipation, \u00e9galement connu sous le nom de &#8220;lundi d&#8217;ao\u00fbt&#8221;, est marqu\u00e9 par la course de bateaux embl\u00e9matique du lundi d&#8217;ao\u00fbt, des concerts et des f\u00eates de plage anim\u00e9es.<\/p>\n<\/li>\n<li>\n<p><strong>Concours de Miss Anguilla (7 ao\u00fbt 2024)<\/strong>: Cet \u00e9v\u00e9nement met en valeur la beaut\u00e9, le talent et l&#8217;intelligence des jeunes femmes d&#8217;Anguilla.<br \/>\nLe concours c\u00e9l\u00e9brera les anciennes gagnantes et couronnera une nouvelle Miss Anguilla. <\/p>\n<\/li>\n<li>\n<p><strong>Grand d\u00e9fil\u00e9 des troupes (9 ao\u00fbt 2024)<\/strong>: Cette procession color\u00e9e dans la vall\u00e9e met en sc\u00e8ne des danseurs aux costumes \u00e9labor\u00e9s repr\u00e9sentant diff\u00e9rents villages, qui concourent pour le titre de meilleure troupe.<\/p>\n<\/li>\n<li>\n<p><strong>Poker Run (10 ao\u00fbt 2024)<\/strong>: Un \u00e9v\u00e9nement nautique aventureux combinant l&#8217;excitation d&#8217;une partie de poker avec des arr\u00eats sur diverses plages et dans des bars autour d&#8217;Anguilla.<\/p>\n<\/li>\n<li>\n<p><strong>Eyes Wide Shut (8 ao\u00fbt 2024)<\/strong>: Sur le th\u00e8me &#8220;Enchanted&#8221;, cet \u00e9v\u00e9nement promet une nuit et une matin\u00e9e de spectacles inoubliables et de surprises, garantissant une soir\u00e9e de magie et de myst\u00e8re.<\/p>\n<\/li>\n<li>\n<p><strong>Course de bateaux &#8220;Champions of Champions&#8221; (11 ao\u00fbt 2024)<\/strong>: Le festival se termine par une grande course de bateaux qui r\u00e9unit les meilleurs bateaux des comp\u00e9titions de la semaine.<\/p>\n<\/li>\n<\/ul>\n\t\t\t\t\t\t\t\t<\/div>\n\t\t\t\t<\/div>\n\t\t\t\t<div class=\"elementor-element elementor-element-a45dd9d elementor-widget elementor-widget-image\" data-id=\"a45dd9d\" data-element_type=\"widget\" data-widget_type=\"image.default\">\n\t\t\t\t<div class=\"elementor-widget-container\">\n\t\t\t\t\t\t\t\t\t\t\t\t<figure class=\"wp-caption\">\n\t\t\t\t\t\t\t\t\t\t<img fetchpriority=\"high\" decoding=\"async\" width=\"710\" height=\"1024\" src=\"https:\/\/richeskarayib.com\/wp-content\/uploads\/2024\/08\/Anguilla-festival-710x1024.webp\" class=\"attachment-large size-large wp-image-40490\" alt=\"\" srcset=\"https:\/\/richeskarayib.com\/wp-content\/uploads\/2024\/08\/Anguilla-festival-710x1024.webp 710w, https:\/\/richeskarayib.com\/wp-content\/uploads\/2024\/08\/Anguilla-festival-208x300.webp 208w, https:\/\/richeskarayib.com\/wp-content\/uploads\/2024\/08\/Anguilla-festival-768x1108.webp 768w, https:\/\/richeskarayib.com\/wp-content\/uploads\/2024\/08\/Anguilla-festival-1065x1536.webp 1065w, https:\/\/richeskarayib.com\/wp-content\/uploads\/2024\/08\/Anguilla-festival.webp 1200w\" sizes=\"(max-width: 710px) 100vw, 710px\" \/>\t\t\t\t\t\t\t\t\t\t\t<figcaption class=\"widget-image-caption wp-caption-text\">https:\/\/anguillasummerfestival.com\/<\/figcaption>\n\t\t\t\t\t\t\t\t\t\t<\/figure>\n\t\t\t\t\t\t\t\t\t<\/div>\n\t\t\t\t<\/div>\n\t\t\t\t\t<\/div>\n\t\t<\/div>\n\t\t\t\t\t<\/div>\n\t\t<\/section>\n\t\t\t\t<section class=\"elementor-section elementor-top-section elementor-element elementor-element-14a0d28 elementor-section-boxed elementor-section-height-default elementor-section-height-default\" data-id=\"14a0d28\" data-element_type=\"section\">\n\t\t\t\t\t\t<div class=\"elementor-container elementor-column-gap-default\">\n\t\t\t\t\t<div class=\"elementor-column elementor-col-100 elementor-top-column elementor-element elementor-element-47441c0\" data-id=\"47441c0\" data-element_type=\"column\">\n\t\t\t<div class=\"elementor-widget-wrap elementor-element-populated\">\n\t\t\t\t\t\t<div class=\"elementor-element elementor-element-ad5d610 elementor-widget elementor-widget-heading\" data-id=\"ad5d610\" data-element_type=\"widget\" data-widget_type=\"heading.default\">\n\t\t\t\t<div class=\"elementor-widget-container\">\n\t\t\t\t\t<h2 class=\"elementor-heading-title elementor-size-default\">Importance culturelle<\/h2>\t\t\t\t<\/div>\n\t\t\t\t<\/div>\n\t\t\t\t<div class=\"elementor-element elementor-element-2eeef97 elementor-widget elementor-widget-text-editor\" data-id=\"2eeef97\" data-element_type=\"widget\" data-widget_type=\"text-editor.default\">\n\t\t\t\t<div class=\"elementor-widget-container\">\n\t\t\t\t\t\t\t\t\t<p>Le festival d&#8217;\u00e9t\u00e9 d&#8217;Anguilla n&#8217;est pas qu&#8217;un simple divertissement ; c&#8217;est une c\u00e9l\u00e9bration du patrimoine culturel et de l&#8217;esprit communautaire d&#8217;Anguilla.<br \/>\nIl honore l&#8217;histoire de l&#8217;\u00eele, en particulier l&#8217;\u00e9mancipation des anc\u00eatres des Anguillais, et sert de r\u00e9union pour les familles et les amis du monde entier. <\/p>\n\t\t\t\t\t\t\t\t<\/div>\n\t\t\t\t<\/div>\n\t\t\t\t\t<\/div>\n\t\t<\/div>\n\t\t\t\t\t<\/div>\n\t\t<\/section>\n\t\t\t\t<\/div>\n\t\t","protected":false},"excerpt":{"rendered":"<p>Office du tourisme d&#8217;Anguilla Alors qu&#8217;Anguilla se pr\u00e9pare \u00e0 c\u00e9l\u00e9brer le 50e anniversaire de son c\u00e9l\u00e8bre festival d&#8217;\u00e9t\u00e9, l&#8217;\u00eele est en pleine effervescence. Pr\u00e9vu du 21 juillet au 11 ao\u00fbt 2024, le festival de cette ann\u00e9e promet d&#8217;\u00eatre une extraordinaire c\u00e9l\u00e9bration de la culture, du patrimoine et de la communaut\u00e9 sous le th\u00e8me &#8220;La r\u00e9union [&hellip;]<\/p>\n","protected":false},"author":47,"featured_media":40486,"comment_status":"open","ping_status":"open","sticky":false,"template":"","format":"standard","meta":{"_acf_changed":false,"footnotes":""},"categories":[1498],"tags":[1441],"class_list":["post-40514","post","type-post","status-publish","format-standard","has-post-thumbnail","hentry","category-gestion-devenements","tag-anguilla-fr"],"acf":[],"_links":{"self":[{"href":"https:\/\/richeskarayib.com\/fr\/wp-json\/wp\/v2\/posts\/40514","targetHints":{"allow":["GET"]}}],"collection":[{"href":"https:\/\/richeskarayib.com\/fr\/wp-json\/wp\/v2\/posts"}],"about":[{"href":"https:\/\/richeskarayib.com\/fr\/wp-json\/wp\/v2\/types\/post"}],"author":[{"embeddable":true,"href":"https:\/\/richeskarayib.com\/fr\/wp-json\/wp\/v2\/users\/47"}],"replies":[{"embeddable":true,"href":"https:\/\/richeskarayib.com\/fr\/wp-json\/wp\/v2\/comments?post=40514"}],"version-history":[{"count":0,"href":"https:\/\/richeskarayib.com\/fr\/wp-json\/wp\/v2\/posts\/40514\/revisions"}],"wp:featuredmedia":[{"embeddable":true,"href":"https:\/\/richeskarayib.com\/fr\/wp-json\/wp\/v2\/media\/40486"}],"wp:attachment":[{"href":"https:\/\/richeskarayib.com\/fr\/wp-json\/wp\/v2\/media?parent=40514"}],"wp:term":[{"taxonomy":"category","embeddable":true,"href":"https:\/\/richeskarayib.com\/fr\/wp-json\/wp\/v2\/categories?post=40514"},{"taxonomy":"post_tag","embeddable":true,"href":"https:\/\/richeskarayib.com\/fr\/wp-json\/wp\/v2\/tags?post=40514"}],"curies":[{"name":"wp","href":"https:\/\/api.w.org\/{rel}","templated":true}]}}