{"id":40600,"date":"2024-09-02T19:35:02","date_gmt":"2024-09-02T19:35:02","guid":{"rendered":"https:\/\/richeskarayib.com\/?p=40600"},"modified":"2025-03-22T15:34:33","modified_gmt":"2025-03-22T19:34:33","slug":"les-journees-du-patrimoine-2024-en-martinique-une-exploration-unique-du-patrimoine-maritime-et-des-itineraires-historiques","status":"publish","type":"post","link":"https:\/\/richeskarayib.com\/fr\/les-journees-du-patrimoine-2024-en-martinique-une-exploration-unique-du-patrimoine-maritime-et-des-itineraires-historiques\/","title":{"rendered":"Les Journ\u00e9es du Patrimoine 2024 en Martinique : Une Exploration Unique du Patrimoine Maritime et des Itin\u00e9raires Historiques"},"content":{"rendered":"\t\t<div data-elementor-type=\"wp-post\" data-elementor-id=\"40600\" class=\"elementor elementor-40600\" data-elementor-post-type=\"post\">\n\t\t\t\t\t\t<section class=\"elementor-section elementor-top-section elementor-element elementor-element-902e243 elementor-section-boxed elementor-section-height-default elementor-section-height-default\" data-id=\"902e243\" data-element_type=\"section\">\n\t\t\t\t\t\t<div class=\"elementor-container elementor-column-gap-default\">\n\t\t\t\t\t<div class=\"elementor-column elementor-col-100 elementor-top-column elementor-element elementor-element-f6de844\" data-id=\"f6de844\" data-element_type=\"column\">\n\t\t\t<div class=\"elementor-widget-wrap elementor-element-populated\">\n\t\t\t\t\t\t<div class=\"elementor-element elementor-element-e1f2b87 elementor-widget elementor-widget-text-editor\" data-id=\"e1f2b87\" data-element_type=\"widget\" data-widget_type=\"text-editor.default\">\n\t\t\t\t<div class=\"elementor-widget-container\">\n\t\t\t\t\t\t\t\t\t<p>Les 21 et 22 septembre 2024 marqueront la 41e \u00e9dition des Journ\u00e9es europ\u00e9ennes du patrimoine, un \u00e9v\u00e9nement incontournable pour les passionn\u00e9s d&#8217;histoire, de culture et de d\u00e9couverte. En Martinique, cette c\u00e9l\u00e9bration s&#8217;inscrit dans un cadre exceptionnel, mettant en lumi\u00e8re deux th\u00e9matiques centrales : le patrimoine maritime et celui des itin\u00e9raires, des r\u00e9seaux et des connexions.<\/p>\t\t\t\t\t\t\t\t<\/div>\n\t\t\t\t<\/div>\n\t\t\t\t<div class=\"elementor-element elementor-element-3c0d596 elementor-widget elementor-widget-heading\" data-id=\"3c0d596\" data-element_type=\"widget\" data-widget_type=\"heading.default\">\n\t\t\t\t<div class=\"elementor-widget-container\">\n\t\t\t\t\t<h2 class=\"elementor-heading-title elementor-size-default\">Une Ouverture Exceptionnelle de Sites Historiques<\/h2>\t\t\t\t<\/div>\n\t\t\t\t<\/div>\n\t\t\t\t<div class=\"elementor-element elementor-element-feeddab elementor-widget elementor-widget-text-editor\" data-id=\"feeddab\" data-element_type=\"widget\" data-widget_type=\"text-editor.default\">\n\t\t\t\t<div class=\"elementor-widget-container\">\n\t\t\t\t\t\t\t\t\t<p><span style=\"font-size: 1rem;\">Comme chaque ann\u00e9e, la Martinique ouvrira les portes de plus de 130 lieux embl\u00e9matiques, offrant au public une occasion rare de d\u00e9couvrir des sites souvent inaccessibles. Ces lieux, s\u00e9lectionn\u00e9s pour leur valeur historique et culturelle, vont des monuments civils et religieux aux infrastructures industrielles, en passant par des demeures d\u2019exception et des sites naturels remarquables.<\/span><br><\/p>\n<p>Les inscriptions pour ces visites s\u2019effectuent principalement sur l&#8217;open agenda d\u00e9di\u00e9, ouvert d\u00e9but septembre. Les habitants et visiteurs sont invit\u00e9s \u00e0 explorer ces tr\u00e9sors cach\u00e9s qui racontent l\u2019histoire riche et vari\u00e9e de l\u2019\u00eele.<\/p>\t\t\t\t\t\t\t\t<\/div>\n\t\t\t\t<\/div>\n\t\t\t\t<div class=\"elementor-element elementor-element-fef5072 elementor-widget elementor-widget-heading\" data-id=\"fef5072\" data-element_type=\"widget\" data-widget_type=\"heading.default\">\n\t\t\t\t<div class=\"elementor-widget-container\">\n\t\t\t\t\t<h2 class=\"elementor-heading-title elementor-size-default\">Le Patrimoine Maritime \u00e0 l\u2019Honneur<\/h2>\t\t\t\t<\/div>\n\t\t\t\t<\/div>\n\t\t\t\t<div class=\"elementor-element elementor-element-e2cfc83 elementor-widget elementor-widget-text-editor\" data-id=\"e2cfc83\" data-element_type=\"widget\" data-widget_type=\"text-editor.default\">\n\t\t\t\t<div class=\"elementor-widget-container\">\n\t\t\t\t\t\t\t\t\t<p>La France, gr\u00e2ce \u00e0 ses territoires d&#8217;outre-mer tels que la Martinique, dispose du deuxi\u00e8me plus grand domaine maritime au monde, s&#8217;\u00e9tendant sur plus de 10 millions de kilom\u00e8tres carr\u00e9s. La Martinique, avec son littoral riche en histoire et en traditions maritimes, occupe une place importante dans cet ensemble.<\/p><p>\u00c0 l&#8217;occasion des Journ\u00e9es du patrimoine 2024, les visiteurs pourront d\u00e9couvrir la richesse de ce patrimoine maritime martiniquais \u00e0 travers des visites de sites portuaires embl\u00e9matiques, des phares historiques et des bateaux mythiques. Les savoir-faire maritimes locaux, tels que la construction navale traditionnelle ou la navigation \u00e0 bord des yoles rondes, seront \u00e9galement mis \u00e0 l&#8217;honneur. Ces \u00e9l\u00e9ments incarnent l\u2019histoire maritime de l&#8217;\u00eele, t\u00e9moignant de l\u2019importance de ce patrimoine vivant dans l\u2019identit\u00e9 culturelle de la Martinique.<\/p>\t\t\t\t\t\t\t\t<\/div>\n\t\t\t\t<\/div>\n\t\t\t\t<div class=\"elementor-element elementor-element-7e2410c elementor-widget elementor-widget-heading\" data-id=\"7e2410c\" data-element_type=\"widget\" data-widget_type=\"heading.default\">\n\t\t\t\t<div class=\"elementor-widget-container\">\n\t\t\t\t\t<h2 class=\"elementor-heading-title elementor-size-default\">Sur les Chemins du Patrimoine des Itin\u00e9raires et des Connexions<\/h2>\t\t\t\t<\/div>\n\t\t\t\t<\/div>\n\t\t\t\t<div class=\"elementor-element elementor-element-e6ddebd elementor-widget elementor-widget-text-editor\" data-id=\"e6ddebd\" data-element_type=\"widget\" data-widget_type=\"text-editor.default\">\n\t\t\t\t<div class=\"elementor-widget-container\">\n\t\t\t\t\t\t\t\t\t<p><span style=\"font-size: 1rem;\">En parall\u00e8le du th\u00e8me maritime, l\u2019\u00e9dition 2024 explore le patrimoine des itin\u00e9raires, des r\u00e9seaux et des connexions. Ce th\u00e8me invite \u00e0 un voyage \u00e0 travers le temps, retra\u00e7ant les voies de communication qui ont reli\u00e9 les peuples et les cultures. De l&#8217;antique r\u00e9seau routier romain aux chemins de p\u00e8lerinage, en passant par les chemins de fer et les voies fluviales, ces itin\u00e9raires sont autant de t\u00e9moignages du g\u00e9nie humain dans l\u2019art de relier les territoires.<\/span><\/p>\n<p>En Martinique, ce th\u00e8me prend une r\u00e9sonance particuli\u00e8re avec les anciennes routes qui traversent l&#8217;\u00eele, les sentiers de montagne et les passages maritimes qui ont fa\u00e7onn\u00e9 son histoire. Les visiteurs pourront suivre ces chemins historiques et d\u00e9couvrir comment ils ont contribu\u00e9 \u00e0 fa\u00e7onner les \u00e9changes \u00e9conomiques, culturels et sociaux au fil des si\u00e8cles.<\/p>\t\t\t\t\t\t\t\t<\/div>\n\t\t\t\t<\/div>\n\t\t\t\t<div class=\"elementor-element elementor-element-ea99310 elementor-widget elementor-widget-heading\" data-id=\"ea99310\" data-element_type=\"widget\" data-widget_type=\"heading.default\">\n\t\t\t\t<div class=\"elementor-widget-container\">\n\t\t\t\t\t<h2 class=\"elementor-heading-title elementor-size-default\">Un \u00c9v\u00e9nement pour Tous les Publics<\/h2>\t\t\t\t<\/div>\n\t\t\t\t<\/div>\n\t\t\t\t<div class=\"elementor-element elementor-element-f933254 elementor-widget elementor-widget-text-editor\" data-id=\"f933254\" data-element_type=\"widget\" data-widget_type=\"text-editor.default\">\n\t\t\t\t<div class=\"elementor-widget-container\">\n\t\t\t\t\t\t\t\t\t<p><span style=\"font-size: 1rem;\">Les Journ\u00e9es du patrimoine sont avant tout un moment de partage et d\u2019\u00e9change. Cette ann\u00e9e encore, les professionnels du patrimoine se mobiliseront pour offrir au public des visites guid\u00e9es, des conf\u00e9rences et des ateliers, permettant \u00e0 chacun de s\u2019immerger dans l\u2019histoire et les traditions de la Martinique.<\/span><\/p><p>Le vendredi 20 septembre sera sp\u00e9cialement d\u00e9di\u00e9 aux scolaires dans le cadre de l&#8217;op\u00e9ration &#8220;Levez les yeux !&#8221;, un partenariat entre le minist\u00e8re de la Culture et celui de l\u2019\u00c9ducation nationale. Cette initiative vise \u00e0 sensibiliser les jeunes g\u00e9n\u00e9rations \u00e0 l\u2019importance de la protection et de la valorisation du patrimoine.<\/p>\t\t\t\t\t\t\t\t<\/div>\n\t\t\t\t<\/div>\n\t\t\t\t<div class=\"elementor-element elementor-element-da6b9e3 elementor-widget elementor-widget-text-editor\" data-id=\"da6b9e3\" data-element_type=\"widget\" data-widget_type=\"text-editor.default\">\n\t\t\t\t<div class=\"elementor-widget-container\">\n\t\t\t\t\t\t\t\t\t<p>Les Journ\u00e9es du patrimoine 2024 en Martinique promettent d\u2019\u00eatre un rendez-vous exceptionnel pour tous ceux qui souhaitent d\u00e9couvrir ou red\u00e9couvrir l\u2019immense richesse du patrimoine de l\u2019\u00eele. Entre mer et montagne, histoire et modernit\u00e9, cette \u00e9dition invite \u00e0 un voyage unique \u00e0 travers les tr\u00e9sors culturels et naturels de la Martinique. Ne manquez pas cette occasion de vous laisser surprendre par la diversit\u00e9 et la beaut\u00e9 du patrimoine martiniquais.<\/p>\t\t\t\t\t\t\t\t<\/div>\n\t\t\t\t<\/div>\n\t\t\t\t<div class=\"elementor-element elementor-element-d1937bb elementor-widget elementor-widget-text-editor\" data-id=\"d1937bb\" data-element_type=\"widget\" data-widget_type=\"text-editor.default\">\n\t\t\t\t<div class=\"elementor-widget-container\">\n\t\t\t\t\t\t\t\t\t<p><strong>Liens utiles :<\/strong><\/p><ul><li><a href=\"https:\/\/openagenda.com\/fr\/jep-2024-martinique\" target=\"_new\" rel=\"noopener nofollow\">Open Agenda des Journ\u00e9es du Patrimoine 2024 en Martinique<\/a><\/li><li><a href=\"https:\/\/journeesdupatrimoine.culture.gouv.fr\/\" target=\"_new\" rel=\"noopener nofollow\">Site officiel des Journ\u00e9es du Patrimoine<\/a><\/li><\/ul>\t\t\t\t\t\t\t\t<\/div>\n\t\t\t\t<\/div>\n\t\t\t\t<div class=\"elementor-element elementor-element-21f63a1 elementor-widget elementor-widget-image\" data-id=\"21f63a1\" data-element_type=\"widget\" data-widget_type=\"image.default\">\n\t\t\t\t<div class=\"elementor-widget-container\">\n\t\t\t\t\t\t\t\t\t\t\t\t\t\t\t<img fetchpriority=\"high\" decoding=\"async\" width=\"725\" height=\"1024\" src=\"https:\/\/richeskarayib.com\/wp-content\/uploads\/2024\/09\/JEP24-Brochure-DRAC-CMJN-Martinique_page-0001-725x1024.jpg\" class=\"attachment-large size-large wp-image-40601\" alt=\"\" srcset=\"https:\/\/richeskarayib.com\/wp-content\/uploads\/2024\/09\/JEP24-Brochure-DRAC-CMJN-Martinique_page-0001-725x1024.jpg 725w, https:\/\/richeskarayib.com\/wp-content\/uploads\/2024\/09\/JEP24-Brochure-DRAC-CMJN-Martinique_page-0001-212x300.jpg 212w, https:\/\/richeskarayib.com\/wp-content\/uploads\/2024\/09\/JEP24-Brochure-DRAC-CMJN-Martinique_page-0001-768x1085.jpg 768w, https:\/\/richeskarayib.com\/wp-content\/uploads\/2024\/09\/JEP24-Brochure-DRAC-CMJN-Martinique_page-0001-1087x1536.jpg 1087w, https:\/\/richeskarayib.com\/wp-content\/uploads\/2024\/09\/JEP24-Brochure-DRAC-CMJN-Martinique_page-0001.jpg 1241w\" sizes=\"(max-width: 725px) 100vw, 725px\" \/>\t\t\t\t\t\t\t\t\t\t\t\t\t\t\t<\/div>\n\t\t\t\t<\/div>\n\t\t\t\t\t<\/div>\n\t\t<\/div>\n\t\t\t\t\t<\/div>\n\t\t<\/section>\n\t\t\t\t<\/div>\n\t\t","protected":false},"excerpt":{"rendered":"<p>Les 21 et 22 septembre 2024 marqueront la 41e \u00e9dition des Journ\u00e9es europ\u00e9ennes du patrimoine, un \u00e9v\u00e9nement incontournable pour les passionn\u00e9s d&#8217;histoire, de culture et de d\u00e9couverte. En Martinique, cette c\u00e9l\u00e9bration s&#8217;inscrit dans un cadre exceptionnel, mettant en lumi\u00e8re deux th\u00e9matiques centrales : le patrimoine maritime et celui des itin\u00e9raires, des r\u00e9seaux et des connexions. [&hellip;]<\/p>\n","protected":false},"author":47,"featured_media":40601,"comment_status":"open","ping_status":"open","sticky":false,"template":"","format":"standard","meta":{"_acf_changed":false,"footnotes":""},"categories":[1468,1723],"tags":[808],"class_list":["post-40600","post","type-post","status-publish","format-standard","has-post-thumbnail","hentry","category-histoire-patrimoine","category-maritime-fr","tag-martinique-fr"],"acf":[],"_links":{"self":[{"href":"https:\/\/richeskarayib.com\/fr\/wp-json\/wp\/v2\/posts\/40600","targetHints":{"allow":["GET"]}}],"collection":[{"href":"https:\/\/richeskarayib.com\/fr\/wp-json\/wp\/v2\/posts"}],"about":[{"href":"https:\/\/richeskarayib.com\/fr\/wp-json\/wp\/v2\/types\/post"}],"author":[{"embeddable":true,"href":"https:\/\/richeskarayib.com\/fr\/wp-json\/wp\/v2\/users\/47"}],"replies":[{"embeddable":true,"href":"https:\/\/richeskarayib.com\/fr\/wp-json\/wp\/v2\/comments?post=40600"}],"version-history":[{"count":0,"href":"https:\/\/richeskarayib.com\/fr\/wp-json\/wp\/v2\/posts\/40600\/revisions"}],"wp:featuredmedia":[{"embeddable":true,"href":"https:\/\/richeskarayib.com\/fr\/wp-json\/wp\/v2\/media\/40601"}],"wp:attachment":[{"href":"https:\/\/richeskarayib.com\/fr\/wp-json\/wp\/v2\/media?parent=40600"}],"wp:term":[{"taxonomy":"category","embeddable":true,"href":"https:\/\/richeskarayib.com\/fr\/wp-json\/wp\/v2\/categories?post=40600"},{"taxonomy":"post_tag","embeddable":true,"href":"https:\/\/richeskarayib.com\/fr\/wp-json\/wp\/v2\/tags?post=40600"}],"curies":[{"name":"wp","href":"https:\/\/api.w.org\/{rel}","templated":true}]}}