{"id":40878,"date":"2024-09-25T19:49:16","date_gmt":"2024-09-25T19:49:16","guid":{"rendered":"https:\/\/richeskarayib.com\/definir-les-caraibes\/"},"modified":"2025-03-22T15:33:20","modified_gmt":"2025-03-22T19:33:20","slug":"definir-les-caraibes","status":"publish","type":"post","link":"https:\/\/richeskarayib.com\/fr\/definir-les-caraibes\/","title":{"rendered":"D\u00e9finir la Cara\u00efbe, l&#8217;archipel, le continent et la mer des Cara\u00efbes"},"content":{"rendered":"\t\t<div data-elementor-type=\"wp-post\" data-elementor-id=\"40878\" class=\"elementor elementor-40878 elementor-40853\" data-elementor-post-type=\"post\">\n\t\t\t\t\t\t<section class=\"elementor-section elementor-top-section elementor-element elementor-element-8613b3a elementor-section-boxed elementor-section-height-default elementor-section-height-default\" data-id=\"8613b3a\" data-element_type=\"section\">\n\t\t\t\t\t\t<div class=\"elementor-container elementor-column-gap-default\">\n\t\t\t\t\t<div class=\"elementor-column elementor-col-100 elementor-top-column elementor-element elementor-element-2698bd29\" data-id=\"2698bd29\" data-element_type=\"column\">\n\t\t\t<div class=\"elementor-widget-wrap elementor-element-populated\">\n\t\t\t\t\t\t\t<\/div>\n\t\t<\/div>\n\t\t\t\t\t<\/div>\n\t\t<\/section>\n\t\t\t\t<section class=\"elementor-section elementor-top-section elementor-element elementor-element-3a5f8a4 elementor-section-boxed elementor-section-height-default elementor-section-height-default\" data-id=\"3a5f8a4\" data-element_type=\"section\" data-settings=\"{&quot;background_background&quot;:&quot;classic&quot;}\">\n\t\t\t\t\t\t<div class=\"elementor-container elementor-column-gap-default\">\n\t\t\t\t\t<div class=\"elementor-column elementor-col-100 elementor-top-column elementor-element elementor-element-f83fab2\" data-id=\"f83fab2\" data-element_type=\"column\">\n\t\t\t<div class=\"elementor-widget-wrap elementor-element-populated\">\n\t\t\t\t\t\t<div class=\"elementor-element elementor-element-1cd8e44 elementor-blockquote--skin-border elementor-widget elementor-widget-blockquote\" data-id=\"1cd8e44\" data-element_type=\"widget\" data-widget_type=\"blockquote.default\">\n\t\t\t\t<div class=\"elementor-widget-container\">\n\t\t\t\t\t\t\t<blockquote class=\"elementor-blockquote\">\n\t\t\t<p class=\"elementor-blockquote__content\">\n\t\t\t\t\n          <i>\" Dans le d\u00e9sordre apparent de la Cara\u00efbe, de ses terres discontinues, de son histoire coloniale, de ses ethnies, de ses langues, de ses traditions et de ses politiques, \u00e9merge une \u00eele de paradoxes qui se r\u00e9p\u00e8tent et donnent forme \u00e0 un archipel socioculturel inattendu et complexe\".  <\/i>\n        \t\t\t<\/p>\n\t\t\t\t\t\t\t<div class=\"e-q-footer\">\n\t\t\t\t\t\t\t\t\t\t\t<cite class=\"elementor-blockquote__author\">Benitez Rojo in Sunset over the Caribbean.<\/cite>\n\t\t\t\t\t\t\t\t\t\t\t\t\t\t<\/div>\n\t\t\t\t\t<\/blockquote>\n\t\t\t\t\t\t<\/div>\n\t\t\t\t<\/div>\n\t\t\t\t\t<\/div>\n\t\t<\/div>\n\t\t\t\t\t<\/div>\n\t\t<\/section>\n\t\t\t\t<section class=\"elementor-section elementor-top-section elementor-element elementor-element-5d78b76 elementor-section-boxed elementor-section-height-default elementor-section-height-default\" data-id=\"5d78b76\" data-element_type=\"section\">\n\t\t\t\t\t\t<div class=\"elementor-container elementor-column-gap-default\">\n\t\t\t\t\t<div class=\"elementor-column elementor-col-100 elementor-top-column elementor-element elementor-element-cc7da8b\" data-id=\"cc7da8b\" data-element_type=\"column\">\n\t\t\t<div class=\"elementor-widget-wrap elementor-element-populated\">\n\t\t\t\t\t\t<div class=\"elementor-element elementor-element-635e7b9 elementor-widget elementor-widget-spacer\" data-id=\"635e7b9\" data-element_type=\"widget\" data-widget_type=\"spacer.default\">\n\t\t\t\t<div class=\"elementor-widget-container\">\n\t\t\t\t\t\t\t<div class=\"elementor-spacer\">\n\t\t\t<div class=\"elementor-spacer-inner\"><\/div>\n\t\t<\/div>\n\t\t\t\t\t\t<\/div>\n\t\t\t\t<\/div>\n\t\t\t\t<div class=\"elementor-element elementor-element-cee1c61 elementor-widget elementor-widget-text-editor\" data-id=\"cee1c61\" data-element_type=\"widget\" data-widget_type=\"text-editor.default\">\n\t\t\t\t<div class=\"elementor-widget-container\">\n\t\t\t\t\t\t\t\t\t<p>Il est commun\u00e9ment admis que <em>les Cara\u00efbes <\/em>d\u00e9signent l&#8217;<em>ensemble des terres, \u00eeles ou terres continentales situ\u00e9es autour de la mer des Cara\u00efbes. <\/em>Cette d\u00e9finition a \u00e9t\u00e9 \u00e9largie en tenant compte de deux facteurs historiques : d&#8217;une part, le peuplement de cette r\u00e9gion par le peuple arawak et, d&#8217;autre part, l&#8217;\u00e9tablissement de la soci\u00e9t\u00e9 de plantation avec la traite des esclaves en provenance d&#8217;Afrique et les travailleurs sous contrat en provenance d&#8217;Asie.<br \/>Ces mouvements de population ont fa\u00e7onn\u00e9 des soci\u00e9t\u00e9s multiculturelles et favoris\u00e9 l&#8217;\u00e9mergence de nouvelles langues.<\/p>\t\t\t\t\t\t\t\t<\/div>\n\t\t\t\t<\/div>\n\t\t\t\t<div class=\"elementor-element elementor-element-0c83c25 elementor-widget elementor-widget-image\" data-id=\"0c83c25\" data-element_type=\"widget\" data-widget_type=\"image.default\">\n\t\t\t\t<div class=\"elementor-widget-container\">\n\t\t\t\t\t\t\t\t\t\t\t\t<figure class=\"wp-caption\">\n\t\t\t\t\t\t\t\t\t\t<img fetchpriority=\"high\" decoding=\"async\" width=\"800\" height=\"800\" src=\"https:\/\/richeskarayib.com\/wp-content\/uploads\/2024\/09\/by-Marie-Francoise-Sinseau-2-1024x1024.png\" class=\"attachment-large size-large wp-image-40860\" alt=\"\" srcset=\"https:\/\/richeskarayib.com\/wp-content\/uploads\/2024\/09\/by-Marie-Francoise-Sinseau-2-1024x1024.png 1024w, https:\/\/richeskarayib.com\/wp-content\/uploads\/2024\/09\/by-Marie-Francoise-Sinseau-2-300x300.png 300w, https:\/\/richeskarayib.com\/wp-content\/uploads\/2024\/09\/by-Marie-Francoise-Sinseau-2-150x150.png 150w, https:\/\/richeskarayib.com\/wp-content\/uploads\/2024\/09\/by-Marie-Francoise-Sinseau-2-768x768.png 768w, https:\/\/richeskarayib.com\/wp-content\/uploads\/2024\/09\/by-Marie-Francoise-Sinseau-2.png 1080w\" sizes=\"(max-width: 800px) 100vw, 800px\" \/>\t\t\t\t\t\t\t\t\t\t\t<figcaption class=\"widget-image-caption wp-caption-text\">Les Cara\u00efbes d\u00e9signent donc la r\u00e9gion qui s'\u00e9tend des Guyanes \u00e0 l'embouchure de l'Or\u00e9noque, jusqu'au golfe du Mexique, y compris l'archipel \u00e0 l'est et les territoires continentaux d'Am\u00e9rique centrale \u00e0 l'ouest, avec une fronti\u00e8re dans la mer des Cara\u00efbes.<\/figcaption>\n\t\t\t\t\t\t\t\t\t\t<\/figure>\n\t\t\t\t\t\t\t\t\t<\/div>\n\t\t\t\t<\/div>\n\t\t\t\t<div class=\"elementor-element elementor-element-b8fcfc4 elementor-widget elementor-widget-text-editor\" data-id=\"b8fcfc4\" data-element_type=\"widget\" data-widget_type=\"text-editor.default\">\n\t\t\t\t<div class=\"elementor-widget-container\">\n\t\t\t\t\t\t\t\t\t<p>Pour tenter de donner \u00e0 nos lecteurs une d\u00e9finition plus pr\u00e9cise du mot &#8221; <em>Cara\u00efbes&#8221;,<\/em> il est n\u00e9cessaire de communiquer l&#8217;existence d&#8217;un continuum de mouvements, d&#8217;id\u00e9es et de th\u00e9ories et d&#8217;une cha\u00eene d&#8217;\u00e9pisodes historiques qui ont abouti \u00e0 la formation des concepts fondamentaux du <em>peuple carib\u00e9en, de l&#8217;identit\u00e9 carib\u00e9enne <\/em>et de la<em> culture carib\u00e9enne.<\/em><\/p>\n\t\t\t\t\t\t\t\t<\/div>\n\t\t\t\t<\/div>\n\t\t\t\t\t<\/div>\n\t\t<\/div>\n\t\t\t\t\t<\/div>\n\t\t<\/section>\n\t\t\t\t<section class=\"elementor-section elementor-top-section elementor-element elementor-element-466a3d3 elementor-section-boxed elementor-section-height-default elementor-section-height-default\" data-id=\"466a3d3\" data-element_type=\"section\">\n\t\t\t\t\t\t<div class=\"elementor-container elementor-column-gap-default\">\n\t\t\t\t\t<div class=\"elementor-column elementor-col-100 elementor-top-column elementor-element elementor-element-29197af\" data-id=\"29197af\" data-element_type=\"column\">\n\t\t\t<div class=\"elementor-widget-wrap elementor-element-populated\">\n\t\t\t\t\t\t<div class=\"elementor-element elementor-element-cfb6494 elementor-widget elementor-widget-heading\" data-id=\"cfb6494\" data-element_type=\"widget\" data-widget_type=\"heading.default\">\n\t\t\t\t<div class=\"elementor-widget-container\">\n\t\t\t\t\t<h2 class=\"elementor-heading-title elementor-size-default\">Les concepts de : Peuple carib\u00e9en, identit\u00e9 carib\u00e9enne, culture carib\u00e9enne  <\/h2>\t\t\t\t<\/div>\n\t\t\t\t<\/div>\n\t\t\t\t<div class=\"elementor-element elementor-element-c1a16e4 elementor-widget elementor-widget-text-editor\" data-id=\"c1a16e4\" data-element_type=\"widget\" data-widget_type=\"text-editor.default\">\n\t\t\t\t<div class=\"elementor-widget-container\">\n\t\t\t\t\t\t\t\t\t<p>Quelles sont les valeurs que nous partageons et qui font de nous un peuple carib\u00e9en ?\nComment exprimons-nous notre sentiment d&#8217;identit\u00e9 et d&#8217;appartenance ?\nComment adoptons-nous une perception \u00e0 la fois collective et individuelle de cette unit\u00e9 ?\nQuels choix faisons-nous pour affirmer cette identit\u00e9 carib\u00e9enne ?   <\/p>\n<p>Si <a href=\"https:\/\/www.psychologytoday.com\/us\/basics\/identity\" rel=\"nofollow noopener\" target=\"_blank\"><em>l&#8217;identit\u00e9<\/em><\/a> est li\u00e9e \u00e0 la question : &#8220;Qui \u00eates-vous ?&#8221;\nQu&#8217;est-ce que cela signifie d&#8217;\u00eatre ce que l&#8217;on est ?\nSi l&#8217;on dit de l&#8217;\u00eatre humain qu&#8217;il <em>est<\/em>&#8221; <em>un animal essentiellement limit\u00e9 par des fronti\u00e8res et vivant en soci\u00e9t\u00e9<\/em>&#8220;.\nEn d&#8217;autres termes, l&#8217;\u00eatre humain est d\u00e9fini comme une cr\u00e9ature li\u00e9e \u00e0 un groupe dont l&#8217;identit\u00e9 profonde a besoin d&#8217;un sentiment d&#8217;appartenance qui implique une relation d&#8217;inclusion\/exclusion avec les autres.\nLe sentiment d&#8217;appartenance se situe au point de rencontre entre l&#8217;identit\u00e9 individuelle et l&#8217;identit\u00e9 communautaire.\nDans ce mouvement inclusif, les <em>mapipi, les<\/em> penseurs, les romanciers, les po\u00e8tes, les dramaturges, les activistes et les dirigeants d\u00e9finissent, d\u00e9crivent, v\u00e9hiculent et transmettent ce sentiment d&#8217;appartenance.\nDans notre contexte, pour paraphraser James Ferguson, ils sont les &#8220;<em>faiseurs des Cara\u00efbes<\/em>&#8220;.      <\/p>\t\t\t\t\t\t\t\t<\/div>\n\t\t\t\t<\/div>\n\t\t\t\t<div class=\"elementor-element elementor-element-372c161 elementor-widget elementor-widget-spacer\" data-id=\"372c161\" data-element_type=\"widget\" data-widget_type=\"spacer.default\">\n\t\t\t\t<div class=\"elementor-widget-container\">\n\t\t\t\t\t\t\t<div class=\"elementor-spacer\">\n\t\t\t<div class=\"elementor-spacer-inner\"><\/div>\n\t\t<\/div>\n\t\t\t\t\t\t<\/div>\n\t\t\t\t<\/div>\n\t\t\t\t\t<\/div>\n\t\t<\/div>\n\t\t\t\t\t<\/div>\n\t\t<\/section>\n\t\t\t\t<section class=\"elementor-section elementor-top-section elementor-element elementor-element-04cc0d8 elementor-section-boxed elementor-section-height-default elementor-section-height-default\" data-id=\"04cc0d8\" data-element_type=\"section\" data-settings=\"{&quot;background_background&quot;:&quot;classic&quot;}\">\n\t\t\t\t\t\t<div class=\"elementor-container elementor-column-gap-default\">\n\t\t\t\t\t<div class=\"elementor-column elementor-col-100 elementor-top-column elementor-element elementor-element-f616466\" data-id=\"f616466\" data-element_type=\"column\">\n\t\t\t<div class=\"elementor-widget-wrap elementor-element-populated\">\n\t\t\t\t\t\t<div class=\"elementor-element elementor-element-ee5c6ce elementor-widget elementor-widget-text-editor\" data-id=\"ee5c6ce\" data-element_type=\"widget\" data-widget_type=\"text-editor.default\">\n\t\t\t\t<div class=\"elementor-widget-container\">\n\t\t\t\t\t\t\t\t\t<p><strong>MAPIPI.\n <em>Africanisme<\/em>(cr\u00e9ole<em>)<\/em> <em>des<\/em>hauts plateaux de l&#8217;Angola et de l&#8217;ancienne Rhod\u00e9sie du Zimbabwe. <\/strong><\/p>\n<p>La premi\u00e8re \u00e9tape du processus d&#8217;initiation \u00e9tait le <em>nanni-nannan le nganga<\/em> (cr\u00e9olis\u00e9 en &#8220;<em>gangan<\/em>&#8220;), qui signifie <em>chaman, gu\u00e9rissant par les plantes.<\/em><\/p>\n<p>L&#8217;\u00e9tape suivante, lorsque ce gu\u00e9risseur a atteint le stade le plus \u00e9lev\u00e9 de la connaissance intuitive<em>(nganga de tous les ngangas<\/em>), ma\u00eetre gu\u00e9risseur, connaissance du secret absolu des simples, il est appel\u00e9 &#8220;<em>mapipi <\/em>&#8220;.<\/p>\n<p>En Ha\u00efti, le <em>mapipi<\/em> est <em> wa-gangan<\/em>, roi des grands ma\u00eetres empiriques.\nEn Martinique, un <em>mapipi<\/em> est quelqu&#8217;un qui ma\u00eetrise son Art et qui est le roi parmi tous, dans son domaine. <\/p>\t\t\t\t\t\t\t\t<\/div>\n\t\t\t\t<\/div>\n\t\t\t\t\t<\/div>\n\t\t<\/div>\n\t\t\t\t\t<\/div>\n\t\t<\/section>\n\t\t\t\t<section class=\"elementor-section elementor-top-section elementor-element elementor-element-641c686 elementor-section-boxed elementor-section-height-default elementor-section-height-default\" data-id=\"641c686\" data-element_type=\"section\">\n\t\t\t\t\t\t<div class=\"elementor-container elementor-column-gap-default\">\n\t\t\t\t\t<div class=\"elementor-column elementor-col-100 elementor-top-column elementor-element elementor-element-e5bb29b\" data-id=\"e5bb29b\" data-element_type=\"column\">\n\t\t\t<div class=\"elementor-widget-wrap elementor-element-populated\">\n\t\t\t\t\t\t<div class=\"elementor-element elementor-element-4c8dc5c elementor-widget elementor-widget-spacer\" data-id=\"4c8dc5c\" data-element_type=\"widget\" data-widget_type=\"spacer.default\">\n\t\t\t\t<div class=\"elementor-widget-container\">\n\t\t\t\t\t\t\t<div class=\"elementor-spacer\">\n\t\t\t<div class=\"elementor-spacer-inner\"><\/div>\n\t\t<\/div>\n\t\t\t\t\t\t<\/div>\n\t\t\t\t<\/div>\n\t\t\t\t<div class=\"elementor-element elementor-element-ee99c48 elementor-widget elementor-widget-heading\" data-id=\"ee99c48\" data-element_type=\"widget\" data-widget_type=\"heading.default\">\n\t\t\t\t<div class=\"elementor-widget-container\">\n\t\t\t\t\t<h2 class=\"elementor-heading-title elementor-size-default\">D\u00e9finitions de l'identit\u00e9 carib\u00e9enne  <\/h2>\t\t\t\t<\/div>\n\t\t\t\t<\/div>\n\t\t\t\t<div class=\"elementor-element elementor-element-0b58b2c elementor-widget elementor-widget-text-editor\" data-id=\"0b58b2c\" data-element_type=\"widget\" data-widget_type=\"text-editor.default\">\n\t\t\t\t<div class=\"elementor-widget-container\">\n\t\t\t\t\t\t\t\t\t<p>Dans le domaine de l&#8217;int\u00e9gration des Cara\u00efbes orientales, une \u00e9tude a montr\u00e9 qu&#8217;il y avait cinq grandes constantes dans les r\u00e9ponses sur ce qui donnait un sentiment <em>d&#8217;appartenance \u00e0 <\/em>la r\u00e9gion : la <em>mer des Cara\u00efbes<\/em>, la <em>langue cr\u00e9ole<\/em>, la <em>langue anglaise<\/em>, l&#8217;<em>archipel<\/em>, les <em>Jeux de la Carifta.<\/em><\/p>\n\t\t\t\t\t\t\t\t<\/div>\n\t\t\t\t<\/div>\n\t\t\t\t<section class=\"elementor-section elementor-inner-section elementor-element elementor-element-192705a elementor-section-boxed elementor-section-height-default elementor-section-height-default\" data-id=\"192705a\" data-element_type=\"section\">\n\t\t\t\t\t\t<div class=\"elementor-container elementor-column-gap-default\">\n\t\t\t\t\t<div class=\"elementor-column elementor-col-50 elementor-inner-column elementor-element elementor-element-f8eb803\" data-id=\"f8eb803\" data-element_type=\"column\">\n\t\t\t<div class=\"elementor-widget-wrap elementor-element-populated\">\n\t\t\t\t\t\t<div class=\"elementor-element elementor-element-ade5c90 elementor-widget elementor-widget-image\" data-id=\"ade5c90\" data-element_type=\"widget\" data-widget_type=\"image.default\">\n\t\t\t\t<div class=\"elementor-widget-container\">\n\t\t\t\t\t\t\t\t\t\t\t\t<figure class=\"wp-caption\">\n\t\t\t\t\t\t\t\t\t\t<img decoding=\"async\" width=\"768\" height=\"800\" src=\"https:\/\/richeskarayib.com\/wp-content\/uploads\/2024\/09\/Hsu-Stuart-Hall-and-the-Rise-of-Cultural-Studies-768x800.webp\" class=\"attachment-medium_large size-medium_large wp-image-40872\" alt=\"\" srcset=\"https:\/\/richeskarayib.com\/wp-content\/uploads\/2024\/09\/Hsu-Stuart-Hall-and-the-Rise-of-Cultural-Studies-768x800.webp 768w, https:\/\/richeskarayib.com\/wp-content\/uploads\/2024\/09\/Hsu-Stuart-Hall-and-the-Rise-of-Cultural-Studies-288x300.webp 288w, https:\/\/richeskarayib.com\/wp-content\/uploads\/2024\/09\/Hsu-Stuart-Hall-and-the-Rise-of-Cultural-Studies-984x1024.webp 984w, https:\/\/richeskarayib.com\/wp-content\/uploads\/2024\/09\/Hsu-Stuart-Hall-and-the-Rise-of-Cultural-Studies-1475x1536.webp 1475w, https:\/\/richeskarayib.com\/wp-content\/uploads\/2024\/09\/Hsu-Stuart-Hall-and-the-Rise-of-Cultural-Studies-1320x1374.webp 1320w, https:\/\/richeskarayib.com\/wp-content\/uploads\/2024\/09\/Hsu-Stuart-Hall-and-the-Rise-of-Cultural-Studies.webp 1920w\" sizes=\"(max-width: 768px) 100vw, 768px\" \/>\t\t\t\t\t\t\t\t\t\t\t<figcaption class=\"widget-image-caption wp-caption-text\">Stuart Hall - Photographie par Eamonn McCabe \/ Camera Press \/ Redux<\/figcaption>\n\t\t\t\t\t\t\t\t\t\t<\/figure>\n\t\t\t\t\t\t\t\t\t<\/div>\n\t\t\t\t<\/div>\n\t\t\t\t\t<\/div>\n\t\t<\/div>\n\t\t\t\t<div class=\"elementor-column elementor-col-50 elementor-inner-column elementor-element elementor-element-9952c0b\" data-id=\"9952c0b\" data-element_type=\"column\">\n\t\t\t<div class=\"elementor-widget-wrap elementor-element-populated\">\n\t\t\t\t\t\t<div class=\"elementor-element elementor-element-edf1807 elementor-blockquote--skin-border elementor-widget elementor-widget-blockquote\" data-id=\"edf1807\" data-element_type=\"widget\" data-widget_type=\"blockquote.default\">\n\t\t\t\t<div class=\"elementor-widget-container\">\n\t\t\t\t\t\t\t<blockquote class=\"elementor-blockquote\">\n\t\t\t<p class=\"elementor-blockquote__content\">\n\t\t\t\t\" L'identit\u00e9 culturelle n'est pas seulement une question d'\"\u00eatre\" mais de \"devenir\", \"appartenant autant \u00e0 l'avenir qu'au pass\u00e9\". Dans cette perspective, les identit\u00e9s se transforment constamment, transcendant le temps et l'espace. \"  \t\t\t<\/p>\n\t\t\t\t\t\t\t<div class=\"e-q-footer\">\n\t\t\t\t\t\t\t\t\t\t\t<cite class=\"elementor-blockquote__author\">Stuart Hall in \u2018Cultural Identity and Diaspora\u2019, 1996<\/cite>\n\t\t\t\t\t\t\t\t\t\t\t\t\t\t<\/div>\n\t\t\t\t\t<\/blockquote>\n\t\t\t\t\t\t<\/div>\n\t\t\t\t<\/div>\n\t\t\t\t\t<\/div>\n\t\t<\/div>\n\t\t\t\t\t<\/div>\n\t\t<\/section>\n\t\t\t\t<div class=\"elementor-element elementor-element-1305af7 elementor-widget elementor-widget-text-editor\" data-id=\"1305af7\" data-element_type=\"widget\" data-widget_type=\"text-editor.default\">\n\t\t\t\t<div class=\"elementor-widget-container\">\n\t\t\t\t\t\t\t\t\t<p>Pour \u00e9lucider la complexit\u00e9 des soci\u00e9t\u00e9s carib\u00e9ennes, trois th\u00e9ories principales se sont av\u00e9r\u00e9es relativement influentes :<\/p>\n<ol>\n<li>Le <em>mod\u00e8le de plantation<\/em>, initi\u00e9 par Georges Beckford et repris par Lloyd Best.<\/li>\n<li>Le <em>mod\u00e8le de la soci\u00e9t\u00e9 plurielle<\/em>, (Smith , 1965)  <\/li>\n<li>La <em>th\u00e8se de la soci\u00e9t\u00e9 cr\u00e9ole<\/em> par le Barbadien Kamau Brathwaite.<\/li>\n<\/ol>\n<p>Alors que les deux premiers mod\u00e8les mettent l&#8217;accent sur les divisions et les conflits culturels, le <em>mod\u00e8le de la soci\u00e9t\u00e9 cr\u00e9ole<\/em> insiste sur l&#8217;unit\u00e9 culturelle.<\/p>\t\t\t\t\t\t\t\t<\/div>\n\t\t\t\t<\/div>\n\t\t\t\t\t<\/div>\n\t\t<\/div>\n\t\t\t\t\t<\/div>\n\t\t<\/section>\n\t\t\t\t<section class=\"elementor-section elementor-top-section elementor-element elementor-element-cc96af3 elementor-section-boxed elementor-section-height-default elementor-section-height-default\" data-id=\"cc96af3\" data-element_type=\"section\">\n\t\t\t\t\t\t<div class=\"elementor-container elementor-column-gap-default\">\n\t\t\t\t\t<div class=\"elementor-column elementor-col-100 elementor-top-column elementor-element elementor-element-32ba692\" data-id=\"32ba692\" data-element_type=\"column\">\n\t\t\t<div class=\"elementor-widget-wrap elementor-element-populated\">\n\t\t\t\t\t\t<div class=\"elementor-element elementor-element-0abfd5e elementor-widget elementor-widget-spacer\" data-id=\"0abfd5e\" data-element_type=\"widget\" data-widget_type=\"spacer.default\">\n\t\t\t\t<div class=\"elementor-widget-container\">\n\t\t\t\t\t\t\t<div class=\"elementor-spacer\">\n\t\t\t<div class=\"elementor-spacer-inner\"><\/div>\n\t\t<\/div>\n\t\t\t\t\t\t<\/div>\n\t\t\t\t<\/div>\n\t\t\t\t<div class=\"elementor-element elementor-element-bb43d30 elementor-widget elementor-widget-heading\" data-id=\"bb43d30\" data-element_type=\"widget\" data-widget_type=\"heading.default\">\n\t\t\t\t<div class=\"elementor-widget-container\">\n\t\t\t\t\t<h2 class=\"elementor-heading-title elementor-size-default\">De la n\u00e9gritude \u00e0 la cr\u00e9olisation  <\/h2>\t\t\t\t<\/div>\n\t\t\t\t<\/div>\n\t\t\t\t<div class=\"elementor-element elementor-element-e55374a elementor-widget elementor-widget-text-editor\" data-id=\"e55374a\" data-element_type=\"widget\" data-widget_type=\"text-editor.default\">\n\t\t\t\t<div class=\"elementor-widget-container\">\n\t\t\t\t\t\t\t\t\t<p>Les conditions socio-historiques des ann\u00e9es 1930 ont contribu\u00e9 \u00e0 l&#8217;\u00e9mergence d&#8217;un mouvement cr\u00e9\u00e9 par une \u00e9lite intellectuelle martiniquaise. <em>La n\u00e9gritude<\/em> est n\u00e9e d&#8217;un contexte sp\u00e9cifique : Elle est une r\u00e9ponse \u00e0 l&#8217;assimilation.<\/p>\n<p>  Apr\u00e8s l&#8217;\u00e9mancipation, l&#8217;acc\u00e8s massif des Noirs aux \u00e9coles et \u00e0 l&#8217;enseignement secondaire a donn\u00e9 naissance \u00e0 une nouvelle soci\u00e9t\u00e9.\nPar cons\u00e9quent, une classe moyenne de m\u00e9decins, d&#8217;enseignants, d&#8217;avocats et d&#8217;hommes politiques noirs a rapidement vu le jour.\nProposant une nouvelle lecture de l&#8217;histoire coloniale, C\u00e9saire a d\u00e9truit l&#8217;affirmation de l&#8217;Afrique en tant qu&#8217;unit\u00e9 culturelle unique.\nLes identit\u00e9s tribales sont r\u00e9tablies.\nL&#8217;Afrique est alors d\u00e9finie comme <em>le berceau de l&#8217;humanit\u00e9<\/em>.\nLe mouvement de la N\u00e9gritude de C\u00e9saire s&#8217;oppose fortement au discours assimilateur, mettant en lumi\u00e8re son projet barbare.     <\/p>\n<p>Fanon a d\u00e9velopp\u00e9 le concept d&#8217;<em>ali\u00e9nation coloniale<\/em>, si puissant qu&#8217;il est rest\u00e9 cach\u00e9 jusqu&#8217;en 2015, lorsque ses <em>\u00c9crits sur l&#8217;ali\u00e9nation et la libert\u00e9<\/em> ont \u00e9t\u00e9 publi\u00e9s aux \u00c9ditions de La D\u00e9couverte.<\/p>\t\t\t\t\t\t\t\t<\/div>\n\t\t\t\t<\/div>\n\t\t\t\t<section class=\"elementor-section elementor-inner-section elementor-element elementor-element-7cbf129 elementor-section-boxed elementor-section-height-default elementor-section-height-default\" data-id=\"7cbf129\" data-element_type=\"section\">\n\t\t\t\t\t\t<div class=\"elementor-container elementor-column-gap-default\">\n\t\t\t\t\t<div class=\"elementor-column elementor-col-50 elementor-inner-column elementor-element elementor-element-d2ae8d4\" data-id=\"d2ae8d4\" data-element_type=\"column\">\n\t\t\t<div class=\"elementor-widget-wrap elementor-element-populated\">\n\t\t\t\t\t\t<div class=\"elementor-element elementor-element-9a750a6 elementor-widget elementor-widget-image\" data-id=\"9a750a6\" data-element_type=\"widget\" data-widget_type=\"image.default\">\n\t\t\t\t<div class=\"elementor-widget-container\">\n\t\t\t\t\t\t\t\t\t\t\t\t<figure class=\"wp-caption\">\n\t\t\t\t\t\t\t\t\t\t<img decoding=\"async\" width=\"800\" height=\"450\" src=\"https:\/\/richeskarayib.com\/wp-content\/uploads\/2024\/09\/A584A31F-E4DE-408D-9792-35369E445A1B.jpeg\" class=\"attachment-large size-large wp-image-40868\" alt=\"\" srcset=\"https:\/\/richeskarayib.com\/wp-content\/uploads\/2024\/09\/A584A31F-E4DE-408D-9792-35369E445A1B.jpeg 800w, https:\/\/richeskarayib.com\/wp-content\/uploads\/2024\/09\/A584A31F-E4DE-408D-9792-35369E445A1B-300x169.jpeg 300w, https:\/\/richeskarayib.com\/wp-content\/uploads\/2024\/09\/A584A31F-E4DE-408D-9792-35369E445A1B-768x432.jpeg 768w\" sizes=\"(max-width: 800px) 100vw, 800px\" \/>\t\t\t\t\t\t\t\t\t\t\t<figcaption class=\"widget-image-caption wp-caption-text\">\u00c9douard Glissant - Cr\u00e9dits : Jean-Marc Zaorski - Getty<\/figcaption>\n\t\t\t\t\t\t\t\t\t\t<\/figure>\n\t\t\t\t\t\t\t\t\t<\/div>\n\t\t\t\t<\/div>\n\t\t\t\t\t<\/div>\n\t\t<\/div>\n\t\t\t\t<div class=\"elementor-column elementor-col-50 elementor-inner-column elementor-element elementor-element-0600e29\" data-id=\"0600e29\" data-element_type=\"column\">\n\t\t\t<div class=\"elementor-widget-wrap elementor-element-populated\">\n\t\t\t\t\t\t<div class=\"elementor-element elementor-element-a80c8a6 elementor-widget elementor-widget-text-editor\" data-id=\"a80c8a6\" data-element_type=\"widget\" data-widget_type=\"text-editor.default\">\n\t\t\t\t<div class=\"elementor-widget-container\">\n\t\t\t\t\t\t\t\t\t<p>Quant \u00e0 Glissant, il a produit le sch\u00e9ma conceptuel et notionnel de l&#8217;<em>assimilation <\/em>en tant qu&#8217;id\u00e9ologie impos\u00e9e par la France \u00e0 ses terres colonis\u00e9es, sur la base des affirmations suivantes : Les Noirs n&#8217;ont pas d&#8217;histoire ; l&#8217;Afrique n&#8217;a pas de civilisation, pas de culture\/le christianisme est le salut du paganisme\/la colonisation est donc \u00e9clairante en apportant la science, la technologie, la culture, la religion et la morale\/la colonisation est une revendication des Noirs.<\/p>\n<p> <\/p>\n<p>Ces penseurs martiniquais ont contribu\u00e9 \u00e0 renforcer la conscience noire et les sentiments anti-imp\u00e9rialistes dans l&#8217;ensemble des Cara\u00efbes.\nPar rapport \u00e0 ces courants de pens\u00e9e, le garveyisme, en tant que premier mouvement de protestation dans les Cara\u00efbes anglophones et aux \u00c9tats-Unis, \u00e9tait tr\u00e8s diff\u00e9rent, puisqu&#8217;il s&#8217;agissait de l&#8217;un des premiers mouvements de ce type \u00e0 \u00e9maner de la classe ouvri\u00e8re et des masses. <\/p>\t\t\t\t\t\t\t\t<\/div>\n\t\t\t\t<\/div>\n\t\t\t\t\t<\/div>\n\t\t<\/div>\n\t\t\t\t\t<\/div>\n\t\t<\/section>\n\t\t\t\t<div class=\"elementor-element elementor-element-e7ca18e elementor-widget elementor-widget-text-editor\" data-id=\"e7ca18e\" data-element_type=\"widget\" data-widget_type=\"text-editor.default\">\n\t\t\t\t<div class=\"elementor-widget-container\">\n\t\t\t\t\t\t\t\t\t<p>Les sentiments anti-britanniques et anti-am\u00e9ricains sont deux facteurs qui ont nourri un sentiment r\u00e9gional dans les Cara\u00efbes qui allaient bient\u00f4t devenir ind\u00e9pendantes.\nLe sentiment anti-am\u00e9ricain peut \u00eatre interpr\u00e9t\u00e9 comme un d\u00e9sir de se d\u00e9barrasser de l&#8217;h\u00e9ritage colonial et de l&#8217;influence \u00e9trang\u00e8re.\nEric Williams, dans l&#8217;une de ses c\u00e9l\u00e8bres conf\u00e9rences, <em>Massa Day Done,<\/em> a mis l&#8217;accent sur la n\u00e9cessit\u00e9 de tourner la page sur l&#8217;\u00e9poque du ma\u00eetre de l&#8217;esclavage.  <\/p>\n<p>Un encha\u00eenement de faits a donn\u00e9 une impulsion \u00e0 l&#8217;int\u00e9gration r\u00e9gionale et un sens de la valeur qui a conduit \u00e0 une approche th\u00e9orique des soci\u00e9t\u00e9s carib\u00e9ennes : L&#8217;\u00e9ducation du peuple, le lien entre le peuple carib\u00e9en et ses leaders charismatiques : Williams, Bustamente, Bird, C\u00e9saire, Damas, la Jama\u00efque et Cuba de Manley dans les ann\u00e9es 60 et 70, l&#8217;\u00e9pisode de la Grenade qui a marqu\u00e9 la fin de l&#8217;influence britannique dans la r\u00e9gion et la capitulation devant les USA.<\/p>\t\t\t\t\t\t\t\t<\/div>\n\t\t\t\t<\/div>\n\t\t\t\t\t<\/div>\n\t\t<\/div>\n\t\t\t\t\t<\/div>\n\t\t<\/section>\n\t\t\t\t<section class=\"elementor-section elementor-top-section elementor-element elementor-element-c72ecd3 elementor-section-boxed elementor-section-height-default elementor-section-height-default\" data-id=\"c72ecd3\" data-element_type=\"section\">\n\t\t\t\t\t\t<div class=\"elementor-container elementor-column-gap-default\">\n\t\t\t\t\t<div class=\"elementor-column elementor-col-100 elementor-top-column elementor-element elementor-element-1eb3fcd\" data-id=\"1eb3fcd\" data-element_type=\"column\">\n\t\t\t<div class=\"elementor-widget-wrap elementor-element-populated\">\n\t\t\t\t\t\t<div class=\"elementor-element elementor-element-1050999 elementor-widget elementor-widget-spacer\" data-id=\"1050999\" data-element_type=\"widget\" data-widget_type=\"spacer.default\">\n\t\t\t\t<div class=\"elementor-widget-container\">\n\t\t\t\t\t\t\t<div class=\"elementor-spacer\">\n\t\t\t<div class=\"elementor-spacer-inner\"><\/div>\n\t\t<\/div>\n\t\t\t\t\t\t<\/div>\n\t\t\t\t<\/div>\n\t\t\t\t<div class=\"elementor-element elementor-element-390d066 elementor-widget elementor-widget-heading\" data-id=\"390d066\" data-element_type=\"widget\" data-widget_type=\"heading.default\">\n\t\t\t\t<div class=\"elementor-widget-container\">\n\t\t\t\t\t<h2 class=\"elementor-heading-title elementor-size-default\">Cr\u00e9olisation et cr\u00e9olit\u00e9  <\/h2>\t\t\t\t<\/div>\n\t\t\t\t<\/div>\n\t\t\t\t<div class=\"elementor-element elementor-element-0fd79c4 elementor-widget elementor-widget-text-editor\" data-id=\"0fd79c4\" data-element_type=\"widget\" data-widget_type=\"text-editor.default\">\n\t\t\t\t<div class=\"elementor-widget-container\">\n\t\t\t\t\t\t\t\t\t<p>Depuis les ann\u00e9es 70, le nationalisme et la fiert\u00e9 locale sont devenus des caract\u00e9ristiques de la vie dans les Cara\u00efbes. <em>Out of many one people, All ah we is one, <\/em>sont des slogans encourageant l&#8217;id\u00e9e d&#8217;une culture cr\u00e9ole qui unit tous les habitants des Cara\u00efbes.<\/p>\n<p>Si l&#8217;on consid\u00e8re le concept de <em>cr\u00e9olisation interculturelle<\/em> de Brathwaite : Son argument central est que les Europ\u00e9ens et les Africains qui se sont install\u00e9s dans le Nouveau Monde ont construit une soci\u00e9t\u00e9 qui <em>n&#8217;<\/em> est <em>ni europ\u00e9enne ni africaine<\/em> mais <em>cr\u00e9ole.<\/em> Brathwaite a identifi\u00e9 &#8221; <em>le groupe interm\u00e9diaire en expansion<\/em> &#8220;, les m\u00e9tis, qui constituent le ciment de l&#8217;int\u00e9gration de la soci\u00e9t\u00e9.\nN\u00e9anmoins, malgr\u00e9 son insistance sur l&#8217;unit\u00e9 culturelle, Kamau Brathwaite a distingu\u00e9 deux groupes en Jama\u00efque<em>:<\/em> les<em> Euro-cr\u00e9oles<\/em> et les <em>Afro-cr\u00e9oles<\/em>.\nEn r\u00e9ponse, Orlando Patterson a soutenu que le processus de<em>cr\u00e9olisation<\/em> n&#8217;\u00e9tait pas aussi d\u00e9velopp\u00e9 pendant l&#8217;esclavage, il a propos\u00e9 une lecture diff\u00e9rente avec les deux m\u00eames cat\u00e9gories.    <\/p>\n<p>Pour comprendre la <em>cr\u00e9olit\u00e9<\/em>, qui est l&#8217;\u00e9tat atteint apr\u00e8s un processus de <em>cr\u00e9olisation, <\/em>une vision int\u00e9rieure et l&#8217;acceptation de soi sont les composantes n\u00e9cessaires \u00e0 la r\u00e9conciliation des diff\u00e9rentes parties d&#8217;un moi divis\u00e9.\nTelles sont les id\u00e9es de base v\u00e9hicul\u00e9es par Jean <em>Bernabe<\/em>, Rapha\u00ebl Confiant et Patrick Chamoiseau dans <strong><em>\u00c9loge de la cr\u00e9olit\u00e9<\/em>: <em>Eloge de la cr\u00e9olit\u00e9<\/em><\/strong>, un essai bilingue \u00e9crit par ces <em>chantres de<\/em> la cause.\nLes trois penseurs consid\u00e8rent que l&#8217;acceptation inconditionnelle de notre cr\u00e9olit\u00e9 est le fondement de notre culture.  <\/p>\t\t\t\t\t\t\t\t<\/div>\n\t\t\t\t<\/div>\n\t\t\t\t<div class=\"elementor-element elementor-element-f221e80 elementor-blockquote--skin-border elementor-widget elementor-widget-blockquote\" data-id=\"f221e80\" data-element_type=\"widget\" data-widget_type=\"blockquote.default\">\n\t\t\t\t<div class=\"elementor-widget-container\">\n\t\t\t\t\t\t\t<blockquote class=\"elementor-blockquote\">\n\t\t\t<p class=\"elementor-blockquote__content\">\n\t\t\t\t\" La cr\u00e9olit\u00e9 est l'agr\u00e9gat interactionnel et transactionnel d'\u00e9l\u00e9ments culturels carib\u00e9ens, europ\u00e9ens, africains, asiatiques et levantins r\u00e9unis sur le m\u00eame sol par le joug de l'histoire \"  \t\t\t<\/p>\n\t\t\t\t\t\t\t<div class=\"e-q-footer\">\n\t\t\t\t\t\t\t\t\t\t\t<cite class=\"elementor-blockquote__author\">In Praise of Creoleness: Eloge de la cr\u00e9olit\u00e9 (page 87)<\/cite>\n\t\t\t\t\t\t\t\t\t\t\t\t\t\t<\/div>\n\t\t\t\t\t<\/blockquote>\n\t\t\t\t\t\t<\/div>\n\t\t\t\t<\/div>\n\t\t\t\t<div class=\"elementor-element elementor-element-629d759 elementor-widget elementor-widget-text-editor\" data-id=\"629d759\" data-element_type=\"widget\" data-widget_type=\"text-editor.default\">\n\t\t\t\t<div class=\"elementor-widget-container\">\n\t\t\t\t\t\t\t\t\t<p>Trois si\u00e8cles d&#8217;exp\u00e9rience commune &#8211; en termes de langues, de coutumes, de cultures de diff\u00e9rentes parties du monde &#8211; ont forg\u00e9 une nouvelle humanit\u00e9.<\/p>\n<p>Les p\u00e9riphrases suivantes sont utilis\u00e9es pour d\u00e9crire la <em>cr\u00e9olit\u00e9 : &#8220;C&#8217;est le monde diffract\u00e9 et recompos\u00e9, une totalit\u00e9 kal\u00e9idoscopique, la conscience non totalitaire d&#8217;une diversit\u00e9 pr\u00e9serv\u00e9e&#8221;. <\/em>Les auteurs ne con\u00e7oivent pas leur essai comme un ensemble de th\u00e9ories mais comme des t\u00e9moignages de la cr\u00e9olit\u00e9.\nIls consid\u00e8rent que les relations socio-ethniques doivent se faire sous le sceau de la cr\u00e9olit\u00e9 commune comme c&#8217;est le cas aux Seychelles par exemple. <\/p>\n<p><strong><em>  &#8220;Nous ne sommes pas des Africains, nous ne sommes pas des Asiatiques, nous ne sommes pas des Europ\u00e9ens, nous nous proclamons Cr\u00e9oles.<\/em><\/strong><\/p>\n<p>La confrontation culturelle de tous ces peuples dans un m\u00eame environnement a forg\u00e9 la <em>culture cr\u00e9ole. <\/em>La cr\u00e9olit\u00e9 englobe et compl\u00e8te l&#8217;<em>am\u00e9ricanit\u00e9<\/em> (adaptation des Europ\u00e9ens, des Africains et des Asiatiques au Nouveau Monde).\nDans certains endroits, l&#8217;<em>am\u00e9ricanisation<\/em>, la rencontre avec l&#8217;Am\u00e9rique, n&#8217;a pas \u00e9volu\u00e9 de mani\u00e8re \u00e0 atteindre la pleine <em>cr\u00e9olit\u00e9<\/em>. <\/p>\n<p> <\/p>\n<p>Pour faire court, les \u00e9l\u00e9ments cl\u00e9s permettant d&#8217;atteindre le stade de la<em>cr\u00e9olit\u00e9<\/em> seraient : l&#8217;oralit\u00e9 fondamentale, l&#8217;actualisation historique, les th\u00e9matiques de l&#8217;existence, l&#8217;entr\u00e9e dans la modernit\u00e9 et le discours (choix et fonction des langues).<\/p>\n<p>  &#8220;La <em><strong>langue nationale fait partie du continuum cr\u00e9ole&#8221; <\/strong><\/em>, affirme Kamau Brathwaite, dont la po\u00e9sie et la th\u00e9orie sont fortement influenc\u00e9es par cette id\u00e9e.\nAu lieu de fusionner deux syst\u00e8mes linguistiques, la langue nationale de Brathwaite incorpore une vari\u00e9t\u00e9 beaucoup plus grande d&#8217;idiomes, dont l&#8217;arawakien, l&#8217;hindi, le chinois et un certain nombre de langues africaines, qui \u00e9taient diverses et partageaient g\u00e9n\u00e9ralement des caract\u00e9ristiques s\u00e9mantiques et syntaxiques<em>(Voice<\/em> 6-7). <\/p>\n<p> <\/p>\n<p>Compte tenu de toutes les caract\u00e9ristiques des soci\u00e9t\u00e9s carib\u00e9ennes pr\u00e9sent\u00e9es pr\u00e9c\u00e9demment, qu&#8217;est-ce qui d\u00e9finit la <em>carib\u00e9anit\u00e9<\/em>?\nDans une d\u00e9finition de notre r\u00e9gion comme <em>espace pertinent pour l&#8217;action &#8211; <\/em>selon le g\u00e9ographe Fran\u00e7ois Taglioni, ce qui fait de la Cara\u00efbe un espace coh\u00e9rent pour le progr\u00e8s, si l&#8217;on se fie \u00e0 Stuart Hall, c&#8217;est <strong>&#8220;<em>le double mouvement de confinement et de r\u00e9sistance<\/em>&#8220;. <\/strong>C&#8217;est la cl\u00e9 qui ouvre la porte \u00e0 la description de toute exp\u00e9rience humaine carib\u00e9enne dont le carnaval &#8211; et le sens du carnavalesque &#8211; semble \u00eatre l&#8217;une des principales caract\u00e9ristiques. <\/p>\t\t\t\t\t\t\t\t<\/div>\n\t\t\t\t<\/div>\n\t\t\t\t<div class=\"elementor-element elementor-element-5ba5f5d elementor-author-box--layout-image-left elementor-author-box--align-left elementor-widget elementor-widget-author-box\" data-id=\"5ba5f5d\" data-element_type=\"widget\" data-widget_type=\"author-box.default\">\n\t\t\t\t<div class=\"elementor-widget-container\">\n\t\t\t\t\t\t\t<div class=\"elementor-author-box\">\n\t\t\t\t\t\t\t<div  class=\"elementor-author-box__avatar\">\n\t\t\t\t\t<img decoding=\"async\" src=\"https:\/\/richeskarayib.com\/wp-content\/uploads\/2024\/09\/CYC-MF-WhatsApp-Image-2024-08-22-a-14.20.54_4d353f39-300x233.jpg\" alt=\"Image de Dr Marie Fran\u00e7oise BERNARD\" loading=\"lazy\">\n\t\t\t\t<\/div>\n\t\t\t\n\t\t\t<div class=\"elementor-author-box__text\">\n\t\t\t\t\t\t\t\t\t<div >\n\t\t\t\t\t\t<h4 class=\"elementor-author-box__name\">\n\t\t\t\t\t\t\tDr Marie Fran\u00e7oise BERNARD\t\t\t\t\t\t<\/h4>\n\t\t\t\t\t<\/div>\n\t\t\t\t\n\t\t\t\t\t\t\t\t\t<div class=\"elementor-author-box__bio\">\n\t\t\t\t\t\t<p>Doctorat en \u00e9tudes carib\u00e9ennes<\/p>\n\t\t\t\t\t<\/div>\n\t\t\t\t\n\t\t\t\t\t\t\t<\/div>\n\t\t<\/div>\n\t\t\t\t\t\t<\/div>\n\t\t\t\t<\/div>\n\t\t\t\t\t<\/div>\n\t\t<\/div>\n\t\t\t\t\t<\/div>\n\t\t<\/section>\n\t\t\t\t<\/div>\n\t\t","protected":false},"excerpt":{"rendered":"<p>&#8221; Dans le d\u00e9sordre apparent de la Cara\u00efbe, de ses terres discontinues, de son histoire coloniale, de ses ethnies, de ses langues, de ses traditions et de ses politiques, \u00e9merge une \u00eele de paradoxes qui se r\u00e9p\u00e8tent et donnent forme \u00e0 un archipel socioculturel inattendu et complexe&#8221;. Benitez Rojo in Sunset over the Caribbean. Il [&hellip;]<\/p>\n","protected":false},"author":47,"featured_media":40864,"comment_status":"open","ping_status":"open","sticky":false,"template":"","format":"standard","meta":{"_acf_changed":false,"footnotes":""},"categories":[1468,1723],"tags":[],"class_list":["post-40878","post","type-post","status-publish","format-standard","has-post-thumbnail","hentry","category-histoire-patrimoine","category-maritime-fr"],"acf":[],"_links":{"self":[{"href":"https:\/\/richeskarayib.com\/fr\/wp-json\/wp\/v2\/posts\/40878","targetHints":{"allow":["GET"]}}],"collection":[{"href":"https:\/\/richeskarayib.com\/fr\/wp-json\/wp\/v2\/posts"}],"about":[{"href":"https:\/\/richeskarayib.com\/fr\/wp-json\/wp\/v2\/types\/post"}],"author":[{"embeddable":true,"href":"https:\/\/richeskarayib.com\/fr\/wp-json\/wp\/v2\/users\/47"}],"replies":[{"embeddable":true,"href":"https:\/\/richeskarayib.com\/fr\/wp-json\/wp\/v2\/comments?post=40878"}],"version-history":[{"count":0,"href":"https:\/\/richeskarayib.com\/fr\/wp-json\/wp\/v2\/posts\/40878\/revisions"}],"wp:featuredmedia":[{"embeddable":true,"href":"https:\/\/richeskarayib.com\/fr\/wp-json\/wp\/v2\/media\/40864"}],"wp:attachment":[{"href":"https:\/\/richeskarayib.com\/fr\/wp-json\/wp\/v2\/media?parent=40878"}],"wp:term":[{"taxonomy":"category","embeddable":true,"href":"https:\/\/richeskarayib.com\/fr\/wp-json\/wp\/v2\/categories?post=40878"},{"taxonomy":"post_tag","embeddable":true,"href":"https:\/\/richeskarayib.com\/fr\/wp-json\/wp\/v2\/tags?post=40878"}],"curies":[{"name":"wp","href":"https:\/\/api.w.org\/{rel}","templated":true}]}}