{"id":40925,"date":"2024-10-02T01:33:43","date_gmt":"2024-10-02T01:33:43","guid":{"rendered":"https:\/\/richeskarayib.com\/?p=40925"},"modified":"2024-10-02T01:41:56","modified_gmt":"2024-10-02T01:41:56","slug":"caribbean-airlines-enrichit-la-connectivite-regionale-avec-de-nouveaux-vols-vers-la-martinique-et-la-guadeloupe","status":"publish","type":"post","link":"https:\/\/richeskarayib.com\/fr\/caribbean-airlines-enrichit-la-connectivite-regionale-avec-de-nouveaux-vols-vers-la-martinique-et-la-guadeloupe\/","title":{"rendered":"Caribbean Airlines Enrichit la Connectivit\u00e9 R\u00e9gionale avec de Nouveaux Vols vers la Martinique et la Guadeloupe"},"content":{"rendered":"\t\t<div data-elementor-type=\"wp-post\" data-elementor-id=\"40925\" class=\"elementor elementor-40925\" data-elementor-post-type=\"post\">\n\t\t\t\t\t\t<section class=\"elementor-section elementor-top-section elementor-element elementor-element-07e224b elementor-section-boxed elementor-section-height-default elementor-section-height-default\" data-id=\"07e224b\" data-element_type=\"section\">\n\t\t\t\t\t\t<div class=\"elementor-container elementor-column-gap-default\">\n\t\t\t\t\t<div class=\"elementor-column elementor-col-100 elementor-top-column elementor-element elementor-element-1dbf2ba\" data-id=\"1dbf2ba\" data-element_type=\"column\">\n\t\t\t<div class=\"elementor-widget-wrap elementor-element-populated\">\n\t\t\t\t\t\t<div class=\"elementor-element elementor-element-2a2822f elementor-widget elementor-widget-text-editor\" data-id=\"2a2822f\" data-element_type=\"widget\" data-widget_type=\"text-editor.default\">\n\t\t\t\t<div class=\"elementor-widget-container\">\n\t\t\t\t\t\t\t\t\t<p>Caribbean Airlines continue de renforcer sa pr\u00e9sence dans la r\u00e9gion Cara\u00efbe avec l\u2019annonce de nouvelles routes vers les \u00eeles fran\u00e7aises de la Martinique et de la Guadeloupe. En tant que compagnie a\u00e9rienne de r\u00e9f\u00e9rence dans la Cara\u00efbe, Caribbean Airlines s\u2019engage \u00e0 am\u00e9liorer la connectivit\u00e9 entre les \u00eeles et faciliter les d\u00e9placements pour les voyageurs d\u2019affaires et de loisirs.<\/p>\t\t\t\t\t\t\t\t<\/div>\n\t\t\t\t<\/div>\n\t\t\t\t<div class=\"elementor-element elementor-element-43ca8d3 elementor-widget elementor-widget-heading\" data-id=\"43ca8d3\" data-element_type=\"widget\" data-widget_type=\"heading.default\">\n\t\t\t\t<div class=\"elementor-widget-container\">\n\t\t\t\t\t<h2 class=\"elementor-heading-title elementor-size-default\">Un Pas de Plus pour la Connectivit\u00e9 R\u00e9gionale<\/h2>\t\t\t\t<\/div>\n\t\t\t\t<\/div>\n\t\t\t\t<div class=\"elementor-element elementor-element-735daae elementor-widget elementor-widget-text-editor\" data-id=\"735daae\" data-element_type=\"widget\" data-widget_type=\"text-editor.default\">\n\t\t\t\t<div class=\"elementor-widget-container\">\n\t\t\t\t\t\t\t\t\t<p>Le lancement de ces nouvelles liaisons t\u00e9moigne de la volont\u00e9 de Caribbean Airlines d\u2019\u00e9largir son r\u00e9seau dans la Cara\u00efbe, offrant ainsi une meilleure accessibilit\u00e9 entre les diff\u00e9rentes \u00eeles francophones, anglophones, hispanophones et n\u00e9erlandophones de la r\u00e9gion.<\/p><p>Les nouveaux services vers la Martinique d\u00e9buteront le 3 d\u00e9cembre 2024, suivis des vols vers la Guadeloupe le 7 d\u00e9cembre 2024. Ces vols sont programm\u00e9s quatre fois par semaine pour chaque destination, ce qui permettra de r\u00e9duire consid\u00e9rablement les temps de trajet qui, jusqu\u2019\u00e0 pr\u00e9sent, n\u00e9cessitaient plusieurs correspondances ou de longues heures en mer.<\/p>\t\t\t\t\t\t\t\t<\/div>\n\t\t\t\t<\/div>\n\t\t\t\t<div class=\"elementor-element elementor-element-52d1dde elementor-widget elementor-widget-heading\" data-id=\"52d1dde\" data-element_type=\"widget\" data-widget_type=\"heading.default\">\n\t\t\t\t<div class=\"elementor-widget-container\">\n\t\t\t\t\t<h2 class=\"elementor-heading-title elementor-size-default\">Horaires des Vols vers la Martinique<\/h2>\t\t\t\t<\/div>\n\t\t\t\t<\/div>\n\t\t\t\t<div class=\"elementor-element elementor-element-ff069eb elementor-widget elementor-widget-image\" data-id=\"ff069eb\" data-element_type=\"widget\" data-widget_type=\"image.default\">\n\t\t\t\t<div class=\"elementor-widget-container\">\n\t\t\t\t\t\t\t\t\t\t\t\t\t\t\t<img fetchpriority=\"high\" decoding=\"async\" width=\"800\" height=\"468\" src=\"https:\/\/richeskarayib.com\/wp-content\/uploads\/2024\/10\/HORAIRE-MARTINIQUE.png\" class=\"attachment-large size-large wp-image-40934\" alt=\"\" srcset=\"https:\/\/richeskarayib.com\/wp-content\/uploads\/2024\/10\/HORAIRE-MARTINIQUE.png 1012w, https:\/\/richeskarayib.com\/wp-content\/uploads\/2024\/10\/HORAIRE-MARTINIQUE-300x175.png 300w, https:\/\/richeskarayib.com\/wp-content\/uploads\/2024\/10\/HORAIRE-MARTINIQUE-768x449.png 768w\" sizes=\"(max-width: 800px) 100vw, 800px\" \/>\t\t\t\t\t\t\t\t\t\t\t\t\t\t\t<\/div>\n\t\t\t\t<\/div>\n\t\t\t\t<div class=\"elementor-element elementor-element-b784a92 elementor-widget elementor-widget-heading\" data-id=\"b784a92\" data-element_type=\"widget\" data-widget_type=\"heading.default\">\n\t\t\t\t<div class=\"elementor-widget-container\">\n\t\t\t\t\t<h2 class=\"elementor-heading-title elementor-size-default\">Horaires des Vols vers la Guadeloupe<\/h2>\t\t\t\t<\/div>\n\t\t\t\t<\/div>\n\t\t\t\t<div class=\"elementor-element elementor-element-a9111bd elementor-widget elementor-widget-image\" data-id=\"a9111bd\" data-element_type=\"widget\" data-widget_type=\"image.default\">\n\t\t\t\t<div class=\"elementor-widget-container\">\n\t\t\t\t\t\t\t\t\t\t\t\t\t\t\t<img decoding=\"async\" width=\"800\" height=\"518\" src=\"https:\/\/richeskarayib.com\/wp-content\/uploads\/2024\/10\/HORAIRE-GUADELOUPE.png\" class=\"attachment-large size-large wp-image-40930\" alt=\"\" srcset=\"https:\/\/richeskarayib.com\/wp-content\/uploads\/2024\/10\/HORAIRE-GUADELOUPE.png 1003w, https:\/\/richeskarayib.com\/wp-content\/uploads\/2024\/10\/HORAIRE-GUADELOUPE-300x194.png 300w, https:\/\/richeskarayib.com\/wp-content\/uploads\/2024\/10\/HORAIRE-GUADELOUPE-768x497.png 768w\" sizes=\"(max-width: 800px) 100vw, 800px\" \/>\t\t\t\t\t\t\t\t\t\t\t\t\t\t\t<\/div>\n\t\t\t\t<\/div>\n\t\t\t\t<div class=\"elementor-element elementor-element-2ed3481 elementor-widget elementor-widget-heading\" data-id=\"2ed3481\" data-element_type=\"widget\" data-widget_type=\"heading.default\">\n\t\t\t\t<div class=\"elementor-widget-container\">\n\t\t\t\t\t<h2 class=\"elementor-heading-title elementor-size-default\">Une Opportunit\u00e9 pour le Tourisme et les \u00c9changes Culturels<\/h2>\t\t\t\t<\/div>\n\t\t\t\t<\/div>\n\t\t\t\t<div class=\"elementor-element elementor-element-1be03c8 elementor-widget elementor-widget-text-editor\" data-id=\"1be03c8\" data-element_type=\"widget\" data-widget_type=\"text-editor.default\">\n\t\t\t\t<div class=\"elementor-widget-container\">\n\t\t\t\t\t\t\t\t\t<p>L\u2019arriv\u00e9e de Caribbean Airlines en Martinique et en Guadeloupe est salu\u00e9e par les acteurs locaux du tourisme et du transport. Madame <strong>Nathalie S\u00e9bastien, Pr\u00e9sidente\/Directrice G\u00e9n\u00e9rale de la Soci\u00e9t\u00e9 A\u00e9roport Martinique Aim\u00e9 C\u00e9saire (S.A.M.A.C)<\/strong>, a d\u00e9clar\u00e9 :<\/p><blockquote><p>&#8220;<em>L\u2019arriv\u00e9e de Caribbean Airlines est une avanc\u00e9e significative pour notre \u00eele et sa connectivit\u00e9 dans le bassin carib\u00e9en. Cette collaboration sera synonyme de b\u00e9n\u00e9fices mutuels pour nos populations, renfor\u00e7ant les \u00e9changes culturels et \u00e9conomiques.<\/em>&#8220;<\/p><\/blockquote><p><strong>Madame B\u00e9n\u00e9dicte di Geronimo, Pr\u00e9sidente du Comit\u00e9 Martiniquais du Tourisme<\/strong>, a ajout\u00e9 :<\/p><blockquote><p><em>&#8220;Nous sommes tr\u00e8s heureux que Caribbean Airlines \u00e9tende ses services \u00e0 la Martinique. Cela contribuera \u00e0 renforcer les liens culturels et \u00e9conomiques entre les \u00eeles du Sud et la Martinique.&#8221;<\/em><\/p><\/blockquote>\t\t\t\t\t\t\t\t<\/div>\n\t\t\t\t<\/div>\n\t\t\t\t<div class=\"elementor-element elementor-element-e595857 elementor-widget elementor-widget-text-editor\" data-id=\"e595857\" data-element_type=\"widget\" data-widget_type=\"text-editor.default\">\n\t\t\t\t<div class=\"elementor-widget-container\">\n\t\t\t\t\t\t\t\t\t<p>Ces nouvelles liaisons a\u00e9riennes entre Trinidad, la Martinique et la Guadeloupe, renforcent la mission de Caribbean Airlines de relier les peuples et les cultures de la Cara\u00efbe. Pour les voyageurs d\u2019affaires comme pour les touristes, ces nouvelles routes offrent une alternative rapide, fiable et \u00e9conomique, permettant une exploration plus fluide des tr\u00e9sors de la r\u00e9gion.<\/p><p>Les billets pour ces nouvelles destinations sont d\u00e9j\u00e0 disponibles \u00e0 la vente sur le site officiel de Caribbean Airlines <a href=\"https:\/\/www.caribbean-airlines.com\" target=\"_new\" rel=\"noopener nofollow\">www.caribbean-airlines.com<\/a>, via leur centre d\u2019appels ou en agences de voyage.<\/p>\t\t\t\t\t\t\t\t<\/div>\n\t\t\t\t<\/div>\n\t\t\t\t\t<\/div>\n\t\t<\/div>\n\t\t\t\t\t<\/div>\n\t\t<\/section>\n\t\t\t\t<\/div>\n\t\t","protected":false},"excerpt":{"rendered":"<p>Caribbean Airlines continue de renforcer sa pr\u00e9sence dans la r\u00e9gion Cara\u00efbe avec l\u2019annonce de nouvelles routes vers les \u00eeles fran\u00e7aises de la Martinique et de la Guadeloupe. En tant que compagnie a\u00e9rienne de r\u00e9f\u00e9rence dans la Cara\u00efbe, Caribbean Airlines s\u2019engage \u00e0 am\u00e9liorer la connectivit\u00e9 entre les \u00eeles et faciliter les d\u00e9placements pour les voyageurs d\u2019affaires [&hellip;]<\/p>\n","protected":false},"author":47,"featured_media":40926,"comment_status":"open","ping_status":"open","sticky":false,"template":"","format":"standard","meta":{"_acf_changed":false,"footnotes":""},"categories":[840],"tags":[1545,808,1518],"class_list":["post-40925","post","type-post","status-publish","format-standard","has-post-thumbnail","hentry","category-actus","tag-guadeloupe-2","tag-martinique-fr","tag-trinite-et-tobago-fr"],"acf":[],"_links":{"self":[{"href":"https:\/\/richeskarayib.com\/fr\/wp-json\/wp\/v2\/posts\/40925","targetHints":{"allow":["GET"]}}],"collection":[{"href":"https:\/\/richeskarayib.com\/fr\/wp-json\/wp\/v2\/posts"}],"about":[{"href":"https:\/\/richeskarayib.com\/fr\/wp-json\/wp\/v2\/types\/post"}],"author":[{"embeddable":true,"href":"https:\/\/richeskarayib.com\/fr\/wp-json\/wp\/v2\/users\/47"}],"replies":[{"embeddable":true,"href":"https:\/\/richeskarayib.com\/fr\/wp-json\/wp\/v2\/comments?post=40925"}],"version-history":[{"count":0,"href":"https:\/\/richeskarayib.com\/fr\/wp-json\/wp\/v2\/posts\/40925\/revisions"}],"wp:featuredmedia":[{"embeddable":true,"href":"https:\/\/richeskarayib.com\/fr\/wp-json\/wp\/v2\/media\/40926"}],"wp:attachment":[{"href":"https:\/\/richeskarayib.com\/fr\/wp-json\/wp\/v2\/media?parent=40925"}],"wp:term":[{"taxonomy":"category","embeddable":true,"href":"https:\/\/richeskarayib.com\/fr\/wp-json\/wp\/v2\/categories?post=40925"},{"taxonomy":"post_tag","embeddable":true,"href":"https:\/\/richeskarayib.com\/fr\/wp-json\/wp\/v2\/tags?post=40925"}],"curies":[{"name":"wp","href":"https:\/\/api.w.org\/{rel}","templated":true}]}}