{"id":41755,"date":"2024-11-07T19:15:58","date_gmt":"2024-11-07T19:15:58","guid":{"rendered":"https:\/\/richeskarayib.com\/unesco-rapport-special-partie-3-2016-2019-les-tresors-culturels-des-caraibes-patrimoine-immateriel-reconnu\/"},"modified":"2024-11-07T19:16:08","modified_gmt":"2024-11-07T19:16:08","slug":"unesco-rapport-special-partie-3-2016-2019-les-tresors-culturels-des-caraibes-patrimoine-immateriel-reconnu","status":"publish","type":"post","link":"https:\/\/richeskarayib.com\/fr\/unesco-rapport-special-partie-3-2016-2019-les-tresors-culturels-des-caraibes-patrimoine-immateriel-reconnu\/","title":{"rendered":"UNESCO : Rapport sp\u00e9cial partie 3 (2016-2019) : Les tr\u00e9sors culturels des Cara\u00efbes : Patrimoine immat\u00e9riel reconnu"},"content":{"rendered":"\t\t<div data-elementor-type=\"wp-post\" data-elementor-id=\"41755\" class=\"elementor elementor-41755 elementor-40778\" data-elementor-post-type=\"post\">\n\t\t\t\t\t\t<section class=\"elementor-section elementor-top-section elementor-element elementor-element-d2fa39f elementor-section-boxed elementor-section-height-default elementor-section-height-default\" data-id=\"d2fa39f\" data-element_type=\"section\">\n\t\t\t\t\t\t<div class=\"elementor-container elementor-column-gap-default\">\n\t\t\t\t\t<div class=\"elementor-column elementor-col-100 elementor-top-column elementor-element elementor-element-74e6dd0\" data-id=\"74e6dd0\" data-element_type=\"column\">\n\t\t\t<div class=\"elementor-widget-wrap elementor-element-populated\">\n\t\t\t\t\t\t<div class=\"elementor-element elementor-element-8909527 elementor-widget elementor-widget-heading\" data-id=\"8909527\" data-element_type=\"widget\" data-widget_type=\"heading.default\">\n\t\t\t\t<div class=\"elementor-widget-container\">\n\t\t\t\t\t<h2 class=\"elementor-heading-title elementor-size-default\">C\u00e9l\u00e9bration de la diversit\u00e9 culturelle des Cara\u00efbes<\/h2>\t\t\t\t<\/div>\n\t\t\t\t<\/div>\n\t\t\t\t<div class=\"elementor-element elementor-element-d541e3d elementor-widget elementor-widget-text-editor\" data-id=\"d541e3d\" data-element_type=\"widget\" data-widget_type=\"text-editor.default\">\n\t\t\t\t<div class=\"elementor-widget-container\">\n\t\t\t\t\t\t\t\t\t<p>Entre 2016 et 2019, <strong>l&#8217;UNESCO<\/strong> a continu\u00e9 \u00e0 reconna\u00eetre le <a href=\"https:\/\/ich.unesco.org\/en\/news\/good-news-for-living-heritage-in-the-caribbean-00015\" target=\"_blank\" rel=\"noopener nofollow\">riche patrimoine culturel immat\u00e9riel des Cara\u00efbes<\/a>, en c\u00e9l\u00e9brant les traditions qui mettent en valeur la diversit\u00e9 et l&#8217;histoire dynamique de la r\u00e9gion. Ces reconnaissances de l&#8217;<strong>UNESCO <\/strong>r\u00e9v\u00e8lent les pratiques et coutumes culturelles profondes qui ont surv\u00e9cu aux g\u00e9n\u00e9rations, reliant le pass\u00e9 au pr\u00e9sent. Cet article se concentre sur les \u00e9l\u00e9ments mis \u00e0 l&#8217;honneur au cours de cette p\u00e9riode, en soulignant leur importance pour l&#8217;identit\u00e9 carib\u00e9enne.  <\/p>\n\t\t\t\t\t\t\t\t<\/div>\n\t\t\t\t<\/div>\n\t\t\t\t\t<\/div>\n\t\t<\/div>\n\t\t\t\t\t<\/div>\n\t\t<\/section>\n\t\t\t\t<section class=\"elementor-section elementor-top-section elementor-element elementor-element-776ee9d elementor-section-boxed elementor-section-height-default elementor-section-height-default\" data-id=\"776ee9d\" data-element_type=\"section\">\n\t\t\t\t\t\t<div class=\"elementor-container elementor-column-gap-default\">\n\t\t\t\t\t<div class=\"elementor-column elementor-col-100 elementor-top-column elementor-element elementor-element-e9eb1e6\" data-id=\"e9eb1e6\" data-element_type=\"column\">\n\t\t\t<div class=\"elementor-widget-wrap elementor-element-populated\">\n\t\t\t\t\t\t<div class=\"elementor-element elementor-element-653aab0 elementor-widget elementor-widget-heading\" data-id=\"653aab0\" data-element_type=\"widget\" data-widget_type=\"heading.default\">\n\t\t\t\t<div class=\"elementor-widget-container\">\n\t\t\t\t\t<h2 class=\"elementor-heading-title elementor-size-default\">2016<\/h2>\t\t\t\t<\/div>\n\t\t\t\t<\/div>\n\t\t\t\t<div class=\"elementor-element elementor-element-5b8dd47 elementor-widget elementor-widget-text-editor\" data-id=\"5b8dd47\" data-element_type=\"widget\" data-widget_type=\"text-editor.default\">\n\t\t\t\t<div class=\"elementor-widget-container\">\n\t\t\t\t\t\t\t\t\t\n          <ul>\n<li>\n<p><strong>R\u00e9publique dominicaine<\/strong>: <a href=\"https:\/\/ich.unesco.org\/en\/RL\/music-and-dance-of-the-merengue-in-the-dominican-republic-01162\" target=\"_blank\" rel=\"noopener nofollow\"><em>Musique et danse merengue<\/em><\/a><br>Pour l&#8217;<strong>UNESCO <\/strong>, le merengue n&#8217;est pas seulement un genre musical en R\u00e9publique dominicaine, mais un symbole national. Ses rythmes rapides et ses pas de danse entra\u00eenants font partie de toutes les grandes c\u00e9l\u00e9brations. Cette musique m\u00eale les influences europ\u00e9ennes et africaines, repr\u00e9sentant une fusion embl\u00e9matique de l&#8217;histoire et de la culture de l&#8217;\u00eele.  <\/p>\n<\/li>\n<li>\n<p><strong>Cuba<\/strong>: <a href=\"https:\/\/ich.unesco.org\/en\/RL\/rumba-in-cuba-a-festive-combination-of-music-and-dances-and-all-the-practices-associated-01185\" target=\"_blank\" rel=\"noopener nofollow\"><em>Rumba<\/em><\/a><br>La rumba est une c\u00e9l\u00e9bration joyeuse de l&#8217;identit\u00e9 cubaine \u00e0 travers une fusion de rythmes africains et de m\u00e9lodies espagnoles. Plus qu&#8217;un genre musical, la rumba int\u00e8gre la danse, les percussions et le chant, cr\u00e9ant ainsi une forme d&#8217;art qui favorise la communaut\u00e9, l&#8217;expression et la connexion avec le patrimoine. <\/p>\n<\/li>\n<li>\n<p><strong>Venezuela (R\u00e9publique bolivarienne du)<\/strong>: <a href=\"https:\/\/ich.unesco.org\/fr\/RL\/le-carnaval-d-el-callao-representation-festive-d-une-memoire-et-d-une-identite-culturelle-01198\" target=\"_blank\" rel=\"noopener nofollow\"><em>Carnaval d&#8217;El Callao<\/em><\/a><br>Le carnaval d&#8217;El Callao est un \u00e9v\u00e9nement culturel color\u00e9 et dynamique qui remonte au XIXe si\u00e8cle. Il c\u00e9l\u00e8bre les racines africaines, indig\u00e8nes et carib\u00e9ennes \u00e0 travers des d\u00e9fil\u00e9s, des mascarades et de la musique traditionnelle. Le carnaval symbolise l&#8217;unit\u00e9 et la r\u00e9sistance culturelle face aux difficult\u00e9s, ce qui en fait un \u00e9v\u00e9nement important pour les V\u00e9n\u00e9zu\u00e9liens.  <\/p>\n<\/li>\n<li>\n<p><b>Mexique : <\/b>La Charrer\u00eda, tradition \u00e9questre<br>La Charrer\u00eda est une pratique \u00e9questre traditionnelle dans les communaut\u00e9s d&#8217;\u00e9leveurs de b\u00e9tail au Mexique, qui allie patrimoine culturel et sport de comp\u00e9tition, mettant en valeur des performances habiles tout en promouvant des valeurs sociales importantes aupr\u00e8s des jeunes g\u00e9n\u00e9rations.<\/p>\n<\/li>\n<\/ul>\n        \t\t\t\t\t\t\t\t<\/div>\n\t\t\t\t<\/div>\n\t\t\t\t<section class=\"elementor-section elementor-inner-section elementor-element elementor-element-1d06829 elementor-section-boxed elementor-section-height-default elementor-section-height-default\" data-id=\"1d06829\" data-element_type=\"section\">\n\t\t\t\t\t\t<div class=\"elementor-container elementor-column-gap-default\">\n\t\t\t\t\t<div class=\"elementor-column elementor-col-25 elementor-inner-column elementor-element elementor-element-dd37a24\" data-id=\"dd37a24\" data-element_type=\"column\">\n\t\t\t<div class=\"elementor-widget-wrap elementor-element-populated\">\n\t\t\t\t\t\t<div class=\"elementor-element elementor-element-8ccc22a elementor-widget elementor-widget-image\" data-id=\"8ccc22a\" data-element_type=\"widget\" data-widget_type=\"image.default\">\n\t\t\t\t<div class=\"elementor-widget-container\">\n\t\t\t\t\t\t\t\t\t\t\t\t<figure class=\"wp-caption\">\n\t\t\t\t\t\t\t\t\t\t<img fetchpriority=\"high\" decoding=\"async\" width=\"800\" height=\"577\" src=\"https:\/\/richeskarayib.com\/wp-content\/uploads\/2024\/10\/10314-1024x739.jpg\" class=\"attachment-large size-large wp-image-41178\" alt=\"UNESCO\" srcset=\"https:\/\/richeskarayib.com\/wp-content\/uploads\/2024\/10\/10314-1024x739.jpg 1024w, https:\/\/richeskarayib.com\/wp-content\/uploads\/2024\/10\/10314-300x216.jpg 300w, https:\/\/richeskarayib.com\/wp-content\/uploads\/2024\/10\/10314-768x554.jpg 768w, https:\/\/richeskarayib.com\/wp-content\/uploads\/2024\/10\/10314-1536x1108.jpg 1536w, https:\/\/richeskarayib.com\/wp-content\/uploads\/2024\/10\/10314-2048x1477.jpg 2048w, https:\/\/richeskarayib.com\/wp-content\/uploads\/2024\/10\/10314-1320x952.jpg 1320w\" sizes=\"(max-width: 800px) 100vw, 800px\" \/>\t\t\t\t\t\t\t\t\t\t\t<figcaption class=\"widget-image-caption wp-caption-text\">R\u00e9publique dominicaine : Musique et danse du merengue<\/figcaption>\n\t\t\t\t\t\t\t\t\t\t<\/figure>\n\t\t\t\t\t\t\t\t\t<\/div>\n\t\t\t\t<\/div>\n\t\t\t\t\t<\/div>\n\t\t<\/div>\n\t\t\t\t<div class=\"elementor-column elementor-col-25 elementor-inner-column elementor-element elementor-element-936576f\" data-id=\"936576f\" data-element_type=\"column\">\n\t\t\t<div class=\"elementor-widget-wrap elementor-element-populated\">\n\t\t\t\t\t\t<div class=\"elementor-element elementor-element-3df2fa4 elementor-widget elementor-widget-image\" data-id=\"3df2fa4\" data-element_type=\"widget\" data-widget_type=\"image.default\">\n\t\t\t\t<div class=\"elementor-widget-container\">\n\t\t\t\t\t\t\t\t\t\t\t\t<figure class=\"wp-caption\">\n\t\t\t\t\t\t\t\t\t\t<img decoding=\"async\" width=\"800\" height=\"534\" src=\"https:\/\/richeskarayib.com\/wp-content\/uploads\/2024\/10\/10280-1024x683.jpg\" class=\"attachment-large size-large wp-image-41182\" alt=\"UNESCO\" srcset=\"https:\/\/richeskarayib.com\/wp-content\/uploads\/2024\/10\/10280-1024x683.jpg 1024w, https:\/\/richeskarayib.com\/wp-content\/uploads\/2024\/10\/10280-300x200.jpg 300w, https:\/\/richeskarayib.com\/wp-content\/uploads\/2024\/10\/10280-768x512.jpg 768w, https:\/\/richeskarayib.com\/wp-content\/uploads\/2024\/10\/10280-1536x1024.jpg 1536w, https:\/\/richeskarayib.com\/wp-content\/uploads\/2024\/10\/10280-2048x1365.jpg 2048w, https:\/\/richeskarayib.com\/wp-content\/uploads\/2024\/10\/10280-1320x880.jpg 1320w\" sizes=\"(max-width: 800px) 100vw, 800px\" \/>\t\t\t\t\t\t\t\t\t\t\t<figcaption class=\"widget-image-caption wp-caption-text\">Cuba : Rumba<\/figcaption>\n\t\t\t\t\t\t\t\t\t\t<\/figure>\n\t\t\t\t\t\t\t\t\t<\/div>\n\t\t\t\t<\/div>\n\t\t\t\t\t<\/div>\n\t\t<\/div>\n\t\t\t\t<div class=\"elementor-column elementor-col-25 elementor-inner-column elementor-element elementor-element-9b170d1\" data-id=\"9b170d1\" data-element_type=\"column\">\n\t\t\t<div class=\"elementor-widget-wrap elementor-element-populated\">\n\t\t\t\t\t\t<div class=\"elementor-element elementor-element-a082a30 elementor-widget elementor-widget-image\" data-id=\"a082a30\" data-element_type=\"widget\" data-widget_type=\"image.default\">\n\t\t\t\t<div class=\"elementor-widget-container\">\n\t\t\t\t\t\t\t\t\t\t\t\t<figure class=\"wp-caption\">\n\t\t\t\t\t\t\t\t\t\t<img decoding=\"async\" width=\"800\" height=\"534\" src=\"https:\/\/richeskarayib.com\/wp-content\/uploads\/2024\/10\/10336-1024x683.jpg\" class=\"attachment-large size-large wp-image-41186\" alt=\"UNESCO\" srcset=\"https:\/\/richeskarayib.com\/wp-content\/uploads\/2024\/10\/10336-1024x683.jpg 1024w, https:\/\/richeskarayib.com\/wp-content\/uploads\/2024\/10\/10336-300x200.jpg 300w, https:\/\/richeskarayib.com\/wp-content\/uploads\/2024\/10\/10336-768x512.jpg 768w, https:\/\/richeskarayib.com\/wp-content\/uploads\/2024\/10\/10336-1536x1024.jpg 1536w, https:\/\/richeskarayib.com\/wp-content\/uploads\/2024\/10\/10336-2048x1366.jpg 2048w, https:\/\/richeskarayib.com\/wp-content\/uploads\/2024\/10\/10336-1320x880.jpg 1320w\" sizes=\"(max-width: 800px) 100vw, 800px\" \/>\t\t\t\t\t\t\t\t\t\t\t<figcaption class=\"widget-image-caption wp-caption-text\">Venezuela (R\u00e9publique bolivarienne du) : Carnaval d'El Callao<\/figcaption>\n\t\t\t\t\t\t\t\t\t\t<\/figure>\n\t\t\t\t\t\t\t\t\t<\/div>\n\t\t\t\t<\/div>\n\t\t\t\t\t<\/div>\n\t\t<\/div>\n\t\t\t\t<div class=\"elementor-column elementor-col-25 elementor-inner-column elementor-element elementor-element-d4f1aa3\" data-id=\"d4f1aa3\" data-element_type=\"column\">\n\t\t\t<div class=\"elementor-widget-wrap elementor-element-populated\">\n\t\t\t\t\t\t<div class=\"elementor-element elementor-element-e331f40 elementor-widget elementor-widget-image\" data-id=\"e331f40\" data-element_type=\"widget\" data-widget_type=\"image.default\">\n\t\t\t\t<div class=\"elementor-widget-container\">\n\t\t\t\t\t\t\t\t\t\t\t\t<figure class=\"wp-caption\">\n\t\t\t\t\t\t\t\t\t\t<img loading=\"lazy\" decoding=\"async\" width=\"800\" height=\"534\" src=\"https:\/\/richeskarayib.com\/wp-content\/uploads\/2024\/10\/09773-1024x683.jpg\" class=\"attachment-large size-large wp-image-41190\" alt=\"UNESCO\" srcset=\"https:\/\/richeskarayib.com\/wp-content\/uploads\/2024\/10\/09773-1024x683.jpg 1024w, https:\/\/richeskarayib.com\/wp-content\/uploads\/2024\/10\/09773-300x200.jpg 300w, https:\/\/richeskarayib.com\/wp-content\/uploads\/2024\/10\/09773-768x512.jpg 768w, https:\/\/richeskarayib.com\/wp-content\/uploads\/2024\/10\/09773-1536x1024.jpg 1536w, https:\/\/richeskarayib.com\/wp-content\/uploads\/2024\/10\/09773-2048x1365.jpg 2048w, https:\/\/richeskarayib.com\/wp-content\/uploads\/2024\/10\/09773-1320x880.jpg 1320w\" sizes=\"(max-width: 800px) 100vw, 800px\" \/>\t\t\t\t\t\t\t\t\t\t\t<figcaption class=\"widget-image-caption wp-caption-text\">Mexique : La Charrer\u00eda, la tradition \u00e9questre<\/figcaption>\n\t\t\t\t\t\t\t\t\t\t<\/figure>\n\t\t\t\t\t\t\t\t\t<\/div>\n\t\t\t\t<\/div>\n\t\t\t\t\t<\/div>\n\t\t<\/div>\n\t\t\t\t\t<\/div>\n\t\t<\/section>\n\t\t\t\t\t<\/div>\n\t\t<\/div>\n\t\t\t\t\t<\/div>\n\t\t<\/section>\n\t\t\t\t<section class=\"elementor-section elementor-top-section elementor-element elementor-element-837acd0 elementor-section-boxed elementor-section-height-default elementor-section-height-default\" data-id=\"837acd0\" data-element_type=\"section\">\n\t\t\t\t\t\t<div class=\"elementor-container elementor-column-gap-default\">\n\t\t\t\t\t<div class=\"elementor-column elementor-col-100 elementor-top-column elementor-element elementor-element-dbbf243\" data-id=\"dbbf243\" data-element_type=\"column\">\n\t\t\t<div class=\"elementor-widget-wrap elementor-element-populated\">\n\t\t\t\t\t\t<div class=\"elementor-element elementor-element-164d889 elementor-widget elementor-widget-heading\" data-id=\"164d889\" data-element_type=\"widget\" data-widget_type=\"heading.default\">\n\t\t\t\t<div class=\"elementor-widget-container\">\n\t\t\t\t\t<h2 class=\"elementor-heading-title elementor-size-default\">2017<\/h2>\t\t\t\t<\/div>\n\t\t\t\t<\/div>\n\t\t\t\t<div class=\"elementor-element elementor-element-87b244f elementor-widget elementor-widget-text-editor\" data-id=\"87b244f\" data-element_type=\"widget\" data-widget_type=\"text-editor.default\">\n\t\t\t\t<div class=\"elementor-widget-container\">\n\t\t\t\t\t\t\t\t\t\n          <ul>\n<li>\n<p><strong>Colombie et Venezuela (R\u00e9publique bolivarienne du)<\/strong>: <em>Chants de travail des llanos (<a href=\"https:\/\/ich.unesco.org\/en\/USL\/colombian-venezuelan-llano-work-songs-01285\" target=\"_blank\" rel=\"noopener nofollow\">Work Songs of the Plains<\/a> )<\/em><br>Pour l&#8217;<strong>UNESCO,<\/strong> ces chants, chant\u00e9s par les \u00e9leveurs de b\u00e9tail des plaines de l&#8217;Or\u00e9noque, sont une partie essentielle de la vie quotidienne des <em>llaneros<\/em> (hommes des plaines) en Colombie et au Venezuela. Les chants sont utilis\u00e9s pour communiquer avec les animaux et entre les travailleurs, c\u00e9l\u00e9brant le lien profond entre les humains, les animaux et les vastes plaines. <\/p>\n<\/li>\n<li>\n<p><strong>Cuba<\/strong>: <a href=\"https:\/\/ich.unesco.org\/en\/RL\/punto-01297\" target=\"_blank\" rel=\"noopener nofollow\"><em>Punto<\/em><\/a><br>Le <em>Punto<\/em> est un genre musical traditionnel cubain qui associe des paroles po\u00e9tiques \u00e0 des m\u00e9lodies jou\u00e9es sur des instruments \u00e0 cordes. Issu de la musique paysanne espagnole, il est souvent jou\u00e9 lors de rassemblements communautaires et est devenu un \u00e9l\u00e9ment cl\u00e9 de l&#8217;identit\u00e9 culturelle cubaine, symbolisant un lien profond avec la terre et la vie rurale. <\/p>\n<\/li>\n<li>\n<p><strong>Panama<\/strong>: <a href=\"https:\/\/ich.unesco.org\/en\/RL\/artisanal-processes-and-plant-fibers-techniques-for-talcos-crinejas-and-pintas-weaving-of-the-pinta-o-hat-01272\" target=\"_blank\" rel=\"noopener nofollow\"><em>Techniques de tissage des chapeaux talco et des pintas<\/em><\/a><br>Cette tradition implique un savoir-faire artisanal complexe dans le tissage des chapeaux talco, des crinejas et des pintas, souvent fabriqu\u00e9s \u00e0 partir de fibres v\u00e9g\u00e9tales. Cette pratique est transmise de g\u00e9n\u00e9ration en g\u00e9n\u00e9ration, ce qui garantit la pr\u00e9servation de l&#8217;artisanat et de son importance culturelle au Panama. <\/p>\n<\/li>\n<\/ul>\n        \t\t\t\t\t\t\t\t<\/div>\n\t\t\t\t<\/div>\n\t\t\t\t<section class=\"elementor-section elementor-inner-section elementor-element elementor-element-e681bbd elementor-section-boxed elementor-section-height-default elementor-section-height-default\" data-id=\"e681bbd\" data-element_type=\"section\">\n\t\t\t\t\t\t<div class=\"elementor-container elementor-column-gap-default\">\n\t\t\t\t\t<div class=\"elementor-column elementor-col-33 elementor-inner-column elementor-element elementor-element-3b30c98\" data-id=\"3b30c98\" data-element_type=\"column\">\n\t\t\t<div class=\"elementor-widget-wrap elementor-element-populated\">\n\t\t\t\t\t\t<div class=\"elementor-element elementor-element-0105d03 elementor-widget elementor-widget-image\" data-id=\"0105d03\" data-element_type=\"widget\" data-widget_type=\"image.default\">\n\t\t\t\t<div class=\"elementor-widget-container\">\n\t\t\t\t\t\t\t\t\t\t\t\t<figure class=\"wp-caption\">\n\t\t\t\t\t\t\t\t\t\t<img loading=\"lazy\" decoding=\"async\" width=\"800\" height=\"450\" src=\"https:\/\/richeskarayib.com\/wp-content\/uploads\/2024\/10\/11111-1024x576.jpg\" class=\"attachment-large size-large wp-image-41194\" alt=\"UNESCO\" srcset=\"https:\/\/richeskarayib.com\/wp-content\/uploads\/2024\/10\/11111-1024x576.jpg 1024w, https:\/\/richeskarayib.com\/wp-content\/uploads\/2024\/10\/11111-300x169.jpg 300w, https:\/\/richeskarayib.com\/wp-content\/uploads\/2024\/10\/11111-768x432.jpg 768w, https:\/\/richeskarayib.com\/wp-content\/uploads\/2024\/10\/11111-1536x864.jpg 1536w, https:\/\/richeskarayib.com\/wp-content\/uploads\/2024\/10\/11111-1320x743.jpg 1320w, https:\/\/richeskarayib.com\/wp-content\/uploads\/2024\/10\/11111.jpg 1800w\" sizes=\"(max-width: 800px) 100vw, 800px\" \/>\t\t\t\t\t\t\t\t\t\t\t<figcaption class=\"widget-image-caption wp-caption-text\">Colombie et Venezuela (R\u00e9publique bolivarienne du) : Chants de travail des plaines<\/figcaption>\n\t\t\t\t\t\t\t\t\t\t<\/figure>\n\t\t\t\t\t\t\t\t\t<\/div>\n\t\t\t\t<\/div>\n\t\t\t\t\t<\/div>\n\t\t<\/div>\n\t\t\t\t<div class=\"elementor-column elementor-col-33 elementor-inner-column elementor-element elementor-element-f9c4dca\" data-id=\"f9c4dca\" data-element_type=\"column\">\n\t\t\t<div class=\"elementor-widget-wrap elementor-element-populated\">\n\t\t\t\t\t\t<div class=\"elementor-element elementor-element-6fdd8d0 elementor-widget elementor-widget-image\" data-id=\"6fdd8d0\" data-element_type=\"widget\" data-widget_type=\"image.default\">\n\t\t\t\t<div class=\"elementor-widget-container\">\n\t\t\t\t\t\t\t\t\t\t\t\t<figure class=\"wp-caption\">\n\t\t\t\t\t\t\t\t\t\t<img loading=\"lazy\" decoding=\"async\" width=\"800\" height=\"532\" src=\"https:\/\/richeskarayib.com\/wp-content\/uploads\/2024\/10\/11101-1024x681.jpg\" class=\"attachment-large size-large wp-image-41198\" alt=\"UNESCO\" srcset=\"https:\/\/richeskarayib.com\/wp-content\/uploads\/2024\/10\/11101-1024x681.jpg 1024w, https:\/\/richeskarayib.com\/wp-content\/uploads\/2024\/10\/11101-300x200.jpg 300w, https:\/\/richeskarayib.com\/wp-content\/uploads\/2024\/10\/11101-768x511.jpg 768w, https:\/\/richeskarayib.com\/wp-content\/uploads\/2024\/10\/11101-1536x1022.jpg 1536w, https:\/\/richeskarayib.com\/wp-content\/uploads\/2024\/10\/11101-2048x1363.jpg 2048w, https:\/\/richeskarayib.com\/wp-content\/uploads\/2024\/10\/11101-1320x878.jpg 1320w\" sizes=\"(max-width: 800px) 100vw, 800px\" \/>\t\t\t\t\t\t\t\t\t\t\t<figcaption class=\"widget-image-caption wp-caption-text\">Cuba : Punto<\/figcaption>\n\t\t\t\t\t\t\t\t\t\t<\/figure>\n\t\t\t\t\t\t\t\t\t<\/div>\n\t\t\t\t<\/div>\n\t\t\t\t\t<\/div>\n\t\t<\/div>\n\t\t\t\t<div class=\"elementor-column elementor-col-33 elementor-inner-column elementor-element elementor-element-1e42bdd\" data-id=\"1e42bdd\" data-element_type=\"column\">\n\t\t\t<div class=\"elementor-widget-wrap elementor-element-populated\">\n\t\t\t\t\t\t<div class=\"elementor-element elementor-element-2512686 elementor-widget elementor-widget-image\" data-id=\"2512686\" data-element_type=\"widget\" data-widget_type=\"image.default\">\n\t\t\t\t<div class=\"elementor-widget-container\">\n\t\t\t\t\t\t\t\t\t\t\t\t<figure class=\"wp-caption\">\n\t\t\t\t\t\t\t\t\t\t<img loading=\"lazy\" decoding=\"async\" width=\"800\" height=\"600\" src=\"https:\/\/richeskarayib.com\/wp-content\/uploads\/2024\/10\/11021-1024x768.jpg\" class=\"attachment-large size-large wp-image-41202\" alt=\"UNESCO\" srcset=\"https:\/\/richeskarayib.com\/wp-content\/uploads\/2024\/10\/11021-1024x768.jpg 1024w, https:\/\/richeskarayib.com\/wp-content\/uploads\/2024\/10\/11021-300x225.jpg 300w, https:\/\/richeskarayib.com\/wp-content\/uploads\/2024\/10\/11021-768x576.jpg 768w, https:\/\/richeskarayib.com\/wp-content\/uploads\/2024\/10\/11021-1536x1152.jpg 1536w, https:\/\/richeskarayib.com\/wp-content\/uploads\/2024\/10\/11021-2048x1536.jpg 2048w, https:\/\/richeskarayib.com\/wp-content\/uploads\/2024\/10\/11021-1320x990.jpg 1320w\" sizes=\"(max-width: 800px) 100vw, 800px\" \/>\t\t\t\t\t\t\t\t\t\t\t<figcaption class=\"widget-image-caption wp-caption-text\">Panama : Techniques de tissage des chapeaux Talco et des Pintas<\/figcaption>\n\t\t\t\t\t\t\t\t\t\t<\/figure>\n\t\t\t\t\t\t\t\t\t<\/div>\n\t\t\t\t<\/div>\n\t\t\t\t\t<\/div>\n\t\t<\/div>\n\t\t\t\t\t<\/div>\n\t\t<\/section>\n\t\t\t\t\t<\/div>\n\t\t<\/div>\n\t\t\t\t\t<\/div>\n\t\t<\/section>\n\t\t\t\t<section class=\"elementor-section elementor-top-section elementor-element elementor-element-dc6b7d9 elementor-section-boxed elementor-section-height-default elementor-section-height-default\" data-id=\"dc6b7d9\" data-element_type=\"section\">\n\t\t\t\t\t\t<div class=\"elementor-container elementor-column-gap-default\">\n\t\t\t\t\t<div class=\"elementor-column elementor-col-100 elementor-top-column elementor-element elementor-element-053f849\" data-id=\"053f849\" data-element_type=\"column\">\n\t\t\t<div class=\"elementor-widget-wrap elementor-element-populated\">\n\t\t\t\t\t\t<div class=\"elementor-element elementor-element-4f9fe32 elementor-widget elementor-widget-heading\" data-id=\"4f9fe32\" data-element_type=\"widget\" data-widget_type=\"heading.default\">\n\t\t\t\t<div class=\"elementor-widget-container\">\n\t\t\t\t\t<h2 class=\"elementor-heading-title elementor-size-default\">2018<\/h2>\t\t\t\t<\/div>\n\t\t\t\t<\/div>\n\t\t\t\t<div class=\"elementor-element elementor-element-331af2f elementor-widget elementor-widget-text-editor\" data-id=\"331af2f\" data-element_type=\"widget\" data-widget_type=\"text-editor.default\">\n\t\t\t\t<div class=\"elementor-widget-container\">\n\t\t\t\t\t\t\t\t\t\n          <ul>\n<li>\n<p><strong>Jama\u00efque<\/strong>: <a href=\"https:\/\/ich.unesco.org\/en\/RL\/reggae-music-of-jamaica-01398\" target=\"_blank\" rel=\"noopener nofollow\"><em>La musique reggae<\/em><\/a><br>Pour l&#8217;<strong>UNESCO, le <\/strong>reggae, synonyme de Jama\u00efque, est plus qu&#8217;une simple musique ; c&#8217;est une force culturelle qui promeut des messages de paix, d&#8217;amour et de r\u00e9sistance. Popularis\u00e9s par des ic\u00f4nes comme Bob Marley, les rythmes et les messages du reggae ont influenc\u00e9 le monde entier, tout en restant profond\u00e9ment enracin\u00e9s dans les traditions africaines de l&#8217;\u00eele. <\/p>\n<\/li>\n<li>\n<p><strong>Panama<\/strong>: <a href=\"https:\/\/ich.unesco.org\/en\/RL\/ritual-and-festive-expressions-of-the-congo-culture-01383\" target=\"_blank\" rel=\"noopener nofollow\"><em>Expressions et rituels de la culture congolaise<\/em><\/a><br>Au Panama, la culture afro-descendante du Congo est c\u00e9l\u00e9br\u00e9e par des chants, des danses et des rituels. Ces pratiques ne sont pas seulement une forme de divertissement, mais aussi des actes de r\u00e9sistance, transmis par les Africains r\u00e9duits en esclavage \u00e0 leurs descendants. Les rituels du Congo sont ex\u00e9cut\u00e9s lors de festivals qui rappellent les luttes de la diaspora africaine et le combat pour la libert\u00e9.  <\/p>\n<\/li>\n<li>\n<p><strong>Cuba<\/strong>: <em><a href=\"https:\/\/ich.unesco.org\/en\/RL\/festivity-of-las-parrandas-in-the-centre-of-cuba-01405\" target=\"_blank\" rel=\"noopener nofollow\">Parrandas<\/a> (F\u00eates traditionnelles cubaines)<\/em><br>Originaires du centre de Cuba, les <em>parrandas<\/em> sont des f\u00eates anim\u00e9es qui m\u00ealent musique, danse et feux d&#8217;artifice. Ces festivals rassemblent les communaut\u00e9s pour c\u00e9l\u00e9brer leur identit\u00e9 commune et offrent une sc\u00e8ne \u00e0 la cr\u00e9ativit\u00e9 collective. <\/p>\n<\/li>\n<li><b>Mexique<\/b>: <a href=\"https:\/\/ich.unesco.org\/en\/RL\/la-romeria-the-pilgrimage-ritual-cycle-of-la-llevada-the-carrying-of-the-virgin-of-zapopan-01400\" target=\"_blank\" rel=\"noopener nofollow\">La Romer\u00eda<\/a>, cycle de p\u00e8lerinage rituel<br>La Romer\u00eda est une tradition annuelle profond\u00e9ment enracin\u00e9e, c\u00e9l\u00e9br\u00e9e le 12 octobre en l&#8217;honneur de la Vierge de Zapopan. Ce cycle rituel culmine avec plus de deux millions de participants, des danses indig\u00e8nes vibrantes et des activit\u00e9s communautaires qui renforcent les liens sociaux.<\/li>\n<\/ul>\n        \t\t\t\t\t\t\t\t<\/div>\n\t\t\t\t<\/div>\n\t\t\t\t<section class=\"elementor-section elementor-inner-section elementor-element elementor-element-410606a elementor-section-boxed elementor-section-height-default elementor-section-height-default\" data-id=\"410606a\" data-element_type=\"section\">\n\t\t\t\t\t\t<div class=\"elementor-container elementor-column-gap-default\">\n\t\t\t\t\t<div class=\"elementor-column elementor-col-25 elementor-inner-column elementor-element elementor-element-5e8691b\" data-id=\"5e8691b\" data-element_type=\"column\">\n\t\t\t<div class=\"elementor-widget-wrap elementor-element-populated\">\n\t\t\t\t\t\t<div class=\"elementor-element elementor-element-80a3beb elementor-widget elementor-widget-image\" data-id=\"80a3beb\" data-element_type=\"widget\" data-widget_type=\"image.default\">\n\t\t\t\t<div class=\"elementor-widget-container\">\n\t\t\t\t\t\t\t\t\t\t\t\t<figure class=\"wp-caption\">\n\t\t\t\t\t\t\t\t\t\t<img loading=\"lazy\" decoding=\"async\" width=\"800\" height=\"452\" src=\"https:\/\/richeskarayib.com\/wp-content\/uploads\/2024\/10\/11877-1024x579.jpg\" class=\"attachment-large size-large wp-image-41206\" alt=\"UNESCO\" srcset=\"https:\/\/richeskarayib.com\/wp-content\/uploads\/2024\/10\/11877-1024x579.jpg 1024w, https:\/\/richeskarayib.com\/wp-content\/uploads\/2024\/10\/11877-300x170.jpg 300w, https:\/\/richeskarayib.com\/wp-content\/uploads\/2024\/10\/11877-768x434.jpg 768w, https:\/\/richeskarayib.com\/wp-content\/uploads\/2024\/10\/11877-1536x869.jpg 1536w, https:\/\/richeskarayib.com\/wp-content\/uploads\/2024\/10\/11877-2048x1158.jpg 2048w, https:\/\/richeskarayib.com\/wp-content\/uploads\/2024\/10\/11877-1320x747.jpg 1320w\" sizes=\"(max-width: 800px) 100vw, 800px\" \/>\t\t\t\t\t\t\t\t\t\t\t<figcaption class=\"widget-image-caption wp-caption-text\">Jama\u00efque : Musique reggae<\/figcaption>\n\t\t\t\t\t\t\t\t\t\t<\/figure>\n\t\t\t\t\t\t\t\t\t<\/div>\n\t\t\t\t<\/div>\n\t\t\t\t\t<\/div>\n\t\t<\/div>\n\t\t\t\t<div class=\"elementor-column elementor-col-25 elementor-inner-column elementor-element elementor-element-f414e71\" data-id=\"f414e71\" data-element_type=\"column\">\n\t\t\t<div class=\"elementor-widget-wrap elementor-element-populated\">\n\t\t\t\t\t\t<div class=\"elementor-element elementor-element-f07d888 elementor-widget elementor-widget-image\" data-id=\"f07d888\" data-element_type=\"widget\" data-widget_type=\"image.default\">\n\t\t\t\t<div class=\"elementor-widget-container\">\n\t\t\t\t\t\t\t\t\t\t\t\t<figure class=\"wp-caption\">\n\t\t\t\t\t\t\t\t\t\t<img loading=\"lazy\" decoding=\"async\" width=\"800\" height=\"534\" src=\"https:\/\/richeskarayib.com\/wp-content\/uploads\/2024\/10\/11751-1024x683.jpg\" class=\"attachment-large size-large wp-image-41210\" alt=\"UNESCO\" srcset=\"https:\/\/richeskarayib.com\/wp-content\/uploads\/2024\/10\/11751-1024x683.jpg 1024w, https:\/\/richeskarayib.com\/wp-content\/uploads\/2024\/10\/11751-300x200.jpg 300w, https:\/\/richeskarayib.com\/wp-content\/uploads\/2024\/10\/11751-768x512.jpg 768w, https:\/\/richeskarayib.com\/wp-content\/uploads\/2024\/10\/11751-1536x1024.jpg 1536w, https:\/\/richeskarayib.com\/wp-content\/uploads\/2024\/10\/11751-2048x1365.jpg 2048w, https:\/\/richeskarayib.com\/wp-content\/uploads\/2024\/10\/11751-1320x880.jpg 1320w\" sizes=\"(max-width: 800px) 100vw, 800px\" \/>\t\t\t\t\t\t\t\t\t\t\t<figcaption class=\"widget-image-caption wp-caption-text\">Panama : Expressions et rituels de la culture congolaise<\/figcaption>\n\t\t\t\t\t\t\t\t\t\t<\/figure>\n\t\t\t\t\t\t\t\t\t<\/div>\n\t\t\t\t<\/div>\n\t\t\t\t\t<\/div>\n\t\t<\/div>\n\t\t\t\t<div class=\"elementor-column elementor-col-25 elementor-inner-column elementor-element elementor-element-4c4e69d\" data-id=\"4c4e69d\" data-element_type=\"column\">\n\t\t\t<div class=\"elementor-widget-wrap elementor-element-populated\">\n\t\t\t\t\t\t<div class=\"elementor-element elementor-element-d5b06ca elementor-widget elementor-widget-image\" data-id=\"d5b06ca\" data-element_type=\"widget\" data-widget_type=\"image.default\">\n\t\t\t\t<div class=\"elementor-widget-container\">\n\t\t\t\t\t\t\t\t\t\t\t\t<figure class=\"wp-caption\">\n\t\t\t\t\t\t\t\t\t\t<img loading=\"lazy\" decoding=\"async\" width=\"800\" height=\"534\" src=\"https:\/\/richeskarayib.com\/wp-content\/uploads\/2024\/10\/11905-1024x683.jpg\" class=\"attachment-large size-large wp-image-41226\" alt=\"UNESCO\" srcset=\"https:\/\/richeskarayib.com\/wp-content\/uploads\/2024\/10\/11905-1024x683.jpg 1024w, https:\/\/richeskarayib.com\/wp-content\/uploads\/2024\/10\/11905-300x200.jpg 300w, https:\/\/richeskarayib.com\/wp-content\/uploads\/2024\/10\/11905-768x512.jpg 768w, https:\/\/richeskarayib.com\/wp-content\/uploads\/2024\/10\/11905-1536x1024.jpg 1536w, https:\/\/richeskarayib.com\/wp-content\/uploads\/2024\/10\/11905-2048x1365.jpg 2048w, https:\/\/richeskarayib.com\/wp-content\/uploads\/2024\/10\/11905-1320x880.jpg 1320w\" sizes=\"(max-width: 800px) 100vw, 800px\" \/>\t\t\t\t\t\t\t\t\t\t\t<figcaption class=\"widget-image-caption wp-caption-text\">Cuba : Parrandas (f\u00eates traditionnelles cubaines)<\/figcaption>\n\t\t\t\t\t\t\t\t\t\t<\/figure>\n\t\t\t\t\t\t\t\t\t<\/div>\n\t\t\t\t<\/div>\n\t\t\t\t\t<\/div>\n\t\t<\/div>\n\t\t\t\t<div class=\"elementor-column elementor-col-25 elementor-inner-column elementor-element elementor-element-b08d385\" data-id=\"b08d385\" data-element_type=\"column\">\n\t\t\t<div class=\"elementor-widget-wrap elementor-element-populated\">\n\t\t\t\t\t\t<div class=\"elementor-element elementor-element-c8150ca elementor-widget elementor-widget-image\" data-id=\"c8150ca\" data-element_type=\"widget\" data-widget_type=\"image.default\">\n\t\t\t\t<div class=\"elementor-widget-container\">\n\t\t\t\t\t\t\t\t\t\t\t\t<figure class=\"wp-caption\">\n\t\t\t\t\t\t\t\t\t\t<img loading=\"lazy\" decoding=\"async\" width=\"800\" height=\"530\" src=\"https:\/\/richeskarayib.com\/wp-content\/uploads\/2024\/10\/11889-1024x678.jpg\" class=\"attachment-large size-large wp-image-41230\" alt=\"UNESCO\" srcset=\"https:\/\/richeskarayib.com\/wp-content\/uploads\/2024\/10\/11889-1024x678.jpg 1024w, https:\/\/richeskarayib.com\/wp-content\/uploads\/2024\/10\/11889-300x199.jpg 300w, https:\/\/richeskarayib.com\/wp-content\/uploads\/2024\/10\/11889-768x509.jpg 768w, https:\/\/richeskarayib.com\/wp-content\/uploads\/2024\/10\/11889-1536x1017.jpg 1536w, https:\/\/richeskarayib.com\/wp-content\/uploads\/2024\/10\/11889-2048x1356.jpg 2048w, https:\/\/richeskarayib.com\/wp-content\/uploads\/2024\/10\/11889-1320x874.jpg 1320w\" sizes=\"(max-width: 800px) 100vw, 800px\" \/>\t\t\t\t\t\t\t\t\t\t\t<figcaption class=\"widget-image-caption wp-caption-text\">Mexique : La Romer\u00eda, cycle de p\u00e8lerinage rituel<\/figcaption>\n\t\t\t\t\t\t\t\t\t\t<\/figure>\n\t\t\t\t\t\t\t\t\t<\/div>\n\t\t\t\t<\/div>\n\t\t\t\t\t<\/div>\n\t\t<\/div>\n\t\t\t\t\t<\/div>\n\t\t<\/section>\n\t\t\t\t\t<\/div>\n\t\t<\/div>\n\t\t\t\t\t<\/div>\n\t\t<\/section>\n\t\t\t\t<section class=\"elementor-section elementor-top-section elementor-element elementor-element-e367f83 elementor-section-boxed elementor-section-height-default elementor-section-height-default\" data-id=\"e367f83\" data-element_type=\"section\">\n\t\t\t\t\t\t<div class=\"elementor-container elementor-column-gap-default\">\n\t\t\t\t\t<div class=\"elementor-column elementor-col-100 elementor-top-column elementor-element elementor-element-01f0d65\" data-id=\"01f0d65\" data-element_type=\"column\">\n\t\t\t<div class=\"elementor-widget-wrap elementor-element-populated\">\n\t\t\t\t\t\t<div class=\"elementor-element elementor-element-98e642f elementor-widget elementor-widget-heading\" data-id=\"98e642f\" data-element_type=\"widget\" data-widget_type=\"heading.default\">\n\t\t\t\t<div class=\"elementor-widget-container\">\n\t\t\t\t\t<h2 class=\"elementor-heading-title elementor-size-default\">2019<\/h2>\t\t\t\t<\/div>\n\t\t\t\t<\/div>\n\t\t\t\t<div class=\"elementor-element elementor-element-8da5262 elementor-widget elementor-widget-text-editor\" data-id=\"8da5262\" data-element_type=\"widget\" data-widget_type=\"text-editor.default\">\n\t\t\t\t<div class=\"elementor-widget-container\">\n\t\t\t\t\t\t\t\t\t\n          <ul>\n<li>\n<p><strong>R\u00e9publique dominicaine<\/strong>: <a href=\"https:\/\/ich.unesco.org\/en\/RL\/music-and-dance-of-dominican-bachata-01514?include=film.inc.php&amp;id=50650&amp;width=700&amp;call=film\" target=\"_blank\" rel=\"noopener nofollow\"><em>Musique et danse de la Bachata<\/em><\/a><br>Pour l&#8217;<strong>UNESCO, <\/strong>la Bachata, connue pour ses paroles romantiques et ses m\u00e9lodies pleines d&#8217;\u00e2me, est un genre embl\u00e9matique de la R\u00e9publique dominicaine. Enracin\u00e9e dans la vie rurale, elle est devenue, apr\u00e8s des d\u00e9buts modestes, un symbole de l&#8217;identit\u00e9 dominicaine, m\u00ealant des influences africaines, europ\u00e9ennes et indig\u00e8nes pour cr\u00e9er un son unique. <\/p>\n<\/li>\n<li>\n<p><strong>Mexique<\/strong>: <a href=\"https:\/\/ich.unesco.org\/en\/RL\/artisanal-talavera-of-puebla-and-tlaxcala-mexico-and-ceramics-of-talavera-de-la-reina-and-el-puente-del-arzobispo-spain-making-process-01462\" target=\"_blank\" rel=\"noopener nofollow\"><em>Poterie artisanale Talavera<\/em><\/a><br>La fabrication de la poterie <em>Talavera<\/em> \u00e0 Puebla (Mexique) et en Espagne est une tradition s\u00e9culaire qui exige comp\u00e9tence et patience. Les dessins \u00e9clatants et les motifs complexes refl\u00e8tent les \u00e9changes culturels entre les deux r\u00e9gions, ce qui en fait un symbole d&#8217;h\u00e9ritage commun. <\/p>\n<\/li>\n<li>\n<p><strong>Venezuela (R\u00e9publique bolivarienne du)<\/strong>: <a href=\"https:\/\/ich.unesco.org\/en\/BSP\/biocultural-programme-for-the-safeguarding-of-the-tradition-of-the-blessed-palm-in-venezuela-01464?include=film_inc.php&amp;id=48620&amp;width=700&amp;call=film\" target=\"_blank\" rel=\"noopener nofollow\"><em>Programme bioculturel pour la sauvegarde de la tradition du palmier<\/em><\/a><br>Ce programme vise \u00e0 pr\u00e9server les connaissances et les pratiques associ\u00e9es \u00e0 la r\u00e9colte et \u00e0 la transformation du palmier b\u00e9ni<em>(palma bendita<\/em>) au Venezuela. Il contribue \u00e0 maintenir les traditions locales tout en promouvant la durabilit\u00e9 environnementale. <\/p>\n<\/li>\n<li><b>Colombie :<\/b> <a href=\"https:\/\/ich.unesco.org\/en\/BSP\/safeguarding-strategy-of-traditional-crafts-for-peace-building-01480#:~:text=%C2%A9%20Ministry%20of%20Culture%20of,&#039;learning%20by%20doing&#039;%20method.\" target=\"_blank\" rel=\"noopener nofollow\">Strat\u00e9gie de sauvegarde de l&#8217;artisanat traditionnel pour la consolidation de la paix<\/a><br>Cette strat\u00e9gie vise \u00e0 pr\u00e9server l&#8217;artisanat traditionnel par la transmission interg\u00e9n\u00e9rationnelle des connaissances et l&#8217;apprentissage pratique, en responsabilisant les jeunes vuln\u00e9rables et en encourageant l&#8217;entreprenariat culturel pour contribuer \u00e0 la consolidation de la paix et \u00e0 l&#8217;inclusion sociale.<\/li>\n<\/ul>\n        \t\t\t\t\t\t\t\t<\/div>\n\t\t\t\t<\/div>\n\t\t\t\t<section class=\"elementor-section elementor-inner-section elementor-element elementor-element-48de8cb elementor-section-boxed elementor-section-height-default elementor-section-height-default\" data-id=\"48de8cb\" data-element_type=\"section\">\n\t\t\t\t\t\t<div class=\"elementor-container elementor-column-gap-default\">\n\t\t\t\t\t<div class=\"elementor-column elementor-col-25 elementor-inner-column elementor-element elementor-element-f4df0a5\" data-id=\"f4df0a5\" data-element_type=\"column\">\n\t\t\t<div class=\"elementor-widget-wrap elementor-element-populated\">\n\t\t\t\t\t\t<div class=\"elementor-element elementor-element-276d057 elementor-widget elementor-widget-image\" data-id=\"276d057\" data-element_type=\"widget\" data-widget_type=\"image.default\">\n\t\t\t\t<div class=\"elementor-widget-container\">\n\t\t\t\t\t\t\t\t\t\t\t\t<figure class=\"wp-caption\">\n\t\t\t\t\t\t\t\t\t\t<img loading=\"lazy\" decoding=\"async\" width=\"800\" height=\"472\" src=\"https:\/\/richeskarayib.com\/wp-content\/uploads\/2024\/10\/13071-1024x604.jpg\" class=\"attachment-large size-large wp-image-41234\" alt=\"UNESCO\" srcset=\"https:\/\/richeskarayib.com\/wp-content\/uploads\/2024\/10\/13071-1024x604.jpg 1024w, https:\/\/richeskarayib.com\/wp-content\/uploads\/2024\/10\/13071-300x177.jpg 300w, https:\/\/richeskarayib.com\/wp-content\/uploads\/2024\/10\/13071-768x453.jpg 768w, https:\/\/richeskarayib.com\/wp-content\/uploads\/2024\/10\/13071-1536x906.jpg 1536w, https:\/\/richeskarayib.com\/wp-content\/uploads\/2024\/10\/13071-2048x1208.jpg 2048w, https:\/\/richeskarayib.com\/wp-content\/uploads\/2024\/10\/13071-1320x778.jpg 1320w\" sizes=\"(max-width: 800px) 100vw, 800px\" \/>\t\t\t\t\t\t\t\t\t\t\t<figcaption class=\"widget-image-caption wp-caption-text\">R\u00e9publique dominicaine : Musique et danse de la Bachata<\/figcaption>\n\t\t\t\t\t\t\t\t\t\t<\/figure>\n\t\t\t\t\t\t\t\t\t<\/div>\n\t\t\t\t<\/div>\n\t\t\t\t\t<\/div>\n\t\t<\/div>\n\t\t\t\t<div class=\"elementor-column elementor-col-25 elementor-inner-column elementor-element elementor-element-bef63ff\" data-id=\"bef63ff\" data-element_type=\"column\">\n\t\t\t<div class=\"elementor-widget-wrap elementor-element-populated\">\n\t\t\t\t\t\t<div class=\"elementor-element elementor-element-c5e4637 elementor-widget elementor-widget-image\" data-id=\"c5e4637\" data-element_type=\"widget\" data-widget_type=\"image.default\">\n\t\t\t\t<div class=\"elementor-widget-container\">\n\t\t\t\t\t\t\t\t\t\t\t\t<figure class=\"wp-caption\">\n\t\t\t\t\t\t\t\t\t\t<img loading=\"lazy\" decoding=\"async\" width=\"800\" height=\"534\" src=\"https:\/\/richeskarayib.com\/wp-content\/uploads\/2024\/10\/12585-1024x683.jpg\" class=\"attachment-large size-large wp-image-41238\" alt=\"UNESCO\" srcset=\"https:\/\/richeskarayib.com\/wp-content\/uploads\/2024\/10\/12585-1024x683.jpg 1024w, https:\/\/richeskarayib.com\/wp-content\/uploads\/2024\/10\/12585-300x200.jpg 300w, https:\/\/richeskarayib.com\/wp-content\/uploads\/2024\/10\/12585-768x512.jpg 768w, https:\/\/richeskarayib.com\/wp-content\/uploads\/2024\/10\/12585-1536x1024.jpg 1536w, https:\/\/richeskarayib.com\/wp-content\/uploads\/2024\/10\/12585-2048x1365.jpg 2048w, https:\/\/richeskarayib.com\/wp-content\/uploads\/2024\/10\/12585-1320x880.jpg 1320w\" sizes=\"(max-width: 800px) 100vw, 800px\" \/>\t\t\t\t\t\t\t\t\t\t\t<figcaption class=\"widget-image-caption wp-caption-text\">Mexique : Poterie artisanale Talavera<\/figcaption>\n\t\t\t\t\t\t\t\t\t\t<\/figure>\n\t\t\t\t\t\t\t\t\t<\/div>\n\t\t\t\t<\/div>\n\t\t\t\t\t<\/div>\n\t\t<\/div>\n\t\t\t\t<div class=\"elementor-column elementor-col-25 elementor-inner-column elementor-element elementor-element-4bafaab\" data-id=\"4bafaab\" data-element_type=\"column\">\n\t\t\t<div class=\"elementor-widget-wrap elementor-element-populated\">\n\t\t\t\t\t\t<div class=\"elementor-element elementor-element-8f5b73a elementor-widget elementor-widget-image\" data-id=\"8f5b73a\" data-element_type=\"widget\" data-widget_type=\"image.default\">\n\t\t\t\t<div class=\"elementor-widget-container\">\n\t\t\t\t\t\t\t\t\t\t\t\t<figure class=\"wp-caption\">\n\t\t\t\t\t\t\t\t\t\t<img loading=\"lazy\" decoding=\"async\" width=\"800\" height=\"533\" src=\"https:\/\/richeskarayib.com\/wp-content\/uploads\/2024\/10\/12705-1024x682.jpg\" class=\"attachment-large size-large wp-image-41242\" alt=\"UNESCO\" srcset=\"https:\/\/richeskarayib.com\/wp-content\/uploads\/2024\/10\/12705-1024x682.jpg 1024w, https:\/\/richeskarayib.com\/wp-content\/uploads\/2024\/10\/12705-300x200.jpg 300w, https:\/\/richeskarayib.com\/wp-content\/uploads\/2024\/10\/12705-768x512.jpg 768w, https:\/\/richeskarayib.com\/wp-content\/uploads\/2024\/10\/12705-1536x1024.jpg 1536w, https:\/\/richeskarayib.com\/wp-content\/uploads\/2024\/10\/12705-1320x880.jpg 1320w, https:\/\/richeskarayib.com\/wp-content\/uploads\/2024\/10\/12705.jpg 2000w\" sizes=\"(max-width: 800px) 100vw, 800px\" \/>\t\t\t\t\t\t\t\t\t\t\t<figcaption class=\"widget-image-caption wp-caption-text\">Venezuela (R\u00e9publique bolivarienne du) : Programme bioculturel pour la sauvegarde de la tradition du palmier<\/figcaption>\n\t\t\t\t\t\t\t\t\t\t<\/figure>\n\t\t\t\t\t\t\t\t\t<\/div>\n\t\t\t\t<\/div>\n\t\t\t\t\t<\/div>\n\t\t<\/div>\n\t\t\t\t<div class=\"elementor-column elementor-col-25 elementor-inner-column elementor-element elementor-element-42ff52f\" data-id=\"42ff52f\" data-element_type=\"column\">\n\t\t\t<div class=\"elementor-widget-wrap elementor-element-populated\">\n\t\t\t\t\t\t<div class=\"elementor-element elementor-element-83f8711 elementor-widget elementor-widget-image\" data-id=\"83f8711\" data-element_type=\"widget\" data-widget_type=\"image.default\">\n\t\t\t\t<div class=\"elementor-widget-container\">\n\t\t\t\t\t\t\t\t\t\t\t\t<figure class=\"wp-caption\">\n\t\t\t\t\t\t\t\t\t\t<img loading=\"lazy\" decoding=\"async\" width=\"800\" height=\"534\" src=\"https:\/\/richeskarayib.com\/wp-content\/uploads\/2024\/10\/12721-1024x683.jpg\" class=\"attachment-large size-large wp-image-41254\" alt=\"UNESCO\" srcset=\"https:\/\/richeskarayib.com\/wp-content\/uploads\/2024\/10\/12721-1024x683.jpg 1024w, https:\/\/richeskarayib.com\/wp-content\/uploads\/2024\/10\/12721-300x200.jpg 300w, https:\/\/richeskarayib.com\/wp-content\/uploads\/2024\/10\/12721-768x512.jpg 768w, https:\/\/richeskarayib.com\/wp-content\/uploads\/2024\/10\/12721-1536x1024.jpg 1536w, https:\/\/richeskarayib.com\/wp-content\/uploads\/2024\/10\/12721-2048x1365.jpg 2048w, https:\/\/richeskarayib.com\/wp-content\/uploads\/2024\/10\/12721-1320x880.jpg 1320w\" sizes=\"(max-width: 800px) 100vw, 800px\" \/>\t\t\t\t\t\t\t\t\t\t\t<figcaption class=\"widget-image-caption wp-caption-text\">Colombie : Strat\u00e9gie de sauvegarde de l'artisanat traditionnel pour la consolidation de la paix<\/figcaption>\n\t\t\t\t\t\t\t\t\t\t<\/figure>\n\t\t\t\t\t\t\t\t\t<\/div>\n\t\t\t\t<\/div>\n\t\t\t\t\t<\/div>\n\t\t<\/div>\n\t\t\t\t\t<\/div>\n\t\t<\/section>\n\t\t\t\t\t<\/div>\n\t\t<\/div>\n\t\t\t\t\t<\/div>\n\t\t<\/section>\n\t\t\t\t<section class=\"elementor-section elementor-top-section elementor-element elementor-element-4d5fbeb elementor-section-boxed elementor-section-height-default elementor-section-height-default\" data-id=\"4d5fbeb\" data-element_type=\"section\">\n\t\t\t\t\t\t<div class=\"elementor-container elementor-column-gap-default\">\n\t\t\t\t\t<div class=\"elementor-column elementor-col-100 elementor-top-column elementor-element elementor-element-da6a5c3\" data-id=\"da6a5c3\" data-element_type=\"column\">\n\t\t\t<div class=\"elementor-widget-wrap elementor-element-populated\">\n\t\t\t\t\t\t<div class=\"elementor-element elementor-element-dee4a04 elementor-widget elementor-widget-text-editor\" data-id=\"dee4a04\" data-element_type=\"widget\" data-widget_type=\"text-editor.default\">\n\t\t\t\t<div class=\"elementor-widget-container\">\n\t\t\t\t\t\t\t\t\t<p>\n            <strong>Les pratiques culturelles reconnues par l&#8217;UNESCO de 2016 \u00e0 2019 illustrent la diversit\u00e9 et la complexit\u00e9 du <a href=\"https:\/\/richeskarayib.com\/fr\/rapport-special-partie-2-2012-2015-les-tresors-culturels-des-caraibes-patrimoine-immateriel-reconnu-par-lunesco\/\" target=\"_blank\" rel=\"noopener\">patrimoine carib\u00e9en<\/a>. De la musique et de la danse \u00e0 l&#8217;artisanat traditionnel, ces \u00e9l\u00e9ments soulignent l&#8217;importance de pr\u00e9server les pratiques culturelles qui d\u00e9finissent les identit\u00e9s nationales. Dans notre dernier article, nous explorerons les reconnaissances de l&#8217;UNESCO de 2020 \u00e0 2023, d\u00e9voilant davantage le <a href=\"https:\/\/richeskarayib.com\/fr\/rapport-special-partie-1-2008-2011-les-tresors-culturels-des-caraibes-patrimoine-immateriel-reconnu-par-lunesco\/\" target=\"_blank\" rel=\"noopener\">riche patrimoine de la<\/a> r\u00e9gion des <a href=\"https:\/\/richeskarayib.com\/fr\/rapport-special-partie-1-2008-2011-les-tresors-culturels-des-caraibes-patrimoine-immateriel-reconnu-par-lunesco\/\" target=\"_blank\" rel=\"noopener\">Cara\u00efbes<\/a>.  <\/strong>\n          <\/p>\n\t\t\t\t\t\t\t\t<\/div>\n\t\t\t\t<\/div>\n\t\t\t\t\t<\/div>\n\t\t<\/div>\n\t\t\t\t\t<\/div>\n\t\t<\/section>\n\t\t\t\t<\/div>\n\t\t","protected":false},"excerpt":{"rendered":"<p>C\u00e9l\u00e9bration de la diversit\u00e9 culturelle des Cara\u00efbes Entre 2016 et 2019, l&#8217;UNESCO a continu\u00e9 \u00e0 reconna\u00eetre le riche patrimoine culturel immat\u00e9riel des Cara\u00efbes, en c\u00e9l\u00e9brant les traditions qui mettent en valeur la diversit\u00e9 et l&#8217;histoire dynamique de la r\u00e9gion. Ces reconnaissances de l&#8217;UNESCO r\u00e9v\u00e8lent les pratiques et coutumes culturelles profondes qui ont surv\u00e9cu aux g\u00e9n\u00e9rations, [&hellip;]<\/p>\n","protected":false},"author":47,"featured_media":41749,"comment_status":"open","ping_status":"open","sticky":false,"template":"","format":"standard","meta":{"_acf_changed":false,"footnotes":""},"categories":[1468],"tags":[827,1573,823,1566,1482,1570],"class_list":["post-41755","post","type-post","status-publish","format-standard","has-post-thumbnail","hentry","category-histoire-patrimoine","tag-colombie-fr","tag-cuba-fr","tag-jamaique-fr","tag-mexique-fr","tag-republique-dominicaine","tag-venezuela"],"acf":[],"_links":{"self":[{"href":"https:\/\/richeskarayib.com\/fr\/wp-json\/wp\/v2\/posts\/41755","targetHints":{"allow":["GET"]}}],"collection":[{"href":"https:\/\/richeskarayib.com\/fr\/wp-json\/wp\/v2\/posts"}],"about":[{"href":"https:\/\/richeskarayib.com\/fr\/wp-json\/wp\/v2\/types\/post"}],"author":[{"embeddable":true,"href":"https:\/\/richeskarayib.com\/fr\/wp-json\/wp\/v2\/users\/47"}],"replies":[{"embeddable":true,"href":"https:\/\/richeskarayib.com\/fr\/wp-json\/wp\/v2\/comments?post=41755"}],"version-history":[{"count":0,"href":"https:\/\/richeskarayib.com\/fr\/wp-json\/wp\/v2\/posts\/41755\/revisions"}],"wp:featuredmedia":[{"embeddable":true,"href":"https:\/\/richeskarayib.com\/fr\/wp-json\/wp\/v2\/media\/41749"}],"wp:attachment":[{"href":"https:\/\/richeskarayib.com\/fr\/wp-json\/wp\/v2\/media?parent=41755"}],"wp:term":[{"taxonomy":"category","embeddable":true,"href":"https:\/\/richeskarayib.com\/fr\/wp-json\/wp\/v2\/categories?post=41755"},{"taxonomy":"post_tag","embeddable":true,"href":"https:\/\/richeskarayib.com\/fr\/wp-json\/wp\/v2\/tags?post=41755"}],"curies":[{"name":"wp","href":"https:\/\/api.w.org\/{rel}","templated":true}]}}