{"id":41798,"date":"2024-11-08T19:45:17","date_gmt":"2024-11-08T19:45:17","guid":{"rendered":"https:\/\/richeskarayib.com\/sites-historiques-de-cuba-un-patrimoine-precieux-a-preserver\/"},"modified":"2024-11-08T19:45:28","modified_gmt":"2024-11-08T19:45:28","slug":"sites-historiques-de-cuba-un-patrimoine-precieux-a-preserver","status":"publish","type":"post","link":"https:\/\/richeskarayib.com\/fr\/sites-historiques-de-cuba-un-patrimoine-precieux-a-preserver\/","title":{"rendered":"Sites historiques de Cuba : Un patrimoine pr\u00e9cieux \u00e0 pr\u00e9server"},"content":{"rendered":"\t\t<div data-elementor-type=\"wp-post\" data-elementor-id=\"41798\" class=\"elementor elementor-41798 elementor-41489\" data-elementor-post-type=\"post\">\n\t\t\t\t\t\t<section class=\"elementor-section elementor-top-section elementor-element elementor-element-b6a4060 elementor-section-boxed elementor-section-height-default elementor-section-height-default\" data-id=\"b6a4060\" data-element_type=\"section\">\n\t\t\t\t\t\t<div class=\"elementor-container elementor-column-gap-default\">\n\t\t\t\t\t<div class=\"elementor-column elementor-col-100 elementor-top-column elementor-element elementor-element-83f828f\" data-id=\"83f828f\" data-element_type=\"column\">\n\t\t\t<div class=\"elementor-widget-wrap elementor-element-populated\">\n\t\t\t\t\t\t<div class=\"elementor-element elementor-element-d59dd5b elementor-widget elementor-widget-text-editor\" data-id=\"d59dd5b\" data-element_type=\"widget\" data-widget_type=\"text-editor.default\">\n\t\t\t\t<div class=\"elementor-widget-container\">\n\t\t\t\t\t\t\t\t\t<p>\n            <span style=\"font-weight: 400;\">Cuba, la plus grande \u00eele des Cara\u00efbes, est un v\u00e9ritable tr\u00e9sor de culture, d&#8217;histoire et d&#8217;architecture. Des villes coloniales aux vestiges des r\u00e9volutions pass\u00e9es, l&#8217;\u00eele offre une multitude de possibilit\u00e9s.   <\/span><br \/>\n            <a href=\"https:\/\/richeskarayib.com\/fr\/rapport-special-partie-1-2008-2011-les-tresors-culturels-des-caraibes-patrimoine-immateriel-reconnu-par-lunesco\/\" target=\"_blank\" rel=\"noopener\"><br \/>\n              <b>sites historiques de Cuba<\/b><br \/>\n            <\/a><br \/>\n            <span style=\"font-weight: 400;\">  qui t\u00e9moignent de son riche patrimoine. Dans cet article, nous allons explorer ces sites embl\u00e9matiques, l&#8217;importance de leur pr\u00e9servation et les d\u00e9fis auxquels ils sont confront\u00e9s, ainsi que les efforts d\u00e9ploy\u00e9s pour sauvegarder cet h\u00e9ritage culturel inestimable. <\/span>\n          <\/p>\n\t\t\t\t\t\t\t\t<\/div>\n\t\t\t\t<\/div>\n\t\t\t\t\t<\/div>\n\t\t<\/div>\n\t\t\t\t\t<\/div>\n\t\t<\/section>\n\t\t\t\t<section class=\"elementor-section elementor-top-section elementor-element elementor-element-81b7c64 elementor-section-boxed elementor-section-height-default elementor-section-height-default\" data-id=\"81b7c64\" data-element_type=\"section\">\n\t\t\t\t\t\t<div class=\"elementor-container elementor-column-gap-default\">\n\t\t\t\t\t<div class=\"elementor-column elementor-col-100 elementor-top-column elementor-element elementor-element-cce8092\" data-id=\"cce8092\" data-element_type=\"column\">\n\t\t\t<div class=\"elementor-widget-wrap elementor-element-populated\">\n\t\t\t\t\t\t<div class=\"elementor-element elementor-element-a18761d elementor-widget elementor-widget-heading\" data-id=\"a18761d\" data-element_type=\"widget\" data-widget_type=\"heading.default\">\n\t\t\t\t<div class=\"elementor-widget-container\">\n\t\t\t\t\t<h2 class=\"elementor-heading-title elementor-size-default\">L'importance de la pr\u00e9servation du patrimoine historique<\/h2>\t\t\t\t<\/div>\n\t\t\t\t<\/div>\n\t\t\t\t<div class=\"elementor-element elementor-element-f4f4ff3 elementor-widget elementor-widget-text-editor\" data-id=\"f4f4ff3\" data-element_type=\"widget\" data-widget_type=\"text-editor.default\">\n\t\t\t\t<div class=\"elementor-widget-container\">\n\t\t\t\t\t\t\t\t\t<p><span style=\"font-weight: 400;\">Pr\u00e9server <\/span><a href=\"https:\/\/whc.unesco.org\/fr\/etatsparties\/cu\" target=\"_blank\" rel=\"noopener nofollow\"><b>les sites historiques de Cuba<\/b><\/a><span style=\"font-weight: 400;\">  est cruciale pour le maintien de l&#8217;identit\u00e9 culturelle d&#8217;un pays. \u00c0 Cuba, ces sites ne sont pas simplement des vestiges du pass\u00e9 ; ils sont les t\u00e9moins vivants de l&#8217;histoire complexe de l&#8217;\u00eele, de ses luttes, de ses triomphes et de la diversit\u00e9 de ses influences culturelles. En outre, la conservation de ces sites contribue au d\u00e9veloppement \u00e9conomique local, en particulier gr\u00e2ce au tourisme. Les touristes affluent \u00e0 Cuba pour faire l&#8217;exp\u00e9rience de sa culture et de sa culture.     <\/span><b>Les sites historiques de Cuba<\/b><span style=\"font-weight: 400;\"> jouent un r\u00f4le important en attirant les visiteurs, ce qui permet de soutenir les \u00e9conomies locales.<\/span><\/p>\n<p><span style=\"font-weight: 400;\">La pr\u00e9servation des <\/span><b>sites historiques de Cuba<\/b><span style=\"font-weight: 400;\">  favorise \u00e9galement un sentiment de fiert\u00e9 au sein des communaut\u00e9s locales. En pr\u00e9servant leur patrimoine culturel, les Cubains peuvent renouer avec leurs racines et partager leurs histoires avec les g\u00e9n\u00e9rations futures. Ce lien est vital pour la durabilit\u00e9 culturelle, car il garantit que les traditions et les valeurs ne se perdent pas au fil du temps.  <\/span><\/p>\n\t\t\t\t\t\t\t\t<\/div>\n\t\t\t\t<\/div>\n\t\t\t\t\t<\/div>\n\t\t<\/div>\n\t\t\t\t\t<\/div>\n\t\t<\/section>\n\t\t\t\t<section class=\"elementor-section elementor-top-section elementor-element elementor-element-c1d27ad elementor-section-boxed elementor-section-height-default elementor-section-height-default\" data-id=\"c1d27ad\" data-element_type=\"section\">\n\t\t\t\t\t\t<div class=\"elementor-container elementor-column-gap-default\">\n\t\t\t\t\t<div class=\"elementor-column elementor-col-100 elementor-top-column elementor-element elementor-element-904b487\" data-id=\"904b487\" data-element_type=\"column\">\n\t\t\t<div class=\"elementor-widget-wrap elementor-element-populated\">\n\t\t\t\t\t\t<div class=\"elementor-element elementor-element-7bc9da5 elementor-widget elementor-widget-heading\" data-id=\"7bc9da5\" data-element_type=\"widget\" data-widget_type=\"heading.default\">\n\t\t\t\t<div class=\"elementor-widget-container\">\n\t\t\t\t\t<h2 class=\"elementor-heading-title elementor-size-default\">Sites historiques embl\u00e9matiques de Cuba<\/h2>\t\t\t\t<\/div>\n\t\t\t\t<\/div>\n\t\t\t\t<section class=\"elementor-section elementor-inner-section elementor-element elementor-element-afca6cc elementor-section-boxed elementor-section-height-default elementor-section-height-default\" data-id=\"afca6cc\" data-element_type=\"section\">\n\t\t\t\t\t\t<div class=\"elementor-container elementor-column-gap-default\">\n\t\t\t\t\t<div class=\"elementor-column elementor-col-100 elementor-inner-column elementor-element elementor-element-8739f82\" data-id=\"8739f82\" data-element_type=\"column\">\n\t\t\t<div class=\"elementor-widget-wrap elementor-element-populated\">\n\t\t\t\t\t\t<div class=\"elementor-element elementor-element-f105cdb elementor-widget elementor-widget-text-editor\" data-id=\"f105cdb\" data-element_type=\"widget\" data-widget_type=\"text-editor.default\">\n\t\t\t\t<div class=\"elementor-widget-container\">\n\t\t\t\t\t\t\t\t\t<h3>\n            <b>  Vieille Havane (Habana Vieja)<\/b><br \/>\n          <\/h3>\n<ul>\n<li>\n              <span style=\"font-weight: 400;\">La Vieille Havane, class\u00e9e au patrimoine mondial de l&#8217;UNESCO, est un exemple frappant de l&#8217;architecture coloniale espagnole. Ses rues pav\u00e9es, ses b\u00e2timents color\u00e9s et ses places anim\u00e9es racontent l&#8217;histoire de la ville depuis sa fondation en 1519. Des sites notables tels que la Plaza de Armas, le Castillo del Morro et la cath\u00e9drale de La Havane sont des visites incontournables pour quiconque souhaite comprendre l&#8217;histoire de Cuba. Les efforts de restauration et de conservation en cours visent \u00e0 pr\u00e9server ce patrimoine vivant.   <\/span>\n            <\/li>\n<li> <\/li>\n<li>Les visiteurs de la Vieille Havane peuvent s&#8217;immerger dans la culture locale en explorant les march\u00e9s artisanaux, en \u00e9coutant de la musique traditionnelle et en go\u00fbtant \u00e0 l&#8217;authentique cuisine cubaine. L&#8217;atmosph\u00e8re, combin\u00e9e \u00e0 l&#8217;importance historique de la r\u00e9gion, en fait une destination unique pour les voyageurs. <\/li>\n<\/ul>\n\t\t\t\t\t\t\t\t<\/div>\n\t\t\t\t<\/div>\n\t\t\t\t<section class=\"elementor-section elementor-inner-section elementor-element elementor-element-068f0a7 elementor-section-boxed elementor-section-height-default elementor-section-height-default\" data-id=\"068f0a7\" data-element_type=\"section\">\n\t\t\t\t\t\t<div class=\"elementor-container elementor-column-gap-default\">\n\t\t\t\t\t<div class=\"elementor-column elementor-col-50 elementor-inner-column elementor-element elementor-element-95daa45\" data-id=\"95daa45\" data-element_type=\"column\">\n\t\t\t<div class=\"elementor-widget-wrap elementor-element-populated\">\n\t\t\t\t\t\t<div class=\"elementor-element elementor-element-8a91fbe elementor-widget elementor-widget-image\" data-id=\"8a91fbe\" data-element_type=\"widget\" data-widget_type=\"image.default\">\n\t\t\t\t<div class=\"elementor-widget-container\">\n\t\t\t\t\t\t\t\t\t\t\t\t<figure class=\"wp-caption\">\n\t\t\t\t\t\t\t\t\t\t<img fetchpriority=\"high\" decoding=\"async\" width=\"800\" height=\"534\" src=\"https:\/\/richeskarayib.com\/wp-content\/uploads\/2024\/11\/stock-photo-havana-cuba-august-the-old-streets-in-the-center-of-the-capital-create-an-atmosphere-of-2511921167-Modifie-1024x683.jpg\" class=\"attachment-large size-large wp-image-41500\" alt=\"Historical sites of Cuba\" srcset=\"https:\/\/richeskarayib.com\/wp-content\/uploads\/2024\/11\/stock-photo-havana-cuba-august-the-old-streets-in-the-center-of-the-capital-create-an-atmosphere-of-2511921167-Modifie-1024x683.jpg 1024w, https:\/\/richeskarayib.com\/wp-content\/uploads\/2024\/11\/stock-photo-havana-cuba-august-the-old-streets-in-the-center-of-the-capital-create-an-atmosphere-of-2511921167-Modifie-300x200.jpg 300w, https:\/\/richeskarayib.com\/wp-content\/uploads\/2024\/11\/stock-photo-havana-cuba-august-the-old-streets-in-the-center-of-the-capital-create-an-atmosphere-of-2511921167-Modifie-768x512.jpg 768w, https:\/\/richeskarayib.com\/wp-content\/uploads\/2024\/11\/stock-photo-havana-cuba-august-the-old-streets-in-the-center-of-the-capital-create-an-atmosphere-of-2511921167-Modifie-1320x880.jpg 1320w, https:\/\/richeskarayib.com\/wp-content\/uploads\/2024\/11\/stock-photo-havana-cuba-august-the-old-streets-in-the-center-of-the-capital-create-an-atmosphere-of-2511921167-Modifie.jpg 1500w\" sizes=\"(max-width: 800px) 100vw, 800px\" \/>\t\t\t\t\t\t\t\t\t\t\t<figcaption class=\"widget-image-caption wp-caption-text\">Une vue des rues de la vieille Havane, qui met en valeur l'architecture charmante et l'animation de la ville.  <\/figcaption>\n\t\t\t\t\t\t\t\t\t\t<\/figure>\n\t\t\t\t\t\t\t\t\t<\/div>\n\t\t\t\t<\/div>\n\t\t\t\t\t<\/div>\n\t\t<\/div>\n\t\t\t\t<div class=\"elementor-column elementor-col-50 elementor-inner-column elementor-element elementor-element-15fc8e2\" data-id=\"15fc8e2\" data-element_type=\"column\">\n\t\t\t<div class=\"elementor-widget-wrap elementor-element-populated\">\n\t\t\t\t\t\t<div class=\"elementor-element elementor-element-0f62937 elementor-widget elementor-widget-image\" data-id=\"0f62937\" data-element_type=\"widget\" data-widget_type=\"image.default\">\n\t\t\t\t<div class=\"elementor-widget-container\">\n\t\t\t\t\t\t\t\t\t\t\t\t<figure class=\"wp-caption\">\n\t\t\t\t\t\t\t\t\t\t<img decoding=\"async\" width=\"800\" height=\"534\" src=\"https:\/\/richeskarayib.com\/wp-content\/uploads\/2024\/11\/stock-photo-havana-cuba-jul-exterior-view-of-a-main-square-on-a-caribbean-city-at-daylight-with-2197902025-Modifie-1024x683.jpg\" class=\"attachment-large size-large wp-image-41504\" alt=\"historical sites of cuba\" srcset=\"https:\/\/richeskarayib.com\/wp-content\/uploads\/2024\/11\/stock-photo-havana-cuba-jul-exterior-view-of-a-main-square-on-a-caribbean-city-at-daylight-with-2197902025-Modifie-1024x683.jpg 1024w, https:\/\/richeskarayib.com\/wp-content\/uploads\/2024\/11\/stock-photo-havana-cuba-jul-exterior-view-of-a-main-square-on-a-caribbean-city-at-daylight-with-2197902025-Modifie-300x200.jpg 300w, https:\/\/richeskarayib.com\/wp-content\/uploads\/2024\/11\/stock-photo-havana-cuba-jul-exterior-view-of-a-main-square-on-a-caribbean-city-at-daylight-with-2197902025-Modifie-768x512.jpg 768w, https:\/\/richeskarayib.com\/wp-content\/uploads\/2024\/11\/stock-photo-havana-cuba-jul-exterior-view-of-a-main-square-on-a-caribbean-city-at-daylight-with-2197902025-Modifie-1320x880.jpg 1320w, https:\/\/richeskarayib.com\/wp-content\/uploads\/2024\/11\/stock-photo-havana-cuba-jul-exterior-view-of-a-main-square-on-a-caribbean-city-at-daylight-with-2197902025-Modifie.jpg 1500w\" sizes=\"(max-width: 800px) 100vw, 800px\" \/>\t\t\t\t\t\t\t\t\t\t\t<figcaption class=\"widget-image-caption wp-caption-text\">Vue pittoresque d'une place anim\u00e9e de La Havane, avec des b\u00e2timents color\u00e9s et des si\u00e8ges en plein air.<\/figcaption>\n\t\t\t\t\t\t\t\t\t\t<\/figure>\n\t\t\t\t\t\t\t\t\t<\/div>\n\t\t\t\t<\/div>\n\t\t\t\t\t<\/div>\n\t\t<\/div>\n\t\t\t\t\t<\/div>\n\t\t<\/section>\n\t\t\t\t\t<\/div>\n\t\t<\/div>\n\t\t\t\t\t<\/div>\n\t\t<\/section>\n\t\t\t\t<section class=\"elementor-section elementor-inner-section elementor-element elementor-element-6ac8c84 elementor-section-boxed elementor-section-height-default elementor-section-height-default\" data-id=\"6ac8c84\" data-element_type=\"section\">\n\t\t\t\t\t\t<div class=\"elementor-container elementor-column-gap-default\">\n\t\t\t\t\t<div class=\"elementor-column elementor-col-100 elementor-inner-column elementor-element elementor-element-2c23064\" data-id=\"2c23064\" data-element_type=\"column\">\n\t\t\t<div class=\"elementor-widget-wrap elementor-element-populated\">\n\t\t\t\t\t\t<div class=\"elementor-element elementor-element-6fa4b05 elementor-widget elementor-widget-text-editor\" data-id=\"6fa4b05\" data-element_type=\"widget\" data-widget_type=\"text-editor.default\">\n\t\t\t\t<div class=\"elementor-widget-container\">\n\t\t\t\t\t\t\t\t\t<h3>\n            <b>Trinit\u00e9<\/b><br \/>\n          <\/h3>\n<ul>\n<li>\n              <span style=\"font-weight: 400;\">Trinidad, \u00e9galement inscrite au patrimoine mondial de l&#8217;UNESCO, est une ville qui semble fig\u00e9e dans le temps. Ses maisons coloniales bien conserv\u00e9es, ses rues sinueuses et ses nombreux mus\u00e9es en font une destination fascinante pour les visiteurs. La ville refl\u00e8te l&#8217;apog\u00e9e de l&#8217;industrie sucri\u00e8re \u00e0 Cuba et l&#8217;influence des esclaves africains sur la culture locale. La pr\u00e9servation de Trinidad est essentielle non seulement pour l&#8217;histoire de Cuba, mais aussi pour la m\u00e9moire collective de la r\u00e9gion.   <\/span>\n            <\/li>\n<li> <\/li>\n<li>\n              <span style=\"font-weight: 400;\">\u00c0 Trinidad, la Plaza Mayor est le c\u0153ur de la ville, o\u00f9 les visiteurs peuvent admirer l&#8217;architecture n\u00e9oclassique du Palacio Cantero et de l&#8217;Iglesia y Convento de San Francisco. Les rues pav\u00e9es de la ville sont bord\u00e9es de galeries et d&#8217;ateliers pr\u00e9sentant des artisans locaux, offrant un aper\u00e7u des riches traditions artistiques de Cuba. <\/span>\n            <\/li>\n<\/ul>\n\t\t\t\t\t\t\t\t<\/div>\n\t\t\t\t<\/div>\n\t\t\t\t<section class=\"elementor-section elementor-inner-section elementor-element elementor-element-ebf144a elementor-section-boxed elementor-section-height-default elementor-section-height-default\" data-id=\"ebf144a\" data-element_type=\"section\">\n\t\t\t\t\t\t<div class=\"elementor-container elementor-column-gap-default\">\n\t\t\t\t\t<div class=\"elementor-column elementor-col-50 elementor-inner-column elementor-element elementor-element-627dcd0\" data-id=\"627dcd0\" data-element_type=\"column\">\n\t\t\t<div class=\"elementor-widget-wrap elementor-element-populated\">\n\t\t\t\t\t\t<div class=\"elementor-element elementor-element-7497078 elementor-widget elementor-widget-image\" data-id=\"7497078\" data-element_type=\"widget\" data-widget_type=\"image.default\">\n\t\t\t\t<div class=\"elementor-widget-container\">\n\t\t\t\t\t\t\t\t\t\t\t\t<figure class=\"wp-caption\">\n\t\t\t\t\t\t\t\t\t\t<img decoding=\"async\" width=\"800\" height=\"527\" src=\"https:\/\/richeskarayib.com\/wp-content\/uploads\/2024\/11\/stock-photo-colorful-traditional-houses-in-the-colonial-town-of-trinidad-in-cuba-183600347-Modifie-1024x675.jpg\" class=\"attachment-large size-large wp-image-41508\" alt=\"historical sites\" srcset=\"https:\/\/richeskarayib.com\/wp-content\/uploads\/2024\/11\/stock-photo-colorful-traditional-houses-in-the-colonial-town-of-trinidad-in-cuba-183600347-Modifie-1024x675.jpg 1024w, https:\/\/richeskarayib.com\/wp-content\/uploads\/2024\/11\/stock-photo-colorful-traditional-houses-in-the-colonial-town-of-trinidad-in-cuba-183600347-Modifie-300x198.jpg 300w, https:\/\/richeskarayib.com\/wp-content\/uploads\/2024\/11\/stock-photo-colorful-traditional-houses-in-the-colonial-town-of-trinidad-in-cuba-183600347-Modifie-768x506.jpg 768w, https:\/\/richeskarayib.com\/wp-content\/uploads\/2024\/11\/stock-photo-colorful-traditional-houses-in-the-colonial-town-of-trinidad-in-cuba-183600347-Modifie-1320x870.jpg 1320w, https:\/\/richeskarayib.com\/wp-content\/uploads\/2024\/11\/stock-photo-colorful-traditional-houses-in-the-colonial-town-of-trinidad-in-cuba-183600347-Modifie.jpg 1500w\" sizes=\"(max-width: 800px) 100vw, 800px\" \/>\t\t\t\t\t\t\t\t\t\t\t<figcaption class=\"widget-image-caption wp-caption-text\">Une rue pav\u00e9e color\u00e9e de Trinidad, mettant en valeur l'architecture et la vie locale.<\/figcaption>\n\t\t\t\t\t\t\t\t\t\t<\/figure>\n\t\t\t\t\t\t\t\t\t<\/div>\n\t\t\t\t<\/div>\n\t\t\t\t\t<\/div>\n\t\t<\/div>\n\t\t\t\t<div class=\"elementor-column elementor-col-50 elementor-inner-column elementor-element elementor-element-4191738\" data-id=\"4191738\" data-element_type=\"column\">\n\t\t\t<div class=\"elementor-widget-wrap elementor-element-populated\">\n\t\t\t\t\t\t<div class=\"elementor-element elementor-element-2cb2bc4 elementor-widget elementor-widget-image\" data-id=\"2cb2bc4\" data-element_type=\"widget\" data-widget_type=\"image.default\">\n\t\t\t\t<div class=\"elementor-widget-container\">\n\t\t\t\t\t\t\t\t\t\t\t\t<figure class=\"wp-caption\">\n\t\t\t\t\t\t\t\t\t\t<img loading=\"lazy\" decoding=\"async\" width=\"800\" height=\"533\" src=\"https:\/\/richeskarayib.com\/wp-content\/uploads\/2024\/11\/stock-photo-trinidad-cuba-the-old-town-plaza-mayor-square-unesco-world-heritage-site-cuba-landmarks-2318314001-Modifie-1024x682.jpg\" class=\"attachment-large size-large wp-image-41512\" alt=\"historical sites of Cuba\" srcset=\"https:\/\/richeskarayib.com\/wp-content\/uploads\/2024\/11\/stock-photo-trinidad-cuba-the-old-town-plaza-mayor-square-unesco-world-heritage-site-cuba-landmarks-2318314001-Modifie-1024x682.jpg 1024w, https:\/\/richeskarayib.com\/wp-content\/uploads\/2024\/11\/stock-photo-trinidad-cuba-the-old-town-plaza-mayor-square-unesco-world-heritage-site-cuba-landmarks-2318314001-Modifie-300x200.jpg 300w, https:\/\/richeskarayib.com\/wp-content\/uploads\/2024\/11\/stock-photo-trinidad-cuba-the-old-town-plaza-mayor-square-unesco-world-heritage-site-cuba-landmarks-2318314001-Modifie-768x511.jpg 768w, https:\/\/richeskarayib.com\/wp-content\/uploads\/2024\/11\/stock-photo-trinidad-cuba-the-old-town-plaza-mayor-square-unesco-world-heritage-site-cuba-landmarks-2318314001-Modifie-1320x879.jpg 1320w, https:\/\/richeskarayib.com\/wp-content\/uploads\/2024\/11\/stock-photo-trinidad-cuba-the-old-town-plaza-mayor-square-unesco-world-heritage-site-cuba-landmarks-2318314001-Modifie.jpg 1500w\" sizes=\"(max-width: 800px) 100vw, 800px\" \/>\t\t\t\t\t\t\t\t\t\t\t<figcaption class=\"widget-image-caption wp-caption-text\">A view of a plaza in Trinidad, featuring palm trees and colorful colonial architecture.<\/figcaption>\n\t\t\t\t\t\t\t\t\t\t<\/figure>\n\t\t\t\t\t\t\t\t\t<\/div>\n\t\t\t\t<\/div>\n\t\t\t\t\t<\/div>\n\t\t<\/div>\n\t\t\t\t\t<\/div>\n\t\t<\/section>\n\t\t\t\t\t<\/div>\n\t\t<\/div>\n\t\t\t\t\t<\/div>\n\t\t<\/section>\n\t\t\t\t<section class=\"elementor-section elementor-inner-section elementor-element elementor-element-b73e1db elementor-section-boxed elementor-section-height-default elementor-section-height-default\" data-id=\"b73e1db\" data-element_type=\"section\">\n\t\t\t\t\t\t<div class=\"elementor-container elementor-column-gap-default\">\n\t\t\t\t\t<div class=\"elementor-column elementor-col-100 elementor-inner-column elementor-element elementor-element-fe10809\" data-id=\"fe10809\" data-element_type=\"column\">\n\t\t\t<div class=\"elementor-widget-wrap elementor-element-populated\">\n\t\t\t\t\t\t<div class=\"elementor-element elementor-element-a23597d elementor-widget elementor-widget-text-editor\" data-id=\"a23597d\" data-element_type=\"widget\" data-widget_type=\"text-editor.default\">\n\t\t\t\t<div class=\"elementor-widget-container\">\n\t\t\t\t\t\t\t\t\t<h3>\n            <b>  Vall\u00e9e de Vi\u00f1ales<\/b><br \/>\n          <\/h3>\n<ul>\n<li>\n              <span style=\"font-weight: 400;\">La vall\u00e9e de Vi\u00f1ales, connue pour ses paysages naturels \u00e0 couper le souffle, abrite \u00e9galement des <strong>sites<\/strong> arch\u00e9ologiques et <strong>historiques<\/strong> importants <strong>de Cuba<\/strong>. Les formations g\u00e9ologiques uniques des mogotes sont entour\u00e9es de plantations de tabac et de vestiges d&#8217;anciennes cultures. La pr\u00e9servation de cette vall\u00e9e est primordiale pour prot\u00e9ger non seulement la biodiversit\u00e9, mais aussi les traditions agricoles de la r\u00e9gion.  <\/span>\n            <\/li>\n<li> <\/li>\n<li>\n              <span style=\"font-weight: 400;\">La vall\u00e9e est reconnue non seulement pour sa beaut\u00e9 \u00e9poustouflante, mais aussi pour son r\u00f4le dans la production de tabac \u00e0 Cuba. Les visiteurs peuvent participer \u00e0 des visites guid\u00e9es de fermes de tabac pour d\u00e9couvrir les m\u00e9thodes traditionnelles de culture et de production de cigares, ce qui leur permet de mieux comprendre un aspect essentiel de l&#8217;h\u00e9ritage cubain. <\/span>\n            <\/li>\n<\/ul>\n\t\t\t\t\t\t\t\t<\/div>\n\t\t\t\t<\/div>\n\t\t\t\t<section class=\"elementor-section elementor-inner-section elementor-element elementor-element-6a3443f elementor-section-boxed elementor-section-height-default elementor-section-height-default\" data-id=\"6a3443f\" data-element_type=\"section\">\n\t\t\t\t\t\t<div class=\"elementor-container elementor-column-gap-default\">\n\t\t\t\t\t<div class=\"elementor-column elementor-col-50 elementor-inner-column elementor-element elementor-element-4cc0701\" data-id=\"4cc0701\" data-element_type=\"column\">\n\t\t\t<div class=\"elementor-widget-wrap elementor-element-populated\">\n\t\t\t\t\t\t<div class=\"elementor-element elementor-element-0902b0c elementor-widget elementor-widget-image\" data-id=\"0902b0c\" data-element_type=\"widget\" data-widget_type=\"image.default\">\n\t\t\t\t<div class=\"elementor-widget-container\">\n\t\t\t\t\t\t\t\t\t\t\t\t<figure class=\"wp-caption\">\n\t\t\t\t\t\t\t\t\t\t<img loading=\"lazy\" decoding=\"async\" width=\"800\" height=\"534\" src=\"https:\/\/richeskarayib.com\/wp-content\/uploads\/2024\/11\/stock-photo-traditional-rural-house-and-plantations-at-the-vi-ales-valley-in-cuba-famous-for-its-mountains-1615639285-Modifie-1024x683.jpg\" class=\"attachment-large size-large wp-image-41520\" alt=\"historical sites of Cuba\" srcset=\"https:\/\/richeskarayib.com\/wp-content\/uploads\/2024\/11\/stock-photo-traditional-rural-house-and-plantations-at-the-vi-ales-valley-in-cuba-famous-for-its-mountains-1615639285-Modifie-1024x683.jpg 1024w, https:\/\/richeskarayib.com\/wp-content\/uploads\/2024\/11\/stock-photo-traditional-rural-house-and-plantations-at-the-vi-ales-valley-in-cuba-famous-for-its-mountains-1615639285-Modifie-300x200.jpg 300w, https:\/\/richeskarayib.com\/wp-content\/uploads\/2024\/11\/stock-photo-traditional-rural-house-and-plantations-at-the-vi-ales-valley-in-cuba-famous-for-its-mountains-1615639285-Modifie-768x513.jpg 768w, https:\/\/richeskarayib.com\/wp-content\/uploads\/2024\/11\/stock-photo-traditional-rural-house-and-plantations-at-the-vi-ales-valley-in-cuba-famous-for-its-mountains-1615639285-Modifie-1320x881.jpg 1320w, https:\/\/richeskarayib.com\/wp-content\/uploads\/2024\/11\/stock-photo-traditional-rural-house-and-plantations-at-the-vi-ales-valley-in-cuba-famous-for-its-mountains-1615639285-Modifie.jpg 1500w\" sizes=\"(max-width: 800px) 100vw, 800px\" \/>\t\t\t\t\t\t\t\t\t\t\t<figcaption class=\"widget-image-caption wp-caption-text\">A picturesque view of a rustic farmhouse surrounded by lush greenery and agricultural fields in Vi\u00f1ales.<\/figcaption>\n\t\t\t\t\t\t\t\t\t\t<\/figure>\n\t\t\t\t\t\t\t\t\t<\/div>\n\t\t\t\t<\/div>\n\t\t\t\t\t<\/div>\n\t\t<\/div>\n\t\t\t\t<div class=\"elementor-column elementor-col-50 elementor-inner-column elementor-element elementor-element-4f5a5f0\" data-id=\"4f5a5f0\" data-element_type=\"column\">\n\t\t\t<div class=\"elementor-widget-wrap elementor-element-populated\">\n\t\t\t\t\t\t<div class=\"elementor-element elementor-element-108adef elementor-widget elementor-widget-image\" data-id=\"108adef\" data-element_type=\"widget\" data-widget_type=\"image.default\">\n\t\t\t\t<div class=\"elementor-widget-container\">\n\t\t\t\t\t\t\t\t\t\t\t\t<figure class=\"wp-caption\">\n\t\t\t\t\t\t\t\t\t\t<img loading=\"lazy\" decoding=\"async\" width=\"800\" height=\"532\" src=\"https:\/\/richeskarayib.com\/wp-content\/uploads\/2024\/11\/stock-photo-unesco-valley-of-vinales-tropical-and-almost-a-rain-forest-located-within-a-national-park-with-2137929989-Modifie-1024x681.jpg\" class=\"attachment-large size-large wp-image-41524\" alt=\"historical sites of Cuba\" srcset=\"https:\/\/richeskarayib.com\/wp-content\/uploads\/2024\/11\/stock-photo-unesco-valley-of-vinales-tropical-and-almost-a-rain-forest-located-within-a-national-park-with-2137929989-Modifie-1024x681.jpg 1024w, https:\/\/richeskarayib.com\/wp-content\/uploads\/2024\/11\/stock-photo-unesco-valley-of-vinales-tropical-and-almost-a-rain-forest-located-within-a-national-park-with-2137929989-Modifie-300x199.jpg 300w, https:\/\/richeskarayib.com\/wp-content\/uploads\/2024\/11\/stock-photo-unesco-valley-of-vinales-tropical-and-almost-a-rain-forest-located-within-a-national-park-with-2137929989-Modifie-768x510.jpg 768w, https:\/\/richeskarayib.com\/wp-content\/uploads\/2024\/11\/stock-photo-unesco-valley-of-vinales-tropical-and-almost-a-rain-forest-located-within-a-national-park-with-2137929989-Modifie-1320x877.jpg 1320w, https:\/\/richeskarayib.com\/wp-content\/uploads\/2024\/11\/stock-photo-unesco-valley-of-vinales-tropical-and-almost-a-rain-forest-located-within-a-national-park-with-2137929989-Modifie.jpg 1500w\" sizes=\"(max-width: 800px) 100vw, 800px\" \/>\t\t\t\t\t\t\t\t\t\t\t<figcaption class=\"widget-image-caption wp-caption-text\">A panoramic view of the lush Vi\u00f1ales Valley, showcasing its iconic limestone mountains and  greenery.<\/figcaption>\n\t\t\t\t\t\t\t\t\t\t<\/figure>\n\t\t\t\t\t\t\t\t\t<\/div>\n\t\t\t\t<\/div>\n\t\t\t\t\t<\/div>\n\t\t<\/div>\n\t\t\t\t\t<\/div>\n\t\t<\/section>\n\t\t\t\t\t<\/div>\n\t\t<\/div>\n\t\t\t\t\t<\/div>\n\t\t<\/section>\n\t\t\t\t<section class=\"elementor-section elementor-inner-section elementor-element elementor-element-3401c9c elementor-section-boxed elementor-section-height-default elementor-section-height-default\" data-id=\"3401c9c\" data-element_type=\"section\">\n\t\t\t\t\t\t<div class=\"elementor-container elementor-column-gap-default\">\n\t\t\t\t\t<div class=\"elementor-column elementor-col-100 elementor-inner-column elementor-element elementor-element-d4ab432\" data-id=\"d4ab432\" data-element_type=\"column\">\n\t\t\t<div class=\"elementor-widget-wrap elementor-element-populated\">\n\t\t\t\t\t\t<div class=\"elementor-element elementor-element-c3d7ae4 elementor-widget elementor-widget-text-editor\" data-id=\"c3d7ae4\" data-element_type=\"widget\" data-widget_type=\"text-editor.default\">\n\t\t\t\t<div class=\"elementor-widget-container\">\n\t\t\t\t\t\t\t\t\t<h3>\n            <b>Santiago de Cuba<\/b><br \/>\n          <\/h3>\n<ul>\n<li>\n              <span style=\"font-weight: 400;\">Santiago de Cuba, deuxi\u00e8me ville de l&#8217;\u00eele, a \u00e9t\u00e9 le th\u00e9\u00e2tre de nombreux \u00e9v\u00e9nements majeurs de l&#8217;histoire cubaine. Le Castillo del Morro, qui domine l&#8217;entr\u00e9e de la baie, symbolise la r\u00e9sistance de Cuba contre les envahisseurs \u00e9trangers. Les festivals culturels qui s&#8217;y d\u00e9roulent, comme le carnaval de Santiago, sont des manifestations de l&#8217;h\u00e9ritage africain et espagnol de la ville. La sauvegarde de ces \u00e9l\u00e9ments culturels est essentielle pour pr\u00e9server l&#8217;identit\u00e9 locale.   <\/span>\n            <\/li>\n<li> <\/li>\n<li>\n              <span style=\"font-weight: 400;\">Santiago de Cuba est \u00e9galement connue pour son riche patrimoine musical, puisqu&#8217;elle est le berceau de genres tels que le son et la salsa. Les visiteurs peuvent \u00e9couter de la musique en direct dans des lieux locaux et participer \u00e0 des festivals de danse, ce qui leur permet d&#8217;approfondir leur compr\u00e9hension de l&#8217;importance culturelle de la ville. <\/span>\n            <\/li>\n<\/ul>\n\t\t\t\t\t\t\t\t<\/div>\n\t\t\t\t<\/div>\n\t\t\t\t<section class=\"elementor-section elementor-inner-section elementor-element elementor-element-4f13dd8 elementor-section-boxed elementor-section-height-default elementor-section-height-default\" data-id=\"4f13dd8\" data-element_type=\"section\">\n\t\t\t\t\t\t<div class=\"elementor-container elementor-column-gap-default\">\n\t\t\t\t\t<div class=\"elementor-column elementor-col-50 elementor-inner-column elementor-element elementor-element-53adde1\" data-id=\"53adde1\" data-element_type=\"column\">\n\t\t\t<div class=\"elementor-widget-wrap elementor-element-populated\">\n\t\t\t\t\t\t<div class=\"elementor-element elementor-element-6a752d0 elementor-widget elementor-widget-image\" data-id=\"6a752d0\" data-element_type=\"widget\" data-widget_type=\"image.default\">\n\t\t\t\t<div class=\"elementor-widget-container\">\n\t\t\t\t\t\t\t\t\t\t\t\t<figure class=\"wp-caption\">\n\t\t\t\t\t\t\t\t\t\t<img loading=\"lazy\" decoding=\"async\" width=\"800\" height=\"531\" src=\"https:\/\/richeskarayib.com\/wp-content\/uploads\/2024\/11\/stock-photo-city-center-c-spedes-park-in-santiago-de-cuba-1224291151-Modifie-1024x680.jpg\" class=\"attachment-large size-large wp-image-41528\" alt=\"historical sites of Cuba\" srcset=\"https:\/\/richeskarayib.com\/wp-content\/uploads\/2024\/11\/stock-photo-city-center-c-spedes-park-in-santiago-de-cuba-1224291151-Modifie-1024x680.jpg 1024w, https:\/\/richeskarayib.com\/wp-content\/uploads\/2024\/11\/stock-photo-city-center-c-spedes-park-in-santiago-de-cuba-1224291151-Modifie-300x199.jpg 300w, https:\/\/richeskarayib.com\/wp-content\/uploads\/2024\/11\/stock-photo-city-center-c-spedes-park-in-santiago-de-cuba-1224291151-Modifie-768x510.jpg 768w, https:\/\/richeskarayib.com\/wp-content\/uploads\/2024\/11\/stock-photo-city-center-c-spedes-park-in-santiago-de-cuba-1224291151-Modifie-1320x876.jpg 1320w, https:\/\/richeskarayib.com\/wp-content\/uploads\/2024\/11\/stock-photo-city-center-c-spedes-park-in-santiago-de-cuba-1224291151-Modifie.jpg 1500w\" sizes=\"(max-width: 800px) 100vw, 800px\" \/>\t\t\t\t\t\t\t\t\t\t\t<figcaption class=\"widget-image-caption wp-caption-text\">A lively view of the main square in Santiago de Cuba, showcasing beautiful architecture and greenery.<\/figcaption>\n\t\t\t\t\t\t\t\t\t\t<\/figure>\n\t\t\t\t\t\t\t\t\t<\/div>\n\t\t\t\t<\/div>\n\t\t\t\t\t<\/div>\n\t\t<\/div>\n\t\t\t\t<div class=\"elementor-column elementor-col-50 elementor-inner-column elementor-element elementor-element-86a0feb\" data-id=\"86a0feb\" data-element_type=\"column\">\n\t\t\t<div class=\"elementor-widget-wrap elementor-element-populated\">\n\t\t\t\t\t\t<div class=\"elementor-element elementor-element-c0a744c elementor-widget elementor-widget-image\" data-id=\"c0a744c\" data-element_type=\"widget\" data-widget_type=\"image.default\">\n\t\t\t\t<div class=\"elementor-widget-container\">\n\t\t\t\t\t\t\t\t\t\t\t\t<figure class=\"wp-caption\">\n\t\t\t\t\t\t\t\t\t\t<img loading=\"lazy\" decoding=\"async\" width=\"800\" height=\"529\" src=\"https:\/\/richeskarayib.com\/wp-content\/uploads\/2024\/11\/stock-photo-aerial-view-of-the-city-of-santiago-cuba-1055301110-Modifie-1024x677.jpg\" class=\"attachment-large size-large wp-image-41540\" alt=\"historical sites of Cuba\" srcset=\"https:\/\/richeskarayib.com\/wp-content\/uploads\/2024\/11\/stock-photo-aerial-view-of-the-city-of-santiago-cuba-1055301110-Modifie-1024x677.jpg 1024w, https:\/\/richeskarayib.com\/wp-content\/uploads\/2024\/11\/stock-photo-aerial-view-of-the-city-of-santiago-cuba-1055301110-Modifie-300x198.jpg 300w, https:\/\/richeskarayib.com\/wp-content\/uploads\/2024\/11\/stock-photo-aerial-view-of-the-city-of-santiago-cuba-1055301110-Modifie-768x508.jpg 768w, https:\/\/richeskarayib.com\/wp-content\/uploads\/2024\/11\/stock-photo-aerial-view-of-the-city-of-santiago-cuba-1055301110-Modifie-1320x873.jpg 1320w, https:\/\/richeskarayib.com\/wp-content\/uploads\/2024\/11\/stock-photo-aerial-view-of-the-city-of-santiago-cuba-1055301110-Modifie.jpg 1500w\" sizes=\"(max-width: 800px) 100vw, 800px\" \/>\t\t\t\t\t\t\t\t\t\t\t<figcaption class=\"widget-image-caption wp-caption-text\">A view of the Plaza de la Revoluci\u00f3n, featuring lush greenery and historic buildings in Santiago de Cuba.<\/figcaption>\n\t\t\t\t\t\t\t\t\t\t<\/figure>\n\t\t\t\t\t\t\t\t\t<\/div>\n\t\t\t\t<\/div>\n\t\t\t\t\t<\/div>\n\t\t<\/div>\n\t\t\t\t\t<\/div>\n\t\t<\/section>\n\t\t\t\t\t<\/div>\n\t\t<\/div>\n\t\t\t\t\t<\/div>\n\t\t<\/section>\n\t\t\t\t<section class=\"elementor-section elementor-inner-section elementor-element elementor-element-b78c6fd elementor-section-boxed elementor-section-height-default elementor-section-height-default\" data-id=\"b78c6fd\" data-element_type=\"section\">\n\t\t\t\t\t\t<div class=\"elementor-container elementor-column-gap-default\">\n\t\t\t\t\t<div class=\"elementor-column elementor-col-100 elementor-inner-column elementor-element elementor-element-80abab5\" data-id=\"80abab5\" data-element_type=\"column\">\n\t\t\t<div class=\"elementor-widget-wrap elementor-element-populated\">\n\t\t\t\t\t\t<div class=\"elementor-element elementor-element-238b582 elementor-widget elementor-widget-text-editor\" data-id=\"238b582\" data-element_type=\"widget\" data-widget_type=\"text-editor.default\">\n\t\t\t\t<div class=\"elementor-widget-container\">\n\t\t\t\t\t\t\t\t\t<h3>\n            <b>Fort San Carlos de la Caba\u00f1a<\/b><br \/>\n          <\/h3>\n<ul>\n<li>\n              <span style=\"font-weight: 400;\">Situ\u00e9e \u00e0 La Havane, cette forteresse illustre l&#8217;architecture militaire espagnole du XVIIIe si\u00e8cle. Elle a jou\u00e9 un r\u00f4le crucial dans la d\u00e9fense de la ville contre les attaques de pirates et a \u00e9t\u00e9 le th\u00e9\u00e2tre de la c\u00e9l\u00e8bre exp\u00e9dition de Che Guevara en 1959. Aujourd&#8217;hui, elle abrite des mus\u00e9es et des \u00e9v\u00e9nements culturels, mais la pr\u00e9servation de sa structure est essentielle au maintien de son histoire vivante.  <\/span>\n            <\/li>\n<li> <\/li>\n<li>\n              <span style=\"font-weight: 400;\">La fortification accueille \u00e9galement des tirs de canon nocturnes, une tradition qui remonte \u00e0 l&#8217;\u00e9poque coloniale. Cet \u00e9v\u00e9nement attire \u00e0 la fois les habitants et les touristes, offrant une occasion unique d&#8217;assister \u00e0 une partie de l&#8217;histoire en action. <\/span>\n            <\/li>\n<\/ul>\n\t\t\t\t\t\t\t\t<\/div>\n\t\t\t\t<\/div>\n\t\t\t\t<section class=\"elementor-section elementor-inner-section elementor-element elementor-element-7456dc8 elementor-section-boxed elementor-section-height-default elementor-section-height-default\" data-id=\"7456dc8\" data-element_type=\"section\">\n\t\t\t\t\t\t<div class=\"elementor-container elementor-column-gap-default\">\n\t\t\t\t\t<div class=\"elementor-column elementor-col-50 elementor-inner-column elementor-element elementor-element-b6d88a0\" data-id=\"b6d88a0\" data-element_type=\"column\">\n\t\t\t<div class=\"elementor-widget-wrap elementor-element-populated\">\n\t\t\t\t\t\t<div class=\"elementor-element elementor-element-012b7ad elementor-widget elementor-widget-image\" data-id=\"012b7ad\" data-element_type=\"widget\" data-widget_type=\"image.default\">\n\t\t\t\t<div class=\"elementor-widget-container\">\n\t\t\t\t\t\t\t\t\t\t\t\t<figure class=\"wp-caption\">\n\t\t\t\t\t\t\t\t\t\t<img loading=\"lazy\" decoding=\"async\" width=\"800\" height=\"531\" src=\"https:\/\/richeskarayib.com\/wp-content\/uploads\/2024\/11\/stock-photo-fortaleza-de-san-carlos-de-la-caba-a-fort-of-saint-charles-havana-cuba-1062153818-Modifie-1024x680.jpg\" class=\"attachment-large size-large wp-image-41544\" alt=\"historical sites of Cuba\" srcset=\"https:\/\/richeskarayib.com\/wp-content\/uploads\/2024\/11\/stock-photo-fortaleza-de-san-carlos-de-la-caba-a-fort-of-saint-charles-havana-cuba-1062153818-Modifie-1024x680.jpg 1024w, https:\/\/richeskarayib.com\/wp-content\/uploads\/2024\/11\/stock-photo-fortaleza-de-san-carlos-de-la-caba-a-fort-of-saint-charles-havana-cuba-1062153818-Modifie-300x199.jpg 300w, https:\/\/richeskarayib.com\/wp-content\/uploads\/2024\/11\/stock-photo-fortaleza-de-san-carlos-de-la-caba-a-fort-of-saint-charles-havana-cuba-1062153818-Modifie-768x510.jpg 768w, https:\/\/richeskarayib.com\/wp-content\/uploads\/2024\/11\/stock-photo-fortaleza-de-san-carlos-de-la-caba-a-fort-of-saint-charles-havana-cuba-1062153818-Modifie-1320x876.jpg 1320w, https:\/\/richeskarayib.com\/wp-content\/uploads\/2024\/11\/stock-photo-fortaleza-de-san-carlos-de-la-caba-a-fort-of-saint-charles-havana-cuba-1062153818-Modifie.jpg 1500w\" sizes=\"(max-width: 800px) 100vw, 800px\" \/>\t\t\t\t\t\t\t\t\t\t\t<figcaption class=\"widget-image-caption wp-caption-text\">The historic entrance to Castillo del Morro, with its impressive stone archway and surrounding walls.<\/figcaption>\n\t\t\t\t\t\t\t\t\t\t<\/figure>\n\t\t\t\t\t\t\t\t\t<\/div>\n\t\t\t\t<\/div>\n\t\t\t\t\t<\/div>\n\t\t<\/div>\n\t\t\t\t<div class=\"elementor-column elementor-col-50 elementor-inner-column elementor-element elementor-element-56142e2\" data-id=\"56142e2\" data-element_type=\"column\">\n\t\t\t<div class=\"elementor-widget-wrap elementor-element-populated\">\n\t\t\t\t\t\t<div class=\"elementor-element elementor-element-f21548c elementor-widget elementor-widget-image\" data-id=\"f21548c\" data-element_type=\"widget\" data-widget_type=\"image.default\">\n\t\t\t\t<div class=\"elementor-widget-container\">\n\t\t\t\t\t\t\t\t\t\t\t\t<figure class=\"wp-caption\">\n\t\t\t\t\t\t\t\t\t\t<img loading=\"lazy\" decoding=\"async\" width=\"800\" height=\"599\" src=\"https:\/\/richeskarayib.com\/wp-content\/uploads\/2024\/11\/stock-photo-cannon-at-the-castle-of-fortaleza-de-san-carlos-de-la-caba-a-in-the-city-of-havana-cuba-2329555447-Modifie-1024x767.jpg\" class=\"attachment-large size-large wp-image-41548\" alt=\"historical sites of Cuba\" srcset=\"https:\/\/richeskarayib.com\/wp-content\/uploads\/2024\/11\/stock-photo-cannon-at-the-castle-of-fortaleza-de-san-carlos-de-la-caba-a-in-the-city-of-havana-cuba-2329555447-Modifie-1024x767.jpg 1024w, https:\/\/richeskarayib.com\/wp-content\/uploads\/2024\/11\/stock-photo-cannon-at-the-castle-of-fortaleza-de-san-carlos-de-la-caba-a-in-the-city-of-havana-cuba-2329555447-Modifie-300x225.jpg 300w, https:\/\/richeskarayib.com\/wp-content\/uploads\/2024\/11\/stock-photo-cannon-at-the-castle-of-fortaleza-de-san-carlos-de-la-caba-a-in-the-city-of-havana-cuba-2329555447-Modifie-768x575.jpg 768w, https:\/\/richeskarayib.com\/wp-content\/uploads\/2024\/11\/stock-photo-cannon-at-the-castle-of-fortaleza-de-san-carlos-de-la-caba-a-in-the-city-of-havana-cuba-2329555447-Modifie-1320x988.jpg 1320w, https:\/\/richeskarayib.com\/wp-content\/uploads\/2024\/11\/stock-photo-cannon-at-the-castle-of-fortaleza-de-san-carlos-de-la-caba-a-in-the-city-of-havana-cuba-2329555447-Modifie.jpg 1500w\" sizes=\"(max-width: 800px) 100vw, 800px\" \/>\t\t\t\t\t\t\t\t\t\t\t<figcaption class=\"widget-image-caption wp-caption-text\">A historic cannon overlooking the bay from Castillo del Morro, with a panoramic view of Havana in the background.<\/figcaption>\n\t\t\t\t\t\t\t\t\t\t<\/figure>\n\t\t\t\t\t\t\t\t\t<\/div>\n\t\t\t\t<\/div>\n\t\t\t\t\t<\/div>\n\t\t<\/div>\n\t\t\t\t\t<\/div>\n\t\t<\/section>\n\t\t\t\t\t<\/div>\n\t\t<\/div>\n\t\t\t\t\t<\/div>\n\t\t<\/section>\n\t\t\t\t\t<\/div>\n\t\t<\/div>\n\t\t\t\t\t<\/div>\n\t\t<\/section>\n\t\t\t\t<section class=\"elementor-section elementor-top-section elementor-element elementor-element-b514339 elementor-section-boxed elementor-section-height-default elementor-section-height-default\" data-id=\"b514339\" data-element_type=\"section\">\n\t\t\t\t\t\t<div class=\"elementor-container elementor-column-gap-default\">\n\t\t\t\t\t<div class=\"elementor-column elementor-col-100 elementor-top-column elementor-element elementor-element-941a2af\" data-id=\"941a2af\" data-element_type=\"column\">\n\t\t\t<div class=\"elementor-widget-wrap elementor-element-populated\">\n\t\t\t\t\t\t<div class=\"elementor-element elementor-element-15c3826 elementor-widget elementor-widget-heading\" data-id=\"15c3826\" data-element_type=\"widget\" data-widget_type=\"heading.default\">\n\t\t\t\t<div class=\"elementor-widget-container\">\n\t\t\t\t\t<h2 class=\"elementor-heading-title elementor-size-default\">Initiatives de pr\u00e9servation<\/h2>\t\t\t\t<\/div>\n\t\t\t\t<\/div>\n\t\t\t\t<div class=\"elementor-element elementor-element-68fc31d elementor-widget elementor-widget-text-editor\" data-id=\"68fc31d\" data-element_type=\"widget\" data-widget_type=\"text-editor.default\">\n\t\t\t\t<div class=\"elementor-widget-container\">\n\t\t\t\t\t\t\t\t\t<p>\n            <span style=\"font-weight: 400;\">Des organisations gouvernementales et non gouvernementales travaillent ensemble pour sauvegarder les sites historiques de Cuba. <a href=\"https:\/\/richeskarayib.com\/fr\/rapport-special-partie-2-2012-2015-les-tresors-culturels-des-caraibes-patrimoine-immateriel-reconnu-par-lunesco\/\" target=\"_blank\" rel=\"noopener\"><b>sites historiques de Cuba<\/b><\/a><\/span><br \/>\n            <span style=\"font-weight: 400;\">. Restoration projects, educational programs, and community initiatives are implemented to raise awareness among Cubans and visitors about the importance of conservation of the <b>historical sites of Cuba<\/b>. Collaboration between local authorities and international organizations can strengthen these efforts.  <\/span>\n          <\/p>\n<p>\n            <span style=\"font-weight: 400;\">Par exemple, l&#8217;UNESCO a particip\u00e9 \u00e0 diverses initiatives visant \u00e0 soutenir la pr\u00e9servation du patrimoine cubain. Les communaut\u00e9s locales sont \u00e9galement encourag\u00e9es \u00e0 participer \u00e0 ces efforts, ce qui favorise un sentiment d&#8217;appropriation et de responsabilit\u00e9 \u00e0 l&#8217;\u00e9gard de leur patrimoine culturel. <\/span>\n          <\/p>\n\t\t\t\t\t\t\t\t<\/div>\n\t\t\t\t<\/div>\n\t\t\t\t<section class=\"elementor-section elementor-inner-section elementor-element elementor-element-612e93d elementor-section-boxed elementor-section-height-default elementor-section-height-default\" data-id=\"612e93d\" data-element_type=\"section\">\n\t\t\t\t\t\t<div class=\"elementor-container elementor-column-gap-default\">\n\t\t\t\t\t<div class=\"elementor-column elementor-col-100 elementor-inner-column elementor-element elementor-element-a88e0b9\" data-id=\"a88e0b9\" data-element_type=\"column\">\n\t\t\t<div class=\"elementor-widget-wrap elementor-element-populated\">\n\t\t\t\t\t\t<div class=\"elementor-element elementor-element-2c0f795 elementor-widget elementor-widget-text-editor\" data-id=\"2c0f795\" data-element_type=\"widget\" data-widget_type=\"text-editor.default\">\n\t\t\t\t<div class=\"elementor-widget-container\">\n\t\t\t\t\t\t\t\t\t<p><span style=\"font-weight: 400;\">Les <\/span><b>sites historiques de Cuba<\/b><span style=\"font-weight: 400;\">  sont plus que de simples attractions touristiques ; ce sont des t\u00e9moins de l&#8217;histoire, de la culture et des luttes du peuple cubain. La pr\u00e9servation de ce patrimoine est essentielle non seulement pour l&#8217;identit\u00e9 nationale, mais aussi pour la fiert\u00e9 locale et la reconnaissance mondiale. La sauvegarde des <b>sites historiques de Cuba<\/b> est une mission collective qui repr\u00e9sente la m\u00e9moire de notre r\u00e9gion et un h\u00e9ritage \u00e0 transmettre aux g\u00e9n\u00e9rations futures.  <\/span><\/p>\n<p>\n            <span style=\"font-weight: 400;\">Il est de notre responsabilit\u00e9 de veiller \u00e0 ce que ces tr\u00e9sors culturels soient prot\u00e9g\u00e9s et valoris\u00e9s pour les ann\u00e9es \u00e0 venir. En encourageant le tourisme durable et l&#8217;implication des communaut\u00e9s, nous pouvons cr\u00e9er un avenir o\u00f9 la riche histoire de Cuba continuera \u00e0 prosp\u00e9rer et \u00e0 inspirer. <\/span>\n          <\/p>\n\t\t\t\t\t\t\t\t<\/div>\n\t\t\t\t<\/div>\n\t\t\t\t\t<\/div>\n\t\t<\/div>\n\t\t\t\t\t<\/div>\n\t\t<\/section>\n\t\t\t\t\t<\/div>\n\t\t<\/div>\n\t\t\t\t\t<\/div>\n\t\t<\/section>\n\t\t\t\t<\/div>\n\t\t","protected":false},"excerpt":{"rendered":"<p>Cuba, la plus grande \u00eele des Cara\u00efbes, est un v\u00e9ritable tr\u00e9sor de culture, d&#8217;histoire et d&#8217;architecture. Des villes coloniales aux vestiges des r\u00e9volutions pass\u00e9es, l&#8217;\u00eele offre une multitude de possibilit\u00e9s. sites historiques de Cuba qui t\u00e9moignent de son riche patrimoine. Dans cet article, nous allons explorer ces sites embl\u00e9matiques, l&#8217;importance de leur pr\u00e9servation et les [&hellip;]<\/p>\n","protected":false},"author":400,"featured_media":41496,"comment_status":"open","ping_status":"open","sticky":false,"template":"","format":"standard","meta":{"_acf_changed":false,"footnotes":""},"categories":[1468],"tags":[1573],"class_list":["post-41798","post","type-post","status-publish","format-standard","has-post-thumbnail","hentry","category-histoire-patrimoine","tag-cuba-fr"],"acf":[],"_links":{"self":[{"href":"https:\/\/richeskarayib.com\/fr\/wp-json\/wp\/v2\/posts\/41798","targetHints":{"allow":["GET"]}}],"collection":[{"href":"https:\/\/richeskarayib.com\/fr\/wp-json\/wp\/v2\/posts"}],"about":[{"href":"https:\/\/richeskarayib.com\/fr\/wp-json\/wp\/v2\/types\/post"}],"author":[{"embeddable":true,"href":"https:\/\/richeskarayib.com\/fr\/wp-json\/wp\/v2\/users\/400"}],"replies":[{"embeddable":true,"href":"https:\/\/richeskarayib.com\/fr\/wp-json\/wp\/v2\/comments?post=41798"}],"version-history":[{"count":0,"href":"https:\/\/richeskarayib.com\/fr\/wp-json\/wp\/v2\/posts\/41798\/revisions"}],"wp:featuredmedia":[{"embeddable":true,"href":"https:\/\/richeskarayib.com\/fr\/wp-json\/wp\/v2\/media\/41496"}],"wp:attachment":[{"href":"https:\/\/richeskarayib.com\/fr\/wp-json\/wp\/v2\/media?parent=41798"}],"wp:term":[{"taxonomy":"category","embeddable":true,"href":"https:\/\/richeskarayib.com\/fr\/wp-json\/wp\/v2\/categories?post=41798"},{"taxonomy":"post_tag","embeddable":true,"href":"https:\/\/richeskarayib.com\/fr\/wp-json\/wp\/v2\/tags?post=41798"}],"curies":[{"name":"wp","href":"https:\/\/api.w.org\/{rel}","templated":true}]}}