{"id":41831,"date":"2024-11-13T19:07:26","date_gmt":"2024-11-13T19:07:26","guid":{"rendered":"https:\/\/richeskarayib.com\/rapport-special-partie-4-2020-2023-les-tresors-culturels-des-caraibes-patrimoine-immateriel-reconnu-par-lunesco\/"},"modified":"2024-11-13T19:07:32","modified_gmt":"2024-11-13T19:07:32","slug":"rapport-special-partie-4-2020-2023-les-tresors-culturels-des-caraibes-patrimoine-immateriel-reconnu-par-lunesco","status":"publish","type":"post","link":"https:\/\/richeskarayib.com\/fr\/rapport-special-partie-4-2020-2023-les-tresors-culturels-des-caraibes-patrimoine-immateriel-reconnu-par-lunesco\/","title":{"rendered":"Rapport sp\u00e9cial partie 4 (2020-2023) : Les tr\u00e9sors culturels des Cara\u00efbes : Patrimoine immat\u00e9riel reconnu par l&#8217;UNESCO"},"content":{"rendered":"\t\t<div data-elementor-type=\"wp-post\" data-elementor-id=\"41831\" class=\"elementor elementor-41831 elementor-40779\" data-elementor-post-type=\"post\">\n\t\t\t\t\t\t<section class=\"elementor-section elementor-top-section elementor-element elementor-element-d2fa39f elementor-section-boxed elementor-section-height-default elementor-section-height-default\" data-id=\"d2fa39f\" data-element_type=\"section\">\n\t\t\t\t\t\t<div class=\"elementor-container elementor-column-gap-default\">\n\t\t\t\t\t<div class=\"elementor-column elementor-col-100 elementor-top-column elementor-element elementor-element-74e6dd0\" data-id=\"74e6dd0\" data-element_type=\"column\">\n\t\t\t<div class=\"elementor-widget-wrap elementor-element-populated\">\n\t\t\t\t\t\t<div class=\"elementor-element elementor-element-8909527 elementor-widget elementor-widget-heading\" data-id=\"8909527\" data-element_type=\"widget\" data-widget_type=\"heading.default\">\n\t\t\t\t<div class=\"elementor-widget-container\">\n\t\t\t\t\t<h2 class=\"elementor-heading-title elementor-size-default\">C\u00e9l\u00e9bration de la diversit\u00e9 culturelle des Cara\u00efbes<\/h2>\t\t\t\t<\/div>\n\t\t\t\t<\/div>\n\t\t\t\t<div class=\"elementor-element elementor-element-d541e3d elementor-widget elementor-widget-text-editor\" data-id=\"d541e3d\" data-element_type=\"widget\" data-widget_type=\"text-editor.default\">\n\t\t\t\t<div class=\"elementor-widget-container\">\n\t\t\t\t\t\t\t\t\t<p>Entre 2020 et 2023, <a href=\"https:\/\/www.unesco.org\/en\" target=\"_blank\" rel=\"noopener nofollow\"><strong>L&#8217;UNESCO<\/strong><\/a> a continu\u00e9 \u00e0 reconna\u00eetre le riche patrimoine culturel immat\u00e9riel des Cara\u00efbes, en c\u00e9l\u00e9brant les traditions qui mettent en valeur la diversit\u00e9 et l&#8217;histoire dynamique de la r\u00e9gion. Ces reconnaissances par l <a href=\"https:\/\/web.facebook.com\/unescocaribbean\/?_rdc=1&amp;_rdr#\" target=\"_blank\" rel=\"noopener nofollow\"><strong>L&#8217;UNESCO <\/strong><\/a>r\u00e9v\u00e8lent les pratiques et coutumes culturelles profondes qui ont surv\u00e9cu aux g\u00e9n\u00e9rations, reliant le pass\u00e9 au pr\u00e9sent. Cet article se concentre sur les \u00e9l\u00e9ments mis \u00e0 l&#8217;honneur au cours de cette p\u00e9riode, en soulignant leur importance pour l&#8217;identit\u00e9 carib\u00e9enne.  <\/p>\n\t\t\t\t\t\t\t\t<\/div>\n\t\t\t\t<\/div>\n\t\t\t\t\t<\/div>\n\t\t<\/div>\n\t\t\t\t\t<\/div>\n\t\t<\/section>\n\t\t\t\t<section class=\"elementor-section elementor-top-section elementor-element elementor-element-776ee9d elementor-section-boxed elementor-section-height-default elementor-section-height-default\" data-id=\"776ee9d\" data-element_type=\"section\">\n\t\t\t\t\t\t<div class=\"elementor-container elementor-column-gap-default\">\n\t\t\t\t\t<div class=\"elementor-column elementor-col-100 elementor-top-column elementor-element elementor-element-e9eb1e6\" data-id=\"e9eb1e6\" data-element_type=\"column\">\n\t\t\t<div class=\"elementor-widget-wrap elementor-element-populated\">\n\t\t\t\t\t\t<div class=\"elementor-element elementor-element-653aab0 elementor-widget elementor-widget-heading\" data-id=\"653aab0\" data-element_type=\"widget\" data-widget_type=\"heading.default\">\n\t\t\t\t<div class=\"elementor-widget-container\">\n\t\t\t\t\t<h2 class=\"elementor-heading-title elementor-size-default\">2020<\/h2>\t\t\t\t<\/div>\n\t\t\t\t<\/div>\n\t\t\t\t<div class=\"elementor-element elementor-element-5b8dd47 elementor-widget elementor-widget-text-editor\" data-id=\"5b8dd47\" data-element_type=\"widget\" data-widget_type=\"text-editor.default\">\n\t\t\t\t<div class=\"elementor-widget-container\">\n\t\t\t\t\t\t\t\t\t<ul>\n<li>\n<p><strong>Martinique :<\/strong> Le Yole comme mod\u00e8le de pr\u00e9servation du patrimoine<\/p>\n<p>Pour l&#8217;<strong>UNESCO,<\/strong> la yole de la Martinique, un bateau l\u00e9ger traditionnel, symbolise l&#8217;histoire maritime de la r\u00e9gion et est devenue un point focal pour les initiatives de pr\u00e9servation du patrimoine visant \u00e0 maintenir l&#8217;artisanat local et les liens communautaires face \u00e0 la modernisation.<\/p>\n<\/li>\n<li>\n<p><strong>Colombie :<\/strong> Connaissances et techniques traditionnelles du vernis Mopa-Mopa<\/p>\n<p>Les connaissances et les techniques traditionnelles du vernis mopa-mopa de Putumayo et de Nari\u00f1o impliquent des processus complexes de r\u00e9colte des bourgeons de mopa-mopa, de travail du bois et de vernissage d\u00e9coratif. Elles repr\u00e9sentent une identit\u00e9 culturelle vitale pour les communaut\u00e9s, mais sont confront\u00e9es \u00e0 des menaces urgentes li\u00e9es \u00e0 la mondialisation, \u00e0 la d\u00e9forestation et au d\u00e9clin des praticiens.<\/p>\n<\/li>\n<\/ul>\n\t\t\t\t\t\t\t\t<\/div>\n\t\t\t\t<\/div>\n\t\t\t\t<section class=\"elementor-section elementor-inner-section elementor-element elementor-element-d43e08b elementor-section-boxed elementor-section-height-default elementor-section-height-default\" data-id=\"d43e08b\" data-element_type=\"section\">\n\t\t\t\t\t\t<div class=\"elementor-container elementor-column-gap-default\">\n\t\t\t\t\t<div class=\"elementor-column elementor-col-50 elementor-inner-column elementor-element elementor-element-eedbb73\" data-id=\"eedbb73\" data-element_type=\"column\">\n\t\t\t<div class=\"elementor-widget-wrap elementor-element-populated\">\n\t\t\t\t\t\t<div class=\"elementor-element elementor-element-ea1e598 elementor-widget elementor-widget-image\" data-id=\"ea1e598\" data-element_type=\"widget\" data-widget_type=\"image.default\">\n\t\t\t\t<div class=\"elementor-widget-container\">\n\t\t\t\t\t\t\t\t\t\t\t\t<figure class=\"wp-caption\">\n\t\t\t\t\t\t\t\t\t\t<img fetchpriority=\"high\" decoding=\"async\" width=\"800\" height=\"513\" src=\"https:\/\/richeskarayib.com\/wp-content\/uploads\/2024\/10\/13980-1024x657.jpg\" class=\"attachment-large size-large wp-image-41258\" alt=\"UNESCO\" srcset=\"https:\/\/richeskarayib.com\/wp-content\/uploads\/2024\/10\/13980-1024x657.jpg 1024w, https:\/\/richeskarayib.com\/wp-content\/uploads\/2024\/10\/13980-300x193.jpg 300w, https:\/\/richeskarayib.com\/wp-content\/uploads\/2024\/10\/13980-768x493.jpg 768w, https:\/\/richeskarayib.com\/wp-content\/uploads\/2024\/10\/13980-1536x986.jpg 1536w, https:\/\/richeskarayib.com\/wp-content\/uploads\/2024\/10\/13980-1320x847.jpg 1320w, https:\/\/richeskarayib.com\/wp-content\/uploads\/2024\/10\/13980.jpg 2044w\" sizes=\"(max-width: 800px) 100vw, 800px\" \/>\t\t\t\t\t\t\t\t\t\t\t<figcaption class=\"widget-image-caption wp-caption-text\">Martinique : Le Yole comme mod\u00e8le de pr\u00e9servation du patrimoine<\/figcaption>\n\t\t\t\t\t\t\t\t\t\t<\/figure>\n\t\t\t\t\t\t\t\t\t<\/div>\n\t\t\t\t<\/div>\n\t\t\t\t\t<\/div>\n\t\t<\/div>\n\t\t\t\t<div class=\"elementor-column elementor-col-50 elementor-inner-column elementor-element elementor-element-b78bbea\" data-id=\"b78bbea\" data-element_type=\"column\">\n\t\t\t<div class=\"elementor-widget-wrap elementor-element-populated\">\n\t\t\t\t\t\t<div class=\"elementor-element elementor-element-8901a11 elementor-widget elementor-widget-image\" data-id=\"8901a11\" data-element_type=\"widget\" data-widget_type=\"image.default\">\n\t\t\t\t<div class=\"elementor-widget-container\">\n\t\t\t\t\t\t\t\t\t\t\t\t<figure class=\"wp-caption\">\n\t\t\t\t\t\t\t\t\t\t<img decoding=\"async\" width=\"800\" height=\"560\" src=\"https:\/\/richeskarayib.com\/wp-content\/uploads\/2024\/10\/13661-1024x717.jpg\" class=\"attachment-large size-large wp-image-41262\" alt=\"UNESCO\" srcset=\"https:\/\/richeskarayib.com\/wp-content\/uploads\/2024\/10\/13661-1024x717.jpg 1024w, https:\/\/richeskarayib.com\/wp-content\/uploads\/2024\/10\/13661-300x210.jpg 300w, https:\/\/richeskarayib.com\/wp-content\/uploads\/2024\/10\/13661-768x538.jpg 768w, https:\/\/richeskarayib.com\/wp-content\/uploads\/2024\/10\/13661-1536x1075.jpg 1536w, https:\/\/richeskarayib.com\/wp-content\/uploads\/2024\/10\/13661-2048x1434.jpg 2048w, https:\/\/richeskarayib.com\/wp-content\/uploads\/2024\/10\/13661-1320x924.jpg 1320w\" sizes=\"(max-width: 800px) 100vw, 800px\" \/>\t\t\t\t\t\t\t\t\t\t\t<figcaption class=\"widget-image-caption wp-caption-text\">Colombie : Connaissances et techniques traditionnelles du vernis Mopa-Mopa<\/figcaption>\n\t\t\t\t\t\t\t\t\t\t<\/figure>\n\t\t\t\t\t\t\t\t\t<\/div>\n\t\t\t\t<\/div>\n\t\t\t\t\t<\/div>\n\t\t<\/div>\n\t\t\t\t\t<\/div>\n\t\t<\/section>\n\t\t\t\t\t<\/div>\n\t\t<\/div>\n\t\t\t\t\t<\/div>\n\t\t<\/section>\n\t\t\t\t<section class=\"elementor-section elementor-top-section elementor-element elementor-element-837acd0 elementor-section-boxed elementor-section-height-default elementor-section-height-default\" data-id=\"837acd0\" data-element_type=\"section\">\n\t\t\t\t\t\t<div class=\"elementor-container elementor-column-gap-default\">\n\t\t\t\t\t<div class=\"elementor-column elementor-col-100 elementor-top-column elementor-element elementor-element-dbbf243\" data-id=\"dbbf243\" data-element_type=\"column\">\n\t\t\t<div class=\"elementor-widget-wrap elementor-element-populated\">\n\t\t\t\t\t\t<div class=\"elementor-element elementor-element-164d889 elementor-widget elementor-widget-heading\" data-id=\"164d889\" data-element_type=\"widget\" data-widget_type=\"heading.default\">\n\t\t\t\t<div class=\"elementor-widget-container\">\n\t\t\t\t\t<h2 class=\"elementor-heading-title elementor-size-default\">2021<\/h2>\t\t\t\t<\/div>\n\t\t\t\t<\/div>\n\t\t\t\t<div class=\"elementor-element elementor-element-87b244f elementor-widget elementor-widget-text-editor\" data-id=\"87b244f\" data-element_type=\"widget\" data-widget_type=\"text-editor.default\">\n\t\t\t\t<div class=\"elementor-widget-container\">\n\t\t\t\t\t\t\t\t\t<ul>\n<li>\n<p><strong>Venezuela :<\/strong> Les f\u00eates de la Saint Jean Baptiste<\/p>\n<p>Pour l&#8217;<strong><a href=\"https:\/\/richeskarayib.com\/fr\/rapport-special-partie-1-2008-2011-les-tresors-culturels-des-caraibes-patrimoine-immateriel-reconnu-par-lunesco\/\" target=\"_blank\" rel=\"noopener\">UNESCO<\/a>, <\/strong>les c\u00e9l\u00e9brations v\u00e9n\u00e9zu\u00e9liennes de la Saint-Jean-Baptiste, enracin\u00e9es dans les communaut\u00e9s afro-v\u00e9n\u00e9zu\u00e9liennes du XVIIIe si\u00e8cle, m\u00ealent des influences catholiques \u00e0 de riches expressions verbales, musicales et physiques africaines, servant de puissant symbole de r\u00e9sistance culturelle et de souvenir des anc\u00eatres r\u00e9duits en esclavage.<\/p>\n<\/li>\n<li>\n<p><strong>Panama :<\/strong> La danse et les expressions du Corpus Christi<\/p>\n<p>Le festival du Corpus Christi au Panama est une c\u00e9l\u00e9bration religieuse vibrante qui fusionne la tradition catholique et les festivit\u00e9s populaires, avec des repr\u00e9sentations th\u00e9\u00e2trales, de la musique entra\u00eenante et des danses color\u00e9es, symbolisant la lutte entre le bien et le mal tout en encourageant l&#8217;implication de la communaut\u00e9 et la transmission culturelle.<\/p>\n<\/li>\n<li>\n<p><strong>Ha\u00efti :<\/strong> Soupe Joumou<\/p>\n<p>Pour l&#8217;<strong>UNESCO, la<\/strong> soupe Joumou, une soupe traditionnelle ha\u00eftienne \u00e0 la citrouille, n&#8217;est pas seulement un plat festif profond\u00e9ment ancr\u00e9 dans l&#8217;identit\u00e9 ha\u00eftienne, mais aussi un symbole de libert\u00e9 et de r\u00e9silience, historiquement r\u00e9serv\u00e9 aux propri\u00e9taires d&#8217;esclaves et aujourd&#8217;hui c\u00e9l\u00e9br\u00e9 comme un \u00e9l\u00e9ment unificateur de la communaut\u00e9, en particulier le 1er janvier, jour de l&#8217;Ind\u00e9pendance d&#8217;Ha\u00efti.<\/p>\n<\/li>\n<\/ul>\n\t\t\t\t\t\t\t\t<\/div>\n\t\t\t\t<\/div>\n\t\t\t\t<section class=\"elementor-section elementor-inner-section elementor-element elementor-element-2951179 elementor-section-boxed elementor-section-height-default elementor-section-height-default\" data-id=\"2951179\" data-element_type=\"section\">\n\t\t\t\t\t\t<div class=\"elementor-container elementor-column-gap-default\">\n\t\t\t\t\t<div class=\"elementor-column elementor-col-33 elementor-inner-column elementor-element elementor-element-039d8af\" data-id=\"039d8af\" data-element_type=\"column\">\n\t\t\t<div class=\"elementor-widget-wrap elementor-element-populated\">\n\t\t\t\t\t\t<div class=\"elementor-element elementor-element-f423d02 elementor-widget elementor-widget-image\" data-id=\"f423d02\" data-element_type=\"widget\" data-widget_type=\"image.default\">\n\t\t\t\t<div class=\"elementor-widget-container\">\n\t\t\t\t\t\t\t\t\t\t\t\t<figure class=\"wp-caption\">\n\t\t\t\t\t\t\t\t\t\t<img decoding=\"async\" width=\"800\" height=\"534\" src=\"https:\/\/richeskarayib.com\/wp-content\/uploads\/2024\/10\/14686-1024x683.jpg\" class=\"attachment-large size-large wp-image-41266\" alt=\"UNESCO\" srcset=\"https:\/\/richeskarayib.com\/wp-content\/uploads\/2024\/10\/14686-1024x683.jpg 1024w, https:\/\/richeskarayib.com\/wp-content\/uploads\/2024\/10\/14686-300x200.jpg 300w, https:\/\/richeskarayib.com\/wp-content\/uploads\/2024\/10\/14686-768x512.jpg 768w, https:\/\/richeskarayib.com\/wp-content\/uploads\/2024\/10\/14686-1536x1024.jpg 1536w, https:\/\/richeskarayib.com\/wp-content\/uploads\/2024\/10\/14686-2048x1365.jpg 2048w, https:\/\/richeskarayib.com\/wp-content\/uploads\/2024\/10\/14686-1320x880.jpg 1320w\" sizes=\"(max-width: 800px) 100vw, 800px\" \/>\t\t\t\t\t\t\t\t\t\t\t<figcaption class=\"widget-image-caption wp-caption-text\">Venezuela : Les f\u00eates de la Saint Jean Baptiste<\/figcaption>\n\t\t\t\t\t\t\t\t\t\t<\/figure>\n\t\t\t\t\t\t\t\t\t<\/div>\n\t\t\t\t<\/div>\n\t\t\t\t\t<\/div>\n\t\t<\/div>\n\t\t\t\t<div class=\"elementor-column elementor-col-33 elementor-inner-column elementor-element elementor-element-73236be\" data-id=\"73236be\" data-element_type=\"column\">\n\t\t\t<div class=\"elementor-widget-wrap elementor-element-populated\">\n\t\t\t\t\t\t<div class=\"elementor-element elementor-element-dd1caf5 elementor-widget elementor-widget-image\" data-id=\"dd1caf5\" data-element_type=\"widget\" data-widget_type=\"image.default\">\n\t\t\t\t<div class=\"elementor-widget-container\">\n\t\t\t\t\t\t\t\t\t\t\t\t<figure class=\"wp-caption\">\n\t\t\t\t\t\t\t\t\t\t<img loading=\"lazy\" decoding=\"async\" width=\"800\" height=\"534\" src=\"https:\/\/richeskarayib.com\/wp-content\/uploads\/2024\/10\/14013-1024x683.jpg\" class=\"attachment-large size-large wp-image-41270\" alt=\"UNESCO\" srcset=\"https:\/\/richeskarayib.com\/wp-content\/uploads\/2024\/10\/14013-1024x683.jpg 1024w, https:\/\/richeskarayib.com\/wp-content\/uploads\/2024\/10\/14013-300x200.jpg 300w, https:\/\/richeskarayib.com\/wp-content\/uploads\/2024\/10\/14013-768x512.jpg 768w, https:\/\/richeskarayib.com\/wp-content\/uploads\/2024\/10\/14013-1536x1024.jpg 1536w, https:\/\/richeskarayib.com\/wp-content\/uploads\/2024\/10\/14013-2048x1365.jpg 2048w, https:\/\/richeskarayib.com\/wp-content\/uploads\/2024\/10\/14013-1320x880.jpg 1320w\" sizes=\"(max-width: 800px) 100vw, 800px\" \/>\t\t\t\t\t\t\t\t\t\t\t<figcaption class=\"widget-image-caption wp-caption-text\">Panama : La danse et les expressions du Corpus Christi<\/figcaption>\n\t\t\t\t\t\t\t\t\t\t<\/figure>\n\t\t\t\t\t\t\t\t\t<\/div>\n\t\t\t\t<\/div>\n\t\t\t\t\t<\/div>\n\t\t<\/div>\n\t\t\t\t<div class=\"elementor-column elementor-col-33 elementor-inner-column elementor-element elementor-element-226b7fb\" data-id=\"226b7fb\" data-element_type=\"column\">\n\t\t\t<div class=\"elementor-widget-wrap elementor-element-populated\">\n\t\t\t\t\t\t<div class=\"elementor-element elementor-element-4d0613f elementor-widget elementor-widget-image\" data-id=\"4d0613f\" data-element_type=\"widget\" data-widget_type=\"image.default\">\n\t\t\t\t<div class=\"elementor-widget-container\">\n\t\t\t\t\t\t\t\t\t\t\t\t<figure class=\"wp-caption\">\n\t\t\t\t\t\t\t\t\t\t<img loading=\"lazy\" decoding=\"async\" width=\"800\" height=\"600\" src=\"https:\/\/richeskarayib.com\/wp-content\/uploads\/2024\/10\/15649-1024x768.jpg\" class=\"attachment-large size-large wp-image-41274\" alt=\"UNESCO\" srcset=\"https:\/\/richeskarayib.com\/wp-content\/uploads\/2024\/10\/15649-1024x768.jpg 1024w, https:\/\/richeskarayib.com\/wp-content\/uploads\/2024\/10\/15649-300x225.jpg 300w, https:\/\/richeskarayib.com\/wp-content\/uploads\/2024\/10\/15649-768x576.jpg 768w, https:\/\/richeskarayib.com\/wp-content\/uploads\/2024\/10\/15649-1536x1152.jpg 1536w, https:\/\/richeskarayib.com\/wp-content\/uploads\/2024\/10\/15649-2048x1536.jpg 2048w, https:\/\/richeskarayib.com\/wp-content\/uploads\/2024\/10\/15649-1320x990.jpg 1320w\" sizes=\"(max-width: 800px) 100vw, 800px\" \/>\t\t\t\t\t\t\t\t\t\t\t<figcaption class=\"widget-image-caption wp-caption-text\">Ha\u00efti : Soupe Joumou<\/figcaption>\n\t\t\t\t\t\t\t\t\t\t<\/figure>\n\t\t\t\t\t\t\t\t\t<\/div>\n\t\t\t\t<\/div>\n\t\t\t\t\t<\/div>\n\t\t<\/div>\n\t\t\t\t\t<\/div>\n\t\t<\/section>\n\t\t\t\t\t<\/div>\n\t\t<\/div>\n\t\t\t\t\t<\/div>\n\t\t<\/section>\n\t\t\t\t<section class=\"elementor-section elementor-top-section elementor-element elementor-element-dc6b7d9 elementor-section-boxed elementor-section-height-default elementor-section-height-default\" data-id=\"dc6b7d9\" data-element_type=\"section\">\n\t\t\t\t\t\t<div class=\"elementor-container elementor-column-gap-default\">\n\t\t\t\t\t<div class=\"elementor-column elementor-col-100 elementor-top-column elementor-element elementor-element-053f849\" data-id=\"053f849\" data-element_type=\"column\">\n\t\t\t<div class=\"elementor-widget-wrap elementor-element-populated\">\n\t\t\t\t\t\t<div class=\"elementor-element elementor-element-4f9fe32 elementor-widget elementor-widget-heading\" data-id=\"4f9fe32\" data-element_type=\"widget\" data-widget_type=\"heading.default\">\n\t\t\t\t<div class=\"elementor-widget-container\">\n\t\t\t\t\t<h2 class=\"elementor-heading-title elementor-size-default\">2022<\/h2>\t\t\t\t<\/div>\n\t\t\t\t<\/div>\n\t\t\t\t<div class=\"elementor-element elementor-element-331af2f elementor-widget elementor-widget-text-editor\" data-id=\"331af2f\" data-element_type=\"widget\" data-widget_type=\"text-editor.default\">\n\t\t\t\t<div class=\"elementor-widget-container\">\n\t\t\t\t\t\t\t\t\t<ul>\n<li>\n<p><strong>Guatemala :<\/strong> C\u00e9l\u00e9brations de la Semaine Sainte<\/p>\n<p>Pour l&#8217;<strong><a href=\"https:\/\/richeskarayib.com\/fr\/rapport-special-partie-2-2012-2015-les-tresors-culturels-des-caraibes-patrimoine-immateriel-reconnu-par-lunesco\/\" target=\"_blank\" rel=\"noopener\">UNESCO<\/a>, <\/strong>la Semaine Sainte au Guatemala est un \u00e9v\u00e9nement culturel et religieux important qui se caract\u00e9rise par des processions, des sp\u00e9cialit\u00e9s culinaires et de vibrants tapis de fleurs et de fruits, repr\u00e9sentant une riche tradition qui favorise l&#8217;inclusion sociale et le respect mutuel tout en comm\u00e9morant la passion, la mort et la r\u00e9surrection du Christ.<\/p>\n<\/li>\n<li>\n<p><strong>Colombie :<\/strong> Syst\u00e8me de connaissances ancestrales des peuples Arhuaco, Kankuamo, Kogi et Wiwa<\/p>\n<p>Le syst\u00e8me de connaissances ancestrales des peuples Arhuaco, Kankuamo, Kogi et Wiwa de la Sierra Nevada de Santa Marta est un cadre profond qui guide leurs missions sacr\u00e9es d&#8217;harmonie avec l&#8217;univers physique et spirituel, en mettant l&#8217;accent sur la pr\u00e9servation des sites sacr\u00e9s, les rituels traditionnels et la protection de leur identit\u00e9 culturelle et de l&#8217;\u00e9cosyst\u00e8me.<\/p>\n<\/li>\n<\/ul>\n\t\t\t\t\t\t\t\t<\/div>\n\t\t\t\t<\/div>\n\t\t\t\t<section class=\"elementor-section elementor-inner-section elementor-element elementor-element-c5532c0 elementor-section-boxed elementor-section-height-default elementor-section-height-default\" data-id=\"c5532c0\" data-element_type=\"section\">\n\t\t\t\t\t\t<div class=\"elementor-container elementor-column-gap-default\">\n\t\t\t\t\t<div class=\"elementor-column elementor-col-50 elementor-inner-column elementor-element elementor-element-c37383c\" data-id=\"c37383c\" data-element_type=\"column\">\n\t\t\t<div class=\"elementor-widget-wrap elementor-element-populated\">\n\t\t\t\t\t\t<div class=\"elementor-element elementor-element-90487b8 elementor-widget elementor-widget-image\" data-id=\"90487b8\" data-element_type=\"widget\" data-widget_type=\"image.default\">\n\t\t\t\t<div class=\"elementor-widget-container\">\n\t\t\t\t\t\t\t\t\t\t\t\t<figure class=\"wp-caption\">\n\t\t\t\t\t\t\t\t\t\t<img loading=\"lazy\" decoding=\"async\" width=\"800\" height=\"537\" src=\"https:\/\/richeskarayib.com\/wp-content\/uploads\/2024\/10\/15645-1024x687.jpg\" class=\"attachment-large size-large wp-image-41278\" alt=\"UNESCO\" srcset=\"https:\/\/richeskarayib.com\/wp-content\/uploads\/2024\/10\/15645-1024x687.jpg 1024w, https:\/\/richeskarayib.com\/wp-content\/uploads\/2024\/10\/15645-300x201.jpg 300w, https:\/\/richeskarayib.com\/wp-content\/uploads\/2024\/10\/15645-768x516.jpg 768w, https:\/\/richeskarayib.com\/wp-content\/uploads\/2024\/10\/15645-1536x1031.jpg 1536w, https:\/\/richeskarayib.com\/wp-content\/uploads\/2024\/10\/15645-2048x1375.jpg 2048w, https:\/\/richeskarayib.com\/wp-content\/uploads\/2024\/10\/15645-1320x886.jpg 1320w\" sizes=\"(max-width: 800px) 100vw, 800px\" \/>\t\t\t\t\t\t\t\t\t\t\t<figcaption class=\"widget-image-caption wp-caption-text\">Guatemala : C\u00e9l\u00e9brations de la Semaine Sainte<\/figcaption>\n\t\t\t\t\t\t\t\t\t\t<\/figure>\n\t\t\t\t\t\t\t\t\t<\/div>\n\t\t\t\t<\/div>\n\t\t\t\t\t<\/div>\n\t\t<\/div>\n\t\t\t\t<div class=\"elementor-column elementor-col-50 elementor-inner-column elementor-element elementor-element-08fc621\" data-id=\"08fc621\" data-element_type=\"column\">\n\t\t\t<div class=\"elementor-widget-wrap elementor-element-populated\">\n\t\t\t\t\t\t<div class=\"elementor-element elementor-element-035de86 elementor-widget elementor-widget-image\" data-id=\"035de86\" data-element_type=\"widget\" data-widget_type=\"image.default\">\n\t\t\t\t<div class=\"elementor-widget-container\">\n\t\t\t\t\t\t\t\t\t\t\t\t<figure class=\"wp-caption\">\n\t\t\t\t\t\t\t\t\t\t<img loading=\"lazy\" decoding=\"async\" width=\"800\" height=\"450\" src=\"https:\/\/richeskarayib.com\/wp-content\/uploads\/2024\/10\/16115-1024x576.jpg\" class=\"attachment-large size-large wp-image-41302\" alt=\"UNESCO\" srcset=\"https:\/\/richeskarayib.com\/wp-content\/uploads\/2024\/10\/16115-1024x576.jpg 1024w, https:\/\/richeskarayib.com\/wp-content\/uploads\/2024\/10\/16115-300x169.jpg 300w, https:\/\/richeskarayib.com\/wp-content\/uploads\/2024\/10\/16115-768x432.jpg 768w, https:\/\/richeskarayib.com\/wp-content\/uploads\/2024\/10\/16115-1536x864.jpg 1536w, https:\/\/richeskarayib.com\/wp-content\/uploads\/2024\/10\/16115-1320x743.jpg 1320w, https:\/\/richeskarayib.com\/wp-content\/uploads\/2024\/10\/16115.jpg 1920w\" sizes=\"(max-width: 800px) 100vw, 800px\" \/>\t\t\t\t\t\t\t\t\t\t\t<figcaption class=\"widget-image-caption wp-caption-text\">Colombie : Syst\u00e8me de connaissances ancestrales des peuples Arhuaco, Kankuamo, Kogi et Wiwa<\/figcaption>\n\t\t\t\t\t\t\t\t\t\t<\/figure>\n\t\t\t\t\t\t\t\t\t<\/div>\n\t\t\t\t<\/div>\n\t\t\t\t\t<\/div>\n\t\t<\/div>\n\t\t\t\t\t<\/div>\n\t\t<\/section>\n\t\t\t\t\t<\/div>\n\t\t<\/div>\n\t\t\t\t\t<\/div>\n\t\t<\/section>\n\t\t\t\t<section class=\"elementor-section elementor-top-section elementor-element elementor-element-e367f83 elementor-section-boxed elementor-section-height-default elementor-section-height-default\" data-id=\"e367f83\" data-element_type=\"section\">\n\t\t\t\t\t\t<div class=\"elementor-container elementor-column-gap-default\">\n\t\t\t\t\t<div class=\"elementor-column elementor-col-100 elementor-top-column elementor-element elementor-element-01f0d65\" data-id=\"01f0d65\" data-element_type=\"column\">\n\t\t\t<div class=\"elementor-widget-wrap elementor-element-populated\">\n\t\t\t\t\t\t<div class=\"elementor-element elementor-element-98e642f elementor-widget elementor-widget-heading\" data-id=\"98e642f\" data-element_type=\"widget\" data-widget_type=\"heading.default\">\n\t\t\t\t<div class=\"elementor-widget-container\">\n\t\t\t\t\t<h2 class=\"elementor-heading-title elementor-size-default\">2023<\/h2>\t\t\t\t<\/div>\n\t\t\t\t<\/div>\n\t\t\t\t<div class=\"elementor-element elementor-element-8da5262 elementor-widget elementor-widget-text-editor\" data-id=\"8da5262\" data-element_type=\"widget\" data-widget_type=\"text-editor.default\">\n\t\t\t\t<div class=\"elementor-widget-container\">\n\t\t\t\t\t\t\t\t\t<ul>\n<li>\n<p><strong>Grenade :<\/strong> Construction traditionnelle de bateaux en bois \u00e0 Carriacou et en Petite Martinique<\/p>\n<p>Pour l&#8217;<strong><a href=\"https:\/\/richeskarayib.com\/fr\/unesco-rapport-special-partie-3-2016-2019-les-tresors-culturels-des-caraibes-patrimoine-immateriel-reconnu\/\" target=\"_blank\" rel=\"noopener\">UNESCO<\/a>, <\/strong>la pratique traditionnelle de la construction de bateaux en bois \u00e0 Carriacou et en Petite Martinique est un artisanat s\u00e9culaire qui implique l&#8217;ensemble de la communaut\u00e9 dans divers r\u00f4les, o\u00f9 des charpentiers qualifi\u00e9s s\u00e9lectionnent les arbres, effectuent des rituels et c\u00e9l\u00e8brent le lancement avec des b\u00e9n\u00e9dictions et des festivit\u00e9s traditionnelles, ce qui favorise les liens sociaux et le patrimoine culturel.<\/p>\n<\/li>\n<li>\n<p><strong>Colombie : <\/strong>Sages-femmes : connaissances, comp\u00e9tences et pratiques<\/p>\n<p>La profession de sage-femme est une pratique vitale dans plusieurs pays, notamment en Colombie, \u00e0 Chypre, en Allemagne, au Kirghizstan, au Luxembourg, au Nigeria, en Slov\u00e9nie et au Togo, o\u00f9 les sages-femmes fournissent des soins et une \u00e9ducation essentiels aux femmes enceintes et \u00e0 leurs familles, en associant les connaissances traditionnelles \u00e0 des pratiques fond\u00e9es sur des donn\u00e9es probantes, tout en pr\u00e9servant les rituels culturels et en encourageant le soutien de la communaut\u00e9 \u00e0 travers les g\u00e9n\u00e9rations.<\/p>\n<\/li>\n<li>\n<p><strong>Cuba et le Mexique :<\/strong> Le Bol\u00e9ro, l&#8217;identit\u00e9, l&#8217;\u00e9motion et la po\u00e9sie dans la chanson<\/p>\n<p>Le bol\u00e9ro est un \u00e9l\u00e9ment essentiel de la musique sentimentale latino-am\u00e9ricaine, profond\u00e9ment enracin\u00e9 \u00e0 Cuba et au Mexique, qui m\u00eale le langage po\u00e9tique europ\u00e9en, les rythmes africains et les \u00e9motions indig\u00e8nes. Il constitue un symbole culturel puissant qui \u00e9voque des sentiments et relie les communaut\u00e9s gr\u00e2ce \u00e0 son expression lyrique et \u00e0 sa transmission orale d&#8217;une g\u00e9n\u00e9ration \u00e0 l&#8217;autre.<\/p>\n<\/li>\n<li>\n<p><strong>Bahamas : <\/strong>le Junkanoo<strong>:<\/strong> Festival culturel des Bahamas<\/p>\n<p>Pour l&#8217;<strong>UNESCO, le <\/strong>Junkanoo est le festival culturel national des Bahamas, dont l&#8217;origine remonte au d\u00e9but du 19e si\u00e8cle et qui a \u00e9t\u00e9 cr\u00e9\u00e9 par des Africains r\u00e9duits en esclavage. Il s&#8217;agit d&#8217;une expression puissante de la cr\u00e9ativit\u00e9 et de l&#8217;unit\u00e9 de la communaut\u00e9, qui implique tous les \u00e2ges dans la confection de costumes \u00e9labor\u00e9s et la c\u00e9l\u00e9bration de l&#8217;identit\u00e9 culturelle.<\/p>\n<\/li>\n<li>\n<p><strong>Panama :<\/strong> Festival culturel et \u00e9cologique des tortues marines d&#8217;Armila : Programme de sauvegarde des pratiques<\/p>\n<p>Le festival culturel et \u00e9cologique des tortues marines \u00e0 Armila, au Panama, est un programme vital lanc\u00e9 par le peuple kuna pour pr\u00e9server ses traditions orales et ses pratiques environnementales. Il comprend un festival \u00e9ducatif de quatre jours qui co\u00efncide avec l&#8217;arriv\u00e9e des tortues caouannes, encourageant l&#8217;engagement de la communaut\u00e9 et la cr\u00e9ation d&#8217;un \u00e9colabel pour les festivals responsables sur le plan culturel et environnemental.<\/p>\n<\/li>\n<li>\n<p><strong>Venezuela :<\/strong> Les Bandos et Parrandas des Saints Innocents de Caucagua : Transmission des savoirs et conseils communautaires<\/p>\n<p>Pour l&#8217;<strong>UNESCO,<\/strong> les Bandos et Parrandas des Saints Innocents \u00e0 Caucagua, au Venezuela, sont de vibrants festivals de rue c\u00e9l\u00e9br\u00e9s les 27 et 28 d\u00e9cembre, caract\u00e9ris\u00e9s par de la musique et des v\u00eatements satiriques, et soutenus par un programme de sauvegarde qui renforce la tradition orale par le biais de centres de connaissances et de conseils communautaires visant \u00e0 revitaliser cette c\u00e9l\u00e9bration afro-descendante et \u00e0 pr\u00e9server le patrimoine culturel.<\/p>\n<\/li>\n<\/ul>\n\t\t\t\t\t\t\t\t<\/div>\n\t\t\t\t<\/div>\n\t\t\t\t<section class=\"elementor-section elementor-inner-section elementor-element elementor-element-c5beefe elementor-section-boxed elementor-section-height-default elementor-section-height-default\" data-id=\"c5beefe\" data-element_type=\"section\">\n\t\t\t\t\t\t<div class=\"elementor-container elementor-column-gap-default\">\n\t\t\t\t\t<div class=\"elementor-column elementor-col-16 elementor-inner-column elementor-element elementor-element-fd70fbf\" data-id=\"fd70fbf\" data-element_type=\"column\">\n\t\t\t<div class=\"elementor-widget-wrap elementor-element-populated\">\n\t\t\t\t\t\t<div class=\"elementor-element elementor-element-260ef89 elementor-widget elementor-widget-image\" data-id=\"260ef89\" data-element_type=\"widget\" data-widget_type=\"image.default\">\n\t\t\t\t<div class=\"elementor-widget-container\">\n\t\t\t\t\t\t\t\t\t\t\t\t<figure class=\"wp-caption\">\n\t\t\t\t\t\t\t\t\t\t<img loading=\"lazy\" decoding=\"async\" width=\"800\" height=\"600\" src=\"https:\/\/richeskarayib.com\/wp-content\/uploads\/2024\/10\/16289-1024x768.jpg\" class=\"attachment-large size-large wp-image-41314\" alt=\"UNESCO\" srcset=\"https:\/\/richeskarayib.com\/wp-content\/uploads\/2024\/10\/16289-1024x768.jpg 1024w, https:\/\/richeskarayib.com\/wp-content\/uploads\/2024\/10\/16289-300x225.jpg 300w, https:\/\/richeskarayib.com\/wp-content\/uploads\/2024\/10\/16289-768x576.jpg 768w, https:\/\/richeskarayib.com\/wp-content\/uploads\/2024\/10\/16289.jpg 1280w\" sizes=\"(max-width: 800px) 100vw, 800px\" \/>\t\t\t\t\t\t\t\t\t\t\t<figcaption class=\"widget-image-caption wp-caption-text\">Grenade : Construction traditionnelle de bateaux en bois \u00e0 Carriacou et en Petite Martinique<\/figcaption>\n\t\t\t\t\t\t\t\t\t\t<\/figure>\n\t\t\t\t\t\t\t\t\t<\/div>\n\t\t\t\t<\/div>\n\t\t\t\t\t<\/div>\n\t\t<\/div>\n\t\t\t\t<div class=\"elementor-column elementor-col-16 elementor-inner-column elementor-element elementor-element-814e40f\" data-id=\"814e40f\" data-element_type=\"column\">\n\t\t\t<div class=\"elementor-widget-wrap elementor-element-populated\">\n\t\t\t\t\t\t<div class=\"elementor-element elementor-element-d50b93c elementor-widget elementor-widget-image\" data-id=\"d50b93c\" data-element_type=\"widget\" data-widget_type=\"image.default\">\n\t\t\t\t<div class=\"elementor-widget-container\">\n\t\t\t\t\t\t\t\t\t\t\t\t<figure class=\"wp-caption\">\n\t\t\t\t\t\t\t\t\t\t<img loading=\"lazy\" decoding=\"async\" width=\"800\" height=\"450\" src=\"https:\/\/richeskarayib.com\/wp-content\/uploads\/2024\/10\/16642-1024x576.jpg\" class=\"attachment-large size-large wp-image-41326\" alt=\"UNESCO\" srcset=\"https:\/\/richeskarayib.com\/wp-content\/uploads\/2024\/10\/16642-1024x576.jpg 1024w, https:\/\/richeskarayib.com\/wp-content\/uploads\/2024\/10\/16642-300x169.jpg 300w, https:\/\/richeskarayib.com\/wp-content\/uploads\/2024\/10\/16642-768x432.jpg 768w, https:\/\/richeskarayib.com\/wp-content\/uploads\/2024\/10\/16642-1536x864.jpg 1536w, https:\/\/richeskarayib.com\/wp-content\/uploads\/2024\/10\/16642-1320x743.jpg 1320w, https:\/\/richeskarayib.com\/wp-content\/uploads\/2024\/10\/16642.jpg 1920w\" sizes=\"(max-width: 800px) 100vw, 800px\" \/>\t\t\t\t\t\t\t\t\t\t\t<figcaption class=\"widget-image-caption wp-caption-text\">La profession de sage-femme : connaissances, comp\u00e9tences et pratiques<\/figcaption>\n\t\t\t\t\t\t\t\t\t\t<\/figure>\n\t\t\t\t\t\t\t\t\t<\/div>\n\t\t\t\t<\/div>\n\t\t\t\t\t<\/div>\n\t\t<\/div>\n\t\t\t\t<div class=\"elementor-column elementor-col-16 elementor-inner-column elementor-element elementor-element-b2d6a3a\" data-id=\"b2d6a3a\" data-element_type=\"column\">\n\t\t\t<div class=\"elementor-widget-wrap elementor-element-populated\">\n\t\t\t\t\t\t<div class=\"elementor-element elementor-element-0db4406 elementor-widget elementor-widget-image\" data-id=\"0db4406\" data-element_type=\"widget\" data-widget_type=\"image.default\">\n\t\t\t\t<div class=\"elementor-widget-container\">\n\t\t\t\t\t\t\t\t\t\t\t\t<figure class=\"wp-caption\">\n\t\t\t\t\t\t\t\t\t\t<img loading=\"lazy\" decoding=\"async\" width=\"800\" height=\"450\" src=\"https:\/\/richeskarayib.com\/wp-content\/uploads\/2024\/10\/16763-1024x576.jpg\" class=\"attachment-large size-large wp-image-41330\" alt=\"UNESCO\" srcset=\"https:\/\/richeskarayib.com\/wp-content\/uploads\/2024\/10\/16763-1024x576.jpg 1024w, https:\/\/richeskarayib.com\/wp-content\/uploads\/2024\/10\/16763-300x169.jpg 300w, https:\/\/richeskarayib.com\/wp-content\/uploads\/2024\/10\/16763-768x432.jpg 768w, https:\/\/richeskarayib.com\/wp-content\/uploads\/2024\/10\/16763-1536x864.jpg 1536w, https:\/\/richeskarayib.com\/wp-content\/uploads\/2024\/10\/16763-2048x1152.jpg 2048w, https:\/\/richeskarayib.com\/wp-content\/uploads\/2024\/10\/16763-1320x743.jpg 1320w\" sizes=\"(max-width: 800px) 100vw, 800px\" \/>\t\t\t\t\t\t\t\t\t\t\t<figcaption class=\"widget-image-caption wp-caption-text\">Cuba et le Mexique : Le Bol\u00e9ro, l'identit\u00e9, l'\u00e9motion et la po\u00e9sie dans la chanson<\/figcaption>\n\t\t\t\t\t\t\t\t\t\t<\/figure>\n\t\t\t\t\t\t\t\t\t<\/div>\n\t\t\t\t<\/div>\n\t\t\t\t\t<\/div>\n\t\t<\/div>\n\t\t\t\t<div class=\"elementor-column elementor-col-16 elementor-inner-column elementor-element elementor-element-96b3f95\" data-id=\"96b3f95\" data-element_type=\"column\">\n\t\t\t<div class=\"elementor-widget-wrap elementor-element-populated\">\n\t\t\t\t\t\t<div class=\"elementor-element elementor-element-0ba7f28 elementor-widget elementor-widget-image\" data-id=\"0ba7f28\" data-element_type=\"widget\" data-widget_type=\"image.default\">\n\t\t\t\t<div class=\"elementor-widget-container\">\n\t\t\t\t\t\t\t\t\t\t\t\t<figure class=\"wp-caption\">\n\t\t\t\t\t\t\t\t\t\t<img loading=\"lazy\" decoding=\"async\" width=\"800\" height=\"565\" src=\"https:\/\/richeskarayib.com\/wp-content\/uploads\/2024\/10\/16722-1024x723.jpg\" class=\"attachment-large size-large wp-image-41334\" alt=\"UNESCO\" srcset=\"https:\/\/richeskarayib.com\/wp-content\/uploads\/2024\/10\/16722-1024x723.jpg 1024w, https:\/\/richeskarayib.com\/wp-content\/uploads\/2024\/10\/16722-300x212.jpg 300w, https:\/\/richeskarayib.com\/wp-content\/uploads\/2024\/10\/16722-768x542.jpg 768w, https:\/\/richeskarayib.com\/wp-content\/uploads\/2024\/10\/16722.jpg 1280w\" sizes=\"(max-width: 800px) 100vw, 800px\" \/>\t\t\t\t\t\t\t\t\t\t\t<figcaption class=\"widget-image-caption wp-caption-text\">Bahamas : le Junkanoo : Festival culturel des Bahamas<\/figcaption>\n\t\t\t\t\t\t\t\t\t\t<\/figure>\n\t\t\t\t\t\t\t\t\t<\/div>\n\t\t\t\t<\/div>\n\t\t\t\t\t<\/div>\n\t\t<\/div>\n\t\t\t\t<div class=\"elementor-column elementor-col-16 elementor-inner-column elementor-element elementor-element-8110fee\" data-id=\"8110fee\" data-element_type=\"column\">\n\t\t\t<div class=\"elementor-widget-wrap elementor-element-populated\">\n\t\t\t\t\t\t<div class=\"elementor-element elementor-element-8bc7d7f elementor-widget elementor-widget-image\" data-id=\"8bc7d7f\" data-element_type=\"widget\" data-widget_type=\"image.default\">\n\t\t\t\t<div class=\"elementor-widget-container\">\n\t\t\t\t\t\t\t\t\t\t\t\t<figure class=\"wp-caption\">\n\t\t\t\t\t\t\t\t\t\t<img loading=\"lazy\" decoding=\"async\" width=\"800\" height=\"535\" src=\"https:\/\/richeskarayib.com\/wp-content\/uploads\/2024\/10\/16317-1024x685.jpg\" class=\"attachment-large size-large wp-image-41338\" alt=\"UNESCO\" srcset=\"https:\/\/richeskarayib.com\/wp-content\/uploads\/2024\/10\/16317-1024x685.jpg 1024w, https:\/\/richeskarayib.com\/wp-content\/uploads\/2024\/10\/16317-300x201.jpg 300w, https:\/\/richeskarayib.com\/wp-content\/uploads\/2024\/10\/16317-768x514.jpg 768w\" sizes=\"(max-width: 800px) 100vw, 800px\" \/>\t\t\t\t\t\t\t\t\t\t\t<figcaption class=\"widget-image-caption wp-caption-text\">Panama : Festival culturel et \u00e9cologique des tortues marines d'Armila : programme de sauvegarde des pratiques<\/figcaption>\n\t\t\t\t\t\t\t\t\t\t<\/figure>\n\t\t\t\t\t\t\t\t\t<\/div>\n\t\t\t\t<\/div>\n\t\t\t\t\t<\/div>\n\t\t<\/div>\n\t\t\t\t<div class=\"elementor-column elementor-col-16 elementor-inner-column elementor-element elementor-element-d2fcf71\" data-id=\"d2fcf71\" data-element_type=\"column\">\n\t\t\t<div class=\"elementor-widget-wrap elementor-element-populated\">\n\t\t\t\t\t\t<div class=\"elementor-element elementor-element-7fcfee6 elementor-widget elementor-widget-image\" data-id=\"7fcfee6\" data-element_type=\"widget\" data-widget_type=\"image.default\">\n\t\t\t\t<div class=\"elementor-widget-container\">\n\t\t\t\t\t\t\t\t\t\t\t\t<figure class=\"wp-caption\">\n\t\t\t\t\t\t\t\t\t\t<img loading=\"lazy\" decoding=\"async\" width=\"800\" height=\"534\" src=\"https:\/\/richeskarayib.com\/wp-content\/uploads\/2024\/10\/16293-1024x683.jpg\" class=\"attachment-large size-large wp-image-41346\" alt=\"UNESCO\" srcset=\"https:\/\/richeskarayib.com\/wp-content\/uploads\/2024\/10\/16293-1024x683.jpg 1024w, https:\/\/richeskarayib.com\/wp-content\/uploads\/2024\/10\/16293-300x200.jpg 300w, https:\/\/richeskarayib.com\/wp-content\/uploads\/2024\/10\/16293-768x512.jpg 768w, https:\/\/richeskarayib.com\/wp-content\/uploads\/2024\/10\/16293-1536x1024.jpg 1536w, https:\/\/richeskarayib.com\/wp-content\/uploads\/2024\/10\/16293-2048x1365.jpg 2048w, https:\/\/richeskarayib.com\/wp-content\/uploads\/2024\/10\/16293-1320x880.jpg 1320w\" sizes=\"(max-width: 800px) 100vw, 800px\" \/>\t\t\t\t\t\t\t\t\t\t\t<figcaption class=\"widget-image-caption wp-caption-text\">Venezuela : Les Bandos et Parrandas des Saints Innocents de Caucagua : Transmission des savoirs et conseils communautaires<\/figcaption>\n\t\t\t\t\t\t\t\t\t\t<\/figure>\n\t\t\t\t\t\t\t\t\t<\/div>\n\t\t\t\t<\/div>\n\t\t\t\t\t<\/div>\n\t\t<\/div>\n\t\t\t\t\t<\/div>\n\t\t<\/section>\n\t\t\t\t\t<\/div>\n\t\t<\/div>\n\t\t\t\t\t<\/div>\n\t\t<\/section>\n\t\t\t\t<section class=\"elementor-section elementor-top-section elementor-element elementor-element-4d5fbeb elementor-section-boxed elementor-section-height-default elementor-section-height-default\" data-id=\"4d5fbeb\" data-element_type=\"section\">\n\t\t\t\t\t\t<div class=\"elementor-container elementor-column-gap-default\">\n\t\t\t\t\t<div class=\"elementor-column elementor-col-100 elementor-top-column elementor-element elementor-element-da6a5c3\" data-id=\"da6a5c3\" data-element_type=\"column\">\n\t\t\t<div class=\"elementor-widget-wrap elementor-element-populated\">\n\t\t\t\t\t\t<div class=\"elementor-element elementor-element-dee4a04 elementor-widget elementor-widget-text-editor\" data-id=\"dee4a04\" data-element_type=\"widget\" data-widget_type=\"text-editor.default\">\n\t\t\t\t<div class=\"elementor-widget-container\">\n\t\t\t\t\t\t\t\t\t<p>\n            <strong>Les pratiques culturelles reconnues par l&#8217;UNESCO de 2020 \u00e0 2023 illustrent la diversit\u00e9 et le patrimoine complexe des Cara\u00efbes. Des rythmes entra\u00eenants du merengue et des c\u00e9l\u00e9brations festives du Junkanoo aux programmes de sauvegarde communautaires des Bandos et des Parrandas, ces traditions soulignent le r\u00f4le essentiel des expressions culturelles dans la pr\u00e9servation des identit\u00e9s nationales et la promotion de la coh\u00e9sion communautaire. <\/p>\n<p><\/strong>\n          <\/p>\n\t\t\t\t\t\t\t\t<\/div>\n\t\t\t\t<\/div>\n\t\t\t\t\t<\/div>\n\t\t<\/div>\n\t\t\t\t\t<\/div>\n\t\t<\/section>\n\t\t\t\t<\/div>\n\t\t","protected":false},"excerpt":{"rendered":"<p>C\u00e9l\u00e9bration de la diversit\u00e9 culturelle des Cara\u00efbes Entre 2020 et 2023, L&#8217;UNESCO a continu\u00e9 \u00e0 reconna\u00eetre le riche patrimoine culturel immat\u00e9riel des Cara\u00efbes, en c\u00e9l\u00e9brant les traditions qui mettent en valeur la diversit\u00e9 et l&#8217;histoire dynamique de la r\u00e9gion. Ces reconnaissances par l L&#8217;UNESCO r\u00e9v\u00e8lent les pratiques et coutumes culturelles profondes qui ont surv\u00e9cu aux [&hellip;]<\/p>\n","protected":false},"author":47,"featured_media":41819,"comment_status":"open","ping_status":"open","sticky":false,"template":"","format":"standard","meta":{"_acf_changed":false,"footnotes":""},"categories":[1468],"tags":[827,1572,1568,814,808,1566,1571,1570],"class_list":["post-41831","post","type-post","status-publish","format-standard","has-post-thumbnail","hentry","category-histoire-patrimoine","tag-colombie-fr","tag-grenada-fr","tag-guatemala-fr","tag-haiti-fr","tag-martinique-fr","tag-mexique-fr","tag-panama-fr","tag-venezuela"],"acf":[],"_links":{"self":[{"href":"https:\/\/richeskarayib.com\/fr\/wp-json\/wp\/v2\/posts\/41831","targetHints":{"allow":["GET"]}}],"collection":[{"href":"https:\/\/richeskarayib.com\/fr\/wp-json\/wp\/v2\/posts"}],"about":[{"href":"https:\/\/richeskarayib.com\/fr\/wp-json\/wp\/v2\/types\/post"}],"author":[{"embeddable":true,"href":"https:\/\/richeskarayib.com\/fr\/wp-json\/wp\/v2\/users\/47"}],"replies":[{"embeddable":true,"href":"https:\/\/richeskarayib.com\/fr\/wp-json\/wp\/v2\/comments?post=41831"}],"version-history":[{"count":0,"href":"https:\/\/richeskarayib.com\/fr\/wp-json\/wp\/v2\/posts\/41831\/revisions"}],"wp:featuredmedia":[{"embeddable":true,"href":"https:\/\/richeskarayib.com\/fr\/wp-json\/wp\/v2\/media\/41819"}],"wp:attachment":[{"href":"https:\/\/richeskarayib.com\/fr\/wp-json\/wp\/v2\/media?parent=41831"}],"wp:term":[{"taxonomy":"category","embeddable":true,"href":"https:\/\/richeskarayib.com\/fr\/wp-json\/wp\/v2\/categories?post=41831"},{"taxonomy":"post_tag","embeddable":true,"href":"https:\/\/richeskarayib.com\/fr\/wp-json\/wp\/v2\/tags?post=41831"}],"curies":[{"name":"wp","href":"https:\/\/api.w.org\/{rel}","templated":true}]}}