{"id":41882,"date":"2024-11-15T16:01:50","date_gmt":"2024-11-15T16:01:50","guid":{"rendered":"https:\/\/richeskarayib.com\/fete-de-la-gastronomie-a-saint-martin-une-celebration-culinaire\/"},"modified":"2024-12-10T08:02:42","modified_gmt":"2024-12-10T08:02:42","slug":"fete-de-la-gastronomie-de-saint-martin-blog","status":"publish","type":"post","link":"https:\/\/richeskarayib.com\/fr\/fete-de-la-gastronomie-de-saint-martin-blog\/","title":{"rendered":"F\u00eate de la gastronomie de Saint-Martin : Une c\u00e9l\u00e9bration culinaire !"},"content":{"rendered":"\t\t<div data-elementor-type=\"wp-post\" data-elementor-id=\"41882\" class=\"elementor elementor-41882 elementor-41834\" data-elementor-post-type=\"post\">\n\t\t\t\t\t\t<section class=\"elementor-section elementor-top-section elementor-element elementor-element-81b7c64 elementor-section-boxed elementor-section-height-default elementor-section-height-default\" data-id=\"81b7c64\" data-element_type=\"section\">\n\t\t\t\t\t\t<div class=\"elementor-container elementor-column-gap-default\">\n\t\t\t\t\t<div class=\"elementor-column elementor-col-100 elementor-top-column elementor-element elementor-element-cce8092\" data-id=\"cce8092\" data-element_type=\"column\">\n\t\t\t<div class=\"elementor-widget-wrap elementor-element-populated\">\n\t\t\t\t\t\t<div class=\"elementor-element elementor-element-f4f4ff3 elementor-widget elementor-widget-text-editor\" data-id=\"f4f4ff3\" data-element_type=\"widget\" data-widget_type=\"text-editor.default\">\n\t\t\t\t<div class=\"elementor-widget-container\">\n\t\t\t\t\t\t\t\t\t<p><b>La<a href=\"https:\/\/www.st-martin.org\/agenda\/festival-de-la-gastronomie-de-saint-martin\/\" target=\"_blank\" rel=\"noopener nofollow\"> f\u00eate de la gastronomie de\u00a0 Saint-Martin <\/a><\/b><span style=\"font-weight: 400;\">est un \u00e9v\u00e9nement exceptionnel qui met en valeur les arts culinaires de cette magnifique \u00eele des Cara\u00efbes. Du 11 au 22 novembre 2024, ce festival est l&#8217;occasion id\u00e9ale de se laisser tenter par les diverses saveurs et les talents des chefs locaux et internationaux. Ce festival culinaire promet une exp\u00e9rience d\u00e9licieuse pour les gourmands de tous \u00e2ges ! <\/span><\/p>\t\t\t\t\t\t\t\t<\/div>\n\t\t\t\t<\/div>\n\t\t\t\t<div class=\"elementor-element elementor-element-69f158c elementor-widget elementor-widget-text-editor\" data-id=\"69f158c\" data-element_type=\"widget\" data-widget_type=\"text-editor.default\">\n\t\t\t\t<div class=\"elementor-widget-container\">\n\t\t\t\t\t\t\t\t\t<p><span style=\"font-weight: 400;\">Pendant cette p\u00e9riode, le festival mettra l&#8217;accent sur l&#8217;innovation et la transmission du savoir culinaire. Les participants pourront assister \u00e0 des ateliers de cuisine pour tous les \u00e2ges, rencontrer des chefs renomm\u00e9s, participer \u00e0 des barbecues g\u00e9ants et \u00e0 des d\u00e9gustations mettant \u00e0 l&#8217;honneur les produits et les saveurs locales. Ce festival permet aux chefs de partager leurs techniques et leurs secrets culinaires, ce qui en fait un \u00e9v\u00e9nement \u00e0 ne pas manquer. <\/span><\/p>\t\t\t\t\t\t\t\t<\/div>\n\t\t\t\t<\/div>\n\t\t\t\t<div class=\"elementor-element elementor-element-61543a8 elementor-widget elementor-widget-text-editor\" data-id=\"61543a8\" data-element_type=\"widget\" data-widget_type=\"text-editor.default\">\n\t\t\t\t<div class=\"elementor-widget-container\">\n\t\t\t\t\t\t\t\t\t<p><span style=\"font-weight: 400;\">La\u00a0 <\/span><b>F\u00eate de la gastronomie de Saint-Martin<\/b><span style=\"font-weight: 400;\"> a pour but de satisfaire vos envies culinaires tout en vous d\u00e9voilant certains secrets des chefs ! Pour plus d&#8217;informations, contactez-nous : +590 590 87 57 21. <\/span><\/p>\t\t\t\t\t\t\t\t<\/div>\n\t\t\t\t<\/div>\n\t\t\t\t<section class=\"elementor-section elementor-inner-section elementor-element elementor-element-67eb95c elementor-section-boxed elementor-section-height-default elementor-section-height-default\" data-id=\"67eb95c\" data-element_type=\"section\">\n\t\t\t\t\t\t<div class=\"elementor-container elementor-column-gap-default\">\n\t\t\t\t\t<div class=\"elementor-column elementor-col-100 elementor-inner-column elementor-element elementor-element-cb63572\" data-id=\"cb63572\" data-element_type=\"column\">\n\t\t\t<div class=\"elementor-widget-wrap elementor-element-populated\">\n\t\t\t\t\t\t<div class=\"elementor-element elementor-element-5962c61 elementor-widget elementor-widget-image\" data-id=\"5962c61\" data-element_type=\"widget\" data-widget_type=\"image.default\">\n\t\t\t\t<div class=\"elementor-widget-container\">\n\t\t\t\t\t\t\t\t\t\t\t\t<figure class=\"wp-caption\">\n\t\t\t\t\t\t\t\t\t\t<img fetchpriority=\"high\" decoding=\"async\" width=\"729\" height=\"723\" src=\"https:\/\/richeskarayib.com\/wp-content\/uploads\/2024\/11\/Programme.png\" class=\"attachment-large size-large wp-image-41845\" alt=\"F\u00eate de la gastronomie de Saint-Martin\" srcset=\"https:\/\/richeskarayib.com\/wp-content\/uploads\/2024\/11\/Programme.png 729w, https:\/\/richeskarayib.com\/wp-content\/uploads\/2024\/11\/Programme-300x298.png 300w, https:\/\/richeskarayib.com\/wp-content\/uploads\/2024\/11\/Programme-150x150.png 150w\" sizes=\"(max-width: 729px) 100vw, 729px\" \/>\t\t\t\t\t\t\t\t\t\t\t<figcaption class=\"widget-image-caption wp-caption-text\">Source : st-martin.org<\/figcaption>\n\t\t\t\t\t\t\t\t\t\t<\/figure>\n\t\t\t\t\t\t\t\t\t<\/div>\n\t\t\t\t<\/div>\n\t\t\t\t\t<\/div>\n\t\t<\/div>\n\t\t\t\t\t<\/div>\n\t\t<\/section>\n\t\t\t\t\t<\/div>\n\t\t<\/div>\n\t\t\t\t\t<\/div>\n\t\t<\/section>\n\t\t\t\t<section class=\"elementor-section elementor-top-section elementor-element elementor-element-c1d27ad elementor-section-boxed elementor-section-height-default elementor-section-height-default\" data-id=\"c1d27ad\" data-element_type=\"section\">\n\t\t\t\t\t\t<div class=\"elementor-container elementor-column-gap-default\">\n\t\t\t\t\t<div class=\"elementor-column elementor-col-100 elementor-top-column elementor-element elementor-element-904b487\" data-id=\"904b487\" data-element_type=\"column\">\n\t\t\t<div class=\"elementor-widget-wrap elementor-element-populated\">\n\t\t\t\t\t\t<div class=\"elementor-element elementor-element-7bc9da5 elementor-widget elementor-widget-heading\" data-id=\"7bc9da5\" data-element_type=\"widget\" data-widget_type=\"heading.default\">\n\t\t\t\t<div class=\"elementor-widget-container\">\n\t\t\t\t\t<h2 class=\"elementor-heading-title elementor-size-default\">Agenda du festival<\/h2>\t\t\t\t<\/div>\n\t\t\t\t<\/div>\n\t\t\t\t<section class=\"elementor-section elementor-inner-section elementor-element elementor-element-afca6cc elementor-section-boxed elementor-section-height-default elementor-section-height-default\" data-id=\"afca6cc\" data-element_type=\"section\">\n\t\t\t\t\t\t<div class=\"elementor-container elementor-column-gap-default\">\n\t\t\t\t\t<div class=\"elementor-column elementor-col-100 elementor-inner-column elementor-element elementor-element-8739f82\" data-id=\"8739f82\" data-element_type=\"column\">\n\t\t\t<div class=\"elementor-widget-wrap elementor-element-populated\">\n\t\t\t\t\t\t<div class=\"elementor-element elementor-element-f105cdb elementor-widget elementor-widget-text-editor\" data-id=\"f105cdb\" data-element_type=\"widget\" data-widget_type=\"text-editor.default\">\n\t\t\t\t<div class=\"elementor-widget-container\">\n\t\t\t\t\t\t\t\t\t<h3><a href=\"https:\/\/www.festival-st-martin.com\/programme-2024#Diner4mains24\" target=\"_blank\" rel=\"noopener nofollow\">Agenda<\/a>:<\/h3><h3><b>Du 11 au 22 novembre 2024 :<\/b><br \/><b><\/b><\/h3><h3><strong>Menus de d\u00e9couverte<\/strong><br \/><i><\/i><\/h3><p>Les habitants et les visiteurs auront l&#8217;occasion de red\u00e9couvrir le goyavier sous toutes ses formes dans les restaurants participants. Chaque \u00e9tablissement proposera un menu sp\u00e9cial, offrant une exp\u00e9rience culinaire unique autour de cet ingr\u00e9dient embl\u00e9matique de la <strong>f\u00eate\u00a0de la\u00a0 gastronomie de Saint-Martin<\/strong>.<\/p>\t\t\t\t\t\t\t\t<\/div>\n\t\t\t\t<\/div>\n\t\t\t\t<div class=\"elementor-element elementor-element-49947c8 elementor-widget elementor-widget-text-editor\" data-id=\"49947c8\" data-element_type=\"widget\" data-widget_type=\"text-editor.default\">\n\t\t\t\t<div class=\"elementor-widget-container\">\n\t\t\t\t\t\t\t\t\t<h3><strong>Dimanche 10 novembre 2024 :<\/strong><\/h3><h3><strong>Le go\u00fbt du soleil levant<\/strong><br \/><i><\/i><\/h3><p>De 9h \u00e0 14h, commencez votre journ\u00e9e par un authentique petit-d\u00e9jeuner de Saint-Martin, pr\u00e9par\u00e9 par nos talents locaux, accompagn\u00e9 de musique et d&#8217;une ambiance festive. Code vestimentaire : Boho chic avec une touche des couleurs du drapeau de l&#8217;unit\u00e9, dans le cadre de l&#8217;esprit vibrant de la <strong>f\u00eate de la gastronomie de Saint-Martin.<\/strong><\/p>\t\t\t\t\t\t\t\t<\/div>\n\t\t\t\t<\/div>\n\t\t\t\t<div class=\"elementor-element elementor-element-62821cc elementor-widget elementor-widget-text-editor\" data-id=\"62821cc\" data-element_type=\"widget\" data-widget_type=\"text-editor.default\">\n\t\t\t\t<div class=\"elementor-widget-container\">\n\t\t\t\t\t\t\t\t\t<h3><strong>Du 12 au 14 novembre 2024 :<\/strong><\/h3><h3><strong>D\u00eeners aux 4 mains<\/strong><br \/><i><\/i><\/h3><p>Vivez l&#8217;exp\u00e9rience d&#8217;un d\u00eener exceptionnel au cours duquel des chefs renomm\u00e9s collaborent avec des \u00e9tablissements locaux. R\u00e9servez directement aupr\u00e8s des restaurants pour participer \u00e0 ce temps fort de la <strong>f\u00eate de la gastronomie de Saint-Martin<\/strong>.<\/p>\t\t\t\t\t\t\t\t<\/div>\n\t\t\t\t<\/div>\n\t\t\t\t<div class=\"elementor-element elementor-element-81721bf elementor-widget elementor-widget-text-editor\" data-id=\"81721bf\" data-element_type=\"widget\" data-widget_type=\"text-editor.default\">\n\t\t\t\t<div class=\"elementor-widget-container\">\n\t\t\t\t\t\t\t\t\t<h3><strong>Les 12 et 13 novembre 2024 :<\/strong><\/h3><h3><strong>Concours des chefs priv\u00e9s<\/strong><br \/><i><\/i><\/h3><p><span style=\"font-weight: 400;\">Des chefs talentueux pr\u00e9senteront un menu complet, \u00e9valu\u00e9 par un jury d&#8217;experts culinaires, mettant en valeur leurs comp\u00e9tences lors de la f<\/span><b>\u00eate de la gastronomie de Saint-Martin<\/b><span style=\"font-weight: 400;\">.<\/span><\/p>\t\t\t\t\t\t\t\t<\/div>\n\t\t\t\t<\/div>\n\t\t\t\t<div class=\"elementor-element elementor-element-7a3b789 elementor-widget elementor-widget-text-editor\" data-id=\"7a3b789\" data-element_type=\"widget\" data-widget_type=\"text-editor.default\">\n\t\t\t\t<div class=\"elementor-widget-container\">\n\t\t\t\t\t\t\t\t\t<h3><strong>Ateliers pour enfants :<\/strong><\/h3><p><strong>13 et 20 novembre 2024 : <\/strong>de<span style=\"font-weight: 400;\">\u00a013h00 \u00e0 17h30<\/span><\/p><h3><strong>Ateliers pour adultes<\/strong><\/h3><p><span style=\"font-weight: 400;\">En journ\u00e9e et en soir\u00e9e : Les 6, 13 et 20 novembre 2024, en proposant des exp\u00e9riences pratiques dans le cadre de la <\/span><b>F\u00eate de la gastronomie de Saint-Martin<\/b><span style=\"font-weight: 400;\">.<\/span><\/p>\t\t\t\t\t\t\t\t<\/div>\n\t\t\t\t<\/div>\n\t\t\t\t<div class=\"elementor-element elementor-element-c92b36b elementor-widget elementor-widget-text-editor\" data-id=\"c92b36b\" data-element_type=\"widget\" data-widget_type=\"text-editor.default\">\n\t\t\t\t<div class=\"elementor-widget-container\">\n\t\t\t\t\t\t\t\t\t<h3><strong>Mercredi 13 novembre 2024 :<\/strong><\/h3><h3><strong>Accords mets-vins et fromages<\/strong><br \/><i><\/i><\/h3><p><span style=\"font-weight: 400;\">Une soir\u00e9e gourmande avec des sommeliers et des fromagers experts, \u00e0 la d\u00e9couverte des accords subtils entre vins et fromages, une exp\u00e9rience incontournable de la f<\/span><b>\u00eate de la gastronomie de Saint-Martin<\/b><span style=\"font-weight: 400;\">.<\/span><\/p>\t\t\t\t\t\t\t\t<\/div>\n\t\t\t\t<\/div>\n\t\t\t\t<div class=\"elementor-element elementor-element-4a7ef64 elementor-widget elementor-widget-text-editor\" data-id=\"4a7ef64\" data-element_type=\"widget\" data-widget_type=\"text-editor.default\">\n\t\t\t\t<div class=\"elementor-widget-container\">\n\t\t\t\t\t\t\t\t\t<h3><strong>Jeudi 14 novembre 2024 :<\/strong><\/h3><h3><strong>Accord mets et cocktails<\/strong><br \/><i><\/i><\/h3><p><span style=\"font-weight: 400;\">D\u00e9gustez des plats exquis accompagn\u00e9s de cocktails cr\u00e9atifs, uniquement sur r\u00e9servation. Cet \u00e9v\u00e9nement est incontournable pendant la <\/span><b>F\u00eate de la gastronomie \u00e0 Saint-Martin<\/b><span style=\"font-weight: 400;\">.<\/span><\/p>\t\t\t\t\t\t\t\t<\/div>\n\t\t\t\t<\/div>\n\t\t\t\t<div class=\"elementor-element elementor-element-9f74f78 elementor-widget elementor-widget-text-editor\" data-id=\"9f74f78\" data-element_type=\"widget\" data-widget_type=\"text-editor.default\">\n\t\t\t\t<div class=\"elementor-widget-container\">\n\t\t\t\t\t\t\t\t\t<h3><strong>Du 15 au 17 novembre 2024 :<\/strong><\/h3><p><strong><br \/><i>Village de la gastronomie<\/i><br \/><\/strong><br \/><i><\/i><span style=\"font-weight: 400;\">Un rassemblement de restaurants et de food trucks sur le front de mer de Marigot pour d\u00e9guster des sp\u00e9cialit\u00e9s locales, ce qui en fait un temps fort de la <\/span><b>F\u00eate de la gastronomie de Saint-Martin<\/b><span style=\"font-weight: 400;\">.<\/span><\/p>\t\t\t\t\t\t\t\t<\/div>\n\t\t\t\t<\/div>\n\t\t\t\t<div class=\"elementor-element elementor-element-e0d1f3d elementor-widget elementor-widget-text-editor\" data-id=\"e0d1f3d\" data-element_type=\"widget\" data-widget_type=\"text-editor.default\">\n\t\t\t\t<div class=\"elementor-widget-container\">\n\t\t\t\t\t\t\t\t\t<h3><strong>Lundi 18 novembre 2024 :<\/strong><\/h3><h3><strong>Concours au lyc\u00e9e professionnel<\/strong><br \/><i><\/i><\/h3><p><span style=\"font-weight: 400;\">Des \u00e9tudiants en h\u00f4tellerie et en cuisine pr\u00e9sentent leurs plats \u00e0 base de goyavier dans le cadre d&#8217;un concours, contribuant ainsi \u00e0 l&#8217;aspect \u00e9ducatif de la <strong>f<\/strong><\/span><b>\u00eate de la gastronomie de <a href=\"https:\/\/richeskarayib.com\/fr\/definir-les-caraibes\/\" target=\"_blank\" rel=\"noopener\">Saint-Martin<\/a><\/b><span style=\"font-weight: 400;\">.<\/span><\/p>\t\t\t\t\t\t\t\t<\/div>\n\t\t\t\t<\/div>\n\t\t\t\t<div class=\"elementor-element elementor-element-5402cae elementor-widget elementor-widget-text-editor\" data-id=\"5402cae\" data-element_type=\"widget\" data-widget_type=\"text-editor.default\">\n\t\t\t\t<div class=\"elementor-widget-container\">\n\t\t\t\t\t\t\t\t\t<h3><strong>Mardi 19 novembre 2024 :<\/strong><\/h3><h3><strong>Concours de barbecue<\/strong><br \/><i><\/i><\/h3><p><span style=\"font-weight: 400;\">10 professionnels s&#8217;affronteront pour le titre de Meilleur BBQ de Saint-Martin 2024, ajoutant \u00e0 l&#8217;excitation de la <\/span><b>F\u00eate de la gastronomie de Saint-Martin<\/b><span style=\"font-weight: 400;\">.<\/span><\/p>\t\t\t\t\t\t\t\t<\/div>\n\t\t\t\t<\/div>\n\t\t\t\t<div class=\"elementor-element elementor-element-c932edf elementor-widget elementor-widget-text-editor\" data-id=\"c932edf\" data-element_type=\"widget\" data-widget_type=\"text-editor.default\">\n\t\t\t\t<div class=\"elementor-widget-container\">\n\t\t\t\t\t\t\t\t\t<h3><strong>Mercredi 20 novembre 2024 :<\/strong><\/h3><h3><strong>Soir\u00e9e de bienfaisance<\/strong><br \/><i><\/i><\/h3><p><span style=\"font-weight: 400;\">Un d\u00eener avec des cr\u00e9ations de chefs \u00e9toil\u00e9s et d&#8217;\u00e9tudiants, dont les fonds sont destin\u00e9s \u00e0 soutenir des projets \u00e9ducatifs au lyc\u00e9e.<\/span><\/p><h3><b>Concours de food trucks et de mixologie :<\/b><\/h3><p><b><br \/><\/b><span style=\"font-weight: 400;\">Des concours avec des chefs faisant preuve de cr\u00e9ativit\u00e9 pour impressionner le jury et la d\u00e9couverte de cr\u00e9ations de cocktails uniques, tout cela fait partie des activit\u00e9s dynamiques de la <\/span><b>F\u00eate de la gastronomie de Saint-Martin<\/b><span style=\"font-weight: 400;\">.<\/span><\/p>\t\t\t\t\t\t\t\t<\/div>\n\t\t\t\t<\/div>\n\t\t\t\t<div class=\"elementor-element elementor-element-a746757 elementor-widget elementor-widget-text-editor\" data-id=\"a746757\" data-element_type=\"widget\" data-widget_type=\"text-editor.default\">\n\t\t\t\t<div class=\"elementor-widget-container\">\n\t\t\t\t\t\t\t\t\t<h3><strong>Vendredi 22 novembre 2024 :<\/strong><\/h3><h3><strong>Fermeture du festival<\/strong><br \/><i><\/i><\/h3><p><span style=\"font-weight: 400;\">Une soir\u00e9e festive avec tous les chefs invit\u00e9s pr\u00e9sentant leurs sp\u00e9cialit\u00e9s, accompagn\u00e9s de musique pour une exp\u00e9rience inoubliable qui cl\u00f4turera la <\/span><b>F\u00eate de la gastronomie de Saint-Martin<\/b><span style=\"font-weight: 400;\">.<\/span><\/p>\t\t\t\t\t\t\t\t<\/div>\n\t\t\t\t<\/div>\n\t\t\t\t\t<\/div>\n\t\t<\/div>\n\t\t\t\t\t<\/div>\n\t\t<\/section>\n\t\t\t\t\t<\/div>\n\t\t<\/div>\n\t\t\t\t\t<\/div>\n\t\t<\/section>\n\t\t\t\t<section class=\"elementor-section elementor-top-section elementor-element elementor-element-b514339 elementor-section-boxed elementor-section-height-default elementor-section-height-default\" data-id=\"b514339\" data-element_type=\"section\">\n\t\t\t\t\t\t<div class=\"elementor-container elementor-column-gap-default\">\n\t\t\t\t\t<div class=\"elementor-column elementor-col-100 elementor-top-column elementor-element elementor-element-941a2af\" data-id=\"941a2af\" data-element_type=\"column\">\n\t\t\t<div class=\"elementor-widget-wrap elementor-element-populated\">\n\t\t\t\t\t\t<div class=\"elementor-element elementor-element-15c3826 elementor-widget elementor-widget-heading\" data-id=\"15c3826\" data-element_type=\"widget\" data-widget_type=\"heading.default\">\n\t\t\t\t<div class=\"elementor-widget-container\">\n\t\t\t\t\t<h2 class=\"elementor-heading-title elementor-size-default\">Information sur les billets<\/h2>\t\t\t\t<\/div>\n\t\t\t\t<\/div>\n\t\t\t\t<div class=\"elementor-element elementor-element-68fc31d elementor-widget elementor-widget-text-editor\" data-id=\"68fc31d\" data-element_type=\"widget\" data-widget_type=\"text-editor.default\">\n\t\t\t\t<div class=\"elementor-widget-container\">\n\t\t\t\t\t\t\t\t\t<p><br \/><span style=\"font-weight: 400;\">Ne manquez pas l&#8217;occasion de d\u00e9couvrir la <a href=\"https:\/\/www.st-martin.org\/\" target=\"_blank\" rel=\"noopener nofollow\"><b>F\u00eate de la gastronomie de Saint-Martin, <\/b><\/a>un \u00e9v\u00e9nement qui c\u00e9l\u00e8bre l&#8217;art culinaire et la culture locale. Ne manquez pas cette occasion unique de savourer des plats exceptionnels et de cr\u00e9er des moments m\u00e9morables. <\/span><\/p><p>Pour plus d&#8217;informations et pour acheter vos billets, cliquez <a href=\"https:\/\/shop.st-martin.life\/\" target=\"_blank\" rel=\"noopener nofollow\">ici<\/a>!<\/p>\t\t\t\t\t\t\t\t<\/div>\n\t\t\t\t<\/div>\n\t\t\t\t\t<\/div>\n\t\t<\/div>\n\t\t\t\t\t<\/div>\n\t\t<\/section>\n\t\t\t\t<\/div>\n\t\t","protected":false},"excerpt":{"rendered":"<p>La f\u00eate de la gastronomie de\u00a0 Saint-Martin est un \u00e9v\u00e9nement exceptionnel qui met en valeur les arts culinaires de cette magnifique \u00eele des Cara\u00efbes. Du 11 au 22 novembre 2024, ce festival est l&#8217;occasion id\u00e9ale de se laisser tenter par les diverses saveurs et les talents des chefs locaux et internationaux. Ce festival culinaire promet [&hellip;]<\/p>\n","protected":false},"author":400,"featured_media":41886,"comment_status":"open","ping_status":"open","sticky":false,"template":"","format":"standard","meta":{"_acf_changed":false,"footnotes":""},"categories":[1485],"tags":[1616],"class_list":["post-41882","post","type-post","status-publish","format-standard","has-post-thumbnail","hentry","category-art-culinaire","tag-saint-martin-fr"],"acf":[],"_links":{"self":[{"href":"https:\/\/richeskarayib.com\/fr\/wp-json\/wp\/v2\/posts\/41882","targetHints":{"allow":["GET"]}}],"collection":[{"href":"https:\/\/richeskarayib.com\/fr\/wp-json\/wp\/v2\/posts"}],"about":[{"href":"https:\/\/richeskarayib.com\/fr\/wp-json\/wp\/v2\/types\/post"}],"author":[{"embeddable":true,"href":"https:\/\/richeskarayib.com\/fr\/wp-json\/wp\/v2\/users\/400"}],"replies":[{"embeddable":true,"href":"https:\/\/richeskarayib.com\/fr\/wp-json\/wp\/v2\/comments?post=41882"}],"version-history":[{"count":0,"href":"https:\/\/richeskarayib.com\/fr\/wp-json\/wp\/v2\/posts\/41882\/revisions"}],"wp:featuredmedia":[{"embeddable":true,"href":"https:\/\/richeskarayib.com\/fr\/wp-json\/wp\/v2\/media\/41886"}],"wp:attachment":[{"href":"https:\/\/richeskarayib.com\/fr\/wp-json\/wp\/v2\/media?parent=41882"}],"wp:term":[{"taxonomy":"category","embeddable":true,"href":"https:\/\/richeskarayib.com\/fr\/wp-json\/wp\/v2\/categories?post=41882"},{"taxonomy":"post_tag","embeddable":true,"href":"https:\/\/richeskarayib.com\/fr\/wp-json\/wp\/v2\/tags?post=41882"}],"curies":[{"name":"wp","href":"https:\/\/api.w.org\/{rel}","templated":true}]}}