{"id":42023,"date":"2024-11-23T17:18:40","date_gmt":"2024-11-23T17:18:40","guid":{"rendered":"https:\/\/richeskarayib.com\/la-salsa-a-cuba-histoire-evolution-et-impact-culturel\/"},"modified":"2024-12-10T04:48:58","modified_gmt":"2024-12-10T04:48:58","slug":"la-salsa-a-cuba-histoire-evolution-et-impact","status":"publish","type":"post","link":"https:\/\/richeskarayib.com\/fr\/la-salsa-a-cuba-histoire-evolution-et-impact\/","title":{"rendered":"La salsa \u00e0 Cuba : histoire, \u00e9volution et impact culturel"},"content":{"rendered":"\t\t<div data-elementor-type=\"wp-post\" data-elementor-id=\"42023\" class=\"elementor elementor-42023 elementor-42002\" data-elementor-post-type=\"post\">\n\t\t\t\t\t\t<section class=\"elementor-section elementor-top-section elementor-element elementor-element-b6a4060 elementor-section-boxed elementor-section-height-default elementor-section-height-default\" data-id=\"b6a4060\" data-element_type=\"section\">\n\t\t\t\t\t\t<div class=\"elementor-container elementor-column-gap-default\">\n\t\t\t\t\t<div class=\"elementor-column elementor-col-100 elementor-top-column elementor-element elementor-element-83f828f\" data-id=\"83f828f\" data-element_type=\"column\">\n\t\t\t<div class=\"elementor-widget-wrap elementor-element-populated\">\n\t\t\t\t\t\t<div class=\"elementor-element elementor-element-d59dd5b elementor-widget elementor-widget-text-editor\" data-id=\"d59dd5b\" data-element_type=\"widget\" data-widget_type=\"text-editor.default\">\n\t\t\t\t<div class=\"elementor-widget-container\">\n\t\t\t\t\t\t\t\t\t<p>\n            <a href=\"https:\/\/en.wikipedia.org\/wiki\/Salsa_(dance)\" target=\"_blank\" rel=\"noopener nofollow\"><br \/>\n              <b>Salsa<\/b><br \/>\n            <\/a><br \/>\n            <span style=\"font-weight: 400;\">  est plus qu&#8217;un genre musical, c&#8217;est un ph\u00e9nom\u00e8ne culturel qui a captiv\u00e9 des millions de personnes \u00e0 travers le monde. L&#8217;origine de ce genre, son d\u00e9veloppement \u00e0 Cuba et son influence sur la culture musicale mondiale sont des sujets fascinants qui m\u00e9ritent d&#8217;\u00eatre explor\u00e9s. Dans cet article, nous allons nous pencher sur ses racines    <\/span><br \/>\n            <span style=\"font-weight: 400;\">Il s&#8217;agit d&#8217;un projet qui s&#8217;inscrit dans le contexte cubain et dont l&#8217;impact sur la sc\u00e8ne musicale internationale ne se d\u00e9ment pas.<\/span>\n          <\/p>\n\t\t\t\t\t\t\t\t<\/div>\n\t\t\t\t<\/div>\n\t\t\t\t\t<\/div>\n\t\t<\/div>\n\t\t\t\t\t<\/div>\n\t\t<\/section>\n\t\t\t\t<section class=\"elementor-section elementor-top-section elementor-element elementor-element-81b7c64 elementor-section-boxed elementor-section-height-default elementor-section-height-default\" data-id=\"81b7c64\" data-element_type=\"section\">\n\t\t\t\t\t\t<div class=\"elementor-container elementor-column-gap-default\">\n\t\t\t\t\t<div class=\"elementor-column elementor-col-100 elementor-top-column elementor-element elementor-element-cce8092\" data-id=\"cce8092\" data-element_type=\"column\">\n\t\t\t<div class=\"elementor-widget-wrap elementor-element-populated\">\n\t\t\t\t\t\t<div class=\"elementor-element elementor-element-a18761d elementor-widget elementor-widget-heading\" data-id=\"a18761d\" data-element_type=\"widget\" data-widget_type=\"heading.default\">\n\t\t\t\t<div class=\"elementor-widget-container\">\n\t\t\t\t\t<h2 class=\"elementor-heading-title elementor-size-default\">Origine de la salsa<\/h2>\t\t\t\t<\/div>\n\t\t\t\t<\/div>\n\t\t\t\t<div class=\"elementor-element elementor-element-f4f4ff3 elementor-widget elementor-widget-text-editor\" data-id=\"f4f4ff3\" data-element_type=\"widget\" data-widget_type=\"text-editor.default\">\n\t\t\t\t<div class=\"elementor-widget-container\">\n\t\t\t\t\t\t\t\t\t<p>\n            <span style=\"font-weight: 400;\">Il trouve ses origines dans un m\u00e9lange riche et vari\u00e9 de styles musicaux afro-cubains. Ses racines plongent dans les rythmes africains, la musique espagnole et les influences indig\u00e8nes. Dans les ann\u00e9es 1920, des genres tels que le son cubain, le mambo et la rumba ont commenc\u00e9 \u00e0 \u00e9merger, formant la base sur laquelle il allait \u00eatre construit.  <\/span>\n          <\/p>\n\t\t\t\t\t\t\t\t<\/div>\n\t\t\t\t<\/div>\n\t\t\t\t<div class=\"elementor-element elementor-element-0dfbd8b elementor-widget elementor-widget-text-editor\" data-id=\"0dfbd8b\" data-element_type=\"widget\" data-widget_type=\"text-editor.default\">\n\t\t\t\t<div class=\"elementor-widget-container\">\n\t\t\t\t\t\t\t\t\t<p><span style=\"font-weight: 400;\">Le terme &#8220;<\/span><b>salsa<\/b><span style=\"font-weight: 400;\">Le terme &#8220;sauce&#8221;, qui signifie &#8220;sauce&#8221; en espagnol, a \u00e9t\u00e9 utilis\u00e9 pour d\u00e9crire la fusion de ces diff\u00e9rents styles musicaux. Dans les ann\u00e9es 1960, il a commenc\u00e9 \u00e0 prendre forme en tant que genre distinct, en particulier \u00e0 New York, o\u00f9 de nombreux Cubains et autres Latino-Am\u00e9ricains s&#8217;\u00e9taient install\u00e9s pour fuir les troubles politiques et \u00e9conomiques de leur pays d&#8217;origine. <\/span><\/p>\n\t\t\t\t\t\t\t\t<\/div>\n\t\t\t\t<\/div>\n\t\t\t\t<section class=\"elementor-section elementor-inner-section elementor-element elementor-element-b633fbb elementor-section-boxed elementor-section-height-default elementor-section-height-default\" data-id=\"b633fbb\" data-element_type=\"section\">\n\t\t\t\t\t\t<div class=\"elementor-container elementor-column-gap-default\">\n\t\t\t\t\t<div class=\"elementor-column elementor-col-100 elementor-inner-column elementor-element elementor-element-2a9677f\" data-id=\"2a9677f\" data-element_type=\"column\">\n\t\t\t<div class=\"elementor-widget-wrap elementor-element-populated\">\n\t\t\t\t\t\t<div class=\"elementor-element elementor-element-a82f636 elementor-widget elementor-widget-image\" data-id=\"a82f636\" data-element_type=\"widget\" data-widget_type=\"image.default\">\n\t\t\t\t<div class=\"elementor-widget-container\">\n\t\t\t\t\t\t\t\t\t\t\t\t<figure class=\"wp-caption\">\n\t\t\t\t\t\t\t\t\t\t<img fetchpriority=\"high\" decoding=\"async\" width=\"800\" height=\"532\" src=\"https:\/\/richeskarayib.com\/wp-content\/uploads\/2024\/11\/stock-photo-havana-cuba-april-music-and-music-albums-in-havana-and-almost-all-cities-music-groups-on-1503420881-Modifie-1024x681.jpg\" class=\"attachment-large size-large wp-image-42009\" alt=\"Salsa\" srcset=\"https:\/\/richeskarayib.com\/wp-content\/uploads\/2024\/11\/stock-photo-havana-cuba-april-music-and-music-albums-in-havana-and-almost-all-cities-music-groups-on-1503420881-Modifie-1024x681.jpg 1024w, https:\/\/richeskarayib.com\/wp-content\/uploads\/2024\/11\/stock-photo-havana-cuba-april-music-and-music-albums-in-havana-and-almost-all-cities-music-groups-on-1503420881-Modifie-300x200.jpg 300w, https:\/\/richeskarayib.com\/wp-content\/uploads\/2024\/11\/stock-photo-havana-cuba-april-music-and-music-albums-in-havana-and-almost-all-cities-music-groups-on-1503420881-Modifie-768x511.jpg 768w, https:\/\/richeskarayib.com\/wp-content\/uploads\/2024\/11\/stock-photo-havana-cuba-april-music-and-music-albums-in-havana-and-almost-all-cities-music-groups-on-1503420881-Modifie-1320x878.jpg 1320w, https:\/\/richeskarayib.com\/wp-content\/uploads\/2024\/11\/stock-photo-havana-cuba-april-music-and-music-albums-in-havana-and-almost-all-cities-music-groups-on-1503420881-Modifie.jpg 1500w\" sizes=\"(max-width: 800px) 100vw, 800px\" \/>\t\t\t\t\t\t\t\t\t\t\t<figcaption class=\"widget-image-caption wp-caption-text\">Salsa musicians in Cuba<\/figcaption>\n\t\t\t\t\t\t\t\t\t\t<\/figure>\n\t\t\t\t\t\t\t\t\t<\/div>\n\t\t\t\t<\/div>\n\t\t\t\t\t<\/div>\n\t\t<\/div>\n\t\t\t\t\t<\/div>\n\t\t<\/section>\n\t\t\t\t\t<\/div>\n\t\t<\/div>\n\t\t\t\t\t<\/div>\n\t\t<\/section>\n\t\t\t\t<section class=\"elementor-section elementor-top-section elementor-element elementor-element-c1d27ad elementor-section-boxed elementor-section-height-default elementor-section-height-default\" data-id=\"c1d27ad\" data-element_type=\"section\">\n\t\t\t\t\t\t<div class=\"elementor-container elementor-column-gap-default\">\n\t\t\t\t\t<div class=\"elementor-column elementor-col-100 elementor-top-column elementor-element elementor-element-904b487\" data-id=\"904b487\" data-element_type=\"column\">\n\t\t\t<div class=\"elementor-widget-wrap elementor-element-populated\">\n\t\t\t\t\t\t<div class=\"elementor-element elementor-element-7bc9da5 elementor-widget elementor-widget-heading\" data-id=\"7bc9da5\" data-element_type=\"widget\" data-widget_type=\"heading.default\">\n\t\t\t\t<div class=\"elementor-widget-container\">\n\t\t\t\t\t<h2 class=\"elementor-heading-title elementor-size-default\">La salsa \u00e0 Cuba<\/h2>\t\t\t\t<\/div>\n\t\t\t\t<\/div>\n\t\t\t\t<section class=\"elementor-section elementor-inner-section elementor-element elementor-element-afca6cc elementor-section-boxed elementor-section-height-default elementor-section-height-default\" data-id=\"afca6cc\" data-element_type=\"section\">\n\t\t\t\t\t\t<div class=\"elementor-container elementor-column-gap-default\">\n\t\t\t\t\t<div class=\"elementor-column elementor-col-100 elementor-inner-column elementor-element elementor-element-8739f82\" data-id=\"8739f82\" data-element_type=\"column\">\n\t\t\t<div class=\"elementor-widget-wrap elementor-element-populated\">\n\t\t\t\t\t\t<div class=\"elementor-element elementor-element-f105cdb elementor-widget elementor-widget-text-editor\" data-id=\"f105cdb\" data-element_type=\"widget\" data-widget_type=\"text-editor.default\">\n\t\t\t\t<div class=\"elementor-widget-container\">\n\t\t\t\t\t\t\t\t\t\n          <h3>\n            <b>Les racines cubaines  <\/b>\n          <\/h3>\n          \n\n          <p><span style=\"font-weight: 400;\"><a href=\"https:\/\/richeskarayib.com\/fr\/sites-historiques-de-cuba-un-patrimoine-precieux-a-preserver\/\" target=\"_blank\" rel=\"noopener\">Cuba<\/a> a jou\u00e9 un r\u00f4le essentiel dans le d\u00e9veloppement de la <\/span><b>salsa<\/b><span style=\"font-weight: 400;\">. Cuban musical styles such as son, mambo, and rumba were the precursors to this dynamic genre. Son, which combines Spanish and African music elements, was particularly important in shaping the rhythms. Artists like Arsenio Rodr\u00edguez in the 1940s and 1950s introduced innovations in son that influenced that     <\/span><span style=\"font-weight: 400;\">musique.<\/span><\/p>\n        \t\t\t\t\t\t\t\t<\/div>\n\t\t\t\t<\/div>\n\t\t\t\t\t<\/div>\n\t\t<\/div>\n\t\t\t\t\t<\/div>\n\t\t<\/section>\n\t\t\t\t<section class=\"elementor-section elementor-inner-section elementor-element elementor-element-64b5bba elementor-section-boxed elementor-section-height-default elementor-section-height-default\" data-id=\"64b5bba\" data-element_type=\"section\">\n\t\t\t\t\t\t<div class=\"elementor-container elementor-column-gap-default\">\n\t\t\t\t\t<div class=\"elementor-column elementor-col-100 elementor-inner-column elementor-element elementor-element-9022a75\" data-id=\"9022a75\" data-element_type=\"column\">\n\t\t\t<div class=\"elementor-widget-wrap elementor-element-populated\">\n\t\t\t\t\t\t<div class=\"elementor-element elementor-element-103461c elementor-widget elementor-widget-text-editor\" data-id=\"103461c\" data-element_type=\"widget\" data-widget_type=\"text-editor.default\">\n\t\t\t\t<div class=\"elementor-widget-container\">\n\t\t\t\t\t\t\t\t\t<p>\n            <span style=\"font-weight: 400;\">Le mambo, popularis\u00e9 par des musiciens tels que P\u00e9rez Prado, a \u00e9galement contribu\u00e9 \u00e0 la formation de ses sons. La danse associ\u00e9e au mambo a fortement influenc\u00e9 les mouvements qui caract\u00e9risent le mambo.   <\/span><br \/>\n            <b>salsa<\/b><br \/>\n            <span style=\"font-weight: 400;\">  aujourd&#8217;hui. La rumba, avec ses rythmes syncop\u00e9s et ses mouvements corporels expressifs, a encore enrichi son vocabulaire musical. <\/span>\n          <\/p>\n\t\t\t\t\t\t\t\t<\/div>\n\t\t\t\t<\/div>\n\t\t\t\t\t<\/div>\n\t\t<\/div>\n\t\t\t\t\t<\/div>\n\t\t<\/section>\n\t\t\t\t<section class=\"elementor-section elementor-inner-section elementor-element elementor-element-1ffcfff elementor-section-boxed elementor-section-height-default elementor-section-height-default\" data-id=\"1ffcfff\" data-element_type=\"section\">\n\t\t\t\t\t\t<div class=\"elementor-container elementor-column-gap-default\">\n\t\t\t\t\t<div class=\"elementor-column elementor-col-100 elementor-inner-column elementor-element elementor-element-ab33bc7\" data-id=\"ab33bc7\" data-element_type=\"column\">\n\t\t\t<div class=\"elementor-widget-wrap elementor-element-populated\">\n\t\t\t\t\t\t<div class=\"elementor-element elementor-element-83b4aa6 elementor-widget elementor-widget-text-editor\" data-id=\"83b4aa6\" data-element_type=\"widget\" data-widget_type=\"text-editor.default\">\n\t\t\t\t<div class=\"elementor-widget-container\">\n\t\t\t\t\t\t\t\t\t\n          <h3>\n            <b>L&#8217;\u00e9volution de la salsa \u00e0 Cuba<\/b>\n          <\/h3>\n          \n\n          <p><span style=\"font-weight: 400;\">Dans les ann\u00e9es 1970, il<\/span> <span style=\"font-weight: 400;\">a commenc\u00e9 \u00e0 \u00e9voluer en tant que genre distinct \u00e0 Cuba. Le d\u00e9veloppement du groupe musical &#8220;Los Van Van&#8221; de Juan Formell a marqu\u00e9 une \u00e9tape d\u00e9cisive dans l&#8217;histoire. Ils ont int\u00e9gr\u00e9 des \u00e9l\u00e9ments de jazz et d&#8217;autres genres, cr\u00e9ant un son unique qui a captiv\u00e9 le public. D&#8217;autres artistes comme Celia Cruz, Johnny Pacheco et Oscar D&#8217;Le\u00f3n ont \u00e9galement jou\u00e9 un r\u00f4le cl\u00e9 dans la popularisation de cette musique.   <\/span><\/p>\n        \t\t\t\t\t\t\t\t<\/div>\n\t\t\t\t<\/div>\n\t\t\t\t\t<\/div>\n\t\t<\/div>\n\t\t\t\t\t<\/div>\n\t\t<\/section>\n\t\t\t\t<section class=\"elementor-section elementor-inner-section elementor-element elementor-element-36731b3 elementor-section-boxed elementor-section-height-default elementor-section-height-default\" data-id=\"36731b3\" data-element_type=\"section\">\n\t\t\t\t\t\t<div class=\"elementor-container elementor-column-gap-default\">\n\t\t\t\t\t<div class=\"elementor-column elementor-col-100 elementor-inner-column elementor-element elementor-element-76e1e5f\" data-id=\"76e1e5f\" data-element_type=\"column\">\n\t\t\t<div class=\"elementor-widget-wrap elementor-element-populated\">\n\t\t\t\t\t\t<div class=\"elementor-element elementor-element-e04cd34 elementor-widget elementor-widget-text-editor\" data-id=\"e04cd34\" data-element_type=\"widget\" data-widget_type=\"text-editor.default\">\n\t\t\t\t<div class=\"elementor-widget-container\">\n\t\t\t\t\t\t\t\t\t<p>\n            <span style=\"font-weight: 400;\">Au fur et \u00e0 mesure de sa popularit\u00e9, des festivals ont \u00e9t\u00e9 organis\u00e9s \u00e0 Cuba, attirant des danseurs et des musiciens du monde entier.  <\/span><br \/>\n            <a href=\"https:\/\/musique.rfi.fr\/salsa\/20200921-salsa-origines-dune-musique-indemodable\" target=\"_blank\" rel=\"noopener nofollow\"><br \/>\n              <b>Salsa<\/b><br \/>\n            <\/a><br \/>\n            <span style=\"font-weight: 400;\">  est devenue partie int\u00e9grante de la vie nocturne cubaine, avec des clubs et des bars d\u00e9di\u00e9s \u00e0 cette danse \u00e9nergique. Elle est ainsi devenue un symbole de la culture cubaine, refl\u00e9tant son histoire, sa diversit\u00e9 et son dynamisme. <\/span>\n          <\/p>\n\t\t\t\t\t\t\t\t<\/div>\n\t\t\t\t<\/div>\n\t\t\t\t\t<\/div>\n\t\t<\/div>\n\t\t\t\t\t<\/div>\n\t\t<\/section>\n\t\t\t\t\t<\/div>\n\t\t<\/div>\n\t\t\t\t\t<\/div>\n\t\t<\/section>\n\t\t\t\t<section class=\"elementor-section elementor-top-section elementor-element elementor-element-b514339 elementor-section-boxed elementor-section-height-default elementor-section-height-default\" data-id=\"b514339\" data-element_type=\"section\">\n\t\t\t\t\t\t<div class=\"elementor-container elementor-column-gap-default\">\n\t\t\t\t\t<div class=\"elementor-column elementor-col-100 elementor-top-column elementor-element elementor-element-941a2af\" data-id=\"941a2af\" data-element_type=\"column\">\n\t\t\t<div class=\"elementor-widget-wrap elementor-element-populated\">\n\t\t\t\t\t\t<div class=\"elementor-element elementor-element-15c3826 elementor-widget elementor-widget-heading\" data-id=\"15c3826\" data-element_type=\"widget\" data-widget_type=\"heading.default\">\n\t\t\t\t<div class=\"elementor-widget-container\">\n\t\t\t\t\t<h2 class=\"elementor-heading-title elementor-size-default\">Impact culturel de la salsa<\/h2>\t\t\t\t<\/div>\n\t\t\t\t<\/div>\n\t\t\t\t<section class=\"elementor-section elementor-inner-section elementor-element elementor-element-7306540 elementor-section-boxed elementor-section-height-default elementor-section-height-default\" data-id=\"7306540\" data-element_type=\"section\">\n\t\t\t\t\t\t<div class=\"elementor-container elementor-column-gap-default\">\n\t\t\t\t\t<div class=\"elementor-column elementor-col-100 elementor-inner-column elementor-element elementor-element-d350baa\" data-id=\"d350baa\" data-element_type=\"column\">\n\t\t\t<div class=\"elementor-widget-wrap elementor-element-populated\">\n\t\t\t\t\t\t<div class=\"elementor-element elementor-element-c3a56ec elementor-widget elementor-widget-text-editor\" data-id=\"c3a56ec\" data-element_type=\"widget\" data-widget_type=\"text-editor.default\">\n\t\t\t\t<div class=\"elementor-widget-container\">\n\t\t\t\t\t\t\t\t\t\n          <h3>\n            <b>Influence mondiale  <\/b>\n          <\/h3>\n          \n\n          <p>\n            <span style=\"font-weight: 400;\">Ce genre a d\u00e9pass\u00e9 les fronti\u00e8res cubaines pour devenir un ph\u00e9nom\u00e8ne mondial. Dans les ann\u00e9es 1980 et 1990, des artistes latino-am\u00e9ricains ont commenc\u00e9 \u00e0 publier des albums de musique cubaine.   <\/span>\n            <b>salsa<\/b>\n            <span style=\"font-weight: 400;\">  qui ont connu un succ\u00e8s international. Des villes comme New York, Miami et San Francisco sont devenues des plaques tournantes, o\u00f9 des festivals et des concours de danse sont r\u00e9guli\u00e8rement organis\u00e9s. <\/span>\n          <\/p>\n        \t\t\t\t\t\t\t\t<\/div>\n\t\t\t\t<\/div>\n\t\t\t\t\t<\/div>\n\t\t<\/div>\n\t\t\t\t\t<\/div>\n\t\t<\/section>\n\t\t\t\t<section class=\"elementor-section elementor-inner-section elementor-element elementor-element-ef5bdb9 elementor-section-boxed elementor-section-height-default elementor-section-height-default\" data-id=\"ef5bdb9\" data-element_type=\"section\">\n\t\t\t\t\t\t<div class=\"elementor-container elementor-column-gap-default\">\n\t\t\t\t\t<div class=\"elementor-column elementor-col-100 elementor-inner-column elementor-element elementor-element-7a5e1c2\" data-id=\"7a5e1c2\" data-element_type=\"column\">\n\t\t\t<div class=\"elementor-widget-wrap elementor-element-populated\">\n\t\t\t\t\t\t<div class=\"elementor-element elementor-element-2542ad6 elementor-widget elementor-widget-text-editor\" data-id=\"2542ad6\" data-element_type=\"widget\" data-widget_type=\"text-editor.default\">\n\t\t\t\t<div class=\"elementor-widget-container\">\n\t\t\t\t\t\t\t\t\t<p>\n            <span style=\"font-weight: 400;\">L&#8217;impact culturel se fait sentir dans de nombreux domaines.  <\/span><br \/>\n            <b>Salsa<\/b><br \/>\n            <span style=\"font-weight: 400;\">  Avec ses styles vari\u00e9s tels que la salsa cubaine, la salsa portoricaine et la salsa colombienne, elle a influenc\u00e9 la danse dans le monde entier. Les \u00e9coles de danse qui l&#8217;enseignent sont devenues populaires dans divers pays tels que le Japon, l&#8217;Allemagne et le Br\u00e9sil. <\/span>\n          <\/p>\n\t\t\t\t\t\t\t\t<\/div>\n\t\t\t\t<\/div>\n\t\t\t\t\t<\/div>\n\t\t<\/div>\n\t\t\t\t\t<\/div>\n\t\t<\/section>\n\t\t\t\t<section class=\"elementor-section elementor-inner-section elementor-element elementor-element-86dab38 elementor-section-boxed elementor-section-height-default elementor-section-height-default\" data-id=\"86dab38\" data-element_type=\"section\">\n\t\t\t\t\t\t<div class=\"elementor-container elementor-column-gap-default\">\n\t\t\t\t\t<div class=\"elementor-column elementor-col-100 elementor-inner-column elementor-element elementor-element-b974fe0\" data-id=\"b974fe0\" data-element_type=\"column\">\n\t\t\t<div class=\"elementor-widget-wrap elementor-element-populated\">\n\t\t\t\t\t\t<div class=\"elementor-element elementor-element-c0ecabf elementor-widget elementor-widget-text-editor\" data-id=\"c0ecabf\" data-element_type=\"widget\" data-widget_type=\"text-editor.default\">\n\t\t\t\t<div class=\"elementor-widget-container\">\n\t\t\t\t\t\t\t\t\t\n          <h3>\n            <b>La salsa en tant qu&#8217;expression culturelle<\/b>\n          <\/h3>\n          \n\n          <p>\n            <span style=\"font-weight: 400;\">Au-del\u00e0 de sa popularit\u00e9 en termes de musique et de danse, il sert de moyen d&#8217;expression culturelle. Elle raconte des histoires de vie, d&#8217;amour, de lutte et de triomphe. Les paroles abordent souvent des th\u00e8mes sociaux et politiques, refl\u00e9tant les r\u00e9alit\u00e9s de la vie dans les pays d&#8217;origine des artistes. Cela lui a permis de servir de plateforme pour aborder des questions importantes telles que l&#8217;identit\u00e9, la migration et la justice sociale.   <\/span>\n          <\/p>\n        \t\t\t\t\t\t\t\t<\/div>\n\t\t\t\t<\/div>\n\t\t\t\t\t<\/div>\n\t\t<\/div>\n\t\t\t\t\t<\/div>\n\t\t<\/section>\n\t\t\t\t<section class=\"elementor-section elementor-inner-section elementor-element elementor-element-03424ff elementor-section-boxed elementor-section-height-default elementor-section-height-default\" data-id=\"03424ff\" data-element_type=\"section\">\n\t\t\t\t\t\t<div class=\"elementor-container elementor-column-gap-default\">\n\t\t\t\t\t<div class=\"elementor-column elementor-col-100 elementor-inner-column elementor-element elementor-element-22b9bf9\" data-id=\"22b9bf9\" data-element_type=\"column\">\n\t\t\t<div class=\"elementor-widget-wrap elementor-element-populated\">\n\t\t\t\t\t\t<div class=\"elementor-element elementor-element-fb9e6fb elementor-widget elementor-widget-text-editor\" data-id=\"fb9e6fb\" data-element_type=\"widget\" data-widget_type=\"text-editor.default\">\n\t\t\t\t<div class=\"elementor-widget-container\">\n\t\t\t\t\t\t\t\t\t\n          <h3>\n            <b>Salsa et renouveau culturel \u00e0 Cuba<\/b>\n          <\/h3>\n          \n\n          <p><span style=\"font-weight: 400;\">Aujourd&#8217;hui, <\/span><b>salsa<\/b><span style=\"font-weight: 400;\">  continue d&#8217;\u00e9voluer \u00e0 Cuba. De nouveaux artistes \u00e9mergent, apportant des influences modernes tout en restant fid\u00e8les aux traditions. Le gouvernement cubain a \u00e9galement reconnu l&#8217;importance de la musique.  <\/span> <span style=\"font-weight: 400;\">dans la culture nationale, en soutenant des \u00e9v\u00e9nements et des festivals destin\u00e9s \u00e0 promouvoir ce genre.<\/span><\/p>\n        \t\t\t\t\t\t\t\t<\/div>\n\t\t\t\t<\/div>\n\t\t\t\t\t<\/div>\n\t\t<\/div>\n\t\t\t\t\t<\/div>\n\t\t<\/section>\n\t\t\t\t<section class=\"elementor-section elementor-inner-section elementor-element elementor-element-2f3362b elementor-section-boxed elementor-section-height-default elementor-section-height-default\" data-id=\"2f3362b\" data-element_type=\"section\">\n\t\t\t\t\t\t<div class=\"elementor-container elementor-column-gap-default\">\n\t\t\t\t\t<div class=\"elementor-column elementor-col-100 elementor-inner-column elementor-element elementor-element-a488ce7\" data-id=\"a488ce7\" data-element_type=\"column\">\n\t\t\t<div class=\"elementor-widget-wrap elementor-element-populated\">\n\t\t\t\t\t\t<div class=\"elementor-element elementor-element-576bedb elementor-widget elementor-widget-text-editor\" data-id=\"576bedb\" data-element_type=\"widget\" data-widget_type=\"text-editor.default\">\n\t\t\t\t<div class=\"elementor-widget-container\">\n\t\t\t\t\t\t\t\t\t<p><span style=\"font-weight: 400;\">Il<\/span> <span style=\"font-weight: 400;\">est devenue une c\u00e9l\u00e9bration de l&#8217;identit\u00e9 cubaine, unissant les g\u00e9n\u00e9rations et les communaut\u00e9s. Elle incarne l&#8217;esprit de r\u00e9sistance et de r\u00e9silience, refl\u00e9tant un riche pass\u00e9 tout en \u00e9tant tourn\u00e9e vers l&#8217;avenir. <\/span><\/p>\n\t\t\t\t\t\t\t\t<\/div>\n\t\t\t\t<\/div>\n\t\t\t\t\t<\/div>\n\t\t<\/div>\n\t\t\t\t\t<\/div>\n\t\t<\/section>\n\t\t\t\t\t<\/div>\n\t\t<\/div>\n\t\t\t\t\t<\/div>\n\t\t<\/section>\n\t\t\t\t<section class=\"elementor-section elementor-top-section elementor-element elementor-element-bf530f7 elementor-section-boxed elementor-section-height-default elementor-section-height-default\" data-id=\"bf530f7\" data-element_type=\"section\">\n\t\t\t\t\t\t<div class=\"elementor-container elementor-column-gap-default\">\n\t\t\t\t\t<div class=\"elementor-column elementor-col-100 elementor-top-column elementor-element elementor-element-da8faf8\" data-id=\"da8faf8\" data-element_type=\"column\">\n\t\t\t<div class=\"elementor-widget-wrap elementor-element-populated\">\n\t\t\t\t\t\t<div class=\"elementor-element elementor-element-3a4774b elementor-widget elementor-widget-text-editor\" data-id=\"3a4774b\" data-element_type=\"widget\" data-widget_type=\"text-editor.default\">\n\t\t\t\t<div class=\"elementor-widget-container\">\n\t\t\t\t\t\t\t\t\t<p><b>Salsa<\/b><span style=\"font-weight: 400;\">  est un genre musical qui trouve ses racines dans la diversit\u00e9 culturelle de Cuba. Son \u00e9volution, marqu\u00e9e par des artistes embl\u00e9matiques et des influences diverses, en fait un symbole de l&#8217;expression artistique et de la vie sociale. Aujourd&#8217;hui, il  <\/span> <span style=\"font-weight: 400;\">continue d&#8217;influencer la culture musicale mondiale, \u00e9voluant tout en restant ancr\u00e9e dans ses traditions. Plus qu&#8217;une simple musique, c&#8217;est un mouvement, une danse et une c\u00e9l\u00e9bration de la vie qui unit des millions de personnes \u00e0 travers le monde. Que ce soit sur une piste de danse \u00e0 La Havane ou dans un club \u00e0 New York, elle reste une force vibrante et vivante, t\u00e9moignant de la richesse de l&#8217;h\u00e9ritage culturel cubain.  <\/span><\/p>\n\t\t\t\t\t\t\t\t<\/div>\n\t\t\t\t<\/div>\n\t\t\t\t\t<\/div>\n\t\t<\/div>\n\t\t\t\t\t<\/div>\n\t\t<\/section>\n\t\t\t\t<\/div>\n\t\t","protected":false},"excerpt":{"rendered":"<p>Salsa est plus qu&#8217;un genre musical, c&#8217;est un ph\u00e9nom\u00e8ne culturel qui a captiv\u00e9 des millions de personnes \u00e0 travers le monde. L&#8217;origine de ce genre, son d\u00e9veloppement \u00e0 Cuba et son influence sur la culture musicale mondiale sont des sujets fascinants qui m\u00e9ritent d&#8217;\u00eatre explor\u00e9s. Dans cet article, nous allons nous pencher sur ses racines [&hellip;]<\/p>\n","protected":false},"author":400,"featured_media":42005,"comment_status":"open","ping_status":"open","sticky":false,"template":"","format":"standard","meta":{"_acf_changed":false,"footnotes":""},"categories":[835,1495],"tags":[1573],"class_list":["post-42023","post","type-post","status-publish","format-standard","has-post-thumbnail","hentry","category-musique-fr","category-danse-fr","tag-cuba-fr"],"acf":[],"_links":{"self":[{"href":"https:\/\/richeskarayib.com\/fr\/wp-json\/wp\/v2\/posts\/42023","targetHints":{"allow":["GET"]}}],"collection":[{"href":"https:\/\/richeskarayib.com\/fr\/wp-json\/wp\/v2\/posts"}],"about":[{"href":"https:\/\/richeskarayib.com\/fr\/wp-json\/wp\/v2\/types\/post"}],"author":[{"embeddable":true,"href":"https:\/\/richeskarayib.com\/fr\/wp-json\/wp\/v2\/users\/400"}],"replies":[{"embeddable":true,"href":"https:\/\/richeskarayib.com\/fr\/wp-json\/wp\/v2\/comments?post=42023"}],"version-history":[{"count":0,"href":"https:\/\/richeskarayib.com\/fr\/wp-json\/wp\/v2\/posts\/42023\/revisions"}],"wp:featuredmedia":[{"embeddable":true,"href":"https:\/\/richeskarayib.com\/fr\/wp-json\/wp\/v2\/media\/42005"}],"wp:attachment":[{"href":"https:\/\/richeskarayib.com\/fr\/wp-json\/wp\/v2\/media?parent=42023"}],"wp:term":[{"taxonomy":"category","embeddable":true,"href":"https:\/\/richeskarayib.com\/fr\/wp-json\/wp\/v2\/categories?post=42023"},{"taxonomy":"post_tag","embeddable":true,"href":"https:\/\/richeskarayib.com\/fr\/wp-json\/wp\/v2\/tags?post=42023"}],"curies":[{"name":"wp","href":"https:\/\/api.w.org\/{rel}","templated":true}]}}