{"id":42077,"date":"2024-12-08T12:00:40","date_gmt":"2024-12-08T12:00:40","guid":{"rendered":"https:\/\/richeskarayib.com\/?p=42077"},"modified":"2024-12-08T16:20:55","modified_gmt":"2024-12-08T16:20:55","slug":"20eme-edition-du-festival-danses-metisses-rk","status":"publish","type":"post","link":"https:\/\/richeskarayib.com\/fr\/20eme-edition-du-festival-danses-metisses-rk\/","title":{"rendered":"20\u00e8me \u00c9dition du Festival Danses M\u00e9tisses de Guyane : Un \u00c9v\u00e9nement Culturel et Artistique"},"content":{"rendered":"\t\t<div data-elementor-type=\"wp-post\" data-elementor-id=\"42077\" class=\"elementor elementor-42077\" data-elementor-post-type=\"post\">\n\t\t\t\t\t\t<section class=\"elementor-section elementor-top-section elementor-element elementor-element-68883c7 elementor-section-boxed elementor-section-height-default elementor-section-height-default\" data-id=\"68883c7\" data-element_type=\"section\">\n\t\t\t\t\t\t<div class=\"elementor-container elementor-column-gap-default\">\n\t\t\t\t\t<div class=\"elementor-column elementor-col-100 elementor-top-column elementor-element elementor-element-95d8ddb\" data-id=\"95d8ddb\" data-element_type=\"column\">\n\t\t\t<div class=\"elementor-widget-wrap elementor-element-populated\">\n\t\t\t\t\t\t<section class=\"elementor-section elementor-inner-section elementor-element elementor-element-ec00658 elementor-section-boxed elementor-section-height-default elementor-section-height-default\" data-id=\"ec00658\" data-element_type=\"section\">\n\t\t\t\t\t\t<div class=\"elementor-container elementor-column-gap-default\">\n\t\t\t\t\t<div class=\"elementor-column elementor-col-100 elementor-inner-column elementor-element elementor-element-5f950b7\" data-id=\"5f950b7\" data-element_type=\"column\">\n\t\t\t<div class=\"elementor-widget-wrap elementor-element-populated\">\n\t\t\t\t\t\t<div class=\"elementor-element elementor-element-00dc3f5 elementor-widget elementor-widget-text-editor\" data-id=\"00dc3f5\" data-element_type=\"widget\" data-widget_type=\"text-editor.default\">\n\t\t\t\t<div class=\"elementor-widget-container\">\n\t\t\t\t\t\t\t\t\t<p><span style=\"font-weight: 400;\">La <\/span><a href=\"https:\/\/web.facebook.com\/Toukadansescdcguyane?ref=embed_post\" target=\"_blank\" rel=\"noopener nofollow\"><b>20\u00e8me \u00e9dition du Festival Danses M\u00e9tisses de Guyane <\/b><\/a>s&#8217;est d\u00e9roul\u00e9e du 21 novembre au 1\u1d49\u02b3 d\u00e9cembre 2024. Cet \u00e9v\u00e9nement embl\u00e9matique a mis en avant la diversit\u00e9 culturelle et artistique qui caract\u00e9rise ce territoire unique. Avec un programme riche en spectacles, performances et ateliers, le festival a constitu\u00e9 une plateforme essentielle pour les artistes locaux et internationaux.<\/p>\t\t\t\t\t\t\t\t<\/div>\n\t\t\t\t<\/div>\n\t\t\t\t\t<\/div>\n\t\t<\/div>\n\t\t\t\t\t<\/div>\n\t\t<\/section>\n\t\t\t\t\t<\/div>\n\t\t<\/div>\n\t\t\t\t\t<\/div>\n\t\t<\/section>\n\t\t\t\t<section class=\"elementor-section elementor-top-section elementor-element elementor-element-b0ccd15 elementor-section-boxed elementor-section-height-default elementor-section-height-default\" data-id=\"b0ccd15\" data-element_type=\"section\">\n\t\t\t\t\t\t<div class=\"elementor-container elementor-column-gap-default\">\n\t\t\t\t\t<div class=\"elementor-column elementor-col-100 elementor-top-column elementor-element elementor-element-99dbec5\" data-id=\"99dbec5\" data-element_type=\"column\">\n\t\t\t<div class=\"elementor-widget-wrap elementor-element-populated\">\n\t\t\t\t\t\t<div class=\"elementor-element elementor-element-55a13a9 elementor-widget elementor-widget-heading\" data-id=\"55a13a9\" data-element_type=\"widget\" data-widget_type=\"heading.default\">\n\t\t\t\t<div class=\"elementor-widget-container\">\n\t\t\t\t\t<h2 class=\"elementor-heading-title elementor-size-default\">Une \u00c9dition Anniversaire Prometteuse<\/h2>\t\t\t\t<\/div>\n\t\t\t\t<\/div>\n\t\t\t\t<section class=\"elementor-section elementor-inner-section elementor-element elementor-element-23cdfd9 elementor-section-boxed elementor-section-height-default elementor-section-height-default\" data-id=\"23cdfd9\" data-element_type=\"section\">\n\t\t\t\t\t\t<div class=\"elementor-container elementor-column-gap-default\">\n\t\t\t\t\t<div class=\"elementor-column elementor-col-100 elementor-inner-column elementor-element elementor-element-50d8ace\" data-id=\"50d8ace\" data-element_type=\"column\">\n\t\t\t<div class=\"elementor-widget-wrap elementor-element-populated\">\n\t\t\t\t\t\t<div class=\"elementor-element elementor-element-4df4d99 elementor-widget elementor-widget-text-editor\" data-id=\"4df4d99\" data-element_type=\"widget\" data-widget_type=\"text-editor.default\">\n\t\t\t\t<div class=\"elementor-widget-container\">\n\t\t\t\t\t\t\t\t\t<p><span style=\"font-weight: 400;\">Cette ann\u00e9e, la <b>20\u00e8me \u00e9dition du Festival Danses M\u00e9tisses<\/b> a marqu\u00e9 un jalon important en atteignant ses 20 ans. Depuis sa cr\u00e9ation, le Festival Danses M\u00e9tisses s&#8217;est distingu\u00e9 par sa capacit\u00e9 \u00e0 rassembler des artistes de diff\u00e9rents horizons et \u00e0 promouvoir une multitude de styles de danse. Les festivaliers ont pu appr\u00e9cier des spectacles de danse contemporaine, de hip-hop, ainsi que des \u201cbattles\u201d et des conf\u00e9rences, enrichissant ainsi leur exp\u00e9rience artistique.<\/span><\/p>\t\t\t\t\t\t\t\t<\/div>\n\t\t\t\t<\/div>\n\t\t\t\t\t<\/div>\n\t\t<\/div>\n\t\t\t\t\t<\/div>\n\t\t<\/section>\n\t\t\t\t<section class=\"elementor-section elementor-inner-section elementor-element elementor-element-76711d4 elementor-section-boxed elementor-section-height-default elementor-section-height-default\" data-id=\"76711d4\" data-element_type=\"section\">\n\t\t\t\t\t\t<div class=\"elementor-container elementor-column-gap-default\">\n\t\t\t\t\t<div class=\"elementor-column elementor-col-100 elementor-inner-column elementor-element elementor-element-c77bbd1\" data-id=\"c77bbd1\" data-element_type=\"column\">\n\t\t\t<div class=\"elementor-widget-wrap elementor-element-populated\">\n\t\t\t\t\t\t<div class=\"elementor-element elementor-element-502897c elementor-widget elementor-widget-text-editor\" data-id=\"502897c\" data-element_type=\"widget\" data-widget_type=\"text-editor.default\">\n\t\t\t\t<div class=\"elementor-widget-container\">\n\t\t\t\t\t\t\t\t\t<p>La pr\u00e9sence de danseurs renomm\u00e9s et d\u2019artistes \u00e9mergents a permis d\u2019offrir des performances vari\u00e9es, cr\u00e9ant un espace d\u2019\u00e9change et de rencontre autour de la danse. Ce festival a \u00e9t\u00e9 un lieu o\u00f9 se sont crois\u00e9es les influences culturelles, reflet de la richesse multiculturelle de la Guyane et de son environnement amazonien.<\/p>\t\t\t\t\t\t\t\t<\/div>\n\t\t\t\t<\/div>\n\t\t\t\t\t<\/div>\n\t\t<\/div>\n\t\t\t\t\t<\/div>\n\t\t<\/section>\n\t\t\t\t\t<\/div>\n\t\t<\/div>\n\t\t\t\t\t<\/div>\n\t\t<\/section>\n\t\t\t\t<section class=\"elementor-section elementor-top-section elementor-element elementor-element-1389640 elementor-section-boxed elementor-section-height-default elementor-section-height-default\" data-id=\"1389640\" data-element_type=\"section\">\n\t\t\t\t\t\t<div class=\"elementor-container elementor-column-gap-default\">\n\t\t\t\t\t<div class=\"elementor-column elementor-col-100 elementor-top-column elementor-element elementor-element-62f5301\" data-id=\"62f5301\" data-element_type=\"column\">\n\t\t\t<div class=\"elementor-widget-wrap elementor-element-populated\">\n\t\t\t\t\t\t<div class=\"elementor-element elementor-element-07fed6e elementor-widget elementor-widget-heading\" data-id=\"07fed6e\" data-element_type=\"widget\" data-widget_type=\"heading.default\">\n\t\t\t\t<div class=\"elementor-widget-container\">\n\t\t\t\t\t<h2 class=\"elementor-heading-title elementor-size-default\">La Danse : Un Art Vivant \u00e0 l'Honneur<\/h2>\t\t\t\t<\/div>\n\t\t\t\t<\/div>\n\t\t\t\t<div class=\"elementor-element elementor-element-5a71e13 elementor-widget elementor-widget-text-editor\" data-id=\"5a71e13\" data-element_type=\"widget\" data-widget_type=\"text-editor.default\">\n\t\t\t\t<div class=\"elementor-widget-container\">\n\t\t\t\t\t\t\t\t\t<p><span style=\"font-weight: 400;\">La danse en Guyane \u00e9tait bien plus qu\u2019un simple divertissement ; elle \u00e9tait un moyen d\u2019expression pour raconter des histoires, partager des traditions et aborder des th\u00e9matiques contemporaines. La <\/span><a href=\"https:\/\/www.outremers360.com\/bassin-atlantique-appli\/la-danse-dans-tous-ses-eclats-et-son-rayonnement-a-la-20eme-edition-du-festival-danses-metisses-de-guyane\" target=\"_blank\" rel=\"noopener nofollow\"><b>20\u00e8me \u00e9dition du Festival Danses M\u00e9tisses<\/b><\/a> a mis en lumi\u00e8re cette diversit\u00e9, en accueillant des artistes venus de pays comme le Br\u00e9sil, la Guadeloupe, la Martinique et La R\u00e9union.<\/p>\t\t\t\t\t\t\t\t<\/div>\n\t\t\t\t<\/div>\n\t\t\t\t<section class=\"elementor-section elementor-inner-section elementor-element elementor-element-d60afcb elementor-section-boxed elementor-section-height-default elementor-section-height-default\" data-id=\"d60afcb\" data-element_type=\"section\">\n\t\t\t\t\t\t<div class=\"elementor-container elementor-column-gap-default\">\n\t\t\t\t\t<div class=\"elementor-column elementor-col-100 elementor-inner-column elementor-element elementor-element-2818b36\" data-id=\"2818b36\" data-element_type=\"column\">\n\t\t\t<div class=\"elementor-widget-wrap elementor-element-populated\">\n\t\t\t\t\t\t<div class=\"elementor-element elementor-element-cb38cea elementor-widget elementor-widget-text-editor\" data-id=\"cb38cea\" data-element_type=\"widget\" data-widget_type=\"text-editor.default\">\n\t\t\t\t<div class=\"elementor-widget-container\">\n\t\t\t\t\t\t\t\t\t<p><span style=\"font-weight: 400;\">La <b>20\u00e8me \u00e9dition du Festival Danses M\u00e9tisses<\/b> a \u00e9galement \u00e9t\u00e9 marqu\u00e9e par la participation de Dany Dann, un danseur guyanais ayant r\u00e9cemment remport\u00e9 une m\u00e9daille d\u2019argent aux Jeux Olympiques de Paris 2024 dans la discipline du breakdance. Sa pr\u00e9sence a \u00e9t\u00e9 un symbole fort du potentiel artistique de la Guyane et de l\u2019impact que la danse pouvait avoir sur la sc\u00e8ne internationale.<\/span><\/p>\t\t\t\t\t\t\t\t<\/div>\n\t\t\t\t<\/div>\n\t\t\t\t\t<\/div>\n\t\t<\/div>\n\t\t\t\t\t<\/div>\n\t\t<\/section>\n\t\t\t\t\t<\/div>\n\t\t<\/div>\n\t\t\t\t\t<\/div>\n\t\t<\/section>\n\t\t\t\t<section class=\"elementor-section elementor-top-section elementor-element elementor-element-a7a4b32 elementor-section-boxed elementor-section-height-default elementor-section-height-default\" data-id=\"a7a4b32\" data-element_type=\"section\">\n\t\t\t\t\t\t<div class=\"elementor-container elementor-column-gap-default\">\n\t\t\t\t\t<div class=\"elementor-column elementor-col-100 elementor-top-column elementor-element elementor-element-f79b573\" data-id=\"f79b573\" data-element_type=\"column\">\n\t\t\t<div class=\"elementor-widget-wrap elementor-element-populated\">\n\t\t\t\t\t\t<div class=\"elementor-element elementor-element-c00f5b2 elementor-widget elementor-widget-heading\" data-id=\"c00f5b2\" data-element_type=\"widget\" data-widget_type=\"heading.default\">\n\t\t\t\t<div class=\"elementor-widget-container\">\n\t\t\t\t\t<h2 class=\"elementor-heading-title elementor-size-default\">Une Programmation \u00c9clectique et Accessible<\/h2>\t\t\t\t<\/div>\n\t\t\t\t<\/div>\n\t\t\t\t<section class=\"elementor-section elementor-inner-section elementor-element elementor-element-cbfae60 elementor-section-boxed elementor-section-height-default elementor-section-height-default\" data-id=\"cbfae60\" data-element_type=\"section\">\n\t\t\t\t\t\t<div class=\"elementor-container elementor-column-gap-default\">\n\t\t\t\t\t<div class=\"elementor-column elementor-col-100 elementor-inner-column elementor-element elementor-element-ef4f05d\" data-id=\"ef4f05d\" data-element_type=\"column\">\n\t\t\t<div class=\"elementor-widget-wrap elementor-element-populated\">\n\t\t\t\t\t\t<div class=\"elementor-element elementor-element-3181f9e elementor-widget elementor-widget-text-editor\" data-id=\"3181f9e\" data-element_type=\"widget\" data-widget_type=\"text-editor.default\">\n\t\t\t\t<div class=\"elementor-widget-container\">\n\t\t\t\t\t\t\t\t\t<p><span style=\"font-weight: 400;\">Au cours de cette <\/span><b>20\u00e8me \u00e9dition du Festival Danses M\u00e9tisses<\/b><span style=\"font-weight: 400;\">, e festival a propos\u00e9 une programmation vari\u00e9e, rendant la danse accessible \u00e0 tous. Des spectacles de danse contemporaine et de hip-hop se sont d\u00e9roul\u00e9s dans plusieurs communes de Guyane, notamment \u00e0 Cayenne, Matoury, Remire-Montjoly, Kourou, Saint-Laurent-du-Maroni et Maripasoula.<\/span><\/p>\t\t\t\t\t\t\t\t<\/div>\n\t\t\t\t<\/div>\n\t\t\t\t\t<\/div>\n\t\t<\/div>\n\t\t\t\t\t<\/div>\n\t\t<\/section>\n\t\t\t\t<section class=\"elementor-section elementor-inner-section elementor-element elementor-element-a24e32c elementor-section-boxed elementor-section-height-default elementor-section-height-default\" data-id=\"a24e32c\" data-element_type=\"section\">\n\t\t\t\t\t\t<div class=\"elementor-container elementor-column-gap-default\">\n\t\t\t\t\t<div class=\"elementor-column elementor-col-100 elementor-inner-column elementor-element elementor-element-31f95b2\" data-id=\"31f95b2\" data-element_type=\"column\">\n\t\t\t<div class=\"elementor-widget-wrap elementor-element-populated\">\n\t\t\t\t\t\t<div class=\"elementor-element elementor-element-0e46832 elementor-widget elementor-widget-text-editor\" data-id=\"0e46832\" data-element_type=\"widget\" data-widget_type=\"text-editor.default\">\n\t\t\t\t<div class=\"elementor-widget-container\">\n\t\t\t\t\t\t\t\t\t<p><span style=\"font-weight: 400;\">En plus des performances, la <b>20\u00e8me \u00e9dition du Festival Danses M\u00e9tisses<\/b> a inclus des conf\u00e9rences et des ateliers, permettant \u00e0 chacun de s\u2019initier \u00e0 la danse et d\u2019apprendre les diff\u00e9rentes techniques et styles. Les soir\u00e9es sp\u00e9ciales organis\u00e9es \u00e0 l\u2019EPCC des Trois Fleuves et \u00e0 l\u2019Encre \u00e0 Cayenne sont devenues des moments forts de cette \u00e9dition, promettant des spectacles m\u00e9morables pour les passionn\u00e9s de danse.<\/span><\/p>\t\t\t\t\t\t\t\t<\/div>\n\t\t\t\t<\/div>\n\t\t\t\t<section class=\"elementor-section elementor-inner-section elementor-element elementor-element-e7c26c8 elementor-section-boxed elementor-section-height-default elementor-section-height-default\" data-id=\"e7c26c8\" data-element_type=\"section\">\n\t\t\t\t\t\t<div class=\"elementor-container elementor-column-gap-default\">\n\t\t\t\t\t<div class=\"elementor-column elementor-col-100 elementor-inner-column elementor-element elementor-element-8d36c2a\" data-id=\"8d36c2a\" data-element_type=\"column\">\n\t\t\t<div class=\"elementor-widget-wrap elementor-element-populated\">\n\t\t\t\t\t\t<div class=\"elementor-element elementor-element-7fa22d7 elementor-widget elementor-widget-image\" data-id=\"7fa22d7\" data-element_type=\"widget\" data-widget_type=\"image.default\">\n\t\t\t\t<div class=\"elementor-widget-container\">\n\t\t\t\t\t\t\t\t\t\t\t\t<figure class=\"wp-caption\">\n\t\t\t\t\t\t\t\t\t\t<img fetchpriority=\"high\" decoding=\"async\" width=\"724\" height=\"1024\" src=\"https:\/\/richeskarayib.com\/wp-content\/uploads\/2024\/11\/465737683_1117861460339248_65517217634300141_n-1-724x1024.jpg\" class=\"attachment-large size-large wp-image-42082\" alt=\"20\u00e8me \u00e9dition du Festival Danses M\u00e9tisses\" srcset=\"https:\/\/richeskarayib.com\/wp-content\/uploads\/2024\/11\/465737683_1117861460339248_65517217634300141_n-1-724x1024.jpg 724w, https:\/\/richeskarayib.com\/wp-content\/uploads\/2024\/11\/465737683_1117861460339248_65517217634300141_n-1-212x300.jpg 212w, https:\/\/richeskarayib.com\/wp-content\/uploads\/2024\/11\/465737683_1117861460339248_65517217634300141_n-1-768x1086.jpg 768w, https:\/\/richeskarayib.com\/wp-content\/uploads\/2024\/11\/465737683_1117861460339248_65517217634300141_n-1-1086x1536.jpg 1086w, https:\/\/richeskarayib.com\/wp-content\/uploads\/2024\/11\/465737683_1117861460339248_65517217634300141_n-1-1320x1866.jpg 1320w, https:\/\/richeskarayib.com\/wp-content\/uploads\/2024\/11\/465737683_1117861460339248_65517217634300141_n-1.jpg 1358w\" sizes=\"(max-width: 724px) 100vw, 724px\" \/>\t\t\t\t\t\t\t\t\t\t\t<figcaption class=\"widget-image-caption wp-caption-text\">20\u00e8me \u00e9dition du Festival Danses M\u00e9tisses.\n\nSource : Touka Danses CDCN Guyane<\/figcaption>\n\t\t\t\t\t\t\t\t\t\t<\/figure>\n\t\t\t\t\t\t\t\t\t<\/div>\n\t\t\t\t<\/div>\n\t\t\t\t\t<\/div>\n\t\t<\/div>\n\t\t\t\t\t<\/div>\n\t\t<\/section>\n\t\t\t\t\t<\/div>\n\t\t<\/div>\n\t\t\t\t\t<\/div>\n\t\t<\/section>\n\t\t\t\t\t<\/div>\n\t\t<\/div>\n\t\t\t\t\t<\/div>\n\t\t<\/section>\n\t\t\t\t<section class=\"elementor-section elementor-top-section elementor-element elementor-element-a95c33f elementor-section-boxed elementor-section-height-default elementor-section-height-default\" data-id=\"a95c33f\" data-element_type=\"section\">\n\t\t\t\t\t\t<div class=\"elementor-container elementor-column-gap-default\">\n\t\t\t\t\t<div class=\"elementor-column elementor-col-100 elementor-top-column elementor-element elementor-element-d2ff6a2\" data-id=\"d2ff6a2\" data-element_type=\"column\">\n\t\t\t<div class=\"elementor-widget-wrap elementor-element-populated\">\n\t\t\t\t\t\t<div class=\"elementor-element elementor-element-8de7f5e elementor-widget elementor-widget-heading\" data-id=\"8de7f5e\" data-element_type=\"widget\" data-widget_type=\"heading.default\">\n\t\t\t\t<div class=\"elementor-widget-container\">\n\t\t\t\t\t<h2 class=\"elementor-heading-title elementor-size-default\">Un Impact Durable sur la Culture Guyanaise<\/h2>\t\t\t\t<\/div>\n\t\t\t\t<\/div>\n\t\t\t\t<section class=\"elementor-section elementor-inner-section elementor-element elementor-element-72ef417 elementor-section-boxed elementor-section-height-default elementor-section-height-default\" data-id=\"72ef417\" data-element_type=\"section\">\n\t\t\t\t\t\t<div class=\"elementor-container elementor-column-gap-default\">\n\t\t\t\t\t<div class=\"elementor-column elementor-col-100 elementor-inner-column elementor-element elementor-element-4320b47\" data-id=\"4320b47\" data-element_type=\"column\">\n\t\t\t<div class=\"elementor-widget-wrap elementor-element-populated\">\n\t\t\t\t\t\t<div class=\"elementor-element elementor-element-a37caff elementor-widget elementor-widget-text-editor\" data-id=\"a37caff\" data-element_type=\"widget\" data-widget_type=\"text-editor.default\">\n\t\t\t\t<div class=\"elementor-widget-container\">\n\t\t\t\t\t\t\t\t\t<p><span style=\"font-weight: 400;\">Le Festival Danses M\u00e9tisses de Guyane a contribu\u00e9 activement \u00e0 la valorisation de la culture locale et \u00e0 la professionnalisation des artistes. Gr\u00e2ce \u00e0 des initiatives comme celles de <\/span><b>Touka Danses<\/b><span style=\"font-weight: 400;\">, labellis\u00e9 Centre de d\u00e9veloppement chor\u00e9graphique national, les danseurs ont eu l\u2019opportunit\u00e9 de se former et de se confronter \u00e0 d\u2019autres artistes de la sc\u00e8ne internationale.<\/span><\/p>\t\t\t\t\t\t\t\t<\/div>\n\t\t\t\t<\/div>\n\t\t\t\t\t<\/div>\n\t\t<\/div>\n\t\t\t\t\t<\/div>\n\t\t<\/section>\n\t\t\t\t<section class=\"elementor-section elementor-inner-section elementor-element elementor-element-82e08b2 elementor-section-boxed elementor-section-height-default elementor-section-height-default\" data-id=\"82e08b2\" data-element_type=\"section\">\n\t\t\t\t\t\t<div class=\"elementor-container elementor-column-gap-default\">\n\t\t\t\t\t<div class=\"elementor-column elementor-col-100 elementor-inner-column elementor-element elementor-element-f0392f8\" data-id=\"f0392f8\" data-element_type=\"column\">\n\t\t\t<div class=\"elementor-widget-wrap elementor-element-populated\">\n\t\t\t\t\t\t<div class=\"elementor-element elementor-element-e6c3952 elementor-widget elementor-widget-text-editor\" data-id=\"e6c3952\" data-element_type=\"widget\" data-widget_type=\"text-editor.default\">\n\t\t\t\t<div class=\"elementor-widget-container\">\n\t\t\t\t\t\t\t\t\t<p>Ce soutien \u00e0 la cr\u00e9ation et \u00e0 l\u2019\u00e9mergence de nouveaux talents a renforc\u00e9 la visibilit\u00e9 de la danse guyanaise sur le plan national et international. En rassemblant des artistes de diff\u00e9rentes origines, le festival a favoris\u00e9 le dialogue interculturel et la coop\u00e9ration entre les communaut\u00e9s.<\/p>\t\t\t\t\t\t\t\t<\/div>\n\t\t\t\t<\/div>\n\t\t\t\t\t<\/div>\n\t\t<\/div>\n\t\t\t\t\t<\/div>\n\t\t<\/section>\n\t\t\t\t\t<\/div>\n\t\t<\/div>\n\t\t\t\t\t<\/div>\n\t\t<\/section>\n\t\t\t\t<section class=\"elementor-section elementor-top-section elementor-element elementor-element-3adc781 elementor-section-boxed elementor-section-height-default elementor-section-height-default\" data-id=\"3adc781\" data-element_type=\"section\">\n\t\t\t\t\t\t<div class=\"elementor-container elementor-column-gap-default\">\n\t\t\t\t\t<div class=\"elementor-column elementor-col-100 elementor-top-column elementor-element elementor-element-4a34e27\" data-id=\"4a34e27\" data-element_type=\"column\">\n\t\t\t<div class=\"elementor-widget-wrap elementor-element-populated\">\n\t\t\t\t\t\t<div class=\"elementor-element elementor-element-a38b33a elementor-widget elementor-widget-heading\" data-id=\"a38b33a\" data-element_type=\"widget\" data-widget_type=\"heading.default\">\n\t\t\t\t<div class=\"elementor-widget-container\">\n\t\t\t\t\t<h2 class=\"elementor-heading-title elementor-size-default\">Une Invitation \u00e0 Participer<\/h2>\t\t\t\t<\/div>\n\t\t\t\t<\/div>\n\t\t\t\t<div class=\"elementor-element elementor-element-ae2f00b elementor-widget elementor-widget-text-editor\" data-id=\"ae2f00b\" data-element_type=\"widget\" data-widget_type=\"text-editor.default\">\n\t\t\t\t<div class=\"elementor-widget-container\">\n\t\t\t\t\t\t\t\t\t<p><span style=\"font-weight: 400;\">La <\/span><b>20\u00e8me \u00e9dition du Festival Danses M\u00e9tisses de Guyane<\/b><span style=\"font-weight: 400;\">, qui s&#8217;est achev\u00e9e le 1er d\u00e9cembre, a repr\u00e9sent\u00e9 une occasion unique d\u2019appr\u00e9cier le riche univers de la danse. Cet \u00e9v\u00e9nement a mis en avant la cr\u00e9ativit\u00e9, la diversit\u00e9 et l\u2019\u00e9nergie des artistes guyanais et internationaux, en incitant le public \u00e0 prendre part \u00e0 cette exp\u00e9rience collective.<\/span><\/p>\t\t\t\t\t\t\t\t<\/div>\n\t\t\t\t<\/div>\n\t\t\t\t\t<\/div>\n\t\t<\/div>\n\t\t\t\t\t<\/div>\n\t\t<\/section>\n\t\t\t\t<\/div>\n\t\t","protected":false},"excerpt":{"rendered":"<p>La 20\u00e8me \u00e9dition du Festival Danses M\u00e9tisses de Guyane s&#8217;est d\u00e9roul\u00e9e du 21 novembre au 1\u1d49\u02b3 d\u00e9cembre 2024. Cet \u00e9v\u00e9nement embl\u00e9matique a mis en avant la diversit\u00e9 culturelle et artistique qui caract\u00e9rise ce territoire unique. Avec un programme riche en spectacles, performances et ateliers, le festival a constitu\u00e9 une plateforme essentielle pour les artistes locaux [&hellip;]<\/p>\n","protected":false},"author":400,"featured_media":42078,"comment_status":"open","ping_status":"open","sticky":false,"template":"","format":"standard","meta":{"_acf_changed":false,"footnotes":""},"categories":[1495],"tags":[1544],"class_list":["post-42077","post","type-post","status-publish","format-standard","has-post-thumbnail","hentry","category-danse-fr","tag-guyane-2"],"acf":[],"_links":{"self":[{"href":"https:\/\/richeskarayib.com\/fr\/wp-json\/wp\/v2\/posts\/42077","targetHints":{"allow":["GET"]}}],"collection":[{"href":"https:\/\/richeskarayib.com\/fr\/wp-json\/wp\/v2\/posts"}],"about":[{"href":"https:\/\/richeskarayib.com\/fr\/wp-json\/wp\/v2\/types\/post"}],"author":[{"embeddable":true,"href":"https:\/\/richeskarayib.com\/fr\/wp-json\/wp\/v2\/users\/400"}],"replies":[{"embeddable":true,"href":"https:\/\/richeskarayib.com\/fr\/wp-json\/wp\/v2\/comments?post=42077"}],"version-history":[{"count":0,"href":"https:\/\/richeskarayib.com\/fr\/wp-json\/wp\/v2\/posts\/42077\/revisions"}],"wp:featuredmedia":[{"embeddable":true,"href":"https:\/\/richeskarayib.com\/fr\/wp-json\/wp\/v2\/media\/42078"}],"wp:attachment":[{"href":"https:\/\/richeskarayib.com\/fr\/wp-json\/wp\/v2\/media?parent=42077"}],"wp:term":[{"taxonomy":"category","embeddable":true,"href":"https:\/\/richeskarayib.com\/fr\/wp-json\/wp\/v2\/categories?post=42077"},{"taxonomy":"post_tag","embeddable":true,"href":"https:\/\/richeskarayib.com\/fr\/wp-json\/wp\/v2\/tags?post=42077"}],"curies":[{"name":"wp","href":"https:\/\/api.w.org\/{rel}","templated":true}]}}