{"id":42228,"date":"2024-12-05T10:00:01","date_gmt":"2024-12-05T10:00:01","guid":{"rendered":"https:\/\/richeskarayib.com\/?p=42228"},"modified":"2024-12-05T09:03:04","modified_gmt":"2024-12-05T09:03:04","slug":"caribbean-airlines-service-direct-martinique","status":"publish","type":"post","link":"https:\/\/richeskarayib.com\/fr\/caribbean-airlines-service-direct-martinique\/","title":{"rendered":"Caribbean Airlines lance de nouveau service dans la Cara\u00efbe"},"content":{"rendered":"\t\t<div data-elementor-type=\"wp-post\" data-elementor-id=\"42228\" class=\"elementor elementor-42228\" data-elementor-post-type=\"post\">\n\t\t\t\t\t\t<section class=\"elementor-section elementor-top-section elementor-element elementor-element-b0ccd15 elementor-section-boxed elementor-section-height-default elementor-section-height-default\" data-id=\"b0ccd15\" data-element_type=\"section\">\n\t\t\t\t\t\t<div class=\"elementor-container elementor-column-gap-default\">\n\t\t\t\t\t<div class=\"elementor-column elementor-col-100 elementor-top-column elementor-element elementor-element-99dbec5\" data-id=\"99dbec5\" data-element_type=\"column\">\n\t\t\t<div class=\"elementor-widget-wrap elementor-element-populated\">\n\t\t\t\t\t\t<section class=\"elementor-section elementor-inner-section elementor-element elementor-element-76711d4 elementor-section-boxed elementor-section-height-default elementor-section-height-default\" data-id=\"76711d4\" data-element_type=\"section\">\n\t\t\t\t\t\t<div class=\"elementor-container elementor-column-gap-default\">\n\t\t\t\t\t<div class=\"elementor-column elementor-col-100 elementor-inner-column elementor-element elementor-element-c77bbd1\" data-id=\"c77bbd1\" data-element_type=\"column\">\n\t\t\t<div class=\"elementor-widget-wrap elementor-element-populated\">\n\t\t\t\t\t\t<div class=\"elementor-element elementor-element-502897c elementor-widget elementor-widget-text-editor\" data-id=\"502897c\" data-element_type=\"widget\" data-widget_type=\"text-editor.default\">\n\t\t\t\t<div class=\"elementor-widget-container\">\n\t\t\t\t\t\t\t\t\t<p><span style=\"font-weight: 400;\">Le 3 d\u00e9cembre, <a href=\"https:\/\/www.caribbean-airlines.com\/#\/\" target=\"_blank\" rel=\"noopener nofollow\"><strong>Caribbean Airlines<\/strong><\/a> a lanc\u00e9 avec fiert\u00e9 des vols directs vers l&#8217;\u00eele fran\u00e7aise des <a href=\"https:\/\/richeskarayib.com\/fr\/definir-les-caraibes\/\" target=\"_blank\" rel=\"noopener\">Cara\u00efbes<\/a>, la Martinique. Cette initiative marque une \u00e9tape importante dans la vision de la compagnie a\u00e9rienne de relier les Cara\u00efbes de mani\u00e8re fluide et durable. <\/span><b>Caribbean Airlines<\/b><span style=\"font-weight: 400;\"> se positionne ainsi comme un acteur cl\u00e9 dans le d\u00e9veloppement du tourisme et des \u00e9changes culturels entre les \u00eeles.<\/span><\/p>\t\t\t\t\t\t\t\t<\/div>\n\t\t\t\t<\/div>\n\t\t\t\t\t<\/div>\n\t\t<\/div>\n\t\t\t\t\t<\/div>\n\t\t<\/section>\n\t\t\t\t\t<\/div>\n\t\t<\/div>\n\t\t\t\t\t<\/div>\n\t\t<\/section>\n\t\t\t\t<section class=\"elementor-section elementor-top-section elementor-element elementor-element-1389640 elementor-section-boxed elementor-section-height-default elementor-section-height-default\" data-id=\"1389640\" data-element_type=\"section\">\n\t\t\t\t\t\t<div class=\"elementor-container elementor-column-gap-default\">\n\t\t\t\t\t<div class=\"elementor-column elementor-col-100 elementor-top-column elementor-element elementor-element-62f5301\" data-id=\"62f5301\" data-element_type=\"column\">\n\t\t\t<div class=\"elementor-widget-wrap elementor-element-populated\">\n\t\t\t\t\t\t<div class=\"elementor-element elementor-element-07fed6e elementor-widget elementor-widget-heading\" data-id=\"07fed6e\" data-element_type=\"widget\" data-widget_type=\"heading.default\">\n\t\t\t\t<div class=\"elementor-widget-container\">\n\t\t\t\t\t<h2 class=\"elementor-heading-title elementor-size-default\">Un Service Essentiel pour la Mobilit\u00e9 R\u00e9gionale<\/h2>\t\t\t\t<\/div>\n\t\t\t\t<\/div>\n\t\t\t\t<div class=\"elementor-element elementor-element-5a71e13 elementor-widget elementor-widget-text-editor\" data-id=\"5a71e13\" data-element_type=\"widget\" data-widget_type=\"text-editor.default\">\n\t\t\t\t<div class=\"elementor-widget-container\">\n\t\t\t\t\t\t\t\t\t<p><span style=\"font-weight: 400;\">Les vols entre Trinidad et Tobago et la Martinique seront op\u00e9r\u00e9s quatre fois par semaine, les mardis, vendredis, samedis et dimanches. Parmi ces vols, deux seront directs, tandis que les deux autres passeront par la Barbade, offrant ainsi des options de connectivit\u00e9 accrues pour les passagers \u00e0 travers la r\u00e9gion. Cette nouvelle liaison r\u00e9pond \u00e0 un besoin crucial dans le domaine des<\/span><\/p>\t\t\t\t\t\t\t\t<\/div>\n\t\t\t\t<\/div>\n\t\t\t\t\t<\/div>\n\t\t<\/div>\n\t\t\t\t\t<\/div>\n\t\t<\/section>\n\t\t\t\t<section class=\"elementor-section elementor-top-section elementor-element elementor-element-a7a4b32 elementor-section-boxed elementor-section-height-default elementor-section-height-default\" data-id=\"a7a4b32\" data-element_type=\"section\">\n\t\t\t\t\t\t<div class=\"elementor-container elementor-column-gap-default\">\n\t\t\t\t\t<div class=\"elementor-column elementor-col-100 elementor-top-column elementor-element elementor-element-f79b573\" data-id=\"f79b573\" data-element_type=\"column\">\n\t\t\t<div class=\"elementor-widget-wrap elementor-element-populated\">\n\t\t\t\t\t\t<div class=\"elementor-element elementor-element-c00f5b2 elementor-widget elementor-widget-heading\" data-id=\"c00f5b2\" data-element_type=\"widget\" data-widget_type=\"heading.default\">\n\t\t\t\t<div class=\"elementor-widget-container\">\n\t\t\t\t\t<h2 class=\"elementor-heading-title elementor-size-default\">Une Opportunit\u00e9 pour les Voyageurs\n<\/h2>\t\t\t\t<\/div>\n\t\t\t\t<\/div>\n\t\t\t\t<section class=\"elementor-section elementor-inner-section elementor-element elementor-element-cbfae60 elementor-section-boxed elementor-section-height-default elementor-section-height-default\" data-id=\"cbfae60\" data-element_type=\"section\">\n\t\t\t\t\t\t<div class=\"elementor-container elementor-column-gap-default\">\n\t\t\t\t\t<div class=\"elementor-column elementor-col-100 elementor-inner-column elementor-element elementor-element-ef4f05d\" data-id=\"ef4f05d\" data-element_type=\"column\">\n\t\t\t<div class=\"elementor-widget-wrap elementor-element-populated\">\n\t\t\t\t\t\t<div class=\"elementor-element elementor-element-3181f9e elementor-widget elementor-widget-text-editor\" data-id=\"3181f9e\" data-element_type=\"widget\" data-widget_type=\"text-editor.default\">\n\t\t\t\t<div class=\"elementor-widget-container\">\n\t\t\t\t\t\t\t\t\t<p><span style=\"font-weight: 400;\">Le lancement de ce service ouvre la porte \u00e0 des voyages pour les passagers de l&#8217;ensemble des Cara\u00efbes, qu&#8217;elles soient fran\u00e7aises, espagnoles, n\u00e9erlandaises ou anglaises. Les voyageurs pourront ainsi se reconnecter et explorer la r\u00e9gion, favorisant des opportunit\u00e9s de collaboration, d&#8217;\u00e9changes culturels et de croissance \u00e9conomique.<\/span><\/p>\t\t\t\t\t\t\t\t<\/div>\n\t\t\t\t<\/div>\n\t\t\t\t\t<\/div>\n\t\t<\/div>\n\t\t\t\t\t<\/div>\n\t\t<\/section>\n\t\t\t\t<section class=\"elementor-section elementor-inner-section elementor-element elementor-element-a24e32c elementor-section-boxed elementor-section-height-default elementor-section-height-default\" data-id=\"a24e32c\" data-element_type=\"section\">\n\t\t\t\t\t\t<div class=\"elementor-container elementor-column-gap-default\">\n\t\t\t\t\t<div class=\"elementor-column elementor-col-100 elementor-inner-column elementor-element elementor-element-31f95b2\" data-id=\"31f95b2\" data-element_type=\"column\">\n\t\t\t<div class=\"elementor-widget-wrap elementor-element-populated\">\n\t\t\t\t\t\t<div class=\"elementor-element elementor-element-0e46832 elementor-widget elementor-widget-text-editor\" data-id=\"0e46832\" data-element_type=\"widget\" data-widget_type=\"text-editor.default\">\n\t\t\t\t<div class=\"elementor-widget-container\">\n\t\t\t\t\t\t\t\t\t<p><span style=\"font-weight: 400;\">Garvin Medera, le PDG de <a href=\"https:\/\/www.instagram.com\/iflycaribbean\/?hl=fr\" target=\"_blank\" rel=\"noopener nofollow\"><strong>Caribbean Airlines<\/strong><\/a>, a soulign\u00e9 l&#8217;importance de ce nouveau service : \u00ab Nous sommes ravis d&#8217;accueillir la Martinique dans notre r\u00e9seau en expansion et de dire &#8216;bienvenue chez vous&#8217; alors que nous reconnectons les Cara\u00efbes \u00e0 la Martinique. Notre entr\u00e9e dans les Cara\u00efbes fran\u00e7aises est essentielle pour r\u00e9aliser notre vision de connecter la r\u00e9gion de mani\u00e8re fluide et durable. <strong>Caribbean Airlines<\/strong> sera le point n\u00e9vralgique du tourisme, de la culture et du commerce, favorisant une plus grande collaboration et unit\u00e9 entre les \u00eeles des Cara\u00efbes. \u00bb<\/span><\/p>\t\t\t\t\t\t\t\t<\/div>\n\t\t\t\t<\/div>\n\t\t\t\t\t<\/div>\n\t\t<\/div>\n\t\t\t\t\t<\/div>\n\t\t<\/section>\n\t\t\t\t\t<\/div>\n\t\t<\/div>\n\t\t\t\t\t<\/div>\n\t\t<\/section>\n\t\t\t\t<section class=\"elementor-section elementor-top-section elementor-element elementor-element-a95c33f elementor-section-boxed elementor-section-height-default elementor-section-height-default\" data-id=\"a95c33f\" data-element_type=\"section\">\n\t\t\t\t\t\t<div class=\"elementor-container elementor-column-gap-default\">\n\t\t\t\t\t<div class=\"elementor-column elementor-col-100 elementor-top-column elementor-element elementor-element-d2ff6a2\" data-id=\"d2ff6a2\" data-element_type=\"column\">\n\t\t\t<div class=\"elementor-widget-wrap elementor-element-populated\">\n\t\t\t\t\t\t<div class=\"elementor-element elementor-element-8de7f5e elementor-widget elementor-widget-heading\" data-id=\"8de7f5e\" data-element_type=\"widget\" data-widget_type=\"heading.default\">\n\t\t\t\t<div class=\"elementor-widget-container\">\n\t\t\t\t\t<h2 class=\"elementor-heading-title elementor-size-default\">La R\u00e9ponse de la Martinique<\/h2>\t\t\t\t<\/div>\n\t\t\t\t<\/div>\n\t\t\t\t<section class=\"elementor-section elementor-inner-section elementor-element elementor-element-72ef417 elementor-section-boxed elementor-section-height-default elementor-section-height-default\" data-id=\"72ef417\" data-element_type=\"section\">\n\t\t\t\t\t\t<div class=\"elementor-container elementor-column-gap-default\">\n\t\t\t\t\t<div class=\"elementor-column elementor-col-100 elementor-inner-column elementor-element elementor-element-4320b47\" data-id=\"4320b47\" data-element_type=\"column\">\n\t\t\t<div class=\"elementor-widget-wrap elementor-element-populated\">\n\t\t\t\t\t\t<div class=\"elementor-element elementor-element-a37caff elementor-widget elementor-widget-text-editor\" data-id=\"a37caff\" data-element_type=\"widget\" data-widget_type=\"text-editor.default\">\n\t\t\t\t<div class=\"elementor-widget-container\">\n\t\t\t\t\t\t\t\t\t<p><span style=\"font-weight: 400;\">Nathalie Sebastien, PDG de l&#8217;A\u00e9roport de Martinique, a exprim\u00e9 sa joie d&#8217;accueillir <a href=\"https:\/\/web.facebook.com\/caribbeanairlines\/?locale=fr_FR&amp;_rdc=1&amp;_rdr\" target=\"_blank\" rel=\"noopener nofollow\"><strong>Caribbean Airlines<\/strong><\/a> sur l&#8217;\u00eele. Elle a d\u00e9clar\u00e9 : \u00ab Bienvenue chez vous, <strong>Caribbean Airlines<\/strong>\u2026 Comme nous le disons ici en Martinique &#8211; Nou kontan w\u00e9 zot\u2026 Je suis ravie, d&#8217;une mani\u00e8re plus d&#8217;une, par cette r\u00e9alisation tant attendue. Avec vous, Caribbean Airlines, nous restaurons enfin une plus grande connectivit\u00e9 culturelle, sportive et familiale avec nos fr\u00e8res et s\u0153urs des Cara\u00efbes. Vous \u00eates vraiment dans notre ADN\u2026 Nous faisons partie des Cara\u00efbes\u2026 Bienvenue chez vous ! \u00bb<\/span><\/p>\t\t\t\t\t\t\t\t<\/div>\n\t\t\t\t<\/div>\n\t\t\t\t<section class=\"elementor-section elementor-inner-section elementor-element elementor-element-9051cb1 elementor-section-boxed elementor-section-height-default elementor-section-height-default\" data-id=\"9051cb1\" data-element_type=\"section\">\n\t\t\t\t\t\t<div class=\"elementor-container elementor-column-gap-default\">\n\t\t\t\t\t<div class=\"elementor-column elementor-col-100 elementor-inner-column elementor-element elementor-element-1a56626\" data-id=\"1a56626\" data-element_type=\"column\">\n\t\t\t<div class=\"elementor-widget-wrap elementor-element-populated\">\n\t\t\t\t\t\t<div class=\"elementor-element elementor-element-c705b16 elementor-widget elementor-widget-image\" data-id=\"c705b16\" data-element_type=\"widget\" data-widget_type=\"image.default\">\n\t\t\t\t<div class=\"elementor-widget-container\">\n\t\t\t\t\t\t\t\t\t\t\t\t<figure class=\"wp-caption\">\n\t\t\t\t\t\t\t\t\t\t<img fetchpriority=\"high\" decoding=\"async\" width=\"800\" height=\"370\" src=\"https:\/\/richeskarayib.com\/wp-content\/uploads\/2024\/12\/MARTINIQUE_20LAUNCH_201-1024x473.jpeg\" class=\"attachment-large size-large wp-image-42233\" alt=\"Caribbean Airlines\" srcset=\"https:\/\/richeskarayib.com\/wp-content\/uploads\/2024\/12\/MARTINIQUE_20LAUNCH_201-1024x473.jpeg 1024w, https:\/\/richeskarayib.com\/wp-content\/uploads\/2024\/12\/MARTINIQUE_20LAUNCH_201-300x139.jpeg 300w, https:\/\/richeskarayib.com\/wp-content\/uploads\/2024\/12\/MARTINIQUE_20LAUNCH_201-768x355.jpeg 768w, https:\/\/richeskarayib.com\/wp-content\/uploads\/2024\/12\/MARTINIQUE_20LAUNCH_201.jpeg 1280w\" sizes=\"(max-width: 800px) 100vw, 800px\" \/>\t\t\t\t\t\t\t\t\t\t\t<figcaption class=\"widget-image-caption wp-caption-text\">\u00c9v\u00e9nement de bienvenue de Caribbean Airlines en Martinique\n\nSource : Caribbean Airlines<\/figcaption>\n\t\t\t\t\t\t\t\t\t\t<\/figure>\n\t\t\t\t\t\t\t\t\t<\/div>\n\t\t\t\t<\/div>\n\t\t\t\t\t<\/div>\n\t\t<\/div>\n\t\t\t\t\t<\/div>\n\t\t<\/section>\n\t\t\t\t\t<\/div>\n\t\t<\/div>\n\t\t\t\t\t<\/div>\n\t\t<\/section>\n\t\t\t\t\t<\/div>\n\t\t<\/div>\n\t\t\t\t\t<\/div>\n\t\t<\/section>\n\t\t\t\t<section class=\"elementor-section elementor-top-section elementor-element elementor-element-1f25142 elementor-section-boxed elementor-section-height-default elementor-section-height-default\" data-id=\"1f25142\" data-element_type=\"section\">\n\t\t\t\t\t\t<div class=\"elementor-container elementor-column-gap-default\">\n\t\t\t\t\t<div class=\"elementor-column elementor-col-100 elementor-top-column elementor-element elementor-element-1ca1b93\" data-id=\"1ca1b93\" data-element_type=\"column\">\n\t\t\t<div class=\"elementor-widget-wrap elementor-element-populated\">\n\t\t\t\t\t\t<div class=\"elementor-element elementor-element-3907407 elementor-widget elementor-widget-heading\" data-id=\"3907407\" data-element_type=\"widget\" data-widget_type=\"heading.default\">\n\t\t\t\t<div class=\"elementor-widget-container\">\n\t\t\t\t\t<h2 class=\"elementor-heading-title elementor-size-default\">Une Exp\u00e9rience Martiniquaise Inoubliable<\/h2>\t\t\t\t<\/div>\n\t\t\t\t<\/div>\n\t\t\t\t<section class=\"elementor-section elementor-inner-section elementor-element elementor-element-8878f55 elementor-section-boxed elementor-section-height-default elementor-section-height-default\" data-id=\"8878f55\" data-element_type=\"section\">\n\t\t\t\t\t\t<div class=\"elementor-container elementor-column-gap-default\">\n\t\t\t\t\t<div class=\"elementor-column elementor-col-100 elementor-inner-column elementor-element elementor-element-60492da\" data-id=\"60492da\" data-element_type=\"column\">\n\t\t\t<div class=\"elementor-widget-wrap elementor-element-populated\">\n\t\t\t\t\t\t<div class=\"elementor-element elementor-element-005be9d elementor-widget elementor-widget-text-editor\" data-id=\"005be9d\" data-element_type=\"widget\" data-widget_type=\"text-editor.default\">\n\t\t\t\t<div class=\"elementor-widget-container\">\n\t\t\t\t\t\t\t\t\t<p><span style=\"font-weight: 400;\">Les passagers voyageant vers la Martinique peuvent s&#8217;attendre \u00e0 d\u00e9couvrir la culture cr\u00e9ole renomm\u00e9e de l&#8217;\u00eele, ses paysages \u00e0 couper le souffle et son hospitalit\u00e9 chaleureuse. La Martinique, avec son m\u00e9lange unique de traditions fran\u00e7aises et carib\u00e9ennes, offre une vari\u00e9t\u00e9 d&#8217;activit\u00e9s allant de la randonn\u00e9e dans les for\u00eats tropicales \u00e0 la d\u00e9gustation de plats locaux d\u00e9licieux comme le colombo de poulet ou le boudin cr\u00e9ole.<\/span><\/p>\t\t\t\t\t\t\t\t<\/div>\n\t\t\t\t<\/div>\n\t\t\t\t<div class=\"elementor-element elementor-element-fcc6f1b elementor-widget elementor-widget-text-editor\" data-id=\"fcc6f1b\" data-element_type=\"widget\" data-widget_type=\"text-editor.default\">\n\t\t\t\t<div class=\"elementor-widget-container\">\n\t\t\t\t\t\t\t\t\t<p><span style=\"font-weight: 400;\">En retour, la Martinique b\u00e9n\u00e9ficie d&#8217;une passerelle fiable pour explorer Trinidad et Tobago, la Barbade et le reste des Cara\u00efbes. Cette connectivit\u00e9 enrichit les relations r\u00e9gionales et les exp\u00e9riences des voyageurs, tout en soutenant le secteur du tourisme dans l&#8217;ensemble de la r\u00e9gion.<\/span><\/p>\t\t\t\t\t\t\t\t<\/div>\n\t\t\t\t<\/div>\n\t\t\t\t\t<\/div>\n\t\t<\/div>\n\t\t\t\t\t<\/div>\n\t\t<\/section>\n\t\t\t\t\t<\/div>\n\t\t<\/div>\n\t\t\t\t\t<\/div>\n\t\t<\/section>\n\t\t\t\t<section class=\"elementor-section elementor-top-section elementor-element elementor-element-50059cb elementor-section-boxed elementor-section-height-default elementor-section-height-default\" data-id=\"50059cb\" data-element_type=\"section\">\n\t\t\t\t\t\t<div class=\"elementor-container elementor-column-gap-default\">\n\t\t\t\t\t<div class=\"elementor-column elementor-col-100 elementor-top-column elementor-element elementor-element-4b3ff1d\" data-id=\"4b3ff1d\" data-element_type=\"column\">\n\t\t\t<div class=\"elementor-widget-wrap elementor-element-populated\">\n\t\t\t\t\t\t<div class=\"elementor-element elementor-element-618c70f elementor-widget elementor-widget-heading\" data-id=\"618c70f\" data-element_type=\"widget\" data-widget_type=\"heading.default\">\n\t\t\t\t<div class=\"elementor-widget-container\">\n\t\t\t\t\t<h2 class=\"elementor-heading-title elementor-size-default\">Impacts \u00c9conomiques et Culturels<\/h2>\t\t\t\t<\/div>\n\t\t\t\t<\/div>\n\t\t\t\t<section class=\"elementor-section elementor-inner-section elementor-element elementor-element-de5c9fe elementor-section-boxed elementor-section-height-default elementor-section-height-default\" data-id=\"de5c9fe\" data-element_type=\"section\">\n\t\t\t\t\t\t<div class=\"elementor-container elementor-column-gap-default\">\n\t\t\t\t\t<div class=\"elementor-column elementor-col-100 elementor-inner-column elementor-element elementor-element-8373487\" data-id=\"8373487\" data-element_type=\"column\">\n\t\t\t<div class=\"elementor-widget-wrap elementor-element-populated\">\n\t\t\t\t\t\t<div class=\"elementor-element elementor-element-25d0eaf elementor-widget elementor-widget-text-editor\" data-id=\"25d0eaf\" data-element_type=\"widget\" data-widget_type=\"text-editor.default\">\n\t\t\t\t<div class=\"elementor-widget-container\">\n\t\t\t\t\t\t\t\t\t<p><span style=\"font-weight: 400;\">Ce nouveau service positionne <a href=\"https:\/\/www.aeroports-voyages.fr\/fr\/aeroport\/martinique-aime-cesaire\/FDF\/compagnies-aeriennes\/c\/caribbean-airlines\/BW\" target=\"_blank\" rel=\"noopener nofollow\"><strong>Caribbean Airlines<\/strong><\/a> en tant qu&#8217;acteur cl\u00e9 dans la facilitation d&#8217;une connectivit\u00e9 durable. En comblant les lacunes dans le r\u00e9seau de voyages r\u00e9gional, la compagnie a\u00e9rienne contribue au d\u00e9veloppement du tourisme inter-\u00eeles, favorise les \u00e9changes culturels et promeut le commerce tout en soutenant les objectifs de durabilit\u00e9 plus larges de la r\u00e9gion.<\/span><\/p>\t\t\t\t\t\t\t\t<\/div>\n\t\t\t\t<\/div>\n\t\t\t\t<div class=\"elementor-element elementor-element-5138b3e elementor-widget elementor-widget-text-editor\" data-id=\"5138b3e\" data-element_type=\"widget\" data-widget_type=\"text-editor.default\">\n\t\t\t\t<div class=\"elementor-widget-container\">\n\t\t\t\t\t\t\t\t\t<p><span style=\"font-weight: 400;\">L&#8217;importance des voyages interr\u00e9gionaux ne peut \u00eatre sous-estim\u00e9e. Ces connexions encouragent non seulement le tourisme, mais elles promeuvent \u00e9galement des \u00e9changes commerciaux et culturels, cr\u00e9ant des opportunit\u00e9s pour les entreprises locales et renfor\u00e7ant les liens entre les diff\u00e9rentes \u00eeles.<\/span><\/p>\t\t\t\t\t\t\t\t<\/div>\n\t\t\t\t<\/div>\n\t\t\t\t\t<\/div>\n\t\t<\/div>\n\t\t\t\t\t<\/div>\n\t\t<\/section>\n\t\t\t\t\t<\/div>\n\t\t<\/div>\n\t\t\t\t\t<\/div>\n\t\t<\/section>\n\t\t\t\t<section class=\"elementor-section elementor-top-section elementor-element elementor-element-9189e62 elementor-section-boxed elementor-section-height-default elementor-section-height-default\" data-id=\"9189e62\" data-element_type=\"section\">\n\t\t\t\t\t\t<div class=\"elementor-container elementor-column-gap-default\">\n\t\t\t\t\t<div class=\"elementor-column elementor-col-100 elementor-top-column elementor-element elementor-element-a639f5c\" data-id=\"a639f5c\" data-element_type=\"column\">\n\t\t\t<div class=\"elementor-widget-wrap elementor-element-populated\">\n\t\t\t\t\t\t<div class=\"elementor-element elementor-element-a6d6572 elementor-widget elementor-widget-heading\" data-id=\"a6d6572\" data-element_type=\"widget\" data-widget_type=\"heading.default\">\n\t\t\t\t<div class=\"elementor-widget-container\">\n\t\t\t\t\t<h2 class=\"elementor-heading-title elementor-size-default\">Une C\u00e9l\u00e9bration de la Diversit\u00e9 Culturelle<\/h2>\t\t\t\t<\/div>\n\t\t\t\t<\/div>\n\t\t\t\t<section class=\"elementor-section elementor-inner-section elementor-element elementor-element-ef2e93d elementor-section-boxed elementor-section-height-default elementor-section-height-default\" data-id=\"ef2e93d\" data-element_type=\"section\">\n\t\t\t\t\t\t<div class=\"elementor-container elementor-column-gap-default\">\n\t\t\t\t\t<div class=\"elementor-column elementor-col-100 elementor-inner-column elementor-element elementor-element-185512a\" data-id=\"185512a\" data-element_type=\"column\">\n\t\t\t<div class=\"elementor-widget-wrap elementor-element-populated\">\n\t\t\t\t\t\t<div class=\"elementor-element elementor-element-a5146aa elementor-widget elementor-widget-text-editor\" data-id=\"a5146aa\" data-element_type=\"widget\" data-widget_type=\"text-editor.default\">\n\t\t\t\t<div class=\"elementor-widget-container\">\n\t\t\t\t\t\t\t\t\t<p><span style=\"font-weight: 400;\">Le lancement de ce service a \u00e9t\u00e9 c\u00e9l\u00e9br\u00e9 par divers dignitaires. LaAmbassadeur de France \u00e0 Trinidad et Tobago, Son Excellence Didier Chabert, et le Ministre du Tourisme, de la Culture et des Arts de Trinidad et Tobago, le S\u00e9nateur, l&#8217;honorable Randall Mitchell. Leur pr\u00e9sence souligne l&#8217;importance de cette nouvelle liaison pour la coop\u00e9ration r\u00e9gionale et la promotion de la diversit\u00e9 culturelle.<\/span><\/p>\t\t\t\t\t\t\t\t<\/div>\n\t\t\t\t<\/div>\n\t\t\t\t<div class=\"elementor-element elementor-element-e756aab elementor-widget elementor-widget-text-editor\" data-id=\"e756aab\" data-element_type=\"widget\" data-widget_type=\"text-editor.default\">\n\t\t\t\t<div class=\"elementor-widget-container\">\n\t\t\t\t\t\t\t\t\t<p><span style=\"font-weight: 400;\">La Martinique est r\u00e9put\u00e9e pour sa riche histoire, ses festivals anim\u00e9s et son ambiance conviviale. Les voyageurs peuvent s&#8217;attendre \u00e0 participer \u00e0 des \u00e9v\u00e9nements locaux, \u00e0 d\u00e9couvrir des artisans talentueux et \u00e0 savourer des sp\u00e9cialit\u00e9s culinaires qui illustrent la fusion des influences culturelles.<\/span><\/p>\t\t\t\t\t\t\t\t<\/div>\n\t\t\t\t<\/div>\n\t\t\t\t\t<\/div>\n\t\t<\/div>\n\t\t\t\t\t<\/div>\n\t\t<\/section>\n\t\t\t\t\t<\/div>\n\t\t<\/div>\n\t\t\t\t\t<\/div>\n\t\t<\/section>\n\t\t\t\t<section class=\"elementor-section elementor-top-section elementor-element elementor-element-2cdc430 elementor-section-boxed elementor-section-height-default elementor-section-height-default\" data-id=\"2cdc430\" data-element_type=\"section\">\n\t\t\t\t\t\t<div class=\"elementor-container elementor-column-gap-default\">\n\t\t\t\t\t<div class=\"elementor-column elementor-col-100 elementor-top-column elementor-element elementor-element-a3b2b98\" data-id=\"a3b2b98\" data-element_type=\"column\">\n\t\t\t<div class=\"elementor-widget-wrap elementor-element-populated\">\n\t\t\t\t\t\t<div class=\"elementor-element elementor-element-23e7195 elementor-widget elementor-widget-heading\" data-id=\"23e7195\" data-element_type=\"widget\" data-widget_type=\"heading.default\">\n\t\t\t\t<div class=\"elementor-widget-container\">\n\t\t\t\t\t<h2 class=\"elementor-heading-title elementor-size-default\">Un Avenir Radieux pour Caribbean Airlines\n<\/h2>\t\t\t\t<\/div>\n\t\t\t\t<\/div>\n\t\t\t\t<section class=\"elementor-section elementor-inner-section elementor-element elementor-element-8c5e381 elementor-section-boxed elementor-section-height-default elementor-section-height-default\" data-id=\"8c5e381\" data-element_type=\"section\">\n\t\t\t\t\t\t<div class=\"elementor-container elementor-column-gap-default\">\n\t\t\t\t\t<div class=\"elementor-column elementor-col-100 elementor-inner-column elementor-element elementor-element-f67462b\" data-id=\"f67462b\" data-element_type=\"column\">\n\t\t\t<div class=\"elementor-widget-wrap elementor-element-populated\">\n\t\t\t\t\t\t<div class=\"elementor-element elementor-element-87dac7f elementor-widget elementor-widget-text-editor\" data-id=\"87dac7f\" data-element_type=\"widget\" data-widget_type=\"text-editor.default\">\n\t\t\t\t<div class=\"elementor-widget-container\">\n\t\t\t\t\t\t\t\t\t<p><span style=\"font-weight: 400;\">Avec l&#8217;ajout de la Martinique \u00e0 son r\u00e9seau, <\/span><b>Caribbean Airlines<\/b><span style=\"font-weight: 400;\"> marque une nouvelle \u00e8re de connectivit\u00e9 r\u00e9gionale. La compagnie a\u00e9rienne vise \u00e0 \u00e9tablir des liens solides entre les \u00eeles des Cara\u00efbes, facilitant non seulement les voyages, mais aussi le partage d&#8217;exp\u00e9riences, de cultures et d&#8217;opportunit\u00e9s \u00e9conomiques.<\/span><\/p>\t\t\t\t\t\t\t\t<\/div>\n\t\t\t\t<\/div>\n\t\t\t\t<div class=\"elementor-element elementor-element-33e9de8 elementor-widget elementor-widget-text-editor\" data-id=\"33e9de8\" data-element_type=\"widget\" data-widget_type=\"text-editor.default\">\n\t\t\t\t<div class=\"elementor-widget-container\">\n\t\t\t\t\t\t\t\t\t<p><span style=\"font-weight: 400;\">Le PDG Garvin Medera a conclu : \u00ab Nous attendons avec impatience les effets positifs en cascade que ces vols cr\u00e9eront, permettant \u00e0 notre peuple de d\u00e9couvrir la diversit\u00e9 incroyable des cultures \u00e0 travers nos \u00eeles. \u00bb<\/span><\/p><p><span style=\"font-weight: 400;\">Avec cette nouvelle initiative, <\/span><b>Caribbean Airlines<\/b><span style=\"font-weight: 400;\"> d\u00e9montre son engagement envers le d\u00e9veloppement durable et l&#8217;am\u00e9lioration des relations entre les \u00eeles des Cara\u00efbes, ouvrant ainsi un avenir prometteur pour les voyages et le tourisme dans la r\u00e9gion.<\/span><\/p>\t\t\t\t\t\t\t\t<\/div>\n\t\t\t\t<\/div>\n\t\t\t\t\t<\/div>\n\t\t<\/div>\n\t\t\t\t\t<\/div>\n\t\t<\/section>\n\t\t\t\t\t<\/div>\n\t\t<\/div>\n\t\t\t\t\t<\/div>\n\t\t<\/section>\n\t\t\t\t<\/div>\n\t\t","protected":false},"excerpt":{"rendered":"<p>Le 3 d\u00e9cembre, Caribbean Airlines a lanc\u00e9 avec fiert\u00e9 des vols directs vers l&#8217;\u00eele fran\u00e7aise des Cara\u00efbes, la Martinique. Cette initiative marque une \u00e9tape importante dans la vision de la compagnie a\u00e9rienne de relier les Cara\u00efbes de mani\u00e8re fluide et durable. Caribbean Airlines se positionne ainsi comme un acteur cl\u00e9 dans le d\u00e9veloppement du tourisme [&hellip;]<\/p>\n","protected":false},"author":400,"featured_media":42229,"comment_status":"open","ping_status":"open","sticky":false,"template":"","format":"standard","meta":{"_acf_changed":false,"footnotes":""},"categories":[840],"tags":[1598,808,1518],"class_list":["post-42228","post","type-post","status-publish","format-standard","has-post-thumbnail","hentry","category-actus","tag-barbade-fr","tag-martinique-fr","tag-trinite-et-tobago-fr"],"acf":[],"_links":{"self":[{"href":"https:\/\/richeskarayib.com\/fr\/wp-json\/wp\/v2\/posts\/42228","targetHints":{"allow":["GET"]}}],"collection":[{"href":"https:\/\/richeskarayib.com\/fr\/wp-json\/wp\/v2\/posts"}],"about":[{"href":"https:\/\/richeskarayib.com\/fr\/wp-json\/wp\/v2\/types\/post"}],"author":[{"embeddable":true,"href":"https:\/\/richeskarayib.com\/fr\/wp-json\/wp\/v2\/users\/400"}],"replies":[{"embeddable":true,"href":"https:\/\/richeskarayib.com\/fr\/wp-json\/wp\/v2\/comments?post=42228"}],"version-history":[{"count":0,"href":"https:\/\/richeskarayib.com\/fr\/wp-json\/wp\/v2\/posts\/42228\/revisions"}],"wp:featuredmedia":[{"embeddable":true,"href":"https:\/\/richeskarayib.com\/fr\/wp-json\/wp\/v2\/media\/42229"}],"wp:attachment":[{"href":"https:\/\/richeskarayib.com\/fr\/wp-json\/wp\/v2\/media?parent=42228"}],"wp:term":[{"taxonomy":"category","embeddable":true,"href":"https:\/\/richeskarayib.com\/fr\/wp-json\/wp\/v2\/categories?post=42228"},{"taxonomy":"post_tag","embeddable":true,"href":"https:\/\/richeskarayib.com\/fr\/wp-json\/wp\/v2\/tags?post=42228"}],"curies":[{"name":"wp","href":"https:\/\/api.w.org\/{rel}","templated":true}]}}