{"id":42359,"date":"2024-12-10T10:01:08","date_gmt":"2024-12-10T10:01:08","guid":{"rendered":"https:\/\/richeskarayib.com\/agriculture-de-precision-a-la-barbade-un-atelier-collaboratif\/"},"modified":"2024-12-10T11:59:12","modified_gmt":"2024-12-10T11:59:12","slug":"agriculture-de-precision-a-la-barbade-blog","status":"publish","type":"post","link":"https:\/\/richeskarayib.com\/fr\/agriculture-de-precision-a-la-barbade-blog\/","title":{"rendered":"Agriculture de pr\u00e9cision \u00e0 la Barbade : Un atelier collaboratif"},"content":{"rendered":"\t\t<div data-elementor-type=\"wp-post\" data-elementor-id=\"42359\" class=\"elementor elementor-42359 elementor-42121\" data-elementor-post-type=\"post\">\n\t\t\t\t\t\t<section class=\"elementor-section elementor-top-section elementor-element elementor-element-b6a4060 elementor-section-boxed elementor-section-height-default elementor-section-height-default\" data-id=\"b6a4060\" data-element_type=\"section\">\n\t\t\t\t\t\t<div class=\"elementor-container elementor-column-gap-default\">\n\t\t\t\t\t<div class=\"elementor-column elementor-col-100 elementor-top-column elementor-element elementor-element-83f828f\" data-id=\"83f828f\" data-element_type=\"column\">\n\t\t\t<div class=\"elementor-widget-wrap elementor-element-populated\">\n\t\t\t\t\t\t<div class=\"elementor-element elementor-element-d59dd5b elementor-widget elementor-widget-text-editor\" data-id=\"d59dd5b\" data-element_type=\"widget\" data-widget_type=\"text-editor.default\">\n\t\t\t\t<div class=\"elementor-widget-container\">\n\t\t\t\t\t\t\t\t\t<p><a href=\"https:\/\/agriculture.gov.bb\/\" target=\"_blank\" rel=\"noopener nofollow\"><b>Minist\u00e8re de l&#8217;agriculture de la Barbade <\/b><\/a><span style=\"font-weight: 400;\">en partenariat avec l&#8217;Organisation des Nations Unies pour l&#8217;alimentation et l&#8217;agriculture (FAO), a organis\u00e9 un atelier sur le th\u00e8me de l&#8217;optimisation de la production agricole gr\u00e2ce \u00e0 des syst\u00e8mes num\u00e9riques de gestion des cultures de haute pr\u00e9cision. <\/span><b>&#8220;Optimiser la production agricole gr\u00e2ce \u00e0 des syst\u00e8mes num\u00e9riques de gestion des cultures de haute pr\u00e9cision&#8221;.<\/b><span style=\"font-weight: 400;\"> Cet \u00e9v\u00e9nement a mis en \u00e9vidence l&#8217;importance de <\/span><a href=\"https:\/\/barbados.loopnews.com\/content\/ministry-fao-collaborate-enhance-agricultural-production\" target=\"_blank\" rel=\"noopener nofollow\"><b>l&#8217;agriculture de pr\u00e9cision \u00e0 la Barbade\u00a0 <\/b><\/a><span style=\"font-weight: 400;\">et son potentiel \u00e0 transformer le paysage agricole de l&#8217;\u00eele.<\/span><\/p>\t\t\t\t\t\t\t\t<\/div>\n\t\t\t\t<\/div>\n\t\t\t\t\t<\/div>\n\t\t<\/div>\n\t\t\t\t\t<\/div>\n\t\t<\/section>\n\t\t\t\t<section class=\"elementor-section elementor-top-section elementor-element elementor-element-81b7c64 elementor-section-boxed elementor-section-height-default elementor-section-height-default\" data-id=\"81b7c64\" data-element_type=\"section\">\n\t\t\t\t\t\t<div class=\"elementor-container elementor-column-gap-default\">\n\t\t\t\t\t<div class=\"elementor-column elementor-col-100 elementor-top-column elementor-element elementor-element-cce8092\" data-id=\"cce8092\" data-element_type=\"column\">\n\t\t\t<div class=\"elementor-widget-wrap elementor-element-populated\">\n\t\t\t\t\t\t<div class=\"elementor-element elementor-element-a18761d elementor-widget elementor-widget-heading\" data-id=\"a18761d\" data-element_type=\"widget\" data-widget_type=\"heading.default\">\n\t\t\t\t<div class=\"elementor-widget-container\">\n\t\t\t\t\t<h2 class=\"elementor-heading-title elementor-size-default\">Un atelier essentiel pour l'avenir de l'agriculture de pr\u00e9cision \u00e0 la Barbade\n<\/h2>\t\t\t\t<\/div>\n\t\t\t\t<\/div>\n\t\t\t\t<div class=\"elementor-element elementor-element-f4f4ff3 elementor-widget elementor-widget-text-editor\" data-id=\"f4f4ff3\" data-element_type=\"widget\" data-widget_type=\"text-editor.default\">\n\t\t\t\t<div class=\"elementor-widget-container\">\n\t\t\t\t\t\t\t\t\t<p><span style=\"font-weight: 400;\">Cette initiative a eu lieu\u00a0 <\/span><b>le lundi 2 d\u00e9cembre 2024. <\/b><span style=\"font-weight: 400;\">L&#8217;atelier s&#8217;est d\u00e9roul\u00e9 dans la salle de conf\u00e9rence du minist\u00e8re, situ\u00e9e \u00e0 Graeme Hall, Christ Church, <a href=\"https:\/\/richeskarayib.com\/fr\/barbados\/\" target=\"_blank\" rel=\"noopener\">Barbade<\/a>. L&#8217;atelier visait \u00e0 renforcer &#8221; <\/span><b>agriculture de pr\u00e9cision&#8221;<\/b><span style=\"font-weight: 400;\">,<\/span><span style=\"font-weight: 400;\"> qui est cruciale pour le d\u00e9veloppement durable et la s\u00e9curit\u00e9 alimentaire \u00e0 la Barbade. En r\u00e9unissant des acteurs de diff\u00e9rents secteurs, l&#8217;atelier a servi de plateforme pour le partage des connaissances, des exp\u00e9riences et des meilleures pratiques dans le domaine de l&#8217;agriculture de pr\u00e9cision. <\/span><\/p>\t\t\t\t\t\t\t\t<\/div>\n\t\t\t\t<\/div>\n\t\t\t\t\t<\/div>\n\t\t<\/div>\n\t\t\t\t\t<\/div>\n\t\t<\/section>\n\t\t\t\t<section class=\"elementor-section elementor-top-section elementor-element elementor-element-c1d27ad elementor-section-boxed elementor-section-height-default elementor-section-height-default\" data-id=\"c1d27ad\" data-element_type=\"section\">\n\t\t\t\t\t\t<div class=\"elementor-container elementor-column-gap-default\">\n\t\t\t\t\t<div class=\"elementor-column elementor-col-100 elementor-top-column elementor-element elementor-element-904b487\" data-id=\"904b487\" data-element_type=\"column\">\n\t\t\t<div class=\"elementor-widget-wrap elementor-element-populated\">\n\t\t\t\t\t\t<div class=\"elementor-element elementor-element-7bc9da5 elementor-widget elementor-widget-heading\" data-id=\"7bc9da5\" data-element_type=\"widget\" data-widget_type=\"heading.default\">\n\t\t\t\t<div class=\"elementor-widget-container\">\n\t\t\t\t\t<h2 class=\"elementor-heading-title elementor-size-default\">Contexte du projet<\/h2>\t\t\t\t<\/div>\n\t\t\t\t<\/div>\n\t\t\t\t<section class=\"elementor-section elementor-inner-section elementor-element elementor-element-afca6cc elementor-section-boxed elementor-section-height-default elementor-section-height-default\" data-id=\"afca6cc\" data-element_type=\"section\">\n\t\t\t\t\t\t<div class=\"elementor-container elementor-column-gap-default\">\n\t\t\t\t\t<div class=\"elementor-column elementor-col-100 elementor-inner-column elementor-element elementor-element-8739f82\" data-id=\"8739f82\" data-element_type=\"column\">\n\t\t\t<div class=\"elementor-widget-wrap elementor-element-populated\">\n\t\t\t\t\t\t<div class=\"elementor-element elementor-element-7ca03de elementor-widget elementor-widget-text-editor\" data-id=\"7ca03de\" data-element_type=\"widget\" data-widget_type=\"text-editor.default\">\n\t\t\t\t<div class=\"elementor-widget-container\">\n\t\t\t\t\t\t\t\t\t<p><span style=\"font-weight: 400;\">Le projet, financ\u00e9 dans le cadre du programme de coop\u00e9ration technique <a href=\"https:\/\/www.fao.org\/home\/fr\" target=\"_blank\" rel=\"noopener nofollow\">de la FAO<\/a>, vise \u00e0 promouvoir\u00a0 <\/span><a href=\"https:\/\/trainingcred.com\/course\/BB\/precision-agriculture-and-technology-training\/\" target=\"_blank\" rel=\"noopener nofollow\"><b>&#8220;l&#8217;agriculture de pr\u00e9cision&#8221; \u00e0 la Barbade<\/b><\/a><span style=\"font-weight: 400;\"> et d&#8217;augmenter la productivit\u00e9 gr\u00e2ce \u00e0 l&#8217;int\u00e9gration de syst\u00e8mes num\u00e9riques avanc\u00e9s de gestion des cultures. L&#8217;objectif \u00e9tait d&#8217;harmoniser les nouvelles technologies avec les m\u00e9thodes agricoles traditionnelles. Cela a permis de renforcer le secteur agricole de la Barbade, d&#8217;assurer la s\u00e9curit\u00e9 alimentaire et de contribuer au d\u00e9veloppement durable. <\/span><\/p>\t\t\t\t\t\t\t\t<\/div>\n\t\t\t\t<\/div>\n\t\t\t\t\t<\/div>\n\t\t<\/div>\n\t\t\t\t\t<\/div>\n\t\t<\/section>\n\t\t\t\t<section class=\"elementor-section elementor-inner-section elementor-element elementor-element-3ff8d08 elementor-section-boxed elementor-section-height-default elementor-section-height-default\" data-id=\"3ff8d08\" data-element_type=\"section\">\n\t\t\t\t\t\t<div class=\"elementor-container elementor-column-gap-default\">\n\t\t\t\t\t<div class=\"elementor-column elementor-col-100 elementor-inner-column elementor-element elementor-element-4c9c580\" data-id=\"4c9c580\" data-element_type=\"column\">\n\t\t\t<div class=\"elementor-widget-wrap elementor-element-populated\">\n\t\t\t\t\t\t<div class=\"elementor-element elementor-element-200198a elementor-widget elementor-widget-text-editor\" data-id=\"200198a\" data-element_type=\"widget\" data-widget_type=\"text-editor.default\">\n\t\t\t\t<div class=\"elementor-widget-container\">\n\t\t\t\t\t\t\t\t\t<p><span style=\"font-weight: 400;\">En outre, le projet s&#8217;est concentr\u00e9 sur la formation des agriculteurs et des techniciens agricoles \u00e0 l&#8217;utilisation d&#8217;outils et de technologies num\u00e9riques susceptibles d&#8217;am\u00e9liorer la gestion des cultures. En int\u00e9grant ces technologies, les agriculteurs ont pu mieux contr\u00f4ler la sant\u00e9 des cultures, optimiser l&#8217;utilisation des ressources et, en fin de compte, am\u00e9liorer les rendements. <\/span><\/p>\t\t\t\t\t\t\t\t<\/div>\n\t\t\t\t<\/div>\n\t\t\t\t\t<\/div>\n\t\t<\/div>\n\t\t\t\t\t<\/div>\n\t\t<\/section>\n\t\t\t\t\t<\/div>\n\t\t<\/div>\n\t\t\t\t\t<\/div>\n\t\t<\/section>\n\t\t\t\t<section class=\"elementor-section elementor-top-section elementor-element elementor-element-35db87b elementor-section-boxed elementor-section-height-default elementor-section-height-default\" data-id=\"35db87b\" data-element_type=\"section\">\n\t\t\t\t\t\t<div class=\"elementor-container elementor-column-gap-default\">\n\t\t\t\t\t<div class=\"elementor-column elementor-col-100 elementor-top-column elementor-element elementor-element-1fab3f7\" data-id=\"1fab3f7\" data-element_type=\"column\">\n\t\t\t<div class=\"elementor-widget-wrap elementor-element-populated\">\n\t\t\t\t\t\t<div class=\"elementor-element elementor-element-a88b9a3 elementor-widget elementor-widget-heading\" data-id=\"a88b9a3\" data-element_type=\"widget\" data-widget_type=\"heading.default\">\n\t\t\t\t<div class=\"elementor-widget-container\">\n\t\t\t\t\t<h2 class=\"elementor-heading-title elementor-size-default\">Pr\u00e9sentations par des experts reconnus de l'agriculture de pr\u00e9cision \u00e0 la Barbade<\/h2>\t\t\t\t<\/div>\n\t\t\t\t<\/div>\n\t\t\t\t<section class=\"elementor-section elementor-inner-section elementor-element elementor-element-5ddc58c elementor-section-boxed elementor-section-height-default elementor-section-height-default\" data-id=\"5ddc58c\" data-element_type=\"section\">\n\t\t\t\t\t\t<div class=\"elementor-container elementor-column-gap-default\">\n\t\t\t\t\t<div class=\"elementor-column elementor-col-100 elementor-inner-column elementor-element elementor-element-716f9d0\" data-id=\"716f9d0\" data-element_type=\"column\">\n\t\t\t<div class=\"elementor-widget-wrap elementor-element-populated\">\n\t\t\t\t\t\t<div class=\"elementor-element elementor-element-636f249 elementor-widget elementor-widget-text-editor\" data-id=\"636f249\" data-element_type=\"widget\" data-widget_type=\"text-editor.default\">\n\t\t\t\t<div class=\"elementor-widget-container\">\n\t\t\t\t\t\t\t\t\t<p><span style=\"font-weight: 400;\">L&#8217;atelier a donn\u00e9 lieu \u00e0 plusieurs pr\u00e9sentations par des experts reconnus dans le domaine. Parmi les intervenants, <strong>Timothy Drakes<\/strong>, point focal du projet au minist\u00e8re, a pr\u00e9sent\u00e9 une analyse de l&#8217;\u00e9tat actuel des syst\u00e8mes de culture de l\u00e9gumes \u00e0 la Barbade. <\/span><span style=\"font-weight: 400;\"><strong>Jervis Rowe<\/strong>, consultant international pour la FAO, a pr\u00e9sent\u00e9 les avantages des syst\u00e8mes de culture prot\u00e9g\u00e9s pour la production de l\u00e9gumes. Ces syst\u00e8mes sont particuli\u00e8rement pertinents dans le contexte du changement climatique et aident les agriculteurs \u00e0 att\u00e9nuer les risques li\u00e9s aux conditions m\u00e9t\u00e9orologiques impr\u00e9visibles. <\/span><span style=\"font-weight: 400;\"><strong>Melvin Medina Navarro<\/strong>, responsable technique du projet \u00e0 la FAO, a pr\u00e9sent\u00e9 une vue d&#8217;ensemble du cadre logique, des r\u00e9sultats et des activit\u00e9s du projet, en soulignant l&#8217;impact attendu du projet sur les pratiques agricoles locales.<\/span><\/p>\t\t\t\t\t\t\t\t<\/div>\n\t\t\t\t<\/div>\n\t\t\t\t\t<\/div>\n\t\t<\/div>\n\t\t\t\t\t<\/div>\n\t\t<\/section>\n\t\t\t\t\t<\/div>\n\t\t<\/div>\n\t\t\t\t\t<\/div>\n\t\t<\/section>\n\t\t\t\t<section class=\"elementor-section elementor-top-section elementor-element elementor-element-8dbc34b elementor-section-boxed elementor-section-height-default elementor-section-height-default\" data-id=\"8dbc34b\" data-element_type=\"section\">\n\t\t\t\t\t\t<div class=\"elementor-container elementor-column-gap-default\">\n\t\t\t\t\t<div class=\"elementor-column elementor-col-100 elementor-top-column elementor-element elementor-element-6003bc0\" data-id=\"6003bc0\" data-element_type=\"column\">\n\t\t\t<div class=\"elementor-widget-wrap elementor-element-populated\">\n\t\t\t\t\t\t<div class=\"elementor-element elementor-element-6bf9e70 elementor-widget elementor-widget-heading\" data-id=\"6bf9e70\" data-element_type=\"widget\" data-widget_type=\"heading.default\">\n\t\t\t\t<div class=\"elementor-widget-container\">\n\t\t\t\t\t<h2 class=\"elementor-heading-title elementor-size-default\">Discussions sur les questions transversales affectant l'agriculture de pr\u00e9cision \u00e0 la Barbade<\/h2>\t\t\t\t<\/div>\n\t\t\t\t<\/div>\n\t\t\t\t<div class=\"elementor-element elementor-element-aec0034 elementor-widget elementor-widget-text-editor\" data-id=\"aec0034\" data-element_type=\"widget\" data-widget_type=\"text-editor.default\">\n\t\t\t\t<div class=\"elementor-widget-container\">\n\t\t\t\t\t\t\t\t\t<p><span style=\"font-weight: 400;\">En outre, des discussions sur des questions transversales telles que l&#8217;\u00e9galit\u00e9 des sexes, les consid\u00e9rations environnementales, les m\u00e9canismes de r\u00e8glement des griefs et les strat\u00e9gies de communication ont \u00e9t\u00e9 men\u00e9es par <\/span><b>Anne Desrochers <\/b><span style=\"font-weight: 400;\">sp\u00e9cialiste de la production et de la protection des plantes \u00e0 la FAO. Ces discussions ont \u00e9t\u00e9 essentielles pour encourager une approche int\u00e9gr\u00e9e du d\u00e9veloppement de l&#8217;agriculture de pr\u00e9cision <\/span><b>\u00e0 la Barbade<\/b><span style=\"font-weight: 400;\">.<\/span><\/p>\t\t\t\t\t\t\t\t<\/div>\n\t\t\t\t<\/div>\n\t\t\t\t<div class=\"elementor-element elementor-element-904b525 elementor-widget elementor-widget-text-editor\" data-id=\"904b525\" data-element_type=\"widget\" data-widget_type=\"text-editor.default\">\n\t\t\t\t<div class=\"elementor-widget-container\">\n\t\t\t\t\t\t\t\t\t<p><span style=\"font-weight: 400;\">En abordant ces questions, l&#8217;atelier visait \u00e0 cr\u00e9er un environnement inclusif o\u00f9 de diverses perspectives pourraient contribuer \u00e0 l&#8217;avancement de l&#8217;agriculture de pr\u00e9cision. Il est essentiel que toutes les parties prenantes, y compris les femmes et les groupes marginalis\u00e9s, aient voix au chapitre pour fa\u00e7onner l&#8217;avenir de l&#8217;agriculture \u00e0 la Barbade. <\/span><\/p>\t\t\t\t\t\t\t\t<\/div>\n\t\t\t\t<\/div>\n\t\t\t\t\t<\/div>\n\t\t<\/div>\n\t\t\t\t\t<\/div>\n\t\t<\/section>\n\t\t\t\t<section class=\"elementor-section elementor-top-section elementor-element elementor-element-e6337a0 elementor-section-boxed elementor-section-height-default elementor-section-height-default\" data-id=\"e6337a0\" data-element_type=\"section\">\n\t\t\t\t\t\t<div class=\"elementor-container elementor-column-gap-default\">\n\t\t\t\t\t<div class=\"elementor-column elementor-col-100 elementor-top-column elementor-element elementor-element-965610d\" data-id=\"965610d\" data-element_type=\"column\">\n\t\t\t<div class=\"elementor-widget-wrap elementor-element-populated\">\n\t\t\t\t\t\t<div class=\"elementor-element elementor-element-43055a6 elementor-widget elementor-widget-heading\" data-id=\"43055a6\" data-element_type=\"widget\" data-widget_type=\"heading.default\">\n\t\t\t\t<div class=\"elementor-widget-container\">\n\t\t\t\t\t<h2 class=\"elementor-heading-title elementor-size-default\">Importance de l'agriculture de pr\u00e9cision \u00e0 la Barbade<\/h2>\t\t\t\t<\/div>\n\t\t\t\t<\/div>\n\t\t\t\t<div class=\"elementor-element elementor-element-b18cb6c elementor-widget elementor-widget-text-editor\" data-id=\"b18cb6c\" data-element_type=\"widget\" data-widget_type=\"text-editor.default\">\n\t\t\t\t<div class=\"elementor-widget-container\">\n\t\t\t\t\t\t\t\t\t<p><span style=\"font-weight: 400;\">Cet atelier a repr\u00e9sent\u00e9 une occasion pr\u00e9cieuse pour les parties prenantes de la Barbade de s&#8217;engager dans un dialogue constructif, de poser des questions et de contribuer \u00e0 la r\u00e9ussite de ce projet vital pour l&#8217;avenir de l&#8217;agriculture dans les Cara\u00efbes.<\/span><\/p>\t\t\t\t\t\t\t\t<\/div>\n\t\t\t\t<\/div>\n\t\t\t\t<div class=\"elementor-element elementor-element-7058bad elementor-widget elementor-widget-text-editor\" data-id=\"7058bad\" data-element_type=\"widget\" data-widget_type=\"text-editor.default\">\n\t\t\t\t<div class=\"elementor-widget-container\">\n\t\t\t\t\t\t\t\t\t<p><b>L&#8217;Agriculture de pr\u00e9cision <\/b><span style=\"font-weight: 400;\">est un enjeu majeur qui permet aux agriculteurs d&#8217;optimiser leurs ressources, d&#8217;augmenter leur productivit\u00e9 et de relever les d\u00e9fis environnementaux. En int\u00e9grant des technologies de pointe telles que les drones, les capteurs et les logiciels de gestion, les agriculteurs ont pu prendre des d\u00e9cisions \u00e9clair\u00e9es qui favorisent la durabilit\u00e9. Cela a permis non seulement d&#8217;am\u00e9liorer la productivit\u00e9, mais aussi de veiller \u00e0 ce que les pratiques agricoles ne compromettent pas la sant\u00e9 de l&#8217;environnement. <\/span><\/p>\t\t\t\t\t\t\t\t<\/div>\n\t\t\t\t<\/div>\n\t\t\t\t<div class=\"elementor-element elementor-element-7d4c14c elementor-widget elementor-widget-text-editor\" data-id=\"7d4c14c\" data-element_type=\"widget\" data-widget_type=\"text-editor.default\">\n\t\t\t\t<div class=\"elementor-widget-container\">\n\t\t\t\t\t\t\t\t\t<p><span style=\"font-weight: 400;\">Le secteur agricole de la Barbade \u00e9tant confront\u00e9 \u00e0 des d\u00e9fis tels que le changement climatique, la croissance d\u00e9mographique et la p\u00e9nurie de ressources, l&#8217;adoption de techniques d&#8217;agriculture de pr\u00e9cision est devenue cruciale. Les agriculteurs ont b\u00e9n\u00e9fici\u00e9 de donn\u00e9es qui les ont aid\u00e9s \u00e0 prendre de meilleures d\u00e9cisions en mati\u00e8re de plantation, d&#8217;irrigation et de lutte contre les parasites. <\/span><\/p>\t\t\t\t\t\t\t\t<\/div>\n\t\t\t\t<\/div>\n\t\t\t\t<section class=\"elementor-section elementor-inner-section elementor-element elementor-element-bfda4eb elementor-section-boxed elementor-section-height-default elementor-section-height-default\" data-id=\"bfda4eb\" data-element_type=\"section\">\n\t\t\t\t\t\t<div class=\"elementor-container elementor-column-gap-default\">\n\t\t\t\t\t<div class=\"elementor-column elementor-col-100 elementor-inner-column elementor-element elementor-element-2c6ab40\" data-id=\"2c6ab40\" data-element_type=\"column\">\n\t\t\t<div class=\"elementor-widget-wrap elementor-element-populated\">\n\t\t\t\t\t\t<div class=\"elementor-element elementor-element-082b702 elementor-widget elementor-widget-image\" data-id=\"082b702\" data-element_type=\"widget\" data-widget_type=\"image.default\">\n\t\t\t\t<div class=\"elementor-widget-container\">\n\t\t\t\t\t\t\t\t\t\t\t\t<figure class=\"wp-caption\">\n\t\t\t\t\t\t\t\t\t\t<img fetchpriority=\"high\" decoding=\"async\" width=\"800\" height=\"800\" src=\"https:\/\/richeskarayib.com\/wp-content\/uploads\/2024\/12\/swiftask_tmprnk36wzc.jpg\" class=\"attachment-large size-large wp-image-42128\" alt=\"Agriculture de pr\u00e9cision\" srcset=\"https:\/\/richeskarayib.com\/wp-content\/uploads\/2024\/12\/swiftask_tmprnk36wzc.jpg 1024w, https:\/\/richeskarayib.com\/wp-content\/uploads\/2024\/12\/swiftask_tmprnk36wzc-300x300.jpg 300w, https:\/\/richeskarayib.com\/wp-content\/uploads\/2024\/12\/swiftask_tmprnk36wzc-150x150.jpg 150w, https:\/\/richeskarayib.com\/wp-content\/uploads\/2024\/12\/swiftask_tmprnk36wzc-768x768.jpg 768w\" sizes=\"(max-width: 800px) 100vw, 800px\" \/>\t\t\t\t\t\t\t\t\t\t\t<figcaption class=\"widget-image-caption wp-caption-text\">Agriculture de pr\u00e9cision<\/figcaption>\n\t\t\t\t\t\t\t\t\t\t<\/figure>\n\t\t\t\t\t\t\t\t\t<\/div>\n\t\t\t\t<\/div>\n\t\t\t\t\t<\/div>\n\t\t<\/div>\n\t\t\t\t\t<\/div>\n\t\t<\/section>\n\t\t\t\t\t<\/div>\n\t\t<\/div>\n\t\t\t\t\t<\/div>\n\t\t<\/section>\n\t\t\t\t<section class=\"elementor-section elementor-top-section elementor-element elementor-element-619d32c elementor-section-boxed elementor-section-height-default elementor-section-height-default\" data-id=\"619d32c\" data-element_type=\"section\">\n\t\t\t\t\t\t<div class=\"elementor-container elementor-column-gap-default\">\n\t\t\t\t\t<div class=\"elementor-column elementor-col-100 elementor-top-column elementor-element elementor-element-93c01e8\" data-id=\"93c01e8\" data-element_type=\"column\">\n\t\t\t<div class=\"elementor-widget-wrap elementor-element-populated\">\n\t\t\t\t\t\t<div class=\"elementor-element elementor-element-14c6bfb elementor-widget elementor-widget-text-editor\" data-id=\"14c6bfb\" data-element_type=\"widget\" data-widget_type=\"text-editor.default\">\n\t\t\t\t<div class=\"elementor-widget-container\">\n\t\t\t\t\t\t\t\t\t<p><span style=\"font-weight: 400;\">L&#8217;atelier organis\u00e9 par le Minist\u00e8re de l&#8217;agriculture de la Barbade et la FAO a constitu\u00e9 une \u00e9tape cruciale dans l&#8217;am\u00e9lioration de &#8220;<\/span><b>l&#8217;agriculture de pr\u00e9cision \u00e0 la Barbade<\/b><span style=\"font-weight: 400;\">.<strong>&#8220;<\/strong> En unissant les efforts des experts et des parties prenantes, cet \u00e9v\u00e9nement a ouvert la voie \u00e0 une agriculture plus durable et plus productive, garantissant ainsi un meilleur avenir aux agriculteurs et aux consommateurs de la Cara\u00efbe. <\/span><\/p>\t\t\t\t\t\t\t\t<\/div>\n\t\t\t\t<\/div>\n\t\t\t\t<div class=\"elementor-element elementor-element-5232258 elementor-widget elementor-widget-text-editor\" data-id=\"5232258\" data-element_type=\"widget\" data-widget_type=\"text-editor.default\">\n\t\t\t\t<div class=\"elementor-widget-container\">\n\t\t\t\t\t\t\t\t\t<p><span style=\"font-weight: 400;\">En r\u00e9sum\u00e9, l&#8217;int\u00e9gration des pratiques d&#8217;agriculture de pr\u00e9cision repr\u00e9sente non seulement une opportunit\u00e9 d&#8217;accro\u00eetre la productivit\u00e9, mais aussi un engagement en faveur de la durabilit\u00e9 et de la s\u00e9curit\u00e9 alimentaire \u00e0 la Barbade. Nous encourageons toutes les parties int\u00e9ress\u00e9es \u00e0 r\u00e9fl\u00e9chir sur les connaissances acquises au cours de cet atelier afin d&#8217;explorer davantage le potentiel de l&#8217;agriculture de pr\u00e9cision dans la transformation du paysage agricole de la r\u00e9gion. <\/span><\/p>\t\t\t\t\t\t\t\t<\/div>\n\t\t\t\t<\/div>\n\t\t\t\t\t<\/div>\n\t\t<\/div>\n\t\t\t\t\t<\/div>\n\t\t<\/section>\n\t\t\t\t<\/div>\n\t\t","protected":false},"excerpt":{"rendered":"<p>Le minist\u00e8re de l&#8217;agriculture de la Barbade Minist\u00e8re de l&#8217;agriculture de la Barbadeen partenariat avec l&#8217;Organisation des Nations Unies pour l&#8217;alimentation et l&#8217;agriculture (FAO), a organis\u00e9 un atelier sur le th\u00e8me de l&#8217;optimisation de la production agricole gr\u00e2ce \u00e0 des syst\u00e8mes num\u00e9riques de gestion des cultures de haute pr\u00e9cision. &#8220;Optimiser la production agricole gr\u00e2ce \u00e0 [&hellip;]<\/p>\n","protected":false},"author":400,"featured_media":42124,"comment_status":"open","ping_status":"open","sticky":false,"template":"","format":"standard","meta":{"_acf_changed":false,"footnotes":""},"categories":[840],"tags":[833],"class_list":["post-42359","post","type-post","status-publish","format-standard","has-post-thumbnail","hentry","category-actus","tag-barbados-fr"],"acf":[],"_links":{"self":[{"href":"https:\/\/richeskarayib.com\/fr\/wp-json\/wp\/v2\/posts\/42359","targetHints":{"allow":["GET"]}}],"collection":[{"href":"https:\/\/richeskarayib.com\/fr\/wp-json\/wp\/v2\/posts"}],"about":[{"href":"https:\/\/richeskarayib.com\/fr\/wp-json\/wp\/v2\/types\/post"}],"author":[{"embeddable":true,"href":"https:\/\/richeskarayib.com\/fr\/wp-json\/wp\/v2\/users\/400"}],"replies":[{"embeddable":true,"href":"https:\/\/richeskarayib.com\/fr\/wp-json\/wp\/v2\/comments?post=42359"}],"version-history":[{"count":0,"href":"https:\/\/richeskarayib.com\/fr\/wp-json\/wp\/v2\/posts\/42359\/revisions"}],"wp:featuredmedia":[{"embeddable":true,"href":"https:\/\/richeskarayib.com\/fr\/wp-json\/wp\/v2\/media\/42124"}],"wp:attachment":[{"href":"https:\/\/richeskarayib.com\/fr\/wp-json\/wp\/v2\/media?parent=42359"}],"wp:term":[{"taxonomy":"category","embeddable":true,"href":"https:\/\/richeskarayib.com\/fr\/wp-json\/wp\/v2\/categories?post=42359"},{"taxonomy":"post_tag","embeddable":true,"href":"https:\/\/richeskarayib.com\/fr\/wp-json\/wp\/v2\/tags?post=42359"}],"curies":[{"name":"wp","href":"https:\/\/api.w.org\/{rel}","templated":true}]}}