{"id":42365,"date":"2024-12-11T14:00:20","date_gmt":"2024-12-11T14:00:20","guid":{"rendered":"https:\/\/richeskarayib.com\/?p=42365"},"modified":"2024-12-11T17:42:43","modified_gmt":"2024-12-11T17:42:43","slug":"corsair-et-air-inter-iles-article-de-blog-rk","status":"publish","type":"post","link":"https:\/\/richeskarayib.com\/fr\/corsair-et-air-inter-iles-article-de-blog-rk\/","title":{"rendered":"Corsair et Air Inter Iles : Voyage \u00c9blouissant vers Saint-Barth\u00e9lemy"},"content":{"rendered":"\t\t<div data-elementor-type=\"wp-post\" data-elementor-id=\"42365\" class=\"elementor elementor-42365\" data-elementor-post-type=\"post\">\n\t\t\t\t\t\t<section class=\"elementor-section elementor-top-section elementor-element elementor-element-b0ccd15 elementor-section-boxed elementor-section-height-default elementor-section-height-default\" data-id=\"b0ccd15\" data-element_type=\"section\">\n\t\t\t\t\t\t<div class=\"elementor-container elementor-column-gap-default\">\n\t\t\t\t\t<div class=\"elementor-column elementor-col-100 elementor-top-column elementor-element elementor-element-99dbec5\" data-id=\"99dbec5\" data-element_type=\"column\">\n\t\t\t<div class=\"elementor-widget-wrap elementor-element-populated\">\n\t\t\t\t\t\t<section class=\"elementor-section elementor-inner-section elementor-element elementor-element-23cdfd9 elementor-section-boxed elementor-section-height-default elementor-section-height-default\" data-id=\"23cdfd9\" data-element_type=\"section\">\n\t\t\t\t\t\t<div class=\"elementor-container elementor-column-gap-default\">\n\t\t\t\t\t<div class=\"elementor-column elementor-col-100 elementor-inner-column elementor-element elementor-element-50d8ace\" data-id=\"50d8ace\" data-element_type=\"column\">\n\t\t\t<div class=\"elementor-widget-wrap elementor-element-populated\">\n\t\t\t\t\t\t<div class=\"elementor-element elementor-element-4df4d99 elementor-widget elementor-widget-text-editor\" data-id=\"4df4d99\" data-element_type=\"widget\" data-widget_type=\"text-editor.default\">\n\t\t\t\t<div class=\"elementor-widget-container\">\n\t\t\t\t\t\t\t\t\t<p><span style=\"font-weight: 400;\">Le 9 d\u00e9cembre 2024, la compagnie a\u00e9rienne <\/span><a href=\"https:\/\/www.air-journal.fr\/2024-12-10-corsair-etend-son-reseau-sur-saint-barthelemy-5259677.html\" target=\"_blank\" rel=\"noopener nofollow\"><b>Corsair et Air Inter Iles<\/b><\/a><span style=\"font-weight: 400;\"> a annonc\u00e9 un partenariat strat\u00e9gique, marquant une avanc\u00e9e majeure dans l&#8217;acc\u00e8s \u00e0 <\/span><b>Saint-Barth\u00e9lemy<\/b><span style=\"font-weight: 400;\"> depuis Paris. \u00c0 partir du 15 d\u00e9cembre 2024, les voyageurs auront l&#8217;opportunit\u00e9 de b\u00e9n\u00e9ficier d\u2019une connexion simplifi\u00e9e, tout en profitant d\u2019un service haut de gamme et d&#8217;un tarif pr\u00e9f\u00e9rentiel. Cet article explore en profondeur les d\u00e9tails de cette collaboration entre <\/span><b>Corsair et Air Inter Iles<\/b><span style=\"font-weight: 400;\">, son impact sur le voyage vers cette destination pris\u00e9e, ainsi que les avantages qu&#8217;elle offre aux passagers.<\/span><\/p>\t\t\t\t\t\t\t\t<\/div>\n\t\t\t\t<\/div>\n\t\t\t\t\t<\/div>\n\t\t<\/div>\n\t\t\t\t\t<\/div>\n\t\t<\/section>\n\t\t\t\t\t<\/div>\n\t\t<\/div>\n\t\t\t\t\t<\/div>\n\t\t<\/section>\n\t\t\t\t<section class=\"elementor-section elementor-top-section elementor-element elementor-element-1389640 elementor-section-boxed elementor-section-height-default elementor-section-height-default\" data-id=\"1389640\" data-element_type=\"section\">\n\t\t\t\t\t\t<div class=\"elementor-container elementor-column-gap-default\">\n\t\t\t\t\t<div class=\"elementor-column elementor-col-100 elementor-top-column elementor-element elementor-element-62f5301\" data-id=\"62f5301\" data-element_type=\"column\">\n\t\t\t<div class=\"elementor-widget-wrap elementor-element-populated\">\n\t\t\t\t\t\t<div class=\"elementor-element elementor-element-07fed6e elementor-widget elementor-widget-heading\" data-id=\"07fed6e\" data-element_type=\"widget\" data-widget_type=\"heading.default\">\n\t\t\t\t<div class=\"elementor-widget-container\">\n\t\t\t\t\t<h2 class=\"elementor-heading-title elementor-size-default\">Un Partenariat Strat\u00e9gique avec Corsair et Air Inter Iles<\/h2>\t\t\t\t<\/div>\n\t\t\t\t<\/div>\n\t\t\t\t<div class=\"elementor-element elementor-element-5a71e13 elementor-widget elementor-widget-text-editor\" data-id=\"5a71e13\" data-element_type=\"widget\" data-widget_type=\"text-editor.default\">\n\t\t\t\t<div class=\"elementor-widget-container\">\n\t\t\t\t\t\t\t\t\t<p><span style=\"font-weight: 400;\">L&#8217;accord sign\u00e9 entre <\/span><b><a href=\"https:\/\/www.flycorsair.com\/fr\/destinations\/antilles\/envolez-vous-pour-lile-saint-barthelemy\" target=\"_blank\" rel=\"noopener nofollow\">Corsair et Air Inter Ile<\/a><a href=\"https:\/\/www.flycorsair.com\/fr\/destinations\/antilles\/envolez-vous-pour-lile-saint-barthelemy\" target=\"_blank\" rel=\"noopener nofollow\">s<\/a><\/b><span style=\"font-weight: 400;\"> s&#8217;inscrit dans une volont\u00e9 commune d&#8217;am\u00e9liorer la connectivit\u00e9 entre l&#8217;hexagone et l&#8217;\u00eele de <\/span><a href=\"https:\/\/richeskarayib.com\/fr\/definir-les-caraibes\/\" target=\"_blank\" rel=\"noopener\"><b>Saint-Barth\u00e9lemy<\/b><\/a><span style=\"font-weight: 400;\">, une destination merveilleuse qui attire chaque ann\u00e9e des milliers de touristes. En particulier, la p\u00e9riode des f\u00eates de fin d&#8217;ann\u00e9e est un moment de forte affluence, o\u00f9 les voyageurs cherchent des moyens pratiques et confortables d&#8217;atteindre cette \u00eele pris\u00e9e.<\/span><\/p>\t\t\t\t\t\t\t\t<\/div>\n\t\t\t\t<\/div>\n\t\t\t\t\t<\/div>\n\t\t<\/div>\n\t\t\t\t\t<\/div>\n\t\t<\/section>\n\t\t\t\t<section class=\"elementor-section elementor-top-section elementor-element elementor-element-a7a4b32 elementor-section-boxed elementor-section-height-default elementor-section-height-default\" data-id=\"a7a4b32\" data-element_type=\"section\">\n\t\t\t\t\t\t<div class=\"elementor-container elementor-column-gap-default\">\n\t\t\t\t\t<div class=\"elementor-column elementor-col-100 elementor-top-column elementor-element elementor-element-f79b573\" data-id=\"f79b573\" data-element_type=\"column\">\n\t\t\t<div class=\"elementor-widget-wrap elementor-element-populated\">\n\t\t\t\t\t\t<div class=\"elementor-element elementor-element-c00f5b2 elementor-widget elementor-widget-heading\" data-id=\"c00f5b2\" data-element_type=\"widget\" data-widget_type=\"heading.default\">\n\t\t\t\t<div class=\"elementor-widget-container\">\n\t\t\t\t\t<h2 class=\"elementor-heading-title elementor-size-default\">Une Connexion Simplifi\u00e9e avec Corsair et Air Inter Iles\n<\/h2>\t\t\t\t<\/div>\n\t\t\t\t<\/div>\n\t\t\t\t<section class=\"elementor-section elementor-inner-section elementor-element elementor-element-cbfae60 elementor-section-boxed elementor-section-height-default elementor-section-height-default\" data-id=\"cbfae60\" data-element_type=\"section\">\n\t\t\t\t\t\t<div class=\"elementor-container elementor-column-gap-default\">\n\t\t\t\t\t<div class=\"elementor-column elementor-col-100 elementor-inner-column elementor-element elementor-element-ef4f05d\" data-id=\"ef4f05d\" data-element_type=\"column\">\n\t\t\t<div class=\"elementor-widget-wrap elementor-element-populated\">\n\t\t\t\t\t\t<div class=\"elementor-element elementor-element-3181f9e elementor-widget elementor-widget-text-editor\" data-id=\"3181f9e\" data-element_type=\"widget\" data-widget_type=\"text-editor.default\">\n\t\t\t\t<div class=\"elementor-widget-container\">\n\t\t\t\t\t\t\t\t\t<p><span style=\"font-weight: 400;\">D\u00e8s le 15 d\u00e9cembre 2024, les passagers au d\u00e9part de Paris-Orly auront la possibilit\u00e9 de r\u00e9aliser leur premier tron\u00e7on de voyage \u00e0 bord d&#8217;un A330neo de <\/span><b>Corsair<\/b><span style=\"font-weight: 400;\">, direction Pointe-\u00e0-Pitre. Une fois arriv\u00e9s \u00e0 Pointe-\u00e0-Pitre, ils b\u00e9n\u00e9ficieront d&#8217;un transfert rapide et personnalis\u00e9 vers <\/span><a href=\"https:\/\/richeskarayib.com\/fr\/rapport-special-partie-4-2020-2023-les-tresors-culturels-des-caraibes-patrimoine-immateriel-reconnu-par-lunesco\/\" target=\"_blank\" rel=\"noopener\"><b>Saint-Barth\u00e9lemy<\/b><\/a><span style=\"font-weight: 400;\">, \u00e0 bord d&#8217;un appareil Tecnam P2012 d\u2019<\/span><b>Air Inter Iles<\/b><span style=\"font-weight: 400;\">. <\/span><\/p>\t\t\t\t\t\t\t\t<\/div>\n\t\t\t\t<\/div>\n\t\t\t\t\t<\/div>\n\t\t<\/div>\n\t\t\t\t\t<\/div>\n\t\t<\/section>\n\t\t\t\t<section class=\"elementor-section elementor-inner-section elementor-element elementor-element-a24e32c elementor-section-boxed elementor-section-height-default elementor-section-height-default\" data-id=\"a24e32c\" data-element_type=\"section\">\n\t\t\t\t\t\t<div class=\"elementor-container elementor-column-gap-default\">\n\t\t\t\t\t<div class=\"elementor-column elementor-col-100 elementor-inner-column elementor-element elementor-element-31f95b2\" data-id=\"31f95b2\" data-element_type=\"column\">\n\t\t\t<div class=\"elementor-widget-wrap elementor-element-populated\">\n\t\t\t\t\t\t<div class=\"elementor-element elementor-element-0e46832 elementor-widget elementor-widget-text-editor\" data-id=\"0e46832\" data-element_type=\"widget\" data-widget_type=\"text-editor.default\">\n\t\t\t\t<div class=\"elementor-widget-container\">\n\t\t\t\t\t\t\t\t\t<p><span style=\"font-weight: 400;\">Ce mod\u00e8le d&#8217;avion a \u00e9t\u00e9 choisi par <b>Corsair et Air Inter Iles <\/b>pour ses normes de confort et de s\u00e9curit\u00e9, renfor\u00e7ant ainsi l&#8217;engagement des deux compagnies envers une exp\u00e9rience de voyage de qualit\u00e9.<\/span><\/p><p><span style=\"font-weight: 400;\">Cette approche int\u00e9gr\u00e9e vise \u00e0 offrir une fluidit\u00e9 in\u00e9gal\u00e9e pour les passagers. Les horaires de correspondance ont \u00e9t\u00e9 soigneusement \u00e9tablis pour garantir que les voyageurs aient suffisamment de temps pour effectuer leur transfert, tout en minimisant les temps d&#8217;attente. <\/span><\/p>\t\t\t\t\t\t\t\t<\/div>\n\t\t\t\t<\/div>\n\t\t\t\t<div class=\"elementor-element elementor-element-f673228 elementor-widget elementor-widget-text-editor\" data-id=\"f673228\" data-element_type=\"widget\" data-widget_type=\"text-editor.default\">\n\t\t\t\t<div class=\"elementor-widget-container\">\n\t\t\t\t\t\t\t\t\t<p><span style=\"font-weight: 400;\">Les passagers peuvent ainsi se concentrer sur leur voyage, sans avoir \u00e0 se soucier des tracas logistiques. De plus, la gestion des bagages sera \u00e9galement simplifi\u00e9e, permettant aux voyageurs de se d\u00e9placer sans souci de devoir r\u00e9cup\u00e9rer leurs bagages \u00e0 Pointe-\u00e0-Pitre.<\/span><\/p>\t\t\t\t\t\t\t\t<\/div>\n\t\t\t\t<\/div>\n\t\t\t\t\t<\/div>\n\t\t<\/div>\n\t\t\t\t\t<\/div>\n\t\t<\/section>\n\t\t\t\t\t<\/div>\n\t\t<\/div>\n\t\t\t\t\t<\/div>\n\t\t<\/section>\n\t\t\t\t<section class=\"elementor-section elementor-top-section elementor-element elementor-element-a95c33f elementor-section-boxed elementor-section-height-default elementor-section-height-default\" data-id=\"a95c33f\" data-element_type=\"section\">\n\t\t\t\t\t\t<div class=\"elementor-container elementor-column-gap-default\">\n\t\t\t\t\t<div class=\"elementor-column elementor-col-100 elementor-top-column elementor-element elementor-element-d2ff6a2\" data-id=\"d2ff6a2\" data-element_type=\"column\">\n\t\t\t<div class=\"elementor-widget-wrap elementor-element-populated\">\n\t\t\t\t\t\t<div class=\"elementor-element elementor-element-8de7f5e elementor-widget elementor-widget-heading\" data-id=\"8de7f5e\" data-element_type=\"widget\" data-widget_type=\"heading.default\">\n\t\t\t\t<div class=\"elementor-widget-container\">\n\t\t\t\t\t<h2 class=\"elementor-heading-title elementor-size-default\">Un Service Haut de Gamme<\/h2>\t\t\t\t<\/div>\n\t\t\t\t<\/div>\n\t\t\t\t<section class=\"elementor-section elementor-inner-section elementor-element elementor-element-72ef417 elementor-section-boxed elementor-section-height-default elementor-section-height-default\" data-id=\"72ef417\" data-element_type=\"section\">\n\t\t\t\t\t\t<div class=\"elementor-container elementor-column-gap-default\">\n\t\t\t\t\t<div class=\"elementor-column elementor-col-100 elementor-inner-column elementor-element elementor-element-4320b47\" data-id=\"4320b47\" data-element_type=\"column\">\n\t\t\t<div class=\"elementor-widget-wrap elementor-element-populated\">\n\t\t\t\t\t\t<div class=\"elementor-element elementor-element-a37caff elementor-widget elementor-widget-text-editor\" data-id=\"a37caff\" data-element_type=\"widget\" data-widget_type=\"text-editor.default\">\n\t\t\t\t<div class=\"elementor-widget-container\">\n\t\t\t\t\t\t\t\t\t<p><span style=\"font-weight: 400;\">Ce partenariat entre <\/span><a href=\"https:\/\/www.journaldesaintbarth.com\/actualites\/economie-entreprise\/un-partenariat-entre-la-compagnie-corsair-et-air-inter-iles-de-stbarth-executive-202412091930.html\" target=\"_blank\" rel=\"noopener nofollow\"><b>Corsair et Air Inter Iles<\/b><\/a><span style=\"font-weight: 400;\"> ne se limite pas \u00e0 une simple connexion entre deux destinations ; il s&#8217;inscrit dans un engagement plus large des compagnies a\u00e9riennes \u00e0 fournir une exp\u00e9rience de voyage haut de gamme. <\/span><b>Corsair<\/b><span style=\"font-weight: 400;\">, avec sa flotte enti\u00e8rement renouvel\u00e9e d&#8217;ici la fin de l&#8217;ann\u00e9e 2024, sera compos\u00e9e de 9 A330neo modernes. <\/span><\/p>\t\t\t\t\t\t\t\t<\/div>\n\t\t\t\t<\/div>\n\t\t\t\t\t<\/div>\n\t\t<\/div>\n\t\t\t\t\t<\/div>\n\t\t<\/section>\n\t\t\t\t<section class=\"elementor-section elementor-inner-section elementor-element elementor-element-82e08b2 elementor-section-boxed elementor-section-height-default elementor-section-height-default\" data-id=\"82e08b2\" data-element_type=\"section\">\n\t\t\t\t\t\t<div class=\"elementor-container elementor-column-gap-default\">\n\t\t\t\t\t<div class=\"elementor-column elementor-col-100 elementor-inner-column elementor-element elementor-element-f0392f8\" data-id=\"f0392f8\" data-element_type=\"column\">\n\t\t\t<div class=\"elementor-widget-wrap elementor-element-populated\">\n\t\t\t\t\t\t<div class=\"elementor-element elementor-element-e6c3952 elementor-widget elementor-widget-text-editor\" data-id=\"e6c3952\" data-element_type=\"widget\" data-widget_type=\"text-editor.default\">\n\t\t\t\t<div class=\"elementor-widget-container\">\n\t\t\t\t\t\t\t\t\t<p><span style=\"font-weight: 400;\">Ces avions, d&#8217;une moyenne d&#8217;\u00e2ge de deux ans, sont con\u00e7us pour offrir un confort accru, avec des si\u00e8ges ergonomiques, un syst\u00e8me de divertissement \u00e0 bord et un service attentionn\u00e9, garantissant ainsi que chaque passager profite de son voyage.<\/span><\/p>\n<p><span style=\"font-weight: 400;\">Du c\u00f4t\u00e9 d&#8217;<\/span><b>Air Inter Iles<\/b><span style=\"font-weight: 400;\">, la flotte se compose de Tecnam P2012 neufs, qui r\u00e9pondent aux derniers standards de confort et de s\u00e9curit\u00e9.<\/span><\/p>\t\t\t\t\t\t\t\t<\/div>\n\t\t\t\t<\/div>\n\t\t\t\t<div class=\"elementor-element elementor-element-35140b0 elementor-widget elementor-widget-text-editor\" data-id=\"35140b0\" data-element_type=\"widget\" data-widget_type=\"text-editor.default\">\n\t\t\t\t<div class=\"elementor-widget-container\">\n\t\t\t\t\t\t\t\t\t<p><span style=\"font-weight: 400;\">\u00a0Ces avions l\u00e9gers sont id\u00e9aux pour les courtes distances, offrant une exp\u00e9rience de vol agr\u00e9able. Ce service de navette a \u00e9t\u00e9 pens\u00e9 pour offrir une exp\u00e9rience fluide et agr\u00e9able, permettant aux passagers de passer le moins de temps possible en transit.<\/span><\/p>\t\t\t\t\t\t\t\t<\/div>\n\t\t\t\t<\/div>\n\t\t\t\t<section class=\"elementor-section elementor-inner-section elementor-element elementor-element-3a3bc51 elementor-section-boxed elementor-section-height-default elementor-section-height-default\" data-id=\"3a3bc51\" data-element_type=\"section\">\n\t\t\t\t\t\t<div class=\"elementor-container elementor-column-gap-default\">\n\t\t\t\t\t<div class=\"elementor-column elementor-col-100 elementor-inner-column elementor-element elementor-element-d2c5167\" data-id=\"d2c5167\" data-element_type=\"column\">\n\t\t\t<div class=\"elementor-widget-wrap elementor-element-populated\">\n\t\t\t\t\t\t<div class=\"elementor-element elementor-element-60c5eb8 elementor-widget elementor-widget-image\" data-id=\"60c5eb8\" data-element_type=\"widget\" data-widget_type=\"image.default\">\n\t\t\t\t<div class=\"elementor-widget-container\">\n\t\t\t\t\t\t\t\t\t\t\t\t<figure class=\"wp-caption\">\n\t\t\t\t\t\t\t\t\t\t<img fetchpriority=\"high\" decoding=\"async\" width=\"655\" height=\"436\" src=\"https:\/\/richeskarayib.com\/wp-content\/uploads\/2024\/12\/Source-Le-Journal-de-Saint-Barth-1.jpg\" class=\"attachment-large size-large wp-image-42370\" alt=\"Corsair and Air Inter Iles\" srcset=\"https:\/\/richeskarayib.com\/wp-content\/uploads\/2024\/12\/Source-Le-Journal-de-Saint-Barth-1.jpg 655w, https:\/\/richeskarayib.com\/wp-content\/uploads\/2024\/12\/Source-Le-Journal-de-Saint-Barth-1-300x200.jpg 300w\" sizes=\"(max-width: 655px) 100vw, 655px\" \/>\t\t\t\t\t\t\t\t\t\t\t<figcaption class=\"widget-image-caption wp-caption-text\">Corsair and Air Inter Iles\n\nSource: Le Journal de Saint-Barth<\/figcaption>\n\t\t\t\t\t\t\t\t\t\t<\/figure>\n\t\t\t\t\t\t\t\t\t<\/div>\n\t\t\t\t<\/div>\n\t\t\t\t\t<\/div>\n\t\t<\/div>\n\t\t\t\t\t<\/div>\n\t\t<\/section>\n\t\t\t\t\t<\/div>\n\t\t<\/div>\n\t\t\t\t\t<\/div>\n\t\t<\/section>\n\t\t\t\t\t<\/div>\n\t\t<\/div>\n\t\t\t\t\t<\/div>\n\t\t<\/section>\n\t\t\t\t<section class=\"elementor-section elementor-top-section elementor-element elementor-element-caeb838 elementor-section-boxed elementor-section-height-default elementor-section-height-default\" data-id=\"caeb838\" data-element_type=\"section\">\n\t\t\t\t\t\t<div class=\"elementor-container elementor-column-gap-default\">\n\t\t\t\t\t<div class=\"elementor-column elementor-col-100 elementor-top-column elementor-element elementor-element-3c1d298\" data-id=\"3c1d298\" data-element_type=\"column\">\n\t\t\t<div class=\"elementor-widget-wrap elementor-element-populated\">\n\t\t\t\t\t\t<div class=\"elementor-element elementor-element-d63a844 elementor-widget elementor-widget-heading\" data-id=\"d63a844\" data-element_type=\"widget\" data-widget_type=\"heading.default\">\n\t\t\t\t<div class=\"elementor-widget-container\">\n\t\t\t\t\t<h2 class=\"elementor-heading-title elementor-size-default\">Une Attention Particuli\u00e8re aux D\u00e9tails<\/h2>\t\t\t\t<\/div>\n\t\t\t\t<\/div>\n\t\t\t\t<section class=\"elementor-section elementor-inner-section elementor-element elementor-element-f85b5a2 elementor-section-boxed elementor-section-height-default elementor-section-height-default\" data-id=\"f85b5a2\" data-element_type=\"section\">\n\t\t\t\t\t\t<div class=\"elementor-container elementor-column-gap-default\">\n\t\t\t\t\t<div class=\"elementor-column elementor-col-100 elementor-inner-column elementor-element elementor-element-b1dcaf3\" data-id=\"b1dcaf3\" data-element_type=\"column\">\n\t\t\t<div class=\"elementor-widget-wrap elementor-element-populated\">\n\t\t\t\t\t\t<div class=\"elementor-element elementor-element-89d8dd8 elementor-widget elementor-widget-text-editor\" data-id=\"89d8dd8\" data-element_type=\"widget\" data-widget_type=\"text-editor.default\">\n\t\t\t\t<div class=\"elementor-widget-container\">\n\t\t\t\t\t\t\t\t\t<p><span style=\"font-weight: 400;\">Dans cette optique d&#8217;am\u00e9lioration de l&#8217;exp\u00e9rience client, les deux compagnies, <\/span><b>Corsair et Air Inter Iles<\/b><span style=\"font-weight: 400;\">, ont mis en place une s\u00e9rie de services suppl\u00e9mentaires. Par exemple, les passagers auront acc\u00e8s \u00e0 des salons d&#8217;attente exclusifs \u00e0 l&#8217;a\u00e9roport, o\u00f9 ils pourront se d\u00e9tendre avant leur vol. Des options de restauration de qualit\u00e9 seront \u00e9galement disponibles pour rendre l&#8217;attente plus agr\u00e9able. <\/span><\/p>\t\t\t\t\t\t\t\t<\/div>\n\t\t\t\t<\/div>\n\t\t\t\t\t<\/div>\n\t\t<\/div>\n\t\t\t\t\t<\/div>\n\t\t<\/section>\n\t\t\t\t<section class=\"elementor-section elementor-inner-section elementor-element elementor-element-4f5d78e elementor-section-boxed elementor-section-height-default elementor-section-height-default\" data-id=\"4f5d78e\" data-element_type=\"section\">\n\t\t\t\t\t\t<div class=\"elementor-container elementor-column-gap-default\">\n\t\t\t\t\t<div class=\"elementor-column elementor-col-100 elementor-inner-column elementor-element elementor-element-b236bce\" data-id=\"b236bce\" data-element_type=\"column\">\n\t\t\t<div class=\"elementor-widget-wrap elementor-element-populated\">\n\t\t\t\t\t\t<div class=\"elementor-element elementor-element-ff8c660 elementor-widget elementor-widget-text-editor\" data-id=\"ff8c660\" data-element_type=\"widget\" data-widget_type=\"text-editor.default\">\n\t\t\t\t<div class=\"elementor-widget-container\">\n\t\t\t\t\t\t\t\t\t<p><span style=\"font-weight: 400;\">De plus, un service d&#8217;assistance personnalis\u00e9 sera mis \u00e0 disposition pour aider les voyageurs, qu&#8217;il s&#8217;agisse de g\u00e9rer des exigences alimentaires sp\u00e9cifiques ou d&#8217;organiser des transferts suppl\u00e9mentaires \u00e0 leur arriv\u00e9e \u00e0 <\/span><b>Saint-Barth\u00e9lemy<\/b><span style=\"font-weight: 400;\">.<\/span><\/p>\t\t\t\t\t\t\t\t<\/div>\n\t\t\t\t<\/div>\n\t\t\t\t\t<\/div>\n\t\t<\/div>\n\t\t\t\t\t<\/div>\n\t\t<\/section>\n\t\t\t\t\t<\/div>\n\t\t<\/div>\n\t\t\t\t\t<\/div>\n\t\t<\/section>\n\t\t\t\t<section class=\"elementor-section elementor-top-section elementor-element elementor-element-469889a elementor-section-boxed elementor-section-height-default elementor-section-height-default\" data-id=\"469889a\" data-element_type=\"section\">\n\t\t\t\t\t\t<div class=\"elementor-container elementor-column-gap-default\">\n\t\t\t\t\t<div class=\"elementor-column elementor-col-100 elementor-top-column elementor-element elementor-element-2be7b06\" data-id=\"2be7b06\" data-element_type=\"column\">\n\t\t\t<div class=\"elementor-widget-wrap elementor-element-populated\">\n\t\t\t\t\t\t<div class=\"elementor-element elementor-element-942c07f elementor-widget elementor-widget-heading\" data-id=\"942c07f\" data-element_type=\"widget\" data-widget_type=\"heading.default\">\n\t\t\t\t<div class=\"elementor-widget-container\">\n\t\t\t\t\t<h2 class=\"elementor-heading-title elementor-size-default\">Un Tarif Pr\u00e9f\u00e9rentiel avec Corsair et Air Inter Iles<\/h2>\t\t\t\t<\/div>\n\t\t\t\t<\/div>\n\t\t\t\t<section class=\"elementor-section elementor-inner-section elementor-element elementor-element-9836a64 elementor-section-boxed elementor-section-height-default elementor-section-height-default\" data-id=\"9836a64\" data-element_type=\"section\">\n\t\t\t\t\t\t<div class=\"elementor-container elementor-column-gap-default\">\n\t\t\t\t\t<div class=\"elementor-column elementor-col-100 elementor-inner-column elementor-element elementor-element-2f56104\" data-id=\"2f56104\" data-element_type=\"column\">\n\t\t\t<div class=\"elementor-widget-wrap elementor-element-populated\">\n\t\t\t\t\t\t<div class=\"elementor-element elementor-element-d429bac elementor-widget elementor-widget-text-editor\" data-id=\"d429bac\" data-element_type=\"widget\" data-widget_type=\"text-editor.default\">\n\t\t\t\t<div class=\"elementor-widget-container\">\n\t\t\t\t\t\t\t\t\t<p><span style=\"font-weight: 400;\">L&#8217;un des aspects les plus attrayants de cette nouvelle offre est le tarif pr\u00e9f\u00e9rentiel de bout-en-bout. Les clients pourront r\u00e9server l&#8217;ensemble de leur voyage avec une seule r\u00e9servation, ce qui simplifie consid\u00e9rablement le processus d&#8217;achat. De plus, cela permet de b\u00e9n\u00e9ficier d&#8217;un tarif avantageux, rendant cette offre encore plus s\u00e9duisante. Cette approche de r\u00e9servation unique r\u00e9pond \u00e0 une demande croissante des voyageurs pour des solutions de transport a\u00e9rien adapt\u00e9es \u00e0 leurs besoins.<\/span><\/p>\t\t\t\t\t\t\t\t<\/div>\n\t\t\t\t<\/div>\n\t\t\t\t\t<\/div>\n\t\t<\/div>\n\t\t\t\t\t<\/div>\n\t\t<\/section>\n\t\t\t\t<section class=\"elementor-section elementor-inner-section elementor-element elementor-element-dd42424 elementor-section-boxed elementor-section-height-default elementor-section-height-default\" data-id=\"dd42424\" data-element_type=\"section\">\n\t\t\t\t\t\t<div class=\"elementor-container elementor-column-gap-default\">\n\t\t\t\t\t<div class=\"elementor-column elementor-col-100 elementor-inner-column elementor-element elementor-element-380c746\" data-id=\"380c746\" data-element_type=\"column\">\n\t\t\t<div class=\"elementor-widget-wrap elementor-element-populated\">\n\t\t\t\t\t\t<div class=\"elementor-element elementor-element-840836c elementor-widget elementor-widget-text-editor\" data-id=\"840836c\" data-element_type=\"widget\" data-widget_type=\"text-editor.default\">\n\t\t\t\t<div class=\"elementor-widget-container\">\n\t\t\t\t\t\t\t\t\t<p><span style=\"font-weight: 400;\">Martine Haas, Directrice commerciale de <\/span><b>Corsair<\/b><span style=\"font-weight: 400;\">, a soulign\u00e9 l&#8217;importance de ce partenariat dans le contexte actuel du voyage a\u00e9rien : \u00ab Gr\u00e2ce \u00e0 ce partenariat avec <\/span><b>Air Inter Iles<\/b><span style=\"font-weight: 400;\">, nous enrichissons notre offre en permettant \u00e0 nos clients de rejoindre facilement <\/span><b>Saint-Barth\u00e9lemy<\/b><span style=\"font-weight: 400;\">, via Pointe-\u00e0-Pitre, destination tr\u00e8s pris\u00e9e notamment en fin d\u2019ann\u00e9e. Cet accord constitue un compl\u00e9ment tr\u00e8s attendu \u00e0 notre portefeuille de partenariats. \u00bb<\/span><\/p>\t\t\t\t\t\t\t\t<\/div>\n\t\t\t\t<\/div>\n\t\t\t\t\t<\/div>\n\t\t<\/div>\n\t\t\t\t\t<\/div>\n\t\t<\/section>\n\t\t\t\t\t<\/div>\n\t\t<\/div>\n\t\t\t\t\t<\/div>\n\t\t<\/section>\n\t\t\t\t<section class=\"elementor-section elementor-top-section elementor-element elementor-element-9d5455e elementor-section-boxed elementor-section-height-default elementor-section-height-default\" data-id=\"9d5455e\" data-element_type=\"section\">\n\t\t\t\t\t\t<div class=\"elementor-container elementor-column-gap-default\">\n\t\t\t\t\t<div class=\"elementor-column elementor-col-100 elementor-top-column elementor-element elementor-element-b05aeb8\" data-id=\"b05aeb8\" data-element_type=\"column\">\n\t\t\t<div class=\"elementor-widget-wrap elementor-element-populated\">\n\t\t\t\t\t\t<div class=\"elementor-element elementor-element-72fe94b elementor-widget elementor-widget-heading\" data-id=\"72fe94b\" data-element_type=\"widget\" data-widget_type=\"heading.default\">\n\t\t\t\t<div class=\"elementor-widget-container\">\n\t\t\t\t\t<h2 class=\"elementor-heading-title elementor-size-default\">Une R\u00e9ponse aux Besoins des Voyageurs<\/h2>\t\t\t\t<\/div>\n\t\t\t\t<\/div>\n\t\t\t\t<section class=\"elementor-section elementor-inner-section elementor-element elementor-element-c5a52a0 elementor-section-boxed elementor-section-height-default elementor-section-height-default\" data-id=\"c5a52a0\" data-element_type=\"section\">\n\t\t\t\t\t\t<div class=\"elementor-container elementor-column-gap-default\">\n\t\t\t\t\t<div class=\"elementor-column elementor-col-100 elementor-inner-column elementor-element elementor-element-2d2e033\" data-id=\"2d2e033\" data-element_type=\"column\">\n\t\t\t<div class=\"elementor-widget-wrap elementor-element-populated\">\n\t\t\t\t\t\t<div class=\"elementor-element elementor-element-d18a527 elementor-widget elementor-widget-text-editor\" data-id=\"d18a527\" data-element_type=\"widget\" data-widget_type=\"text-editor.default\">\n\t\t\t\t<div class=\"elementor-widget-container\">\n\t\t\t\t\t\t\t\t\t<p><span style=\"font-weight: 400;\">Ce partenariat entre <\/span><b>Corsair et Air Inter Iles<\/b><span style=\"font-weight: 400;\"> r\u00e9pond \u00e9galement aux nouvelles attentes des voyageurs, qui recherchent des solutions flexibles et adapt\u00e9es \u00e0 leurs besoins. La possibilit\u00e9 de r\u00e9server un voyage complet avec une seule r\u00e9servation est un atout majeur pour les passagers, qui n&#8217;ont plus \u00e0 jongler avec plusieurs billets et horaires. Cela simplifie non seulement le processus de r\u00e9servation, mais r\u00e9duit \u00e9galement le stress li\u00e9 aux voyages, en particulier lors de p\u00e9riodes de forte affluence.<\/span><\/p>\t\t\t\t\t\t\t\t<\/div>\n\t\t\t\t<\/div>\n\t\t\t\t\t<\/div>\n\t\t<\/div>\n\t\t\t\t\t<\/div>\n\t\t<\/section>\n\t\t\t\t\t<\/div>\n\t\t<\/div>\n\t\t\t\t\t<\/div>\n\t\t<\/section>\n\t\t\t\t<section class=\"elementor-section elementor-top-section elementor-element elementor-element-fa3f893 elementor-section-boxed elementor-section-height-default elementor-section-height-default\" data-id=\"fa3f893\" data-element_type=\"section\">\n\t\t\t\t\t\t<div class=\"elementor-container elementor-column-gap-default\">\n\t\t\t\t\t<div class=\"elementor-column elementor-col-100 elementor-top-column elementor-element elementor-element-84348b1\" data-id=\"84348b1\" data-element_type=\"column\">\n\t\t\t<div class=\"elementor-widget-wrap elementor-element-populated\">\n\t\t\t\t\t\t<div class=\"elementor-element elementor-element-8a8f93e elementor-widget elementor-widget-heading\" data-id=\"8a8f93e\" data-element_type=\"widget\" data-widget_type=\"heading.default\">\n\t\t\t\t<div class=\"elementor-widget-container\">\n\t\t\t\t\t<h2 class=\"elementor-heading-title elementor-size-default\">Une Strat\u00e9gie de D\u00e9veloppement<\/h2>\t\t\t\t<\/div>\n\t\t\t\t<\/div>\n\t\t\t\t<section class=\"elementor-section elementor-inner-section elementor-element elementor-element-ff68b7e elementor-section-boxed elementor-section-height-default elementor-section-height-default\" data-id=\"ff68b7e\" data-element_type=\"section\">\n\t\t\t\t\t\t<div class=\"elementor-container elementor-column-gap-default\">\n\t\t\t\t\t<div class=\"elementor-column elementor-col-100 elementor-inner-column elementor-element elementor-element-f56e7f0\" data-id=\"f56e7f0\" data-element_type=\"column\">\n\t\t\t<div class=\"elementor-widget-wrap elementor-element-populated\">\n\t\t\t\t\t\t<div class=\"elementor-element elementor-element-5455fcb elementor-widget elementor-widget-text-editor\" data-id=\"5455fcb\" data-element_type=\"widget\" data-widget_type=\"text-editor.default\">\n\t\t\t\t<div class=\"elementor-widget-container\">\n\t\t\t\t\t\t\t\t\t<p><span style=\"font-weight: 400;\">Ce partenariat s&#8217;inscrit dans une strat\u00e9gie de d\u00e9veloppement plus large pour les deux compagnies. Vincent Beauvarlet, Pr\u00e9sident de St. Barth Executive, a ajout\u00e9 : \u00ab Ce partenariat avec <\/span><b>Corsair<\/b><span style=\"font-weight: 400;\"> s\u2019inscrit dans notre ambition de connecter efficacement <\/span><b>Saint-Barth\u00e9lemy<\/b><span style=\"font-weight: 400;\"> au reste du monde tout en offrant une exp\u00e9rience de voyage fluide et haut de gamme. \u00bb Cela illustre la volont\u00e9 des deux compagnies de s&#8217;adapter aux exigences des voyageurs modernes, qui recherchent flexibilit\u00e9, confort et fluidit\u00e9.<\/span><\/p>\t\t\t\t\t\t\t\t<\/div>\n\t\t\t\t<\/div>\n\t\t\t\t<div class=\"elementor-element elementor-element-12bc409 elementor-widget elementor-widget-text-editor\" data-id=\"12bc409\" data-element_type=\"widget\" data-widget_type=\"text-editor.default\">\n\t\t\t\t<div class=\"elementor-widget-container\">\n\t\t\t\t\t\t\t\t\t<p><span style=\"font-weight: 400;\">Le march\u00e9 du transport a\u00e9rien est en constante \u00e9volution, et les compagnies doivent adapter leurs offres pour r\u00e9pondre aux attentes croissantes des consommateurs. En augmentant leur connectivit\u00e9 et en am\u00e9liorant la qualit\u00e9 de leur service, <\/span><b>Corsair et Air Inter Iles<\/b><span style=\"font-weight: 400;\"> s&#8217;assurent de rester comp\u00e9titifs tout en attirant une client\u00e8le de plus en plus exigeante.<\/span><\/p>\t\t\t\t\t\t\t\t<\/div>\n\t\t\t\t<\/div>\n\t\t\t\t\t<\/div>\n\t\t<\/div>\n\t\t\t\t\t<\/div>\n\t\t<\/section>\n\t\t\t\t\t<\/div>\n\t\t<\/div>\n\t\t\t\t\t<\/div>\n\t\t<\/section>\n\t\t\t\t<section class=\"elementor-section elementor-top-section elementor-element elementor-element-54a7ed9 elementor-section-boxed elementor-section-height-default elementor-section-height-default\" data-id=\"54a7ed9\" data-element_type=\"section\">\n\t\t\t\t\t\t<div class=\"elementor-container elementor-column-gap-default\">\n\t\t\t\t\t<div class=\"elementor-column elementor-col-100 elementor-top-column elementor-element elementor-element-ce42fc2\" data-id=\"ce42fc2\" data-element_type=\"column\">\n\t\t\t<div class=\"elementor-widget-wrap elementor-element-populated\">\n\t\t\t\t\t\t<div class=\"elementor-element elementor-element-fe51e2c elementor-widget elementor-widget-heading\" data-id=\"fe51e2c\" data-element_type=\"widget\" data-widget_type=\"heading.default\">\n\t\t\t\t<div class=\"elementor-widget-container\">\n\t\t\t\t\t<h2 class=\"elementor-heading-title elementor-size-default\">Un Impact sur le Tourisme \u00e0 Saint-Barth\u00e9lemy<\/h2>\t\t\t\t<\/div>\n\t\t\t\t<\/div>\n\t\t\t\t<section class=\"elementor-section elementor-inner-section elementor-element elementor-element-50100ac elementor-section-boxed elementor-section-height-default elementor-section-height-default\" data-id=\"50100ac\" data-element_type=\"section\">\n\t\t\t\t\t\t<div class=\"elementor-container elementor-column-gap-default\">\n\t\t\t\t\t<div class=\"elementor-column elementor-col-100 elementor-inner-column elementor-element elementor-element-3ebbc32\" data-id=\"3ebbc32\" data-element_type=\"column\">\n\t\t\t<div class=\"elementor-widget-wrap elementor-element-populated\">\n\t\t\t\t\t\t<div class=\"elementor-element elementor-element-7746983 elementor-widget elementor-widget-text-editor\" data-id=\"7746983\" data-element_type=\"widget\" data-widget_type=\"text-editor.default\">\n\t\t\t\t<div class=\"elementor-widget-container\">\n\t\t\t\t\t\t\t\t\t<p><span style=\"font-weight: 400;\">Cette nouvelle liaison devrait \u00e9galement avoir un impact significatif sur le tourisme \u00e0 <\/span><b>Saint-Barth\u00e9lemy<\/b><span style=\"font-weight: 400;\">. L&#8217;\u00eele, connue pour ses plages idylliques et son ambiance chic, attire des visiteurs du monde entier. Avec une accessibilit\u00e9 am\u00e9lior\u00e9e, on peut s&#8217;attendre \u00e0 une augmentation du nombre de touristes, ce qui pourrait stimuler l&#8217;\u00e9conomie locale. Les h\u00f4tels, restaurants et autres entreprises touristiques b\u00e9n\u00e9ficieront de l&#8217;augmentation du nombre de visiteurs, tout en maintenant les standards de qualit\u00e9 qui font la r\u00e9putation de l&#8217;\u00eele.<\/span><\/p>\t\t\t\t\t\t\t\t<\/div>\n\t\t\t\t<\/div>\n\t\t\t\t\t<\/div>\n\t\t<\/div>\n\t\t\t\t\t<\/div>\n\t\t<\/section>\n\t\t\t\t\t<\/div>\n\t\t<\/div>\n\t\t\t\t\t<\/div>\n\t\t<\/section>\n\t\t\t\t<section class=\"elementor-section elementor-top-section elementor-element elementor-element-b99215d elementor-section-boxed elementor-section-height-default elementor-section-height-default\" data-id=\"b99215d\" data-element_type=\"section\">\n\t\t\t\t\t\t<div class=\"elementor-container elementor-column-gap-default\">\n\t\t\t\t\t<div class=\"elementor-column elementor-col-100 elementor-top-column elementor-element elementor-element-d2d292d\" data-id=\"d2d292d\" data-element_type=\"column\">\n\t\t\t<div class=\"elementor-widget-wrap elementor-element-populated\">\n\t\t\t\t\t\t<section class=\"elementor-section elementor-inner-section elementor-element elementor-element-27e0b5a elementor-section-boxed elementor-section-height-default elementor-section-height-default\" data-id=\"27e0b5a\" data-element_type=\"section\">\n\t\t\t\t\t\t<div class=\"elementor-container elementor-column-gap-default\">\n\t\t\t\t\t<div class=\"elementor-column elementor-col-100 elementor-inner-column elementor-element elementor-element-dedbefb\" data-id=\"dedbefb\" data-element_type=\"column\">\n\t\t\t<div class=\"elementor-widget-wrap elementor-element-populated\">\n\t\t\t\t\t\t<div class=\"elementor-element elementor-element-e57df03 elementor-widget elementor-widget-text-editor\" data-id=\"e57df03\" data-element_type=\"widget\" data-widget_type=\"text-editor.default\">\n\t\t\t\t<div class=\"elementor-widget-container\">\n\t\t\t\t\t\t\t\t\t<p><span style=\"font-weight: 400;\">Avec le partenariat entre <\/span><b>Corsair et Air Inter Iles<\/b><span style=\"font-weight: 400;\">, les voyageurs peuvent s&#8217;attendre \u00e0 une exp\u00e9rience de voyage in\u00e9dite vers <\/span><b>Saint-Barth\u00e9lemy<\/b><span style=\"font-weight: 400;\">. Gr\u00e2ce \u00e0 une connexion simplifi\u00e9e, un service de haute qualit\u00e9 et un tarif pr\u00e9f\u00e9rentiel, cette nouvelle offre est con\u00e7ue pour r\u00e9pondre aux attentes des passagers tout en rendant le voyage plus agr\u00e9able et moins stressant.<\/span><\/p>\t\t\t\t\t\t\t\t<\/div>\n\t\t\t\t<\/div>\n\t\t\t\t<div class=\"elementor-element elementor-element-1a54de3 elementor-widget elementor-widget-text-editor\" data-id=\"1a54de3\" data-element_type=\"widget\" data-widget_type=\"text-editor.default\">\n\t\t\t\t<div class=\"elementor-widget-container\">\n\t\t\t\t\t\t\t\t\t<p><span style=\"font-weight: 400;\">\u00c0 l&#8217;approche de la saison des f\u00eates, cette initiative arrive \u00e0 point nomm\u00e9 pour ceux qui envisagent de d\u00e9couvrir les beaut\u00e9s de <\/span><b>Saint-Barth\u00e9lemy<\/b><span style=\"font-weight: 400;\">. Les voyageurs peuvent d\u00e8s maintenant se rendre sur le site de <\/span><b>Corsair<\/b><span style=\"font-weight: 400;\"> pour r\u00e9server leur voyage vers cette destination de r\u00eave, en toute s\u00e9r\u00e9nit\u00e9.<\/span><\/p>\t\t\t\t\t\t\t\t<\/div>\n\t\t\t\t<\/div>\n\t\t\t\t<div class=\"elementor-element elementor-element-76511fa elementor-widget elementor-widget-text-editor\" data-id=\"76511fa\" data-element_type=\"widget\" data-widget_type=\"text-editor.default\">\n\t\t\t\t<div class=\"elementor-widget-container\">\n\t\t\t\t\t\t\t\t\t<p><span style=\"font-weight: 400;\">Il sera int\u00e9ressant de suivre l\u2019\u00e9volution de cette collaboration et de voir comment elle impactera le tourisme dans cette r\u00e9gion pris\u00e9e de la Cara\u00efbe. En somme, ce partenariat entre <\/span><b>Corsair et Air Inter Iles<\/b><span style=\"font-weight: 400;\"> est une promesse de voyages plus confortables et accessibles, offrant aux passagers la possibilit\u00e9 de d\u00e9couvrir l&#8217;une des \u00eeles les plus belles et exclusives de la Cara\u00efbe, tout en b\u00e9n\u00e9ficiant d&#8217;un service haut de gamme qui r\u00e9pond aux exigences modernes des voyageurs.<\/span><\/p>\t\t\t\t\t\t\t\t<\/div>\n\t\t\t\t<\/div>\n\t\t\t\t\t<\/div>\n\t\t<\/div>\n\t\t\t\t\t<\/div>\n\t\t<\/section>\n\t\t\t\t\t<\/div>\n\t\t<\/div>\n\t\t\t\t\t<\/div>\n\t\t<\/section>\n\t\t\t\t<\/div>\n\t\t","protected":false},"excerpt":{"rendered":"<p>Le 9 d\u00e9cembre 2024, la compagnie a\u00e9rienne Corsair et Air Inter Iles a annonc\u00e9 un partenariat strat\u00e9gique, marquant une avanc\u00e9e majeure dans l&#8217;acc\u00e8s \u00e0 Saint-Barth\u00e9lemy depuis Paris. \u00c0 partir du 15 d\u00e9cembre 2024, les voyageurs auront l&#8217;opportunit\u00e9 de b\u00e9n\u00e9ficier d\u2019une connexion simplifi\u00e9e, tout en profitant d\u2019un service haut de gamme et d&#8217;un tarif pr\u00e9f\u00e9rentiel. Cet [&hellip;]<\/p>\n","protected":false},"author":400,"featured_media":42366,"comment_status":"open","ping_status":"open","sticky":false,"template":"","format":"standard","meta":{"_acf_changed":false,"footnotes":""},"categories":[840],"tags":[1638],"class_list":["post-42365","post","type-post","status-publish","format-standard","has-post-thumbnail","hentry","category-actus","tag-saint-barthelemy"],"acf":[],"_links":{"self":[{"href":"https:\/\/richeskarayib.com\/fr\/wp-json\/wp\/v2\/posts\/42365","targetHints":{"allow":["GET"]}}],"collection":[{"href":"https:\/\/richeskarayib.com\/fr\/wp-json\/wp\/v2\/posts"}],"about":[{"href":"https:\/\/richeskarayib.com\/fr\/wp-json\/wp\/v2\/types\/post"}],"author":[{"embeddable":true,"href":"https:\/\/richeskarayib.com\/fr\/wp-json\/wp\/v2\/users\/400"}],"replies":[{"embeddable":true,"href":"https:\/\/richeskarayib.com\/fr\/wp-json\/wp\/v2\/comments?post=42365"}],"version-history":[{"count":0,"href":"https:\/\/richeskarayib.com\/fr\/wp-json\/wp\/v2\/posts\/42365\/revisions"}],"wp:featuredmedia":[{"embeddable":true,"href":"https:\/\/richeskarayib.com\/fr\/wp-json\/wp\/v2\/media\/42366"}],"wp:attachment":[{"href":"https:\/\/richeskarayib.com\/fr\/wp-json\/wp\/v2\/media?parent=42365"}],"wp:term":[{"taxonomy":"category","embeddable":true,"href":"https:\/\/richeskarayib.com\/fr\/wp-json\/wp\/v2\/categories?post=42365"},{"taxonomy":"post_tag","embeddable":true,"href":"https:\/\/richeskarayib.com\/fr\/wp-json\/wp\/v2\/tags?post=42365"}],"curies":[{"name":"wp","href":"https:\/\/api.w.org\/{rel}","templated":true}]}}