{"id":42457,"date":"2024-12-15T08:00:00","date_gmt":"2024-12-15T08:00:00","guid":{"rendered":"https:\/\/richeskarayib.com\/?p=42457"},"modified":"2024-12-15T08:10:03","modified_gmt":"2024-12-15T08:10:03","slug":"liat-airlines-renforce-connectivite-tortola","status":"publish","type":"post","link":"https:\/\/richeskarayib.com\/fr\/liat-airlines-renforce-connectivite-tortola\/","title":{"rendered":"LIAT Airlines r\u00e9volutionne la connectivit\u00e9 vers les \u00celes Vierges"},"content":{"rendered":"\t\t<div data-elementor-type=\"wp-post\" data-elementor-id=\"42457\" class=\"elementor elementor-42457\" data-elementor-post-type=\"post\">\n\t\t\t\t\t\t<section class=\"elementor-section elementor-top-section elementor-element elementor-element-b0ccd15 elementor-section-boxed elementor-section-height-default elementor-section-height-default\" data-id=\"b0ccd15\" data-element_type=\"section\">\n\t\t\t\t\t\t<div class=\"elementor-container elementor-column-gap-default\">\n\t\t\t\t\t<div class=\"elementor-column elementor-col-100 elementor-top-column elementor-element elementor-element-99dbec5\" data-id=\"99dbec5\" data-element_type=\"column\">\n\t\t\t<div class=\"elementor-widget-wrap elementor-element-populated\">\n\t\t\t\t\t\t<section class=\"elementor-section elementor-inner-section elementor-element elementor-element-23cdfd9 elementor-section-boxed elementor-section-height-default elementor-section-height-default\" data-id=\"23cdfd9\" data-element_type=\"section\">\n\t\t\t\t\t\t<div class=\"elementor-container elementor-column-gap-default\">\n\t\t\t\t\t<div class=\"elementor-column elementor-col-100 elementor-inner-column elementor-element elementor-element-50d8ace\" data-id=\"50d8ace\" data-element_type=\"column\">\n\t\t\t<div class=\"elementor-widget-wrap elementor-element-populated\">\n\t\t\t\t\t\t<div class=\"elementor-element elementor-element-4df4d99 elementor-widget elementor-widget-text-editor\" data-id=\"4df4d99\" data-element_type=\"widget\" data-widget_type=\"text-editor.default\">\n\t\t\t\t<div class=\"elementor-widget-container\">\n\t\t\t\t\t\t\t\t\t<p><a href=\"https:\/\/www.instagram.com\/flyliat2020\/\" target=\"_blank\" rel=\"noopener nofollow\"><b>LIAT Airlines<\/b><\/a><span style=\"font-weight: 400;\"> a r\u00e9cemment franchi une \u00e9tape importante en lan\u00e7ant une nouvelle route vers les <\/span><a href=\"https:\/\/richeskarayib.com\/fr\/rapport-special-partie-4-2020-2023-les-tresors-culturels-des-caraibes-patrimoine-immateriel-reconnu-par-lunesco\/\" target=\"_blank\" rel=\"noopener\"><b>\u00celes Vierges britanniques<\/b><\/a><span style=\"font-weight: 400;\">. Cette initiative marque un engagement renouvel\u00e9 envers la connectivit\u00e9 dans la r\u00e9gion, un aspect crucial pour le d\u00e9veloppement \u00e9conomique et culturel des \u00eeles carib\u00e9ennes. En offrant des options de voyage fiables et abordables, <\/span><b>LIAT Airlines<\/b><span style=\"font-weight: 400;\"> contribue \u00e0 renforcer l&#8217;int\u00e9gration r\u00e9gionale et \u00e0 stimuler le secteur du tourisme.<\/span><\/p>\t\t\t\t\t\t\t\t<\/div>\n\t\t\t\t<\/div>\n\t\t\t\t\t<\/div>\n\t\t<\/div>\n\t\t\t\t\t<\/div>\n\t\t<\/section>\n\t\t\t\t\t<\/div>\n\t\t<\/div>\n\t\t\t\t\t<\/div>\n\t\t<\/section>\n\t\t\t\t<section class=\"elementor-section elementor-top-section elementor-element elementor-element-1389640 elementor-section-boxed elementor-section-height-default elementor-section-height-default\" data-id=\"1389640\" data-element_type=\"section\">\n\t\t\t\t\t\t<div class=\"elementor-container elementor-column-gap-default\">\n\t\t\t\t\t<div class=\"elementor-column elementor-col-100 elementor-top-column elementor-element elementor-element-62f5301\" data-id=\"62f5301\" data-element_type=\"column\">\n\t\t\t<div class=\"elementor-widget-wrap elementor-element-populated\">\n\t\t\t\t\t\t<div class=\"elementor-element elementor-element-07fed6e elementor-widget elementor-widget-heading\" data-id=\"07fed6e\" data-element_type=\"widget\" data-widget_type=\"heading.default\">\n\t\t\t\t<div class=\"elementor-widget-container\">\n\t\t\t\t\t<h2 class=\"elementor-heading-title elementor-size-default\">Un Vol Inaugural Historique vers les \u00celes Vierges<\/h2>\t\t\t\t<\/div>\n\t\t\t\t<\/div>\n\t\t\t\t<div class=\"elementor-element elementor-element-5a71e13 elementor-widget elementor-widget-text-editor\" data-id=\"5a71e13\" data-element_type=\"widget\" data-widget_type=\"text-editor.default\">\n\t\t\t\t<div class=\"elementor-widget-container\">\n\t\t\t\t\t\t\t\t\t<p><span style=\"font-weight: 400;\">Le vol inaugural de <\/span><a href=\"https:\/\/web.facebook.com\/story.php?story_fbid=122206441772063947&amp;id=61551918410207&amp;_rdc=1&amp;_rdr#\" target=\"_blank\" rel=\"noopener nofollow\"><b>LIAT Airlines<\/b><\/a><span style=\"font-weight: 400;\"> a atterri \u00e0 l&#8217;a\u00e9roport international Terrance B. Lettsome le dimanche 8 d\u00e9cembre, illustrant le potentiel de cette nouvelle liaison. Lors de cet \u00e9v\u00e9nement marquant, le Premier des \u00celes Vierges, l&#8217;honorable Dr. Natalio D. Wheatley, a soulign\u00e9 l&#8217;importance de cette nouvelle liaison pour le d\u00e9veloppement \u00e9conomique de la r\u00e9gion.<\/span><\/p>\t\t\t\t\t\t\t\t<\/div>\n\t\t\t\t<\/div>\n\t\t\t\t<section class=\"elementor-section elementor-inner-section elementor-element elementor-element-d60afcb elementor-section-boxed elementor-section-height-default elementor-section-height-default\" data-id=\"d60afcb\" data-element_type=\"section\">\n\t\t\t\t\t\t<div class=\"elementor-container elementor-column-gap-default\">\n\t\t\t\t\t<div class=\"elementor-column elementor-col-100 elementor-inner-column elementor-element elementor-element-2818b36\" data-id=\"2818b36\" data-element_type=\"column\">\n\t\t\t<div class=\"elementor-widget-wrap elementor-element-populated\">\n\t\t\t\t\t\t<div class=\"elementor-element elementor-element-cb38cea elementor-widget elementor-widget-text-editor\" data-id=\"cb38cea\" data-element_type=\"widget\" data-widget_type=\"text-editor.default\">\n\t\t\t\t<div class=\"elementor-widget-container\">\n\t\t\t\t\t\t\t\t\t<p><span style=\"font-weight: 400;\">&#8220;Aujourd&#8217;hui, nous c\u00e9l\u00e9brons non seulement l&#8217;arriv\u00e9e de <\/span><b>LIAT Airlines<\/b><span style=\"font-weight: 400;\">, mais \u00e9galement le renforcement de nos connexions au sein des Cara\u00efbes. Ce service est vital pour favoriser la croissance \u00e9conomique et am\u00e9liorer les \u00e9changes culturels entre nos \u00eeles,&#8221; a-t-il d\u00e9clar\u00e9.<\/span><\/p>\t\t\t\t\t\t\t\t<\/div>\n\t\t\t\t<\/div>\n\t\t\t\t\t<\/div>\n\t\t<\/div>\n\t\t\t\t\t<\/div>\n\t\t<\/section>\n\t\t\t\t\t<\/div>\n\t\t<\/div>\n\t\t\t\t\t<\/div>\n\t\t<\/section>\n\t\t\t\t<section class=\"elementor-section elementor-top-section elementor-element elementor-element-a7a4b32 elementor-section-boxed elementor-section-height-default elementor-section-height-default\" data-id=\"a7a4b32\" data-element_type=\"section\">\n\t\t\t\t\t\t<div class=\"elementor-container elementor-column-gap-default\">\n\t\t\t\t\t<div class=\"elementor-column elementor-col-100 elementor-top-column elementor-element elementor-element-f79b573\" data-id=\"f79b573\" data-element_type=\"column\">\n\t\t\t<div class=\"elementor-widget-wrap elementor-element-populated\">\n\t\t\t\t\t\t<div class=\"elementor-element elementor-element-c00f5b2 elementor-widget elementor-widget-heading\" data-id=\"c00f5b2\" data-element_type=\"widget\" data-widget_type=\"heading.default\">\n\t\t\t\t<div class=\"elementor-widget-container\">\n\t\t\t\t\t<h2 class=\"elementor-heading-title elementor-size-default\">La Vision de LIAT Airlines<\/h2>\t\t\t\t<\/div>\n\t\t\t\t<\/div>\n\t\t\t\t<section class=\"elementor-section elementor-inner-section elementor-element elementor-element-a24e32c elementor-section-boxed elementor-section-height-default elementor-section-height-default\" data-id=\"a24e32c\" data-element_type=\"section\">\n\t\t\t\t\t\t<div class=\"elementor-container elementor-column-gap-default\">\n\t\t\t\t\t<div class=\"elementor-column elementor-col-100 elementor-inner-column elementor-element elementor-element-31f95b2\" data-id=\"31f95b2\" data-element_type=\"column\">\n\t\t\t<div class=\"elementor-widget-wrap elementor-element-populated\">\n\t\t\t\t\t\t<div class=\"elementor-element elementor-element-0e46832 elementor-widget elementor-widget-text-editor\" data-id=\"0e46832\" data-element_type=\"widget\" data-widget_type=\"text-editor.default\">\n\t\t\t\t<div class=\"elementor-widget-container\">\n\t\t\t\t\t\t\t\t\t<p><span style=\"font-weight: 400;\">La PDG de <\/span><b><a href=\"https:\/\/barbados.loopnews.com\/content\/antigua-liat-airlines-launches-service-british-virgin-islands\" target=\"_blank\" rel=\"noopener nofollow\">LIAT<\/a> (2020) Limited<\/b><span style=\"font-weight: 400;\">, Mme Hafsah Abdulsalam, a \u00e9galement exprim\u00e9 son enthousiasme pour ce nouveau service. Elle a d\u00e9clar\u00e9 que l&#8217;objectif principal de l&#8217;entreprise est de reconnecter les <\/span><b>\u00celes Vierges britanniques<\/b><span style=\"font-weight: 400;\"> avec le reste des Cara\u00efbes.<\/span><\/p>\t\t\t\t\t\t\t\t<\/div>\n\t\t\t\t<\/div>\n\t\t\t\t<div class=\"elementor-element elementor-element-b786316 elementor-widget elementor-widget-image\" data-id=\"b786316\" data-element_type=\"widget\" data-widget_type=\"image.default\">\n\t\t\t\t<div class=\"elementor-widget-container\">\n\t\t\t\t\t\t\t\t\t\t\t\t<figure class=\"wp-caption\">\n\t\t\t\t\t\t\t\t\t\t<img fetchpriority=\"high\" decoding=\"async\" width=\"800\" height=\"800\" src=\"https:\/\/richeskarayib.com\/wp-content\/uploads\/2024\/12\/469752114_122156729642309563_7811852295499470011_n-Modifie-1024x1024.jpg\" class=\"attachment-large size-large wp-image-42463\" alt=\"LIAT Airlines\" srcset=\"https:\/\/richeskarayib.com\/wp-content\/uploads\/2024\/12\/469752114_122156729642309563_7811852295499470011_n-Modifie-1024x1024.jpg 1024w, https:\/\/richeskarayib.com\/wp-content\/uploads\/2024\/12\/469752114_122156729642309563_7811852295499470011_n-Modifie-300x300.jpg 300w, https:\/\/richeskarayib.com\/wp-content\/uploads\/2024\/12\/469752114_122156729642309563_7811852295499470011_n-Modifie-150x150.jpg 150w, https:\/\/richeskarayib.com\/wp-content\/uploads\/2024\/12\/469752114_122156729642309563_7811852295499470011_n-Modifie-768x768.jpg 768w, https:\/\/richeskarayib.com\/wp-content\/uploads\/2024\/12\/469752114_122156729642309563_7811852295499470011_n-Modifie.jpg 1080w\" sizes=\"(max-width: 800px) 100vw, 800px\" \/>\t\t\t\t\t\t\t\t\t\t\t<figcaption class=\"widget-image-caption wp-caption-text\">LIAT Airlines Tortola<\/figcaption>\n\t\t\t\t\t\t\t\t\t\t<\/figure>\n\t\t\t\t\t\t\t\t\t<\/div>\n\t\t\t\t<\/div>\n\t\t\t\t<div class=\"elementor-element elementor-element-86807df elementor-widget elementor-widget-text-editor\" data-id=\"86807df\" data-element_type=\"widget\" data-widget_type=\"text-editor.default\">\n\t\t\t\t<div class=\"elementor-widget-container\">\n\t\t\t\t\t\t\t\t\t<p><span style=\"font-weight: 400;\">&#8220;Nous sommes ravis de reconnecter les <\/span><b>\u00celes Vierges britanniques<\/b><span style=\"font-weight: 400;\"> avec le reste de la r\u00e9gion carib\u00e9enne. Notre priorit\u00e9 est de fournir des services fiables qui r\u00e9pondent aux besoins des voyageurs tout en promouvant le tourisme r\u00e9gional&#8221;, a-t-elle ajout\u00e9.<\/span><\/p>\t\t\t\t\t\t\t\t<\/div>\n\t\t\t\t<\/div>\n\t\t\t\t\t<\/div>\n\t\t<\/div>\n\t\t\t\t\t<\/div>\n\t\t<\/section>\n\t\t\t\t\t<\/div>\n\t\t<\/div>\n\t\t\t\t\t<\/div>\n\t\t<\/section>\n\t\t\t\t<section class=\"elementor-section elementor-top-section elementor-element elementor-element-a95c33f elementor-section-boxed elementor-section-height-default elementor-section-height-default\" data-id=\"a95c33f\" data-element_type=\"section\">\n\t\t\t\t\t\t<div class=\"elementor-container elementor-column-gap-default\">\n\t\t\t\t\t<div class=\"elementor-column elementor-col-100 elementor-top-column elementor-element elementor-element-d2ff6a2\" data-id=\"d2ff6a2\" data-element_type=\"column\">\n\t\t\t<div class=\"elementor-widget-wrap elementor-element-populated\">\n\t\t\t\t\t\t<div class=\"elementor-element elementor-element-8de7f5e elementor-widget elementor-widget-heading\" data-id=\"8de7f5e\" data-element_type=\"widget\" data-widget_type=\"heading.default\">\n\t\t\t\t<div class=\"elementor-widget-container\">\n\t\t\t\t\t<h2 class=\"elementor-heading-title elementor-size-default\">Importance \u00c9conomique de la Nouvelle Route<\/h2>\t\t\t\t<\/div>\n\t\t\t\t<\/div>\n\t\t\t\t<section class=\"elementor-section elementor-inner-section elementor-element elementor-element-72ef417 elementor-section-boxed elementor-section-height-default elementor-section-height-default\" data-id=\"72ef417\" data-element_type=\"section\">\n\t\t\t\t\t\t<div class=\"elementor-container elementor-column-gap-default\">\n\t\t\t\t\t<div class=\"elementor-column elementor-col-100 elementor-inner-column elementor-element elementor-element-4320b47\" data-id=\"4320b47\" data-element_type=\"column\">\n\t\t\t<div class=\"elementor-widget-wrap elementor-element-populated\">\n\t\t\t\t\t\t<div class=\"elementor-element elementor-element-a37caff elementor-widget elementor-widget-text-editor\" data-id=\"a37caff\" data-element_type=\"widget\" data-widget_type=\"text-editor.default\">\n\t\t\t\t<div class=\"elementor-widget-container\">\n\t\t\t\t\t\t\t\t\t<p><span style=\"font-weight: 400;\">La nouvelle liaison a\u00e9rienne a des implications significatives pour l&#8217;\u00e9conomie des <\/span><b>\u00celes Vierges britanniques<\/b><span style=\"font-weight: 400;\">. Le ministre des Communications et des Travaux, l&#8217;honorable Kye M. Rymer, a soulign\u00e9 que le retour de <\/span><b>LIAT Airlines<\/b><span style=\"font-weight: 400;\"> dans le ciel de la r\u00e9gion est un t\u00e9moignage de la r\u00e9silience et de la d\u00e9termination des \u00eeles \u00e0 am\u00e9liorer leur connectivit\u00e9.<\/span><\/p>\t\t\t\t\t\t\t\t<\/div>\n\t\t\t\t<\/div>\n\t\t\t\t\t<\/div>\n\t\t<\/div>\n\t\t\t\t\t<\/div>\n\t\t<\/section>\n\t\t\t\t\t<\/div>\n\t\t<\/div>\n\t\t\t\t\t<\/div>\n\t\t<\/section>\n\t\t\t\t<section class=\"elementor-section elementor-top-section elementor-element elementor-element-b9655ad elementor-section-boxed elementor-section-height-default elementor-section-height-default\" data-id=\"b9655ad\" data-element_type=\"section\">\n\t\t\t\t\t\t<div class=\"elementor-container elementor-column-gap-default\">\n\t\t\t\t\t<div class=\"elementor-column elementor-col-100 elementor-top-column elementor-element elementor-element-a65bce4\" data-id=\"a65bce4\" data-element_type=\"column\">\n\t\t\t<div class=\"elementor-widget-wrap elementor-element-populated\">\n\t\t\t\t\t\t<div class=\"elementor-element elementor-element-c41a73b elementor-widget elementor-widget-heading\" data-id=\"c41a73b\" data-element_type=\"widget\" data-widget_type=\"heading.default\">\n\t\t\t\t<div class=\"elementor-widget-container\">\n\t\t\t\t\t<h2 class=\"elementor-heading-title elementor-size-default\">Avantages pour le Tourisme et les Entreprises Locales<\/h2>\t\t\t\t<\/div>\n\t\t\t\t<\/div>\n\t\t\t\t<section class=\"elementor-section elementor-inner-section elementor-element elementor-element-7a58c63 elementor-section-boxed elementor-section-height-default elementor-section-height-default\" data-id=\"7a58c63\" data-element_type=\"section\">\n\t\t\t\t\t\t<div class=\"elementor-container elementor-column-gap-default\">\n\t\t\t\t\t<div class=\"elementor-column elementor-col-100 elementor-inner-column elementor-element elementor-element-96383e5\" data-id=\"96383e5\" data-element_type=\"column\">\n\t\t\t<div class=\"elementor-widget-wrap elementor-element-populated\">\n\t\t\t\t\t\t<div class=\"elementor-element elementor-element-8abb4ac elementor-widget elementor-widget-text-editor\" data-id=\"8abb4ac\" data-element_type=\"widget\" data-widget_type=\"text-editor.default\">\n\t\t\t\t<div class=\"elementor-widget-container\">\n\t\t\t\t\t\t\t\t\t<p><span style=\"font-weight: 400;\">Le lancement de ce vol inaugural ne profite pas seulement aux touristes, mais aussi aux entreprises locales. En augmentant l&#8217;accessibilit\u00e9, cette nouvelle route facilitera le commerce et encouragera le d\u00e9veloppement \u00e9conomique.<\/span><\/p>\t\t\t\t\t\t\t\t<\/div>\n\t\t\t\t<\/div>\n\t\t\t\t<div class=\"elementor-element elementor-element-016dbd1 elementor-widget elementor-widget-text-editor\" data-id=\"016dbd1\" data-element_type=\"widget\" data-widget_type=\"text-editor.default\">\n\t\t\t\t<div class=\"elementor-widget-container\">\n\t\t\t\t\t\t\t\t\t<p><span style=\"font-weight: 400;\">&#8220;Cette nouvelle liaison r\u00e9pondra non seulement aux besoins de voyage des touristes, mais elle b\u00e9n\u00e9ficiera \u00e9galement consid\u00e9rablement \u00e0 nos entreprises et communaut\u00e9s locales en augmentant l&#8217;accessibilit\u00e9&#8221;, a d\u00e9clar\u00e9 le ministre Rymer.<\/span><\/p>\t\t\t\t\t\t\t\t<\/div>\n\t\t\t\t<\/div>\n\t\t\t\t\t<\/div>\n\t\t<\/div>\n\t\t\t\t\t<\/div>\n\t\t<\/section>\n\t\t\t\t\t<\/div>\n\t\t<\/div>\n\t\t\t\t\t<\/div>\n\t\t<\/section>\n\t\t\t\t<section class=\"elementor-section elementor-top-section elementor-element elementor-element-72cf03a elementor-section-boxed elementor-section-height-default elementor-section-height-default\" data-id=\"72cf03a\" data-element_type=\"section\">\n\t\t\t\t\t\t<div class=\"elementor-container elementor-column-gap-default\">\n\t\t\t\t\t<div class=\"elementor-column elementor-col-100 elementor-top-column elementor-element elementor-element-b54309d\" data-id=\"b54309d\" data-element_type=\"column\">\n\t\t\t<div class=\"elementor-widget-wrap elementor-element-populated\">\n\t\t\t\t\t\t<div class=\"elementor-element elementor-element-981112b elementor-widget elementor-widget-heading\" data-id=\"981112b\" data-element_type=\"widget\" data-widget_type=\"heading.default\">\n\t\t\t\t<div class=\"elementor-widget-container\">\n\t\t\t\t\t<h2 class=\"elementor-heading-title elementor-size-default\">La Collaboration entre LIAT et les Autorit\u00e9s LocalesUne R\u00e9flexion sur le Parcours de Kes<\/h2>\t\t\t\t<\/div>\n\t\t\t\t<\/div>\n\t\t\t\t<section class=\"elementor-section elementor-inner-section elementor-element elementor-element-360e343 elementor-section-boxed elementor-section-height-default elementor-section-height-default\" data-id=\"360e343\" data-element_type=\"section\">\n\t\t\t\t\t\t<div class=\"elementor-container elementor-column-gap-default\">\n\t\t\t\t\t<div class=\"elementor-column elementor-col-100 elementor-inner-column elementor-element elementor-element-2321971\" data-id=\"2321971\" data-element_type=\"column\">\n\t\t\t<div class=\"elementor-widget-wrap elementor-element-populated\">\n\t\t\t\t\t\t<div class=\"elementor-element elementor-element-67c1e8e elementor-widget elementor-widget-text-editor\" data-id=\"67c1e8e\" data-element_type=\"widget\" data-widget_type=\"text-editor.default\">\n\t\t\t\t<div class=\"elementor-widget-container\">\n\t\t\t\t\t\t\t\t\t<p><span style=\"font-weight: 400;\">La r\u00e9ussite de cette initiative est \u00e9galement le r\u00e9sultat d&#8217;une collaboration \u00e9troite entre <\/span><a href=\"https:\/\/web.facebook.com\/photo.php?fbid=122156729636309563&amp;set=pb.61559286892841.-2207520000&amp;type=3\" target=\"_blank\" rel=\"noopener nofollow\"><b>LIAT Airlines<\/b><\/a><span style=\"font-weight: 400;\"> et les autorit\u00e9s locales. M. Kurt Menal, directeur g\u00e9n\u00e9ral de l&#8217;Autorit\u00e9 des a\u00e9roports des BVI, a reconnu le r\u00f4le crucial de ce partenariat dans la concr\u00e9tisation de ce projet.<\/span><\/p>\t\t\t\t\t\t\t\t<\/div>\n\t\t\t\t<\/div>\n\t\t\t\t<div class=\"elementor-element elementor-element-e7d2652 elementor-widget elementor-widget-text-editor\" data-id=\"e7d2652\" data-element_type=\"widget\" data-widget_type=\"text-editor.default\">\n\t\t\t\t<div class=\"elementor-widget-container\">\n\t\t\t\t\t\t\t\t\t<p><span style=\"font-weight: 400;\">&#8220;Le partenariat \u00e9tabli entre <\/span><b>LIAT Airlines<\/b><span style=\"font-weight: 400;\"> et nos autorit\u00e9s locales a \u00e9t\u00e9 d\u00e9terminant pour r\u00e9aliser ce vol inaugural. Nous nous engageons \u00e0 am\u00e9liorer les op\u00e9rations de notre a\u00e9roport et \u00e0 accueillir davantage de visiteurs, ce qui, \u00e0 son tour, stimulera l&#8217;activit\u00e9 \u00e9conomique dans les <\/span><b>\u00celes Vierges<\/b><span style=\"font-weight: 400;\">&#8220;, a-t-il affirm\u00e9.<\/span><\/p>\t\t\t\t\t\t\t\t<\/div>\n\t\t\t\t<\/div>\n\t\t\t\t\t<\/div>\n\t\t<\/div>\n\t\t\t\t\t<\/div>\n\t\t<\/section>\n\t\t\t\t\t<\/div>\n\t\t<\/div>\n\t\t\t\t\t<\/div>\n\t\t<\/section>\n\t\t\t\t<section class=\"elementor-section elementor-top-section elementor-element elementor-element-a5fdb9d elementor-section-boxed elementor-section-height-default elementor-section-height-default\" data-id=\"a5fdb9d\" data-element_type=\"section\">\n\t\t\t\t\t\t<div class=\"elementor-container elementor-column-gap-default\">\n\t\t\t\t\t<div class=\"elementor-column elementor-col-100 elementor-top-column elementor-element elementor-element-ca2ec48\" data-id=\"ca2ec48\" data-element_type=\"column\">\n\t\t\t<div class=\"elementor-widget-wrap elementor-element-populated\">\n\t\t\t\t\t\t<div class=\"elementor-element elementor-element-d74fff7 elementor-widget elementor-widget-heading\" data-id=\"d74fff7\" data-element_type=\"widget\" data-widget_type=\"heading.default\">\n\t\t\t\t<div class=\"elementor-widget-container\">\n\t\t\t\t\t<h2 class=\"elementor-heading-title elementor-size-default\">Impact sur la Culture et les \u00c9changes Sociaux<\/h2>\t\t\t\t<\/div>\n\t\t\t\t<\/div>\n\t\t\t\t<section class=\"elementor-section elementor-inner-section elementor-element elementor-element-7f7938c elementor-section-boxed elementor-section-height-default elementor-section-height-default\" data-id=\"7f7938c\" data-element_type=\"section\">\n\t\t\t\t\t\t<div class=\"elementor-container elementor-column-gap-default\">\n\t\t\t\t\t<div class=\"elementor-column elementor-col-100 elementor-inner-column elementor-element elementor-element-edece08\" data-id=\"edece08\" data-element_type=\"column\">\n\t\t\t<div class=\"elementor-widget-wrap elementor-element-populated\">\n\t\t\t\t\t\t<div class=\"elementor-element elementor-element-84a57c2 elementor-widget elementor-widget-text-editor\" data-id=\"84a57c2\" data-element_type=\"widget\" data-widget_type=\"text-editor.default\">\n\t\t\t\t<div class=\"elementor-widget-container\">\n\t\t\t\t\t\t\t\t\t<p><span style=\"font-weight: 400;\">Au-del\u00e0 des avantages \u00e9conomiques, cette nouvelle route a\u00e9rienne joue \u00e9galement un r\u00f4le essentiel dans le renforcement des \u00e9changes culturels entre les \u00eeles. En facilitant les d\u00e9placements, <\/span><b>LIAT Airlines<\/b><span style=\"font-weight: 400;\"> permet \u00e0 plus de personnes de d\u00e9couvrir la richesse culturelle des Cara\u00efbes.<\/span><\/p>\t\t\t\t\t\t\t\t<\/div>\n\t\t\t\t<\/div>\n\t\t\t\t\t<\/div>\n\t\t<\/div>\n\t\t\t\t\t<\/div>\n\t\t<\/section>\n\t\t\t\t\t<\/div>\n\t\t<\/div>\n\t\t\t\t\t<\/div>\n\t\t<\/section>\n\t\t\t\t<section class=\"elementor-section elementor-top-section elementor-element elementor-element-abde198 elementor-section-boxed elementor-section-height-default elementor-section-height-default\" data-id=\"abde198\" data-element_type=\"section\">\n\t\t\t\t\t\t<div class=\"elementor-container elementor-column-gap-default\">\n\t\t\t\t\t<div class=\"elementor-column elementor-col-100 elementor-top-column elementor-element elementor-element-033cf68\" data-id=\"033cf68\" data-element_type=\"column\">\n\t\t\t<div class=\"elementor-widget-wrap elementor-element-populated\">\n\t\t\t\t\t\t<div class=\"elementor-element elementor-element-2847e70 elementor-widget elementor-widget-heading\" data-id=\"2847e70\" data-element_type=\"widget\" data-widget_type=\"heading.default\">\n\t\t\t\t<div class=\"elementor-widget-container\">\n\t\t\t\t\t<h2 class=\"elementor-heading-title elementor-size-default\">Promotion des \u00c9changes Culturels<\/h2>\t\t\t\t<\/div>\n\t\t\t\t<\/div>\n\t\t\t\t<section class=\"elementor-section elementor-inner-section elementor-element elementor-element-78a936a elementor-section-boxed elementor-section-height-default elementor-section-height-default\" data-id=\"78a936a\" data-element_type=\"section\">\n\t\t\t\t\t\t<div class=\"elementor-container elementor-column-gap-default\">\n\t\t\t\t\t<div class=\"elementor-column elementor-col-100 elementor-inner-column elementor-element elementor-element-5e44021\" data-id=\"5e44021\" data-element_type=\"column\">\n\t\t\t<div class=\"elementor-widget-wrap elementor-element-populated\">\n\t\t\t\t\t\t<div class=\"elementor-element elementor-element-362f182 elementor-widget elementor-widget-text-editor\" data-id=\"362f182\" data-element_type=\"widget\" data-widget_type=\"text-editor.default\">\n\t\t\t\t<div class=\"elementor-widget-container\">\n\t\t\t\t\t\t\t\t\t<p><span style=\"font-weight: 400;\">Les voyages a\u00e9riens facilitent non seulement le tourisme, mais aussi les \u00e9changes entre les diff\u00e9rentes cultures de la r\u00e9gion. Cela contribue \u00e0 cr\u00e9er une communaut\u00e9 carib\u00e9enne plus unie et solidaire. La connectivit\u00e9 favorise les relations interpersonnelles, permettant aux gens de partager leurs traditions, leur gastronomie et leurs arts.<\/span><\/p>\t\t\t\t\t\t\t\t<\/div>\n\t\t\t\t<\/div>\n\t\t\t\t\t<\/div>\n\t\t<\/div>\n\t\t\t\t\t<\/div>\n\t\t<\/section>\n\t\t\t\t\t<\/div>\n\t\t<\/div>\n\t\t\t\t\t<\/div>\n\t\t<\/section>\n\t\t\t\t<section class=\"elementor-section elementor-top-section elementor-element elementor-element-5cd0f21 elementor-section-boxed elementor-section-height-default elementor-section-height-default\" data-id=\"5cd0f21\" data-element_type=\"section\">\n\t\t\t\t\t\t<div class=\"elementor-container elementor-column-gap-default\">\n\t\t\t\t\t<div class=\"elementor-column elementor-col-100 elementor-top-column elementor-element elementor-element-e2f9b5b\" data-id=\"e2f9b5b\" data-element_type=\"column\">\n\t\t\t<div class=\"elementor-widget-wrap elementor-element-populated\">\n\t\t\t\t\t\t<div class=\"elementor-element elementor-element-67b7d7b elementor-widget elementor-widget-heading\" data-id=\"67b7d7b\" data-element_type=\"widget\" data-widget_type=\"heading.default\">\n\t\t\t\t<div class=\"elementor-widget-container\">\n\t\t\t\t\t<h2 class=\"elementor-heading-title elementor-size-default\">Une Strat\u00e9gie de Croissance Durable<\/h2>\t\t\t\t<\/div>\n\t\t\t\t<\/div>\n\t\t\t\t<section class=\"elementor-section elementor-inner-section elementor-element elementor-element-eca9e8d elementor-section-boxed elementor-section-height-default elementor-section-height-default\" data-id=\"eca9e8d\" data-element_type=\"section\">\n\t\t\t\t\t\t<div class=\"elementor-container elementor-column-gap-default\">\n\t\t\t\t\t<div class=\"elementor-column elementor-col-100 elementor-inner-column elementor-element elementor-element-5f7d35a\" data-id=\"5f7d35a\" data-element_type=\"column\">\n\t\t\t<div class=\"elementor-widget-wrap elementor-element-populated\">\n\t\t\t\t\t\t<div class=\"elementor-element elementor-element-f25c848 elementor-widget elementor-widget-text-editor\" data-id=\"f25c848\" data-element_type=\"widget\" data-widget_type=\"text-editor.default\">\n\t\t\t\t<div class=\"elementor-widget-container\">\n\t\t\t\t\t\t\t\t\t<p><b>LIAT Airlines<\/b><span style=\"font-weight: 400;\"> ne se contente pas de renforcer les connexions a\u00e9riennes; l&#8217;entreprise s&#8217;engage \u00e9galement \u00e0 adopter des pratiques durables dans ses op\u00e9rations. En int\u00e9grant des initiatives \u00e9cologiques, <\/span><b>LIAT Airlines<\/b><span style=\"font-weight: 400;\"> vise \u00e0 r\u00e9duire son empreinte carbone tout en r\u00e9pondant \u00e0 la demande croissante de voyages a\u00e9riens dans la r\u00e9gion.<\/span><\/p>\t\t\t\t\t\t\t\t<\/div>\n\t\t\t\t<\/div>\n\t\t\t\t\t<\/div>\n\t\t<\/div>\n\t\t\t\t\t<\/div>\n\t\t<\/section>\n\t\t\t\t\t<\/div>\n\t\t<\/div>\n\t\t\t\t\t<\/div>\n\t\t<\/section>\n\t\t\t\t<section class=\"elementor-section elementor-top-section elementor-element elementor-element-49e16d3 elementor-section-boxed elementor-section-height-default elementor-section-height-default\" data-id=\"49e16d3\" data-element_type=\"section\">\n\t\t\t\t\t\t<div class=\"elementor-container elementor-column-gap-default\">\n\t\t\t\t\t<div class=\"elementor-column elementor-col-100 elementor-top-column elementor-element elementor-element-1d666ec\" data-id=\"1d666ec\" data-element_type=\"column\">\n\t\t\t<div class=\"elementor-widget-wrap elementor-element-populated\">\n\t\t\t\t\t\t<div class=\"elementor-element elementor-element-230dd4e elementor-widget elementor-widget-heading\" data-id=\"230dd4e\" data-element_type=\"widget\" data-widget_type=\"heading.default\">\n\t\t\t\t<div class=\"elementor-widget-container\">\n\t\t\t\t\t<h2 class=\"elementor-heading-title elementor-size-default\">Engagement envers la Durabilit\u00e9<\/h2>\t\t\t\t<\/div>\n\t\t\t\t<\/div>\n\t\t\t\t<section class=\"elementor-section elementor-inner-section elementor-element elementor-element-1d80184 elementor-section-boxed elementor-section-height-default elementor-section-height-default\" data-id=\"1d80184\" data-element_type=\"section\">\n\t\t\t\t\t\t<div class=\"elementor-container elementor-column-gap-default\">\n\t\t\t\t\t<div class=\"elementor-column elementor-col-100 elementor-inner-column elementor-element elementor-element-622faab\" data-id=\"622faab\" data-element_type=\"column\">\n\t\t\t<div class=\"elementor-widget-wrap elementor-element-populated\">\n\t\t\t\t\t\t<div class=\"elementor-element elementor-element-7540f01 elementor-widget elementor-widget-text-editor\" data-id=\"7540f01\" data-element_type=\"widget\" data-widget_type=\"text-editor.default\">\n\t\t\t\t<div class=\"elementor-widget-container\">\n\t\t\t\t\t\t\t\t\t<p><span style=\"font-weight: 400;\">Le d\u00e9veloppement durable est devenu une priorit\u00e9 pour de nombreuses compagnies a\u00e9riennes, et <\/span><b>LIAT Airlines<\/b><span style=\"font-weight: 400;\"> ne fait pas exception. En investissant dans des technologies plus propres et en optimisant ses op\u00e9rations, l&#8217;entreprise aspire \u00e0 minimiser son impact environnemental tout en continuant \u00e0 servir ses clients de mani\u00e8re efficace.<\/span><\/p>\t\t\t\t\t\t\t\t<\/div>\n\t\t\t\t<\/div>\n\t\t\t\t\t<\/div>\n\t\t<\/div>\n\t\t\t\t\t<\/div>\n\t\t<\/section>\n\t\t\t\t\t<\/div>\n\t\t<\/div>\n\t\t\t\t\t<\/div>\n\t\t<\/section>\n\t\t\t\t<section class=\"elementor-section elementor-top-section elementor-element elementor-element-a2ad0ef elementor-section-boxed elementor-section-height-default elementor-section-height-default\" data-id=\"a2ad0ef\" data-element_type=\"section\">\n\t\t\t\t\t\t<div class=\"elementor-container elementor-column-gap-default\">\n\t\t\t\t\t<div class=\"elementor-column elementor-col-100 elementor-top-column elementor-element elementor-element-b841fec\" data-id=\"b841fec\" data-element_type=\"column\">\n\t\t\t<div class=\"elementor-widget-wrap elementor-element-populated\">\n\t\t\t\t\t\t<section class=\"elementor-section elementor-inner-section elementor-element elementor-element-a5d9344 elementor-section-boxed elementor-section-height-default elementor-section-height-default\" data-id=\"a5d9344\" data-element_type=\"section\">\n\t\t\t\t\t\t<div class=\"elementor-container elementor-column-gap-default\">\n\t\t\t\t\t<div class=\"elementor-column elementor-col-100 elementor-inner-column elementor-element elementor-element-2735b57\" data-id=\"2735b57\" data-element_type=\"column\">\n\t\t\t<div class=\"elementor-widget-wrap elementor-element-populated\">\n\t\t\t\t\t\t<div class=\"elementor-element elementor-element-73a863e elementor-widget elementor-widget-text-editor\" data-id=\"73a863e\" data-element_type=\"widget\" data-widget_type=\"text-editor.default\">\n\t\t\t\t<div class=\"elementor-widget-container\">\n\t\t\t\t\t\t\t\t\t<p><span style=\"font-weight: 400;\">Le lancement de la nouvelle route de <\/span><b>LIAT Airlines<\/b><span style=\"font-weight: 400;\"> vers les <\/span><b>\u00celes Vierges britanniques<\/b><span style=\"font-weight: 400;\"> repr\u00e9sente un moment charni\u00e8re pour le d\u00e9veloppement \u00e9conomique et culturel de la r\u00e9gion. En renfor\u00e7ant la connectivit\u00e9 entre les \u00eeles, <\/span><b>LIAT Airlines<\/b><span style=\"font-weight: 400;\"> contribue non seulement \u00e0 la croissance du tourisme, mais aussi \u00e0 l&#8217;am\u00e9lioration des relations \u00e9conomiques et culturelles au sein des Cara\u00efbes.<\/span><\/p>\t\t\t\t\t\t\t\t<\/div>\n\t\t\t\t<\/div>\n\t\t\t\t<div class=\"elementor-element elementor-element-9d6ba48 elementor-widget elementor-widget-text-editor\" data-id=\"9d6ba48\" data-element_type=\"widget\" data-widget_type=\"text-editor.default\">\n\t\t\t\t<div class=\"elementor-widget-container\">\n\t\t\t\t\t\t\t\t\t<p><span style=\"font-weight: 400;\">Les efforts d\u00e9ploy\u00e9s par <\/span><b>LIAT Airlines<\/b><span style=\"font-weight: 400;\">, les autorit\u00e9s locales et les partenaires commerciaux t\u00e9moignent d&#8217;une vision commune pour un avenir prosp\u00e8re et interconnect\u00e9. Avec un engagement envers la durabilit\u00e9 et l&#8217;am\u00e9lioration continue de ses services, <\/span><b>LIAT Airlines<\/b><span style=\"font-weight: 400;\"> est bien positionn\u00e9e pour jouer un r\u00f4le cl\u00e9 dans la transformation du paysage a\u00e9rien des Cara\u00efbes.<\/span><\/p>\t\t\t\t\t\t\t\t<\/div>\n\t\t\t\t<\/div>\n\t\t\t\t\t<\/div>\n\t\t<\/div>\n\t\t\t\t\t<\/div>\n\t\t<\/section>\n\t\t\t\t\t<\/div>\n\t\t<\/div>\n\t\t\t\t\t<\/div>\n\t\t<\/section>\n\t\t\t\t<\/div>\n\t\t","protected":false},"excerpt":{"rendered":"<p>LIAT Airlines a r\u00e9cemment franchi une \u00e9tape importante en lan\u00e7ant une nouvelle route vers les \u00celes Vierges britanniques. Cette initiative marque un engagement renouvel\u00e9 envers la connectivit\u00e9 dans la r\u00e9gion, un aspect crucial pour le d\u00e9veloppement \u00e9conomique et culturel des \u00eeles carib\u00e9ennes. En offrant des options de voyage fiables et abordables, LIAT Airlines contribue \u00e0 [&hellip;]<\/p>\n","protected":false},"author":400,"featured_media":42458,"comment_status":"open","ping_status":"open","sticky":false,"template":"","format":"standard","meta":{"_acf_changed":false,"footnotes":""},"categories":[840],"tags":[1557],"class_list":["post-42457","post","type-post","status-publish","format-standard","has-post-thumbnail","hentry","category-actus","tag-iles-vierges-britanniques-fr"],"acf":[],"_links":{"self":[{"href":"https:\/\/richeskarayib.com\/fr\/wp-json\/wp\/v2\/posts\/42457","targetHints":{"allow":["GET"]}}],"collection":[{"href":"https:\/\/richeskarayib.com\/fr\/wp-json\/wp\/v2\/posts"}],"about":[{"href":"https:\/\/richeskarayib.com\/fr\/wp-json\/wp\/v2\/types\/post"}],"author":[{"embeddable":true,"href":"https:\/\/richeskarayib.com\/fr\/wp-json\/wp\/v2\/users\/400"}],"replies":[{"embeddable":true,"href":"https:\/\/richeskarayib.com\/fr\/wp-json\/wp\/v2\/comments?post=42457"}],"version-history":[{"count":0,"href":"https:\/\/richeskarayib.com\/fr\/wp-json\/wp\/v2\/posts\/42457\/revisions"}],"wp:featuredmedia":[{"embeddable":true,"href":"https:\/\/richeskarayib.com\/fr\/wp-json\/wp\/v2\/media\/42458"}],"wp:attachment":[{"href":"https:\/\/richeskarayib.com\/fr\/wp-json\/wp\/v2\/media?parent=42457"}],"wp:term":[{"taxonomy":"category","embeddable":true,"href":"https:\/\/richeskarayib.com\/fr\/wp-json\/wp\/v2\/categories?post=42457"},{"taxonomy":"post_tag","embeddable":true,"href":"https:\/\/richeskarayib.com\/fr\/wp-json\/wp\/v2\/tags?post=42457"}],"curies":[{"name":"wp","href":"https:\/\/api.w.org\/{rel}","templated":true}]}}