{"id":42467,"date":"2024-12-16T10:00:05","date_gmt":"2024-12-16T10:00:05","guid":{"rendered":"https:\/\/richeskarayib.com\/?p=42467"},"modified":"2024-12-15T15:45:32","modified_gmt":"2024-12-15T15:45:32","slug":"croissance-du-tourisme-en-26-mois-grenade-rk","status":"publish","type":"post","link":"https:\/\/richeskarayib.com\/fr\/croissance-du-tourisme-en-26-mois-grenade-rk\/","title":{"rendered":"Grenade : une forte croissance du tourisme depuis 26 mois"},"content":{"rendered":"\t\t<div data-elementor-type=\"wp-post\" data-elementor-id=\"42467\" class=\"elementor elementor-42467\" data-elementor-post-type=\"post\">\n\t\t\t\t\t\t<section class=\"elementor-section elementor-top-section elementor-element elementor-element-b0ccd15 elementor-section-boxed elementor-section-height-default elementor-section-height-default\" data-id=\"b0ccd15\" data-element_type=\"section\">\n\t\t\t\t\t\t<div class=\"elementor-container elementor-column-gap-default\">\n\t\t\t\t\t<div class=\"elementor-column elementor-col-100 elementor-top-column elementor-element elementor-element-99dbec5\" data-id=\"99dbec5\" data-element_type=\"column\">\n\t\t\t<div class=\"elementor-widget-wrap elementor-element-populated\">\n\t\t\t\t\t\t<section class=\"elementor-section elementor-inner-section elementor-element elementor-element-23cdfd9 elementor-section-boxed elementor-section-height-default elementor-section-height-default\" data-id=\"23cdfd9\" data-element_type=\"section\">\n\t\t\t\t\t\t<div class=\"elementor-container elementor-column-gap-default\">\n\t\t\t\t\t<div class=\"elementor-column elementor-col-100 elementor-inner-column elementor-element elementor-element-50d8ace\" data-id=\"50d8ace\" data-element_type=\"column\">\n\t\t\t<div class=\"elementor-widget-wrap elementor-element-populated\">\n\t\t\t\t\t\t<div class=\"elementor-element elementor-element-4df4d99 elementor-widget elementor-widget-text-editor\" data-id=\"4df4d99\" data-element_type=\"widget\" data-widget_type=\"text-editor.default\">\n\t\t\t\t<div class=\"elementor-widget-container\">\n\t\t\t\t\t\t\t\t\t<p><span style=\"font-weight: 400;\">La <\/span><a href=\"https:\/\/www.instagram.com\/gisgrenada\/p\/DDcbxDlp6Ey\/\" target=\"_blank\" rel=\"noopener nofollow\"><b>croissance du tourisme<\/b><\/a><span style=\"font-weight: 400;\"> \u00e0 <a href=\"https:\/\/richeskarayib.com\/fr\/grenade-nouveau-service-de-vols-intra-caraibes-de-sunrise-airways\/\" target=\"_blank\" rel=\"noopener\">Grenade<\/a> est un sujet qui m\u00e9rite d\u2019\u00eatre c\u00e9l\u00e9br\u00e9. En effet, l\u2019\u00eele a enregistr\u00e9 un impressionnant total de 26 mois de croissance continue depuis septembre 2022, selon l\u2019annonce faite par l\u2019Autorit\u00e9 du tourisme de Grenade (GTA). Cet article met en lumi\u00e8re les raisons derri\u00e8re ce succ\u00e8s remarquable et ce que cela signifie pour l&#8217;avenir de l&#8217;\u00eele.<\/span><\/p>\t\t\t\t\t\t\t\t<\/div>\n\t\t\t\t<\/div>\n\t\t\t\t\t<\/div>\n\t\t<\/div>\n\t\t\t\t\t<\/div>\n\t\t<\/section>\n\t\t\t\t\t<\/div>\n\t\t<\/div>\n\t\t\t\t\t<\/div>\n\t\t<\/section>\n\t\t\t\t<section class=\"elementor-section elementor-top-section elementor-element elementor-element-1389640 elementor-section-boxed elementor-section-height-default elementor-section-height-default\" data-id=\"1389640\" data-element_type=\"section\">\n\t\t\t\t\t\t<div class=\"elementor-container elementor-column-gap-default\">\n\t\t\t\t\t<div class=\"elementor-column elementor-col-100 elementor-top-column elementor-element elementor-element-62f5301\" data-id=\"62f5301\" data-element_type=\"column\">\n\t\t\t<div class=\"elementor-widget-wrap elementor-element-populated\">\n\t\t\t\t\t\t<div class=\"elementor-element elementor-element-07fed6e elementor-widget elementor-widget-heading\" data-id=\"07fed6e\" data-element_type=\"widget\" data-widget_type=\"heading.default\">\n\t\t\t\t<div class=\"elementor-widget-container\">\n\t\t\t\t\t<h2 class=\"elementor-heading-title elementor-size-default\">Une augmentation significative des visiteurs<\/h2>\t\t\t\t<\/div>\n\t\t\t\t<\/div>\n\t\t\t\t<div class=\"elementor-element elementor-element-5a71e13 elementor-widget elementor-widget-text-editor\" data-id=\"5a71e13\" data-element_type=\"widget\" data-widget_type=\"text-editor.default\">\n\t\t\t\t<div class=\"elementor-widget-container\">\n\t\t\t\t\t\t\t\t\t<p><span style=\"font-weight: 400;\">Au cours du premier trimestre de 2023, La <b>croissance du tourisme<\/b> \u00e0 Grenade a connu une hausse de 30 % des arriv\u00e9es de visiteurs, atteignant un pic historique de plus de 20 000 visiteurs en un seul mois en d\u00e9cembre. Cette tendance positive s&#8217;est poursuivie en 2024, avec une augmentation de 17 % par rapport \u00e0 l&#8217;ann\u00e9e pr\u00e9c\u00e9dente. Le mois de f\u00e9vrier 2024 a particuli\u00e8rement brill\u00e9 avec 19 608 arriv\u00e9es, repr\u00e9sentant une augmentation de 31,7 % par rapport \u00e0 f\u00e9vrier 2023.<\/span><\/p><p><span style=\"font-weight: 400;\">Cette forte affluence de visiteurs montre que Grenade s\u2019impose comme une destination pris\u00e9e dans la Cara\u00efbe. Les touristes viennent non seulement pour ses plages idylliques, mais aussi pour son riche patrimoine culturel et ses \u00e9v\u00e9nements marquants.<\/span><\/p>\t\t\t\t\t\t\t\t<\/div>\n\t\t\t\t<\/div>\n\t\t\t\t<section class=\"elementor-section elementor-inner-section elementor-element elementor-element-bebc412 elementor-section-boxed elementor-section-height-default elementor-section-height-default\" data-id=\"bebc412\" data-element_type=\"section\">\n\t\t\t\t\t\t<div class=\"elementor-container elementor-column-gap-default\">\n\t\t\t\t\t<div class=\"elementor-column elementor-col-20 elementor-inner-column elementor-element elementor-element-8f726ce\" data-id=\"8f726ce\" data-element_type=\"column\">\n\t\t\t<div class=\"elementor-widget-wrap elementor-element-populated\">\n\t\t\t\t\t\t<div class=\"elementor-element elementor-element-d8c89d7 elementor-widget elementor-widget-image\" data-id=\"d8c89d7\" data-element_type=\"widget\" data-widget_type=\"image.default\">\n\t\t\t\t<div class=\"elementor-widget-container\">\n\t\t\t\t\t\t\t\t\t\t\t\t<figure class=\"wp-caption\">\n\t\t\t\t\t\t\t\t\t\t<img fetchpriority=\"high\" decoding=\"async\" width=\"800\" height=\"503\" src=\"https:\/\/richeskarayib.com\/wp-content\/uploads\/2024\/12\/stock-photo-caribbean-the-island-of-grenada-grenada-is-a-country-and-an-island-located-in-the-southern-part-1505087480-Modifie-1024x644.jpg\" class=\"attachment-large size-large wp-image-42476\" alt=\"Croissance du tourisme\" srcset=\"https:\/\/richeskarayib.com\/wp-content\/uploads\/2024\/12\/stock-photo-caribbean-the-island-of-grenada-grenada-is-a-country-and-an-island-located-in-the-southern-part-1505087480-Modifie-1024x644.jpg 1024w, https:\/\/richeskarayib.com\/wp-content\/uploads\/2024\/12\/stock-photo-caribbean-the-island-of-grenada-grenada-is-a-country-and-an-island-located-in-the-southern-part-1505087480-Modifie-300x189.jpg 300w, https:\/\/richeskarayib.com\/wp-content\/uploads\/2024\/12\/stock-photo-caribbean-the-island-of-grenada-grenada-is-a-country-and-an-island-located-in-the-southern-part-1505087480-Modifie-768x483.jpg 768w, https:\/\/richeskarayib.com\/wp-content\/uploads\/2024\/12\/stock-photo-caribbean-the-island-of-grenada-grenada-is-a-country-and-an-island-located-in-the-southern-part-1505087480-Modifie-1320x831.jpg 1320w, https:\/\/richeskarayib.com\/wp-content\/uploads\/2024\/12\/stock-photo-caribbean-the-island-of-grenada-grenada-is-a-country-and-an-island-located-in-the-southern-part-1505087480-Modifie.jpg 1500w\" sizes=\"(max-width: 800px) 100vw, 800px\" \/>\t\t\t\t\t\t\t\t\t\t\t<figcaption class=\"widget-image-caption wp-caption-text\">Grenade<\/figcaption>\n\t\t\t\t\t\t\t\t\t\t<\/figure>\n\t\t\t\t\t\t\t\t\t<\/div>\n\t\t\t\t<\/div>\n\t\t\t\t\t<\/div>\n\t\t<\/div>\n\t\t\t\t<div class=\"elementor-column elementor-col-20 elementor-inner-column elementor-element elementor-element-58a6bce\" data-id=\"58a6bce\" data-element_type=\"column\">\n\t\t\t<div class=\"elementor-widget-wrap elementor-element-populated\">\n\t\t\t\t\t\t<div class=\"elementor-element elementor-element-1f62bde elementor-widget elementor-widget-image\" data-id=\"1f62bde\" data-element_type=\"widget\" data-widget_type=\"image.default\">\n\t\t\t\t<div class=\"elementor-widget-container\">\n\t\t\t\t\t\t\t\t\t\t\t\t<figure class=\"wp-caption\">\n\t\t\t\t\t\t\t\t\t\t<img decoding=\"async\" width=\"800\" height=\"532\" src=\"https:\/\/richeskarayib.com\/wp-content\/uploads\/2024\/12\/stock-photo-historic-old-buildings-along-the-carenage-in-downtown-st-george-s-2223995129-Modifie-1024x681.jpg\" class=\"attachment-large size-large wp-image-42480\" alt=\"Croissance du tourisme\" srcset=\"https:\/\/richeskarayib.com\/wp-content\/uploads\/2024\/12\/stock-photo-historic-old-buildings-along-the-carenage-in-downtown-st-george-s-2223995129-Modifie-1024x681.jpg 1024w, https:\/\/richeskarayib.com\/wp-content\/uploads\/2024\/12\/stock-photo-historic-old-buildings-along-the-carenage-in-downtown-st-george-s-2223995129-Modifie-300x200.jpg 300w, https:\/\/richeskarayib.com\/wp-content\/uploads\/2024\/12\/stock-photo-historic-old-buildings-along-the-carenage-in-downtown-st-george-s-2223995129-Modifie-768x511.jpg 768w, https:\/\/richeskarayib.com\/wp-content\/uploads\/2024\/12\/stock-photo-historic-old-buildings-along-the-carenage-in-downtown-st-george-s-2223995129-Modifie-1320x878.jpg 1320w, https:\/\/richeskarayib.com\/wp-content\/uploads\/2024\/12\/stock-photo-historic-old-buildings-along-the-carenage-in-downtown-st-george-s-2223995129-Modifie.jpg 1500w\" sizes=\"(max-width: 800px) 100vw, 800px\" \/>\t\t\t\t\t\t\t\t\t\t\t<figcaption class=\"widget-image-caption wp-caption-text\">Grenade<\/figcaption>\n\t\t\t\t\t\t\t\t\t\t<\/figure>\n\t\t\t\t\t\t\t\t\t<\/div>\n\t\t\t\t<\/div>\n\t\t\t\t\t<\/div>\n\t\t<\/div>\n\t\t\t\t<div class=\"elementor-column elementor-col-20 elementor-inner-column elementor-element elementor-element-5528add\" data-id=\"5528add\" data-element_type=\"column\">\n\t\t\t<div class=\"elementor-widget-wrap elementor-element-populated\">\n\t\t\t\t\t\t<div class=\"elementor-element elementor-element-2b16378 elementor-widget elementor-widget-image\" data-id=\"2b16378\" data-element_type=\"widget\" data-widget_type=\"image.default\">\n\t\t\t\t<div class=\"elementor-widget-container\">\n\t\t\t\t\t\t\t\t\t\t\t\t<figure class=\"wp-caption\">\n\t\t\t\t\t\t\t\t\t\t<img decoding=\"async\" width=\"800\" height=\"452\" src=\"https:\/\/richeskarayib.com\/wp-content\/uploads\/2024\/12\/stock-photo-inner-harbor-in-st-georges-with-cathedral-of-the-immaculate-conception-beyond-grenada-west-indies-2412856965-Modifie-1024x578.jpg\" class=\"attachment-large size-large wp-image-42484\" alt=\"Croissance du tourisme\" srcset=\"https:\/\/richeskarayib.com\/wp-content\/uploads\/2024\/12\/stock-photo-inner-harbor-in-st-georges-with-cathedral-of-the-immaculate-conception-beyond-grenada-west-indies-2412856965-Modifie-1024x578.jpg 1024w, https:\/\/richeskarayib.com\/wp-content\/uploads\/2024\/12\/stock-photo-inner-harbor-in-st-georges-with-cathedral-of-the-immaculate-conception-beyond-grenada-west-indies-2412856965-Modifie-300x169.jpg 300w, https:\/\/richeskarayib.com\/wp-content\/uploads\/2024\/12\/stock-photo-inner-harbor-in-st-georges-with-cathedral-of-the-immaculate-conception-beyond-grenada-west-indies-2412856965-Modifie-768x433.jpg 768w, https:\/\/richeskarayib.com\/wp-content\/uploads\/2024\/12\/stock-photo-inner-harbor-in-st-georges-with-cathedral-of-the-immaculate-conception-beyond-grenada-west-indies-2412856965-Modifie-1320x744.jpg 1320w, https:\/\/richeskarayib.com\/wp-content\/uploads\/2024\/12\/stock-photo-inner-harbor-in-st-georges-with-cathedral-of-the-immaculate-conception-beyond-grenada-west-indies-2412856965-Modifie.jpg 1500w\" sizes=\"(max-width: 800px) 100vw, 800px\" \/>\t\t\t\t\t\t\t\t\t\t\t<figcaption class=\"widget-image-caption wp-caption-text\">Grenade<\/figcaption>\n\t\t\t\t\t\t\t\t\t\t<\/figure>\n\t\t\t\t\t\t\t\t\t<\/div>\n\t\t\t\t<\/div>\n\t\t\t\t\t<\/div>\n\t\t<\/div>\n\t\t\t\t<div class=\"elementor-column elementor-col-20 elementor-inner-column elementor-element elementor-element-92d449f\" data-id=\"92d449f\" data-element_type=\"column\">\n\t\t\t<div class=\"elementor-widget-wrap elementor-element-populated\">\n\t\t\t\t\t\t<div class=\"elementor-element elementor-element-83e19b0 elementor-widget elementor-widget-image\" data-id=\"83e19b0\" data-element_type=\"widget\" data-widget_type=\"image.default\">\n\t\t\t\t<div class=\"elementor-widget-container\">\n\t\t\t\t\t\t\t\t\t\t\t\t<figure class=\"wp-caption\">\n\t\t\t\t\t\t\t\t\t\t<img loading=\"lazy\" decoding=\"async\" width=\"800\" height=\"450\" src=\"https:\/\/richeskarayib.com\/wp-content\/uploads\/2024\/12\/stock-photo-tropical-white-sandbar-in-the-middle-of-the-caribbean-sea-exotic-deserted-island-in-the-ocean-with-1410951608-Modifie-1024x576.jpg\" class=\"attachment-large size-large wp-image-42488\" alt=\"Croissance du tourisme\" srcset=\"https:\/\/richeskarayib.com\/wp-content\/uploads\/2024\/12\/stock-photo-tropical-white-sandbar-in-the-middle-of-the-caribbean-sea-exotic-deserted-island-in-the-ocean-with-1410951608-Modifie-1024x576.jpg 1024w, https:\/\/richeskarayib.com\/wp-content\/uploads\/2024\/12\/stock-photo-tropical-white-sandbar-in-the-middle-of-the-caribbean-sea-exotic-deserted-island-in-the-ocean-with-1410951608-Modifie-300x169.jpg 300w, https:\/\/richeskarayib.com\/wp-content\/uploads\/2024\/12\/stock-photo-tropical-white-sandbar-in-the-middle-of-the-caribbean-sea-exotic-deserted-island-in-the-ocean-with-1410951608-Modifie-768x432.jpg 768w, https:\/\/richeskarayib.com\/wp-content\/uploads\/2024\/12\/stock-photo-tropical-white-sandbar-in-the-middle-of-the-caribbean-sea-exotic-deserted-island-in-the-ocean-with-1410951608-Modifie-1320x743.jpg 1320w, https:\/\/richeskarayib.com\/wp-content\/uploads\/2024\/12\/stock-photo-tropical-white-sandbar-in-the-middle-of-the-caribbean-sea-exotic-deserted-island-in-the-ocean-with-1410951608-Modifie.jpg 1500w\" sizes=\"(max-width: 800px) 100vw, 800px\" \/>\t\t\t\t\t\t\t\t\t\t\t<figcaption class=\"widget-image-caption wp-caption-text\">Grenade<\/figcaption>\n\t\t\t\t\t\t\t\t\t\t<\/figure>\n\t\t\t\t\t\t\t\t\t<\/div>\n\t\t\t\t<\/div>\n\t\t\t\t\t<\/div>\n\t\t<\/div>\n\t\t\t\t<div class=\"elementor-column elementor-col-20 elementor-inner-column elementor-element elementor-element-771545f\" data-id=\"771545f\" data-element_type=\"column\">\n\t\t\t<div class=\"elementor-widget-wrap elementor-element-populated\">\n\t\t\t\t\t\t<div class=\"elementor-element elementor-element-f9aae3a elementor-widget elementor-widget-image\" data-id=\"f9aae3a\" data-element_type=\"widget\" data-widget_type=\"image.default\">\n\t\t\t\t<div class=\"elementor-widget-container\">\n\t\t\t\t\t\t\t\t\t\t\t\t<figure class=\"wp-caption\">\n\t\t\t\t\t\t\t\t\t\t<img loading=\"lazy\" decoding=\"async\" width=\"800\" height=\"532\" src=\"https:\/\/richeskarayib.com\/wp-content\/uploads\/2024\/12\/stock-photo-view-over-the-harbour-with-luxury-yacht-moored-at-st-george-s-with-town-houses-on-the-hillsides-1769412620-Modifie-1024x681.jpg\" class=\"attachment-large size-large wp-image-42492\" alt=\"Croissance du tourisme\" srcset=\"https:\/\/richeskarayib.com\/wp-content\/uploads\/2024\/12\/stock-photo-view-over-the-harbour-with-luxury-yacht-moored-at-st-george-s-with-town-houses-on-the-hillsides-1769412620-Modifie-1024x681.jpg 1024w, https:\/\/richeskarayib.com\/wp-content\/uploads\/2024\/12\/stock-photo-view-over-the-harbour-with-luxury-yacht-moored-at-st-george-s-with-town-houses-on-the-hillsides-1769412620-Modifie-300x200.jpg 300w, https:\/\/richeskarayib.com\/wp-content\/uploads\/2024\/12\/stock-photo-view-over-the-harbour-with-luxury-yacht-moored-at-st-george-s-with-town-houses-on-the-hillsides-1769412620-Modifie-768x511.jpg 768w, https:\/\/richeskarayib.com\/wp-content\/uploads\/2024\/12\/stock-photo-view-over-the-harbour-with-luxury-yacht-moored-at-st-george-s-with-town-houses-on-the-hillsides-1769412620-Modifie-1320x878.jpg 1320w, https:\/\/richeskarayib.com\/wp-content\/uploads\/2024\/12\/stock-photo-view-over-the-harbour-with-luxury-yacht-moored-at-st-george-s-with-town-houses-on-the-hillsides-1769412620-Modifie.jpg 1500w\" sizes=\"(max-width: 800px) 100vw, 800px\" \/>\t\t\t\t\t\t\t\t\t\t\t<figcaption class=\"widget-image-caption wp-caption-text\">Grenade<\/figcaption>\n\t\t\t\t\t\t\t\t\t\t<\/figure>\n\t\t\t\t\t\t\t\t\t<\/div>\n\t\t\t\t<\/div>\n\t\t\t\t\t<\/div>\n\t\t<\/div>\n\t\t\t\t\t<\/div>\n\t\t<\/section>\n\t\t\t\t\t<\/div>\n\t\t<\/div>\n\t\t\t\t\t<\/div>\n\t\t<\/section>\n\t\t\t\t<section class=\"elementor-section elementor-top-section elementor-element elementor-element-a7a4b32 elementor-section-boxed elementor-section-height-default elementor-section-height-default\" data-id=\"a7a4b32\" data-element_type=\"section\">\n\t\t\t\t\t\t<div class=\"elementor-container elementor-column-gap-default\">\n\t\t\t\t\t<div class=\"elementor-column elementor-col-100 elementor-top-column elementor-element elementor-element-f79b573\" data-id=\"f79b573\" data-element_type=\"column\">\n\t\t\t<div class=\"elementor-widget-wrap elementor-element-populated\">\n\t\t\t\t\t\t<div class=\"elementor-element elementor-element-c00f5b2 elementor-widget elementor-widget-heading\" data-id=\"c00f5b2\" data-element_type=\"widget\" data-widget_type=\"heading.default\">\n\t\t\t\t<div class=\"elementor-widget-container\">\n\t\t\t\t\t<h2 class=\"elementor-heading-title elementor-size-default\">C\u00e9l\u00e9brations marquantes et \u00e9v\u00e9nements<\/h2>\t\t\t\t<\/div>\n\t\t\t\t<\/div>\n\t\t\t\t<section class=\"elementor-section elementor-inner-section elementor-element elementor-element-a24e32c elementor-section-boxed elementor-section-height-default elementor-section-height-default\" data-id=\"a24e32c\" data-element_type=\"section\">\n\t\t\t\t\t\t<div class=\"elementor-container elementor-column-gap-default\">\n\t\t\t\t\t<div class=\"elementor-column elementor-col-100 elementor-inner-column elementor-element elementor-element-31f95b2\" data-id=\"31f95b2\" data-element_type=\"column\">\n\t\t\t<div class=\"elementor-widget-wrap elementor-element-populated\">\n\t\t\t\t\t\t<div class=\"elementor-element elementor-element-0e46832 elementor-widget elementor-widget-text-editor\" data-id=\"0e46832\" data-element_type=\"widget\" data-widget_type=\"text-editor.default\">\n\t\t\t\t<div class=\"elementor-widget-container\">\n\t\t\t\t\t\t\t\t\t<p><span style=\"font-weight: 400;\">Une partie de cette <\/span><a href=\"https:\/\/www.puregrenada.com\/fr\/\" target=\"_blank\" rel=\"noopener nofollow\"><b>croissance du tourisme<\/b><\/a><span style=\"font-weight: 400;\"> impressionnante peut \u00eatre attribu\u00e9e aux c\u00e9l\u00e9brations du 50e anniversaire de l&#8217;ind\u00e9pendance de Grenade, qui ont attir\u00e9 des voyageurs de march\u00e9s internationaux cl\u00e9s. Petra Roach, PDG de l&#8217;Autorit\u00e9 du tourisme de Grenade, a d\u00e9clar\u00e9 : &#8220;Cet exploit de 26 mois de croissance positive est un moment de fiert\u00e9 pour Grenade&#8221;. Ces \u00e9v\u00e9nements annuels, qui c\u00e9l\u00e8brent la culture et l\u2019histoire de l\u2019\u00eele, contribuent \u00e0 renforcer son attrait touristique.<\/span><\/p>\t\t\t\t\t\t\t\t<\/div>\n\t\t\t\t<\/div>\n\t\t\t\t\t<\/div>\n\t\t<\/div>\n\t\t\t\t\t<\/div>\n\t\t<\/section>\n\t\t\t\t\t<\/div>\n\t\t<\/div>\n\t\t\t\t\t<\/div>\n\t\t<\/section>\n\t\t\t\t<section class=\"elementor-section elementor-top-section elementor-element elementor-element-a95c33f elementor-section-boxed elementor-section-height-default elementor-section-height-default\" data-id=\"a95c33f\" data-element_type=\"section\">\n\t\t\t\t\t\t<div class=\"elementor-container elementor-column-gap-default\">\n\t\t\t\t\t<div class=\"elementor-column elementor-col-100 elementor-top-column elementor-element elementor-element-d2ff6a2\" data-id=\"d2ff6a2\" data-element_type=\"column\">\n\t\t\t<div class=\"elementor-widget-wrap elementor-element-populated\">\n\t\t\t\t\t\t<div class=\"elementor-element elementor-element-8de7f5e elementor-widget elementor-widget-heading\" data-id=\"8de7f5e\" data-element_type=\"widget\" data-widget_type=\"heading.default\">\n\t\t\t\t<div class=\"elementor-widget-container\">\n\t\t\t\t\t<h2 class=\"elementor-heading-title elementor-size-default\">Facteurs cl\u00e9s de la r\u00e9ussite<\/h2>\t\t\t\t<\/div>\n\t\t\t\t<\/div>\n\t\t\t\t<section class=\"elementor-section elementor-inner-section elementor-element elementor-element-72ef417 elementor-section-boxed elementor-section-height-default elementor-section-height-default\" data-id=\"72ef417\" data-element_type=\"section\">\n\t\t\t\t\t\t<div class=\"elementor-container elementor-column-gap-default\">\n\t\t\t\t\t<div class=\"elementor-column elementor-col-100 elementor-inner-column elementor-element elementor-element-4320b47\" data-id=\"4320b47\" data-element_type=\"column\">\n\t\t\t<div class=\"elementor-widget-wrap elementor-element-populated\">\n\t\t\t\t\t\t<div class=\"elementor-element elementor-element-a37caff elementor-widget elementor-widget-text-editor\" data-id=\"a37caff\" data-element_type=\"widget\" data-widget_type=\"text-editor.default\">\n\t\t\t\t<div class=\"elementor-widget-container\">\n\t\t\t\t\t\t\t\t\t<p><span style=\"font-weight: 400;\">Plusieurs facteurs ont contribu\u00e9 \u00e0 cette <b>croissance du tourisme<\/b>. Parmi eux, l&#8217;augmentation de la connectivit\u00e9 a\u00e9rienne gr\u00e2ce \u00e0 de nouvelles liaisons avec des compagnies a\u00e9riennes telles que JetBlue, Air Canada et WestJet. De plus, l&#8217;ajout de deux propri\u00e9t\u00e9s de luxe, Six Senses et Silversands Beach House, a renforc\u00e9 l&#8217;attrait de l&#8217;\u00eele pour les visiteurs haut de gamme. Ces investissements dans l&#8217;h\u00f4tellerie et les infrastructures signalent une confiance croissante dans le potentiel touristique de Grenade.<\/span><\/p>\t\t\t\t\t\t\t\t<\/div>\n\t\t\t\t<\/div>\n\t\t\t\t\t<\/div>\n\t\t<\/div>\n\t\t\t\t\t<\/div>\n\t\t<\/section>\n\t\t\t\t\t<\/div>\n\t\t<\/div>\n\t\t\t\t\t<\/div>\n\t\t<\/section>\n\t\t\t\t<section class=\"elementor-section elementor-top-section elementor-element elementor-element-b9655ad elementor-section-boxed elementor-section-height-default elementor-section-height-default\" data-id=\"b9655ad\" data-element_type=\"section\">\n\t\t\t\t\t\t<div class=\"elementor-container elementor-column-gap-default\">\n\t\t\t\t\t<div class=\"elementor-column elementor-col-100 elementor-top-column elementor-element elementor-element-a65bce4\" data-id=\"a65bce4\" data-element_type=\"column\">\n\t\t\t<div class=\"elementor-widget-wrap elementor-element-populated\">\n\t\t\t\t\t\t<div class=\"elementor-element elementor-element-c41a73b elementor-widget elementor-widget-heading\" data-id=\"c41a73b\" data-element_type=\"widget\" data-widget_type=\"heading.default\">\n\t\t\t\t<div class=\"elementor-widget-container\">\n\t\t\t\t\t<h2 class=\"elementor-heading-title elementor-size-default\">Reconnaissance internationale<\/h2>\t\t\t\t<\/div>\n\t\t\t\t<\/div>\n\t\t\t\t<section class=\"elementor-section elementor-inner-section elementor-element elementor-element-7a58c63 elementor-section-boxed elementor-section-height-default elementor-section-height-default\" data-id=\"7a58c63\" data-element_type=\"section\">\n\t\t\t\t\t\t<div class=\"elementor-container elementor-column-gap-default\">\n\t\t\t\t\t<div class=\"elementor-column elementor-col-100 elementor-inner-column elementor-element elementor-element-96383e5\" data-id=\"96383e5\" data-element_type=\"column\">\n\t\t\t<div class=\"elementor-widget-wrap elementor-element-populated\">\n\t\t\t\t\t\t<div class=\"elementor-element elementor-element-8abb4ac elementor-widget elementor-widget-text-editor\" data-id=\"8abb4ac\" data-element_type=\"widget\" data-widget_type=\"text-editor.default\">\n\t\t\t\t<div class=\"elementor-widget-container\">\n\t\t\t\t\t\t\t\t\t<p><span style=\"font-weight: 400;\">Grenade a \u00e9galement re\u00e7u une reconnaissance internationale gr\u00e2ce \u00e0 des r\u00e9compenses d\u00e9cern\u00e9es par des publications prestigieuses telles que Cond\u00e9 Nast Traveler et USA Today. Ces distinctions ont contribu\u00e9 \u00e0 positionner Grenade comme une destination incontournable dans la r\u00e9gion des Cara\u00efbes. De telles reconnaissances valorisent non seulement l&#8217;\u00eele, mais elles encouragent \u00e9galement de nouveaux investisseurs \u00e0 s&#8217;int\u00e9resser \u00e0 son secteur touristique.<\/span><\/p>\t\t\t\t\t\t\t\t<\/div>\n\t\t\t\t<\/div>\n\t\t\t\t\t<\/div>\n\t\t<\/div>\n\t\t\t\t\t<\/div>\n\t\t<\/section>\n\t\t\t\t\t<\/div>\n\t\t<\/div>\n\t\t\t\t\t<\/div>\n\t\t<\/section>\n\t\t\t\t<section class=\"elementor-section elementor-top-section elementor-element elementor-element-72cf03a elementor-section-boxed elementor-section-height-default elementor-section-height-default\" data-id=\"72cf03a\" data-element_type=\"section\">\n\t\t\t\t\t\t<div class=\"elementor-container elementor-column-gap-default\">\n\t\t\t\t\t<div class=\"elementor-column elementor-col-100 elementor-top-column elementor-element elementor-element-b54309d\" data-id=\"b54309d\" data-element_type=\"column\">\n\t\t\t<div class=\"elementor-widget-wrap elementor-element-populated\">\n\t\t\t\t\t\t<div class=\"elementor-element elementor-element-981112b elementor-widget elementor-widget-heading\" data-id=\"981112b\" data-element_type=\"widget\" data-widget_type=\"heading.default\">\n\t\t\t\t<div class=\"elementor-widget-container\">\n\t\t\t\t\t<h2 class=\"elementor-heading-title elementor-size-default\">Attractions sous-marines remarquables<\/h2>\t\t\t\t<\/div>\n\t\t\t\t<\/div>\n\t\t\t\t<section class=\"elementor-section elementor-inner-section elementor-element elementor-element-360e343 elementor-section-boxed elementor-section-height-default elementor-section-height-default\" data-id=\"360e343\" data-element_type=\"section\">\n\t\t\t\t\t\t<div class=\"elementor-container elementor-column-gap-default\">\n\t\t\t\t\t<div class=\"elementor-column elementor-col-100 elementor-inner-column elementor-element elementor-element-2321971\" data-id=\"2321971\" data-element_type=\"column\">\n\t\t\t<div class=\"elementor-widget-wrap elementor-element-populated\">\n\t\t\t\t\t\t<div class=\"elementor-element elementor-element-67c1e8e elementor-widget elementor-widget-text-editor\" data-id=\"67c1e8e\" data-element_type=\"widget\" data-widget_type=\"text-editor.default\">\n\t\t\t\t<div class=\"elementor-widget-container\">\n\t\t\t\t\t\t\t\t\t<p>Les attractions sous-marines jouent un r\u00f4le crucial dans l<span style=\"font-weight: 400;\">a <\/span><b>croissance du tourisme<\/b> \u00e0 Grenade. L&#8217;expansion du parc de sculptures sous-marines de Molinere et le lancement du parc de sculptures sous-marines de Carriacou ont solidifi\u00e9 la r\u00e9putation de Grenade en tant que destination de plong\u00e9e de premier choix. Ces initiatives attirent non seulement les plongeurs, mais aussi les amateurs d&#8217;art et de culture.<\/p>\t\t\t\t\t\t\t\t<\/div>\n\t\t\t\t<\/div>\n\t\t\t\t<div class=\"elementor-element elementor-element-b9b1e53 elementor-widget elementor-widget-text-editor\" data-id=\"b9b1e53\" data-element_type=\"widget\" data-widget_type=\"text-editor.default\">\n\t\t\t\t<div class=\"elementor-widget-container\">\n\t\t\t\t\t\t\t\t\t<p><span style=\"font-weight: 400;\">Grenade est connue pour sa biodiversit\u00e9 marine exceptionnelle, et ces sculptures sous-marines offrent une exp\u00e9rience unique qui combine art et nature. Les plongeurs peuvent explorer des \u0153uvres d&#8217;art tout en d\u00e9couvrant la faune marine locale, ce qui renforce l&#8217;attrait de l&#8217;\u00eele pour les amateurs de sports nautiques.<\/span><\/p>\t\t\t\t\t\t\t\t<\/div>\n\t\t\t\t<\/div>\n\t\t\t\t\t<\/div>\n\t\t<\/div>\n\t\t\t\t\t<\/div>\n\t\t<\/section>\n\t\t\t\t\t<\/div>\n\t\t<\/div>\n\t\t\t\t\t<\/div>\n\t\t<\/section>\n\t\t\t\t<section class=\"elementor-section elementor-top-section elementor-element elementor-element-a5fdb9d elementor-section-boxed elementor-section-height-default elementor-section-height-default\" data-id=\"a5fdb9d\" data-element_type=\"section\">\n\t\t\t\t\t\t<div class=\"elementor-container elementor-column-gap-default\">\n\t\t\t\t\t<div class=\"elementor-column elementor-col-100 elementor-top-column elementor-element elementor-element-ca2ec48\" data-id=\"ca2ec48\" data-element_type=\"column\">\n\t\t\t<div class=\"elementor-widget-wrap elementor-element-populated\">\n\t\t\t\t\t\t<div class=\"elementor-element elementor-element-d74fff7 elementor-widget elementor-widget-heading\" data-id=\"d74fff7\" data-element_type=\"widget\" data-widget_type=\"heading.default\">\n\t\t\t\t<div class=\"elementor-widget-container\">\n\t\t\t\t\t<h2 class=\"elementor-heading-title elementor-size-default\">Impact des m\u00e9dias<\/h2>\t\t\t\t<\/div>\n\t\t\t\t<\/div>\n\t\t\t\t<section class=\"elementor-section elementor-inner-section elementor-element elementor-element-7f7938c elementor-section-boxed elementor-section-height-default elementor-section-height-default\" data-id=\"7f7938c\" data-element_type=\"section\">\n\t\t\t\t\t\t<div class=\"elementor-container elementor-column-gap-default\">\n\t\t\t\t\t<div class=\"elementor-column elementor-col-100 elementor-inner-column elementor-element elementor-element-edece08\" data-id=\"edece08\" data-element_type=\"column\">\n\t\t\t<div class=\"elementor-widget-wrap elementor-element-populated\">\n\t\t\t\t\t\t<div class=\"elementor-element elementor-element-84a57c2 elementor-widget elementor-widget-text-editor\" data-id=\"84a57c2\" data-element_type=\"widget\" data-widget_type=\"text-editor.default\">\n\t\t\t\t<div class=\"elementor-widget-container\">\n\t\t\t\t\t\t\t\t\t<p><span style=\"font-weight: 400;\">L&#8217;exposition m\u00e9diatique a \u00e9galement \u00e9t\u00e9 un atout majeur dans la <b>croissance du tourisme<\/b>. Des apparitions dans des s\u00e9ries t\u00e9l\u00e9vis\u00e9es comme &#8220;<\/span><i><span style=\"font-weight: 400;\">The Fortune Hotel&#8221;<\/span><\/i><span style=\"font-weight: 400;\"> et &#8220;<\/span><i><span style=\"font-weight: 400;\">Below Deck&#8221;<\/span><\/i><span style=\"font-weight: 400;\"> ont permis de faire d\u00e9couvrir l&#8217;\u00eele \u00e0 des millions de t\u00e9l\u00e9spectateurs \u00e0 travers le monde. Cette visibilit\u00e9 accrue a non seulement mis en avant la beaut\u00e9 naturelle de Grenade, mais a \u00e9galement suscit\u00e9 l&#8217;int\u00e9r\u00eat des voyageurs potentiels.<\/span><\/p><p><span style=\"font-weight: 400;\">Les m\u00e9dias jouent un r\u00f4le essentiel dans la <b>croissance du tourisme <\/b>et dans\u00a0 la promotion des destinations touristiques. Par cons\u00e9quent, cette exposition a un impact direct sur le nombre de r\u00e9servations et l&#8217;int\u00e9r\u00eat g\u00e9n\u00e9ral pour Grenade.<\/span><\/p>\t\t\t\t\t\t\t\t<\/div>\n\t\t\t\t<\/div>\n\t\t\t\t\t<\/div>\n\t\t<\/div>\n\t\t\t\t\t<\/div>\n\t\t<\/section>\n\t\t\t\t\t<\/div>\n\t\t<\/div>\n\t\t\t\t\t<\/div>\n\t\t<\/section>\n\t\t\t\t<section class=\"elementor-section elementor-top-section elementor-element elementor-element-abde198 elementor-section-boxed elementor-section-height-default elementor-section-height-default\" data-id=\"abde198\" data-element_type=\"section\">\n\t\t\t\t\t\t<div class=\"elementor-container elementor-column-gap-default\">\n\t\t\t\t\t<div class=\"elementor-column elementor-col-100 elementor-top-column elementor-element elementor-element-033cf68\" data-id=\"033cf68\" data-element_type=\"column\">\n\t\t\t<div class=\"elementor-widget-wrap elementor-element-populated\">\n\t\t\t\t\t\t<div class=\"elementor-element elementor-element-2847e70 elementor-widget elementor-widget-heading\" data-id=\"2847e70\" data-element_type=\"widget\" data-widget_type=\"heading.default\">\n\t\t\t\t<div class=\"elementor-widget-container\">\n\t\t\t\t\t<h2 class=\"elementor-heading-title elementor-size-default\">Collaboration et d\u00e9vouement<\/h2>\t\t\t\t<\/div>\n\t\t\t\t<\/div>\n\t\t\t\t<section class=\"elementor-section elementor-inner-section elementor-element elementor-element-78a936a elementor-section-boxed elementor-section-height-default elementor-section-height-default\" data-id=\"78a936a\" data-element_type=\"section\">\n\t\t\t\t\t\t<div class=\"elementor-container elementor-column-gap-default\">\n\t\t\t\t\t<div class=\"elementor-column elementor-col-100 elementor-inner-column elementor-element elementor-element-5e44021\" data-id=\"5e44021\" data-element_type=\"column\">\n\t\t\t<div class=\"elementor-widget-wrap elementor-element-populated\">\n\t\t\t\t\t\t<div class=\"elementor-element elementor-element-362f182 elementor-widget elementor-widget-text-editor\" data-id=\"362f182\" data-element_type=\"widget\" data-widget_type=\"text-editor.default\">\n\t\t\t\t<div class=\"elementor-widget-container\">\n\t\t\t\t\t\t\t\t\t<p><span style=\"font-weight: 400;\">Randall Dolland, pr\u00e9sident de l&#8217;Autorit\u00e9 du tourisme de Grenade, a soulign\u00e9 l&#8217;importance de l&#8217;effort collaboratif derri\u00e8re cette r\u00e9ussite. &#8220;La capacit\u00e9 de Grenade \u00e0 attirer et \u00e0 fid\u00e9liser des visiteurs est un reflet direct de la d\u00e9termination de nos parties prenantes, de la richesse de notre culture et de l&#8217;attrait durable de notre beaut\u00e9 naturelle&#8221;, a-t-il affirm\u00e9. Cette approche collaborative est essentielle pour maintenir le dynamisme du secteur touristique.<\/span><\/p>\t\t\t\t\t\t\t\t<\/div>\n\t\t\t\t<\/div>\n\t\t\t\t\t<\/div>\n\t\t<\/div>\n\t\t\t\t\t<\/div>\n\t\t<\/section>\n\t\t\t\t\t<\/div>\n\t\t<\/div>\n\t\t\t\t\t<\/div>\n\t\t<\/section>\n\t\t\t\t<section class=\"elementor-section elementor-top-section elementor-element elementor-element-5cd0f21 elementor-section-boxed elementor-section-height-default elementor-section-height-default\" data-id=\"5cd0f21\" data-element_type=\"section\">\n\t\t\t\t\t\t<div class=\"elementor-container elementor-column-gap-default\">\n\t\t\t\t\t<div class=\"elementor-column elementor-col-100 elementor-top-column elementor-element elementor-element-e2f9b5b\" data-id=\"e2f9b5b\" data-element_type=\"column\">\n\t\t\t<div class=\"elementor-widget-wrap elementor-element-populated\">\n\t\t\t\t\t\t<div class=\"elementor-element elementor-element-67b7d7b elementor-widget elementor-widget-heading\" data-id=\"67b7d7b\" data-element_type=\"widget\" data-widget_type=\"heading.default\">\n\t\t\t\t<div class=\"elementor-widget-container\">\n\t\t\t\t\t<h2 class=\"elementor-heading-title elementor-size-default\">Opportunit\u00e9s d'avenir pour le tourisme \u00e0 Grenade<\/h2>\t\t\t\t<\/div>\n\t\t\t\t<\/div>\n\t\t\t\t<section class=\"elementor-section elementor-inner-section elementor-element elementor-element-eca9e8d elementor-section-boxed elementor-section-height-default elementor-section-height-default\" data-id=\"eca9e8d\" data-element_type=\"section\">\n\t\t\t\t\t\t<div class=\"elementor-container elementor-column-gap-default\">\n\t\t\t\t\t<div class=\"elementor-column elementor-col-100 elementor-inner-column elementor-element elementor-element-5f7d35a\" data-id=\"5f7d35a\" data-element_type=\"column\">\n\t\t\t<div class=\"elementor-widget-wrap elementor-element-populated\">\n\t\t\t\t\t\t<div class=\"elementor-element elementor-element-f25c848 elementor-widget elementor-widget-text-editor\" data-id=\"f25c848\" data-element_type=\"widget\" data-widget_type=\"text-editor.default\">\n\t\t\t\t<div class=\"elementor-widget-container\">\n\t\t\t\t\t\t\t\t\t<p><span style=\"font-weight: 400;\">Avec une infrastructure en expansion et des projets futurs en cours, le potentiel de croissance pour le tourisme \u00e0 Grenade semble prometteur. Les autorit\u00e9s locales envisagent des initiatives suppl\u00e9mentaires pour diversifier l&#8217;offre touristique, notamment des circuits \u00e9cologiques, des \u00e9v\u00e9nements culturels et des exp\u00e9riences gastronomiques.<\/span><\/p>\t\t\t\t\t\t\t\t<\/div>\n\t\t\t\t<\/div>\n\t\t\t\t\t<\/div>\n\t\t<\/div>\n\t\t\t\t\t<\/div>\n\t\t<\/section>\n\t\t\t\t\t<\/div>\n\t\t<\/div>\n\t\t\t\t\t<\/div>\n\t\t<\/section>\n\t\t\t\t<section class=\"elementor-section elementor-top-section elementor-element elementor-element-a01a269 elementor-section-boxed elementor-section-height-default elementor-section-height-default\" data-id=\"a01a269\" data-element_type=\"section\">\n\t\t\t\t\t\t<div class=\"elementor-container elementor-column-gap-default\">\n\t\t\t\t\t<div class=\"elementor-column elementor-col-100 elementor-top-column elementor-element elementor-element-1c31bbd\" data-id=\"1c31bbd\" data-element_type=\"column\">\n\t\t\t<div class=\"elementor-widget-wrap elementor-element-populated\">\n\t\t\t\t\t\t<section class=\"elementor-section elementor-inner-section elementor-element elementor-element-c4da809 elementor-section-boxed elementor-section-height-default elementor-section-height-default\" data-id=\"c4da809\" data-element_type=\"section\">\n\t\t\t\t\t\t<div class=\"elementor-container elementor-column-gap-default\">\n\t\t\t\t\t<div class=\"elementor-column elementor-col-100 elementor-inner-column elementor-element elementor-element-1450e48\" data-id=\"1450e48\" data-element_type=\"column\">\n\t\t\t<div class=\"elementor-widget-wrap elementor-element-populated\">\n\t\t\t\t\t\t<div class=\"elementor-element elementor-element-31c8f7c elementor-widget elementor-widget-text-editor\" data-id=\"31c8f7c\" data-element_type=\"widget\" data-widget_type=\"text-editor.default\">\n\t\t\t\t<div class=\"elementor-widget-container\">\n\t\t\t\t\t\t\t\t\t<p><span style=\"font-weight: 400;\">La <\/span><a href=\"https:\/\/caribbean.loopnews.com\/content\/grenadas-tourism-sector-celebrates-26-consecutive-months-growth\" target=\"_blank\" rel=\"noopener nofollow\"><b>croissance du tourisme<\/b><\/a><span style=\"font-weight: 400;\"> \u00e0 Grenade est plus qu&#8217;un simple chiffre ; c&#8217;est le t\u00e9moignage d&#8217;une destination qui sait s\u00e9duire et retenir l&#8217;attention des voyageurs. Avec une infrastructure en expansion, des \u00e9v\u00e9nements marquants et une beaut\u00e9 naturelle \u00e0 couper le souffle, l&#8217;\u00eele est bien positionn\u00e9e pour continuer \u00e0 attirer des visiteurs dans les ann\u00e9es \u00e0 venir.<\/span><\/p>\t\t\t\t\t\t\t\t<\/div>\n\t\t\t\t<\/div>\n\t\t\t\t\t<\/div>\n\t\t<\/div>\n\t\t\t\t\t<\/div>\n\t\t<\/section>\n\t\t\t\t\t<\/div>\n\t\t<\/div>\n\t\t\t\t\t<\/div>\n\t\t<\/section>\n\t\t\t\t<\/div>\n\t\t","protected":false},"excerpt":{"rendered":"<p>La croissance du tourisme \u00e0 Grenade est un sujet qui m\u00e9rite d\u2019\u00eatre c\u00e9l\u00e9br\u00e9. En effet, l\u2019\u00eele a enregistr\u00e9 un impressionnant total de 26 mois de croissance continue depuis septembre 2022, selon l\u2019annonce faite par l\u2019Autorit\u00e9 du tourisme de Grenade (GTA). Cet article met en lumi\u00e8re les raisons derri\u00e8re ce succ\u00e8s remarquable et ce que cela [&hellip;]<\/p>\n","protected":false},"author":400,"featured_media":42468,"comment_status":"open","ping_status":"open","sticky":false,"template":"","format":"standard","meta":{"_acf_changed":false,"footnotes":""},"categories":[840],"tags":[1572,1643],"class_list":["post-42467","post","type-post","status-publish","format-standard","has-post-thumbnail","hentry","category-actus","tag-grenada-fr","tag-grenade"],"acf":[],"_links":{"self":[{"href":"https:\/\/richeskarayib.com\/fr\/wp-json\/wp\/v2\/posts\/42467","targetHints":{"allow":["GET"]}}],"collection":[{"href":"https:\/\/richeskarayib.com\/fr\/wp-json\/wp\/v2\/posts"}],"about":[{"href":"https:\/\/richeskarayib.com\/fr\/wp-json\/wp\/v2\/types\/post"}],"author":[{"embeddable":true,"href":"https:\/\/richeskarayib.com\/fr\/wp-json\/wp\/v2\/users\/400"}],"replies":[{"embeddable":true,"href":"https:\/\/richeskarayib.com\/fr\/wp-json\/wp\/v2\/comments?post=42467"}],"version-history":[{"count":0,"href":"https:\/\/richeskarayib.com\/fr\/wp-json\/wp\/v2\/posts\/42467\/revisions"}],"wp:featuredmedia":[{"embeddable":true,"href":"https:\/\/richeskarayib.com\/fr\/wp-json\/wp\/v2\/media\/42468"}],"wp:attachment":[{"href":"https:\/\/richeskarayib.com\/fr\/wp-json\/wp\/v2\/media?parent=42467"}],"wp:term":[{"taxonomy":"category","embeddable":true,"href":"https:\/\/richeskarayib.com\/fr\/wp-json\/wp\/v2\/categories?post=42467"},{"taxonomy":"post_tag","embeddable":true,"href":"https:\/\/richeskarayib.com\/fr\/wp-json\/wp\/v2\/tags?post=42467"}],"curies":[{"name":"wp","href":"https:\/\/api.w.org\/{rel}","templated":true}]}}