{"id":42500,"date":"2024-12-13T10:01:59","date_gmt":"2024-12-13T10:01:59","guid":{"rendered":"https:\/\/richeskarayib.com\/carnaval-de-trinite-et-tobago-traditions-et-identite\/"},"modified":"2024-12-13T11:55:06","modified_gmt":"2024-12-13T11:55:06","slug":"carnaval-de-trinite-et-tobago-traditions-rk","status":"publish","type":"post","link":"https:\/\/richeskarayib.com\/fr\/carnaval-de-trinite-et-tobago-traditions-rk\/","title":{"rendered":"Carnaval de Trinit\u00e9-et-Tobago : Traditions et identit\u00e9"},"content":{"rendered":"\t\t<div data-elementor-type=\"wp-post\" data-elementor-id=\"42500\" class=\"elementor elementor-42500 elementor-41862\" data-elementor-post-type=\"post\">\n\t\t\t\t\t\t<section class=\"elementor-section elementor-top-section elementor-element elementor-element-b6a4060 elementor-section-boxed elementor-section-height-default elementor-section-height-default\" data-id=\"b6a4060\" data-element_type=\"section\">\n\t\t\t\t\t\t<div class=\"elementor-container elementor-column-gap-default\">\n\t\t\t\t\t<div class=\"elementor-column elementor-col-100 elementor-top-column elementor-element elementor-element-83f828f\" data-id=\"83f828f\" data-element_type=\"column\">\n\t\t\t<div class=\"elementor-widget-wrap elementor-element-populated\">\n\t\t\t\t\t\t<div class=\"elementor-element elementor-element-d59dd5b elementor-widget elementor-widget-text-editor\" data-id=\"d59dd5b\" data-element_type=\"widget\" data-widget_type=\"text-editor.default\">\n\t\t\t\t<div class=\"elementor-widget-container\">\n\t\t\t\t\t\t\t\t\t<p><b>Le carnaval de <a href=\"https:\/\/richeskarayib.com\/fr\/les-armoiries-de-trinite-et-tobago-seront-ornees-dun-steelpan-et-remplaceront-les-navires-de-christophe-colomb-un-pas-audacieux-vers-lidentite-culturelle\/\" target=\"_blank\" rel=\"noopener\">Trinit\u00e9-et-Tobago<\/a><\/b><span style=\"font-weight: 400;\"> est l&#8217;un des plus embl\u00e9matiques et des plus <\/span>vibrants.  <span style=\"font-weight: 400;\">La f\u00eate des Cendres est l&#8217;un des plus grands festivals du monde. C\u00e9l\u00e9br\u00e9 chaque ann\u00e9e avant le mercredi des Cendres, cet \u00e9v\u00e9nement marque l&#8217;apog\u00e9e d&#8217;une s\u00e9rie de festivit\u00e9s exaltantes qui durent plusieurs mois.   <\/span><span style=\"font-weight: 400;\">.<\/span><\/p>\n\t\t\t\t\t\t\t\t<\/div>\n\t\t\t\t<\/div>\n\t\t\t\t\t<\/div>\n\t\t<\/div>\n\t\t\t\t\t<\/div>\n\t\t<\/section>\n\t\t\t\t<section class=\"elementor-section elementor-top-section elementor-element elementor-element-916790b elementor-section-boxed elementor-section-height-default elementor-section-height-default\" data-id=\"916790b\" data-element_type=\"section\">\n\t\t\t\t\t\t<div class=\"elementor-container elementor-column-gap-default\">\n\t\t\t\t\t<div class=\"elementor-column elementor-col-100 elementor-top-column elementor-element elementor-element-eba0c81\" data-id=\"eba0c81\" data-element_type=\"column\">\n\t\t\t<div class=\"elementor-widget-wrap elementor-element-populated\">\n\t\t\t\t\t\t<div class=\"elementor-element elementor-element-172a6ad elementor-widget elementor-widget-text-editor\" data-id=\"172a6ad\" data-element_type=\"widget\" data-widget_type=\"text-editor.default\">\n\t\t\t\t<div class=\"elementor-widget-container\">\n\t\t\t\t\t\t\t\t\t<p><span style=\"font-weight: 400;\">Le <\/span><b>Carnaval de Trinit\u00e9-et-Tobago<\/b><span style=\"font-weight: 400;\">  n&#8217;est pas seulement une c\u00e9l\u00e9bration de la musique, de la danse et de la cr\u00e9ativit\u00e9, mais joue \u00e9galement un r\u00f4le crucial dans la construction de l&#8217;identit\u00e9 nationale trinidadienne et togolaise. Cet article propose une analyse approfondie des riches traditions, des superbes costumes et de l&#8217;importance de l&#8217;\u00e9v\u00e9nement.   <\/span><b>Carnaval de Trinit\u00e9-et-Tobago<\/b><span style=\"font-weight: 400;\"> dans la culture locale tout en explorant ses origines, ses significations et ses impacts sociaux.<\/span><\/p>\n\t\t\t\t\t\t\t\t<\/div>\n\t\t\t\t<\/div>\n\t\t\t\t\t<\/div>\n\t\t<\/div>\n\t\t\t\t\t<\/div>\n\t\t<\/section>\n\t\t\t\t<section class=\"elementor-section elementor-top-section elementor-element elementor-element-81b7c64 elementor-section-boxed elementor-section-height-default elementor-section-height-default\" data-id=\"81b7c64\" data-element_type=\"section\">\n\t\t\t\t\t\t<div class=\"elementor-container elementor-column-gap-default\">\n\t\t\t\t\t<div class=\"elementor-column elementor-col-100 elementor-top-column elementor-element elementor-element-cce8092\" data-id=\"cce8092\" data-element_type=\"column\">\n\t\t\t<div class=\"elementor-widget-wrap elementor-element-populated\">\n\t\t\t\t\t\t<div class=\"elementor-element elementor-element-a18761d elementor-widget elementor-widget-heading\" data-id=\"a18761d\" data-element_type=\"widget\" data-widget_type=\"heading.default\">\n\t\t\t\t<div class=\"elementor-widget-container\">\n\t\t\t\t\t<h2 class=\"elementor-heading-title elementor-size-default\">Historique du carnaval<\/h2>\t\t\t\t<\/div>\n\t\t\t\t<\/div>\n\t\t\t\t<div class=\"elementor-element elementor-element-f4f4ff3 elementor-widget elementor-widget-text-editor\" data-id=\"f4f4ff3\" data-element_type=\"widget\" data-widget_type=\"text-editor.default\">\n\t\t\t\t<div class=\"elementor-widget-container\">\n\t\t\t\t\t\t\t\t\t<p><span style=\"font-weight: 400;\">Le <\/span><a href=\"https:\/\/visittrinidad.tt\/things-to-do\/carnival\/\" target=\"_blank\" rel=\"noopener nofollow\"><b>Carnaval de Trinit\u00e9-et-Tobago<\/b><\/a><span style=\"font-weight: 400;\">  trouve ses racines dans les c\u00e9l\u00e9brations d&#8217;avant Car\u00eame des colonisateurs europ\u00e9ens, m\u00e9lang\u00e9es aux traditions africaines dynamiques apport\u00e9es par les personnes r\u00e9duites en esclavage. Au fil des ans, la   <\/span><b>Carnaval de Trinit\u00e9-et-Tobago<\/b><span style=\"font-weight: 400;\">  a \u00e9volu\u00e9 en un m\u00e9lange unique de cultures, d&#8217;influences et de styles. Les premi\u00e8res manifestations de type carnaval ont \u00e9t\u00e9 observ\u00e9es au d\u00e9but du XVIIIe si\u00e8cle, lorsque les colons europ\u00e9ens ont commenc\u00e9 \u00e0 organiser des f\u00eates de pr\u00e9-car\u00eame.   <\/span><\/p>\n\t\t\t\t\t\t\t\t<\/div>\n\t\t\t\t<\/div>\n\t\t\t\t<div class=\"elementor-element elementor-element-0dfbd8b elementor-widget elementor-widget-text-editor\" data-id=\"0dfbd8b\" data-element_type=\"widget\" data-widget_type=\"text-editor.default\">\n\t\t\t\t<div class=\"elementor-widget-container\">\n\t\t\t\t\t\t\t\t\t<p><span style=\"font-weight: 400;\">Toutefois, c&#8217;est apr\u00e8s l&#8217;abolition de l&#8217;esclavage en 1834 que les esclaves affranchis ont pleinement particip\u00e9 \u00e0 ces c\u00e9l\u00e9brations palpitantes, apportant avec eux des \u00e9l\u00e9ments culturels qui ont enrichi le carnaval de Trinit\u00e9-et-Tobago. <\/span><b>Carnaval de Trinit\u00e9-et-Tobago<\/b><span style=\"font-weight: 400;\">.<\/span><\/p>\n\t\t\t\t\t\t\t\t<\/div>\n\t\t\t\t<\/div>\n\t\t\t\t<div class=\"elementor-element elementor-element-72c1b47 elementor-widget elementor-widget-text-editor\" data-id=\"72c1b47\" data-element_type=\"widget\" data-widget_type=\"text-editor.default\">\n\t\t\t\t<div class=\"elementor-widget-container\">\n\t\t\t\t\t\t\t\t\t<p><span style=\"font-weight: 400;\">Au 20e si\u00e8cle, le <\/span><b>Carnaval de Trinit\u00e9-et-Tobago<\/b><span style=\"font-weight: 400;\">  La popularit\u00e9 de cet \u00e9v\u00e9nement a grimp\u00e9 en fl\u00e8che, incorporant des \u00e9l\u00e9ments de musique calypso, de soca et de steel pan. Chaque ann\u00e9e, des milliers de participants et de spectateurs se rassemblent pour admirer des d\u00e9fil\u00e9s et des spectacles musicaux spectaculaires, faisant de cet \u00e9v\u00e9nement un v\u00e9ritable symbole de la culture carib\u00e9enne. <\/span><\/p>\n\t\t\t\t\t\t\t\t<\/div>\n\t\t\t\t<\/div>\n\t\t\t\t\t<\/div>\n\t\t<\/div>\n\t\t\t\t\t<\/div>\n\t\t<\/section>\n\t\t\t\t<section class=\"elementor-section elementor-top-section elementor-element elementor-element-c1d27ad elementor-section-boxed elementor-section-height-default elementor-section-height-default\" data-id=\"c1d27ad\" data-element_type=\"section\">\n\t\t\t\t\t\t<div class=\"elementor-container elementor-column-gap-default\">\n\t\t\t\t\t<div class=\"elementor-column elementor-col-100 elementor-top-column elementor-element elementor-element-904b487\" data-id=\"904b487\" data-element_type=\"column\">\n\t\t\t<div class=\"elementor-widget-wrap elementor-element-populated\">\n\t\t\t\t\t\t<div class=\"elementor-element elementor-element-7bc9da5 elementor-widget elementor-widget-heading\" data-id=\"7bc9da5\" data-element_type=\"widget\" data-widget_type=\"heading.default\">\n\t\t\t\t<div class=\"elementor-widget-container\">\n\t\t\t\t\t<h2 class=\"elementor-heading-title elementor-size-default\">Les traditions du carnaval<\/h2>\t\t\t\t<\/div>\n\t\t\t\t<\/div>\n\t\t\t\t<section class=\"elementor-section elementor-inner-section elementor-element elementor-element-afca6cc elementor-section-boxed elementor-section-height-default elementor-section-height-default\" data-id=\"afca6cc\" data-element_type=\"section\">\n\t\t\t\t\t\t<div class=\"elementor-container elementor-column-gap-default\">\n\t\t\t\t\t<div class=\"elementor-column elementor-col-100 elementor-inner-column elementor-element elementor-element-8739f82\" data-id=\"8739f82\" data-element_type=\"column\">\n\t\t\t<div class=\"elementor-widget-wrap elementor-element-populated\">\n\t\t\t\t\t\t<div class=\"elementor-element elementor-element-f105cdb elementor-widget elementor-widget-text-editor\" data-id=\"f105cdb\" data-element_type=\"widget\" data-widget_type=\"text-editor.default\">\n\t\t\t\t<div class=\"elementor-widget-container\">\n\t\t\t\t\t\t\t\t\t\n          <h3>\n            <b>Jouvert<\/b>\n          <\/h3>\n          \n\n          <p><span style=\"font-weight: 400;\">Le <\/span><a href=\"https:\/\/www.ncctt.org\/new\/index.php\/carnival-history\/history-of-carnival.html\" target=\"_blank\" rel=\"noopener nofollow\"><b>Le carnaval de Trinit\u00e9-et-Tobago<\/b><\/a><span style=\"font-weight: 400;\"> commence officiellement avec le <\/span><b>&#8220;Jouvert&#8221;.<\/b><span style=\"font-weight: 400;\">  qui signifie &#8220;ouvrir&#8221; en cr\u00e9ole. Cet \u00e9v\u00e9nement, qui se d\u00e9roule t\u00f4t le matin, est connu pour ses <\/span><b>  festif  <\/b><span style=\"font-weight: 400;\">Les participants se couvrent de boue, de peinture ou de chocolat. Les participants se couvrent de boue, de peinture ou de chocolat, symbolisant la lib\u00e9ration, l&#8217;expression de soi et le retour aux racines africaines. Le Jouvert est un moment de camaraderie, de danse et de musique, o\u00f9 les gens se rassemblent pour c\u00e9l\u00e9brer leur culture dans une atmosph\u00e8re de joie et de libert\u00e9.  <\/span><\/p>\n        \t\t\t\t\t\t\t\t<\/div>\n\t\t\t\t<\/div>\n\t\t\t\t\t<\/div>\n\t\t<\/div>\n\t\t\t\t\t<\/div>\n\t\t<\/section>\n\t\t\t\t<section class=\"elementor-section elementor-inner-section elementor-element elementor-element-64b5bba elementor-section-boxed elementor-section-height-default elementor-section-height-default\" data-id=\"64b5bba\" data-element_type=\"section\">\n\t\t\t\t\t\t<div class=\"elementor-container elementor-column-gap-default\">\n\t\t\t\t\t<div class=\"elementor-column elementor-col-100 elementor-inner-column elementor-element elementor-element-9022a75\" data-id=\"9022a75\" data-element_type=\"column\">\n\t\t\t<div class=\"elementor-widget-wrap elementor-element-populated\">\n\t\t\t\t\t\t<div class=\"elementor-element elementor-element-103461c elementor-widget elementor-widget-text-editor\" data-id=\"103461c\" data-element_type=\"widget\" data-widget_type=\"text-editor.default\">\n\t\t\t\t<div class=\"elementor-widget-container\">\n\t\t\t\t\t\t\t\t\t<p>\n            <span style=\"font-weight: 400;\">Cette tradition remonte \u00e0 l&#8217;\u00e9poque de l&#8217;esclavage, lorsque les personnes asservies se r\u00e9unissaient pour c\u00e9l\u00e9brer leur culture et leur identit\u00e9, souvent dans des costumes qui se moquaient de leurs ma\u00eetres. Aujourd&#8217;hui, le Jouvert est un symbole de r\u00e9sistance et d&#8217;affirmation de soi, r\u00e9unissant des milliers de participants dansant dans les rues et cr\u00e9ant une atmosph\u00e8re euphorique. <\/span>\n          <\/p>\n\t\t\t\t\t\t\t\t<\/div>\n\t\t\t\t<\/div>\n\t\t\t\t\t<\/div>\n\t\t<\/div>\n\t\t\t\t\t<\/div>\n\t\t<\/section>\n\t\t\t\t<section class=\"elementor-section elementor-inner-section elementor-element elementor-element-1ffcfff elementor-section-boxed elementor-section-height-default elementor-section-height-default\" data-id=\"1ffcfff\" data-element_type=\"section\">\n\t\t\t\t\t\t<div class=\"elementor-container elementor-column-gap-default\">\n\t\t\t\t\t<div class=\"elementor-column elementor-col-100 elementor-inner-column elementor-element elementor-element-ab33bc7\" data-id=\"ab33bc7\" data-element_type=\"column\">\n\t\t\t<div class=\"elementor-widget-wrap elementor-element-populated\">\n\t\t\t\t\t\t<div class=\"elementor-element elementor-element-83b4aa6 elementor-widget elementor-widget-text-editor\" data-id=\"83b4aa6\" data-element_type=\"widget\" data-widget_type=\"text-editor.default\">\n\t\t\t\t<div class=\"elementor-widget-container\">\n\t\t\t\t\t\t\t\t\t<h3>\n            <b>Mas et costumes<\/b><br \/>\n          <\/h3>\n<p><span style=\"font-weight: 400;\">Les costumes, ou <\/span><b>&#8220;mas<\/b><span style=\"font-weight: 400;\"> sont au c\u0153ur du <\/span><b>Carnaval de Trinit\u00e9-et-Tobago<\/b><span style=\"font-weight: 400;\">. Mas groups spend months designing   <\/span><b>\u00e9laborer  <\/b><span style=\"font-weight: 400;\">Les participants choisissent un groupe et portent des costumes color\u00e9s, orn\u00e9s de plumes, de paillettes et de perles. Les participants choisissent un groupe et portent des costumes color\u00e9s orn\u00e9s de plumes, de paillettes et de perles. Le d\u00e9fil\u00e9 principal, qui a lieu le lundi et le mardi du carnaval, est un spectacle \u00e9blouissant au cours duquel des milliers de personnes d\u00e9filent dans les rues, contribuant \u00e0 cr\u00e9er une atmosph\u00e8re vibrante et euphorique.  <\/span><\/p>\n\t\t\t\t\t\t\t\t<\/div>\n\t\t\t\t<\/div>\n\t\t\t\t\t<\/div>\n\t\t<\/div>\n\t\t\t\t\t<\/div>\n\t\t<\/section>\n\t\t\t\t<section class=\"elementor-section elementor-inner-section elementor-element elementor-element-36731b3 elementor-section-boxed elementor-section-height-default elementor-section-height-default\" data-id=\"36731b3\" data-element_type=\"section\">\n\t\t\t\t\t\t<div class=\"elementor-container elementor-column-gap-default\">\n\t\t\t\t\t<div class=\"elementor-column elementor-col-100 elementor-inner-column elementor-element elementor-element-76e1e5f\" data-id=\"76e1e5f\" data-element_type=\"column\">\n\t\t\t<div class=\"elementor-widget-wrap elementor-element-populated\">\n\t\t\t\t\t\t<div class=\"elementor-element elementor-element-e04cd34 elementor-widget elementor-widget-text-editor\" data-id=\"e04cd34\" data-element_type=\"widget\" data-widget_type=\"text-editor.default\">\n\t\t\t\t<div class=\"elementor-widget-container\">\n\t\t\t\t\t\t\t\t\t<p><span style=\"font-weight: 400;\">Les costumes sont souvent bas\u00e9s sur des personnages mythologiques, des figures historiques ou des th\u00e8mes contemporains, chaque groupe de mas pr\u00e9sentant un th\u00e8me unique. Les ateliers de cr\u00e9ation de costumes jouent un r\u00f4le crucial dans la pr\u00e9paration du carnaval, o\u00f9 les artisans et les concepteurs collaborent pour donner vie aux visions artistiques. Ces costumes ne sont pas de simples v\u00eatements ; ce sont de puissantes expressions artistiques et culturelles qui renforcent le sentiment d&#8217;appartenance \u00e0 la communaut\u00e9.    <\/span><b>Carnaval de Trinit\u00e9-et-Tobago<\/b><span style=\"font-weight: 400;\">.<\/span><\/p>\n\t\t\t\t\t\t\t\t<\/div>\n\t\t\t\t<\/div>\n\t\t\t\t\t<\/div>\n\t\t<\/div>\n\t\t\t\t\t<\/div>\n\t\t<\/section>\n\t\t\t\t\t<\/div>\n\t\t<\/div>\n\t\t\t\t\t<\/div>\n\t\t<\/section>\n\t\t\t\t<section class=\"elementor-section elementor-top-section elementor-element elementor-element-b514339 elementor-section-boxed elementor-section-height-default elementor-section-height-default\" data-id=\"b514339\" data-element_type=\"section\">\n\t\t\t\t\t\t<div class=\"elementor-container elementor-column-gap-default\">\n\t\t\t\t\t<div class=\"elementor-column elementor-col-100 elementor-top-column elementor-element elementor-element-941a2af\" data-id=\"941a2af\" data-element_type=\"column\">\n\t\t\t<div class=\"elementor-widget-wrap elementor-element-populated\">\n\t\t\t\t\t\t<div class=\"elementor-element elementor-element-15c3826 elementor-widget elementor-widget-heading\" data-id=\"15c3826\" data-element_type=\"widget\" data-widget_type=\"heading.default\">\n\t\t\t\t<div class=\"elementor-widget-container\">\n\t\t\t\t\t<h2 class=\"elementor-heading-title elementor-size-default\">Coutumes et symbolisme<\/h2>\t\t\t\t<\/div>\n\t\t\t\t<\/div>\n\t\t\t\t<section class=\"elementor-section elementor-inner-section elementor-element elementor-element-7306540 elementor-section-boxed elementor-section-height-default elementor-section-height-default\" data-id=\"7306540\" data-element_type=\"section\">\n\t\t\t\t\t\t<div class=\"elementor-container elementor-column-gap-default\">\n\t\t\t\t\t<div class=\"elementor-column elementor-col-100 elementor-inner-column elementor-element elementor-element-d350baa\" data-id=\"d350baa\" data-element_type=\"column\">\n\t\t\t<div class=\"elementor-widget-wrap elementor-element-populated\">\n\t\t\t\t\t\t<div class=\"elementor-element elementor-element-c3a56ec elementor-widget elementor-widget-text-editor\" data-id=\"c3a56ec\" data-element_type=\"widget\" data-widget_type=\"text-editor.default\">\n\t\t\t\t<div class=\"elementor-widget-container\">\n\t\t\t\t\t\t\t\t\t<h3>\n            <b>Musique<\/b><br \/>\n          <\/h3>\n<p><span style=\"font-weight: 400;\">La musique est l&#8217;\u00e2me du <\/span><b>Carnaval de Trinit\u00e9-et-Tobago<\/b><span style=\"font-weight: 400;\">. Genres like   <\/span><b>calypso<\/b><span style=\"font-weight: 400;\"> et <\/span><b>soca<\/b><span style=\"font-weight: 400;\">  dominent le paysage sonore, les artistes composant des chansons entra\u00eenantes sp\u00e9cialement pour l&#8217;\u00e9v\u00e9nement. La musique Steelpan, jou\u00e9e sur des tambours d&#8217;acier, est \u00e9galement un \u00e9l\u00e9ment cl\u00e9, ajoutant un son unique au carnaval. Les concours de calypso et de soca attirent des talents exceptionnels de toute l&#8217;\u00eele et constituent les temps forts du festival.  <\/span><\/p>\n\t\t\t\t\t\t\t\t<\/div>\n\t\t\t\t<\/div>\n\t\t\t\t\t<\/div>\n\t\t<\/div>\n\t\t\t\t\t<\/div>\n\t\t<\/section>\n\t\t\t\t<section class=\"elementor-section elementor-inner-section elementor-element elementor-element-ef5bdb9 elementor-section-boxed elementor-section-height-default elementor-section-height-default\" data-id=\"ef5bdb9\" data-element_type=\"section\">\n\t\t\t\t\t\t<div class=\"elementor-container elementor-column-gap-default\">\n\t\t\t\t\t<div class=\"elementor-column elementor-col-100 elementor-inner-column elementor-element elementor-element-7a5e1c2\" data-id=\"7a5e1c2\" data-element_type=\"column\">\n\t\t\t<div class=\"elementor-widget-wrap elementor-element-populated\">\n\t\t\t\t\t\t<div class=\"elementor-element elementor-element-2542ad6 elementor-widget elementor-widget-text-editor\" data-id=\"2542ad6\" data-element_type=\"widget\" data-widget_type=\"text-editor.default\">\n\t\t\t\t<div class=\"elementor-widget-container\">\n\t\t\t\t\t\t\t\t\t<p><span style=\"font-weight: 400;\">Les artistes de calypso utilisent souvent leurs chansons pour aborder des questions sociales et politiques, faisant du <\/span><b>Carnaval de Trinit\u00e9-et-Tobago<\/b><span style=\"font-weight: 400;\">  un espace de critique sociale et d&#8217;expression. Le soca, quant \u00e0 lui, est plus enjou\u00e9 et festif, encourageant la danse et la c\u00e9l\u00e9bration. Les orchestres de steelpan, qui se produisent pendant le    <\/span><b>Carnaval de Trinit\u00e9-et-Tobago<\/b><span style=\"font-weight: 400;\">La musique du carnaval de Trinit\u00e9-et-Tobago ajoute une dimension musicale suppl\u00e9mentaire, remplissant les rues de rythmes contagieux.<\/span><\/p>\n\t\t\t\t\t\t\t\t<\/div>\n\t\t\t\t<\/div>\n\t\t\t\t<section class=\"elementor-section elementor-inner-section elementor-element elementor-element-8f26ce1 elementor-section-boxed elementor-section-height-default elementor-section-height-default\" data-id=\"8f26ce1\" data-element_type=\"section\">\n\t\t\t\t\t\t<div class=\"elementor-container elementor-column-gap-default\">\n\t\t\t\t\t<div class=\"elementor-column elementor-col-100 elementor-inner-column elementor-element elementor-element-e30cdfd\" data-id=\"e30cdfd\" data-element_type=\"column\">\n\t\t\t<div class=\"elementor-widget-wrap elementor-element-populated\">\n\t\t\t\t\t\t<div class=\"elementor-element elementor-element-b75784f elementor-widget elementor-widget-image\" data-id=\"b75784f\" data-element_type=\"widget\" data-widget_type=\"image.default\">\n\t\t\t\t<div class=\"elementor-widget-container\">\n\t\t\t\t\t\t\t\t\t\t\t\t<figure class=\"wp-caption\">\n\t\t\t\t\t\t\t\t\t\t<img fetchpriority=\"high\" decoding=\"async\" width=\"800\" height=\"530\" src=\"https:\/\/richeskarayib.com\/wp-content\/uploads\/2024\/11\/stock-photo-port-of-spain-trinidad-february-bishops-steel-orchestra-perform-in-the-trinidad-red-cross-s-2421049547-Modifie-1-1024x679.jpg\" class=\"attachment-large size-large wp-image-41873\" alt=\"Carnaval de Trinit\u00e9-et-Tobago\" srcset=\"https:\/\/richeskarayib.com\/wp-content\/uploads\/2024\/11\/stock-photo-port-of-spain-trinidad-february-bishops-steel-orchestra-perform-in-the-trinidad-red-cross-s-2421049547-Modifie-1-1024x679.jpg 1024w, https:\/\/richeskarayib.com\/wp-content\/uploads\/2024\/11\/stock-photo-port-of-spain-trinidad-february-bishops-steel-orchestra-perform-in-the-trinidad-red-cross-s-2421049547-Modifie-1-300x199.jpg 300w, https:\/\/richeskarayib.com\/wp-content\/uploads\/2024\/11\/stock-photo-port-of-spain-trinidad-february-bishops-steel-orchestra-perform-in-the-trinidad-red-cross-s-2421049547-Modifie-1-768x509.jpg 768w, https:\/\/richeskarayib.com\/wp-content\/uploads\/2024\/11\/stock-photo-port-of-spain-trinidad-february-bishops-steel-orchestra-perform-in-the-trinidad-red-cross-s-2421049547-Modifie-1-1320x875.jpg 1320w, https:\/\/richeskarayib.com\/wp-content\/uploads\/2024\/11\/stock-photo-port-of-spain-trinidad-february-bishops-steel-orchestra-perform-in-the-trinidad-red-cross-s-2421049547-Modifie-1.jpg 1500w\" sizes=\"(max-width: 800px) 100vw, 800px\" \/>\t\t\t\t\t\t\t\t\t\t\t<figcaption class=\"widget-image-caption wp-caption-text\">Jeunes musiciens pr\u00e9sentent leur talent au sein d'un ensemble dynamique de steel pan.<\/figcaption>\n\t\t\t\t\t\t\t\t\t\t<\/figure>\n\t\t\t\t\t\t\t\t\t<\/div>\n\t\t\t\t<\/div>\n\t\t\t\t\t<\/div>\n\t\t<\/div>\n\t\t\t\t\t<\/div>\n\t\t<\/section>\n\t\t\t\t\t<\/div>\n\t\t<\/div>\n\t\t\t\t\t<\/div>\n\t\t<\/section>\n\t\t\t\t<section class=\"elementor-section elementor-inner-section elementor-element elementor-element-86dab38 elementor-section-boxed elementor-section-height-default elementor-section-height-default\" data-id=\"86dab38\" data-element_type=\"section\">\n\t\t\t\t\t\t<div class=\"elementor-container elementor-column-gap-default\">\n\t\t\t\t\t<div class=\"elementor-column elementor-col-100 elementor-inner-column elementor-element elementor-element-b974fe0\" data-id=\"b974fe0\" data-element_type=\"column\">\n\t\t\t<div class=\"elementor-widget-wrap elementor-element-populated\">\n\t\t\t\t\t\t<div class=\"elementor-element elementor-element-c0ecabf elementor-widget elementor-widget-text-editor\" data-id=\"c0ecabf\" data-element_type=\"widget\" data-widget_type=\"text-editor.default\">\n\t\t\t\t<div class=\"elementor-widget-container\">\n\t\t\t\t\t\t\t\t\t<p><span style=\"font-weight: 400;\">Les costumes du <\/span><b>carnaval de Trinit\u00e9-et-Tobago<\/b><span style=\"font-weight: 400;\"> sont plus que de simples v\u00eatements ; ce sont de puissantes expressions artistiques et culturelles. <\/span> <\/p>\n\t\t\t\t\t\t\t\t<\/div>\n\t\t\t\t<\/div>\n\t\t\t\t\t<\/div>\n\t\t<\/div>\n\t\t\t\t\t<\/div>\n\t\t<\/section>\n\t\t\t\t<section class=\"elementor-section elementor-inner-section elementor-element elementor-element-03424ff elementor-section-boxed elementor-section-height-default elementor-section-height-default\" data-id=\"03424ff\" data-element_type=\"section\">\n\t\t\t\t\t\t<div class=\"elementor-container elementor-column-gap-default\">\n\t\t\t\t\t<div class=\"elementor-column elementor-col-100 elementor-inner-column elementor-element elementor-element-22b9bf9\" data-id=\"22b9bf9\" data-element_type=\"column\">\n\t\t\t<div class=\"elementor-widget-wrap elementor-element-populated\">\n\t\t\t\t\t\t<div class=\"elementor-element elementor-element-fb9e6fb elementor-widget elementor-widget-text-editor\" data-id=\"fb9e6fb\" data-element_type=\"widget\" data-widget_type=\"text-editor.default\">\n\t\t\t\t<div class=\"elementor-widget-container\">\n\t\t\t\t\t\t\t\t\t<p>\n            <span style=\"font-weight: 400;\">Chaque costume raconte une histoire passionnante, souvent li\u00e9e \u00e0 l&#8217;histoire coloniale, aux luttes sociales ou aux c\u00e9l\u00e9brations de la vie. Les plumes symbolisent la libert\u00e9 et la cr\u00e9ativit\u00e9, tandis que les couleurs vives refl\u00e8tent la joie et l&#8217;\u00e9nergie du peuple trinidadien. Les th\u00e8mes des costumes peuvent \u00e9galement aborder des questions contemporaines, offrant un commentaire social sur les \u00e9v\u00e9nements actuels. Par exemple, certains costumes peuvent \u00e9voquer les luttes pour les droits civiques ou c\u00e9l\u00e9brer la diversit\u00e9 ethnique.   <\/span>\n          <\/p>\n\t\t\t\t\t\t\t\t<\/div>\n\t\t\t\t<\/div>\n\t\t\t\t\t<\/div>\n\t\t<\/div>\n\t\t\t\t\t<\/div>\n\t\t<\/section>\n\t\t\t\t<section class=\"elementor-section elementor-inner-section elementor-element elementor-element-2f3362b elementor-section-boxed elementor-section-height-default elementor-section-height-default\" data-id=\"2f3362b\" data-element_type=\"section\">\n\t\t\t\t\t\t<div class=\"elementor-container elementor-column-gap-default\">\n\t\t\t\t\t<div class=\"elementor-column elementor-col-100 elementor-inner-column elementor-element elementor-element-a488ce7\" data-id=\"a488ce7\" data-element_type=\"column\">\n\t\t\t<div class=\"elementor-widget-wrap elementor-element-populated\">\n\t\t\t\t\t\t<div class=\"elementor-element elementor-element-576bedb elementor-widget elementor-widget-text-editor\" data-id=\"576bedb\" data-element_type=\"widget\" data-widget_type=\"text-editor.default\">\n\t\t\t\t<div class=\"elementor-widget-container\">\n\t\t\t\t\t\t\t\t\t<p><span style=\"font-weight: 400;\">Le <\/span><b>Carnaval de Trinit\u00e9-et-Tobago<\/b><span style=\"font-weight: 400;\">  repr\u00e9sente \u00e9galement la richesse culturelle de Trinit\u00e9-et-Tobago, avec des participants de diverses origines ethniques qui se r\u00e9unissent pour c\u00e9l\u00e9brer leur identit\u00e9 commune. Cette diversit\u00e9 se refl\u00e8te dans les costumes, la musique et les danses, montrant ainsi que la culture de la Trinit\u00e9-et-Tobago est un \u00e9l\u00e9ment essentiel de l&#8217;identit\u00e9 nationale.   <\/span><b>Le carnaval de Trinit\u00e9-et-Tobago<\/b><span style=\"font-weight: 400;\"> est un v\u00e9ritable creuset culturel.<\/span><\/p>\n\t\t\t\t\t\t\t\t<\/div>\n\t\t\t\t<\/div>\n\t\t\t\t<section class=\"elementor-section elementor-inner-section elementor-element elementor-element-f63d161 elementor-section-boxed elementor-section-height-default elementor-section-height-default\" data-id=\"f63d161\" data-element_type=\"section\">\n\t\t\t\t\t\t<div class=\"elementor-container elementor-column-gap-default\">\n\t\t\t\t\t<div class=\"elementor-column elementor-col-100 elementor-inner-column elementor-element elementor-element-45d2100\" data-id=\"45d2100\" data-element_type=\"column\">\n\t\t\t<div class=\"elementor-widget-wrap elementor-element-populated\">\n\t\t\t\t\t\t<div class=\"elementor-element elementor-element-d3425e3 elementor-widget elementor-widget-image\" data-id=\"d3425e3\" data-element_type=\"widget\" data-widget_type=\"image.default\">\n\t\t\t\t<div class=\"elementor-widget-container\">\n\t\t\t\t\t\t\t\t\t\t\t\t<figure class=\"wp-caption\">\n\t\t\t\t\t\t\t\t\t\t<img decoding=\"async\" width=\"800\" height=\"532\" src=\"https:\/\/richeskarayib.com\/wp-content\/uploads\/2024\/11\/stock-photo-port-of-spain-trinidad-february-masqueraders-enjoy-themselfs-in-the-harts-carnival-1656067528-Modifie-1024x681.jpg\" class=\"attachment-large size-large wp-image-41877\" alt=\"Carnaval de Trinit\u00e9-et-Tobago\" srcset=\"https:\/\/richeskarayib.com\/wp-content\/uploads\/2024\/11\/stock-photo-port-of-spain-trinidad-february-masqueraders-enjoy-themselfs-in-the-harts-carnival-1656067528-Modifie-1024x681.jpg 1024w, https:\/\/richeskarayib.com\/wp-content\/uploads\/2024\/11\/stock-photo-port-of-spain-trinidad-february-masqueraders-enjoy-themselfs-in-the-harts-carnival-1656067528-Modifie-300x200.jpg 300w, https:\/\/richeskarayib.com\/wp-content\/uploads\/2024\/11\/stock-photo-port-of-spain-trinidad-february-masqueraders-enjoy-themselfs-in-the-harts-carnival-1656067528-Modifie-768x511.jpg 768w, https:\/\/richeskarayib.com\/wp-content\/uploads\/2024\/11\/stock-photo-port-of-spain-trinidad-february-masqueraders-enjoy-themselfs-in-the-harts-carnival-1656067528-Modifie-1320x878.jpg 1320w, https:\/\/richeskarayib.com\/wp-content\/uploads\/2024\/11\/stock-photo-port-of-spain-trinidad-february-masqueraders-enjoy-themselfs-in-the-harts-carnival-1656067528-Modifie.jpg 1500w\" sizes=\"(max-width: 800px) 100vw, 800px\" \/>\t\t\t\t\t\t\t\t\t\t\t<figcaption class=\"widget-image-caption wp-caption-text\">Les participants font la f\u00eate dans de superbes costumes, incarnant l'esprit du carnaval.<\/figcaption>\n\t\t\t\t\t\t\t\t\t\t<\/figure>\n\t\t\t\t\t\t\t\t\t<\/div>\n\t\t\t\t<\/div>\n\t\t\t\t\t<\/div>\n\t\t<\/div>\n\t\t\t\t\t<\/div>\n\t\t<\/section>\n\t\t\t\t\t<\/div>\n\t\t<\/div>\n\t\t\t\t\t<\/div>\n\t\t<\/section>\n\t\t\t\t\t<\/div>\n\t\t<\/div>\n\t\t\t\t\t<\/div>\n\t\t<\/section>\n\t\t\t\t<section class=\"elementor-section elementor-top-section elementor-element elementor-element-8dbc34b elementor-section-boxed elementor-section-height-default elementor-section-height-default\" data-id=\"8dbc34b\" data-element_type=\"section\">\n\t\t\t\t\t\t<div class=\"elementor-container elementor-column-gap-default\">\n\t\t\t\t\t<div class=\"elementor-column elementor-col-100 elementor-top-column elementor-element elementor-element-6003bc0\" data-id=\"6003bc0\" data-element_type=\"column\">\n\t\t\t<div class=\"elementor-widget-wrap elementor-element-populated\">\n\t\t\t\t\t\t<div class=\"elementor-element elementor-element-6bf9e70 elementor-widget elementor-widget-heading\" data-id=\"6bf9e70\" data-element_type=\"widget\" data-widget_type=\"heading.default\">\n\t\t\t\t<div class=\"elementor-widget-container\">\n\t\t\t\t\t<h2 class=\"elementor-heading-title elementor-size-default\">Importance du carnaval dans l'identit\u00e9 nationale<\/h2>\t\t\t\t<\/div>\n\t\t\t\t<\/div>\n\t\t\t\t<div class=\"elementor-element elementor-element-aec0034 elementor-widget elementor-widget-text-editor\" data-id=\"aec0034\" data-element_type=\"widget\" data-widget_type=\"text-editor.default\">\n\t\t\t\t<div class=\"elementor-widget-container\">\n\t\t\t\t\t\t\t\t\t<h3>\n            <b>Coh\u00e9sion sociale<\/b><br \/>\n          <\/h3>\n<p><span style=\"font-weight: 400;\">Le <\/span><b>Carnaval de Trinit\u00e9-et-Tobago<\/b><span style=\"font-weight: 400;\">  est un moment o\u00f9 les diff\u00e9rences sociales, \u00e9conomiques et ethniques s&#8217;estompent. Il s&#8217;agit d&#8217;une c\u00e9l\u00e9bration inclusive qui rassemble des personnes de tous horizons. La participation massive \u00e0 l&#8217;\u00e9v\u00e9nement renforce les liens communautaires et favorise le sentiment d&#8217;appartenance \u00e0 une nation unie. Les habitants de Trinit\u00e9-et-Tobago, quel que soit leur statut, se joignent aux festivit\u00e9s, cr\u00e9ant ainsi un fascinant m\u00e9lange d&#8217;\u00e9nergies et d&#8217;\u00e9motions.   <\/span><\/p>\n\t\t\t\t\t\t\t\t<\/div>\n\t\t\t\t<\/div>\n\t\t\t\t<div class=\"elementor-element elementor-element-b4cbeb9 elementor-widget elementor-widget-text-editor\" data-id=\"b4cbeb9\" data-element_type=\"widget\" data-widget_type=\"text-editor.default\">\n\t\t\t\t<div class=\"elementor-widget-container\">\n\t\t\t\t\t\t\t\t\t<h3>\n            <b>Expression culturelle<\/b><br \/>\n          <\/h3>\n<p><span style=\"font-weight: 400;\">Le <\/span><b>Carnaval de Trinit\u00e9-et-Tobago<\/b><span style=\"font-weight: 400;\">  offre une plateforme d&#8217;expression culturelle. Artistes, musiciens, designers et artistes pr\u00e9sentent leur cr\u00e9ativit\u00e9 et leur talent, contribuant ainsi \u00e0 la richesse culturelle du pays. Le carnaval pr\u00e9serve et transmet \u00e9galement les traditions et pratiques culturelles aux g\u00e9n\u00e9rations futures. De nombreux jeunes participent activement aux pr\u00e9paratifs et acqui\u00e8rent les comp\u00e9tences n\u00e9cessaires pour cr\u00e9er des costumes, jouer de la musique ou danser.   <\/span><\/p>\n\t\t\t\t\t\t\t\t<\/div>\n\t\t\t\t<\/div>\n\t\t\t\t<div class=\"elementor-element elementor-element-9e5c7cc elementor-widget elementor-widget-text-editor\" data-id=\"9e5c7cc\" data-element_type=\"widget\" data-widget_type=\"text-editor.default\">\n\t\t\t\t<div class=\"elementor-widget-container\">\n\t\t\t\t\t\t\t\t\t<h3>\n            <b>Attraction touristique<\/b><br \/>\n          <\/h3>\n<p><span style=\"font-weight: 400;\">Le <\/span><b>Carnaval de Trinit\u00e9-et-Tobago<\/b><span style=\"font-weight: 400;\">  est une attraction touristique majeure, qui attire des visiteurs du monde entier. Cela a un impact \u00e9conomique positif, g\u00e9n\u00e9rant des revenus pour le pays et promouvant la culture trinidadienne sur la sc\u00e8ne internationale.   <\/span><\/p>\n\t\t\t\t\t\t\t\t<\/div>\n\t\t\t\t<\/div>\n\t\t\t\t<div class=\"elementor-element elementor-element-a6ec383 elementor-widget elementor-widget-text-editor\" data-id=\"a6ec383\" data-element_type=\"widget\" data-widget_type=\"text-editor.default\">\n\t\t\t\t<div class=\"elementor-widget-container\">\n\t\t\t\t\t\t\t\t\t<p><span style=\"font-weight: 400;\">  Les touristes viennent non seulement pour assister au spectacle, mais aussi pour participer \u00e0 cette c\u00e9l\u00e9bration unique, qui renforce encore l&#8217;identit\u00e9 nationale. Les visiteurs sont souvent impressionn\u00e9s par la cr\u00e9ativit\u00e9, la passion et l&#8217;\u00e9nergie qui \u00e9manent de l&#8217;\u00e9quipe du festival.   <\/span><b>Carnaval de Trinit\u00e9-et-Tobago<\/b><span style=\"font-weight: 400;\">Le carnaval de Trinit\u00e9-et-Tobago contribue \u00e0 la r\u00e9putation internationale de Trinit\u00e9-et-Tobago en tant que destination culturelle.<\/span><\/p>\n\t\t\t\t\t\t\t\t<\/div>\n\t\t\t\t<\/div>\n\t\t\t\t\t<\/div>\n\t\t<\/div>\n\t\t\t\t\t<\/div>\n\t\t<\/section>\n\t\t\t\t<section class=\"elementor-section elementor-top-section elementor-element elementor-element-f4f66c9 elementor-section-boxed elementor-section-height-default elementor-section-height-default\" data-id=\"f4f66c9\" data-element_type=\"section\">\n\t\t\t\t\t\t<div class=\"elementor-container elementor-column-gap-default\">\n\t\t\t\t\t<div class=\"elementor-column elementor-col-100 elementor-top-column elementor-element elementor-element-d788ba4\" data-id=\"d788ba4\" data-element_type=\"column\">\n\t\t\t<div class=\"elementor-widget-wrap elementor-element-populated\">\n\t\t\t\t\t\t<div class=\"elementor-element elementor-element-985345c elementor-widget elementor-widget-text-editor\" data-id=\"985345c\" data-element_type=\"widget\" data-widget_type=\"text-editor.default\">\n\t\t\t\t<div class=\"elementor-widget-container\">\n\t\t\t\t\t\t\t\t\t<p><span style=\"font-weight: 400;\">Le <\/span><b>Carnaval de Trinit\u00e9-et-Tobago<\/b><span style=\"font-weight: 400;\">  est bien plus qu&#8217;un festival ; c&#8217;est une c\u00e9l\u00e9bration de l&#8217;identit\u00e9 nationale, de la culture et de l&#8217;h\u00e9ritage d&#8217;un peuple. \u00c0 travers ses traditions, ses costumes et sa musique, le   <\/span><b>Le carnaval de Trinit\u00e9-et-Tobago<\/b><span style=\"font-weight: 400;\"> incarne l&#8217;esprit vibrant et la r\u00e9silience des Trinidadiens et des Tobagoniens. <\/span> <\/p>\n\t\t\t\t\t\t\t\t<\/div>\n\t\t\t\t<\/div>\n\t\t\t\t\t<\/div>\n\t\t<\/div>\n\t\t\t\t\t<\/div>\n\t\t<\/section>\n\t\t\t\t<section class=\"elementor-section elementor-top-section elementor-element elementor-element-bf530f7 elementor-section-boxed elementor-section-height-default elementor-section-height-default\" data-id=\"bf530f7\" data-element_type=\"section\">\n\t\t\t\t\t\t<div class=\"elementor-container elementor-column-gap-default\">\n\t\t\t\t\t<div class=\"elementor-column elementor-col-100 elementor-top-column elementor-element elementor-element-da8faf8\" data-id=\"da8faf8\" data-element_type=\"column\">\n\t\t\t<div class=\"elementor-widget-wrap elementor-element-populated\">\n\t\t\t\t\t\t<div class=\"elementor-element elementor-element-3a4774b elementor-widget elementor-widget-text-editor\" data-id=\"3a4774b\" data-element_type=\"widget\" data-widget_type=\"text-editor.default\">\n\t\t\t\t<div class=\"elementor-widget-container\">\n\t\t\t\t\t\t\t\t\t<p><span style=\"font-weight: 400;\">En rassemblant des individus de tous horizons, il renforce les liens communautaires et promeut une image positive de l&#8217;Europe. <\/span><b>positive<\/b><span style=\"font-weight: 400;\">  l&#8217;image de la nation sur la sc\u00e8ne mondiale. Les   <\/span><b>Carnaval de Trinit\u00e9-et-Tobago<\/b><span style=\"font-weight: 400;\">  est un symbole vivant de la diversit\u00e9 et de l&#8217;unit\u00e9 qui caract\u00e9risent les Cara\u00efbes. En c\u00e9l\u00e9brant cet \u00e9v\u00e9nement, Trinit\u00e9-et-Tobago ne se contente pas d&#8217;honorer son histoire, mais embrasse aussi son avenir, en permettant \u00e0 chaque participant de s&#8217;exprimer et de se connecter \u00e0 un patrimoine culturel riche et dynamique. <\/span><\/p>\n\t\t\t\t\t\t\t\t<\/div>\n\t\t\t\t<\/div>\n\t\t\t\t\t<\/div>\n\t\t<\/div>\n\t\t\t\t\t<\/div>\n\t\t<\/section>\n\t\t\t\t<\/div>\n\t\t","protected":false},"excerpt":{"rendered":"<p>Le carnaval de Trinit\u00e9-et-Tobago est l&#8217;un des plus embl\u00e9matiques et des plus vibrants. La f\u00eate des Cendres est l&#8217;un des plus grands festivals du monde. C\u00e9l\u00e9br\u00e9 chaque ann\u00e9e avant le mercredi des Cendres, cet \u00e9v\u00e9nement marque l&#8217;apog\u00e9e d&#8217;une s\u00e9rie de festivit\u00e9s exaltantes qui durent plusieurs mois. . Le Carnaval de Trinit\u00e9-et-Tobago n&#8217;est pas seulement une [&hellip;]<\/p>\n","protected":false},"author":400,"featured_media":41865,"comment_status":"open","ping_status":"open","sticky":false,"template":"","format":"standard","meta":{"_acf_changed":false,"footnotes":""},"categories":[835],"tags":[1518],"class_list":["post-42500","post","type-post","status-publish","format-standard","has-post-thumbnail","hentry","category-musique-fr","tag-trinite-et-tobago-fr"],"acf":[],"_links":{"self":[{"href":"https:\/\/richeskarayib.com\/fr\/wp-json\/wp\/v2\/posts\/42500","targetHints":{"allow":["GET"]}}],"collection":[{"href":"https:\/\/richeskarayib.com\/fr\/wp-json\/wp\/v2\/posts"}],"about":[{"href":"https:\/\/richeskarayib.com\/fr\/wp-json\/wp\/v2\/types\/post"}],"author":[{"embeddable":true,"href":"https:\/\/richeskarayib.com\/fr\/wp-json\/wp\/v2\/users\/400"}],"replies":[{"embeddable":true,"href":"https:\/\/richeskarayib.com\/fr\/wp-json\/wp\/v2\/comments?post=42500"}],"version-history":[{"count":0,"href":"https:\/\/richeskarayib.com\/fr\/wp-json\/wp\/v2\/posts\/42500\/revisions"}],"wp:featuredmedia":[{"embeddable":true,"href":"https:\/\/richeskarayib.com\/fr\/wp-json\/wp\/v2\/media\/41865"}],"wp:attachment":[{"href":"https:\/\/richeskarayib.com\/fr\/wp-json\/wp\/v2\/media?parent=42500"}],"wp:term":[{"taxonomy":"category","embeddable":true,"href":"https:\/\/richeskarayib.com\/fr\/wp-json\/wp\/v2\/categories?post=42500"},{"taxonomy":"post_tag","embeddable":true,"href":"https:\/\/richeskarayib.com\/fr\/wp-json\/wp\/v2\/tags?post=42500"}],"curies":[{"name":"wp","href":"https:\/\/api.w.org\/{rel}","templated":true}]}}