{"id":42661,"date":"2024-12-19T10:00:02","date_gmt":"2024-12-19T10:00:02","guid":{"rendered":"https:\/\/richeskarayib.com\/?p=42661"},"modified":"2024-12-18T17:58:03","modified_gmt":"2024-12-18T17:58:03","slug":"air-adelphi-nouvelle-desserte-aerienne-post","status":"publish","type":"post","link":"https:\/\/richeskarayib.com\/fr\/air-adelphi-nouvelle-desserte-aerienne-post\/","title":{"rendered":"Air Adelphi : une nouvelle desserte a\u00e9rienne de la Cara\u00efbe"},"content":{"rendered":"\t\t<div data-elementor-type=\"wp-post\" data-elementor-id=\"42661\" class=\"elementor elementor-42661\" data-elementor-post-type=\"post\">\n\t\t\t\t\t\t<section class=\"elementor-section elementor-top-section elementor-element elementor-element-b0ccd15 elementor-section-boxed elementor-section-height-default elementor-section-height-default\" data-id=\"b0ccd15\" data-element_type=\"section\">\n\t\t\t\t\t\t<div class=\"elementor-container elementor-column-gap-default\">\n\t\t\t\t\t<div class=\"elementor-column elementor-col-100 elementor-top-column elementor-element elementor-element-99dbec5\" data-id=\"99dbec5\" data-element_type=\"column\">\n\t\t\t<div class=\"elementor-widget-wrap elementor-element-populated\">\n\t\t\t\t\t\t<section class=\"elementor-section elementor-inner-section elementor-element elementor-element-23cdfd9 elementor-section-boxed elementor-section-height-default elementor-section-height-default\" data-id=\"23cdfd9\" data-element_type=\"section\">\n\t\t\t\t\t\t<div class=\"elementor-container elementor-column-gap-default\">\n\t\t\t\t\t<div class=\"elementor-column elementor-col-100 elementor-inner-column elementor-element elementor-element-50d8ace\" data-id=\"50d8ace\" data-element_type=\"column\">\n\t\t\t<div class=\"elementor-widget-wrap elementor-element-populated\">\n\t\t\t\t\t\t<div class=\"elementor-element elementor-element-4df4d99 elementor-widget elementor-widget-text-editor\" data-id=\"4df4d99\" data-element_type=\"widget\" data-widget_type=\"text-editor.default\">\n\t\t\t\t<div class=\"elementor-widget-container\">\n\t\t\t\t\t\t\t\t\t<p><a href=\"https:\/\/airadelphi.com\/fr\/\" target=\"_blank\" rel=\"noopener nofollow\"><b>Air Adelphi<\/b><\/a><span style=\"font-weight: 400;\"> a lanc\u00e9 un nouveau service reliant la Martinique \u00e0 Sainte-Lucie et \u00e0 Saint-Vincent, \u00e0 partir du 11 d\u00e9cembre 2024. Cette <\/span><a href=\"https:\/\/antilla-martinique.com\/une-nouvelle-desserte-aerienne-air-adelphi\/\" target=\"_blank\" rel=\"noopener nofollow\"><b>nouvelle desserte a\u00e9rienne<\/b><\/a><span style=\"font-weight: 400;\"> repr\u00e9sente une avanc\u00e9e significative pour la connectivit\u00e9 r\u00e9gionale dans les Cara\u00efbes. La compagnie a\u00e9rienne op\u00e9rera trois vols hebdomadaires les lundis, mercredis et vendredis, en utilisant des avions Twin Otter de 19 places. Actuellement, le tarif aller-retour est fix\u00e9 \u00e0 350 \u20ac, avec des projets de n\u00e9gociation pour r\u00e9duire les prix et am\u00e9liorer l\u2019accessibilit\u00e9 pour les voyageurs de la r\u00e9gion. Cette initiative vise \u00e0 renforcer la connectivit\u00e9 r\u00e9gionale et \u00e0 faciliter les d\u00e9placements pour des \u00e9v\u00e9nements tels que les festivals.<\/span><\/p>\t\t\t\t\t\t\t\t<\/div>\n\t\t\t\t<\/div>\n\t\t\t\t\t<\/div>\n\t\t<\/div>\n\t\t\t\t\t<\/div>\n\t\t<\/section>\n\t\t\t\t\t<\/div>\n\t\t<\/div>\n\t\t\t\t\t<\/div>\n\t\t<\/section>\n\t\t\t\t<section class=\"elementor-section elementor-top-section elementor-element elementor-element-1389640 elementor-section-boxed elementor-section-height-default elementor-section-height-default\" data-id=\"1389640\" data-element_type=\"section\">\n\t\t\t\t\t\t<div class=\"elementor-container elementor-column-gap-default\">\n\t\t\t\t\t<div class=\"elementor-column elementor-col-100 elementor-top-column elementor-element elementor-element-62f5301\" data-id=\"62f5301\" data-element_type=\"column\">\n\t\t\t<div class=\"elementor-widget-wrap elementor-element-populated\">\n\t\t\t\t\t\t<div class=\"elementor-element elementor-element-07fed6e elementor-widget elementor-widget-heading\" data-id=\"07fed6e\" data-element_type=\"widget\" data-widget_type=\"heading.default\">\n\t\t\t\t<div class=\"elementor-widget-container\">\n\t\t\t\t\t<h2 class=\"elementor-heading-title elementor-size-default\">L'offre de transport a\u00e9rien vers les \u00eeles de la Cara\u00efbe<\/h2>\t\t\t\t<\/div>\n\t\t\t\t<\/div>\n\t\t\t\t<div class=\"elementor-element elementor-element-5a71e13 elementor-widget elementor-widget-text-editor\" data-id=\"5a71e13\" data-element_type=\"widget\" data-widget_type=\"text-editor.default\">\n\t\t\t\t<div class=\"elementor-widget-container\">\n\t\t\t\t\t\t\t\t\t<p><span style=\"font-weight: 400;\">La <\/span><a href=\"https:\/\/www.instagram.com\/airadelphisvg\/\" target=\"_blank\" rel=\"noopener nofollow\"><b>desserte a\u00e9rienne<\/b><\/a><span style=\"font-weight: 400;\"> vers les \u00eeles de la Cara\u00efbe conna\u00eet un boom en 2024. La compagnie <\/span><a href=\"https:\/\/web.facebook.com\/AirAdelphi\" target=\"_blank\" rel=\"noopener nofollow\"><b>Air Adelphi<\/b><\/a><span style=\"font-weight: 400;\"> ouvre \u00e0 son tour la porte vers Saint-Vincent et Sainte-Lucie. Le prix moyen des billets est pour le moment de l&#8217;ordre de 350 euros, mais avec une volont\u00e9 de <\/span><b>r\u00e9duire les prix<\/b><span style=\"font-weight: 400;\"> pour attirer plus de voyageurs.<\/span><\/p><p><span style=\"font-weight: 400;\">Il est d\u00e9sormais possible de se rendre plus fr\u00e9quemment \u00e0 Sainte-Lucie et \u00e0 Saint-Vincent par avion. Avec l\u2019ouverture de la nouvelle ligne r\u00e9guli\u00e8re de la compagnie <\/span><b>Air Adelphi<\/b><span style=\"font-weight: 400;\"> mercredi 11 d\u00e9cembre, la connexion entre la Martinique et nos voisins de la Cara\u00efbe se renforce.<\/span><\/p>\t\t\t\t\t\t\t\t<\/div>\n\t\t\t\t<\/div>\n\t\t\t\t\t<\/div>\n\t\t<\/div>\n\t\t\t\t\t<\/div>\n\t\t<\/section>\n\t\t\t\t<section class=\"elementor-section elementor-top-section elementor-element elementor-element-a7a4b32 elementor-section-boxed elementor-section-height-default elementor-section-height-default\" data-id=\"a7a4b32\" data-element_type=\"section\">\n\t\t\t\t\t\t<div class=\"elementor-container elementor-column-gap-default\">\n\t\t\t\t\t<div class=\"elementor-column elementor-col-100 elementor-top-column elementor-element elementor-element-f79b573\" data-id=\"f79b573\" data-element_type=\"column\">\n\t\t\t<div class=\"elementor-widget-wrap elementor-element-populated\">\n\t\t\t\t\t\t<div class=\"elementor-element elementor-element-c00f5b2 elementor-widget elementor-widget-heading\" data-id=\"c00f5b2\" data-element_type=\"widget\" data-widget_type=\"heading.default\">\n\t\t\t\t<div class=\"elementor-widget-container\">\n\t\t\t\t\t<h2 class=\"elementor-heading-title elementor-size-default\">Une liaison renforc\u00e9e par Jet Aviation Service<\/h2>\t\t\t\t<\/div>\n\t\t\t\t<\/div>\n\t\t\t\t<section class=\"elementor-section elementor-inner-section elementor-element elementor-element-a24e32c elementor-section-boxed elementor-section-height-default elementor-section-height-default\" data-id=\"a24e32c\" data-element_type=\"section\">\n\t\t\t\t\t\t<div class=\"elementor-container elementor-column-gap-default\">\n\t\t\t\t\t<div class=\"elementor-column elementor-col-100 elementor-inner-column elementor-element elementor-element-31f95b2\" data-id=\"31f95b2\" data-element_type=\"column\">\n\t\t\t<div class=\"elementor-widget-wrap elementor-element-populated\">\n\t\t\t\t\t\t<div class=\"elementor-element elementor-element-0e46832 elementor-widget elementor-widget-text-editor\" data-id=\"0e46832\" data-element_type=\"widget\" data-widget_type=\"text-editor.default\">\n\t\t\t\t<div class=\"elementor-widget-container\">\n\t\t\t\t\t\t\t\t\t<p><span style=\"font-weight: 400;\">Avec l&#8217;appui de Jet Aviation Service, la soci\u00e9t\u00e9 de handling de F\u00e9lix Jean-Fran\u00e7ois, la ligne va op\u00e9rer au moins 3 rotations par semaine vers la <a href=\"https:\/\/richeskarayib.com\/fr\/events\/la-wonddes-piannistes-%f0%9f%8e%b9\/\" target=\"_blank\" rel=\"noopener\">Martinique<\/a> avec ces 5 avions bi-moteur de 19 places. Melissa Joseph, la directrice des op\u00e9rations de la compagnie <\/span><b>Air Adelphi<\/b><span style=\"font-weight: 400;\">, pr\u00e9cise les contours de cette implantation :<\/span><\/p><p><span style=\"font-weight: 400;\">\u00ab Air Adelphi pr\u00e9voit d&#8217;op\u00e9rer des services tripl\u00e9s entre les 3 \u00eeles les lundis, mercredis et vendredis. Le d\u00e9part de l&#8217;avion se fait \u00e0 Saint-Vincent. Nous allons de Saint-Vincent \u00e0 <a href=\"https:\/\/richeskarayib.com\/fr\/caraibe-les-langues-creoles-de-la-caraibe-latino-americaine\/\" target=\"_blank\" rel=\"noopener\">Sainte-Lucie<\/a> avec des correspondances vers la Martinique. Puis \u00e0 9h30, nous repartons de la Martinique vers Sainte-Lucie avec une correspondance vers Saint-Vincent. \u00bb<\/span><\/p>\t\t\t\t\t\t\t\t<\/div>\n\t\t\t\t<\/div>\n\t\t\t\t<section class=\"elementor-section elementor-inner-section elementor-element elementor-element-958041c elementor-section-boxed elementor-section-height-default elementor-section-height-default\" data-id=\"958041c\" data-element_type=\"section\">\n\t\t\t\t\t\t<div class=\"elementor-container elementor-column-gap-default\">\n\t\t\t\t\t<div class=\"elementor-column elementor-col-50 elementor-inner-column elementor-element elementor-element-481a1f0\" data-id=\"481a1f0\" data-element_type=\"column\">\n\t\t\t<div class=\"elementor-widget-wrap elementor-element-populated\">\n\t\t\t\t\t\t<div class=\"elementor-element elementor-element-0fc3e1b elementor-widget elementor-widget-image\" data-id=\"0fc3e1b\" data-element_type=\"widget\" data-widget_type=\"image.default\">\n\t\t\t\t<div class=\"elementor-widget-container\">\n\t\t\t\t\t\t\t\t\t\t\t\t<figure class=\"wp-caption\">\n\t\t\t\t\t\t\t\t\t\t<img fetchpriority=\"high\" decoding=\"async\" width=\"720\" height=\"540\" src=\"https:\/\/richeskarayib.com\/wp-content\/uploads\/2024\/12\/459383963_122181643052224615_3151377222989139877_n.jpg\" class=\"attachment-large size-large wp-image-42670\" alt=\"Air Adelphi\" srcset=\"https:\/\/richeskarayib.com\/wp-content\/uploads\/2024\/12\/459383963_122181643052224615_3151377222989139877_n.jpg 720w, https:\/\/richeskarayib.com\/wp-content\/uploads\/2024\/12\/459383963_122181643052224615_3151377222989139877_n-300x225.jpg 300w\" sizes=\"(max-width: 720px) 100vw, 720px\" \/>\t\t\t\t\t\t\t\t\t\t\t<figcaption class=\"widget-image-caption wp-caption-text\">Cockpit d'un avion de l'Air Adelphi<\/figcaption>\n\t\t\t\t\t\t\t\t\t\t<\/figure>\n\t\t\t\t\t\t\t\t\t<\/div>\n\t\t\t\t<\/div>\n\t\t\t\t\t<\/div>\n\t\t<\/div>\n\t\t\t\t<div class=\"elementor-column elementor-col-50 elementor-inner-column elementor-element elementor-element-ddb40e3\" data-id=\"ddb40e3\" data-element_type=\"column\">\n\t\t\t<div class=\"elementor-widget-wrap elementor-element-populated\">\n\t\t\t\t\t\t<div class=\"elementor-element elementor-element-364a665 elementor-widget elementor-widget-image\" data-id=\"364a665\" data-element_type=\"widget\" data-widget_type=\"image.default\">\n\t\t\t\t<div class=\"elementor-widget-container\">\n\t\t\t\t\t\t\t\t\t\t\t\t<figure class=\"wp-caption\">\n\t\t\t\t\t\t\t\t\t\t<img decoding=\"async\" width=\"800\" height=\"457\" src=\"https:\/\/richeskarayib.com\/wp-content\/uploads\/2024\/12\/469121732_122203730972224615_4099195562668015926_n.jpg\" class=\"attachment-large size-large wp-image-42666\" alt=\"Air Adelphi\" srcset=\"https:\/\/richeskarayib.com\/wp-content\/uploads\/2024\/12\/469121732_122203730972224615_4099195562668015926_n.jpg 960w, https:\/\/richeskarayib.com\/wp-content\/uploads\/2024\/12\/469121732_122203730972224615_4099195562668015926_n-300x171.jpg 300w, https:\/\/richeskarayib.com\/wp-content\/uploads\/2024\/12\/469121732_122203730972224615_4099195562668015926_n-768x438.jpg 768w\" sizes=\"(max-width: 800px) 100vw, 800px\" \/>\t\t\t\t\t\t\t\t\t\t\t<figcaption class=\"widget-image-caption wp-caption-text\">Avion de l'Air Adelphi.\n\nSource : Air Adelphi<\/figcaption>\n\t\t\t\t\t\t\t\t\t\t<\/figure>\n\t\t\t\t\t\t\t\t\t<\/div>\n\t\t\t\t<\/div>\n\t\t\t\t\t<\/div>\n\t\t<\/div>\n\t\t\t\t\t<\/div>\n\t\t<\/section>\n\t\t\t\t\t<\/div>\n\t\t<\/div>\n\t\t\t\t\t<\/div>\n\t\t<\/section>\n\t\t\t\t\t<\/div>\n\t\t<\/div>\n\t\t\t\t\t<\/div>\n\t\t<\/section>\n\t\t\t\t<section class=\"elementor-section elementor-top-section elementor-element elementor-element-a95c33f elementor-section-boxed elementor-section-height-default elementor-section-height-default\" data-id=\"a95c33f\" data-element_type=\"section\">\n\t\t\t\t\t\t<div class=\"elementor-container elementor-column-gap-default\">\n\t\t\t\t\t<div class=\"elementor-column elementor-col-100 elementor-top-column elementor-element elementor-element-d2ff6a2\" data-id=\"d2ff6a2\" data-element_type=\"column\">\n\t\t\t<div class=\"elementor-widget-wrap elementor-element-populated\">\n\t\t\t\t\t\t<div class=\"elementor-element elementor-element-8de7f5e elementor-widget elementor-widget-heading\" data-id=\"8de7f5e\" data-element_type=\"widget\" data-widget_type=\"heading.default\">\n\t\t\t\t<div class=\"elementor-widget-container\">\n\t\t\t\t\t<h2 class=\"elementor-heading-title elementor-size-default\">Une ambition pour la connectivit\u00e9 r\u00e9gionale<\/h2>\t\t\t\t<\/div>\n\t\t\t\t<\/div>\n\t\t\t\t<section class=\"elementor-section elementor-inner-section elementor-element elementor-element-72ef417 elementor-section-boxed elementor-section-height-default elementor-section-height-default\" data-id=\"72ef417\" data-element_type=\"section\">\n\t\t\t\t\t\t<div class=\"elementor-container elementor-column-gap-default\">\n\t\t\t\t\t<div class=\"elementor-column elementor-col-100 elementor-inner-column elementor-element elementor-element-4320b47\" data-id=\"4320b47\" data-element_type=\"column\">\n\t\t\t<div class=\"elementor-widget-wrap elementor-element-populated\">\n\t\t\t\t\t\t<div class=\"elementor-element elementor-element-a37caff elementor-widget elementor-widget-text-editor\" data-id=\"a37caff\" data-element_type=\"widget\" data-widget_type=\"text-editor.default\">\n\t\t\t\t<div class=\"elementor-widget-container\">\n\t\t\t\t\t\t\t\t\t<p><b>Adelphi<\/b><span style=\"font-weight: 400;\"> cherche \u00e0 ouvrir le corridor entre nos deux pays, en particulier parce que nous partageons tous une histoire et des cultures tr\u00e8s riches. La Martinique nous sert de plaque tournante pour ouvrir le corridor entre le Royaume-Uni et les autres \u00eeles des Cara\u00efbes. C&#8217;est une tr\u00e8s bonne porte d&#8217;entr\u00e9e pour les Cara\u00efbes. Nous aimerions ouvrir les avenues \u00e0 d&#8217;autres pays des Cara\u00efbes vers la Martinique aussi tels que Barbade, Grenade, Dominique, et Trinidad.<\/span><\/p>\t\t\t\t\t\t\t\t<\/div>\n\t\t\t\t<\/div>\n\t\t\t\t\t<\/div>\n\t\t<\/div>\n\t\t\t\t\t<\/div>\n\t\t<\/section>\n\t\t\t\t\t<\/div>\n\t\t<\/div>\n\t\t\t\t\t<\/div>\n\t\t<\/section>\n\t\t\t\t<section class=\"elementor-section elementor-top-section elementor-element elementor-element-b9655ad elementor-section-boxed elementor-section-height-default elementor-section-height-default\" data-id=\"b9655ad\" data-element_type=\"section\">\n\t\t\t\t\t\t<div class=\"elementor-container elementor-column-gap-default\">\n\t\t\t\t\t<div class=\"elementor-column elementor-col-100 elementor-top-column elementor-element elementor-element-a65bce4\" data-id=\"a65bce4\" data-element_type=\"column\">\n\t\t\t<div class=\"elementor-widget-wrap elementor-element-populated\">\n\t\t\t\t\t\t<div class=\"elementor-element elementor-element-c41a73b elementor-widget elementor-widget-heading\" data-id=\"c41a73b\" data-element_type=\"widget\" data-widget_type=\"heading.default\">\n\t\t\t\t<div class=\"elementor-widget-container\">\n\t\t\t\t\t<h2 class=\"elementor-heading-title elementor-size-default\">Tarifs attractifs pour les voyageurs<\/h2>\t\t\t\t<\/div>\n\t\t\t\t<\/div>\n\t\t\t\t<section class=\"elementor-section elementor-inner-section elementor-element elementor-element-7a58c63 elementor-section-boxed elementor-section-height-default elementor-section-height-default\" data-id=\"7a58c63\" data-element_type=\"section\">\n\t\t\t\t\t\t<div class=\"elementor-container elementor-column-gap-default\">\n\t\t\t\t\t<div class=\"elementor-column elementor-col-100 elementor-inner-column elementor-element elementor-element-96383e5\" data-id=\"96383e5\" data-element_type=\"column\">\n\t\t\t<div class=\"elementor-widget-wrap elementor-element-populated\">\n\t\t\t\t\t\t<div class=\"elementor-element elementor-element-8abb4ac elementor-widget elementor-widget-text-editor\" data-id=\"8abb4ac\" data-element_type=\"widget\" data-widget_type=\"text-editor.default\">\n\t\t\t\t<div class=\"elementor-widget-container\">\n\t\t\t\t\t\t\t\t\t<p><span style=\"font-weight: 400;\">L\u2019ambition est de favoriser la connectivit\u00e9 d\u00e9j\u00e0 existante entre nos territoires en d\u00e9pit de la forte concurrence. La compagnie s&#8217;est donc engag\u00e9e dans une d\u00e9marche pour tenter de r\u00e9duire les prix de ses billets et rendre son service plus abordable :<\/span><\/p>\t\t\t\t\t\t\t\t<\/div>\n\t\t\t\t<\/div>\n\t\t\t\t<div class=\"elementor-element elementor-element-fd329e6 elementor-widget elementor-widget-text-editor\" data-id=\"fd329e6\" data-element_type=\"widget\" data-widget_type=\"text-editor.default\">\n\t\t\t\t<div class=\"elementor-widget-container\">\n\t\t\t\t\t\t\t\t\t<p><span style=\"font-weight: 400;\">\u00ab Actuellement, le prix est de 350 euros pour un aller-retour. Cependant, nous avons travaill\u00e9 avec les autorit\u00e9s de l&#8217;aviation pour faire baisser ces prix afin de les rendre plus attractifs et plus abordables pour les personnes de la Martinique, de Sainte-Lucie et de Saint-Vincent. C&#8217;est un processus en cours. Nous esp\u00e9rons avoir une sorte de dispense que nous pouvons ensuite r\u00e9percuter aux clients. Il y aurait des billets encore moins chers, plus abordables. Le but serait vraiment de cr\u00e9er une passerelle entre nos pays, r\u00e9ussir \u00e0 faire des voyages d&#8217;une journ\u00e9e, des voyages pour les festivals, et plein de choses comme \u00e7a. \u00bb<\/span><\/p>\t\t\t\t\t\t\t\t<\/div>\n\t\t\t\t<\/div>\n\t\t\t\t\t<\/div>\n\t\t<\/div>\n\t\t\t\t\t<\/div>\n\t\t<\/section>\n\t\t\t\t\t<\/div>\n\t\t<\/div>\n\t\t\t\t\t<\/div>\n\t\t<\/section>\n\t\t\t\t<section class=\"elementor-section elementor-top-section elementor-element elementor-element-5cd0f21 elementor-section-boxed elementor-section-height-default elementor-section-height-default\" data-id=\"5cd0f21\" data-element_type=\"section\">\n\t\t\t\t\t\t<div class=\"elementor-container elementor-column-gap-default\">\n\t\t\t\t\t<div class=\"elementor-column elementor-col-100 elementor-top-column elementor-element elementor-element-e2f9b5b\" data-id=\"e2f9b5b\" data-element_type=\"column\">\n\t\t\t<div class=\"elementor-widget-wrap elementor-element-populated\">\n\t\t\t\t\t\t<section class=\"elementor-section elementor-inner-section elementor-element elementor-element-eca9e8d elementor-section-boxed elementor-section-height-default elementor-section-height-default\" data-id=\"eca9e8d\" data-element_type=\"section\">\n\t\t\t\t\t\t<div class=\"elementor-container elementor-column-gap-default\">\n\t\t\t\t\t<div class=\"elementor-column elementor-col-100 elementor-inner-column elementor-element elementor-element-5f7d35a\" data-id=\"5f7d35a\" data-element_type=\"column\">\n\t\t\t<div class=\"elementor-widget-wrap elementor-element-populated\">\n\t\t\t\t\t\t<div class=\"elementor-element elementor-element-f25c848 elementor-widget elementor-widget-text-editor\" data-id=\"f25c848\" data-element_type=\"widget\" data-widget_type=\"text-editor.default\">\n\t\t\t\t<div class=\"elementor-widget-container\">\n\t\t\t\t\t\t\t\t\t<p><span style=\"font-weight: 400;\">La <\/span><b>nouvelle desserte a\u00e9rienne<\/b><span style=\"font-weight: 400;\"> d&#8217;<\/span><b>Air Adelphi<\/b><span style=\"font-weight: 400;\"> entre la Martinique, Sainte-Lucie et Saint-Vincent marque un tournant dans le paysage du transport a\u00e9rien dans les Cara\u00efbes. Avec des ambitions de connexions am\u00e9lior\u00e9es et des tarifs accessibles, cette initiative pourrait transformer les voyages inter-\u00eeles, en facilitant l&#8217;acc\u00e8s \u00e0 des \u00e9v\u00e9nements culturels et en renfor\u00e7ant les liens \u00e9conomiques entre ces territoires. En adoptant des mesures pour la r\u00e9duction des co\u00fbts, <\/span><b>Air Adelphi<\/b><span style=\"font-weight: 400;\"> esp\u00e8re encourager un plus grand nombre de passagers \u00e0 explorer ces magnifiques destinations.<\/span><\/p>\t\t\t\t\t\t\t\t<\/div>\n\t\t\t\t<\/div>\n\t\t\t\t\t<\/div>\n\t\t<\/div>\n\t\t\t\t\t<\/div>\n\t\t<\/section>\n\t\t\t\t\t<\/div>\n\t\t<\/div>\n\t\t\t\t\t<\/div>\n\t\t<\/section>\n\t\t\t\t<\/div>\n\t\t","protected":false},"excerpt":{"rendered":"<p>Air Adelphi a lanc\u00e9 un nouveau service reliant la Martinique \u00e0 Sainte-Lucie et \u00e0 Saint-Vincent, \u00e0 partir du 11 d\u00e9cembre 2024. Cette nouvelle desserte a\u00e9rienne repr\u00e9sente une avanc\u00e9e significative pour la connectivit\u00e9 r\u00e9gionale dans les Cara\u00efbes. La compagnie a\u00e9rienne op\u00e9rera trois vols hebdomadaires les lundis, mercredis et vendredis, en utilisant des avions Twin Otter de [&hellip;]<\/p>\n","protected":false},"author":400,"featured_media":42662,"comment_status":"open","ping_status":"open","sticky":false,"template":"","format":"standard","meta":{"_acf_changed":false,"footnotes":""},"categories":[840],"tags":[808,1646,1599],"class_list":["post-42661","post","type-post","status-publish","format-standard","has-post-thumbnail","hentry","category-actus","tag-martinique-fr","tag-saint-vincent","tag-sainte-lucie-fr"],"acf":[],"_links":{"self":[{"href":"https:\/\/richeskarayib.com\/fr\/wp-json\/wp\/v2\/posts\/42661","targetHints":{"allow":["GET"]}}],"collection":[{"href":"https:\/\/richeskarayib.com\/fr\/wp-json\/wp\/v2\/posts"}],"about":[{"href":"https:\/\/richeskarayib.com\/fr\/wp-json\/wp\/v2\/types\/post"}],"author":[{"embeddable":true,"href":"https:\/\/richeskarayib.com\/fr\/wp-json\/wp\/v2\/users\/400"}],"replies":[{"embeddable":true,"href":"https:\/\/richeskarayib.com\/fr\/wp-json\/wp\/v2\/comments?post=42661"}],"version-history":[{"count":0,"href":"https:\/\/richeskarayib.com\/fr\/wp-json\/wp\/v2\/posts\/42661\/revisions"}],"wp:featuredmedia":[{"embeddable":true,"href":"https:\/\/richeskarayib.com\/fr\/wp-json\/wp\/v2\/media\/42662"}],"wp:attachment":[{"href":"https:\/\/richeskarayib.com\/fr\/wp-json\/wp\/v2\/media?parent=42661"}],"wp:term":[{"taxonomy":"category","embeddable":true,"href":"https:\/\/richeskarayib.com\/fr\/wp-json\/wp\/v2\/categories?post=42661"},{"taxonomy":"post_tag","embeddable":true,"href":"https:\/\/richeskarayib.com\/fr\/wp-json\/wp\/v2\/tags?post=42661"}],"curies":[{"name":"wp","href":"https:\/\/api.w.org\/{rel}","templated":true}]}}