{"id":43490,"date":"2025-01-08T06:00:14","date_gmt":"2025-01-08T10:00:14","guid":{"rendered":"https:\/\/richeskarayib.com\/?p=43490"},"modified":"2025-01-08T07:13:03","modified_gmt":"2025-01-08T11:13:03","slug":"stephen-marcelle-nouveau-phares-soca-blog-rk","status":"publish","type":"post","link":"https:\/\/richeskarayib.com\/fr\/stephen-marcelle-nouveau-phares-soca-blog-rk\/","title":{"rendered":"Stephen Marcelle: le nouveau phare du Soca &#8211; son Ascension et son impact"},"content":{"rendered":"\t\t<div data-elementor-type=\"wp-post\" data-elementor-id=\"43490\" class=\"elementor elementor-43490\" data-elementor-post-type=\"post\">\n\t\t\t\t\t\t<section class=\"elementor-section elementor-top-section elementor-element elementor-element-b0ccd15 elementor-section-boxed elementor-section-height-default elementor-section-height-default\" data-id=\"b0ccd15\" data-element_type=\"section\">\n\t\t\t\t\t\t<div class=\"elementor-container elementor-column-gap-default\">\n\t\t\t\t\t<div class=\"elementor-column elementor-col-100 elementor-top-column elementor-element elementor-element-99dbec5\" data-id=\"99dbec5\" data-element_type=\"column\">\n\t\t\t<div class=\"elementor-widget-wrap elementor-element-populated\">\n\t\t\t\t\t\t<section class=\"elementor-section elementor-inner-section elementor-element elementor-element-23cdfd9 elementor-section-boxed elementor-section-height-default elementor-section-height-default\" data-id=\"23cdfd9\" data-element_type=\"section\">\n\t\t\t\t\t\t<div class=\"elementor-container elementor-column-gap-default\">\n\t\t\t\t\t<div class=\"elementor-column elementor-col-100 elementor-inner-column elementor-element elementor-element-50d8ace\" data-id=\"50d8ace\" data-element_type=\"column\">\n\t\t\t<div class=\"elementor-widget-wrap elementor-element-populated\">\n\t\t\t\t\t\t<div class=\"elementor-element elementor-element-4df4d99 elementor-widget elementor-widget-text-editor\" data-id=\"4df4d99\" data-element_type=\"widget\" data-widget_type=\"text-editor.default\">\n\t\t\t\t<div class=\"elementor-widget-container\">\n\t\t\t\t\t\t\t\t\t<p><a href=\"https:\/\/web.facebook.com\/stephen.marcelle?_rdc=1&amp;_rdr\" target=\"_blank\" rel=\"noopener nofollow\">Stephen Marcelle<\/a>, le talentueux artiste soca de <a href=\"https:\/\/richeskarayib.com\/fr\/musique-calypso-riches-karayib-article-blog\/\" target=\"_blank\" rel=\"noopener\">Trinidad et Tobago<\/a>, est en train de faire son marque dans l&#8217;industrie musicale carib\u00e9enne. Avec une d\u00e9cennie d&#8217;exp\u00e9rience en tant que membre de la ligne de front du l\u00e9gendaire groupe Dil-E-Nadan, Stephen est pr\u00eat \u00e0 se lancer dans une carri\u00e8re solo et \u00e0 faire de son nom un household name.<\/p>\t\t\t\t\t\t\t\t<\/div>\n\t\t\t\t<\/div>\n\t\t\t\t\t<\/div>\n\t\t<\/div>\n\t\t\t\t\t<\/div>\n\t\t<\/section>\n\t\t\t\t\t<\/div>\n\t\t<\/div>\n\t\t\t\t\t<\/div>\n\t\t<\/section>\n\t\t\t\t<section class=\"elementor-section elementor-top-section elementor-element elementor-element-1389640 elementor-section-boxed elementor-section-height-default elementor-section-height-default\" data-id=\"1389640\" data-element_type=\"section\">\n\t\t\t\t\t\t<div class=\"elementor-container elementor-column-gap-default\">\n\t\t\t\t\t<div class=\"elementor-column elementor-col-100 elementor-top-column elementor-element elementor-element-62f5301\" data-id=\"62f5301\" data-element_type=\"column\">\n\t\t\t<div class=\"elementor-widget-wrap elementor-element-populated\">\n\t\t\t\t\t\t<div class=\"elementor-element elementor-element-07fed6e elementor-widget elementor-widget-heading\" data-id=\"07fed6e\" data-element_type=\"widget\" data-widget_type=\"heading.default\">\n\t\t\t\t<div class=\"elementor-widget-container\">\n\t\t\t\t\t<h2 class=\"elementor-heading-title elementor-size-default\">Une carri\u00e8re multifacette<\/h2>\t\t\t\t<\/div>\n\t\t\t\t<\/div>\n\t\t\t\t<div class=\"elementor-element elementor-element-5a71e13 elementor-widget elementor-widget-text-editor\" data-id=\"5a71e13\" data-element_type=\"widget\" data-widget_type=\"text-editor.default\">\n\t\t\t\t<div class=\"elementor-widget-container\">\n\t\t\t\t\t\t\t\t\t<p><a href=\"https:\/\/www.instagram.com\/singstephensing\/\" target=\"_blank\" rel=\"noopener nofollow\">Stephen Marcelle<\/a> n&#8217;est pas seulement un artiste; il est \u00e9galement un professionnel de la sant\u00e9 et un \u00e9tudiant en doctorat. Sa capacit\u00e9 \u00e0 g\u00e9rer plusieurs r\u00f4les simultan\u00e9ment est un t\u00e9moignage de ses comp\u00e9tences en gestion du temps et de son engagement envers ses passions. &#8220;J&#8217;ai \u00e9t\u00e9 un membre de la ligne de front de Dil-E-Nadan pendant la derni\u00e8re d\u00e9cennie. L&#8217;exp\u00e9rience a \u00e9t\u00e9 incroyable et je suis reconnaissant pour les opportunit\u00e9s que j&#8217;ai eues au fil des ans, mais mon intention est de faire de Stephen Marcelle un nom connu de tous,&#8221; d\u00e9clare-t-il.<\/p>\t\t\t\t\t\t\t\t<\/div>\n\t\t\t\t<\/div>\n\t\t\t\t\t<\/div>\n\t\t<\/div>\n\t\t\t\t\t<\/div>\n\t\t<\/section>\n\t\t\t\t<section class=\"elementor-section elementor-top-section elementor-element elementor-element-a7a4b32 elementor-section-boxed elementor-section-height-default elementor-section-height-default\" data-id=\"a7a4b32\" data-element_type=\"section\">\n\t\t\t\t\t\t<div class=\"elementor-container elementor-column-gap-default\">\n\t\t\t\t\t<div class=\"elementor-column elementor-col-100 elementor-top-column elementor-element elementor-element-f79b573\" data-id=\"f79b573\" data-element_type=\"column\">\n\t\t\t<div class=\"elementor-widget-wrap elementor-element-populated\">\n\t\t\t\t\t\t<div class=\"elementor-element elementor-element-c00f5b2 elementor-widget elementor-widget-heading\" data-id=\"c00f5b2\" data-element_type=\"widget\" data-widget_type=\"heading.default\">\n\t\t\t\t<div class=\"elementor-widget-container\">\n\t\t\t\t\t<h2 class=\"elementor-heading-title elementor-size-default\">L'exp\u00e9rience avec Dil-E-Nadan\n<\/h2>\t\t\t\t<\/div>\n\t\t\t\t<\/div>\n\t\t\t\t<section class=\"elementor-section elementor-inner-section elementor-element elementor-element-a24e32c elementor-section-boxed elementor-section-height-default elementor-section-height-default\" data-id=\"a24e32c\" data-element_type=\"section\">\n\t\t\t\t\t\t<div class=\"elementor-container elementor-column-gap-default\">\n\t\t\t\t\t<div class=\"elementor-column elementor-col-100 elementor-inner-column elementor-element elementor-element-31f95b2\" data-id=\"31f95b2\" data-element_type=\"column\">\n\t\t\t<div class=\"elementor-widget-wrap elementor-element-populated\">\n\t\t\t\t\t\t<div class=\"elementor-element elementor-element-0e46832 elementor-widget elementor-widget-text-editor\" data-id=\"0e46832\" data-element_type=\"widget\" data-widget_type=\"text-editor.default\">\n\t\t\t\t<div class=\"elementor-widget-container\">\n\t\t\t\t\t\t\t\t\t<p>Dil-E-Nadan, form\u00e9 en 1957, est l&#8217;un des groupes les plus embl\u00e9matiques de la sc\u00e8ne musicale indo-carib\u00e9enne et chutney-soca. Le groupe, dirig\u00e9 par les fr\u00e8res Ramnarine (Raymond, Richard et Rennie), est connu pour sa capacit\u00e9 \u00e0 fusionner divers genres musicaux, allant du classique indien au soca et au dancehall.<\/p><p>En tant que membre de Dil-E-Nadan, Stephen a eu l&#8217;occasion de performer sur des sc\u00e8nes internationales, y compris \u00e0 Amsterdam en novembre dernier. &#8220;J&#8217;ai chant\u00e9 une chanson en n\u00e9erlandais. J&#8217;ai fait cela en Suriname et \u00e0 Amsterdam. Le public est toujours \u00e9merveill\u00e9 que je puisse le faire,&#8221; explique-t-il. Ces performances ont non seulement mis en valeur sa versati<\/p>\t\t\t\t\t\t\t\t<\/div>\n\t\t\t\t<\/div>\n\t\t\t\t\t<\/div>\n\t\t<\/div>\n\t\t\t\t\t<\/div>\n\t\t<\/section>\n\t\t\t\t\t<\/div>\n\t\t<\/div>\n\t\t\t\t\t<\/div>\n\t\t<\/section>\n\t\t\t\t<section class=\"elementor-section elementor-top-section elementor-element elementor-element-a95c33f elementor-section-boxed elementor-section-height-default elementor-section-height-default\" data-id=\"a95c33f\" data-element_type=\"section\">\n\t\t\t\t\t\t<div class=\"elementor-container elementor-column-gap-default\">\n\t\t\t\t\t<div class=\"elementor-column elementor-col-100 elementor-top-column elementor-element elementor-element-d2ff6a2\" data-id=\"d2ff6a2\" data-element_type=\"column\">\n\t\t\t<div class=\"elementor-widget-wrap elementor-element-populated\">\n\t\t\t\t\t\t<div class=\"elementor-element elementor-element-8de7f5e elementor-widget elementor-widget-heading\" data-id=\"8de7f5e\" data-element_type=\"widget\" data-widget_type=\"heading.default\">\n\t\t\t\t<div class=\"elementor-widget-container\">\n\t\t\t\t\t<h2 class=\"elementor-heading-title elementor-size-default\">'Trini Sweet' - la Derni\u00e8re r\u00e9alisation\n<\/h2>\t\t\t\t<\/div>\n\t\t\t\t<\/div>\n\t\t\t\t<section class=\"elementor-section elementor-inner-section elementor-element elementor-element-72ef417 elementor-section-boxed elementor-section-height-default elementor-section-height-default\" data-id=\"72ef417\" data-element_type=\"section\">\n\t\t\t\t\t\t<div class=\"elementor-container elementor-column-gap-default\">\n\t\t\t\t\t<div class=\"elementor-column elementor-col-100 elementor-inner-column elementor-element elementor-element-4320b47\" data-id=\"4320b47\" data-element_type=\"column\">\n\t\t\t<div class=\"elementor-widget-wrap elementor-element-populated\">\n\t\t\t\t\t\t<div class=\"elementor-element elementor-element-a37caff elementor-widget elementor-widget-text-editor\" data-id=\"a37caff\" data-element_type=\"widget\" data-widget_type=\"text-editor.default\">\n\t\t\t\t<div class=\"elementor-widget-container\">\n\t\t\t\t\t\t\t\t\t<p>La derni\u00e8re chanson de Stephen, &#8216;Trini Sweet&#8217;, \u00e9crite par Jason &#8216;Shaft&#8217; Bishop, est un hommage \u00e0 la beaut\u00e9 et \u00e0 la culture de Trinidad et Tobago. &#8220;C&#8217;est l&#8217;une de ces chansons qui peint une image de ce que ressentir \u00eatre chez soi \u00e0 T&amp;T,&#8221; dit-il. La chanson capture l&#8217;essence de la nourriture, de la libert\u00e9, des gens et de la culture trinidadienne, montrant pourquoi T&amp;T est consid\u00e9r\u00e9 comme un paradis par les \u00e9trangers.<\/p>\t\t\t\t\t\t\t\t<\/div>\n\t\t\t\t<\/div>\n\t\t\t\t<section class=\"elementor-section elementor-inner-section elementor-element elementor-element-5409c28 elementor-section-boxed elementor-section-height-default elementor-section-height-default\" data-id=\"5409c28\" data-element_type=\"section\">\n\t\t\t\t\t\t<div class=\"elementor-container elementor-column-gap-default\">\n\t\t\t\t\t<div class=\"elementor-column elementor-col-100 elementor-inner-column elementor-element elementor-element-0f05639\" data-id=\"0f05639\" data-element_type=\"column\">\n\t\t\t<div class=\"elementor-widget-wrap elementor-element-populated\">\n\t\t\t\t\t\t<div class=\"elementor-element elementor-element-fd3e163 elementor-widget elementor-widget-video\" data-id=\"fd3e163\" data-element_type=\"widget\" data-settings=\"{&quot;youtube_url&quot;:&quot;https:\\\/\\\/www.youtube.com\\\/watch?v=zxnCBPzqXqM&quot;,&quot;video_type&quot;:&quot;youtube&quot;,&quot;controls&quot;:&quot;yes&quot;}\" data-widget_type=\"video.default\">\n\t\t\t\t<div class=\"elementor-widget-container\">\n\t\t\t\t\t\t\t<div class=\"elementor-wrapper elementor-open-inline\">\n\t\t\t<div class=\"elementor-video\"><\/div>\t\t<\/div>\n\t\t\t\t\t\t<\/div>\n\t\t\t\t<\/div>\n\t\t\t\t\t<\/div>\n\t\t<\/div>\n\t\t\t\t\t<\/div>\n\t\t<\/section>\n\t\t\t\t\t<\/div>\n\t\t<\/div>\n\t\t\t\t\t<\/div>\n\t\t<\/section>\n\t\t\t\t\t<\/div>\n\t\t<\/div>\n\t\t\t\t\t<\/div>\n\t\t<\/section>\n\t\t\t\t<section class=\"elementor-section elementor-top-section elementor-element elementor-element-b9655ad elementor-section-boxed elementor-section-height-default elementor-section-height-default\" data-id=\"b9655ad\" data-element_type=\"section\">\n\t\t\t\t\t\t<div class=\"elementor-container elementor-column-gap-default\">\n\t\t\t\t\t<div class=\"elementor-column elementor-col-100 elementor-top-column elementor-element elementor-element-a65bce4\" data-id=\"a65bce4\" data-element_type=\"column\">\n\t\t\t<div class=\"elementor-widget-wrap elementor-element-populated\">\n\t\t\t\t\t\t<div class=\"elementor-element elementor-element-c41a73b elementor-widget elementor-widget-heading\" data-id=\"c41a73b\" data-element_type=\"widget\" data-widget_type=\"heading.default\">\n\t\t\t\t<div class=\"elementor-widget-container\">\n\t\t\t\t\t<h2 class=\"elementor-heading-title elementor-size-default\">Engagement dans la communaut\u00e9 et les comp\u00e9titions\n<\/h2>\t\t\t\t<\/div>\n\t\t\t\t<\/div>\n\t\t\t\t<section class=\"elementor-section elementor-inner-section elementor-element elementor-element-7a58c63 elementor-section-boxed elementor-section-height-default elementor-section-height-default\" data-id=\"7a58c63\" data-element_type=\"section\">\n\t\t\t\t\t\t<div class=\"elementor-container elementor-column-gap-default\">\n\t\t\t\t\t<div class=\"elementor-column elementor-col-100 elementor-inner-column elementor-element elementor-element-96383e5\" data-id=\"96383e5\" data-element_type=\"column\">\n\t\t\t<div class=\"elementor-widget-wrap elementor-element-populated\">\n\t\t\t\t\t\t<div class=\"elementor-element elementor-element-8abb4ac elementor-widget elementor-widget-text-editor\" data-id=\"8abb4ac\" data-element_type=\"widget\" data-widget_type=\"text-editor.default\">\n\t\t\t\t<div class=\"elementor-widget-container\">\n\t\t\t\t\t\t\t\t\t<p><a href=\"https:\/\/sflcn.com\/stephen-marcelle-the-rising-star-of-soca-music\/\" target=\"_blank\" rel=\"noopener nofollow\">Stephen Marcelle<\/a> est un v\u00e9ritable amoureux de la culture trinidadienne. Sa passion pour la musique de Trinidad et Tobago, combin\u00e9e \u00e0 son amour pour la performance, l&#8217;a men\u00e9 \u00e0 remporter le titre d&#8217;Emancipation Calypso Monarch en 2012 et celui de Young King Calypso Monarch en 2013. Il a \u00e9galement \u00e9t\u00e9 semi-finaliste au Skinner Park pendant sept ans.<\/p><p>&#8220;Il est important pour moi de devenir plus que juste &#8216;l&#8217;autre gars&#8217;,&#8221; d\u00e9clare Stephen. &#8220;Je comprends ce que je dois faire pour renforcer ma marque personnelle en tant qu&#8217;artiste, ce qui b\u00e9n\u00e9ficie \u00e9galement \u00e0 la marque Dil-E-Nadan.&#8221; Le soutien de Dil-E-Nadan a \u00e9t\u00e9 constant tout au long de son parcours.<\/p>\t\t\t\t\t\t\t\t<\/div>\n\t\t\t\t<\/div>\n\t\t\t\t\t<\/div>\n\t\t<\/div>\n\t\t\t\t\t<\/div>\n\t\t<\/section>\n\t\t\t\t\t<\/div>\n\t\t<\/div>\n\t\t\t\t\t<\/div>\n\t\t<\/section>\n\t\t\t\t<section class=\"elementor-section elementor-top-section elementor-element elementor-element-245dc56 elementor-section-boxed elementor-section-height-default elementor-section-height-default\" data-id=\"245dc56\" data-element_type=\"section\">\n\t\t\t\t\t\t<div class=\"elementor-container elementor-column-gap-default\">\n\t\t\t\t\t<div class=\"elementor-column elementor-col-100 elementor-top-column elementor-element elementor-element-f457634\" data-id=\"f457634\" data-element_type=\"column\">\n\t\t\t<div class=\"elementor-widget-wrap elementor-element-populated\">\n\t\t\t\t\t\t<div class=\"elementor-element elementor-element-16f8132 elementor-widget elementor-widget-heading\" data-id=\"16f8132\" data-element_type=\"widget\" data-widget_type=\"heading.default\">\n\t\t\t\t<div class=\"elementor-widget-container\">\n\t\t\t\t\t<h2 class=\"elementor-heading-title elementor-size-default\">Un avenir prometteur<\/h2>\t\t\t\t<\/div>\n\t\t\t\t<\/div>\n\t\t\t\t<section class=\"elementor-section elementor-inner-section elementor-element elementor-element-4ddc307 elementor-section-boxed elementor-section-height-default elementor-section-height-default\" data-id=\"4ddc307\" data-element_type=\"section\">\n\t\t\t\t\t\t<div class=\"elementor-container elementor-column-gap-default\">\n\t\t\t\t\t<div class=\"elementor-column elementor-col-100 elementor-inner-column elementor-element elementor-element-c732e72\" data-id=\"c732e72\" data-element_type=\"column\">\n\t\t\t<div class=\"elementor-widget-wrap elementor-element-populated\">\n\t\t\t\t\t\t<div class=\"elementor-element elementor-element-b969974 elementor-widget elementor-widget-text-editor\" data-id=\"b969974\" data-element_type=\"widget\" data-widget_type=\"text-editor.default\">\n\t\t\t\t<div class=\"elementor-widget-container\">\n\t\t\t\t\t\t\t\t\t<p>Avec des plans pour entrer dans des comp\u00e9titions cette saison, Stephen Marcelle suit son c\u0153ur et avance avec force. &#8220;Je suis en train d&#8217;investir en moi-m\u00eame, de prendre le temps de construire mon catalogue de musique et de me marketer comme je le devrais,&#8221; explique-t-il. Malgr\u00e9 son emploi du temps charg\u00e9, il utilise chaque moment disponible pour \u00e9crire des chansons ou \u00e9tudier.<\/p>\t\t\t\t\t\t\t\t<\/div>\n\t\t\t\t<\/div>\n\t\t\t\t<section class=\"elementor-section elementor-inner-section elementor-element elementor-element-fad49c2 elementor-section-boxed elementor-section-height-default elementor-section-height-default\" data-id=\"fad49c2\" data-element_type=\"section\">\n\t\t\t\t\t\t<div class=\"elementor-container elementor-column-gap-default\">\n\t\t\t\t\t<div class=\"elementor-column elementor-col-100 elementor-inner-column elementor-element elementor-element-5c5dce6\" data-id=\"5c5dce6\" data-element_type=\"column\">\n\t\t\t<div class=\"elementor-widget-wrap elementor-element-populated\">\n\t\t\t\t\t\t<div class=\"elementor-element elementor-element-132d3df elementor-widget elementor-widget-image\" data-id=\"132d3df\" data-element_type=\"widget\" data-widget_type=\"image.default\">\n\t\t\t\t<div class=\"elementor-widget-container\">\n\t\t\t\t\t\t\t\t\t\t\t\t<figure class=\"wp-caption\">\n\t\t\t\t\t\t\t\t\t\t<img fetchpriority=\"high\" decoding=\"async\" width=\"725\" height=\"1024\" src=\"https:\/\/richeskarayib.com\/wp-content\/uploads\/2025\/01\/472209562_10235211499413372_8395705950676171069_n-725x1024.jpg\" class=\"attachment-large size-large wp-image-43495\" alt=\"Stephen Marcelle. Source: Stephen Marcelle\" srcset=\"https:\/\/richeskarayib.com\/wp-content\/uploads\/2025\/01\/472209562_10235211499413372_8395705950676171069_n-725x1024.jpg 725w, https:\/\/richeskarayib.com\/wp-content\/uploads\/2025\/01\/472209562_10235211499413372_8395705950676171069_n-212x300.jpg 212w, https:\/\/richeskarayib.com\/wp-content\/uploads\/2025\/01\/472209562_10235211499413372_8395705950676171069_n-768x1084.jpg 768w, https:\/\/richeskarayib.com\/wp-content\/uploads\/2025\/01\/472209562_10235211499413372_8395705950676171069_n.jpg 1080w\" sizes=\"(max-width: 725px) 100vw, 725px\" \/>\t\t\t\t\t\t\t\t\t\t\t<figcaption class=\"widget-image-caption wp-caption-text\">Stephen Marcelle.\n\nSource: Stephen Marcelle<\/figcaption>\n\t\t\t\t\t\t\t\t\t\t<\/figure>\n\t\t\t\t\t\t\t\t\t<\/div>\n\t\t\t\t<\/div>\n\t\t\t\t\t<\/div>\n\t\t<\/div>\n\t\t\t\t\t<\/div>\n\t\t<\/section>\n\t\t\t\t\t<\/div>\n\t\t<\/div>\n\t\t\t\t\t<\/div>\n\t\t<\/section>\n\t\t\t\t\t<\/div>\n\t\t<\/div>\n\t\t\t\t\t<\/div>\n\t\t<\/section>\n\t\t\t\t<section class=\"elementor-section elementor-top-section elementor-element elementor-element-eab5655 elementor-section-boxed elementor-section-height-default elementor-section-height-default\" data-id=\"eab5655\" data-element_type=\"section\">\n\t\t\t\t\t\t<div class=\"elementor-container elementor-column-gap-default\">\n\t\t\t\t\t<div class=\"elementor-column elementor-col-100 elementor-top-column elementor-element elementor-element-8e881e1\" data-id=\"8e881e1\" data-element_type=\"column\">\n\t\t\t<div class=\"elementor-widget-wrap elementor-element-populated\">\n\t\t\t\t\t\t<div class=\"elementor-element elementor-element-f8e56fd elementor-widget elementor-widget-heading\" data-id=\"f8e56fd\" data-element_type=\"widget\" data-widget_type=\"heading.default\">\n\t\t\t\t<div class=\"elementor-widget-container\">\n\t\t\t\t\t<h2 class=\"elementor-heading-title elementor-size-default\">Impact international\n<\/h2>\t\t\t\t<\/div>\n\t\t\t\t<\/div>\n\t\t\t\t<section class=\"elementor-section elementor-inner-section elementor-element elementor-element-6f050af elementor-section-boxed elementor-section-height-default elementor-section-height-default\" data-id=\"6f050af\" data-element_type=\"section\">\n\t\t\t\t\t\t<div class=\"elementor-container elementor-column-gap-default\">\n\t\t\t\t\t<div class=\"elementor-column elementor-col-100 elementor-inner-column elementor-element elementor-element-90986e0\" data-id=\"90986e0\" data-element_type=\"column\">\n\t\t\t<div class=\"elementor-widget-wrap elementor-element-populated\">\n\t\t\t\t\t\t<div class=\"elementor-element elementor-element-881eef8 elementor-widget elementor-widget-text-editor\" data-id=\"881eef8\" data-element_type=\"widget\" data-widget_type=\"text-editor.default\">\n\t\t\t\t<div class=\"elementor-widget-container\">\n\t\t\t\t\t\t\t\t\t<p>Stephen Marcelle anticipe de nombreuses opportunit\u00e9s pour d\u00e9couvrir et \u00eatre introduit \u00e0 de nouveaux march\u00e9s et cultures en dehors de la r\u00e9gion carib\u00e9enne. Sa capacit\u00e9 \u00e0 chanter dans plusieurs langues, y compris le n\u00e9erlandais, lui a d\u00e9j\u00e0 ouvert des portes en Suriname et aux Pays-Bas.<\/p>\t\t\t\t\t\t\t\t<\/div>\n\t\t\t\t<\/div>\n\t\t\t\t\t<\/div>\n\t\t<\/div>\n\t\t\t\t\t<\/div>\n\t\t<\/section>\n\t\t\t\t\t<\/div>\n\t\t<\/div>\n\t\t\t\t\t<\/div>\n\t\t<\/section>\n\t\t\t\t<section class=\"elementor-section elementor-top-section elementor-element elementor-element-afe516f elementor-section-boxed elementor-section-height-default elementor-section-height-default\" data-id=\"afe516f\" data-element_type=\"section\">\n\t\t\t\t\t\t<div class=\"elementor-container elementor-column-gap-default\">\n\t\t\t\t\t<div class=\"elementor-column elementor-col-100 elementor-top-column elementor-element elementor-element-6adec51\" data-id=\"6adec51\" data-element_type=\"column\">\n\t\t\t<div class=\"elementor-widget-wrap elementor-element-populated\">\n\t\t\t\t\t\t<div class=\"elementor-element elementor-element-3561901 elementor-widget elementor-widget-heading\" data-id=\"3561901\" data-element_type=\"widget\" data-widget_type=\"heading.default\">\n\t\t\t\t<div class=\"elementor-widget-container\">\n\t\t\t\t\t<h2 class=\"elementor-heading-title elementor-size-default\">Un message de changement\n<\/h2>\t\t\t\t<\/div>\n\t\t\t\t<\/div>\n\t\t\t\t<section class=\"elementor-section elementor-inner-section elementor-element elementor-element-58b38a6 elementor-section-boxed elementor-section-height-default elementor-section-height-default\" data-id=\"58b38a6\" data-element_type=\"section\">\n\t\t\t\t\t\t<div class=\"elementor-container elementor-column-gap-default\">\n\t\t\t\t\t<div class=\"elementor-column elementor-col-100 elementor-inner-column elementor-element elementor-element-1763fa2\" data-id=\"1763fa2\" data-element_type=\"column\">\n\t\t\t<div class=\"elementor-widget-wrap elementor-element-populated\">\n\t\t\t\t\t\t<div class=\"elementor-element elementor-element-fc7796d elementor-widget elementor-widget-text-editor\" data-id=\"fc7796d\" data-element_type=\"widget\" data-widget_type=\"text-editor.default\">\n\t\t\t\t<div class=\"elementor-widget-container\">\n\t\t\t\t\t\t\t\t\t<p>Bien que la criminalit\u00e9 soit une pr\u00e9occupation \u00e0 Trinidad et Tobago, Stephen croit que chacun a un r\u00f4le \u00e0 jouer dans les changements n\u00e9cessaires. &#8220;Oui, nous avons de la criminalit\u00e9 ici et oui, le jeu des bl\u00e2mes continuera, mais nous devons tous prendre le contr\u00f4le de ce probl\u00e8me,&#8221; dit-il. Malgr\u00e9 cela, il insiste sur le fait que T&amp;T reste un endroit doux et accueillant.<\/p>\t\t\t\t\t\t\t\t<\/div>\n\t\t\t\t<\/div>\n\t\t\t\t\t<\/div>\n\t\t<\/div>\n\t\t\t\t\t<\/div>\n\t\t<\/section>\n\t\t\t\t\t<\/div>\n\t\t<\/div>\n\t\t\t\t\t<\/div>\n\t\t<\/section>\n\t\t\t\t<section class=\"elementor-section elementor-top-section elementor-element elementor-element-a01a269 elementor-section-boxed elementor-section-height-default elementor-section-height-default\" data-id=\"a01a269\" data-element_type=\"section\">\n\t\t\t\t\t\t<div class=\"elementor-container elementor-column-gap-default\">\n\t\t\t\t\t<div class=\"elementor-column elementor-col-100 elementor-top-column elementor-element elementor-element-1c31bbd\" data-id=\"1c31bbd\" data-element_type=\"column\">\n\t\t\t<div class=\"elementor-widget-wrap elementor-element-populated\">\n\t\t\t\t\t\t<section class=\"elementor-section elementor-inner-section elementor-element elementor-element-c4da809 elementor-section-boxed elementor-section-height-default elementor-section-height-default\" data-id=\"c4da809\" data-element_type=\"section\">\n\t\t\t\t\t\t<div class=\"elementor-container elementor-column-gap-default\">\n\t\t\t\t\t<div class=\"elementor-column elementor-col-100 elementor-inner-column elementor-element elementor-element-1450e48\" data-id=\"1450e48\" data-element_type=\"column\">\n\t\t\t<div class=\"elementor-widget-wrap elementor-element-populated\">\n\t\t\t\t\t\t<div class=\"elementor-element elementor-element-31c8f7c elementor-widget elementor-widget-text-editor\" data-id=\"31c8f7c\" data-element_type=\"widget\" data-widget_type=\"text-editor.default\">\n\t\t\t\t<div class=\"elementor-widget-container\">\n\t\t\t\t\t\t\t\t\t<p>Stephen Marcelle est plus qu&#8217;un simple membre de bande, plus qu&#8217;un professionnel de la sant\u00e9, et plus qu&#8217;un \u00e9tudiant en doctorat; il est un artiste qui m\u00e9rite d&#8217;\u00eatre entendu. Alors qu&#8217;il s&#8217;affirme dans l&#8217;industrie, jour apr\u00e8s jour, il anticipe le moment o\u00f9 ses compatriotes trinidadiens et les amateurs de soca carib\u00e9ens le reconna\u00eetront non pas comme &#8216;l&#8217;autre gars&#8217;, mais comme Stephen Marcelle.<\/p>\t\t\t\t\t\t\t\t<\/div>\n\t\t\t\t<\/div>\n\t\t\t\t\t<\/div>\n\t\t<\/div>\n\t\t\t\t\t<\/div>\n\t\t<\/section>\n\t\t\t\t\t<\/div>\n\t\t<\/div>\n\t\t\t\t\t<\/div>\n\t\t<\/section>\n\t\t\t\t<\/div>\n\t\t","protected":false},"excerpt":{"rendered":"<p>Stephen Marcelle, le talentueux artiste soca de Trinidad et Tobago, est en train de faire son marque dans l&#8217;industrie musicale carib\u00e9enne. Avec une d\u00e9cennie d&#8217;exp\u00e9rience en tant que membre de la ligne de front du l\u00e9gendaire groupe Dil-E-Nadan, Stephen est pr\u00eat \u00e0 se lancer dans une carri\u00e8re solo et \u00e0 faire de son nom un [&hellip;]<\/p>\n","protected":false},"author":400,"featured_media":43491,"comment_status":"open","ping_status":"open","sticky":false,"template":"","format":"standard","meta":{"_acf_changed":false,"footnotes":""},"categories":[835],"tags":[1518],"class_list":["post-43490","post","type-post","status-publish","format-standard","has-post-thumbnail","hentry","category-musique-fr","tag-trinite-et-tobago-fr"],"acf":[],"_links":{"self":[{"href":"https:\/\/richeskarayib.com\/fr\/wp-json\/wp\/v2\/posts\/43490","targetHints":{"allow":["GET"]}}],"collection":[{"href":"https:\/\/richeskarayib.com\/fr\/wp-json\/wp\/v2\/posts"}],"about":[{"href":"https:\/\/richeskarayib.com\/fr\/wp-json\/wp\/v2\/types\/post"}],"author":[{"embeddable":true,"href":"https:\/\/richeskarayib.com\/fr\/wp-json\/wp\/v2\/users\/400"}],"replies":[{"embeddable":true,"href":"https:\/\/richeskarayib.com\/fr\/wp-json\/wp\/v2\/comments?post=43490"}],"version-history":[{"count":0,"href":"https:\/\/richeskarayib.com\/fr\/wp-json\/wp\/v2\/posts\/43490\/revisions"}],"wp:featuredmedia":[{"embeddable":true,"href":"https:\/\/richeskarayib.com\/fr\/wp-json\/wp\/v2\/media\/43491"}],"wp:attachment":[{"href":"https:\/\/richeskarayib.com\/fr\/wp-json\/wp\/v2\/media?parent=43490"}],"wp:term":[{"taxonomy":"category","embeddable":true,"href":"https:\/\/richeskarayib.com\/fr\/wp-json\/wp\/v2\/categories?post=43490"},{"taxonomy":"post_tag","embeddable":true,"href":"https:\/\/richeskarayib.com\/fr\/wp-json\/wp\/v2\/tags?post=43490"}],"curies":[{"name":"wp","href":"https:\/\/api.w.org\/{rel}","templated":true}]}}