{"id":43564,"date":"2025-01-09T08:00:37","date_gmt":"2025-01-09T12:00:37","guid":{"rendered":"https:\/\/richeskarayib.com\/?p=43564"},"modified":"2025-01-09T10:32:55","modified_gmt":"2025-01-09T14:32:55","slug":"la-resilience-du-creole-initiatives-blog-rk","status":"publish","type":"post","link":"https:\/\/richeskarayib.com\/fr\/la-resilience-du-creole-initiatives-blog-rk\/","title":{"rendered":"La r\u00e9silience du Cr\u00e9ole : initiatives de pr\u00e9servation et avenir des langues r\u00e9gionales"},"content":{"rendered":"\t\t<div data-elementor-type=\"wp-post\" data-elementor-id=\"43564\" class=\"elementor elementor-43564\" data-elementor-post-type=\"post\">\n\t\t\t\t\t\t<section class=\"elementor-section elementor-top-section elementor-element elementor-element-b0ccd15 elementor-section-boxed elementor-section-height-default elementor-section-height-default\" data-id=\"b0ccd15\" data-element_type=\"section\">\n\t\t\t\t\t\t<div class=\"elementor-container elementor-column-gap-default\">\n\t\t\t\t\t<div class=\"elementor-column elementor-col-100 elementor-top-column elementor-element elementor-element-99dbec5\" data-id=\"99dbec5\" data-element_type=\"column\">\n\t\t\t<div class=\"elementor-widget-wrap elementor-element-populated\">\n\t\t\t\t\t\t<section class=\"elementor-section elementor-inner-section elementor-element elementor-element-23cdfd9 elementor-section-boxed elementor-section-height-default elementor-section-height-default\" data-id=\"23cdfd9\" data-element_type=\"section\">\n\t\t\t\t\t\t<div class=\"elementor-container elementor-column-gap-default\">\n\t\t\t\t\t<div class=\"elementor-column elementor-col-100 elementor-inner-column elementor-element elementor-element-50d8ace\" data-id=\"50d8ace\" data-element_type=\"column\">\n\t\t\t<div class=\"elementor-widget-wrap elementor-element-populated\">\n\t\t\t\t\t\t<div class=\"elementor-element elementor-element-4df4d99 elementor-widget elementor-widget-text-editor\" data-id=\"4df4d99\" data-element_type=\"widget\" data-widget_type=\"text-editor.default\">\n\t\t\t\t<div class=\"elementor-widget-container\">\n\t\t\t\t\t\t\t\t\t<p><span style=\"font-weight: 400;\">Le <\/span><a href=\"https:\/\/fr.wikipedia.org\/wiki\/Cr%C3%A9oles\" target=\"_blank\" rel=\"noopener nofollow\"><b>cr\u00e9ole<\/b><\/a><span style=\"font-weight: 400;\">, une langue n\u00e9e de la n\u00e9cessit\u00e9 de communication entre les esclaves et leurs ma\u00eetres dans les colonies des Cara\u00efbes, est un v\u00e9ritable symbole de r\u00e9silience et d&#8217;h\u00e9ritage culturel. Cette langue, qui a fusionn\u00e9 les sonorit\u00e9s du fran\u00e7ais, de l&#8217;anglais, du portugais, du n\u00e9erlandais, de l&#8217;espagnol et de plusieurs langues africaines, continue de jouer un r\u00f4le crucial dans l&#8217;identit\u00e9 des peuples des Cara\u00efbes.<\/span><\/p>\t\t\t\t\t\t\t\t<\/div>\n\t\t\t\t<\/div>\n\t\t\t\t\t<\/div>\n\t\t<\/div>\n\t\t\t\t\t<\/div>\n\t\t<\/section>\n\t\t\t\t\t<\/div>\n\t\t<\/div>\n\t\t\t\t\t<\/div>\n\t\t<\/section>\n\t\t\t\t<section class=\"elementor-section elementor-top-section elementor-element elementor-element-1389640 elementor-section-boxed elementor-section-height-default elementor-section-height-default\" data-id=\"1389640\" data-element_type=\"section\">\n\t\t\t\t\t\t<div class=\"elementor-container elementor-column-gap-default\">\n\t\t\t\t\t<div class=\"elementor-column elementor-col-100 elementor-top-column elementor-element elementor-element-62f5301\" data-id=\"62f5301\" data-element_type=\"column\">\n\t\t\t<div class=\"elementor-widget-wrap elementor-element-populated\">\n\t\t\t\t\t\t<div class=\"elementor-element elementor-element-07fed6e elementor-widget elementor-widget-heading\" data-id=\"07fed6e\" data-element_type=\"widget\" data-widget_type=\"heading.default\">\n\t\t\t\t<div class=\"elementor-widget-container\">\n\t\t\t\t\t<h2 class=\"elementor-heading-title elementor-size-default\">Histoire et \u00e9volution du Cr\u00e9ole<\/h2>\t\t\t\t<\/div>\n\t\t\t\t<\/div>\n\t\t\t\t<div class=\"elementor-element elementor-element-5a71e13 elementor-widget elementor-widget-text-editor\" data-id=\"5a71e13\" data-element_type=\"widget\" data-widget_type=\"text-editor.default\">\n\t\t\t\t<div class=\"elementor-widget-container\">\n\t\t\t\t\t\t\t\t\t<p><span style=\"font-weight: 400;\">Le cr\u00e9ole est n\u00e9 dans le contexte tumultueux de l&#8217;histoire coloniale, o\u00f9 la communication entre les esclaves et leurs ma\u00eetres \u00e9tait essentielle. Cette langue pidgin, initialement utilis\u00e9e pour des \u00e9changes simples, s&#8217;est rapidement \u00e9panouie en une langue complexe et riche, refl\u00e9tant la diversit\u00e9 linguistique africaine et europ\u00e9enne.<\/span><\/p>\n<p><span style=\"font-weight: 400;\">Chaque \u00eele des Cara\u00efbes a d\u00e9velopp\u00e9 sa propre langue, avec des particularit\u00e9s linguistiques uniques. Par exemple, le cr\u00e9ole guadeloup\u00e9en et le cr\u00e9ole martiniquais partagent des similitudes lexicales avec le fran\u00e7ais, mais \u00e9galement des influences des langues africaines comme le lingala et le kikongo.<\/span><\/p>\t\t\t\t\t\t\t\t<\/div>\n\t\t\t\t<\/div>\n\t\t\t\t<section class=\"elementor-section elementor-inner-section elementor-element elementor-element-a9de38e elementor-section-boxed elementor-section-height-default elementor-section-height-default\" data-id=\"a9de38e\" data-element_type=\"section\">\n\t\t\t\t\t\t<div class=\"elementor-container elementor-column-gap-default\">\n\t\t\t\t\t<div class=\"elementor-column elementor-col-100 elementor-inner-column elementor-element elementor-element-661c9c6\" data-id=\"661c9c6\" data-element_type=\"column\">\n\t\t\t<div class=\"elementor-widget-wrap elementor-element-populated\">\n\t\t\t\t\t\t<div class=\"elementor-element elementor-element-c30ec3b elementor-widget elementor-widget-image\" data-id=\"c30ec3b\" data-element_type=\"widget\" data-widget_type=\"image.default\">\n\t\t\t\t<div class=\"elementor-widget-container\">\n\t\t\t\t\t\t\t\t\t\t\t\t<figure class=\"wp-caption\">\n\t\t\t\t\t\t\t\t\t\t<img fetchpriority=\"high\" decoding=\"async\" width=\"800\" height=\"534\" src=\"https:\/\/richeskarayib.com\/wp-content\/uploads\/2025\/01\/deux-vieilles-femmes-assises-sous-la-porte-dune-maison-dans-la-ville-coloree-1-1024x683.jpg\" class=\"attachment-large size-large wp-image-43573\" alt=\"Cr\u00e9ole\" srcset=\"https:\/\/richeskarayib.com\/wp-content\/uploads\/2025\/01\/deux-vieilles-femmes-assises-sous-la-porte-dune-maison-dans-la-ville-coloree-1-1024x683.jpg 1024w, https:\/\/richeskarayib.com\/wp-content\/uploads\/2025\/01\/deux-vieilles-femmes-assises-sous-la-porte-dune-maison-dans-la-ville-coloree-1-300x200.jpg 300w, https:\/\/richeskarayib.com\/wp-content\/uploads\/2025\/01\/deux-vieilles-femmes-assises-sous-la-porte-dune-maison-dans-la-ville-coloree-1-768x513.jpg 768w, https:\/\/richeskarayib.com\/wp-content\/uploads\/2025\/01\/deux-vieilles-femmes-assises-sous-la-porte-dune-maison-dans-la-ville-coloree-1-1320x881.jpg 1320w, https:\/\/richeskarayib.com\/wp-content\/uploads\/2025\/01\/deux-vieilles-femmes-assises-sous-la-porte-dune-maison-dans-la-ville-coloree-1.jpg 1500w\" sizes=\"(max-width: 800px) 100vw, 800px\" \/>\t\t\t\t\t\t\t\t\t\t\t<figcaption class=\"widget-image-caption wp-caption-text\">Deux vieilles femmes assises sous la porte d'une maison dans la ville colore\u0301e<\/figcaption>\n\t\t\t\t\t\t\t\t\t\t<\/figure>\n\t\t\t\t\t\t\t\t\t<\/div>\n\t\t\t\t<\/div>\n\t\t\t\t\t<\/div>\n\t\t<\/div>\n\t\t\t\t\t<\/div>\n\t\t<\/section>\n\t\t\t\t\t<\/div>\n\t\t<\/div>\n\t\t\t\t\t<\/div>\n\t\t<\/section>\n\t\t\t\t<section class=\"elementor-section elementor-top-section elementor-element elementor-element-4020f89 elementor-section-boxed elementor-section-height-default elementor-section-height-default\" data-id=\"4020f89\" data-element_type=\"section\">\n\t\t\t\t\t\t<div class=\"elementor-container elementor-column-gap-default\">\n\t\t\t\t\t<div class=\"elementor-column elementor-col-100 elementor-top-column elementor-element elementor-element-98a76b8\" data-id=\"98a76b8\" data-element_type=\"column\">\n\t\t\t<div class=\"elementor-widget-wrap elementor-element-populated\">\n\t\t\t\t\t\t<div class=\"elementor-element elementor-element-c8bcd6e elementor-widget elementor-widget-heading\" data-id=\"c8bcd6e\" data-element_type=\"widget\" data-widget_type=\"heading.default\">\n\t\t\t\t<div class=\"elementor-widget-container\">\n\t\t\t\t\t<h2 class=\"elementor-heading-title elementor-size-default\">Autres Cr\u00e9oles de la Cara\u00efbe\n<\/h2>\t\t\t\t<\/div>\n\t\t\t\t<\/div>\n\t\t\t\t<div class=\"elementor-element elementor-element-eed5b81 elementor-widget elementor-widget-text-editor\" data-id=\"eed5b81\" data-element_type=\"widget\" data-widget_type=\"text-editor.default\">\n\t\t\t\t<div class=\"elementor-widget-container\">\n\t\t\t\t\t\t\t\t\t<p><span style=\"font-weight: 400;\">En plus du cr\u00e9ole guadeloup\u00e9en et martiniquais, plusieurs autres cr\u00e9oles sont parl\u00e9s dans la r\u00e9gion des Cara\u00efbes.<\/span><\/p>\t\t\t\t\t\t\t\t<\/div>\n\t\t\t\t<\/div>\n\t\t\t\t<div class=\"elementor-element elementor-element-922b212 elementor-widget elementor-widget-text-editor\" data-id=\"922b212\" data-element_type=\"widget\" data-widget_type=\"text-editor.default\">\n\t\t\t\t<div class=\"elementor-widget-container\">\n\t\t\t\t\t\t\t\t\t<h4><b>Cr\u00e9ole Ha\u00eftien<\/b><\/h4>\n<p><span style=\"font-weight: 400;\">Le cr\u00e9ole ha\u00eftien est l&#8217;une des langues les plus largement parl\u00e9es dans la Cara\u00efbe, avec environ 11 millions de locuteurs, principalement en Ha\u00efti. Il a \u00e9merg\u00e9 de la m\u00eame p\u00e9riode de colonisation et d&#8217;esclavage que les cr\u00e9oles guadeloup\u00e9en et martiniquais, mais il a d\u00e9velopp\u00e9 des particularit\u00e9s lexicales et grammaticales distinctes. Le cr\u00e9ole ha\u00eftien est bas\u00e9 sur le fran\u00e7ais, mais il inclut \u00e9galement des influences africaines et am\u00e9rindiennes.<\/span><\/p>\t\t\t\t\t\t\t\t<\/div>\n\t\t\t\t<\/div>\n\t\t\t\t<div class=\"elementor-element elementor-element-1006354 elementor-widget elementor-widget-text-editor\" data-id=\"1006354\" data-element_type=\"widget\" data-widget_type=\"text-editor.default\">\n\t\t\t\t<div class=\"elementor-widget-container\">\n\t\t\t\t\t\t\t\t\t<h4><b>Cr\u00e9ole Dominiquais et Saint-Lucien<\/b><\/h4>\n<p><span style=\"font-weight: 400;\">Le cr\u00e9ole dominiquais et le cr\u00e9ole saint-lucien sont tr\u00e8s proches des cr\u00e9oles guadeloup\u00e9en et martiniquais, partageant des structures syntaxiques et grammaticales similaires. Ces langues sont parl\u00e9es respectivement \u00e0 la Dominique et \u00e0 Sainte-Lucie. Elles contiennent des emprunts lexicaux du fran\u00e7ais, de l&#8217;anglais, et de langues africaines.<\/span><\/p>\t\t\t\t\t\t\t\t<\/div>\n\t\t\t\t<\/div>\n\t\t\t\t<div class=\"elementor-element elementor-element-080c892 elementor-widget elementor-widget-text-editor\" data-id=\"080c892\" data-element_type=\"widget\" data-widget_type=\"text-editor.default\">\n\t\t\t\t<div class=\"elementor-widget-container\">\n\t\t\t\t\t\t\t\t\t<h4><b>Cr\u00e9ole Guyanais<\/b><\/h4>\n<p><span style=\"font-weight: 400;\">Le cr\u00e9ole guyanais, parl\u00e9 en Guyane fran\u00e7aise, est \u00e9galement bas\u00e9 sur le fran\u00e7ais mais inclut des influences portugaises et africaines. Cette langue est distincte des autres cr\u00e9oles antillais en raison de son contexte historique et g\u00e9ographique unique.<\/span><\/p>\t\t\t\t\t\t\t\t<\/div>\n\t\t\t\t<\/div>\n\t\t\t\t<div class=\"elementor-element elementor-element-645e1e6 elementor-widget elementor-widget-text-editor\" data-id=\"645e1e6\" data-element_type=\"widget\" data-widget_type=\"text-editor.default\">\n\t\t\t\t<div class=\"elementor-widget-container\">\n\t\t\t\t\t\t\t\t\t<h4><b>Cr\u00e9ole de Cuba<\/b><\/h4>\n<p><span style=\"font-weight: 400;\">\u00c0 Cuba, le cr\u00e9ole ha\u00eftien est parl\u00e9 par une communaut\u00e9 significative d&#8217;origine ou de descendance ha\u00eftienne, particuli\u00e8rement dans les r\u00e9gions o\u00f9 les travailleurs ha\u00eftiens ont \u00e9t\u00e9 amen\u00e9s pendant la p\u00e9riode coloniale. Le &#8220;patois cubain&#8221; est un m\u00e9lange du cr\u00e9ole ha\u00eftien, de l&#8217;espagnol et de langues africaines, et est de plus en plus appris et compris par les Cubains.<\/span><\/p>\t\t\t\t\t\t\t\t<\/div>\n\t\t\t\t<\/div>\n\t\t\t\t<div class=\"elementor-element elementor-element-66ec7a9 elementor-widget elementor-widget-text-editor\" data-id=\"66ec7a9\" data-element_type=\"widget\" data-widget_type=\"text-editor.default\">\n\t\t\t\t<div class=\"elementor-widget-container\">\n\t\t\t\t\t\t\t\t\t<h4><b>Cr\u00e9ole de la Colombie<\/b><\/h4>\n<p><span style=\"font-weight: 400;\">Dans la Colombie, il existe deux langues notables :<\/span><\/p>\n<ul>\n<li style=\"font-weight: 400;\" aria-level=\"2\"><b>Sanandresano<\/b><span style=\"font-weight: 400;\"> : Parl\u00e9 dans l&#8217;archipel de San Andr\u00e9s, Providencia et Santa Catalina, il est \u00e0 base lexicale anglaise et est tr\u00e8s proche des cr\u00e9oles du Panama, du Nicaragua et du Costa Rica. Il est reconnu comme langue officielle dans cette r\u00e9gion.<\/span><\/li>\n<li style=\"font-weight: 400;\" aria-level=\"2\"><b>Palenquero<\/b> : Parl\u00e9 \u00e0 San Basilio de Palenque, pr\u00e8s de Carthag\u00e8ne des Indes, le palenquero est\u00a0 \u00e0 base hispanophone avec des influences portugaises et africaines (notamment des langues kongo et kimbundu). Cette langue a \u00e9t\u00e9 pr\u00e9serv\u00e9e gr\u00e2ce \u00e0 l&#8217;isolement relatif de la communaut\u00e9.<\/li>\n<\/ul>\t\t\t\t\t\t\t\t<\/div>\n\t\t\t\t<\/div>\n\t\t\t\t\t<\/div>\n\t\t<\/div>\n\t\t\t\t\t<\/div>\n\t\t<\/section>\n\t\t\t\t<section class=\"elementor-section elementor-top-section elementor-element elementor-element-c3c8588 elementor-section-boxed elementor-section-height-default elementor-section-height-default\" data-id=\"c3c8588\" data-element_type=\"section\">\n\t\t\t\t\t\t<div class=\"elementor-container elementor-column-gap-default\">\n\t\t\t\t\t<div class=\"elementor-column elementor-col-100 elementor-top-column elementor-element elementor-element-e04a3a4\" data-id=\"e04a3a4\" data-element_type=\"column\">\n\t\t\t<div class=\"elementor-widget-wrap elementor-element-populated\">\n\t\t\t\t\t\t<div class=\"elementor-element elementor-element-95aa255 elementor-widget elementor-widget-heading\" data-id=\"95aa255\" data-element_type=\"widget\" data-widget_type=\"heading.default\">\n\t\t\t\t<div class=\"elementor-widget-container\">\n\t\t\t\t\t<h2 class=\"elementor-heading-title elementor-size-default\">L'importance culturelle et identitaire<\/h2>\t\t\t\t<\/div>\n\t\t\t\t<\/div>\n\t\t\t\t<div class=\"elementor-element elementor-element-98ea4fe elementor-widget elementor-widget-text-editor\" data-id=\"98ea4fe\" data-element_type=\"widget\" data-widget_type=\"text-editor.default\">\n\t\t\t\t<div class=\"elementor-widget-container\">\n\t\t\t\t\t\t\t\t\t<p><span style=\"font-weight: 400;\">Au-del\u00e0 de sa fonction linguistique, cette langue est un v\u00e9ritable h\u00e9ritage et une identit\u00e9.\u00a0 Il est devenue un symbole de l&#8217;\u00e2me des Antilles, tissant des ponts entre les continents et les cultures. Il n&#8217;est plus seulement associ\u00e9 aux enfants des colons, mais s&#8217;\u00e9tend \u00e0 tous ceux n\u00e9s dans les diff\u00e9rentes colonies, repr\u00e9sentant une identit\u00e9 collective et diverse.<\/span><\/p>\t\t\t\t\t\t\t\t<\/div>\n\t\t\t\t<\/div>\n\t\t\t\t\t<\/div>\n\t\t<\/div>\n\t\t\t\t\t<\/div>\n\t\t<\/section>\n\t\t\t\t<section class=\"elementor-section elementor-top-section elementor-element elementor-element-c8fe56a elementor-section-boxed elementor-section-height-default elementor-section-height-default\" data-id=\"c8fe56a\" data-element_type=\"section\">\n\t\t\t\t\t\t<div class=\"elementor-container elementor-column-gap-default\">\n\t\t\t\t\t<div class=\"elementor-column elementor-col-100 elementor-top-column elementor-element elementor-element-7df91d7\" data-id=\"7df91d7\" data-element_type=\"column\">\n\t\t\t<div class=\"elementor-widget-wrap elementor-element-populated\">\n\t\t\t\t\t\t<div class=\"elementor-element elementor-element-8cec1ef elementor-widget elementor-widget-heading\" data-id=\"8cec1ef\" data-element_type=\"widget\" data-widget_type=\"heading.default\">\n\t\t\t\t<div class=\"elementor-widget-container\">\n\t\t\t\t\t<h2 class=\"elementor-heading-title elementor-size-default\">Initiatives de pr\u00e9servation et promotion\n<\/h2>\t\t\t\t<\/div>\n\t\t\t\t<\/div>\n\t\t\t\t<div class=\"elementor-element elementor-element-66b8e90 elementor-widget elementor-widget-text-editor\" data-id=\"66b8e90\" data-element_type=\"widget\" data-widget_type=\"text-editor.default\">\n\t\t\t\t<div class=\"elementor-widget-container\">\n\t\t\t\t\t\t\t\t\t<h4><b>RichesKarayib : un <\/b><strong>\u00e9<\/strong><b>cosyst\u00e8me culturel dynamique<\/b><\/h4>\n<p><span style=\"font-weight: 400;\">RichesKarayib est une initiative d\u00e9di\u00e9e \u00e0 la d\u00e9fense et \u00e0 la promotion de la langue et de la culture. Ce projet, soutenu par le programme INTERREG-Cara\u00efbes, vise \u00e0 pr\u00e9server et \u00e0 c\u00e9l\u00e9brer le patrimoine culturel des Cara\u00efbes \u00e0 travers diverses initiatives et programmes, tels que &#8220;Creole HeartBeat&#8221;.<\/span><\/p>\n<p><span style=\"font-weight: 400;\">RichesKarayib travaille en collaboration avec des associations comme Sa Kai Malad Karaib Ltd. (SKMK) de la Dominique et OMDAC de la Martinique. Ces partenariats visent \u00e0 d\u00e9velopper l&#8217;industrie culturelle carib\u00e9enne, \u00e0 promouvoir la coop\u00e9ration \u00e9conomique et culturelle, et \u00e0 soutenir la croissance durable dans la r\u00e9gion. Le projet inclut des activit\u00e9s telles que le &#8220;RichesKarayib Voices&#8221; song challenge, qui offre une plateforme pour les jeunes artistes de la r\u00e9gion pour d\u00e9velopper leurs talents et gagner en visibilit\u00e9 \u00e0 l&#8217;\u00e9chelle internationale.<\/span><\/p>\t\t\t\t\t\t\t\t<\/div>\n\t\t\t\t<\/div>\n\t\t\t\t\t<\/div>\n\t\t<\/div>\n\t\t\t\t\t<\/div>\n\t\t<\/section>\n\t\t\t\t<section class=\"elementor-section elementor-top-section elementor-element elementor-element-e5ceeb9 elementor-section-boxed elementor-section-height-default elementor-section-height-default\" data-id=\"e5ceeb9\" data-element_type=\"section\">\n\t\t\t\t\t\t<div class=\"elementor-container elementor-column-gap-default\">\n\t\t\t\t\t<div class=\"elementor-column elementor-col-100 elementor-top-column elementor-element elementor-element-8687ff0\" data-id=\"8687ff0\" data-element_type=\"column\">\n\t\t\t<div class=\"elementor-widget-wrap elementor-element-populated\">\n\t\t\t\t\t\t<div class=\"elementor-element elementor-element-e46736a elementor-widget elementor-widget-heading\" data-id=\"e46736a\" data-element_type=\"widget\" data-widget_type=\"heading.default\">\n\t\t\t\t<div class=\"elementor-widget-container\">\n\t\t\t\t\t<h2 class=\"elementor-heading-title elementor-size-default\">Enseignement et r\u00e9g\u00e9n\u00e9ration linguistique<\/h2>\t\t\t\t<\/div>\n\t\t\t\t<\/div>\n\t\t\t\t<div class=\"elementor-element elementor-element-e0d952f elementor-widget elementor-widget-text-editor\" data-id=\"e0d952f\" data-element_type=\"widget\" data-widget_type=\"text-editor.default\">\n\t\t\t\t<div class=\"elementor-widget-container\">\n\t\t\t\t\t\t\t\t\t<p><span style=\"font-weight: 400;\">Son enseignement dans les \u00e9coles est crucial pour sa pr\u00e9servation. Des \u00e9tudes ont montr\u00e9 que l&#8217;int\u00e9gration du cr\u00e9ole dans les programmes scolaires peut contribuer \u00e0 la r\u00e9g\u00e9n\u00e9ration linguistique, \u00e0 l&#8217;\u00e9panouissement intellectuel et identitaire, et m\u00eame \u00e0 la r\u00e9duction de l&#8217;\u00e9chec scolaire des jeunes apprenants.<\/span><\/p>\n<p><span style=\"font-weight: 400;\">En Guadeloupe, par exemple, il est parl\u00e9 par pr\u00e8s de 93% de la population, et son enseignement d\u00e8s la maternelle est consid\u00e9r\u00e9 comme essentiel pour le maintien de la diversit\u00e9 culturelle et linguistique de l&#8217;\u00eele.<\/span><\/p>\t\t\t\t\t\t\t\t<\/div>\n\t\t\t\t<\/div>\n\t\t\t\t\t<\/div>\n\t\t<\/div>\n\t\t\t\t\t<\/div>\n\t\t<\/section>\n\t\t\t\t<section class=\"elementor-section elementor-top-section elementor-element elementor-element-4a06b7e elementor-section-boxed elementor-section-height-default elementor-section-height-default\" data-id=\"4a06b7e\" data-element_type=\"section\">\n\t\t\t\t\t\t<div class=\"elementor-container elementor-column-gap-default\">\n\t\t\t\t\t<div class=\"elementor-column elementor-col-100 elementor-top-column elementor-element elementor-element-1352a95\" data-id=\"1352a95\" data-element_type=\"column\">\n\t\t\t<div class=\"elementor-widget-wrap elementor-element-populated\">\n\t\t\t\t\t\t<div class=\"elementor-element elementor-element-d9be88b elementor-widget elementor-widget-heading\" data-id=\"d9be88b\" data-element_type=\"widget\" data-widget_type=\"heading.default\">\n\t\t\t\t<div class=\"elementor-widget-container\">\n\t\t\t\t\t<h2 class=\"elementor-heading-title elementor-size-default\">La d\u00e9cennie internationale des langues autochtones<\/h2>\t\t\t\t<\/div>\n\t\t\t\t<\/div>\n\t\t\t\t<div class=\"elementor-element elementor-element-08b073d elementor-widget elementor-widget-text-editor\" data-id=\"08b073d\" data-element_type=\"widget\" data-widget_type=\"text-editor.default\">\n\t\t\t\t<div class=\"elementor-widget-container\">\n\t\t\t\t\t\t\t\t\t<p><span style=\"font-weight: 400;\">La D\u00e9cennie internationale des langues autochtones (2022-2032), d\u00e9clar\u00e9e par les Nations Unies, est une opportunit\u00e9 historique pour promouvoir et sauver les langues autochtones et r\u00e9gionales, y compris le cr\u00e9ole. Cette initiative vise \u00e0 sensibiliser le monde \u00e0 la perte critique de ces langues et \u00e0 prendre des mesures imm\u00e9diates pour les prot\u00e9ger et les revitaliser.<\/span><\/p>\n<p><span style=\"font-weight: 400;\"><a href=\"https:\/\/www.unesco.org\/fr\" target=\"_blank\" rel=\"noopener nofollow\">UNESCO<\/a>, en tant qu&#8217;agence principale, organise des consultations r\u00e9gionales pour identifier les priorit\u00e9s r\u00e9gionales et \u00e9tablir des strat\u00e9gies et des partenariats pour promouvoir et prot\u00e9ger ces langues. Cette approche multidisciplinaire inclut la participation de repr\u00e9sentants gouvernementaux, de peuples autochtones, d&#8217;organisations sociales, de chercheurs et d&#8217;experts dans le domaine des langues autochtones.<\/span><\/p>\t\t\t\t\t\t\t\t<\/div>\n\t\t\t\t<\/div>\n\t\t\t\t\t<\/div>\n\t\t<\/div>\n\t\t\t\t\t<\/div>\n\t\t<\/section>\n\t\t\t\t<section class=\"elementor-section elementor-top-section elementor-element elementor-element-30d36a9 elementor-section-boxed elementor-section-height-default elementor-section-height-default\" data-id=\"30d36a9\" data-element_type=\"section\">\n\t\t\t\t\t\t<div class=\"elementor-container elementor-column-gap-default\">\n\t\t\t\t\t<div class=\"elementor-column elementor-col-100 elementor-top-column elementor-element elementor-element-b5e9c32\" data-id=\"b5e9c32\" data-element_type=\"column\">\n\t\t\t<div class=\"elementor-widget-wrap elementor-element-populated\">\n\t\t\t\t\t\t<div class=\"elementor-element elementor-element-908d532 elementor-widget elementor-widget-heading\" data-id=\"908d532\" data-element_type=\"widget\" data-widget_type=\"heading.default\">\n\t\t\t\t<div class=\"elementor-widget-container\">\n\t\t\t\t\t<h2 class=\"elementor-heading-title elementor-size-default\">Menaces et d\u00e9fis\n<\/h2>\t\t\t\t<\/div>\n\t\t\t\t<\/div>\n\t\t\t\t<div class=\"elementor-element elementor-element-6d15293 elementor-widget elementor-widget-text-editor\" data-id=\"6d15293\" data-element_type=\"widget\" data-widget_type=\"text-editor.default\">\n\t\t\t\t<div class=\"elementor-widget-container\">\n\t\t\t\t\t\t\t\t\t<p><span style=\"font-weight: 400;\">Malgr\u00e9 les efforts de pr\u00e9servation, les langues r\u00e9gionales\u00a0 font face \u00e0 plusieurs menaces. La globalisation et l&#8217;utilisation croissante des langues dominantes marginalisent souvent les langues minoritaires. La pauvret\u00e9, l&#8217;exclusion, la discrimination et les violations des droits humains sont \u00e9galement des facteurs qui contribuent \u00e0 la disparition de ces langues.<\/span><\/p>\t\t\t\t\t\t\t\t<\/div>\n\t\t\t\t<\/div>\n\t\t\t\t\t<\/div>\n\t\t<\/div>\n\t\t\t\t\t<\/div>\n\t\t<\/section>\n\t\t\t\t<section class=\"elementor-section elementor-top-section elementor-element elementor-element-abf4bab elementor-section-boxed elementor-section-height-default elementor-section-height-default\" data-id=\"abf4bab\" data-element_type=\"section\">\n\t\t\t\t\t\t<div class=\"elementor-container elementor-column-gap-default\">\n\t\t\t\t\t<div class=\"elementor-column elementor-col-100 elementor-top-column elementor-element elementor-element-c2e6edf\" data-id=\"c2e6edf\" data-element_type=\"column\">\n\t\t\t<div class=\"elementor-widget-wrap elementor-element-populated\">\n\t\t\t\t\t\t<div class=\"elementor-element elementor-element-8af1f3c elementor-widget elementor-widget-heading\" data-id=\"8af1f3c\" data-element_type=\"widget\" data-widget_type=\"heading.default\">\n\t\t\t\t<div class=\"elementor-widget-container\">\n\t\t\t\t\t<h2 class=\"elementor-heading-title elementor-size-default\">Initiatives de RichesKarayib<\/h2>\t\t\t\t<\/div>\n\t\t\t\t<\/div>\n\t\t\t\t<div class=\"elementor-element elementor-element-0a9a948 elementor-widget elementor-widget-text-editor\" data-id=\"0a9a948\" data-element_type=\"widget\" data-widget_type=\"text-editor.default\">\n\t\t\t\t<div class=\"elementor-widget-container\">\n\t\t\t\t\t\t\t\t\t<p><span style=\"font-weight: 400;\">RichesKarayib est engag\u00e9 dans plusieurs initiatives pour promouvoir et pr\u00e9server la culture et les langues de la Cara\u00efbe. Voici quelques exemples cl\u00e9s :<\/span><\/p>\n<ul>\n<li style=\"font-weight: 400;\" aria-level=\"1\"><b>Creole HeartBeat et Riches Karayib Voices<\/b><span style=\"font-weight: 400;\"> : Ces programmes visent \u00e0 c\u00e9l\u00e9brer et \u00e0 pr\u00e9server le patrimoine culturel des Cara\u00efbes. Le &#8220;RichesKarayib Voices&#8221; song challenge, par exemple, est une comp\u00e9tition musicale qui met en avant les talents des jeunes artistes de la r\u00e9gion, leur offrant une plateforme pour se faire conna\u00eetre \u00e0 l&#8217;\u00e9chelle internationale.<\/span><\/li>\n<li style=\"font-weight: 400;\" aria-level=\"1\"><b>Collaborations et Partenariats<\/b><span style=\"font-weight: 400;\"> : RichesKarayib travaille en \u00e9troite collaboration avec des associations locales comme SKMK et OMDAC pour d\u00e9velopper l&#8217;industrie culturelle carib\u00e9enne et promouvoir la coop\u00e9ration \u00e9conomique et culturelle.<\/span><\/li>\n<li style=\"font-weight: 400;\" aria-level=\"1\"><b>Publication et \u00c9v\u00e9nements Culturels<\/b> : Le projet publie le magazine RK, disponible en format papier et num\u00e9rique, qui explore les cultures vibrantes et les territoires uniques de la r\u00e9gion. De plus, la plateforme organise des \u00e9v\u00e9nements culturels et des ateliers pour c\u00e9l\u00e9brer la diversit\u00e9 culturelle des Cara\u00efbes.<\/li>\n<\/ul>\t\t\t\t\t\t\t\t<\/div>\n\t\t\t\t<\/div>\n\t\t\t\t\t<\/div>\n\t\t<\/div>\n\t\t\t\t\t<\/div>\n\t\t<\/section>\n\t\t\t\t<section class=\"elementor-section elementor-top-section elementor-element elementor-element-a01a269 elementor-section-boxed elementor-section-height-default elementor-section-height-default\" data-id=\"a01a269\" data-element_type=\"section\">\n\t\t\t\t\t\t<div class=\"elementor-container elementor-column-gap-default\">\n\t\t\t\t\t<div class=\"elementor-column elementor-col-100 elementor-top-column elementor-element elementor-element-1c31bbd\" data-id=\"1c31bbd\" data-element_type=\"column\">\n\t\t\t<div class=\"elementor-widget-wrap elementor-element-populated\">\n\t\t\t\t\t\t<section class=\"elementor-section elementor-inner-section elementor-element elementor-element-c4da809 elementor-section-boxed elementor-section-height-default elementor-section-height-default\" data-id=\"c4da809\" data-element_type=\"section\">\n\t\t\t\t\t\t<div class=\"elementor-container elementor-column-gap-default\">\n\t\t\t\t\t<div class=\"elementor-column elementor-col-100 elementor-inner-column elementor-element elementor-element-1450e48\" data-id=\"1450e48\" data-element_type=\"column\">\n\t\t\t<div class=\"elementor-widget-wrap elementor-element-populated\">\n\t\t\t\t\t\t<div class=\"elementor-element elementor-element-31c8f7c elementor-widget elementor-widget-text-editor\" data-id=\"31c8f7c\" data-element_type=\"widget\" data-widget_type=\"text-editor.default\">\n\t\t\t\t<div class=\"elementor-widget-container\">\n\t\t\t\t\t\t\t\t\t<p><span style=\"font-weight: 400;\">Le <\/span><a href=\"https:\/\/richeskarayib.com\/fr\/rapport-special-partie-4-2020-2023-les-tresors-culturels-des-caraibes-patrimoine-immateriel-reconnu-par-lunesco\/\" target=\"_blank\" rel=\"noopener\"><b>cr\u00e9ole<\/b><\/a><span style=\"font-weight: 400;\">, en tant que langue de r\u00e9silience et d&#8217;h\u00e9ritage, continue de jouer un r\u00f4le vital dans la culture et l&#8217;identit\u00e9 des Cara\u00efbes. Les initiatives de RichesKarayib et les efforts de l&#8217;ONU dans le cadre de la D\u00e9cennie internationale des langues autochtones sont essentiels pour assurer la pr\u00e9servation et la promotion de cette langue.<\/span><\/p>\n<p><span style=\"font-weight: 400;\">En l&#8217;int\u00e9grant\u00a0 dans les programmes scolaires, en soutenant les initiatives culturelles et en sensibilisant \u00e0 l&#8217;importance de la diversit\u00e9 linguistique, nous pouvons garantir un avenir durable pour cette langue unique et riche. Il est plus qu&#8217;une langue; c&#8217;est un pont entre les cultures, les continents et les g\u00e9n\u00e9rations.<\/span><\/p>\t\t\t\t\t\t\t\t<\/div>\n\t\t\t\t<\/div>\n\t\t\t\t\t<\/div>\n\t\t<\/div>\n\t\t\t\t\t<\/div>\n\t\t<\/section>\n\t\t\t\t\t<\/div>\n\t\t<\/div>\n\t\t\t\t\t<\/div>\n\t\t<\/section>\n\t\t\t\t<\/div>\n\t\t","protected":false},"excerpt":{"rendered":"<p>Le cr\u00e9ole, une langue n\u00e9e de la n\u00e9cessit\u00e9 de communication entre les esclaves et leurs ma\u00eetres dans les colonies des Cara\u00efbes, est un v\u00e9ritable symbole de r\u00e9silience et d&#8217;h\u00e9ritage culturel. Cette langue, qui a fusionn\u00e9 les sonorit\u00e9s du fran\u00e7ais, de l&#8217;anglais, du portugais, du n\u00e9erlandais, de l&#8217;espagnol et de plusieurs langues africaines, continue de jouer [&hellip;]<\/p>\n","protected":false},"author":400,"featured_media":43565,"comment_status":"open","ping_status":"open","sticky":false,"template":"","format":"standard","meta":{"_acf_changed":false,"footnotes":""},"categories":[1468],"tags":[1441,1598,1450,1545,808,1675,1518],"class_list":["post-43564","post","type-post","status-publish","format-standard","has-post-thumbnail","hentry","category-histoire-patrimoine","tag-anguilla-fr","tag-barbade-fr","tag-dominique-fr","tag-guadeloupe-2","tag-martinique-fr","tag-sainte-lucie-2","tag-trinite-et-tobago-fr"],"acf":[],"_links":{"self":[{"href":"https:\/\/richeskarayib.com\/fr\/wp-json\/wp\/v2\/posts\/43564","targetHints":{"allow":["GET"]}}],"collection":[{"href":"https:\/\/richeskarayib.com\/fr\/wp-json\/wp\/v2\/posts"}],"about":[{"href":"https:\/\/richeskarayib.com\/fr\/wp-json\/wp\/v2\/types\/post"}],"author":[{"embeddable":true,"href":"https:\/\/richeskarayib.com\/fr\/wp-json\/wp\/v2\/users\/400"}],"replies":[{"embeddable":true,"href":"https:\/\/richeskarayib.com\/fr\/wp-json\/wp\/v2\/comments?post=43564"}],"version-history":[{"count":0,"href":"https:\/\/richeskarayib.com\/fr\/wp-json\/wp\/v2\/posts\/43564\/revisions"}],"wp:featuredmedia":[{"embeddable":true,"href":"https:\/\/richeskarayib.com\/fr\/wp-json\/wp\/v2\/media\/43565"}],"wp:attachment":[{"href":"https:\/\/richeskarayib.com\/fr\/wp-json\/wp\/v2\/media?parent=43564"}],"wp:term":[{"taxonomy":"category","embeddable":true,"href":"https:\/\/richeskarayib.com\/fr\/wp-json\/wp\/v2\/categories?post=43564"},{"taxonomy":"post_tag","embeddable":true,"href":"https:\/\/richeskarayib.com\/fr\/wp-json\/wp\/v2\/tags?post=43564"}],"curies":[{"name":"wp","href":"https:\/\/api.w.org\/{rel}","templated":true}]}}