{"id":43707,"date":"2025-01-13T13:42:14","date_gmt":"2025-01-13T17:42:14","guid":{"rendered":"https:\/\/richeskarayib.com\/martinique-2\/"},"modified":"2025-01-16T13:09:36","modified_gmt":"2025-01-16T17:09:36","slug":"martinique-2","status":"publish","type":"post","link":"https:\/\/richeskarayib.com\/fr\/martinique-2\/","title":{"rendered":"Martinique"},"content":{"rendered":"\t\t<div data-elementor-type=\"wp-post\" data-elementor-id=\"43707\" class=\"elementor elementor-43707 elementor-43104\" data-elementor-post-type=\"post\">\n\t\t\t\t\t\t<section class=\"elementor-section elementor-top-section elementor-element elementor-element-7c8272d8 elementor-section-boxed elementor-section-height-default elementor-section-height-default\" data-id=\"7c8272d8\" data-element_type=\"section\">\n\t\t\t\t\t\t<div class=\"elementor-container elementor-column-gap-default\">\n\t\t\t\t\t<div class=\"elementor-column elementor-col-100 elementor-top-column elementor-element elementor-element-766c4b6a\" data-id=\"766c4b6a\" data-element_type=\"column\">\n\t\t\t<div class=\"elementor-widget-wrap elementor-element-populated\">\n\t\t\t\t\t\t<div class=\"elementor-element elementor-element-6e0a099 elementor-widget elementor-widget-text-editor\" data-id=\"6e0a099\" data-element_type=\"widget\" data-widget_type=\"text-editor.default\">\n\t\t\t\t<div class=\"elementor-widget-container\">\n\t\t\t\t\t\t\t\t\t<h1>\n            <b>Martinique<\/b><br \/>\n          <\/h1>\n\t\t\t\t\t\t\t\t<\/div>\n\t\t\t\t<\/div>\n\t\t\t\t<div class=\"elementor-element elementor-element-5996194 elementor-widget elementor-widget-text-editor\" data-id=\"5996194\" data-element_type=\"widget\" data-widget_type=\"text-editor.default\">\n\t\t\t\t<div class=\"elementor-widget-container\">\n\t\t\t\t\t\t\t\t\t<h2>\n            <b>Un paradis carib\u00e9en de merveilles culturelles et naturelles<\/b><br \/>\n          <\/h2>\n\t\t\t\t\t\t\t\t<\/div>\n\t\t\t\t<\/div>\n\t\t\t\t<div class=\"elementor-element elementor-element-1622da63 elementor-widget elementor-widget-text-editor\" data-id=\"1622da63\" data-element_type=\"widget\" data-widget_type=\"text-editor.default\">\n\t\t\t\t<div class=\"elementor-widget-container\">\n\t\t\t\t\t\t\t\t\t<p>Situ\u00e9e au c\u0153ur de la mer des Cara\u00efbes, la <a href=\"https:\/\/richeskarayib.com\/fr\/martinique-53eme-festival-culturel-de-fort-de-france\/\" target=\"_blank\" rel=\"noopener\">Martinique<\/a> est une \u00eele fran\u00e7aise qui allie beaut\u00e9 naturelle et richesse culturelle. La capitale, Fort-de-France, est une ville portuaire anim\u00e9e qui sert de centre \u00e9conomique et culturel \u00e0 l&#8217;\u00eele. Avec ses montagnes luxuriantes, ses plages de sable blanc et la c\u00e9l\u00e8bre Montagne Pel\u00e9e, la Martinique est une destination recherch\u00e9e par les amateurs de nature et de culture.  <\/p>\n\t\t\t\t\t\t\t\t<\/div>\n\t\t\t\t<\/div>\n\t\t\t\t<section class=\"elementor-section elementor-inner-section elementor-element elementor-element-2d11c63a elementor-section-boxed elementor-section-height-default elementor-section-height-default\" data-id=\"2d11c63a\" data-element_type=\"section\">\n\t\t\t\t\t\t<div class=\"elementor-container elementor-column-gap-default\">\n\t\t\t\t\t<div class=\"elementor-column elementor-col-100 elementor-inner-column elementor-element elementor-element-522781ea\" data-id=\"522781ea\" data-element_type=\"column\">\n\t\t\t<div class=\"elementor-widget-wrap elementor-element-populated\">\n\t\t\t\t\t\t<div class=\"elementor-element elementor-element-22528d98 elementor-widget elementor-widget-image\" data-id=\"22528d98\" data-element_type=\"widget\" data-widget_type=\"image.default\">\n\t\t\t\t<div class=\"elementor-widget-container\">\n\t\t\t\t\t\t\t\t\t\t\t\t\t\t\t<img fetchpriority=\"high\" decoding=\"async\" width=\"800\" height=\"446\" src=\"https:\/\/richeskarayib.com\/wp-content\/uploads\/2025\/01\/Fiche-Territoire-FR-Modifiable-11-Modifie-1024x571.png\" class=\"attachment-large size-large wp-image-43270\" alt=\"Martinique\" srcset=\"https:\/\/richeskarayib.com\/wp-content\/uploads\/2025\/01\/Fiche-Territoire-FR-Modifiable-11-Modifie-1024x571.png 1024w, https:\/\/richeskarayib.com\/wp-content\/uploads\/2025\/01\/Fiche-Territoire-FR-Modifiable-11-Modifie-300x167.png 300w, https:\/\/richeskarayib.com\/wp-content\/uploads\/2025\/01\/Fiche-Territoire-FR-Modifiable-11-Modifie-768x429.png 768w, https:\/\/richeskarayib.com\/wp-content\/uploads\/2025\/01\/Fiche-Territoire-FR-Modifiable-11-Modifie-1320x737.png 1320w, https:\/\/richeskarayib.com\/wp-content\/uploads\/2025\/01\/Fiche-Territoire-FR-Modifiable-11-Modifie.png 1414w\" sizes=\"(max-width: 800px) 100vw, 800px\" \/>\t\t\t\t\t\t\t\t\t\t\t\t\t\t\t<\/div>\n\t\t\t\t<\/div>\n\t\t\t\t<div class=\"elementor-element elementor-element-14f3c3e1 elementor-widget elementor-widget-gallery\" data-id=\"14f3c3e1\" data-element_type=\"widget\" data-settings=\"{&quot;lazyload&quot;:&quot;yes&quot;,&quot;gallery_layout&quot;:&quot;grid&quot;,&quot;columns&quot;:4,&quot;columns_tablet&quot;:2,&quot;columns_mobile&quot;:1,&quot;gap&quot;:{&quot;unit&quot;:&quot;px&quot;,&quot;size&quot;:10,&quot;sizes&quot;:[]},&quot;gap_tablet&quot;:{&quot;unit&quot;:&quot;px&quot;,&quot;size&quot;:10,&quot;sizes&quot;:[]},&quot;gap_mobile&quot;:{&quot;unit&quot;:&quot;px&quot;,&quot;size&quot;:10,&quot;sizes&quot;:[]},&quot;link_to&quot;:&quot;file&quot;,&quot;aspect_ratio&quot;:&quot;3:2&quot;,&quot;overlay_background&quot;:&quot;yes&quot;,&quot;content_hover_animation&quot;:&quot;fade-in&quot;}\" data-widget_type=\"gallery.default\">\n\t\t\t\t<div class=\"elementor-widget-container\">\n\t\t\t\t\t\t\t<div class=\"elementor-gallery__container\">\n\t\t\t\t\t\t\t<a class=\"e-gallery-item elementor-gallery-item elementor-animated-content\" href=\"https:\/\/richeskarayib.com\/wp-content\/uploads\/2025\/01\/Fiche-Territoire-FR-Modifiable-12-Modifie.png\" data-elementor-open-lightbox=\"yes\" data-elementor-lightbox-slideshow=\"14f3c3e1\" data-elementor-lightbox-title=\"Fiche Territoire - FR Modifiable - 12 - Modifi\u00e9\" data-elementor-lightbox-description=\"Martinique\" data-e-action-hash=\"#elementor-action%3Aaction%3Dlightbox%26settings%3DeyJpZCI6NDMyNzQsInVybCI6Imh0dHBzOlwvXC9yaWNoZXNrYXJheWliLmNvbVwvd3AtY29udGVudFwvdXBsb2Fkc1wvMjAyNVwvMDFcL0ZpY2hlLVRlcnJpdG9pcmUtRlItTW9kaWZpYWJsZS0xMi1Nb2RpZmllLnBuZyIsInNsaWRlc2hvdyI6IjE0ZjNjM2UxIn0%3D\">\n\t\t\t\t\t<div class=\"e-gallery-image elementor-gallery-item__image\" data-thumbnail=\"https:\/\/richeskarayib.com\/wp-content\/uploads\/2025\/01\/Fiche-Territoire-FR-Modifiable-12-Modifie-300x243.png\" data-width=\"300\" data-height=\"243\" aria-label=\"Martinique\" role=\"img\" ><\/div>\n\t\t\t\t\t\t\t\t\t\t\t<div class=\"elementor-gallery-item__overlay\"><\/div>\n\t\t\t\t\t\t\t\t\t\t\t\t\t\t<\/a>\n\t\t\t\t\t\t\t<a class=\"e-gallery-item elementor-gallery-item elementor-animated-content\" href=\"https:\/\/richeskarayib.com\/wp-content\/uploads\/2025\/01\/Fiche-Territoire-FR-Modifiable-10-Modifie.png\" data-elementor-open-lightbox=\"yes\" data-elementor-lightbox-slideshow=\"14f3c3e1\" data-elementor-lightbox-title=\"Fiche Territoire - FR Modifiable - 10 - Modifi\u00e9\" data-elementor-lightbox-description=\"Martinique\" data-e-action-hash=\"#elementor-action%3Aaction%3Dlightbox%26settings%3DeyJpZCI6NDMyODIsInVybCI6Imh0dHBzOlwvXC9yaWNoZXNrYXJheWliLmNvbVwvd3AtY29udGVudFwvdXBsb2Fkc1wvMjAyNVwvMDFcL0ZpY2hlLVRlcnJpdG9pcmUtRlItTW9kaWZpYWJsZS0xMC1Nb2RpZmllLnBuZyIsInNsaWRlc2hvdyI6IjE0ZjNjM2UxIn0%3D\">\n\t\t\t\t\t<div class=\"e-gallery-image elementor-gallery-item__image\" data-thumbnail=\"https:\/\/richeskarayib.com\/wp-content\/uploads\/2025\/01\/Fiche-Territoire-FR-Modifiable-10-Modifie-212x300.png\" data-width=\"212\" data-height=\"300\" aria-label=\"Martinique\" role=\"img\" ><\/div>\n\t\t\t\t\t\t\t\t\t\t\t<div class=\"elementor-gallery-item__overlay\"><\/div>\n\t\t\t\t\t\t\t\t\t\t\t\t\t\t<\/a>\n\t\t\t\t\t\t\t<a class=\"e-gallery-item elementor-gallery-item elementor-animated-content\" href=\"https:\/\/richeskarayib.com\/wp-content\/uploads\/2025\/01\/Fiche-Territoire-FR-Modifiable-8-Modifie-1.png\" data-elementor-open-lightbox=\"yes\" data-elementor-lightbox-slideshow=\"14f3c3e1\" data-elementor-lightbox-title=\"Fiche Territoire - FR Modifiable - 8 - Modifi\u00e9\" data-elementor-lightbox-description=\"Martinique\" data-e-action-hash=\"#elementor-action%3Aaction%3Dlightbox%26settings%3DeyJpZCI6NDMyODYsInVybCI6Imh0dHBzOlwvXC9yaWNoZXNrYXJheWliLmNvbVwvd3AtY29udGVudFwvdXBsb2Fkc1wvMjAyNVwvMDFcL0ZpY2hlLVRlcnJpdG9pcmUtRlItTW9kaWZpYWJsZS04LU1vZGlmaWUtMS5wbmciLCJzbGlkZXNob3ciOiIxNGYzYzNlMSJ9\">\n\t\t\t\t\t<div class=\"e-gallery-image elementor-gallery-item__image\" data-thumbnail=\"https:\/\/richeskarayib.com\/wp-content\/uploads\/2025\/01\/Fiche-Territoire-FR-Modifiable-8-Modifie-1-300x168.png\" data-width=\"300\" data-height=\"168\" aria-label=\"Martinique\" role=\"img\" ><\/div>\n\t\t\t\t\t\t\t\t\t\t\t<div class=\"elementor-gallery-item__overlay\"><\/div>\n\t\t\t\t\t\t\t\t\t\t\t\t\t\t<\/a>\n\t\t\t\t\t\t\t<a class=\"e-gallery-item elementor-gallery-item elementor-animated-content\" href=\"https:\/\/richeskarayib.com\/wp-content\/uploads\/2025\/01\/Fiche-Territoire-FR-Modifiable-13-Modifie.png\" data-elementor-open-lightbox=\"yes\" data-elementor-lightbox-slideshow=\"14f3c3e1\" data-elementor-lightbox-title=\"Fiche Territoire - FR Modifiable - 13 - Modifi\u00e9\" data-elementor-lightbox-description=\"Martinique\" data-e-action-hash=\"#elementor-action%3Aaction%3Dlightbox%26settings%3DeyJpZCI6NDMyNzgsInVybCI6Imh0dHBzOlwvXC9yaWNoZXNrYXJheWliLmNvbVwvd3AtY29udGVudFwvdXBsb2Fkc1wvMjAyNVwvMDFcL0ZpY2hlLVRlcnJpdG9pcmUtRlItTW9kaWZpYWJsZS0xMy1Nb2RpZmllLnBuZyIsInNsaWRlc2hvdyI6IjE0ZjNjM2UxIn0%3D\">\n\t\t\t\t\t<div class=\"e-gallery-image elementor-gallery-item__image\" data-thumbnail=\"https:\/\/richeskarayib.com\/wp-content\/uploads\/2025\/01\/Fiche-Territoire-FR-Modifiable-13-Modifie-300x96.png\" data-width=\"300\" data-height=\"96\" aria-label=\"Martinique\" role=\"img\" ><\/div>\n\t\t\t\t\t\t\t\t\t\t\t<div class=\"elementor-gallery-item__overlay\"><\/div>\n\t\t\t\t\t\t\t\t\t\t\t\t\t\t<\/a>\n\t\t\t\t\t<\/div>\n\t\t\t\t\t<\/div>\n\t\t\t\t<\/div>\n\t\t\t\t\t<\/div>\n\t\t<\/div>\n\t\t\t\t\t<\/div>\n\t\t<\/section>\n\t\t\t\t\t<\/div>\n\t\t<\/div>\n\t\t\t\t\t<\/div>\n\t\t<\/section>\n\t\t\t\t<section class=\"elementor-section elementor-top-section elementor-element elementor-element-abc72c9 elementor-section-boxed elementor-section-height-default elementor-section-height-default\" data-id=\"abc72c9\" data-element_type=\"section\" data-settings=\"{&quot;background_background&quot;:&quot;classic&quot;}\">\n\t\t\t\t\t\t\t<div class=\"elementor-background-overlay\"><\/div>\n\t\t\t\t\t\t\t<div class=\"elementor-container elementor-column-gap-default\">\n\t\t\t\t\t<div class=\"elementor-column elementor-col-100 elementor-top-column elementor-element elementor-element-bddbc75\" data-id=\"bddbc75\" data-element_type=\"column\">\n\t\t\t<div class=\"elementor-widget-wrap elementor-element-populated\">\n\t\t\t\t\t\t<div class=\"elementor-element elementor-element-ebf7d93 elementor-widget-divider--view-line elementor-widget elementor-widget-divider\" data-id=\"ebf7d93\" data-element_type=\"widget\" data-widget_type=\"divider.default\">\n\t\t\t\t<div class=\"elementor-widget-container\">\n\t\t\t\t\t\t\t<div class=\"elementor-divider\">\n\t\t\t<span class=\"elementor-divider-separator\">\n\t\t\t\t\t\t<\/span>\n\t\t<\/div>\n\t\t\t\t\t\t<\/div>\n\t\t\t\t<\/div>\n\t\t\t\t<div class=\"elementor-element elementor-element-a62f6f3 elementor-widget elementor-widget-text-editor\" data-id=\"a62f6f3\" data-element_type=\"widget\" data-widget_type=\"text-editor.default\">\n\t\t\t\t<div class=\"elementor-widget-container\">\n\t\t\t\t\t\t\t\t\t<h2>\n            <strong><br \/>\n              <b>Aper\u00e7u g\u00e9ographique et g\u00e9ologique<\/b><br \/>\n            <\/strong><br \/>\n          <\/h2>\n\t\t\t\t\t\t\t\t<\/div>\n\t\t\t\t<\/div>\n\t\t\t\t<section class=\"elementor-section elementor-inner-section elementor-element elementor-element-499f9459 elementor-section-boxed elementor-section-height-default elementor-section-height-default\" data-id=\"499f9459\" data-element_type=\"section\" data-settings=\"{&quot;background_background&quot;:&quot;classic&quot;}\">\n\t\t\t\t\t\t\t<div class=\"elementor-background-overlay\"><\/div>\n\t\t\t\t\t\t\t<div class=\"elementor-container elementor-column-gap-default\">\n\t\t\t\t\t<div class=\"elementor-column elementor-col-50 elementor-inner-column elementor-element elementor-element-175071a5\" data-id=\"175071a5\" data-element_type=\"column\">\n\t\t\t<div class=\"elementor-widget-wrap elementor-element-populated\">\n\t\t\t\t\t\t<div class=\"elementor-element elementor-element-fc1673e elementor-widget elementor-widget-text-editor\" data-id=\"fc1673e\" data-element_type=\"widget\" data-widget_type=\"text-editor.default\">\n\t\t\t\t<div class=\"elementor-widget-container\">\n\t\t\t\t\t\t\t\t\t<h2>\n            <strong>Un aper\u00e7u g\u00e9ographique<\/strong><br \/>\n          <\/h2>\n\t\t\t\t\t\t\t\t<\/div>\n\t\t\t\t<\/div>\n\t\t\t\t<section class=\"elementor-section elementor-inner-section elementor-element elementor-element-a1b3008 elementor-section-boxed elementor-section-height-default elementor-section-height-default\" data-id=\"a1b3008\" data-element_type=\"section\">\n\t\t\t\t\t\t<div class=\"elementor-container elementor-column-gap-default\">\n\t\t\t\t\t<div class=\"elementor-column elementor-col-50 elementor-inner-column elementor-element elementor-element-e89eaf5\" data-id=\"e89eaf5\" data-element_type=\"column\">\n\t\t\t<div class=\"elementor-widget-wrap elementor-element-populated\">\n\t\t\t\t\t\t<div class=\"elementor-element elementor-element-8992038 elementor-widget elementor-widget-image\" data-id=\"8992038\" data-element_type=\"widget\" data-widget_type=\"image.default\">\n\t\t\t\t<div class=\"elementor-widget-container\">\n\t\t\t\t\t\t\t\t\t\t\t\t\t\t\t<img decoding=\"async\" width=\"768\" height=\"556\" src=\"https:\/\/richeskarayib.com\/wp-content\/uploads\/2025\/01\/stock-photo-national-flag-of-martinique-high-resolution-2537466519-Modifie-768x556.jpg\" class=\"attachment-medium_large size-medium_large wp-image-43294\" alt=\"Martinique\" srcset=\"https:\/\/richeskarayib.com\/wp-content\/uploads\/2025\/01\/stock-photo-national-flag-of-martinique-high-resolution-2537466519-Modifie-768x556.jpg 768w, https:\/\/richeskarayib.com\/wp-content\/uploads\/2025\/01\/stock-photo-national-flag-of-martinique-high-resolution-2537466519-Modifie-300x217.jpg 300w, https:\/\/richeskarayib.com\/wp-content\/uploads\/2025\/01\/stock-photo-national-flag-of-martinique-high-resolution-2537466519-Modifie-1024x741.jpg 1024w, https:\/\/richeskarayib.com\/wp-content\/uploads\/2025\/01\/stock-photo-national-flag-of-martinique-high-resolution-2537466519-Modifie-1320x956.jpg 1320w, https:\/\/richeskarayib.com\/wp-content\/uploads\/2025\/01\/stock-photo-national-flag-of-martinique-high-resolution-2537466519-Modifie.jpg 1500w\" sizes=\"(max-width: 768px) 100vw, 768px\" \/>\t\t\t\t\t\t\t\t\t\t\t\t\t\t\t<\/div>\n\t\t\t\t<\/div>\n\t\t\t\t\t<\/div>\n\t\t<\/div>\n\t\t\t\t<div class=\"elementor-column elementor-col-50 elementor-inner-column elementor-element elementor-element-70ffd22\" data-id=\"70ffd22\" data-element_type=\"column\">\n\t\t\t<div class=\"elementor-widget-wrap elementor-element-populated\">\n\t\t\t\t\t\t<div class=\"elementor-element elementor-element-066453f elementor-widget elementor-widget-text-editor\" data-id=\"066453f\" data-element_type=\"widget\" data-widget_type=\"text-editor.default\">\n\t\t\t\t<div class=\"elementor-widget-container\">\n\t\t\t\t\t\t\t\t\t\n          <ul>\n<li aria-level=\"1\"><b>Taille<\/b>: Environ 1 128 kilom\u00e8tres carr\u00e9s (435 miles carr\u00e9s).<\/li>\n<li aria-level=\"1\"><b>Capitale<\/b>: Fort-de-France, situ\u00e9e sur la c\u00f4te ouest.<\/li>\n<\/ul>\n        \t\t\t\t\t\t\t\t<\/div>\n\t\t\t\t<\/div>\n\t\t\t\t\t<\/div>\n\t\t<\/div>\n\t\t\t\t\t<\/div>\n\t\t<\/section>\n\t\t\t\t<div class=\"elementor-element elementor-element-28160b28 elementor-widget elementor-widget-text-editor\" data-id=\"28160b28\" data-element_type=\"widget\" data-widget_type=\"text-editor.default\">\n\t\t\t\t<div class=\"elementor-widget-container\">\n\t\t\t\t\t\t\t\t\t\n          <ul>\n<li aria-level=\"1\"><b>Point culminant<\/b>: Montagne Pel\u00e9e, culminant \u00e0 1 397 m\u00e8tres (4 583 pieds).<\/li>\n<li aria-level=\"1\"><b>Population<\/b>: Environ 375 000 habitants (2022).<\/li>\n<li aria-level=\"1\"><b>V\u00e9g\u00e9tation<\/b>: For\u00eats tropicales, plantations de canne \u00e0 sucre et plages idylliques, soutenues par un climat tropical.<\/li>\n<li aria-level=\"1\"><b>Plans d&#8217;eau<\/b>: Plusieurs rivi\u00e8res et cascades, comme la L\u00e9zarde et les chutes du Carbet.<\/li>\n<\/ul>\n        \t\t\t\t\t\t\t\t<\/div>\n\t\t\t\t<\/div>\n\t\t\t\t\t<\/div>\n\t\t<\/div>\n\t\t\t\t<div class=\"elementor-column elementor-col-50 elementor-inner-column elementor-element elementor-element-1c348623\" data-id=\"1c348623\" data-element_type=\"column\">\n\t\t\t<div class=\"elementor-widget-wrap elementor-element-populated\">\n\t\t\t\t\t\t<section class=\"elementor-section elementor-inner-section elementor-element elementor-element-18c13ccc elementor-section-boxed elementor-section-height-default elementor-section-height-default\" data-id=\"18c13ccc\" data-element_type=\"section\">\n\t\t\t\t\t\t<div class=\"elementor-container elementor-column-gap-default\">\n\t\t\t\t\t<div class=\"elementor-column elementor-col-100 elementor-inner-column elementor-element elementor-element-501f56cf\" data-id=\"501f56cf\" data-element_type=\"column\">\n\t\t\t<div class=\"elementor-widget-wrap elementor-element-populated\">\n\t\t\t\t\t\t<div class=\"elementor-element elementor-element-93b29c1 elementor-widget elementor-widget-spacer\" data-id=\"93b29c1\" data-element_type=\"widget\" data-widget_type=\"spacer.default\">\n\t\t\t\t<div class=\"elementor-widget-container\">\n\t\t\t\t\t\t\t<div class=\"elementor-spacer\">\n\t\t\t<div class=\"elementor-spacer-inner\"><\/div>\n\t\t<\/div>\n\t\t\t\t\t\t<\/div>\n\t\t\t\t<\/div>\n\t\t\t\t<div class=\"elementor-element elementor-element-620c66b6 elementor-widget elementor-widget-image\" data-id=\"620c66b6\" data-element_type=\"widget\" data-widget_type=\"image.default\">\n\t\t\t\t<div class=\"elementor-widget-container\">\n\t\t\t\t\t\t\t\t\t\t\t\t\t\t\t<img decoding=\"async\" width=\"800\" height=\"465\" src=\"https:\/\/richeskarayib.com\/wp-content\/uploads\/2025\/01\/stock-photo-beach-of-buccaneers-at-pointe-marin-in-sainte-anne-martinique-french-antilles-2489347657-Modifie-1024x595.jpg\" class=\"attachment-large size-large wp-image-43290\" alt=\"Martinique\" srcset=\"https:\/\/richeskarayib.com\/wp-content\/uploads\/2025\/01\/stock-photo-beach-of-buccaneers-at-pointe-marin-in-sainte-anne-martinique-french-antilles-2489347657-Modifie-1024x595.jpg 1024w, https:\/\/richeskarayib.com\/wp-content\/uploads\/2025\/01\/stock-photo-beach-of-buccaneers-at-pointe-marin-in-sainte-anne-martinique-french-antilles-2489347657-Modifie-300x174.jpg 300w, https:\/\/richeskarayib.com\/wp-content\/uploads\/2025\/01\/stock-photo-beach-of-buccaneers-at-pointe-marin-in-sainte-anne-martinique-french-antilles-2489347657-Modifie-768x446.jpg 768w, https:\/\/richeskarayib.com\/wp-content\/uploads\/2025\/01\/stock-photo-beach-of-buccaneers-at-pointe-marin-in-sainte-anne-martinique-french-antilles-2489347657-Modifie-1320x767.jpg 1320w, https:\/\/richeskarayib.com\/wp-content\/uploads\/2025\/01\/stock-photo-beach-of-buccaneers-at-pointe-marin-in-sainte-anne-martinique-french-antilles-2489347657-Modifie.jpg 1500w\" sizes=\"(max-width: 800px) 100vw, 800px\" \/>\t\t\t\t\t\t\t\t\t\t\t\t\t\t\t<\/div>\n\t\t\t\t<\/div>\n\t\t\t\t\t<\/div>\n\t\t<\/div>\n\t\t\t\t\t<\/div>\n\t\t<\/section>\n\t\t\t\t\t<\/div>\n\t\t<\/div>\n\t\t\t\t\t<\/div>\n\t\t<\/section>\n\t\t\t\t<div class=\"elementor-element elementor-element-2f1e580 elementor-widget elementor-widget-text-editor\" data-id=\"2f1e580\" data-element_type=\"widget\" data-widget_type=\"text-editor.default\">\n\t\t\t\t<div class=\"elementor-widget-container\">\n\t\t\t\t\t\t\t\t\t<h3><b>Caract\u00e9ristiques g\u00e9ologiques<\/b><\/h3>\n<ul>\n<li aria-level=\"1\"><b>G\u00e9ologie<\/b>: L&#8217;\u00eele est d&#8217;origine volcanique, la Montagne Pel\u00e9e \u00e9tant l&#8217;un des volcans les plus actifs de la r\u00e9gion.<\/li>\n<li aria-level=\"1\"><b>Merveilles naturelles<\/b>: La Martinique abrite des sites naturels uniques, comme la presqu&#8217;\u00eele de la Caravelle, connue pour ses mangroves et sa biodiversit\u00e9 marine.<\/li>\n<\/ul>\t\t\t\t\t\t\t\t<\/div>\n\t\t\t\t<\/div>\n\t\t\t\t\t<\/div>\n\t\t<\/div>\n\t\t\t\t\t<\/div>\n\t\t<\/section>\n\t\t\t\t<section class=\"elementor-section elementor-top-section elementor-element elementor-element-4ab2d591 elementor-section-boxed elementor-section-height-default elementor-section-height-default\" data-id=\"4ab2d591\" data-element_type=\"section\">\n\t\t\t\t\t\t<div class=\"elementor-container elementor-column-gap-default\">\n\t\t\t\t\t<div class=\"elementor-column elementor-col-100 elementor-top-column elementor-element elementor-element-4c711312\" data-id=\"4c711312\" data-element_type=\"column\">\n\t\t\t<div class=\"elementor-widget-wrap elementor-element-populated\">\n\t\t\t\t\t\t<section class=\"elementor-section elementor-inner-section elementor-element elementor-element-318a4ddd elementor-section-boxed elementor-section-height-default elementor-section-height-default\" data-id=\"318a4ddd\" data-element_type=\"section\">\n\t\t\t\t\t\t<div class=\"elementor-container elementor-column-gap-default\">\n\t\t\t\t\t<div class=\"elementor-column elementor-col-100 elementor-inner-column elementor-element elementor-element-289f08e0\" data-id=\"289f08e0\" data-element_type=\"column\">\n\t\t\t<div class=\"elementor-widget-wrap elementor-element-populated\">\n\t\t\t\t\t\t<div class=\"elementor-element elementor-element-95be29a elementor-widget-divider--view-line elementor-widget elementor-widget-divider\" data-id=\"95be29a\" data-element_type=\"widget\" data-widget_type=\"divider.default\">\n\t\t\t\t<div class=\"elementor-widget-container\">\n\t\t\t\t\t\t\t<div class=\"elementor-divider\">\n\t\t\t<span class=\"elementor-divider-separator\">\n\t\t\t\t\t\t<\/span>\n\t\t<\/div>\n\t\t\t\t\t\t<\/div>\n\t\t\t\t<\/div>\n\t\t\t\t<div class=\"elementor-element elementor-element-1fe49cf elementor-widget elementor-widget-text-editor\" data-id=\"1fe49cf\" data-element_type=\"widget\" data-widget_type=\"text-editor.default\">\n\t\t\t\t<div class=\"elementor-widget-container\">\n\t\t\t\t\t\t\t\t\t<h2>\n            <strong>Paysage culturel<\/strong><br \/>\n          <\/h2>\n\t\t\t\t\t\t\t\t<\/div>\n\t\t\t\t<\/div>\n\t\t\t\t<div class=\"elementor-element elementor-element-4e8a8952 elementor-widget elementor-widget-text-editor\" data-id=\"4e8a8952\" data-element_type=\"widget\" data-widget_type=\"text-editor.default\">\n\t\t\t\t<div class=\"elementor-widget-container\">\n\t\t\t\t\t\t\t\t\t<h4>\n            <b>Un paysage culturel riche<\/b><br \/>\n          <\/h4>\n<p>La culture martiniquaise est le r\u00e9sultat d&#8217;un m\u00e9lange d&#8217;influences africaines, fran\u00e7aises et indiennes, visibles dans la langue, la musique et la cuisine. Le carnaval de la Martinique est l&#8217;un des \u00e9v\u00e9nements les plus embl\u00e9matiques, attirant les visiteurs avec ses d\u00e9fil\u00e9s color\u00e9s et sa musique entra\u00eenante. Le cr\u00e9ole martiniquais, largement parl\u00e9, enrichit la diversit\u00e9 linguistique de l&#8217;\u00eele.  <\/p>\n\t\t\t\t\t\t\t\t<\/div>\n\t\t\t\t<\/div>\n\t\t\t\t<section class=\"elementor-section elementor-inner-section elementor-element elementor-element-d002120 elementor-section-boxed elementor-section-height-default elementor-section-height-default\" data-id=\"d002120\" data-element_type=\"section\">\n\t\t\t\t\t\t<div class=\"elementor-container elementor-column-gap-default\">\n\t\t\t\t\t<div class=\"elementor-column elementor-col-50 elementor-inner-column elementor-element elementor-element-318ecd5\" data-id=\"318ecd5\" data-element_type=\"column\">\n\t\t\t<div class=\"elementor-widget-wrap elementor-element-populated\">\n\t\t\t\t\t\t<div class=\"elementor-element elementor-element-1ea9d62 elementor-widget elementor-widget-image\" data-id=\"1ea9d62\" data-element_type=\"widget\" data-widget_type=\"image.default\">\n\t\t\t\t<div class=\"elementor-widget-container\">\n\t\t\t\t\t\t\t\t\t\t\t\t\t\t\t<img loading=\"lazy\" decoding=\"async\" width=\"800\" height=\"529\" src=\"https:\/\/richeskarayib.com\/wp-content\/uploads\/2025\/01\/stock-photo-fort-de-france-martinique-march-street-carnival-days-event-with-parades-singing-294069038-Modifie-1024x677.jpg\" class=\"attachment-large size-large wp-image-43298\" alt=\"Martinique\" srcset=\"https:\/\/richeskarayib.com\/wp-content\/uploads\/2025\/01\/stock-photo-fort-de-france-martinique-march-street-carnival-days-event-with-parades-singing-294069038-Modifie-1024x677.jpg 1024w, https:\/\/richeskarayib.com\/wp-content\/uploads\/2025\/01\/stock-photo-fort-de-france-martinique-march-street-carnival-days-event-with-parades-singing-294069038-Modifie-300x198.jpg 300w, https:\/\/richeskarayib.com\/wp-content\/uploads\/2025\/01\/stock-photo-fort-de-france-martinique-march-street-carnival-days-event-with-parades-singing-294069038-Modifie-768x508.jpg 768w, https:\/\/richeskarayib.com\/wp-content\/uploads\/2025\/01\/stock-photo-fort-de-france-martinique-march-street-carnival-days-event-with-parades-singing-294069038-Modifie-1320x873.jpg 1320w, https:\/\/richeskarayib.com\/wp-content\/uploads\/2025\/01\/stock-photo-fort-de-france-martinique-march-street-carnival-days-event-with-parades-singing-294069038-Modifie.jpg 1500w\" sizes=\"(max-width: 800px) 100vw, 800px\" \/>\t\t\t\t\t\t\t\t\t\t\t\t\t\t\t<\/div>\n\t\t\t\t<\/div>\n\t\t\t\t\t<\/div>\n\t\t<\/div>\n\t\t\t\t<div class=\"elementor-column elementor-col-50 elementor-inner-column elementor-element elementor-element-7916bc1\" data-id=\"7916bc1\" data-element_type=\"column\">\n\t\t\t<div class=\"elementor-widget-wrap elementor-element-populated\">\n\t\t\t\t\t\t<div class=\"elementor-element elementor-element-4198ca2 elementor-widget elementor-widget-image\" data-id=\"4198ca2\" data-element_type=\"widget\" data-widget_type=\"image.default\">\n\t\t\t\t<div class=\"elementor-widget-container\">\n\t\t\t\t\t\t\t\t\t\t\t\t\t\t\t<img loading=\"lazy\" decoding=\"async\" width=\"800\" height=\"798\" src=\"https:\/\/richeskarayib.com\/wp-content\/uploads\/2025\/01\/stock-photo-carnival-in-martinique-in-the-city-of-sainte-anne-1372459232-Modifie-1024x1022.jpg\" class=\"attachment-large size-large wp-image-43302\" alt=\"Martinique\" srcset=\"https:\/\/richeskarayib.com\/wp-content\/uploads\/2025\/01\/stock-photo-carnival-in-martinique-in-the-city-of-sainte-anne-1372459232-Modifie-1024x1022.jpg 1024w, https:\/\/richeskarayib.com\/wp-content\/uploads\/2025\/01\/stock-photo-carnival-in-martinique-in-the-city-of-sainte-anne-1372459232-Modifie-300x300.jpg 300w, https:\/\/richeskarayib.com\/wp-content\/uploads\/2025\/01\/stock-photo-carnival-in-martinique-in-the-city-of-sainte-anne-1372459232-Modifie-150x150.jpg 150w, https:\/\/richeskarayib.com\/wp-content\/uploads\/2025\/01\/stock-photo-carnival-in-martinique-in-the-city-of-sainte-anne-1372459232-Modifie-768x766.jpg 768w, https:\/\/richeskarayib.com\/wp-content\/uploads\/2025\/01\/stock-photo-carnival-in-martinique-in-the-city-of-sainte-anne-1372459232-Modifie-1320x1317.jpg 1320w, https:\/\/richeskarayib.com\/wp-content\/uploads\/2025\/01\/stock-photo-carnival-in-martinique-in-the-city-of-sainte-anne-1372459232-Modifie.jpg 1500w\" sizes=\"(max-width: 800px) 100vw, 800px\" \/>\t\t\t\t\t\t\t\t\t\t\t\t\t\t\t<\/div>\n\t\t\t\t<\/div>\n\t\t\t\t\t<\/div>\n\t\t<\/div>\n\t\t\t\t\t<\/div>\n\t\t<\/section>\n\t\t\t\t<div class=\"elementor-element elementor-element-5d97a0e elementor-widget elementor-widget-spacer\" data-id=\"5d97a0e\" data-element_type=\"widget\" data-widget_type=\"spacer.default\">\n\t\t\t\t<div class=\"elementor-widget-container\">\n\t\t\t\t\t\t\t<div class=\"elementor-spacer\">\n\t\t\t<div class=\"elementor-spacer-inner\"><\/div>\n\t\t<\/div>\n\t\t\t\t\t\t<\/div>\n\t\t\t\t<\/div>\n\t\t\t\t\t<\/div>\n\t\t<\/div>\n\t\t\t\t\t<\/div>\n\t\t<\/section>\n\t\t\t\t\t<\/div>\n\t\t<\/div>\n\t\t\t\t\t<\/div>\n\t\t<\/section>\n\t\t\t\t<section class=\"elementor-section elementor-top-section elementor-element elementor-element-6da062f elementor-section-boxed elementor-section-height-default elementor-section-height-default\" data-id=\"6da062f\" data-element_type=\"section\" data-settings=\"{&quot;background_background&quot;:&quot;classic&quot;}\">\n\t\t\t\t\t\t\t<div class=\"elementor-background-overlay\"><\/div>\n\t\t\t\t\t\t\t<div class=\"elementor-container elementor-column-gap-default\">\n\t\t\t\t\t<div class=\"elementor-column elementor-col-100 elementor-top-column elementor-element elementor-element-9ae4dfe\" data-id=\"9ae4dfe\" data-element_type=\"column\">\n\t\t\t<div class=\"elementor-widget-wrap elementor-element-populated\">\n\t\t\t\t\t\t<div class=\"elementor-element elementor-element-e0f6e02 elementor-widget-divider--view-line elementor-widget elementor-widget-divider\" data-id=\"e0f6e02\" data-element_type=\"widget\" data-widget_type=\"divider.default\">\n\t\t\t\t<div class=\"elementor-widget-container\">\n\t\t\t\t\t\t\t<div class=\"elementor-divider\">\n\t\t\t<span class=\"elementor-divider-separator\">\n\t\t\t\t\t\t<\/span>\n\t\t<\/div>\n\t\t\t\t\t\t<\/div>\n\t\t\t\t<\/div>\n\t\t\t\t<div class=\"elementor-element elementor-element-82725ff elementor-widget elementor-widget-text-editor\" data-id=\"82725ff\" data-element_type=\"widget\" data-widget_type=\"text-editor.default\">\n\t\t\t\t<div class=\"elementor-widget-container\">\n\t\t\t\t\t\t\t\t\t<h2>\n            <strong>Cuisine locale<\/strong><br \/>\n          <\/h2>\n\t\t\t\t\t\t\t\t<\/div>\n\t\t\t\t<\/div>\n\t\t\t\t<section class=\"elementor-section elementor-inner-section elementor-element elementor-element-b15711a elementor-section-boxed elementor-section-height-default elementor-section-height-default\" data-id=\"b15711a\" data-element_type=\"section\">\n\t\t\t\t\t\t<div class=\"elementor-container elementor-column-gap-default\">\n\t\t\t\t\t<div class=\"elementor-column elementor-col-100 elementor-inner-column elementor-element elementor-element-e28e0da\" data-id=\"e28e0da\" data-element_type=\"column\">\n\t\t\t<div class=\"elementor-widget-wrap elementor-element-populated\">\n\t\t\t\t\t\t<div class=\"elementor-element elementor-element-d09f850 elementor-widget elementor-widget-text-editor\" data-id=\"d09f850\" data-element_type=\"widget\" data-widget_type=\"text-editor.default\">\n\t\t\t\t<div class=\"elementor-widget-container\">\n\t\t\t\t\t\t\t\t\t<h2>\n            <b>Les d\u00e9lices culinaires de la Martinique<\/b><br \/>\n          <\/h2>\n\t\t\t\t\t\t\t\t<\/div>\n\t\t\t\t<\/div>\n\t\t\t\t<div class=\"elementor-element elementor-element-2607cde9 elementor-widget elementor-widget-text-editor\" data-id=\"2607cde9\" data-element_type=\"widget\" data-widget_type=\"text-editor.default\">\n\t\t\t\t<div class=\"elementor-widget-container\">\n\t\t\t\t\t\t\t\t\t<p>La cuisine martiniquaise refl\u00e8te un savant m\u00e9lange de traditions culinaires, mettant en valeur les ingr\u00e9dients frais et locaux. Le plat national, le &#8220;colombo&#8221;, est un rago\u00fbt \u00e9pic\u00e9 \u00e0 base de viande ou de poisson, accompagn\u00e9 de l\u00e9gumes et de riz. Le &#8220;boudin cr\u00e9ole&#8221;, une saucisse \u00e9pic\u00e9e, est \u00e9galement \u00e0 go\u00fbter. Les fruits tropicaux tels que la mangue et la papaye ajoutent une touche sucr\u00e9e aux plats.   <\/p>\n\t\t\t\t\t\t\t\t<\/div>\n\t\t\t\t<\/div>\n\t\t\t\t<section class=\"elementor-section elementor-inner-section elementor-element elementor-element-489ef4d elementor-section-boxed elementor-section-height-default elementor-section-height-default\" data-id=\"489ef4d\" data-element_type=\"section\">\n\t\t\t\t\t\t<div class=\"elementor-container elementor-column-gap-default\">\n\t\t\t\t\t<div class=\"elementor-column elementor-col-33 elementor-inner-column elementor-element elementor-element-d87214b\" data-id=\"d87214b\" data-element_type=\"column\">\n\t\t\t<div class=\"elementor-widget-wrap elementor-element-populated\">\n\t\t\t\t\t\t<div class=\"elementor-element elementor-element-a18317c elementor-widget elementor-widget-image\" data-id=\"a18317c\" data-element_type=\"widget\" data-widget_type=\"image.default\">\n\t\t\t\t<div class=\"elementor-widget-container\">\n\t\t\t\t\t\t\t\t\t\t\t\t<figure class=\"wp-caption\">\n\t\t\t\t\t\t\t\t\t\t<img loading=\"lazy\" decoding=\"async\" width=\"800\" height=\"999\" src=\"https:\/\/richeskarayib.com\/wp-content\/uploads\/2025\/01\/42836385_2150974805117488_3500551290025410560_n-820x1024.jpg\" class=\"attachment-large size-large wp-image-43581\" alt=\"Martinique\" srcset=\"https:\/\/richeskarayib.com\/wp-content\/uploads\/2025\/01\/42836385_2150974805117488_3500551290025410560_n-820x1024.jpg 820w, https:\/\/richeskarayib.com\/wp-content\/uploads\/2025\/01\/42836385_2150974805117488_3500551290025410560_n-240x300.jpg 240w, https:\/\/richeskarayib.com\/wp-content\/uploads\/2025\/01\/42836385_2150974805117488_3500551290025410560_n-768x959.jpg 768w, https:\/\/richeskarayib.com\/wp-content\/uploads\/2025\/01\/42836385_2150974805117488_3500551290025410560_n.jpg 1080w\" sizes=\"(max-width: 800px) 100vw, 800px\" \/>\t\t\t\t\t\t\t\t\t\t\t<figcaption class=\"widget-image-caption wp-caption-text\">Colombo<\/figcaption>\n\t\t\t\t\t\t\t\t\t\t<\/figure>\n\t\t\t\t\t\t\t\t\t<\/div>\n\t\t\t\t<\/div>\n\t\t\t\t\t<\/div>\n\t\t<\/div>\n\t\t\t\t<div class=\"elementor-column elementor-col-33 elementor-inner-column elementor-element elementor-element-98a9000\" data-id=\"98a9000\" data-element_type=\"column\">\n\t\t\t<div class=\"elementor-widget-wrap elementor-element-populated\">\n\t\t\t\t\t\t<div class=\"elementor-element elementor-element-4362840 elementor-widget elementor-widget-image\" data-id=\"4362840\" data-element_type=\"widget\" data-widget_type=\"image.default\">\n\t\t\t\t<div class=\"elementor-widget-container\">\n\t\t\t\t\t\t\t\t\t\t\t\t<figure class=\"wp-caption\">\n\t\t\t\t\t\t\t\t\t\t<img loading=\"lazy\" decoding=\"async\" width=\"800\" height=\"532\" src=\"https:\/\/richeskarayib.com\/wp-content\/uploads\/2025\/01\/Boudin-1024x681.jpg\" class=\"attachment-large size-large wp-image-43585\" alt=\"Martinique\" srcset=\"https:\/\/richeskarayib.com\/wp-content\/uploads\/2025\/01\/Boudin-1024x681.jpg 1024w, https:\/\/richeskarayib.com\/wp-content\/uploads\/2025\/01\/Boudin-300x199.jpg 300w, https:\/\/richeskarayib.com\/wp-content\/uploads\/2025\/01\/Boudin-768x510.jpg 768w, https:\/\/richeskarayib.com\/wp-content\/uploads\/2025\/01\/Boudin-1320x877.jpg 1320w, https:\/\/richeskarayib.com\/wp-content\/uploads\/2025\/01\/Boudin.jpg 1500w\" sizes=\"(max-width: 800px) 100vw, 800px\" \/>\t\t\t\t\t\t\t\t\t\t\t<figcaption class=\"widget-image-caption wp-caption-text\">Boudin<\/figcaption>\n\t\t\t\t\t\t\t\t\t\t<\/figure>\n\t\t\t\t\t\t\t\t\t<\/div>\n\t\t\t\t<\/div>\n\t\t\t\t\t<\/div>\n\t\t<\/div>\n\t\t\t\t<div class=\"elementor-column elementor-col-33 elementor-inner-column elementor-element elementor-element-588c534\" data-id=\"588c534\" data-element_type=\"column\">\n\t\t\t<div class=\"elementor-widget-wrap elementor-element-populated\">\n\t\t\t\t\t\t<div class=\"elementor-element elementor-element-2696d73 elementor-widget elementor-widget-image\" data-id=\"2696d73\" data-element_type=\"widget\" data-widget_type=\"image.default\">\n\t\t\t\t<div class=\"elementor-widget-container\">\n\t\t\t\t\t\t\t\t\t\t\t\t<figure class=\"wp-caption\">\n\t\t\t\t\t\t\t\t\t\t<img loading=\"lazy\" decoding=\"async\" width=\"800\" height=\"530\" src=\"https:\/\/richeskarayib.com\/wp-content\/uploads\/2025\/01\/Fruits-exotic-1024x678.jpg\" class=\"attachment-large size-large wp-image-43589\" alt=\"Martinique\" srcset=\"https:\/\/richeskarayib.com\/wp-content\/uploads\/2025\/01\/Fruits-exotic-1024x678.jpg 1024w, https:\/\/richeskarayib.com\/wp-content\/uploads\/2025\/01\/Fruits-exotic-300x199.jpg 300w, https:\/\/richeskarayib.com\/wp-content\/uploads\/2025\/01\/Fruits-exotic-768x508.jpg 768w, https:\/\/richeskarayib.com\/wp-content\/uploads\/2025\/01\/Fruits-exotic-1320x874.jpg 1320w, https:\/\/richeskarayib.com\/wp-content\/uploads\/2025\/01\/Fruits-exotic.jpg 1500w\" sizes=\"(max-width: 800px) 100vw, 800px\" \/>\t\t\t\t\t\t\t\t\t\t\t<figcaption class=\"widget-image-caption wp-caption-text\"><\/figcaption>\n\t\t\t\t\t\t\t\t\t\t<\/figure>\n\t\t\t\t\t\t\t\t\t<\/div>\n\t\t\t\t<\/div>\n\t\t\t\t\t<\/div>\n\t\t<\/div>\n\t\t\t\t\t<\/div>\n\t\t<\/section>\n\t\t\t\t\t<\/div>\n\t\t<\/div>\n\t\t\t\t\t<\/div>\n\t\t<\/section>\n\t\t\t\t\t<\/div>\n\t\t<\/div>\n\t\t\t\t\t<\/div>\n\t\t<\/section>\n\t\t\t\t<section class=\"elementor-section elementor-top-section elementor-element elementor-element-986acf7 elementor-section-boxed elementor-section-height-default elementor-section-height-default\" data-id=\"986acf7\" data-element_type=\"section\">\n\t\t\t\t\t\t<div class=\"elementor-container elementor-column-gap-default\">\n\t\t\t\t\t<div class=\"elementor-column elementor-col-100 elementor-top-column elementor-element elementor-element-db354b7\" data-id=\"db354b7\" data-element_type=\"column\">\n\t\t\t<div class=\"elementor-widget-wrap elementor-element-populated\">\n\t\t\t\t\t\t<div class=\"elementor-element elementor-element-1e5a647 elementor-widget-divider--view-line elementor-widget elementor-widget-divider\" data-id=\"1e5a647\" data-element_type=\"widget\" data-widget_type=\"divider.default\">\n\t\t\t\t<div class=\"elementor-widget-container\">\n\t\t\t\t\t\t\t<div class=\"elementor-divider\">\n\t\t\t<span class=\"elementor-divider-separator\">\n\t\t\t\t\t\t<\/span>\n\t\t<\/div>\n\t\t\t\t\t\t<\/div>\n\t\t\t\t<\/div>\n\t\t\t\t<div class=\"elementor-element elementor-element-4bc3879 elementor-widget elementor-widget-text-editor\" data-id=\"4bc3879\" data-element_type=\"widget\" data-widget_type=\"text-editor.default\">\n\t\t\t\t<div class=\"elementor-widget-container\">\n\t\t\t\t\t\t\t\t\t<h2>\n            <strong>\u00c9conomie et infrastructure<\/strong><br \/>\n          <\/h2>\n\t\t\t\t\t\t\t\t<\/div>\n\t\t\t\t<\/div>\n\t\t\t\t<div class=\"elementor-element elementor-element-d79dd17 elementor-widget elementor-widget-text-editor\" data-id=\"d79dd17\" data-element_type=\"widget\" data-widget_type=\"text-editor.default\">\n\t\t\t\t<div class=\"elementor-widget-container\">\n\t\t\t\t\t\t\t\t\t<h4><b>Vue d&#8217;ensemble de l&#8217;\u00e9conomie<\/b><\/h4>\n<p> <\/p>\n<p>L&#8217;\u00e9conomie de la Martinique est diversifi\u00e9e, le tourisme, l&#8217;agriculture et les services en \u00e9tant les principaux moteurs.<\/p>\n<ul>\n<li aria-level=\"1\">Le <b>tourisme<\/b>: Il repr\u00e9sente environ 20 % du PIB et attire les visiteurs pour ses paysages, sa culture et son hospitalit\u00e9. Les plages comme Les Salines et Anse Dufour sont particuli\u00e8rement populaires. <\/li>\n<li aria-level=\"1\"><b>Secteur agricole<\/b>: La canne \u00e0 sucre est l&#8217;un des principaux produits d&#8217;exportation, bien que l&#8217;agriculture soit confront\u00e9e \u00e0 des d\u00e9fis tels que le changement climatique.<\/li>\n<li aria-level=\"1\"><b>Infrastructures<\/b>: L&#8217;\u00eele dispose d&#8217;infrastructures bien d\u00e9velopp\u00e9es, avec l&#8217;a\u00e9roport international Aim\u00e9 C\u00e9saire et un r\u00e9seau de routes facilitant l&#8217;acc\u00e8s aux attractions touristiques.<\/li>\n<li aria-level=\"1\">\n<p><b>Durabilit\u00e9 environnementale : <\/b><a href=\"https:\/\/www.martiniqueactive.com\/poi\/office-du-tourisme\/\" target=\"_blank\" rel=\"noopener nofollow\">La Martinique<\/a>met de plus en plus l&#8217;accent sur la durabilit\u00e9 environnementale. Les initiatives visent \u00e0 prot\u00e9ger les \u00e9cosyst\u00e8mes marins, \u00e0 promouvoir un tourisme respectueux de l&#8217;environnement et \u00e0 pr\u00e9server les ressources naturelles. Le gouvernement travaille au d\u00e9veloppement de sources d&#8217;\u00e9nergie renouvelables et de pratiques agricoles durables.  <\/p>\n<\/li>\n<\/ul>\t\t\t\t\t\t\t\t<\/div>\n\t\t\t\t<\/div>\n\t\t\t\t<section class=\"elementor-section elementor-inner-section elementor-element elementor-element-b48cb5a elementor-section-boxed elementor-section-height-default elementor-section-height-default\" data-id=\"b48cb5a\" data-element_type=\"section\">\n\t\t\t\t\t\t<div class=\"elementor-container elementor-column-gap-default\">\n\t\t\t\t\t<div class=\"elementor-column elementor-col-33 elementor-inner-column elementor-element elementor-element-934a4a7\" data-id=\"934a4a7\" data-element_type=\"column\">\n\t\t\t<div class=\"elementor-widget-wrap elementor-element-populated\">\n\t\t\t\t\t\t<div class=\"elementor-element elementor-element-0beba4e elementor-widget elementor-widget-image\" data-id=\"0beba4e\" data-element_type=\"widget\" data-widget_type=\"image.default\">\n\t\t\t\t<div class=\"elementor-widget-container\">\n\t\t\t\t\t\t\t\t\t\t\t\t\t\t\t<img loading=\"lazy\" decoding=\"async\" width=\"800\" height=\"515\" src=\"https:\/\/richeskarayib.com\/wp-content\/uploads\/2025\/01\/stock-photo-church-at-anses-d-arlet-in-southern-martinique-french-west-indies-2407976289-Modifie-1024x659.jpg\" class=\"attachment-large size-large wp-image-43593\" alt=\"Martinique\" srcset=\"https:\/\/richeskarayib.com\/wp-content\/uploads\/2025\/01\/stock-photo-church-at-anses-d-arlet-in-southern-martinique-french-west-indies-2407976289-Modifie-1024x659.jpg 1024w, https:\/\/richeskarayib.com\/wp-content\/uploads\/2025\/01\/stock-photo-church-at-anses-d-arlet-in-southern-martinique-french-west-indies-2407976289-Modifie-300x193.jpg 300w, https:\/\/richeskarayib.com\/wp-content\/uploads\/2025\/01\/stock-photo-church-at-anses-d-arlet-in-southern-martinique-french-west-indies-2407976289-Modifie-768x494.jpg 768w, https:\/\/richeskarayib.com\/wp-content\/uploads\/2025\/01\/stock-photo-church-at-anses-d-arlet-in-southern-martinique-french-west-indies-2407976289-Modifie-1320x849.jpg 1320w, https:\/\/richeskarayib.com\/wp-content\/uploads\/2025\/01\/stock-photo-church-at-anses-d-arlet-in-southern-martinique-french-west-indies-2407976289-Modifie.jpg 1500w\" sizes=\"(max-width: 800px) 100vw, 800px\" \/>\t\t\t\t\t\t\t\t\t\t\t\t\t\t\t<\/div>\n\t\t\t\t<\/div>\n\t\t\t\t\t<\/div>\n\t\t<\/div>\n\t\t\t\t<div class=\"elementor-column elementor-col-33 elementor-inner-column elementor-element elementor-element-f4501c0\" data-id=\"f4501c0\" data-element_type=\"column\">\n\t\t\t<div class=\"elementor-widget-wrap elementor-element-populated\">\n\t\t\t\t\t\t<div class=\"elementor-element elementor-element-888b3df elementor-widget elementor-widget-image\" data-id=\"888b3df\" data-element_type=\"widget\" data-widget_type=\"image.default\">\n\t\t\t\t<div class=\"elementor-widget-container\">\n\t\t\t\t\t\t\t\t\t\t\t\t\t\t\t<img loading=\"lazy\" decoding=\"async\" width=\"800\" height=\"477\" src=\"https:\/\/richeskarayib.com\/wp-content\/uploads\/2025\/01\/stock-photo-fort-de-france-martinique-april-the-cruise-ship-dock-in-the-city-center-of-fort-de-2513149113-Modifie-1024x611.jpg\" class=\"attachment-large size-large wp-image-43597\" alt=\"Martinique\" srcset=\"https:\/\/richeskarayib.com\/wp-content\/uploads\/2025\/01\/stock-photo-fort-de-france-martinique-april-the-cruise-ship-dock-in-the-city-center-of-fort-de-2513149113-Modifie-1024x611.jpg 1024w, https:\/\/richeskarayib.com\/wp-content\/uploads\/2025\/01\/stock-photo-fort-de-france-martinique-april-the-cruise-ship-dock-in-the-city-center-of-fort-de-2513149113-Modifie-300x179.jpg 300w, https:\/\/richeskarayib.com\/wp-content\/uploads\/2025\/01\/stock-photo-fort-de-france-martinique-april-the-cruise-ship-dock-in-the-city-center-of-fort-de-2513149113-Modifie-768x458.jpg 768w, https:\/\/richeskarayib.com\/wp-content\/uploads\/2025\/01\/stock-photo-fort-de-france-martinique-april-the-cruise-ship-dock-in-the-city-center-of-fort-de-2513149113-Modifie-1320x788.jpg 1320w, https:\/\/richeskarayib.com\/wp-content\/uploads\/2025\/01\/stock-photo-fort-de-france-martinique-april-the-cruise-ship-dock-in-the-city-center-of-fort-de-2513149113-Modifie.jpg 1500w\" sizes=\"(max-width: 800px) 100vw, 800px\" \/>\t\t\t\t\t\t\t\t\t\t\t\t\t\t\t<\/div>\n\t\t\t\t<\/div>\n\t\t\t\t\t<\/div>\n\t\t<\/div>\n\t\t\t\t<div class=\"elementor-column elementor-col-33 elementor-inner-column elementor-element elementor-element-144e361\" data-id=\"144e361\" data-element_type=\"column\">\n\t\t\t<div class=\"elementor-widget-wrap elementor-element-populated\">\n\t\t\t\t\t\t<div class=\"elementor-element elementor-element-a6b3c53 elementor-widget elementor-widget-image\" data-id=\"a6b3c53\" data-element_type=\"widget\" data-widget_type=\"image.default\">\n\t\t\t\t<div class=\"elementor-widget-container\">\n\t\t\t\t\t\t\t\t\t\t\t\t\t\t\t<img loading=\"lazy\" decoding=\"async\" width=\"800\" height=\"505\" src=\"https:\/\/richeskarayib.com\/wp-content\/uploads\/2025\/01\/stock-photo-fort-de-france-martinique-january-the-ancient-town-hall-of-fort-de-france-and-aime-1538708213-Modifie-1024x646.jpg\" class=\"attachment-large size-large wp-image-43601\" alt=\"Martinique\" srcset=\"https:\/\/richeskarayib.com\/wp-content\/uploads\/2025\/01\/stock-photo-fort-de-france-martinique-january-the-ancient-town-hall-of-fort-de-france-and-aime-1538708213-Modifie-1024x646.jpg 1024w, https:\/\/richeskarayib.com\/wp-content\/uploads\/2025\/01\/stock-photo-fort-de-france-martinique-january-the-ancient-town-hall-of-fort-de-france-and-aime-1538708213-Modifie-300x189.jpg 300w, https:\/\/richeskarayib.com\/wp-content\/uploads\/2025\/01\/stock-photo-fort-de-france-martinique-january-the-ancient-town-hall-of-fort-de-france-and-aime-1538708213-Modifie-768x485.jpg 768w, https:\/\/richeskarayib.com\/wp-content\/uploads\/2025\/01\/stock-photo-fort-de-france-martinique-january-the-ancient-town-hall-of-fort-de-france-and-aime-1538708213-Modifie-1320x833.jpg 1320w, https:\/\/richeskarayib.com\/wp-content\/uploads\/2025\/01\/stock-photo-fort-de-france-martinique-january-the-ancient-town-hall-of-fort-de-france-and-aime-1538708213-Modifie.jpg 1500w\" sizes=\"(max-width: 800px) 100vw, 800px\" \/>\t\t\t\t\t\t\t\t\t\t\t\t\t\t\t<\/div>\n\t\t\t\t<\/div>\n\t\t\t\t\t<\/div>\n\t\t<\/div>\n\t\t\t\t\t<\/div>\n\t\t<\/section>\n\t\t\t\t<div class=\"elementor-element elementor-element-cddc167 elementor-widget elementor-widget-spacer\" data-id=\"cddc167\" data-element_type=\"widget\" data-widget_type=\"spacer.default\">\n\t\t\t\t<div class=\"elementor-widget-container\">\n\t\t\t\t\t\t\t<div class=\"elementor-spacer\">\n\t\t\t<div class=\"elementor-spacer-inner\"><\/div>\n\t\t<\/div>\n\t\t\t\t\t\t<\/div>\n\t\t\t\t<\/div>\n\t\t\t\t\t<\/div>\n\t\t<\/div>\n\t\t\t\t\t<\/div>\n\t\t<\/section>\n\t\t\t\t<section class=\"elementor-section elementor-top-section elementor-element elementor-element-0b6987a elementor-section-boxed elementor-section-height-default elementor-section-height-default\" data-id=\"0b6987a\" data-element_type=\"section\" data-settings=\"{&quot;background_background&quot;:&quot;classic&quot;}\">\n\t\t\t\t\t\t\t<div class=\"elementor-background-overlay\"><\/div>\n\t\t\t\t\t\t\t<div class=\"elementor-container elementor-column-gap-default\">\n\t\t\t\t\t<div class=\"elementor-column elementor-col-100 elementor-top-column elementor-element elementor-element-0db7194\" data-id=\"0db7194\" data-element_type=\"column\">\n\t\t\t<div class=\"elementor-widget-wrap elementor-element-populated\">\n\t\t\t\t\t\t<div class=\"elementor-element elementor-element-2f922a5 elementor-widget-divider--view-line elementor-widget elementor-widget-divider\" data-id=\"2f922a5\" data-element_type=\"widget\" data-widget_type=\"divider.default\">\n\t\t\t\t<div class=\"elementor-widget-container\">\n\t\t\t\t\t\t\t<div class=\"elementor-divider\">\n\t\t\t<span class=\"elementor-divider-separator\">\n\t\t\t\t\t\t<\/span>\n\t\t<\/div>\n\t\t\t\t\t\t<\/div>\n\t\t\t\t<\/div>\n\t\t\t\t<div class=\"elementor-element elementor-element-46d3dcc elementor-widget elementor-widget-text-editor\" data-id=\"46d3dcc\" data-element_type=\"widget\" data-widget_type=\"text-editor.default\">\n\t\t\t\t<div class=\"elementor-widget-container\">\n\t\t\t\t\t\t\t\t\t<h2>\n            <strong>Aper\u00e7u historique<\/strong><br \/>\n          <\/h2>\n\t\t\t\t\t\t\t\t<\/div>\n\t\t\t\t<\/div>\n\t\t\t\t<div class=\"elementor-element elementor-element-413f656 elementor-widget elementor-widget-text-editor\" data-id=\"413f656\" data-element_type=\"widget\" data-widget_type=\"text-editor.default\">\n\t\t\t\t<div class=\"elementor-widget-container\">\n\t\t\t\t\t\t\t\t\t<h2>\n            <strong><br \/>\n              <b>De la colonisation \u00e0 l&#8217;autonomie<\/b><br \/>\n            <\/strong><br \/>\n          <\/h2>\n\t\t\t\t\t\t\t\t<\/div>\n\t\t\t\t<\/div>\n\t\t\t\t<div class=\"elementor-element elementor-element-69e816a elementor-widget elementor-widget-text-editor\" data-id=\"69e816a\" data-element_type=\"widget\" data-widget_type=\"text-editor.default\">\n\t\t\t\t<div class=\"elementor-widget-container\">\n\t\t\t\t\t\t\t\t\t<p>Diverses influences marquent l&#8217;histoire de la <a href=\"https:\/\/www.martinique.org\/fr\" target=\"_blank\" rel=\"noopener nofollow\">Martinique<\/a>:<\/p>\n<ul>\n<li aria-level=\"1\"><b>Colonisation<\/b>: Les Fran\u00e7ais ont colonis\u00e9 l&#8217;\u00eele au XVIIe si\u00e8cle, ce qui a entra\u00een\u00e9 des conflits avec les populations indig\u00e8nes.<\/li>\n<li aria-level=\"1\">L<b>&#8216;esclavage et l&#8217;\u00e9mancipation<\/b>: L&#8217;abolition de l&#8217;esclavage en 1848 a constitu\u00e9 un tournant majeur, \u00e0 l&#8217;origine d&#8217;une identit\u00e9 culturelle diversifi\u00e9e.<\/li>\n<li aria-level=\"1\"><b>Statut actuel<\/b>: La Martinique est un d\u00e9partement fran\u00e7ais d&#8217;outre-mer, b\u00e9n\u00e9ficiant d&#8217;un statut particulier au sein de l&#8217;Union europ\u00e9enne.<\/li>\n<\/ul>\t\t\t\t\t\t\t\t<\/div>\n\t\t\t\t<\/div>\n\t\t\t\t\t<\/div>\n\t\t<\/div>\n\t\t\t\t\t<\/div>\n\t\t<\/section>\n\t\t\t\t<section class=\"elementor-section elementor-top-section elementor-element elementor-element-272d71f elementor-section-boxed elementor-section-height-default elementor-section-height-default\" data-id=\"272d71f\" data-element_type=\"section\" data-settings=\"{&quot;background_background&quot;:&quot;classic&quot;}\">\n\t\t\t\t\t\t\t<div class=\"elementor-background-overlay\"><\/div>\n\t\t\t\t\t\t\t<div class=\"elementor-container elementor-column-gap-default\">\n\t\t\t\t\t<div class=\"elementor-column elementor-col-100 elementor-top-column elementor-element elementor-element-d93884a\" data-id=\"d93884a\" data-element_type=\"column\">\n\t\t\t<div class=\"elementor-widget-wrap elementor-element-populated\">\n\t\t\t\t\t\t<div class=\"elementor-element elementor-element-592a194 elementor-widget-divider--view-line elementor-widget elementor-widget-divider\" data-id=\"592a194\" data-element_type=\"widget\" data-widget_type=\"divider.default\">\n\t\t\t\t<div class=\"elementor-widget-container\">\n\t\t\t\t\t\t\t<div class=\"elementor-divider\">\n\t\t\t<span class=\"elementor-divider-separator\">\n\t\t\t\t\t\t<\/span>\n\t\t<\/div>\n\t\t\t\t\t\t<\/div>\n\t\t\t\t<\/div>\n\t\t\t\t<div class=\"elementor-element elementor-element-fb0d60e elementor-widget elementor-widget-text-editor\" data-id=\"fb0d60e\" data-element_type=\"widget\" data-widget_type=\"text-editor.default\">\n\t\t\t\t<div class=\"elementor-widget-container\">\n\t\t\t\t\t\t\t\t\t<h2>\n            <b>Ce qui rend la Martinique si unique<\/b><br \/>\n          <\/h2>\n\t\t\t\t\t\t\t\t<\/div>\n\t\t\t\t<\/div>\n\t\t\t\t<div class=\"elementor-element elementor-element-3e2ccd4 elementor-widget elementor-widget-text-editor\" data-id=\"3e2ccd4\" data-element_type=\"widget\" data-widget_type=\"text-editor.default\">\n\t\t\t\t<div class=\"elementor-widget-container\">\n\t\t\t\t\t\t\t\t\t<ul>\n<li aria-level=\"1\">\n<h4 class=\"MuiTypography-root MuiTypography-h4 css-clnrnq\">Paysages naturels<\/h4>\n<ul>\n<li><strong>La montagne Pel\u00e9e :<\/strong> Un volcan actif avec un paysage spectaculaire.<\/li>\n<li><strong>Plages :<\/strong> Des plages vierges comme Les Salines et Anse \u00e0 l&#8217;Ane.<\/li>\n<li><strong>For\u00eats tropicales :<\/strong> Des for\u00eats tropicales denses, parfaites pour les randonn\u00e9es et les promenades dans la nature.<\/li>\n<\/ul>\n<h4 class=\"MuiTypography-root MuiTypography-h4 css-clnrnq\">Patrimoine culturel<\/h4>\n<ul>\n<li><strong>Sites historiques :<\/strong> La cath\u00e9drale de Fort-de-France, la biblioth\u00e8que Schoelcher et le mus\u00e9e de la Pagerie, qui fut la maison natale de Jos\u00e9phine de Beauharnais, \u00e9pouse de Napol\u00e9on.<\/li>\n<li><strong>Festivals et \u00e9v\u00e9nements :<\/strong> Les festivals et \u00e9v\u00e9nements culturels de l&#8217;\u00eele mettent en valeur sa riche identit\u00e9 culturelle.<\/li>\n<\/ul>\n<\/li>\n<\/ul>\n\t\t\t\t\t\t\t\t<\/div>\n\t\t\t\t<\/div>\n\t\t\t\t<div class=\"elementor-element elementor-element-870e653 elementor-widget elementor-widget-spacer\" data-id=\"870e653\" data-element_type=\"widget\" data-widget_type=\"spacer.default\">\n\t\t\t\t<div class=\"elementor-widget-container\">\n\t\t\t\t\t\t\t<div class=\"elementor-spacer\">\n\t\t\t<div class=\"elementor-spacer-inner\"><\/div>\n\t\t<\/div>\n\t\t\t\t\t\t<\/div>\n\t\t\t\t<\/div>\n\t\t\t\t\t<\/div>\n\t\t<\/div>\n\t\t\t\t\t<\/div>\n\t\t<\/section>\n\t\t\t\t<section class=\"elementor-section elementor-top-section elementor-element elementor-element-84cc197 elementor-section-boxed elementor-section-height-default elementor-section-height-default\" data-id=\"84cc197\" data-element_type=\"section\">\n\t\t\t\t\t\t<div class=\"elementor-container elementor-column-gap-default\">\n\t\t\t\t\t<div class=\"elementor-column elementor-col-100 elementor-top-column elementor-element elementor-element-0d92ae6\" data-id=\"0d92ae6\" data-element_type=\"column\">\n\t\t\t<div class=\"elementor-widget-wrap elementor-element-populated\">\n\t\t\t\t\t\t<div class=\"elementor-element elementor-element-ce19828 elementor-widget-divider--view-line elementor-widget elementor-widget-divider\" data-id=\"ce19828\" data-element_type=\"widget\" data-widget_type=\"divider.default\">\n\t\t\t\t<div class=\"elementor-widget-container\">\n\t\t\t\t\t\t\t<div class=\"elementor-divider\">\n\t\t\t<span class=\"elementor-divider-separator\">\n\t\t\t\t\t\t<\/span>\n\t\t<\/div>\n\t\t\t\t\t\t<\/div>\n\t\t\t\t<\/div>\n\t\t\t\t<section class=\"elementor-section elementor-inner-section elementor-element elementor-element-06bb975 elementor-section-boxed elementor-section-height-default elementor-section-height-default\" data-id=\"06bb975\" data-element_type=\"section\">\n\t\t\t\t\t\t<div class=\"elementor-container elementor-column-gap-default\">\n\t\t\t\t\t<div class=\"elementor-column elementor-col-100 elementor-inner-column elementor-element elementor-element-cb74043\" data-id=\"cb74043\" data-element_type=\"column\">\n\t\t\t<div class=\"elementor-widget-wrap elementor-element-populated\">\n\t\t\t\t\t\t<div class=\"elementor-element elementor-element-934e86f elementor-widget elementor-widget-text-editor\" data-id=\"934e86f\" data-element_type=\"widget\" data-widget_type=\"text-editor.default\">\n\t\t\t\t<div class=\"elementor-widget-container\">\n\t\t\t\t\t\t\t\t\t<h2>\n            <b>Lieux \u00e0 visiter en Martinique<\/b><br \/>\n          <\/h2>\n\t\t\t\t\t\t\t\t<\/div>\n\t\t\t\t<\/div>\n\t\t\t\t\t<\/div>\n\t\t<\/div>\n\t\t\t\t\t<\/div>\n\t\t<\/section>\n\t\t\t\t<div class=\"elementor-element elementor-element-49ecfea premium-adv-carousel__infinite premium-adv-carousel__horizontal elementor-widget elementor-widget-premium-media-wheel\" data-id=\"49ecfea\" data-element_type=\"widget\" data-widget_type=\"premium-media-wheel.default\">\n\t\t\t\t<div class=\"elementor-widget-container\">\n\t\t\t\t\t\t\t<div class=\"premium-adv-carousel-no-lightbox premium-adv-carousel__container\" data-settings=\"{&quot;type&quot;:&quot;infinite&quot;,&quot;scroll&quot;:false,&quot;speed&quot;:50,&quot;pauseOnHover&quot;:true,&quot;dir&quot;:&quot;horizontal&quot;,&quot;reverse&quot;:&quot;normal&quot;,&quot;renderEvent&quot;:&quot;scroll&quot;}\">\n\n\t\t\t<div style=\"visibility:hidden;\" class=\"premium-adv-carousel__inner-container\">\n\n\t\t\t\t<div class=\"premium-adv-carousel__items\">\n\n\t\t\t\t\t\t\t\t<div class=\"premium-adv-carousel__item-outer-wrapper\">\n\t\t\t\t<div class=\"elementor-repeater-item-eeec7f8 premium-adv-carousel__item premium-adv-carousel__item-image\">\n\t\t\t\t\t<div class=\"premium-adv-carousel__media-wrap\">\n\t\t\t\t\t\t\t\t\t\t\t\t\t\t<img decoding=\"async\" src=\"https:\/\/richeskarayib.com\/wp-content\/uploads\/2025\/01\/Fort-de-France-Market.jpg\" alt=\"Martinique\" class=\"premium-adv-carousel__item-img premium-hover-effects__zoomin\">\n\t\t\t\t\t\t\t\t\t\t\t\t<\/div>\n\n\t\t\t\t\t\n\t\t\t\t\t\t\t\t\t\t\t<div class=\"premium-adv-carousel__media-info-wrap\">\n\t\t\t\t\t\t\t\t\t\t\t\t\t\t\t\t<span class=\"premium-adv-carousel__media-title\">March\u00e9 de Fort de France<\/span>\n\t\t\t\t\t\t\t\t\t\t\t\t\t\t<\/div>\n\t\t\t\t\t\t\t\t\t\t<\/div>\n\t\t\t<\/div>\n\t\t\t\t\t\t<div class=\"premium-adv-carousel__item-outer-wrapper\">\n\t\t\t\t<div class=\"elementor-repeater-item-41f328b premium-adv-carousel__item premium-adv-carousel__item-image\">\n\t\t\t\t\t<div class=\"premium-adv-carousel__media-wrap\">\n\t\t\t\t\t\t\t\t\t\t\t\t\t\t<img decoding=\"async\" src=\"https:\/\/richeskarayib.com\/wp-content\/uploads\/2025\/01\/Gorges-de-la-Falaise-.jpg\" alt=\"Martinique\" class=\"premium-adv-carousel__item-img premium-hover-effects__zoomin\">\n\t\t\t\t\t\t\t\t\t\t\t\t<\/div>\n\n\t\t\t\t\t\n\t\t\t\t\t\t\t\t\t\t\t<div class=\"premium-adv-carousel__media-info-wrap\">\n\t\t\t\t\t\t\t\t\t\t\t\t\t\t\t\t<span class=\"premium-adv-carousel__media-title\">Gorges de la Falaise<\/span>\n\t\t\t\t\t\t\t\t\t\t\t\t\t\t<\/div>\n\t\t\t\t\t\t\t\t\t\t<\/div>\n\t\t\t<\/div>\n\t\t\t\t\t\t<div class=\"premium-adv-carousel__item-outer-wrapper\">\n\t\t\t\t<div class=\"elementor-repeater-item-ad65621 premium-adv-carousel__item premium-adv-carousel__item-image\">\n\t\t\t\t\t<div class=\"premium-adv-carousel__media-wrap\">\n\t\t\t\t\t\t\t\t\t\t\t\t\t\t<img decoding=\"async\" src=\"https:\/\/richeskarayib.com\/wp-content\/uploads\/2025\/01\/Jardin-de-Balata-.jpg\" alt=\"Martinique\" class=\"premium-adv-carousel__item-img premium-hover-effects__zoomin\">\n\t\t\t\t\t\t\t\t\t\t\t\t<\/div>\n\n\t\t\t\t\t\n\t\t\t\t\t\t\t\t\t\t\t<div class=\"premium-adv-carousel__media-info-wrap\">\n\t\t\t\t\t\t\t\t\t\t\t\t\t\t\t\t<span class=\"premium-adv-carousel__media-title\">Jardin de Balata<\/span>\n\t\t\t\t\t\t\t\t\t\t\t\t\t\t<\/div>\n\t\t\t\t\t\t\t\t\t\t<\/div>\n\t\t\t<\/div>\n\t\t\t\t\t\t<div class=\"premium-adv-carousel__item-outer-wrapper\">\n\t\t\t\t<div class=\"elementor-repeater-item-5be7af6 premium-adv-carousel__item premium-adv-carousel__item-image\">\n\t\t\t\t\t<div class=\"premium-adv-carousel__media-wrap\">\n\t\t\t\t\t\t\t\t\t\t\t\t\t\t<img decoding=\"async\" src=\"https:\/\/richeskarayib.com\/wp-content\/uploads\/2025\/01\/La-montagne-pelee.jpg\" alt=\"Martinique\" class=\"premium-adv-carousel__item-img premium-hover-effects__zoomin\">\n\t\t\t\t\t\t\t\t\t\t\t\t<\/div>\n\n\t\t\t\t\t\n\t\t\t\t\t\t\t\t\t\t\t<div class=\"premium-adv-carousel__media-info-wrap\">\n\t\t\t\t\t\t\t\t\t\t\t\t\t\t\t\t<span class=\"premium-adv-carousel__media-title\">La montagne pelee<\/span>\n\t\t\t\t\t\t\t\t\t\t\t\t\t\t<\/div>\n\t\t\t\t\t\t\t\t\t\t<\/div>\n\t\t\t<\/div>\n\t\t\t\t\t\t<div class=\"premium-adv-carousel__item-outer-wrapper\">\n\t\t\t\t<div class=\"elementor-repeater-item-74706d0 premium-adv-carousel__item premium-adv-carousel__item-image\">\n\t\t\t\t\t<div class=\"premium-adv-carousel__media-wrap\">\n\t\t\t\t\t\t\t\t\t\t\t\t\t\t<img decoding=\"async\" src=\"https:\/\/richeskarayib.com\/wp-content\/uploads\/2025\/01\/Les-Salines-Beach.jpg\" alt=\"Martinique\" class=\"premium-adv-carousel__item-img premium-hover-effects__zoomin\">\n\t\t\t\t\t\t\t\t\t\t\t\t<\/div>\n\n\t\t\t\t\t\n\t\t\t\t\t\t\t\t\t\t\t<div class=\"premium-adv-carousel__media-info-wrap\">\n\t\t\t\t\t\t\t\t\t\t\t\t\t\t\t\t<span class=\"premium-adv-carousel__media-title\">Plage des Salines<\/span>\n\t\t\t\t\t\t\t\t\t\t\t\t\t\t<\/div>\n\t\t\t\t\t\t\t\t\t\t<\/div>\n\t\t\t<\/div>\n\t\t\t\t\t\t\t<\/div>\n\t\t\t<\/div>\n\t\t<\/div>\n\t\t\t\t\t\t<\/div>\n\t\t\t\t<\/div>\n\t\t\t\t\t<\/div>\n\t\t<\/div>\n\t\t\t\t\t<\/div>\n\t\t<\/section>\n\t\t\t\t<section class=\"elementor-section elementor-top-section elementor-element elementor-element-0a00733 elementor-section-boxed elementor-section-height-default elementor-section-height-default\" data-id=\"0a00733\" data-element_type=\"section\" data-settings=\"{&quot;background_background&quot;:&quot;classic&quot;}\">\n\t\t\t\t\t\t<div class=\"elementor-container elementor-column-gap-default\">\n\t\t\t\t\t<div class=\"elementor-column elementor-col-100 elementor-top-column elementor-element elementor-element-274f4e1\" data-id=\"274f4e1\" data-element_type=\"column\">\n\t\t\t<div class=\"elementor-widget-wrap elementor-element-populated\">\n\t\t\t\t\t\t<div class=\"elementor-element elementor-element-f9ef8fa elementor-widget-divider--view-line elementor-widget elementor-widget-divider\" data-id=\"f9ef8fa\" data-element_type=\"widget\" data-widget_type=\"divider.default\">\n\t\t\t\t<div class=\"elementor-widget-container\">\n\t\t\t\t\t\t\t<div class=\"elementor-divider\">\n\t\t\t<span class=\"elementor-divider-separator\">\n\t\t\t\t\t\t<\/span>\n\t\t<\/div>\n\t\t\t\t\t\t<\/div>\n\t\t\t\t<\/div>\n\t\t\t\t<section class=\"elementor-section elementor-inner-section elementor-element elementor-element-76be795 elementor-section-boxed elementor-section-height-default elementor-section-height-default\" data-id=\"76be795\" data-element_type=\"section\">\n\t\t\t\t\t\t<div class=\"elementor-container elementor-column-gap-default\">\n\t\t\t\t\t<div class=\"elementor-column elementor-col-100 elementor-inner-column elementor-element elementor-element-e81b9ec\" data-id=\"e81b9ec\" data-element_type=\"column\">\n\t\t\t<div class=\"elementor-widget-wrap elementor-element-populated\">\n\t\t\t\t\t\t<div class=\"elementor-element elementor-element-c33a9eb elementor-widget elementor-widget-text-editor\" data-id=\"c33a9eb\" data-element_type=\"widget\" data-widget_type=\"text-editor.default\">\n\t\t\t\t<div class=\"elementor-widget-container\">\n\t\t\t\t\t\t\t\t\t<h2>\n            <strong>Ev\u00e9nements<\/strong><br \/>\n          <\/h2>\n\t\t\t\t\t\t\t\t<\/div>\n\t\t\t\t<\/div>\n\t\t\t\t<div class=\"elementor-element elementor-element-be0ba21 elementor-widget elementor-widget-text-editor\" data-id=\"be0ba21\" data-element_type=\"widget\" data-widget_type=\"text-editor.default\">\n\t\t\t\t<div class=\"elementor-widget-container\">\n\t\t\t\t\t\t\t\t\t<p>La culture <a href=\"http:\/\/www.accueil-martinique.fr\/FR\/page-les-offices-de-tourisme-de-martinique-vous-accueillent-_704778.html\" target=\"_blank\" rel=\"noopener nofollow\">martiniquaise<\/a> est mise en valeur \u00e0 travers divers festivals et \u00e9v\u00e9nements :<\/p>\n<ul>\n<li aria-level=\"1\"><b>Carnaval (f\u00e9vrier)<\/b>: Une f\u00eate color\u00e9e avec des d\u00e9fil\u00e9s et de la musique.<\/li>\n<li aria-level=\"1\"><b>F\u00eate de la musique (juin)<\/b>: Un \u00e9v\u00e9nement qui met en valeur les talents musicaux locaux.<\/li>\n<li aria-level=\"1\"><b>Festival de la gastronomie (septembre)<\/b>: Un hommage \u00e0 la cuisine martiniquaise avec des d\u00e9gustations et des ateliers.<\/li>\n<li aria-level=\"1\"><b>Toussaint (novembre)<\/b>: C\u00e9l\u00e9br\u00e9e par des \u00e9v\u00e9nements culturels et religieux.<\/li>\n<\/ul>\t\t\t\t\t\t\t\t<\/div>\n\t\t\t\t<\/div>\n\t\t\t\t\t<\/div>\n\t\t<\/div>\n\t\t\t\t\t<\/div>\n\t\t<\/section>\n\t\t\t\t<div class=\"elementor-element elementor-element-3c7460d elementor-widget elementor-widget-spacer\" data-id=\"3c7460d\" data-element_type=\"widget\" data-widget_type=\"spacer.default\">\n\t\t\t\t<div class=\"elementor-widget-container\">\n\t\t\t\t\t\t\t<div class=\"elementor-spacer\">\n\t\t\t<div class=\"elementor-spacer-inner\"><\/div>\n\t\t<\/div>\n\t\t\t\t\t\t<\/div>\n\t\t\t\t<\/div>\n\t\t\t\t\t<\/div>\n\t\t<\/div>\n\t\t\t\t\t<\/div>\n\t\t<\/section>\n\t\t\t\t<section class=\"elementor-section elementor-top-section elementor-element elementor-element-8f761a6 elementor-section-boxed elementor-section-height-default elementor-section-height-default\" data-id=\"8f761a6\" data-element_type=\"section\">\n\t\t\t\t\t\t<div class=\"elementor-container elementor-column-gap-default\">\n\t\t\t\t\t<div class=\"elementor-column elementor-col-100 elementor-top-column elementor-element elementor-element-bb05dde\" data-id=\"bb05dde\" data-element_type=\"column\">\n\t\t\t<div class=\"elementor-widget-wrap elementor-element-populated\">\n\t\t\t\t\t\t<div class=\"elementor-element elementor-element-77e4348 elementor-widget-divider--view-line elementor-widget elementor-widget-divider\" data-id=\"77e4348\" data-element_type=\"widget\" data-widget_type=\"divider.default\">\n\t\t\t\t<div class=\"elementor-widget-container\">\n\t\t\t\t\t\t\t<div class=\"elementor-divider\">\n\t\t\t<span class=\"elementor-divider-separator\">\n\t\t\t\t\t\t<\/span>\n\t\t<\/div>\n\t\t\t\t\t\t<\/div>\n\t\t\t\t<\/div>\n\t\t\t\t<div class=\"elementor-element elementor-element-c1a41c1 elementor-widget elementor-widget-heading\" data-id=\"c1a41c1\" data-element_type=\"widget\" data-widget_type=\"heading.default\">\n\t\t\t\t<div class=\"elementor-widget-container\">\n\t\t\t\t\t<h2 class=\"elementor-heading-title elementor-size-default\">Annuaire<\/h2>\t\t\t\t<\/div>\n\t\t\t\t<\/div>\n\t\t\t\t<div class=\"elementor-element elementor-element-09f3297 elementor-widget elementor-widget-text-editor\" data-id=\"09f3297\" data-element_type=\"widget\" data-widget_type=\"text-editor.default\">\n\t\t\t\t<div class=\"elementor-widget-container\">\n\t\t\t\t\t\t\t\t\t<h2>\n            <strong><br \/>\n              <b>Lieux culturels et artistiques<\/b><br \/>\n            <\/strong><br \/>\n          <\/h2>\n\t\t\t\t\t\t\t\t<\/div>\n\t\t\t\t<\/div>\n\t\t\t\t<section class=\"elementor-section elementor-inner-section elementor-element elementor-element-b10345f elementor-section-boxed elementor-section-height-default elementor-section-height-default\" data-id=\"b10345f\" data-element_type=\"section\">\n\t\t\t\t\t\t<div class=\"elementor-container elementor-column-gap-default\">\n\t\t\t\t\t<div class=\"elementor-column elementor-col-100 elementor-inner-column elementor-element elementor-element-1865474\" data-id=\"1865474\" data-element_type=\"column\">\n\t\t\t<div class=\"elementor-widget-wrap elementor-element-populated\">\n\t\t\t\t\t\t<div class=\"elementor-element elementor-element-0523651 elementor-widget elementor-widget-text-editor\" data-id=\"0523651\" data-element_type=\"widget\" data-widget_type=\"text-editor.default\">\n\t\t\t\t<div class=\"elementor-widget-container\">\n\t\t\t\t\t\t\t\t\t\n          <ul>\n<li aria-level=\"1\"><b>Biblioth\u00e8que Sch\u0153lcher<\/b>: Un b\u00e2timent historique dot\u00e9 d&#8217;une riche collection litt\u00e9raire.<\/li>\n<li aria-level=\"1\"><b>Centre d&#8217;art de Fort-de-France<\/b>: Un espace d\u00e9di\u00e9 \u00e0 l&#8217;art contemporain et \u00e0 la promotion des artistes locaux.<\/li>\n<li aria-level=\"1\"><b>Espace Camille Darsi\u00e8res<\/b>: Un lieu de rencontre pour les \u00e9v\u00e9nements culturels et artistiques.<\/li>\n<\/ul>\n        \t\t\t\t\t\t\t\t<\/div>\n\t\t\t\t<\/div>\n\t\t\t\t\t<\/div>\n\t\t<\/div>\n\t\t\t\t\t<\/div>\n\t\t<\/section>\n\t\t\t\t<div class=\"elementor-element elementor-element-a045be4 elementor-widget elementor-widget-text-editor\" data-id=\"a045be4\" data-element_type=\"widget\" data-widget_type=\"text-editor.default\">\n\t\t\t\t<div class=\"elementor-widget-container\">\n\t\t\t\t\t\t\t\t\t<h2>\n            <strong>Mus\u00e9es et patrimoine<\/strong><br \/>\n          <\/h2>\n\t\t\t\t\t\t\t\t<\/div>\n\t\t\t\t<\/div>\n\t\t\t\t<section class=\"elementor-section elementor-inner-section elementor-element elementor-element-93d48d5 elementor-section-boxed elementor-section-height-default elementor-section-height-default\" data-id=\"93d48d5\" data-element_type=\"section\">\n\t\t\t\t\t\t<div class=\"elementor-container elementor-column-gap-default\">\n\t\t\t\t\t<div class=\"elementor-column elementor-col-100 elementor-inner-column elementor-element elementor-element-12ed050\" data-id=\"12ed050\" data-element_type=\"column\">\n\t\t\t<div class=\"elementor-widget-wrap elementor-element-populated\">\n\t\t\t\t\t\t<div class=\"elementor-element elementor-element-bb5d324 elementor-widget elementor-widget-text-editor\" data-id=\"bb5d324\" data-element_type=\"widget\" data-widget_type=\"text-editor.default\">\n\t\t\t\t<div class=\"elementor-widget-container\">\n\t\t\t\t\t\t\t\t\t<ul>\n<li aria-level=\"1\"><b>Mus\u00e9e de la Pagerie<\/b>: La maison natale de Jos\u00e9phine de Beauharnais, qui met en valeur l&#8217;histoire coloniale.<\/li>\n<li aria-level=\"1\"><b>Le village des esclaves<\/b>: Un lieu de m\u00e9moire qui \u00e9voque l&#8217;histoire de l&#8217;esclavage en Martinique.<\/li>\n<li aria-level=\"1\"><b>Mus\u00e9e du sucre<\/b>: Un espace d\u00e9di\u00e9 \u00e0 l&#8217;histoire de la culture de la canne \u00e0 sucre.<\/li>\n<\/ul>\n<p>La Martinique, avec sa combinaison unique de beaut\u00e9 naturelle, de culture riche et d&#8217;hospitalit\u00e9 chaleureuse, s&#8217;impose comme une destination incontournable des Cara\u00efbes, invitant les visiteurs \u00e0 savourer ses paysages, sa cuisine et son patrimoine.<\/p>\t\t\t\t\t\t\t\t<\/div>\n\t\t\t\t<\/div>\n\t\t\t\t\t<\/div>\n\t\t<\/div>\n\t\t\t\t\t<\/div>\n\t\t<\/section>\n\t\t\t\t\t<\/div>\n\t\t<\/div>\n\t\t\t\t\t<\/div>\n\t\t<\/section>\n\t\t\t\t<\/div>\n\t\t","protected":false},"excerpt":{"rendered":"<p>Martinique Un paradis carib\u00e9en de merveilles culturelles et naturelles Situ\u00e9e au c\u0153ur de la mer des Cara\u00efbes, la Martinique est une \u00eele fran\u00e7aise qui allie beaut\u00e9 naturelle et richesse culturelle. La capitale, Fort-de-France, est une ville portuaire anim\u00e9e qui sert de centre \u00e9conomique et culturel \u00e0 l&#8217;\u00eele. Avec ses montagnes luxuriantes, ses plages de sable [&hellip;]<\/p>\n","protected":false},"author":400,"featured_media":43266,"comment_status":"open","ping_status":"open","sticky":false,"template":"","format":"standard","meta":{"_acf_changed":false,"footnotes":""},"categories":[1382,837],"tags":[],"class_list":["post-43707","post","type-post","status-publish","format-standard","has-post-thumbnail","hentry","category-martinique-fr","category-pays-fr"],"acf":[],"_links":{"self":[{"href":"https:\/\/richeskarayib.com\/fr\/wp-json\/wp\/v2\/posts\/43707","targetHints":{"allow":["GET"]}}],"collection":[{"href":"https:\/\/richeskarayib.com\/fr\/wp-json\/wp\/v2\/posts"}],"about":[{"href":"https:\/\/richeskarayib.com\/fr\/wp-json\/wp\/v2\/types\/post"}],"author":[{"embeddable":true,"href":"https:\/\/richeskarayib.com\/fr\/wp-json\/wp\/v2\/users\/400"}],"replies":[{"embeddable":true,"href":"https:\/\/richeskarayib.com\/fr\/wp-json\/wp\/v2\/comments?post=43707"}],"version-history":[{"count":0,"href":"https:\/\/richeskarayib.com\/fr\/wp-json\/wp\/v2\/posts\/43707\/revisions"}],"wp:featuredmedia":[{"embeddable":true,"href":"https:\/\/richeskarayib.com\/fr\/wp-json\/wp\/v2\/media\/43266"}],"wp:attachment":[{"href":"https:\/\/richeskarayib.com\/fr\/wp-json\/wp\/v2\/media?parent=43707"}],"wp:term":[{"taxonomy":"category","embeddable":true,"href":"https:\/\/richeskarayib.com\/fr\/wp-json\/wp\/v2\/categories?post=43707"},{"taxonomy":"post_tag","embeddable":true,"href":"https:\/\/richeskarayib.com\/fr\/wp-json\/wp\/v2\/tags?post=43707"}],"curies":[{"name":"wp","href":"https:\/\/api.w.org\/{rel}","templated":true}]}}