{"id":43829,"date":"2025-01-19T11:30:54","date_gmt":"2025-01-19T15:30:54","guid":{"rendered":"https:\/\/richeskarayib.com\/?p=43829"},"modified":"2025-01-19T23:52:40","modified_gmt":"2025-01-20T03:52:40","slug":"les-epices-caribeennes-histoire-des-iles-blog","status":"publish","type":"post","link":"https:\/\/richeskarayib.com\/fr\/les-epices-caribeennes-histoire-des-iles-blog\/","title":{"rendered":"Les \u00e9pices Carib\u00e9ennes : saveurs qui racontent l&#8217;histoire des \u00celes"},"content":{"rendered":"\t\t<div data-elementor-type=\"wp-post\" data-elementor-id=\"43829\" class=\"elementor elementor-43829\" data-elementor-post-type=\"post\">\n\t\t\t\t\t\t<section class=\"elementor-section elementor-top-section elementor-element elementor-element-b0ccd15 elementor-section-boxed elementor-section-height-default elementor-section-height-default\" data-id=\"b0ccd15\" data-element_type=\"section\">\n\t\t\t\t\t\t<div class=\"elementor-container elementor-column-gap-default\">\n\t\t\t\t\t<div class=\"elementor-column elementor-col-100 elementor-top-column elementor-element elementor-element-99dbec5\" data-id=\"99dbec5\" data-element_type=\"column\">\n\t\t\t<div class=\"elementor-widget-wrap elementor-element-populated\">\n\t\t\t\t\t\t<section class=\"elementor-section elementor-inner-section elementor-element elementor-element-23cdfd9 elementor-section-boxed elementor-section-height-default elementor-section-height-default\" data-id=\"23cdfd9\" data-element_type=\"section\">\n\t\t\t\t\t\t<div class=\"elementor-container elementor-column-gap-default\">\n\t\t\t\t\t<div class=\"elementor-column elementor-col-100 elementor-inner-column elementor-element elementor-element-50d8ace\" data-id=\"50d8ace\" data-element_type=\"column\">\n\t\t\t<div class=\"elementor-widget-wrap elementor-element-populated\">\n\t\t\t\t\t\t<div class=\"elementor-element elementor-element-4df4d99 elementor-widget elementor-widget-text-editor\" data-id=\"4df4d99\" data-element_type=\"widget\" data-widget_type=\"text-editor.default\">\n\t\t\t\t<div class=\"elementor-widget-container\">\n\t\t\t\t\t\t\t\t\t<p><span style=\"font-weight: 400;\"><a href=\"https:\/\/martinique.airlocal.com\/fr\/tourisme\/a-faire\/manger-local\/epices-typiques\/\" target=\"_blank\" rel=\"noopener nofollow\"><strong>Les \u00e9pices carib\u00e9ennes <\/strong><\/a><\/span><span style=\"font-weight: 400;\">sont le reflet d\u2019un patrimoine culinaire riche, fa\u00e7onn\u00e9 par des si\u00e8cles d&#8217;influences diverses. Ces \u00e9pices, issues d&#8217;un m\u00e9lange de traditions autochtones, africaines, europ\u00e9ennes et asiatiques, enrichissent les plats typiques des \u00eeles. De la cannelle au piment, en passant par la noix de muscade et les m\u00e9langes sp\u00e9cifiques, les \u00eeles carib\u00e9ennes poss\u00e8dent un patrimoine culinaire d\u2019une grande richesse.<\/span><\/p>\t\t\t\t\t\t\t\t<\/div>\n\t\t\t\t<\/div>\n\t\t\t\t\t<\/div>\n\t\t<\/div>\n\t\t\t\t\t<\/div>\n\t\t<\/section>\n\t\t\t\t\t<\/div>\n\t\t<\/div>\n\t\t\t\t\t<\/div>\n\t\t<\/section>\n\t\t\t\t<section class=\"elementor-section elementor-top-section elementor-element elementor-element-4020f89 elementor-section-boxed elementor-section-height-default elementor-section-height-default\" data-id=\"4020f89\" data-element_type=\"section\">\n\t\t\t\t\t\t<div class=\"elementor-container elementor-column-gap-default\">\n\t\t\t\t\t<div class=\"elementor-column elementor-col-100 elementor-top-column elementor-element elementor-element-98a76b8\" data-id=\"98a76b8\" data-element_type=\"column\">\n\t\t\t<div class=\"elementor-widget-wrap elementor-element-populated\">\n\t\t\t\t\t\t<div class=\"elementor-element elementor-element-c8bcd6e elementor-widget elementor-widget-heading\" data-id=\"c8bcd6e\" data-element_type=\"widget\" data-widget_type=\"heading.default\">\n\t\t\t\t<div class=\"elementor-widget-container\">\n\t\t\t\t\t<h2 class=\"elementor-heading-title elementor-size-default\">Un h\u00e9ritage historique des \u00e9pices carib\u00e9ennes<\/h2>\t\t\t\t<\/div>\n\t\t\t\t<\/div>\n\t\t\t\t<div class=\"elementor-element elementor-element-eed5b81 elementor-widget elementor-widget-text-editor\" data-id=\"eed5b81\" data-element_type=\"widget\" data-widget_type=\"text-editor.default\">\n\t\t\t\t<div class=\"elementor-widget-container\">\n\t\t\t\t\t\t\t\t\t<h3><b>Les routes maritimes<\/b><\/h3><p><span style=\"font-weight: 400;\">D\u00e8s la p\u00e9riode coloniale, la <\/span>Cara\u00efbe<span style=\"font-weight: 400;\"> \u00e9tait un point de passage majeur pour les \u00e9pices. Si certaines provenaient directement de l\u2019Asie (comme la cannelle ou la girofle), d\u2019autres ont \u00e9t\u00e9 introduites au fil des migrations (le piment depuis l\u2019Am\u00e9rique du Sud, la coriandre et le cumin depuis l\u2019Inde, etc.). Ce m\u00e9lange d&#8217;origines a pos\u00e9 les bases de l&#8217;utilisation des <\/span>\u00e9pices carib\u00e9ennes<span style=\"font-weight: 400;\"> dans la cuisine locale.<\/span><\/p>\t\t\t\t\t\t\t\t<\/div>\n\t\t\t\t<\/div>\n\t\t\t\t<div class=\"elementor-element elementor-element-ab81b3d elementor-widget elementor-widget-text-editor\" data-id=\"ab81b3d\" data-element_type=\"widget\" data-widget_type=\"text-editor.default\">\n\t\t\t\t<div class=\"elementor-widget-container\">\n\t\t\t\t\t\t\t\t\t<h3><b>Les Am\u00e9rindiens<\/b><\/h3><p><span style=\"font-weight: 400;\">Les premiers habitants de la r\u00e9gion utilisaient d\u00e9j\u00e0 des aromates locaux (feuilles, \u00e9corces, piments sauvages) pour relever leurs plats et conserver les aliments. Cette utilisation des <\/span>\u00e9pices carib\u00e9ennes<span style=\"font-weight: 400;\"> remonte \u00e0 cette \u00e9poque, t\u00e9moignant d&#8217;une tradition culinaire profond\u00e9ment ancr\u00e9e.<\/span><\/p>\t\t\t\t\t\t\t\t<\/div>\n\t\t\t\t<\/div>\n\t\t\t\t<div class=\"elementor-element elementor-element-8cefb2d elementor-widget elementor-widget-text-editor\" data-id=\"8cefb2d\" data-element_type=\"widget\" data-widget_type=\"text-editor.default\">\n\t\t\t\t<div class=\"elementor-widget-container\">\n\t\t\t\t\t\t\t\t\t<h3><b>L\u2019influence africaine<\/b><\/h3><p><span style=\"font-weight: 400;\">Les populations africaines d\u00e9port\u00e9es ont apport\u00e9 leurs propres traditions culinaires, int\u00e9grant par exemple le gombo, le piment, ou encore les herbes aromatiques \u00e0 leur usage quotidien. Les <\/span>\u00e9pices carib\u00e9ennes<span style=\"font-weight: 400;\"> sont devenues un \u00e9l\u00e9ment essentiel de la cuisine de ces communaut\u00e9s.<\/span><\/p>\t\t\t\t\t\t\t\t<\/div>\n\t\t\t\t<\/div>\n\t\t\t\t<div class=\"elementor-element elementor-element-a466e15 elementor-widget elementor-widget-text-editor\" data-id=\"a466e15\" data-element_type=\"widget\" data-widget_type=\"text-editor.default\">\n\t\t\t\t<div class=\"elementor-widget-container\">\n\t\t\t\t\t\t\t\t\t<h3><strong>L\u2019influence indienne<\/strong><\/h3><p>Dans certaines \u00eeles, comme Trinidad et Tobago ou la Martinique et la Guadeloupe (avec l\u2019h\u00e9ritage des travailleurs engag\u00e9s venus d\u2019Inde), on retrouve des m\u00e9langes d\u2019\u00e9pices carib\u00e9ennes comme le curry et le colombo, revisit\u00e9s et adapt\u00e9s aux produits locaux.<\/p>\t\t\t\t\t\t\t\t<\/div>\n\t\t\t\t<\/div>\n\t\t\t\t\t<\/div>\n\t\t<\/div>\n\t\t\t\t\t<\/div>\n\t\t<\/section>\n\t\t\t\t<section class=\"elementor-section elementor-top-section elementor-element elementor-element-c3c8588 elementor-section-boxed elementor-section-height-default elementor-section-height-default\" data-id=\"c3c8588\" data-element_type=\"section\">\n\t\t\t\t\t\t<div class=\"elementor-container elementor-column-gap-default\">\n\t\t\t\t\t<div class=\"elementor-column elementor-col-100 elementor-top-column elementor-element elementor-element-e04a3a4\" data-id=\"e04a3a4\" data-element_type=\"column\">\n\t\t\t<div class=\"elementor-widget-wrap elementor-element-populated\">\n\t\t\t\t\t\t<div class=\"elementor-element elementor-element-95aa255 elementor-widget elementor-widget-heading\" data-id=\"95aa255\" data-element_type=\"widget\" data-widget_type=\"heading.default\">\n\t\t\t\t<div class=\"elementor-widget-container\">\n\t\t\t\t\t<h2 class=\"elementor-heading-title elementor-size-default\">Les \u00e9pices embl\u00e9matiques de la Cara\u00efbe<\/h2>\t\t\t\t<\/div>\n\t\t\t\t<\/div>\n\t\t\t\t<div class=\"elementor-element elementor-element-98ea4fe elementor-widget elementor-widget-text-editor\" data-id=\"98ea4fe\" data-element_type=\"widget\" data-widget_type=\"text-editor.default\">\n\t\t\t\t<div class=\"elementor-widget-container\">\n\t\t\t\t\t\t\t\t\t<h3><b>Les \u00e9pices embl\u00e9matiques de la Cara\u00efbe<\/b><\/h3>\t\t\t\t\t\t\t\t<\/div>\n\t\t\t\t<\/div>\n\t\t\t\t<div class=\"elementor-element elementor-element-8eed38f elementor-widget elementor-widget-text-editor\" data-id=\"8eed38f\" data-element_type=\"widget\" data-widget_type=\"text-editor.default\">\n\t\t\t\t<div class=\"elementor-widget-container\">\n\t\t\t\t\t\t\t\t\t<h3><b>Le piment<\/b><\/h3><ul><li>Scotch Bonnet (ou piment antillais)<span style=\"font-weight: 400;\"> : Tr\u00e8s utilis\u00e9 en Jama\u00efque, en Ha\u00efti, en Martinique et en Guadeloupe. Sa saveur est intense et fruit\u00e9e, donnant aux plats ce piquant caract\u00e9ristique de la r\u00e9gion.<\/span><\/li><li>Habanero<span style=\"font-weight: 400;\"><strong> :<\/strong> Cousin du Scotch Bonnet, il se retrouve aussi dans de nombreux plats cr\u00e9oles.<\/span><\/li><li><span style=\"font-weight: 400;\">Usage<\/span><span style=\"font-weight: 400;\"> : Marinades, sauces comme la \u201csauce chien\u201d (Antilles fran\u00e7aises), condiments et plats mijot\u00e9s.<\/span><\/li><\/ul>\t\t\t\t\t\t\t\t<\/div>\n\t\t\t\t<\/div>\n\t\t\t\t<div class=\"elementor-element elementor-element-5cbf86c elementor-widget elementor-widget-text-editor\" data-id=\"5cbf86c\" data-element_type=\"widget\" data-widget_type=\"text-editor.default\">\n\t\t\t\t<div class=\"elementor-widget-container\">\n\t\t\t\t\t\t\t\t\t<h3><b>La noix de muscade<\/b><\/h3><ul><li><span style=\"font-weight: 400;\">Souvent associ\u00e9e \u00e0 l\u2019\u00eele de Grenade, la \u201cSpice Island\u201d, qui en est un grand producteur.<\/span><\/li><li><span style=\"font-weight: 400;\">L\u2019arille de la noix de muscade (nomm\u00e9e macis) est \u00e9galement un ingr\u00e9dient pr\u00e9cieux et aromatique.<\/span><\/li><li>Usage<span style=\"font-weight: 400;\"><strong> :<\/strong> R\u00e2p\u00e9e dans les p\u00e2tisseries, les boissons (comme le punch au lait, le chocolat chaud), les plats \u00e0 base de l\u00e9gumes ou de viande.<\/span><\/li><\/ul>\t\t\t\t\t\t\t\t<\/div>\n\t\t\t\t<\/div>\n\t\t\t\t<div class=\"elementor-element elementor-element-a2d858d elementor-widget elementor-widget-text-editor\" data-id=\"a2d858d\" data-element_type=\"widget\" data-widget_type=\"text-editor.default\">\n\t\t\t\t<div class=\"elementor-widget-container\">\n\t\t\t\t\t\t\t\t\t<h3><b>La cannelle<\/b><\/h3><ul><li><span style=\"font-weight: 400;\">Introduite par les Europ\u00e9ens depuis l\u2019Asie, mais adopt\u00e9e rapidement dans la p\u00e2tisserie et les infusions carib\u00e9ennes.<\/span><\/li><li>Usage<span style=\"font-weight: 400;\"><strong> :<\/strong> Desserts, rhums arrang\u00e9s, th\u00e9, et parfois sauces sal\u00e9es.<\/span><\/li><\/ul>\t\t\t\t\t\t\t\t<\/div>\n\t\t\t\t<\/div>\n\t\t\t\t<div class=\"elementor-element elementor-element-c38347d elementor-widget elementor-widget-text-editor\" data-id=\"c38347d\" data-element_type=\"widget\" data-widget_type=\"text-editor.default\">\n\t\t\t\t<div class=\"elementor-widget-container\">\n\t\t\t\t\t\t\t\t\t<h3><b>Le clou de girofle<\/b><\/h3><ul><li><span style=\"font-weight: 400;\">Arriv\u00e9 via les routes marchandes, il est aujourd\u2019hui un ingr\u00e9dient incontournable des marinades et bouillons (comme le \u201ccourt-bouillon\u201d de poisson).<\/span><\/li><li>Usage<span style=\"font-weight: 400;\"> <strong>:<\/strong> Parfum de plats mijot\u00e9s, punch, sirops et sauces.<\/span><\/li><\/ul>\t\t\t\t\t\t\t\t<\/div>\n\t\t\t\t<\/div>\n\t\t\t\t<div class=\"elementor-element elementor-element-83c242f elementor-widget elementor-widget-text-editor\" data-id=\"83c242f\" data-element_type=\"widget\" data-widget_type=\"text-editor.default\">\n\t\t\t\t<div class=\"elementor-widget-container\">\n\t\t\t\t\t\t\t\t\t<h3><b>Le curry<\/b><\/h3><ul><li><span style=\"font-weight: 400;\">M\u00e9lange d\u2019<\/span>\u00e9pices carib\u00e9ennes<span style=\"font-weight: 400;\"> (curcuma, coriandre, cumin, fenugrec, moutarde, gingembre, piment, etc.) venu d\u2019Inde, adopt\u00e9 dans plusieurs \u00eeles de la Cara\u00efbe.<\/span><\/li><li>Usage<span style=\"font-weight: 400;\"><strong>: <\/strong>r\u00e9pandu \u00e0 Trinidad &amp; Tobago (cuisine indo-cr\u00e9ole), son degr\u00e9 de piquant et sa composition varient selon les r\u00e9gions et les traditions familiales.<\/span><\/li><\/ul>\t\t\t\t\t\t\t\t<\/div>\n\t\t\t\t<\/div>\n\t\t\t\t<div class=\"elementor-element elementor-element-8e9d250 elementor-widget elementor-widget-text-editor\" data-id=\"8e9d250\" data-element_type=\"widget\" data-widget_type=\"text-editor.default\">\n\t\t\t\t<div class=\"elementor-widget-container\">\n\t\t\t\t\t\t\t\t\t<h3><b>Le colombo<\/b><\/h3><ul><li><span style=\"font-weight: 400;\">M\u00e9lange d\u2019<\/span>\u00e9pices carib\u00e9ennes<span style=\"font-weight: 400;\"> typique des Antilles fran\u00e7aises (Martinique, Guadeloupe), similaire aux currys indiens.<\/span><\/li><li>Usage<span style=\"font-weight: 400;\"><strong> :<\/strong> Plat \u00e9ponyme \u201ccolombo de poulet\u201d ou \u201ccolombo de cabri\u201d, mais aussi pour parfumer poissons et l\u00e9gumes.<\/span><\/li><\/ul>\t\t\t\t\t\t\t\t<\/div>\n\t\t\t\t<\/div>\n\t\t\t\t<div class=\"elementor-element elementor-element-c8f5f20 elementor-widget elementor-widget-text-editor\" data-id=\"c8f5f20\" data-element_type=\"widget\" data-widget_type=\"text-editor.default\">\n\t\t\t\t<div class=\"elementor-widget-container\">\n\t\t\t\t\t\t\t\t\t<h3><b>Le roucou (achiote)<\/b><\/h3><ul><li><span style=\"font-weight: 400;\">Provenant de la graine du rocouyer, utilis\u00e9 pour donner une couleur rouge-orang\u00e9e aux plats.<\/span><\/li><li>Usage<span style=\"font-weight: 400;\"><strong> :<\/strong> Colorant naturel dans les plats mijot\u00e9s, les sauces.<\/span><\/li><\/ul>\t\t\t\t\t\t\t\t<\/div>\n\t\t\t\t<\/div>\n\t\t\t\t<div class=\"elementor-element elementor-element-5bfbcd4 elementor-widget elementor-widget-text-editor\" data-id=\"5bfbcd4\" data-element_type=\"widget\" data-widget_type=\"text-editor.default\">\n\t\t\t\t<div class=\"elementor-widget-container\">\n\t\t\t\t\t\t\t\t\t<h3><b>Le gingembre<\/b><\/h3><ul><li style=\"font-weight: 400;\" aria-level=\"2\"><span style=\"font-weight: 400;\">Tr\u00e8s pr\u00e9sent dans les Cara\u00efbes anglophones (Jama\u00efque, Barbade, Trinidad), il sert autant dans les plats sal\u00e9s que dans les boissons.<\/span><\/li><li>Usage<span style=\"font-weight: 400;\"> <strong>:<\/strong> Assaisonnement pour viandes, poissons, infusions (th\u00e9 au gingembre), rhums arrang\u00e9s ou ginger beer.<\/span><\/li><\/ul>\t\t\t\t\t\t\t\t<\/div>\n\t\t\t\t<\/div>\n\t\t\t\t<section class=\"elementor-section elementor-inner-section elementor-element elementor-element-d8239c9 elementor-section-boxed elementor-section-height-default elementor-section-height-default\" data-id=\"d8239c9\" data-element_type=\"section\">\n\t\t\t\t\t\t<div class=\"elementor-container elementor-column-gap-default\">\n\t\t\t\t\t<div class=\"elementor-column elementor-col-100 elementor-inner-column elementor-element elementor-element-5588a96\" data-id=\"5588a96\" data-element_type=\"column\">\n\t\t\t<div class=\"elementor-widget-wrap elementor-element-populated\">\n\t\t\t\t\t\t<div class=\"elementor-element elementor-element-6332ec0 elementor-widget elementor-widget-image\" data-id=\"6332ec0\" data-element_type=\"widget\" data-widget_type=\"image.default\">\n\t\t\t\t<div class=\"elementor-widget-container\">\n\t\t\t\t\t\t\t\t\t\t\t\t<figure class=\"wp-caption\">\n\t\t\t\t\t\t\t\t\t\t<img fetchpriority=\"high\" decoding=\"async\" width=\"800\" height=\"533\" src=\"https:\/\/richeskarayib.com\/wp-content\/uploads\/2025\/01\/epices-1-1024x682.jpg\" class=\"attachment-large size-large wp-image-43872\" alt=\"\u00e9pices carib\u00e9ennes\" srcset=\"https:\/\/richeskarayib.com\/wp-content\/uploads\/2025\/01\/epices-1-1024x682.jpg 1024w, https:\/\/richeskarayib.com\/wp-content\/uploads\/2025\/01\/epices-1-300x200.jpg 300w, https:\/\/richeskarayib.com\/wp-content\/uploads\/2025\/01\/epices-1-768x511.jpg 768w, https:\/\/richeskarayib.com\/wp-content\/uploads\/2025\/01\/epices-1-1320x879.jpg 1320w, https:\/\/richeskarayib.com\/wp-content\/uploads\/2025\/01\/epices-1.jpg 1500w\" sizes=\"(max-width: 800px) 100vw, 800px\" \/>\t\t\t\t\t\t\t\t\t\t\t<figcaption class=\"widget-image-caption wp-caption-text\">e\u0301pices<\/figcaption>\n\t\t\t\t\t\t\t\t\t\t<\/figure>\n\t\t\t\t\t\t\t\t\t<\/div>\n\t\t\t\t<\/div>\n\t\t\t\t\t<\/div>\n\t\t<\/div>\n\t\t\t\t\t<\/div>\n\t\t<\/section>\n\t\t\t\t\t<\/div>\n\t\t<\/div>\n\t\t\t\t\t<\/div>\n\t\t<\/section>\n\t\t\t\t<section class=\"elementor-section elementor-top-section elementor-element elementor-element-c8fe56a elementor-section-boxed elementor-section-height-default elementor-section-height-default\" data-id=\"c8fe56a\" data-element_type=\"section\">\n\t\t\t\t\t\t<div class=\"elementor-container elementor-column-gap-default\">\n\t\t\t\t\t<div class=\"elementor-column elementor-col-100 elementor-top-column elementor-element elementor-element-7df91d7\" data-id=\"7df91d7\" data-element_type=\"column\">\n\t\t\t<div class=\"elementor-widget-wrap elementor-element-populated\">\n\t\t\t\t\t\t<div class=\"elementor-element elementor-element-8cec1ef elementor-widget elementor-widget-heading\" data-id=\"8cec1ef\" data-element_type=\"widget\" data-widget_type=\"heading.default\">\n\t\t\t\t<div class=\"elementor-widget-container\">\n\t\t\t\t\t<h2 class=\"elementor-heading-title elementor-size-default\">Les herbes aromatiques<\/h2>\t\t\t\t<\/div>\n\t\t\t\t<\/div>\n\t\t\t\t<div class=\"elementor-element elementor-element-659934d elementor-widget elementor-widget-text-editor\" data-id=\"659934d\" data-element_type=\"widget\" data-widget_type=\"text-editor.default\">\n\t\t\t\t<div class=\"elementor-widget-container\">\n\t\t\t\t\t\t\t\t\t<p><b>Cives (ou cive pays)<\/b><\/p><ul><li style=\"font-weight: 400;\" aria-level=\"2\"><span style=\"font-weight: 400;\">Apparent\u00e9e \u00e0 la ciboulette, elle est plus parfum\u00e9e et l\u00e9g\u00e8rement plus coriace.<\/span><\/li><li style=\"font-weight: 400;\" aria-level=\"2\"><span style=\"font-weight: 400;\">Usage<\/span><span style=\"font-weight: 400;\"> : Marinades, sauces, rago\u00fbts.<\/span><\/li><li style=\"font-weight: 400;\" aria-level=\"2\"><span style=\"font-weight: 400;\">Particularit\u00e9s<\/span><span style=\"font-weight: 400;\"> : Incontournable dans la plupart des plats cr\u00e9oles.<\/span><\/li><\/ul>\t\t\t\t\t\t\t\t<\/div>\n\t\t\t\t<\/div>\n\t\t\t\t<div class=\"elementor-element elementor-element-cb920a3 elementor-widget elementor-widget-text-editor\" data-id=\"cb920a3\" data-element_type=\"widget\" data-widget_type=\"text-editor.default\">\n\t\t\t\t<div class=\"elementor-widget-container\">\n\t\t\t\t\t\t\t\t\t<p><b>Persil<\/b><\/p><ul><li style=\"font-weight: 400;\" aria-level=\"2\"><span style=\"font-weight: 400;\">Frais et herbac\u00e9, il rel\u00e8ve d\u00e9licatement les plats.<\/span><\/li><li style=\"font-weight: 400;\" aria-level=\"2\"><span style=\"font-weight: 400;\">Usage<\/span><span style=\"font-weight: 400;\"> : Sauce chien, garnitures.<\/span><span style=\"font-weight: 400;\">\u00a0<\/span><\/li><\/ul>\t\t\t\t\t\t\t\t<\/div>\n\t\t\t\t<\/div>\n\t\t\t\t<div class=\"elementor-element elementor-element-62a3808 elementor-widget elementor-widget-text-editor\" data-id=\"62a3808\" data-element_type=\"widget\" data-widget_type=\"text-editor.default\">\n\t\t\t\t<div class=\"elementor-widget-container\">\n\t\t\t\t\t\t\t\t\t<p><b>Thym<\/b><\/p><ul><li style=\"font-weight: 400;\" aria-level=\"2\"><span style=\"font-weight: 400;\">Parfum bois\u00e9, souvent utilis\u00e9 pour les plats mijot\u00e9s.<\/span><\/li><li style=\"font-weight: 400;\" aria-level=\"2\"><span style=\"font-weight: 400;\">Usage<\/span><span style=\"font-weight: 400;\"> : Bouillons, rago\u00fbts.<\/span><span style=\"font-weight: 400;\">\u00a0<\/span><\/li><\/ul>\t\t\t\t\t\t\t\t<\/div>\n\t\t\t\t<\/div>\n\t\t\t\t<div class=\"elementor-element elementor-element-2d1bc1e elementor-widget elementor-widget-text-editor\" data-id=\"2d1bc1e\" data-element_type=\"widget\" data-widget_type=\"text-editor.default\">\n\t\t\t\t<div class=\"elementor-widget-container\">\n\t\t\t\t\t\t\t\t\t<p><b>Coriandre (feuilles)<\/b><\/p><ul><li style=\"font-weight: 400;\" aria-level=\"2\"><span style=\"font-weight: 400;\">Saveur unique, l\u00e9g\u00e8rement citronn\u00e9e.<\/span><\/li><li style=\"font-weight: 400;\" aria-level=\"2\"><span style=\"font-weight: 400;\">Usage<\/span><span style=\"font-weight: 400;\"> : M\u00e9lang\u00e9e aux currys, chutneys.<\/span><\/li><\/ul>\t\t\t\t\t\t\t\t<\/div>\n\t\t\t\t<\/div>\n\t\t\t\t<div class=\"elementor-element elementor-element-5364919 elementor-widget elementor-widget-text-editor\" data-id=\"5364919\" data-element_type=\"widget\" data-widget_type=\"text-editor.default\">\n\t\t\t\t<div class=\"elementor-widget-container\">\n\t\t\t\t\t\t\t\t\t<p><b>Basilic (vari\u00e9t\u00e9 locale ou citronn\u00e9)<\/b><\/p><ul><li style=\"font-weight: 400;\" aria-level=\"2\"><span style=\"font-weight: 400;\">Parfum plus prononc\u00e9 que le basilic commun.<\/span><\/li><li style=\"font-weight: 400;\" aria-level=\"2\"><span style=\"font-weight: 400;\">Usage<\/span><span style=\"font-weight: 400;\"> : Parfume les sauces.<\/span><\/li><\/ul>\t\t\t\t\t\t\t\t<\/div>\n\t\t\t\t<\/div>\n\t\t\t\t<div class=\"elementor-element elementor-element-1258f81 elementor-widget elementor-widget-text-editor\" data-id=\"1258f81\" data-element_type=\"widget\" data-widget_type=\"text-editor.default\">\n\t\t\t\t<div class=\"elementor-widget-container\">\n\t\t\t\t\t\t\t\t\t<p><b>Chadron beni (shado beni, culantro, recao)<\/b><\/p><ul><li style=\"font-weight: 400;\" aria-level=\"2\"><span style=\"font-weight: 400;\">Herbe tr\u00e8s parfum\u00e9e, tr\u00e8s pr\u00e9sente dans la cuisine carib\u00e9enne.<\/span><\/li><li style=\"font-weight: 400;\" aria-level=\"2\"><span style=\"font-weight: 400;\">Usage<\/span><span style=\"font-weight: 400;\"> : Utilis\u00e9 dans les &#8220;green seasonings&#8221;.<\/span><\/li><\/ul>\t\t\t\t\t\t\t\t<\/div>\n\t\t\t\t<\/div>\n\t\t\t\t<div class=\"elementor-element elementor-element-473e9f5 elementor-widget elementor-widget-text-editor\" data-id=\"473e9f5\" data-element_type=\"widget\" data-widget_type=\"text-editor.default\">\n\t\t\t\t<div class=\"elementor-widget-container\">\n\t\t\t\t\t\t\t\t\t<p><b>Feuilles de bois d\u2019Inde (Pimenta racemosa)<\/b><\/p><ul><li style=\"font-weight: 400;\" aria-level=\"2\"><span style=\"font-weight: 400;\">Rappelant le laurier, elles sont parfaites pour parfumer le colombo.<\/span><\/li><\/ul>\t\t\t\t\t\t\t\t<\/div>\n\t\t\t\t<\/div>\n\t\t\t\t\t<\/div>\n\t\t<\/div>\n\t\t\t\t\t<\/div>\n\t\t<\/section>\n\t\t\t\t<section class=\"elementor-section elementor-top-section elementor-element elementor-element-47b94ec elementor-section-boxed elementor-section-height-default elementor-section-height-default\" data-id=\"47b94ec\" data-element_type=\"section\">\n\t\t\t\t\t\t<div class=\"elementor-container elementor-column-gap-default\">\n\t\t\t\t\t<div class=\"elementor-column elementor-col-100 elementor-top-column elementor-element elementor-element-f5e42eb\" data-id=\"f5e42eb\" data-element_type=\"column\">\n\t\t\t<div class=\"elementor-widget-wrap elementor-element-populated\">\n\t\t\t\t\t\t<div class=\"elementor-element elementor-element-56f005c elementor-widget elementor-widget-heading\" data-id=\"56f005c\" data-element_type=\"widget\" data-widget_type=\"heading.default\">\n\t\t\t\t<div class=\"elementor-widget-container\">\n\t\t\t\t\t<h2 class=\"elementor-heading-title elementor-size-default\">Sp\u00e9cificit\u00e9s par territoire<\/h2>\t\t\t\t<\/div>\n\t\t\t\t<\/div>\n\t\t\t\t<div class=\"elementor-element elementor-element-54d5c62 elementor-widget elementor-widget-text-editor\" data-id=\"54d5c62\" data-element_type=\"widget\" data-widget_type=\"text-editor.default\">\n\t\t\t\t<div class=\"elementor-widget-container\">\n\t\t\t\t\t\t\t\t\t<ul><li style=\"font-weight: 400;\" aria-level=\"1\"><b>Jama\u00efque<\/b><span style=\"font-weight: 400;\"> : C\u00e9l\u00e8bre pour son \u201cjerk seasoning\u201d, un m\u00e9lange d\u2019<\/span>\u00e9pices carib\u00e9ennes<span style=\"font-weight: 400;\"> qui lui conf\u00e8rent un go\u00fbt unique.<\/span><\/li><li style=\"font-weight: 400;\" aria-level=\"1\"><b>Trinidad &amp; Tobago<\/b><span style=\"font-weight: 400;\"> : Connu pour ses currys et \u201cgreen seasonings\u201d \u00e0 base d\u2019<\/span>\u00e9pices carib\u00e9ennes<span style=\"font-weight: 400;\">.<\/span><\/li><li style=\"font-weight: 400;\" aria-level=\"1\"><b>Martinique et Guadeloupe<\/b><span style=\"font-weight: 400;\"> : L\u2019usage du colombo, du piment bondamanjak et des \u201c\u00e9pices cr\u00e9oles\u201d.<\/span><\/li><li style=\"font-weight: 400;\" aria-level=\"1\"><b>Grenade<\/b><span style=\"font-weight: 400;\"> : Surnomm\u00e9e \u201cl\u2019\u00eele aux \u00e9pices\u201d, avec une production renomm\u00e9e de noix de muscade et de macis.<\/span><\/li><li style=\"font-weight: 400;\" aria-level=\"1\"><b>Ha\u00efti<\/b> : Le \u201cepis\u201d, m\u00e9lange pil\u00e9 \u00e0 base d\u2019ail, de piment, de persil, qui utilise aussi des \u00e9pices carib\u00e9ennes.<\/li><\/ul>\t\t\t\t\t\t\t\t<\/div>\n\t\t\t\t<\/div>\n\t\t\t\t\t<\/div>\n\t\t<\/div>\n\t\t\t\t\t<\/div>\n\t\t<\/section>\n\t\t\t\t<section class=\"elementor-section elementor-top-section elementor-element elementor-element-6937fbf elementor-section-boxed elementor-section-height-default elementor-section-height-default\" data-id=\"6937fbf\" data-element_type=\"section\">\n\t\t\t\t\t\t<div class=\"elementor-container elementor-column-gap-default\">\n\t\t\t\t\t<div class=\"elementor-column elementor-col-100 elementor-top-column elementor-element elementor-element-69406f8\" data-id=\"69406f8\" data-element_type=\"column\">\n\t\t\t<div class=\"elementor-widget-wrap elementor-element-populated\">\n\t\t\t\t\t\t<div class=\"elementor-element elementor-element-3fb4787 elementor-widget elementor-widget-heading\" data-id=\"3fb4787\" data-element_type=\"widget\" data-widget_type=\"heading.default\">\n\t\t\t\t<div class=\"elementor-widget-container\">\n\t\t\t\t\t<h2 class=\"elementor-heading-title elementor-size-default\">L\u2019importance culinaire et culturelle des \u00e9pices carib\u00e9ennes\n<\/h2>\t\t\t\t<\/div>\n\t\t\t\t<\/div>\n\t\t\t\t<div class=\"elementor-element elementor-element-fe64675 elementor-widget elementor-widget-text-editor\" data-id=\"fe64675\" data-element_type=\"widget\" data-widget_type=\"text-editor.default\">\n\t\t\t\t<div class=\"elementor-widget-container\">\n\t\t\t\t\t\t\t\t\t<p><span style=\"font-weight: 400;\">Les <\/span>\u00e9pices carib\u00e9ennes<span style=\"font-weight: 400;\"> ne sont pas qu\u2019une question de go\u00fbt, elles sont aussi le reflet de l\u2019histoire et de l\u2019identit\u00e9. Elles marquent la vie quotidienne et les grands \u00e9v\u00e9nements. Chaque \u00eele a sa touche personnelle sur des plats communs, d\u00e9montrant comment l\u2019adaptation des <\/span>\u00e9pices carib\u00e9ennes<span style=\"font-weight: 400;\"> a cr\u00e9\u00e9 une mosa\u00efque culinaire unique.<\/span><\/p>\t\t\t\t\t\t\t\t<\/div>\n\t\t\t\t<\/div>\n\t\t\t\t\t<\/div>\n\t\t<\/div>\n\t\t\t\t\t<\/div>\n\t\t<\/section>\n\t\t\t\t<section class=\"elementor-section elementor-top-section elementor-element elementor-element-25b6409 elementor-section-boxed elementor-section-height-default elementor-section-height-default\" data-id=\"25b6409\" data-element_type=\"section\">\n\t\t\t\t\t\t<div class=\"elementor-container elementor-column-gap-default\">\n\t\t\t\t\t<div class=\"elementor-column elementor-col-100 elementor-top-column elementor-element elementor-element-d40df4c\" data-id=\"d40df4c\" data-element_type=\"column\">\n\t\t\t<div class=\"elementor-widget-wrap elementor-element-populated\">\n\t\t\t\t\t\t<div class=\"elementor-element elementor-element-4e17e37 elementor-widget elementor-widget-heading\" data-id=\"4e17e37\" data-element_type=\"widget\" data-widget_type=\"heading.default\">\n\t\t\t\t<div class=\"elementor-widget-container\">\n\t\t\t\t\t<h2 class=\"elementor-heading-title elementor-size-default\">Conseils de d\u00e9gustation et utilisation des \u00e9pices carib\u00e9ennes<\/h2>\t\t\t\t<\/div>\n\t\t\t\t<\/div>\n\t\t\t\t<div class=\"elementor-element elementor-element-5f77b58 elementor-widget elementor-widget-text-editor\" data-id=\"5f77b58\" data-element_type=\"widget\" data-widget_type=\"text-editor.default\">\n\t\t\t\t<div class=\"elementor-widget-container\">\n\t\t\t\t\t\t\t\t\t<ul><li style=\"font-weight: 400;\" aria-level=\"1\"><b>Oser les m\u00e9langes<\/b><span style=\"font-weight: 400;\"> : N\u2019h\u00e9sitez pas \u00e0 marier piments, cannelle, noix de muscade et girofle pour capturer l\u2019essence des <\/span>\u00e9pices carib\u00e9ennes<span style=\"font-weight: 400;\">.<\/span><\/li><li style=\"font-weight: 400;\" aria-level=\"1\"><b>Faire des marinades<\/b><span style=\"font-weight: 400;\"> : Les viandes, poissons et fruits de mer se r\u00e9v\u00e8lent particuli\u00e8rement go\u00fbteux apr\u00e8s quelques heures dans un m\u00e9lange d\u2019herbes et d\u2019<\/span>\u00e9pices carib\u00e9ennes<span style=\"font-weight: 400;\">.<\/span><\/li><li style=\"font-weight: 400;\" aria-level=\"1\"><b>Rechercher l\u2019\u00e9quilibre<\/b><span style=\"font-weight: 400;\"> : Les plats carib\u00e9ens savoureux jouent sur l\u2019\u00e9quilibre piment\u00e9-sucr\u00e9-sal\u00e9-acidul\u00e9.<\/span><\/li><\/ul>\t\t\t\t\t\t\t\t<\/div>\n\t\t\t\t<\/div>\n\t\t\t\t\t<\/div>\n\t\t<\/div>\n\t\t\t\t\t<\/div>\n\t\t<\/section>\n\t\t\t\t<section class=\"elementor-section elementor-top-section elementor-element elementor-element-a01a269 elementor-section-boxed elementor-section-height-default elementor-section-height-default\" data-id=\"a01a269\" data-element_type=\"section\">\n\t\t\t\t\t\t<div class=\"elementor-container elementor-column-gap-default\">\n\t\t\t\t\t<div class=\"elementor-column elementor-col-100 elementor-top-column elementor-element elementor-element-1c31bbd\" data-id=\"1c31bbd\" data-element_type=\"column\">\n\t\t\t<div class=\"elementor-widget-wrap elementor-element-populated\">\n\t\t\t\t\t\t<section class=\"elementor-section elementor-inner-section elementor-element elementor-element-c4da809 elementor-section-boxed elementor-section-height-default elementor-section-height-default\" data-id=\"c4da809\" data-element_type=\"section\">\n\t\t\t\t\t\t<div class=\"elementor-container elementor-column-gap-default\">\n\t\t\t\t\t<div class=\"elementor-column elementor-col-100 elementor-inner-column elementor-element elementor-element-1450e48\" data-id=\"1450e48\" data-element_type=\"column\">\n\t\t\t<div class=\"elementor-widget-wrap elementor-element-populated\">\n\t\t\t\t\t\t<div class=\"elementor-element elementor-element-31c8f7c elementor-widget elementor-widget-text-editor\" data-id=\"31c8f7c\" data-element_type=\"widget\" data-widget_type=\"text-editor.default\">\n\t\t\t\t<div class=\"elementor-widget-container\">\n\t\t\t\t\t\t\t\t\t<p><span style=\"font-weight: 400;\">Parler des \u00e9pices <a href=\"https:\/\/richeskarayib.com\/special-report-part-1-2008-2011-the-caribbeans-cultural-treasures-unesco-recognized-intangible-heritage\/\" target=\"_blank\" rel=\"noopener\">carib\u00e9ennes<\/a><\/span><span style=\"font-weight: 400;\">, c\u2019est partager bien plus qu\u2019une liste d\u2019ingr\u00e9dients : c\u2019est raconter l\u2019histoire de peuples, de voyages et de traditions fusionn\u00e9es au fil des si\u00e8cles. Chaque \u00e9pice, chaque m\u00e9lange, chaque pr\u00e9paration culinaire invite \u00e0 un voyage sensoriel et culturel, soulignant la richesse et la singularit\u00e9 d\u2019une r\u00e9gion profond\u00e9ment ancr\u00e9e dans la diversit\u00e9. <\/span><span style=\"font-weight: 400;\">Il est donc essentiel de pr\u00e9server ces traditions tout en continuant de les faire \u00e9voluer. Les <\/span>\u00e9pices carib\u00e9ennes<span style=\"font-weight: 400;\"> sont au c\u0153ur de l\u2019\u00e2me culinaire des territoires de la r\u00e9gion et contribuent \u00e0 l\u2019attrait mondial de la gastronomie carib\u00e9enne.<\/span><\/p>\t\t\t\t\t\t\t\t<\/div>\n\t\t\t\t<\/div>\n\t\t\t\t\t<\/div>\n\t\t<\/div>\n\t\t\t\t\t<\/div>\n\t\t<\/section>\n\t\t\t\t\t<\/div>\n\t\t<\/div>\n\t\t\t\t\t<\/div>\n\t\t<\/section>\n\t\t\t\t<\/div>\n\t\t","protected":false},"excerpt":{"rendered":"<p>Les \u00e9pices carib\u00e9ennes sont le reflet d\u2019un patrimoine culinaire riche, fa\u00e7onn\u00e9 par des si\u00e8cles d&#8217;influences diverses. Ces \u00e9pices, issues d&#8217;un m\u00e9lange de traditions autochtones, africaines, europ\u00e9ennes et asiatiques, enrichissent les plats typiques des \u00eeles. De la cannelle au piment, en passant par la noix de muscade et les m\u00e9langes sp\u00e9cifiques, les \u00eeles carib\u00e9ennes poss\u00e8dent un [&hellip;]<\/p>\n","protected":false},"author":662,"featured_media":43834,"comment_status":"open","ping_status":"open","sticky":false,"template":"","format":"standard","meta":{"_acf_changed":false,"footnotes":""},"categories":[1485],"tags":[1441,1598,1545,808],"class_list":["post-43829","post","type-post","status-publish","format-standard","has-post-thumbnail","hentry","category-art-culinaire","tag-anguilla-fr","tag-barbade-fr","tag-guadeloupe-2","tag-martinique-fr"],"acf":[],"_links":{"self":[{"href":"https:\/\/richeskarayib.com\/fr\/wp-json\/wp\/v2\/posts\/43829","targetHints":{"allow":["GET"]}}],"collection":[{"href":"https:\/\/richeskarayib.com\/fr\/wp-json\/wp\/v2\/posts"}],"about":[{"href":"https:\/\/richeskarayib.com\/fr\/wp-json\/wp\/v2\/types\/post"}],"author":[{"embeddable":true,"href":"https:\/\/richeskarayib.com\/fr\/wp-json\/wp\/v2\/users\/662"}],"replies":[{"embeddable":true,"href":"https:\/\/richeskarayib.com\/fr\/wp-json\/wp\/v2\/comments?post=43829"}],"version-history":[{"count":0,"href":"https:\/\/richeskarayib.com\/fr\/wp-json\/wp\/v2\/posts\/43829\/revisions"}],"wp:featuredmedia":[{"embeddable":true,"href":"https:\/\/richeskarayib.com\/fr\/wp-json\/wp\/v2\/media\/43834"}],"wp:attachment":[{"href":"https:\/\/richeskarayib.com\/fr\/wp-json\/wp\/v2\/media?parent=43829"}],"wp:term":[{"taxonomy":"category","embeddable":true,"href":"https:\/\/richeskarayib.com\/fr\/wp-json\/wp\/v2\/categories?post=43829"},{"taxonomy":"post_tag","embeddable":true,"href":"https:\/\/richeskarayib.com\/fr\/wp-json\/wp\/v2\/tags?post=43829"}],"curies":[{"name":"wp","href":"https:\/\/api.w.org\/{rel}","templated":true}]}}