{"id":43895,"date":"2025-01-17T10:00:07","date_gmt":"2025-01-17T14:00:07","guid":{"rendered":"https:\/\/richeskarayib.com\/?p=43895"},"modified":"2025-01-24T09:39:15","modified_gmt":"2025-01-24T13:39:15","slug":"johes-santana-numb-soca-santementale-carnaval","status":"publish","type":"post","link":"https:\/\/richeskarayib.com\/fr\/johes-santana-numb-soca-santementale-carnaval\/","title":{"rendered":"Johes Santana : comment &#8216;Numb&#8217; r\u00e9volutionne la Soca"},"content":{"rendered":"\t\t<div data-elementor-type=\"wp-post\" data-elementor-id=\"43895\" class=\"elementor elementor-43895\" data-elementor-post-type=\"post\">\n\t\t\t\t\t\t<section class=\"elementor-section elementor-top-section elementor-element elementor-element-b0ccd15 elementor-section-boxed elementor-section-height-default elementor-section-height-default\" data-id=\"b0ccd15\" data-element_type=\"section\">\n\t\t\t\t\t\t<div class=\"elementor-container elementor-column-gap-default\">\n\t\t\t\t\t<div class=\"elementor-column elementor-col-100 elementor-top-column elementor-element elementor-element-99dbec5\" data-id=\"99dbec5\" data-element_type=\"column\">\n\t\t\t<div class=\"elementor-widget-wrap elementor-element-populated\">\n\t\t\t\t\t\t<section class=\"elementor-section elementor-inner-section elementor-element elementor-element-23cdfd9 elementor-section-boxed elementor-section-height-default elementor-section-height-default\" data-id=\"23cdfd9\" data-element_type=\"section\">\n\t\t\t\t\t\t<div class=\"elementor-container elementor-column-gap-default\">\n\t\t\t\t\t<div class=\"elementor-column elementor-col-100 elementor-inner-column elementor-element elementor-element-50d8ace\" data-id=\"50d8ace\" data-element_type=\"column\">\n\t\t\t<div class=\"elementor-widget-wrap elementor-element-populated\">\n\t\t\t\t\t\t<div class=\"elementor-element elementor-element-4df4d99 elementor-widget elementor-widget-text-editor\" data-id=\"4df4d99\" data-element_type=\"widget\" data-widget_type=\"text-editor.default\">\n\t\t\t\t<div class=\"elementor-widget-container\">\n\t\t\t\t\t\t\t\t\t<p><span style=\"font-weight: 400;\">\u00c0 la veille de ses 28 ans, Josiah Santana, mieux connu sous le nom de sc\u00e8ne <\/span><b>Johes Santana<\/b><span style=\"font-weight: 400;\">, a r\u00e9cemment fait son entr\u00e9e dans la sc\u00e8ne musicale de Trinidad et Tobago avec son premier single Soca, intitul\u00e9 <\/span><b>&#8216;Numb&#8217;<\/b><span style=\"font-weight: 400;\">. Cette chanson n\u2019est pas seulement une contribution \u00e0 la saison du Carnaval 2025, mais \u00e9galement un message personnel et profond sur l\u2019importance de la sant\u00e9 mentale et de la recharge.<\/span><\/p>\n<p><span style=\"font-weight: 400;\">N\u00e9 \u00e0 Tabaquite et r\u00e9sidant actuellement \u00e0 San Juan, Trinidad, <\/span><b>Johes Santana<\/b><span style=\"font-weight: 400;\"> grandi dans une famille o\u00f9 la musique \u00e9tait une partie int\u00e9grante de la vie quotidienne. &#8220;Je suis n\u00e9 dans une famille musicale. Nous vivons pour la musique. Pour moi, la famille et les proches sont prioritaires. Je fais tout mon possible pour \u00eatre l\u00e0 pour ceux que j&#8217;aime, et leur soutien a \u00e9t\u00e9 incroyable dans ce parcours,&#8221; a-t-il d\u00e9clar\u00e9.<\/span><\/p>\t\t\t\t\t\t\t\t<\/div>\n\t\t\t\t<\/div>\n\t\t\t\t\t<\/div>\n\t\t<\/div>\n\t\t\t\t\t<\/div>\n\t\t<\/section>\n\t\t\t\t\t<\/div>\n\t\t<\/div>\n\t\t\t\t\t<\/div>\n\t\t<\/section>\n\t\t\t\t<section class=\"elementor-section elementor-top-section elementor-element elementor-element-1389640 elementor-section-boxed elementor-section-height-default elementor-section-height-default\" data-id=\"1389640\" data-element_type=\"section\">\n\t\t\t\t\t\t<div class=\"elementor-container elementor-column-gap-default\">\n\t\t\t\t\t<div class=\"elementor-column elementor-col-100 elementor-top-column elementor-element elementor-element-62f5301\" data-id=\"62f5301\" data-element_type=\"column\">\n\t\t\t<div class=\"elementor-widget-wrap elementor-element-populated\">\n\t\t\t\t\t\t<div class=\"elementor-element elementor-element-07fed6e elementor-widget elementor-widget-heading\" data-id=\"07fed6e\" data-element_type=\"widget\" data-widget_type=\"heading.default\">\n\t\t\t\t<div class=\"elementor-widget-container\">\n\t\t\t\t\t<h2 class=\"elementor-heading-title elementor-size-default\">Le Chemin Vers 'Numb'<\/h2>\t\t\t\t<\/div>\n\t\t\t\t<\/div>\n\t\t\t\t<div class=\"elementor-element elementor-element-5a71e13 elementor-widget elementor-widget-text-editor\" data-id=\"5a71e13\" data-element_type=\"widget\" data-widget_type=\"text-editor.default\">\n\t\t\t\t<div class=\"elementor-widget-container\">\n\t\t\t\t\t\t\t\t\t<p><b>Johes Santana <\/b><span style=\"font-weight: 400;\">n\u2019est pas un nouveau venu dans le monde de la musique et de la performance. Il a particip\u00e9 \u00e0 diverses comp\u00e9titions scolaires, notamment San Fest, pendant ses ann\u00e9es au lyc\u00e9e, et a ensuite poursuivi des \u00e9tudes en \u00e9ducation et en danse au D\u00e9partement des \u00e9tudes cr\u00e9atives et festives de l&#8217;Universit\u00e9 des Indes occidentales (UWI). &#8220;J&#8217;ai \u00e9tudi\u00e9 l&#8217;\u00e9ducation et la danse, ce qui m&#8217;a donn\u00e9 une compr\u00e9hension claire de l&#8217;\u00e9ducation derri\u00e8re le mouvement, en particulier la danse,&#8221; a-t-il expliqu\u00e9.<\/span><\/p>\t\t\t\t\t\t\t\t<\/div>\n\t\t\t\t<\/div>\n\t\t\t\t<section class=\"elementor-section elementor-inner-section elementor-element elementor-element-a0b8271 elementor-section-boxed elementor-section-height-default elementor-section-height-default\" data-id=\"a0b8271\" data-element_type=\"section\">\n\t\t\t\t\t\t<div class=\"elementor-container elementor-column-gap-default\">\n\t\t\t\t\t<div class=\"elementor-column elementor-col-100 elementor-inner-column elementor-element elementor-element-3a080f1\" data-id=\"3a080f1\" data-element_type=\"column\">\n\t\t\t<div class=\"elementor-widget-wrap elementor-element-populated\">\n\t\t\t\t\t\t<div class=\"elementor-element elementor-element-5276bc2 elementor-widget elementor-widget-image\" data-id=\"5276bc2\" data-element_type=\"widget\" data-widget_type=\"image.default\">\n\t\t\t\t<div class=\"elementor-widget-container\">\n\t\t\t\t\t\t\t\t\t\t\t\t<figure class=\"wp-caption\">\n\t\t\t\t\t\t\t\t\t\t<img fetchpriority=\"high\" decoding=\"async\" width=\"800\" height=\"400\" src=\"https:\/\/richeskarayib.com\/wp-content\/uploads\/2025\/01\/Johes-Image1-OMG-1280x640-1-1024x512.jpg\" class=\"attachment-large size-large wp-image-43900\" alt=\"Johes Santana\" srcset=\"https:\/\/richeskarayib.com\/wp-content\/uploads\/2025\/01\/Johes-Image1-OMG-1280x640-1-1024x512.jpg 1024w, https:\/\/richeskarayib.com\/wp-content\/uploads\/2025\/01\/Johes-Image1-OMG-1280x640-1-300x150.jpg 300w, https:\/\/richeskarayib.com\/wp-content\/uploads\/2025\/01\/Johes-Image1-OMG-1280x640-1-768x384.jpg 768w, https:\/\/richeskarayib.com\/wp-content\/uploads\/2025\/01\/Johes-Image1-OMG-1280x640-1.jpg 1280w\" sizes=\"(max-width: 800px) 100vw, 800px\" \/>\t\t\t\t\t\t\t\t\t\t\t<figcaption class=\"widget-image-caption wp-caption-text\">Johes Santana.\n\nSource : OmgEntertainment<\/figcaption>\n\t\t\t\t\t\t\t\t\t\t<\/figure>\n\t\t\t\t\t\t\t\t\t<\/div>\n\t\t\t\t<\/div>\n\t\t\t\t\t<\/div>\n\t\t<\/div>\n\t\t\t\t\t<\/div>\n\t\t<\/section>\n\t\t\t\t\t<\/div>\n\t\t<\/div>\n\t\t\t\t\t<\/div>\n\t\t<\/section>\n\t\t\t\t<section class=\"elementor-section elementor-top-section elementor-element elementor-element-a7a4b32 elementor-section-boxed elementor-section-height-default elementor-section-height-default\" data-id=\"a7a4b32\" data-element_type=\"section\">\n\t\t\t\t\t\t<div class=\"elementor-container elementor-column-gap-default\">\n\t\t\t\t\t<div class=\"elementor-column elementor-col-100 elementor-top-column elementor-element elementor-element-f79b573\" data-id=\"f79b573\" data-element_type=\"column\">\n\t\t\t<div class=\"elementor-widget-wrap elementor-element-populated\">\n\t\t\t\t\t\t<div class=\"elementor-element elementor-element-c00f5b2 elementor-widget elementor-widget-heading\" data-id=\"c00f5b2\" data-element_type=\"widget\" data-widget_type=\"heading.default\">\n\t\t\t\t<div class=\"elementor-widget-container\">\n\t\t\t\t\t<h2 class=\"elementor-heading-title elementor-size-default\">Un m\u00e9lange de Calypso et Soca<\/h2>\t\t\t\t<\/div>\n\t\t\t\t<\/div>\n\t\t\t\t<section class=\"elementor-section elementor-inner-section elementor-element elementor-element-a24e32c elementor-section-boxed elementor-section-height-default elementor-section-height-default\" data-id=\"a24e32c\" data-element_type=\"section\">\n\t\t\t\t\t\t<div class=\"elementor-container elementor-column-gap-default\">\n\t\t\t\t\t<div class=\"elementor-column elementor-col-100 elementor-inner-column elementor-element elementor-element-31f95b2\" data-id=\"31f95b2\" data-element_type=\"column\">\n\t\t\t<div class=\"elementor-widget-wrap elementor-element-populated\">\n\t\t\t\t\t\t<div class=\"elementor-element elementor-element-0e46832 elementor-widget elementor-widget-text-editor\" data-id=\"0e46832\" data-element_type=\"widget\" data-widget_type=\"text-editor.default\">\n\t\t\t\t<div class=\"elementor-widget-container\">\n\t\t\t\t\t\t\t\t\t<p><span style=\"font-weight: 400;\">Inspir\u00e9 par des l\u00e9gendes comme Ras Shorty I, Machel Montano, Mical Teja et Kees, Johes Santana combine le c\u0153ur du Calypso avec l&#8217;\u00e9nergie du Soca. &#8220;\u2018Numb\u2019 est un single groovy \u00e0 rythme rapide, mais ma musique est g\u00e9n\u00e9ralement une hybridation des genres Calypso et <a href=\"https:\/\/richeskarayib.com\/fr\/soka-in-moka-2025-carnaval-trinidad-tobago\/\" target=\"_blank\" rel=\"noopener\">Soca<\/a>,&#8221; a-t-il mentionn\u00e9. La chanson a \u00e9t\u00e9 produite par Stephon Gabriel, dont la patience et les conseils ont \u00e9t\u00e9 essentiels pour le jeune artiste lors de son premier enregistrement en studio.<\/span><\/p>\t\t\t\t\t\t\t\t<\/div>\n\t\t\t\t<\/div>\n\t\t\t\t\t<\/div>\n\t\t<\/div>\n\t\t\t\t\t<\/div>\n\t\t<\/section>\n\t\t\t\t\t<\/div>\n\t\t<\/div>\n\t\t\t\t\t<\/div>\n\t\t<\/section>\n\t\t\t\t<section class=\"elementor-section elementor-top-section elementor-element elementor-element-a95c33f elementor-section-boxed elementor-section-height-default elementor-section-height-default\" data-id=\"a95c33f\" data-element_type=\"section\">\n\t\t\t\t\t\t<div class=\"elementor-container elementor-column-gap-default\">\n\t\t\t\t\t<div class=\"elementor-column elementor-col-100 elementor-top-column elementor-element elementor-element-d2ff6a2\" data-id=\"d2ff6a2\" data-element_type=\"column\">\n\t\t\t<div class=\"elementor-widget-wrap elementor-element-populated\">\n\t\t\t\t\t\t<div class=\"elementor-element elementor-element-8de7f5e elementor-widget elementor-widget-heading\" data-id=\"8de7f5e\" data-element_type=\"widget\" data-widget_type=\"heading.default\">\n\t\t\t\t<div class=\"elementor-widget-container\">\n\t\t\t\t\t<h2 class=\"elementor-heading-title elementor-size-default\">Le message derri\u00e8re 'Numb'<\/h2>\t\t\t\t<\/div>\n\t\t\t\t<\/div>\n\t\t\t\t<section class=\"elementor-section elementor-inner-section elementor-element elementor-element-72ef417 elementor-section-boxed elementor-section-height-default elementor-section-height-default\" data-id=\"72ef417\" data-element_type=\"section\">\n\t\t\t\t\t\t<div class=\"elementor-container elementor-column-gap-default\">\n\t\t\t\t\t<div class=\"elementor-column elementor-col-100 elementor-inner-column elementor-element elementor-element-4320b47\" data-id=\"4320b47\" data-element_type=\"column\">\n\t\t\t<div class=\"elementor-widget-wrap elementor-element-populated\">\n\t\t\t\t\t\t<div class=\"elementor-element elementor-element-a37caff elementor-widget elementor-widget-text-editor\" data-id=\"a37caff\" data-element_type=\"widget\" data-widget_type=\"text-editor.default\">\n\t\t\t\t<div class=\"elementor-widget-container\">\n\t\t\t\t\t\t\t\t\t<p><a href=\"https:\/\/sflcn.com\/numb-a-soca-single-by-johes-inspiring-change\/\" target=\"_blank\" rel=\"noopener nofollow\"><b>&#8216;Numb&#8217;<\/b><\/a><span style=\"font-weight: 400;\"> est plus qu&#8217;une simple chanson de f\u00eate ; c\u2019est un appel \u00e0 l\u2019action pour ceux qui luttent contre les d\u00e9fis de la sant\u00e9 mentale. &#8220;Cette chanson est une invitation pour ceux qui sont accabl\u00e9s par les luttes de la vie quotidienne de se lancer mentalement dans un voyage rempli de couleurs, de vibrance et de bonheur, pour se recharger et se r\u00e9g\u00e9n\u00e9rer, pendant cette p\u00e9riode de Carnaval ou \u00e0 tout autre moment,&#8221; a partag\u00e9 Johes Santana. &#8220;J&#8217;esp\u00e8re que ma musique encourage quelqu&#8217;un \u00e0 laisser son esprit libre \u2013 \u00e0 se donner le temps de se recharger, afin de devenir une personne plus \u00e9quilibr\u00e9e&#8221;.<\/span><\/p>\t\t\t\t\t\t\t\t<\/div>\n\t\t\t\t<\/div>\n\t\t\t\t<section class=\"elementor-section elementor-inner-section elementor-element elementor-element-69b9d10 elementor-section-boxed elementor-section-height-default elementor-section-height-default\" data-id=\"69b9d10\" data-element_type=\"section\">\n\t\t\t\t\t\t<div class=\"elementor-container elementor-column-gap-default\">\n\t\t\t\t\t<div class=\"elementor-column elementor-col-100 elementor-inner-column elementor-element elementor-element-41e8f6f\" data-id=\"41e8f6f\" data-element_type=\"column\">\n\t\t\t<div class=\"elementor-widget-wrap elementor-element-populated\">\n\t\t\t\t\t\t<div class=\"elementor-element elementor-element-b387f77 elementor-widget elementor-widget-video\" data-id=\"b387f77\" data-element_type=\"widget\" data-settings=\"{&quot;youtube_url&quot;:&quot;https:\\\/\\\/www.youtube.com\\\/watch?v=7_ORaHkdVtk&amp;ab_channel=JulianspromosTV%7CSocaMusic&quot;,&quot;video_type&quot;:&quot;youtube&quot;,&quot;controls&quot;:&quot;yes&quot;}\" data-widget_type=\"video.default\">\n\t\t\t\t<div class=\"elementor-widget-container\">\n\t\t\t\t\t\t\t<div class=\"elementor-wrapper elementor-open-inline\">\n\t\t\t<div class=\"elementor-video\"><\/div>\t\t<\/div>\n\t\t\t\t\t\t<\/div>\n\t\t\t\t<\/div>\n\t\t\t\t\t<\/div>\n\t\t<\/div>\n\t\t\t\t\t<\/div>\n\t\t<\/section>\n\t\t\t\t\t<\/div>\n\t\t<\/div>\n\t\t\t\t\t<\/div>\n\t\t<\/section>\n\t\t\t\t\t<\/div>\n\t\t<\/div>\n\t\t\t\t\t<\/div>\n\t\t<\/section>\n\t\t\t\t<section class=\"elementor-section elementor-top-section elementor-element elementor-element-b9655ad elementor-section-boxed elementor-section-height-default elementor-section-height-default\" data-id=\"b9655ad\" data-element_type=\"section\">\n\t\t\t\t\t\t<div class=\"elementor-container elementor-column-gap-default\">\n\t\t\t\t\t<div class=\"elementor-column elementor-col-100 elementor-top-column elementor-element elementor-element-a65bce4\" data-id=\"a65bce4\" data-element_type=\"column\">\n\t\t\t<div class=\"elementor-widget-wrap elementor-element-populated\">\n\t\t\t\t\t\t<div class=\"elementor-element elementor-element-c41a73b elementor-widget elementor-widget-heading\" data-id=\"c41a73b\" data-element_type=\"widget\" data-widget_type=\"heading.default\">\n\t\t\t\t<div class=\"elementor-widget-container\">\n\t\t\t\t\t<h2 class=\"elementor-heading-title elementor-size-default\">L'impact de la musique sur la sant\u00e9 mentale<\/h2>\t\t\t\t<\/div>\n\t\t\t\t<\/div>\n\t\t\t\t<section class=\"elementor-section elementor-inner-section elementor-element elementor-element-7a58c63 elementor-section-boxed elementor-section-height-default elementor-section-height-default\" data-id=\"7a58c63\" data-element_type=\"section\">\n\t\t\t\t\t\t<div class=\"elementor-container elementor-column-gap-default\">\n\t\t\t\t\t<div class=\"elementor-column elementor-col-100 elementor-inner-column elementor-element elementor-element-96383e5\" data-id=\"96383e5\" data-element_type=\"column\">\n\t\t\t<div class=\"elementor-widget-wrap elementor-element-populated\">\n\t\t\t\t\t\t<div class=\"elementor-element elementor-element-8abb4ac elementor-widget elementor-widget-text-editor\" data-id=\"8abb4ac\" data-element_type=\"widget\" data-widget_type=\"text-editor.default\">\n\t\t\t\t<div class=\"elementor-widget-container\">\n\t\t\t\t\t\t\t\t\t<p><span style=\"font-weight: 400;\">La musique a toujours \u00e9t\u00e9 un outil puissant pour la sant\u00e9 mentale. Des \u00e9tudes ont montr\u00e9 que la musique peut r\u00e9duire le stress, am\u00e9liorer l&#8217;humeur et m\u00eame aider \u00e0 gu\u00e9rir les traumatismes. Selon une \u00e9tude de Tebra, 79% des personnes ont utilis\u00e9 la musique pour traverser des p\u00e9riodes difficiles, et des artistes comme Taylor Swift, Billie Eilish et Kendrick Lamar sont souvent cit\u00e9s pour leur capacit\u00e9 \u00e0 aider les gens \u00e0 traverser des moments sombres.<\/span><\/p>\n<p><span style=\"font-weight: 400;\">Johes Santana partage cette conviction : &#8220;Je \u201cwrite\u201d de la musique parce que je veux aider les gens, leur montrer que nous passons tous par des choses et que, tout comme la musique m&#8217;a tenu compagnie et m&#8217;a aid\u00e9 \u00e0 me sentir en s\u00e9curit\u00e9, je sais qu&#8217;elle peut faire de m\u00eame pour les autres&#8221;.<\/span><\/p>\t\t\t\t\t\t\t\t<\/div>\n\t\t\t\t<\/div>\n\t\t\t\t\t<\/div>\n\t\t<\/div>\n\t\t\t\t\t<\/div>\n\t\t<\/section>\n\t\t\t\t\t<\/div>\n\t\t<\/div>\n\t\t\t\t\t<\/div>\n\t\t<\/section>\n\t\t\t\t<section class=\"elementor-section elementor-top-section elementor-element elementor-element-72cf03a elementor-section-boxed elementor-section-height-default elementor-section-height-default\" data-id=\"72cf03a\" data-element_type=\"section\">\n\t\t\t\t\t\t<div class=\"elementor-container elementor-column-gap-default\">\n\t\t\t\t\t<div class=\"elementor-column elementor-col-100 elementor-top-column elementor-element elementor-element-b54309d\" data-id=\"b54309d\" data-element_type=\"column\">\n\t\t\t<div class=\"elementor-widget-wrap elementor-element-populated\">\n\t\t\t\t\t\t<div class=\"elementor-element elementor-element-981112b elementor-widget elementor-widget-heading\" data-id=\"981112b\" data-element_type=\"widget\" data-widget_type=\"heading.default\">\n\t\t\t\t<div class=\"elementor-widget-container\">\n\t\t\t\t\t<h2 class=\"elementor-heading-title elementor-size-default\">La saison du carnaval 2025<\/h2>\t\t\t\t<\/div>\n\t\t\t\t<\/div>\n\t\t\t\t<section class=\"elementor-section elementor-inner-section elementor-element elementor-element-360e343 elementor-section-boxed elementor-section-height-default elementor-section-height-default\" data-id=\"360e343\" data-element_type=\"section\">\n\t\t\t\t\t\t<div class=\"elementor-container elementor-column-gap-default\">\n\t\t\t\t\t<div class=\"elementor-column elementor-col-100 elementor-inner-column elementor-element elementor-element-2321971\" data-id=\"2321971\" data-element_type=\"column\">\n\t\t\t<div class=\"elementor-widget-wrap elementor-element-populated\">\n\t\t\t\t\t\t<div class=\"elementor-element elementor-element-67c1e8e elementor-widget elementor-widget-text-editor\" data-id=\"67c1e8e\" data-element_type=\"widget\" data-widget_type=\"text-editor.default\">\n\t\t\t\t<div class=\"elementor-widget-container\">\n\t\t\t\t\t\t\t\t\t<p><span style=\"font-weight: 400;\">Pendant la saison du Carnaval 2025 \u00e0 Trinidad et Tobago, Johes Santana\u00a0 entre dans la sc\u00e8ne musicale avec optimisme et une grande ambition. &#8220;Ma m\u00e8re, mon p\u00e8re et les autres membres de ma famille imm\u00e9diate sont tr\u00e8s excit\u00e9s. J&#8217;ai \u00e9galement un cercle d&#8217;amis tr\u00e8s soutenant, me poussant \u00e0 suivre mes r\u00eaves. L&#8217;une de mes plus grandes peurs est de ne pas me connecter avec le public de mani\u00e8re \u00e0 ce qu&#8217;ils comprennent vraiment l&#8217;histoire derri\u00e8re ma musique. J&#8217;esp\u00e8re qu&#8217;ils la comprennent&#8221;.<\/span><\/p>\t\t\t\t\t\t\t\t<\/div>\n\t\t\t\t<\/div>\n\t\t\t\t\t<\/div>\n\t\t<\/div>\n\t\t\t\t\t<\/div>\n\t\t<\/section>\n\t\t\t\t\t<\/div>\n\t\t<\/div>\n\t\t\t\t\t<\/div>\n\t\t<\/section>\n\t\t\t\t<section class=\"elementor-section elementor-top-section elementor-element elementor-element-051d484 elementor-section-boxed elementor-section-height-default elementor-section-height-default\" data-id=\"051d484\" data-element_type=\"section\">\n\t\t\t\t\t\t<div class=\"elementor-container elementor-column-gap-default\">\n\t\t\t\t\t<div class=\"elementor-column elementor-col-100 elementor-top-column elementor-element elementor-element-d839af9\" data-id=\"d839af9\" data-element_type=\"column\">\n\t\t\t<div class=\"elementor-widget-wrap elementor-element-populated\">\n\t\t\t\t\t\t<div class=\"elementor-element elementor-element-b31db18 elementor-widget elementor-widget-heading\" data-id=\"b31db18\" data-element_type=\"widget\" data-widget_type=\"heading.default\">\n\t\t\t\t<div class=\"elementor-widget-container\">\n\t\t\t\t\t<h2 class=\"elementor-heading-title elementor-size-default\">L'importance de l'expression personnelle<\/h2>\t\t\t\t<\/div>\n\t\t\t\t<\/div>\n\t\t\t\t<section class=\"elementor-section elementor-inner-section elementor-element elementor-element-a5a636f elementor-section-boxed elementor-section-height-default elementor-section-height-default\" data-id=\"a5a636f\" data-element_type=\"section\">\n\t\t\t\t\t\t<div class=\"elementor-container elementor-column-gap-default\">\n\t\t\t\t\t<div class=\"elementor-column elementor-col-100 elementor-inner-column elementor-element elementor-element-bc9ec1a\" data-id=\"bc9ec1a\" data-element_type=\"column\">\n\t\t\t<div class=\"elementor-widget-wrap elementor-element-populated\">\n\t\t\t\t\t\t<div class=\"elementor-element elementor-element-900bdd9 elementor-widget elementor-widget-text-editor\" data-id=\"900bdd9\" data-element_type=\"widget\" data-widget_type=\"text-editor.default\">\n\t\t\t\t<div class=\"elementor-widget-container\">\n\t\t\t\t\t\t\t\t\t<p><span style=\"font-weight: 400;\">Johes Santana souligne l&#8217;importance de l&#8217;expression personnelle, particuli\u00e8rement pendant le Carnaval. &#8220;Le Carnaval est tout sobre l&#8217;expression et la libert\u00e9. Je pense vraiment que les enfants devraient avoir la chance de d\u00e9couvrir qui ils sont \u00e0 travers les diff\u00e9rentes formes d&#8217;expression du Carnaval de Trinidad et Tobago. Pas tout le monde sera impliqu\u00e9 dans les combats de b\u00e2tons ou la joue du pan, mais il y a tellement d&#8217;aspects de la f\u00eate que je crois, si on leur donne la chance, n&#8217;importe qui et tout le monde peut trouver un endroit pour s&#8217;exprimer&#8221;.<\/span><\/p>\t\t\t\t\t\t\t\t<\/div>\n\t\t\t\t<\/div>\n\t\t\t\t\t<\/div>\n\t\t<\/div>\n\t\t\t\t\t<\/div>\n\t\t<\/section>\n\t\t\t\t\t<\/div>\n\t\t<\/div>\n\t\t\t\t\t<\/div>\n\t\t<\/section>\n\t\t\t\t<section class=\"elementor-section elementor-top-section elementor-element elementor-element-75993e5 elementor-section-boxed elementor-section-height-default elementor-section-height-default\" data-id=\"75993e5\" data-element_type=\"section\">\n\t\t\t\t\t\t<div class=\"elementor-container elementor-column-gap-default\">\n\t\t\t\t\t<div class=\"elementor-column elementor-col-100 elementor-top-column elementor-element elementor-element-f75f644\" data-id=\"f75f644\" data-element_type=\"column\">\n\t\t\t<div class=\"elementor-widget-wrap elementor-element-populated\">\n\t\t\t\t\t\t<div class=\"elementor-element elementor-element-c0634a8 elementor-widget elementor-widget-heading\" data-id=\"c0634a8\" data-element_type=\"widget\" data-widget_type=\"heading.default\">\n\t\t\t\t<div class=\"elementor-widget-container\">\n\t\t\t\t\t<h2 class=\"elementor-heading-title elementor-size-default\">L'importance de l'expression personnelle<\/h2>\t\t\t\t<\/div>\n\t\t\t\t<\/div>\n\t\t\t\t<section class=\"elementor-section elementor-inner-section elementor-element elementor-element-eb54c7b elementor-section-boxed elementor-section-height-default elementor-section-height-default\" data-id=\"eb54c7b\" data-element_type=\"section\">\n\t\t\t\t\t\t<div class=\"elementor-container elementor-column-gap-default\">\n\t\t\t\t\t<div class=\"elementor-column elementor-col-100 elementor-inner-column elementor-element elementor-element-0013845\" data-id=\"0013845\" data-element_type=\"column\">\n\t\t\t<div class=\"elementor-widget-wrap elementor-element-populated\">\n\t\t\t\t\t\t<div class=\"elementor-element elementor-element-23147b9 elementor-widget elementor-widget-text-editor\" data-id=\"23147b9\" data-element_type=\"widget\" data-widget_type=\"text-editor.default\">\n\t\t\t\t<div class=\"elementor-widget-container\">\n\t\t\t\t\t\t\t\t\t<p><span style=\"font-weight: 400;\">Johes Santana souligne l&#8217;importance de l&#8217;expression personnelle, particuli\u00e8rement pendant le Carnaval. &#8220;Le Carnaval est tout sobre l&#8217;expression et la libert\u00e9. Je pense vraiment que les enfants devraient avoir la chance de d\u00e9couvrir qui ils sont \u00e0 travers les diff\u00e9rentes formes d&#8217;expression du Carnaval de Trinidad et Tobago. Pas tout le monde sera impliqu\u00e9 dans les combats de b\u00e2tons ou la joue du pan, mais il y a tellement d&#8217;aspects de la f\u00eate que je crois, si on leur donne la chance, n&#8217;importe qui et tout le monde peut trouver un endroit pour s&#8217;exprimer&#8221;.<\/span><\/p>\t\t\t\t\t\t\t\t<\/div>\n\t\t\t\t<\/div>\n\t\t\t\t\t<\/div>\n\t\t<\/div>\n\t\t\t\t\t<\/div>\n\t\t<\/section>\n\t\t\t\t\t<\/div>\n\t\t<\/div>\n\t\t\t\t\t<\/div>\n\t\t<\/section>\n\t\t\t\t<section class=\"elementor-section elementor-top-section elementor-element elementor-element-e321507 elementor-section-boxed elementor-section-height-default elementor-section-height-default\" data-id=\"e321507\" data-element_type=\"section\">\n\t\t\t\t\t\t<div class=\"elementor-container elementor-column-gap-default\">\n\t\t\t\t\t<div class=\"elementor-column elementor-col-100 elementor-top-column elementor-element elementor-element-eb42769\" data-id=\"eb42769\" data-element_type=\"column\">\n\t\t\t<div class=\"elementor-widget-wrap elementor-element-populated\">\n\t\t\t\t\t\t<section class=\"elementor-section elementor-inner-section elementor-element elementor-element-ce9d4ff elementor-section-boxed elementor-section-height-default elementor-section-height-default\" data-id=\"ce9d4ff\" data-element_type=\"section\">\n\t\t\t\t\t\t<div class=\"elementor-container elementor-column-gap-default\">\n\t\t\t\t\t<div class=\"elementor-column elementor-col-100 elementor-inner-column elementor-element elementor-element-ba602da\" data-id=\"ba602da\" data-element_type=\"column\">\n\t\t\t<div class=\"elementor-widget-wrap elementor-element-populated\">\n\t\t\t\t\t\t<div class=\"elementor-element elementor-element-ff7aad2 elementor-widget elementor-widget-text-editor\" data-id=\"ff7aad2\" data-element_type=\"widget\" data-widget_type=\"text-editor.default\">\n\t\t\t\t<div class=\"elementor-widget-container\">\n\t\t\t\t\t\t\t\t\t<p><b>&#8216;Numb&#8217;<\/b><span style=\"font-weight: 400;\"> de Johes Santana n\u2019est pas juste une chanson ; c\u2019est un message d\u2019espoir et de gu\u00e9rison. En int\u00e9grant la musique dans notre vie quotidienne, nous pouvons am\u00e9liorer notre bien-\u00eatre mental et trouver un r\u00e9el soulagement. Comme le souligne Johes, &#8220;La musique a toujours \u00e9t\u00e9 mon espace s\u00fbr, et je veux cr\u00e9er cet espace pour les autres.&#8221;<\/span><\/p>\n<p><span style=\"font-weight: 400;\">Si vous \u00eates inspir\u00e9 par l\u2019histoire de Johes Santana et sa mission de promouvoir la sant\u00e9 mentale \u00e0 travers la musique, suivez-le sur Instagram <a href=\"https:\/\/www.instagram.com\/johesofficial\" target=\"_blank\" rel=\"noopener nofollow\">@johesofficial<\/a> et rejoignez-le dans son voyage pour r\u00e9pandre la positivit\u00e9 et la joie \u00e0 travers la musique.<\/span><\/p>\t\t\t\t\t\t\t\t<\/div>\n\t\t\t\t<\/div>\n\t\t\t\t\t<\/div>\n\t\t<\/div>\n\t\t\t\t\t<\/div>\n\t\t<\/section>\n\t\t\t\t\t<\/div>\n\t\t<\/div>\n\t\t\t\t\t<\/div>\n\t\t<\/section>\n\t\t\t\t<\/div>\n\t\t","protected":false},"excerpt":{"rendered":"<p>\u00c0 la veille de ses 28 ans, Josiah Santana, mieux connu sous le nom de sc\u00e8ne Johes Santana, a r\u00e9cemment fait son entr\u00e9e dans la sc\u00e8ne musicale de Trinidad et Tobago avec son premier single Soca, intitul\u00e9 &#8216;Numb&#8217;. Cette chanson n\u2019est pas seulement une contribution \u00e0 la saison du Carnaval 2025, mais \u00e9galement un message [&hellip;]<\/p>\n","protected":false},"author":662,"featured_media":43896,"comment_status":"open","ping_status":"open","sticky":false,"template":"","format":"standard","meta":{"_acf_changed":false,"footnotes":""},"categories":[835],"tags":[214],"class_list":["post-43895","post","type-post","status-publish","format-standard","has-post-thumbnail","hentry","category-musique-fr","tag-trinidad-tobago"],"acf":[],"_links":{"self":[{"href":"https:\/\/richeskarayib.com\/fr\/wp-json\/wp\/v2\/posts\/43895","targetHints":{"allow":["GET"]}}],"collection":[{"href":"https:\/\/richeskarayib.com\/fr\/wp-json\/wp\/v2\/posts"}],"about":[{"href":"https:\/\/richeskarayib.com\/fr\/wp-json\/wp\/v2\/types\/post"}],"author":[{"embeddable":true,"href":"https:\/\/richeskarayib.com\/fr\/wp-json\/wp\/v2\/users\/662"}],"replies":[{"embeddable":true,"href":"https:\/\/richeskarayib.com\/fr\/wp-json\/wp\/v2\/comments?post=43895"}],"version-history":[{"count":0,"href":"https:\/\/richeskarayib.com\/fr\/wp-json\/wp\/v2\/posts\/43895\/revisions"}],"wp:featuredmedia":[{"embeddable":true,"href":"https:\/\/richeskarayib.com\/fr\/wp-json\/wp\/v2\/media\/43896"}],"wp:attachment":[{"href":"https:\/\/richeskarayib.com\/fr\/wp-json\/wp\/v2\/media?parent=43895"}],"wp:term":[{"taxonomy":"category","embeddable":true,"href":"https:\/\/richeskarayib.com\/fr\/wp-json\/wp\/v2\/categories?post=43895"},{"taxonomy":"post_tag","embeddable":true,"href":"https:\/\/richeskarayib.com\/fr\/wp-json\/wp\/v2\/tags?post=43895"}],"curies":[{"name":"wp","href":"https:\/\/api.w.org\/{rel}","templated":true}]}}