{"id":44192,"date":"2025-01-27T13:06:34","date_gmt":"2025-01-27T17:06:34","guid":{"rendered":"https:\/\/richeskarayib.com\/?p=44192"},"modified":"2025-02-09T20:25:28","modified_gmt":"2025-02-10T00:25:28","slug":"martinique-bpm-vers-structuration-durable-rk","status":"publish","type":"post","link":"https:\/\/richeskarayib.com\/fr\/martinique-bpm-vers-structuration-durable-rk\/","title":{"rendered":"Martinique : BPM, vers une structuration durable de l&#8217;industrie musicale locale"},"content":{"rendered":"\t\t<div data-elementor-type=\"wp-post\" data-elementor-id=\"44192\" class=\"elementor elementor-44192\" data-elementor-post-type=\"post\">\n\t\t\t\t\t\t<section class=\"elementor-section elementor-top-section elementor-element elementor-element-20d987e6 elementor-section-boxed elementor-section-height-default elementor-section-height-default\" data-id=\"20d987e6\" data-element_type=\"section\">\n\t\t\t\t\t\t<div class=\"elementor-container elementor-column-gap-default\">\n\t\t\t\t\t<div class=\"elementor-column elementor-col-100 elementor-top-column elementor-element elementor-element-a2aecad\" data-id=\"a2aecad\" data-element_type=\"column\">\n\t\t\t<div class=\"elementor-widget-wrap elementor-element-populated\">\n\t\t\t\t\t\t<div class=\"elementor-element elementor-element-73883ef1 elementor-widget elementor-widget-text-editor\" data-id=\"73883ef1\" data-element_type=\"widget\" data-widget_type=\"text-editor.default\">\n\t\t\t\t<div class=\"elementor-widget-container\">\n\t\t\t\t\t\t\t\t\t\n<h1 class=\"wp-block-heading\"><\/h1>\n\t\t\t\t\t\t\t\t<\/div>\n\t\t\t\t<\/div>\n\t\t\t\t\t<\/div>\n\t\t<\/div>\n\t\t\t\t\t<\/div>\n\t\t<\/section>\n\t\t\t\t<section class=\"elementor-section elementor-top-section elementor-element elementor-element-28399df elementor-section-boxed elementor-section-height-default elementor-section-height-default\" data-id=\"28399df\" data-element_type=\"section\">\n\t\t\t\t\t\t<div class=\"elementor-container elementor-column-gap-default\">\n\t\t\t\t\t<div class=\"elementor-column elementor-col-100 elementor-top-column elementor-element elementor-element-6460ea6\" data-id=\"6460ea6\" data-element_type=\"column\">\n\t\t\t<div class=\"elementor-widget-wrap elementor-element-populated\">\n\t\t\t\t\t\t<div class=\"elementor-element elementor-element-0c697e7 elementor-widget elementor-widget-heading\" data-id=\"0c697e7\" data-element_type=\"widget\" data-widget_type=\"heading.default\">\n\t\t\t\t<div class=\"elementor-widget-container\">\n\t\t\t\t\t<h2 class=\"elementor-heading-title elementor-size-default\">La vi artis r\u00e8d : un regard sur la r\u00e9alit\u00e9 des artistes martiniquais<\/h2>\t\t\t\t<\/div>\n\t\t\t\t<\/div>\n\t\t\t\t<div class=\"elementor-element elementor-element-db84ae5 elementor-widget elementor-widget-text-editor\" data-id=\"db84ae5\" data-element_type=\"widget\" data-widget_type=\"text-editor.default\">\n\t\t\t\t<div class=\"elementor-widget-container\">\n\t\t\t\t\t\t\t\t\t<p data-pm-slice=\"1 1 []\"><a href=\"https:\/\/la1ere.francetvinfo.fr\/martinique\/le-compositeur-shaz-en-martinique-pour-un-moment-d-echange-autour-de-la-musique-1498760.html\" target=\"_blank\" rel=\"noopener nofollow\">BPM (Balan Pou Mizik)<\/a> a anim\u00e9 un \u00e9v\u00e9nement au Patio 19 \u00e0 Fort-de-France.<\/p><p data-pm-slice=\"1 1 []\">Thomas Boutant et Eric Bolnet ont \u00e9voqu\u00e9 la chanson embl\u00e9matique de l&#8217;auteur-compositeur Lambert Gallion reprise par l\u2019artiste Kali, &#8220;La vi artis r\u00e8d&#8221;, en soulignant \u00e0 quel point ses paroles restent d&#8217;actualit\u00e9. Ils ont abord\u00e9 les d\u00e9fis persistants auxquels les artistes martiniquais sont confront\u00e9s, notamment en mati\u00e8re de d\u00e9placement, de structuration et de valorisation de leur travail.<\/p><p data-pm-slice=\"1 1 []\">L&#8217;un des points majeurs soulev\u00e9s est la n\u00e9cessit\u00e9 pour les artistes de mieux comprendre la gestion de leurs revenus et l&#8217;impact \u00e9conomique de leur musique dans un contexte en constante \u00e9volution.<\/p>\t\t\t\t\t\t\t\t<\/div>\n\t\t\t\t<\/div>\n\t\t\t\t<div class=\"elementor-element elementor-element-e3c4fcc elementor-widget elementor-widget-image\" data-id=\"e3c4fcc\" data-element_type=\"widget\" data-widget_type=\"image.default\">\n\t\t\t\t<div class=\"elementor-widget-container\">\n\t\t\t\t\t\t\t\t\t\t\t\t<figure class=\"wp-caption\">\n\t\t\t\t\t\t\t\t\t\t<img fetchpriority=\"high\" decoding=\"async\" width=\"800\" height=\"521\" src=\"https:\/\/richeskarayib.com\/wp-content\/uploads\/2025\/01\/WhatsApp-Image-2025-01-25-a-14.56.28_32f43886-1024x667.jpg\" class=\"attachment-large size-large wp-image-44193\" alt=\"BPM\" srcset=\"https:\/\/richeskarayib.com\/wp-content\/uploads\/2025\/01\/WhatsApp-Image-2025-01-25-a-14.56.28_32f43886-1024x667.jpg 1024w, https:\/\/richeskarayib.com\/wp-content\/uploads\/2025\/01\/WhatsApp-Image-2025-01-25-a-14.56.28_32f43886-300x195.jpg 300w, https:\/\/richeskarayib.com\/wp-content\/uploads\/2025\/01\/WhatsApp-Image-2025-01-25-a-14.56.28_32f43886-768x500.jpg 768w, https:\/\/richeskarayib.com\/wp-content\/uploads\/2025\/01\/WhatsApp-Image-2025-01-25-a-14.56.28_32f43886-1536x1000.jpg 1536w, https:\/\/richeskarayib.com\/wp-content\/uploads\/2025\/01\/WhatsApp-Image-2025-01-25-a-14.56.28_32f43886-1320x860.jpg 1320w, https:\/\/richeskarayib.com\/wp-content\/uploads\/2025\/01\/WhatsApp-Image-2025-01-25-a-14.56.28_32f43886.jpg 1600w\" sizes=\"(max-width: 800px) 100vw, 800px\" \/>\t\t\t\t\t\t\t\t\t\t\t<figcaption class=\"widget-image-caption wp-caption-text\">Les paroles de la chanson \"La Vi Artis R\u00e8d' - Lambert Gallion<\/figcaption>\n\t\t\t\t\t\t\t\t\t\t<\/figure>\n\t\t\t\t\t\t\t\t\t<\/div>\n\t\t\t\t<\/div>\n\t\t\t\t\t<\/div>\n\t\t<\/div>\n\t\t\t\t\t<\/div>\n\t\t<\/section>\n\t\t\t\t<section class=\"elementor-section elementor-top-section elementor-element elementor-element-1c00be6 elementor-section-boxed elementor-section-height-default elementor-section-height-default\" data-id=\"1c00be6\" data-element_type=\"section\">\n\t\t\t\t\t\t<div class=\"elementor-container elementor-column-gap-default\">\n\t\t\t\t\t<div class=\"elementor-column elementor-col-100 elementor-top-column elementor-element elementor-element-3792169\" data-id=\"3792169\" data-element_type=\"column\">\n\t\t\t<div class=\"elementor-widget-wrap elementor-element-populated\">\n\t\t\t\t\t\t<div class=\"elementor-element elementor-element-cc2833c elementor-widget elementor-widget-heading\" data-id=\"cc2833c\" data-element_type=\"widget\" data-widget_type=\"heading.default\">\n\t\t\t\t<div class=\"elementor-widget-container\">\n\t\t\t\t\t<h2 class=\"elementor-heading-title elementor-size-default\">BPM: Une jeune association aux grandes ambitions<\/h2>\t\t\t\t<\/div>\n\t\t\t\t<\/div>\n\t\t\t\t<div class=\"elementor-element elementor-element-fcdb380 elementor-widget elementor-widget-text-editor\" data-id=\"fcdb380\" data-element_type=\"widget\" data-widget_type=\"text-editor.default\">\n\t\t\t\t<div class=\"elementor-widget-container\">\n\t\t\t\t\t\t\t\t\t<p data-pm-slice=\"1 1 []\">L&#8217;association BPM (Balan Pou Mizik), fond\u00e9e par Thomas Boutant et Eric Bolnet alias Rico, est en passe de devenir un acteur incontournable du paysage musical martiniquais. Fond\u00e9e dans le but de r\u00e9soudre les probl\u00e9matiques li\u00e9es \u00e0 la structuration de l&#8217;industrie musicale locale, BPM met l&#8217;accent sur la cr\u00e9ation d&#8217;une communaut\u00e9 solidaire et dynamique.<\/p><p data-pm-slice=\"1 1 []\">Lors de cette rencontre, les deux fondateurs ont mis en lumi\u00e8re les difficult\u00e9s auxquelles font face les artistes, producteurs et managers en Martinique, notamment en termes de financement, de diffusion et d&#8217;acc\u00e8s \u00e0 l&#8217;information.<\/p>\t\t\t\t\t\t\t\t<\/div>\n\t\t\t\t<\/div>\n\t\t\t\t<div class=\"elementor-element elementor-element-b3257b0 elementor-widget elementor-widget-image\" data-id=\"b3257b0\" data-element_type=\"widget\" data-widget_type=\"image.default\">\n\t\t\t\t<div class=\"elementor-widget-container\">\n\t\t\t\t\t\t\t\t\t\t\t\t<figure class=\"wp-caption\">\n\t\t\t\t\t\t\t\t\t\t<img decoding=\"async\" width=\"768\" height=\"430\" src=\"https:\/\/richeskarayib.com\/wp-content\/uploads\/2025\/01\/Capture-decran-2025-01-25-162633-768x430.png\" class=\"attachment-medium_large size-medium_large wp-image-44241\" alt=\"BPM\" srcset=\"https:\/\/richeskarayib.com\/wp-content\/uploads\/2025\/01\/Capture-decran-2025-01-25-162633-768x430.png 768w, https:\/\/richeskarayib.com\/wp-content\/uploads\/2025\/01\/Capture-decran-2025-01-25-162633-300x168.png 300w, https:\/\/richeskarayib.com\/wp-content\/uploads\/2025\/01\/Capture-decran-2025-01-25-162633-1024x574.png 1024w, https:\/\/richeskarayib.com\/wp-content\/uploads\/2025\/01\/Capture-decran-2025-01-25-162633-1536x861.png 1536w, https:\/\/richeskarayib.com\/wp-content\/uploads\/2025\/01\/Capture-decran-2025-01-25-162633-1320x740.png 1320w, https:\/\/richeskarayib.com\/wp-content\/uploads\/2025\/01\/Capture-decran-2025-01-25-162633.png 1544w\" sizes=\"(max-width: 768px) 100vw, 768px\" \/>\t\t\t\t\t\t\t\t\t\t\t<figcaption class=\"widget-image-caption wp-caption-text\">L'\u00e9quipe BPM<\/figcaption>\n\t\t\t\t\t\t\t\t\t\t<\/figure>\n\t\t\t\t\t\t\t\t\t<\/div>\n\t\t\t\t<\/div>\n\t\t\t\t<div class=\"elementor-element elementor-element-68a8adb elementor-widget elementor-widget-image\" data-id=\"68a8adb\" data-element_type=\"widget\" data-widget_type=\"image.default\">\n\t\t\t\t<div class=\"elementor-widget-container\">\n\t\t\t\t\t\t\t\t\t\t\t\t<figure class=\"wp-caption\">\n\t\t\t\t\t\t\t\t\t\t<img decoding=\"async\" width=\"768\" height=\"453\" src=\"https:\/\/richeskarayib.com\/wp-content\/uploads\/2025\/01\/Capture-decran-2025-01-25-162701-768x453.png\" class=\"attachment-medium_large size-medium_large wp-image-44237\" alt=\"BPM\" srcset=\"https:\/\/richeskarayib.com\/wp-content\/uploads\/2025\/01\/Capture-decran-2025-01-25-162701-768x453.png 768w, https:\/\/richeskarayib.com\/wp-content\/uploads\/2025\/01\/Capture-decran-2025-01-25-162701-300x177.png 300w, https:\/\/richeskarayib.com\/wp-content\/uploads\/2025\/01\/Capture-decran-2025-01-25-162701-1024x604.png 1024w, https:\/\/richeskarayib.com\/wp-content\/uploads\/2025\/01\/Capture-decran-2025-01-25-162701-1320x779.png 1320w, https:\/\/richeskarayib.com\/wp-content\/uploads\/2025\/01\/Capture-decran-2025-01-25-162701.png 1402w\" sizes=\"(max-width: 768px) 100vw, 768px\" \/>\t\t\t\t\t\t\t\t\t\t\t<figcaption class=\"widget-image-caption wp-caption-text\">L'\u00e9quipe BPM<\/figcaption>\n\t\t\t\t\t\t\t\t\t\t<\/figure>\n\t\t\t\t\t\t\t\t\t<\/div>\n\t\t\t\t<\/div>\n\t\t\t\t\t<\/div>\n\t\t<\/div>\n\t\t\t\t\t<\/div>\n\t\t<\/section>\n\t\t\t\t<section class=\"elementor-section elementor-top-section elementor-element elementor-element-3187633 elementor-section-boxed elementor-section-height-default elementor-section-height-default\" data-id=\"3187633\" data-element_type=\"section\">\n\t\t\t\t\t\t<div class=\"elementor-container elementor-column-gap-default\">\n\t\t\t\t\t<div class=\"elementor-column elementor-col-100 elementor-top-column elementor-element elementor-element-c032e63\" data-id=\"c032e63\" data-element_type=\"column\">\n\t\t\t<div class=\"elementor-widget-wrap elementor-element-populated\">\n\t\t\t\t\t\t<div class=\"elementor-element elementor-element-9d5dacd elementor-widget elementor-widget-heading\" data-id=\"9d5dacd\" data-element_type=\"widget\" data-widget_type=\"heading.default\">\n\t\t\t\t<div class=\"elementor-widget-container\">\n\t\t\t\t\t<h2 class=\"elementor-heading-title elementor-size-default\">Les enjeux de la structuration de l'industrie musicale<\/h2>\t\t\t\t<\/div>\n\t\t\t\t<\/div>\n\t\t\t\t<div class=\"elementor-element elementor-element-81e86bb elementor-widget elementor-widget-text-editor\" data-id=\"81e86bb\" data-element_type=\"widget\" data-widget_type=\"text-editor.default\">\n\t\t\t\t<div class=\"elementor-widget-container\">\n\t\t\t\t\t\t\t\t\t<p data-pm-slice=\"1 1 []\">Lors de l&#8217;\u00e9v\u00e9nement, Thomas et Eric ont soulign\u00e9 l&#8217;importance de disposer de donn\u00e9es \u00e9conomiques locales pr\u00e9cises. Sans chiffres concrets, il est difficile de d\u00e9fendre la valeur \u00e9conomique de la musique locale face aux investisseurs et aux institutions publiques. BPM souhaite rem\u00e9dier \u00e0 cette lacune en proposant des outils d&#8217;analyse et de structuration adapt\u00e9s aux r\u00e9alit\u00e9s du territoire.<\/p>\t\t\t\t\t\t\t\t<\/div>\n\t\t\t\t<\/div>\n\t\t\t\t<div class=\"elementor-element elementor-element-1e605c0 elementor-widget elementor-widget-image\" data-id=\"1e605c0\" data-element_type=\"widget\" data-widget_type=\"image.default\">\n\t\t\t\t<div class=\"elementor-widget-container\">\n\t\t\t\t\t\t\t\t\t\t\t\t<figure class=\"wp-caption\">\n\t\t\t\t\t\t\t\t\t\t<img loading=\"lazy\" decoding=\"async\" width=\"800\" height=\"800\" src=\"https:\/\/richeskarayib.com\/wp-content\/uploads\/2025\/01\/DALL\u00b7E-2025-01-25-15.31.46-An-illustration-depicting-the-challenges-and-solutions-in-structuring-the-music-industry-in-Martinique.-The-image-should-include-elements-such-as-musi.webp\" class=\"attachment-large size-large wp-image-44225\" alt=\"BPM\" srcset=\"https:\/\/richeskarayib.com\/wp-content\/uploads\/2025\/01\/DALL\u00b7E-2025-01-25-15.31.46-An-illustration-depicting-the-challenges-and-solutions-in-structuring-the-music-industry-in-Martinique.-The-image-should-include-elements-such-as-musi.webp 1024w, https:\/\/richeskarayib.com\/wp-content\/uploads\/2025\/01\/DALL\u00b7E-2025-01-25-15.31.46-An-illustration-depicting-the-challenges-and-solutions-in-structuring-the-music-industry-in-Martinique.-The-image-should-include-elements-such-as-musi-300x300.webp 300w, https:\/\/richeskarayib.com\/wp-content\/uploads\/2025\/01\/DALL\u00b7E-2025-01-25-15.31.46-An-illustration-depicting-the-challenges-and-solutions-in-structuring-the-music-industry-in-Martinique.-The-image-should-include-elements-such-as-musi-150x150.webp 150w, https:\/\/richeskarayib.com\/wp-content\/uploads\/2025\/01\/DALL\u00b7E-2025-01-25-15.31.46-An-illustration-depicting-the-challenges-and-solutions-in-structuring-the-music-industry-in-Martinique.-The-image-should-include-elements-such-as-musi-768x768.webp 768w\" sizes=\"(max-width: 800px) 100vw, 800px\" \/>\t\t\t\t\t\t\t\t\t\t\t<figcaption class=\"widget-image-caption wp-caption-text\">L'\u00e9quipe BPM<\/figcaption>\n\t\t\t\t\t\t\t\t\t\t<\/figure>\n\t\t\t\t\t\t\t\t\t<\/div>\n\t\t\t\t<\/div>\n\t\t\t\t\t<\/div>\n\t\t<\/div>\n\t\t\t\t\t<\/div>\n\t\t<\/section>\n\t\t\t\t<section class=\"elementor-section elementor-top-section elementor-element elementor-element-6ac8ac2 elementor-section-boxed elementor-section-height-default elementor-section-height-default\" data-id=\"6ac8ac2\" data-element_type=\"section\">\n\t\t\t\t\t\t<div class=\"elementor-container elementor-column-gap-default\">\n\t\t\t\t\t<div class=\"elementor-column elementor-col-100 elementor-top-column elementor-element elementor-element-94356bc\" data-id=\"94356bc\" data-element_type=\"column\">\n\t\t\t<div class=\"elementor-widget-wrap elementor-element-populated\">\n\t\t\t\t\t\t<div class=\"elementor-element elementor-element-5d15014 elementor-widget elementor-widget-heading\" data-id=\"5d15014\" data-element_type=\"widget\" data-widget_type=\"heading.default\">\n\t\t\t\t<div class=\"elementor-widget-container\">\n\t\t\t\t\t<h2 class=\"elementor-heading-title elementor-size-default\">Kassav : un exemple inspirant pour la sc\u00e8ne locale<\/h2>\t\t\t\t<\/div>\n\t\t\t\t<\/div>\n\t\t\t\t<div class=\"elementor-element elementor-element-f6af08c elementor-widget elementor-widget-image\" data-id=\"f6af08c\" data-element_type=\"widget\" data-widget_type=\"image.default\">\n\t\t\t\t<div class=\"elementor-widget-container\">\n\t\t\t\t\t\t\t\t\t\t\t\t<figure class=\"wp-caption\">\n\t\t\t\t\t\t\t\t\t\t<img loading=\"lazy\" decoding=\"async\" width=\"800\" height=\"450\" src=\"https:\/\/richeskarayib.com\/wp-content\/uploads\/2025\/01\/WhatsApp-Image-2025-01-25-a-15.35.51_d9785501-1024x576.jpg\" class=\"attachment-large size-large wp-image-44229\" alt=\"BPM\" srcset=\"https:\/\/richeskarayib.com\/wp-content\/uploads\/2025\/01\/WhatsApp-Image-2025-01-25-a-15.35.51_d9785501-1024x576.jpg 1024w, https:\/\/richeskarayib.com\/wp-content\/uploads\/2025\/01\/WhatsApp-Image-2025-01-25-a-15.35.51_d9785501-300x169.jpg 300w, https:\/\/richeskarayib.com\/wp-content\/uploads\/2025\/01\/WhatsApp-Image-2025-01-25-a-15.35.51_d9785501-768x432.jpg 768w, https:\/\/richeskarayib.com\/wp-content\/uploads\/2025\/01\/WhatsApp-Image-2025-01-25-a-15.35.51_d9785501-1536x864.jpg 1536w, https:\/\/richeskarayib.com\/wp-content\/uploads\/2025\/01\/WhatsApp-Image-2025-01-25-a-15.35.51_d9785501-1320x743.jpg 1320w, https:\/\/richeskarayib.com\/wp-content\/uploads\/2025\/01\/WhatsApp-Image-2025-01-25-a-15.35.51_d9785501.jpg 1600w\" sizes=\"(max-width: 800px) 100vw, 800px\" \/>\t\t\t\t\t\t\t\t\t\t\t<figcaption class=\"widget-image-caption wp-caption-text\">Kassav - 2024<\/figcaption>\n\t\t\t\t\t\t\t\t\t\t<\/figure>\n\t\t\t\t\t\t\t\t\t<\/div>\n\t\t\t\t<\/div>\n\t\t\t\t<div class=\"elementor-element elementor-element-cd463e0 elementor-widget elementor-widget-text-editor\" data-id=\"cd463e0\" data-element_type=\"widget\" data-widget_type=\"text-editor.default\">\n\t\t\t\t<div class=\"elementor-widget-container\">\n\t\t\t\t\t\t\t\t\t<p data-pm-slice=\"1 1 []\">L&#8217;exemple du groupe Kassav a \u00e9t\u00e9 cit\u00e9 comme une r\u00e9f\u00e9rence incontournable. Avec plus de 27 albums \u00e0 leur actif et une reconnaissance mondiale, Kassav a prouv\u00e9 que la musique antillaise peut rayonner \u00e0 l&#8217;international. Le groupe a r\u00e9ussi \u00e0 conqu\u00e9rir des sc\u00e8nes prestigieuses telles que le Z\u00e9nith de Paris avec plus de 60 concerts cons\u00e9cutifs. Leur succ\u00e8s d\u00e9montre qu&#8217;une structuration solide et une strat\u00e9gie de march\u00e9 bien d\u00e9finie sont des cl\u00e9s essentielles pour exporter la musique carib\u00e9enne.<\/p>\t\t\t\t\t\t\t\t<\/div>\n\t\t\t\t<\/div>\n\t\t\t\t<div class=\"elementor-element elementor-element-9b66ac1 elementor-widget elementor-widget-image\" data-id=\"9b66ac1\" data-element_type=\"widget\" data-widget_type=\"image.default\">\n\t\t\t\t<div class=\"elementor-widget-container\">\n\t\t\t\t\t\t\t\t\t\t\t\t<figure class=\"wp-caption\">\n\t\t\t\t\t\t\t\t\t\t<img loading=\"lazy\" decoding=\"async\" width=\"800\" height=\"573\" src=\"https:\/\/richeskarayib.com\/wp-content\/uploads\/2025\/01\/WhatsApp-Image-2025-01-25-a-15.01.12_d0f9b0c0-1024x734.jpg\" class=\"attachment-large size-large wp-image-44221\" alt=\"BPM\" srcset=\"https:\/\/richeskarayib.com\/wp-content\/uploads\/2025\/01\/WhatsApp-Image-2025-01-25-a-15.01.12_d0f9b0c0-1024x734.jpg 1024w, https:\/\/richeskarayib.com\/wp-content\/uploads\/2025\/01\/WhatsApp-Image-2025-01-25-a-15.01.12_d0f9b0c0-300x215.jpg 300w, https:\/\/richeskarayib.com\/wp-content\/uploads\/2025\/01\/WhatsApp-Image-2025-01-25-a-15.01.12_d0f9b0c0-768x551.jpg 768w, https:\/\/richeskarayib.com\/wp-content\/uploads\/2025\/01\/WhatsApp-Image-2025-01-25-a-15.01.12_d0f9b0c0-1536x1101.jpg 1536w, https:\/\/richeskarayib.com\/wp-content\/uploads\/2025\/01\/WhatsApp-Image-2025-01-25-a-15.01.12_d0f9b0c0-1320x946.jpg 1320w, https:\/\/richeskarayib.com\/wp-content\/uploads\/2025\/01\/WhatsApp-Image-2025-01-25-a-15.01.12_d0f9b0c0.jpg 1600w\" sizes=\"(max-width: 800px) 100vw, 800px\" \/>\t\t\t\t\t\t\t\t\t\t\t<figcaption class=\"widget-image-caption wp-caption-text\">Le palmar\u00e8s de Kassav<\/figcaption>\n\t\t\t\t\t\t\t\t\t\t<\/figure>\n\t\t\t\t\t\t\t\t\t<\/div>\n\t\t\t\t<\/div>\n\t\t\t\t<div class=\"elementor-element elementor-element-4fcba0a elementor-widget elementor-widget-text-editor\" data-id=\"4fcba0a\" data-element_type=\"widget\" data-widget_type=\"text-editor.default\">\n\t\t\t\t<div class=\"elementor-widget-container\">\n\t\t\t\t\t\t\t\t\t<p data-pm-slice=\"1 3 []\">Quelques chiffres marquants sur Kassav :<\/p><ul><li>6 millions d&#8217;albums vendus \u00e0 travers le monde (hors cassettes).<\/li><li>3000 concerts donn\u00e9s au fil de leur carri\u00e8re.<\/li><li>57 le nombre d&#8217;albums de Kassav y compris ceux des artistes du groupe.<\/li><li>155 \u0153uvres musicales.<\/li><li>2 millions de spectateurs cumul\u00e9s depuis 2009.<\/li><li>60 Z\u00e9nith (Paris et Province).<\/li><li>12 concerts cons\u00e9cutifs au Z\u00e9nith de Paris.<\/li><li>1er groupe de zouk \u00e0 avoir fait le stade de France.<\/li><li>72 pays explor\u00e9s \u00e0 travers leurs tourn\u00e9es internationales.<\/li><\/ul>\t\t\t\t\t\t\t\t<\/div>\n\t\t\t\t<\/div>\n\t\t\t\t\t<\/div>\n\t\t<\/div>\n\t\t\t\t\t<\/div>\n\t\t<\/section>\n\t\t\t\t<section class=\"elementor-section elementor-top-section elementor-element elementor-element-da6925e elementor-section-boxed elementor-section-height-default elementor-section-height-default\" data-id=\"da6925e\" data-element_type=\"section\">\n\t\t\t\t\t\t<div class=\"elementor-container elementor-column-gap-default\">\n\t\t\t\t\t<div class=\"elementor-column elementor-col-100 elementor-top-column elementor-element elementor-element-218c5e5\" data-id=\"218c5e5\" data-element_type=\"column\">\n\t\t\t<div class=\"elementor-widget-wrap elementor-element-populated\">\n\t\t\t\t\t\t<div class=\"elementor-element elementor-element-5144555 elementor-widget elementor-widget-heading\" data-id=\"5144555\" data-element_type=\"widget\" data-widget_type=\"heading.default\">\n\t\t\t\t<div class=\"elementor-widget-container\">\n\t\t\t\t\t<h2 class=\"elementor-heading-title elementor-size-default\">Un mod\u00e8le \u00e9conomique \u00e0 red\u00e9finir<\/h2>\t\t\t\t<\/div>\n\t\t\t\t<\/div>\n\t\t\t\t<div class=\"elementor-element elementor-element-fdf7ed1 elementor-widget elementor-widget-text-editor\" data-id=\"fdf7ed1\" data-element_type=\"widget\" data-widget_type=\"text-editor.default\">\n\t\t\t\t<div class=\"elementor-widget-container\">\n\t\t\t\t\t\t\t\t\t<p data-pm-slice=\"1 1 []\">Les discussions ont mis en exergue la n\u00e9cessit\u00e9 de repenser le mod\u00e8le \u00e9conomique de l&#8217;<a href=\"https:\/\/richeskarayib.com\/fr\/events\/la-wonddes-piannistes-%f0%9f%8e%b9\/\" target=\"_blank\" rel=\"noopener\">industrie musicale martiniquaise<\/a>. Avec une population de seulement 365 000 habitants, les artistes locaux doivent adopter une vision globale en s&#8217;appuyant sur les plateformes de streaming et les opportunit\u00e9s de march\u00e9 \u00e0 l&#8217;international.<\/p><p data-pm-slice=\"1 1 []\">Des exemples concrets, tels que les ventes de merchandising lors des tourn\u00e9es, ont \u00e9t\u00e9 cit\u00e9s comme des pistes de diversification des revenus.<\/p><p data-pm-slice=\"1 1 []\">Un exemple marquant a \u00e9t\u00e9 celui d&#8217;un artiste qui est arriv\u00e9 avec une valise pleine de produits d\u00e9riv\u00e9s, incluant des t-shirts, des casquettes et m\u00eame des bodies pour b\u00e9b\u00e9 orn\u00e9s de son logo. Gr\u00e2ce \u00e0 cette initiative, il a pu g\u00e9n\u00e9rer des revenus significatifs en plus de son cachet artistique, illustrant l&#8217;importance d&#8217;une approche commerciale proactive pour maximiser les opportunit\u00e9s financi\u00e8res. merchandising lors des tourn\u00e9es, ont \u00e9t\u00e9 cit\u00e9s comme des pistes de diversification des revenus.<\/p>\t\t\t\t\t\t\t\t<\/div>\n\t\t\t\t<\/div>\n\t\t\t\t<div class=\"elementor-element elementor-element-e20ed49 elementor-widget elementor-widget-image\" data-id=\"e20ed49\" data-element_type=\"widget\" data-widget_type=\"image.default\">\n\t\t\t\t<div class=\"elementor-widget-container\">\n\t\t\t\t\t\t\t\t\t\t\t\t<figure class=\"wp-caption\">\n\t\t\t\t\t\t\t\t\t\t<img loading=\"lazy\" decoding=\"async\" width=\"800\" height=\"800\" src=\"https:\/\/richeskarayib.com\/wp-content\/uploads\/2025\/01\/DALL\u00b7E-2025-01-25-16.05.02-An-illustration-depicting-the-concept-of-redefining-the-economic-model-of-the-music-industry-in-Martinique.-The-image-should-include-elements-such-as-.webp\" class=\"attachment-large size-large wp-image-44233\" alt=\"BPM\" srcset=\"https:\/\/richeskarayib.com\/wp-content\/uploads\/2025\/01\/DALL\u00b7E-2025-01-25-16.05.02-An-illustration-depicting-the-concept-of-redefining-the-economic-model-of-the-music-industry-in-Martinique.-The-image-should-include-elements-such-as-.webp 1024w, https:\/\/richeskarayib.com\/wp-content\/uploads\/2025\/01\/DALL\u00b7E-2025-01-25-16.05.02-An-illustration-depicting-the-concept-of-redefining-the-economic-model-of-the-music-industry-in-Martinique.-The-image-should-include-elements-such-as--300x300.webp 300w, https:\/\/richeskarayib.com\/wp-content\/uploads\/2025\/01\/DALL\u00b7E-2025-01-25-16.05.02-An-illustration-depicting-the-concept-of-redefining-the-economic-model-of-the-music-industry-in-Martinique.-The-image-should-include-elements-such-as--150x150.webp 150w, https:\/\/richeskarayib.com\/wp-content\/uploads\/2025\/01\/DALL\u00b7E-2025-01-25-16.05.02-An-illustration-depicting-the-concept-of-redefining-the-economic-model-of-the-music-industry-in-Martinique.-The-image-should-include-elements-such-as--768x768.webp 768w\" sizes=\"(max-width: 800px) 100vw, 800px\" \/>\t\t\t\t\t\t\t\t\t\t\t<figcaption class=\"widget-image-caption wp-caption-text\">Mod\u00e8le \u00e9conomique de l'industrie musicale<\/figcaption>\n\t\t\t\t\t\t\t\t\t\t<\/figure>\n\t\t\t\t\t\t\t\t\t<\/div>\n\t\t\t\t<\/div>\n\t\t\t\t\t<\/div>\n\t\t<\/div>\n\t\t\t\t\t<\/div>\n\t\t<\/section>\n\t\t\t\t<section class=\"elementor-section elementor-top-section elementor-element elementor-element-86fa2b5 elementor-section-boxed elementor-section-height-default elementor-section-height-default\" data-id=\"86fa2b5\" data-element_type=\"section\">\n\t\t\t\t\t\t<div class=\"elementor-container elementor-column-gap-default\">\n\t\t\t\t\t<div class=\"elementor-column elementor-col-100 elementor-top-column elementor-element elementor-element-cc825a6\" data-id=\"cc825a6\" data-element_type=\"column\">\n\t\t\t<div class=\"elementor-widget-wrap elementor-element-populated\">\n\t\t\t\t\t\t<div class=\"elementor-element elementor-element-56fe5e3 elementor-widget elementor-widget-heading\" data-id=\"56fe5e3\" data-element_type=\"widget\" data-widget_type=\"heading.default\">\n\t\t\t\t<div class=\"elementor-widget-container\">\n\t\t\t\t\t<h2 class=\"elementor-heading-title elementor-size-default\">Unir les forces pour structurer : F\u00e9d\u00e9rer et accompagner<\/h2>\t\t\t\t<\/div>\n\t\t\t\t<\/div>\n\t\t\t\t<div class=\"elementor-element elementor-element-e5377ef elementor-widget elementor-widget-text-editor\" data-id=\"e5377ef\" data-element_type=\"widget\" data-widget_type=\"text-editor.default\">\n\t\t\t\t<div class=\"elementor-widget-container\">\n\t\t\t\t\t\t\t\t\t<p data-pm-slice=\"1 1 []\">Un point crucial soulev\u00e9 lors de l&#8217;\u00e9v\u00e9nement est la n\u00e9cessit\u00e9 de mieux f\u00e9d\u00e9rer les acteurs de l&#8217;industrie musicale. Trop souvent, les artistes travaillent de mani\u00e8re isol\u00e9e, ce qui limite leur capacit\u00e9 \u00e0 acc\u00e9der aux financements et aux opportunit\u00e9s.<\/p><p data-pm-slice=\"1 1 []\">BPM propose d&#8217;accompagner les artistes en les aidant \u00e0 naviguer dans les m\u00e9andres administratifs, \u00e0 structurer leurs projets et \u00e0 cr\u00e9er des synergies entre eux. Le public pr\u00e9sent a \u00e9galement partag\u00e9 ses exp\u00e9riences et ses attentes face \u00e0 ces d\u00e9fis.<\/p>\t\t\t\t\t\t\t\t<\/div>\n\t\t\t\t<\/div>\n\t\t\t\t<div class=\"elementor-element elementor-element-907225e elementor-widget elementor-widget-gallery\" data-id=\"907225e\" data-element_type=\"widget\" data-settings=\"{&quot;columns&quot;:3,&quot;lazyload&quot;:&quot;yes&quot;,&quot;gallery_layout&quot;:&quot;grid&quot;,&quot;columns_tablet&quot;:2,&quot;columns_mobile&quot;:1,&quot;gap&quot;:{&quot;unit&quot;:&quot;px&quot;,&quot;size&quot;:10,&quot;sizes&quot;:[]},&quot;gap_tablet&quot;:{&quot;unit&quot;:&quot;px&quot;,&quot;size&quot;:10,&quot;sizes&quot;:[]},&quot;gap_mobile&quot;:{&quot;unit&quot;:&quot;px&quot;,&quot;size&quot;:10,&quot;sizes&quot;:[]},&quot;link_to&quot;:&quot;file&quot;,&quot;aspect_ratio&quot;:&quot;3:2&quot;,&quot;overlay_background&quot;:&quot;yes&quot;,&quot;content_hover_animation&quot;:&quot;fade-in&quot;}\" data-widget_type=\"gallery.default\">\n\t\t\t\t<div class=\"elementor-widget-container\">\n\t\t\t\t\t\t\t<div class=\"elementor-gallery__container\">\n\t\t\t\t\t\t\t<a class=\"e-gallery-item elementor-gallery-item elementor-animated-content\" href=\"https:\/\/richeskarayib.com\/wp-content\/uploads\/2025\/01\/WhatsApp-Image-2025-01-25-a-14.56.29_da5bf4ec.jpg\" data-elementor-open-lightbox=\"yes\" data-elementor-lightbox-slideshow=\"907225e\" data-elementor-lightbox-title=\"WhatsApp Image 2025-01-25 \u00e0 14.56.29_da5bf4ec\" data-e-action-hash=\"#elementor-action%3Aaction%3Dlightbox%26settings%3DeyJpZCI6NDQyMDUsInVybCI6Imh0dHBzOlwvXC9yaWNoZXNrYXJheWliLmNvbVwvd3AtY29udGVudFwvdXBsb2Fkc1wvMjAyNVwvMDFcL1doYXRzQXBwLUltYWdlLTIwMjUtMDEtMjUtYS0xNC41Ni4yOV9kYTViZjRlYy5qcGciLCJzbGlkZXNob3ciOiI5MDcyMjVlIn0%3D\">\n\t\t\t\t\t<div class=\"e-gallery-image elementor-gallery-item__image\" data-thumbnail=\"https:\/\/richeskarayib.com\/wp-content\/uploads\/2025\/01\/WhatsApp-Image-2025-01-25-a-14.56.29_da5bf4ec-169x300.jpg\" data-width=\"169\" data-height=\"300\" aria-label=\"\" role=\"img\" ><\/div>\n\t\t\t\t\t\t\t\t\t\t\t<div class=\"elementor-gallery-item__overlay\"><\/div>\n\t\t\t\t\t\t\t\t\t\t\t\t\t\t<\/a>\n\t\t\t\t\t\t\t<a class=\"e-gallery-item elementor-gallery-item elementor-animated-content\" href=\"https:\/\/richeskarayib.com\/wp-content\/uploads\/2025\/01\/WhatsApp-Image-2025-01-25-a-14.56.29_d2659331.jpg\" data-elementor-open-lightbox=\"yes\" data-elementor-lightbox-slideshow=\"907225e\" data-elementor-lightbox-title=\"WhatsApp Image 2025-01-25 \u00e0 14.56.29_d2659331\" data-e-action-hash=\"#elementor-action%3Aaction%3Dlightbox%26settings%3DeyJpZCI6NDQyMDEsInVybCI6Imh0dHBzOlwvXC9yaWNoZXNrYXJheWliLmNvbVwvd3AtY29udGVudFwvdXBsb2Fkc1wvMjAyNVwvMDFcL1doYXRzQXBwLUltYWdlLTIwMjUtMDEtMjUtYS0xNC41Ni4yOV9kMjY1OTMzMS5qcGciLCJzbGlkZXNob3ciOiI5MDcyMjVlIn0%3D\">\n\t\t\t\t\t<div class=\"e-gallery-image elementor-gallery-item__image\" data-thumbnail=\"https:\/\/richeskarayib.com\/wp-content\/uploads\/2025\/01\/WhatsApp-Image-2025-01-25-a-14.56.29_d2659331-300x169.jpg\" data-width=\"300\" data-height=\"169\" aria-label=\"\" role=\"img\" ><\/div>\n\t\t\t\t\t\t\t\t\t\t\t<div class=\"elementor-gallery-item__overlay\"><\/div>\n\t\t\t\t\t\t\t\t\t\t\t\t\t\t<\/a>\n\t\t\t\t\t\t\t<a class=\"e-gallery-item elementor-gallery-item elementor-animated-content\" href=\"https:\/\/richeskarayib.com\/wp-content\/uploads\/2025\/01\/WhatsApp-Image-2025-01-25-a-14.56.29_9b8a291d.jpg\" data-elementor-open-lightbox=\"yes\" data-elementor-lightbox-slideshow=\"907225e\" data-elementor-lightbox-title=\"WhatsApp Image 2025-01-25 \u00e0 14.56.29_9b8a291d\" data-e-action-hash=\"#elementor-action%3Aaction%3Dlightbox%26settings%3DeyJpZCI6NDQxOTcsInVybCI6Imh0dHBzOlwvXC9yaWNoZXNrYXJheWliLmNvbVwvd3AtY29udGVudFwvdXBsb2Fkc1wvMjAyNVwvMDFcL1doYXRzQXBwLUltYWdlLTIwMjUtMDEtMjUtYS0xNC41Ni4yOV85YjhhMjkxZC5qcGciLCJzbGlkZXNob3ciOiI5MDcyMjVlIn0%3D\">\n\t\t\t\t\t<div class=\"e-gallery-image elementor-gallery-item__image\" data-thumbnail=\"https:\/\/richeskarayib.com\/wp-content\/uploads\/2025\/01\/WhatsApp-Image-2025-01-25-a-14.56.29_9b8a291d-300x169.jpg\" data-width=\"300\" data-height=\"169\" aria-label=\"\" role=\"img\" ><\/div>\n\t\t\t\t\t\t\t\t\t\t\t<div class=\"elementor-gallery-item__overlay\"><\/div>\n\t\t\t\t\t\t\t\t\t\t\t\t\t\t<\/a>\n\t\t\t\t\t<\/div>\n\t\t\t\t\t<\/div>\n\t\t\t\t<\/div>\n\t\t\t\t<div class=\"elementor-element elementor-element-37325b0 elementor-widget elementor-widget-text-editor\" data-id=\"37325b0\" data-element_type=\"widget\" data-widget_type=\"text-editor.default\">\n\t\t\t\t<div class=\"elementor-widget-container\">\n\t\t\t\t\t\t\t\t\t<p data-pm-slice=\"1 1 []\">Cet \u00e9v\u00e9nement a permis de r\u00e9unir les professionnels de l&#8217;industrie musicale locale et de mettre en avant les nombreux d\u00e9fis auxquels est confront\u00e9e l&#8217;industrie musicale locale, mais \u00e9galement les solutions envisag\u00e9es par BPM.<\/p><p data-pm-slice=\"1 1 []\">Avec une strat\u00e9gie ax\u00e9e sur la structuration, la collecte de donn\u00e9es et la f\u00e9d\u00e9ration des acteurs, BPM se positionne comme un levier essentiel pour un d\u00e9veloppement durable de la musique en Martinique. auxquels est confront\u00e9e l&#8217;industrie musicale locale, mais \u00e9galement les solutions envisag\u00e9es par BPM.<\/p>\t\t\t\t\t\t\t\t<\/div>\n\t\t\t\t<\/div>\n\t\t\t\t\t<\/div>\n\t\t<\/div>\n\t\t\t\t\t<\/div>\n\t\t<\/section>\n\t\t\t\t<\/div>\n\t\t","protected":false},"excerpt":{"rendered":"<p>La vi artis r\u00e8d : un regard sur la r\u00e9alit\u00e9 des artistes martiniquais BPM (Balan Pou Mizik) a anim\u00e9 un \u00e9v\u00e9nement au Patio 19 \u00e0 Fort-de-France. Thomas Boutant et Eric Bolnet ont \u00e9voqu\u00e9 la chanson embl\u00e9matique de l&#8217;auteur-compositeur Lambert Gallion reprise par l\u2019artiste Kali, &#8220;La vi artis r\u00e8d&#8221;, en soulignant \u00e0 quel point ses paroles [&hellip;]<\/p>\n","protected":false},"author":47,"featured_media":44213,"comment_status":"open","ping_status":"open","sticky":false,"template":"","format":"standard","meta":{"_acf_changed":false,"footnotes":""},"categories":[835],"tags":[808],"class_list":["post-44192","post","type-post","status-publish","format-standard","has-post-thumbnail","hentry","category-musique-fr","tag-martinique-fr"],"acf":[],"_links":{"self":[{"href":"https:\/\/richeskarayib.com\/fr\/wp-json\/wp\/v2\/posts\/44192","targetHints":{"allow":["GET"]}}],"collection":[{"href":"https:\/\/richeskarayib.com\/fr\/wp-json\/wp\/v2\/posts"}],"about":[{"href":"https:\/\/richeskarayib.com\/fr\/wp-json\/wp\/v2\/types\/post"}],"author":[{"embeddable":true,"href":"https:\/\/richeskarayib.com\/fr\/wp-json\/wp\/v2\/users\/47"}],"replies":[{"embeddable":true,"href":"https:\/\/richeskarayib.com\/fr\/wp-json\/wp\/v2\/comments?post=44192"}],"version-history":[{"count":0,"href":"https:\/\/richeskarayib.com\/fr\/wp-json\/wp\/v2\/posts\/44192\/revisions"}],"wp:featuredmedia":[{"embeddable":true,"href":"https:\/\/richeskarayib.com\/fr\/wp-json\/wp\/v2\/media\/44213"}],"wp:attachment":[{"href":"https:\/\/richeskarayib.com\/fr\/wp-json\/wp\/v2\/media?parent=44192"}],"wp:term":[{"taxonomy":"category","embeddable":true,"href":"https:\/\/richeskarayib.com\/fr\/wp-json\/wp\/v2\/categories?post=44192"},{"taxonomy":"post_tag","embeddable":true,"href":"https:\/\/richeskarayib.com\/fr\/wp-json\/wp\/v2\/tags?post=44192"}],"curies":[{"name":"wp","href":"https:\/\/api.w.org\/{rel}","templated":true}]}}