{"id":44346,"date":"2025-01-28T14:00:56","date_gmt":"2025-01-28T18:00:56","guid":{"rendered":"https:\/\/richeskarayib.com\/?p=44346"},"modified":"2025-01-29T05:07:49","modified_gmt":"2025-01-29T09:07:49","slug":"la-mangrove-gardienne-essentielle-des-iles","status":"publish","type":"post","link":"https:\/\/richeskarayib.com\/fr\/la-mangrove-gardienne-essentielle-des-iles\/","title":{"rendered":"La mangrove : gardienne essentielle des \u00eeles carib\u00e9ennes"},"content":{"rendered":"\t\t<div data-elementor-type=\"wp-post\" data-elementor-id=\"44346\" class=\"elementor elementor-44346\" data-elementor-post-type=\"post\">\n\t\t\t\t\t\t<section class=\"elementor-section elementor-top-section elementor-element elementor-element-20d987e6 elementor-section-boxed elementor-section-height-default elementor-section-height-default\" data-id=\"20d987e6\" data-element_type=\"section\">\n\t\t\t\t\t\t<div class=\"elementor-container elementor-column-gap-default\">\n\t\t\t\t\t<div class=\"elementor-column elementor-col-100 elementor-top-column elementor-element elementor-element-a2aecad\" data-id=\"a2aecad\" data-element_type=\"column\">\n\t\t\t<div class=\"elementor-widget-wrap elementor-element-populated\">\n\t\t\t\t\t\t<div class=\"elementor-element elementor-element-73883ef1 elementor-widget elementor-widget-text-editor\" data-id=\"73883ef1\" data-element_type=\"widget\" data-widget_type=\"text-editor.default\">\n\t\t\t\t<div class=\"elementor-widget-container\">\n\t\t\t\t\t\t\t\t\t\n<h1 class=\"wp-block-heading\"><\/h1>\n\t\t\t\t\t\t\t\t<\/div>\n\t\t\t\t<\/div>\n\t\t\t\t\t<\/div>\n\t\t<\/div>\n\t\t\t\t\t<\/div>\n\t\t<\/section>\n\t\t\t\t<section class=\"elementor-section elementor-top-section elementor-element elementor-element-28399df elementor-section-boxed elementor-section-height-default elementor-section-height-default\" data-id=\"28399df\" data-element_type=\"section\">\n\t\t\t\t\t\t<div class=\"elementor-container elementor-column-gap-default\">\n\t\t\t\t\t<div class=\"elementor-column elementor-col-100 elementor-top-column elementor-element elementor-element-6460ea6\" data-id=\"6460ea6\" data-element_type=\"column\">\n\t\t\t<div class=\"elementor-widget-wrap elementor-element-populated\">\n\t\t\t\t\t\t<div class=\"elementor-element elementor-element-db84ae5 elementor-widget elementor-widget-text-editor\" data-id=\"db84ae5\" data-element_type=\"widget\" data-widget_type=\"text-editor.default\">\n\t\t\t\t<div class=\"elementor-widget-container\">\n\t\t\t\t\t\t\t\t\t<p data-pm-slice=\"1 1 []\"><span style=\"font-weight: 400;\">La <\/span><a href=\"https:\/\/atlas-caraibe.certic.unicaen.fr\/fr\/page-301.html\" target=\"_blank\" rel=\"noopener nofollow\"><b>mangrove<\/b><\/a><span style=\"font-weight: 400;\"> est un \u00e9cosyst\u00e8me vital qui joue un r\u00f4le crucial dans la pr\u00e9servation des \u00eeles de la Cara\u00efbe. En plus de servir de rempart naturel contre les al\u00e9as climatiques, elle abrite une biodiversit\u00e9 exceptionnelle et offre de nombreux services \u00e9cologiques. Cet article vise \u00e0 explorer en profondeur l&#8217;importance des mangroves, les d\u00e9fis auxquels elles font face, et les initiatives de pr\u00e9servation en cours dans la r\u00e9gion.<\/span><\/p>\t\t\t\t\t\t\t\t<\/div>\n\t\t\t\t<\/div>\n\t\t\t\t\t<\/div>\n\t\t<\/div>\n\t\t\t\t\t<\/div>\n\t\t<\/section>\n\t\t\t\t<section class=\"elementor-section elementor-top-section elementor-element elementor-element-1c00be6 elementor-section-boxed elementor-section-height-default elementor-section-height-default\" data-id=\"1c00be6\" data-element_type=\"section\">\n\t\t\t\t\t\t<div class=\"elementor-container elementor-column-gap-default\">\n\t\t\t\t\t<div class=\"elementor-column elementor-col-100 elementor-top-column elementor-element elementor-element-3792169\" data-id=\"3792169\" data-element_type=\"column\">\n\t\t\t<div class=\"elementor-widget-wrap elementor-element-populated\">\n\t\t\t\t\t\t<div class=\"elementor-element elementor-element-cc2833c elementor-widget elementor-widget-heading\" data-id=\"cc2833c\" data-element_type=\"widget\" data-widget_type=\"heading.default\">\n\t\t\t\t<div class=\"elementor-widget-container\">\n\t\t\t\t\t<h2 class=\"elementor-heading-title elementor-size-default\">Qu'est-ce que la mangrove ?<\/h2>\t\t\t\t<\/div>\n\t\t\t\t<\/div>\n\t\t\t\t<div class=\"elementor-element elementor-element-fcdb380 elementor-widget elementor-widget-text-editor\" data-id=\"fcdb380\" data-element_type=\"widget\" data-widget_type=\"text-editor.default\">\n\t\t\t\t<div class=\"elementor-widget-container\">\n\t\t\t\t\t\t\t\t\t<p><span style=\"font-weight: 400;\">Elles se d\u00e9finissent comme des for\u00eats c\u00f4ti\u00e8res tropicales situ\u00e9es entre la mer et la terre ferme. Elles se d\u00e9veloppent dans des zones intertidales o\u00f9 l&#8217;eau de mer et l&#8217;eau douce se m\u00e9langent. Les principaux arbres qui composent cet \u00e9cosyst\u00e8me, appel\u00e9s pal\u00e9tuviers, sont adapt\u00e9s \u00e0 des conditions de salinit\u00e9 extr\u00eame et \u00e0 la saturation en eau.<\/span><\/p>\t\t\t\t\t\t\t\t<\/div>\n\t\t\t\t<\/div>\n\t\t\t\t<section class=\"elementor-section elementor-inner-section elementor-element elementor-element-9de77f0 elementor-section-boxed elementor-section-height-default elementor-section-height-default\" data-id=\"9de77f0\" data-element_type=\"section\">\n\t\t\t\t\t\t<div class=\"elementor-container elementor-column-gap-default\">\n\t\t\t\t\t<div class=\"elementor-column elementor-col-100 elementor-inner-column elementor-element elementor-element-6511e1f\" data-id=\"6511e1f\" data-element_type=\"column\">\n\t\t\t<div class=\"elementor-widget-wrap elementor-element-populated\">\n\t\t\t\t\t\t<div class=\"elementor-element elementor-element-b3a47c3 elementor-widget elementor-widget-image\" data-id=\"b3a47c3\" data-element_type=\"widget\" data-widget_type=\"image.default\">\n\t\t\t\t<div class=\"elementor-widget-container\">\n\t\t\t\t\t\t\t\t\t\t\t\t\t\t\t<img fetchpriority=\"high\" decoding=\"async\" width=\"800\" height=\"491\" src=\"https:\/\/richeskarayib.com\/wp-content\/uploads\/2025\/01\/les-paletuviers-en-mer-des-caraibes-deyyjn-Modifie-1024x629.jpg\" class=\"attachment-large size-large wp-image-44351\" alt=\"mangrove\" srcset=\"https:\/\/richeskarayib.com\/wp-content\/uploads\/2025\/01\/les-paletuviers-en-mer-des-caraibes-deyyjn-Modifie-1024x629.jpg 1024w, https:\/\/richeskarayib.com\/wp-content\/uploads\/2025\/01\/les-paletuviers-en-mer-des-caraibes-deyyjn-Modifie-300x184.jpg 300w, https:\/\/richeskarayib.com\/wp-content\/uploads\/2025\/01\/les-paletuviers-en-mer-des-caraibes-deyyjn-Modifie-768x472.jpg 768w, https:\/\/richeskarayib.com\/wp-content\/uploads\/2025\/01\/les-paletuviers-en-mer-des-caraibes-deyyjn-Modifie.jpg 1300w\" sizes=\"(max-width: 800px) 100vw, 800px\" \/>\t\t\t\t\t\t\t\t\t\t\t\t\t\t\t<\/div>\n\t\t\t\t<\/div>\n\t\t\t\t\t<\/div>\n\t\t<\/div>\n\t\t\t\t\t<\/div>\n\t\t<\/section>\n\t\t\t\t\t<\/div>\n\t\t<\/div>\n\t\t\t\t\t<\/div>\n\t\t<\/section>\n\t\t\t\t<section class=\"elementor-section elementor-top-section elementor-element elementor-element-3187633 elementor-section-boxed elementor-section-height-default elementor-section-height-default\" data-id=\"3187633\" data-element_type=\"section\">\n\t\t\t\t\t\t<div class=\"elementor-container elementor-column-gap-default\">\n\t\t\t\t\t<div class=\"elementor-column elementor-col-100 elementor-top-column elementor-element elementor-element-c032e63\" data-id=\"c032e63\" data-element_type=\"column\">\n\t\t\t<div class=\"elementor-widget-wrap elementor-element-populated\">\n\t\t\t\t\t\t<div class=\"elementor-element elementor-element-9d5dacd elementor-widget elementor-widget-heading\" data-id=\"9d5dacd\" data-element_type=\"widget\" data-widget_type=\"heading.default\">\n\t\t\t\t<div class=\"elementor-widget-container\">\n\t\t\t\t\t<h2 class=\"elementor-heading-title elementor-size-default\">Caract\u00e9ristiques des mangroves<\/h2>\t\t\t\t<\/div>\n\t\t\t\t<\/div>\n\t\t\t\t<div class=\"elementor-element elementor-element-81e86bb elementor-widget elementor-widget-text-editor\" data-id=\"81e86bb\" data-element_type=\"widget\" data-widget_type=\"text-editor.default\">\n\t\t\t\t<div class=\"elementor-widget-container\">\n\t\t\t\t\t\t\t\t\t<ul><li style=\"font-weight: 400;\" aria-level=\"1\"><b>Adaptations morphologiques<\/b><span style=\"font-weight: 400;\"> : Les pal\u00e9tuviers poss\u00e8dent des racines a\u00e9riennes qui leur permettent de respirer dans un sol souvent anoxique. Ces racines, en plus de stabiliser le sol, cr\u00e9ent des habitats pour une multitude d&#8217;esp\u00e8ces.<\/span><\/li><li style=\"font-weight: 400;\" aria-level=\"1\"><b>Biodiversit\u00e9<\/b><span style=\"font-weight: 400;\"> : Les\u00a0 sont non seulement des habitats pour les plantes et les animaux, mais elles jouent aussi un r\u00f4le crucial dans les cycles de vie de nombreuses esp\u00e8ces marines, servant de nurserie pour les juv\u00e9niles de poissons et d&#8217;autres organismes aquatiques.<\/span><\/li><\/ul>\t\t\t\t\t\t\t\t<\/div>\n\t\t\t\t<\/div>\n\t\t\t\t\t<\/div>\n\t\t<\/div>\n\t\t\t\t\t<\/div>\n\t\t<\/section>\n\t\t\t\t<section class=\"elementor-section elementor-top-section elementor-element elementor-element-6ac8ac2 elementor-section-boxed elementor-section-height-default elementor-section-height-default\" data-id=\"6ac8ac2\" data-element_type=\"section\">\n\t\t\t\t\t\t<div class=\"elementor-container elementor-column-gap-default\">\n\t\t\t\t\t<div class=\"elementor-column elementor-col-100 elementor-top-column elementor-element elementor-element-94356bc\" data-id=\"94356bc\" data-element_type=\"column\">\n\t\t\t<div class=\"elementor-widget-wrap elementor-element-populated\">\n\t\t\t\t\t\t<div class=\"elementor-element elementor-element-5d15014 elementor-widget elementor-widget-heading\" data-id=\"5d15014\" data-element_type=\"widget\" data-widget_type=\"heading.default\">\n\t\t\t\t<div class=\"elementor-widget-container\">\n\t\t\t\t\t<h2 class=\"elementor-heading-title elementor-size-default\">Un \u00e9cosyst\u00e8me adapt\u00e9 aux conditions extr\u00eames\n<\/h2>\t\t\t\t<\/div>\n\t\t\t\t<\/div>\n\t\t\t\t<div class=\"elementor-element elementor-element-cd463e0 elementor-widget elementor-widget-text-editor\" data-id=\"cd463e0\" data-element_type=\"widget\" data-widget_type=\"text-editor.default\">\n\t\t\t\t<div class=\"elementor-widget-container\">\n\t\t\t\t\t\t\t\t\t<p data-pm-slice=\"1 1 []\"><b>Conditions de croissance des mangroves<\/b><\/p>\t\t\t\t\t\t\t\t<\/div>\n\t\t\t\t<\/div>\n\t\t\t\t<div class=\"elementor-element elementor-element-4fcba0a elementor-widget elementor-widget-text-editor\" data-id=\"4fcba0a\" data-element_type=\"widget\" data-widget_type=\"text-editor.default\">\n\t\t\t\t<div class=\"elementor-widget-container\">\n\t\t\t\t\t\t\t\t\t<p><span style=\"font-weight: 400;\">Les pal\u00e9tuviers prosp\u00e8rent dans des milieux difficiles, souvent caract\u00e9ris\u00e9s par des niveaux \u00e9lev\u00e9s de salinit\u00e9, des fluctuations de temp\u00e9rature, et des p\u00e9riodes d&#8217;inondation. Les pal\u00e9tuviers ont d\u00e9velopp\u00e9 des adaptations sp\u00e9cifiques pour surmonter ces d\u00e9fis :<\/span><\/p><ul><li style=\"font-weight: 400;\" aria-level=\"1\"><b>Racines respiratoires<\/b><span style=\"font-weight: 400;\"> : Ces structures permettent aux arbres d&#8217;absorber l&#8217;oxyg\u00e8ne m\u00eame lorsque leurs racines sont submerg\u00e9es.<\/span><\/li><li style=\"font-weight: 400;\" aria-level=\"1\"><b>Filtration du sel<\/b><span style=\"font-weight: 400;\"> : Les pal\u00e9tuviers filtrent le sel de l&#8217;eau de mer \u00e0 travers leurs racines et excr\u00e8tent l&#8217;exc\u00e8s de sel par les feuilles, ce qui leur permet de survivre dans un environnement salin.<\/span><\/li><\/ul>\t\t\t\t\t\t\t\t<\/div>\n\t\t\t\t<\/div>\n\t\t\t\t\t<\/div>\n\t\t<\/div>\n\t\t\t\t\t<\/div>\n\t\t<\/section>\n\t\t\t\t<section class=\"elementor-section elementor-top-section elementor-element elementor-element-da6925e elementor-section-boxed elementor-section-height-default elementor-section-height-default\" data-id=\"da6925e\" data-element_type=\"section\">\n\t\t\t\t\t\t<div class=\"elementor-container elementor-column-gap-default\">\n\t\t\t\t\t<div class=\"elementor-column elementor-col-100 elementor-top-column elementor-element elementor-element-218c5e5\" data-id=\"218c5e5\" data-element_type=\"column\">\n\t\t\t<div class=\"elementor-widget-wrap elementor-element-populated\">\n\t\t\t\t\t\t<div class=\"elementor-element elementor-element-5144555 elementor-widget elementor-widget-heading\" data-id=\"5144555\" data-element_type=\"widget\" data-widget_type=\"heading.default\">\n\t\t\t\t<div class=\"elementor-widget-container\">\n\t\t\t\t\t<h2 class=\"elementor-heading-title elementor-size-default\">Un bouclier naturel pour les c\u00f4tes carib\u00e9ennes\n<\/h2>\t\t\t\t<\/div>\n\t\t\t\t<\/div>\n\t\t\t\t<div class=\"elementor-element elementor-element-fdf7ed1 elementor-widget elementor-widget-text-editor\" data-id=\"fdf7ed1\" data-element_type=\"widget\" data-widget_type=\"text-editor.default\">\n\t\t\t\t<div class=\"elementor-widget-container\">\n\t\t\t\t\t\t\t\t\t<p><span style=\"font-weight: 400;\"><a href=\"https:\/\/www.guadeloupe-parcnational.fr\/fr\/des-connaissances\/les-missions-scientifiques\/lactualite-scientifique\/les-mangroves-des-ecosystemes\" target=\"_blank\" rel=\"noopener nofollow\">Les mangroves<\/a> jouent un r\u00f4le essentiel dans la protection des c\u00f4tes contre les \u00e9v\u00e9nements climatiques extr\u00eames, tels que les ouragans et les temp\u00eates tropicales.<\/span><\/p><ul><li><b>Protection contre l&#8217;\u00e9rosion<\/b><\/li><li><span style=\"font-weight: 400;\">Le syst\u00e8me racinaire complexe des pal\u00e9tuviers aide \u00e0 stabiliser les s\u00e9diments sur les c\u00f4tes. En emp\u00eachant l&#8217;\u00e9rosion, elles pr\u00e9servent les terres c\u00f4ti\u00e8res et les habitats environnants. L&#8217;\u00e9rosion c\u00f4ti\u00e8re est un probl\u00e8me croissant dans la r\u00e9gion, aggrav\u00e9 par le changement climatique et l&#8217;urbanisation.<\/span><\/li><li><b>Att\u00e9nuation des impacts des ouragans<\/b><\/li><li><span style=\"font-weight: 400;\">Les pal\u00e9tuviers agissent comme un bouclier naturel en absorbant l&#8217;\u00e9nergie des vagues et en r\u00e9duisant la vitesse du vent. Leur capacit\u00e9 \u00e0 att\u00e9nuer les impacts des temp\u00eates est essentielle pour la s\u00e9curit\u00e9 des communaut\u00e9s c\u00f4ti\u00e8res. Des \u00e9tudes ont montr\u00e9 que les zones c\u00f4ti\u00e8res avec des pal\u00e9tuviers subissent moins de dommages lors des ouragans, ce qui souligne leur importance pour la r\u00e9silience c\u00f4ti\u00e8re.<\/span><\/li><\/ul>\t\t\t\t\t\t\t\t<\/div>\n\t\t\t\t<\/div>\n\t\t\t\t\t<\/div>\n\t\t<\/div>\n\t\t\t\t\t<\/div>\n\t\t<\/section>\n\t\t\t\t<section class=\"elementor-section elementor-top-section elementor-element elementor-element-86fa2b5 elementor-section-boxed elementor-section-height-default elementor-section-height-default\" data-id=\"86fa2b5\" data-element_type=\"section\">\n\t\t\t\t\t\t<div class=\"elementor-container elementor-column-gap-default\">\n\t\t\t\t\t<div class=\"elementor-column elementor-col-100 elementor-top-column elementor-element elementor-element-cc825a6\" data-id=\"cc825a6\" data-element_type=\"column\">\n\t\t\t<div class=\"elementor-widget-wrap elementor-element-populated\">\n\t\t\t\t\t\t<div class=\"elementor-element elementor-element-56fe5e3 elementor-widget elementor-widget-heading\" data-id=\"56fe5e3\" data-element_type=\"widget\" data-widget_type=\"heading.default\">\n\t\t\t\t<div class=\"elementor-widget-container\">\n\t\t\t\t\t<h2 class=\"elementor-heading-title elementor-size-default\">Un refuge pour la biodiversit\u00e9 carib\u00e9enne\n<\/h2>\t\t\t\t<\/div>\n\t\t\t\t<\/div>\n\t\t\t\t<div class=\"elementor-element elementor-element-e5377ef elementor-widget elementor-widget-text-editor\" data-id=\"e5377ef\" data-element_type=\"widget\" data-widget_type=\"text-editor.default\">\n\t\t\t\t<div class=\"elementor-widget-container\">\n\t\t\t\t\t\t\t\t\t<h3><b>Faune et flore uniques<\/b><\/h3><p><a href=\"https:\/\/agritrop.cirad.fr\/557839\/1\/document_557839.pdf\" target=\"_blank\" rel=\"noopener nofollow\"><span style=\"font-weight: 400;\">Les <\/span><b>mangroves<\/b><\/a><span style=\"font-weight: 400;\"> abritent une diversit\u00e9 incroyable d&#8217;esp\u00e8ces. Environ 75 % des esp\u00e8ces de poissons commerciaux tropicaux utilisent les pal\u00e9tuviers comme nurseries. Les racines des pal\u00e9tuviers fournissent un habitat s\u00fbr pour les juv\u00e9niles, les prot\u00e9geant des pr\u00e9dateurs.<\/span><\/p><ul><li style=\"font-weight: 400;\" aria-level=\"1\"><b>Oiseaux<\/b><span style=\"font-weight: 400;\"> : De nombreuses esp\u00e8ces d&#8217;oiseaux, tels que les h\u00e9rons et les aigrettes, d\u00e9pendent des pal\u00e9tuviers pour leur alimentation et leur reproduction.<\/span><\/li><li style=\"font-weight: 400;\" aria-level=\"1\"><b>Reptiles et mammif\u00e8res<\/b><span style=\"font-weight: 400;\"> : Les pal\u00e9tuviers sont \u00e9galement le foyer de reptiles comme les iguanes et des mammif\u00e8res tels que les lamantins, qui jouent un r\u00f4le dans l&#8217;\u00e9cosyst\u00e8me.<\/span><\/li><\/ul>\t\t\t\t\t\t\t\t<\/div>\n\t\t\t\t<\/div>\n\t\t\t\t<div class=\"elementor-element elementor-element-498fb4b elementor-widget elementor-widget-image\" data-id=\"498fb4b\" data-element_type=\"widget\" data-widget_type=\"image.default\">\n\t\t\t\t<div class=\"elementor-widget-container\">\n\t\t\t\t\t\t\t\t\t\t\t\t\t\t\t<img decoding=\"async\" width=\"800\" height=\"528\" src=\"https:\/\/richeskarayib.com\/wp-content\/uploads\/2025\/01\/silversides-se-cacher-autour-des-racines-de-mangrove-belize-axh9gb-Modifie-1024x676.jpg\" class=\"attachment-large size-large wp-image-44355\" alt=\"Mangrove\" srcset=\"https:\/\/richeskarayib.com\/wp-content\/uploads\/2025\/01\/silversides-se-cacher-autour-des-racines-de-mangrove-belize-axh9gb-Modifie-1024x676.jpg 1024w, https:\/\/richeskarayib.com\/wp-content\/uploads\/2025\/01\/silversides-se-cacher-autour-des-racines-de-mangrove-belize-axh9gb-Modifie-300x198.jpg 300w, https:\/\/richeskarayib.com\/wp-content\/uploads\/2025\/01\/silversides-se-cacher-autour-des-racines-de-mangrove-belize-axh9gb-Modifie-768x507.jpg 768w, https:\/\/richeskarayib.com\/wp-content\/uploads\/2025\/01\/silversides-se-cacher-autour-des-racines-de-mangrove-belize-axh9gb-Modifie.jpg 1300w\" sizes=\"(max-width: 800px) 100vw, 800px\" \/>\t\t\t\t\t\t\t\t\t\t\t\t\t\t\t<\/div>\n\t\t\t\t<\/div>\n\t\t\t\t\t<\/div>\n\t\t<\/div>\n\t\t\t\t\t<\/div>\n\t\t<\/section>\n\t\t\t\t<section class=\"elementor-section elementor-top-section elementor-element elementor-element-dfaab2d elementor-section-boxed elementor-section-height-default elementor-section-height-default\" data-id=\"dfaab2d\" data-element_type=\"section\">\n\t\t\t\t\t\t<div class=\"elementor-container elementor-column-gap-default\">\n\t\t\t\t\t<div class=\"elementor-column elementor-col-100 elementor-top-column elementor-element elementor-element-28efd23\" data-id=\"28efd23\" data-element_type=\"column\">\n\t\t\t<div class=\"elementor-widget-wrap elementor-element-populated\">\n\t\t\t\t\t\t<div class=\"elementor-element elementor-element-b70f2e8 elementor-widget elementor-widget-heading\" data-id=\"b70f2e8\" data-element_type=\"widget\" data-widget_type=\"heading.default\">\n\t\t\t\t<div class=\"elementor-widget-container\">\n\t\t\t\t\t<h2 class=\"elementor-heading-title elementor-size-default\">Importance \u00e9conomique\n<\/h2>\t\t\t\t<\/div>\n\t\t\t\t<\/div>\n\t\t\t\t<div class=\"elementor-element elementor-element-1f60850 elementor-widget elementor-widget-text-editor\" data-id=\"1f60850\" data-element_type=\"widget\" data-widget_type=\"text-editor.default\">\n\t\t\t\t<div class=\"elementor-widget-container\">\n\t\t\t\t\t\t\t\t\t<p><span style=\"font-weight: 400;\">Les <\/span><b>mangroves<\/b><span style=\"font-weight: 400;\"> ne sont pas seulement importantes d&#8217;un point de vue \u00e9cologique, mais elles ont \u00e9galement une valeur \u00e9conomique significative. Elles soutiennent la p\u00eache, le tourisme \u00e9cologique et fournissent des ressources telles que le bois et les plantes m\u00e9dicinales. Leur pr\u00e9servation est donc essentielle pour le d\u00e9veloppement durable des communaut\u00e9s c\u00f4ti\u00e8res.<\/span><\/p>\t\t\t\t\t\t\t\t<\/div>\n\t\t\t\t<\/div>\n\t\t\t\t\t<\/div>\n\t\t<\/div>\n\t\t\t\t\t<\/div>\n\t\t<\/section>\n\t\t\t\t<section class=\"elementor-section elementor-top-section elementor-element elementor-element-8bd80aa elementor-section-boxed elementor-section-height-default elementor-section-height-default\" data-id=\"8bd80aa\" data-element_type=\"section\">\n\t\t\t\t\t\t<div class=\"elementor-container elementor-column-gap-default\">\n\t\t\t\t\t<div class=\"elementor-column elementor-col-100 elementor-top-column elementor-element elementor-element-f3e6797\" data-id=\"f3e6797\" data-element_type=\"column\">\n\t\t\t<div class=\"elementor-widget-wrap elementor-element-populated\">\n\t\t\t\t\t\t<div class=\"elementor-element elementor-element-52eb085 elementor-widget elementor-widget-heading\" data-id=\"52eb085\" data-element_type=\"widget\" data-widget_type=\"heading.default\">\n\t\t\t\t<div class=\"elementor-widget-container\">\n\t\t\t\t\t<h2 class=\"elementor-heading-title elementor-size-default\">Les mangroves dans diff\u00e9rentes \u00eeles de la Cara\u00efbe\n<\/h2>\t\t\t\t<\/div>\n\t\t\t\t<\/div>\n\t\t\t\t<div class=\"elementor-element elementor-element-b40b3c2 elementor-widget elementor-widget-text-editor\" data-id=\"b40b3c2\" data-element_type=\"widget\" data-widget_type=\"text-editor.default\">\n\t\t\t\t<div class=\"elementor-widget-container\">\n\t\t\t\t\t\t\t\t\t<p><span style=\"font-weight: 400;\">Le pal\u00e9tuvier est un \u00e9cosyst\u00e8me vital qui s&#8217;\u00e9tend sur plusieurs \u00eeles de la Grande Cara\u00efbe, incluant les territoires francophones, anglophones et hispanophones. Chaque r\u00e9gion pr\u00e9sente ses propres caract\u00e9ristiques \u00e9cologiques, ses d\u00e9fis et ses initiatives de conservation.<\/span><\/p>\t\t\t\t\t\t\t\t<\/div>\n\t\t\t\t<\/div>\n\t\t\t\t<div class=\"elementor-element elementor-element-46ee701 elementor-widget elementor-widget-text-editor\" data-id=\"46ee701\" data-element_type=\"widget\" data-widget_type=\"text-editor.default\">\n\t\t\t\t<div class=\"elementor-widget-container\">\n\t\t\t\t\t\t\t\t\t<h3><b>\u00celes anglophones : Jama\u00efque et Bahamas<\/b><\/h3><h4><b>Jama\u00efque<\/b><\/h4><p><span style=\"font-weight: 400;\">La Jama\u00efque poss\u00e8de des mangroves importantes, particuli\u00e8rement dans des zones comme la baie de Portland Bight et la r\u00e9gion de Black River. Cependant, ces \u00e9cosyst\u00e8mes font face \u00e0 des menaces significatives, notamment l&#8217;urbanisation rapide, la pollution et l&#8217;exploitation des ressources. Des efforts de conservation sont en place, avec de nombreuses ONG travaillant \u00e0 la restauration des pal\u00e9tuviers et \u00e0 la sensibilisation du public sur leur importance \u00e9cologique.<\/span><\/p><h4><b>Bahamas<\/b><\/h4><p><span style=\"font-weight: 400;\">Les Bahamas abritent d&#8217;importantes \u00e9tendues de pal\u00e9tuviers, qui jouent un r\u00f4le crucial dans la protection des c\u00f4tes et le soutien \u00e0 la biodiversit\u00e9 marine. Les pal\u00e9tuviers bahamiennes sont essentielles pour la p\u00eache locale et le tourisme. Cependant, des d\u00e9fis comme le d\u00e9veloppement immobilier et le changement climatique menacent leur int\u00e9grit\u00e9. Des programmes de conservation sont en cours pour sauvegarder cet \u00e9cosyst\u00e8me vital.<\/span><\/p>\t\t\t\t\t\t\t\t<\/div>\n\t\t\t\t<\/div>\n\t\t\t\t<div class=\"elementor-element elementor-element-6a2b319 elementor-widget elementor-widget-text-editor\" data-id=\"6a2b319\" data-element_type=\"widget\" data-widget_type=\"text-editor.default\">\n\t\t\t\t<div class=\"elementor-widget-container\">\n\t\t\t\t\t\t\t\t\t<h3><b>\u00celes hispanophones : Cuba et R\u00e9publique dominicaine<\/b><\/h3><h4><b>Cuba<\/b><\/h4><p><span style=\"font-weight: 400;\">Cuba poss\u00e8de la plus grande \u00e9tendue de mangroves des Cara\u00efbes, avec plus de 450 000 hectares. Ces for\u00eats jouent un r\u00f4le crucial dans la protection des c\u00f4tes cubaines, offrant un habitat pour une biodiversit\u00e9 riche et fournissant des ressources \u00e9conomiques. Le gouvernement cubain, en collaboration avec des organisations internationales, a mis en place des initiatives pour prot\u00e9ger et restaurer les pal\u00e9tuviers, en soulignant leur importance dans la lutte contre le changement climatique et la r\u00e9duction des risques de catastrophes naturelles.<\/span><\/p><h4><b>R\u00e9publique Dominicaine<\/b><\/h4><p><span style=\"font-weight: 400;\">En R\u00e9publique Dominicaine, les mangroves sont pr\u00e9sentes le long de la c\u00f4te sud, notamment dans la r\u00e9gion de la Baie de Saman\u00e1. Ces \u00e9cosyst\u00e8mes sont essentiels pour la biodiversit\u00e9 locale et la p\u00eache. Cependant, comme dans d&#8217;autres r\u00e9gions, l&#8217;urbanisation et la pollution menacent les pal\u00e9tuviers. Des initiatives de conservation sont en cours pour sensibiliser la population locale \u00e0 l&#8217;importance de ces \u00e9cosyst\u00e8mes et pour restaurer les zones d\u00e9grad\u00e9es.<\/span><\/p>\t\t\t\t\t\t\t\t<\/div>\n\t\t\t\t<\/div>\n\t\t\t\t<div class=\"elementor-element elementor-element-fbafff6 elementor-widget elementor-widget-text-editor\" data-id=\"fbafff6\" data-element_type=\"widget\" data-widget_type=\"text-editor.default\">\n\t\t\t\t<div class=\"elementor-widget-container\">\n\t\t\t\t\t\t\t\t\t<h3><b>\u00celes francophones : Guadeloupe et Martinique<\/b><\/h3><h4><b>Guadeloupe<\/b><\/h4><p><span style=\"font-weight: 400;\">La Guadeloupe abrite plus de 3 000 hectares de pal\u00e9tuviers, principalement concentr\u00e9s dans le Grand Cul-de-Sac Marin. Ces zones sont officiellement prot\u00e9g\u00e9es par des lois locales et font l&#8217;objet de programmes de conservation qui impliquent activement la communaut\u00e9 locale. Des initiatives de sensibilisation visent \u00e0 \u00e9duquer les habitants sur l&#8217;importance des pal\u00e9tuviers pour la biodiversit\u00e9, la protection des c\u00f4tes et la lutte contre le changement climatique. La Guadeloupe est aussi un mod\u00e8le de coop\u00e9ration entre les autorit\u00e9s, les ONG et les communaut\u00e9s pour la gestion durable des ressources.<\/span><\/p><h4><b>Martinique<\/b><\/h4><p><span style=\"font-weight: 400;\">Bien que les mangroves de Martinique soient moins \u00e9tendues que celles de Guadeloupe, des projets de replantation et de restauration sont en cours dans plusieurs zones, notamment dans la baie de Fort-de-France. Ces initiatives visent \u00e0 restaurer les zones d\u00e9grad\u00e9es tout en sensibilisant la population \u00e0 l&#8217;importance de ces \u00e9cosyst\u00e8mes pour la biodiversit\u00e9 marine et la r\u00e9gulation des \u00e9cosyst\u00e8mes c\u00f4tiers.<\/span><\/p>\t\t\t\t\t\t\t\t<\/div>\n\t\t\t\t<\/div>\n\t\t\t\t\t<\/div>\n\t\t<\/div>\n\t\t\t\t\t<\/div>\n\t\t<\/section>\n\t\t\t\t<section class=\"elementor-section elementor-top-section elementor-element elementor-element-5255d98 elementor-section-boxed elementor-section-height-default elementor-section-height-default\" data-id=\"5255d98\" data-element_type=\"section\">\n\t\t\t\t\t\t<div class=\"elementor-container elementor-column-gap-default\">\n\t\t\t\t\t<div class=\"elementor-column elementor-col-100 elementor-top-column elementor-element elementor-element-283648e\" data-id=\"283648e\" data-element_type=\"column\">\n\t\t\t<div class=\"elementor-widget-wrap elementor-element-populated\">\n\t\t\t\t\t\t<div class=\"elementor-element elementor-element-9ff731c elementor-widget elementor-widget-heading\" data-id=\"9ff731c\" data-element_type=\"widget\" data-widget_type=\"heading.default\">\n\t\t\t\t<div class=\"elementor-widget-container\">\n\t\t\t\t\t<h2 class=\"elementor-heading-title elementor-size-default\">Menaces et d\u00e9fis pour les mangroves carib\u00e9ennes<\/h2>\t\t\t\t<\/div>\n\t\t\t\t<\/div>\n\t\t\t\t<div class=\"elementor-element elementor-element-9169fe4 elementor-widget elementor-widget-text-editor\" data-id=\"9169fe4\" data-element_type=\"widget\" data-widget_type=\"text-editor.default\">\n\t\t\t\t<div class=\"elementor-widget-container\">\n\t\t\t\t\t\t\t\t\t<ul><li><b>Urbanisation et d\u00e9veloppement c\u00f4tier<\/b><\/li><li><span style=\"font-weight: 400;\">L&#8217;expansion des zones urbaines et touristiques entra\u00eene souvent la destruction des pal\u00e9tuviers. Les projets immobiliers en bord de mer compromettent cet \u00e9cosyst\u00e8me vital, ce qui n\u00e9cessite des mesures de protection plus strictes.<\/span><\/li><li><b>Pollution<\/b><\/li><li><span style=\"font-weight: 400;\">Les d\u00e9versements d&#8217;hydrocarbures et la pollution par les plastiques affectent gravement la sant\u00e9 des pal\u00e9tuviers. La pollution chimique et les d\u00e9chets plastiques nuisent \u00e0 la faune et \u00e0 la flore, perturbant l&#8217;\u00e9quilibre \u00e9cologique.<\/span><\/li><li><b>Changement climatique<\/b><\/li><li><span style=\"font-weight: 400;\">Le changement climatique, en particulier la mont\u00e9e du niveau des oc\u00e9ans et l&#8217;intensification des ouragans, met \u00e0 rude \u00e9preuve la r\u00e9silience des pal\u00e9tuviers. La perte de ces for\u00eats pourrait avoir des cons\u00e9quences d\u00e9sastreuses pour la biodiversit\u00e9 et les communaut\u00e9s c\u00f4ti\u00e8res qui en d\u00e9pendent.<\/span><\/li><\/ul>\t\t\t\t\t\t\t\t<\/div>\n\t\t\t\t<\/div>\n\t\t\t\t\t<\/div>\n\t\t<\/div>\n\t\t\t\t\t<\/div>\n\t\t<\/section>\n\t\t\t\t<section class=\"elementor-section elementor-top-section elementor-element elementor-element-4acb73c elementor-section-boxed elementor-section-height-default elementor-section-height-default\" data-id=\"4acb73c\" data-element_type=\"section\">\n\t\t\t\t\t\t<div class=\"elementor-container elementor-column-gap-default\">\n\t\t\t\t\t<div class=\"elementor-column elementor-col-100 elementor-top-column elementor-element elementor-element-d3e8eb3\" data-id=\"d3e8eb3\" data-element_type=\"column\">\n\t\t\t<div class=\"elementor-widget-wrap elementor-element-populated\">\n\t\t\t\t\t\t<div class=\"elementor-element elementor-element-dc130a8 elementor-widget elementor-widget-heading\" data-id=\"dc130a8\" data-element_type=\"widget\" data-widget_type=\"heading.default\">\n\t\t\t\t<div class=\"elementor-widget-container\">\n\t\t\t\t\t<h2 class=\"elementor-heading-title elementor-size-default\">Initiatives de conservation dans la Cara\u00efbe\n<\/h2>\t\t\t\t<\/div>\n\t\t\t\t<\/div>\n\t\t\t\t<div class=\"elementor-element elementor-element-5008f0b elementor-widget elementor-widget-text-editor\" data-id=\"5008f0b\" data-element_type=\"widget\" data-widget_type=\"text-editor.default\">\n\t\t\t\t<div class=\"elementor-widget-container\">\n\t\t\t\t\t\t\t\t\t<p><span style=\"font-weight: 400;\">Face \u00e0 ces d\u00e9fis, de nombreux projets de protection et de restauration sont en cours :<\/span><\/p><ul><li><b>Cr\u00e9ation d&#8217;aires marines prot\u00e9g\u00e9es<\/b><\/li><li><span style=\"font-weight: 400;\">De nombreuses \u00eeles ont \u00e9tabli des zones de protection incluant les mangroves, comme le Parc National de Guadeloupe. Ces zones prot\u00e9g\u00e9es sont cruciales pour la conservation de la biodiversit\u00e9 marine et terrestre.<\/span><\/li><li><b>Programmes de replantation<\/b><\/li><li><span style=\"font-weight: 400;\">Des initiatives de replantation de pal\u00e9tuviers sont mises en \u0153uvre dans plusieurs \u00eeles, impliquant souvent les communaut\u00e9s locales. Ces projets visent \u00e0 restaurer les habitats d\u00e9grad\u00e9s et \u00e0 sensibiliser \u00e0 la protection de l&#8217;environnement.<\/span><\/li><li><b>Sensibilisation et \u00e9cotourisme<\/b><\/li><li><span style=\"font-weight: 400;\">Le d\u00e9veloppement d&#8217;activit\u00e9s \u00e9cotouristiques permet de sensibiliser le public \u00e0 l&#8217;importance des pal\u00e9tuviers tout en g\u00e9n\u00e9rant des revenus pour leur conservation. Cela cr\u00e9e un lien entre les populations locales et leur environnement.<\/span><\/li><\/ul>\t\t\t\t\t\t\t\t<\/div>\n\t\t\t\t<\/div>\n\t\t\t\t<section class=\"elementor-section elementor-inner-section elementor-element elementor-element-3720be4 elementor-section-boxed elementor-section-height-default elementor-section-height-default\" data-id=\"3720be4\" data-element_type=\"section\">\n\t\t\t\t\t\t<div class=\"elementor-container elementor-column-gap-default\">\n\t\t\t\t\t<div class=\"elementor-column elementor-col-100 elementor-inner-column elementor-element elementor-element-7789eae\" data-id=\"7789eae\" data-element_type=\"column\">\n\t\t\t<div class=\"elementor-widget-wrap elementor-element-populated\">\n\t\t\t\t\t\t<div class=\"elementor-element elementor-element-acbf6e4 elementor-widget elementor-widget-image\" data-id=\"acbf6e4\" data-element_type=\"widget\" data-widget_type=\"image.default\">\n\t\t\t\t<div class=\"elementor-widget-container\">\n\t\t\t\t\t\t\t\t\t\t\t\t\t\t\t<img decoding=\"async\" width=\"800\" height=\"598\" src=\"https:\/\/richeskarayib.com\/wp-content\/uploads\/2025\/01\/la-jamaique-sur-la-riviere-noire-cwm4f4-Modifie-1024x766.jpg\" class=\"attachment-large size-large wp-image-44359\" alt=\"mangrove\" srcset=\"https:\/\/richeskarayib.com\/wp-content\/uploads\/2025\/01\/la-jamaique-sur-la-riviere-noire-cwm4f4-Modifie-1024x766.jpg 1024w, https:\/\/richeskarayib.com\/wp-content\/uploads\/2025\/01\/la-jamaique-sur-la-riviere-noire-cwm4f4-Modifie-300x225.jpg 300w, https:\/\/richeskarayib.com\/wp-content\/uploads\/2025\/01\/la-jamaique-sur-la-riviere-noire-cwm4f4-Modifie-768x575.jpg 768w, https:\/\/richeskarayib.com\/wp-content\/uploads\/2025\/01\/la-jamaique-sur-la-riviere-noire-cwm4f4-Modifie.jpg 1300w\" sizes=\"(max-width: 800px) 100vw, 800px\" \/>\t\t\t\t\t\t\t\t\t\t\t\t\t\t\t<\/div>\n\t\t\t\t<\/div>\n\t\t\t\t\t<\/div>\n\t\t<\/div>\n\t\t\t\t\t<\/div>\n\t\t<\/section>\n\t\t\t\t\t<\/div>\n\t\t<\/div>\n\t\t\t\t\t<\/div>\n\t\t<\/section>\n\t\t\t\t<section class=\"elementor-section elementor-top-section elementor-element elementor-element-eed23f5 elementor-section-boxed elementor-section-height-default elementor-section-height-default\" data-id=\"eed23f5\" data-element_type=\"section\">\n\t\t\t\t\t\t<div class=\"elementor-container elementor-column-gap-default\">\n\t\t\t\t\t<div class=\"elementor-column elementor-col-100 elementor-top-column elementor-element elementor-element-e376303\" data-id=\"e376303\" data-element_type=\"column\">\n\t\t\t<div class=\"elementor-widget-wrap elementor-element-populated\">\n\t\t\t\t\t\t<div class=\"elementor-element elementor-element-a5e2735 elementor-widget elementor-widget-heading\" data-id=\"a5e2735\" data-element_type=\"widget\" data-widget_type=\"heading.default\">\n\t\t\t\t<div class=\"elementor-widget-container\">\n\t\t\t\t\t<h2 class=\"elementor-heading-title elementor-size-default\">L'avenir des mangroves carib\u00e9ennes<\/h2>\t\t\t\t<\/div>\n\t\t\t\t<\/div>\n\t\t\t\t<div class=\"elementor-element elementor-element-8e30079 elementor-widget elementor-widget-text-editor\" data-id=\"8e30079\" data-element_type=\"widget\" data-widget_type=\"text-editor.default\">\n\t\t\t\t<div class=\"elementor-widget-container\">\n\t\t\t\t\t\t\t\t\t<p><span style=\"font-weight: 400;\">La pr\u00e9servation des pal\u00e9tuviers est cruciale pour l&#8217;avenir des \u00eeles de la <a href=\"https:\/\/richeskarayib.com\/fr\/les-plages-secretes-de-la-caraibe-blog-post\/\" target=\"_blank\" rel=\"noopener\">Cara\u00efbe<\/a>. Ces \u00e9cosyst\u00e8mes offrent une protection naturelle contre les al\u00e9as climatiques et constituent un atout majeur dans la lutte contre le r\u00e9chauffement climatique.<\/span><\/p><ul><li><b>Un puits de carbone naturel<\/b><\/li><li><span style=\"font-weight: 400;\">Les pal\u00e9tuviers sont parmi les \u00e9cosyst\u00e8mes les plus efficaces pour s\u00e9questrer le carbone atmosph\u00e9rique, contribuant ainsi \u00e0 att\u00e9nuer les effets du changement climatique. La reconnaissance de leur r\u00f4le dans la capture du carbone est essentielle pour les politiques de protection de l&#8217;environnement.<\/span><\/li><li><b>Un enjeu \u00e9conomique<\/b><\/li><li><span style=\"font-weight: 400;\">La protection des pal\u00e9tuviers est \u00e9galement un investissement \u00e9conomique judicieux. En pr\u00e9servant les ressources halieutiques et en r\u00e9duisant les risques li\u00e9s aux catastrophes naturelles, elles g\u00e9n\u00e8rent des b\u00e9n\u00e9fices bien sup\u00e9rieurs aux co\u00fbts de leur conservation.<\/span><\/li><\/ul>\t\t\t\t\t\t\t\t<\/div>\n\t\t\t\t<\/div>\n\t\t\t\t\t<\/div>\n\t\t<\/div>\n\t\t\t\t\t<\/div>\n\t\t<\/section>\n\t\t\t\t<section class=\"elementor-section elementor-top-section elementor-element elementor-element-62f7d19 elementor-section-boxed elementor-section-height-default elementor-section-height-default\" data-id=\"62f7d19\" data-element_type=\"section\">\n\t\t\t\t\t\t<div class=\"elementor-container elementor-column-gap-default\">\n\t\t\t\t\t<div class=\"elementor-column elementor-col-100 elementor-top-column elementor-element elementor-element-eed3b19\" data-id=\"eed3b19\" data-element_type=\"column\">\n\t\t\t<div class=\"elementor-widget-wrap elementor-element-populated\">\n\t\t\t\t\t\t<div class=\"elementor-element elementor-element-aa75de9 elementor-widget elementor-widget-text-editor\" data-id=\"aa75de9\" data-element_type=\"widget\" data-widget_type=\"text-editor.default\">\n\t\t\t\t<div class=\"elementor-widget-container\">\n\t\t\t\t\t\t\t\t\t<p><span style=\"font-weight: 400;\">Les <\/span><b>mangroves<\/b><span style=\"font-weight: 400;\"> sont v\u00e9ritablement les gardiennes vitales des \u00eeles carib\u00e9ennes. Leur pr\u00e9servation est essentielle non seulement pour la biodiversit\u00e9 unique qu&#8217;elles abritent, mais aussi pour la r\u00e9silience des communaut\u00e9s c\u00f4ti\u00e8res face aux d\u00e9fis environnementaux. Il est crucial que les efforts de conservation se poursuivent et s&#8217;intensifient dans toute la r\u00e9gion pour assurer un avenir durable \u00e0 cet \u00e9cosyst\u00e8me irrempla\u00e7able.<\/span><\/p>\t\t\t\t\t\t\t\t<\/div>\n\t\t\t\t<\/div>\n\t\t\t\t\t<\/div>\n\t\t<\/div>\n\t\t\t\t\t<\/div>\n\t\t<\/section>\n\t\t\t\t<\/div>\n\t\t","protected":false},"excerpt":{"rendered":"<p>La mangrove est un \u00e9cosyst\u00e8me vital qui joue un r\u00f4le crucial dans la pr\u00e9servation des \u00eeles de la Cara\u00efbe. En plus de servir de rempart naturel contre les al\u00e9as climatiques, elle abrite une biodiversit\u00e9 exceptionnelle et offre de nombreux services \u00e9cologiques. Cet article vise \u00e0 explorer en profondeur l&#8217;importance des mangroves, les d\u00e9fis auxquels elles [&hellip;]<\/p>\n","protected":false},"author":662,"featured_media":44347,"comment_status":"open","ping_status":"open","sticky":false,"template":"","format":"standard","meta":{"_acf_changed":false,"footnotes":""},"categories":[1468],"tags":[1441,1450,1545,808,1676],"class_list":["post-44346","post","type-post","status-publish","format-standard","has-post-thumbnail","hentry","category-histoire-patrimoine","tag-anguilla-fr","tag-dominique-fr","tag-guadeloupe-2","tag-martinique-fr","tag-trinidad-et-tobago-2"],"acf":[],"_links":{"self":[{"href":"https:\/\/richeskarayib.com\/fr\/wp-json\/wp\/v2\/posts\/44346","targetHints":{"allow":["GET"]}}],"collection":[{"href":"https:\/\/richeskarayib.com\/fr\/wp-json\/wp\/v2\/posts"}],"about":[{"href":"https:\/\/richeskarayib.com\/fr\/wp-json\/wp\/v2\/types\/post"}],"author":[{"embeddable":true,"href":"https:\/\/richeskarayib.com\/fr\/wp-json\/wp\/v2\/users\/662"}],"replies":[{"embeddable":true,"href":"https:\/\/richeskarayib.com\/fr\/wp-json\/wp\/v2\/comments?post=44346"}],"version-history":[{"count":0,"href":"https:\/\/richeskarayib.com\/fr\/wp-json\/wp\/v2\/posts\/44346\/revisions"}],"wp:featuredmedia":[{"embeddable":true,"href":"https:\/\/richeskarayib.com\/fr\/wp-json\/wp\/v2\/media\/44347"}],"wp:attachment":[{"href":"https:\/\/richeskarayib.com\/fr\/wp-json\/wp\/v2\/media?parent=44346"}],"wp:term":[{"taxonomy":"category","embeddable":true,"href":"https:\/\/richeskarayib.com\/fr\/wp-json\/wp\/v2\/categories?post=44346"},{"taxonomy":"post_tag","embeddable":true,"href":"https:\/\/richeskarayib.com\/fr\/wp-json\/wp\/v2\/tags?post=44346"}],"curies":[{"name":"wp","href":"https:\/\/api.w.org\/{rel}","templated":true}]}}