{"id":44599,"date":"2025-02-04T07:00:15","date_gmt":"2025-02-04T11:00:15","guid":{"rendered":"https:\/\/richeskarayib.com\/?p=44599"},"modified":"2025-02-04T07:03:56","modified_gmt":"2025-02-04T11:03:56","slug":"johann-deterville-saint-lucien-grammy-post","status":"publish","type":"post","link":"https:\/\/richeskarayib.com\/fr\/johann-deterville-saint-lucien-grammy-post\/","title":{"rendered":"Johann Deterville : un Saint-Lucien triomphant aux Grammy Awards"},"content":{"rendered":"\t\t<div data-elementor-type=\"wp-post\" data-elementor-id=\"44599\" class=\"elementor elementor-44599\" data-elementor-post-type=\"post\">\n\t\t\t\t\t\t<section class=\"elementor-section elementor-top-section elementor-element elementor-element-4020f89 elementor-section-boxed elementor-section-height-default elementor-section-height-default\" data-id=\"4020f89\" data-element_type=\"section\">\n\t\t\t\t\t\t<div class=\"elementor-container elementor-column-gap-default\">\n\t\t\t\t\t<div class=\"elementor-column elementor-col-100 elementor-top-column elementor-element elementor-element-98a76b8\" data-id=\"98a76b8\" data-element_type=\"column\">\n\t\t\t<div class=\"elementor-widget-wrap elementor-element-populated\">\n\t\t\t\t\t\t<div class=\"elementor-element elementor-element-c8bcd6e elementor-widget elementor-widget-heading\" data-id=\"c8bcd6e\" data-element_type=\"widget\" data-widget_type=\"heading.default\">\n\t\t\t\t<div class=\"elementor-widget-container\">\n\t\t\t\t\t<h2 class=\"elementor-heading-title elementor-size-default\">Johann Deterville : le premier Saint-Lucien \u00e0 remporter un Grammy\n<\/h2>\t\t\t\t<\/div>\n\t\t\t\t<\/div>\n\t\t\t\t<div class=\"elementor-element elementor-element-eed5b81 elementor-widget elementor-widget-text-editor\" data-id=\"eed5b81\" data-element_type=\"widget\" data-widget_type=\"text-editor.default\">\n\t\t\t\t<div class=\"elementor-widget-container\">\n\t\t\t\t\t\t\t\t\t<p><span style=\"font-weight: 400;\">Johann Deterville, connu sous le nom de <\/span><b>&#8220;Yogidaproducer&#8221;<\/b><span style=\"font-weight: 400;\">, a marqu\u00e9 l\u2019histoire en devenant le premier Saint-Lucien \u00e0 remporter un Grammy Award. Cette victoire historique a eu lieu lors de la 67e c\u00e9r\u00e9monie des Grammy Awards, o\u00f9 l&#8217;album <\/span><b>&#8220;11:11 (Deluxe)&#8221;<\/b><span style=\"font-weight: 400;\"> de Chris Brown, sur lequel il a contribu\u00e9, a re\u00e7u le prix du meilleur album R&amp;B. Ce moment fort a suscit\u00e9 une immense fiert\u00e9 chez les Saint-Luciens et dans toute la r\u00e9gion des Cara\u00efbes.<\/span><\/p>\t\t\t\t\t\t\t\t<\/div>\n\t\t\t\t<\/div>\n\t\t\t\t\t<\/div>\n\t\t<\/div>\n\t\t\t\t\t<\/div>\n\t\t<\/section>\n\t\t\t\t<section class=\"elementor-section elementor-top-section elementor-element elementor-element-329a1c4 elementor-section-boxed elementor-section-height-default elementor-section-height-default\" data-id=\"329a1c4\" data-element_type=\"section\">\n\t\t\t\t\t\t<div class=\"elementor-container elementor-column-gap-default\">\n\t\t\t\t\t<div class=\"elementor-column elementor-col-100 elementor-top-column elementor-element elementor-element-43de922\" data-id=\"43de922\" data-element_type=\"column\">\n\t\t\t<div class=\"elementor-widget-wrap elementor-element-populated\">\n\t\t\t\t\t\t<div class=\"elementor-element elementor-element-9de5902 elementor-widget elementor-widget-heading\" data-id=\"9de5902\" data-element_type=\"widget\" data-widget_type=\"heading.default\">\n\t\t\t\t<div class=\"elementor-widget-container\">\n\t\t\t\t\t<h2 class=\"elementor-heading-title elementor-size-default\">Un parcours inspirant vers le succ\u00e8s\n<\/h2>\t\t\t\t<\/div>\n\t\t\t\t<\/div>\n\t\t\t\t<div class=\"elementor-element elementor-element-f766302 elementor-widget elementor-widget-text-editor\" data-id=\"f766302\" data-element_type=\"widget\" data-widget_type=\"text-editor.default\">\n\t\t\t\t<div class=\"elementor-widget-container\">\n\t\t\t\t\t\t\t\t\t<p><span style=\"font-weight: 400;\">Originaire d&#8217;Anse La Raye, un petit village de p\u00eacheurs de Sainte-Lucie, Johann Deterville a su gravir les \u00e9chelons de l&#8217;industrie musicale mondiale. Sa contribution \u00e0 l&#8217;album de Chris Brown, notamment sur la piste &#8220;Run Away&#8221; en collaboration avec Bryson Tiller, a \u00e9t\u00e9 essentielle pour cette r\u00e9ussite. Dans un message \u00e9mu sur sa page Facebook, il a exprim\u00e9 sa gratitude :<\/span><\/p><p><span style=\"font-weight: 400;\">&#8220;C&#8217;est plus grand que moi, \u00e7a l&#8217;a toujours \u00e9t\u00e9. Aujourd&#8217;hui, je DOIS m&#8217;arr\u00eater et savourer cela. Quelque chose dont j&#8217;ai r\u00eav\u00e9 toute ma carri\u00e8re.&#8221;<\/span><\/p>\t\t\t\t\t\t\t\t<\/div>\n\t\t\t\t<\/div>\n\t\t\t\t<section class=\"elementor-section elementor-inner-section elementor-element elementor-element-0a0cb3d elementor-section-boxed elementor-section-height-default elementor-section-height-default\" data-id=\"0a0cb3d\" data-element_type=\"section\">\n\t\t\t\t\t\t<div class=\"elementor-container elementor-column-gap-default\">\n\t\t\t\t\t<div class=\"elementor-column elementor-col-100 elementor-inner-column elementor-element elementor-element-bf2fabe\" data-id=\"bf2fabe\" data-element_type=\"column\">\n\t\t\t<div class=\"elementor-widget-wrap elementor-element-populated\">\n\t\t\t\t\t\t<div class=\"elementor-element elementor-element-da53f4e elementor-widget elementor-widget-image\" data-id=\"da53f4e\" data-element_type=\"widget\" data-widget_type=\"image.default\">\n\t\t\t\t<div class=\"elementor-widget-container\">\n\t\t\t\t\t\t\t\t\t\t\t\t<figure class=\"wp-caption\">\n\t\t\t\t\t\t\t\t\t\t<img fetchpriority=\"high\" decoding=\"async\" width=\"800\" height=\"534\" src=\"https:\/\/richeskarayib.com\/wp-content\/uploads\/2025\/02\/461997329_26997176816564763_4229173553887931676_n-1024x683.jpg\" class=\"attachment-large size-large wp-image-44607\" alt=\"Johann Deterville\" srcset=\"https:\/\/richeskarayib.com\/wp-content\/uploads\/2025\/02\/461997329_26997176816564763_4229173553887931676_n-1024x683.jpg 1024w, https:\/\/richeskarayib.com\/wp-content\/uploads\/2025\/02\/461997329_26997176816564763_4229173553887931676_n-300x200.jpg 300w, https:\/\/richeskarayib.com\/wp-content\/uploads\/2025\/02\/461997329_26997176816564763_4229173553887931676_n-768x512.jpg 768w, https:\/\/richeskarayib.com\/wp-content\/uploads\/2025\/02\/461997329_26997176816564763_4229173553887931676_n-1536x1024.jpg 1536w, https:\/\/richeskarayib.com\/wp-content\/uploads\/2025\/02\/461997329_26997176816564763_4229173553887931676_n-1320x880.jpg 1320w, https:\/\/richeskarayib.com\/wp-content\/uploads\/2025\/02\/461997329_26997176816564763_4229173553887931676_n.jpg 2048w\" sizes=\"(max-width: 800px) 100vw, 800px\" \/>\t\t\t\t\t\t\t\t\t\t\t<figcaption class=\"widget-image-caption wp-caption-text\">Johann Deterville.\n\nSource: Yogitheproducer <\/figcaption>\n\t\t\t\t\t\t\t\t\t\t<\/figure>\n\t\t\t\t\t\t\t\t\t<\/div>\n\t\t\t\t<\/div>\n\t\t\t\t\t<\/div>\n\t\t<\/div>\n\t\t\t\t\t<\/div>\n\t\t<\/section>\n\t\t\t\t\t<\/div>\n\t\t<\/div>\n\t\t\t\t\t<\/div>\n\t\t<\/section>\n\t\t\t\t<section class=\"elementor-section elementor-top-section elementor-element elementor-element-c8fe56a elementor-section-boxed elementor-section-height-default elementor-section-height-default\" data-id=\"c8fe56a\" data-element_type=\"section\">\n\t\t\t\t\t\t<div class=\"elementor-container elementor-column-gap-default\">\n\t\t\t\t\t<div class=\"elementor-column elementor-col-100 elementor-top-column elementor-element elementor-element-7df91d7\" data-id=\"7df91d7\" data-element_type=\"column\">\n\t\t\t<div class=\"elementor-widget-wrap elementor-element-populated\">\n\t\t\t\t\t\t<div class=\"elementor-element elementor-element-8cec1ef elementor-widget elementor-widget-heading\" data-id=\"8cec1ef\" data-element_type=\"widget\" data-widget_type=\"heading.default\">\n\t\t\t\t<div class=\"elementor-widget-container\">\n\t\t\t\t\t<h2 class=\"elementor-heading-title elementor-size-default\">Impact sur Sainte-Lucie et les Cara\u00efbes<\/h2>\t\t\t\t<\/div>\n\t\t\t\t<\/div>\n\t\t\t\t\t<\/div>\n\t\t<\/div>\n\t\t\t\t\t<\/div>\n\t\t<\/section>\n\t\t\t\t<section class=\"elementor-section elementor-top-section elementor-element elementor-element-e5ceeb9 elementor-section-boxed elementor-section-height-default elementor-section-height-default\" data-id=\"e5ceeb9\" data-element_type=\"section\">\n\t\t\t\t\t\t<div class=\"elementor-container elementor-column-gap-default\">\n\t\t\t\t\t<div class=\"elementor-column elementor-col-100 elementor-top-column elementor-element elementor-element-8687ff0\" data-id=\"8687ff0\" data-element_type=\"column\">\n\t\t\t<div class=\"elementor-widget-wrap elementor-element-populated\">\n\t\t\t\t\t\t<div class=\"elementor-element elementor-element-8637873 elementor-widget elementor-widget-text-editor\" data-id=\"8637873\" data-element_type=\"widget\" data-widget_type=\"text-editor.default\">\n\t\t\t\t<div class=\"elementor-widget-container\">\n\t\t\t\t\t\t\t\t\t<p><span style=\"font-weight: 400;\">Cette victoire de<a href=\"https:\/\/www.instagram.com\/yogitheproducer\/\" target=\"_blank\" rel=\"noopener nofollow\"> Johann Deterville<\/a> ne se limite pas \u00e0 une simple reconnaissance personnelle; elle repr\u00e9sente un tournant pour l&#8217;industrie musicale de Sainte-Lucie et des Cara\u00efbes. Le Premier ministre de Sainte-Lucie, Philip J. Pierre, l&#8217;a salu\u00e9 J pour cette r\u00e9alisation historique, la qualifiant de moment de fiert\u00e9 nationale. Cette reconnaissance peut \u00e9galement encourager d&#8217;autres artistes de la r\u00e9gion \u00e0 poursuivre leurs r\u00eaves et \u00e0 croire en leur potentiel.<\/span><\/p>\t\t\t\t\t\t\t\t<\/div>\n\t\t\t\t<\/div>\n\t\t\t\t\t<\/div>\n\t\t<\/div>\n\t\t\t\t\t<\/div>\n\t\t<\/section>\n\t\t\t\t<section class=\"elementor-section elementor-top-section elementor-element elementor-element-4a06b7e elementor-section-boxed elementor-section-height-default elementor-section-height-default\" data-id=\"4a06b7e\" data-element_type=\"section\">\n\t\t\t\t\t\t<div class=\"elementor-container elementor-column-gap-default\">\n\t\t\t\t\t<div class=\"elementor-column elementor-col-100 elementor-top-column elementor-element elementor-element-1352a95\" data-id=\"1352a95\" data-element_type=\"column\">\n\t\t\t<div class=\"elementor-widget-wrap elementor-element-populated\">\n\t\t\t\t\t\t<div class=\"elementor-element elementor-element-d9be88b elementor-widget elementor-widget-heading\" data-id=\"d9be88b\" data-element_type=\"widget\" data-widget_type=\"heading.default\">\n\t\t\t\t<div class=\"elementor-widget-container\">\n\t\t\t\t\t<h2 class=\"elementor-heading-title elementor-size-default\">Collaboration carib\u00e9enne : un nouvel horizon\n<\/h2>\t\t\t\t<\/div>\n\t\t\t\t<\/div>\n\t\t\t\t<div class=\"elementor-element elementor-element-08b073d elementor-widget elementor-widget-text-editor\" data-id=\"08b073d\" data-element_type=\"widget\" data-widget_type=\"text-editor.default\">\n\t\t\t\t<div class=\"elementor-widget-container\">\n\t\t\t\t\t\t\t\t\t<p><span style=\"font-weight: 400;\">La victoire de <a href=\"https:\/\/www.facebook.com\/Yogidaproducer\/photos\" target=\"_blank\" rel=\"noopener nofollow\">Johann Deterville<\/a> met en lumi\u00e8re la collaboration croissante entre les artistes carib\u00e9ens. Byron Messia, un artiste de dancehall de Saint-Kitts-et-Nevis, a \u00e9galement particip\u00e9 \u00e0 l&#8217;album prim\u00e9 de Chris Brown. Cette synergie d\u00e9montre le talent et l&#8217;influence grandissante des artistes carib\u00e9ens sur la sc\u00e8ne musicale internationale, et il en est un parfait exemple.<\/span><\/p>\t\t\t\t\t\t\t\t<\/div>\n\t\t\t\t<\/div>\n\t\t\t\t\t<\/div>\n\t\t<\/div>\n\t\t\t\t\t<\/div>\n\t\t<\/section>\n\t\t\t\t<section class=\"elementor-section elementor-top-section elementor-element elementor-element-81870ce elementor-section-boxed elementor-section-height-default elementor-section-height-default\" data-id=\"81870ce\" data-element_type=\"section\">\n\t\t\t\t\t\t<div class=\"elementor-container elementor-column-gap-default\">\n\t\t\t\t\t<div class=\"elementor-column elementor-col-100 elementor-top-column elementor-element elementor-element-b229cc7\" data-id=\"b229cc7\" data-element_type=\"column\">\n\t\t\t<div class=\"elementor-widget-wrap elementor-element-populated\">\n\t\t\t\t\t\t<div class=\"elementor-element elementor-element-e9c6d5b elementor-widget elementor-widget-heading\" data-id=\"e9c6d5b\" data-element_type=\"widget\" data-widget_type=\"heading.default\">\n\t\t\t\t<div class=\"elementor-widget-container\">\n\t\t\t\t\t<h2 class=\"elementor-heading-title elementor-size-default\">Inspiration pour la nouvelle g\u00e9n\u00e9ration\n<\/h2>\t\t\t\t<\/div>\n\t\t\t\t<\/div>\n\t\t\t\t<div class=\"elementor-element elementor-element-a75e9bf elementor-widget elementor-widget-text-editor\" data-id=\"a75e9bf\" data-element_type=\"widget\" data-widget_type=\"text-editor.default\">\n\t\t\t\t<div class=\"elementor-widget-container\">\n\t\t\t\t\t\t\t\t\t<p><span style=\"font-weight: 400;\"><a href=\"https:\/\/www.instagram.com\/p\/DFn8cq9TicZ\/\" target=\"_blank\" rel=\"noopener nofollow\">Johann Deterville<\/a> esp\u00e8re que son succ\u00e8s aux Grammy inspirera la prochaine g\u00e9n\u00e9ration de musiciens carib\u00e9ens. Son parcours prouve que le talent de la r\u00e9gion peut rivaliser sur la sc\u00e8ne mondiale. Cette reconnaissance a d\u00e9clench\u00e9 une c\u00e9l\u00e9bration parmi les amateurs de musique carib\u00e9enne, qui voient cette r\u00e9ussite comme une victoire collective pour tous les artistes de la r\u00e9gion.<\/span><\/p>\t\t\t\t\t\t\t\t<\/div>\n\t\t\t\t<\/div>\n\t\t\t\t\t<\/div>\n\t\t<\/div>\n\t\t\t\t\t<\/div>\n\t\t<\/section>\n\t\t\t\t<section class=\"elementor-section elementor-top-section elementor-element elementor-element-5fd8ee0 elementor-section-boxed elementor-section-height-default elementor-section-height-default\" data-id=\"5fd8ee0\" data-element_type=\"section\">\n\t\t\t\t\t\t<div class=\"elementor-container elementor-column-gap-default\">\n\t\t\t\t\t<div class=\"elementor-column elementor-col-100 elementor-top-column elementor-element elementor-element-b7316a2\" data-id=\"b7316a2\" data-element_type=\"column\">\n\t\t\t<div class=\"elementor-widget-wrap elementor-element-populated\">\n\t\t\t\t\t\t<div class=\"elementor-element elementor-element-96314ef elementor-widget elementor-widget-heading\" data-id=\"96314ef\" data-element_type=\"widget\" data-widget_type=\"heading.default\">\n\t\t\t\t<div class=\"elementor-widget-container\">\n\t\t\t\t\t<h2 class=\"elementor-heading-title elementor-size-default\">L'importance de la repr\u00e9sentation dans l'industrie musicale\n<\/h2>\t\t\t\t<\/div>\n\t\t\t\t<\/div>\n\t\t\t\t<div class=\"elementor-element elementor-element-d5b8f9e elementor-widget elementor-widget-text-editor\" data-id=\"d5b8f9e\" data-element_type=\"widget\" data-widget_type=\"text-editor.default\">\n\t\t\t\t<div class=\"elementor-widget-container\">\n\t\t\t\t\t\t\t\t\t<p><span style=\"font-weight: 400;\">La victoire de Johann Deterville souligne l&#8217;importance de la repr\u00e9sentation dans l&#8217;industrie musicale mondiale. Pour de nombreux jeunes artistes des Cara\u00efbes, voir l&#8217;un des leurs atteindre un tel niveau de reconnaissance peut servir de source d&#8217;inspiration et de motivation. Il a d\u00e9clar\u00e9 :<\/span><\/p><p><span style=\"font-weight: 400;\">&#8220;O\u00f9 je viens (Sainte-Lucie), ceci n&#8217;est pas quelque chose que vous pourriez imaginer vrai pour vous. Un petit enfant d&#8217;un petit village de p\u00eacheurs.&#8221;<\/span><\/p><p><span style=\"font-weight: 400;\">Ces mots r\u00e9sonnent fort, car ils illustrent le chemin difficile que doivent emprunter les artistes issus de petites \u00eeles pour se faire une place sur la sc\u00e8ne internationale.<\/span><\/p>\t\t\t\t\t\t\t\t<\/div>\n\t\t\t\t<\/div>\n\t\t\t\t\t<\/div>\n\t\t<\/div>\n\t\t\t\t\t<\/div>\n\t\t<\/section>\n\t\t\t\t<section class=\"elementor-section elementor-top-section elementor-element elementor-element-fdb48d4 elementor-section-boxed elementor-section-height-default elementor-section-height-default\" data-id=\"fdb48d4\" data-element_type=\"section\">\n\t\t\t\t\t\t<div class=\"elementor-container elementor-column-gap-default\">\n\t\t\t\t\t<div class=\"elementor-column elementor-col-100 elementor-top-column elementor-element elementor-element-262484a\" data-id=\"262484a\" data-element_type=\"column\">\n\t\t\t<div class=\"elementor-widget-wrap elementor-element-populated\">\n\t\t\t\t\t\t<div class=\"elementor-element elementor-element-fd51d44 elementor-widget elementor-widget-heading\" data-id=\"fd51d44\" data-element_type=\"widget\" data-widget_type=\"heading.default\">\n\t\t\t\t<div class=\"elementor-widget-container\">\n\t\t\t\t\t<h2 class=\"elementor-heading-title elementor-size-default\">L\u2019avenir radieux de la musique carib\u00e9enne\n<\/h2>\t\t\t\t<\/div>\n\t\t\t\t<\/div>\n\t\t\t\t<div class=\"elementor-element elementor-element-ba2f1cc elementor-widget elementor-widget-text-editor\" data-id=\"ba2f1cc\" data-element_type=\"widget\" data-widget_type=\"text-editor.default\">\n\t\t\t\t<div class=\"elementor-widget-container\">\n\t\t\t\t\t\t\t\t\t<p><span style=\"font-weight: 400;\">Cette victoire aux Grammy pourrait marquer le d\u00e9but d&#8217;une nouvelle \u00e8re pour la <a href=\"https:\/\/richeskarayib.com\/fr\/machel-montano-chutney-soca-monarch-2025\/\" target=\"_blank\" rel=\"noopener\">musique carib\u00e9enne<\/a> sur la sc\u00e8ne internationale. Elle ouvre des portes \u00e0 une plus grande reconnaissance et \u00e0 davantage d&#8217;opportunit\u00e9s pour les artistes et producteurs de la r\u00e9gion. En tant que pionnier, il pourrait bien inspirer d&#8217;autres \u00e0 suivre ses pas et \u00e0 croire en leur potentiel, peu importe d&#8217;o\u00f9 ils viennent.<\/span><\/p>\t\t\t\t\t\t\t\t<\/div>\n\t\t\t\t<\/div>\n\t\t\t\t<section class=\"elementor-section elementor-inner-section elementor-element elementor-element-916442f elementor-section-boxed elementor-section-height-default elementor-section-height-default\" data-id=\"916442f\" data-element_type=\"section\">\n\t\t\t\t\t\t<div class=\"elementor-container elementor-column-gap-default\">\n\t\t\t\t\t<div class=\"elementor-column elementor-col-50 elementor-inner-column elementor-element elementor-element-07a4090\" data-id=\"07a4090\" data-element_type=\"column\">\n\t\t\t<div class=\"elementor-widget-wrap elementor-element-populated\">\n\t\t\t\t\t\t<div class=\"elementor-element elementor-element-0072e42 elementor-widget elementor-widget-image\" data-id=\"0072e42\" data-element_type=\"widget\" data-widget_type=\"image.default\">\n\t\t\t\t<div class=\"elementor-widget-container\">\n\t\t\t\t\t\t\t\t\t\t\t\t<figure class=\"wp-caption\">\n\t\t\t\t\t\t\t\t\t\t<img decoding=\"async\" width=\"800\" height=\"1000\" src=\"https:\/\/richeskarayib.com\/wp-content\/uploads\/2025\/02\/465933954_18465337150014339_6482045274502197826_n-819x1024.jpg\" class=\"attachment-large size-large wp-image-44611\" alt=\"Johann Deterville\" srcset=\"https:\/\/richeskarayib.com\/wp-content\/uploads\/2025\/02\/465933954_18465337150014339_6482045274502197826_n-819x1024.jpg 819w, https:\/\/richeskarayib.com\/wp-content\/uploads\/2025\/02\/465933954_18465337150014339_6482045274502197826_n-240x300.jpg 240w, https:\/\/richeskarayib.com\/wp-content\/uploads\/2025\/02\/465933954_18465337150014339_6482045274502197826_n-768x960.jpg 768w, https:\/\/richeskarayib.com\/wp-content\/uploads\/2025\/02\/465933954_18465337150014339_6482045274502197826_n-1229x1536.jpg 1229w, https:\/\/richeskarayib.com\/wp-content\/uploads\/2025\/02\/465933954_18465337150014339_6482045274502197826_n-1320x1650.jpg 1320w, https:\/\/richeskarayib.com\/wp-content\/uploads\/2025\/02\/465933954_18465337150014339_6482045274502197826_n.jpg 1440w\" sizes=\"(max-width: 800px) 100vw, 800px\" \/>\t\t\t\t\t\t\t\t\t\t\t<figcaption class=\"widget-image-caption wp-caption-text\">Grammy Awards.\n\nSource: Yogitheproducer <\/figcaption>\n\t\t\t\t\t\t\t\t\t\t<\/figure>\n\t\t\t\t\t\t\t\t\t<\/div>\n\t\t\t\t<\/div>\n\t\t\t\t\t<\/div>\n\t\t<\/div>\n\t\t\t\t<div class=\"elementor-column elementor-col-50 elementor-inner-column elementor-element elementor-element-12fc02f\" data-id=\"12fc02f\" data-element_type=\"column\">\n\t\t\t<div class=\"elementor-widget-wrap elementor-element-populated\">\n\t\t\t\t\t\t<div class=\"elementor-element elementor-element-1bee983 elementor-widget elementor-widget-image\" data-id=\"1bee983\" data-element_type=\"widget\" data-widget_type=\"image.default\">\n\t\t\t\t<div class=\"elementor-widget-container\">\n\t\t\t\t\t\t\t\t\t\t\t\t<figure class=\"wp-caption\">\n\t\t\t\t\t\t\t\t\t\t<img decoding=\"async\" width=\"800\" height=\"628\" src=\"https:\/\/richeskarayib.com\/wp-content\/uploads\/2025\/02\/476243905_18481397617014339_4291916288452260805_n-1024x804.jpg\" class=\"attachment-large size-large wp-image-44615\" alt=\"\" srcset=\"https:\/\/richeskarayib.com\/wp-content\/uploads\/2025\/02\/476243905_18481397617014339_4291916288452260805_n-1024x804.jpg 1024w, https:\/\/richeskarayib.com\/wp-content\/uploads\/2025\/02\/476243905_18481397617014339_4291916288452260805_n-300x235.jpg 300w, https:\/\/richeskarayib.com\/wp-content\/uploads\/2025\/02\/476243905_18481397617014339_4291916288452260805_n-768x603.jpg 768w, https:\/\/richeskarayib.com\/wp-content\/uploads\/2025\/02\/476243905_18481397617014339_4291916288452260805_n.jpg 1320w\" sizes=\"(max-width: 800px) 100vw, 800px\" \/>\t\t\t\t\t\t\t\t\t\t\t<figcaption class=\"widget-image-caption wp-caption-text\">Grammy Awards.\n\nSource: Yogitheproducer <\/figcaption>\n\t\t\t\t\t\t\t\t\t\t<\/figure>\n\t\t\t\t\t\t\t\t\t<\/div>\n\t\t\t\t<\/div>\n\t\t\t\t\t<\/div>\n\t\t<\/div>\n\t\t\t\t\t<\/div>\n\t\t<\/section>\n\t\t\t\t\t<\/div>\n\t\t<\/div>\n\t\t\t\t\t<\/div>\n\t\t<\/section>\n\t\t\t\t<section class=\"elementor-section elementor-top-section elementor-element elementor-element-dacb5de elementor-section-boxed elementor-section-height-default elementor-section-height-default\" data-id=\"dacb5de\" data-element_type=\"section\">\n\t\t\t\t\t\t<div class=\"elementor-container elementor-column-gap-default\">\n\t\t\t\t\t<div class=\"elementor-column elementor-col-100 elementor-top-column elementor-element elementor-element-fd64481\" data-id=\"fd64481\" data-element_type=\"column\">\n\t\t\t<div class=\"elementor-widget-wrap elementor-element-populated\">\n\t\t\t\t\t\t<div class=\"elementor-element elementor-element-c524e1c elementor-widget elementor-widget-heading\" data-id=\"c524e1c\" data-element_type=\"widget\" data-widget_type=\"heading.default\">\n\t\t\t\t<div class=\"elementor-widget-container\">\n\t\t\t\t\t<h2 class=\"elementor-heading-title elementor-size-default\">Johann Deterville, un symbole d'espoir\n<\/h2>\t\t\t\t<\/div>\n\t\t\t\t<\/div>\n\t\t\t\t<div class=\"elementor-element elementor-element-5c1e04c elementor-widget elementor-widget-text-editor\" data-id=\"5c1e04c\" data-element_type=\"widget\" data-widget_type=\"text-editor.default\">\n\t\t\t\t<div class=\"elementor-widget-container\">\n\t\t\t\t\t\t\t\t\t<p><span style=\"font-weight: 400;\">La victoire de Johann Deterville aux Grammy Awards 2025 est un moment marquant pour <a href=\"https:\/\/richeskarayib.com\/fr\/sainte-lucie-2\/\" target=\"_blank\" rel=\"noopener\">Sainte-Lucie<\/a> et les Cara\u00efbes. Elle t\u00e9moigne du talent, de la pers\u00e9v\u00e9rance et de la cr\u00e9ativit\u00e9 qui caract\u00e9risent cette r\u00e9gion. Alors que le monde continue de d\u00e9couvrir la richesse de la musique carib\u00e9enne, des succ\u00e8s comme celui de Johann contribueront \u00e0 renforcer le profil de la r\u00e9gion sur la sc\u00e8ne musicale mondiale. Les artistes des Cara\u00efbes peuvent d\u00e9sormais envisager un avenir o\u00f9 leurs contributions seront reconnues et c\u00e9l\u00e9br\u00e9es \u00e0 l&#8217;\u00e9chelle mondiale.<\/span><\/p>\t\t\t\t\t\t\t\t<\/div>\n\t\t\t\t<\/div>\n\t\t\t\t\t<\/div>\n\t\t<\/div>\n\t\t\t\t\t<\/div>\n\t\t<\/section>\n\t\t\t\t<\/div>\n\t\t","protected":false},"excerpt":{"rendered":"<p>Johann Deterville : le premier Saint-Lucien \u00e0 remporter un Grammy Johann Deterville, connu sous le nom de &#8220;Yogidaproducer&#8221;, a marqu\u00e9 l\u2019histoire en devenant le premier Saint-Lucien \u00e0 remporter un Grammy Award. Cette victoire historique a eu lieu lors de la 67e c\u00e9r\u00e9monie des Grammy Awards, o\u00f9 l&#8217;album &#8220;11:11 (Deluxe)&#8221; de Chris Brown, sur lequel il [&hellip;]<\/p>\n","protected":false},"author":662,"featured_media":44600,"comment_status":"open","ping_status":"open","sticky":false,"template":"","format":"standard","meta":{"_acf_changed":false,"footnotes":""},"categories":[835],"tags":[1599],"class_list":["post-44599","post","type-post","status-publish","format-standard","has-post-thumbnail","hentry","category-musique-fr","tag-sainte-lucie-fr"],"acf":[],"_links":{"self":[{"href":"https:\/\/richeskarayib.com\/fr\/wp-json\/wp\/v2\/posts\/44599","targetHints":{"allow":["GET"]}}],"collection":[{"href":"https:\/\/richeskarayib.com\/fr\/wp-json\/wp\/v2\/posts"}],"about":[{"href":"https:\/\/richeskarayib.com\/fr\/wp-json\/wp\/v2\/types\/post"}],"author":[{"embeddable":true,"href":"https:\/\/richeskarayib.com\/fr\/wp-json\/wp\/v2\/users\/662"}],"replies":[{"embeddable":true,"href":"https:\/\/richeskarayib.com\/fr\/wp-json\/wp\/v2\/comments?post=44599"}],"version-history":[{"count":0,"href":"https:\/\/richeskarayib.com\/fr\/wp-json\/wp\/v2\/posts\/44599\/revisions"}],"wp:featuredmedia":[{"embeddable":true,"href":"https:\/\/richeskarayib.com\/fr\/wp-json\/wp\/v2\/media\/44600"}],"wp:attachment":[{"href":"https:\/\/richeskarayib.com\/fr\/wp-json\/wp\/v2\/media?parent=44599"}],"wp:term":[{"taxonomy":"category","embeddable":true,"href":"https:\/\/richeskarayib.com\/fr\/wp-json\/wp\/v2\/categories?post=44599"},{"taxonomy":"post_tag","embeddable":true,"href":"https:\/\/richeskarayib.com\/fr\/wp-json\/wp\/v2\/tags?post=44599"}],"curies":[{"name":"wp","href":"https:\/\/api.w.org\/{rel}","templated":true}]}}