{"id":44698,"date":"2025-02-05T14:00:38","date_gmt":"2025-02-05T18:00:38","guid":{"rendered":"https:\/\/richeskarayib.com\/?p=44698"},"modified":"2025-02-06T00:56:53","modified_gmt":"2025-02-06T04:56:53","slug":"culture-caribeenne-defis-opportunites-blog","status":"publish","type":"post","link":"https:\/\/richeskarayib.com\/fr\/culture-caribeenne-defis-opportunites-blog\/","title":{"rendered":"R\u00e9inventer la culture carib\u00e9enne : D\u00e9fis et Opportunit\u00e9s pour un avenir durable"},"content":{"rendered":"\t\t<div data-elementor-type=\"wp-post\" data-elementor-id=\"44698\" class=\"elementor elementor-44698\" data-elementor-post-type=\"post\">\n\t\t\t\t\t\t<section class=\"elementor-section elementor-top-section elementor-element elementor-element-4020f89 elementor-section-boxed elementor-section-height-default elementor-section-height-default\" data-id=\"4020f89\" data-element_type=\"section\">\n\t\t\t\t\t\t<div class=\"elementor-container elementor-column-gap-default\">\n\t\t\t\t\t<div class=\"elementor-column elementor-col-100 elementor-top-column elementor-element elementor-element-98a76b8\" data-id=\"98a76b8\" data-element_type=\"column\">\n\t\t\t<div class=\"elementor-widget-wrap elementor-element-populated\">\n\t\t\t\t\t\t<div class=\"elementor-element elementor-element-eed5b81 elementor-widget elementor-widget-text-editor\" data-id=\"eed5b81\" data-element_type=\"widget\" data-widget_type=\"text-editor.default\">\n\t\t\t\t<div class=\"elementor-widget-container\">\n\t\t\t\t\t\t\t\t\t<p><span style=\"font-weight: 400;\">La <\/span><a href=\"https:\/\/www.caribbeanislands.com\/fr\/culture-caribeenne\/#:~:text=L&#039;un%20des%20aspects%20les,du%20zouk%20sont%20typiquement%20carib%C3%A9ens.\" target=\"_blank\" rel=\"noopener nofollow\"><b>culture carib\u00e9enne<\/b><\/a><span style=\"font-weight: 400;\"> est un tr\u00e9sor inestimable, riche de traditions, de musiques et d\u2019arts qui font la fiert\u00e9 de ses peuples. Cependant, derri\u00e8re cette beaut\u00e9 se cachent des d\u00e9fis importants, notamment en mati\u00e8re de durabilit\u00e9 et de financement. Face \u00e0 ces enjeux, comment les professionnels de la culture peuvent-ils naviguer pour garantir un avenir prosp\u00e8re ? Cet article se penche sur ces questions en proposant des solutions concr\u00e8tes et pertinentes.<\/span><\/p>\t\t\t\t\t\t\t\t<\/div>\n\t\t\t\t<\/div>\n\t\t\t\t\t<\/div>\n\t\t<\/div>\n\t\t\t\t\t<\/div>\n\t\t<\/section>\n\t\t\t\t<section class=\"elementor-section elementor-top-section elementor-element elementor-element-329a1c4 elementor-section-boxed elementor-section-height-default elementor-section-height-default\" data-id=\"329a1c4\" data-element_type=\"section\">\n\t\t\t\t\t\t<div class=\"elementor-container elementor-column-gap-default\">\n\t\t\t\t\t<div class=\"elementor-column elementor-col-100 elementor-top-column elementor-element elementor-element-43de922\" data-id=\"43de922\" data-element_type=\"column\">\n\t\t\t<div class=\"elementor-widget-wrap elementor-element-populated\">\n\t\t\t\t\t\t<div class=\"elementor-element elementor-element-9de5902 elementor-widget elementor-widget-heading\" data-id=\"9de5902\" data-element_type=\"widget\" data-widget_type=\"heading.default\">\n\t\t\t\t<div class=\"elementor-widget-container\">\n\t\t\t\t\t<h2 class=\"elementor-heading-title elementor-size-default\">L'\u00e9conomie culturelle en danger<\/h2>\t\t\t\t<\/div>\n\t\t\t\t<\/div>\n\t\t\t\t<div class=\"elementor-element elementor-element-f766302 elementor-widget elementor-widget-text-editor\" data-id=\"f766302\" data-element_type=\"widget\" data-widget_type=\"text-editor.default\">\n\t\t\t\t<div class=\"elementor-widget-container\">\n\t\t\t\t\t\t\t\t\t<h3><b>Une d\u00e9pendance risqu\u00e9e<\/b><\/h3><p><span style=\"font-weight: 400;\">Le secteur culturel de la Cara\u00efbe repose essentiellement sur le tourisme et les subventions gouvernementales. Cette d\u00e9pendance est particuli\u00e8rement pr\u00e9occupante, comme l\u2019a d\u00e9montr\u00e9 la pand\u00e9mie de COVID-19, qui a gravement affect\u00e9 de nombreux artistes et \u00e9v\u00e9nements. Pour renforcer la r\u00e9silience de la <\/span><a href=\"http:\/\/www.caribbean-atlas.com\/fr\/thematiques\/qu-est-ce-que-la-caraibe\/la-caraibe-espace-culturel.html\" target=\"_blank\" rel=\"noopener nofollow\"><b>culture carib\u00e9enne<\/b><\/a><span style=\"font-weight: 400;\">, il est essentiel de diversifier les sources de revenus.<\/span><\/p><p><b>Solution \u00e0 explorer : diversification des revenus<\/b><\/p><ul><li style=\"font-weight: 400;\" aria-level=\"1\"><b>Crowdfunding<\/b><span style=\"font-weight: 400;\"> : Les artistes peuvent lancer des campagnes sur des plateformes de financement participatif pour financer des projets sp\u00e9cifiques. Cela permet non seulement de recueillir des fonds, mais aussi de cr\u00e9er une communaut\u00e9 autour de leurs \u0153uvres.<\/span><\/li><li style=\"font-weight: 400;\" aria-level=\"1\"><b>Produits D\u00e9riv\u00e9s<\/b><span style=\"font-weight: 400;\"> : D\u00e9velopper et vendre des produits d\u00e9riv\u00e9s (merchandising, \u0153uvres d&#8217;art en \u00e9dition limit\u00e9e, etc.) peut fournir une source de revenus suppl\u00e9mentaire. Les artistes doivent \u00eatre form\u00e9s \u00e0 la cr\u00e9ation et \u00e0 la commercialisation de ces produits afin de maximiser leurs b\u00e9n\u00e9fices.<\/span><\/li><li style=\"font-weight: 400;\" aria-level=\"1\"><b>\u00c9v\u00e9nements Internationaux<\/b><span style=\"font-weight: 400;\"> : Participer \u00e0 des festivals et des \u00e9v\u00e9nements culturels \u00e0 l&#8217;\u00e9tranger peut ouvrir de nouvelles sources de revenus tout en promouvant la <\/span><b>culture carib\u00e9enne<\/b><span style=\"font-weight: 400;\"> \u00e0 l\u2019\u00e9chelle mondiale. Cela permet \u00e9galement de cr\u00e9er des ponts entre les artistes locaux et les publics internationaux.<\/span><\/li><\/ul>\t\t\t\t\t\t\t\t<\/div>\n\t\t\t\t<\/div>\n\t\t\t\t<div class=\"elementor-element elementor-element-2c21c84 elementor-widget elementor-widget-text-editor\" data-id=\"2c21c84\" data-element_type=\"widget\" data-widget_type=\"text-editor.default\">\n\t\t\t\t<div class=\"elementor-widget-container\">\n\t\t\t\t\t\t\t\t\t<h3><b>La lutte pour le patrimoine<\/b><\/h3><p><span style=\"font-weight: 400;\">La mondialisation repr\u00e9sente un d\u00e9fi majeur pour la pr\u00e9servation des traditions culturelles. Les jeunes, de plus en plus attir\u00e9s par des influences ext\u00e9rieures, risquent de perdre le lien avec leur h\u00e9ritage.<\/span><\/p><p><b>Solution \u00e0 consid\u00e9rer : Int\u00e9gration \u00c9ducative<\/b><\/p><ul><li style=\"font-weight: 400;\" aria-level=\"1\"><b>Programmes Scolaires<\/b><span style=\"font-weight: 400;\"> : D\u00e9velopper des programmes \u00e9ducatifs qui int\u00e8grent l&#8217;histoire, la musique, la danse et les arts visuels locaux dans le curriculum scolaire peut renforcer l&#8217;identit\u00e9 culturelle des jeunes. Des excursions vers des sites historiques ou des ateliers avec des artistes locaux pourraient \u00e9galement enrichir cette exp\u00e9rience.<\/span><\/li><li style=\"font-weight: 400;\" aria-level=\"1\"><b>Mentorat<\/b><span style=\"font-weight: 400;\"> : Cr\u00e9er des programmes de mentorat o\u00f9 des artistes \u00e9tablis partagent leur savoir-faire avec les jeunes talents peut favoriser la transmission des comp\u00e9tences et des traditions. Ces initiatives permettent de renforcer les liens entre les g\u00e9n\u00e9rations et d&#8217;assurer la p\u00e9rennit\u00e9 des savoirs.<\/span><\/li><\/ul>\t\t\t\t\t\t\t\t<\/div>\n\t\t\t\t<\/div>\n\t\t\t\t<div class=\"elementor-element elementor-element-f47da2c elementor-widget elementor-widget-text-editor\" data-id=\"f47da2c\" data-element_type=\"widget\" data-widget_type=\"text-editor.default\">\n\t\t\t\t<div class=\"elementor-widget-container\">\n\t\t\t\t\t\t\t\t\t<h4><b>Infrastructure : Un manque cruel<\/b><\/h4><p><span style=\"font-weight: 400;\">La cr\u00e9ation artistique n\u00e9cessite des espaces adapt\u00e9s. Pourtant, de nombreux artistes se heurtent \u00e0 un manque d&#8217;infrastructures ad\u00e9quates, ce qui limite leur capacit\u00e9 \u00e0 s&#8217;exprimer et \u00e0 toucher le public.<\/span><\/p><p><b>Solution \u00e0 Mettre en \u0152uvre : Investissement dans les Infrastructures<\/b><\/p><ul><li style=\"font-weight: 400;\" aria-level=\"1\"><b>Centres Culturels Multifonctionnels<\/b><span style=\"font-weight: 400;\"> : Les gouvernements devraient investir dans la cr\u00e9ation de centres culturels qui offrent des studios de cr\u00e9ation, des salles d&#8217;exposition et des espaces de performance. Ces centres pourraient servir de points de rencontre pour les artistes et le public, facilitant ainsi l&#8217;\u00e9change culturel.<\/span><\/li><li style=\"font-weight: 400;\" aria-level=\"1\"><b>Partenariats avec des ONG<\/b><span style=\"font-weight: 400;\"> : Collaborer avec des organisations non gouvernementales pour le d\u00e9veloppement des infrastructures peut \u00e9galement \u00eatre une solution. Ces ONG peuvent apporter des financements et des expertises techniques pour la mise en place de ces espaces, tout en favorisant l&#8217;implication des communaut\u00e9s locales.<\/span><\/li><\/ul>\t\t\t\t\t\t\t\t<\/div>\n\t\t\t\t<\/div>\n\t\t\t\t\t<\/div>\n\t\t<\/div>\n\t\t\t\t\t<\/div>\n\t\t<\/section>\n\t\t\t\t<section class=\"elementor-section elementor-top-section elementor-element elementor-element-c8fe56a elementor-section-boxed elementor-section-height-default elementor-section-height-default\" data-id=\"c8fe56a\" data-element_type=\"section\">\n\t\t\t\t\t\t<div class=\"elementor-container elementor-column-gap-default\">\n\t\t\t\t\t<div class=\"elementor-column elementor-col-100 elementor-top-column elementor-element elementor-element-7df91d7\" data-id=\"7df91d7\" data-element_type=\"column\">\n\t\t\t<div class=\"elementor-widget-wrap elementor-element-populated\">\n\t\t\t\t\t\t<div class=\"elementor-element elementor-element-8cec1ef elementor-widget elementor-widget-heading\" data-id=\"8cec1ef\" data-element_type=\"widget\" data-widget_type=\"heading.default\">\n\t\t\t\t<div class=\"elementor-widget-container\">\n\t\t\t\t\t<h2 class=\"elementor-heading-title elementor-size-default\">Financement : Un labyrinthe \u00e0 d\u00e9chiffrer<\/h2>\t\t\t\t<\/div>\n\t\t\t\t<\/div>\n\t\t\t\t\t<\/div>\n\t\t<\/div>\n\t\t\t\t\t<\/div>\n\t\t<\/section>\n\t\t\t\t<section class=\"elementor-section elementor-top-section elementor-element elementor-element-e5ceeb9 elementor-section-boxed elementor-section-height-default elementor-section-height-default\" data-id=\"e5ceeb9\" data-element_type=\"section\">\n\t\t\t\t\t\t<div class=\"elementor-container elementor-column-gap-default\">\n\t\t\t\t\t<div class=\"elementor-column elementor-col-100 elementor-top-column elementor-element elementor-element-8687ff0\" data-id=\"8687ff0\" data-element_type=\"column\">\n\t\t\t<div class=\"elementor-widget-wrap elementor-element-populated\">\n\t\t\t\t\t\t<div class=\"elementor-element elementor-element-8637873 elementor-widget elementor-widget-text-editor\" data-id=\"8637873\" data-element_type=\"widget\" data-widget_type=\"text-editor.default\">\n\t\t\t\t<div class=\"elementor-widget-container\">\n\t\t\t\t\t\t\t\t\t<h3><b>Acc\u00e8s aux Fonds : Un Parcours du Combattant<\/b><\/h3><p><span style=\"font-weight: 400;\">De nombreux artistes se heurtent \u00e0 des barri\u00e8res administratives complexes lorsqu&#8217;ils cherchent des financements. Cela peut d\u00e9courager m\u00eame les projets les plus prometteurs.<\/span><\/p><p><b>Solution \u00e0 Envisager : simplification administrative<\/b><\/p><ul><li style=\"font-weight: 400;\" aria-level=\"1\"><b>Guides Pratiques<\/b><span style=\"font-weight: 400;\"> : Cr\u00e9er des guides pratiques sur les diff\u00e9rentes sources de financement disponibles, incluant des conseils sur la r\u00e9daction de propositions et la gestion de projets, peut aider les artistes \u00e0 mieux se pr\u00e9parer.<\/span><\/li><\/ul><p><b>Ateliers de Formation<\/b><span style=\"font-weight: 400;\"> : Organiser des ateliers sur la recherche de financements, o\u00f9 les artistes peuvent apprendre \u00e0 naviguer dans les processus de demande et \u00e0 d\u00e9velopper des propositions convaincantes, est essentiel pour surmonter ces obstacles.<\/span><\/p>\t\t\t\t\t\t\t\t<\/div>\n\t\t\t\t<\/div>\n\t\t\t\t<div class=\"elementor-element elementor-element-da295d3 elementor-widget elementor-widget-text-editor\" data-id=\"da295d3\" data-element_type=\"widget\" data-widget_type=\"text-editor.default\">\n\t\t\t\t<div class=\"elementor-widget-container\">\n\t\t\t\t\t\t\t\t\t<h3><b>Un soutien insuffisant<\/b><\/h3><p><span style=\"font-weight: 400;\">Malgr\u00e9 leur importance, les budgets allou\u00e9s \u00e0 la culture sont souvent d\u00e9risoires. Une prise de conscience est n\u00e9cessaire pour faire \u00e9voluer cette situation.<\/span><\/p><p><b>Solution \u00e0 Promouvoir : Plaidoyer et Sensibilisation<\/b><\/p><ul><li style=\"font-weight: 400;\" aria-level=\"1\"><b>Campagnes de Plaidoyer<\/b><span style=\"font-weight: 400;\"> : Mettre en place des campagnes de plaidoyer pour sensibiliser les d\u00e9cideurs politiques \u00e0 l&#8217;impact \u00e9conomique et social de la <\/span><b>culture carib\u00e9enne<\/b><span style=\"font-weight: 400;\">. Utiliser des \u00e9tudes de cas et des t\u00e9moignages d&#8217;artistes pourrait renforcer cette d\u00e9marche.<\/span><\/li><li style=\"font-weight: 400;\" aria-level=\"1\"><b>Partenariats avec des Institutions<\/b><span style=\"font-weight: 400;\"> : \u00c9tablir des partenariats avec des institutions acad\u00e9miques pour mener des recherches sur l&#8217;impact de la culture peut fournir des donn\u00e9es probantes pour soutenir le plaidoyer. Cela permettrait de mieux argumenter l&#8217;importance de l&#8217;investissement dans le secteur culturel.<\/span><\/li><\/ul>\t\t\t\t\t\t\t\t<\/div>\n\t\t\t\t<\/div>\n\t\t\t\t<div class=\"elementor-element elementor-element-ff2a4e9 elementor-widget elementor-widget-text-editor\" data-id=\"ff2a4e9\" data-element_type=\"widget\" data-widget_type=\"text-editor.default\">\n\t\t\t\t<div class=\"elementor-widget-container\">\n\t\t\t\t\t\t\t\t\t<h3><b>Sensibilisation : un enjeu majeur<\/b><\/h3><p><span style=\"font-weight: 400;\">La <\/span><a href=\"https:\/\/richeskarayib.com\/fr\/canne-a-sucre-rhum-heritage-culturel-blog-rk\/\" target=\"_blank\" rel=\"noopener\"><b>culture carib\u00e9enne<\/b><\/a><span style=\"font-weight: 400;\"> est souvent per\u00e7ue comme un secteur secondaire, ce qui nuit \u00e0 sa reconnaissance. Les artistes doivent faire entendre leur voix pour changer cette perception.<\/span><\/p><p><b>Solution \u00e0 explorer : Campagnes de Sensibilisation<\/b><\/p><ul><li style=\"font-weight: 400;\" aria-level=\"1\"><b>M\u00e9dias Sociaux et Digitaux<\/b><span style=\"font-weight: 400;\"> : Utiliser les plateformes num\u00e9riques pour partager des histoires inspirantes sur l&#8217;impact de la culture. Des vid\u00e9os, des podcasts ou des blogs peuvent toucher un large public et susciter l&#8217;int\u00e9r\u00eat pour les arts.<\/span><\/li><li style=\"font-weight: 400;\" aria-level=\"1\"><b>\u00c9v\u00e9nements Communautaires<\/b><span style=\"font-weight: 400;\"> : Organiser des \u00e9v\u00e9nements culturels locaux, comme des festivals ou des expositions, peut attirer l&#8217;attention du public sur les artistes et leur travail, tout en renfor\u00e7ant le sentiment d&#8217;appartenance \u00e0 la communaut\u00e9.<\/span><\/li><\/ul>\t\t\t\t\t\t\t\t<\/div>\n\t\t\t\t<\/div>\n\t\t\t\t\t<\/div>\n\t\t<\/div>\n\t\t\t\t\t<\/div>\n\t\t<\/section>\n\t\t\t\t<section class=\"elementor-section elementor-top-section elementor-element elementor-element-4a06b7e elementor-section-boxed elementor-section-height-default elementor-section-height-default\" data-id=\"4a06b7e\" data-element_type=\"section\">\n\t\t\t\t\t\t<div class=\"elementor-container elementor-column-gap-default\">\n\t\t\t\t\t<div class=\"elementor-column elementor-col-100 elementor-top-column elementor-element elementor-element-1352a95\" data-id=\"1352a95\" data-element_type=\"column\">\n\t\t\t<div class=\"elementor-widget-wrap elementor-element-populated\">\n\t\t\t\t\t\t<div class=\"elementor-element elementor-element-d9be88b elementor-widget elementor-widget-heading\" data-id=\"d9be88b\" data-element_type=\"widget\" data-widget_type=\"heading.default\">\n\t\t\t\t<div class=\"elementor-widget-container\">\n\t\t\t\t\t<h2 class=\"elementor-heading-title elementor-size-default\">Vers un avenir prometteur<\/h2>\t\t\t\t<\/div>\n\t\t\t\t<\/div>\n\t\t\t\t<div class=\"elementor-element elementor-element-4009aad elementor-widget elementor-widget-text-editor\" data-id=\"4009aad\" data-element_type=\"widget\" data-widget_type=\"text-editor.default\">\n\t\t\t\t<div class=\"elementor-widget-container\">\n\t\t\t\t\t\t\t\t\t<h3><b>Partenariats Public-Priv\u00e9<\/b><\/h3><p><span style=\"font-weight: 400;\">Les collaborations entre le secteur public et priv\u00e9 peuvent ouvrir de nouvelles voies de financement. Les entreprises locales pourraient sponsoriser des \u00e9v\u00e9nements culturels en \u00e9change de visibilit\u00e9.<\/span><\/p><p><b>Exemples de Collaboration<\/b><span style=\"font-weight: 400;\"> :<\/span><\/p><ul><li style=\"font-weight: 400;\" aria-level=\"1\"><b>Sponsoring d&#8217;\u00c9v\u00e9nements<\/b><span style=\"font-weight: 400;\"> : Les entreprises peuvent sponsoriser des festivals de musique ou des expositions d&#8217;art en \u00e9change de publicit\u00e9. Cela permet aux artistes de b\u00e9n\u00e9ficier de ressources tout en offrant aux entreprises une visibilit\u00e9 positive.<\/span><\/li><li style=\"font-weight: 400;\" aria-level=\"1\"><b>Programmes de Responsabilit\u00e9 Sociale<\/b> : Encourager les entreprises \u00e0 investir dans des programmes de responsabilit\u00e9 sociale ax\u00e9s sur la culture peut \u00e9galement renforcer l&#8217;engagement communautaire. Cela contribue \u00e0 \u00e9tablir des relations positives entre les entreprises et les communaut\u00e9s.<\/li><\/ul>\t\t\t\t\t\t\t\t<\/div>\n\t\t\t\t<\/div>\n\t\t\t\t<div class=\"elementor-element elementor-element-0e7304e elementor-widget elementor-widget-text-editor\" data-id=\"0e7304e\" data-element_type=\"widget\" data-widget_type=\"text-editor.default\">\n\t\t\t\t<div class=\"elementor-widget-container\">\n\t\t\t\t\t\t\t\t\t<h3><b>Initiatives \u00e0 d\u00e9velopper :<\/b><\/h3><ul><li style=\"font-weight: 400;\" aria-level=\"1\"><b>Ateliers de Gestion Artistique<\/b><span style=\"font-weight: 400;\"> : Offrir des ateliers sur la gestion de carri\u00e8re, la comptabilit\u00e9 et le marketing peut aider les artistes \u00e0 mieux g\u00e9rer leurs projets et \u00e0 maximiser leurs revenus.<\/span><\/li><li style=\"font-weight: 400;\" aria-level=\"1\"><b>R\u00e9seaux de Soutien<\/b><span style=\"font-weight: 400;\"> : Cr\u00e9er des r\u00e9seaux de soutien entre artistes pour partager des ressources, des conseils et des opportunit\u00e9s peut renforcer la communaut\u00e9 artistique. Ces r\u00e9seaux peuvent offrir un espace pour l&#8217;\u00e9change d&#8217;id\u00e9es et de bonnes pratiques.<\/span><\/li><\/ul>\t\t\t\t\t\t\t\t<\/div>\n\t\t\t\t<\/div>\n\t\t\t\t<div class=\"elementor-element elementor-element-591065f elementor-widget elementor-widget-text-editor\" data-id=\"591065f\" data-element_type=\"widget\" data-widget_type=\"text-editor.default\">\n\t\t\t\t<div class=\"elementor-widget-container\">\n\t\t\t\t\t\t\t\t\t<h3><b>La culture en premi\u00e8re ligne<\/b><\/h3><p><span style=\"font-weight: 400;\">Mettre en avant les talents locaux renforce l&#8217;identit\u00e9 r\u00e9gionale et attire les investisseurs. La cr\u00e9ation de festivals d\u00e9di\u00e9s \u00e0 la <\/span><b>culture carib\u00e9enne<\/b><span style=\"font-weight: 400;\"> est une mani\u00e8re efficace de c\u00e9l\u00e9brer cette richesse.<\/span><\/p><p><b>Mod\u00e8les de festivals<\/b><span style=\"font-weight: 400;\"> :<\/span><\/p><ul><li style=\"font-weight: 400;\" aria-level=\"1\"><b>Festivals Th\u00e9matiques<\/b><span style=\"font-weight: 400;\"> : Cr\u00e9er des festivals autour de th\u00e8mes sp\u00e9cifiques, comme la musique, la gastronomie ou l&#8217;artisanat local, peut attirer un public vari\u00e9 et promouvoir la <\/span><b>culture carib\u00e9enne<\/b><span style=\"font-weight: 400;\">.<\/span><\/li><li style=\"font-weight: 400;\" aria-level=\"1\"><b>\u00c9v\u00e9nements Collaboratifs<\/b> : Encourager les collaborations entre artistes de diff\u00e9rentes disciplines (musique, danse, arts visuels) peut enrichir l&#8217;exp\u00e9rience culturelle et cr\u00e9er une synergie positive.<\/li><\/ul>\t\t\t\t\t\t\t\t<\/div>\n\t\t\t\t<\/div>\n\t\t\t\t\t<\/div>\n\t\t<\/div>\n\t\t\t\t\t<\/div>\n\t\t<\/section>\n\t\t\t\t<section class=\"elementor-section elementor-top-section elementor-element elementor-element-dacb5de elementor-section-boxed elementor-section-height-default elementor-section-height-default\" data-id=\"dacb5de\" data-element_type=\"section\">\n\t\t\t\t\t\t<div class=\"elementor-container elementor-column-gap-default\">\n\t\t\t\t\t<div class=\"elementor-column elementor-col-100 elementor-top-column elementor-element elementor-element-fd64481\" data-id=\"fd64481\" data-element_type=\"column\">\n\t\t\t<div class=\"elementor-widget-wrap elementor-element-populated\">\n\t\t\t\t\t\t<div class=\"elementor-element elementor-element-5c1e04c elementor-widget elementor-widget-text-editor\" data-id=\"5c1e04c\" data-element_type=\"widget\" data-widget_type=\"text-editor.default\">\n\t\t\t\t<div class=\"elementor-widget-container\">\n\t\t\t\t\t\t\t\t\t<p><span style=\"font-weight: 400;\">Les professionnels de la <\/span><a href=\"https:\/\/richeskarayib.com\/fr\/steelpan-de-trinite-et-tobago-article-blog\/\" target=\"_blank\" rel=\"noopener\"><b>culture carib\u00e9enne<\/b><\/a><span style=\"font-weight: 400;\"> sont \u00e0 un carrefour crucial. Les d\u00e9fis de la durabilit\u00e9 et du financement sont r\u00e9els, mais ils ne sont pas insurmontables. En adoptant une approche innovante et collaborative, il est possible de b\u00e2tir un secteur culturel r\u00e9silient et prosp\u00e8re. La <\/span><b>culture carib\u00e9enne<\/b><span style=\"font-weight: 400;\"> n&#8217;est pas seulement un atout \u00e9conomique, c&#8217;est aussi une source de fiert\u00e9 et d&#8217;identit\u00e9 pour toute une r\u00e9gion. Ensemble, r\u00e9inventons le futur culturel de la Cara\u00efbe !<\/span><\/p>\t\t\t\t\t\t\t\t<\/div>\n\t\t\t\t<\/div>\n\t\t\t\t<section class=\"elementor-section elementor-inner-section elementor-element elementor-element-9a568c7 elementor-section-boxed elementor-section-height-default elementor-section-height-default\" data-id=\"9a568c7\" data-element_type=\"section\">\n\t\t\t\t\t\t<div class=\"elementor-container elementor-column-gap-default\">\n\t\t\t\t\t<div class=\"elementor-column elementor-col-50 elementor-inner-column elementor-element elementor-element-3b5b150\" data-id=\"3b5b150\" data-element_type=\"column\">\n\t\t\t<div class=\"elementor-widget-wrap elementor-element-populated\">\n\t\t\t\t\t\t<div class=\"elementor-element elementor-element-8f36a4c elementor-widget elementor-widget-image\" data-id=\"8f36a4c\" data-element_type=\"widget\" data-widget_type=\"image.default\">\n\t\t\t\t<div class=\"elementor-widget-container\">\n\t\t\t\t\t\t\t\t\t\t\t\t\t\t\t<img fetchpriority=\"high\" decoding=\"async\" width=\"800\" height=\"532\" src=\"https:\/\/richeskarayib.com\/wp-content\/uploads\/2025\/02\/l-art-des-caraibes-a-vendre-sur-la-plage-a-playa-macao-punta-cana-republique-dominicaine-d29pbh-Modifie-Modifie-1024x681.jpg\" class=\"attachment-large size-large wp-image-44712\" alt=\"culture carib\u00e9enne\" srcset=\"https:\/\/richeskarayib.com\/wp-content\/uploads\/2025\/02\/l-art-des-caraibes-a-vendre-sur-la-plage-a-playa-macao-punta-cana-republique-dominicaine-d29pbh-Modifie-Modifie-1024x681.jpg 1024w, https:\/\/richeskarayib.com\/wp-content\/uploads\/2025\/02\/l-art-des-caraibes-a-vendre-sur-la-plage-a-playa-macao-punta-cana-republique-dominicaine-d29pbh-Modifie-Modifie-300x200.jpg 300w, https:\/\/richeskarayib.com\/wp-content\/uploads\/2025\/02\/l-art-des-caraibes-a-vendre-sur-la-plage-a-playa-macao-punta-cana-republique-dominicaine-d29pbh-Modifie-Modifie-768x511.jpg 768w, https:\/\/richeskarayib.com\/wp-content\/uploads\/2025\/02\/l-art-des-caraibes-a-vendre-sur-la-plage-a-playa-macao-punta-cana-republique-dominicaine-d29pbh-Modifie-Modifie.jpg 1300w\" sizes=\"(max-width: 800px) 100vw, 800px\" \/>\t\t\t\t\t\t\t\t\t\t\t\t\t\t\t<\/div>\n\t\t\t\t<\/div>\n\t\t\t\t\t<\/div>\n\t\t<\/div>\n\t\t\t\t<div class=\"elementor-column elementor-col-50 elementor-inner-column elementor-element elementor-element-c7b16e8\" data-id=\"c7b16e8\" data-element_type=\"column\">\n\t\t\t<div class=\"elementor-widget-wrap elementor-element-populated\">\n\t\t\t\t\t\t<div class=\"elementor-element elementor-element-2a5e2f7 elementor-widget elementor-widget-image\" data-id=\"2a5e2f7\" data-element_type=\"widget\" data-widget_type=\"image.default\">\n\t\t\t\t<div class=\"elementor-widget-container\">\n\t\t\t\t\t\t\t\t\t\t\t\t\t\t\t<img decoding=\"async\" width=\"800\" height=\"529\" src=\"https:\/\/richeskarayib.com\/wp-content\/uploads\/2025\/02\/le-garifuna-effectuer-danse-traditionnelle-la-musique-garifuna-et-la-danse-font-partie-integrante-de-cette-culture-dp4003-Modifie-1024x677.jpg\" class=\"attachment-large size-large wp-image-44716\" alt=\"culture carib\u00e9enne\" srcset=\"https:\/\/richeskarayib.com\/wp-content\/uploads\/2025\/02\/le-garifuna-effectuer-danse-traditionnelle-la-musique-garifuna-et-la-danse-font-partie-integrante-de-cette-culture-dp4003-Modifie-1024x677.jpg 1024w, https:\/\/richeskarayib.com\/wp-content\/uploads\/2025\/02\/le-garifuna-effectuer-danse-traditionnelle-la-musique-garifuna-et-la-danse-font-partie-integrante-de-cette-culture-dp4003-Modifie-300x198.jpg 300w, https:\/\/richeskarayib.com\/wp-content\/uploads\/2025\/02\/le-garifuna-effectuer-danse-traditionnelle-la-musique-garifuna-et-la-danse-font-partie-integrante-de-cette-culture-dp4003-Modifie-768x508.jpg 768w, https:\/\/richeskarayib.com\/wp-content\/uploads\/2025\/02\/le-garifuna-effectuer-danse-traditionnelle-la-musique-garifuna-et-la-danse-font-partie-integrante-de-cette-culture-dp4003-Modifie.jpg 1300w\" sizes=\"(max-width: 800px) 100vw, 800px\" \/>\t\t\t\t\t\t\t\t\t\t\t\t\t\t\t<\/div>\n\t\t\t\t<\/div>\n\t\t\t\t\t<\/div>\n\t\t<\/div>\n\t\t\t\t\t<\/div>\n\t\t<\/section>\n\t\t\t\t\t<\/div>\n\t\t<\/div>\n\t\t\t\t\t<\/div>\n\t\t<\/section>\n\t\t\t\t<\/div>\n\t\t","protected":false},"excerpt":{"rendered":"<p>La culture carib\u00e9enne est un tr\u00e9sor inestimable, riche de traditions, de musiques et d\u2019arts qui font la fiert\u00e9 de ses peuples. Cependant, derri\u00e8re cette beaut\u00e9 se cachent des d\u00e9fis importants, notamment en mati\u00e8re de durabilit\u00e9 et de financement. Face \u00e0 ces enjeux, comment les professionnels de la culture peuvent-ils naviguer pour garantir un avenir prosp\u00e8re [&hellip;]<\/p>\n","protected":false},"author":662,"featured_media":44705,"comment_status":"open","ping_status":"open","sticky":false,"template":"","format":"standard","meta":{"_acf_changed":false,"footnotes":""},"categories":[840],"tags":[1441,1598,1545,808,1675],"class_list":["post-44698","post","type-post","status-publish","format-standard","has-post-thumbnail","hentry","category-actus","tag-anguilla-fr","tag-barbade-fr","tag-guadeloupe-2","tag-martinique-fr","tag-sainte-lucie-2"],"acf":[],"_links":{"self":[{"href":"https:\/\/richeskarayib.com\/fr\/wp-json\/wp\/v2\/posts\/44698","targetHints":{"allow":["GET"]}}],"collection":[{"href":"https:\/\/richeskarayib.com\/fr\/wp-json\/wp\/v2\/posts"}],"about":[{"href":"https:\/\/richeskarayib.com\/fr\/wp-json\/wp\/v2\/types\/post"}],"author":[{"embeddable":true,"href":"https:\/\/richeskarayib.com\/fr\/wp-json\/wp\/v2\/users\/662"}],"replies":[{"embeddable":true,"href":"https:\/\/richeskarayib.com\/fr\/wp-json\/wp\/v2\/comments?post=44698"}],"version-history":[{"count":0,"href":"https:\/\/richeskarayib.com\/fr\/wp-json\/wp\/v2\/posts\/44698\/revisions"}],"wp:featuredmedia":[{"embeddable":true,"href":"https:\/\/richeskarayib.com\/fr\/wp-json\/wp\/v2\/media\/44705"}],"wp:attachment":[{"href":"https:\/\/richeskarayib.com\/fr\/wp-json\/wp\/v2\/media?parent=44698"}],"wp:term":[{"taxonomy":"category","embeddable":true,"href":"https:\/\/richeskarayib.com\/fr\/wp-json\/wp\/v2\/categories?post=44698"},{"taxonomy":"post_tag","embeddable":true,"href":"https:\/\/richeskarayib.com\/fr\/wp-json\/wp\/v2\/tags?post=44698"}],"curies":[{"name":"wp","href":"https:\/\/api.w.org\/{rel}","templated":true}]}}