{"id":44824,"date":"2025-02-10T13:00:14","date_gmt":"2025-02-10T17:00:14","guid":{"rendered":"https:\/\/richeskarayib.com\/?p=44824"},"modified":"2025-02-10T13:19:28","modified_gmt":"2025-02-10T17:19:28","slug":"routes-americas-2025-tourisme-aerien-caraibe","status":"publish","type":"post","link":"https:\/\/richeskarayib.com\/fr\/routes-americas-2025-tourisme-aerien-caraibe\/","title":{"rendered":"Routes Americas 2025 : Un \u00e9v\u00e9nement cl\u00e9 pour l&#8217;avenir du tourisme a\u00e9rien en Cara\u00efbe"},"content":{"rendered":"\t\t<div data-elementor-type=\"wp-post\" data-elementor-id=\"44824\" class=\"elementor elementor-44824\" data-elementor-post-type=\"post\">\n\t\t\t\t\t\t<section class=\"elementor-section elementor-top-section elementor-element elementor-element-329a1c4 elementor-section-boxed elementor-section-height-default elementor-section-height-default\" data-id=\"329a1c4\" data-element_type=\"section\">\n\t\t\t\t\t\t<div class=\"elementor-container elementor-column-gap-default\">\n\t\t\t\t\t<div class=\"elementor-column elementor-col-100 elementor-top-column elementor-element elementor-element-43de922\" data-id=\"43de922\" data-element_type=\"column\">\n\t\t\t<div class=\"elementor-widget-wrap elementor-element-populated\">\n\t\t\t\t\t\t<section class=\"elementor-section elementor-inner-section elementor-element elementor-element-1c27136 elementor-section-boxed elementor-section-height-default elementor-section-height-default\" data-id=\"1c27136\" data-element_type=\"section\">\n\t\t\t\t\t\t<div class=\"elementor-container elementor-column-gap-default\">\n\t\t\t\t\t<div class=\"elementor-column elementor-col-100 elementor-inner-column elementor-element elementor-element-c05a8aa\" data-id=\"c05a8aa\" data-element_type=\"column\">\n\t\t\t<div class=\"elementor-widget-wrap elementor-element-populated\">\n\t\t\t\t\t\t<div class=\"elementor-element elementor-element-14845c3 elementor-widget elementor-widget-text-editor\" data-id=\"14845c3\" data-element_type=\"widget\" data-widget_type=\"text-editor.default\">\n\t\t\t\t<div class=\"elementor-widget-container\">\n\t\t\t\t\t\t\t\t\t<p><b><a href=\"https:\/\/sflcn.com\/routes-americas-enhancing-air-connectivity-in-the-caribbean\/\" target=\"_blank\" rel=\"noopener nofollow\">Routes Americas 2025<\/a> : <\/b><span style=\"font-weight: 400;\">La <\/span><b>connectivit\u00e9 a\u00e9rienne<\/b><span style=\"font-weight: 400;\"> dans les Cara\u00efbes est sur le point de franchir un cap d\u00e9cisif avec l&#8217;\u00e9v\u00e9nement <\/span><b>Routes Americas 2025<\/b><span style=\"font-weight: 400;\"> qui se tiendra \u00e0 Nassau, aux Bahamas, du 10 au 12 f\u00e9vrier 2025. Cet \u00e9v\u00e9nement rassemblera plus de 900 professionnels de l&#8217;aviation, y compris des repr\u00e9sentants de compagnies a\u00e9riennes, d&#8217;a\u00e9roports, et de destinations touristiques. Il offre une plateforme strat\u00e9gique pour discuter des d\u00e9fis et des opportunit\u00e9s qui se pr\u00e9sentent \u00e0 l&#8217;industrie a\u00e9rienne dans cette r\u00e9gion.<\/span><\/p>\t\t\t\t\t\t\t\t<\/div>\n\t\t\t\t<\/div>\n\t\t\t\t\t<\/div>\n\t\t<\/div>\n\t\t\t\t\t<\/div>\n\t\t<\/section>\n\t\t\t\t\t<\/div>\n\t\t<\/div>\n\t\t\t\t\t<\/div>\n\t\t<\/section>\n\t\t\t\t<section class=\"elementor-section elementor-top-section elementor-element elementor-element-4a06b7e elementor-section-boxed elementor-section-height-default elementor-section-height-default\" data-id=\"4a06b7e\" data-element_type=\"section\">\n\t\t\t\t\t\t<div class=\"elementor-container elementor-column-gap-default\">\n\t\t\t\t\t<div class=\"elementor-column elementor-col-100 elementor-top-column elementor-element elementor-element-1352a95\" data-id=\"1352a95\" data-element_type=\"column\">\n\t\t\t<div class=\"elementor-widget-wrap elementor-element-populated\">\n\t\t\t\t\t\t<div class=\"elementor-element elementor-element-d9be88b elementor-widget elementor-widget-heading\" data-id=\"d9be88b\" data-element_type=\"widget\" data-widget_type=\"heading.default\">\n\t\t\t\t<div class=\"elementor-widget-container\">\n\t\t\t\t\t<h2 class=\"elementor-heading-title elementor-size-default\">Un forum strat\u00e9gique pour la connectivit\u00e9 a\u00e9rienne<\/h2>\t\t\t\t<\/div>\n\t\t\t\t<\/div>\n\t\t\t\t<div class=\"elementor-element elementor-element-4009aad elementor-widget elementor-widget-text-editor\" data-id=\"4009aad\" data-element_type=\"widget\" data-widget_type=\"text-editor.default\">\n\t\t\t\t<div class=\"elementor-widget-container\">\n\t\t\t\t\t\t\t\t\t<p><a href=\"https:\/\/nassaulpia.com\/routes-americas-2025\/\" target=\"_blank\" rel=\"noopener nofollow\"><b>Routes Americas 2025<\/b><\/a><span style=\"font-weight: 400;\"> s&#8217;impose comme un forum incontournable pour fa\u00e7onner l&#8217;avenir du transport a\u00e9rien dans les Cara\u00efbes. En r\u00e9unissant les principaux acteurs du secteur, cet \u00e9v\u00e9nement vise \u00e0 renforcer la collaboration entre les compagnies a\u00e9riennes et les destinations touristiques. L&#8217;Organisation du Tourisme des Cara\u00efbes (CTO) jouera un r\u00f4le central, mettant en avant les int\u00e9r\u00eats de ses membres et facilitant les \u00e9changes sur les enjeux cruciaux du secteur.<\/span><\/p><p><span style=\"font-weight: 400;\">Le choix des Bahamas comme h\u00f4te de cette \u00e9dition n&#8217;est pas anodin. Cela t\u00e9moigne de l&#8217;engagement du pays \u00e0 stimuler sa connectivit\u00e9 a\u00e9rienne mondiale et \u00e0 soutenir une croissance touristique durable. Les retomb\u00e9es \u00e9conomiques de cet \u00e9v\u00e9nement se feront sentir dans divers secteurs de l&#8217;industrie touristique locale, des transports \u00e0 l&#8217;h\u00e9bergement, en passant par le commerce de d\u00e9tail et les excursions.<\/span><\/p>\t\t\t\t\t\t\t\t<\/div>\n\t\t\t\t<\/div>\n\t\t\t\t\t<\/div>\n\t\t<\/div>\n\t\t\t\t\t<\/div>\n\t\t<\/section>\n\t\t\t\t<section class=\"elementor-section elementor-top-section elementor-element elementor-element-81870ce elementor-section-boxed elementor-section-height-default elementor-section-height-default\" data-id=\"81870ce\" data-element_type=\"section\">\n\t\t\t\t\t\t<div class=\"elementor-container elementor-column-gap-default\">\n\t\t\t\t\t<div class=\"elementor-column elementor-col-100 elementor-top-column elementor-element elementor-element-b229cc7\" data-id=\"b229cc7\" data-element_type=\"column\">\n\t\t\t<div class=\"elementor-widget-wrap elementor-element-populated\">\n\t\t\t\t\t\t<div class=\"elementor-element elementor-element-e9c6d5b elementor-widget elementor-widget-heading\" data-id=\"e9c6d5b\" data-element_type=\"widget\" data-widget_type=\"heading.default\">\n\t\t\t\t<div class=\"elementor-widget-container\">\n\t\t\t\t\t<h2 class=\"elementor-heading-title elementor-size-default\">Des dialogues de haut niveau<\/h2>\t\t\t\t<\/div>\n\t\t\t\t<\/div>\n\t\t\t\t<div class=\"elementor-element elementor-element-a75e9bf elementor-widget elementor-widget-text-editor\" data-id=\"a75e9bf\" data-element_type=\"widget\" data-widget_type=\"text-editor.default\">\n\t\t\t\t<div class=\"elementor-widget-container\">\n\t\t\t\t\t\t\t\t\t<p><span style=\"font-weight: 400;\">Un des moments forts de cet \u00e9v\u00e8nement sera le dialogue minist\u00e9riel intitul\u00e9 &#8220;Fa\u00e7onner l&#8217;avenir du tourisme carib\u00e9en&#8221;. Cette table ronde r\u00e9unira des figures embl\u00e9matiques du tourisme r\u00e9gional, dont Ian Gooding-Edghill, ministre du Tourisme et des Transports internationaux de la Barbade. La secr\u00e9taire g\u00e9n\u00e9rale de la CTO, Dona Regis-Prosper, jouera \u00e9galement un r\u00f4le cl\u00e9 dans les discussions, visant \u00e0 am\u00e9liorer la connectivit\u00e9 et \u00e0 augmenter le nombre de vols internationaux vers les destinations carib\u00e9ennes.<\/span><\/p>\t\t\t\t\t\t\t\t<\/div>\n\t\t\t\t<\/div>\n\t\t\t\t\t<\/div>\n\t\t<\/div>\n\t\t\t\t\t<\/div>\n\t\t<\/section>\n\t\t\t\t<section class=\"elementor-section elementor-top-section elementor-element elementor-element-5fd8ee0 elementor-section-boxed elementor-section-height-default elementor-section-height-default\" data-id=\"5fd8ee0\" data-element_type=\"section\">\n\t\t\t\t\t\t<div class=\"elementor-container elementor-column-gap-default\">\n\t\t\t\t\t<div class=\"elementor-column elementor-col-100 elementor-top-column elementor-element elementor-element-b7316a2\" data-id=\"b7316a2\" data-element_type=\"column\">\n\t\t\t<div class=\"elementor-widget-wrap elementor-element-populated\">\n\t\t\t\t\t\t<div class=\"elementor-element elementor-element-96314ef elementor-widget elementor-widget-heading\" data-id=\"96314ef\" data-element_type=\"widget\" data-widget_type=\"heading.default\">\n\t\t\t\t<div class=\"elementor-widget-container\">\n\t\t\t\t\t<h2 class=\"elementor-heading-title elementor-size-default\">Vers des partenariats strat\u00e9giques<\/h2>\t\t\t\t<\/div>\n\t\t\t\t<\/div>\n\t\t\t\t<div class=\"elementor-element elementor-element-d5b8f9e elementor-widget elementor-widget-text-editor\" data-id=\"d5b8f9e\" data-element_type=\"widget\" data-widget_type=\"text-editor.default\">\n\t\t\t\t<div class=\"elementor-widget-container\">\n\t\t\t\t\t\t\t\t\t<p><span style=\"font-weight: 400;\">La <\/span><b>Routes Americas 2025<\/b><span style=\"font-weight: 400;\"> offre une opportunit\u00e9 unique de forger des partenariats strat\u00e9giques. Le renforcement de la connectivit\u00e9 a\u00e9rienne vers et depuis les Cara\u00efbes n\u00e9cessite une approche unifi\u00e9e entre toutes les parties prenantes. La collaboration entre les acteurs de l&#8217;aviation et du tourisme est essentielle pour stimuler la croissance \u00e9conomique de la r\u00e9gion.<\/span><\/p><p><span style=\"font-weight: 400;\">Dona Regis-Prosper a soulign\u00e9 l&#8217;importance d&#8217;un travail collectif pour relever les d\u00e9fis que pose la g\u00e9ographie unique des Cara\u00efbes, o\u00f9 une multitude d&#8217;\u00eeles et de petits \u00c9tats exigent un r\u00e9seau de transport a\u00e9rien efficace et bien coordonn\u00e9.<\/span><\/p>\t\t\t\t\t\t\t\t<\/div>\n\t\t\t\t<\/div>\n\t\t\t\t\t<\/div>\n\t\t<\/div>\n\t\t\t\t\t<\/div>\n\t\t<\/section>\n\t\t\t\t<section class=\"elementor-section elementor-top-section elementor-element elementor-element-fdb48d4 elementor-section-boxed elementor-section-height-default elementor-section-height-default\" data-id=\"fdb48d4\" data-element_type=\"section\">\n\t\t\t\t\t\t<div class=\"elementor-container elementor-column-gap-default\">\n\t\t\t\t\t<div class=\"elementor-column elementor-col-100 elementor-top-column elementor-element elementor-element-262484a\" data-id=\"262484a\" data-element_type=\"column\">\n\t\t\t<div class=\"elementor-widget-wrap elementor-element-populated\">\n\t\t\t\t\t\t<div class=\"elementor-element elementor-element-fd51d44 elementor-widget elementor-widget-heading\" data-id=\"fd51d44\" data-element_type=\"widget\" data-widget_type=\"heading.default\">\n\t\t\t\t<div class=\"elementor-widget-container\">\n\t\t\t\t\t<h2 class=\"elementor-heading-title elementor-size-default\">L'impact de la pand\u00e9mie sur le secteur touristique<\/h2>\t\t\t\t<\/div>\n\t\t\t\t<\/div>\n\t\t\t\t<div class=\"elementor-element elementor-element-ba2f1cc elementor-widget elementor-widget-text-editor\" data-id=\"ba2f1cc\" data-element_type=\"widget\" data-widget_type=\"text-editor.default\">\n\t\t\t\t<div class=\"elementor-widget-container\">\n\t\t\t\t\t\t\t\t\t<p><span style=\"font-weight: 400;\">La pand\u00e9mie de COVID-19 a eu des r\u00e9percussions profondes sur le secteur touristique carib\u00e9en. <\/span><b>Routes Americas 2025<\/b><span style=\"font-weight: 400;\"> sera l&#8217;occasion de faire le point sur la reprise \u00e9conomique et d&#8217;\u00e9laborer des strat\u00e9gies pour renforcer la r\u00e9silience du secteur face aux crises futures. Les discussions porteront notamment sur l&#8217;adaptation des infrastructures a\u00e9roportuaires aux nouvelles normes sanitaires et la diversification des march\u00e9s \u00e9metteurs de touristes.<\/span><\/p>\t\t\t\t\t\t\t\t<\/div>\n\t\t\t\t<\/div>\n\t\t\t\t\t<\/div>\n\t\t<\/div>\n\t\t\t\t\t<\/div>\n\t\t<\/section>\n\t\t\t\t<section class=\"elementor-section elementor-top-section elementor-element elementor-element-1c2eb7c elementor-section-boxed elementor-section-height-default elementor-section-height-default\" data-id=\"1c2eb7c\" data-element_type=\"section\">\n\t\t\t\t\t\t<div class=\"elementor-container elementor-column-gap-default\">\n\t\t\t\t\t<div class=\"elementor-column elementor-col-100 elementor-top-column elementor-element elementor-element-630fa63\" data-id=\"630fa63\" data-element_type=\"column\">\n\t\t\t<div class=\"elementor-widget-wrap elementor-element-populated\">\n\t\t\t\t\t\t<div class=\"elementor-element elementor-element-61310e3 elementor-widget elementor-widget-heading\" data-id=\"61310e3\" data-element_type=\"widget\" data-widget_type=\"heading.default\">\n\t\t\t\t<div class=\"elementor-widget-container\">\n\t\t\t\t\t<h2 class=\"elementor-heading-title elementor-size-default\">L'innovation au c\u0153ur des \u00e9changes<\/h2>\t\t\t\t<\/div>\n\t\t\t\t<\/div>\n\t\t\t\t<div class=\"elementor-element elementor-element-0040740 elementor-widget elementor-widget-text-editor\" data-id=\"0040740\" data-element_type=\"widget\" data-widget_type=\"text-editor.default\">\n\t\t\t\t<div class=\"elementor-widget-container\">\n\t\t\t\t\t\t\t\t\t<p><span style=\"font-weight: 400;\">L&#8217;innovation technologique sera un \u00e9l\u00e9ment cl\u00e9 des discussions \u00e0 <\/span><b>Routes Americas 2025<\/b><span style=\"font-weight: 400;\">. Les compagnies a\u00e9riennes et les a\u00e9roports auront l&#8217;opportunit\u00e9 de pr\u00e9senter leurs projets visant \u00e0 rendre les voyages plus fluides et durables. L&#8217;utilisation de carburants d&#8217;aviation durables et la r\u00e9duction de l&#8217;empreinte carbone seront \u00e9galement des pr\u00e9occupations majeures.<\/span><\/p>\t\t\t\t\t\t\t\t<\/div>\n\t\t\t\t<\/div>\n\t\t\t\t\t<\/div>\n\t\t<\/div>\n\t\t\t\t\t<\/div>\n\t\t<\/section>\n\t\t\t\t<section class=\"elementor-section elementor-top-section elementor-element elementor-element-a0af84d elementor-section-boxed elementor-section-height-default elementor-section-height-default\" data-id=\"a0af84d\" data-element_type=\"section\">\n\t\t\t\t\t\t<div class=\"elementor-container elementor-column-gap-default\">\n\t\t\t\t\t<div class=\"elementor-column elementor-col-100 elementor-top-column elementor-element elementor-element-e416a11\" data-id=\"e416a11\" data-element_type=\"column\">\n\t\t\t<div class=\"elementor-widget-wrap elementor-element-populated\">\n\t\t\t\t\t\t<div class=\"elementor-element elementor-element-98277db elementor-widget elementor-widget-heading\" data-id=\"98277db\" data-element_type=\"widget\" data-widget_type=\"heading.default\">\n\t\t\t\t<div class=\"elementor-widget-container\">\n\t\t\t\t\t<h2 class=\"elementor-heading-title elementor-size-default\">Un tremplin pour de nouvelles liaisons a\u00e9riennes<\/h2>\t\t\t\t<\/div>\n\t\t\t\t<\/div>\n\t\t\t\t<div class=\"elementor-element elementor-element-46e4d87 elementor-widget elementor-widget-text-editor\" data-id=\"46e4d87\" data-element_type=\"widget\" data-widget_type=\"text-editor.default\">\n\t\t\t\t<div class=\"elementor-widget-container\">\n\t\t\t\t\t\t\t\t\t<p><span style=\"font-weight: 400;\">L&#8217;un des objectifs concrets de cet \u00e9v\u00e8nement est de favoriser la cr\u00e9ation de nouvelles liaisons a\u00e9riennes vers et au sein de la Cara\u00efbe. Les rencontres entre compagnies a\u00e9riennes et repr\u00e9sentants des destinations permettront d&#8217;identifier les opportunit\u00e9s de march\u00e9 et de n\u00e9gocier de nouvelles dessertes. Ces nouvelles routes pourraient non seulement am\u00e9liorer l&#8217;accessibilit\u00e9 des destinations carib\u00e9ennes pour les touristes internationaux, mais aussi stimuler le tourisme intra-r\u00e9gional, un segment souvent n\u00e9glig\u00e9 mais porteur de croissance.<\/span><\/p>\t\t\t\t\t\t\t\t<\/div>\n\t\t\t\t<\/div>\n\t\t\t\t\t<\/div>\n\t\t<\/div>\n\t\t\t\t\t<\/div>\n\t\t<\/section>\n\t\t\t\t<section class=\"elementor-section elementor-top-section elementor-element elementor-element-4db601d elementor-section-boxed elementor-section-height-default elementor-section-height-default\" data-id=\"4db601d\" data-element_type=\"section\">\n\t\t\t\t\t\t<div class=\"elementor-container elementor-column-gap-default\">\n\t\t\t\t\t<div class=\"elementor-column elementor-col-100 elementor-top-column elementor-element elementor-element-8ce7cc4\" data-id=\"8ce7cc4\" data-element_type=\"column\">\n\t\t\t<div class=\"elementor-widget-wrap elementor-element-populated\">\n\t\t\t\t\t\t<div class=\"elementor-element elementor-element-aacd02d elementor-widget elementor-widget-heading\" data-id=\"aacd02d\" data-element_type=\"widget\" data-widget_type=\"heading.default\">\n\t\t\t\t<div class=\"elementor-widget-container\">\n\t\t\t\t\t<h2 class=\"elementor-heading-title elementor-size-default\">La durabilit\u00e9 : un th\u00e8me central<\/h2>\t\t\t\t<\/div>\n\t\t\t\t<\/div>\n\t\t\t\t<div class=\"elementor-element elementor-element-e20e1d8 elementor-widget elementor-widget-text-editor\" data-id=\"e20e1d8\" data-element_type=\"widget\" data-widget_type=\"text-editor.default\">\n\t\t\t\t<div class=\"elementor-widget-container\">\n\t\t\t\t\t\t\t\t\t<p><span style=\"font-weight: 400;\">La durabilit\u00e9 sera un th\u00e8me transversal. Les destinations carib\u00e9ennes sont particuli\u00e8rement vuln\u00e9rables aux effets du changement climatique. Le d\u00e9veloppement d&#8217;un <a href=\"https:\/\/richeskarayib.com\/fr\/tourisme-caraibe-tea-time-a-lhotel-sable-bleu\/\" target=\"_blank\" rel=\"noopener\">tourisme responsable<\/a> est crucial pour leur avenir. Les discussions se concentreront sur la mani\u00e8re de concilier la croissance du trafic a\u00e9rien et la pr\u00e9servation de l&#8217;environnement. Des solutions innovantes, telles que l&#8217;utilisation d&#8217;\u00e9nergies renouvelables dans les a\u00e9roports, seront explor\u00e9es.<\/span><\/p>\t\t\t\t\t\t\t\t<\/div>\n\t\t\t\t<\/div>\n\t\t\t\t\t<\/div>\n\t\t<\/div>\n\t\t\t\t\t<\/div>\n\t\t<\/section>\n\t\t\t\t<section class=\"elementor-section elementor-top-section elementor-element elementor-element-4b23550 elementor-section-boxed elementor-section-height-default elementor-section-height-default\" data-id=\"4b23550\" data-element_type=\"section\">\n\t\t\t\t\t\t<div class=\"elementor-container elementor-column-gap-default\">\n\t\t\t\t\t<div class=\"elementor-column elementor-col-100 elementor-top-column elementor-element elementor-element-c66fdb4\" data-id=\"c66fdb4\" data-element_type=\"column\">\n\t\t\t<div class=\"elementor-widget-wrap elementor-element-populated\">\n\t\t\t\t\t\t<div class=\"elementor-element elementor-element-938f963 elementor-widget elementor-widget-heading\" data-id=\"938f963\" data-element_type=\"widget\" data-widget_type=\"heading.default\">\n\t\t\t\t<div class=\"elementor-widget-container\">\n\t\t\t\t\t<h2 class=\"elementor-heading-title elementor-size-default\">Un rendez-vous indispensable<\/h2>\t\t\t\t<\/div>\n\t\t\t\t<\/div>\n\t\t\t\t<div class=\"elementor-element elementor-element-6a634a7 elementor-widget elementor-widget-text-editor\" data-id=\"6a634a7\" data-element_type=\"widget\" data-widget_type=\"text-editor.default\">\n\t\t\t\t<div class=\"elementor-widget-container\">\n\t\t\t\t\t\t\t\t\t<p><span style=\"font-weight: 400;\">L&#8217;Office du Tourisme de St. Kitts envisage cette participation comme un catalyseur pour le d\u00e9veloppement du <a href=\"https:\/\/richeskarayib.com\/fr\/fete-de-la-gastronomie-de-saint-martin-blog\/\" target=\"_blank\" rel=\"noopener\">tourisme gastronomique<\/a> sur l&#8217;\u00eele. Des initiatives sont pr\u00e9vues pour capitaliser sur cette exposition :<\/span><\/p><ul><li style=\"font-weight: 400;\" aria-level=\"1\"><span style=\"font-weight: 400;\">Organisation de festivals culinaires locaux<\/span><\/li><li style=\"font-weight: 400;\" aria-level=\"1\"><span style=\"font-weight: 400;\">D\u00e9veloppement de circuits gastronomiques sur l&#8217;\u00eele<\/span><\/li><li style=\"font-weight: 400;\" aria-level=\"1\"><span style=\"font-weight: 400;\">Formation et promotion des jeunes talents culinaires kittitiens<\/span><\/li><\/ul>\t\t\t\t\t\t\t\t<\/div>\n\t\t\t\t<\/div>\n\t\t\t\t\t<\/div>\n\t\t<\/div>\n\t\t\t\t\t<\/div>\n\t\t<\/section>\n\t\t\t\t<section class=\"elementor-section elementor-top-section elementor-element elementor-element-16b5d64 elementor-section-boxed elementor-section-height-default elementor-section-height-default\" data-id=\"16b5d64\" data-element_type=\"section\">\n\t\t\t\t\t\t<div class=\"elementor-container elementor-column-gap-default\">\n\t\t\t\t\t<div class=\"elementor-column elementor-col-100 elementor-top-column elementor-element elementor-element-2e214ec\" data-id=\"2e214ec\" data-element_type=\"column\">\n\t\t\t<div class=\"elementor-widget-wrap elementor-element-populated\">\n\t\t\t\t\t\t<div class=\"elementor-element elementor-element-d3c0d40 elementor-widget elementor-widget-text-editor\" data-id=\"d3c0d40\" data-element_type=\"widget\" data-widget_type=\"text-editor.default\">\n\t\t\t\t<div class=\"elementor-widget-container\">\n\t\t\t\t\t\t\t\t\t<p><b>Routes Americas 2025<\/b><span style=\"font-weight: 400;\"> s&#8217;annonce comme un \u00e9v\u00e9nement d\u00e9terminant pour l&#8217;avenir du tourisme et du transport a\u00e9rien dans les <a href=\"https:\/\/richeskarayib.com\/fr\/les-plages-secretes-de-la-caraibe-blog-post\/\" target=\"_blank\" rel=\"noopener\">Cara\u00efbes<\/a>. En r\u00e9unissant les principaux acteurs du secteur, ce forum offre une opportunit\u00e9 unique de relever les d\u00e9fis actuels et de tracer la voie vers un d\u00e9veloppement touristique durable et inclusif. Les retomb\u00e9es de cet \u00e9v\u00e9nement devraient se faire sentir bien au-del\u00e0 de 2025, avec la mise en \u0153uvre de nouvelles strat\u00e9gies et partenariats qui fa\u00e7onneront l&#8217;industrie touristique carib\u00e9enne pour les ann\u00e9es \u00e0 venir. Pour les professionnels du tourisme et les passionn\u00e9s de la r\u00e9gion, cet \u00e9v\u00e8nement est ind\u00e9niablement un rendez-vous \u00e0 ne pas manquer.<\/span><\/p>\t\t\t\t\t\t\t\t<\/div>\n\t\t\t\t<\/div>\n\t\t\t\t<section class=\"elementor-section elementor-inner-section elementor-element elementor-element-17a7ee2 elementor-section-boxed elementor-section-height-default elementor-section-height-default\" data-id=\"17a7ee2\" data-element_type=\"section\">\n\t\t\t\t\t\t<div class=\"elementor-container elementor-column-gap-default\">\n\t\t\t\t\t<div class=\"elementor-column elementor-col-25 elementor-inner-column elementor-element elementor-element-df24043\" data-id=\"df24043\" data-element_type=\"column\">\n\t\t\t<div class=\"elementor-widget-wrap elementor-element-populated\">\n\t\t\t\t\t\t<div class=\"elementor-element elementor-element-cff1eb4 elementor-widget elementor-widget-image\" data-id=\"cff1eb4\" data-element_type=\"widget\" data-widget_type=\"image.default\">\n\t\t\t\t<div class=\"elementor-widget-container\">\n\t\t\t\t\t\t\t\t\t\t\t\t\t\t\t<img fetchpriority=\"high\" decoding=\"async\" width=\"800\" height=\"587\" src=\"https:\/\/richeskarayib.com\/wp-content\/uploads\/2025\/02\/vue-panoramique-de-nassau-aux-bahamas-situe-a-nassau-sur-l-ile-de-new-providence-le-climat-tropical-et-la-beaute-naturelle-des-bahamas-eckwp4-Modifie-1024x751.jpg\" class=\"attachment-large size-large wp-image-44829\" alt=\"Routes Americas 2025\" srcset=\"https:\/\/richeskarayib.com\/wp-content\/uploads\/2025\/02\/vue-panoramique-de-nassau-aux-bahamas-situe-a-nassau-sur-l-ile-de-new-providence-le-climat-tropical-et-la-beaute-naturelle-des-bahamas-eckwp4-Modifie-1024x751.jpg 1024w, https:\/\/richeskarayib.com\/wp-content\/uploads\/2025\/02\/vue-panoramique-de-nassau-aux-bahamas-situe-a-nassau-sur-l-ile-de-new-providence-le-climat-tropical-et-la-beaute-naturelle-des-bahamas-eckwp4-Modifie-300x220.jpg 300w, https:\/\/richeskarayib.com\/wp-content\/uploads\/2025\/02\/vue-panoramique-de-nassau-aux-bahamas-situe-a-nassau-sur-l-ile-de-new-providence-le-climat-tropical-et-la-beaute-naturelle-des-bahamas-eckwp4-Modifie-768x564.jpg 768w, https:\/\/richeskarayib.com\/wp-content\/uploads\/2025\/02\/vue-panoramique-de-nassau-aux-bahamas-situe-a-nassau-sur-l-ile-de-new-providence-le-climat-tropical-et-la-beaute-naturelle-des-bahamas-eckwp4-Modifie.jpg 1300w\" sizes=\"(max-width: 800px) 100vw, 800px\" \/>\t\t\t\t\t\t\t\t\t\t\t\t\t\t\t<\/div>\n\t\t\t\t<\/div>\n\t\t\t\t\t<\/div>\n\t\t<\/div>\n\t\t\t\t<div class=\"elementor-column elementor-col-25 elementor-inner-column elementor-element elementor-element-533d7f0\" data-id=\"533d7f0\" data-element_type=\"column\">\n\t\t\t<div class=\"elementor-widget-wrap elementor-element-populated\">\n\t\t\t\t\t\t<div class=\"elementor-element elementor-element-b69ad28 elementor-widget elementor-widget-image\" data-id=\"b69ad28\" data-element_type=\"widget\" data-widget_type=\"image.default\">\n\t\t\t\t<div class=\"elementor-widget-container\">\n\t\t\t\t\t\t\t\t\t\t\t\t\t\t\t<img decoding=\"async\" width=\"800\" height=\"533\" src=\"https:\/\/richeskarayib.com\/wp-content\/uploads\/2025\/02\/nassau-bahamas-poisson-fray-heritage-village-e7fpjg-Modifie-1024x682.jpg\" class=\"attachment-large size-large wp-image-44833\" alt=\"Routes Americas 2025\" srcset=\"https:\/\/richeskarayib.com\/wp-content\/uploads\/2025\/02\/nassau-bahamas-poisson-fray-heritage-village-e7fpjg-Modifie-1024x682.jpg 1024w, https:\/\/richeskarayib.com\/wp-content\/uploads\/2025\/02\/nassau-bahamas-poisson-fray-heritage-village-e7fpjg-Modifie-300x200.jpg 300w, https:\/\/richeskarayib.com\/wp-content\/uploads\/2025\/02\/nassau-bahamas-poisson-fray-heritage-village-e7fpjg-Modifie-768x512.jpg 768w, https:\/\/richeskarayib.com\/wp-content\/uploads\/2025\/02\/nassau-bahamas-poisson-fray-heritage-village-e7fpjg-Modifie.jpg 1300w\" sizes=\"(max-width: 800px) 100vw, 800px\" \/>\t\t\t\t\t\t\t\t\t\t\t\t\t\t\t<\/div>\n\t\t\t\t<\/div>\n\t\t\t\t\t<\/div>\n\t\t<\/div>\n\t\t\t\t<div class=\"elementor-column elementor-col-25 elementor-inner-column elementor-element elementor-element-57c0546\" data-id=\"57c0546\" data-element_type=\"column\">\n\t\t\t<div class=\"elementor-widget-wrap elementor-element-populated\">\n\t\t\t\t\t\t<div class=\"elementor-element elementor-element-a450735 elementor-widget elementor-widget-image\" data-id=\"a450735\" data-element_type=\"widget\" data-widget_type=\"image.default\">\n\t\t\t\t<div class=\"elementor-widget-container\">\n\t\t\t\t\t\t\t\t\t\t\t\t\t\t\t<img decoding=\"async\" width=\"800\" height=\"532\" src=\"https:\/\/richeskarayib.com\/wp-content\/uploads\/2025\/02\/hog-island-paradise-island-lighthouse-nassau-bahamas-caraibes-d1y608-Modifie-1024x681.jpg\" class=\"attachment-large size-large wp-image-44837\" alt=\"Routes Americas 2025\" srcset=\"https:\/\/richeskarayib.com\/wp-content\/uploads\/2025\/02\/hog-island-paradise-island-lighthouse-nassau-bahamas-caraibes-d1y608-Modifie-1024x681.jpg 1024w, https:\/\/richeskarayib.com\/wp-content\/uploads\/2025\/02\/hog-island-paradise-island-lighthouse-nassau-bahamas-caraibes-d1y608-Modifie-300x199.jpg 300w, https:\/\/richeskarayib.com\/wp-content\/uploads\/2025\/02\/hog-island-paradise-island-lighthouse-nassau-bahamas-caraibes-d1y608-Modifie-768x510.jpg 768w, https:\/\/richeskarayib.com\/wp-content\/uploads\/2025\/02\/hog-island-paradise-island-lighthouse-nassau-bahamas-caraibes-d1y608-Modifie.jpg 1300w\" sizes=\"(max-width: 800px) 100vw, 800px\" \/>\t\t\t\t\t\t\t\t\t\t\t\t\t\t\t<\/div>\n\t\t\t\t<\/div>\n\t\t\t\t\t<\/div>\n\t\t<\/div>\n\t\t\t\t<div class=\"elementor-column elementor-col-25 elementor-inner-column elementor-element elementor-element-254f0c5\" data-id=\"254f0c5\" data-element_type=\"column\">\n\t\t\t<div class=\"elementor-widget-wrap elementor-element-populated\">\n\t\t\t\t\t\t<div class=\"elementor-element elementor-element-e88aff2 elementor-widget elementor-widget-image\" data-id=\"e88aff2\" data-element_type=\"widget\" data-widget_type=\"image.default\">\n\t\t\t\t<div class=\"elementor-widget-container\">\n\t\t\t\t\t\t\t\t\t\t\t\t\t\t\t<img loading=\"lazy\" decoding=\"async\" width=\"800\" height=\"530\" src=\"https:\/\/richeskarayib.com\/wp-content\/uploads\/2025\/02\/nassau-bahamas-et-le-phare-a-l-aube-da3an8-Modifie-1024x679.jpg\" class=\"attachment-large size-large wp-image-44841\" alt=\"Routes Americas 2025\" srcset=\"https:\/\/richeskarayib.com\/wp-content\/uploads\/2025\/02\/nassau-bahamas-et-le-phare-a-l-aube-da3an8-Modifie-1024x679.jpg 1024w, https:\/\/richeskarayib.com\/wp-content\/uploads\/2025\/02\/nassau-bahamas-et-le-phare-a-l-aube-da3an8-Modifie-300x199.jpg 300w, https:\/\/richeskarayib.com\/wp-content\/uploads\/2025\/02\/nassau-bahamas-et-le-phare-a-l-aube-da3an8-Modifie-768x509.jpg 768w, https:\/\/richeskarayib.com\/wp-content\/uploads\/2025\/02\/nassau-bahamas-et-le-phare-a-l-aube-da3an8-Modifie.jpg 1300w\" sizes=\"(max-width: 800px) 100vw, 800px\" \/>\t\t\t\t\t\t\t\t\t\t\t\t\t\t\t<\/div>\n\t\t\t\t<\/div>\n\t\t\t\t\t<\/div>\n\t\t<\/div>\n\t\t\t\t\t<\/div>\n\t\t<\/section>\n\t\t\t\t\t<\/div>\n\t\t<\/div>\n\t\t\t\t\t<\/div>\n\t\t<\/section>\n\t\t\t\t<\/div>\n\t\t","protected":false},"excerpt":{"rendered":"<p>Routes Americas 2025 : La connectivit\u00e9 a\u00e9rienne dans les Cara\u00efbes est sur le point de franchir un cap d\u00e9cisif avec l&#8217;\u00e9v\u00e9nement Routes Americas 2025 qui se tiendra \u00e0 Nassau, aux Bahamas, du 10 au 12 f\u00e9vrier 2025. Cet \u00e9v\u00e9nement rassemblera plus de 900 professionnels de l&#8217;aviation, y compris des repr\u00e9sentants de compagnies a\u00e9riennes, d&#8217;a\u00e9roports, et [&hellip;]<\/p>\n","protected":false},"author":662,"featured_media":44825,"comment_status":"open","ping_status":"open","sticky":false,"template":"","format":"standard","meta":{"_acf_changed":false,"footnotes":""},"categories":[840],"tags":[1574],"class_list":["post-44824","post","type-post","status-publish","format-standard","has-post-thumbnail","hentry","category-actus","tag-bahamas-fr"],"acf":[],"_links":{"self":[{"href":"https:\/\/richeskarayib.com\/fr\/wp-json\/wp\/v2\/posts\/44824","targetHints":{"allow":["GET"]}}],"collection":[{"href":"https:\/\/richeskarayib.com\/fr\/wp-json\/wp\/v2\/posts"}],"about":[{"href":"https:\/\/richeskarayib.com\/fr\/wp-json\/wp\/v2\/types\/post"}],"author":[{"embeddable":true,"href":"https:\/\/richeskarayib.com\/fr\/wp-json\/wp\/v2\/users\/662"}],"replies":[{"embeddable":true,"href":"https:\/\/richeskarayib.com\/fr\/wp-json\/wp\/v2\/comments?post=44824"}],"version-history":[{"count":0,"href":"https:\/\/richeskarayib.com\/fr\/wp-json\/wp\/v2\/posts\/44824\/revisions"}],"wp:featuredmedia":[{"embeddable":true,"href":"https:\/\/richeskarayib.com\/fr\/wp-json\/wp\/v2\/media\/44825"}],"wp:attachment":[{"href":"https:\/\/richeskarayib.com\/fr\/wp-json\/wp\/v2\/media?parent=44824"}],"wp:term":[{"taxonomy":"category","embeddable":true,"href":"https:\/\/richeskarayib.com\/fr\/wp-json\/wp\/v2\/categories?post=44824"},{"taxonomy":"post_tag","embeddable":true,"href":"https:\/\/richeskarayib.com\/fr\/wp-json\/wp\/v2\/tags?post=44824"}],"curies":[{"name":"wp","href":"https:\/\/api.w.org\/{rel}","templated":true}]}}