{"id":44946,"date":"2025-02-13T11:00:43","date_gmt":"2025-02-13T15:00:43","guid":{"rendered":"https:\/\/richeskarayib.com\/?p=44946"},"modified":"2025-02-13T11:13:38","modified_gmt":"2025-02-13T15:13:38","slug":"miss-france-2025-angelique-agarni-filopon","status":"publish","type":"post","link":"https:\/\/richeskarayib.com\/fr\/miss-france-2025-angelique-agarni-filopon\/","title":{"rendered":"Miss France 2025 : Ang\u00e9lique Angarni-Filopon, un retour \u00e9blouissant en Martinique"},"content":{"rendered":"\t\t<div data-elementor-type=\"wp-post\" data-elementor-id=\"44946\" class=\"elementor elementor-44946\" data-elementor-post-type=\"post\">\n\t\t\t\t\t\t<section class=\"elementor-section elementor-top-section elementor-element elementor-element-329a1c4 elementor-section-boxed elementor-section-height-default elementor-section-height-default\" data-id=\"329a1c4\" data-element_type=\"section\">\n\t\t\t\t\t\t<div class=\"elementor-container elementor-column-gap-default\">\n\t\t\t\t\t<div class=\"elementor-column elementor-col-100 elementor-top-column elementor-element elementor-element-43de922\" data-id=\"43de922\" data-element_type=\"column\">\n\t\t\t<div class=\"elementor-widget-wrap elementor-element-populated\">\n\t\t\t\t\t\t<section class=\"elementor-section elementor-inner-section elementor-element elementor-element-1c27136 elementor-section-boxed elementor-section-height-default elementor-section-height-default\" data-id=\"1c27136\" data-element_type=\"section\">\n\t\t\t\t\t\t<div class=\"elementor-container elementor-column-gap-default\">\n\t\t\t\t\t<div class=\"elementor-column elementor-col-100 elementor-inner-column elementor-element elementor-element-c05a8aa\" data-id=\"c05a8aa\" data-element_type=\"column\">\n\t\t\t<div class=\"elementor-widget-wrap elementor-element-populated\">\n\t\t\t\t\t\t<div class=\"elementor-element elementor-element-14845c3 elementor-widget elementor-widget-text-editor\" data-id=\"14845c3\" data-element_type=\"widget\" data-widget_type=\"text-editor.default\">\n\t\t\t\t<div class=\"elementor-widget-container\">\n\t\t\t\t\t\t\t\t\t<p><b>Miss France 2025 &#8211; <\/b><span style=\"font-weight: 400;\">l&#8217;\u00eele de la Martinique a r\u00e9cemment \u00e9t\u00e9 le th\u00e9\u00e2tre d&#8217;un \u00e9v\u00e9nement m\u00e9morable avec le retour d&#8217;<\/span><a href=\"https:\/\/www.instagram.com\/angeliqueaf_off\/\" target=\"_blank\" rel=\"noopener nofollow\"><b>Ang\u00e9lique Angarni-Filopon<\/b><\/a><span style=\"font-weight: 400;\">, <\/span><b>Miss France 2025<\/b><span style=\"font-weight: 400;\">. Le lundi 10 f\u00e9vrier, la premi\u00e8re Martiniquaise \u00e0 d\u00e9crocher ce titre a \u00e9t\u00e9 accueillie avec une ferveur inou\u00efe. Son sacre a non seulement suscit\u00e9 une vague d&#8217;enthousiasme, mais a \u00e9galement renforc\u00e9 un sentiment de fiert\u00e9 collective \u00e0 travers l&#8217;\u00eele.<\/span><\/p>\t\t\t\t\t\t\t\t<\/div>\n\t\t\t\t<\/div>\n\t\t\t\t\t<\/div>\n\t\t<\/div>\n\t\t\t\t\t<\/div>\n\t\t<\/section>\n\t\t\t\t\t<\/div>\n\t\t<\/div>\n\t\t\t\t\t<\/div>\n\t\t<\/section>\n\t\t\t\t<section class=\"elementor-section elementor-top-section elementor-element elementor-element-4a06b7e elementor-section-boxed elementor-section-height-default elementor-section-height-default\" data-id=\"4a06b7e\" data-element_type=\"section\">\n\t\t\t\t\t\t<div class=\"elementor-container elementor-column-gap-default\">\n\t\t\t\t\t<div class=\"elementor-column elementor-col-100 elementor-top-column elementor-element elementor-element-1352a95\" data-id=\"1352a95\" data-element_type=\"column\">\n\t\t\t<div class=\"elementor-widget-wrap elementor-element-populated\">\n\t\t\t\t\t\t<div class=\"elementor-element elementor-element-d9be88b elementor-widget elementor-widget-heading\" data-id=\"d9be88b\" data-element_type=\"widget\" data-widget_type=\"heading.default\">\n\t\t\t\t<div class=\"elementor-widget-container\">\n\t\t\t\t\t<h2 class=\"elementor-heading-title elementor-size-default\">Un accueil chaleureux<\/h2>\t\t\t\t<\/div>\n\t\t\t\t<\/div>\n\t\t\t\t<div class=\"elementor-element elementor-element-4009aad elementor-widget elementor-widget-text-editor\" data-id=\"4009aad\" data-element_type=\"widget\" data-widget_type=\"text-editor.default\">\n\t\t\t\t<div class=\"elementor-widget-container\">\n\t\t\t\t\t\t\t\t\t<p><span style=\"font-weight: 400;\">D\u00e8s son arriv\u00e9e \u00e0 l\u2019a\u00e9roport Martinique Aim\u00e9 C\u00e9saire, Ang\u00e9lique a \u00e9t\u00e9 accueillie par une foule en liesse, impatiente de c\u00e9l\u00e9brer son succ\u00e8s. Les tambours du groupe de carnaval Otantik Gerican Bass ont r\u00e9sonn\u00e9, cr\u00e9ant une ambiance festive. V\u00eatue d&#8217;une \u00e9l\u00e9gante robe blanche, Miss France 2025 a \u00e9t\u00e9 acclam\u00e9e par la foule, dansant et communiant avec son peuple.<\/span><\/p><p><span style=\"font-weight: 400;\">\u00ab Nou fey ! Et \u00e0 chaque fois que je pars en d\u00e9dicaces et que je retrouve ma communaut\u00e9 martiniquaise, mwen ka di yo s\u00e9 ba zot mwen ka fey ! Merci de me porter, de me rendre si fi\u00e8re d\u2019\u00eatre Martiniquaise et d\u2019\u00eatre la premi\u00e8re Miss France Martiniquaise ! \u00bb Ces mots d&#8217;Ang\u00e9lique t\u00e9moignent de sa gratitude et de sa fiert\u00e9 d&#8217;\u00eatre Martiniquaise, un sentiment partag\u00e9 par toute l&#8217;\u00eele.<\/span><\/p>\t\t\t\t\t\t\t\t<\/div>\n\t\t\t\t<\/div>\n\t\t\t\t<section class=\"elementor-section elementor-inner-section elementor-element elementor-element-7bdae01 elementor-section-boxed elementor-section-height-default elementor-section-height-default\" data-id=\"7bdae01\" data-element_type=\"section\">\n\t\t\t\t\t\t<div class=\"elementor-container elementor-column-gap-default\">\n\t\t\t\t\t<div class=\"elementor-column elementor-col-50 elementor-inner-column elementor-element elementor-element-a6164ad\" data-id=\"a6164ad\" data-element_type=\"column\">\n\t\t\t<div class=\"elementor-widget-wrap elementor-element-populated\">\n\t\t\t\t\t\t<div class=\"elementor-element elementor-element-b9a3ec4 elementor-widget elementor-widget-image\" data-id=\"b9a3ec4\" data-element_type=\"widget\" data-widget_type=\"image.default\">\n\t\t\t\t<div class=\"elementor-widget-container\">\n\t\t\t\t\t\t\t\t\t\t\t\t<figure class=\"wp-caption\">\n\t\t\t\t\t\t\t\t\t\t<img fetchpriority=\"high\" decoding=\"async\" width=\"800\" height=\"534\" src=\"https:\/\/richeskarayib.com\/wp-content\/uploads\/2025\/02\/476733449_18483002686059226_7436828449634712784_n-1024x683.jpg\" class=\"attachment-large size-large wp-image-44958\" alt=\"Miss France 2025\" srcset=\"https:\/\/richeskarayib.com\/wp-content\/uploads\/2025\/02\/476733449_18483002686059226_7436828449634712784_n-1024x683.jpg 1024w, https:\/\/richeskarayib.com\/wp-content\/uploads\/2025\/02\/476733449_18483002686059226_7436828449634712784_n-300x200.jpg 300w, https:\/\/richeskarayib.com\/wp-content\/uploads\/2025\/02\/476733449_18483002686059226_7436828449634712784_n-768x512.jpg 768w, https:\/\/richeskarayib.com\/wp-content\/uploads\/2025\/02\/476733449_18483002686059226_7436828449634712784_n.jpg 1080w\" sizes=\"(max-width: 800px) 100vw, 800px\" \/>\t\t\t\t\t\t\t\t\t\t\t<figcaption class=\"widget-image-caption wp-caption-text\">Miss France 2025.\n\nSource: angeliqueaf_off (Ang\u00e9lique Angarni-Filopon)<\/figcaption>\n\t\t\t\t\t\t\t\t\t\t<\/figure>\n\t\t\t\t\t\t\t\t\t<\/div>\n\t\t\t\t<\/div>\n\t\t\t\t\t<\/div>\n\t\t<\/div>\n\t\t\t\t<div class=\"elementor-column elementor-col-50 elementor-inner-column elementor-element elementor-element-477aa7b\" data-id=\"477aa7b\" data-element_type=\"column\">\n\t\t\t<div class=\"elementor-widget-wrap elementor-element-populated\">\n\t\t\t\t\t\t<div class=\"elementor-element elementor-element-8fbfa3f elementor-widget elementor-widget-image\" data-id=\"8fbfa3f\" data-element_type=\"widget\" data-widget_type=\"image.default\">\n\t\t\t\t<div class=\"elementor-widget-container\">\n\t\t\t\t\t\t\t\t\t\t\t\t<figure class=\"wp-caption\">\n\t\t\t\t\t\t\t\t\t\t<img decoding=\"async\" width=\"800\" height=\"534\" src=\"https:\/\/richeskarayib.com\/wp-content\/uploads\/2025\/02\/476821026_18483002698059226_5720085568724886955_n-1024x683.jpg\" class=\"attachment-large size-large wp-image-44962\" alt=\"Miss France 2025\" srcset=\"https:\/\/richeskarayib.com\/wp-content\/uploads\/2025\/02\/476821026_18483002698059226_5720085568724886955_n-1024x683.jpg 1024w, https:\/\/richeskarayib.com\/wp-content\/uploads\/2025\/02\/476821026_18483002698059226_5720085568724886955_n-300x200.jpg 300w, https:\/\/richeskarayib.com\/wp-content\/uploads\/2025\/02\/476821026_18483002698059226_5720085568724886955_n-768x512.jpg 768w, https:\/\/richeskarayib.com\/wp-content\/uploads\/2025\/02\/476821026_18483002698059226_5720085568724886955_n.jpg 1080w\" sizes=\"(max-width: 800px) 100vw, 800px\" \/>\t\t\t\t\t\t\t\t\t\t\t<figcaption class=\"widget-image-caption wp-caption-text\">Miss France 2025.\n\nSource: angeliqueaf_off (Ang\u00e9lique Angarni-Filopon)<\/figcaption>\n\t\t\t\t\t\t\t\t\t\t<\/figure>\n\t\t\t\t\t\t\t\t\t<\/div>\n\t\t\t\t<\/div>\n\t\t\t\t\t<\/div>\n\t\t<\/div>\n\t\t\t\t\t<\/div>\n\t\t<\/section>\n\t\t\t\t\t<\/div>\n\t\t<\/div>\n\t\t\t\t\t<\/div>\n\t\t<\/section>\n\t\t\t\t<section class=\"elementor-section elementor-top-section elementor-element elementor-element-81870ce elementor-section-boxed elementor-section-height-default elementor-section-height-default\" data-id=\"81870ce\" data-element_type=\"section\">\n\t\t\t\t\t\t<div class=\"elementor-container elementor-column-gap-default\">\n\t\t\t\t\t<div class=\"elementor-column elementor-col-100 elementor-top-column elementor-element elementor-element-b229cc7\" data-id=\"b229cc7\" data-element_type=\"column\">\n\t\t\t<div class=\"elementor-widget-wrap elementor-element-populated\">\n\t\t\t\t\t\t<div class=\"elementor-element elementor-element-e9c6d5b elementor-widget elementor-widget-heading\" data-id=\"e9c6d5b\" data-element_type=\"widget\" data-widget_type=\"heading.default\">\n\t\t\t\t<div class=\"elementor-widget-container\">\n\t\t\t\t\t<h2 class=\"elementor-heading-title elementor-size-default\">Une semaine de festivit\u00e9s et de rencontres\n<\/h2>\t\t\t\t<\/div>\n\t\t\t\t<\/div>\n\t\t\t\t<div class=\"elementor-element elementor-element-a75e9bf elementor-widget elementor-widget-text-editor\" data-id=\"a75e9bf\" data-element_type=\"widget\" data-widget_type=\"text-editor.default\">\n\t\t\t\t<div class=\"elementor-widget-container\">\n\t\t\t\t\t\t\t\t\t<p><span style=\"font-weight: 400;\">Le retour d&#8217;Ang\u00e9lique Angarni-Filopon en Martinique est ponctu\u00e9 d&#8217;une s\u00e9rie d&#8217;\u00e9v\u00e9nements m\u00e9diatiques, de rencontres officielles et de moments privil\u00e9gi\u00e9s avec ses proches. Un point culminant de cette semaine de c\u00e9l\u00e9bration est la grande parade organis\u00e9e dans les rues de Fort-de-France, le mercredi 12 f\u00e9vrier. Le public a eu\u00a0 l&#8217;occasion de rencontrer Miss France 2025 sur le front de mer de la ville.<\/span><\/p>\t\t\t\t\t\t\t\t<\/div>\n\t\t\t\t<\/div>\n\t\t\t\t\t<\/div>\n\t\t<\/div>\n\t\t\t\t\t<\/div>\n\t\t<\/section>\n\t\t\t\t<section class=\"elementor-section elementor-top-section elementor-element elementor-element-5fd8ee0 elementor-section-boxed elementor-section-height-default elementor-section-height-default\" data-id=\"5fd8ee0\" data-element_type=\"section\">\n\t\t\t\t\t\t<div class=\"elementor-container elementor-column-gap-default\">\n\t\t\t\t\t<div class=\"elementor-column elementor-col-100 elementor-top-column elementor-element elementor-element-b7316a2\" data-id=\"b7316a2\" data-element_type=\"column\">\n\t\t\t<div class=\"elementor-widget-wrap elementor-element-populated\">\n\t\t\t\t\t\t<div class=\"elementor-element elementor-element-96314ef elementor-widget elementor-widget-heading\" data-id=\"96314ef\" data-element_type=\"widget\" data-widget_type=\"heading.default\">\n\t\t\t\t<div class=\"elementor-widget-container\">\n\t\t\t\t\t<h2 class=\"elementor-heading-title elementor-size-default\">La d\u00e9ception \u00e0 fonds-Saint-Denis<\/h2>\t\t\t\t<\/div>\n\t\t\t\t<\/div>\n\t\t\t\t<div class=\"elementor-element elementor-element-d5b8f9e elementor-widget elementor-widget-text-editor\" data-id=\"d5b8f9e\" data-element_type=\"widget\" data-widget_type=\"text-editor.default\">\n\t\t\t\t<div class=\"elementor-widget-container\">\n\t\t\t\t\t\t\t\t\t<p><span style=\"font-weight: 400;\">Malgr\u00e9 la joie g\u00e9n\u00e9rale, une ombre plane sur les festivit\u00e9s : l&#8217;absence de visite \u00e0 Fonds-Saint-Denis, le village d&#8217;origine d&#8217;Ang\u00e9lique, la <a href=\"https:\/\/www.instagram.com\/missfranceoff\/\" target=\"_blank\" rel=\"noopener nofollow\"><b>Miss France 2025<\/b><\/a>. Les habitants de cette commune ont exprim\u00e9 leur d\u00e9ception face \u00e0 cette d\u00e9cision, esp\u00e9rant que le comit\u00e9 Miss France reviendra sur sa d\u00e9cision et ajoutera une \u00e9tape \u00e0 Fonds-Saint-Denis au programme de la reine de beaut\u00e9.<\/span><\/p>\t\t\t\t\t\t\t\t<\/div>\n\t\t\t\t<\/div>\n\t\t\t\t\t<\/div>\n\t\t<\/div>\n\t\t\t\t\t<\/div>\n\t\t<\/section>\n\t\t\t\t<section class=\"elementor-section elementor-top-section elementor-element elementor-element-fdb48d4 elementor-section-boxed elementor-section-height-default elementor-section-height-default\" data-id=\"fdb48d4\" data-element_type=\"section\">\n\t\t\t\t\t\t<div class=\"elementor-container elementor-column-gap-default\">\n\t\t\t\t\t<div class=\"elementor-column elementor-col-100 elementor-top-column elementor-element elementor-element-262484a\" data-id=\"262484a\" data-element_type=\"column\">\n\t\t\t<div class=\"elementor-widget-wrap elementor-element-populated\">\n\t\t\t\t\t\t<div class=\"elementor-element elementor-element-fd51d44 elementor-widget elementor-widget-heading\" data-id=\"fd51d44\" data-element_type=\"widget\" data-widget_type=\"heading.default\">\n\t\t\t\t<div class=\"elementor-widget-container\">\n\t\t\t\t\t<h2 class=\"elementor-heading-title elementor-size-default\">Ang\u00e9lique Angarni-Filopon : Un symbole pour la Martinique<\/h2>\t\t\t\t<\/div>\n\t\t\t\t<\/div>\n\t\t\t\t<div class=\"elementor-element elementor-element-ba2f1cc elementor-widget elementor-widget-text-editor\" data-id=\"ba2f1cc\" data-element_type=\"widget\" data-widget_type=\"text-editor.default\">\n\t\t\t\t<div class=\"elementor-widget-container\">\n\t\t\t\t\t\t\t\t\t<p><span style=\"font-weight: 400;\">Au-del\u00e0 du concours de beaut\u00e9, Ang\u00e9lique Angarni-Filopon (<b>Miss France 2025) <\/b>incarne un symbole fort pour la Martinique. Son parcours, son \u00e2ge (elle est la premi\u00e8re candidate de plus de 30 ans \u00e0 remporter le titre) et son engagement font d&#8217;elle une source d&#8217;inspiration pour les femmes martiniquaises. Elle souhaite que chaque femme de son \u00eele se reconnaisse en elle, et elle met tout en \u0153uvre pour \u00eatre \u00e0 la hauteur de ce r\u00f4le.<\/span><\/p>\t\t\t\t\t\t\t\t<\/div>\n\t\t\t\t<\/div>\n\t\t\t\t<section class=\"elementor-section elementor-inner-section elementor-element elementor-element-94e96c2 elementor-section-boxed elementor-section-height-default elementor-section-height-default\" data-id=\"94e96c2\" data-element_type=\"section\">\n\t\t\t\t\t\t<div class=\"elementor-container elementor-column-gap-default\">\n\t\t\t\t\t<div class=\"elementor-column elementor-col-50 elementor-inner-column elementor-element elementor-element-09cc7b5\" data-id=\"09cc7b5\" data-element_type=\"column\">\n\t\t\t<div class=\"elementor-widget-wrap elementor-element-populated\">\n\t\t\t\t\t\t<div class=\"elementor-element elementor-element-1b97d9a elementor-widget elementor-widget-image\" data-id=\"1b97d9a\" data-element_type=\"widget\" data-widget_type=\"image.default\">\n\t\t\t\t<div class=\"elementor-widget-container\">\n\t\t\t\t\t\t\t\t\t\t\t\t<figure class=\"wp-caption\">\n\t\t\t\t\t\t\t\t\t\t<img decoding=\"async\" width=\"578\" height=\"1024\" src=\"https:\/\/richeskarayib.com\/wp-content\/uploads\/2025\/02\/477988093_18483161449059226_3899222812008542234_n-578x1024.jpg\" class=\"attachment-large size-large wp-image-44970\" alt=\"Miss France 2025\" srcset=\"https:\/\/richeskarayib.com\/wp-content\/uploads\/2025\/02\/477988093_18483161449059226_3899222812008542234_n-578x1024.jpg 578w, https:\/\/richeskarayib.com\/wp-content\/uploads\/2025\/02\/477988093_18483161449059226_3899222812008542234_n-169x300.jpg 169w, https:\/\/richeskarayib.com\/wp-content\/uploads\/2025\/02\/477988093_18483161449059226_3899222812008542234_n-768x1361.jpg 768w, https:\/\/richeskarayib.com\/wp-content\/uploads\/2025\/02\/477988093_18483161449059226_3899222812008542234_n.jpg 798w\" sizes=\"(max-width: 578px) 100vw, 578px\" \/>\t\t\t\t\t\t\t\t\t\t\t<figcaption class=\"widget-image-caption wp-caption-text\">Miss France 2025 en Martinique.\n\nSource: angeliqueaf_off (Ang\u00e9lique Angarni-Filopon)<\/figcaption>\n\t\t\t\t\t\t\t\t\t\t<\/figure>\n\t\t\t\t\t\t\t\t\t<\/div>\n\t\t\t\t<\/div>\n\t\t\t\t\t<\/div>\n\t\t<\/div>\n\t\t\t\t<div class=\"elementor-column elementor-col-50 elementor-inner-column elementor-element elementor-element-50d9d4e\" data-id=\"50d9d4e\" data-element_type=\"column\">\n\t\t\t<div class=\"elementor-widget-wrap elementor-element-populated\">\n\t\t\t\t\t\t<div class=\"elementor-element elementor-element-7afae89 elementor-widget elementor-widget-image\" data-id=\"7afae89\" data-element_type=\"widget\" data-widget_type=\"image.default\">\n\t\t\t\t<div class=\"elementor-widget-container\">\n\t\t\t\t\t\t\t\t\t\t\t\t<figure class=\"wp-caption\">\n\t\t\t\t\t\t\t\t\t\t<img loading=\"lazy\" decoding=\"async\" width=\"577\" height=\"1024\" src=\"https:\/\/richeskarayib.com\/wp-content\/uploads\/2025\/02\/476645555_18483255709059226_367209688132893602_n-577x1024.jpg\" class=\"attachment-large size-large wp-image-44966\" alt=\"Miss France 2025\" srcset=\"https:\/\/richeskarayib.com\/wp-content\/uploads\/2025\/02\/476645555_18483255709059226_367209688132893602_n-577x1024.jpg 577w, https:\/\/richeskarayib.com\/wp-content\/uploads\/2025\/02\/476645555_18483255709059226_367209688132893602_n-169x300.jpg 169w, https:\/\/richeskarayib.com\/wp-content\/uploads\/2025\/02\/476645555_18483255709059226_367209688132893602_n-768x1364.jpg 768w, https:\/\/richeskarayib.com\/wp-content\/uploads\/2025\/02\/476645555_18483255709059226_367209688132893602_n-865x1536.jpg 865w, https:\/\/richeskarayib.com\/wp-content\/uploads\/2025\/02\/476645555_18483255709059226_367209688132893602_n.jpg 1080w\" sizes=\"(max-width: 577px) 100vw, 577px\" \/>\t\t\t\t\t\t\t\t\t\t\t<figcaption class=\"widget-image-caption wp-caption-text\">Miss France 2025 en Martinique.\n\nSource: angeliqueaf_off (Ang\u00e9lique Angarni-Filopon)<\/figcaption>\n\t\t\t\t\t\t\t\t\t\t<\/figure>\n\t\t\t\t\t\t\t\t\t<\/div>\n\t\t\t\t<\/div>\n\t\t\t\t\t<\/div>\n\t\t<\/div>\n\t\t\t\t\t<\/div>\n\t\t<\/section>\n\t\t\t\t\t<\/div>\n\t\t<\/div>\n\t\t\t\t\t<\/div>\n\t\t<\/section>\n\t\t\t\t<section class=\"elementor-section elementor-top-section elementor-element elementor-element-5f217aa elementor-section-boxed elementor-section-height-default elementor-section-height-default\" data-id=\"5f217aa\" data-element_type=\"section\">\n\t\t\t\t\t\t<div class=\"elementor-container elementor-column-gap-default\">\n\t\t\t\t\t<div class=\"elementor-column elementor-col-100 elementor-top-column elementor-element elementor-element-5f76401\" data-id=\"5f76401\" data-element_type=\"column\">\n\t\t\t<div class=\"elementor-widget-wrap elementor-element-populated\">\n\t\t\t\t\t\t<div class=\"elementor-element elementor-element-be75097 elementor-widget elementor-widget-heading\" data-id=\"be75097\" data-element_type=\"widget\" data-widget_type=\"heading.default\">\n\t\t\t\t<div class=\"elementor-widget-container\">\n\t\t\t\t\t<h2 class=\"elementor-heading-title elementor-size-default\">L'impact de Miss France 2025 sur la culture Martiniquaise\n<\/h2>\t\t\t\t<\/div>\n\t\t\t\t<\/div>\n\t\t\t\t<div class=\"elementor-element elementor-element-72c5cb2 elementor-widget elementor-widget-text-editor\" data-id=\"72c5cb2\" data-element_type=\"widget\" data-widget_type=\"text-editor.default\">\n\t\t\t\t<div class=\"elementor-widget-container\">\n\t\t\t\t\t\t\t\t\t<p><span style=\"font-weight: 400;\">La victoire d&#8217;Ang\u00e9lique (<b>Miss France 2025) <\/b>a des r\u00e9percussions plus larges que le simple concours de beaut\u00e9. Elle repr\u00e9sente un changement de paradigme dans la perception des femmes dans la soci\u00e9t\u00e9 martiniquaise. Son succ\u00e8s encourage les jeunes filles \u00e0 poursuivre leurs r\u00eaves, en d\u00e9montrant que l&#8217;on peut allier tradition et modernit\u00e9.<\/span><\/p>\t\t\t\t\t\t\t\t<\/div>\n\t\t\t\t<\/div>\n\t\t\t\t\t<\/div>\n\t\t<\/div>\n\t\t\t\t\t<\/div>\n\t\t<\/section>\n\t\t\t\t<section class=\"elementor-section elementor-top-section elementor-element elementor-element-c5b5f78 elementor-section-boxed elementor-section-height-default elementor-section-height-default\" data-id=\"c5b5f78\" data-element_type=\"section\">\n\t\t\t\t\t\t<div class=\"elementor-container elementor-column-gap-default\">\n\t\t\t\t\t<div class=\"elementor-column elementor-col-100 elementor-top-column elementor-element elementor-element-477ec74\" data-id=\"477ec74\" data-element_type=\"column\">\n\t\t\t<div class=\"elementor-widget-wrap elementor-element-populated\">\n\t\t\t\t\t\t<div class=\"elementor-element elementor-element-5b7899b elementor-widget elementor-widget-heading\" data-id=\"5b7899b\" data-element_type=\"widget\" data-widget_type=\"heading.default\">\n\t\t\t\t<div class=\"elementor-widget-container\">\n\t\t\t\t\t<h2 class=\"elementor-heading-title elementor-size-default\">La Martinique et le concours Miss France\n<\/h2>\t\t\t\t<\/div>\n\t\t\t\t<\/div>\n\t\t\t\t<div class=\"elementor-element elementor-element-f0dbbfd elementor-widget elementor-widget-text-editor\" data-id=\"f0dbbfd\" data-element_type=\"widget\" data-widget_type=\"text-editor.default\">\n\t\t\t\t<div class=\"elementor-widget-container\">\n\t\t\t\t\t\t\t\t\t<p><span style=\"font-weight: 400;\">La <a href=\"https:\/\/richeskarayib.com\/fr\/martinique-2\/\" target=\"_blank\" rel=\"noopener\">Martinique<\/a> a toujours eu une relation particuli\u00e8re avec le concours Miss France. Au fil des ans, plusieurs candidates ont tent\u00e9 leur chance, mais aucune n&#8217;avait r\u00e9ussi \u00e0 d\u00e9crocher le titre avant Ang\u00e9lique. Son succ\u00e8s est per\u00e7u comme une victoire non seulement pour elle, mais pour toute une g\u00e9n\u00e9ration de femmes martiniquaises.<\/span><\/p>\t\t\t\t\t\t\t\t<\/div>\n\t\t\t\t<\/div>\n\t\t\t\t\t<\/div>\n\t\t<\/div>\n\t\t\t\t\t<\/div>\n\t\t<\/section>\n\t\t\t\t<section class=\"elementor-section elementor-top-section elementor-element elementor-element-0af2903 elementor-section-boxed elementor-section-height-default elementor-section-height-default\" data-id=\"0af2903\" data-element_type=\"section\">\n\t\t\t\t\t\t<div class=\"elementor-container elementor-column-gap-default\">\n\t\t\t\t\t<div class=\"elementor-column elementor-col-100 elementor-top-column elementor-element elementor-element-ff26b62\" data-id=\"ff26b62\" data-element_type=\"column\">\n\t\t\t<div class=\"elementor-widget-wrap elementor-element-populated\">\n\t\t\t\t\t\t<div class=\"elementor-element elementor-element-d9c8cc5 elementor-widget elementor-widget-heading\" data-id=\"d9c8cc5\" data-element_type=\"widget\" data-widget_type=\"heading.default\">\n\t\t\t\t<div class=\"elementor-widget-container\">\n\t\t\t\t\t<h2 class=\"elementor-heading-title elementor-size-default\">Les r\u00e9actions des m\u00e9dias et du public<\/h2>\t\t\t\t<\/div>\n\t\t\t\t<\/div>\n\t\t\t\t<div class=\"elementor-element elementor-element-90481d6 elementor-widget elementor-widget-text-editor\" data-id=\"90481d6\" data-element_type=\"widget\" data-widget_type=\"text-editor.default\">\n\t\t\t\t<div class=\"elementor-widget-container\">\n\t\t\t\t\t\t\t\t\t<p><span style=\"font-weight: 400;\">Les m\u00e9dias locaux et nationaux ont largement couvert le retour d&#8217;Ang\u00e9lique, soulignant l&#8217;impact de sa victoire sur l&#8217;image de la Martinique. Les r\u00e9seaux sociaux ont \u00e9galement \u00e9t\u00e9 inond\u00e9s de messages de soutien et de f\u00e9licitations, renfor\u00e7ant le sentiment d&#8217;unit\u00e9 et de fiert\u00e9.<\/span><\/p>\t\t\t\t\t\t\t\t<\/div>\n\t\t\t\t<\/div>\n\t\t\t\t\t<\/div>\n\t\t<\/div>\n\t\t\t\t\t<\/div>\n\t\t<\/section>\n\t\t\t\t<section class=\"elementor-section elementor-top-section elementor-element elementor-element-70d8d11 elementor-section-boxed elementor-section-height-default elementor-section-height-default\" data-id=\"70d8d11\" data-element_type=\"section\">\n\t\t\t\t\t\t<div class=\"elementor-container elementor-column-gap-default\">\n\t\t\t\t\t<div class=\"elementor-column elementor-col-100 elementor-top-column elementor-element elementor-element-5380b0f\" data-id=\"5380b0f\" data-element_type=\"column\">\n\t\t\t<div class=\"elementor-widget-wrap elementor-element-populated\">\n\t\t\t\t\t\t<div class=\"elementor-element elementor-element-e9e3694 elementor-widget elementor-widget-text-editor\" data-id=\"e9e3694\" data-element_type=\"widget\" data-widget_type=\"text-editor.default\">\n\t\t\t\t<div class=\"elementor-widget-container\">\n\t\t\t\t\t\t\t\t\t<p>Le retour d&#8217;<a href=\"https:\/\/la1ere.francetvinfo.fr\/martinique\/photos-miss-france-2025-en-martinique-angelique-angarni-filopon-s-offre-un-bain-de-foule-chaleureux-a-fort-de-france-1561348.html\" target=\"_blank\" rel=\"noopener nofollow\"><strong>Ang\u00e9lique Angarni-Filopon<\/strong><\/a> en Martinique est bien plus qu&#8217;un simple \u00e9v\u00e9nement ; c&#8217;est un symbole de fiert\u00e9 et d&#8217;espoir pour toute une g\u00e9n\u00e9ration. Sa victoire inspire les femmes martiniquaises \u00e0 croire en leurs r\u00eaves et \u00e0 embrasser leur identit\u00e9 culturelle. Ang\u00e9lique incarne l&#8217;\u00e9l\u00e9gance et la d\u00e9termination, et elle continuera \u00e0 repr\u00e9senter l&#8217;\u00eele avec gr\u00e2ce, renfor\u00e7ant son image sur la sc\u00e8ne nationale et internationale.<\/p>\t\t\t\t\t\t\t\t<\/div>\n\t\t\t\t<\/div>\n\t\t\t\t\t<\/div>\n\t\t<\/div>\n\t\t\t\t\t<\/div>\n\t\t<\/section>\n\t\t\t\t<\/div>\n\t\t","protected":false},"excerpt":{"rendered":"<p>Miss France 2025 &#8211; l&#8217;\u00eele de la Martinique a r\u00e9cemment \u00e9t\u00e9 le th\u00e9\u00e2tre d&#8217;un \u00e9v\u00e9nement m\u00e9morable avec le retour d&#8217;Ang\u00e9lique Angarni-Filopon, Miss France 2025. Le lundi 10 f\u00e9vrier, la premi\u00e8re Martiniquaise \u00e0 d\u00e9crocher ce titre a \u00e9t\u00e9 accueillie avec une ferveur inou\u00efe. Son sacre a non seulement suscit\u00e9 une vague d&#8217;enthousiasme, mais a \u00e9galement renforc\u00e9 [&hellip;]<\/p>\n","protected":false},"author":662,"featured_media":44947,"comment_status":"open","ping_status":"open","sticky":false,"template":"","format":"standard","meta":{"_acf_changed":false,"footnotes":""},"categories":[840],"tags":[808],"class_list":["post-44946","post","type-post","status-publish","format-standard","has-post-thumbnail","hentry","category-actus","tag-martinique-fr"],"acf":[],"_links":{"self":[{"href":"https:\/\/richeskarayib.com\/fr\/wp-json\/wp\/v2\/posts\/44946","targetHints":{"allow":["GET"]}}],"collection":[{"href":"https:\/\/richeskarayib.com\/fr\/wp-json\/wp\/v2\/posts"}],"about":[{"href":"https:\/\/richeskarayib.com\/fr\/wp-json\/wp\/v2\/types\/post"}],"author":[{"embeddable":true,"href":"https:\/\/richeskarayib.com\/fr\/wp-json\/wp\/v2\/users\/662"}],"replies":[{"embeddable":true,"href":"https:\/\/richeskarayib.com\/fr\/wp-json\/wp\/v2\/comments?post=44946"}],"version-history":[{"count":0,"href":"https:\/\/richeskarayib.com\/fr\/wp-json\/wp\/v2\/posts\/44946\/revisions"}],"wp:featuredmedia":[{"embeddable":true,"href":"https:\/\/richeskarayib.com\/fr\/wp-json\/wp\/v2\/media\/44947"}],"wp:attachment":[{"href":"https:\/\/richeskarayib.com\/fr\/wp-json\/wp\/v2\/media?parent=44946"}],"wp:term":[{"taxonomy":"category","embeddable":true,"href":"https:\/\/richeskarayib.com\/fr\/wp-json\/wp\/v2\/categories?post=44946"},{"taxonomy":"post_tag","embeddable":true,"href":"https:\/\/richeskarayib.com\/fr\/wp-json\/wp\/v2\/tags?post=44946"}],"curies":[{"name":"wp","href":"https:\/\/api.w.org\/{rel}","templated":true}]}}