{"id":45233,"date":"2025-02-24T09:00:41","date_gmt":"2025-02-24T13:00:41","guid":{"rendered":"https:\/\/richeskarayib.com\/?p=45233"},"modified":"2025-03-22T15:32:52","modified_gmt":"2025-03-22T19:32:52","slug":"port-de-martinique-commerce-culture-article","status":"publish","type":"post","link":"https:\/\/richeskarayib.com\/fr\/port-de-martinique-commerce-culture-article\/","title":{"rendered":"R\u00e9inventer le Grand Port de Martinique : Commerce, \u00c9cologie et Culture en Harmonie"},"content":{"rendered":"\t\t<div data-elementor-type=\"wp-post\" data-elementor-id=\"45233\" class=\"elementor elementor-45233\" data-elementor-post-type=\"post\">\n\t\t\t\t\t\t<section class=\"elementor-section elementor-top-section elementor-element elementor-element-329a1c4 elementor-section-boxed elementor-section-height-default elementor-section-height-default\" data-id=\"329a1c4\" data-element_type=\"section\">\n\t\t\t\t\t\t<div class=\"elementor-container elementor-column-gap-default\">\n\t\t\t\t\t<div class=\"elementor-column elementor-col-100 elementor-top-column elementor-element elementor-element-43de922\" data-id=\"43de922\" data-element_type=\"column\">\n\t\t\t<div class=\"elementor-widget-wrap elementor-element-populated\">\n\t\t\t\t\t\t<section class=\"elementor-section elementor-inner-section elementor-element elementor-element-1c27136 elementor-section-boxed elementor-section-height-default elementor-section-height-default\" data-id=\"1c27136\" data-element_type=\"section\">\n\t\t\t\t\t\t<div class=\"elementor-container elementor-column-gap-default\">\n\t\t\t\t\t<div class=\"elementor-column elementor-col-100 elementor-inner-column elementor-element elementor-element-c05a8aa\" data-id=\"c05a8aa\" data-element_type=\"column\">\n\t\t\t<div class=\"elementor-widget-wrap elementor-element-populated\">\n\t\t\t\t\t\t<div class=\"elementor-element elementor-element-14845c3 elementor-widget elementor-widget-text-editor\" data-id=\"14845c3\" data-element_type=\"widget\" data-widget_type=\"text-editor.default\">\n\t\t\t\t<div class=\"elementor-widget-container\">\n\t\t\t\t\t\t\t\t\t<p><span style=\"font-weight: 400;\"><a href=\"https:\/\/www.martinique.port.fr\/\" rel=\"nofollow noopener\" target=\"_blank\">Port de Martinique<\/a>: le Grand Port Maritime de Martinique, v\u00e9ritable pilier \u00e9conomique de l\u2019\u00eele, se trouve au c\u0153ur d\u2019une transformation ambitieuse. Alliant modernisation des infrastructures, transition \u00e9nerg\u00e9tique et ouverture culturelle, le projet \u2013 \u00e9valu\u00e9 \u00e0 120 millions d\u2019euros selon Bruno Menc\u00e9 \u2013 ne se limite pas \u00e0 une simple r\u00e9novation logistique. <\/span><span style=\"font-weight: 400;\">Ce projet, connu sous le nom de <\/span><span style=\"font-weight: 400;\"><b><a href=\"https:\/\/portsetcorridors.com\/2024\/hub-antilles-le-reve-antillais-passe-par-une-baisse-des-couts\/\" target=\"_blank\" rel=\"noopener nofollow\">Hub Antilles<\/a>, <\/b><\/span><span style=\"font-weight: 400;\">s\u2019inscrit dans une strat\u00e9gie globale visant \u00e0 dynamiser la r\u00e9gion, renforcer les \u00e9changes internationaux et offrir au territoire martiniquais un nouvel espace de vie et de culture.<\/span><\/p>\t\t\t\t\t\t\t\t<\/div>\n\t\t\t\t<\/div>\n\t\t\t\t\t<\/div>\n\t\t<\/div>\n\t\t\t\t\t<\/div>\n\t\t<\/section>\n\t\t\t\t\t<\/div>\n\t\t<\/div>\n\t\t\t\t\t<\/div>\n\t\t<\/section>\n\t\t\t\t<section class=\"elementor-section elementor-top-section elementor-element elementor-element-4a06b7e elementor-section-boxed elementor-section-height-default elementor-section-height-default\" data-id=\"4a06b7e\" data-element_type=\"section\">\n\t\t\t\t\t\t<div class=\"elementor-container elementor-column-gap-default\">\n\t\t\t\t\t<div class=\"elementor-column elementor-col-100 elementor-top-column elementor-element elementor-element-1352a95\" data-id=\"1352a95\" data-element_type=\"column\">\n\t\t\t<div class=\"elementor-widget-wrap elementor-element-populated\">\n\t\t\t\t\t\t<div class=\"elementor-element elementor-element-d9be88b elementor-widget elementor-widget-heading\" data-id=\"d9be88b\" data-element_type=\"widget\" data-widget_type=\"heading.default\">\n\t\t\t\t<div class=\"elementor-widget-container\">\n\t\t\t\t\t<h2 class=\"elementor-heading-title elementor-size-default\">Un Port Moderne pour des ambitions internationales<\/h2>\t\t\t\t<\/div>\n\t\t\t\t<\/div>\n\t\t\t\t<div class=\"elementor-element elementor-element-4009aad elementor-widget elementor-widget-text-editor\" data-id=\"4009aad\" data-element_type=\"widget\" data-widget_type=\"text-editor.default\">\n\t\t\t\t<div class=\"elementor-widget-container\">\n\t\t\t\t\t\t\t\t\t<p><span style=\"font-weight: 400;\">Le port de <a href=\"https:\/\/richeskarayib.com\/fr\/miss-france-2025-angelique-agarni-filopon\/\" target=\"_blank\" rel=\"noopener\">Martinique <\/a><\/span><span style=\"font-weight: 400;\">se pr\u00e9pare \u00e0 accueillir des navires de plus grande capacit\u00e9 d\u2019ici septembre gr\u00e2ce \u00e0 l\u2019extension des quais et au rehaussement des portiques. Ce chantier, principalement ax\u00e9 sur des travaux publics de grande envergure, permettra \u00e0 la Martinique de se positionner comme un hub maritime strat\u00e9gique reliant l\u2019Am\u00e9rique du Sud \u2013 avec une attention particuli\u00e8re pour le Br\u00e9sil \u2013 \u00e0 l\u2019Europe. En modernisant les infrastructures du port de Martinique, le Grand Port vise \u00e0 attirer de nouveaux partenariats commerciaux et \u00e0 dynamiser les \u00e9changes avec les \u00eeles de la Cara\u00efbe, l\u2019Am\u00e9rique centrale et, potentiellement, l\u2019Am\u00e9rique du Nord.<\/span><\/p>\t\t\t\t\t\t\t\t<\/div>\n\t\t\t\t<\/div>\n\t\t\t\t<section class=\"elementor-section elementor-inner-section elementor-element elementor-element-a6b4456 elementor-section-boxed elementor-section-height-default elementor-section-height-default\" data-id=\"a6b4456\" data-element_type=\"section\">\n\t\t\t\t\t\t<div class=\"elementor-container elementor-column-gap-default\">\n\t\t\t\t\t<div class=\"elementor-column elementor-col-50 elementor-inner-column elementor-element elementor-element-47614fe\" data-id=\"47614fe\" data-element_type=\"column\">\n\t\t\t<div class=\"elementor-widget-wrap elementor-element-populated\">\n\t\t\t\t\t\t<div class=\"elementor-element elementor-element-eee55f3 elementor-widget elementor-widget-image\" data-id=\"eee55f3\" data-element_type=\"widget\" data-widget_type=\"image.default\">\n\t\t\t\t<div class=\"elementor-widget-container\">\n\t\t\t\t\t\t\t\t\t\t\t\t<figure class=\"wp-caption\">\n\t\t\t\t\t\t\t\t\t\t<img fetchpriority=\"high\" decoding=\"async\" width=\"576\" height=\"1024\" src=\"https:\/\/richeskarayib.com\/wp-content\/uploads\/2025\/02\/WhatsApp-Image-2025-02-14-at-15.18.15-576x1024.jpeg\" class=\"attachment-large size-large wp-image-45246\" alt=\"Port de Martinique\" srcset=\"https:\/\/richeskarayib.com\/wp-content\/uploads\/2025\/02\/WhatsApp-Image-2025-02-14-at-15.18.15-576x1024.jpeg 576w, https:\/\/richeskarayib.com\/wp-content\/uploads\/2025\/02\/WhatsApp-Image-2025-02-14-at-15.18.15-169x300.jpeg 169w, https:\/\/richeskarayib.com\/wp-content\/uploads\/2025\/02\/WhatsApp-Image-2025-02-14-at-15.18.15-768x1365.jpeg 768w, https:\/\/richeskarayib.com\/wp-content\/uploads\/2025\/02\/WhatsApp-Image-2025-02-14-at-15.18.15-864x1536.jpeg 864w, https:\/\/richeskarayib.com\/wp-content\/uploads\/2025\/02\/WhatsApp-Image-2025-02-14-at-15.18.15.jpeg 900w\" sizes=\"(max-width: 576px) 100vw, 576px\" \/>\t\t\t\t\t\t\t\t\t\t\t<figcaption class=\"widget-image-caption wp-caption-text\">Visite des travaux<\/figcaption>\n\t\t\t\t\t\t\t\t\t\t<\/figure>\n\t\t\t\t\t\t\t\t\t<\/div>\n\t\t\t\t<\/div>\n\t\t\t\t\t<\/div>\n\t\t<\/div>\n\t\t\t\t<div class=\"elementor-column elementor-col-50 elementor-inner-column elementor-element elementor-element-0f4cf76\" data-id=\"0f4cf76\" data-element_type=\"column\">\n\t\t\t<div class=\"elementor-widget-wrap elementor-element-populated\">\n\t\t\t\t\t\t<div class=\"elementor-element elementor-element-44dec0f elementor-widget elementor-widget-image\" data-id=\"44dec0f\" data-element_type=\"widget\" data-widget_type=\"image.default\">\n\t\t\t\t<div class=\"elementor-widget-container\">\n\t\t\t\t\t\t\t\t\t\t\t\t<figure class=\"wp-caption\">\n\t\t\t\t\t\t\t\t\t\t<img decoding=\"async\" width=\"576\" height=\"1024\" src=\"https:\/\/richeskarayib.com\/wp-content\/uploads\/2025\/02\/Port-de-Fort-de-FRance-576x1024.jpeg\" class=\"attachment-large size-large wp-image-45242\" alt=\"Port de Martinique\" srcset=\"https:\/\/richeskarayib.com\/wp-content\/uploads\/2025\/02\/Port-de-Fort-de-FRance-576x1024.jpeg 576w, https:\/\/richeskarayib.com\/wp-content\/uploads\/2025\/02\/Port-de-Fort-de-FRance-169x300.jpeg 169w, https:\/\/richeskarayib.com\/wp-content\/uploads\/2025\/02\/Port-de-Fort-de-FRance-768x1365.jpeg 768w, https:\/\/richeskarayib.com\/wp-content\/uploads\/2025\/02\/Port-de-Fort-de-FRance-864x1536.jpeg 864w, https:\/\/richeskarayib.com\/wp-content\/uploads\/2025\/02\/Port-de-Fort-de-FRance.jpeg 900w\" sizes=\"(max-width: 576px) 100vw, 576px\" \/>\t\t\t\t\t\t\t\t\t\t\t<figcaption class=\"widget-image-caption wp-caption-text\">Port de Fort de France<\/figcaption>\n\t\t\t\t\t\t\t\t\t\t<\/figure>\n\t\t\t\t\t\t\t\t\t<\/div>\n\t\t\t\t<\/div>\n\t\t\t\t\t<\/div>\n\t\t<\/div>\n\t\t\t\t\t<\/div>\n\t\t<\/section>\n\t\t\t\t\t<\/div>\n\t\t<\/div>\n\t\t\t\t\t<\/div>\n\t\t<\/section>\n\t\t\t\t<section class=\"elementor-section elementor-top-section elementor-element elementor-element-81870ce elementor-section-boxed elementor-section-height-default elementor-section-height-default\" data-id=\"81870ce\" data-element_type=\"section\">\n\t\t\t\t\t\t<div class=\"elementor-container elementor-column-gap-default\">\n\t\t\t\t\t<div class=\"elementor-column elementor-col-100 elementor-top-column elementor-element elementor-element-b229cc7\" data-id=\"b229cc7\" data-element_type=\"column\">\n\t\t\t<div class=\"elementor-widget-wrap elementor-element-populated\">\n\t\t\t\t\t\t<div class=\"elementor-element elementor-element-e9c6d5b elementor-widget elementor-widget-heading\" data-id=\"e9c6d5b\" data-element_type=\"widget\" data-widget_type=\"heading.default\">\n\t\t\t\t<div class=\"elementor-widget-container\">\n\t\t\t\t\t<h2 class=\"elementor-heading-title elementor-size-default\">Des solutions \u00e9cologiques pour un Port plus vert<\/h2>\t\t\t\t<\/div>\n\t\t\t\t<\/div>\n\t\t\t\t<div class=\"elementor-element elementor-element-a75e9bf elementor-widget elementor-widget-text-editor\" data-id=\"a75e9bf\" data-element_type=\"widget\" data-widget_type=\"text-editor.default\">\n\t\t\t\t<div class=\"elementor-widget-container\">\n\t\t\t\t\t\t\t\t\t<p><span style=\"font-weight: 400;\">La transition \u00e9nerg\u00e9tique occupe une place centrale dans ce projet Hub Antilles. Pour r\u00e9duire de 50 % sa consommation d\u2019\u00e9nergie fossile, le port va installer des panneaux photovolta\u00efques sur son terminal. Bruno Menc\u00e9 insiste sur cette innovation : <\/span><span style=\"font-weight: 400;\">\u00ab\u202fNous deviendrons des producteurs d&#8217;\u00e9nergie solaire.\u202f\u00bb<\/span><span style=\"font-weight: 400;\"><br \/><\/span><\/p>\t\t\t\t\t\t\t\t<\/div>\n\t\t\t\t<\/div>\n\t\t\t\t<div class=\"elementor-element elementor-element-86c6c98 elementor-widget elementor-widget-text-editor\" data-id=\"86c6c98\" data-element_type=\"widget\" data-widget_type=\"text-editor.default\">\n\t\t\t\t<div class=\"elementor-widget-container\">\n\t\t\t\t\t\t\t\t\t<p><span style=\"font-weight: 400;\">En adoptant cette d\u00e9marche, le Grand Port de Martinique\u00a0 ne se contente pas d\u2019optimiser ses co\u00fbts \u00e9nerg\u00e9tiques, il contribue activement \u00e0 la r\u00e9duction des \u00e9missions de CO\u2082 et \u00e0 l\u2019autonomie \u00e9nerg\u00e9tique de l\u2019\u00eele. Ce virage \u00e9cologique r\u00e9pond \u00e0 un enjeu crucial pour la Martinique, historiquement d\u00e9pendante des \u00e9nergies fossiles, et fait \u00e9cho \u00e0 la volont\u00e9 de soutenir une \u00e9conomie verte.<\/span><\/p>\t\t\t\t\t\t\t\t<\/div>\n\t\t\t\t<\/div>\n\t\t\t\t<section class=\"elementor-section elementor-inner-section elementor-element elementor-element-f247198 elementor-section-boxed elementor-section-height-default elementor-section-height-default\" data-id=\"f247198\" data-element_type=\"section\">\n\t\t\t\t\t\t<div class=\"elementor-container elementor-column-gap-default\">\n\t\t\t\t\t<div class=\"elementor-column elementor-col-100 elementor-inner-column elementor-element elementor-element-996ae83\" data-id=\"996ae83\" data-element_type=\"column\">\n\t\t\t<div class=\"elementor-widget-wrap elementor-element-populated\">\n\t\t\t\t\t\t<div class=\"elementor-element elementor-element-f11491a elementor-widget elementor-widget-video\" data-id=\"f11491a\" data-element_type=\"widget\" data-settings=\"{&quot;youtube_url&quot;:&quot;https:\\\/\\\/www.youtube.com\\\/watch?v=0gPFbDUcnaQ&quot;,&quot;video_type&quot;:&quot;youtube&quot;,&quot;controls&quot;:&quot;yes&quot;}\" data-widget_type=\"video.default\">\n\t\t\t\t<div class=\"elementor-widget-container\">\n\t\t\t\t\t\t\t<div class=\"elementor-wrapper elementor-open-inline\">\n\t\t\t<div class=\"elementor-video\"><\/div>\t\t<\/div>\n\t\t\t\t\t\t<\/div>\n\t\t\t\t<\/div>\n\t\t\t\t\t<\/div>\n\t\t<\/div>\n\t\t\t\t\t<\/div>\n\t\t<\/section>\n\t\t\t\t\t<\/div>\n\t\t<\/div>\n\t\t\t\t\t<\/div>\n\t\t<\/section>\n\t\t\t\t<section class=\"elementor-section elementor-top-section elementor-element elementor-element-5fd8ee0 elementor-section-boxed elementor-section-height-default elementor-section-height-default\" data-id=\"5fd8ee0\" data-element_type=\"section\">\n\t\t\t\t\t\t<div class=\"elementor-container elementor-column-gap-default\">\n\t\t\t\t\t<div class=\"elementor-column elementor-col-100 elementor-top-column elementor-element elementor-element-b7316a2\" data-id=\"b7316a2\" data-element_type=\"column\">\n\t\t\t<div class=\"elementor-widget-wrap elementor-element-populated\">\n\t\t\t\t\t\t<div class=\"elementor-element elementor-element-96314ef elementor-widget elementor-widget-heading\" data-id=\"96314ef\" data-element_type=\"widget\" data-widget_type=\"heading.default\">\n\t\t\t\t<div class=\"elementor-widget-container\">\n\t\t\t\t\t<h2 class=\"elementor-heading-title elementor-size-default\">Renforcer la Coop\u00e9ration R\u00e9gionale pour stimuler le commerce Carib\u00e9en<\/h2>\t\t\t\t<\/div>\n\t\t\t\t<\/div>\n\t\t\t\t<div class=\"elementor-element elementor-element-d5b8f9e elementor-widget elementor-widget-text-editor\" data-id=\"d5b8f9e\" data-element_type=\"widget\" data-widget_type=\"text-editor.default\">\n\t\t\t\t<div class=\"elementor-widget-container\">\n\t\t\t\t\t\t\t\t\t<p><span style=\"font-weight: 400;\">La modernisation du port de Martinique s\u2019accompagne d\u2019une strat\u00e9gie de coop\u00e9ration r\u00e9gionale. Membre de la Port Management Association of the Caribbean (PMAC), le Grand Port Maritime de la Martinique <\/span><span style=\"font-weight: 400;\">participe \u00e0 des initiatives collectives visant \u00e0 faciliter les \u00e9changes commerciaux entre les ports de la r\u00e9gion.<\/span><span style=\"font-weight: 400;\"> Bruno Menc\u00e9 souligne l\u2019importance de cette collaboration pour surmonter les d\u00e9fis pos\u00e9s par des r\u00e9glementations parfois trop sp\u00e9cifiques ou divergentes :<\/span><\/p>\t\t\t\t\t\t\t\t<\/div>\n\t\t\t\t<\/div>\n\t\t\t\t<div class=\"elementor-element elementor-element-3a95937 elementor-widget elementor-widget-text-editor\" data-id=\"3a95937\" data-element_type=\"widget\" data-widget_type=\"text-editor.default\">\n\t\t\t\t<div class=\"elementor-widget-container\">\n\t\t\t\t\t\t\t\t\t<p><span style=\"font-weight: 400;\">Bruno Menc\u00e9 souligne l&#8217;importance de cette collaboration pour surmonter les d\u00e9fis li\u00e9s aux divergences r\u00e9glementaires et pour optimiser les performances du commerce international. Cette approche concert\u00e9e contribuera \u00e0 stimuler le trafic maritime au sein de la Cara\u00efbe et \u00e0 renforcer la comp\u00e9titivit\u00e9 de la Martinique sur la sc\u00e8ne r\u00e9gionale.<\/span><\/p>\t\t\t\t\t\t\t\t<\/div>\n\t\t\t\t<\/div>\n\t\t\t\t\t<\/div>\n\t\t<\/div>\n\t\t\t\t\t<\/div>\n\t\t<\/section>\n\t\t\t\t<section class=\"elementor-section elementor-top-section elementor-element elementor-element-fdb48d4 elementor-section-boxed elementor-section-height-default elementor-section-height-default\" data-id=\"fdb48d4\" data-element_type=\"section\">\n\t\t\t\t\t\t<div class=\"elementor-container elementor-column-gap-default\">\n\t\t\t\t\t<div class=\"elementor-column elementor-col-100 elementor-top-column elementor-element elementor-element-262484a\" data-id=\"262484a\" data-element_type=\"column\">\n\t\t\t<div class=\"elementor-widget-wrap elementor-element-populated\">\n\t\t\t\t\t\t<div class=\"elementor-element elementor-element-fd51d44 elementor-widget elementor-widget-heading\" data-id=\"fd51d44\" data-element_type=\"widget\" data-widget_type=\"heading.default\">\n\t\t\t\t<div class=\"elementor-widget-container\">\n\t\t\t\t\t<h2 class=\"elementor-heading-title elementor-size-default\">Le Port au service de la culture et du territoire<\/h2>\t\t\t\t<\/div>\n\t\t\t\t<\/div>\n\t\t\t\t<div class=\"elementor-element elementor-element-ba2f1cc elementor-widget elementor-widget-text-editor\" data-id=\"ba2f1cc\" data-element_type=\"widget\" data-widget_type=\"text-editor.default\">\n\t\t\t\t<div class=\"elementor-widget-container\">\n\t\t\t\t\t\t\t\t\t<p><span style=\"font-weight: 400;\">Au-del\u00e0 de ses fonctions \u00e9conomiques, le port se veut \u00e9galement un espace de vie et de rencontre. Bruno Menc\u00e9 affirme que \u00ab le port est au service du territoire \u00bb et insiste sur la n\u00e9cessit\u00e9 de cr\u00e9er une interface entre le port et la ville et m\u00eame le port et le territoire.<\/span><span style=\"font-weight: 400;\"><br \/><\/span><span style=\"font-weight: 400;\">En partenariat avec la ville de Fort-de-France, le Grand Port Maritime de la Martinique ambitionne d\u2019ouvrir le port \u00e0 des initiatives culturelles \u2013 telles que les expositions, afin de r\u00e9concilier l\u2019espace urbain avec les infrastructures portuaires. Inspir\u00e9 par l\u2019h\u00e9ritage culturel d\u2019Aim\u00e9 C\u00e9saire et l\u2019exemple du SERMAC, ce rapprochement vise \u00e0 renforcer les liens entre commerce, culture et d\u00e9veloppement territorial, transformant ainsi le port en un v\u00e9ritable catalyseur de vie locale.<\/span><\/p>\t\t\t\t\t\t\t\t<\/div>\n\t\t\t\t<\/div>\n\t\t\t\t\t<\/div>\n\t\t<\/div>\n\t\t\t\t\t<\/div>\n\t\t<\/section>\n\t\t\t\t<section class=\"elementor-section elementor-top-section elementor-element elementor-element-5f217aa elementor-section-boxed elementor-section-height-default elementor-section-height-default\" data-id=\"5f217aa\" data-element_type=\"section\">\n\t\t\t\t\t\t<div class=\"elementor-container elementor-column-gap-default\">\n\t\t\t\t\t<div class=\"elementor-column elementor-col-100 elementor-top-column elementor-element elementor-element-5f76401\" data-id=\"5f76401\" data-element_type=\"column\">\n\t\t\t<div class=\"elementor-widget-wrap elementor-element-populated\">\n\t\t\t\t\t\t<div class=\"elementor-element elementor-element-72c5cb2 elementor-widget elementor-widget-text-editor\" data-id=\"72c5cb2\" data-element_type=\"widget\" data-widget_type=\"text-editor.default\">\n\t\t\t\t<div class=\"elementor-widget-container\">\n\t\t\t\t\t\t\t\t\t<p><span style=\"font-weight: 400;\">La transformation du Grand Port de Martinique, telle que pr\u00e9sent\u00e9e par Bruno Menc\u00e9, incarne une vision audacieuse et int\u00e9gr\u00e9e. Modernisation des infrastructures, transition \u00e9nerg\u00e9tique innovante et ouverture culturelle se conjuguent pour faire du port un acteur majeur du d\u00e9veloppement \u00e9conomique et territorial de l\u2019\u00eele. Ce projet, au-del\u00e0 de ses retomb\u00e9es logistiques, promet de r\u00e9inventer le lien entre le commerce et la culture, offrant ainsi \u00e0 la Martinique un mod\u00e8le inspirant de durabilit\u00e9 et de coop\u00e9ration r\u00e9gionale. Le port se positionne ainsi comme un levier de progr\u00e8s et un symbole fort du renouveau martiniquais.<\/span><\/p>\t\t\t\t\t\t\t\t<\/div>\n\t\t\t\t<\/div>\n\t\t\t\t\t<\/div>\n\t\t<\/div>\n\t\t\t\t\t<\/div>\n\t\t<\/section>\n\t\t\t\t<\/div>\n\t\t","protected":false},"excerpt":{"rendered":"<p>Port de Martinique: le Grand Port Maritime de Martinique, v\u00e9ritable pilier \u00e9conomique de l\u2019\u00eele, se trouve au c\u0153ur d\u2019une transformation ambitieuse. Alliant modernisation des infrastructures, transition \u00e9nerg\u00e9tique et ouverture culturelle, le projet \u2013 \u00e9valu\u00e9 \u00e0 120 millions d\u2019euros selon Bruno Menc\u00e9 \u2013 ne se limite pas \u00e0 une simple r\u00e9novation logistique. Ce projet, connu sous [&hellip;]<\/p>\n","protected":false},"author":662,"featured_media":45234,"comment_status":"open","ping_status":"open","sticky":false,"template":"","format":"standard","meta":{"_acf_changed":false,"footnotes":""},"categories":[840,1723],"tags":[808],"class_list":["post-45233","post","type-post","status-publish","format-standard","has-post-thumbnail","hentry","category-actus","category-maritime-fr","tag-martinique-fr"],"acf":[],"_links":{"self":[{"href":"https:\/\/richeskarayib.com\/fr\/wp-json\/wp\/v2\/posts\/45233","targetHints":{"allow":["GET"]}}],"collection":[{"href":"https:\/\/richeskarayib.com\/fr\/wp-json\/wp\/v2\/posts"}],"about":[{"href":"https:\/\/richeskarayib.com\/fr\/wp-json\/wp\/v2\/types\/post"}],"author":[{"embeddable":true,"href":"https:\/\/richeskarayib.com\/fr\/wp-json\/wp\/v2\/users\/662"}],"replies":[{"embeddable":true,"href":"https:\/\/richeskarayib.com\/fr\/wp-json\/wp\/v2\/comments?post=45233"}],"version-history":[{"count":0,"href":"https:\/\/richeskarayib.com\/fr\/wp-json\/wp\/v2\/posts\/45233\/revisions"}],"wp:featuredmedia":[{"embeddable":true,"href":"https:\/\/richeskarayib.com\/fr\/wp-json\/wp\/v2\/media\/45234"}],"wp:attachment":[{"href":"https:\/\/richeskarayib.com\/fr\/wp-json\/wp\/v2\/media?parent=45233"}],"wp:term":[{"taxonomy":"category","embeddable":true,"href":"https:\/\/richeskarayib.com\/fr\/wp-json\/wp\/v2\/categories?post=45233"},{"taxonomy":"post_tag","embeddable":true,"href":"https:\/\/richeskarayib.com\/fr\/wp-json\/wp\/v2\/tags?post=45233"}],"curies":[{"name":"wp","href":"https:\/\/api.w.org\/{rel}","templated":true}]}}