{"id":45360,"date":"2025-02-19T08:00:25","date_gmt":"2025-02-19T12:00:25","guid":{"rendered":"https:\/\/richeskarayib.com\/?p=45360"},"modified":"2025-02-24T11:36:20","modified_gmt":"2025-02-24T15:36:20","slug":"yoles-de-martinique-tradition-passion-defis","status":"publish","type":"post","link":"https:\/\/richeskarayib.com\/fr\/yoles-de-martinique-tradition-passion-defis\/","title":{"rendered":"MARTINIQUE : Yoles de Martinique : Tradition, Passion et D\u00e9fis d\u2019un Patrimoine Vivant"},"content":{"rendered":"\t\t<div data-elementor-type=\"wp-post\" data-elementor-id=\"45360\" class=\"elementor elementor-45360\" data-elementor-post-type=\"post\">\n\t\t\t\t\t\t<section class=\"elementor-section elementor-top-section elementor-element elementor-element-329a1c4 elementor-section-boxed elementor-section-height-default elementor-section-height-default\" data-id=\"329a1c4\" data-element_type=\"section\">\n\t\t\t\t\t\t<div class=\"elementor-container elementor-column-gap-default\">\n\t\t\t\t\t<div class=\"elementor-column elementor-col-100 elementor-top-column elementor-element elementor-element-43de922\" data-id=\"43de922\" data-element_type=\"column\">\n\t\t\t<div class=\"elementor-widget-wrap elementor-element-populated\">\n\t\t\t\t\t\t<section class=\"elementor-section elementor-inner-section elementor-element elementor-element-1c27136 elementor-section-boxed elementor-section-height-default elementor-section-height-default\" data-id=\"1c27136\" data-element_type=\"section\">\n\t\t\t\t\t\t<div class=\"elementor-container elementor-column-gap-default\">\n\t\t\t\t\t<div class=\"elementor-column elementor-col-100 elementor-inner-column elementor-element elementor-element-c05a8aa\" data-id=\"c05a8aa\" data-element_type=\"column\">\n\t\t\t<div class=\"elementor-widget-wrap elementor-element-populated\">\n\t\t\t\t\t\t<div class=\"elementor-element elementor-element-14845c3 elementor-widget elementor-widget-text-editor\" data-id=\"14845c3\" data-element_type=\"widget\" data-widget_type=\"text-editor.default\">\n\t\t\t\t<div class=\"elementor-widget-container\">\n\t\t\t\t\t\t\t\t\t<p><a href=\"https:\/\/ich.unesco.org\/fr\/BSP\/la-yole-de-martinique-de-la-construction-aux-pratiques-de-navigation-un-modele-de-sauvegarde-du-patrimoine-01582\" target=\"_blank\" rel=\"noopener nofollow\">Les yoles de Martinique<\/a> repr\u00e9sentent bien plus qu\u2019un moyen de transport ou un simple outil de p\u00eache. Elles incarnent l\u2019essence m\u00eame d\u2019une culture maritime riche et ancestrale, fa\u00e7onn\u00e9e par des g\u00e9n\u00e9rations de p\u00eacheurs et de charpentiers de marine. Con\u00e7ues sans quille ni gouvernail mais \u00e9quilibr\u00e9es gr\u00e2ce aux \u00ab\u202fbois dress\u00e9s\u202f\u00bb sur les c\u00f4t\u00e9s, ces embarcations l\u00e9g\u00e8res et agiles se transforment chaque \u00e9t\u00e9 en v\u00e9ritables \u0153uvres d\u2019art flottantes lors du <a href=\"https:\/\/www.martinique.org\/fr\/tout-savoir\/culture\/tour-de-martinique-des-yoles-rondes\" target=\"_blank\" rel=\"noopener nofollow\">Tour des Yoles Rondes<\/a>, \u00e9v\u00e9nement f\u00e9d\u00e9rateur qui rassemble l&#8217;ensemble de l&#8217;\u00eele.\u00a0<\/p>\t\t\t\t\t\t\t\t<\/div>\n\t\t\t\t<\/div>\n\t\t\t\t<div class=\"elementor-element elementor-element-91a1b15 elementor-widget elementor-widget-text-editor\" data-id=\"91a1b15\" data-element_type=\"widget\" data-widget_type=\"text-editor.default\">\n\t\t\t\t<div class=\"elementor-widget-container\">\n\t\t\t\t\t\t\t\t\t<p>Reconnue par l&#8217;<a href=\"https:\/\/richeskarayib.com\/fr\/rapport-special-partie-1-2008-2011-les-tresors-culturels-des-caraibes-patrimoine-immateriel-reconnu-par-lunesco\/\" target=\"_blank\" rel=\"noopener\">UNESCO<\/a> comme patrimoine culturel immat\u00e9riel depuis d\u00e9cembre 2020, la yole martiniquaise est aujourd&#8217;hui un symbole universel de l&#8217;ing\u00e9niosit\u00e9 et de la fiert\u00e9 locale. Cet article explore l&#8217;histoire, le savoir-faire artisanal, les diff\u00e9rentes comp\u00e9titions et les perspectives d&#8217;avenir de cette tradition vivante.<\/p>\t\t\t\t\t\t\t\t<\/div>\n\t\t\t\t<\/div>\n\t\t\t\t\t<\/div>\n\t\t<\/div>\n\t\t\t\t\t<\/div>\n\t\t<\/section>\n\t\t\t\t\t<\/div>\n\t\t<\/div>\n\t\t\t\t\t<\/div>\n\t\t<\/section>\n\t\t\t\t<section class=\"elementor-section elementor-top-section elementor-element elementor-element-4a06b7e elementor-section-boxed elementor-section-height-default elementor-section-height-default\" data-id=\"4a06b7e\" data-element_type=\"section\">\n\t\t\t\t\t\t<div class=\"elementor-container elementor-column-gap-default\">\n\t\t\t\t\t<div class=\"elementor-column elementor-col-100 elementor-top-column elementor-element elementor-element-1352a95\" data-id=\"1352a95\" data-element_type=\"column\">\n\t\t\t<div class=\"elementor-widget-wrap elementor-element-populated\">\n\t\t\t\t\t\t<div class=\"elementor-element elementor-element-d9be88b elementor-widget elementor-widget-heading\" data-id=\"d9be88b\" data-element_type=\"widget\" data-widget_type=\"heading.default\">\n\t\t\t\t<div class=\"elementor-widget-container\">\n\t\t\t\t\t<h2 class=\"elementor-heading-title elementor-size-default\">Les Origines d\u2019un Patrimoine Maritime<\/h2>\t\t\t\t<\/div>\n\t\t\t\t<\/div>\n\t\t\t\t<section class=\"elementor-section elementor-inner-section elementor-element elementor-element-f2275ff elementor-section-boxed elementor-section-height-default elementor-section-height-default\" data-id=\"f2275ff\" data-element_type=\"section\">\n\t\t\t\t\t\t<div class=\"elementor-container elementor-column-gap-default\">\n\t\t\t\t\t<div class=\"elementor-column elementor-col-100 elementor-inner-column elementor-element elementor-element-bd0b0ee\" data-id=\"bd0b0ee\" data-element_type=\"column\">\n\t\t\t<div class=\"elementor-widget-wrap elementor-element-populated\">\n\t\t\t\t\t\t<div class=\"elementor-element elementor-element-fd87f9f elementor-widget elementor-widget-text-editor\" data-id=\"fd87f9f\" data-element_type=\"widget\" data-widget_type=\"text-editor.default\">\n\t\t\t\t<div class=\"elementor-widget-container\">\n\t\t\t\t\t\t\t\t\t<p>Les yoles de Martinique trouvent leur origine dans l\u2019univers des p\u00eacheurs. Dans les ann\u00e9es 1940, face \u00e0 la rar\u00e9faction du \u00ab gommier \u00bb \u2013 embarcation traditionnelle fabriqu\u00e9e dans le bois d\u2019un arbre \u2013 un charpentier du Fran\u00e7ois a su adapter des techniques europ\u00e9ennes et locales pour cr\u00e9er une embarcation plus adapt\u00e9e aux conditions de navigation de l\u2019\u00eele.\u00a0<\/p>\t\t\t\t\t\t\t\t<\/div>\n\t\t\t\t<\/div>\n\t\t\t\t<div class=\"elementor-element elementor-element-2cfe4bd elementor-widget elementor-widget-text-editor\" data-id=\"2cfe4bd\" data-element_type=\"widget\" data-widget_type=\"text-editor.default\">\n\t\t\t\t<div class=\"elementor-widget-container\">\n\t\t\t\t\t\t\t\t\t<p>D\u2019abord utilis\u00e9es pour transporter le mat\u00e9riel de p\u00eache et les prises, ces embarcations ont rapidement donn\u00e9 lieu \u00e0 des comp\u00e9titions informelles lors des f\u00eates patronales. Ce processus naturel de comp\u00e9tition a progressivement \u00e9volu\u00e9 pour devenir un \u00e9v\u00e9nement officiel et structur\u00e9, marquant le d\u00e9but d\u2019une tradition qui, aujourd\u2019hui, fait partie int\u00e9grante de l\u2019identit\u00e9 martiniquaise.<\/p>\t\t\t\t\t\t\t\t<\/div>\n\t\t\t\t<\/div>\n\t\t\t\t\t<\/div>\n\t\t<\/div>\n\t\t\t\t\t<\/div>\n\t\t<\/section>\n\t\t\t\t<section class=\"elementor-section elementor-inner-section elementor-element elementor-element-b830a0b elementor-section-boxed elementor-section-height-default elementor-section-height-default\" data-id=\"b830a0b\" data-element_type=\"section\">\n\t\t\t\t\t\t<div class=\"elementor-container elementor-column-gap-default\">\n\t\t\t\t\t<div class=\"elementor-column elementor-col-100 elementor-inner-column elementor-element elementor-element-345ac7b\" data-id=\"345ac7b\" data-element_type=\"column\">\n\t\t\t<div class=\"elementor-widget-wrap elementor-element-populated\">\n\t\t\t\t\t\t<div class=\"elementor-element elementor-element-6a6220e elementor-widget elementor-widget-image\" data-id=\"6a6220e\" data-element_type=\"widget\" data-widget_type=\"image.default\">\n\t\t\t\t<div class=\"elementor-widget-container\">\n\t\t\t\t\t\t\t\t\t\t\t\t\t\t\t<img fetchpriority=\"high\" decoding=\"async\" width=\"800\" height=\"450\" src=\"https:\/\/richeskarayib.com\/wp-content\/uploads\/2025\/02\/WhatsApp-Image-2025-02-24-a-00.13.09_cade9c74-1024x576.jpg\" class=\"attachment-large size-large wp-image-45369\" alt=\"yoles\" srcset=\"https:\/\/richeskarayib.com\/wp-content\/uploads\/2025\/02\/WhatsApp-Image-2025-02-24-a-00.13.09_cade9c74-1024x576.jpg 1024w, https:\/\/richeskarayib.com\/wp-content\/uploads\/2025\/02\/WhatsApp-Image-2025-02-24-a-00.13.09_cade9c74-300x169.jpg 300w, https:\/\/richeskarayib.com\/wp-content\/uploads\/2025\/02\/WhatsApp-Image-2025-02-24-a-00.13.09_cade9c74-768x432.jpg 768w, https:\/\/richeskarayib.com\/wp-content\/uploads\/2025\/02\/WhatsApp-Image-2025-02-24-a-00.13.09_cade9c74-1536x864.jpg 1536w, https:\/\/richeskarayib.com\/wp-content\/uploads\/2025\/02\/WhatsApp-Image-2025-02-24-a-00.13.09_cade9c74-1320x743.jpg 1320w, https:\/\/richeskarayib.com\/wp-content\/uploads\/2025\/02\/WhatsApp-Image-2025-02-24-a-00.13.09_cade9c74.jpg 1600w\" sizes=\"(max-width: 800px) 100vw, 800px\" \/>\t\t\t\t\t\t\t\t\t\t\t\t\t\t\t<\/div>\n\t\t\t\t<\/div>\n\t\t\t\t<div class=\"elementor-element elementor-element-0a1802e elementor-widget elementor-widget-video\" data-id=\"0a1802e\" data-element_type=\"widget\" data-settings=\"{&quot;youtube_url&quot;:&quot;https:\\\/\\\/youtube.com\\\/shorts\\\/2k3K48Z8ogk?feature=share&quot;,&quot;video_type&quot;:&quot;youtube&quot;,&quot;controls&quot;:&quot;yes&quot;}\" data-widget_type=\"video.default\">\n\t\t\t\t<div class=\"elementor-widget-container\">\n\t\t\t\t\t\t\t<div class=\"elementor-wrapper elementor-open-inline\">\n\t\t\t<div class=\"elementor-video\"><\/div>\t\t<\/div>\n\t\t\t\t\t\t<\/div>\n\t\t\t\t<\/div>\n\t\t\t\t\t<\/div>\n\t\t<\/div>\n\t\t\t\t\t<\/div>\n\t\t<\/section>\n\t\t\t\t\t<\/div>\n\t\t<\/div>\n\t\t\t\t\t<\/div>\n\t\t<\/section>\n\t\t\t\t<section class=\"elementor-section elementor-top-section elementor-element elementor-element-81870ce elementor-section-boxed elementor-section-height-default elementor-section-height-default\" data-id=\"81870ce\" data-element_type=\"section\">\n\t\t\t\t\t\t<div class=\"elementor-container elementor-column-gap-default\">\n\t\t\t\t\t<div class=\"elementor-column elementor-col-100 elementor-top-column elementor-element elementor-element-b229cc7\" data-id=\"b229cc7\" data-element_type=\"column\">\n\t\t\t<div class=\"elementor-widget-wrap elementor-element-populated\">\n\t\t\t\t\t\t<div class=\"elementor-element elementor-element-e9c6d5b elementor-widget elementor-widget-heading\" data-id=\"e9c6d5b\" data-element_type=\"widget\" data-widget_type=\"heading.default\">\n\t\t\t\t<div class=\"elementor-widget-container\">\n\t\t\t\t\t<h2 class=\"elementor-heading-title elementor-size-default\">L\u2019Art de la Construction Traditionnelle<\/h2>\t\t\t\t<\/div>\n\t\t\t\t<\/div>\n\t\t\t\t<div class=\"elementor-element elementor-element-a75e9bf elementor-widget elementor-widget-text-editor\" data-id=\"a75e9bf\" data-element_type=\"widget\" data-widget_type=\"text-editor.default\">\n\t\t\t\t<div class=\"elementor-widget-container\">\n\t\t\t\t\t\t\t\t\t<p>La fabrication d\u2019une yole rel\u00e8ve d\u2019un v\u00e9ritable art transmis de g\u00e9n\u00e9ration en g\u00e9n\u00e9ration. Les charpentiers de marine, gardiens d\u2019un savoir-faire ancestral, s\u00e9lectionnent avec soin des bois locaux tels que le poirier et le gommier pour construire des embarcations robustes et \u00e9l\u00e9gantes. La construction se fait sans plans pr\u00e9\u00e9tablis\u202f; tout se r\u00e9alise de m\u00e9moire et d\u2019exp\u00e9rience, dans le respect de m\u00e9thodes traditionnelles qui se sont perfectionn\u00e9es au fil du temps.\u00a0<\/p>\t\t\t\t\t\t\t\t<\/div>\n\t\t\t\t<\/div>\n\t\t\t\t<div class=\"elementor-element elementor-element-cac2ab6 elementor-widget elementor-widget-text-editor\" data-id=\"cac2ab6\" data-element_type=\"widget\" data-widget_type=\"text-editor.default\">\n\t\t\t\t<div class=\"elementor-widget-container\">\n\t\t\t\t\t\t\t\t\t<p>La fabrication d\u2019une yole rel\u00e8ve d\u2019un v\u00e9ritable art transmis de g\u00e9n\u00e9ration en g\u00e9n\u00e9ration. Les charpentiers de marine, gardiens d\u2019un savoir-faire ancestral, s\u00e9lectionnent avec soin des bois locaux tels que le poirier et le gommier pour construire des embarcations robustes et \u00e9l\u00e9gantes. La construction se fait sans plans pr\u00e9\u00e9tablis\u202f; tout se r\u00e9alise de m\u00e9moire et d\u2019exp\u00e9rience, dans le respect de m\u00e9thodes traditionnelles qui se sont perfectionn\u00e9es au fil du temps.<\/p>\t\t\t\t\t\t\t\t<\/div>\n\t\t\t\t<\/div>\n\t\t\t\t<div class=\"elementor-element elementor-element-98abfc7 elementor-widget elementor-widget-image\" data-id=\"98abfc7\" data-element_type=\"widget\" data-widget_type=\"image.default\">\n\t\t\t\t<div class=\"elementor-widget-container\">\n\t\t\t\t\t\t\t\t\t\t\t\t\t\t\t<img decoding=\"async\" width=\"800\" height=\"623\" src=\"https:\/\/richeskarayib.com\/wp-content\/uploads\/2025\/02\/WhatsApp-Image-2025-02-24-a-00.16.28_b70fb245-1024x798.jpg\" class=\"attachment-large size-large wp-image-45377\" alt=\"yoles\" srcset=\"https:\/\/richeskarayib.com\/wp-content\/uploads\/2025\/02\/WhatsApp-Image-2025-02-24-a-00.16.28_b70fb245-1024x798.jpg 1024w, https:\/\/richeskarayib.com\/wp-content\/uploads\/2025\/02\/WhatsApp-Image-2025-02-24-a-00.16.28_b70fb245-300x234.jpg 300w, https:\/\/richeskarayib.com\/wp-content\/uploads\/2025\/02\/WhatsApp-Image-2025-02-24-a-00.16.28_b70fb245-768x599.jpg 768w, https:\/\/richeskarayib.com\/wp-content\/uploads\/2025\/02\/WhatsApp-Image-2025-02-24-a-00.16.28_b70fb245-1536x1197.jpg 1536w, https:\/\/richeskarayib.com\/wp-content\/uploads\/2025\/02\/WhatsApp-Image-2025-02-24-a-00.16.28_b70fb245-1320x1029.jpg 1320w, https:\/\/richeskarayib.com\/wp-content\/uploads\/2025\/02\/WhatsApp-Image-2025-02-24-a-00.16.28_b70fb245.jpg 1600w\" sizes=\"(max-width: 800px) 100vw, 800px\" \/>\t\t\t\t\t\t\t\t\t\t\t\t\t\t\t<\/div>\n\t\t\t\t<\/div>\n\t\t\t\t\t<\/div>\n\t\t<\/div>\n\t\t\t\t\t<\/div>\n\t\t<\/section>\n\t\t\t\t<section class=\"elementor-section elementor-top-section elementor-element elementor-element-5fd8ee0 elementor-section-boxed elementor-section-height-default elementor-section-height-default\" data-id=\"5fd8ee0\" data-element_type=\"section\">\n\t\t\t\t\t\t<div class=\"elementor-container elementor-column-gap-default\">\n\t\t\t\t\t<div class=\"elementor-column elementor-col-100 elementor-top-column elementor-element elementor-element-b7316a2\" data-id=\"b7316a2\" data-element_type=\"column\">\n\t\t\t<div class=\"elementor-widget-wrap elementor-element-populated\">\n\t\t\t\t\t\t<div class=\"elementor-element elementor-element-96314ef elementor-widget elementor-widget-heading\" data-id=\"96314ef\" data-element_type=\"widget\" data-widget_type=\"heading.default\">\n\t\t\t\t<div class=\"elementor-widget-container\">\n\t\t\t\t\t<h2 class=\"elementor-heading-title elementor-size-default\">Le Tour des Yoles Rondes : Un Rendez-vous F\u00e9d\u00e9rateur<\/h2>\t\t\t\t<\/div>\n\t\t\t\t<\/div>\n\t\t\t\t<div class=\"elementor-element elementor-element-d5b8f9e elementor-widget elementor-widget-text-editor\" data-id=\"d5b8f9e\" data-element_type=\"widget\" data-widget_type=\"text-editor.default\">\n\t\t\t\t<div class=\"elementor-widget-container\">\n\t\t\t\t\t\t\t\t\t<p>Depuis plus de trois d\u00e9cennies, le <a href=\"https:\/\/tourdesyolesofficiel.com\/\" target=\"_blank\" rel=\"noopener nofollow\">Tour des Yoles<\/a> Rondes s\u2019est impos\u00e9 comme l\u2019\u00e9v\u00e9nement sportif phare de la Martinique. Pendant une semaine d\u2019intense activit\u00e9, des \u00e9quipages venus de toute l\u2019\u00eele se mesurent sur un parcours qui fait le tour de la Martinique.\u00a0<\/p>\t\t\t\t\t\t\t\t<\/div>\n\t\t\t\t<\/div>\n\t\t\t\t<div class=\"elementor-element elementor-element-2f99fdb elementor-widget elementor-widget-text-editor\" data-id=\"2f99fdb\" data-element_type=\"widget\" data-widget_type=\"text-editor.default\">\n\t\t\t\t<div class=\"elementor-widget-container\">\n\t\t\t\t\t\t\t\t\t<p>Les d\u00e9parts et arriv\u00e9es, souvent organis\u00e9s sur les plages ou en bord de mer, attirent des foules nombreuses et passionn\u00e9es, cr\u00e9ant une ambiance de f\u00eate o\u00f9 se m\u00ealent tradition, comp\u00e9tition et convivialit\u00e9.\u00a0Cet \u00e9v\u00e9nement ne se limite pas \u00e0 une simple course : il est le reflet d\u2019une identit\u00e9 collective, un moment o\u00f9 la population martiniquaise se r\u00e9unit pour c\u00e9l\u00e9brer son patrimoine culturel, renforcer les liens sociaux et dynamiser l\u2019\u00e9conomie locale.<\/p>\t\t\t\t\t\t\t\t<\/div>\n\t\t\t\t<\/div>\n\t\t\t\t<div class=\"elementor-element elementor-element-4409ad5 elementor-widget elementor-widget-image\" data-id=\"4409ad5\" data-element_type=\"widget\" data-widget_type=\"image.default\">\n\t\t\t\t<div class=\"elementor-widget-container\">\n\t\t\t\t\t\t\t\t\t\t\t\t\t\t\t<img decoding=\"async\" width=\"800\" height=\"850\" src=\"https:\/\/richeskarayib.com\/wp-content\/uploads\/2025\/02\/WhatsApp-Image-2025-02-24-a-00.13.38_d03367c0-964x1024.jpg\" class=\"attachment-large size-large wp-image-45365\" alt=\"yoles\" srcset=\"https:\/\/richeskarayib.com\/wp-content\/uploads\/2025\/02\/WhatsApp-Image-2025-02-24-a-00.13.38_d03367c0-964x1024.jpg 964w, https:\/\/richeskarayib.com\/wp-content\/uploads\/2025\/02\/WhatsApp-Image-2025-02-24-a-00.13.38_d03367c0-283x300.jpg 283w, https:\/\/richeskarayib.com\/wp-content\/uploads\/2025\/02\/WhatsApp-Image-2025-02-24-a-00.13.38_d03367c0-768x815.jpg 768w, https:\/\/richeskarayib.com\/wp-content\/uploads\/2025\/02\/WhatsApp-Image-2025-02-24-a-00.13.38_d03367c0-1447x1536.jpg 1447w, https:\/\/richeskarayib.com\/wp-content\/uploads\/2025\/02\/WhatsApp-Image-2025-02-24-a-00.13.38_d03367c0-1320x1401.jpg 1320w, https:\/\/richeskarayib.com\/wp-content\/uploads\/2025\/02\/WhatsApp-Image-2025-02-24-a-00.13.38_d03367c0.jpg 1507w\" sizes=\"(max-width: 800px) 100vw, 800px\" \/>\t\t\t\t\t\t\t\t\t\t\t\t\t\t\t<\/div>\n\t\t\t\t<\/div>\n\t\t\t\t\t<\/div>\n\t\t<\/div>\n\t\t\t\t\t<\/div>\n\t\t<\/section>\n\t\t\t\t<section class=\"elementor-section elementor-top-section elementor-element elementor-element-3ccd579 elementor-section-boxed elementor-section-height-default elementor-section-height-default\" data-id=\"3ccd579\" data-element_type=\"section\">\n\t\t\t\t\t\t<div class=\"elementor-container elementor-column-gap-default\">\n\t\t\t\t\t<div class=\"elementor-column elementor-col-100 elementor-top-column elementor-element elementor-element-7710009\" data-id=\"7710009\" data-element_type=\"column\">\n\t\t\t<div class=\"elementor-widget-wrap elementor-element-populated\">\n\t\t\t\t\t\t<div class=\"elementor-element elementor-element-6d9ebef elementor-widget elementor-widget-heading\" data-id=\"6d9ebef\" data-element_type=\"widget\" data-widget_type=\"heading.default\">\n\t\t\t\t<div class=\"elementor-widget-container\">\n\t\t\t\t\t<h2 class=\"elementor-heading-title elementor-size-default\">Les Championnats et Autres Comp\u00e9titions Annuelles<\/h2>\t\t\t\t<\/div>\n\t\t\t\t<\/div>\n\t\t\t\t<div class=\"elementor-element elementor-element-fe8cf3c elementor-widget elementor-widget-text-editor\" data-id=\"fe8cf3c\" data-element_type=\"widget\" data-widget_type=\"text-editor.default\">\n\t\t\t\t<div class=\"elementor-widget-container\">\n\t\t\t\t\t\t\t\t\t<p>En dehors du grand rendez-vous du Tour, la pratique des yoles se d\u00e9cline en de nombreux championnats et comp\u00e9titions tout au long de l&#8217;ann\u00e9e. Organis\u00e9s par les clubs locaux et la F\u00e9d\u00e9ration, ces \u00e9v\u00e9nements permettent de maintenir une activit\u00e9 sportive continue et de valoriser le savoir-faire des \u00e9quipages.<br data-start=\"3761\" data-end=\"3764\" \/>Ces comp\u00e9titions offrent une vitrine importante pour la performance des yoleurs et contribuent \u00e0 la dynamique \u00e9conomique locale, tout en favorisant la transmission de la tradition aux plus jeunes.<\/p>\t\t\t\t\t\t\t\t<\/div>\n\t\t\t\t<\/div>\n\t\t\t\t<div class=\"elementor-element elementor-element-18a3371 elementor-widget elementor-widget-image\" data-id=\"18a3371\" data-element_type=\"widget\" data-widget_type=\"image.default\">\n\t\t\t\t<div class=\"elementor-widget-container\">\n\t\t\t\t\t\t\t\t\t\t\t\t\t\t\t<img loading=\"lazy\" decoding=\"async\" width=\"800\" height=\"791\" src=\"https:\/\/richeskarayib.com\/wp-content\/uploads\/2025\/02\/WhatsApp-Image-2025-02-24-a-00.12.55_a0eb5fd1-1024x1012.jpg\" class=\"attachment-large size-large wp-image-45373\" alt=\"yoles\" srcset=\"https:\/\/richeskarayib.com\/wp-content\/uploads\/2025\/02\/WhatsApp-Image-2025-02-24-a-00.12.55_a0eb5fd1-1024x1012.jpg 1024w, https:\/\/richeskarayib.com\/wp-content\/uploads\/2025\/02\/WhatsApp-Image-2025-02-24-a-00.12.55_a0eb5fd1-300x297.jpg 300w, https:\/\/richeskarayib.com\/wp-content\/uploads\/2025\/02\/WhatsApp-Image-2025-02-24-a-00.12.55_a0eb5fd1-768x759.jpg 768w, https:\/\/richeskarayib.com\/wp-content\/uploads\/2025\/02\/WhatsApp-Image-2025-02-24-a-00.12.55_a0eb5fd1-1536x1519.jpg 1536w, https:\/\/richeskarayib.com\/wp-content\/uploads\/2025\/02\/WhatsApp-Image-2025-02-24-a-00.12.55_a0eb5fd1-1320x1305.jpg 1320w, https:\/\/richeskarayib.com\/wp-content\/uploads\/2025\/02\/WhatsApp-Image-2025-02-24-a-00.12.55_a0eb5fd1.jpg 1600w\" sizes=\"(max-width: 800px) 100vw, 800px\" \/>\t\t\t\t\t\t\t\t\t\t\t\t\t\t\t<\/div>\n\t\t\t\t<\/div>\n\t\t\t\t\t<\/div>\n\t\t<\/div>\n\t\t\t\t\t<\/div>\n\t\t<\/section>\n\t\t\t\t<section class=\"elementor-section elementor-top-section elementor-element elementor-element-fdb48d4 elementor-section-boxed elementor-section-height-default elementor-section-height-default\" data-id=\"fdb48d4\" data-element_type=\"section\">\n\t\t\t\t\t\t<div class=\"elementor-container elementor-column-gap-default\">\n\t\t\t\t\t<div class=\"elementor-column elementor-col-100 elementor-top-column elementor-element elementor-element-262484a\" data-id=\"262484a\" data-element_type=\"column\">\n\t\t\t<div class=\"elementor-widget-wrap elementor-element-populated\">\n\t\t\t\t\t\t<div class=\"elementor-element elementor-element-fd51d44 elementor-widget elementor-widget-heading\" data-id=\"fd51d44\" data-element_type=\"widget\" data-widget_type=\"heading.default\">\n\t\t\t\t<div class=\"elementor-widget-container\">\n\t\t\t\t\t<h2 class=\"elementor-heading-title elementor-size-default\">Opportunit\u00e9s et Perspectives d\u2019Avenir<\/h2>\t\t\t\t<\/div>\n\t\t\t\t<\/div>\n\t\t\t\t<div class=\"elementor-element elementor-element-ba2f1cc elementor-widget elementor-widget-text-editor\" data-id=\"ba2f1cc\" data-element_type=\"widget\" data-widget_type=\"text-editor.default\">\n\t\t\t\t<div class=\"elementor-widget-container\">\n\t\t\t\t\t\t\t\t\t<p>Les yoles de Martinique, tout en restant fid\u00e8les \u00e0 leur riche tradition, ouvrent aujourd\u2019hui la voie \u00e0 de belles innovations. La F\u00e9d\u00e9ration des Yoles Rondes explore des solutions modernes pour optimiser l\u2019organisation du Tour et attirer de nouveaux partenaires, dynamisant ainsi l\u2019\u00e9conomie locale. Des initiatives visant \u00e0 adopter des mat\u00e9riaux \u00e9cologiques et des techniques de construction innovantes permettent d\u2019am\u00e9liorer les performances des embarcations tout en respectant l\u2019environnement.\u00a0<\/p>\t\t\t\t\t\t\t\t<\/div>\n\t\t\t\t<\/div>\n\t\t\t\t<div class=\"elementor-element elementor-element-2844e11 elementor-widget elementor-widget-image\" data-id=\"2844e11\" data-element_type=\"widget\" data-widget_type=\"image.default\">\n\t\t\t\t<div class=\"elementor-widget-container\">\n\t\t\t\t\t\t\t\t\t\t\t\t\t\t\t<img loading=\"lazy\" decoding=\"async\" width=\"800\" height=\"450\" src=\"https:\/\/richeskarayib.com\/wp-content\/uploads\/2025\/02\/WhatsApp-Image-2025-02-24-a-00.20.10_9eed723f-1024x576.jpg\" class=\"attachment-large size-large wp-image-45381\" alt=\"yoles\" srcset=\"https:\/\/richeskarayib.com\/wp-content\/uploads\/2025\/02\/WhatsApp-Image-2025-02-24-a-00.20.10_9eed723f-1024x576.jpg 1024w, https:\/\/richeskarayib.com\/wp-content\/uploads\/2025\/02\/WhatsApp-Image-2025-02-24-a-00.20.10_9eed723f-300x169.jpg 300w, https:\/\/richeskarayib.com\/wp-content\/uploads\/2025\/02\/WhatsApp-Image-2025-02-24-a-00.20.10_9eed723f-768x432.jpg 768w, https:\/\/richeskarayib.com\/wp-content\/uploads\/2025\/02\/WhatsApp-Image-2025-02-24-a-00.20.10_9eed723f-1536x864.jpg 1536w, https:\/\/richeskarayib.com\/wp-content\/uploads\/2025\/02\/WhatsApp-Image-2025-02-24-a-00.20.10_9eed723f-1320x743.jpg 1320w, https:\/\/richeskarayib.com\/wp-content\/uploads\/2025\/02\/WhatsApp-Image-2025-02-24-a-00.20.10_9eed723f.jpg 1600w\" sizes=\"(max-width: 800px) 100vw, 800px\" \/>\t\t\t\t\t\t\t\t\t\t\t\t\t\t\t<\/div>\n\t\t\t\t<\/div>\n\t\t\t\t\t<\/div>\n\t\t<\/div>\n\t\t\t\t\t<\/div>\n\t\t<\/section>\n\t\t\t\t<section class=\"elementor-section elementor-top-section elementor-element elementor-element-d395ede elementor-section-boxed elementor-section-height-default elementor-section-height-default\" data-id=\"d395ede\" data-element_type=\"section\">\n\t\t\t\t\t\t<div class=\"elementor-container elementor-column-gap-default\">\n\t\t\t\t\t<div class=\"elementor-column elementor-col-100 elementor-top-column elementor-element elementor-element-3d9316a\" data-id=\"3d9316a\" data-element_type=\"column\">\n\t\t\t<div class=\"elementor-widget-wrap elementor-element-populated\">\n\t\t\t\t\t\t<div class=\"elementor-element elementor-element-0a12054 elementor-widget elementor-widget-text-editor\" data-id=\"0a12054\" data-element_type=\"widget\" data-widget_type=\"text-editor.default\">\n\t\t\t\t<div class=\"elementor-widget-container\">\n\t\t\t\t\t\t\t\t\t<p>Les yoles de Martinique sont le reflet d\u2019un h\u00e9ritage culturel et d\u2019un savoir-faire artisanal exceptionnel. Le Tour des Yoles Rondes, \u00e9v\u00e9nement qui unit chaque \u00e9t\u00e9 des milliers de spectateurs, symbolise la fiert\u00e9 d\u2019une \u00eele et l\u2019importance de pr\u00e9server une tradition vivante malgr\u00e9 les d\u00e9fis modernes. Il est d\u00e9sormais essentiel d\u2019allier innovation et respect de l\u2019environnement pour assurer la p\u00e9rennit\u00e9 de ce patrimoine commun.<\/p>\t\t\t\t\t\t\t\t<\/div>\n\t\t\t\t<\/div>\n\t\t\t\t<div class=\"elementor-element elementor-element-9eeb83d elementor-widget elementor-widget-text-editor\" data-id=\"9eeb83d\" data-element_type=\"widget\" data-widget_type=\"text-editor.default\">\n\t\t\t\t<div class=\"elementor-widget-container\">\n\t\t\t\t\t\t\t\t\t<p>\u00c0 l\u2019avenir, la r\u00e9ussite de cette tradition d\u00e9pendra de la capacit\u00e9 \u00e0 adapter les techniques tout en maintenant l\u2019authenticit\u00e9 qui fait la singularit\u00e9 des yoles martiniquaises. En d\u00e9finitive, les yoles incarnent l\u2019\u00e2me de la Martinique et leur pr\u00e9servation est indispensable pour les g\u00e9n\u00e9rations futures.<\/p>\t\t\t\t\t\t\t\t<\/div>\n\t\t\t\t<\/div>\n\t\t\t\t\t<\/div>\n\t\t<\/div>\n\t\t\t\t\t<\/div>\n\t\t<\/section>\n\t\t\t\t<\/div>\n\t\t","protected":false},"excerpt":{"rendered":"<p>Les yoles de Martinique repr\u00e9sentent bien plus qu\u2019un moyen de transport ou un simple outil de p\u00eache. Elles incarnent l\u2019essence m\u00eame d\u2019une culture maritime riche et ancestrale, fa\u00e7onn\u00e9e par des g\u00e9n\u00e9rations de p\u00eacheurs et de charpentiers de marine. Con\u00e7ues sans quille ni gouvernail mais \u00e9quilibr\u00e9es gr\u00e2ce aux \u00ab\u202fbois dress\u00e9s\u202f\u00bb sur les c\u00f4t\u00e9s, ces embarcations l\u00e9g\u00e8res [&hellip;]<\/p>\n","protected":false},"author":47,"featured_media":45361,"comment_status":"open","ping_status":"open","sticky":false,"template":"","format":"standard","meta":{"_acf_changed":false,"footnotes":""},"categories":[840,1468],"tags":[808],"class_list":["post-45360","post","type-post","status-publish","format-standard","has-post-thumbnail","hentry","category-actus","category-histoire-patrimoine","tag-martinique-fr"],"acf":[],"_links":{"self":[{"href":"https:\/\/richeskarayib.com\/fr\/wp-json\/wp\/v2\/posts\/45360","targetHints":{"allow":["GET"]}}],"collection":[{"href":"https:\/\/richeskarayib.com\/fr\/wp-json\/wp\/v2\/posts"}],"about":[{"href":"https:\/\/richeskarayib.com\/fr\/wp-json\/wp\/v2\/types\/post"}],"author":[{"embeddable":true,"href":"https:\/\/richeskarayib.com\/fr\/wp-json\/wp\/v2\/users\/47"}],"replies":[{"embeddable":true,"href":"https:\/\/richeskarayib.com\/fr\/wp-json\/wp\/v2\/comments?post=45360"}],"version-history":[{"count":0,"href":"https:\/\/richeskarayib.com\/fr\/wp-json\/wp\/v2\/posts\/45360\/revisions"}],"wp:featuredmedia":[{"embeddable":true,"href":"https:\/\/richeskarayib.com\/fr\/wp-json\/wp\/v2\/media\/45361"}],"wp:attachment":[{"href":"https:\/\/richeskarayib.com\/fr\/wp-json\/wp\/v2\/media?parent=45360"}],"wp:term":[{"taxonomy":"category","embeddable":true,"href":"https:\/\/richeskarayib.com\/fr\/wp-json\/wp\/v2\/categories?post=45360"},{"taxonomy":"post_tag","embeddable":true,"href":"https:\/\/richeskarayib.com\/fr\/wp-json\/wp\/v2\/tags?post=45360"}],"curies":[{"name":"wp","href":"https:\/\/api.w.org\/{rel}","templated":true}]}}