{"id":45406,"date":"2025-02-24T13:00:54","date_gmt":"2025-02-24T17:00:54","guid":{"rendered":"https:\/\/richeskarayib.com\/?p=45406"},"modified":"2025-03-03T16:48:15","modified_gmt":"2025-03-03T20:48:15","slug":"caricom-martinique-construire-caraibe-fort","status":"publish","type":"post","link":"https:\/\/richeskarayib.com\/fr\/caricom-martinique-construire-caraibe-fort\/","title":{"rendered":"La Martinique et le CARICOM : d\u00e9couvrir l&#8217;autre pour construire une Cara\u00efbe plus forte Ensemble"},"content":{"rendered":"\t\t<div data-elementor-type=\"wp-post\" data-elementor-id=\"45406\" class=\"elementor elementor-45406\" data-elementor-post-type=\"post\">\n\t\t\t\t\t\t<section class=\"elementor-section elementor-top-section elementor-element elementor-element-329a1c4 elementor-section-boxed elementor-section-height-default elementor-section-height-default\" data-id=\"329a1c4\" data-element_type=\"section\">\n\t\t\t\t\t\t<div class=\"elementor-container elementor-column-gap-default\">\n\t\t\t\t\t<div class=\"elementor-column elementor-col-100 elementor-top-column elementor-element elementor-element-43de922\" data-id=\"43de922\" data-element_type=\"column\">\n\t\t\t<div class=\"elementor-widget-wrap elementor-element-populated\">\n\t\t\t\t\t\t<section class=\"elementor-section elementor-inner-section elementor-element elementor-element-1c27136 elementor-section-boxed elementor-section-height-default elementor-section-height-default\" data-id=\"1c27136\" data-element_type=\"section\">\n\t\t\t\t\t\t<div class=\"elementor-container elementor-column-gap-default\">\n\t\t\t\t\t<div class=\"elementor-column elementor-col-100 elementor-inner-column elementor-element elementor-element-c05a8aa\" data-id=\"c05a8aa\" data-element_type=\"column\">\n\t\t\t<div class=\"elementor-widget-wrap elementor-element-populated\">\n\t\t\t\t\t\t<div class=\"elementor-element elementor-element-14845c3 elementor-widget elementor-widget-text-editor\" data-id=\"14845c3\" data-element_type=\"widget\" data-widget_type=\"text-editor.default\">\n\t\t\t\t<div class=\"elementor-widget-container\">\n\t\t\t\t\t\t\t\t\t<h3><b><i>Retour sur les visites officielles de Serge Letchimy \u00e0 la Barbade<\/i><\/b><\/h3>\t\t\t\t\t\t\t\t<\/div>\n\t\t\t\t<\/div>\n\t\t\t\t<div class=\"elementor-element elementor-element-9f7119c elementor-widget elementor-widget-text-editor\" data-id=\"9f7119c\" data-element_type=\"widget\" data-widget_type=\"text-editor.default\">\n\t\t\t\t<div class=\"elementor-widget-container\">\n\t\t\t\t\t\t\t\t\t<p><span style=\"font-weight: 400;\"><a href=\"https:\/\/la1ere.francetvinfo.fr\/martinique\/la-martinique-a-signe-son-adhesion-a-la-caricom-en-tant-que-membre-associe-1563133.html\" target=\"_blank\" rel=\"noopener nofollow\">CARICOM<\/a> : l&#8217;adh\u00e9sion historique de la Martinique au CARICOM ouvre une voie privil\u00e9gi\u00e9e pour renforcer les \u00e9changes humains, culturels et \u00e9conomiques entre l&#8217;\u00eele et ses voisins carib\u00e9ens. Au-del\u00e0 des enjeux commerciaux, c&#8217;est une invitation \u00e0 d\u00e9couvrir les r\u00e9alit\u00e9s, les talents, les savoir-faire et les d\u00e9fis communs qui fa\u00e7onnent la grande Cara\u00efbe d&#8217;aujourd&#8217;hui. <\/span><\/p>\t\t\t\t\t\t\t\t<\/div>\n\t\t\t\t<\/div>\n\t\t\t\t<div class=\"elementor-element elementor-element-91a1b15 elementor-widget elementor-widget-text-editor\" data-id=\"91a1b15\" data-element_type=\"widget\" data-widget_type=\"text-editor.default\">\n\t\t\t\t<div class=\"elementor-widget-container\">\n\t\t\t\t\t\t\t\t\t<p><span style=\"font-weight: 400;\">C\u2019est dans cet esprit que Serge Letchimy, pr\u00e9sident du Conseil ex\u00e9cutif de la Martinique, s\u2019est rendu \u00e0 la Barbade pour rencontrer plusieurs acteurs cl\u00e9s du d\u00e9veloppement r\u00e9gional. Avec l&#8217;objectif de construire ensemble une coop\u00e9ration \u00e9conomique authentique, fond\u00e9e sur une connaissance mutuelle approfondie.<\/span><\/p>\t\t\t\t\t\t\t\t<\/div>\n\t\t\t\t<\/div>\n\t\t\t\t<div class=\"elementor-element elementor-element-17ba3cc elementor-widget elementor-widget-text-editor\" data-id=\"17ba3cc\" data-element_type=\"widget\" data-widget_type=\"text-editor.default\">\n\t\t\t\t<div class=\"elementor-widget-container\">\n\t\t\t\t\t\t\t\t\t<p><span style=\"font-weight: 400;\">Ces rencontres strat\u00e9giques ont mis en \u00e9vidence la compl\u00e9mentarit\u00e9 et l\u2019enrichissement mutuel dans plusieurs secteurs prioritaires :\u00a0<\/span><\/p>\n<p><span style=\"font-weight: 400;\">\u2714 La transformation agroalimentaire et la s\u00e9curit\u00e9 alimentaire,\u00a0<\/span><\/p>\n<p><span style=\"font-weight: 400;\">\u2714 La p\u00eache durable et l\u2019\u00e9conomie bleue,\u00a0<\/span><\/p>\n<p><span style=\"font-weight: 400;\">\u2714 La logistique commerciale et touristique,\u00a0<\/span><\/p>\n<p><span style=\"font-weight: 400;\">\u2714 Le d\u00e9veloppement du secteur priv\u00e9 r\u00e9gional.<\/span><\/p>\t\t\t\t\t\t\t\t<\/div>\n\t\t\t\t<\/div>\n\t\t\t\t\t<\/div>\n\t\t<\/div>\n\t\t\t\t\t<\/div>\n\t\t<\/section>\n\t\t\t\t\t<\/div>\n\t\t<\/div>\n\t\t\t\t\t<\/div>\n\t\t<\/section>\n\t\t\t\t<section class=\"elementor-section elementor-top-section elementor-element elementor-element-4a06b7e elementor-section-boxed elementor-section-height-default elementor-section-height-default\" data-id=\"4a06b7e\" data-element_type=\"section\">\n\t\t\t\t\t\t<div class=\"elementor-container elementor-column-gap-default\">\n\t\t\t\t\t<div class=\"elementor-column elementor-col-100 elementor-top-column elementor-element elementor-element-1352a95\" data-id=\"1352a95\" data-element_type=\"column\">\n\t\t\t<div class=\"elementor-widget-wrap elementor-element-populated\">\n\t\t\t\t\t\t<div class=\"elementor-element elementor-element-d9be88b elementor-widget elementor-widget-heading\" data-id=\"d9be88b\" data-element_type=\"widget\" data-widget_type=\"heading.default\">\n\t\t\t\t<div class=\"elementor-widget-container\">\n\t\t\t\t\t<h2 class=\"elementor-heading-title elementor-size-default\">Une int\u00e9gration qui dynamise le secteur priv\u00e9<\/h2>\t\t\t\t<\/div>\n\t\t\t\t<\/div>\n\t\t\t\t<section class=\"elementor-section elementor-inner-section elementor-element elementor-element-f2275ff elementor-section-boxed elementor-section-height-default elementor-section-height-default\" data-id=\"f2275ff\" data-element_type=\"section\">\n\t\t\t\t\t\t<div class=\"elementor-container elementor-column-gap-default\">\n\t\t\t\t\t<div class=\"elementor-column elementor-col-100 elementor-inner-column elementor-element elementor-element-bd0b0ee\" data-id=\"bd0b0ee\" data-element_type=\"column\">\n\t\t\t<div class=\"elementor-widget-wrap elementor-element-populated\">\n\t\t\t\t\t\t<div class=\"elementor-element elementor-element-fd87f9f elementor-widget elementor-widget-text-editor\" data-id=\"fd87f9f\" data-element_type=\"widget\" data-widget_type=\"text-editor.default\">\n\t\t\t\t<div class=\"elementor-widget-container\">\n\t\t\t\t\t\t\t\t\t<p><b>Caribbean Export : un levier pour la coop\u00e9ration \u00e9conomique<\/b><\/p>\n<p><span style=\"font-weight: 400;\">L\u2019un des moments forts a \u00e9t\u00e9 la rencontre avec <\/span><b>Dr. Damie Sinanan<\/b><span style=\"font-weight: 400;\">, <\/span><b>directeur ex\u00e9cutif de la Caribbean Export Development Agency et son \u00e9quipe<\/b><span style=\"font-weight: 400;\">, organisme r\u00e9gional qui soutient le d\u00e9veloppement du secteur priv\u00e9.<\/span><\/p>\t\t\t\t\t\t\t\t<\/div>\n\t\t\t\t<\/div>\n\t\t\t\t<div class=\"elementor-element elementor-element-2cfe4bd elementor-widget elementor-widget-text-editor\" data-id=\"2cfe4bd\" data-element_type=\"widget\" data-widget_type=\"text-editor.default\">\n\t\t\t\t<div class=\"elementor-widget-container\">\n\t\t\t\t\t\t\t\t\t<p><i><span style=\"font-weight: 400;\">\u00ab C\u2019est une avanc\u00e9e formidable. Caribbean Export est ax\u00e9e sur la mise en relation des entreprises de la r\u00e9gion pour g\u00e9n\u00e9rer des opportunit\u00e9s commerciales. L\u2019int\u00e9gration de la Martinique au <a href=\"https:\/\/www.lemonde.fr\/politique\/article\/2025\/02\/21\/en-quete-d-integration-regionale-la-martinique-adhere-a-la-communaute-caribeenne_6557607_823448.html\" target=\"_blank\" rel=\"noopener nofollow\">CARICOM<\/a> va ouvrir de nombreuses portes. \u00bb<\/span><\/i><span style=\"font-weight: 400;\"> \u2014 Dr. Dimi Sinanan<\/span><\/p>\t\t\t\t\t\t\t\t<\/div>\n\t\t\t\t<\/div>\n\t\t\t\t<div class=\"elementor-element elementor-element-93a0952 elementor-widget elementor-widget-text-editor\" data-id=\"93a0952\" data-element_type=\"widget\" data-widget_type=\"text-editor.default\">\n\t\t\t\t<div class=\"elementor-widget-container\">\n\t\t\t\t\t\t\t\t\t<p><span style=\"font-weight: 400;\">L\u2019agence se concentre sur trois axes prioritaires :<\/span><span style=\"font-weight: 400;\"><br \/><\/span><span style=\"font-weight: 400;\">\u2714 <\/span><b>La s\u00e9curit\u00e9 alimentaire et l\u2019optimisation des cha\u00eenes d\u2019approvisionnement<\/b><span style=\"font-weight: 400;\">,<\/span><span style=\"font-weight: 400;\"><br \/><\/span><span style=\"font-weight: 400;\">\u2714 <\/span><b>La transition vers une \u00e9conomie verte<\/b><span style=\"font-weight: 400;\">,<\/span><span style=\"font-weight: 400;\"><br \/><\/span><span style=\"font-weight: 400;\">\u2714 <\/span><b>La digitalisation des entreprises<\/b><span style=\"font-weight: 400;\">.<\/span><\/p>\t\t\t\t\t\t\t\t<\/div>\n\t\t\t\t<\/div>\n\t\t\t\t<section class=\"elementor-section elementor-inner-section elementor-element elementor-element-4ffac9e elementor-section-boxed elementor-section-height-default elementor-section-height-default\" data-id=\"4ffac9e\" data-element_type=\"section\">\n\t\t\t\t\t\t<div class=\"elementor-container elementor-column-gap-default\">\n\t\t\t\t\t<div class=\"elementor-column elementor-col-100 elementor-inner-column elementor-element elementor-element-901f1c8\" data-id=\"901f1c8\" data-element_type=\"column\">\n\t\t\t<div class=\"elementor-widget-wrap elementor-element-populated\">\n\t\t\t\t\t\t<div class=\"elementor-element elementor-element-3ba6f91 elementor-widget elementor-widget-image\" data-id=\"3ba6f91\" data-element_type=\"widget\" data-widget_type=\"image.default\">\n\t\t\t\t<div class=\"elementor-widget-container\">\n\t\t\t\t\t\t\t\t\t\t\t\t<figure class=\"wp-caption\">\n\t\t\t\t\t\t\t\t\t\t<img fetchpriority=\"high\" decoding=\"async\" width=\"800\" height=\"634\" src=\"https:\/\/richeskarayib.com\/wp-content\/uploads\/2025\/02\/7-1-1024x811.jpeg\" class=\"attachment-large size-large wp-image-45411\" alt=\"CARICOM\" srcset=\"https:\/\/richeskarayib.com\/wp-content\/uploads\/2025\/02\/7-1-1024x811.jpeg 1024w, https:\/\/richeskarayib.com\/wp-content\/uploads\/2025\/02\/7-1-300x238.jpeg 300w, https:\/\/richeskarayib.com\/wp-content\/uploads\/2025\/02\/7-1-768x608.jpeg 768w, https:\/\/richeskarayib.com\/wp-content\/uploads\/2025\/02\/7-1.jpeg 1280w\" sizes=\"(max-width: 800px) 100vw, 800px\" \/>\t\t\t\t\t\t\t\t\t\t\t<figcaption class=\"widget-image-caption wp-caption-text\">JoEllen Laryea - Dr. Damie Sinanan -Serge Letchimi \u2013 Wayne Elliott<\/figcaption>\n\t\t\t\t\t\t\t\t\t\t<\/figure>\n\t\t\t\t\t\t\t\t\t<\/div>\n\t\t\t\t<\/div>\n\t\t\t\t\t<\/div>\n\t\t<\/div>\n\t\t\t\t\t<\/div>\n\t\t<\/section>\n\t\t\t\t\t<\/div>\n\t\t<\/div>\n\t\t\t\t\t<\/div>\n\t\t<\/section>\n\t\t\t\t\t<\/div>\n\t\t<\/div>\n\t\t\t\t\t<\/div>\n\t\t<\/section>\n\t\t\t\t<section class=\"elementor-section elementor-top-section elementor-element elementor-element-81870ce elementor-section-boxed elementor-section-height-default elementor-section-height-default\" data-id=\"81870ce\" data-element_type=\"section\">\n\t\t\t\t\t\t<div class=\"elementor-container elementor-column-gap-default\">\n\t\t\t\t\t<div class=\"elementor-column elementor-col-100 elementor-top-column elementor-element elementor-element-b229cc7\" data-id=\"b229cc7\" data-element_type=\"column\">\n\t\t\t<div class=\"elementor-widget-wrap elementor-element-populated\">\n\t\t\t\t\t\t<div class=\"elementor-element elementor-element-e9c6d5b elementor-widget elementor-widget-heading\" data-id=\"e9c6d5b\" data-element_type=\"widget\" data-widget_type=\"heading.default\">\n\t\t\t\t<div class=\"elementor-widget-container\">\n\t\t\t\t\t<h2 class=\"elementor-heading-title elementor-size-default\">Le Caribbean Investment Forum : une opportunit\u00e9 pour les entreprises martiniquaises<\/h2>\t\t\t\t<\/div>\n\t\t\t\t<\/div>\n\t\t\t\t<div class=\"elementor-element elementor-element-a75e9bf elementor-widget elementor-widget-text-editor\" data-id=\"a75e9bf\" data-element_type=\"widget\" data-widget_type=\"text-editor.default\">\n\t\t\t\t<div class=\"elementor-widget-container\">\n\t\t\t\t\t\t\t\t\t<p><span style=\"font-weight: 400;\">Chaque ann\u00e9e, Caribbean Export organise le <\/span><b>Caribbean Investment Forum (CIF)<\/b><span style=\"font-weight: 400;\">, un rendez-vous incontournable o\u00f9 des investisseurs internationaux rencontrent des entreprises carib\u00e9ennes.<\/span><\/p>\t\t\t\t\t\t\t\t<\/div>\n\t\t\t\t<\/div>\n\t\t\t\t<div class=\"elementor-element elementor-element-cac2ab6 elementor-widget elementor-widget-text-editor\" data-id=\"cac2ab6\" data-element_type=\"widget\" data-widget_type=\"text-editor.default\">\n\t\t\t\t<div class=\"elementor-widget-container\">\n\t\t\t\t\t\t\t\t\t<p><i><span style=\"font-weight: 400;\">\u00ab Nous avons des investisseurs des \u00c9tats-Unis, d\u2019Europe, d\u2019Afrique et du Moyen-Orient. Notre mission est de connecter ces investisseurs avec les entreprises locales pour stimuler le d\u00e9veloppement \u00e9conomique r\u00e9gional. \u00bb<\/span><\/i><span style=\"font-weight: 400;\"> \u2014 Dr. Dimi Sinanan<\/span><\/p>\t\t\t\t\t\t\t\t<\/div>\n\t\t\t\t<\/div>\n\t\t\t\t<div class=\"elementor-element elementor-element-e616367 elementor-widget elementor-widget-text-editor\" data-id=\"e616367\" data-element_type=\"widget\" data-widget_type=\"text-editor.default\">\n\t\t\t\t<div class=\"elementor-widget-container\">\n\t\t\t\t\t\t\t\t\t<p><span style=\"font-weight: 400;\">Pour la premi\u00e8re fois, les <\/span><b>entreprises martiniquaises peuvent soumettre leurs projets pour y participer et acc\u00e9der \u00e0 des financements internationaux<\/b><span style=\"font-weight: 400;\">.\u00a0<\/span><\/p>\n<p><span style=\"font-weight: 400;\">Lien de l\u2019appel \u00e0 projet : <\/span><a href=\"https:\/\/carib-export.com\/opportunities\/call-for-projects-caribbean-investment-forum-2025-cif\/\" rel=\"nofollow noopener\" target=\"_blank\"><span style=\"font-weight: 400;\">https:\/\/carib-export.com\/opportunities\/call-for-projects-caribbean-investment-forum-2025-cif\/<\/span><\/a><\/p>\t\t\t\t\t\t\t\t<\/div>\n\t\t\t\t<\/div>\n\t\t\t\t\t<\/div>\n\t\t<\/div>\n\t\t\t\t\t<\/div>\n\t\t<\/section>\n\t\t\t\t<section class=\"elementor-section elementor-top-section elementor-element elementor-element-5fd8ee0 elementor-section-boxed elementor-section-height-default elementor-section-height-default\" data-id=\"5fd8ee0\" data-element_type=\"section\">\n\t\t\t\t\t\t<div class=\"elementor-container elementor-column-gap-default\">\n\t\t\t\t\t<div class=\"elementor-column elementor-col-100 elementor-top-column elementor-element elementor-element-b7316a2\" data-id=\"b7316a2\" data-element_type=\"column\">\n\t\t\t<div class=\"elementor-widget-wrap elementor-element-populated\">\n\t\t\t\t\t\t<div class=\"elementor-element elementor-element-96314ef elementor-widget elementor-widget-heading\" data-id=\"96314ef\" data-element_type=\"widget\" data-widget_type=\"heading.default\">\n\t\t\t\t<div class=\"elementor-widget-container\">\n\t\t\t\t\t<h2 class=\"elementor-heading-title elementor-size-default\">DigiLabels : un mod\u00e8le d\u2019entreprise locale tourn\u00e9e vers l\u2019export\n<\/h2>\t\t\t\t<\/div>\n\t\t\t\t<\/div>\n\t\t\t\t<section class=\"elementor-section elementor-inner-section elementor-element elementor-element-2331f9e elementor-section-boxed elementor-section-height-default elementor-section-height-default\" data-id=\"2331f9e\" data-element_type=\"section\">\n\t\t\t\t\t\t<div class=\"elementor-container elementor-column-gap-default\">\n\t\t\t\t\t<div class=\"elementor-column elementor-col-100 elementor-inner-column elementor-element elementor-element-90faa67\" data-id=\"90faa67\" data-element_type=\"column\">\n\t\t\t<div class=\"elementor-widget-wrap elementor-element-populated\">\n\t\t\t\t\t\t<div class=\"elementor-element elementor-element-3e515a0 elementor-widget elementor-widget-image\" data-id=\"3e515a0\" data-element_type=\"widget\" data-widget_type=\"image.default\">\n\t\t\t\t<div class=\"elementor-widget-container\">\n\t\t\t\t\t\t\t\t\t\t\t\t<figure class=\"wp-caption\">\n\t\t\t\t\t\t\t\t\t\t<img decoding=\"async\" width=\"800\" height=\"695\" src=\"https:\/\/richeskarayib.com\/wp-content\/uploads\/2025\/02\/5-1024x890.jpeg\" class=\"attachment-large size-large wp-image-45415\" alt=\"CARICOM\" srcset=\"https:\/\/richeskarayib.com\/wp-content\/uploads\/2025\/02\/5-1024x890.jpeg 1024w, https:\/\/richeskarayib.com\/wp-content\/uploads\/2025\/02\/5-300x261.jpeg 300w, https:\/\/richeskarayib.com\/wp-content\/uploads\/2025\/02\/5-768x668.jpeg 768w, https:\/\/richeskarayib.com\/wp-content\/uploads\/2025\/02\/5.jpeg 1280w\" sizes=\"(max-width: 800px) 100vw, 800px\" \/>\t\t\t\t\t\t\t\t\t\t\t<figcaption class=\"widget-image-caption wp-caption-text\">Edzii Edinboro et son \u00e9quipe<\/figcaption>\n\t\t\t\t\t\t\t\t\t\t<\/figure>\n\t\t\t\t\t\t\t\t\t<\/div>\n\t\t\t\t<\/div>\n\t\t\t\t\t<\/div>\n\t\t<\/div>\n\t\t\t\t\t<\/div>\n\t\t<\/section>\n\t\t\t\t<div class=\"elementor-element elementor-element-d5b8f9e elementor-widget elementor-widget-text-editor\" data-id=\"d5b8f9e\" data-element_type=\"widget\" data-widget_type=\"text-editor.default\">\n\t\t\t\t<div class=\"elementor-widget-container\">\n\t\t\t\t\t\t\t\t\t<p><span style=\"font-weight: 400;\">La visite de <\/span><b>DigiLabels Inc.<\/b><span style=\"font-weight: 400;\">, avec Edzii Edinboro, a permis de mieux comprendre le <\/span><b>fonctionnement d\u2019une entreprise locale exportatrice<\/b><span style=\"font-weight: 400;\"> op\u00e9rant avec succ\u00e8s dans la r\u00e9gion. Bas\u00e9e \u00e0 la Barbade, DigiLabels travaille d\u00e9j\u00e0 avec plusieurs <\/span><b>clients en Martinique<\/b><span style=\"font-weight: 400;\"> et exporte ses \u00e9tiquettes vers diff\u00e9rentes \u00eeles de la Cara\u00efbe.<\/span><\/p>\t\t\t\t\t\t\t\t<\/div>\n\t\t\t\t<\/div>\n\t\t\t\t<div class=\"elementor-element elementor-element-2f99fdb elementor-widget elementor-widget-text-editor\" data-id=\"2f99fdb\" data-element_type=\"widget\" data-widget_type=\"text-editor.default\">\n\t\t\t\t<div class=\"elementor-widget-container\">\n\t\t\t\t\t\t\t\t\t<p><i><span style=\"font-weight: 400;\">\u00ab DigiLabels est la seule entreprise de la Barbade \u00e0 proposer une combinaison d\u2019impression num\u00e9rique et flexographique hybride, garantissant une haute qualit\u00e9 et des d\u00e9lais de production rapides. \u00bb<\/span><\/i><span style=\"font-weight: 400;\"> \u2014 Edzii Edinboro.<\/span><\/p>\t\t\t\t\t\t\t\t<\/div>\n\t\t\t\t<\/div>\n\t\t\t\t<div class=\"elementor-element elementor-element-2f9db73 elementor-widget elementor-widget-text-editor\" data-id=\"2f9db73\" data-element_type=\"widget\" data-widget_type=\"text-editor.default\">\n\t\t\t\t<div class=\"elementor-widget-container\">\n\t\t\t\t\t\t\t\t\t<p><span style=\"font-weight: 400;\">Cette rencontre a mis en lumi\u00e8re <\/span><b>les d\u00e9fis et les bonnes pratiques des entreprises carib\u00e9ennes engag\u00e9es dans l\u2019exportation<\/b><span style=\"font-weight: 400;\">, offrant ainsi des enseignements pr\u00e9cieux pour le d\u00e9veloppement des entreprises martiniquaises souhaitant s\u2019ins\u00e9rer sur le march\u00e9 r\u00e9gional. DigiLabels illustre comment <\/span><b>une PME peut r\u00e9ussir \u00e0 l\u2019international en s\u2019appuyant sur des standards de qualit\u00e9 \u00e9lev\u00e9s et des strat\u00e9gies de mise en march\u00e9 adapt\u00e9es<\/b><span style=\"font-weight: 400;\">.<\/span><\/p>\t\t\t\t\t\t\t\t<\/div>\n\t\t\t\t<\/div>\n\t\t\t\t\t<\/div>\n\t\t<\/div>\n\t\t\t\t\t<\/div>\n\t\t<\/section>\n\t\t\t\t<section class=\"elementor-section elementor-top-section elementor-element elementor-element-3ccd579 elementor-section-boxed elementor-section-height-default elementor-section-height-default\" data-id=\"3ccd579\" data-element_type=\"section\">\n\t\t\t\t\t\t<div class=\"elementor-container elementor-column-gap-default\">\n\t\t\t\t\t<div class=\"elementor-column elementor-col-100 elementor-top-column elementor-element elementor-element-7710009\" data-id=\"7710009\" data-element_type=\"column\">\n\t\t\t<div class=\"elementor-widget-wrap elementor-element-populated\">\n\t\t\t\t\t\t<div class=\"elementor-element elementor-element-6d9ebef elementor-widget elementor-widget-heading\" data-id=\"6d9ebef\" data-element_type=\"widget\" data-widget_type=\"heading.default\">\n\t\t\t\t<div class=\"elementor-widget-container\">\n\t\t\t\t\t<h2 class=\"elementor-heading-title elementor-size-default\">La p\u00eache et l\u2019\u00e9conomie bleue : b\u00e2tir des ponts entre la Martinique et la Barbade\n<\/h2>\t\t\t\t<\/div>\n\t\t\t\t<\/div>\n\t\t\t\t<div class=\"elementor-element elementor-element-fe8cf3c elementor-widget elementor-widget-text-editor\" data-id=\"fe8cf3c\" data-element_type=\"widget\" data-widget_type=\"text-editor.default\">\n\t\t\t\t<div class=\"elementor-widget-container\">\n\t\t\t\t\t\t\t\t\t<p><span style=\"font-weight: 400;\">Lors de la visite \u00e0 la <\/span><b>Barbados Fisheries Division<\/b><span style=\"font-weight: 400;\">, <\/span><b>Dr. Shelly-Ann Cox<\/b><span style=\"font-weight: 400;\">, <\/span><b>Chief Fisheries Officer<\/b><span style=\"font-weight: 400;\">, et <\/span><b>Adrian Forde<\/b><span style=\"font-weight: 400;\">, <\/span><b>ministre de l\u2019Environnement et de l\u2019\u00c9conomie bleue de la Barbade<\/b><span style=\"font-weight: 400;\">, ont \u00e9chang\u00e9 avec Serge Letchimy sur les d\u00e9fis et opportunit\u00e9s du secteur.<\/span><\/p>\t\t\t\t\t\t\t\t<\/div>\n\t\t\t\t<\/div>\n\t\t\t\t<section class=\"elementor-section elementor-inner-section elementor-element elementor-element-ade561b elementor-section-boxed elementor-section-height-default elementor-section-height-default\" data-id=\"ade561b\" data-element_type=\"section\">\n\t\t\t\t\t\t<div class=\"elementor-container elementor-column-gap-default\">\n\t\t\t\t\t<div class=\"elementor-column elementor-col-100 elementor-inner-column elementor-element elementor-element-c6a34b5\" data-id=\"c6a34b5\" data-element_type=\"column\">\n\t\t\t<div class=\"elementor-widget-wrap elementor-element-populated\">\n\t\t\t\t\t\t<div class=\"elementor-element elementor-element-e59f56f elementor-widget elementor-widget-image\" data-id=\"e59f56f\" data-element_type=\"widget\" data-widget_type=\"image.default\">\n\t\t\t\t<div class=\"elementor-widget-container\">\n\t\t\t\t\t\t\t\t\t\t\t\t<figure class=\"wp-caption\">\n\t\t\t\t\t\t\t\t\t\t<img decoding=\"async\" width=\"800\" height=\"450\" src=\"https:\/\/richeskarayib.com\/wp-content\/uploads\/2025\/02\/3-1024x576.jpeg\" class=\"attachment-large size-large wp-image-45419\" alt=\"CARICOM\" srcset=\"https:\/\/richeskarayib.com\/wp-content\/uploads\/2025\/02\/3-1024x576.jpeg 1024w, https:\/\/richeskarayib.com\/wp-content\/uploads\/2025\/02\/3-300x169.jpeg 300w, https:\/\/richeskarayib.com\/wp-content\/uploads\/2025\/02\/3-768x432.jpeg 768w, https:\/\/richeskarayib.com\/wp-content\/uploads\/2025\/02\/3.jpeg 1280w\" sizes=\"(max-width: 800px) 100vw, 800px\" \/>\t\t\t\t\t\t\t\t\t\t\t<figcaption class=\"widget-image-caption wp-caption-text\">D\u00e9l\u00e9gation de Martinique, Adrian Forde (Ministre de l\u2019\u00e9conomie Bleue) , Shelly Ann Cox et les \u00e9quipes du Barbados Fishering Division<\/figcaption>\n\t\t\t\t\t\t\t\t\t\t<\/figure>\n\t\t\t\t\t\t\t\t\t<\/div>\n\t\t\t\t<\/div>\n\t\t\t\t\t<\/div>\n\t\t<\/div>\n\t\t\t\t\t<\/div>\n\t\t<\/section>\n\t\t\t\t<div class=\"elementor-element elementor-element-3f9982b elementor-widget elementor-widget-text-editor\" data-id=\"3f9982b\" data-element_type=\"widget\" data-widget_type=\"text-editor.default\">\n\t\t\t\t<div class=\"elementor-widget-container\">\n\t\t\t\t\t\t\t\t\t<p><span style=\"font-weight: 400;\">Les discussions ont port\u00e9 sur :<\/span><span style=\"font-weight: 400;\"><br \/><\/span><span style=\"font-weight: 400;\">\u2714 <\/span><b>Le renforcement des infrastructures portuaires et de transformation des produits de la mer<\/b><span style=\"font-weight: 400;\">,<\/span><span style=\"font-weight: 400;\"><br \/><\/span><span style=\"font-weight: 400;\">\u2714 <\/span><b>Le d\u00e9veloppement de l\u2019aquaculture et des nouvelles techniques de p\u00eache<\/b><span style=\"font-weight: 400;\">,<\/span><span style=\"font-weight: 400;\"><br \/><\/span><span style=\"font-weight: 400;\">\u2714 <\/span><b>La lutte contre les sargasses et la valorisation des d\u00e9chets marins<\/b><span style=\"font-weight: 400;\">.<\/span><\/p>\t\t\t\t\t\t\t\t<\/div>\n\t\t\t\t<\/div>\n\t\t\t\t<div class=\"elementor-element elementor-element-09a705d elementor-widget elementor-widget-text-editor\" data-id=\"09a705d\" data-element_type=\"widget\" data-widget_type=\"text-editor.default\">\n\t\t\t\t<div class=\"elementor-widget-container\">\n\t\t\t\t\t\t\t\t\t<p><i><span style=\"font-weight: 400;\">\u00ab Nous devons b\u00e2tir une collaboration qui repose sur l\u2019\u00e9change de connaissances scientifiques et technologiques. C\u2019est ainsi que nous pourrons assurer la p\u00e9rennit\u00e9 de nos industries et la s\u00e9curit\u00e9 alimentaire de la r\u00e9gion. \u00bb<\/span><\/i><span style=\"font-weight: 400;\"> \u2014 Adrian Forde<\/span><\/p>\n<p><span style=\"font-weight: 400;\">Un <\/span><b>M\u00e9morandum d\u2019Entente (MoU)<\/b><span style=\"font-weight: 400;\"> est en discussion pour structurer un <\/span><b>partenariat durable entre la Barbade et la Martinique<\/b><span style=\"font-weight: 400;\">, favorisant l\u2019\u00e9change de bonnes pratiques et le renforcement de la fili\u00e8re halieutique.<\/span><\/p>\t\t\t\t\t\t\t\t<\/div>\n\t\t\t\t<\/div>\n\t\t\t\t\t<\/div>\n\t\t<\/div>\n\t\t\t\t\t<\/div>\n\t\t<\/section>\n\t\t\t\t<section class=\"elementor-section elementor-top-section elementor-element elementor-element-fdb48d4 elementor-section-boxed elementor-section-height-default elementor-section-height-default\" data-id=\"fdb48d4\" data-element_type=\"section\">\n\t\t\t\t\t\t<div class=\"elementor-container elementor-column-gap-default\">\n\t\t\t\t\t<div class=\"elementor-column elementor-col-100 elementor-top-column elementor-element elementor-element-262484a\" data-id=\"262484a\" data-element_type=\"column\">\n\t\t\t<div class=\"elementor-widget-wrap elementor-element-populated\">\n\t\t\t\t\t\t<div class=\"elementor-element elementor-element-fd51d44 elementor-widget elementor-widget-heading\" data-id=\"fd51d44\" data-element_type=\"widget\" data-widget_type=\"heading.default\">\n\t\t\t\t<div class=\"elementor-widget-container\">\n\t\t\t\t\t<h2 class=\"elementor-heading-title elementor-size-default\">La transformation agroalimentaire : un mod\u00e8le \u00e0 suivre pour la Martinique<\/h2>\t\t\t\t<\/div>\n\t\t\t\t<\/div>\n\t\t\t\t<div class=\"elementor-element elementor-element-855dc7a elementor-widget elementor-widget-image\" data-id=\"855dc7a\" data-element_type=\"widget\" data-widget_type=\"image.default\">\n\t\t\t\t<div class=\"elementor-widget-container\">\n\t\t\t\t\t\t\t\t\t\t\t\t\t\t\t<img loading=\"lazy\" decoding=\"async\" width=\"800\" height=\"450\" src=\"https:\/\/richeskarayib.com\/wp-content\/uploads\/2025\/02\/WhatsApp-Image-2025-02-24-at-04.56.06-1024x576.jpeg\" class=\"attachment-large size-large wp-image-45423\" alt=\"CARICOM\" srcset=\"https:\/\/richeskarayib.com\/wp-content\/uploads\/2025\/02\/WhatsApp-Image-2025-02-24-at-04.56.06-1024x576.jpeg 1024w, https:\/\/richeskarayib.com\/wp-content\/uploads\/2025\/02\/WhatsApp-Image-2025-02-24-at-04.56.06-300x169.jpeg 300w, https:\/\/richeskarayib.com\/wp-content\/uploads\/2025\/02\/WhatsApp-Image-2025-02-24-at-04.56.06-768x432.jpeg 768w, https:\/\/richeskarayib.com\/wp-content\/uploads\/2025\/02\/WhatsApp-Image-2025-02-24-at-04.56.06.jpeg 1280w\" sizes=\"(max-width: 800px) 100vw, 800px\" \/>\t\t\t\t\t\t\t\t\t\t\t\t\t\t\t<\/div>\n\t\t\t\t<\/div>\n\t\t\t\t<div class=\"elementor-element elementor-element-ba2f1cc elementor-widget elementor-widget-text-editor\" data-id=\"ba2f1cc\" data-element_type=\"widget\" data-widget_type=\"text-editor.default\">\n\t\t\t\t<div class=\"elementor-widget-container\">\n\t\t\t\t\t\t\t\t\t<p><span style=\"font-weight: 400;\">\u00c0 l&#8217;International<\/span><b> Food Science Center<\/b><span style=\"font-weight: 400;\">, dirig\u00e9 par <\/span><b>Dr. Mark Hill<\/b><span style=\"font-weight: 400;\">, la d\u00e9l\u00e9gation a d\u00e9couvert un mod\u00e8le innovant de soutien aux producteurs locaux. Ce centre leur permet d\u2019acc\u00e9der \u00e0 :<\/span><span style=\"font-weight: 400;\"><br \/><\/span><span style=\"font-weight: 400;\">\u2714 <\/span><b>Des infrastructures de transformation modernes et certifi\u00e9es<\/b><span style=\"font-weight: 400;\">,<\/span><span style=\"font-weight: 400;\"><br \/><\/span><span style=\"font-weight: 400;\">\u2714 <\/span><b>Un accompagnement technique et r\u00e9glementaire pour favoriser l\u2019exportation<\/b><span style=\"font-weight: 400;\">,<\/span><span style=\"font-weight: 400;\"><br \/><\/span><span style=\"font-weight: 400;\">\u2714 <\/span><b>Une mise en r\u00e9seau avec des march\u00e9s internationaux<\/b><span style=\"font-weight: 400;\">.<\/span><\/p>\t\t\t\t\t\t\t\t<\/div>\n\t\t\t\t<\/div>\n\t\t\t\t<section class=\"elementor-section elementor-inner-section elementor-element elementor-element-943bb76 elementor-section-boxed elementor-section-height-default elementor-section-height-default\" data-id=\"943bb76\" data-element_type=\"section\">\n\t\t\t\t\t\t<div class=\"elementor-container elementor-column-gap-default\">\n\t\t\t\t\t<div class=\"elementor-column elementor-col-100 elementor-inner-column elementor-element elementor-element-5fce18d\" data-id=\"5fce18d\" data-element_type=\"column\">\n\t\t\t<div class=\"elementor-widget-wrap elementor-element-populated\">\n\t\t\t\t\t\t<div class=\"elementor-element elementor-element-429d230 elementor-widget elementor-widget-image\" data-id=\"429d230\" data-element_type=\"widget\" data-widget_type=\"image.default\">\n\t\t\t\t<div class=\"elementor-widget-container\">\n\t\t\t\t\t\t\t\t\t\t\t\t<figure class=\"wp-caption\">\n\t\t\t\t\t\t\t\t\t\t<img loading=\"lazy\" decoding=\"async\" width=\"800\" height=\"845\" src=\"https:\/\/richeskarayib.com\/wp-content\/uploads\/2025\/02\/8-1-970x1024.jpeg\" class=\"attachment-large size-large wp-image-45427\" alt=\"CARICOM\" srcset=\"https:\/\/richeskarayib.com\/wp-content\/uploads\/2025\/02\/8-1-970x1024.jpeg 970w, https:\/\/richeskarayib.com\/wp-content\/uploads\/2025\/02\/8-1-284x300.jpeg 284w, https:\/\/richeskarayib.com\/wp-content\/uploads\/2025\/02\/8-1-768x811.jpeg 768w, https:\/\/richeskarayib.com\/wp-content\/uploads\/2025\/02\/8-1.jpeg 1212w\" sizes=\"(max-width: 800px) 100vw, 800px\" \/>\t\t\t\t\t\t\t\t\t\t\t<figcaption class=\"widget-image-caption wp-caption-text\">Serge Letchimy et Mark Hill<\/figcaption>\n\t\t\t\t\t\t\t\t\t\t<\/figure>\n\t\t\t\t\t\t\t\t\t<\/div>\n\t\t\t\t<\/div>\n\t\t\t\t\t<\/div>\n\t\t<\/div>\n\t\t\t\t\t<\/div>\n\t\t<\/section>\n\t\t\t\t<div class=\"elementor-element elementor-element-e50e912 elementor-widget elementor-widget-text-editor\" data-id=\"e50e912\" data-element_type=\"widget\" data-widget_type=\"text-editor.default\">\n\t\t\t\t<div class=\"elementor-widget-container\">\n\t\t\t\t\t\t\t\t\t<p><span style=\"font-weight: 400;\">Serge Letchimy a soulign\u00e9 l\u2019importance d\u2019adopter un mod\u00e8le similaire en Martinique :<\/span><\/p>\n<p><span style=\"font-weight: 400;\">\u00ab On d\u00e9tache l&#8217;action de la production de l&#8217;action de la commercialisation, c&#8217;est tr\u00e8s important, \u00e7a permet \u00e0 l&#8217;agriculteur de se concentrer sur la production, assurer la r\u00e9gularit\u00e9, la qualit\u00e9 de sa production. \u00bb \u2014 Serge Letchimy<\/span><span style=\"font-weight: 400;\">\u00a0<\/span><\/p>\t\t\t\t\t\t\t\t<\/div>\n\t\t\t\t<\/div>\n\t\t\t\t<section class=\"elementor-section elementor-inner-section elementor-element elementor-element-66733b5 elementor-section-boxed elementor-section-height-default elementor-section-height-default\" data-id=\"66733b5\" data-element_type=\"section\">\n\t\t\t\t\t\t<div class=\"elementor-container elementor-column-gap-default\">\n\t\t\t\t\t<div class=\"elementor-column elementor-col-100 elementor-inner-column elementor-element elementor-element-ea4df54\" data-id=\"ea4df54\" data-element_type=\"column\">\n\t\t\t<div class=\"elementor-widget-wrap elementor-element-populated\">\n\t\t\t\t\t\t<div class=\"elementor-element elementor-element-036d2f8 elementor-widget elementor-widget-image\" data-id=\"036d2f8\" data-element_type=\"widget\" data-widget_type=\"image.default\">\n\t\t\t\t<div class=\"elementor-widget-container\">\n\t\t\t\t\t\t\t\t\t\t\t\t<figure class=\"wp-caption\">\n\t\t\t\t\t\t\t\t\t\t<img loading=\"lazy\" decoding=\"async\" width=\"800\" height=\"450\" src=\"https:\/\/richeskarayib.com\/wp-content\/uploads\/2025\/02\/4-1-1024x576.jpeg\" class=\"attachment-large size-large wp-image-45431\" alt=\"CARICOM\" srcset=\"https:\/\/richeskarayib.com\/wp-content\/uploads\/2025\/02\/4-1-1024x576.jpeg 1024w, https:\/\/richeskarayib.com\/wp-content\/uploads\/2025\/02\/4-1-300x169.jpeg 300w, https:\/\/richeskarayib.com\/wp-content\/uploads\/2025\/02\/4-1-768x432.jpeg 768w, https:\/\/richeskarayib.com\/wp-content\/uploads\/2025\/02\/4-1.jpeg 1280w\" sizes=\"(max-width: 800px) 100vw, 800px\" \/>\t\t\t\t\t\t\t\t\t\t\t<figcaption class=\"widget-image-caption wp-caption-text\">Negus SELLY pr\u00e9sente une gamme de produit<\/figcaption>\n\t\t\t\t\t\t\t\t\t\t<\/figure>\n\t\t\t\t\t\t\t\t\t<\/div>\n\t\t\t\t<\/div>\n\t\t\t\t\t<\/div>\n\t\t<\/div>\n\t\t\t\t\t<\/div>\n\t\t<\/section>\n\t\t\t\t\t<\/div>\n\t\t<\/div>\n\t\t\t\t\t<\/div>\n\t\t<\/section>\n\t\t\t\t<section class=\"elementor-section elementor-top-section elementor-element elementor-element-0b7f19f elementor-section-boxed elementor-section-height-default elementor-section-height-default\" data-id=\"0b7f19f\" data-element_type=\"section\">\n\t\t\t\t\t\t<div class=\"elementor-container elementor-column-gap-default\">\n\t\t\t\t\t<div class=\"elementor-column elementor-col-100 elementor-top-column elementor-element elementor-element-e1c6c9b\" data-id=\"e1c6c9b\" data-element_type=\"column\">\n\t\t\t<div class=\"elementor-widget-wrap elementor-element-populated\">\n\t\t\t\t\t\t<div class=\"elementor-element elementor-element-152c9ff elementor-widget elementor-widget-heading\" data-id=\"152c9ff\" data-element_type=\"widget\" data-widget_type=\"heading.default\">\n\t\t\t\t<div class=\"elementor-widget-container\">\n\t\t\t\t\t<h2 class=\"elementor-heading-title elementor-size-default\">Un dispositif pour inciter les entreprises martiniquaises : l'aide au fret B\u00f2Kay<\/h2>\t\t\t\t<\/div>\n\t\t\t\t<\/div>\n\t\t\t\t<div class=\"elementor-element elementor-element-5264954 elementor-widget elementor-widget-text-editor\" data-id=\"5264954\" data-element_type=\"widget\" data-widget_type=\"text-editor.default\">\n\t\t\t\t<div class=\"elementor-widget-container\">\n\t\t\t\t\t\t\t\t\t<p><span style=\"font-weight: 400;\">Lors de sa visite en <a href=\"https:\/\/richeskarayib.com\/fr\/reparations-now-l-art-porte-le-changement-rk\/\" target=\"_blank\" rel=\"noopener\">Barbade<\/a>, Serge Letchimy a mis en avant le dispositif \u00ab Fret B\u00f2Kay \u00bb, con\u00e7u pour soutenir concr\u00e8tement les entreprises martiniquaises dans leurs \u00e9changes commerciaux avec la <a href=\"https:\/\/richeskarayib.com\/fr\/routes-americas-2025-tourisme-aerien-caraibe\/\" target=\"_blank\" rel=\"noopener\">Cara\u00efbe<\/a> et les Am\u00e9riques. Selon le pr\u00e9sident du Conseil ex\u00e9cutif, il s&#8217;agit de \u00ab compenser les surco\u00fbts de transports additionnels entre la Martinique et les pays tiers de la Cara\u00efbe \u00bb.<\/span><\/p>\t\t\t\t\t\t\t\t<\/div>\n\t\t\t\t<\/div>\n\t\t\t\t\t<\/div>\n\t\t<\/div>\n\t\t\t\t\t<\/div>\n\t\t<\/section>\n\t\t\t\t<section class=\"elementor-section elementor-top-section elementor-element elementor-element-f59bed6 elementor-section-boxed elementor-section-height-default elementor-section-height-default\" data-id=\"f59bed6\" data-element_type=\"section\">\n\t\t\t\t\t\t<div class=\"elementor-container elementor-column-gap-default\">\n\t\t\t\t\t<div class=\"elementor-column elementor-col-100 elementor-top-column elementor-element elementor-element-13fc8de\" data-id=\"13fc8de\" data-element_type=\"column\">\n\t\t\t<div class=\"elementor-widget-wrap elementor-element-populated\">\n\t\t\t\t\t\t<div class=\"elementor-element elementor-element-d88da47 elementor-widget elementor-widget-heading\" data-id=\"d88da47\" data-element_type=\"widget\" data-widget_type=\"heading.default\">\n\t\t\t\t<div class=\"elementor-widget-container\">\n\t\t\t\t\t<h2 class=\"elementor-heading-title elementor-size-default\">Une Cara\u00efbe unie par ses talents, ses savoir-faire et ses \u00e9changes<\/h2>\t\t\t\t<\/div>\n\t\t\t\t<\/div>\n\t\t\t\t<div class=\"elementor-element elementor-element-faebe26 elementor-widget elementor-widget-text-editor\" data-id=\"faebe26\" data-element_type=\"widget\" data-widget_type=\"text-editor.default\">\n\t\t\t\t<div class=\"elementor-widget-container\">\n\t\t\t\t\t\t\t\t\t<p><span style=\"font-weight: 400;\">Ces rencontres entre la Martinique et la Barbade ouvrent une voie prometteuse vers un mod\u00e8le r\u00e9gional o\u00f9 la coop\u00e9ration \u00e9conomique se construit d&#8217;abord par la d\u00e9couverte de l&#8217;autre, l&#8217;\u00e9change de connaissances et la valorisation des r\u00e9alit\u00e9s locales. <\/span><\/p>\t\t\t\t\t\t\t\t<\/div>\n\t\t\t\t<\/div>\n\t\t\t\t\t<\/div>\n\t\t<\/div>\n\t\t\t\t\t<\/div>\n\t\t<\/section>\n\t\t\t\t<section class=\"elementor-section elementor-top-section elementor-element elementor-element-d395ede elementor-section-boxed elementor-section-height-default elementor-section-height-default\" data-id=\"d395ede\" data-element_type=\"section\">\n\t\t\t\t\t\t<div class=\"elementor-container elementor-column-gap-default\">\n\t\t\t\t\t<div class=\"elementor-column elementor-col-100 elementor-top-column elementor-element elementor-element-3d9316a\" data-id=\"3d9316a\" data-element_type=\"column\">\n\t\t\t<div class=\"elementor-widget-wrap elementor-element-populated\">\n\t\t\t\t\t\t<div class=\"elementor-element elementor-element-0a12054 elementor-widget elementor-widget-text-editor\" data-id=\"0a12054\" data-element_type=\"widget\" data-widget_type=\"text-editor.default\">\n\t\t\t\t<div class=\"elementor-widget-container\">\n\t\t\t\t\t\t\t\t\t<p><span style=\"font-weight: 400;\">En approfondissant ces liens authentiques et humains, c&#8217;est toute la r\u00e9gion carib\u00e9enne qui peut avancer vers une \u00e9conomie plus forte, durable et prosp\u00e8re, en mettant au premier plan ce qu&#8217;elle a de plus pr\u00e9cieux : ses talents, ses savoir-faire et son identit\u00e9 commune.<\/span><\/p>\t\t\t\t\t\t\t\t<\/div>\n\t\t\t\t<\/div>\n\t\t\t\t<section class=\"elementor-section elementor-inner-section elementor-element elementor-element-08245da elementor-section-boxed elementor-section-height-default elementor-section-height-default\" data-id=\"08245da\" data-element_type=\"section\">\n\t\t\t\t\t\t<div class=\"elementor-container elementor-column-gap-default\">\n\t\t\t\t\t<div class=\"elementor-column elementor-col-100 elementor-inner-column elementor-element elementor-element-ac5fd74\" data-id=\"ac5fd74\" data-element_type=\"column\">\n\t\t\t<div class=\"elementor-widget-wrap elementor-element-populated\">\n\t\t\t\t\t\t<div class=\"elementor-element elementor-element-15db887 elementor-widget elementor-widget-image\" data-id=\"15db887\" data-element_type=\"widget\" data-widget_type=\"image.default\">\n\t\t\t\t<div class=\"elementor-widget-container\">\n\t\t\t\t\t\t\t\t\t\t\t\t\t\t\t<img loading=\"lazy\" decoding=\"async\" width=\"800\" height=\"353\" src=\"https:\/\/richeskarayib.com\/wp-content\/uploads\/2025\/02\/6-1-1024x452.jpeg\" class=\"attachment-large size-large wp-image-45407\" alt=\"CARICOM\" srcset=\"https:\/\/richeskarayib.com\/wp-content\/uploads\/2025\/02\/6-1-1024x452.jpeg 1024w, https:\/\/richeskarayib.com\/wp-content\/uploads\/2025\/02\/6-1-300x132.jpeg 300w, https:\/\/richeskarayib.com\/wp-content\/uploads\/2025\/02\/6-1-768x339.jpeg 768w, https:\/\/richeskarayib.com\/wp-content\/uploads\/2025\/02\/6-1.jpeg 1280w\" sizes=\"(max-width: 800px) 100vw, 800px\" \/>\t\t\t\t\t\t\t\t\t\t\t\t\t\t\t<\/div>\n\t\t\t\t<\/div>\n\t\t\t\t\t<\/div>\n\t\t<\/div>\n\t\t\t\t\t<\/div>\n\t\t<\/section>\n\t\t\t\t\t<\/div>\n\t\t<\/div>\n\t\t\t\t\t<\/div>\n\t\t<\/section>\n\t\t\t\t<\/div>\n\t\t","protected":false},"excerpt":{"rendered":"<p>Retour sur les visites officielles de Serge Letchimy \u00e0 la Barbade CARICOM : l&#8217;adh\u00e9sion historique de la Martinique au CARICOM ouvre une voie privil\u00e9gi\u00e9e pour renforcer les \u00e9changes humains, culturels et \u00e9conomiques entre l&#8217;\u00eele et ses voisins carib\u00e9ens. Au-del\u00e0 des enjeux commerciaux, c&#8217;est une invitation \u00e0 d\u00e9couvrir les r\u00e9alit\u00e9s, les talents, les savoir-faire et les [&hellip;]<\/p>\n","protected":false},"author":662,"featured_media":45767,"comment_status":"open","ping_status":"open","sticky":false,"template":"","format":"standard","meta":{"_acf_changed":false,"footnotes":""},"categories":[840],"tags":[1598,808],"class_list":["post-45406","post","type-post","status-publish","format-standard","has-post-thumbnail","hentry","category-actus","tag-barbade-fr","tag-martinique-fr"],"acf":[],"_links":{"self":[{"href":"https:\/\/richeskarayib.com\/fr\/wp-json\/wp\/v2\/posts\/45406","targetHints":{"allow":["GET"]}}],"collection":[{"href":"https:\/\/richeskarayib.com\/fr\/wp-json\/wp\/v2\/posts"}],"about":[{"href":"https:\/\/richeskarayib.com\/fr\/wp-json\/wp\/v2\/types\/post"}],"author":[{"embeddable":true,"href":"https:\/\/richeskarayib.com\/fr\/wp-json\/wp\/v2\/users\/662"}],"replies":[{"embeddable":true,"href":"https:\/\/richeskarayib.com\/fr\/wp-json\/wp\/v2\/comments?post=45406"}],"version-history":[{"count":0,"href":"https:\/\/richeskarayib.com\/fr\/wp-json\/wp\/v2\/posts\/45406\/revisions"}],"wp:featuredmedia":[{"embeddable":true,"href":"https:\/\/richeskarayib.com\/fr\/wp-json\/wp\/v2\/media\/45767"}],"wp:attachment":[{"href":"https:\/\/richeskarayib.com\/fr\/wp-json\/wp\/v2\/media?parent=45406"}],"wp:term":[{"taxonomy":"category","embeddable":true,"href":"https:\/\/richeskarayib.com\/fr\/wp-json\/wp\/v2\/categories?post=45406"},{"taxonomy":"post_tag","embeddable":true,"href":"https:\/\/richeskarayib.com\/fr\/wp-json\/wp\/v2\/tags?post=45406"}],"curies":[{"name":"wp","href":"https:\/\/api.w.org\/{rel}","templated":true}]}}