{"id":45491,"date":"2025-02-26T08:00:18","date_gmt":"2025-02-26T12:00:18","guid":{"rendered":"https:\/\/richeskarayib.com\/?p=45491"},"modified":"2025-02-26T11:05:36","modified_gmt":"2025-02-26T15:05:36","slug":"le-carnaval-de-martinique-par-marie-lyne-post","status":"publish","type":"post","link":"https:\/\/richeskarayib.com\/fr\/le-carnaval-de-martinique-par-marie-lyne-post\/","title":{"rendered":"Le carnaval de Martinique par MARIE-LYNE PSYCHE-SALPETRIER"},"content":{"rendered":"\t\t<div data-elementor-type=\"wp-post\" data-elementor-id=\"45491\" class=\"elementor elementor-45491\" data-elementor-post-type=\"post\">\n\t\t\t\t\t\t<section class=\"elementor-section elementor-top-section elementor-element elementor-element-28399df elementor-section-boxed elementor-section-height-default elementor-section-height-default\" data-id=\"28399df\" data-element_type=\"section\">\n\t\t\t\t\t\t<div class=\"elementor-container elementor-column-gap-default\">\n\t\t\t\t\t<div class=\"elementor-column elementor-col-100 elementor-top-column elementor-element elementor-element-6460ea6\" data-id=\"6460ea6\" data-element_type=\"column\">\n\t\t\t<div class=\"elementor-widget-wrap elementor-element-populated\">\n\t\t\t\t\t\t<div class=\"elementor-element elementor-element-db84ae5 elementor-widget elementor-widget-text-editor\" data-id=\"db84ae5\" data-element_type=\"widget\" data-widget_type=\"text-editor.default\">\n\t\t\t\t<div class=\"elementor-widget-container\">\n\t\t\t\t\t\t\t\t\t<p><span style=\"font-weight: 400;\"><a href=\"https:\/\/asis-wi.com\/association\/le-carnaval-de-martinique-par-marie-lyne-psyche-salpetrier\/\" target=\"_blank\" rel=\"noopener nofollow\">Le carnaval de Martinique<\/a> : entre la <\/span><b>martiniquaise MARIE-LYNE PSYCHE-SALPETRIER<\/b><span style=\"font-weight: 400;\">\u00a0et le carnaval de Martinique, il y a une vraie histoire d\u2019amour qui s\u2019est transmise de g\u00e9n\u00e9ration en g\u00e9n\u00e9ration.<\/span><\/p><p><span style=\"font-weight: 400;\">Pr\u00e9sidente de l\u2019Association Recherches &amp; Traditions (A.R.T.) qui m\u00e8ne un travail de recherche historique sur le Carnaval, son origine et celle des personnages embl\u00e9matiques.<\/span><\/p><p data-pm-slice=\"1 1 []\"><span style=\"font-weight: 400;\">Professeure des \u00e9coles, conseill\u00e8re p\u00e9dagogique acad\u00e9mique en Arts Plastiques, formatrice des enseignants, MARIE-LYNE PSYCHE-SALPETRIER<\/span><b>\u00a0partage avec nous sa passion et ses connaissances sur le Carnaval.<\/b><\/p>\t\t\t\t\t\t\t\t<\/div>\n\t\t\t\t<\/div>\n\t\t\t\t\t<\/div>\n\t\t<\/div>\n\t\t\t\t\t<\/div>\n\t\t<\/section>\n\t\t\t\t<section class=\"elementor-section elementor-top-section elementor-element elementor-element-1c00be6 elementor-section-boxed elementor-section-height-default elementor-section-height-default\" data-id=\"1c00be6\" data-element_type=\"section\">\n\t\t\t\t\t\t<div class=\"elementor-container elementor-column-gap-default\">\n\t\t\t\t\t<div class=\"elementor-column elementor-col-100 elementor-top-column elementor-element elementor-element-3792169\" data-id=\"3792169\" data-element_type=\"column\">\n\t\t\t<div class=\"elementor-widget-wrap elementor-element-populated\">\n\t\t\t\t\t\t<div class=\"elementor-element elementor-element-cc2833c elementor-widget elementor-widget-heading\" data-id=\"cc2833c\" data-element_type=\"widget\" data-widget_type=\"heading.default\">\n\t\t\t\t<div class=\"elementor-widget-container\">\n\t\t\t\t\t<h2 class=\"elementor-heading-title elementor-size-default\">QUELQUES MOTS SUR L\u2019ASSOCIATION RECHERCHES &amp; TRADITIONS\n<\/h2>\t\t\t\t<\/div>\n\t\t\t\t<\/div>\n\t\t\t\t<section class=\"elementor-section elementor-inner-section elementor-element elementor-element-fe7db12 elementor-section-boxed elementor-section-height-default elementor-section-height-default\" data-id=\"fe7db12\" data-element_type=\"section\">\n\t\t\t\t\t\t<div class=\"elementor-container elementor-column-gap-default\">\n\t\t\t\t\t<div class=\"elementor-column elementor-col-50 elementor-inner-column elementor-element elementor-element-5301310\" data-id=\"5301310\" data-element_type=\"column\">\n\t\t\t<div class=\"elementor-widget-wrap elementor-element-populated\">\n\t\t\t\t\t\t<div class=\"elementor-element elementor-element-3dd61a5 elementor-widget elementor-widget-text-editor\" data-id=\"3dd61a5\" data-element_type=\"widget\" data-widget_type=\"text-editor.default\">\n\t\t\t\t<div class=\"elementor-widget-container\">\n\t\t\t\t\t\t\t\t\t<p><span style=\"font-weight: 400;\">L\u2019association a \u00e9t\u00e9 fond\u00e9e par George Louis-r\u00e9gis Psych\u00e9, la m\u00e8re de MARIE-LYNE PSYCHE-SALPETRIER.<\/span><\/p><h3><b>Leur mission<\/b><\/h3><p><span style=\"font-weight: 400;\">Rechercher et promouvoir la tradition populaire martiniquaise.<\/span><\/p><p><span style=\"font-weight: 400;\">Valoriser la culture et les traditions martiniquaises \u00e0 travers le carnaval.<\/span><\/p><h3><b>Leur objectif<\/b><\/h3><p><span style=\"font-weight: 400;\">La sauvegarde du patrimoine martiniquais.<\/span><\/p>\t\t\t\t\t\t\t\t<\/div>\n\t\t\t\t<\/div>\n\t\t\t\t\t<\/div>\n\t\t<\/div>\n\t\t\t\t<div class=\"elementor-column elementor-col-50 elementor-inner-column elementor-element elementor-element-4d3771b\" data-id=\"4d3771b\" data-element_type=\"column\">\n\t\t\t<div class=\"elementor-widget-wrap elementor-element-populated\">\n\t\t\t\t\t\t<div class=\"elementor-element elementor-element-20e0ae4 elementor-widget elementor-widget-image\" data-id=\"20e0ae4\" data-element_type=\"widget\" data-widget_type=\"image.default\">\n\t\t\t\t<div class=\"elementor-widget-container\">\n\t\t\t\t\t\t\t\t\t\t\t\t\t\t\t<img fetchpriority=\"high\" decoding=\"async\" width=\"800\" height=\"800\" src=\"https:\/\/richeskarayib.com\/wp-content\/uploads\/2025\/02\/20-1024x1024.png\" class=\"attachment-large size-large wp-image-45506\" alt=\"carnaval de Martinique\" srcset=\"https:\/\/richeskarayib.com\/wp-content\/uploads\/2025\/02\/20-1024x1024.png 1024w, https:\/\/richeskarayib.com\/wp-content\/uploads\/2025\/02\/20-300x300.png 300w, https:\/\/richeskarayib.com\/wp-content\/uploads\/2025\/02\/20-150x150.png 150w, https:\/\/richeskarayib.com\/wp-content\/uploads\/2025\/02\/20-768x768.png 768w, https:\/\/richeskarayib.com\/wp-content\/uploads\/2025\/02\/20.png 1080w\" sizes=\"(max-width: 800px) 100vw, 800px\" \/>\t\t\t\t\t\t\t\t\t\t\t\t\t\t\t<\/div>\n\t\t\t\t<\/div>\n\t\t\t\t\t<\/div>\n\t\t<\/div>\n\t\t\t\t\t<\/div>\n\t\t<\/section>\n\t\t\t\t\t<\/div>\n\t\t<\/div>\n\t\t\t\t\t<\/div>\n\t\t<\/section>\n\t\t\t\t<section class=\"elementor-section elementor-top-section elementor-element elementor-element-3187633 elementor-section-boxed elementor-section-height-default elementor-section-height-default\" data-id=\"3187633\" data-element_type=\"section\">\n\t\t\t\t\t\t<div class=\"elementor-container elementor-column-gap-default\">\n\t\t\t\t\t<div class=\"elementor-column elementor-col-100 elementor-top-column elementor-element elementor-element-c032e63\" data-id=\"c032e63\" data-element_type=\"column\">\n\t\t\t<div class=\"elementor-widget-wrap elementor-element-populated\">\n\t\t\t\t\t\t<div class=\"elementor-element elementor-element-9d5dacd elementor-widget elementor-widget-heading\" data-id=\"9d5dacd\" data-element_type=\"widget\" data-widget_type=\"heading.default\">\n\t\t\t\t<div class=\"elementor-widget-container\">\n\t\t\t\t\t<h2 class=\"elementor-heading-title elementor-size-default\">Le carnaval de Martinique, NOTRE HISTOIRE<\/h2>\t\t\t\t<\/div>\n\t\t\t\t<\/div>\n\t\t\t\t<section class=\"elementor-section elementor-inner-section elementor-element elementor-element-3a9ca9e elementor-section-boxed elementor-section-height-default elementor-section-height-default\" data-id=\"3a9ca9e\" data-element_type=\"section\">\n\t\t\t\t\t\t<div class=\"elementor-container elementor-column-gap-default\">\n\t\t\t\t\t<div class=\"elementor-column elementor-col-100 elementor-inner-column elementor-element elementor-element-210cb6a\" data-id=\"210cb6a\" data-element_type=\"column\">\n\t\t\t<div class=\"elementor-widget-wrap elementor-element-populated\">\n\t\t\t\t\t\t<div class=\"elementor-element elementor-element-bcf478d elementor-widget elementor-widget-text-editor\" data-id=\"bcf478d\" data-element_type=\"widget\" data-widget_type=\"text-editor.default\">\n\t\t\t\t<div class=\"elementor-widget-container\">\n\t\t\t\t\t\t\t\t\t<p><a href=\"https:\/\/asis-wi.com\/association\/le-carnaval-de-martinique-par-marie-lyne-psyche-salpetrier\/\" rel=\"nofollow noopener\" target=\"_blank\"><span style=\"font-weight: 400;\">\u00ab Notre Carnaval nous raconte notre histoire \u00bb, nous disait Aim\u00e9 C\u00e9saire, chantre de la N\u00e9gritude.<\/span><\/a><\/p><p><span style=\"font-weight: 400;\">Le <a href=\"https:\/\/travelart.fr\/toutes-les-dates-et-lieux-du-carnaval-de-martinique\/\" target=\"_blank\" rel=\"noopener nofollow\">Carnaval de Martinique<\/a> et des Cara\u00efbes puise son ancrage dans notre histoire. Il est \u00e0 l\u2019image de notre peuple, r\u00e9sultat d\u2019un m\u00e9tissage complexe et vari\u00e9.<\/span><\/p><p><b>Un carnaval polysyncr\u00e9tique tout comme nous le sommes.<\/b><\/p><p><span style=\"font-weight: 400;\">M\u00eame si son origine nous vient de l\u2019occupation de la Martinique par le gouverneur Duparquet d\u00e9but XVII\u00e8me si\u00e8cle, avec les bals masqu\u00e9s de Marie Duparquet qu\u2019elle a ramen\u00e9s de la cour de France.<\/span><\/p><p><span style=\"font-weight: 400;\">Apr\u00e8s leur d\u00e9portation, les Africains mis en esclavage ont pu c\u00f4toyer de pr\u00e8s (en tant que domestiques) et de loin ces bals d\u00e9guis\u00e9s.<\/span><\/p>\t\t\t\t\t\t\t\t<\/div>\n\t\t\t\t<\/div>\n\t\t\t\t<div class=\"elementor-element elementor-element-02cfe7e elementor-widget elementor-widget-text-editor\" data-id=\"02cfe7e\" data-element_type=\"widget\" data-widget_type=\"text-editor.default\">\n\t\t\t\t<div class=\"elementor-widget-container\">\n\t\t\t\t\t\t\t\t\t<p><strong>Le <a href=\"https:\/\/www.martinique.org\/fr\/tout-savoir\/culture\/carnaval\" target=\"_blank\" rel=\"noopener nofollow\">Carnaval de Martinique<\/a> pouvait alors devenir un lieu d\u2019expression masqu\u00e9e pour les croyances et rituels interdits.<\/strong><\/p><p><span style=\"font-weight: 400;\">Ceux-l\u00e0-m\u00eames y \u00e9taient dissimul\u00e9s afin de se r\u00e9approprier ces divinit\u00e9s, spiritualit\u00e9s, savoir-faire, langages, musiques, danses et masques de rituels. Par le biais du Carnaval, ils nous ont l\u00e9gu\u00e9 une partie de notre h\u00e9ritage ancestral Africain.<\/span><\/p><p><strong>C\u2019est la voie du d\u00e9tour, car aux yeux des colons, il s\u2019agissait d\u2019une simple mascarade, de personnes qui semblaient seulement s\u2019amuser en chantant et en dansant.<\/strong><\/p><p><span style=\"font-weight: 400;\">Rite de passage, puissance des couleurs (rouge et noir, blanc, jaune), codification des jours Gras, puissance et symbolique des Mas ont donn\u00e9 fin XVIII\u00e8me si\u00e8cle les <\/span><i><span style=\"font-weight: 400;\">Djab Wouj<\/span><\/i><span style=\"font-weight: 400;\"> et autres <\/span><i><span style=\"font-weight: 400;\">Mary\u00e0n Lapofig<\/span><\/i><span style=\"font-weight: 400;\"> qui sont directement ancr\u00e9s dans ces rituels ancestraux et portent toute cette charge sacr\u00e9e \u00e0 travers les masques et ce qu\u2019ils repr\u00e9sentent.<\/span><\/p>\t\t\t\t\t\t\t\t<\/div>\n\t\t\t\t<\/div>\n\t\t\t\t<section class=\"elementor-section elementor-inner-section elementor-element elementor-element-57283b3 elementor-section-boxed elementor-section-height-default elementor-section-height-default\" data-id=\"57283b3\" data-element_type=\"section\">\n\t\t\t\t\t\t<div class=\"elementor-container elementor-column-gap-default\">\n\t\t\t\t\t<div class=\"elementor-column elementor-col-50 elementor-inner-column elementor-element elementor-element-6295e90\" data-id=\"6295e90\" data-element_type=\"column\">\n\t\t\t<div class=\"elementor-widget-wrap elementor-element-populated\">\n\t\t\t\t\t\t<div class=\"elementor-element elementor-element-2165aab elementor-widget elementor-widget-image\" data-id=\"2165aab\" data-element_type=\"widget\" data-widget_type=\"image.default\">\n\t\t\t\t<div class=\"elementor-widget-container\">\n\t\t\t\t\t\t\t\t\t\t\t\t\t\t\t<img decoding=\"async\" width=\"800\" height=\"800\" src=\"https:\/\/richeskarayib.com\/wp-content\/uploads\/2025\/02\/11-1024x1024.png\" class=\"attachment-large size-large wp-image-45510\" alt=\"carnaval de Martinique\" srcset=\"https:\/\/richeskarayib.com\/wp-content\/uploads\/2025\/02\/11-1024x1024.png 1024w, https:\/\/richeskarayib.com\/wp-content\/uploads\/2025\/02\/11-300x300.png 300w, https:\/\/richeskarayib.com\/wp-content\/uploads\/2025\/02\/11-150x150.png 150w, https:\/\/richeskarayib.com\/wp-content\/uploads\/2025\/02\/11-768x768.png 768w, https:\/\/richeskarayib.com\/wp-content\/uploads\/2025\/02\/11.png 1080w\" sizes=\"(max-width: 800px) 100vw, 800px\" \/>\t\t\t\t\t\t\t\t\t\t\t\t\t\t\t<\/div>\n\t\t\t\t<\/div>\n\t\t\t\t\t<\/div>\n\t\t<\/div>\n\t\t\t\t<div class=\"elementor-column elementor-col-50 elementor-inner-column elementor-element elementor-element-8dcdf8e\" data-id=\"8dcdf8e\" data-element_type=\"column\">\n\t\t\t<div class=\"elementor-widget-wrap elementor-element-populated\">\n\t\t\t\t\t\t<div class=\"elementor-element elementor-element-0efbe2b elementor-widget elementor-widget-image\" data-id=\"0efbe2b\" data-element_type=\"widget\" data-widget_type=\"image.default\">\n\t\t\t\t<div class=\"elementor-widget-container\">\n\t\t\t\t\t\t\t\t\t\t\t\t\t\t\t<img decoding=\"async\" width=\"800\" height=\"800\" src=\"https:\/\/richeskarayib.com\/wp-content\/uploads\/2025\/02\/12-1024x1024.png\" class=\"attachment-large size-large wp-image-45514\" alt=\"carnaval de Martinique\" srcset=\"https:\/\/richeskarayib.com\/wp-content\/uploads\/2025\/02\/12-1024x1024.png 1024w, https:\/\/richeskarayib.com\/wp-content\/uploads\/2025\/02\/12-300x300.png 300w, https:\/\/richeskarayib.com\/wp-content\/uploads\/2025\/02\/12-150x150.png 150w, https:\/\/richeskarayib.com\/wp-content\/uploads\/2025\/02\/12-768x768.png 768w, https:\/\/richeskarayib.com\/wp-content\/uploads\/2025\/02\/12.png 1080w\" sizes=\"(max-width: 800px) 100vw, 800px\" \/>\t\t\t\t\t\t\t\t\t\t\t\t\t\t\t<\/div>\n\t\t\t\t<\/div>\n\t\t\t\t\t<\/div>\n\t\t<\/div>\n\t\t\t\t\t<\/div>\n\t\t<\/section>\n\t\t\t\t\t<\/div>\n\t\t<\/div>\n\t\t\t\t\t<\/div>\n\t\t<\/section>\n\t\t\t\t\t<\/div>\n\t\t<\/div>\n\t\t\t\t\t<\/div>\n\t\t<\/section>\n\t\t\t\t<section class=\"elementor-section elementor-top-section elementor-element elementor-element-de2ec24 elementor-section-boxed elementor-section-height-default elementor-section-height-default\" data-id=\"de2ec24\" data-element_type=\"section\">\n\t\t\t\t\t\t<div class=\"elementor-container elementor-column-gap-default\">\n\t\t\t\t\t<div class=\"elementor-column elementor-col-100 elementor-top-column elementor-element elementor-element-39ec5bd\" data-id=\"39ec5bd\" data-element_type=\"column\">\n\t\t\t<div class=\"elementor-widget-wrap elementor-element-populated\">\n\t\t\t\t\t\t<div class=\"elementor-element elementor-element-d4f3fc6 elementor-widget elementor-widget-heading\" data-id=\"d4f3fc6\" data-element_type=\"widget\" data-widget_type=\"heading.default\">\n\t\t\t\t<div class=\"elementor-widget-container\">\n\t\t\t\t\t<h2 class=\"elementor-heading-title elementor-size-default\">Le carnaval, un h\u00e9ritage<\/h2>\t\t\t\t<\/div>\n\t\t\t\t<\/div>\n\t\t\t\t<section class=\"elementor-section elementor-inner-section elementor-element elementor-element-42f96f5 elementor-section-boxed elementor-section-height-default elementor-section-height-default\" data-id=\"42f96f5\" data-element_type=\"section\">\n\t\t\t\t\t\t<div class=\"elementor-container elementor-column-gap-default\">\n\t\t\t\t\t<div class=\"elementor-column elementor-col-100 elementor-inner-column elementor-element elementor-element-dfba169\" data-id=\"dfba169\" data-element_type=\"column\">\n\t\t\t<div class=\"elementor-widget-wrap elementor-element-populated\">\n\t\t\t\t\t\t<div class=\"elementor-element elementor-element-a363498 elementor-widget elementor-widget-text-editor\" data-id=\"a363498\" data-element_type=\"widget\" data-widget_type=\"text-editor.default\">\n\t\t\t\t<div class=\"elementor-widget-container\">\n\t\t\t\t\t\t\t\t\t<p><span style=\"font-weight: 400;\">Si le carnaval de Martinique est aussi le premier des Cara\u00efbes et des Am\u00e9riques, il porte <\/span><b>l\u2019h\u00e9ritage africain, europ\u00e9en<\/b><span style=\"font-weight: 400;\"> \u2013 avec le carnaval originel moyen\u00e2geux, et \u00e9galement cette part d\u2019<\/span><b>h\u00e9ritage Kalinago<\/b><span style=\"font-weight: 400;\"> qui est la n\u00f4tre \u00e0 travers le culte du corps, l\u2019expression du beau, l\u2019explosion des couleurs, le festif et la c\u00e9l\u00e9bration de tout \u00e9v\u00e9nement.<\/span><\/p><p><span style=\"font-weight: 400;\">Les notions de rythmiques propres \u00e0 chaque personnage du Carnaval et \u00e0 chaque carnavalier, de mouvements et de d\u00e9placements dans ce que nous connaissons, qui sont nos vid\u00e9s qui se d\u00e9ploient et qui sont l\u2019expression d\u2019une immense liesse populaire.<\/span><\/p>\t\t\t\t\t\t\t\t<\/div>\n\t\t\t\t<\/div>\n\t\t\t\t<section class=\"elementor-section elementor-inner-section elementor-element elementor-element-ec6b008 elementor-section-boxed elementor-section-height-default elementor-section-height-default\" data-id=\"ec6b008\" data-element_type=\"section\">\n\t\t\t\t\t\t<div class=\"elementor-container elementor-column-gap-default\">\n\t\t\t\t\t<div class=\"elementor-column elementor-col-50 elementor-inner-column elementor-element elementor-element-b939904\" data-id=\"b939904\" data-element_type=\"column\">\n\t\t\t<div class=\"elementor-widget-wrap elementor-element-populated\">\n\t\t\t\t\t\t<div class=\"elementor-element elementor-element-90ebc1d elementor-widget elementor-widget-image\" data-id=\"90ebc1d\" data-element_type=\"widget\" data-widget_type=\"image.default\">\n\t\t\t\t<div class=\"elementor-widget-container\">\n\t\t\t\t\t\t\t\t\t\t\t\t<figure class=\"wp-caption\">\n\t\t\t\t\t\t\t\t\t\t<img loading=\"lazy\" decoding=\"async\" width=\"800\" height=\"800\" src=\"https:\/\/richeskarayib.com\/wp-content\/uploads\/2025\/02\/13-1024x1024.png\" class=\"attachment-large size-large wp-image-45518\" alt=\"carnaval de Martinique\" srcset=\"https:\/\/richeskarayib.com\/wp-content\/uploads\/2025\/02\/13-1024x1024.png 1024w, https:\/\/richeskarayib.com\/wp-content\/uploads\/2025\/02\/13-300x300.png 300w, https:\/\/richeskarayib.com\/wp-content\/uploads\/2025\/02\/13-150x150.png 150w, https:\/\/richeskarayib.com\/wp-content\/uploads\/2025\/02\/13-768x768.png 768w, https:\/\/richeskarayib.com\/wp-content\/uploads\/2025\/02\/13.png 1080w\" sizes=\"(max-width: 800px) 100vw, 800px\" \/>\t\t\t\t\t\t\t\t\t\t\t<figcaption class=\"widget-image-caption wp-caption-text\">CARNAVAL DE SAINT-PIERRE AVANT 1902<\/figcaption>\n\t\t\t\t\t\t\t\t\t\t<\/figure>\n\t\t\t\t\t\t\t\t\t<\/div>\n\t\t\t\t<\/div>\n\t\t\t\t\t<\/div>\n\t\t<\/div>\n\t\t\t\t<div class=\"elementor-column elementor-col-50 elementor-inner-column elementor-element elementor-element-85c9aff\" data-id=\"85c9aff\" data-element_type=\"column\">\n\t\t\t<div class=\"elementor-widget-wrap elementor-element-populated\">\n\t\t\t\t\t\t<div class=\"elementor-element elementor-element-792b50c elementor-widget elementor-widget-image\" data-id=\"792b50c\" data-element_type=\"widget\" data-widget_type=\"image.default\">\n\t\t\t\t<div class=\"elementor-widget-container\">\n\t\t\t\t\t\t\t\t\t\t\t\t<figure class=\"wp-caption\">\n\t\t\t\t\t\t\t\t\t\t<img loading=\"lazy\" decoding=\"async\" width=\"800\" height=\"800\" src=\"https:\/\/richeskarayib.com\/wp-content\/uploads\/2025\/02\/13-3-1024x1024.png\" class=\"attachment-large size-large wp-image-45522\" alt=\"carnaval de Martinique\" srcset=\"https:\/\/richeskarayib.com\/wp-content\/uploads\/2025\/02\/13-3-1024x1024.png 1024w, https:\/\/richeskarayib.com\/wp-content\/uploads\/2025\/02\/13-3-300x300.png 300w, https:\/\/richeskarayib.com\/wp-content\/uploads\/2025\/02\/13-3-150x150.png 150w, https:\/\/richeskarayib.com\/wp-content\/uploads\/2025\/02\/13-3-768x768.png 768w, https:\/\/richeskarayib.com\/wp-content\/uploads\/2025\/02\/13-3.png 1080w\" sizes=\"(max-width: 800px) 100vw, 800px\" \/>\t\t\t\t\t\t\t\t\t\t\t<figcaption class=\"widget-image-caption wp-caption-text\">CARNAVAL AU D\u00c9BUT DU XXe SI\u00c8CLE<\/figcaption>\n\t\t\t\t\t\t\t\t\t\t<\/figure>\n\t\t\t\t\t\t\t\t\t<\/div>\n\t\t\t\t<\/div>\n\t\t\t\t\t<\/div>\n\t\t<\/div>\n\t\t\t\t\t<\/div>\n\t\t<\/section>\n\t\t\t\t\t<\/div>\n\t\t<\/div>\n\t\t\t\t\t<\/div>\n\t\t<\/section>\n\t\t\t\t\t<\/div>\n\t\t<\/div>\n\t\t\t\t\t<\/div>\n\t\t<\/section>\n\t\t\t\t<section class=\"elementor-section elementor-top-section elementor-element elementor-element-6ac8ac2 elementor-section-boxed elementor-section-height-default elementor-section-height-default\" data-id=\"6ac8ac2\" data-element_type=\"section\">\n\t\t\t\t\t\t<div class=\"elementor-container elementor-column-gap-default\">\n\t\t\t\t\t<div class=\"elementor-column elementor-col-100 elementor-top-column elementor-element elementor-element-94356bc\" data-id=\"94356bc\" data-element_type=\"column\">\n\t\t\t<div class=\"elementor-widget-wrap elementor-element-populated\">\n\t\t\t\t\t\t<div class=\"elementor-element elementor-element-5d15014 elementor-widget elementor-widget-heading\" data-id=\"5d15014\" data-element_type=\"widget\" data-widget_type=\"heading.default\">\n\t\t\t\t<div class=\"elementor-widget-container\">\n\t\t\t\t\t<h2 class=\"elementor-heading-title elementor-size-default\">Une expression de liesse<\/h2>\t\t\t\t<\/div>\n\t\t\t\t<\/div>\n\t\t\t\t<div class=\"elementor-element elementor-element-cd463e0 elementor-widget elementor-widget-text-editor\" data-id=\"cd463e0\" data-element_type=\"widget\" data-widget_type=\"text-editor.default\">\n\t\t\t\t<div class=\"elementor-widget-container\">\n\t\t\t\t\t\t\t\t\t<p>Nos vid\u00e9s sont issus des convois et soci\u00e9t\u00e9s d\u2019esclaves qui ont perdur\u00e9s du XVII\u00e8me au XIX\u00e8me si\u00e8cles, plusieurs fois interdits lorsque leur nombre et leur valeur devenaient trop dangereux aux yeux des dirigeants d\u2019\u00e9poque.<\/p><p>Quoiqu\u2019il en soit, notre Carnaval des Am\u00e9riques, le Carnaval de Martinique et des <a href=\"https:\/\/richeskarayib.com\/fr\/rapport-special-partie-1-2008-2011-les-tresors-culturels-des-caraibes-patrimoine-immateriel-reconnu-par-lunesco\/\" target=\"_blank\" rel=\"noopener\">\u00eeles de la Cara\u00efbe<\/a>, est totalement cette expression de liesse, avec des invariants qui le caract\u00e9rise. C\u2019est l\u2019inversion des r\u00f4les, en usant de moqueries et de d\u00e9rision, comme pour le Lundi Gras.<\/p><p><strong>C\u2019est la contestation et la transgression de l\u2019ordre \u00e9tabli social, politique, familial et religieux. Ce sont les rituels de vie et de mort, comme avec le Mas Lanm\u00f2.<\/strong><\/p>\t\t\t\t\t\t\t\t<\/div>\n\t\t\t\t<\/div>\n\t\t\t\t<section class=\"elementor-section elementor-inner-section elementor-element elementor-element-ed62d9a elementor-section-boxed elementor-section-height-default elementor-section-height-default\" data-id=\"ed62d9a\" data-element_type=\"section\">\n\t\t\t\t\t\t<div class=\"elementor-container elementor-column-gap-default\">\n\t\t\t\t\t<div class=\"elementor-column elementor-col-100 elementor-inner-column elementor-element elementor-element-0adffce\" data-id=\"0adffce\" data-element_type=\"column\">\n\t\t\t<div class=\"elementor-widget-wrap elementor-element-populated\">\n\t\t\t\t\t\t<div class=\"elementor-element elementor-element-d9950bc elementor-widget elementor-widget-image\" data-id=\"d9950bc\" data-element_type=\"widget\" data-widget_type=\"image.default\">\n\t\t\t\t<div class=\"elementor-widget-container\">\n\t\t\t\t\t\t\t\t\t\t\t\t<figure class=\"wp-caption\">\n\t\t\t\t\t\t\t\t\t\t<img loading=\"lazy\" decoding=\"async\" width=\"800\" height=\"600\" src=\"https:\/\/richeskarayib.com\/wp-content\/uploads\/2025\/02\/WhatsApp-Image-2021-02-16-at-00.18.15.jpeg\" class=\"attachment-large size-large wp-image-45526\" alt=\"carnaval de Martinique\" srcset=\"https:\/\/richeskarayib.com\/wp-content\/uploads\/2025\/02\/WhatsApp-Image-2021-02-16-at-00.18.15.jpeg 1024w, https:\/\/richeskarayib.com\/wp-content\/uploads\/2025\/02\/WhatsApp-Image-2021-02-16-at-00.18.15-300x225.jpeg 300w, https:\/\/richeskarayib.com\/wp-content\/uploads\/2025\/02\/WhatsApp-Image-2021-02-16-at-00.18.15-768x576.jpeg 768w\" sizes=\"(max-width: 800px) 100vw, 800px\" \/>\t\t\t\t\t\t\t\t\t\t\t<figcaption class=\"widget-image-caption wp-caption-text\">LES \"MAS LANM\u00d2\"\nmunis de leur lanterne sortent \u00e0 la tomb\u00e9e de la nuit \u2013 Carnaval 2020 vid\u00e9 de la B\u00e8t a F\u00e9 \u00e0 Fort-De-France.<\/figcaption>\n\t\t\t\t\t\t\t\t\t\t<\/figure>\n\t\t\t\t\t\t\t\t\t<\/div>\n\t\t\t\t<\/div>\n\t\t\t\t\t<\/div>\n\t\t<\/div>\n\t\t\t\t\t<\/div>\n\t\t<\/section>\n\t\t\t\t<div class=\"elementor-element elementor-element-3720e7e elementor-widget elementor-widget-text-editor\" data-id=\"3720e7e\" data-element_type=\"widget\" data-widget_type=\"text-editor.default\">\n\t\t\t\t<div class=\"elementor-widget-container\">\n\t\t\t\t\t\t\t\t\t<p>Rituels de passage inh\u00e9rent et commun \u00e0 tous les carnavals de tous les lieux de la plan\u00e8te, de toutes les \u00e8res. C\u2019est ce rapport tr\u00e8s sp\u00e9cial d\u2019espace-temps, qui se d\u00e9roule sur un lieu donn\u00e9 \u2013 la rue, la campagne-\u00a0 sur un temps donn\u00e9 \u2013 cinq jours gras.<\/p>\t\t\t\t\t\t\t\t<\/div>\n\t\t\t\t<\/div>\n\t\t\t\t<section class=\"elementor-section elementor-inner-section elementor-element elementor-element-e66106c elementor-section-boxed elementor-section-height-default elementor-section-height-default\" data-id=\"e66106c\" data-element_type=\"section\">\n\t\t\t\t\t\t<div class=\"elementor-container elementor-column-gap-default\">\n\t\t\t\t\t<div class=\"elementor-column elementor-col-50 elementor-inner-column elementor-element elementor-element-cbf3daf\" data-id=\"cbf3daf\" data-element_type=\"column\">\n\t\t\t<div class=\"elementor-widget-wrap elementor-element-populated\">\n\t\t\t\t\t\t<div class=\"elementor-element elementor-element-fe74c60 elementor-widget elementor-widget-image\" data-id=\"fe74c60\" data-element_type=\"widget\" data-widget_type=\"image.default\">\n\t\t\t\t<div class=\"elementor-widget-container\">\n\t\t\t\t\t\t\t\t\t\t\t\t<figure class=\"wp-caption\">\n\t\t\t\t\t\t\t\t\t\t<img loading=\"lazy\" decoding=\"async\" width=\"800\" height=\"800\" src=\"https:\/\/richeskarayib.com\/wp-content\/uploads\/2025\/02\/17-1024x1024.png\" class=\"attachment-large size-large wp-image-45530\" alt=\"carnaval de Martinique\" srcset=\"https:\/\/richeskarayib.com\/wp-content\/uploads\/2025\/02\/17-1024x1024.png 1024w, https:\/\/richeskarayib.com\/wp-content\/uploads\/2025\/02\/17-300x300.png 300w, https:\/\/richeskarayib.com\/wp-content\/uploads\/2025\/02\/17-150x150.png 150w, https:\/\/richeskarayib.com\/wp-content\/uploads\/2025\/02\/17-768x768.png 768w, https:\/\/richeskarayib.com\/wp-content\/uploads\/2025\/02\/17.png 1080w\" sizes=\"(max-width: 800px) 100vw, 800px\" \/>\t\t\t\t\t\t\t\t\t\t\t<figcaption class=\"widget-image-caption wp-caption-text\">Mariages burlesques<\/figcaption>\n\t\t\t\t\t\t\t\t\t\t<\/figure>\n\t\t\t\t\t\t\t\t\t<\/div>\n\t\t\t\t<\/div>\n\t\t\t\t\t<\/div>\n\t\t<\/div>\n\t\t\t\t<div class=\"elementor-column elementor-col-50 elementor-inner-column elementor-element elementor-element-eafd22f\" data-id=\"eafd22f\" data-element_type=\"column\">\n\t\t\t<div class=\"elementor-widget-wrap elementor-element-populated\">\n\t\t\t\t\t\t<div class=\"elementor-element elementor-element-d8afcd7 elementor-widget elementor-widget-image\" data-id=\"d8afcd7\" data-element_type=\"widget\" data-widget_type=\"image.default\">\n\t\t\t\t<div class=\"elementor-widget-container\">\n\t\t\t\t\t\t\t\t\t\t\t\t\t\t\t<img loading=\"lazy\" decoding=\"async\" width=\"800\" height=\"800\" src=\"https:\/\/richeskarayib.com\/wp-content\/uploads\/2025\/02\/18-1024x1024.png\" class=\"attachment-large size-large wp-image-45534\" alt=\"carnaval de Martinique\" srcset=\"https:\/\/richeskarayib.com\/wp-content\/uploads\/2025\/02\/18-1024x1024.png 1024w, https:\/\/richeskarayib.com\/wp-content\/uploads\/2025\/02\/18-300x300.png 300w, https:\/\/richeskarayib.com\/wp-content\/uploads\/2025\/02\/18-150x150.png 150w, https:\/\/richeskarayib.com\/wp-content\/uploads\/2025\/02\/18-768x768.png 768w, https:\/\/richeskarayib.com\/wp-content\/uploads\/2025\/02\/18.png 1080w\" sizes=\"(max-width: 800px) 100vw, 800px\" \/>\t\t\t\t\t\t\t\t\t\t\t\t\t\t\t<\/div>\n\t\t\t\t<\/div>\n\t\t\t\t\t<\/div>\n\t\t<\/div>\n\t\t\t\t\t<\/div>\n\t\t<\/section>\n\t\t\t\t<div class=\"elementor-element elementor-element-4b2fcb3 elementor-widget elementor-widget-text-editor\" data-id=\"4b2fcb3\" data-element_type=\"widget\" data-widget_type=\"text-editor.default\">\n\t\t\t\t<div class=\"elementor-widget-container\">\n\t\t\t\t\t\t\t\t\t<p>Car, de fa\u00e7on in\u00e9dite, la Martinique prolonge son carnaval d\u2019un jour avec le Mercredi des Cendres \u2026comme dernier jour du Carnaval c\u00e9l\u00e9br\u00e9 par les <i>Guiabl\u00e8s<\/i> v\u00eatues de noir et blanc, couvertes d\u2019une coiffe au long bout pointu, annon\u00e7ant leur passage avec grand fracas et feuilles de corossolier.<\/p>\t\t\t\t\t\t\t\t<\/div>\n\t\t\t\t<\/div>\n\t\t\t\t<section class=\"elementor-section elementor-inner-section elementor-element elementor-element-ed613ed elementor-section-boxed elementor-section-height-default elementor-section-height-default\" data-id=\"ed613ed\" data-element_type=\"section\">\n\t\t\t\t\t\t<div class=\"elementor-container elementor-column-gap-default\">\n\t\t\t\t\t<div class=\"elementor-column elementor-col-50 elementor-inner-column elementor-element elementor-element-1e9a060\" data-id=\"1e9a060\" data-element_type=\"column\">\n\t\t\t<div class=\"elementor-widget-wrap elementor-element-populated\">\n\t\t\t\t\t\t<div class=\"elementor-element elementor-element-a0c35e9 elementor-widget elementor-widget-image\" data-id=\"a0c35e9\" data-element_type=\"widget\" data-widget_type=\"image.default\">\n\t\t\t\t<div class=\"elementor-widget-container\">\n\t\t\t\t\t\t\t\t\t\t\t\t\t\t\t<img loading=\"lazy\" decoding=\"async\" width=\"800\" height=\"800\" src=\"https:\/\/richeskarayib.com\/wp-content\/uploads\/2025\/02\/14-1-1024x1024.png\" class=\"attachment-large size-large wp-image-45538\" alt=\"carnaval de Martinique\" srcset=\"https:\/\/richeskarayib.com\/wp-content\/uploads\/2025\/02\/14-1-1024x1024.png 1024w, https:\/\/richeskarayib.com\/wp-content\/uploads\/2025\/02\/14-1-300x300.png 300w, https:\/\/richeskarayib.com\/wp-content\/uploads\/2025\/02\/14-1-150x150.png 150w, https:\/\/richeskarayib.com\/wp-content\/uploads\/2025\/02\/14-1-768x768.png 768w, https:\/\/richeskarayib.com\/wp-content\/uploads\/2025\/02\/14-1.png 1080w\" sizes=\"(max-width: 800px) 100vw, 800px\" \/>\t\t\t\t\t\t\t\t\t\t\t\t\t\t\t<\/div>\n\t\t\t\t<\/div>\n\t\t\t\t\t<\/div>\n\t\t<\/div>\n\t\t\t\t<div class=\"elementor-column elementor-col-50 elementor-inner-column elementor-element elementor-element-55762c0\" data-id=\"55762c0\" data-element_type=\"column\">\n\t\t\t<div class=\"elementor-widget-wrap elementor-element-populated\">\n\t\t\t\t\t\t<div class=\"elementor-element elementor-element-7d0cdfc elementor-widget elementor-widget-image\" data-id=\"7d0cdfc\" data-element_type=\"widget\" data-widget_type=\"image.default\">\n\t\t\t\t<div class=\"elementor-widget-container\">\n\t\t\t\t\t\t\t\t\t\t\t\t\t\t\t<img loading=\"lazy\" decoding=\"async\" width=\"800\" height=\"800\" src=\"https:\/\/richeskarayib.com\/wp-content\/uploads\/2025\/02\/16-1024x1024.png\" class=\"attachment-large size-large wp-image-45542\" alt=\"carnaval de Martinique\" srcset=\"https:\/\/richeskarayib.com\/wp-content\/uploads\/2025\/02\/16-1024x1024.png 1024w, https:\/\/richeskarayib.com\/wp-content\/uploads\/2025\/02\/16-300x300.png 300w, https:\/\/richeskarayib.com\/wp-content\/uploads\/2025\/02\/16-150x150.png 150w, https:\/\/richeskarayib.com\/wp-content\/uploads\/2025\/02\/16-768x768.png 768w, https:\/\/richeskarayib.com\/wp-content\/uploads\/2025\/02\/16.png 1080w\" sizes=\"(max-width: 800px) 100vw, 800px\" \/>\t\t\t\t\t\t\t\t\t\t\t\t\t\t\t<\/div>\n\t\t\t\t<\/div>\n\t\t\t\t\t<\/div>\n\t\t<\/div>\n\t\t\t\t\t<\/div>\n\t\t<\/section>\n\t\t\t\t<div class=\"elementor-element elementor-element-1999560 elementor-widget elementor-widget-text-editor\" data-id=\"1999560\" data-element_type=\"widget\" data-widget_type=\"text-editor.default\">\n\t\t\t\t<div class=\"elementor-widget-container\">\n\t\t\t\t\t\t\t\t\t<p>Autre invariant, c\u2019est cet espace de cr\u00e9ation populaire, entre esth\u00e9tique, cr\u00e9ativit\u00e9, m\u00e9moire r\u00e9siduelle et message du collectif et expression individuelle.<\/p>\t\t\t\t\t\t\t\t<\/div>\n\t\t\t\t<\/div>\n\t\t\t\t<div class=\"elementor-element elementor-element-6948779 elementor-widget elementor-widget-text-editor\" data-id=\"6948779\" data-element_type=\"widget\" data-widget_type=\"text-editor.default\">\n\t\t\t\t<div class=\"elementor-widget-container\">\n\t\t\t\t\t\t\t\t\t<p><strong>Un moment de liesse et de lib\u00e9ration des pulsions humaines qui permettent de se remettre de la charge quotidienne dont on veut se d\u00e9barrasser, d\u2019o\u00f9 le mot \u00ab <i>vid\u00e9<\/i>\u00a0 \u00bb d\u2019ailleurs\u2026<\/strong><\/p><p>Des pulsions particuli\u00e8rement canalis\u00e9es dans une p\u00e9riode d\u2019explosion et d\u2019expression du g\u00e9nie cr\u00e9atif humain et populaire.<\/p><p>Ce vid\u00e9, cette liesse qui se d\u00e9verse vient de cela, de cette n\u00e9cessit\u00e9 vitale, qui fait que, selon Goethe dans <i>Voyage en Italie<\/i> en 1788,<\/p><p><a href=\"https:\/\/asis-wi.com\/association\/le-carnaval-de-martinique-par-marie-lyne-psyche-salpetrier\/\" rel=\"nofollow noopener\" target=\"_blank\">\u00ab Le carnaval est une f\u00eate qui, \u00e0 vrai dire, n\u2019est pas donn\u00e9e au peuple mais que le peuple se donne \u00e0 lui m\u00eame \u00bb.<\/a><\/p>\t\t\t\t\t\t\t\t<\/div>\n\t\t\t\t<\/div>\n\t\t\t\t<section class=\"elementor-section elementor-inner-section elementor-element elementor-element-ce5e402 elementor-section-boxed elementor-section-height-default elementor-section-height-default\" data-id=\"ce5e402\" data-element_type=\"section\">\n\t\t\t\t\t\t<div class=\"elementor-container elementor-column-gap-default\">\n\t\t\t\t\t<div class=\"elementor-column elementor-col-100 elementor-inner-column elementor-element elementor-element-8e8b794\" data-id=\"8e8b794\" data-element_type=\"column\">\n\t\t\t<div class=\"elementor-widget-wrap elementor-element-populated\">\n\t\t\t\t\t\t<div class=\"elementor-element elementor-element-cfddbb8 elementor-widget elementor-widget-video\" data-id=\"cfddbb8\" data-element_type=\"widget\" data-settings=\"{&quot;youtube_url&quot;:&quot;https:\\\/\\\/www.youtube.com\\\/watch?v=k4C6kIRDQZc&amp;ab_channel=RICHESKARAYIB&quot;,&quot;video_type&quot;:&quot;youtube&quot;,&quot;controls&quot;:&quot;yes&quot;}\" data-widget_type=\"video.default\">\n\t\t\t\t<div class=\"elementor-widget-container\">\n\t\t\t\t\t\t\t<div class=\"elementor-wrapper elementor-open-inline\">\n\t\t\t<div class=\"elementor-video\"><\/div>\t\t<\/div>\n\t\t\t\t\t\t<\/div>\n\t\t\t\t<\/div>\n\t\t\t\t\t<\/div>\n\t\t<\/div>\n\t\t\t\t\t<\/div>\n\t\t<\/section>\n\t\t\t\t\t<\/div>\n\t\t<\/div>\n\t\t\t\t\t<\/div>\n\t\t<\/section>\n\t\t\t\t<section class=\"elementor-section elementor-top-section elementor-element elementor-element-da6925e elementor-section-boxed elementor-section-height-default elementor-section-height-default\" data-id=\"da6925e\" data-element_type=\"section\">\n\t\t\t\t\t\t<div class=\"elementor-container elementor-column-gap-default\">\n\t\t\t\t\t<div class=\"elementor-column elementor-col-100 elementor-top-column elementor-element elementor-element-218c5e5\" data-id=\"218c5e5\" data-element_type=\"column\">\n\t\t\t<div class=\"elementor-widget-wrap elementor-element-populated\">\n\t\t\t\t\t\t<div class=\"elementor-element elementor-element-5144555 elementor-widget elementor-widget-heading\" data-id=\"5144555\" data-element_type=\"widget\" data-widget_type=\"heading.default\">\n\t\t\t\t<div class=\"elementor-widget-container\">\n\t\t\t\t\t<h2 class=\"elementor-heading-title elementor-size-default\">5 jours de ferveur<\/h2>\t\t\t\t<\/div>\n\t\t\t\t<\/div>\n\t\t\t\t<div class=\"elementor-element elementor-element-fdf7ed1 elementor-widget elementor-widget-text-editor\" data-id=\"fdf7ed1\" data-element_type=\"widget\" data-widget_type=\"text-editor.default\">\n\t\t\t\t<div class=\"elementor-widget-container\">\n\t\t\t\t\t\t\t\t\t<p>Pendant des jours, le carnavalier court avec ferveur durant des heures et sur des kilom\u00e8tres avec une \u00e9nergie r\u00e9g\u00e9n\u00e9ratrice collective.<\/p><p>Il porterait en lui les divinit\u00e9s que l\u2019on veut r\u00e9v\u00e9ler \u00e0 travers quelques uns de nos Personnages traditionnels : <i>Papa Djab, Guiabl\u00e8s, Mary\u00e0n Lapofig, N\u00e8g Gwo Siwo, Mas Lanm\u00f2<\/i>\u2026 Que l\u2019on retrouve d\u2019ailleurs dans plusieurs \u00eeles de la Cara\u00efbe.<\/p>\t\t\t\t\t\t\t\t<\/div>\n\t\t\t\t<\/div>\n\t\t\t\t\t<\/div>\n\t\t<\/div>\n\t\t\t\t\t<\/div>\n\t\t<\/section>\n\t\t\t\t<section class=\"elementor-section elementor-top-section elementor-element elementor-element-86fa2b5 elementor-section-boxed elementor-section-height-default elementor-section-height-default\" data-id=\"86fa2b5\" data-element_type=\"section\">\n\t\t\t\t\t\t<div class=\"elementor-container elementor-column-gap-default\">\n\t\t\t\t\t<div class=\"elementor-column elementor-col-100 elementor-top-column elementor-element elementor-element-cc825a6\" data-id=\"cc825a6\" data-element_type=\"column\">\n\t\t\t<div class=\"elementor-widget-wrap elementor-element-populated\">\n\t\t\t\t\t\t<div class=\"elementor-element elementor-element-56fe5e3 elementor-widget elementor-widget-heading\" data-id=\"56fe5e3\" data-element_type=\"widget\" data-widget_type=\"heading.default\">\n\t\t\t\t<div class=\"elementor-widget-container\">\n\t\t\t\t\t<h2 class=\"elementor-heading-title elementor-size-default\">Mouvement populaire<\/h2>\t\t\t\t<\/div>\n\t\t\t\t<\/div>\n\t\t\t\t<div class=\"elementor-element elementor-element-e5377ef elementor-widget elementor-widget-text-editor\" data-id=\"e5377ef\" data-element_type=\"widget\" data-widget_type=\"text-editor.default\">\n\t\t\t\t<div class=\"elementor-widget-container\">\n\t\t\t\t\t\t\t\t\t<p>Et en musique, souvent en chanson, au rythme des instruments, dans un seul d\u00e9ferlement humain, se r\u00e9pandant dans les art\u00e8res de villes ou dans les traces des campagnes, bwabwa tournoyant au-dessus du fleuve de carnavaliers.<\/p><p>Le Carnaval de Martinique fait descendre tout le monde dans la rue, ouverte \u00e0 tous sans distinctions.<\/p><p>Dans la rue, les corps parlent, s\u2019expriment librement en cadence et au rythme des vid\u00e9s. Le son des tambours, des conques de lambi ou la basse des sonos envahissent les corps d\u2019une joyeuse fr\u00e9n\u00e9sie transgressive.<\/p>\t\t\t\t\t\t\t\t<\/div>\n\t\t\t\t<\/div>\n\t\t\t\t<section class=\"elementor-section elementor-inner-section elementor-element elementor-element-99b23d6 elementor-section-boxed elementor-section-height-default elementor-section-height-default\" data-id=\"99b23d6\" data-element_type=\"section\">\n\t\t\t\t\t\t<div class=\"elementor-container elementor-column-gap-default\">\n\t\t\t\t\t<div class=\"elementor-column elementor-col-100 elementor-inner-column elementor-element elementor-element-a4d8063\" data-id=\"a4d8063\" data-element_type=\"column\">\n\t\t\t<div class=\"elementor-widget-wrap elementor-element-populated\">\n\t\t\t\t\t\t<div class=\"elementor-element elementor-element-a2e638a elementor-widget elementor-widget-image\" data-id=\"a2e638a\" data-element_type=\"widget\" data-widget_type=\"image.default\">\n\t\t\t\t<div class=\"elementor-widget-container\">\n\t\t\t\t\t\t\t\t\t\t\t\t<figure class=\"wp-caption\">\n\t\t\t\t\t\t\t\t\t\t<img loading=\"lazy\" decoding=\"async\" width=\"800\" height=\"261\" src=\"https:\/\/richeskarayib.com\/wp-content\/uploads\/2025\/02\/13.02-henri-salomon.jpeg\" class=\"attachment-large size-large wp-image-45546\" alt=\"\" srcset=\"https:\/\/richeskarayib.com\/wp-content\/uploads\/2025\/02\/13.02-henri-salomon.jpeg 1024w, https:\/\/richeskarayib.com\/wp-content\/uploads\/2025\/02\/13.02-henri-salomon-300x98.jpeg 300w, https:\/\/richeskarayib.com\/wp-content\/uploads\/2025\/02\/13.02-henri-salomon-768x251.jpeg 768w\" sizes=\"(max-width: 800px) 100vw, 800px\" \/>\t\t\t\t\t\t\t\t\t\t\t<figcaption class=\"widget-image-caption wp-caption-text\">@Henri Salomon \u2013 Mardi Gras 2010<\/figcaption>\n\t\t\t\t\t\t\t\t\t\t<\/figure>\n\t\t\t\t\t\t\t\t\t<\/div>\n\t\t\t\t<\/div>\n\t\t\t\t\t<\/div>\n\t\t<\/div>\n\t\t\t\t\t<\/div>\n\t\t<\/section>\n\t\t\t\t\t<\/div>\n\t\t<\/div>\n\t\t\t\t\t<\/div>\n\t\t<\/section>\n\t\t\t\t<\/div>\n\t\t","protected":false},"excerpt":{"rendered":"<p>Le carnaval de Martinique : entre la martiniquaise MARIE-LYNE PSYCHE-SALPETRIER\u00a0et le carnaval de Martinique, il y a une vraie histoire d\u2019amour qui s\u2019est transmise de g\u00e9n\u00e9ration en g\u00e9n\u00e9ration. Pr\u00e9sidente de l\u2019Association Recherches &amp; Traditions (A.R.T.) qui m\u00e8ne un travail de recherche historique sur le Carnaval, son origine et celle des personnages embl\u00e9matiques. Professeure des \u00e9coles, [&hellip;]<\/p>\n","protected":false},"author":662,"featured_media":45502,"comment_status":"open","ping_status":"open","sticky":false,"template":"","format":"standard","meta":{"_acf_changed":false,"footnotes":""},"categories":[1468],"tags":[808],"class_list":["post-45491","post","type-post","status-publish","format-standard","has-post-thumbnail","hentry","category-histoire-patrimoine","tag-martinique-fr"],"acf":[],"_links":{"self":[{"href":"https:\/\/richeskarayib.com\/fr\/wp-json\/wp\/v2\/posts\/45491","targetHints":{"allow":["GET"]}}],"collection":[{"href":"https:\/\/richeskarayib.com\/fr\/wp-json\/wp\/v2\/posts"}],"about":[{"href":"https:\/\/richeskarayib.com\/fr\/wp-json\/wp\/v2\/types\/post"}],"author":[{"embeddable":true,"href":"https:\/\/richeskarayib.com\/fr\/wp-json\/wp\/v2\/users\/662"}],"replies":[{"embeddable":true,"href":"https:\/\/richeskarayib.com\/fr\/wp-json\/wp\/v2\/comments?post=45491"}],"version-history":[{"count":0,"href":"https:\/\/richeskarayib.com\/fr\/wp-json\/wp\/v2\/posts\/45491\/revisions"}],"wp:featuredmedia":[{"embeddable":true,"href":"https:\/\/richeskarayib.com\/fr\/wp-json\/wp\/v2\/media\/45502"}],"wp:attachment":[{"href":"https:\/\/richeskarayib.com\/fr\/wp-json\/wp\/v2\/media?parent=45491"}],"wp:term":[{"taxonomy":"category","embeddable":true,"href":"https:\/\/richeskarayib.com\/fr\/wp-json\/wp\/v2\/categories?post=45491"},{"taxonomy":"post_tag","embeddable":true,"href":"https:\/\/richeskarayib.com\/fr\/wp-json\/wp\/v2\/tags?post=45491"}],"curies":[{"name":"wp","href":"https:\/\/api.w.org\/{rel}","templated":true}]}}