{"id":45558,"date":"2025-02-27T07:00:01","date_gmt":"2025-02-27T11:00:01","guid":{"rendered":"https:\/\/richeskarayib.com\/?p=45558"},"modified":"2025-05-05T06:11:13","modified_gmt":"2025-05-05T10:11:13","slug":"carnaval-de-trinidad-et-tobago-dr-hollis","status":"publish","type":"post","link":"https:\/\/richeskarayib.com\/fr\/carnaval-de-trinidad-et-tobago-dr-hollis\/","title":{"rendered":"Carnaval de Trinidad\u00a0&#038;\u00a0Tobago par Dr Hollis Liverpool \u00ab Chalkdust \u00bb"},"content":{"rendered":"\t\t<div data-elementor-type=\"wp-post\" data-elementor-id=\"45558\" class=\"elementor elementor-45558\" data-elementor-post-type=\"post\">\n\t\t\t\t\t\t<section class=\"elementor-section elementor-top-section elementor-element elementor-element-28399df elementor-section-boxed elementor-section-height-default elementor-section-height-default\" data-id=\"28399df\" data-element_type=\"section\">\n\t\t\t\t\t\t<div class=\"elementor-container elementor-column-gap-default\">\n\t\t\t\t\t<div class=\"elementor-column elementor-col-100 elementor-top-column elementor-element elementor-element-6460ea6\" data-id=\"6460ea6\" data-element_type=\"column\">\n\t\t\t<div class=\"elementor-widget-wrap elementor-element-populated\">\n\t\t\t\t\t\t<div class=\"elementor-element elementor-element-db84ae5 elementor-widget elementor-widget-text-editor\" data-id=\"db84ae5\" data-element_type=\"widget\" data-widget_type=\"text-editor.default\">\n\t\t\t\t<div class=\"elementor-widget-container\">\n\t\t\t\t\t\t\t\t\t<p><span style=\"font-weight: 400;\">Le <a href=\"https:\/\/asis-wi.com\/musique-dance\/carnaval-de-trinite-et-tobago-par-dr-hollis-liverpool-chalkdust\/\" target=\"_blank\" rel=\"noopener nofollow\">Carnaval de Trinidad et Tobago <\/a><\/span><b>: le Dr Hollis Liverpool nous en dit plus sur l\u2019histoire de ce Carnaval. <\/b><span style=\"font-weight: 400;\">Rich\u00e8s Karayib vous pr\u00e9sente le brillant <\/span><b>Hollis Liverpool<\/b><span style=\"font-weight: 400;\">, plus connu sous le nom de <\/span><b>Chalkdust<\/b><span style=\"font-weight: 400;\">. <\/span><b>Chanteur de calypso originaire de Trinidad &amp; Tobago<\/b><span style=\"font-weight: 400;\">, il est titulaire d\u2019un doctorat en histoire et ethnomusicologie de l\u2019Universit\u00e9 du Michigan.<\/span><\/p>\t\t\t\t\t\t\t\t<\/div>\n\t\t\t\t<\/div>\n\t\t\t\t<div class=\"elementor-element elementor-element-8ff1bb2 elementor-widget elementor-widget-text-editor\" data-id=\"8ff1bb2\" data-element_type=\"widget\" data-widget_type=\"text-editor.default\">\n\t\t\t\t<div class=\"elementor-widget-container\">\n\t\t\t\t\t\t\t\t\t<ul>\n<li><span style=\"font-weight: 400;\">Il est chanteur de Calypso depuis 1967 et a enregistr\u00e9 plus de 300 titres.<\/span><\/li>\n<li><span style=\"font-weight: 400;\">Il a remport\u00e9 9 fois la Calypso Monarch de Trinidad, la derni\u00e8re victoire remonte \u00e0 2017.<\/span><\/li>\n<li><span style=\"font-weight: 400;\">Il est \u00e9galement l\u2019auteur de livres qui parlent de carnaval et de l\u2019histoire du Calypso .<\/span><\/li>\n<\/ul>\t\t\t\t\t\t\t\t<\/div>\n\t\t\t\t<\/div>\n\t\t\t\t<section class=\"elementor-section elementor-inner-section elementor-element elementor-element-07bb508 elementor-section-boxed elementor-section-height-default elementor-section-height-default\" data-id=\"07bb508\" data-element_type=\"section\">\n\t\t\t\t\t\t<div class=\"elementor-container elementor-column-gap-default\">\n\t\t\t\t\t<div class=\"elementor-column elementor-col-100 elementor-inner-column elementor-element elementor-element-031d861\" data-id=\"031d861\" data-element_type=\"column\">\n\t\t\t<div class=\"elementor-widget-wrap elementor-element-populated\">\n\t\t\t\t\t\t<div class=\"elementor-element elementor-element-9280ce1 elementor-widget elementor-widget-image\" data-id=\"9280ce1\" data-element_type=\"widget\" data-widget_type=\"image.default\">\n\t\t\t\t<div class=\"elementor-widget-container\">\n\t\t\t\t\t\t\t\t\t\t\t\t<figure class=\"wp-caption\">\n\t\t\t\t\t\t\t\t\t\t<img fetchpriority=\"high\" decoding=\"async\" width=\"261\" height=\"508\" src=\"https:\/\/richeskarayib.com\/wp-content\/uploads\/2025\/02\/DR-Hollis-LIverpool.png\" class=\"attachment-large size-large wp-image-45568\" alt=\"Carnaval de Trinidad et Tobago\" srcset=\"https:\/\/richeskarayib.com\/wp-content\/uploads\/2025\/02\/DR-Hollis-LIverpool.png 261w, https:\/\/richeskarayib.com\/wp-content\/uploads\/2025\/02\/DR-Hollis-LIverpool-154x300.png 154w\" sizes=\"(max-width: 261px) 100vw, 261px\" \/>\t\t\t\t\t\t\t\t\t\t\t<figcaption class=\"widget-image-caption wp-caption-text\">Dr Hollis LIverpool<\/figcaption>\n\t\t\t\t\t\t\t\t\t\t<\/figure>\n\t\t\t\t\t\t\t\t\t<\/div>\n\t\t\t\t<\/div>\n\t\t\t\t\t<\/div>\n\t\t<\/div>\n\t\t\t\t\t<\/div>\n\t\t<\/section>\n\t\t\t\t\t<\/div>\n\t\t<\/div>\n\t\t\t\t\t<\/div>\n\t\t<\/section>\n\t\t\t\t<section class=\"elementor-section elementor-top-section elementor-element elementor-element-1c00be6 elementor-section-boxed elementor-section-height-default elementor-section-height-default\" data-id=\"1c00be6\" data-element_type=\"section\">\n\t\t\t\t\t\t<div class=\"elementor-container elementor-column-gap-default\">\n\t\t\t\t\t<div class=\"elementor-column elementor-col-100 elementor-top-column elementor-element elementor-element-3792169\" data-id=\"3792169\" data-element_type=\"column\">\n\t\t\t<div class=\"elementor-widget-wrap elementor-element-populated\">\n\t\t\t\t\t\t<div class=\"elementor-element elementor-element-cc2833c elementor-widget elementor-widget-heading\" data-id=\"cc2833c\" data-element_type=\"widget\" data-widget_type=\"heading.default\">\n\t\t\t\t<div class=\"elementor-widget-container\">\n\t\t\t\t\t<h2 class=\"elementor-heading-title elementor-size-default\">Comment le Carnaval est-il arriv\u00e9 \u00e0 Trinidad &amp; Tobago ?<\/h2>\t\t\t\t<\/div>\n\t\t\t\t<\/div>\n\t\t\t\t<div class=\"elementor-element elementor-element-684d1ca elementor-widget elementor-widget-heading\" data-id=\"684d1ca\" data-element_type=\"widget\" data-widget_type=\"heading.default\">\n\t\t\t\t<div class=\"elementor-widget-container\">\n\t\t\t\t\t<h2 class=\"elementor-heading-title elementor-size-default\">A-t-il \u00e9t\u00e9 \u00e0 l\u2019initiative des Trinidadiens ?\n<\/h2>\t\t\t\t<\/div>\n\t\t\t\t<\/div>\n\t\t\t\t<div class=\"elementor-element elementor-element-a90bc79 elementor-widget elementor-widget-heading\" data-id=\"a90bc79\" data-element_type=\"widget\" data-widget_type=\"heading.default\">\n\t\t\t\t<div class=\"elementor-widget-container\">\n\t\t\t\t\t<h2 class=\"elementor-heading-title elementor-size-default\">Est-il venu d\u2019Europe?\n<\/h2>\t\t\t\t<\/div>\n\t\t\t\t<\/div>\n\t\t\t\t<div class=\"elementor-element elementor-element-835b10b elementor-widget elementor-widget-heading\" data-id=\"835b10b\" data-element_type=\"widget\" data-widget_type=\"heading.default\">\n\t\t\t\t<div class=\"elementor-widget-container\">\n\t\t\t\t\t<h2 class=\"elementor-heading-title elementor-size-default\">Quelles sont les significations derri\u00e8re les diff\u00e9rents masques et danses provocantes du carnaval de Trinidad ?\n<\/h2>\t\t\t\t<\/div>\n\t\t\t\t<\/div>\n\t\t\t\t<section class=\"elementor-section elementor-inner-section elementor-element elementor-element-fe7db12 elementor-section-boxed elementor-section-height-default elementor-section-height-default\" data-id=\"fe7db12\" data-element_type=\"section\">\n\t\t\t\t\t\t<div class=\"elementor-container elementor-column-gap-default\">\n\t\t\t\t\t<div class=\"elementor-column elementor-col-100 elementor-inner-column elementor-element elementor-element-5301310\" data-id=\"5301310\" data-element_type=\"column\">\n\t\t\t<div class=\"elementor-widget-wrap elementor-element-populated\">\n\t\t\t\t\t\t<div class=\"elementor-element elementor-element-3dd61a5 elementor-widget elementor-widget-text-editor\" data-id=\"3dd61a5\" data-element_type=\"widget\" data-widget_type=\"text-editor.default\">\n\t\t\t\t<div class=\"elementor-widget-container\">\n\t\t\t\t\t\t\t\t\t<p><span style=\"font-weight: 400;\">Ce sont des questions intrigantes que toutes personnes int\u00e9ress\u00e9es par le <a href=\"https:\/\/socaislands.com\/trinidad-carnival-2025\/#:~:text=Trinidad%20Carnival%202025%20%2D%20February%2026%20to%20March%2005%202025\" target=\"_blank\" rel=\"noopener nofollow\">Carnaval de Trinidad et Tobago<\/a> pourraient se poser. <\/span><span style=\"font-weight: 400;\">C\u2019est un fait connu que le Carnaval de Trinidad et Tobago en tant que festival \u00e9tait une caract\u00e9ristique de nombreuses villes fran\u00e7aises du 16e si\u00e8cle, et depuis que les Fran\u00e7ais cultivaient les terres de Trinidad \u00e0 la fin du 18e si\u00e8cle, on croit dans de nombreux milieux que l\u2019origine du Carnaval de Trinidad et Tobago remonte \u00e0 la France.<\/span><\/p>\t\t\t\t\t\t\t\t<\/div>\n\t\t\t\t<\/div>\n\t\t\t\t<div class=\"elementor-element elementor-element-eb8da56 elementor-widget elementor-widget-text-editor\" data-id=\"eb8da56\" data-element_type=\"widget\" data-widget_type=\"text-editor.default\">\n\t\t\t\t<div class=\"elementor-widget-container\">\n\t\t\t\t\t\t\t\t\t<p><span style=\"font-weight: 400;\">Mes recherches ont montr\u00e9, cependant, qu\u2019avec l\u2019av\u00e8nement des Europ\u00e9ens (principalement Anglais, Fran\u00e7ais, Espagnols et N\u00e9erlandais) et Africains, les traditions de f\u00eate apport\u00e9es \u00e0 Trinidad par les migrants ont \u00e9t\u00e9 pratiqu\u00e9es et d\u00e9velopp\u00e9es pour diff\u00e9rentes raisons, dans ce qui est devenu le Carnaval de Trinidad et Tobago.<\/span><\/p>\n<p><span style=\"font-weight: 400;\">Les Europ\u00e9ens ont apport\u00e9 leurs traditions \u00e0 Trinidad, tout comme les Africains \u00e0 l\u2019\u00e9poque de la traite n\u00e9gri\u00e8re atlantique. Ces traits africains ont surv\u00e9cu pour colorer le festival et en faire ce qu\u2019il est aujourd\u2019hui.<\/span><\/p>\t\t\t\t\t\t\t\t<\/div>\n\t\t\t\t<\/div>\n\t\t\t\t<div class=\"elementor-element elementor-element-89d3df7 elementor-widget elementor-widget-text-editor\" data-id=\"89d3df7\" data-element_type=\"widget\" data-widget_type=\"text-editor.default\">\n\t\t\t\t<div class=\"elementor-widget-container\">\n\t\t\t\t\t\t\t\t\t<p><span style=\"font-weight: 400;\">Il est juste de dire, cependant, que le<a href=\"https:\/\/www.eventbrite.fr\/d\/trinidad-and-tobago\/trinidad-carnival-2025\/\" target=\"_blank\" rel=\"noopener nofollow\"> carnaval de Trinidad et Tobago<\/a> d\u00e9v\u00e9lopp\u00e9 au cours des si\u00e8cles est, dans une large mesure, africain dans sa forme et sa fonction.<\/span><\/p>\n<h2><span style=\"font-weight: 400;\">Les Africains<\/span><\/h2>\n<p><span style=\"font-weight: 400;\">Se rencontraient et dansaient dans les cours<\/span><\/p>\n<p><span style=\"font-weight: 400;\">Se moquaient de leurs propri\u00e9taires<\/span><\/p>\n<p><span style=\"font-weight: 400;\">Pratiquaient des Rituels ancestraux.<\/span><\/p>\t\t\t\t\t\t\t\t<\/div>\n\t\t\t\t<\/div>\n\t\t\t\t\t<\/div>\n\t\t<\/div>\n\t\t\t\t\t<\/div>\n\t\t<\/section>\n\t\t\t\t\t<\/div>\n\t\t<\/div>\n\t\t\t\t\t<\/div>\n\t\t<\/section>\n\t\t\t\t<section class=\"elementor-section elementor-top-section elementor-element elementor-element-3187633 elementor-section-boxed elementor-section-height-default elementor-section-height-default\" data-id=\"3187633\" data-element_type=\"section\">\n\t\t\t\t\t\t<div class=\"elementor-container elementor-column-gap-default\">\n\t\t\t\t\t<div class=\"elementor-column elementor-col-100 elementor-top-column elementor-element elementor-element-c032e63\" data-id=\"c032e63\" data-element_type=\"column\">\n\t\t\t<div class=\"elementor-widget-wrap elementor-element-populated\">\n\t\t\t\t\t\t<div class=\"elementor-element elementor-element-9d5dacd elementor-widget elementor-widget-heading\" data-id=\"9d5dacd\" data-element_type=\"widget\" data-widget_type=\"heading.default\">\n\t\t\t\t<div class=\"elementor-widget-container\">\n\t\t\t\t\t<h2 class=\"elementor-heading-title elementor-size-default\">La p\u00e9riode de domination blanche<\/h2>\t\t\t\t<\/div>\n\t\t\t\t<\/div>\n\t\t\t\t<section class=\"elementor-section elementor-inner-section elementor-element elementor-element-3a9ca9e elementor-section-boxed elementor-section-height-default elementor-section-height-default\" data-id=\"3a9ca9e\" data-element_type=\"section\">\n\t\t\t\t\t\t<div class=\"elementor-container elementor-column-gap-default\">\n\t\t\t\t\t<div class=\"elementor-column elementor-col-100 elementor-inner-column elementor-element elementor-element-210cb6a\" data-id=\"210cb6a\" data-element_type=\"column\">\n\t\t\t<div class=\"elementor-widget-wrap elementor-element-populated\">\n\t\t\t\t\t\t<div class=\"elementor-element elementor-element-bcf478d elementor-widget elementor-widget-text-editor\" data-id=\"bcf478d\" data-element_type=\"widget\" data-widget_type=\"text-editor.default\">\n\t\t\t\t<div class=\"elementor-widget-container\">\n\t\t\t\t\t\t\t\t\t<p><span style=\"font-weight: 400;\">Pendant l\u2019\u00e8re de la pr\u00e9-\u00e9mancipation, les Europ\u00e9ens organisaient leurs carnavals dans des salles de bal, allaient de maison en maison et avaient adopt\u00e9 des lois qui emp\u00eachaient les Mul\u00e2tres et les Africains d\u2019entrer dans leurs salles de f\u00eate. <\/span><span style=\"font-weight: 400;\">En effet, les Europ\u00e9ens festoyaient g\u00e9n\u00e9reusement au milieu de la quasi-famine que connaissaient les Africains .<\/span><\/p>\n<p><span style=\"font-weight: 400;\">En plus de festoyer et de maison en maison, les Europ\u00e9ens, en outre de leurs accoutrements europ\u00e9ennes, ils se d\u00e9guisaient en Mul\u00e2tres et esclaves de campagne pendant le carnaval.<\/span><\/p>\t\t\t\t\t\t\t\t<\/div>\n\t\t\t\t<\/div>\n\t\t\t\t<div class=\"elementor-element elementor-element-dcf8597 elementor-widget elementor-widget-text-editor\" data-id=\"dcf8597\" data-element_type=\"widget\" data-widget_type=\"text-editor.default\">\n\t\t\t\t<div class=\"elementor-widget-container\">\n\t\t\t\t\t\t\t\t\t<p><span style=\"font-weight: 400;\">Un jeune Allemand notait en 1831 : \u00ab Les danses sont g\u00e9n\u00e9ralement des danses africaines et l\u2019enthousiasme des n\u00e8gres et des n\u00e9gresses nous amuse beaucoup. \u00bb <\/span><span style=\"font-weight: 400;\">Les Blancs \u00e9taient au sommet\u202f; ils riaient des malheurs de ceux qu\u2019ils opprimaient de mani\u00e8re \u00e0 affirmer leur domination.<\/span><\/p>\t\t\t\t\t\t\t\t<\/div>\n\t\t\t\t<\/div>\n\t\t\t\t<section class=\"elementor-section elementor-inner-section elementor-element elementor-element-9636439 elementor-section-boxed elementor-section-height-default elementor-section-height-default\" data-id=\"9636439\" data-element_type=\"section\">\n\t\t\t\t\t\t<div class=\"elementor-container elementor-column-gap-default\">\n\t\t\t\t\t<div class=\"elementor-column elementor-col-100 elementor-inner-column elementor-element elementor-element-daefebf\" data-id=\"daefebf\" data-element_type=\"column\">\n\t\t\t<div class=\"elementor-widget-wrap elementor-element-populated\">\n\t\t\t\t\t\t<div class=\"elementor-element elementor-element-624eb0a elementor-widget elementor-widget-image\" data-id=\"624eb0a\" data-element_type=\"widget\" data-widget_type=\"image.default\">\n\t\t\t\t<div class=\"elementor-widget-container\">\n\t\t\t\t\t\t\t\t\t\t\t\t\t\t\t<img decoding=\"async\" width=\"800\" height=\"800\" src=\"https:\/\/richeskarayib.com\/wp-content\/uploads\/2025\/02\/the-history-of-1024x1024.png\" class=\"attachment-large size-large wp-image-45572\" alt=\"Carnaval de Trinidad et Tobago\" srcset=\"https:\/\/richeskarayib.com\/wp-content\/uploads\/2025\/02\/the-history-of-1024x1024.png 1024w, https:\/\/richeskarayib.com\/wp-content\/uploads\/2025\/02\/the-history-of-300x300.png 300w, https:\/\/richeskarayib.com\/wp-content\/uploads\/2025\/02\/the-history-of-150x150.png 150w, https:\/\/richeskarayib.com\/wp-content\/uploads\/2025\/02\/the-history-of-768x768.png 768w, https:\/\/richeskarayib.com\/wp-content\/uploads\/2025\/02\/the-history-of.png 1080w\" sizes=\"(max-width: 800px) 100vw, 800px\" \/>\t\t\t\t\t\t\t\t\t\t\t\t\t\t\t<\/div>\n\t\t\t\t<\/div>\n\t\t\t\t\t<\/div>\n\t\t<\/div>\n\t\t\t\t\t<\/div>\n\t\t<\/section>\n\t\t\t\t\t<\/div>\n\t\t<\/div>\n\t\t\t\t\t<\/div>\n\t\t<\/section>\n\t\t\t\t\t<\/div>\n\t\t<\/div>\n\t\t\t\t\t<\/div>\n\t\t<\/section>\n\t\t\t\t<section class=\"elementor-section elementor-top-section elementor-element elementor-element-de2ec24 elementor-section-boxed elementor-section-height-default elementor-section-height-default\" data-id=\"de2ec24\" data-element_type=\"section\">\n\t\t\t\t\t\t<div class=\"elementor-container elementor-column-gap-default\">\n\t\t\t\t\t<div class=\"elementor-column elementor-col-100 elementor-top-column elementor-element elementor-element-39ec5bd\" data-id=\"39ec5bd\" data-element_type=\"column\">\n\t\t\t<div class=\"elementor-widget-wrap elementor-element-populated\">\n\t\t\t\t\t\t<div class=\"elementor-element elementor-element-d4f3fc6 elementor-widget elementor-widget-heading\" data-id=\"d4f3fc6\" data-element_type=\"widget\" data-widget_type=\"heading.default\">\n\t\t\t\t<div class=\"elementor-widget-container\">\n\t\t\t\t\t<h2 class=\"elementor-heading-title elementor-size-default\">R\u00e9sistance et r\u00e9bellion<\/h2>\t\t\t\t<\/div>\n\t\t\t\t<\/div>\n\t\t\t\t<section class=\"elementor-section elementor-inner-section elementor-element elementor-element-42f96f5 elementor-section-boxed elementor-section-height-default elementor-section-height-default\" data-id=\"42f96f5\" data-element_type=\"section\">\n\t\t\t\t\t\t<div class=\"elementor-container elementor-column-gap-default\">\n\t\t\t\t\t<div class=\"elementor-column elementor-col-100 elementor-inner-column elementor-element elementor-element-dfba169\" data-id=\"dfba169\" data-element_type=\"column\">\n\t\t\t<div class=\"elementor-widget-wrap elementor-element-populated\">\n\t\t\t\t\t\t<div class=\"elementor-element elementor-element-a363498 elementor-widget elementor-widget-text-editor\" data-id=\"a363498\" data-element_type=\"widget\" data-widget_type=\"text-editor.default\">\n\t\t\t\t<div class=\"elementor-widget-container\">\n\t\t\t\t\t\t\t\t\t<p><span style=\"font-weight: 400;\">Les Africains, surtout avant 1838, quand ils ont \u00e9t\u00e9 l\u00e9galement lib\u00e9r\u00e9s, ont utilis\u00e9 comme formes de r\u00e9sistance non seulement le Carnaval de Trinidad et Tobago, mais leurs travaux, leurs calypsos, leurs sillages, et d\u2019autres arrangements religieux et sociaux .<\/span><\/p>\n<p><span style=\"font-weight: 400;\">Le <a href=\"https:\/\/richeskarayib.com\/fr\/le-carnaval-de-martinique-par-marie-lyne-post\/\" target=\"_blank\" rel=\"noopener\">Carnaval<\/a> de Trinidad et Tobago pour eux \u00e9tait une fa\u00e7on de remercier Dieu pour leurs r\u00e9coltes, d\u2019avoir surv\u00e9cu dans cette \u00e8re de violence, et de d\u00e9montrer, surtout, qu\u2019ils n\u2019\u00e9taient pas des animaux comme les Blancs le croyaient, mais un peuple digne.<\/span><\/p>\n<p><span style=\"font-weight: 400;\">Cette r\u00e9sistance a perdur\u00e9 tout au long du 19e si\u00e8cle et la nature de leurs accoutrements, \u00e0 savoir : diables, pierrot grenades, jab jabs et negres jardins soulignent leur volont\u00e9 de se moquer des Blancs, de r\u00e9sister aux \u00e9lites et de promouvoir leur propre estime de soi.<\/span><\/p>\t\t\t\t\t\t\t\t<\/div>\n\t\t\t\t<\/div>\n\t\t\t\t<div class=\"elementor-element elementor-element-b480f8a elementor-widget elementor-widget-text-editor\" data-id=\"b480f8a\" data-element_type=\"widget\" data-widget_type=\"text-editor.default\">\n\t\t\t\t<div class=\"elementor-widget-container\">\n\t\t\t\t\t\t\t\t\t<p><span style=\"font-weight: 400;\">Leurs masques, leurs chansons satiriques, leurs chants de la kalenda et leurs danses montrent leur r\u00e9sistance. <\/span><span style=\"font-weight: 400;\">La r\u00e9sistance collective pouvait \u00eatre vue aussi \u00e0 <a href=\"https:\/\/richeskarayib.com\/fr\/trinite-et-tobago-riches-karayib-exploration\/\" target=\"_blank\" rel=\"noopener\">Trinidad<\/a> en 1805 quand il y avait une confrontation entre les Blancs et les Africains.<\/span><\/p>\n<p><span style=\"font-weight: 400;\">Dans une large mesure, la structure et la gestion des groupes de combattants Africains \u00e9tait similaire \u00e0 la structure et la gestion des groupes de carnavaliers de l\u2019\u00e9poque.<\/span><\/p>\t\t\t\t\t\t\t\t<\/div>\n\t\t\t\t<\/div>\n\t\t\t\t<div class=\"elementor-element elementor-element-00971b9 elementor-widget elementor-widget-text-editor\" data-id=\"00971b9\" data-element_type=\"widget\" data-widget_type=\"text-editor.default\">\n\t\t\t\t<div class=\"elementor-widget-container\">\n\t\t\t\t\t\t\t\t\t<p><span style=\"font-weight: 400;\">D\u00e8s 1834 aussi, les Africains ne pouvaient plus porter de masques. <\/span><span style=\"font-weight: 400;\">Mme Carmichael a \u00e9crit sur la nature de r\u00e9sistance de leurs chansons et du fait qu\u2019ils mettaient d\u00e9lib\u00e9r\u00e9ment le feu aux cannes et rejouaient ensuite la procession des Cannes Brul\u00e9es pour tourner en d\u00e9rision les pertes de leurs ma\u00eetres.<\/span><\/p>\n<p><span style=\"font-weight: 400;\">Un pratiquant \u00e2g\u00e9 du combat de b\u00e2ton m\u2019a inform\u00e9 avoir appris de sa grand-m\u00e8re que la danse de la kalenda et les combats de b\u00e2ton \u00e9taient un d\u00e9fi destin\u00e9 \u00e0 contester la d\u00e9cision des Blancs qui avaient cherch\u00e9 \u00e0 l\u2019interdire en 1810.<\/span><\/p>\t\t\t\t\t\t\t\t<\/div>\n\t\t\t\t<\/div>\n\t\t\t\t<div class=\"elementor-element elementor-element-40ba39d elementor-widget elementor-widget-text-editor\" data-id=\"40ba39d\" data-element_type=\"widget\" data-widget_type=\"text-editor.default\">\n\t\t\t\t<div class=\"elementor-widget-container\">\n\t\t\t\t\t\t\t\t\t<p><span style=\"font-weight: 400;\">Pour le professeur Gordon Rohlehr : <\/span><span style=\"font-weight: 400;\">la kalenda \u00ab a renforc\u00e9 l\u2019esprit de r\u00e9volte \u00bb et l\u2019acte de br\u00fbler des cannes \u00ab \u00e9tait souvent un acte de r\u00e9bellion \u00bb. <\/span><span style=\"font-weight: 400;\">L\u2019\u0153uvre de Mme Carmichael montre que les Africains ont non seulement r\u00e9sist\u00e9 par le chant et la danse, et ont eu une vie de satire en coulisses, mais que de nombreuses m\u00e9lodies africaines ont surv\u00e9cu \u00e0 la travers\u00e9e de l\u2019Atlantique pour faire partie de l\u2019arsenal des Africains du Nouveau Monde.<\/span><\/p>\t\t\t\t\t\t\t\t<\/div>\n\t\t\t\t<\/div>\n\t\t\t\t<div class=\"elementor-element elementor-element-584510f elementor-widget elementor-widget-text-editor\" data-id=\"584510f\" data-element_type=\"widget\" data-widget_type=\"text-editor.default\">\n\t\t\t\t<div class=\"elementor-widget-container\">\n\t\t\t\t\t\t\t\t\t<p><span style=\"font-weight: 400;\">En 1834 aussi, les Africains, \u00e0 travers la parade, se moquaient de la milice anglaise portant leurs tenues. <\/span><span style=\"font-weight: 400;\">Le commandant anglais \u00e9tait forc\u00e9 de constater que les Africains se moquaient de la meilleure milice jamais incarn\u00e9e en Occident.<\/span><\/p>\t\t\t\t\t\t\t\t<\/div>\n\t\t\t\t<\/div>\n\t\t\t\t\t<\/div>\n\t\t<\/div>\n\t\t\t\t\t<\/div>\n\t\t<\/section>\n\t\t\t\t\t<\/div>\n\t\t<\/div>\n\t\t\t\t\t<\/div>\n\t\t<\/section>\n\t\t\t\t<section class=\"elementor-section elementor-top-section elementor-element elementor-element-6ac8ac2 elementor-section-boxed elementor-section-height-default elementor-section-height-default\" data-id=\"6ac8ac2\" data-element_type=\"section\">\n\t\t\t\t\t\t<div class=\"elementor-container elementor-column-gap-default\">\n\t\t\t\t\t<div class=\"elementor-column elementor-col-100 elementor-top-column elementor-element elementor-element-94356bc\" data-id=\"94356bc\" data-element_type=\"column\">\n\t\t\t<div class=\"elementor-widget-wrap elementor-element-populated\">\n\t\t\t\t\t\t<div class=\"elementor-element elementor-element-5d15014 elementor-widget elementor-widget-heading\" data-id=\"5d15014\" data-element_type=\"widget\" data-widget_type=\"heading.default\">\n\t\t\t\t<div class=\"elementor-widget-container\">\n\t\t\t\t\t<h2 class=\"elementor-heading-title elementor-size-default\">La p\u00e9riode de croissance et de l\u2019estime de soi<\/h2>\t\t\t\t<\/div>\n\t\t\t\t<\/div>\n\t\t\t\t<div class=\"elementor-element elementor-element-cd463e0 elementor-widget elementor-widget-text-editor\" data-id=\"cd463e0\" data-element_type=\"widget\" data-widget_type=\"text-editor.default\">\n\t\t\t\t<div class=\"elementor-widget-container\">\n\t\t\t\t\t\t\t\t\t<p><span style=\"font-weight: 400;\">Pour les affranchis apr\u00e8s l\u2019\u00e9mancipation, le Carnaval de Trinidad et Tobago avait une tout autre signification. <\/span><span style=\"font-weight: 400;\">La plantocratie blanche avaient des probl\u00e8mes \u00e9conomiques, et les Anglais essayaient d\u2019angliciser les institutions de l\u2019\u00eele, ce qui offusquait les Fran\u00e7ais et les Espagnols. La voie \u00e9tait donc libre et permettait aux Africains d\u2019organiser le carnaval. <\/span><span style=\"font-weight: 400;\">Les Europ\u00e9ens et les mul\u00e2tres ont refus\u00e9 de parader dans les rues avec les Africains, et donc ces derniers ont organis\u00e9 leur parade \u00ab mas \u00bb du carnaval.<\/span><\/p>\t\t\t\t\t\t\t\t<\/div>\n\t\t\t\t<\/div>\n\t\t\t\t<div class=\"elementor-element elementor-element-3720e7e elementor-widget elementor-widget-text-editor\" data-id=\"3720e7e\" data-element_type=\"widget\" data-widget_type=\"text-editor.default\">\n\t\t\t\t<div class=\"elementor-widget-container\">\n\t\t\t\t\t\t\t\t\t<p><span style=\"font-weight: 400;\">Ce qui cultive leur <\/span><b>estime de soi<\/b><span style=\"font-weight: 400;\"> et ,c\u2019est une fa\u00e7on pour eux, de montrer aux Blancs qu\u2019ils \u00e9taient en effet <\/span><b>libres, <\/b><span style=\"font-weight: 400;\">si ce n\u2019est en termes d\u2019\u00e9ducation et d\u2019\u00e9conomie, au moins dans l\u2019esprit et par la possibilit\u00e9 de circuler librement sur les terres, les anciens domaines et les rues. <\/span><span style=\"font-weight: 400;\">Par cons\u00e9quent, ils ont d\u00e9fil\u00e9 partout dans les rues\u202f; sans aucune limite de zone ou de lieu.<\/span><\/p>\t\t\t\t\t\t\t\t<\/div>\n\t\t\t\t<\/div>\n\t\t\t\t<div class=\"elementor-element elementor-element-b973c75 elementor-widget elementor-widget-text-editor\" data-id=\"b973c75\" data-element_type=\"widget\" data-widget_type=\"text-editor.default\">\n\t\t\t\t<div class=\"elementor-widget-container\">\n\t\t\t\t\t\t\t\t\t<p><span style=\"font-weight: 400;\">En outre, la recherche du professeur Errol Hill et mon propre ont montr\u00e9 que : <\/span><span style=\"font-weight: 400;\">&#8220;les Africains ont associ\u00e9 le carnaval \u00e0 la c\u00e9l\u00e9bration de la libert\u00e9&#8221; <\/span><span style=\"font-weight: 400;\">en organisant leurs festivit\u00e9s dans l\u2019\u00e8re post-\u00e9mancipation pendant de nombreuses ann\u00e9es le 1\u1d49\u02b3 ao\u00fbt, date de leur lib\u00e9ration.<\/span><\/p>\t\t\t\t\t\t\t\t<\/div>\n\t\t\t\t<\/div>\n\t\t\t\t<div class=\"elementor-element elementor-element-4b2fcb3 elementor-widget elementor-widget-text-editor\" data-id=\"4b2fcb3\" data-element_type=\"widget\" data-widget_type=\"text-editor.default\">\n\t\t\t\t<div class=\"elementor-widget-container\">\n\t\t\t\t\t\t\t\t\t<p><span style=\"font-weight: 400;\">Il y a beaucoup d\u2019endroits dans la Cara\u00efbe, y compris le BVI, o\u00f9 le Carnaval de Trinidad et Tobago est encore<\/span><b> c\u00e9l\u00e9br\u00e9 le \u00ab Lundi d\u2019ao\u00fbt \u00bb<\/b><span style=\"font-weight: 400;\"> comme ils appellent August 1st. \u00c0 la Barbade, il est associ\u00e9 au <\/span><b>\u00ab Crop Over \u00bb<\/b><span style=\"font-weight: 400;\"> rappelle la r\u00e9colte des cannes et \u00ab M. Harding \u00bb, repr\u00e9sentant des planteurs d\u2019\u00e9lite, est toujours br\u00fbl\u00e9 c\u00e9r\u00e9monieusement.<\/span><\/p>\n<p><span style=\"font-weight: 400;\">La suite du Jour Ouvert dans le 20\u1d49 si\u00e8cle et jusqu\u2019\u00e0 ce jour, c\u2019est une preuve suppl\u00e9mentaire de la d\u00e9termination des Africains \u00e0 Trinidad \u00e0 poursuivre leurs traditions africaines et les masques d\u2019inspiration africaine, malgr\u00e9 les lois et les r\u00e8glements des 19\u1d49 et 20\u1d49 si\u00e8cle, les gouvernements pass\u00e8rent pour \u00e9radiquer les pratiques et, selon eux, assainir la f\u00eate.<\/span><\/p>\t\t\t\t\t\t\t\t<\/div>\n\t\t\t\t<\/div>\n\t\t\t\t<div class=\"elementor-element elementor-element-1999560 elementor-widget elementor-widget-text-editor\" data-id=\"1999560\" data-element_type=\"widget\" data-widget_type=\"text-editor.default\">\n\t\t\t\t<div class=\"elementor-widget-container\">\n\t\t\t\t\t\t\t\t\t<p><span style=\"font-weight: 400;\">Au d\u00e9but du 19\u1d49 si\u00e8cle, les Blancs interviennent dans le carnaval et d\u00e9fendent des valeurs europ\u00e9ennes, pour soi-disant appeler \u00e0 la \u00ab respectabilit\u00e9 \u00bb.<\/span><\/p>\n<p><span style=\"font-weight: 400;\">De <\/span><b>1873 \u00e0 1962,<\/b> il y a eu une lutte constante entre<span style=\"font-weight: 400;\"> les Blancs et les Africains, les Blancs et les Cr\u00e9oles, les Cr\u00e9oles et les Africains, la classe sup\u00e9rieure et la classe inf\u00e9rieure, la classe sup\u00e9rieure et la classe moyenne, les catholiques et les anglicans, les \u00ab jamettes \u00bb et la police, les coloniaux et les carnavaliers, les l\u00e9gislateurs et les joueurs de calypso, les groupes de pression et groupe de steelpan, pour <\/span><b>le contr\u00f4le du droit \u00e0 la libert\u00e9 d\u2019expression artistique<\/b><span style=\"font-weight: 400;\">. Les lois adopt\u00e9es en particulier en 1868 et 1884 cherchaient \u00e0 noyer tous les traits africains li\u00e9s au carnaval.<\/span><\/p>\t\t\t\t\t\t\t\t<\/div>\n\t\t\t\t<\/div>\n\t\t\t\t<div class=\"elementor-element elementor-element-6948779 elementor-widget elementor-widget-text-editor\" data-id=\"6948779\" data-element_type=\"widget\" data-widget_type=\"text-editor.default\">\n\t\t\t\t<div class=\"elementor-widget-container\">\n\t\t\t\t\t\t\t\t\t<p><span style=\"font-weight: 400;\">Et pourtant, les pratiquants du combat de b\u00e2ton ont surv\u00e9cu, par leur exub\u00e9rance et par leur opposition violente aux coloniaux en 1881 et 1884. <\/span><span style=\"font-weight: 400;\">M\u00eame au 20e si\u00e8cle, apr\u00e8s toutes les tentatives pour assainir le festival et se d\u00e9barrasser de cer<\/span><a href=\"https:\/\/asis-wi.com\/musique-dance\/carnaval-de-trinite-et-tobago-par-dr-hollis-liverpool-chalkdust\/\" rel=\"nofollow noopener\" target=\"_blank\"><span style=\"font-weight: 400;\">t<\/span><\/a><span style=\"font-weight: 400;\">aines de ses caract\u00e9ristiques \u00ab jamettes \u00bb, les Africains ont fait en sorte que le festival survive en poursuivant leurs combats de b\u00e2tons, quoique dans des quartiers lointains et en affichant tous leurs africanismes dans les parades \u00ab Jour-Ouvert \u00bb et avec les masques du lundi du Carnaval.<\/span><\/p>\t\t\t\t\t\t\t\t<\/div>\n\t\t\t\t<\/div>\n\t\t\t\t\t<\/div>\n\t\t<\/div>\n\t\t\t\t\t<\/div>\n\t\t<\/section>\n\t\t\t\t<section class=\"elementor-section elementor-top-section elementor-element elementor-element-da6925e elementor-section-boxed elementor-section-height-default elementor-section-height-default\" data-id=\"da6925e\" data-element_type=\"section\">\n\t\t\t\t\t\t<div class=\"elementor-container elementor-column-gap-default\">\n\t\t\t\t\t<div class=\"elementor-column elementor-col-100 elementor-top-column elementor-element elementor-element-218c5e5\" data-id=\"218c5e5\" data-element_type=\"column\">\n\t\t\t<div class=\"elementor-widget-wrap elementor-element-populated\">\n\t\t\t\t\t\t<div class=\"elementor-element elementor-element-5144555 elementor-widget elementor-widget-heading\" data-id=\"5144555\" data-element_type=\"widget\" data-widget_type=\"heading.default\">\n\t\t\t\t<div class=\"elementor-widget-container\">\n\t\t\t\t\t<h2 class=\"elementor-heading-title elementor-size-default\">La p\u00e9riode du mim\u00e9tisme : des th\u00e8mes autour de la guerre et de l\u2019histoire<\/h2>\t\t\t\t<\/div>\n\t\t\t\t<\/div>\n\t\t\t\t<div class=\"elementor-element elementor-element-fdf7ed1 elementor-widget elementor-widget-text-editor\" data-id=\"fdf7ed1\" data-element_type=\"widget\" data-widget_type=\"text-editor.default\">\n\t\t\t\t<div class=\"elementor-widget-container\">\n\t\t\t\t\t\t\t\t\t<p><span style=\"font-weight: 400;\">Encore <\/span><b>une autre port\u00e9e du carnaval de Trinidad<\/b><span style=\"font-weight: 400;\"> e<strong>t Tobago<\/strong> a \u00e9t\u00e9 observ\u00e9e au milieu du 20e si\u00e8cle jusqu\u2019aux ann\u00e9es 1970 lorsque les carnavaliers, tout comme la population, se sont montr\u00e9s d\u00e9sireux d\u2019en apprendre davantage sur l\u2019histoire et la culture des autres pays\u202f; lorsque la valeur de l\u2019\u00e9ducation \u00e9tait primordiale, et qu&#8217;une bonne \u00e9ducation \u00e9tait synonyme d\u2019une bonne connaissance de l\u2019Histoire : <\/span><span style=\"font-weight: 400;\">masqueraders a d\u00e9cid\u00e9 de mettre l\u2019accent sur les th\u00e8mes de l\u2019histoire du monde pour l\u2019affichage le jour du carnaval.<\/span><\/p>\t\t\t\t\t\t\t\t<\/div>\n\t\t\t\t<\/div>\n\t\t\t\t<div class=\"elementor-element elementor-element-244a429 elementor-widget elementor-widget-text-editor\" data-id=\"244a429\" data-element_type=\"widget\" data-widget_type=\"text-editor.default\">\n\t\t\t\t<div class=\"elementor-widget-container\">\n\t\t\t\t\t\t\t\t\t<p><span style=\"font-weight: 400;\">Bien que pour certains chefs de band (de groupe), c\u2019\u00e9tait du mim\u00e9tisme, c\u2019\u00e9tait pour beaucoup une exp\u00e9rience d\u2019apprentissage. Ainsi, des chefs de band (groupe) comme Harold Saldenah, George Bailey, Bobby Ammon, Edmund Hart, Stephen Lee Heung et Irvin McWilliams, pour n\u2019en nommer que quelques-uns, ont amen\u00e9 dans les rues de Trinidad les seigneurs de guerre princiers de <\/span><b>\u00ab Rome imp\u00e9riale; \u00bb \u00ab Dieux nordiques et Vikings; \u00bb \u00ab Reliques de l\u2019Egypte; \u00bb \u00ab Gloire byzantine\u202f; \u00bb \u00ab La Chine, la cit\u00e9 interdite\u202f; \u00bb<\/b><span style=\"font-weight: 400;\"> et les citoyens et l\u2019architecture de <\/span><b>\u00ab L\u2019Afrique brillante \u00bb ainsi que les \u00ab Am\u00e9rindiens \u00bb de l\u2019Am\u00e9rique<\/b><span style=\"font-weight: 400;\"> du Nord et du sud.<\/span><\/p>\t\t\t\t\t\t\t\t<\/div>\n\t\t\t\t<\/div>\n\t\t\t\t<div class=\"elementor-element elementor-element-746ff43 elementor-widget elementor-widget-text-editor\" data-id=\"746ff43\" data-element_type=\"widget\" data-widget_type=\"text-editor.default\">\n\t\t\t\t<div class=\"elementor-widget-container\">\n\t\t\t\t\t\t\t\t\t<p><span style=\"font-weight: 400;\">Le carnaval de cette \u00e9poque \u00e9tait pour la plupart des gens qui, apr\u00e8s avoir gagn\u00e9 pour eux-m\u00eames l\u2019ind\u00e9pendance, trouv\u00e9 dans le carnaval, une base pour d\u00e9montrer le national<\/span>isme et la<span style=\"font-weight: 400;\"> libert\u00e9 du colonialisme.<\/span><\/p>\n<p><span style=\"font-weight: 400;\">\u00c0 ce titre, ils \u00e9taient impatients d\u2019examiner les cultures des autres nations, en particulier celles qui avaient \u00e9galement subi un sort similaire.<\/span><\/p>\t\t\t\t\t\t\t\t<\/div>\n\t\t\t\t<\/div>\n\t\t\t\t<div class=\"elementor-element elementor-element-5463f49 elementor-widget elementor-widget-text-editor\" data-id=\"5463f49\" data-element_type=\"widget\" data-widget_type=\"text-editor.default\">\n\t\t\t\t<div class=\"elementor-widget-container\">\n\t\t\t\t\t\t\t\t\t<p><span style=\"font-weight: 400;\">La bande d\u2019acier, en particulier, qui a \u00e9t\u00e9 consid\u00e9r\u00e9e dans les ann\u00e9es 1940 et 1950 par les classes moyennes et sup\u00e9rieures comme une perturbation de l\u2019ordre social, a maintenant re\u00e7u le soutien officiel du Gouvernement et a \u00e9t\u00e9 consid\u00e9r\u00e9e comme un trait culturel qui a soulign\u00e9 l\u2019\u00e9mergence et le d\u00e9veloppement du peuple fier de Trinidad &amp; Tobago.<\/span><\/p>\t\t\t\t\t\t\t\t<\/div>\n\t\t\t\t<\/div>\n\t\t\t\t\t<\/div>\n\t\t<\/div>\n\t\t\t\t\t<\/div>\n\t\t<\/section>\n\t\t\t\t<section class=\"elementor-section elementor-top-section elementor-element elementor-element-86fa2b5 elementor-section-boxed elementor-section-height-default elementor-section-height-default\" data-id=\"86fa2b5\" data-element_type=\"section\">\n\t\t\t\t\t\t<div class=\"elementor-container elementor-column-gap-default\">\n\t\t\t\t\t<div class=\"elementor-column elementor-col-100 elementor-top-column elementor-element elementor-element-cc825a6\" data-id=\"cc825a6\" data-element_type=\"column\">\n\t\t\t<div class=\"elementor-widget-wrap elementor-element-populated\">\n\t\t\t\t\t\t<div class=\"elementor-element elementor-element-56fe5e3 elementor-widget elementor-widget-heading\" data-id=\"56fe5e3\" data-element_type=\"widget\" data-widget_type=\"heading.default\">\n\t\t\t\t<div class=\"elementor-widget-container\">\n\t\t\t\t\t<h2 class=\"elementor-heading-title elementor-size-default\">Mouvement artistique : l\u2019\u00e8re de Peter Minshall\n<\/h2>\t\t\t\t<\/div>\n\t\t\t\t<\/div>\n\t\t\t\t<div class=\"elementor-element elementor-element-e5377ef elementor-widget elementor-widget-text-editor\" data-id=\"e5377ef\" data-element_type=\"widget\" data-widget_type=\"text-editor.default\">\n\t\t\t\t<div class=\"elementor-widget-container\">\n\t\t\t\t\t\t\t\t\t<p><span style=\"font-weight: 400;\">La fin des ann\u00e9es 1970 et 1980 a \u00e9t\u00e9 tellement submerg\u00e9e par l\u2019art de Peter Minshall qu\u2019il est difficile de ne pas appeler cette p\u00e9riode \u00ab l\u2019\u00e8re de Minshall \u00bb. <\/span><span style=\"font-weight: 400;\">Ici, <\/span><b>le carnaval a pris une autre port\u00e9e<\/b><span style=\"font-weight: 400;\">.<\/span><\/p>\t\t\t\t\t\t\t\t<\/div>\n\t\t\t\t<\/div>\n\t\t\t\t<div class=\"elementor-element elementor-element-d68fd13 elementor-widget elementor-widget-text-editor\" data-id=\"d68fd13\" data-element_type=\"widget\" data-widget_type=\"text-editor.default\">\n\t\t\t\t<div class=\"elementor-widget-container\">\n\t\t\t\t\t\t\t\t\t<p><span style=\"font-weight: 400;\">Son entr\u00e9e dans le \u00ab mas \u00bb (vid\u00e9) a \u00e9t\u00e9 d\u00e9crite comme \u00ab le plus grand \u00e9v\u00e9nement populaire depuis les \u00e9meutes historiques de Canboulay du carnaval de Trinidad il y a 150 ans, lorsque les f\u00eatards avaient d\u00e9fi\u00e9 les autorit\u00e9s parce qu\u2019ils voulaient faire leur parade comme ils l\u2019entendaient. \u00bb <\/span><span style=\"font-weight: 400;\">Il se pr\u00e9occupait de la soci\u00e9t\u00e9 au niveau mondial et \u00e9tait plus engag\u00e9 \u00ab avec l\u2019image du monde \u00bb que par \u00ab l\u2019image microscopique de Trinidad \u00bb.<\/span><\/p>\t\t\t\t\t\t\t\t<\/div>\n\t\t\t\t<\/div>\n\t\t\t\t<div class=\"elementor-element elementor-element-5e3120d elementor-widget elementor-widget-text-editor\" data-id=\"5e3120d\" data-element_type=\"widget\" data-widget_type=\"text-editor.default\">\n\t\t\t\t<div class=\"elementor-widget-container\">\n\t\t\t\t\t\t\t\t\t<p><span style=\"font-weight: 400;\">Par cons\u00e9quent, il voyait le carnaval comme un <\/span><b>mouvement artistique et comme un th\u00e9\u00e2tre.<\/b><span style=\"font-weight: 400;\"> Il a comment\u00e9 : \u00ab J\u2019ai mis des couleurs et de la forme sur ces gens pourqu\u2019ils passent devant le spectateur comme une symphonie visuelle. \u00bb Minshall\u2019s Paradise Lost (1976), Danse Macabre (1980), Papillon (1982), The River (1983), Callaloo (1984) et The Golden Calabash, pour ne nommer que quelques-unes de ses pr\u00e9sentations, ont donn\u00e9 un nouveau souffle au carnaval. <\/span><b>Il repr\u00e9sentait \u00ab beaucoup plus que des plumes et des paillettes.<\/b><\/p><p><span style=\"font-weight: 400;\">Ce sont des sculptures, des poteaux et des tissus articul\u00e9s par les membres du corps, qui acqui\u00e8rent la vie, parce qu\u2019ils sont bas\u00e9s et suivent les mouvements des interpr\u00e8tes dans une combinaison de danse et de musique, produisant des formes en constante \u00e9volution dans les explosions diony\u00e9siennes.<\/span><\/p><p><span style=\"font-weight: 400;\">Le corps humain \u00e9tait consid\u00e9r\u00e9 comme une partie int\u00e9grante du costume, le carnavalier qui dansait m\u00eal\u00e9 au spectateur, ensemble produisait non seulement la parade (mas), mais le th\u00e9\u00e2tre.<\/span><\/p>\t\t\t\t\t\t\t\t<\/div>\n\t\t\t\t<\/div>\n\t\t\t\t<div class=\"elementor-element elementor-element-d958bc0 elementor-widget elementor-widget-text-editor\" data-id=\"d958bc0\" data-element_type=\"widget\" data-widget_type=\"text-editor.default\">\n\t\t\t\t<div class=\"elementor-widget-container\">\n\t\t\t\t\t\t\t\t\t<p><span style=\"font-weight: 400;\">Enfin, depuis le d\u00e9but du carnaval \u00e0 Trinidad &amp; Tobago, il y avait de ceux qui participaient aux parades \u00ab courraient le vid\u00e9 \u00bb pour voler des Blancs, d\u2019autres pour afficher leurs prouesses sexuelles, pour imiter la classe sup\u00e9rieure \u00e0 laver le linge sale en public, et surtout, pour simplement passer un bon moment.<\/span><\/p><p><span style=\"font-weight: 400;\">Le d\u00e9funt Andrew Carr, c\u00e9l\u00e8bre historien et auteur ayant \u00e9tudi\u00e9 le carnaval, m\u2019a inform\u00e9 en 1966, que si <\/span><span style=\"font-weight: 400;\">pour les Africains avant l\u2019\u00e9mancipation, \u00ab le carnaval \u00e9tait les 3R : religion, rituel et comm\u00e9moration (religion, ritual and remembrances), <\/span><span style=\"font-weight: 400;\">pour les Blancs, c\u2019\u00e9tait le 3F: Amusement, Exposition, Sexe &#8211; (Fun, Fair and &#8230;Sex) \u00bb.<\/span><\/p>\t\t\t\t\t\t\t\t<\/div>\n\t\t\t\t<\/div>\n\t\t\t\t\t<\/div>\n\t\t<\/div>\n\t\t\t\t\t<\/div>\n\t\t<\/section>\n\t\t\t\t<section class=\"elementor-section elementor-top-section elementor-element elementor-element-f50b476 elementor-section-boxed elementor-section-height-default elementor-section-height-default\" data-id=\"f50b476\" data-element_type=\"section\">\n\t\t\t\t\t\t<div class=\"elementor-container elementor-column-gap-default\">\n\t\t\t\t\t<div class=\"elementor-column elementor-col-100 elementor-top-column elementor-element elementor-element-720ba4d\" data-id=\"720ba4d\" data-element_type=\"column\">\n\t\t\t<div class=\"elementor-widget-wrap elementor-element-populated\">\n\t\t\t\t\t\t<div class=\"elementor-element elementor-element-3d5f697 elementor-widget elementor-widget-heading\" data-id=\"3d5f697\" data-element_type=\"widget\" data-widget_type=\"heading.default\">\n\t\t\t\t<div class=\"elementor-widget-container\">\n\t\t\t\t\t<h2 class=\"elementor-heading-title elementor-size-default\">Les ann\u00e9e 90: Le Carnaval, une industrie, un business, un divertissement<\/h2>\t\t\t\t<\/div>\n\t\t\t\t<\/div>\n\t\t\t\t<div class=\"elementor-element elementor-element-9605dbb elementor-widget elementor-widget-text-editor\" data-id=\"9605dbb\" data-element_type=\"widget\" data-widget_type=\"text-editor.default\">\n\t\t\t\t<div class=\"elementor-widget-container\">\n\t\t\t\t\t\t\t\t\t<p><span style=\"font-weight: 400;\">Enfin, depuis le d\u00e9but du carnaval \u00e0 Trinidad &amp; Tobago, il y avait de ceux qui participaient aux parades \u00ab courraient le vid\u00e9 \u00bb pour voler des Blancs, d\u2019autres pour afficher leurs prouesses sexuelles, pour imiter la classe sup\u00e9rieure \u00e0 laver le linge sale en public, et surtout, pour simplement passer un bon moment.<\/span><\/p>\n<p><span style=\"font-weight: 400;\">Le d\u00e9funt Andrew Carr, c\u00e9l\u00e8bre historien et auteur ayant \u00e9tudi\u00e9 le carnaval, m\u2019a inform\u00e9 en 1966, que si <\/span>pour les Africains avant l\u2019\u00e9mancipation, \u00ab le carnaval \u00e9tait les 3R : religion, rituel et comm\u00e9moration (religion, ritual and remembrances), pour les Blancs, c\u2019\u00e9tait le 3F: Amusement, Exposition, Sexe &#8211; (Fun, Fair and &#8230;Sex) \u00bb.<\/p>\t\t\t\t\t\t\t\t<\/div>\n\t\t\t\t<\/div>\n\t\t\t\t<div class=\"elementor-element elementor-element-1c21776 elementor-widget elementor-widget-text-editor\" data-id=\"1c21776\" data-element_type=\"widget\" data-widget_type=\"text-editor.default\">\n\t\t\t\t<div class=\"elementor-widget-container\">\n\t\t\t\t\t\t\t\t\t<p><span style=\"font-weight: 400;\">Il y avait de ceux qui, apr\u00e8s l\u2019\u00e9mancipation, portaient simplement des masques pour terroriser les Blancs; il y avait de ceux qui, s\u2019amusaient \u00e0 porter des accroutrements et \u00e0 jouer des r\u00f4les, comme \u00ab Police et Voleur \u00bb et \u00ab bandits de grand chemin \u00bb pour simplement extorquer \u00e0 la riche \u00e9lite, de l\u2019argent ou toute forme de richesse mat\u00e9rielle.<\/span><\/p><p><span style=\"font-weight: 400;\">De m\u00eame, avec une \u00e9conomie mondiale qui s\u2019ouvre de plus en plus, les chefs de groupe, voient des opportunit\u00e9s et la perspective de faire plus d\u2019argent \u00e0 partir de cette forme d\u2019art. Il y a ces chefs de band qui, \u00e0 partir des ann\u00e9es 1990, ont d\u00e9velopp\u00e9 ce que j\u2019appelle le \u00ab Fast-Food Mas. \u00bb<\/span><\/p>\t\t\t\t\t\t\t\t<\/div>\n\t\t\t\t<\/div>\n\t\t\t\t<div class=\"elementor-element elementor-element-f35994f elementor-widget elementor-widget-text-editor\" data-id=\"f35994f\" data-element_type=\"widget\" data-widget_type=\"text-editor.default\">\n\t\t\t\t<div class=\"elementor-widget-container\">\n\t\t\t\t\t\t\t\t\t<p><span style=\"font-weight: 400;\">Ils mettent l\u2019accent sur les paillettes, les perles et con\u00e7oivent la parade, non pas avec \u00e0 l\u2019esprit l\u2019art ou l\u2019histoire, mais les femmes et <\/span><b>l\u2019amour des femmes qui montrent leurs dimensions sexuelles et toute leur sensualit\u00e9 le jour du carnaval.<\/b><\/p>\n<p><span style=\"font-weight: 400;\">La musique calypso suivra la tendance des \u00ab Mas \u00bb (parades), de nombreux chanteurs soulignent aujourd\u2019hui le th\u00e8me du<\/span><b>\u00ab wine and jam \u00bb<\/b><span style=\"font-weight: 400;\">, au lieu de paroles s\u00e9rieuses des chants de calypso des18e., 19e\u202f; et 20e Si\u00e8cles. <\/span><span style=\"font-weight: 400;\">Quand j\u2019ai demand\u00e9 pourquoi il composait de telles banalit\u00e9s aujourd\u2019hui, au lieu de mettre l\u2019accent sur des paroles qui ont du sens, le c\u00e9l\u00e8bre auteur et chanteur calypso, <\/span><b>Iwer George<\/b><span style=\"font-weight: 400;\">, a r\u00e9torqu\u00e9 : \u00ab Je dois gagner ma vie \u00bb<\/span><\/p>\t\t\t\t\t\t\t\t<\/div>\n\t\t\t\t<\/div>\n\t\t\t\t\t<\/div>\n\t\t<\/div>\n\t\t\t\t\t<\/div>\n\t\t<\/section>\n\t\t\t\t<section class=\"elementor-section elementor-top-section elementor-element elementor-element-1ecfb41 elementor-section-boxed elementor-section-height-default elementor-section-height-default\" data-id=\"1ecfb41\" data-element_type=\"section\">\n\t\t\t\t\t\t<div class=\"elementor-container elementor-column-gap-default\">\n\t\t\t\t\t<div class=\"elementor-column elementor-col-100 elementor-top-column elementor-element elementor-element-d8ed4fd\" data-id=\"d8ed4fd\" data-element_type=\"column\">\n\t\t\t<div class=\"elementor-widget-wrap elementor-element-populated\">\n\t\t\t\t\t\t<div class=\"elementor-element elementor-element-6546154 elementor-widget elementor-widget-heading\" data-id=\"6546154\" data-element_type=\"widget\" data-widget_type=\"heading.default\">\n\t\t\t\t<div class=\"elementor-widget-container\">\n\t\t\t\t\t<h2 class=\"elementor-heading-title elementor-size-default\">Les ann\u00e9e 90: Le Carnaval, une industrie, un business, un divertissement<\/h2>\t\t\t\t<\/div>\n\t\t\t\t<\/div>\n\t\t\t\t<div class=\"elementor-element elementor-element-b2782c1 elementor-widget elementor-widget-text-editor\" data-id=\"b2782c1\" data-element_type=\"widget\" data-widget_type=\"text-editor.default\">\n\t\t\t\t<div class=\"elementor-widget-container\">\n\t\t\t\t\t\t\t\t\t<p><span style=\"font-weight: 400;\">Les preuves sugg\u00e8rent que le carnaval de Trinidad au fil des ans signifiait beaucoup plus qu\u2019une soupape de lib\u00e9ration pour les f\u00eatards et les spectateurs, et certainement beaucoup plus que l\u2019id\u00e9e de Bakhtin de la place du march\u00e9 du carnaval: \u00ab le lieu de la parole d\u00e9complex\u00e9e&#8221;, pour utiliser ses mots (Bakhtin).<\/span><\/p>\n<p><span style=\"font-weight: 400;\">Si il s\u2019agissait d\u2019une simple soupape de lib\u00e9ration, il n\u2019y aurait pas eu les r\u00e9bellions ann\u00e9es apr\u00e8s ann\u00e9es; il y aurait eu de plus grandes formes de conciliation de la part des groupes opprim\u00e9s qui voyaient s\u2019ouvrir de plus en plus les portes de la libert\u00e9.<\/span><\/p>\n<p><span style=\"font-weight: 400;\">Il faut noter que, contrairement \u00e0 la place du march\u00e9 de Bakhtin, o\u00f9 \u00ab le discours non dominant (et) la parole d\u00e9complex\u00e9e pr\u00e9valaient \u00bb, \u00e0 Trinidad, le \u00ab discours d\u00e9complex\u00e9 \u00bb \u00e9tait en partie le produit du discours qui a \u00e9t\u00e9 r\u00e9prim\u00e9 par l\u2019\u00e9lite et le gouvernement colonial.<\/span><\/p>\t\t\t\t\t\t\t\t<\/div>\n\t\t\t\t<\/div>\n\t\t\t\t<div class=\"elementor-element elementor-element-cad7483 elementor-widget elementor-widget-text-editor\" data-id=\"cad7483\" data-element_type=\"widget\" data-widget_type=\"text-editor.default\">\n\t\t\t\t<div class=\"elementor-widget-container\">\n\t\t\t\t\t\t\t\t\t<p><span style=\"font-weight: 400;\">En tant que tel, le ridicule, l\u2019agression et la moquerie observ\u00e9s dans le Carnaval de Trinidad n\u2019ont de sens que dans le contexte de l\u2019effet des rapports de force qui ont eu lieu pendant le reste de l\u2019ann\u00e9e.<\/span><\/p><p><span style=\"font-weight: 400;\">En outre, l\u2019explosivit\u00e9 et la vigueur des joueurs du Carnaval et la mesure dans laquelle les classes inf\u00e9rieures sont all\u00e9es se moquer et ridiculiser ont \u00e9t\u00e9, dans une large mesure, le r\u00e9sultat des in\u00e9galit\u00e9s de statut et de pouvoir entre les classes oppos\u00e9es.<\/span><\/p><p><span style=\"font-weight: 400;\">Dans le cas de Trinidad &amp; Tobago, \u00e0 travers les costumes de \u00ab mas \u00bb, \u00e0 travers la musique, le chant et la danse, les carnavaliers ont apport\u00e9 et continuent de rassembler le l\u00e9gal et l\u2019illicite, le permis et l\u2019interdit, le rituel et le non-rituel, les al\u00e9as de la morale et de l\u2019immoralit\u00e9, le formel et l\u2019informel pour cr\u00e9er un champ social de rencontre, de com\u00e9die, d\u2019art, de th\u00e9\u00e2tre, de divertissement, de m\u00e9diation, de pouvoir et de r\u00e9bellion.<\/span><\/p>\t\t\t\t\t\t\t\t<\/div>\n\t\t\t\t<\/div>\n\t\t\t\t<div class=\"elementor-element elementor-element-b8c1138 elementor-widget elementor-widget-text-editor\" data-id=\"b8c1138\" data-element_type=\"widget\" data-widget_type=\"text-editor.default\">\n\t\t\t\t<div class=\"elementor-widget-container\">\n\t\t\t\t\t\t\t\t\t<p><span style=\"font-weight: 400;\">Ce qui est unique dans le carnaval de Trinidad, c\u2019est qu\u2019en une seule journ\u00e9e, plusieurs groupes ethniques puisent dans le festival de multiples significations et affichent par cons\u00e9quent de multiples comportements.<\/span><\/p>\n<p><span style=\"font-weight: 400;\">Certains cherchent \u00e0 s\u2019amuser malgr\u00e9 le co\u00fbt \u00e9lev\u00e9; d\u2019autres recherchent l\u2019avantage concurrentiel; certains cherchent \u00e0 montrer leur pouvoir :\u00e9conomique, sexuel, \u00e9nergique, et autres; d\u2019autres cherchent \u00e0 montrer et \u00e0 souligner les africanismes de leurs anc\u00eatres.<\/span><\/p>\t\t\t\t\t\t\t\t<\/div>\n\t\t\t\t<\/div>\n\t\t\t\t\t<\/div>\n\t\t<\/div>\n\t\t\t\t\t<\/div>\n\t\t<\/section>\n\t\t\t\t<\/div>\n\t\t","protected":false},"excerpt":{"rendered":"<p>Le Carnaval de Trinidad et Tobago : le Dr Hollis Liverpool nous en dit plus sur l\u2019histoire de ce Carnaval. Rich\u00e8s Karayib vous pr\u00e9sente le brillant Hollis Liverpool, plus connu sous le nom de Chalkdust. Chanteur de calypso originaire de Trinidad &amp; Tobago, il est titulaire d\u2019un doctorat en histoire et ethnomusicologie de l\u2019Universit\u00e9 du [&hellip;]<\/p>\n","protected":false},"author":662,"featured_media":45559,"comment_status":"open","ping_status":"open","sticky":false,"template":"","format":"standard","meta":{"_acf_changed":false,"footnotes":""},"categories":[1468],"tags":[1656],"class_list":["post-45558","post","type-post","status-publish","format-standard","has-post-thumbnail","hentry","category-histoire-patrimoine","tag-trinite-et-tobago-2"],"acf":[],"_links":{"self":[{"href":"https:\/\/richeskarayib.com\/fr\/wp-json\/wp\/v2\/posts\/45558","targetHints":{"allow":["GET"]}}],"collection":[{"href":"https:\/\/richeskarayib.com\/fr\/wp-json\/wp\/v2\/posts"}],"about":[{"href":"https:\/\/richeskarayib.com\/fr\/wp-json\/wp\/v2\/types\/post"}],"author":[{"embeddable":true,"href":"https:\/\/richeskarayib.com\/fr\/wp-json\/wp\/v2\/users\/662"}],"replies":[{"embeddable":true,"href":"https:\/\/richeskarayib.com\/fr\/wp-json\/wp\/v2\/comments?post=45558"}],"version-history":[{"count":0,"href":"https:\/\/richeskarayib.com\/fr\/wp-json\/wp\/v2\/posts\/45558\/revisions"}],"wp:featuredmedia":[{"embeddable":true,"href":"https:\/\/richeskarayib.com\/fr\/wp-json\/wp\/v2\/media\/45559"}],"wp:attachment":[{"href":"https:\/\/richeskarayib.com\/fr\/wp-json\/wp\/v2\/media?parent=45558"}],"wp:term":[{"taxonomy":"category","embeddable":true,"href":"https:\/\/richeskarayib.com\/fr\/wp-json\/wp\/v2\/categories?post=45558"},{"taxonomy":"post_tag","embeddable":true,"href":"https:\/\/richeskarayib.com\/fr\/wp-json\/wp\/v2\/tags?post=45558"}],"curies":[{"name":"wp","href":"https:\/\/api.w.org\/{rel}","templated":true}]}}