{"id":45647,"date":"2025-02-28T13:00:10","date_gmt":"2025-02-28T17:00:10","guid":{"rendered":"https:\/\/richeskarayib.com\/la-dominique-et-les-industries-culturelles-liberer-le-pouvoir-du-carnaval-et-des-arts-pour-la-croissance-economique\/"},"modified":"2025-03-24T00:03:35","modified_gmt":"2025-03-24T04:03:35","slug":"sobers-esprit-dominique-et-les-industries","status":"publish","type":"post","link":"https:\/\/richeskarayib.com\/fr\/sobers-esprit-dominique-et-les-industries\/","title":{"rendered":"La Dominique et les industries culturelles : Lib\u00e9rer le pouvoir du carnaval et des arts pour la croissance \u00e9conomique"},"content":{"rendered":"\t\t<div data-elementor-type=\"wp-post\" data-elementor-id=\"45647\" class=\"elementor elementor-45647 elementor-45626\" data-elementor-post-type=\"post\">\n\t\t\t\t\t\t<section class=\"elementor-section elementor-top-section elementor-element elementor-element-28399df elementor-section-boxed elementor-section-height-default elementor-section-height-default\" data-id=\"28399df\" data-element_type=\"section\">\n\t\t\t\t\t\t<div class=\"elementor-container elementor-column-gap-default\">\n\t\t\t\t\t<div class=\"elementor-column elementor-col-100 elementor-top-column elementor-element elementor-element-6460ea6\" data-id=\"6460ea6\" data-element_type=\"column\">\n\t\t\t<div class=\"elementor-widget-wrap elementor-element-populated\">\n\t\t\t\t\t\t<div class=\"elementor-element elementor-element-db84ae5 elementor-widget elementor-widget-text-editor\" data-id=\"db84ae5\" data-element_type=\"widget\" data-widget_type=\"text-editor.default\">\n\t\t\t\t<div class=\"elementor-widget-container\">\n\t\t\t\t\t\t\t\t\t<p><br \/><span style=\"font-weight: 400;\"><a href=\"https:\/\/www.linkedin.com\/in\/sobers-esprit-93564236\/?originalSubdomain=dm\" target=\"_blank\" rel=\"noopener nofollow\">Sobers Esprit<\/a>, un expert en tourisme et en industries culturelles, offre une perspective perspicace sur le r\u00f4le des arts et des festivals dans le fa\u00e7onnement du paysage socio-\u00e9conomique de la Dominique. <\/span><\/p><p><span style=\"font-weight: 400;\">Les Cara\u00efbes, souvent c\u00e9l\u00e9br\u00e9es pour leurs plages ensoleill\u00e9es et leur culture, reconnaissent de plus en plus le potentiel inexploit\u00e9 de leurs industries cr\u00e9atives. Au c\u0153ur de cette transformation se trouve la Dominique, une \u00eele o\u00f9 la culture est pr\u00e9sente dans toutes les facettes de la vie. <\/span><\/p>\t\t\t\t\t\t\t\t<\/div>\n\t\t\t\t<\/div>\n\t\t\t\t\t<\/div>\n\t\t<\/div>\n\t\t\t\t\t<\/div>\n\t\t<\/section>\n\t\t\t\t<section class=\"elementor-section elementor-top-section elementor-element elementor-element-3187633 elementor-section-boxed elementor-section-height-default elementor-section-height-default\" data-id=\"3187633\" data-element_type=\"section\">\n\t\t\t\t\t\t<div class=\"elementor-container elementor-column-gap-default\">\n\t\t\t\t\t<div class=\"elementor-column elementor-col-100 elementor-top-column elementor-element elementor-element-c032e63\" data-id=\"c032e63\" data-element_type=\"column\">\n\t\t\t<div class=\"elementor-widget-wrap elementor-element-populated\">\n\t\t\t\t\t\t<div class=\"elementor-element elementor-element-9d5dacd elementor-widget elementor-widget-heading\" data-id=\"9d5dacd\" data-element_type=\"widget\" data-widget_type=\"heading.default\">\n\t\t\t\t<div class=\"elementor-widget-container\">\n\t\t\t\t\t<h2 class=\"elementor-heading-title elementor-size-default\">Industries culturelles : du divertissement \u00e0 la puissance \u00e9conomique\n<\/h2>\t\t\t\t<\/div>\n\t\t\t\t<\/div>\n\t\t\t\t<section class=\"elementor-section elementor-inner-section elementor-element elementor-element-3a9ca9e elementor-section-boxed elementor-section-height-default elementor-section-height-default\" data-id=\"3a9ca9e\" data-element_type=\"section\">\n\t\t\t\t\t\t<div class=\"elementor-container elementor-column-gap-default\">\n\t\t\t\t\t<div class=\"elementor-column elementor-col-100 elementor-inner-column elementor-element elementor-element-210cb6a\" data-id=\"210cb6a\" data-element_type=\"column\">\n\t\t\t<div class=\"elementor-widget-wrap elementor-element-populated\">\n\t\t\t\t\t\t<div class=\"elementor-element elementor-element-bcf478d elementor-widget elementor-widget-text-editor\" data-id=\"bcf478d\" data-element_type=\"widget\" data-widget_type=\"text-editor.default\">\n\t\t\t\t<div class=\"elementor-widget-container\">\n\t\t\t\t\t\t\t\t\t<p>\n            <span style=\"font-weight: 400;\">&#8220;Pendant longtemps, les arts et la culture dans les Cara\u00efbes ont \u00e9t\u00e9 consid\u00e9r\u00e9s comme un simple divertissement&#8221;, explique <a href=\"https:\/\/musictt.co.tt\/sobers-esprit\/\" target=\"_blank\" rel=\"noopener nofollow\">Sobers Esprit.<\/a>&#8220;Aujourd&#8217;hui, ils sont reconnus comme de puissants moteurs de la croissance \u00e9conomique et de la construction de l&#8217;identit\u00e9. Ce changement de paradigme s&#8217;aligne sur les tendances mondiales, o\u00f9 la cr\u00e9ativit\u00e9, la connaissance et les exp\u00e9riences deviennent des atouts \u00e9conomiques cruciaux.  <\/span>\n          <\/p>\n<p>\n            <span style=\"font-weight: 400;\">Sobers Esprit souligne comment des pays comme la <a href=\"https:\/\/richeskarayib.com\/fr\/la-musique-reggae-de-la-jamaique-influence-et-impact-au-niveau-mondial\/\" target=\"_blank\" rel=\"noopener\">Jama\u00efque<\/a> et <a href=\"https:\/\/richeskarayib.com\/fr\/carnaval-de-trinidad-et-tobago-dr-hollis\/\" target=\"_blank\" rel=\"noopener\">Trinit\u00e9-et-Tobago<\/a> ont tir\u00e9 parti de leurs industries musicales pour \u00e9tablir des marques culturelles reconnues \u00e0 l&#8217;\u00e9chelle mondiale. &#8220;Nous avons le talent en Dominique, mais nous manquons d&#8217;infrastructures et d&#8217;investissements strat\u00e9giques pour construire une industrie cr\u00e9ative durable&#8221;, affirme-t-il. <\/span>\n          <\/p>\n\t\t\t\t\t\t\t\t<\/div>\n\t\t\t\t<\/div>\n\t\t\t\t<section class=\"elementor-section elementor-inner-section elementor-element elementor-element-e4ca9f6 elementor-section-boxed elementor-section-height-default elementor-section-height-default\" data-id=\"e4ca9f6\" data-element_type=\"section\">\n\t\t\t\t\t\t<div class=\"elementor-container elementor-column-gap-default\">\n\t\t\t\t\t<div class=\"elementor-column elementor-col-50 elementor-inner-column elementor-element elementor-element-327fcd8\" data-id=\"327fcd8\" data-element_type=\"column\">\n\t\t\t<div class=\"elementor-widget-wrap elementor-element-populated\">\n\t\t\t\t\t\t<div class=\"elementor-element elementor-element-6facbcf elementor-widget elementor-widget-image\" data-id=\"6facbcf\" data-element_type=\"widget\" data-widget_type=\"image.default\">\n\t\t\t\t<div class=\"elementor-widget-container\">\n\t\t\t\t\t\t\t\t\t\t\t\t<figure class=\"wp-caption\">\n\t\t\t\t\t\t\t\t\t\t<img fetchpriority=\"high\" decoding=\"async\" width=\"800\" height=\"800\" src=\"https:\/\/richeskarayib.com\/wp-content\/uploads\/2025\/02\/1-1-1024x1024.png\" class=\"attachment-large size-large wp-image-45641\" alt=\"Sobers Esprit\" srcset=\"https:\/\/richeskarayib.com\/wp-content\/uploads\/2025\/02\/1-1-1024x1024.png 1024w, https:\/\/richeskarayib.com\/wp-content\/uploads\/2025\/02\/1-1-300x300.png 300w, https:\/\/richeskarayib.com\/wp-content\/uploads\/2025\/02\/1-1-150x150.png 150w, https:\/\/richeskarayib.com\/wp-content\/uploads\/2025\/02\/1-1-768x768.png 768w, https:\/\/richeskarayib.com\/wp-content\/uploads\/2025\/02\/1-1.png 1080w\" sizes=\"(max-width: 800px) 100vw, 800px\" \/>\t\t\t\t\t\t\t\t\t\t\t<figcaption class=\"widget-image-caption wp-caption-text\">Sobers Esprit<\/figcaption>\n\t\t\t\t\t\t\t\t\t\t<\/figure>\n\t\t\t\t\t\t\t\t\t<\/div>\n\t\t\t\t<\/div>\n\t\t\t\t\t<\/div>\n\t\t<\/div>\n\t\t\t\t<div class=\"elementor-column elementor-col-50 elementor-inner-column elementor-element elementor-element-c4c2769\" data-id=\"c4c2769\" data-element_type=\"column\">\n\t\t\t<div class=\"elementor-widget-wrap elementor-element-populated\">\n\t\t\t\t\t\t<div class=\"elementor-element elementor-element-ed44737 elementor-widget elementor-widget-image\" data-id=\"ed44737\" data-element_type=\"widget\" data-widget_type=\"image.default\">\n\t\t\t\t<div class=\"elementor-widget-container\">\n\t\t\t\t\t\t\t\t\t\t\t\t<figure class=\"wp-caption\">\n\t\t\t\t\t\t\t\t\t\t<img decoding=\"async\" width=\"800\" height=\"800\" src=\"https:\/\/richeskarayib.com\/wp-content\/uploads\/2025\/02\/2-1-1024x1024.png\" class=\"attachment-large size-large wp-image-45645\" alt=\"Sobers Esprit\" srcset=\"https:\/\/richeskarayib.com\/wp-content\/uploads\/2025\/02\/2-1-1024x1024.png 1024w, https:\/\/richeskarayib.com\/wp-content\/uploads\/2025\/02\/2-1-300x300.png 300w, https:\/\/richeskarayib.com\/wp-content\/uploads\/2025\/02\/2-1-150x150.png 150w, https:\/\/richeskarayib.com\/wp-content\/uploads\/2025\/02\/2-1-768x768.png 768w, https:\/\/richeskarayib.com\/wp-content\/uploads\/2025\/02\/2-1.png 1080w\" sizes=\"(max-width: 800px) 100vw, 800px\" \/>\t\t\t\t\t\t\t\t\t\t\t<figcaption class=\"widget-image-caption wp-caption-text\">Sobers Esprit<\/figcaption>\n\t\t\t\t\t\t\t\t\t\t<\/figure>\n\t\t\t\t\t\t\t\t\t<\/div>\n\t\t\t\t<\/div>\n\t\t\t\t\t<\/div>\n\t\t<\/div>\n\t\t\t\t\t<\/div>\n\t\t<\/section>\n\t\t\t\t\t<\/div>\n\t\t<\/div>\n\t\t\t\t\t<\/div>\n\t\t<\/section>\n\t\t\t\t\t<\/div>\n\t\t<\/div>\n\t\t\t\t\t<\/div>\n\t\t<\/section>\n\t\t\t\t<section class=\"elementor-section elementor-top-section elementor-element elementor-element-e2af31e elementor-section-boxed elementor-section-height-default elementor-section-height-default\" data-id=\"e2af31e\" data-element_type=\"section\">\n\t\t\t\t\t\t<div class=\"elementor-container elementor-column-gap-default\">\n\t\t\t\t\t<div class=\"elementor-column elementor-col-100 elementor-top-column elementor-element elementor-element-fa3add0\" data-id=\"fa3add0\" data-element_type=\"column\">\n\t\t\t<div class=\"elementor-widget-wrap elementor-element-populated\">\n\t\t\t\t\t\t<div class=\"elementor-element elementor-element-ec22d48 elementor-widget elementor-widget-heading\" data-id=\"ec22d48\" data-element_type=\"widget\" data-widget_type=\"heading.default\">\n\t\t\t\t<div class=\"elementor-widget-container\">\n\t\t\t\t\t<h2 class=\"elementor-heading-title elementor-size-default\">L'importance \u00e9conomique du carnaval de la Dominique<\/h2>\t\t\t\t<\/div>\n\t\t\t\t<\/div>\n\t\t\t\t<section class=\"elementor-section elementor-inner-section elementor-element elementor-element-3d4f11a elementor-section-boxed elementor-section-height-default elementor-section-height-default\" data-id=\"3d4f11a\" data-element_type=\"section\">\n\t\t\t\t\t\t<div class=\"elementor-container elementor-column-gap-default\">\n\t\t\t\t\t<div class=\"elementor-column elementor-col-100 elementor-inner-column elementor-element elementor-element-75cf854\" data-id=\"75cf854\" data-element_type=\"column\">\n\t\t\t<div class=\"elementor-widget-wrap elementor-element-populated\">\n\t\t\t\t\t\t<div class=\"elementor-element elementor-element-c063a71 elementor-widget elementor-widget-text-editor\" data-id=\"c063a71\" data-element_type=\"widget\" data-widget_type=\"text-editor.default\">\n\t\t\t\t<div class=\"elementor-widget-container\">\n\t\t\t\t\t\t\t\t\t<p>\n            <span style=\"font-weight: 400;\">Le carnaval de la Dominique est plus qu&#8217;une simple f\u00eate, c&#8217;est un catalyseur \u00e9conomique. Enracin\u00e9 dans l&#8217;h\u00e9ritage africain et les traditions post-\u00e9mancipation, le carnaval de l&#8217;\u00eele pr\u00e9sente des costumes uniques tels que l&#8217;embl\u00e9matique Sennse, fabriqu\u00e9 \u00e0 partir de mat\u00e9riaux recycl\u00e9s. &#8220;Le carnaval g\u00e9n\u00e8re des millions de revenus et cr\u00e9e un vaste \u00e9cosyst\u00e8me impliquant des musiciens, des costumiers et des cr\u00e9ateurs de mascarades traditionnelles, des auteurs de chansons, des artistes de sc\u00e8ne (chanteurs de calypso et de bouyon), des organisateurs de concours, des organisateurs d&#8217;\u00e9v\u00e9nements et des petites entreprises, entre autres&#8221;, explique Sobers Esprit.  <\/span>\n          <\/p>\n<p>\n            <span style=\"font-weight: 400;\">Malgr\u00e9 ses promesses \u00e9conomiques, des d\u00e9fis persistent. L&#8217;acc\u00e8s a\u00e9rien limit\u00e9 et la capacit\u00e9 d&#8217;h\u00e9bergement insuffisante restent des obstacles majeurs. &#8220;Si nous voulons exploiter pleinement le potentiel de notre carnaval, nous devons nous attaquer \u00e0 ces contraintes logistiques&#8221;, souligne-t-il.  <\/span>\n          <\/p>\n\t\t\t\t\t\t\t\t<\/div>\n\t\t\t\t<\/div>\n\t\t\t\t<section class=\"elementor-section elementor-inner-section elementor-element elementor-element-d36d486 elementor-section-boxed elementor-section-height-default elementor-section-height-default\" data-id=\"d36d486\" data-element_type=\"section\">\n\t\t\t\t\t\t<div class=\"elementor-container elementor-column-gap-default\">\n\t\t\t\t\t<div class=\"elementor-column elementor-col-50 elementor-inner-column elementor-element elementor-element-0c760d0\" data-id=\"0c760d0\" data-element_type=\"column\">\n\t\t\t<div class=\"elementor-widget-wrap elementor-element-populated\">\n\t\t\t\t\t\t<div class=\"elementor-element elementor-element-f23ad46 elementor-widget elementor-widget-image\" data-id=\"f23ad46\" data-element_type=\"widget\" data-widget_type=\"image.default\">\n\t\t\t\t<div class=\"elementor-widget-container\">\n\t\t\t\t\t\t\t\t\t\t\t\t\t\t\t<img decoding=\"async\" width=\"800\" height=\"800\" src=\"https:\/\/richeskarayib.com\/wp-content\/uploads\/2025\/02\/4-1-1024x1024.png\" class=\"attachment-large size-large wp-image-45633\" alt=\"Sobers Esprit\" srcset=\"https:\/\/richeskarayib.com\/wp-content\/uploads\/2025\/02\/4-1-1024x1024.png 1024w, https:\/\/richeskarayib.com\/wp-content\/uploads\/2025\/02\/4-1-300x300.png 300w, https:\/\/richeskarayib.com\/wp-content\/uploads\/2025\/02\/4-1-150x150.png 150w, https:\/\/richeskarayib.com\/wp-content\/uploads\/2025\/02\/4-1-768x768.png 768w, https:\/\/richeskarayib.com\/wp-content\/uploads\/2025\/02\/4-1.png 1080w\" sizes=\"(max-width: 800px) 100vw, 800px\" \/>\t\t\t\t\t\t\t\t\t\t\t\t\t\t\t<\/div>\n\t\t\t\t<\/div>\n\t\t\t\t\t<\/div>\n\t\t<\/div>\n\t\t\t\t<div class=\"elementor-column elementor-col-50 elementor-inner-column elementor-element elementor-element-6a5eb63\" data-id=\"6a5eb63\" data-element_type=\"column\">\n\t\t\t<div class=\"elementor-widget-wrap elementor-element-populated\">\n\t\t\t\t\t\t<div class=\"elementor-element elementor-element-e0db693 elementor-widget elementor-widget-image\" data-id=\"e0db693\" data-element_type=\"widget\" data-widget_type=\"image.default\">\n\t\t\t\t<div class=\"elementor-widget-container\">\n\t\t\t\t\t\t\t\t\t\t\t\t\t\t\t<img loading=\"lazy\" decoding=\"async\" width=\"800\" height=\"800\" src=\"https:\/\/richeskarayib.com\/wp-content\/uploads\/2025\/02\/5-1024x1024.png\" class=\"attachment-large size-large wp-image-45637\" alt=\"Sobers Esprit\" srcset=\"https:\/\/richeskarayib.com\/wp-content\/uploads\/2025\/02\/5-1024x1024.png 1024w, https:\/\/richeskarayib.com\/wp-content\/uploads\/2025\/02\/5-300x300.png 300w, https:\/\/richeskarayib.com\/wp-content\/uploads\/2025\/02\/5-150x150.png 150w, https:\/\/richeskarayib.com\/wp-content\/uploads\/2025\/02\/5-768x768.png 768w, https:\/\/richeskarayib.com\/wp-content\/uploads\/2025\/02\/5.png 1080w\" sizes=\"(max-width: 800px) 100vw, 800px\" \/>\t\t\t\t\t\t\t\t\t\t\t\t\t\t\t<\/div>\n\t\t\t\t<\/div>\n\t\t\t\t\t<\/div>\n\t\t<\/div>\n\t\t\t\t\t<\/div>\n\t\t<\/section>\n\t\t\t\t\t<\/div>\n\t\t<\/div>\n\t\t\t\t\t<\/div>\n\t\t<\/section>\n\t\t\t\t\t<\/div>\n\t\t<\/div>\n\t\t\t\t\t<\/div>\n\t\t<\/section>\n\t\t\t\t<section class=\"elementor-section elementor-top-section elementor-element elementor-element-526a4fb elementor-section-boxed elementor-section-height-default elementor-section-height-default\" data-id=\"526a4fb\" data-element_type=\"section\">\n\t\t\t\t\t\t<div class=\"elementor-container elementor-column-gap-default\">\n\t\t\t\t\t<div class=\"elementor-column elementor-col-100 elementor-top-column elementor-element elementor-element-0aa56a7\" data-id=\"0aa56a7\" data-element_type=\"column\">\n\t\t\t<div class=\"elementor-widget-wrap elementor-element-populated\">\n\t\t\t\t\t\t<div class=\"elementor-element elementor-element-6576687 elementor-widget elementor-widget-heading\" data-id=\"6576687\" data-element_type=\"widget\" data-widget_type=\"heading.default\">\n\t\t\t\t<div class=\"elementor-widget-container\">\n\t\t\t\t\t<h2 class=\"elementor-heading-title elementor-size-default\">Construire une \u00e9conomie culturelle durable<\/h2>\t\t\t\t<\/div>\n\t\t\t\t<\/div>\n\t\t\t\t<section class=\"elementor-section elementor-inner-section elementor-element elementor-element-19da78e elementor-section-boxed elementor-section-height-default elementor-section-height-default\" data-id=\"19da78e\" data-element_type=\"section\">\n\t\t\t\t\t\t<div class=\"elementor-container elementor-column-gap-default\">\n\t\t\t\t\t<div class=\"elementor-column elementor-col-100 elementor-inner-column elementor-element elementor-element-12ca3cd\" data-id=\"12ca3cd\" data-element_type=\"column\">\n\t\t\t<div class=\"elementor-widget-wrap elementor-element-populated\">\n\t\t\t\t\t\t<div class=\"elementor-element elementor-element-10be363 elementor-widget elementor-widget-text-editor\" data-id=\"10be363\" data-element_type=\"widget\" data-widget_type=\"text-editor.default\">\n\t\t\t\t<div class=\"elementor-widget-container\">\n\t\t\t\t\t\t\t\t\t<p>\n            <span style=\"font-weight: 400;\">Pour faire de la culture un moteur \u00e9conomique \u00e0 long terme, Sobers Esprit pr\u00e9conise des investissements strat\u00e9giques dans des domaines cl\u00e9s :<\/span>\n          <\/p>\n<ul>\n<li style=\"font-weight: 400;\" aria-level=\"1\"><b>D\u00e9veloppement des infrastructures :<\/b><span style=\"font-weight: 400;\"> &#8220;Nous avons besoin d&#8217;espaces d\u00e9di\u00e9s aux spectacles et d&#8217;installations de production pour cultiver les talents&#8221;, sugg\u00e8re-t-il.<\/span><\/li>\n<li style=\"font-weight: 400;\" aria-level=\"1\"><b>Formation continue :<\/b><span style=\"font-weight: 400;\"> Investir dans des programmes \u00e9ducatifs pour am\u00e9liorer les comp\u00e9tences des artistes et des praticiens de la culture.<\/span><\/li>\n<li style=\"font-weight: 400;\" aria-level=\"1\"><b>Protection des droits d&#8217;auteur :<\/b><span style=\"font-weight: 400;\"> &#8220;Les artistes doivent \u00eatre assur\u00e9s que leur propri\u00e9t\u00e9 intellectuelle est prot\u00e9g\u00e9e afin de garantir une r\u00e9mun\u00e9ration \u00e9quitable.<\/span><\/li>\n<li style=\"font-weight: 400;\" aria-level=\"1\"><b>Incitations fiscales :<\/b><span style=\"font-weight: 400;\"> R\u00e9duire les droits d&#8217;importation sur les mat\u00e9riaux utilis\u00e9s dans la production culturelle afin de soutenir les entrepreneurs locaux.<\/span><\/li>\n<\/ul>\n\t\t\t\t\t\t\t\t<\/div>\n\t\t\t\t<\/div>\n\t\t\t\t\t<\/div>\n\t\t<\/div>\n\t\t\t\t\t<\/div>\n\t\t<\/section>\n\t\t\t\t\t<\/div>\n\t\t<\/div>\n\t\t\t\t\t<\/div>\n\t\t<\/section>\n\t\t\t\t<section class=\"elementor-section elementor-top-section elementor-element elementor-element-df919cb elementor-section-boxed elementor-section-height-default elementor-section-height-default\" data-id=\"df919cb\" data-element_type=\"section\">\n\t\t\t\t\t\t<div class=\"elementor-container elementor-column-gap-default\">\n\t\t\t\t\t<div class=\"elementor-column elementor-col-100 elementor-top-column elementor-element elementor-element-0763e35\" data-id=\"0763e35\" data-element_type=\"column\">\n\t\t\t<div class=\"elementor-widget-wrap elementor-element-populated\">\n\t\t\t\t\t\t<div class=\"elementor-element elementor-element-486a632 elementor-widget elementor-widget-heading\" data-id=\"486a632\" data-element_type=\"widget\" data-widget_type=\"heading.default\">\n\t\t\t\t<div class=\"elementor-widget-container\">\n\t\t\t\t\t<h2 class=\"elementor-heading-title elementor-size-default\">Commercialiser la culture des Cara\u00efbes \u00e0 l'\u00e9chelle mondiale<\/h2>\t\t\t\t<\/div>\n\t\t\t\t<\/div>\n\t\t\t\t<section class=\"elementor-section elementor-inner-section elementor-element elementor-element-8a867b8 elementor-section-boxed elementor-section-height-default elementor-section-height-default\" data-id=\"8a867b8\" data-element_type=\"section\">\n\t\t\t\t\t\t<div class=\"elementor-container elementor-column-gap-default\">\n\t\t\t\t\t<div class=\"elementor-column elementor-col-100 elementor-inner-column elementor-element elementor-element-3df625f\" data-id=\"3df625f\" data-element_type=\"column\">\n\t\t\t<div class=\"elementor-widget-wrap elementor-element-populated\">\n\t\t\t\t\t\t<div class=\"elementor-element elementor-element-72b6718 elementor-widget elementor-widget-text-editor\" data-id=\"72b6718\" data-element_type=\"widget\" data-widget_type=\"text-editor.default\">\n\t\t\t\t<div class=\"elementor-widget-container\">\n\t\t\t\t\t\t\t\t\t<p>\n            <span style=\"font-weight: 400;\">Un calendrier commun des carnavals des Cara\u00efbes pourrait stimuler consid\u00e9rablement le tourisme r\u00e9gional et attirer un public plus large. &#8220;Des efforts de marketing conjoints peuvent positionner les Cara\u00efbes comme une destination culturelle tout au long de l&#8217;ann\u00e9e&#8221;, note Sobers Esprit. En collaborant au-del\u00e0 des fronti\u00e8res, la r\u00e9gion peut pr\u00e9senter un front uni et maximiser son potentiel collectif.  <\/span>\n          <\/p>\n\t\t\t\t\t\t\t\t<\/div>\n\t\t\t\t<\/div>\n\t\t\t\t\t<\/div>\n\t\t<\/div>\n\t\t\t\t\t<\/div>\n\t\t<\/section>\n\t\t\t\t\t<\/div>\n\t\t<\/div>\n\t\t\t\t\t<\/div>\n\t\t<\/section>\n\t\t\t\t<section class=\"elementor-section elementor-top-section elementor-element elementor-element-bdaf71e elementor-section-boxed elementor-section-height-default elementor-section-height-default\" data-id=\"bdaf71e\" data-element_type=\"section\">\n\t\t\t\t\t\t<div class=\"elementor-container elementor-column-gap-default\">\n\t\t\t\t\t<div class=\"elementor-column elementor-col-100 elementor-top-column elementor-element elementor-element-15cc7bc\" data-id=\"15cc7bc\" data-element_type=\"column\">\n\t\t\t<div class=\"elementor-widget-wrap elementor-element-populated\">\n\t\t\t\t\t\t<div class=\"elementor-element elementor-element-5bd575e elementor-widget elementor-widget-heading\" data-id=\"5bd575e\" data-element_type=\"widget\" data-widget_type=\"heading.default\">\n\t\t\t\t<div class=\"elementor-widget-container\">\n\t\t\t\t\t<h2 class=\"elementor-heading-title elementor-size-default\">Collaboration r\u00e9gionale : renforcement des liens culturels<\/h2>\t\t\t\t<\/div>\n\t\t\t\t<\/div>\n\t\t\t\t<section class=\"elementor-section elementor-inner-section elementor-element elementor-element-b31d81f elementor-section-boxed elementor-section-height-default elementor-section-height-default\" data-id=\"b31d81f\" data-element_type=\"section\">\n\t\t\t\t\t\t<div class=\"elementor-container elementor-column-gap-default\">\n\t\t\t\t\t<div class=\"elementor-column elementor-col-100 elementor-inner-column elementor-element elementor-element-fc79262\" data-id=\"fc79262\" data-element_type=\"column\">\n\t\t\t<div class=\"elementor-widget-wrap elementor-element-populated\">\n\t\t\t\t\t\t<div class=\"elementor-element elementor-element-9fbd7da elementor-widget elementor-widget-text-editor\" data-id=\"9fbd7da\" data-element_type=\"widget\" data-widget_type=\"text-editor.default\">\n\t\t\t\t<div class=\"elementor-widget-container\">\n\t\t\t\t\t\t\t\t\t<p>\n            <span style=\"font-weight: 400;\">M. Esprit souligne l&#8217;importance de la collaboration entre les \u00eeles des Cara\u00efbes pour cr\u00e9er une \u00e9conomie culturelle florissante. &#8220;Nous avons travaill\u00e9 avec des \u00eeles voisines telles que Sainte-Lucie, la Guadeloupe, Trinit\u00e9-et-Tobago et d&#8217;autres pour partager les meilleures pratiques, promouvoir les \u00e9changes culturels et favoriser l&#8217;unit\u00e9 r\u00e9gionale par le biais de nos festivals&#8221;, explique-t-il. Ces partenariats ont permis le partage des connaissances et le renforcement des capacit\u00e9s, essentiels pour consolider les industries cr\u00e9atives dans toute la r\u00e9gion.  <\/span>\n          <\/p>\n<p>\n            <span style=\"font-weight: 400;\">L&#8217;une de ces initiatives comprend des discussions avec les organisateurs du carnaval de la Nouvelle-Orl\u00e9ans en vue d&#8217;\u00e9tablir une plateforme d&#8217;\u00e9change d&#8217;id\u00e9es et de strat\u00e9gies. &#8220;Cette collaboration nous permettra de tirer parti des exp\u00e9riences internationales tout en pr\u00e9sentant au monde la richesse unique de notre culture carib\u00e9enne&#8221;, souligne M. Esprit. <\/span>\n          <\/p>\n<p>\n            <span style=\"font-weight: 400;\">En outre, des projets communs tels qu&#8217;un calendrier r\u00e9gional des carnavals et des \u00e9v\u00e9nements organis\u00e9s conjointement visent \u00e0 am\u00e9liorer la visibilit\u00e9 et \u00e0 attirer un public plus large vers les offres culturelles carib\u00e9ennes. &#8220;En travaillant ensemble, nous pouvons positionner les Cara\u00efbes comme une destination culturelle de premier plan tout au long de l&#8217;ann\u00e9e&#8221;, ajoute-t-il. <\/span>\n          <\/p>\n\t\t\t\t\t\t\t\t<\/div>\n\t\t\t\t<\/div>\n\t\t\t\t\t<\/div>\n\t\t<\/div>\n\t\t\t\t\t<\/div>\n\t\t<\/section>\n\t\t\t\t\t<\/div>\n\t\t<\/div>\n\t\t\t\t\t<\/div>\n\t\t<\/section>\n\t\t\t\t<section class=\"elementor-section elementor-top-section elementor-element elementor-element-ade3659 elementor-section-boxed elementor-section-height-default elementor-section-height-default\" data-id=\"ade3659\" data-element_type=\"section\">\n\t\t\t\t\t\t<div class=\"elementor-container elementor-column-gap-default\">\n\t\t\t\t\t<div class=\"elementor-column elementor-col-100 elementor-top-column elementor-element elementor-element-c99c413\" data-id=\"c99c413\" data-element_type=\"column\">\n\t\t\t<div class=\"elementor-widget-wrap elementor-element-populated\">\n\t\t\t\t\t\t<div class=\"elementor-element elementor-element-c4fcd34 elementor-widget elementor-widget-heading\" data-id=\"c4fcd34\" data-element_type=\"widget\" data-widget_type=\"heading.default\">\n\t\t\t\t<div class=\"elementor-widget-container\">\n\t\t\t\t\t<h2 class=\"elementor-heading-title elementor-size-default\">Un appel \u00e0 la collaboration et \u00e0 l'investissement<\/h2>\t\t\t\t<\/div>\n\t\t\t\t<\/div>\n\t\t\t\t<section class=\"elementor-section elementor-inner-section elementor-element elementor-element-0473b61 elementor-section-boxed elementor-section-height-default elementor-section-height-default\" data-id=\"0473b61\" data-element_type=\"section\">\n\t\t\t\t\t\t<div class=\"elementor-container elementor-column-gap-default\">\n\t\t\t\t\t<div class=\"elementor-column elementor-col-100 elementor-inner-column elementor-element elementor-element-1e0691b\" data-id=\"1e0691b\" data-element_type=\"column\">\n\t\t\t<div class=\"elementor-widget-wrap elementor-element-populated\">\n\t\t\t\t\t\t<div class=\"elementor-element elementor-element-2a076a6 elementor-widget elementor-widget-text-editor\" data-id=\"2a076a6\" data-element_type=\"widget\" data-widget_type=\"text-editor.default\">\n\t\t\t\t<div class=\"elementor-widget-container\">\n\t\t\t\t\t\t\t\t\t<p>\n            <span style=\"font-weight: 400;\">Pour que les Cara\u00efbes profitent pleinement de leurs atouts culturels, la collaboration est cruciale. &#8220;Nous devons travailler ensemble, promouvoir nos festivals comme un produit unifi\u00e9, nous efforcer de r\u00e9soudre la question difficile des voyages intrar\u00e9gionaux et de l&#8217;h\u00e9bergement abordable, en particulier pour les voyageurs r\u00e9gionaux, donner la priorit\u00e9 \u00e0 la formation et au renforcement des capacit\u00e9s des praticiens de la cr\u00e9ation et garantir des investissements significatifs pour renforcer l&#8217;\u00e9cosyst\u00e8me de notre \u00e9conomie cr\u00e9ative&#8221;, insiste M. Sobers Esprit. Il souligne l&#8217;importance de changer les perceptions : &#8220;L&#8217;art et la culture ne sont pas de simples passe-temps ; ce sont des composantes essentielles de notre tissu \u00e9conomique et social.  <\/span>\n          <\/p>\n\t\t\t\t\t\t\t\t<\/div>\n\t\t\t\t<\/div>\n\t\t\t\t\t<\/div>\n\t\t<\/div>\n\t\t\t\t\t<\/div>\n\t\t<\/section>\n\t\t\t\t\t<\/div>\n\t\t<\/div>\n\t\t\t\t\t<\/div>\n\t\t<\/section>\n\t\t\t\t<section class=\"elementor-section elementor-top-section elementor-element elementor-element-9602363 elementor-section-boxed elementor-section-height-default elementor-section-height-default\" data-id=\"9602363\" data-element_type=\"section\">\n\t\t\t\t\t\t<div class=\"elementor-container elementor-column-gap-default\">\n\t\t\t\t\t<div class=\"elementor-column elementor-col-100 elementor-top-column elementor-element elementor-element-3cbfb61\" data-id=\"3cbfb61\" data-element_type=\"column\">\n\t\t\t<div class=\"elementor-widget-wrap elementor-element-populated\">\n\t\t\t\t\t\t<div class=\"elementor-element elementor-element-da5ebee elementor-widget elementor-widget-heading\" data-id=\"da5ebee\" data-element_type=\"widget\" data-widget_type=\"heading.default\">\n\t\t\t\t<div class=\"elementor-widget-container\">\n\t\t\t\t\t<h2 class=\"elementor-heading-title elementor-size-default\">Une vision pour l'avenir<\/h2>\t\t\t\t<\/div>\n\t\t\t\t<\/div>\n\t\t\t\t<section class=\"elementor-section elementor-inner-section elementor-element elementor-element-5d0f9d7 elementor-section-boxed elementor-section-height-default elementor-section-height-default\" data-id=\"5d0f9d7\" data-element_type=\"section\">\n\t\t\t\t\t\t<div class=\"elementor-container elementor-column-gap-default\">\n\t\t\t\t\t<div class=\"elementor-column elementor-col-100 elementor-inner-column elementor-element elementor-element-d1f294a\" data-id=\"d1f294a\" data-element_type=\"column\">\n\t\t\t<div class=\"elementor-widget-wrap elementor-element-populated\">\n\t\t\t\t\t\t<div class=\"elementor-element elementor-element-22f92b5 elementor-widget elementor-widget-text-editor\" data-id=\"22f92b5\" data-element_type=\"widget\" data-widget_type=\"text-editor.default\">\n\t\t\t\t<div class=\"elementor-widget-container\">\n\t\t\t\t\t\t\t\t\t<p>\n            <span style=\"font-weight: 400;\">Alors que la Dominique et l&#8217;ensemble des Cara\u00efbes s&#8217;orientent vers une \u00e9conomie centr\u00e9e sur la cr\u00e9ativit\u00e9 et la connaissance, les parties prenantes doivent prendre des mesures d\u00e9cisives. &#8220;L&#8217;avenir de notre r\u00e9gion d\u00e9pend de notre capacit\u00e9 \u00e0 g\u00e9n\u00e9rer et \u00e0 commercialiser de nouveaux contenus culturels&#8221;, conclut Sobers Esprit. &#8220;Avec le soutien ad\u00e9quat, les industries cr\u00e9atives peuvent favoriser le d\u00e9veloppement durable, stimuler la fiert\u00e9 nationale et cr\u00e9er des opportunit\u00e9s pour les g\u00e9n\u00e9rations \u00e0 venir.&#8221;  <\/span>\n          <\/p>\n<p>\n            <span style=\"font-weight: 400;\">Rich\u00e8s Karayib, qui se consacre \u00e0 la mise en valeur de la richesse de la culture carib\u00e9enne, t\u00e9moigne de cette vision. Gr\u00e2ce \u00e0 des partenariats strat\u00e9giques et \u00e0 la narration d&#8217;histoires, la plateforme continue de plaider en faveur de la reconnaissance et de la croissance des industries culturelles de la r\u00e9gion. <\/span>\n          <\/p>\n<p>\n            <span style=\"font-weight: 400;\">Le c\u0153ur culturel de la Dominique bat fort &#8211; il est temps d&#8217;augmenter le volume et de laisser le monde l&#8217;\u00e9couter.<\/span>\n          <\/p>\n\t\t\t\t\t\t\t\t<\/div>\n\t\t\t\t<\/div>\n\t\t\t\t\t<\/div>\n\t\t<\/div>\n\t\t\t\t\t<\/div>\n\t\t<\/section>\n\t\t\t\t\t<\/div>\n\t\t<\/div>\n\t\t\t\t\t<\/div>\n\t\t<\/section>\n\t\t\t\t<\/div>\n\t\t","protected":false},"excerpt":{"rendered":"<p>Sobers Esprit, expert en tourisme et en industries culturelles, offre une perspective perspicace sur le r\u00f4le des arts et des festivals dans le fa\u00e7onnement du paysage socio-\u00e9conomique de la Dominique. Les Cara\u00efbes, souvent c\u00e9l\u00e9br\u00e9es pour leurs plages ensoleill\u00e9es et leur culture, reconnaissent de plus en plus le potentiel inexploit\u00e9 de leurs industries cr\u00e9atives. Au c\u0153ur [&hellip;]<\/p>\n","protected":false},"author":662,"featured_media":45629,"comment_status":"open","ping_status":"open","sticky":false,"template":"","format":"standard","meta":{"_acf_changed":false,"footnotes":""},"categories":[1498],"tags":[1450],"class_list":["post-45647","post","type-post","status-publish","format-standard","has-post-thumbnail","hentry","category-gestion-devenements","tag-dominique-fr"],"acf":[],"_links":{"self":[{"href":"https:\/\/richeskarayib.com\/fr\/wp-json\/wp\/v2\/posts\/45647","targetHints":{"allow":["GET"]}}],"collection":[{"href":"https:\/\/richeskarayib.com\/fr\/wp-json\/wp\/v2\/posts"}],"about":[{"href":"https:\/\/richeskarayib.com\/fr\/wp-json\/wp\/v2\/types\/post"}],"author":[{"embeddable":true,"href":"https:\/\/richeskarayib.com\/fr\/wp-json\/wp\/v2\/users\/662"}],"replies":[{"embeddable":true,"href":"https:\/\/richeskarayib.com\/fr\/wp-json\/wp\/v2\/comments?post=45647"}],"version-history":[{"count":0,"href":"https:\/\/richeskarayib.com\/fr\/wp-json\/wp\/v2\/posts\/45647\/revisions"}],"wp:featuredmedia":[{"embeddable":true,"href":"https:\/\/richeskarayib.com\/fr\/wp-json\/wp\/v2\/media\/45629"}],"wp:attachment":[{"href":"https:\/\/richeskarayib.com\/fr\/wp-json\/wp\/v2\/media?parent=45647"}],"wp:term":[{"taxonomy":"category","embeddable":true,"href":"https:\/\/richeskarayib.com\/fr\/wp-json\/wp\/v2\/categories?post=45647"},{"taxonomy":"post_tag","embeddable":true,"href":"https:\/\/richeskarayib.com\/fr\/wp-json\/wp\/v2\/tags?post=45647"}],"curies":[{"name":"wp","href":"https:\/\/api.w.org\/{rel}","templated":true}]}}