{"id":45832,"date":"2025-03-05T10:00:25","date_gmt":"2025-03-05T14:00:25","guid":{"rendered":"https:\/\/richeskarayib.com\/?p=45832"},"modified":"2025-03-05T12:10:17","modified_gmt":"2025-03-05T16:10:17","slug":"le-carnaval-de-martinique-2025-mardi-gras","status":"publish","type":"post","link":"https:\/\/richeskarayib.com\/fr\/le-carnaval-de-martinique-2025-mardi-gras\/","title":{"rendered":"Le Carnaval de Martinique 2025 : Mardi Gras, le c\u0153ur battant de la f\u00eate"},"content":{"rendered":"\t\t<div data-elementor-type=\"wp-post\" data-elementor-id=\"45832\" class=\"elementor elementor-45832\" data-elementor-post-type=\"post\">\n\t\t\t\t\t\t<section class=\"elementor-section elementor-top-section elementor-element elementor-element-7d71f82 elementor-section-boxed elementor-section-height-default elementor-section-height-default\" data-id=\"7d71f82\" data-element_type=\"section\">\n\t\t\t\t\t\t<div class=\"elementor-container elementor-column-gap-default\">\n\t\t\t\t\t<div class=\"elementor-column elementor-col-100 elementor-top-column elementor-element elementor-element-c153284\" data-id=\"c153284\" data-element_type=\"column\">\n\t\t\t<div class=\"elementor-widget-wrap elementor-element-populated\">\n\t\t\t\t\t\t<div class=\"elementor-element elementor-element-4f6c6de elementor-widget elementor-widget-text-editor\" data-id=\"4f6c6de\" data-element_type=\"widget\" data-widget_type=\"text-editor.default\">\n\t\t\t\t<div class=\"elementor-widget-container\">\n\t\t\t\t\t\t\t\t\t<p><span style=\"font-weight: 400;\"><a href=\"https:\/\/la1ere.francetvinfo.fr\/martinique\/carnaval-de-martinique-2025-pourquoi-le-mardi-gras-est-il-le-jour-le-plus-populaire-du-carnaval-1565977.html\" target=\"_blank\" rel=\"noopener nofollow\">Le Carnaval de Martinique<\/a>, un \u00e9v\u00e9nement culturel embl\u00e9matique des Cara\u00efbes, attire chaque ann\u00e9e des milliers de personnes venues c\u00e9l\u00e9brer la musique, la danse et la cr\u00e9ativit\u00e9. Pour l&#8217;\u00e9dition 2025, le Mardi Gras s&#8217;annonce comme le jour le plus populaire, avec environ 80 000 personnes attendues dans les rues de Fort-de-France. Mais qu&#8217;est-ce qui rend ce jour si sp\u00e9cial ? Dans cet article, nous allons explorer l&#8217;histoire du Carnaval martiniquais, les particularit\u00e9s de chaque jour, son \u00e9volution au fil des ann\u00e9es, et les traditions les plus marquantes.<\/span><\/p>\t\t\t\t\t\t\t\t<\/div>\n\t\t\t\t<\/div>\n\t\t\t\t\t<\/div>\n\t\t<\/div>\n\t\t\t\t\t<\/div>\n\t\t<\/section>\n\t\t\t\t<section class=\"elementor-section elementor-top-section elementor-element elementor-element-7d4f952 elementor-section-boxed elementor-section-height-default elementor-section-height-default\" data-id=\"7d4f952\" data-element_type=\"section\">\n\t\t\t\t\t\t<div class=\"elementor-container elementor-column-gap-default\">\n\t\t\t\t\t<div class=\"elementor-column elementor-col-100 elementor-top-column elementor-element elementor-element-f3833fa\" data-id=\"f3833fa\" data-element_type=\"column\">\n\t\t\t<div class=\"elementor-widget-wrap elementor-element-populated\">\n\t\t\t\t\t\t<div class=\"elementor-element elementor-element-7072b3d elementor-widget elementor-widget-heading\" data-id=\"7072b3d\" data-element_type=\"widget\" data-widget_type=\"heading.default\">\n\t\t\t\t<div class=\"elementor-widget-container\">\n\t\t\t\t\t<h2 class=\"elementor-heading-title elementor-size-default\">Histoire du Carnaval de Martinique\n<\/h2>\t\t\t\t<\/div>\n\t\t\t\t<\/div>\n\t\t\t\t<div class=\"elementor-element elementor-element-6cd393f elementor-widget elementor-widget-text-editor\" data-id=\"6cd393f\" data-element_type=\"widget\" data-widget_type=\"text-editor.default\">\n\t\t\t\t<div class=\"elementor-widget-container\">\n\t\t\t\t\t\t\t\t\t<p><span style=\"font-weight: 400;\">Le Carnaval de Martinique a une riche histoire qui remonte \u00e0 l&#8217;\u00e9poque coloniale. Initialement influenc\u00e9 par les traditions europ\u00e9ennes, il a \u00e9volu\u00e9 au fil du temps en int\u00e9grant des \u00e9l\u00e9ments culturels, africains et cr\u00e9oles. Les esclaves ont utilis\u00e9 le Carnaval comme moyen d&#8217;expression et de r\u00e9sistance, en incorporant leurs propres symboles et rituels dans les c\u00e9l\u00e9brations. Aujourd&#8217;hui, le Carnaval est un m\u00e9lange vibrant de musique, de danse et de costumes color\u00e9s, refl\u00e9tant la diversit\u00e9 culturelle de l&#8217;\u00eele.<\/span><\/p>\t\t\t\t\t\t\t\t<\/div>\n\t\t\t\t<\/div>\n\t\t\t\t\t<\/div>\n\t\t<\/div>\n\t\t\t\t\t<\/div>\n\t\t<\/section>\n\t\t\t\t<section class=\"elementor-section elementor-top-section elementor-element elementor-element-7c727fe elementor-section-boxed elementor-section-height-default elementor-section-height-default\" data-id=\"7c727fe\" data-element_type=\"section\">\n\t\t\t\t\t\t<div class=\"elementor-container elementor-column-gap-default\">\n\t\t\t\t\t<div class=\"elementor-column elementor-col-100 elementor-top-column elementor-element elementor-element-2675508\" data-id=\"2675508\" data-element_type=\"column\">\n\t\t\t<div class=\"elementor-widget-wrap elementor-element-populated\">\n\t\t\t\t\t\t<div class=\"elementor-element elementor-element-86f7f71 elementor-widget elementor-widget-heading\" data-id=\"86f7f71\" data-element_type=\"widget\" data-widget_type=\"heading.default\">\n\t\t\t\t<div class=\"elementor-widget-container\">\n\t\t\t\t\t<h2 class=\"elementor-heading-title elementor-size-default\">Les Jours du Carnaval de Martinique<\/h2>\t\t\t\t<\/div>\n\t\t\t\t<\/div>\n\t\t\t\t<div class=\"elementor-element elementor-element-3f26691 elementor-widget elementor-widget-text-editor\" data-id=\"3f26691\" data-element_type=\"widget\" data-widget_type=\"text-editor.default\">\n\t\t\t\t<div class=\"elementor-widget-container\">\n\t\t\t\t\t\t\t\t\t<p><span style=\"font-weight: 400;\">Chaque jour du Carnaval martiniquais a ses propres traditions et particularit\u00e9s :<\/span><\/p><h2><b>Samedi Gras<\/b><\/h2><p><span style=\"font-weight: 400;\">Le Samedi Gras est souvent consid\u00e9r\u00e9 comme un jour de pr\u00e9paration, mais il est \u00e9galement l&#8217;occasion pour les enfants de d\u00e9filer dans les rues avec leurs \u00e9coles, chacune ayant un th\u00e8me diff\u00e9rent<\/span><span style=\"font-weight: 400;\">. C&#8217;est aussi un moment o\u00f9 les participants commencent \u00e0 se pr\u00e9parer pour les jours \u00e0 venir.<\/span><\/p>\t\t\t\t\t\t\t\t<\/div>\n\t\t\t\t<\/div>\n\t\t\t\t<div class=\"elementor-element elementor-element-4d57056 elementor-widget elementor-widget-text-editor\" data-id=\"4d57056\" data-element_type=\"widget\" data-widget_type=\"text-editor.default\">\n\t\t\t\t<div class=\"elementor-widget-container\">\n\t\t\t\t\t\t\t\t\t<h2><b>Dimanche Gras<\/b><\/h2><p><span style=\"font-weight: 400;\">Le Dimanche Gras marque l&#8217;ouverture officielle du Carnaval avec la pr\u00e9sentation des Reines du Carnaval de chaque commune. Les Reines d\u00e9filent dans leurs costumes majestueux, incarnant l&#8217;\u00e9l\u00e9gance et la fiert\u00e9 martiniquaise. C&#8217;est \u00e9galement le jour o\u00f9 Vaval, le roi du Carnaval, fait son entr\u00e9e triomphale, entour\u00e9 de groupes \u00e0 pied et d&#8217;orchestres de rue.<\/span><\/p>\t\t\t\t\t\t\t\t<\/div>\n\t\t\t\t<\/div>\n\t\t\t\t<div class=\"elementor-element elementor-element-b78739e elementor-widget elementor-widget-text-editor\" data-id=\"b78739e\" data-element_type=\"widget\" data-widget_type=\"text-editor.default\">\n\t\t\t\t<div class=\"elementor-widget-container\">\n\t\t\t\t\t\t\t\t\t<h2><b>Lundi Gras<\/b><\/h2><p><span style=\"font-weight: 400;\">Le Lundi Gras est consacr\u00e9 aux mariages burlesques, une tradition hilarante o\u00f9 tout est invers\u00e9. Les hommes se d\u00e9guisent en mari\u00e9es extravagantes, tandis que les femmes se travestissent en mari\u00e9s farfelus. Cette journ\u00e9e est une satire haute en couleur qui c\u00e9l\u00e8bre la libert\u00e9 d&#8217;expression et d&#8217;identit\u00e9, brisant joyeusement les conventions sociales.<\/span><\/p>\t\t\t\t\t\t\t\t<\/div>\n\t\t\t\t<\/div>\n\t\t\t\t<div class=\"elementor-element elementor-element-2260cfc elementor-widget elementor-widget-text-editor\" data-id=\"2260cfc\" data-element_type=\"widget\" data-widget_type=\"text-editor.default\">\n\t\t\t\t<div class=\"elementor-widget-container\">\n\t\t\t\t\t\t\t\t\t<h2><b>Mardi Gras<\/b><\/h2><p><span style=\"font-weight: 400;\">Le Mardi Gras est le jour le plus populaire du Carnaval, marqu\u00e9 par la sortie spectaculaire des Diables Rouges. Ces personnages embl\u00e9matiques, avec leurs costumes rouges, masques effrayants et cornes, fascinent autant qu&#8217;ils impressionnent. Le rouge \u00e9clatant de leurs costumes \u00e9voque le feu et le sang, tandis que les miroirs symbolisent la connaissance. Le Mardi Gras est \u00e9galement le jour du grand vid\u00e9 en pyjama, o\u00f9 tout le monde se d\u00e9guise en rouge et noir.<\/span><\/p>\t\t\t\t\t\t\t\t<\/div>\n\t\t\t\t<\/div>\n\t\t\t\t<div class=\"elementor-element elementor-element-510a5b9 elementor-widget elementor-widget-text-editor\" data-id=\"510a5b9\" data-element_type=\"widget\" data-widget_type=\"text-editor.default\">\n\t\t\t\t<div class=\"elementor-widget-container\">\n\t\t\t\t\t\t\t\t\t<h2><b>Mercredi des Cendres<\/b><\/h2><p><span style=\"font-weight: 400;\">Le Mercredi des Cendres marque la fin du Carnaval avec une ambiance m\u00ealant \u00e9motion et symbolisme. Les carnavaliers et spectateurs se rassemblent pour dire un dernier au revoir \u00e0 Vaval. La procession est rythm\u00e9e par le chant poignant \u00ab Mag\u00e9 lavi-a r\u00e8d, Vaval ka kit\u00e9 nou ! \u00bb (\u00ab Malgr\u00e9 la duret\u00e9 de la vie, Vaval nous quitte \u00bb). La cr\u00e9mation de Vaval cl\u00f4ture les festivit\u00e9s, symbolisant la fin du Carnaval et le d\u00e9but du Car\u00eame.<\/span><\/p>\t\t\t\t\t\t\t\t<\/div>\n\t\t\t\t<\/div>\n\t\t\t\t<section class=\"elementor-section elementor-inner-section elementor-element elementor-element-59c5fff elementor-section-boxed elementor-section-height-default elementor-section-height-default\" data-id=\"59c5fff\" data-element_type=\"section\">\n\t\t\t\t\t\t<div class=\"elementor-container elementor-column-gap-default\">\n\t\t\t\t\t<div class=\"elementor-column elementor-col-33 elementor-inner-column elementor-element elementor-element-85e9118\" data-id=\"85e9118\" data-element_type=\"column\">\n\t\t\t<div class=\"elementor-widget-wrap elementor-element-populated\">\n\t\t\t\t\t\t<div class=\"elementor-element elementor-element-43cf4b5 elementor-widget elementor-widget-video\" data-id=\"43cf4b5\" data-element_type=\"widget\" data-settings=\"{&quot;youtube_url&quot;:&quot;https:\\\/\\\/www.youtube.com\\\/watch?v=iEXJpUfKRVc&amp;ab_channel=LynlyninMartinique&quot;,&quot;video_type&quot;:&quot;youtube&quot;,&quot;controls&quot;:&quot;yes&quot;}\" data-widget_type=\"video.default\">\n\t\t\t\t<div class=\"elementor-widget-container\">\n\t\t\t\t\t\t\t<div class=\"elementor-wrapper elementor-open-inline\">\n\t\t\t<div class=\"elementor-video\"><\/div>\t\t<\/div>\n\t\t\t\t\t\t<\/div>\n\t\t\t\t<\/div>\n\t\t\t\t\t<\/div>\n\t\t<\/div>\n\t\t\t\t<div class=\"elementor-column elementor-col-33 elementor-inner-column elementor-element elementor-element-bfad7a2\" data-id=\"bfad7a2\" data-element_type=\"column\">\n\t\t\t<div class=\"elementor-widget-wrap elementor-element-populated\">\n\t\t\t\t\t\t<div class=\"elementor-element elementor-element-40ea1dd elementor-widget elementor-widget-video\" data-id=\"40ea1dd\" data-element_type=\"widget\" data-settings=\"{&quot;youtube_url&quot;:&quot;https:\\\/\\\/www.youtube.com\\\/watch?v=D5ouGHuTk70&amp;ab_channel=MartiniqueTravel&quot;,&quot;video_type&quot;:&quot;youtube&quot;,&quot;controls&quot;:&quot;yes&quot;}\" data-widget_type=\"video.default\">\n\t\t\t\t<div class=\"elementor-widget-container\">\n\t\t\t\t\t\t\t<div class=\"elementor-wrapper elementor-open-inline\">\n\t\t\t<div class=\"elementor-video\"><\/div>\t\t<\/div>\n\t\t\t\t\t\t<\/div>\n\t\t\t\t<\/div>\n\t\t\t\t\t<\/div>\n\t\t<\/div>\n\t\t\t\t<div class=\"elementor-column elementor-col-33 elementor-inner-column elementor-element elementor-element-beecde2\" data-id=\"beecde2\" data-element_type=\"column\">\n\t\t\t<div class=\"elementor-widget-wrap elementor-element-populated\">\n\t\t\t\t\t\t<div class=\"elementor-element elementor-element-b1bd0e8 elementor-widget elementor-widget-video\" data-id=\"b1bd0e8\" data-element_type=\"widget\" data-settings=\"{&quot;youtube_url&quot;:&quot;https:\\\/\\\/www.youtube.com\\\/watch?v=GIRUzYXNspw&amp;ab_channel=SuzuKube&quot;,&quot;video_type&quot;:&quot;youtube&quot;,&quot;controls&quot;:&quot;yes&quot;}\" data-widget_type=\"video.default\">\n\t\t\t\t<div class=\"elementor-widget-container\">\n\t\t\t\t\t\t\t<div class=\"elementor-wrapper elementor-open-inline\">\n\t\t\t<div class=\"elementor-video\"><\/div>\t\t<\/div>\n\t\t\t\t\t\t<\/div>\n\t\t\t\t<\/div>\n\t\t\t\t\t<\/div>\n\t\t<\/div>\n\t\t\t\t\t<\/div>\n\t\t<\/section>\n\t\t\t\t\t<\/div>\n\t\t<\/div>\n\t\t\t\t\t<\/div>\n\t\t<\/section>\n\t\t\t\t<section class=\"elementor-section elementor-top-section elementor-element elementor-element-1a0b771 elementor-section-boxed elementor-section-height-default elementor-section-height-default\" data-id=\"1a0b771\" data-element_type=\"section\">\n\t\t\t\t\t\t<div class=\"elementor-container elementor-column-gap-default\">\n\t\t\t\t\t<div class=\"elementor-column elementor-col-100 elementor-top-column elementor-element elementor-element-345f4b7\" data-id=\"345f4b7\" data-element_type=\"column\">\n\t\t\t<div class=\"elementor-widget-wrap elementor-element-populated\">\n\t\t\t\t\t\t<div class=\"elementor-element elementor-element-d6a712a elementor-widget elementor-widget-heading\" data-id=\"d6a712a\" data-element_type=\"widget\" data-widget_type=\"heading.default\">\n\t\t\t\t<div class=\"elementor-widget-container\">\n\t\t\t\t\t<h2 class=\"elementor-heading-title elementor-size-default\">\u00c9volution du Carnaval de Martinique<\/h2>\t\t\t\t<\/div>\n\t\t\t\t<\/div>\n\t\t\t\t<div class=\"elementor-element elementor-element-f9582c3 elementor-widget elementor-widget-text-editor\" data-id=\"f9582c3\" data-element_type=\"widget\" data-widget_type=\"text-editor.default\">\n\t\t\t\t<div class=\"elementor-widget-container\">\n\t\t\t\t\t\t\t\t\t<p><span style=\"font-weight: 400;\">Au fil des ann\u00e9es, le <a href=\"https:\/\/richeskarayib.com\/fr\/le-carnaval-de-martinique-par-marie-lyne-post\/\" target=\"_blank\" rel=\"noopener\">Carnaval de Martinique<\/a> a \u00e9volu\u00e9 en int\u00e9grant de nouvelles technologies et m\u00e9dias pour diffuser l&#8217;\u00e9v\u00e9nement \u00e0 un public plus large. En 2025, <a href=\"https:\/\/la1ere.francetvinfo.fr\/martinique\/\" target=\"_blank\" rel=\"noopener nofollow\">Martinique la 1\u00e8re<\/a> propose une programmation immersive sur TV, radio, web et r\u00e9seaux sociaux, permettant aux spectateurs de vivre l&#8217;\u00e9v\u00e9nement en profondeur. Cette \u00e9volution a \u00e9galement permis de mettre en valeur la cr\u00e9ativit\u00e9 et la diversit\u00e9 des costumes, qui refl\u00e8tent l&#8217;histoire et les l\u00e9gendes de l&#8217;\u00eele.<\/span><\/p>\t\t\t\t\t\t\t\t<\/div>\n\t\t\t\t<\/div>\n\t\t\t\t<section class=\"elementor-section elementor-inner-section elementor-element elementor-element-2580236 elementor-section-boxed elementor-section-height-default elementor-section-height-default\" data-id=\"2580236\" data-element_type=\"section\">\n\t\t\t\t\t\t<div class=\"elementor-container elementor-column-gap-default\">\n\t\t\t\t\t<div class=\"elementor-column elementor-col-50 elementor-inner-column elementor-element elementor-element-534abeb\" data-id=\"534abeb\" data-element_type=\"column\">\n\t\t\t<div class=\"elementor-widget-wrap elementor-element-populated\">\n\t\t\t\t\t\t<div class=\"elementor-element elementor-element-077cb7c elementor-widget elementor-widget-image\" data-id=\"077cb7c\" data-element_type=\"widget\" data-widget_type=\"image.default\">\n\t\t\t\t<div class=\"elementor-widget-container\">\n\t\t\t\t\t\t\t\t\t\t\t\t<figure class=\"wp-caption\">\n\t\t\t\t\t\t\t\t\t\t<img fetchpriority=\"high\" decoding=\"async\" width=\"800\" height=\"534\" src=\"https:\/\/richeskarayib.com\/wp-content\/uploads\/2025\/03\/diable-rouge-mardi-gras-67c62967c99b4961123903-1024x683.jpg\" class=\"attachment-large size-large wp-image-45837\" alt=\"Carnaval de Martinique\" srcset=\"https:\/\/richeskarayib.com\/wp-content\/uploads\/2025\/03\/diable-rouge-mardi-gras-67c62967c99b4961123903-1024x683.jpg 1024w, https:\/\/richeskarayib.com\/wp-content\/uploads\/2025\/03\/diable-rouge-mardi-gras-67c62967c99b4961123903-300x200.jpg 300w, https:\/\/richeskarayib.com\/wp-content\/uploads\/2025\/03\/diable-rouge-mardi-gras-67c62967c99b4961123903-768x512.jpg 768w, https:\/\/richeskarayib.com\/wp-content\/uploads\/2025\/03\/diable-rouge-mardi-gras-67c62967c99b4961123903-1536x1024.jpg 1536w, https:\/\/richeskarayib.com\/wp-content\/uploads\/2025\/03\/diable-rouge-mardi-gras-67c62967c99b4961123903-1320x880.jpg 1320w, https:\/\/richeskarayib.com\/wp-content\/uploads\/2025\/03\/diable-rouge-mardi-gras-67c62967c99b4961123903.jpg 1920w\" sizes=\"(max-width: 800px) 100vw, 800px\" \/>\t\t\t\t\t\t\t\t\t\t\t<figcaption class=\"widget-image-caption wp-caption-text\">Diable rouge mardi gras.\n\nSource\u00a0: Outre-mer la 1\u00e8re.<\/figcaption>\n\t\t\t\t\t\t\t\t\t\t<\/figure>\n\t\t\t\t\t\t\t\t\t<\/div>\n\t\t\t\t<\/div>\n\t\t\t\t\t<\/div>\n\t\t<\/div>\n\t\t\t\t<div class=\"elementor-column elementor-col-50 elementor-inner-column elementor-element elementor-element-8f79795\" data-id=\"8f79795\" data-element_type=\"column\">\n\t\t\t<div class=\"elementor-widget-wrap elementor-element-populated\">\n\t\t\t\t\t\t<div class=\"elementor-element elementor-element-b7d0dd4 elementor-widget elementor-widget-image\" data-id=\"b7d0dd4\" data-element_type=\"widget\" data-widget_type=\"image.default\">\n\t\t\t\t<div class=\"elementor-widget-container\">\n\t\t\t\t\t\t\t\t\t\t\t\t<figure class=\"wp-caption\">\n\t\t\t\t\t\t\t\t\t\t<img decoding=\"async\" width=\"800\" height=\"534\" src=\"https:\/\/richeskarayib.com\/wp-content\/uploads\/2025\/03\/diable-rouge-65cbae30baaa2776822138-1024x683.jpg\" class=\"attachment-large size-large wp-image-45841\" alt=\"\" srcset=\"https:\/\/richeskarayib.com\/wp-content\/uploads\/2025\/03\/diable-rouge-65cbae30baaa2776822138-1024x683.jpg 1024w, https:\/\/richeskarayib.com\/wp-content\/uploads\/2025\/03\/diable-rouge-65cbae30baaa2776822138-300x200.jpg 300w, https:\/\/richeskarayib.com\/wp-content\/uploads\/2025\/03\/diable-rouge-65cbae30baaa2776822138-768x512.jpg 768w, https:\/\/richeskarayib.com\/wp-content\/uploads\/2025\/03\/diable-rouge-65cbae30baaa2776822138-1536x1024.jpg 1536w, https:\/\/richeskarayib.com\/wp-content\/uploads\/2025\/03\/diable-rouge-65cbae30baaa2776822138-1320x880.jpg 1320w, https:\/\/richeskarayib.com\/wp-content\/uploads\/2025\/03\/diable-rouge-65cbae30baaa2776822138.jpg 1920w\" sizes=\"(max-width: 800px) 100vw, 800px\" \/>\t\t\t\t\t\t\t\t\t\t\t<figcaption class=\"widget-image-caption wp-caption-text\">Diable rouge mardi gras.\n\nSource\u00a0: Outre-mer la 1\u00e8re.<\/figcaption>\n\t\t\t\t\t\t\t\t\t\t<\/figure>\n\t\t\t\t\t\t\t\t\t<\/div>\n\t\t\t\t<\/div>\n\t\t\t\t\t<\/div>\n\t\t<\/div>\n\t\t\t\t\t<\/div>\n\t\t<\/section>\n\t\t\t\t\t<\/div>\n\t\t<\/div>\n\t\t\t\t\t<\/div>\n\t\t<\/section>\n\t\t\t\t<section class=\"elementor-section elementor-top-section elementor-element elementor-element-0837fcd elementor-section-boxed elementor-section-height-default elementor-section-height-default\" data-id=\"0837fcd\" data-element_type=\"section\">\n\t\t\t\t\t\t<div class=\"elementor-container elementor-column-gap-default\">\n\t\t\t\t\t<div class=\"elementor-column elementor-col-100 elementor-top-column elementor-element elementor-element-0ac3728\" data-id=\"0ac3728\" data-element_type=\"column\">\n\t\t\t<div class=\"elementor-widget-wrap elementor-element-populated\">\n\t\t\t\t\t\t<div class=\"elementor-element elementor-element-f36c3be elementor-widget elementor-widget-heading\" data-id=\"f36c3be\" data-element_type=\"widget\" data-widget_type=\"heading.default\">\n\t\t\t\t<div class=\"elementor-widget-container\">\n\t\t\t\t\t<h2 class=\"elementor-heading-title elementor-size-default\">Traditions marquantes du Carnaval de Martinique<\/h2>\t\t\t\t<\/div>\n\t\t\t\t<\/div>\n\t\t\t\t<div class=\"elementor-element elementor-element-ffcaf60 elementor-widget elementor-widget-text-editor\" data-id=\"ffcaf60\" data-element_type=\"widget\" data-widget_type=\"text-editor.default\">\n\t\t\t\t<div class=\"elementor-widget-container\">\n\t\t\t\t\t\t\t\t\t<p><span style=\"font-weight: 400;\">Plusieurs traditions sont particuli\u00e8rement marquantes au Carnaval de Martinique :<\/span><\/p><ol><li style=\"font-weight: 400;\" aria-level=\"1\"><span style=\"font-weight: 400;\"><strong>Les Costumes \u00c9labor\u00e9s<\/strong> : Les costumes sont une caract\u00e9ristique essentielle du Carnaval. Ils sont souvent cr\u00e9\u00e9s avec des plumes, paillettes et tissus chatoyants, racontant des histoires et refl\u00e9tant l&#8217;histoire de l&#8217;\u00eele<\/span><span style=\"font-weight: 400;\">.<\/span><\/li><li style=\"font-weight: 400;\" aria-level=\"1\"><span style=\"font-weight: 400;\"><strong>Les Diables Rouges :<\/strong> Le personnage du Diable Rouge est une sp\u00e9cificit\u00e9 martiniquaise. Il symbolise la connaissance et l&#8217;abondance, et son costume rouge est synonyme de vie et d&#8217;\u00e9nergie.<\/span><\/li><li style=\"font-weight: 400;\" aria-level=\"1\"><span style=\"font-weight: 400;\"><strong>Les Vid\u00e9s et Parades :<\/strong> Les vid\u00e9s et parades sont au c\u0153ur du Carnaval. Ils rassemblent la population dans une ambiance festive, avec des rythmes entra\u00eenants et des danses exub\u00e9rantes.<\/span><\/li><li style=\"font-weight: 400;\" aria-level=\"1\"><span style=\"font-weight: 400;\"><strong>La Cr\u00e9mation de Vaval :<\/strong> La cr\u00e9mation de Vaval est un rituel symbolique qui marque la fin du Carnaval. C&#8217;est un moment \u00e9mouvant qui rappelle la fin des festivit\u00e9s et le d\u00e9but du Car\u00eame.<\/span><\/li><\/ol>\t\t\t\t\t\t\t\t<\/div>\n\t\t\t\t<\/div>\n\t\t\t\t\t<\/div>\n\t\t<\/div>\n\t\t\t\t\t<\/div>\n\t\t<\/section>\n\t\t\t\t<section class=\"elementor-section elementor-top-section elementor-element elementor-element-c0846fc elementor-section-boxed elementor-section-height-default elementor-section-height-default\" data-id=\"c0846fc\" data-element_type=\"section\">\n\t\t\t\t\t\t<div class=\"elementor-container elementor-column-gap-default\">\n\t\t\t\t\t<div class=\"elementor-column elementor-col-100 elementor-top-column elementor-element elementor-element-16450d1\" data-id=\"16450d1\" data-element_type=\"column\">\n\t\t\t<div class=\"elementor-widget-wrap elementor-element-populated\">\n\t\t\t\t\t\t<div class=\"elementor-element elementor-element-6687529 elementor-widget elementor-widget-text-editor\" data-id=\"6687529\" data-element_type=\"widget\" data-widget_type=\"text-editor.default\">\n\t\t\t\t<div class=\"elementor-widget-container\">\n\t\t\t\t\t\t\t\t\t<p><span style=\"font-weight: 400;\">Le Carnaval de Martinique, et particuli\u00e8rement le Mardi Gras, est un \u00e9v\u00e9nement unique qui allie musique, danse et expression culturelle. En 2025, avec plus de 243 000 personnes attendues sur l&#8217;ensemble des jours gras, le Mardi Gras promet d&#8217;\u00eatre encore une fois le point culminant de ces festivit\u00e9s. Que vous soyez un expert des Cara\u00efbes ou simplement curieux de d\u00e9couvrir cette riche culture, le Carnaval de Martinique est une exp\u00e9rience inoubliable qui vous attend.<\/span><\/p>\t\t\t\t\t\t\t\t<\/div>\n\t\t\t\t<\/div>\n\t\t\t\t<section class=\"elementor-section elementor-inner-section elementor-element elementor-element-795a5a6 elementor-section-boxed elementor-section-height-default elementor-section-height-default\" data-id=\"795a5a6\" data-element_type=\"section\">\n\t\t\t\t\t\t<div class=\"elementor-container elementor-column-gap-default\">\n\t\t\t\t\t<div class=\"elementor-column elementor-col-100 elementor-inner-column elementor-element elementor-element-de8beb7\" data-id=\"de8beb7\" data-element_type=\"column\">\n\t\t\t<div class=\"elementor-widget-wrap elementor-element-populated\">\n\t\t\t\t\t\t<div class=\"elementor-element elementor-element-94f0252 elementor-widget elementor-widget-video\" data-id=\"94f0252\" data-element_type=\"widget\" data-settings=\"{&quot;youtube_url&quot;:&quot;https:\\\/\\\/www.youtube.com\\\/watch?v=CcaidKo1vZs&amp;ab_channel=LynlyninMartinique&quot;,&quot;video_type&quot;:&quot;youtube&quot;,&quot;controls&quot;:&quot;yes&quot;}\" data-widget_type=\"video.default\">\n\t\t\t\t<div class=\"elementor-widget-container\">\n\t\t\t\t\t\t\t<div class=\"elementor-wrapper elementor-open-inline\">\n\t\t\t<div class=\"elementor-video\"><\/div>\t\t<\/div>\n\t\t\t\t\t\t<\/div>\n\t\t\t\t<\/div>\n\t\t\t\t\t<\/div>\n\t\t<\/div>\n\t\t\t\t\t<\/div>\n\t\t<\/section>\n\t\t\t\t\t<\/div>\n\t\t<\/div>\n\t\t\t\t\t<\/div>\n\t\t<\/section>\n\t\t\t\t<\/div>\n\t\t","protected":false},"excerpt":{"rendered":"<p>Le Carnaval de Martinique, un \u00e9v\u00e9nement culturel embl\u00e9matique des Cara\u00efbes, attire chaque ann\u00e9e des milliers de personnes venues c\u00e9l\u00e9brer la musique, la danse et la cr\u00e9ativit\u00e9. Pour l&#8217;\u00e9dition 2025, le Mardi Gras s&#8217;annonce comme le jour le plus populaire, avec environ 80 000 personnes attendues dans les rues de Fort-de-France. Mais qu&#8217;est-ce qui rend ce [&hellip;]<\/p>\n","protected":false},"author":662,"featured_media":45833,"comment_status":"open","ping_status":"open","sticky":false,"template":"","format":"standard","meta":{"_acf_changed":false,"footnotes":""},"categories":[840],"tags":[808],"class_list":["post-45832","post","type-post","status-publish","format-standard","has-post-thumbnail","hentry","category-actus","tag-martinique-fr"],"acf":[],"_links":{"self":[{"href":"https:\/\/richeskarayib.com\/fr\/wp-json\/wp\/v2\/posts\/45832","targetHints":{"allow":["GET"]}}],"collection":[{"href":"https:\/\/richeskarayib.com\/fr\/wp-json\/wp\/v2\/posts"}],"about":[{"href":"https:\/\/richeskarayib.com\/fr\/wp-json\/wp\/v2\/types\/post"}],"author":[{"embeddable":true,"href":"https:\/\/richeskarayib.com\/fr\/wp-json\/wp\/v2\/users\/662"}],"replies":[{"embeddable":true,"href":"https:\/\/richeskarayib.com\/fr\/wp-json\/wp\/v2\/comments?post=45832"}],"version-history":[{"count":0,"href":"https:\/\/richeskarayib.com\/fr\/wp-json\/wp\/v2\/posts\/45832\/revisions"}],"wp:featuredmedia":[{"embeddable":true,"href":"https:\/\/richeskarayib.com\/fr\/wp-json\/wp\/v2\/media\/45833"}],"wp:attachment":[{"href":"https:\/\/richeskarayib.com\/fr\/wp-json\/wp\/v2\/media?parent=45832"}],"wp:term":[{"taxonomy":"category","embeddable":true,"href":"https:\/\/richeskarayib.com\/fr\/wp-json\/wp\/v2\/categories?post=45832"},{"taxonomy":"post_tag","embeddable":true,"href":"https:\/\/richeskarayib.com\/fr\/wp-json\/wp\/v2\/tags?post=45832"}],"curies":[{"name":"wp","href":"https:\/\/api.w.org\/{rel}","templated":true}]}}