{"id":45871,"date":"2025-03-06T07:00:36","date_gmt":"2025-03-06T11:00:36","guid":{"rendered":"https:\/\/richeskarayib.com\/?p=45871"},"modified":"2025-03-06T07:38:55","modified_gmt":"2025-03-06T11:38:55","slug":"caribbean-export-martinique-opportunites","status":"publish","type":"post","link":"https:\/\/richeskarayib.com\/fr\/caribbean-export-martinique-opportunites\/","title":{"rendered":"Caribbean Export et la Martinique explorent de nouvelles opportunit\u00e9s commerciales apr\u00e8s l\u2019adh\u00e9sion au CARICOM"},"content":{"rendered":"\t\t<div data-elementor-type=\"wp-post\" data-elementor-id=\"45871\" class=\"elementor elementor-45871\" data-elementor-post-type=\"post\">\n\t\t\t\t\t\t<section class=\"elementor-section elementor-top-section elementor-element elementor-element-7d71f82 elementor-section-boxed elementor-section-height-default elementor-section-height-default\" data-id=\"7d71f82\" data-element_type=\"section\">\n\t\t\t\t\t\t<div class=\"elementor-container elementor-column-gap-default\">\n\t\t\t\t\t<div class=\"elementor-column elementor-col-100 elementor-top-column elementor-element elementor-element-c153284\" data-id=\"c153284\" data-element_type=\"column\">\n\t\t\t<div class=\"elementor-widget-wrap elementor-element-populated\">\n\t\t\t\t\t\t<div class=\"elementor-element elementor-element-4f6c6de elementor-widget elementor-widget-text-editor\" data-id=\"4f6c6de\" data-element_type=\"widget\" data-widget_type=\"text-editor.default\">\n\t\t\t\t<div class=\"elementor-widget-container\">\n\t\t\t\t\t\t\t\t\t<p><span style=\"font-weight: 400;\"><a href=\"https:\/\/carib-export.com\/fr\/fr\/blog\/caribbean-export-and-martinique-explore-new-trade-opportunities-post-caricom-accession\/\" target=\"_blank\" rel=\"noopener nofollow\">Caribbean Export<\/a> et la Martinique explorent de nouvelles opportunit\u00e9s commerciales<\/span><span style=\"font-weight: 400;\">. <\/span><span style=\"font-weight: 400;\">Le vendredi 21 f\u00e9vrier 2025, l\u2019honorable Serge Letchimy, pr\u00e9sident du Conseil ex\u00e9cutif de la Martinique, a visit\u00e9 l\u2019Agence de d\u00e9veloppement des exportations des Cara\u00efbes \u00e0 la Barbade. Cette visite a co\u00efncid\u00e9 avec la signature par la Martinique d\u2019un accord d\u2019adh\u00e9sion pour devenir un membre associ\u00e9 de la Communaut\u00e9 des Cara\u00efbes (CARICOM) lors de la 48e r\u00e9union r\u00e9guli\u00e8re de la Conf\u00e9rence des chefs de gouvernement de la <a href=\"https:\/\/richeskarayib.com\/fr\/caricom-martinique-construire-caraibe-fort\/\" target=\"_blank\" rel=\"noopener\">CARICOM<\/a>.<\/span><\/p>\t\t\t\t\t\t\t\t<\/div>\n\t\t\t\t<\/div>\n\t\t\t\t\t<\/div>\n\t\t<\/div>\n\t\t\t\t\t<\/div>\n\t\t<\/section>\n\t\t\t\t<section class=\"elementor-section elementor-top-section elementor-element elementor-element-7d4f952 elementor-section-boxed elementor-section-height-default elementor-section-height-default\" data-id=\"7d4f952\" data-element_type=\"section\">\n\t\t\t\t\t\t<div class=\"elementor-container elementor-column-gap-default\">\n\t\t\t\t\t<div class=\"elementor-column elementor-col-100 elementor-top-column elementor-element elementor-element-f3833fa\" data-id=\"f3833fa\" data-element_type=\"column\">\n\t\t\t<div class=\"elementor-widget-wrap elementor-element-populated\">\n\t\t\t\t\t\t<div class=\"elementor-element elementor-element-7072b3d elementor-widget elementor-widget-heading\" data-id=\"7072b3d\" data-element_type=\"widget\" data-widget_type=\"heading.default\">\n\t\t\t\t<div class=\"elementor-widget-container\">\n\t\t\t\t\t<h2 class=\"elementor-heading-title elementor-size-default\">Renforcement de l\u2019int\u00e9gration de la Martinique dans le march\u00e9 Carib\u00e9en<\/h2>\t\t\t\t<\/div>\n\t\t\t\t<\/div>\n\t\t\t\t<div class=\"elementor-element elementor-element-6cd393f elementor-widget elementor-widget-text-editor\" data-id=\"6cd393f\" data-element_type=\"widget\" data-widget_type=\"text-editor.default\">\n\t\t\t\t<div class=\"elementor-widget-container\">\n\t\t\t\t\t\t\t\t\t<p><span style=\"font-weight: 400;\">Au cours des discussions qui ont eu lieu \u00e0 Caribbean Export, le pr\u00e9sident Letchimy a pr\u00e9sent\u00e9 un cadre global visant \u00e0 renforcer l\u2019int\u00e9gration de la Martinique dans le march\u00e9 carib\u00e9en. Il a soulign\u00e9 la double identit\u00e9 de la Martinique, \u00e0 la fois europ\u00e9enne et carib\u00e9enne, ainsi que la position strat\u00e9gique de l\u2019\u00eele en tant que pont entre l\u2019Union europ\u00e9enne et les \u00c9tats membres de la CARICOM.<\/span><\/p>\t\t\t\t\t\t\t\t<\/div>\n\t\t\t\t<\/div>\n\t\t\t\t\t<\/div>\n\t\t<\/div>\n\t\t\t\t\t<\/div>\n\t\t<\/section>\n\t\t\t\t<section class=\"elementor-section elementor-top-section elementor-element elementor-element-7c727fe elementor-section-boxed elementor-section-height-default elementor-section-height-default\" data-id=\"7c727fe\" data-element_type=\"section\">\n\t\t\t\t\t\t<div class=\"elementor-container elementor-column-gap-default\">\n\t\t\t\t\t<div class=\"elementor-column elementor-col-100 elementor-top-column elementor-element elementor-element-2675508\" data-id=\"2675508\" data-element_type=\"column\">\n\t\t\t<div class=\"elementor-widget-wrap elementor-element-populated\">\n\t\t\t\t\t\t<div class=\"elementor-element elementor-element-86f7f71 elementor-widget elementor-widget-heading\" data-id=\"86f7f71\" data-element_type=\"widget\" data-widget_type=\"heading.default\">\n\t\t\t\t<div class=\"elementor-widget-container\">\n\t\t\t\t\t<h2 class=\"elementor-heading-title elementor-size-default\">Vers une coop\u00e9ration accrue Entre les r\u00e9gions ultrap\u00e9riph\u00e9riques et la CARICOM<\/h2>\t\t\t\t<\/div>\n\t\t\t\t<\/div>\n\t\t\t\t<div class=\"elementor-element elementor-element-3f26691 elementor-widget elementor-widget-text-editor\" data-id=\"3f26691\" data-element_type=\"widget\" data-widget_type=\"text-editor.default\">\n\t\t\t\t<div class=\"elementor-widget-container\">\n\t\t\t\t\t\t\t\t\t<p><span style=\"font-weight: 400;\">L\u2019exploration des relations entre les pays d\u2019Afrique, des Cara\u00efbes et du Pacifique (ACP) et les r\u00e9gions ultrap\u00e9riph\u00e9riques de l\u2019Union europ\u00e9enne a constitu\u00e9 l\u2019un des points centraux de la r\u00e9union. Le pr\u00e9sident Letchimy a propos\u00e9 l\u2019\u00e9laboration de normes fiscales et la r\u00e9duction des barri\u00e8res commerciales, y compris l\u2019\u00e9limination des droits de douane, afin de faciliter la libre circulation des marchandises. Il a \u00e9galement plaid\u00e9 en faveur d\u2019une programmation conjointe des fonds et de l\u2019am\u00e9lioration de la connectivit\u00e9 logistique, num\u00e9rique, a\u00e9rienne et maritime afin de soutenir le commerce r\u00e9gional.<\/span><\/p>\t\t\t\t\t\t\t\t<\/div>\n\t\t\t\t<\/div>\n\t\t\t\t\t<\/div>\n\t\t<\/div>\n\t\t\t\t\t<\/div>\n\t\t<\/section>\n\t\t\t\t<section class=\"elementor-section elementor-top-section elementor-element elementor-element-1a0b771 elementor-section-boxed elementor-section-height-default elementor-section-height-default\" data-id=\"1a0b771\" data-element_type=\"section\">\n\t\t\t\t\t\t<div class=\"elementor-container elementor-column-gap-default\">\n\t\t\t\t\t<div class=\"elementor-column elementor-col-100 elementor-top-column elementor-element elementor-element-345f4b7\" data-id=\"345f4b7\" data-element_type=\"column\">\n\t\t\t<div class=\"elementor-widget-wrap elementor-element-populated\">\n\t\t\t\t\t\t<div class=\"elementor-element elementor-element-d6a712a elementor-widget elementor-widget-heading\" data-id=\"d6a712a\" data-element_type=\"widget\" data-widget_type=\"heading.default\">\n\t\t\t\t<div class=\"elementor-widget-container\">\n\t\t\t\t\t<h2 class=\"elementor-heading-title elementor-size-default\">L\u2019impact de Caribbean export sur le commerce r\u00e9gional<\/h2>\t\t\t\t<\/div>\n\t\t\t\t<\/div>\n\t\t\t\t<div class=\"elementor-element elementor-element-f9582c3 elementor-widget elementor-widget-text-editor\" data-id=\"f9582c3\" data-element_type=\"widget\" data-widget_type=\"text-editor.default\">\n\t\t\t\t<div class=\"elementor-widget-container\">\n\t\t\t\t\t\t\t\t\t<p><span style=\"font-weight: 400;\">Historiquement, l\u2019aide au fret \u00e9tait principalement allou\u00e9e aux mati\u00e8res premi\u00e8res import\u00e9es d\u2019Europe. Le pr\u00e9sident Letchimy a sugg\u00e9r\u00e9 de revoir cette approche afin d\u2019\u00e9tendre les avantages au commerce r\u00e9gional, r\u00e9duisant ainsi les co\u00fbts pour les entrepreneurs des Cara\u00efbes. Il a soulign\u00e9 l\u2019importance de la collaboration avec le CARIFORUM pour harmoniser les efforts, consid\u00e9rant l\u2019adh\u00e9sion de la Martinique au CARICOM comme une \u00e9tape cruciale pour l\u00e9gitimer les n\u00e9gociations directes et favoriser les accords commerciaux ind\u00e9pendants.<\/span><\/p>\t\t\t\t\t\t\t\t<\/div>\n\t\t\t\t<\/div>\n\t\t\t\t\t<\/div>\n\t\t<\/div>\n\t\t\t\t\t<\/div>\n\t\t<\/section>\n\t\t\t\t<section class=\"elementor-section elementor-top-section elementor-element elementor-element-0837fcd elementor-section-boxed elementor-section-height-default elementor-section-height-default\" data-id=\"0837fcd\" data-element_type=\"section\">\n\t\t\t\t\t\t<div class=\"elementor-container elementor-column-gap-default\">\n\t\t\t\t\t<div class=\"elementor-column elementor-col-100 elementor-top-column elementor-element elementor-element-0ac3728\" data-id=\"0ac3728\" data-element_type=\"column\">\n\t\t\t<div class=\"elementor-widget-wrap elementor-element-populated\">\n\t\t\t\t\t\t<div class=\"elementor-element elementor-element-f36c3be elementor-widget elementor-widget-heading\" data-id=\"f36c3be\" data-element_type=\"widget\" data-widget_type=\"heading.default\">\n\t\t\t\t<div class=\"elementor-widget-container\">\n\t\t\t\t\t<h2 class=\"elementor-heading-title elementor-size-default\">De nouvelles oppportunit\u00e9s pour les entreprises Martiniquaises<\/h2>\t\t\t\t<\/div>\n\t\t\t\t<\/div>\n\t\t\t\t<div class=\"elementor-element elementor-element-ffcaf60 elementor-widget elementor-widget-text-editor\" data-id=\"ffcaf60\" data-element_type=\"widget\" data-widget_type=\"text-editor.default\">\n\t\t\t\t<div class=\"elementor-widget-container\">\n\t\t\t\t\t\t\t\t\t<p><span style=\"font-weight: 400;\">Le pr\u00e9sident a soulign\u00e9 que les programmes existants, tels que l\u2019Initiative martiniquaise et D\u00e9veloppement Martinique, constituaient des plates-formes potentielles de coop\u00e9ration. Il s\u2019est montr\u00e9 enthousiaste \u00e0 l\u2019id\u00e9e d\u2019accro\u00eetre les \u00e9changes commerciaux entre la Martinique et d\u2019autres entreprises des Cara\u00efbes, soulignant que la situation strat\u00e9gique de l\u2019\u00eele est avantageuse pour le commerce r\u00e9gional.<\/span><\/p>\t\t\t\t\t\t\t\t<\/div>\n\t\t\t\t<\/div>\n\t\t\t\t\t<\/div>\n\t\t<\/div>\n\t\t\t\t\t<\/div>\n\t\t<\/section>\n\t\t\t\t<section class=\"elementor-section elementor-top-section elementor-element elementor-element-a10b7c4 elementor-section-boxed elementor-section-height-default elementor-section-height-default\" data-id=\"a10b7c4\" data-element_type=\"section\">\n\t\t\t\t\t\t<div class=\"elementor-container elementor-column-gap-default\">\n\t\t\t\t\t<div class=\"elementor-column elementor-col-100 elementor-top-column elementor-element elementor-element-a8c9419\" data-id=\"a8c9419\" data-element_type=\"column\">\n\t\t\t<div class=\"elementor-widget-wrap elementor-element-populated\">\n\t\t\t\t\t\t<div class=\"elementor-element elementor-element-4b03c08 elementor-widget elementor-widget-heading\" data-id=\"4b03c08\" data-element_type=\"widget\" data-widget_type=\"heading.default\">\n\t\t\t\t<div class=\"elementor-widget-container\">\n\t\t\t\t\t<h2 class=\"elementor-heading-title elementor-size-default\">Caribbean export et l\u2019engagement des entreprises Martiniquaises<\/h2>\t\t\t\t<\/div>\n\t\t\t\t<\/div>\n\t\t\t\t<div class=\"elementor-element elementor-element-1f66e1f elementor-widget elementor-widget-text-editor\" data-id=\"1f66e1f\" data-element_type=\"widget\" data-widget_type=\"text-editor.default\">\n\t\t\t\t<div class=\"elementor-widget-container\">\n\t\t\t\t\t\t\t\t\t<p><span style=\"font-weight: 400;\">Damie Sinanan, au nom de Caribbean Export, a f\u00e9licit\u00e9 la Martinique pour son adh\u00e9sion imminente au CARICOM et s\u2019est r\u00e9joui de l\u2019opportunit\u00e9 de renforcer les partenariats avec les entreprises martiniquaises. Damie Sinanan de Caribbean Export\u00a0a reconnu la collaboration de longue date avec les r\u00e9gions ultrap\u00e9riph\u00e9riques fran\u00e7aises des Cara\u00efbes (FCOR) pour soutenir le commerce et a soulign\u00e9 l\u2019engagement de l\u2019agence \u00e0 faciliter une plus grande participation des entreprises martiniquaises dans les initiatives \u00e9conomiques r\u00e9gionales. <\/span><\/p>\t\t\t\t\t\t\t\t<\/div>\n\t\t\t\t<\/div>\n\t\t\t\t<div class=\"elementor-element elementor-element-79969f4 elementor-widget elementor-widget-text-editor\" data-id=\"79969f4\" data-element_type=\"widget\" data-widget_type=\"text-editor.default\">\n\t\t\t\t<div class=\"elementor-widget-container\">\n\t\t\t\t\t\t\t\t\t<p><span style=\"font-weight: 400;\">En particulier, Caribbean Export se r\u00e9jouit d\u2019engager les entreprises martiniquaises dans des projets tels que l\u2019acc\u00e9l\u00e9rateur num\u00e9rique UE-ALC, qui encourage la transformation num\u00e9rique et l\u2019innovation parmi les entreprises d\u2019Am\u00e9rique latine, des Cara\u00efbes et de l\u2019Union europ\u00e9enne.<\/span><\/p>\t\t\t\t\t\t\t\t<\/div>\n\t\t\t\t<\/div>\n\t\t\t\t<div class=\"elementor-element elementor-element-b5a2aa5 elementor-widget elementor-widget-text-editor\" data-id=\"b5a2aa5\" data-element_type=\"widget\" data-widget_type=\"text-editor.default\">\n\t\t\t\t<div class=\"elementor-widget-container\">\n\t\t\t\t\t\t\t\t\t<p><span style=\"font-weight: 400;\">Caribbean Export a \u00e9galement soulign\u00e9 l\u2019importance de tirer parti de l\u2019adh\u00e9sion de la <a href=\"https:\/\/richeskarayib.com\/fr\/le-carnaval-de-martinique-2025-mardi-gras\/\" target=\"_blank\" rel=\"noopener\">Martinique<\/a> \u00e0 la CARICOM pour cr\u00e9er des synergies dans les domaines du commerce, de l\u2019investissement et des programmes de renforcement des capacit\u00e9s. En s\u2019int\u00e9grant dans des cadres r\u00e9gionaux, les entreprises martiniquaises auront un meilleur acc\u00e8s aux m\u00e9canismes de soutien qui am\u00e9liorent leur comp\u00e9titivit\u00e9 et \u00e9largissent les opportunit\u00e9s de march\u00e9.<\/span><\/p>\t\t\t\t\t\t\t\t<\/div>\n\t\t\t\t<\/div>\n\t\t\t\t<section class=\"elementor-section elementor-inner-section elementor-element elementor-element-714c798 elementor-section-boxed elementor-section-height-default elementor-section-height-default\" data-id=\"714c798\" data-element_type=\"section\">\n\t\t\t\t\t\t<div class=\"elementor-container elementor-column-gap-default\">\n\t\t\t\t\t<div class=\"elementor-column elementor-col-100 elementor-inner-column elementor-element elementor-element-73b53b1\" data-id=\"73b53b1\" data-element_type=\"column\">\n\t\t\t<div class=\"elementor-widget-wrap elementor-element-populated\">\n\t\t\t\t\t\t<div class=\"elementor-element elementor-element-cfcd541 elementor-widget elementor-widget-image\" data-id=\"cfcd541\" data-element_type=\"widget\" data-widget_type=\"image.default\">\n\t\t\t\t<div class=\"elementor-widget-container\">\n\t\t\t\t\t\t\t\t\t\t\t\t<figure class=\"wp-caption\">\n\t\t\t\t\t\t\t\t\t\t<img fetchpriority=\"high\" decoding=\"async\" width=\"768\" height=\"522\" src=\"https:\/\/richeskarayib.com\/wp-content\/uploads\/2025\/03\/Capture-decran-2025-02-23-a-21.58.08-768x522-1.png\" class=\"attachment-large size-large wp-image-45876\" alt=\"Caribbean Export\" srcset=\"https:\/\/richeskarayib.com\/wp-content\/uploads\/2025\/03\/Capture-decran-2025-02-23-a-21.58.08-768x522-1.png 768w, https:\/\/richeskarayib.com\/wp-content\/uploads\/2025\/03\/Capture-decran-2025-02-23-a-21.58.08-768x522-1-300x204.png 300w\" sizes=\"(max-width: 768px) 100vw, 768px\" \/>\t\t\t\t\t\t\t\t\t\t\t<figcaption class=\"widget-image-caption wp-caption-text\">Caribbean Export.\n\nSoucre: Caribbean Export.<\/figcaption>\n\t\t\t\t\t\t\t\t\t\t<\/figure>\n\t\t\t\t\t\t\t\t\t<\/div>\n\t\t\t\t<\/div>\n\t\t\t\t\t<\/div>\n\t\t<\/div>\n\t\t\t\t\t<\/div>\n\t\t<\/section>\n\t\t\t\t\t<\/div>\n\t\t<\/div>\n\t\t\t\t\t<\/div>\n\t\t<\/section>\n\t\t\t\t<section class=\"elementor-section elementor-top-section elementor-element elementor-element-3323356 elementor-section-boxed elementor-section-height-default elementor-section-height-default\" data-id=\"3323356\" data-element_type=\"section\">\n\t\t\t\t\t\t<div class=\"elementor-container elementor-column-gap-default\">\n\t\t\t\t\t<div class=\"elementor-column elementor-col-100 elementor-top-column elementor-element elementor-element-b279a17\" data-id=\"b279a17\" data-element_type=\"column\">\n\t\t\t<div class=\"elementor-widget-wrap elementor-element-populated\">\n\t\t\t\t\t\t<div class=\"elementor-element elementor-element-260ff5c elementor-widget elementor-widget-heading\" data-id=\"260ff5c\" data-element_type=\"widget\" data-widget_type=\"heading.default\">\n\t\t\t\t<div class=\"elementor-widget-container\">\n\t\t\t\t\t<h2 class=\"elementor-heading-title elementor-size-default\">Une \u00e9tape historique pour la Martinique et la CARICOM<\/h2>\t\t\t\t<\/div>\n\t\t\t\t<\/div>\n\t\t\t\t<div class=\"elementor-element elementor-element-4d5675b elementor-widget elementor-widget-text-editor\" data-id=\"4d5675b\" data-element_type=\"widget\" data-widget_type=\"text-editor.default\">\n\t\t\t\t<div class=\"elementor-widget-container\">\n\t\t\t\t\t\t\t\t\t<p><span style=\"font-weight: 400;\">Le cheminement de la Martinique vers l\u2019adh\u00e9sion \u00e0 la CARICOM a dur\u00e9 une d\u00e9cennie et s\u2019est achev\u00e9 par la signature r\u00e9cente de l\u2019accord d\u2019adh\u00e9sion. Cette d\u00e9marche devrait renforcer la coop\u00e9ration r\u00e9gionale dans divers secteurs, notamment le d\u00e9veloppement \u00e9conomique, les soins de sant\u00e9, l\u2019\u00e9ducation, les transports et la gestion des risques de catastrophe. En tant que partie int\u00e9grante de l\u2019Union europ\u00e9enne, l\u2019inclusion de la Martinique offre une occasion unique de rapprocher les nations des Cara\u00efbes des march\u00e9s europ\u00e9ens.<\/span><\/p>\t\t\t\t\t\t\t\t<\/div>\n\t\t\t\t<\/div>\n\t\t\t\t<div class=\"elementor-element elementor-element-55117e8 elementor-widget elementor-widget-text-editor\" data-id=\"55117e8\" data-element_type=\"widget\" data-widget_type=\"text-editor.default\">\n\t\t\t\t<div class=\"elementor-widget-container\">\n\t\t\t\t\t\t\t\t\t<p><span style=\"font-weight: 400;\">La finalisation de l\u2019adh\u00e9sion de la Martinique en tant que membre associ\u00e9 attend la ratification de l\u2019Assembl\u00e9e nationale fran\u00e7aise, qui doit approuver le protocole sur les privil\u00e8ges et immunit\u00e9s. Une fois cette \u00e9tape franchie, la Martinique rejoindra les rangs des membres associ\u00e9s de la CARICOM, renfor\u00e7ant ainsi son engagement en faveur de l\u2019int\u00e9gration et de la coop\u00e9ration r\u00e9gionales.<\/span><\/p>\t\t\t\t\t\t\t\t<\/div>\n\t\t\t\t<\/div>\n\t\t\t\t\t<\/div>\n\t\t<\/div>\n\t\t\t\t\t<\/div>\n\t\t<\/section>\n\t\t\t\t<section class=\"elementor-section elementor-top-section elementor-element elementor-element-9435ac3 elementor-section-boxed elementor-section-height-default elementor-section-height-default\" data-id=\"9435ac3\" data-element_type=\"section\">\n\t\t\t\t\t\t<div class=\"elementor-container elementor-column-gap-default\">\n\t\t\t\t\t<div class=\"elementor-column elementor-col-100 elementor-top-column elementor-element elementor-element-3235dfb\" data-id=\"3235dfb\" data-element_type=\"column\">\n\t\t\t<div class=\"elementor-widget-wrap elementor-element-populated\">\n\t\t\t\t\t\t<div class=\"elementor-element elementor-element-74f94d5 elementor-widget elementor-widget-text-editor\" data-id=\"74f94d5\" data-element_type=\"widget\" data-widget_type=\"text-editor.default\">\n\t\t\t\t<div class=\"elementor-widget-container\">\n\t\t\t\t\t\t\t\t\t<p><span style=\"font-weight: 400;\">Ce d\u00e9veloppement repr\u00e9sente un moment historique pour la Martinique et la CARICOM, et promet de renforcer la diversification \u00e9conomique, les \u00e9changes culturels et la r\u00e9silience collective pour relever les d\u00e9fis communs dans la r\u00e9gion des Cara\u00efbes.<\/span><\/p>\t\t\t\t\t\t\t\t<\/div>\n\t\t\t\t<\/div>\n\t\t\t\t<div class=\"elementor-element elementor-element-d48656e elementor-widget elementor-widget-text-editor\" data-id=\"d48656e\" data-element_type=\"widget\" data-widget_type=\"text-editor.default\">\n\t\t\t\t<div class=\"elementor-widget-container\">\n\t\t\t\t\t\t\t\t\t<p>Auteur : JOELLEN LARYEA de Caribbean Export<\/p>\t\t\t\t\t\t\t\t<\/div>\n\t\t\t\t<\/div>\n\t\t\t\t\t<\/div>\n\t\t<\/div>\n\t\t\t\t\t<\/div>\n\t\t<\/section>\n\t\t\t\t<\/div>\n\t\t","protected":false},"excerpt":{"rendered":"<p>Caribbean Export et la Martinique explorent de nouvelles opportunit\u00e9s commerciales. Le vendredi 21 f\u00e9vrier 2025, l\u2019honorable Serge Letchimy, pr\u00e9sident du Conseil ex\u00e9cutif de la Martinique, a visit\u00e9 l\u2019Agence de d\u00e9veloppement des exportations des Cara\u00efbes \u00e0 la Barbade. Cette visite a co\u00efncid\u00e9 avec la signature par la Martinique d\u2019un accord d\u2019adh\u00e9sion pour devenir un membre associ\u00e9 [&hellip;]<\/p>\n","protected":false},"author":662,"featured_media":45872,"comment_status":"open","ping_status":"open","sticky":false,"template":"","format":"standard","meta":{"_acf_changed":false,"footnotes":""},"categories":[840],"tags":[1598,808],"class_list":["post-45871","post","type-post","status-publish","format-standard","has-post-thumbnail","hentry","category-actus","tag-barbade-fr","tag-martinique-fr"],"acf":[],"_links":{"self":[{"href":"https:\/\/richeskarayib.com\/fr\/wp-json\/wp\/v2\/posts\/45871","targetHints":{"allow":["GET"]}}],"collection":[{"href":"https:\/\/richeskarayib.com\/fr\/wp-json\/wp\/v2\/posts"}],"about":[{"href":"https:\/\/richeskarayib.com\/fr\/wp-json\/wp\/v2\/types\/post"}],"author":[{"embeddable":true,"href":"https:\/\/richeskarayib.com\/fr\/wp-json\/wp\/v2\/users\/662"}],"replies":[{"embeddable":true,"href":"https:\/\/richeskarayib.com\/fr\/wp-json\/wp\/v2\/comments?post=45871"}],"version-history":[{"count":0,"href":"https:\/\/richeskarayib.com\/fr\/wp-json\/wp\/v2\/posts\/45871\/revisions"}],"wp:featuredmedia":[{"embeddable":true,"href":"https:\/\/richeskarayib.com\/fr\/wp-json\/wp\/v2\/media\/45872"}],"wp:attachment":[{"href":"https:\/\/richeskarayib.com\/fr\/wp-json\/wp\/v2\/media?parent=45871"}],"wp:term":[{"taxonomy":"category","embeddable":true,"href":"https:\/\/richeskarayib.com\/fr\/wp-json\/wp\/v2\/categories?post=45871"},{"taxonomy":"post_tag","embeddable":true,"href":"https:\/\/richeskarayib.com\/fr\/wp-json\/wp\/v2\/tags?post=45871"}],"curies":[{"name":"wp","href":"https:\/\/api.w.org\/{rel}","templated":true}]}}