{"id":45884,"date":"2025-03-06T09:00:29","date_gmt":"2025-03-06T13:00:29","guid":{"rendered":"https:\/\/richeskarayib.com\/?p=45884"},"modified":"2025-03-06T09:49:23","modified_gmt":"2025-03-06T13:49:23","slug":"la-ressource-wellness-center-sante-patrimoine","status":"publish","type":"post","link":"https:\/\/richeskarayib.com\/fr\/la-ressource-wellness-center-sante-patrimoine\/","title":{"rendered":"Sainte-Lucie : La Ressource Wellness Center : Sant\u00e9, Patrimoine et Attractivit\u00e9 au C\u0153ur du D\u00e9veloppement Territorial"},"content":{"rendered":"\t\t<div data-elementor-type=\"wp-post\" data-elementor-id=\"45884\" class=\"elementor elementor-45884\" data-elementor-post-type=\"post\">\n\t\t\t\t\t\t<section class=\"elementor-section elementor-top-section elementor-element elementor-element-7d71f82 elementor-section-boxed elementor-section-height-default elementor-section-height-default\" data-id=\"7d71f82\" data-element_type=\"section\">\n\t\t\t\t\t\t<div class=\"elementor-container elementor-column-gap-default\">\n\t\t\t\t\t<div class=\"elementor-column elementor-col-100 elementor-top-column elementor-element elementor-element-c153284\" data-id=\"c153284\" data-element_type=\"column\">\n\t\t\t<div class=\"elementor-widget-wrap elementor-element-populated\">\n\t\t\t\t\t\t<div class=\"elementor-element elementor-element-4f6c6de elementor-widget elementor-widget-text-editor\" data-id=\"4f6c6de\" data-element_type=\"widget\" data-widget_type=\"text-editor.default\">\n\t\t\t\t<div class=\"elementor-widget-container\">\n\t\t\t\t\t\t\t\t\t<p><b>La <a href=\"https:\/\/stlucia.loopnews.com\/content\/la-ressource-wellness-centre-officially-reopens-731445\" target=\"_blank\" rel=\"noopener nofollow\">Ressource Wellness Center<\/a> rouvre enfin ses portes<\/b><span style=\"font-weight: 400;\">, offrant bien plus qu&#8217;un simple acc\u00e8s aux soins de sant\u00e9. Cette r\u00e9habilitation s&#8217;inscrit dans une dynamique essentielle pour la Cara\u00efbe : <\/span><b>pr\u00e9server l&#8217;humain, c&#8217;est aussi pr\u00e9server l&#8217;avenir des territoires<\/b><span style=\"font-weight: 400;\">. <\/span><span style=\"font-weight: 400;\">En garantissant des infrastructures adapt\u00e9es aux r\u00e9alit\u00e9s locales, cet espace modernis\u00e9 contribue \u00e0 <\/span><b>l&#8217;attractivit\u00e9 du territoire, \u00e0 la r\u00e9silience des communaut\u00e9s et \u00e0 la valorisation du patrimoine local<\/b><span style=\"font-weight: 400;\">. Un territoire dynamique est un territoire o\u00f9 les habitants peuvent vivre, s&#8217;\u00e9panouir et b\u00e2tir leur avenir.<\/span><\/p>\n<p><span style=\"font-weight: 400;\">Avec cette r\u00e9ouverture, <\/span><b>Sainte-Lucie prouve que la sant\u00e9 est un levier puissant du d\u00e9veloppement durable<\/b><span style=\"font-weight: 400;\">, un moteur de <\/span><b>coh\u00e9sion sociale et de valorisation des richesses locales<\/b><span style=\"font-weight: 400;\">.<\/span><\/p>\t\t\t\t\t\t\t\t<\/div>\n\t\t\t\t<\/div>\n\t\t\t\t\t<\/div>\n\t\t<\/div>\n\t\t\t\t\t<\/div>\n\t\t<\/section>\n\t\t\t\t<section class=\"elementor-section elementor-top-section elementor-element elementor-element-7d4f952 elementor-section-boxed elementor-section-height-default elementor-section-height-default\" data-id=\"7d4f952\" data-element_type=\"section\">\n\t\t\t\t\t\t<div class=\"elementor-container elementor-column-gap-default\">\n\t\t\t\t\t<div class=\"elementor-column elementor-col-100 elementor-top-column elementor-element elementor-element-f3833fa\" data-id=\"f3833fa\" data-element_type=\"column\">\n\t\t\t<div class=\"elementor-widget-wrap elementor-element-populated\">\n\t\t\t\t\t\t<div class=\"elementor-element elementor-element-7072b3d elementor-widget elementor-widget-heading\" data-id=\"7072b3d\" data-element_type=\"widget\" data-widget_type=\"heading.default\">\n\t\t\t\t<div class=\"elementor-widget-container\">\n\t\t\t\t\t<h2 class=\"elementor-heading-title elementor-size-default\">Un Centre au c\u0153ur de la vie communautaire<\/h2>\t\t\t\t<\/div>\n\t\t\t\t<\/div>\n\t\t\t\t<div class=\"elementor-element elementor-element-6cd393f elementor-widget elementor-widget-text-editor\" data-id=\"6cd393f\" data-element_type=\"widget\" data-widget_type=\"text-editor.default\">\n\t\t\t\t<div class=\"elementor-widget-container\">\n\t\t\t\t\t\t\t\t\t<p><span style=\"font-weight: 400;\">L&#8217;incendie de la<\/span><b>\u00a0<a href=\"https:\/\/stluciatimes.com\/169169\/2025\/02\/10-years-later-la-ressource-wellness-centre-in-dennery-to-reopen-march-3\/\" target=\"_blank\" rel=\"noopener nofollow\">Ressource Wellness Center<\/a><\/b><span style=\"font-weight: 400;\"> en 2015 avait laiss\u00e9 un vide important pour les habitants de la vall\u00e9e de Mabouya. Priv\u00e9s de soins m\u00e9dicaux de proximit\u00e9, ils ont d\u00fb se rendre dans d&#8217;autres \u00e9tablissements, souvent \u00e9loign\u00e9s, pour leurs consultations. Pendant pr\u00e8s d&#8217;une d\u00e9cennie, cette absence a renforc\u00e9 les in\u00e9galit\u00e9s d&#8217;acc\u00e8s \u00e0 la sant\u00e9, affectant particuli\u00e8rement les personnes vuln\u00e9rables et \u00e2g\u00e9es.<\/span><\/p>\t\t\t\t\t\t\t\t<\/div>\n\t\t\t\t<\/div>\n\t\t\t\t<div class=\"elementor-element elementor-element-e0aadce elementor-widget elementor-widget-text-editor\" data-id=\"e0aadce\" data-element_type=\"widget\" data-widget_type=\"text-editor.default\">\n\t\t\t\t<div class=\"elementor-widget-container\">\n\t\t\t\t\t\t\t\t\t<p><span style=\"font-weight: 400;\">Aujourd&#8217;hui, cette r\u00e9ouverture marque une nouvelle \u00e8re. Modernis\u00e9 et mieux \u00e9quip\u00e9, <\/span><b>La Ressource Wellness Center offre d\u00e9sormais une gamme de services \u00e9largie<\/b><span style=\"font-weight: 400;\"> : soins m\u00e9dicaux g\u00e9n\u00e9raux, gestion des maladies chroniques, mais aussi des sp\u00e9cialit\u00e9s comme <\/span><b>la sant\u00e9 dentaire, la sant\u00e9 mentale, la podologie et la sant\u00e9 masculine<\/b><span style=\"font-weight: 400;\">. Plus qu&#8217;un simple dispensaire, ce centre devient un <\/span><b>pilier de la coh\u00e9sion sociale<\/b><span style=\"font-weight: 400;\">, permettant aux habitants de b\u00e9n\u00e9ficier d&#8217;un acc\u00e8s aux soins sans contrainte de distance ni de moyens.<\/span><\/p>\t\t\t\t\t\t\t\t<\/div>\n\t\t\t\t<\/div>\n\t\t\t\t<section class=\"elementor-section elementor-inner-section elementor-element elementor-element-711c8d5 elementor-section-boxed elementor-section-height-default elementor-section-height-default\" data-id=\"711c8d5\" data-element_type=\"section\">\n\t\t\t\t\t\t<div class=\"elementor-container elementor-column-gap-default\">\n\t\t\t\t\t<div class=\"elementor-column elementor-col-33 elementor-inner-column elementor-element elementor-element-3d3228e\" data-id=\"3d3228e\" data-element_type=\"column\">\n\t\t\t<div class=\"elementor-widget-wrap elementor-element-populated\">\n\t\t\t\t\t\t<div class=\"elementor-element elementor-element-9717de1 elementor-widget elementor-widget-image\" data-id=\"9717de1\" data-element_type=\"widget\" data-widget_type=\"image.default\">\n\t\t\t\t<div class=\"elementor-widget-container\">\n\t\t\t\t\t\t\t\t\t\t\t\t\t\t\t<img fetchpriority=\"high\" decoding=\"async\" width=\"800\" height=\"450\" src=\"https:\/\/richeskarayib.com\/wp-content\/uploads\/2025\/03\/5-Official-Reopening-of-the-La-Ressource-Dennery-Wellness-Centre-1024x576.png\" class=\"attachment-large size-large wp-image-45903\" alt=\"Ressource Wellness Center\" srcset=\"https:\/\/richeskarayib.com\/wp-content\/uploads\/2025\/03\/5-Official-Reopening-of-the-La-Ressource-Dennery-Wellness-Centre-1024x576.png 1024w, https:\/\/richeskarayib.com\/wp-content\/uploads\/2025\/03\/5-Official-Reopening-of-the-La-Ressource-Dennery-Wellness-Centre-300x169.png 300w, https:\/\/richeskarayib.com\/wp-content\/uploads\/2025\/03\/5-Official-Reopening-of-the-La-Ressource-Dennery-Wellness-Centre-768x432.png 768w, https:\/\/richeskarayib.com\/wp-content\/uploads\/2025\/03\/5-Official-Reopening-of-the-La-Ressource-Dennery-Wellness-Centre-1536x864.png 1536w, https:\/\/richeskarayib.com\/wp-content\/uploads\/2025\/03\/5-Official-Reopening-of-the-La-Ressource-Dennery-Wellness-Centre-1320x743.png 1320w, https:\/\/richeskarayib.com\/wp-content\/uploads\/2025\/03\/5-Official-Reopening-of-the-La-Ressource-Dennery-Wellness-Centre.png 1920w\" sizes=\"(max-width: 800px) 100vw, 800px\" \/>\t\t\t\t\t\t\t\t\t\t\t\t\t\t\t<\/div>\n\t\t\t\t<\/div>\n\t\t\t\t\t<\/div>\n\t\t<\/div>\n\t\t\t\t<div class=\"elementor-column elementor-col-33 elementor-inner-column elementor-element elementor-element-f784e68\" data-id=\"f784e68\" data-element_type=\"column\">\n\t\t\t<div class=\"elementor-widget-wrap elementor-element-populated\">\n\t\t\t\t\t\t<div class=\"elementor-element elementor-element-28f0269 elementor-widget elementor-widget-image\" data-id=\"28f0269\" data-element_type=\"widget\" data-widget_type=\"image.default\">\n\t\t\t\t<div class=\"elementor-widget-container\">\n\t\t\t\t\t\t\t\t\t\t\t\t\t\t\t<img decoding=\"async\" width=\"800\" height=\"600\" src=\"https:\/\/richeskarayib.com\/wp-content\/uploads\/2025\/03\/2.-Official-Reopening-of-the-La-Ressource-Dennery-Wellness-Centre-1024x768.jpg\" class=\"attachment-large size-large wp-image-45899\" alt=\"Ressource Wellness Center\" srcset=\"https:\/\/richeskarayib.com\/wp-content\/uploads\/2025\/03\/2.-Official-Reopening-of-the-La-Ressource-Dennery-Wellness-Centre-1024x768.jpg 1024w, https:\/\/richeskarayib.com\/wp-content\/uploads\/2025\/03\/2.-Official-Reopening-of-the-La-Ressource-Dennery-Wellness-Centre-300x225.jpg 300w, https:\/\/richeskarayib.com\/wp-content\/uploads\/2025\/03\/2.-Official-Reopening-of-the-La-Ressource-Dennery-Wellness-Centre-768x576.jpg 768w, https:\/\/richeskarayib.com\/wp-content\/uploads\/2025\/03\/2.-Official-Reopening-of-the-La-Ressource-Dennery-Wellness-Centre-1536x1152.jpg 1536w, https:\/\/richeskarayib.com\/wp-content\/uploads\/2025\/03\/2.-Official-Reopening-of-the-La-Ressource-Dennery-Wellness-Centre-1320x990.jpg 1320w, https:\/\/richeskarayib.com\/wp-content\/uploads\/2025\/03\/2.-Official-Reopening-of-the-La-Ressource-Dennery-Wellness-Centre.jpg 1920w\" sizes=\"(max-width: 800px) 100vw, 800px\" \/>\t\t\t\t\t\t\t\t\t\t\t\t\t\t\t<\/div>\n\t\t\t\t<\/div>\n\t\t\t\t\t<\/div>\n\t\t<\/div>\n\t\t\t\t<div class=\"elementor-column elementor-col-33 elementor-inner-column elementor-element elementor-element-00e9fad\" data-id=\"00e9fad\" data-element_type=\"column\">\n\t\t\t<div class=\"elementor-widget-wrap elementor-element-populated\">\n\t\t\t\t\t\t<div class=\"elementor-element elementor-element-c286a83 elementor-widget elementor-widget-image\" data-id=\"c286a83\" data-element_type=\"widget\" data-widget_type=\"image.default\">\n\t\t\t\t<div class=\"elementor-widget-container\">\n\t\t\t\t\t\t\t\t\t\t\t\t\t\t\t<img decoding=\"async\" width=\"800\" height=\"600\" src=\"https:\/\/richeskarayib.com\/wp-content\/uploads\/2025\/03\/3-Official-Reopening-of-the-La-Ressource-Dennery-Wellness-Centre-1024x768.jpg\" class=\"attachment-large size-large wp-image-45895\" alt=\"Ressource Wellness Center\" srcset=\"https:\/\/richeskarayib.com\/wp-content\/uploads\/2025\/03\/3-Official-Reopening-of-the-La-Ressource-Dennery-Wellness-Centre-1024x768.jpg 1024w, https:\/\/richeskarayib.com\/wp-content\/uploads\/2025\/03\/3-Official-Reopening-of-the-La-Ressource-Dennery-Wellness-Centre-300x225.jpg 300w, https:\/\/richeskarayib.com\/wp-content\/uploads\/2025\/03\/3-Official-Reopening-of-the-La-Ressource-Dennery-Wellness-Centre-768x576.jpg 768w, https:\/\/richeskarayib.com\/wp-content\/uploads\/2025\/03\/3-Official-Reopening-of-the-La-Ressource-Dennery-Wellness-Centre-1536x1152.jpg 1536w, https:\/\/richeskarayib.com\/wp-content\/uploads\/2025\/03\/3-Official-Reopening-of-the-La-Ressource-Dennery-Wellness-Centre-1320x990.jpg 1320w, https:\/\/richeskarayib.com\/wp-content\/uploads\/2025\/03\/3-Official-Reopening-of-the-La-Ressource-Dennery-Wellness-Centre.jpg 1920w\" sizes=\"(max-width: 800px) 100vw, 800px\" \/>\t\t\t\t\t\t\t\t\t\t\t\t\t\t\t<\/div>\n\t\t\t\t<\/div>\n\t\t\t\t\t<\/div>\n\t\t<\/div>\n\t\t\t\t\t<\/div>\n\t\t<\/section>\n\t\t\t\t\t<\/div>\n\t\t<\/div>\n\t\t\t\t\t<\/div>\n\t\t<\/section>\n\t\t\t\t<section class=\"elementor-section elementor-top-section elementor-element elementor-element-7c727fe elementor-section-boxed elementor-section-height-default elementor-section-height-default\" data-id=\"7c727fe\" data-element_type=\"section\">\n\t\t\t\t\t\t<div class=\"elementor-container elementor-column-gap-default\">\n\t\t\t\t\t<div class=\"elementor-column elementor-col-100 elementor-top-column elementor-element elementor-element-2675508\" data-id=\"2675508\" data-element_type=\"column\">\n\t\t\t<div class=\"elementor-widget-wrap elementor-element-populated\">\n\t\t\t\t\t\t<div class=\"elementor-element elementor-element-86f7f71 elementor-widget elementor-widget-heading\" data-id=\"86f7f71\" data-element_type=\"widget\" data-widget_type=\"heading.default\">\n\t\t\t\t<div class=\"elementor-widget-container\">\n\t\t\t\t\t<h2 class=\"elementor-heading-title elementor-size-default\">Sant\u00e9 et D\u00e9veloppement Durable : Une infrastructure au service de la r\u00e9silience<\/h2>\t\t\t\t<\/div>\n\t\t\t\t<\/div>\n\t\t\t\t<div class=\"elementor-element elementor-element-3f26691 elementor-widget elementor-widget-text-editor\" data-id=\"3f26691\" data-element_type=\"widget\" data-widget_type=\"text-editor.default\">\n\t\t\t\t<div class=\"elementor-widget-container\">\n\t\t\t\t\t\t\t\t\t<p><span style=\"font-weight: 400;\">Dans une Cara\u00efbe soumise aux d\u00e9fis du changement climatique, de l&#8217;exode rural et des in\u00e9galit\u00e9s d&#8217;acc\u00e8s aux services, la r\u00e9habilitation d&#8217;infrastructures comme <\/span><b>La Ressource Wellness Center<\/b><span style=\"font-weight: 400;\"> participe \u00e0 une <\/span><b>vision durable du d\u00e9veloppement territorial<\/b><span style=\"font-weight: 400;\">. <\/span><span style=\"font-weight: 400;\">L&#8217;acc\u00e8s aux soins est un <\/span><b>\u00e9l\u00e9ment cl\u00e9 du d\u00e9veloppement durable<\/b><span style=\"font-weight: 400;\">, au m\u00eame titre que la pr\u00e9servation du patrimoine culturel ou naturel. <\/span><\/p>\t\t\t\t\t\t\t\t<\/div>\n\t\t\t\t<\/div>\n\t\t\t\t<div class=\"elementor-element elementor-element-1931a91 elementor-widget elementor-widget-text-editor\" data-id=\"1931a91\" data-element_type=\"widget\" data-widget_type=\"text-editor.default\">\n\t\t\t\t<div class=\"elementor-widget-container\">\n\t\t\t\t\t\t\t\t\t<p><span style=\"font-weight: 400;\">En renfor\u00e7ant le syst\u00e8me de sant\u00e9 local, Sainte-Lucie garantit <\/span><b>une meilleure qualit\u00e9 de vie<\/b><span style=\"font-weight: 400;\">, limitant ainsi le d\u00e9part des populations vers d&#8217;autres zones. Une communaut\u00e9 en bonne sant\u00e9 est plus \u00e0 m\u00eame de pr\u00e9server son cadre de vie, de transmettre ses savoirs et de dynamiser son \u00e9conomie locale.<\/span><\/p>\n<p><span style=\"font-weight: 400;\">Cette initiative illustre aussi <\/span><b>l&#8217;importance d&#8217;investir dans des infrastructures adapt\u00e9es aux r\u00e9alit\u00e9s insulaires<\/b><span style=\"font-weight: 400;\">. Loin d&#8217;\u00eatre un simple centre m\u00e9dical, <\/span><b>La Ressource Wellness Center<\/b><span style=\"font-weight: 400;\"> s&#8217;int\u00e8gre dans une vision globale o\u00f9 sant\u00e9, bien-\u00eatre et attractivit\u00e9 territoriale se rejoignent.<\/span><\/p>\t\t\t\t\t\t\t\t<\/div>\n\t\t\t\t<\/div>\n\t\t\t\t<section class=\"elementor-section elementor-inner-section elementor-element elementor-element-f3dfab3 elementor-section-boxed elementor-section-height-default elementor-section-height-default\" data-id=\"f3dfab3\" data-element_type=\"section\">\n\t\t\t\t\t\t<div class=\"elementor-container elementor-column-gap-default\">\n\t\t\t\t\t<div class=\"elementor-column elementor-col-100 elementor-inner-column elementor-element elementor-element-5808d53\" data-id=\"5808d53\" data-element_type=\"column\">\n\t\t\t<div class=\"elementor-widget-wrap elementor-element-populated\">\n\t\t\t\t\t\t<div class=\"elementor-element elementor-element-473886e elementor-widget elementor-widget-image\" data-id=\"473886e\" data-element_type=\"widget\" data-widget_type=\"image.default\">\n\t\t\t\t<div class=\"elementor-widget-container\">\n\t\t\t\t\t\t\t\t\t\t\t\t<figure class=\"wp-caption\">\n\t\t\t\t\t\t\t\t\t\t<img loading=\"lazy\" decoding=\"async\" width=\"800\" height=\"600\" src=\"https:\/\/richeskarayib.com\/wp-content\/uploads\/2025\/03\/4-Official-Reopening-of-the-La-Ressource-Dennery-Wellness-Centre-1-1024x768.jpg\" class=\"attachment-large size-large wp-image-45907\" alt=\"Ressource Wellness Center\" srcset=\"https:\/\/richeskarayib.com\/wp-content\/uploads\/2025\/03\/4-Official-Reopening-of-the-La-Ressource-Dennery-Wellness-Centre-1-1024x768.jpg 1024w, https:\/\/richeskarayib.com\/wp-content\/uploads\/2025\/03\/4-Official-Reopening-of-the-La-Ressource-Dennery-Wellness-Centre-1-300x225.jpg 300w, https:\/\/richeskarayib.com\/wp-content\/uploads\/2025\/03\/4-Official-Reopening-of-the-La-Ressource-Dennery-Wellness-Centre-1-768x576.jpg 768w, https:\/\/richeskarayib.com\/wp-content\/uploads\/2025\/03\/4-Official-Reopening-of-the-La-Ressource-Dennery-Wellness-Centre-1-1536x1152.jpg 1536w, https:\/\/richeskarayib.com\/wp-content\/uploads\/2025\/03\/4-Official-Reopening-of-the-La-Ressource-Dennery-Wellness-Centre-1-1320x990.jpg 1320w, https:\/\/richeskarayib.com\/wp-content\/uploads\/2025\/03\/4-Official-Reopening-of-the-La-Ressource-Dennery-Wellness-Centre-1.jpg 1920w\" sizes=\"(max-width: 800px) 100vw, 800px\" \/>\t\t\t\t\t\t\t\t\t\t\t<figcaption class=\"widget-image-caption wp-caption-text\">R\u00e9ouverture officielle du centre de bien-\u00eatre La Ressource Dennery<\/figcaption>\n\t\t\t\t\t\t\t\t\t\t<\/figure>\n\t\t\t\t\t\t\t\t\t<\/div>\n\t\t\t\t<\/div>\n\t\t\t\t\t<\/div>\n\t\t<\/div>\n\t\t\t\t\t<\/div>\n\t\t<\/section>\n\t\t\t\t\t<\/div>\n\t\t<\/div>\n\t\t\t\t\t<\/div>\n\t\t<\/section>\n\t\t\t\t<section class=\"elementor-section elementor-top-section elementor-element elementor-element-1a0b771 elementor-section-boxed elementor-section-height-default elementor-section-height-default\" data-id=\"1a0b771\" data-element_type=\"section\">\n\t\t\t\t\t\t<div class=\"elementor-container elementor-column-gap-default\">\n\t\t\t\t\t<div class=\"elementor-column elementor-col-100 elementor-top-column elementor-element elementor-element-345f4b7\" data-id=\"345f4b7\" data-element_type=\"column\">\n\t\t\t<div class=\"elementor-widget-wrap elementor-element-populated\">\n\t\t\t\t\t\t<div class=\"elementor-element elementor-element-d6a712a elementor-widget elementor-widget-heading\" data-id=\"d6a712a\" data-element_type=\"widget\" data-widget_type=\"heading.default\">\n\t\t\t\t<div class=\"elementor-widget-container\">\n\t\t\t\t\t<h2 class=\"elementor-heading-title elementor-size-default\">Une r\u00e9habilitation qui renforce l'attractivit\u00e9 de Sainte-Lucie<\/h2>\t\t\t\t<\/div>\n\t\t\t\t<\/div>\n\t\t\t\t<div class=\"elementor-element elementor-element-f9582c3 elementor-widget elementor-widget-text-editor\" data-id=\"f9582c3\" data-element_type=\"widget\" data-widget_type=\"text-editor.default\">\n\t\t\t\t<div class=\"elementor-widget-container\">\n\t\t\t\t\t\t\t\t\t<p><span style=\"font-weight: 400;\">Un territoire qui investit dans la sant\u00e9 investit aussi dans <\/span><b>son image et son d\u00e9veloppement touristique<\/b><span style=\"font-weight: 400;\">. Sainte-Lucie, comme de nombreuses \u00eeles de la r\u00e9gion, mise sur une \u00e9conomie qui valorise son patrimoine, sa culture et son environnement. Offrir des services de sant\u00e9 modernes et accessibles contribue \u00e0 renforcer l&#8217;attractivit\u00e9 du territoire, aussi bien pour ses habitants que pour les visiteurs \u00e0 la recherche d&#8217;exp\u00e9riences <\/span><b>authentiques et responsables<\/b><span style=\"font-weight: 400;\">.<\/span><\/p>\t\t\t\t\t\t\t\t<\/div>\n\t\t\t\t<\/div>\n\t\t\t\t<div class=\"elementor-element elementor-element-055b278 elementor-widget elementor-widget-text-editor\" data-id=\"055b278\" data-element_type=\"widget\" data-widget_type=\"text-editor.default\">\n\t\t\t\t<div class=\"elementor-widget-container\">\n\t\t\t\t\t\t\t\t\t<p><span style=\"font-weight: 400;\">Le d\u00e9veloppement du <\/span><b><a href=\"https:\/\/richeskarayib.com\/fr\/tourisme-durable-dans-les-caraibes-defis-et-opportunites\/\" target=\"_blank\" rel=\"noopener\">tourisme durable<\/a> et du bien-\u00eatre<\/b><span style=\"font-weight: 400;\"> en Cara\u00efbe repose aussi sur des infrastructures capables d&#8217;accompagner cette dynamique. <\/span><b>La Ressource Wellness Center<\/b><span style=\"font-weight: 400;\">, en garantissant des services de sant\u00e9 de qualit\u00e9, participe indirectement \u00e0 cette transformation, rendant la destination plus s\u00fbre et plus agr\u00e9able \u00e0 vivre.<\/span><\/p>\t\t\t\t\t\t\t\t<\/div>\n\t\t\t\t<\/div>\n\t\t\t\t\t<\/div>\n\t\t<\/div>\n\t\t\t\t\t<\/div>\n\t\t<\/section>\n\t\t\t\t<section class=\"elementor-section elementor-top-section elementor-element elementor-element-0837fcd elementor-section-boxed elementor-section-height-default elementor-section-height-default\" data-id=\"0837fcd\" data-element_type=\"section\">\n\t\t\t\t\t\t<div class=\"elementor-container elementor-column-gap-default\">\n\t\t\t\t\t<div class=\"elementor-column elementor-col-100 elementor-top-column elementor-element elementor-element-0ac3728\" data-id=\"0ac3728\" data-element_type=\"column\">\n\t\t\t<div class=\"elementor-widget-wrap elementor-element-populated\">\n\t\t\t\t\t\t<div class=\"elementor-element elementor-element-f36c3be elementor-widget elementor-widget-heading\" data-id=\"f36c3be\" data-element_type=\"widget\" data-widget_type=\"heading.default\">\n\t\t\t\t<div class=\"elementor-widget-container\">\n\t\t\t\t\t<h2 class=\"elementor-heading-title elementor-size-default\">Un signal fort pour l'avenir de la Cara\u00efbe<\/h2>\t\t\t\t<\/div>\n\t\t\t\t<\/div>\n\t\t\t\t<div class=\"elementor-element elementor-element-ffcaf60 elementor-widget elementor-widget-text-editor\" data-id=\"ffcaf60\" data-element_type=\"widget\" data-widget_type=\"text-editor.default\">\n\t\t\t\t<div class=\"elementor-widget-container\">\n\t\t\t\t\t\t\t\t\t<p><span style=\"font-weight: 400;\">Avec <\/span><b>La Ressource Wellness Center<\/b><span style=\"font-weight: 400;\">, Sainte-Lucie envoie un message clair : le bien-\u00eatre des populations doit \u00eatre <\/span><b>au c\u0153ur du d\u00e9veloppement r\u00e9gional<\/b><span style=\"font-weight: 400;\">. Cette r\u00e9ouverture souligne l&#8217;importance de moderniser et de pr\u00e9server les infrastructures essentielles pour garantir un avenir plus \u00e9quilibr\u00e9 et prosp\u00e8re.<\/span><\/p>\n<p><span style=\"font-weight: 400;\">Dans une Cara\u00efbe o\u00f9 chaque \u00eele cherche \u00e0 renforcer son ind\u00e9pendance et sa r\u00e9silience, cet exemple prouve que les investissements dans la sant\u00e9 sont <\/span><b>un levier puissant de d\u00e9veloppement durable<\/b><span style=\"font-weight: 400;\">. En misant sur des initiatives inclusives et adapt\u00e9es aux besoins des populations, la r\u00e9gion continue d&#8217;affirmer son identit\u00e9 et de tracer sa propre voie vers un avenir plus fort et solidaire.<\/span><\/p>\t\t\t\t\t\t\t\t<\/div>\n\t\t\t\t<\/div>\n\t\t\t\t<section class=\"elementor-section elementor-inner-section elementor-element elementor-element-e8c2101 elementor-section-boxed elementor-section-height-default elementor-section-height-default\" data-id=\"e8c2101\" data-element_type=\"section\">\n\t\t\t\t\t\t<div class=\"elementor-container elementor-column-gap-default\">\n\t\t\t\t\t<div class=\"elementor-column elementor-col-100 elementor-inner-column elementor-element elementor-element-8cd981f\" data-id=\"8cd981f\" data-element_type=\"column\">\n\t\t\t<div class=\"elementor-widget-wrap elementor-element-populated\">\n\t\t\t\t\t\t<div class=\"elementor-element elementor-element-89780e2 elementor-widget elementor-widget-video\" data-id=\"89780e2\" data-element_type=\"widget\" data-settings=\"{&quot;youtube_url&quot;:&quot;https:\\\/\\\/youtu.be\\\/eWnOQLxMXLU&quot;,&quot;video_type&quot;:&quot;youtube&quot;,&quot;controls&quot;:&quot;yes&quot;}\" data-widget_type=\"video.default\">\n\t\t\t\t<div class=\"elementor-widget-container\">\n\t\t\t\t\t\t\t<div class=\"elementor-wrapper elementor-open-inline\">\n\t\t\t<div class=\"elementor-video\"><\/div>\t\t<\/div>\n\t\t\t\t\t\t<\/div>\n\t\t\t\t<\/div>\n\t\t\t\t\t<\/div>\n\t\t<\/div>\n\t\t\t\t\t<\/div>\n\t\t<\/section>\n\t\t\t\t\t<\/div>\n\t\t<\/div>\n\t\t\t\t\t<\/div>\n\t\t<\/section>\n\t\t\t\t<section class=\"elementor-section elementor-top-section elementor-element elementor-element-fbe195e elementor-section-boxed elementor-section-height-default elementor-section-height-default\" data-id=\"fbe195e\" data-element_type=\"section\">\n\t\t\t\t\t\t<div class=\"elementor-container elementor-column-gap-default\">\n\t\t\t\t\t<div class=\"elementor-column elementor-col-100 elementor-top-column elementor-element elementor-element-8dbf86c\" data-id=\"8dbf86c\" data-element_type=\"column\">\n\t\t\t<div class=\"elementor-widget-wrap elementor-element-populated\">\n\t\t\t\t\t\t<div class=\"elementor-element elementor-element-b2fbc92 elementor-widget elementor-widget-text-editor\" data-id=\"b2fbc92\" data-element_type=\"widget\" data-widget_type=\"text-editor.default\">\n\t\t\t\t<div class=\"elementor-widget-container\">\n\t\t\t\t\t\t\t\t\t<p><span style=\"font-weight: 400;\">Informations Pratiques :<\/span><\/p>\n<ul>\n<li style=\"font-weight: 400;\" aria-level=\"1\"><span style=\"font-weight: 400;\"><strong>Heures d&#8217;ouverture :<\/strong> le centre est ouvert de 8h00 \u00e0 16h30.<\/span><\/li>\n<li style=\"font-weight: 400;\" aria-level=\"1\"><span style=\"font-weight: 400;\"><strong>Services offerts :<\/strong> soins maternels et infantiles, gestion des maladies chroniques, cliniques m\u00e9dicales g\u00e9n\u00e9rales, sant\u00e9 dentaire, sant\u00e9 mentale, sant\u00e9 masculine et podologie.<\/span><\/li>\n<li style=\"font-weight: 400;\" aria-level=\"1\"><span style=\"font-weight: 400;\"><strong>Emplacement :<\/strong> situ\u00e9 dans la communaut\u00e9 de Dennery, Sainte-Lucie.<\/span><\/li>\n<\/ul>\t\t\t\t\t\t\t\t<\/div>\n\t\t\t\t<\/div>\n\t\t\t\t\t<\/div>\n\t\t<\/div>\n\t\t\t\t\t<\/div>\n\t\t<\/section>\n\t\t\t\t<\/div>\n\t\t","protected":false},"excerpt":{"rendered":"<p>La Ressource Wellness Center rouvre enfin ses portes, offrant bien plus qu&#8217;un simple acc\u00e8s aux soins de sant\u00e9. Cette r\u00e9habilitation s&#8217;inscrit dans une dynamique essentielle pour la Cara\u00efbe : pr\u00e9server l&#8217;humain, c&#8217;est aussi pr\u00e9server l&#8217;avenir des territoires. En garantissant des infrastructures adapt\u00e9es aux r\u00e9alit\u00e9s locales, cet espace modernis\u00e9 contribue \u00e0 l&#8217;attractivit\u00e9 du territoire, \u00e0 la [&hellip;]<\/p>\n","protected":false},"author":662,"featured_media":45889,"comment_status":"open","ping_status":"open","sticky":false,"template":"","format":"standard","meta":{"_acf_changed":false,"footnotes":""},"categories":[31],"tags":[234],"class_list":["post-45884","post","type-post","status-publish","format-standard","has-post-thumbnail","hentry","category-non-classifiee","tag-sainte-lucie"],"acf":[],"_links":{"self":[{"href":"https:\/\/richeskarayib.com\/fr\/wp-json\/wp\/v2\/posts\/45884","targetHints":{"allow":["GET"]}}],"collection":[{"href":"https:\/\/richeskarayib.com\/fr\/wp-json\/wp\/v2\/posts"}],"about":[{"href":"https:\/\/richeskarayib.com\/fr\/wp-json\/wp\/v2\/types\/post"}],"author":[{"embeddable":true,"href":"https:\/\/richeskarayib.com\/fr\/wp-json\/wp\/v2\/users\/662"}],"replies":[{"embeddable":true,"href":"https:\/\/richeskarayib.com\/fr\/wp-json\/wp\/v2\/comments?post=45884"}],"version-history":[{"count":0,"href":"https:\/\/richeskarayib.com\/fr\/wp-json\/wp\/v2\/posts\/45884\/revisions"}],"wp:featuredmedia":[{"embeddable":true,"href":"https:\/\/richeskarayib.com\/fr\/wp-json\/wp\/v2\/media\/45889"}],"wp:attachment":[{"href":"https:\/\/richeskarayib.com\/fr\/wp-json\/wp\/v2\/media?parent=45884"}],"wp:term":[{"taxonomy":"category","embeddable":true,"href":"https:\/\/richeskarayib.com\/fr\/wp-json\/wp\/v2\/categories?post=45884"},{"taxonomy":"post_tag","embeddable":true,"href":"https:\/\/richeskarayib.com\/fr\/wp-json\/wp\/v2\/tags?post=45884"}],"curies":[{"name":"wp","href":"https:\/\/api.w.org\/{rel}","templated":true}]}}