{"id":46000,"date":"2025-03-08T15:22:13","date_gmt":"2025-03-08T19:22:13","guid":{"rendered":"https:\/\/richeskarayib.com\/?p=46000"},"modified":"2025-03-12T05:13:26","modified_gmt":"2025-03-12T09:13:26","slug":"femmes-de-la-caraibe-gardiennes-du-temps-architectes-de-demain","status":"publish","type":"post","link":"https:\/\/richeskarayib.com\/fr\/femmes-de-la-caraibe-gardiennes-du-temps-architectes-de-demain\/","title":{"rendered":"Femmes de la Cara\u00efbe : Gardiennes du Temps, Architectes de Demain"},"content":{"rendered":"\t\t<div data-elementor-type=\"wp-post\" data-elementor-id=\"46000\" class=\"elementor elementor-46000\" data-elementor-post-type=\"post\">\n\t\t\t\t\t\t<section class=\"elementor-section elementor-top-section elementor-element elementor-element-fcd6e19 elementor-section-boxed elementor-section-height-default elementor-section-height-default\" data-id=\"fcd6e19\" data-element_type=\"section\">\n\t\t\t\t\t\t<div class=\"elementor-container elementor-column-gap-default\">\n\t\t\t\t\t<div class=\"elementor-column elementor-col-100 elementor-top-column elementor-element elementor-element-f228a0e\" data-id=\"f228a0e\" data-element_type=\"column\">\n\t\t\t<div class=\"elementor-widget-wrap elementor-element-populated\">\n\t\t\t\t\t\t<div class=\"elementor-element elementor-element-9aeac32 elementor-widget elementor-widget-text-editor\" data-id=\"9aeac32\" data-element_type=\"widget\" data-widget_type=\"text-editor.default\">\n\t\t\t\t<div class=\"elementor-widget-container\">\n\t\t\t\t\t\t\t\t\t<p><strong><a href=\"https:\/\/la1ere.francetvinfo.fr\/martinique\/journee-internationale-des-droits-des-femmes-dans-la-caraibe-les-droits-des-femmes-sont-bafoues-1568341.html\" target=\"_blank\" rel=\"noopener nofollow\">Les <\/a><a href=\"_wp_link_placeholder\">femmes de la Cara\u00efbe<\/a> fa\u00e7onnent l\u2019histoire<\/strong>, traversant les si\u00e8cles comme des <strong data-start=\"161\" data-end=\"202\">gardiennes du temps et des traditions<\/strong>, mais aussi comme des <strong data-start=\"225\" data-end=\"262\">architectes visionnaires du futur<\/strong>.\u00a0<\/p><p>Cette formule illustre \u00e0 merveille le r\u00f4le crucial qu\u2019ont jou\u00e9 et que jouent encore les femmes de la Cara\u00efbe \u00e0 travers l\u2019histoire. Des plantations esclavagistes du XVIII si\u00e8cle aux tribunes de l\u2019ONU au XXI si\u00e8cle, ces femmes de la Cara\u00efbe ont \u00e9t\u00e9 \u00e0 la fois gardiennes de la m\u00e9moire collective et b\u00e2tisseuses d\u2019avenirs meilleurs. Qu\u2019elles viennent des \u00eeles francophones, anglophones ou hispanophones, qu\u2019elles \u0153uvrent en politique, dans la culture, les sciences ou les luttes sociales, leur impact est profond et multiforme. De <strong data-start=\"679\" data-end=\"694\">Queen Nanny<\/strong>, h\u00e9ro\u00efne marronne de la Jama\u00efque, \u00e0 <strong data-start=\"731\" data-end=\"746\">Mia Mottley<\/strong>, Premi\u00e8re ministre visionnaire de la Barbade, en passant par des artistes et militantes de renom, les femmes de la Cara\u00efbe m\u00e9ritent un hommage appuy\u00e9 en cette Journ\u00e9e Internationale des Droits des Femmes.<\/p>\t\t\t\t\t\t\t\t<\/div>\n\t\t\t\t<\/div>\n\t\t\t\t\t<\/div>\n\t\t<\/div>\n\t\t\t\t\t<\/div>\n\t\t<\/section>\n\t\t\t\t<section class=\"elementor-section elementor-top-section elementor-element elementor-element-0035235 elementor-section-boxed elementor-section-height-default elementor-section-height-default\" data-id=\"0035235\" data-element_type=\"section\">\n\t\t\t\t\t\t<div class=\"elementor-container elementor-column-gap-default\">\n\t\t\t\t\t<div class=\"elementor-column elementor-col-100 elementor-top-column elementor-element elementor-element-8be1fb5\" data-id=\"8be1fb5\" data-element_type=\"column\">\n\t\t\t<div class=\"elementor-widget-wrap elementor-element-populated\">\n\t\t\t\t\t\t<div class=\"elementor-element elementor-element-7bfb31e elementor-widget elementor-widget-text-editor\" data-id=\"7bfb31e\" data-element_type=\"widget\" data-widget_type=\"text-editor.default\">\n\t\t\t\t<div class=\"elementor-widget-container\">\n\t\t\t\t\t\t\t\t\t<h1>Pionni\u00e8res en politique dans la Cara\u00efbe<\/h1>\t\t\t\t\t\t\t\t<\/div>\n\t\t\t\t<\/div>\n\t\t\t\t<div class=\"elementor-element elementor-element-2063fea elementor-widget elementor-widget-text-editor\" data-id=\"2063fea\" data-element_type=\"widget\" data-widget_type=\"text-editor.default\">\n\t\t\t\t<div class=\"elementor-widget-container\">\n\t\t\t\t\t\t\t\t\t<p data-start=\"69\" data-end=\"953\">En mati\u00e8re de politique, les Carib\u00e9ennes ont bris\u00e9 bien des plafonds de verre. <strong data-start=\"1084\" data-end=\"1120\">Dame Eugenia Charles (Dominique)<\/strong> fut une pr\u00e9curseure : en 1980 elle devint la premi\u00e8re femme Premi\u00e8re ministre de la Cara\u00efbe, gagnant le surnom de &#8220;Dame de Fer&#8221; r\u00e9gionale. Pendant 15 ans, elle a gouvern\u00e9 la Dominique avec fermet\u00e9, ouvrant la voie \u00e0 d\u2019autres dirigeantes\u200b.<\/p><p data-start=\"1005\" data-end=\"1728\">On lui attribue cette observation c\u00e9l\u00e8bre : <em data-start=\"1447\" data-end=\"1567\">\u00ab Les hommes ont la grandiose vision\u2026 les femmes, elles, en suivent les d\u00e9tails pour s\u2019assurer qu\u2019elle se concr\u00e9tise \u00bb.<\/em>\u200b<\/p>\t\t\t\t\t\t\t\t<\/div>\n\t\t\t\t<\/div>\n\t\t\t\t<div class=\"elementor-element elementor-element-f3c7ebb elementor-widget elementor-widget-text-editor\" data-id=\"f3c7ebb\" data-element_type=\"widget\" data-widget_type=\"text-editor.default\">\n\t\t\t\t<div class=\"elementor-widget-container\">\n\t\t\t\t\t\t\t\t\t<p data-start=\"69\" data-end=\"953\">Cette citation refl\u00e8te bien la touche pragmatique et d\u00e9termin\u00e9e qu\u2019ont apport\u00e9e les femmes \u00e0 l\u2019exercice du pouvoir.<\/p><p data-start=\"1730\" data-end=\"2853\">Depuis, plusieurs \u00eeles ont port\u00e9 des femmes \u00e0 leur t\u00eate. <strong data-start=\"1787\" data-end=\"1823\">Portia Simpson-Miller (Jama\u00efque)<\/strong> a, par exemple, \u00e9t\u00e9 deux fois Premi\u00e8re ministre de la Jama\u00efque (2006-2007, 2012-2016), incarnant l\u2019espoir des classes populaires. <strong data-start=\"1954\" data-end=\"1988\">Ertha Pascal-Trouillot (Ha\u00efti)<\/strong>, juriste de formation, a bris\u00e9 un tabou en devenant la premi\u00e8re femme pr\u00e9sidente de son pays en 1990. Plus r\u00e9cemment, en 2018, la Barbade a \u00e9lu <strong data-start=\"2133\" data-end=\"2148\">Mia Mottley<\/strong> au poste de Premi\u00e8re ministre \u2013 la premi\u00e8re femme \u00e0 diriger ce jeune \u00c9tat insulaire depuis son ind\u00e9pendance\u200b.<\/p>\t\t\t\t\t\t\t\t<\/div>\n\t\t\t\t<\/div>\n\t\t\t\t<div class=\"elementor-element elementor-element-06998f1 elementor-widget elementor-widget-text-editor\" data-id=\"06998f1\" data-element_type=\"widget\" data-widget_type=\"text-editor.default\">\n\t\t\t\t<div class=\"elementor-widget-container\">\n\t\t\t\t\t\t\t\t\t<p data-start=\"1730\" data-end=\"2853\">Mia Mottley s\u2019est vite impos\u00e9e comme une voix forte bien au-del\u00e0 de son \u00eele. Sous son leadership, la Barbade est m\u00eame devenue une r\u00e9publique en 2021, tournant la page de la monarchie britannique, et a d\u00e9sign\u00e9 la chanteuse Rihanna comme h\u00e9ro\u00efne nationale lors de cette transition historique. Aujourd\u2019hui, Mia Mottley est reconnue comme <em data-start=\"2629\" data-end=\"2729\">\u201cla voix leader des peuples carib\u00e9ens et des nations en d\u00e9veloppement sur la sc\u00e8ne internationale\u201d<\/em>, gr\u00e2ce \u00e0 son intelligence, son \u00e9loquence et sa passion pour la justice sociale\u200b. \u200b<span class=\"relative -mx-px my-[-0.2rem] rounded px-px py-[0.2rem]\">Depuis le 1\u1d49\u02b3 janvier 2025, Mia Mottley, Premi\u00e8re ministre de la Barbade, assume la pr\u00e9sidence de la Communaut\u00e9 carib\u00e9enne (CARICOM). Rich\u00e8s Karayib lui a \u00e9galement consacr\u00e9 un article. Pour en savoir plus sur son parcours et son impact, consultez notre article sur <a href=\"https:\/\/richeskarayib.com\/fr\/barbade-mia-mottley-aura-une-femme-exception\/\" target=\"_blank\" rel=\"noopener\">Mia Mottley<\/a>.<\/span><\/p>\t\t\t\t\t\t\t\t<\/div>\n\t\t\t\t<\/div>\n\t\t\t\t<div class=\"elementor-element elementor-element-44e4e26 elementor-widget elementor-widget-text-editor\" data-id=\"44e4e26\" data-element_type=\"widget\" data-widget_type=\"text-editor.default\">\n\t\t\t\t<div class=\"elementor-widget-container\">\n\t\t\t\t\t\t\t\t\t<p data-start=\"2855\" data-end=\"3244\">Ces figures politiques \u2013 qu\u2019elles soient cheffes de gouvernement, ministres ou \u00e9lues locales \u2013 partagent souvent un m\u00eame combat : faire entendre les int\u00e9r\u00eats des petites nations insulaires et des populations marginalis\u00e9es. Leurs parcours, sem\u00e9s d\u2019emb\u00fbches dans des univers longtemps domin\u00e9s par les hommes, font d\u2019elles des mod\u00e8les d\u2019audace et de r\u00e9silience pour les nouvelles g\u00e9n\u00e9rations.<\/p>\t\t\t\t\t\t\t\t<\/div>\n\t\t\t\t<\/div>\n\t\t\t\t<section class=\"elementor-section elementor-inner-section elementor-element elementor-element-95a624d elementor-section-boxed elementor-section-height-default elementor-section-height-default\" data-id=\"95a624d\" data-element_type=\"section\">\n\t\t\t\t\t\t<div class=\"elementor-container elementor-column-gap-default\">\n\t\t\t\t\t<div class=\"elementor-column elementor-col-33 elementor-inner-column elementor-element elementor-element-8776f53\" data-id=\"8776f53\" data-element_type=\"column\">\n\t\t\t<div class=\"elementor-widget-wrap elementor-element-populated\">\n\t\t\t\t\t\t<div class=\"elementor-element elementor-element-2f632ac elementor-widget elementor-widget-image\" data-id=\"2f632ac\" data-element_type=\"widget\" data-widget_type=\"image.default\">\n\t\t\t\t<div class=\"elementor-widget-container\">\n\t\t\t\t\t\t\t\t\t\t\t\t<figure class=\"wp-caption\">\n\t\t\t\t\t\t\t\t\t\t<img fetchpriority=\"high\" decoding=\"async\" width=\"681\" height=\"842\" src=\"https:\/\/richeskarayib.com\/wp-content\/uploads\/2025\/03\/Island-SPACE.-Dame-Eugenia-Charles.jpg\" class=\"attachment-large size-large wp-image-46032\" alt=\"Femmes de la Cara\u00efbe\" srcset=\"https:\/\/richeskarayib.com\/wp-content\/uploads\/2025\/03\/Island-SPACE.-Dame-Eugenia-Charles.jpg 681w, https:\/\/richeskarayib.com\/wp-content\/uploads\/2025\/03\/Island-SPACE.-Dame-Eugenia-Charles-243x300.jpg 243w\" sizes=\"(max-width: 681px) 100vw, 681px\" \/>\t\t\t\t\t\t\t\t\t\t\t<figcaption class=\"widget-image-caption wp-caption-text\">Dame Eugenia Charles.\n\nSource: Island SPACE. <\/figcaption>\n\t\t\t\t\t\t\t\t\t\t<\/figure>\n\t\t\t\t\t\t\t\t\t<\/div>\n\t\t\t\t<\/div>\n\t\t\t\t\t<\/div>\n\t\t<\/div>\n\t\t\t\t<div class=\"elementor-column elementor-col-33 elementor-inner-column elementor-element elementor-element-fc4967b\" data-id=\"fc4967b\" data-element_type=\"column\">\n\t\t\t<div class=\"elementor-widget-wrap elementor-element-populated\">\n\t\t\t\t\t\t<div class=\"elementor-element elementor-element-341d716 elementor-widget elementor-widget-image\" data-id=\"341d716\" data-element_type=\"widget\" data-widget_type=\"image.default\">\n\t\t\t\t<div class=\"elementor-widget-container\">\n\t\t\t\t\t\t\t\t\t\t\t\t<figure class=\"wp-caption\">\n\t\t\t\t\t\t\t\t\t\t<img decoding=\"async\" width=\"800\" height=\"800\" src=\"https:\/\/richeskarayib.com\/wp-content\/uploads\/2025\/03\/Portia-Simpson-Miller-1024x1024.jpg\" class=\"attachment-large size-large wp-image-46036\" alt=\"Femmes de la Cara\u00efbe\" srcset=\"https:\/\/richeskarayib.com\/wp-content\/uploads\/2025\/03\/Portia-Simpson-Miller-1024x1024.jpg 1024w, https:\/\/richeskarayib.com\/wp-content\/uploads\/2025\/03\/Portia-Simpson-Miller-300x300.jpg 300w, https:\/\/richeskarayib.com\/wp-content\/uploads\/2025\/03\/Portia-Simpson-Miller-150x150.jpg 150w, https:\/\/richeskarayib.com\/wp-content\/uploads\/2025\/03\/Portia-Simpson-Miller-768x768.jpg 768w, https:\/\/richeskarayib.com\/wp-content\/uploads\/2025\/03\/Portia-Simpson-Miller-1536x1536.jpg 1536w, https:\/\/richeskarayib.com\/wp-content\/uploads\/2025\/03\/Portia-Simpson-Miller-1320x1320.jpg 1320w, https:\/\/richeskarayib.com\/wp-content\/uploads\/2025\/03\/Portia-Simpson-Miller.jpg 1610w\" sizes=\"(max-width: 800px) 100vw, 800px\" \/>\t\t\t\t\t\t\t\t\t\t\t<figcaption class=\"widget-image-caption wp-caption-text\">Portia Simpson-Miller.\n\nSource : Portia Simpson-Miller<\/figcaption>\n\t\t\t\t\t\t\t\t\t\t<\/figure>\n\t\t\t\t\t\t\t\t\t<\/div>\n\t\t\t\t<\/div>\n\t\t\t\t\t<\/div>\n\t\t<\/div>\n\t\t\t\t<div class=\"elementor-column elementor-col-33 elementor-inner-column elementor-element elementor-element-80a9496\" data-id=\"80a9496\" data-element_type=\"column\">\n\t\t\t<div class=\"elementor-widget-wrap elementor-element-populated\">\n\t\t\t\t\t\t<div class=\"elementor-element elementor-element-0c020b2 elementor-widget elementor-widget-image\" data-id=\"0c020b2\" data-element_type=\"widget\" data-widget_type=\"image.default\">\n\t\t\t\t<div class=\"elementor-widget-container\">\n\t\t\t\t\t\t\t\t\t\t\t\t<figure class=\"wp-caption\">\n\t\t\t\t\t\t\t\t\t\t<img decoding=\"async\" width=\"680\" height=\"1024\" src=\"https:\/\/richeskarayib.com\/wp-content\/uploads\/2025\/03\/Wendy-Emmanuel.-Ertha-Pascal.jpg\" class=\"attachment-large size-large wp-image-46040\" alt=\"Femmes de la Cara\u00efbe\" srcset=\"https:\/\/richeskarayib.com\/wp-content\/uploads\/2025\/03\/Wendy-Emmanuel.-Ertha-Pascal.jpg 680w, https:\/\/richeskarayib.com\/wp-content\/uploads\/2025\/03\/Wendy-Emmanuel.-Ertha-Pascal-199x300.jpg 199w\" sizes=\"(max-width: 680px) 100vw, 680px\" \/>\t\t\t\t\t\t\t\t\t\t\t<figcaption class=\"widget-image-caption wp-caption-text\">Ertha Pascal-Trouillot.\n\nSource: Wendy Emmanuel.<\/figcaption>\n\t\t\t\t\t\t\t\t\t\t<\/figure>\n\t\t\t\t\t\t\t\t\t<\/div>\n\t\t\t\t<\/div>\n\t\t\t\t\t<\/div>\n\t\t<\/div>\n\t\t\t\t\t<\/div>\n\t\t<\/section>\n\t\t\t\t\t<\/div>\n\t\t<\/div>\n\t\t\t\t\t<\/div>\n\t\t<\/section>\n\t\t\t\t<section class=\"elementor-section elementor-top-section elementor-element elementor-element-4ceea02 elementor-section-boxed elementor-section-height-default elementor-section-height-default\" data-id=\"4ceea02\" data-element_type=\"section\">\n\t\t\t\t\t\t<div class=\"elementor-container elementor-column-gap-default\">\n\t\t\t\t\t<div class=\"elementor-column elementor-col-100 elementor-top-column elementor-element elementor-element-54d0503\" data-id=\"54d0503\" data-element_type=\"column\">\n\t\t\t<div class=\"elementor-widget-wrap elementor-element-populated\">\n\t\t\t\t\t\t<div class=\"elementor-element elementor-element-76fad8d elementor-widget elementor-widget-text-editor\" data-id=\"76fad8d\" data-element_type=\"widget\" data-widget_type=\"text-editor.default\">\n\t\t\t\t<div class=\"elementor-widget-container\">\n\t\t\t\t\t\t\t\t\t<h1>Ic\u00f4nes culturelles et gardiennes de la m\u00e9moire<\/h1>\t\t\t\t\t\t\t\t<\/div>\n\t\t\t\t<\/div>\n\t\t\t\t<div class=\"elementor-element elementor-element-9426cf6 elementor-widget elementor-widget-text-editor\" data-id=\"9426cf6\" data-element_type=\"widget\" data-widget_type=\"text-editor.default\">\n\t\t\t\t<div class=\"elementor-widget-container\">\n\t\t\t\t\t\t\t\t\t<p data-start=\"2855\" data-end=\"3244\"><strong data-start=\"3335\" data-end=\"3364\">Maryse Cond\u00e9 (Guadeloupe)<\/strong> est l\u2019une des plumes carib\u00e9ennes les plus admir\u00e9es. Romanci\u00e8re de g\u00e9nie, elle a mis en lumi\u00e8re dans ses \u0153uvres la richesse de la culture antillaise, la m\u00e9moire de l\u2019esclavage et la force des femmes. Laur\u00e9ate de multiples prix, <strong>Maryse<\/strong> <strong data-start=\"3592\" data-end=\"3601\">Cond\u00e9<\/strong> a parcouru le monde tout en restant une voix fi\u00e8re de sa Guadeloupe natale. \u00c0 travers des romans comme <em data-start=\"3705\" data-end=\"3712\">S\u00e9gou<\/em> ou <em data-start=\"3716\" data-end=\"3739\">Moi, Tituba sorci\u00e8re\u2026<\/em>, elle a montr\u00e9 comment les femmes de la Cara\u00efbe sont les gardiennes du temps \u2013 porteuses d\u2019histoires transmises de g\u00e9n\u00e9ration en g\u00e9n\u00e9ration \u2013 tout en \u00e9tant actrices du changement. Son \u0153uvre a inspir\u00e9 de nombreuses autrices et intellectuelles de la r\u00e9gion et d\u2019ailleurs.<\/p>\t\t\t\t\t\t\t\t<\/div>\n\t\t\t\t<\/div>\n\t\t\t\t<div class=\"elementor-element elementor-element-1c6e33f elementor-widget elementor-widget-text-editor\" data-id=\"1c6e33f\" data-element_type=\"widget\" data-widget_type=\"text-editor.default\">\n\t\t\t\t<div class=\"elementor-widget-container\">\n\t\t\t\t\t\t\t\t\t<p data-start=\"4009\" data-end=\"4669\">En musique, impossible de ne pas \u00e9voquer <strong data-start=\"4050\" data-end=\"4071\">Celia Cruz (Cuba)<\/strong>, la \u00ab Reine de la Salsa \u00bb. Avec sa voix puissante et son cri l\u00e9gendaire <em data-start=\"4144\" data-end=\"4158\">\u00ab \u00a1Az\u00facar! \u00bb<\/em>, Celia Cruz a enflamm\u00e9 les sc\u00e8nes du monde entier pendant plus de cinq d\u00e9cennies, devenant l\u2019ambassadrice par excellence de la musique carib\u00e9enne. N\u00e9e \u00e0 La Havane, elle a su conqu\u00e9rir un public global et remporter de multiples Grammy Awards, tout en restant fi\u00e8re de ses racines afro-cubaines\u200b. Son succ\u00e8s a ouvert la voie \u00e0 d\u2019autres artistes latines et a mis la culture carib\u00e9enne sur le devant de la sc\u00e8ne internationale.<\/p>\t\t\t\t\t\t\t\t<\/div>\n\t\t\t\t<\/div>\n\t\t\t\t<div class=\"elementor-element elementor-element-68a8d1c elementor-widget elementor-widget-text-editor\" data-id=\"68a8d1c\" data-element_type=\"widget\" data-widget_type=\"text-editor.default\">\n\t\t\t\t<div class=\"elementor-widget-container\">\n\t\t\t\t\t\t\t\t\t<p data-start=\"4009\" data-end=\"4669\">De m\u00eame, <strong data-start=\"9\" data-end=\"29\">Jocelyne B\u00e9roard<\/strong>, chanteuse martiniquaise et membre du groupe Kassav, a jou\u00e9 un r\u00f4le central dans la popularisation du zouk, contribuant \u00e0 l&#8217;identit\u00e9 musicale de la Cara\u00efbe francophone.<\/p><p data-start=\"4671\" data-end=\"5636\">La nouvelle g\u00e9n\u00e9ration continue sur cette lanc\u00e9e. <strong data-start=\"4721\" data-end=\"4742\">Rihanna (Barbade)<\/strong>, superstar plan\u00e9taire de la pop et femme d\u2019affaires accomplie, assume pleinement son h\u00e9ritage carib\u00e9en et le met en avant, que ce soit dans sa musique, sa marque de cosm\u00e9tiques inclusive ou son engagement philanthropique. En 2021, la Barbade l\u2019a d\u2019ailleurs \u00e9lev\u00e9e au rang de H\u00e9ro\u00efne nationale, symbolisant \u00e0 quel point la culture peut \u00eatre un vecteur de fiert\u00e9 et d\u2019unit\u00e9 nationales. D\u2019autres figures, comme la r\u00e9alisatrice <strong data-start=\"5167\" data-end=\"5196\">Euzhan Palcy (Martinique)<\/strong> \u2013 premi\u00e8re r\u00e9alisatrice noire produite par Hollywood \u2013 ou la po\u00e9tesse <strong data-start=\"5267\" data-end=\"5305\">Louise Bennett-Coverley (<a href=\"https:\/\/richeskarayib.com\/fr\/3%e1%b5%89-conference-sur-la-resilience-touristique\/\" target=\"_blank\" rel=\"noopener\">Jama\u00efque<\/a>)<\/strong> \u2013 ic\u00f4ne du cr\u00e9ole jama\u00efcain \u2013 ont \u00e9galement contribu\u00e9 \u00e0 pr\u00e9server et magnifier l\u2019identit\u00e9 carib\u00e9enne. \u00c0 travers les arts, ces femmes sont de v\u00e9ritables architectes du <em data-start=\"5473\" data-end=\"5481\">demain<\/em> : elles fa\u00e7onnent l\u2019imaginaire collectif et transmettent aux futures g\u00e9n\u00e9rations un patrimoine vivant, une confiance en soi et une ouverture sur le monde.<\/p>\t\t\t\t\t\t\t\t<\/div>\n\t\t\t\t<\/div>\n\t\t\t\t<section class=\"elementor-section elementor-inner-section elementor-element elementor-element-329560f elementor-section-boxed elementor-section-height-default elementor-section-height-default\" data-id=\"329560f\" data-element_type=\"section\">\n\t\t\t\t\t\t<div class=\"elementor-container elementor-column-gap-default\">\n\t\t\t\t\t<div class=\"elementor-column elementor-col-33 elementor-inner-column elementor-element elementor-element-0977e03\" data-id=\"0977e03\" data-element_type=\"column\">\n\t\t\t<div class=\"elementor-widget-wrap elementor-element-populated\">\n\t\t\t\t\t\t<div class=\"elementor-element elementor-element-1ca22ca elementor-widget elementor-widget-image\" data-id=\"1ca22ca\" data-element_type=\"widget\" data-widget_type=\"image.default\">\n\t\t\t\t<div class=\"elementor-widget-container\">\n\t\t\t\t\t\t\t\t\t\t\t\t<figure class=\"wp-caption\">\n\t\t\t\t\t\t\t\t\t\t<img loading=\"lazy\" decoding=\"async\" width=\"800\" height=\"800\" src=\"https:\/\/richeskarayib.com\/wp-content\/uploads\/2025\/03\/Carrousel-des-artistes-avec-le-magazine-1-1024x1024.png\" class=\"attachment-large size-large wp-image-46206\" alt=\"Femmes de la Cara\u00efbe\" srcset=\"https:\/\/richeskarayib.com\/wp-content\/uploads\/2025\/03\/Carrousel-des-artistes-avec-le-magazine-1-1024x1024.png 1024w, https:\/\/richeskarayib.com\/wp-content\/uploads\/2025\/03\/Carrousel-des-artistes-avec-le-magazine-1-300x300.png 300w, https:\/\/richeskarayib.com\/wp-content\/uploads\/2025\/03\/Carrousel-des-artistes-avec-le-magazine-1-150x150.png 150w, https:\/\/richeskarayib.com\/wp-content\/uploads\/2025\/03\/Carrousel-des-artistes-avec-le-magazine-1-768x768.png 768w, https:\/\/richeskarayib.com\/wp-content\/uploads\/2025\/03\/Carrousel-des-artistes-avec-le-magazine-1.png 1080w\" sizes=\"(max-width: 800px) 100vw, 800px\" \/>\t\t\t\t\t\t\t\t\t\t\t<figcaption class=\"widget-image-caption wp-caption-text\">Maryse Conde\u0301.\n\nSource : Maryse Conde\u0301<\/figcaption>\n\t\t\t\t\t\t\t\t\t\t<\/figure>\n\t\t\t\t\t\t\t\t\t<\/div>\n\t\t\t\t<\/div>\n\t\t\t\t\t<\/div>\n\t\t<\/div>\n\t\t\t\t<div class=\"elementor-column elementor-col-33 elementor-inner-column elementor-element elementor-element-d6ced5f\" data-id=\"d6ced5f\" data-element_type=\"column\">\n\t\t\t<div class=\"elementor-widget-wrap elementor-element-populated\">\n\t\t\t\t\t\t<div class=\"elementor-element elementor-element-066021e elementor-widget elementor-widget-image\" data-id=\"066021e\" data-element_type=\"widget\" data-widget_type=\"image.default\">\n\t\t\t\t<div class=\"elementor-widget-container\">\n\t\t\t\t\t\t\t\t\t\t\t\t<figure class=\"wp-caption\">\n\t\t\t\t\t\t\t\t\t\t<img loading=\"lazy\" decoding=\"async\" width=\"640\" height=\"633\" src=\"https:\/\/richeskarayib.com\/wp-content\/uploads\/2025\/03\/Celia-Cruz.jpg\" class=\"attachment-large size-large wp-image-46048\" alt=\"Femmes de la Cara\u00efbe\" srcset=\"https:\/\/richeskarayib.com\/wp-content\/uploads\/2025\/03\/Celia-Cruz.jpg 640w, https:\/\/richeskarayib.com\/wp-content\/uploads\/2025\/03\/Celia-Cruz-300x297.jpg 300w\" sizes=\"(max-width: 640px) 100vw, 640px\" \/>\t\t\t\t\t\t\t\t\t\t\t<figcaption class=\"widget-image-caption wp-caption-text\">Celia Cruz.\n\nSource : Celia Cruz<\/figcaption>\n\t\t\t\t\t\t\t\t\t\t<\/figure>\n\t\t\t\t\t\t\t\t\t<\/div>\n\t\t\t\t<\/div>\n\t\t\t\t\t<\/div>\n\t\t<\/div>\n\t\t\t\t<div class=\"elementor-column elementor-col-33 elementor-inner-column elementor-element elementor-element-cf90dab\" data-id=\"cf90dab\" data-element_type=\"column\">\n\t\t\t<div class=\"elementor-widget-wrap elementor-element-populated\">\n\t\t\t\t\t\t<div class=\"elementor-element elementor-element-b754ae0 elementor-widget elementor-widget-image\" data-id=\"b754ae0\" data-element_type=\"widget\" data-widget_type=\"image.default\">\n\t\t\t\t<div class=\"elementor-widget-container\">\n\t\t\t\t\t\t\t\t\t\t\t\t<figure class=\"wp-caption\">\n\t\t\t\t\t\t\t\t\t\t<img loading=\"lazy\" decoding=\"async\" width=\"800\" height=\"800\" src=\"https:\/\/richeskarayib.com\/wp-content\/uploads\/2025\/03\/Carrousel-des-artistes-avec-le-magazine-2-1024x1024.png\" class=\"attachment-large size-large wp-image-46210\" alt=\"\" srcset=\"https:\/\/richeskarayib.com\/wp-content\/uploads\/2025\/03\/Carrousel-des-artistes-avec-le-magazine-2-1024x1024.png 1024w, https:\/\/richeskarayib.com\/wp-content\/uploads\/2025\/03\/Carrousel-des-artistes-avec-le-magazine-2-300x300.png 300w, https:\/\/richeskarayib.com\/wp-content\/uploads\/2025\/03\/Carrousel-des-artistes-avec-le-magazine-2-150x150.png 150w, https:\/\/richeskarayib.com\/wp-content\/uploads\/2025\/03\/Carrousel-des-artistes-avec-le-magazine-2-768x768.png 768w, https:\/\/richeskarayib.com\/wp-content\/uploads\/2025\/03\/Carrousel-des-artistes-avec-le-magazine-2.png 1080w\" sizes=\"(max-width: 800px) 100vw, 800px\" \/>\t\t\t\t\t\t\t\t\t\t\t<figcaption class=\"widget-image-caption wp-caption-text\">Rihanna.\n\nSource: Rihanna<\/figcaption>\n\t\t\t\t\t\t\t\t\t\t<\/figure>\n\t\t\t\t\t\t\t\t\t<\/div>\n\t\t\t\t<\/div>\n\t\t\t\t\t<\/div>\n\t\t<\/div>\n\t\t\t\t\t<\/div>\n\t\t<\/section>\n\t\t\t\t<section class=\"elementor-section elementor-inner-section elementor-element elementor-element-f1d1be4 elementor-section-boxed elementor-section-height-default elementor-section-height-default\" data-id=\"f1d1be4\" data-element_type=\"section\">\n\t\t\t\t\t\t<div class=\"elementor-container elementor-column-gap-default\">\n\t\t\t\t\t<div class=\"elementor-column elementor-col-33 elementor-inner-column elementor-element elementor-element-500deb2\" data-id=\"500deb2\" data-element_type=\"column\">\n\t\t\t<div class=\"elementor-widget-wrap elementor-element-populated\">\n\t\t\t\t\t\t<div class=\"elementor-element elementor-element-dceea9b elementor-widget elementor-widget-image\" data-id=\"dceea9b\" data-element_type=\"widget\" data-widget_type=\"image.default\">\n\t\t\t\t<div class=\"elementor-widget-container\">\n\t\t\t\t\t\t\t\t\t\t\t\t<figure class=\"wp-caption\">\n\t\t\t\t\t\t\t\t\t\t<img loading=\"lazy\" decoding=\"async\" width=\"800\" height=\"800\" src=\"https:\/\/richeskarayib.com\/wp-content\/uploads\/2025\/03\/Carrousel-des-artistes-avec-le-magazine-1024x1024.png\" class=\"attachment-large size-large wp-image-46202\" alt=\"Femmes de la Cara\u00efbe\" srcset=\"https:\/\/richeskarayib.com\/wp-content\/uploads\/2025\/03\/Carrousel-des-artistes-avec-le-magazine-1024x1024.png 1024w, https:\/\/richeskarayib.com\/wp-content\/uploads\/2025\/03\/Carrousel-des-artistes-avec-le-magazine-300x300.png 300w, https:\/\/richeskarayib.com\/wp-content\/uploads\/2025\/03\/Carrousel-des-artistes-avec-le-magazine-150x150.png 150w, https:\/\/richeskarayib.com\/wp-content\/uploads\/2025\/03\/Carrousel-des-artistes-avec-le-magazine-768x768.png 768w, https:\/\/richeskarayib.com\/wp-content\/uploads\/2025\/03\/Carrousel-des-artistes-avec-le-magazine.png 1080w\" sizes=\"(max-width: 800px) 100vw, 800px\" \/>\t\t\t\t\t\t\t\t\t\t\t<figcaption class=\"widget-image-caption wp-caption-text\">Jocelyne Beroard - Source : Rich\u00e8s Karayib<\/figcaption>\n\t\t\t\t\t\t\t\t\t\t<\/figure>\n\t\t\t\t\t\t\t\t\t<\/div>\n\t\t\t\t<\/div>\n\t\t\t\t\t<\/div>\n\t\t<\/div>\n\t\t\t\t<div class=\"elementor-column elementor-col-33 elementor-inner-column elementor-element elementor-element-de00352\" data-id=\"de00352\" data-element_type=\"column\">\n\t\t\t<div class=\"elementor-widget-wrap elementor-element-populated\">\n\t\t\t\t\t\t<div class=\"elementor-element elementor-element-2097b7c elementor-widget elementor-widget-image\" data-id=\"2097b7c\" data-element_type=\"widget\" data-widget_type=\"image.default\">\n\t\t\t\t<div class=\"elementor-widget-container\">\n\t\t\t\t\t\t\t\t\t\t\t\t<figure class=\"wp-caption\">\n\t\t\t\t\t\t\t\t\t\t<img loading=\"lazy\" decoding=\"async\" width=\"800\" height=\"800\" src=\"https:\/\/richeskarayib.com\/wp-content\/uploads\/2025\/03\/palcy-1024x1024.png\" class=\"attachment-large size-large wp-image-46214\" alt=\"Femmes de la Cara\u00efbe\" srcset=\"https:\/\/richeskarayib.com\/wp-content\/uploads\/2025\/03\/palcy-1024x1024.png 1024w, https:\/\/richeskarayib.com\/wp-content\/uploads\/2025\/03\/palcy-300x300.png 300w, https:\/\/richeskarayib.com\/wp-content\/uploads\/2025\/03\/palcy-150x150.png 150w, https:\/\/richeskarayib.com\/wp-content\/uploads\/2025\/03\/palcy-768x768.png 768w, https:\/\/richeskarayib.com\/wp-content\/uploads\/2025\/03\/palcy.png 1080w\" sizes=\"(max-width: 800px) 100vw, 800px\" \/>\t\t\t\t\t\t\t\t\t\t\t<figcaption class=\"widget-image-caption wp-caption-text\">Euzhan Palcy.\n\nSource: Euzhan Palcy.<\/figcaption>\n\t\t\t\t\t\t\t\t\t\t<\/figure>\n\t\t\t\t\t\t\t\t\t<\/div>\n\t\t\t\t<\/div>\n\t\t\t\t\t<\/div>\n\t\t<\/div>\n\t\t\t\t<div class=\"elementor-column elementor-col-33 elementor-inner-column elementor-element elementor-element-e1f5f83\" data-id=\"e1f5f83\" data-element_type=\"column\">\n\t\t\t<div class=\"elementor-widget-wrap elementor-element-populated\">\n\t\t\t\t\t\t<div class=\"elementor-element elementor-element-ddf9063 elementor-widget elementor-widget-image\" data-id=\"ddf9063\" data-element_type=\"widget\" data-widget_type=\"image.default\">\n\t\t\t\t<div class=\"elementor-widget-container\">\n\t\t\t\t\t\t\t\t\t\t\t\t<figure class=\"wp-caption\">\n\t\t\t\t\t\t\t\t\t\t<img loading=\"lazy\" decoding=\"async\" width=\"800\" height=\"800\" src=\"https:\/\/richeskarayib.com\/wp-content\/uploads\/2025\/03\/Louise-Bennett-Coverley-1024x1024.jpg\" class=\"attachment-large size-large wp-image-46060\" alt=\"Femmes de la Cara\u00efbe\" srcset=\"https:\/\/richeskarayib.com\/wp-content\/uploads\/2025\/03\/Louise-Bennett-Coverley-1024x1024.jpg 1024w, https:\/\/richeskarayib.com\/wp-content\/uploads\/2025\/03\/Louise-Bennett-Coverley-300x300.jpg 300w, https:\/\/richeskarayib.com\/wp-content\/uploads\/2025\/03\/Louise-Bennett-Coverley-150x150.jpg 150w, https:\/\/richeskarayib.com\/wp-content\/uploads\/2025\/03\/Louise-Bennett-Coverley-768x768.jpg 768w, https:\/\/richeskarayib.com\/wp-content\/uploads\/2025\/03\/Louise-Bennett-Coverley.jpg 1080w\" sizes=\"(max-width: 800px) 100vw, 800px\" \/>\t\t\t\t\t\t\t\t\t\t\t<figcaption class=\"widget-image-caption wp-caption-text\">Louise Bennett-Coverley.\n\nSource: Louise Bennett-Coverley<\/figcaption>\n\t\t\t\t\t\t\t\t\t\t<\/figure>\n\t\t\t\t\t\t\t\t\t<\/div>\n\t\t\t\t<\/div>\n\t\t\t\t\t<\/div>\n\t\t<\/div>\n\t\t\t\t\t<\/div>\n\t\t<\/section>\n\t\t\t\t\t<\/div>\n\t\t<\/div>\n\t\t\t\t\t<\/div>\n\t\t<\/section>\n\t\t\t\t<section class=\"elementor-section elementor-top-section elementor-element elementor-element-67dda64 elementor-section-boxed elementor-section-height-default elementor-section-height-default\" data-id=\"67dda64\" data-element_type=\"section\">\n\t\t\t\t\t\t<div class=\"elementor-container elementor-column-gap-default\">\n\t\t\t\t\t<div class=\"elementor-column elementor-col-100 elementor-top-column elementor-element elementor-element-39680f0\" data-id=\"39680f0\" data-element_type=\"column\">\n\t\t\t<div class=\"elementor-widget-wrap elementor-element-populated\">\n\t\t\t\t\t\t<div class=\"elementor-element elementor-element-185fae8 elementor-widget elementor-widget-text-editor\" data-id=\"185fae8\" data-element_type=\"widget\" data-widget_type=\"text-editor.default\">\n\t\t\t\t<div class=\"elementor-widget-container\">\n\t\t\t\t\t\t\t\t\t<h1>Esprits brillants des sciences carib\u00e9ennes<\/h1>\t\t\t\t\t\t\t\t<\/div>\n\t\t\t\t<\/div>\n\t\t\t\t<div class=\"elementor-element elementor-element-7c6650b elementor-widget elementor-widget-text-editor\" data-id=\"7c6650b\" data-element_type=\"widget\" data-widget_type=\"text-editor.default\">\n\t\t\t\t<div class=\"elementor-widget-container\">\n\t\t\t\t\t\t\t\t\t<p data-start=\"5685\" data-end=\"6753\">Si l\u2019on parle moins d\u2019elles, les femmes de la Cara\u00efbe excellent aussi dans les sciences et l\u2019innovation. <strong data-start=\"5788\" data-end=\"5839\">Dr. Camille Wardrop Alleyne (Trinidad &amp; Tobago)<\/strong> en est un exemple probant. Ing\u00e9nieure a\u00e9rospatiale, elle a gravi les \u00e9chelons de la NASA jusqu\u2019\u00e0 occuper un poste de direction dans le programme de la Station spatiale internationale.<\/p>\t\t\t\t\t\t\t\t<\/div>\n\t\t\t\t<\/div>\n\t\t\t\t<div class=\"elementor-element elementor-element-ed268ed elementor-widget elementor-widget-text-editor\" data-id=\"ed268ed\" data-element_type=\"widget\" data-widget_type=\"text-editor.default\">\n\t\t\t\t<div class=\"elementor-widget-container\">\n\t\t\t\t\t\t\t\t\t<p data-start=\"5685\" data-end=\"6753\">\u00c0 ce titre, Dr. Camille Wardrop Alleyne est la seule femmes de la Cara\u00efbe \u00e0 un haut poste au sein de l\u2019agence spatiale am\u00e9ricaine \u2013 un exploit remarquable dans un domaine encore tr\u00e8s masculin. Consciente du peu de femmes de la Cara\u00efbe dans les STEM, elle a fond\u00e9 l\u2019organisation <em data-start=\"6376\" data-end=\"6393\">Brightest Stars<\/em> pour encourager les filles et femmes de la Cara\u00efbe, d\u2019Afrique et d\u2019Am\u00e9rique latine \u00e0 poursuivre des carri\u00e8res scientifiques. Sa trajectoire illustre l\u2019audace et le talent des cerveaux f\u00e9minins carib\u00e9ens, souvent oblig\u00e9s de s\u2019expatrier pour d\u00e9ployer tout leur potentiel, mais profond\u00e9ment attach\u00e9s \u00e0 faire rayonner leur r\u00e9gion.<\/p>\t\t\t\t\t\t\t\t<\/div>\n\t\t\t\t<\/div>\n\t\t\t\t<div class=\"elementor-element elementor-element-7e5e823 elementor-widget elementor-widget-text-editor\" data-id=\"7e5e823\" data-element_type=\"widget\" data-widget_type=\"text-editor.default\">\n\t\t\t\t<div class=\"elementor-widget-container\">\n\t\t\t\t\t\t\t\t\t<p data-start=\"6755\" data-end=\"7610\">Les femmes de la Cara\u00efbe contribuent \u00e9galement aux progr\u00e8s m\u00e9dicaux mondiaux. <strong data-start=\"6824\" data-end=\"6856\">Dr. Deborah Persaud (Guyana)<\/strong>, virologue, a d\u00e9fray\u00e9 la chronique en 2013 en contribuant \u00e0 la <em data-start=\"6920\" data-end=\"6954\">premi\u00e8re r\u00e9mission fonctionnelle<\/em> d\u2019un b\u00e9b\u00e9 n\u00e9 avec le VIH. N\u00e9e \u00e0 Georgetown et \u00e9migr\u00e9e aux \u00c9tats-Unis, cette sp\u00e9cialiste du VIH p\u00e9diatrique \u2013 salu\u00e9e comme l\u2019une des meilleures chercheuses dans son domaine \u2013 a dirig\u00e9 l\u2019\u00e9quipe qui a administr\u00e9 un traitement antir\u00e9troviral tr\u00e8s pr\u00e9coce \u00e0 un nouveau-n\u00e9, permettant \u00e0 l\u2019enfant de vivre sans virus d\u00e9tectable. Cette avanc\u00e9e scientifique majeure a donn\u00e9 un nouvel espoir dans la lutte contre le SIDA infantile. Le parcours du Dr. Persaud, de son enfance au Guyana jusqu\u2019aux laboratoires de l\u2019Universit\u00e9 Johns-Hopkins, t\u00e9moigne de la contribution inestimable de la diaspora carib\u00e9enne \u00e0 la science.<\/p>\t\t\t\t\t\t\t\t<\/div>\n\t\t\t\t<\/div>\n\t\t\t\t<div class=\"elementor-element elementor-element-863ccf0 elementor-widget elementor-widget-text-editor\" data-id=\"863ccf0\" data-element_type=\"widget\" data-widget_type=\"text-editor.default\">\n\t\t\t\t<div class=\"elementor-widget-container\">\n\t\t\t\t\t\t\t\t\t<p data-start=\"7612\" data-end=\"8273\">Qu\u2019il s\u2019agisse d\u2019innovations en agronomie tropicale, de recherche climatique ou d\u2019entrepreneuriat technologique, de nombreuses autres femmes de la Cara\u00efbe m\u00e8nent des projets pionniers. On peut citer par exemple la climatologue <strong data-start=\"7839\" data-end=\"7874\">Courtnae Bailey (Saint-Vincent)<\/strong>, engag\u00e9e dans la r\u00e9silience des \u00eeles face aux volcans et ouragans.<\/p><p data-start=\"7612\" data-end=\"8273\">Bien que souvent dans l\u2019ombre, ces \u00ab gardiennes du savoir \u00bb tracent la voie pour que les filles d\u2019aujourd\u2019hui deviennent les innovatrices de demain.<\/p>\t\t\t\t\t\t\t\t<\/div>\n\t\t\t\t<\/div>\n\t\t\t\t<section class=\"elementor-section elementor-inner-section elementor-element elementor-element-cfb6c49 elementor-section-boxed elementor-section-height-default elementor-section-height-default\" data-id=\"cfb6c49\" data-element_type=\"section\">\n\t\t\t\t\t\t<div class=\"elementor-container elementor-column-gap-default\">\n\t\t\t\t\t<div class=\"elementor-column elementor-col-33 elementor-inner-column elementor-element elementor-element-8c995b6\" data-id=\"8c995b6\" data-element_type=\"column\">\n\t\t\t<div class=\"elementor-widget-wrap elementor-element-populated\">\n\t\t\t\t\t\t<div class=\"elementor-element elementor-element-23a91af elementor-widget elementor-widget-image\" data-id=\"23a91af\" data-element_type=\"widget\" data-widget_type=\"image.default\">\n\t\t\t\t<div class=\"elementor-widget-container\">\n\t\t\t\t\t\t\t\t\t\t\t\t<figure class=\"wp-caption\">\n\t\t\t\t\t\t\t\t\t\t<img loading=\"lazy\" decoding=\"async\" width=\"800\" height=\"800\" src=\"https:\/\/richeskarayib.com\/wp-content\/uploads\/2025\/03\/phd-1024x1024.png\" class=\"attachment-large size-large wp-image-46218\" alt=\"Femmes de la Cara\u00efbe\" srcset=\"https:\/\/richeskarayib.com\/wp-content\/uploads\/2025\/03\/phd-1024x1024.png 1024w, https:\/\/richeskarayib.com\/wp-content\/uploads\/2025\/03\/phd-300x300.png 300w, https:\/\/richeskarayib.com\/wp-content\/uploads\/2025\/03\/phd-150x150.png 150w, https:\/\/richeskarayib.com\/wp-content\/uploads\/2025\/03\/phd-768x768.png 768w, https:\/\/richeskarayib.com\/wp-content\/uploads\/2025\/03\/phd.png 1080w\" sizes=\"(max-width: 800px) 100vw, 800px\" \/>\t\t\t\t\t\t\t\t\t\t\t<figcaption class=\"widget-image-caption wp-caption-text\">Dr. Camille Wardrop Alleyne.\n\nSource : UWI St. Augustine. <\/figcaption>\n\t\t\t\t\t\t\t\t\t\t<\/figure>\n\t\t\t\t\t\t\t\t\t<\/div>\n\t\t\t\t<\/div>\n\t\t\t\t\t<\/div>\n\t\t<\/div>\n\t\t\t\t<div class=\"elementor-column elementor-col-33 elementor-inner-column elementor-element elementor-element-08e4d8c\" data-id=\"08e4d8c\" data-element_type=\"column\">\n\t\t\t<div class=\"elementor-widget-wrap elementor-element-populated\">\n\t\t\t\t\t\t<div class=\"elementor-element elementor-element-0e6d725 elementor-widget elementor-widget-image\" data-id=\"0e6d725\" data-element_type=\"widget\" data-widget_type=\"image.default\">\n\t\t\t\t<div class=\"elementor-widget-container\">\n\t\t\t\t\t\t\t\t\t\t\t\t<figure class=\"wp-caption\">\n\t\t\t\t\t\t\t\t\t\t<img loading=\"lazy\" decoding=\"async\" width=\"750\" height=\"750\" src=\"https:\/\/richeskarayib.com\/wp-content\/uploads\/2025\/03\/Deborah_Persuad.jpg\" class=\"attachment-large size-large wp-image-46068\" alt=\"Femmes de la Cara\u00efbe\" srcset=\"https:\/\/richeskarayib.com\/wp-content\/uploads\/2025\/03\/Deborah_Persuad.jpg 750w, https:\/\/richeskarayib.com\/wp-content\/uploads\/2025\/03\/Deborah_Persuad-300x300.jpg 300w, https:\/\/richeskarayib.com\/wp-content\/uploads\/2025\/03\/Deborah_Persuad-150x150.jpg 150w\" sizes=\"(max-width: 750px) 100vw, 750px\" \/>\t\t\t\t\t\t\t\t\t\t\t<figcaption class=\"widget-image-caption wp-caption-text\">Dr. Deborah Persaud.\n\nSource : Dr. Deborah Persaud<\/figcaption>\n\t\t\t\t\t\t\t\t\t\t<\/figure>\n\t\t\t\t\t\t\t\t\t<\/div>\n\t\t\t\t<\/div>\n\t\t\t\t\t<\/div>\n\t\t<\/div>\n\t\t\t\t<div class=\"elementor-column elementor-col-33 elementor-inner-column elementor-element elementor-element-3d209ab\" data-id=\"3d209ab\" data-element_type=\"column\">\n\t\t\t<div class=\"elementor-widget-wrap elementor-element-populated\">\n\t\t\t\t\t\t<div class=\"elementor-element elementor-element-389dce3 elementor-widget elementor-widget-image\" data-id=\"389dce3\" data-element_type=\"widget\" data-widget_type=\"image.default\">\n\t\t\t\t<div class=\"elementor-widget-container\">\n\t\t\t\t\t\t\t\t\t\t\t\t<figure class=\"wp-caption\">\n\t\t\t\t\t\t\t\t\t\t<img loading=\"lazy\" decoding=\"async\" width=\"800\" height=\"1000\" src=\"https:\/\/richeskarayib.com\/wp-content\/uploads\/2025\/03\/Dr.-Courtnae-Bailey-819x1024.jpg\" class=\"attachment-large size-large wp-image-46072\" alt=\"Femmes de la Cara\u00efbe\" srcset=\"https:\/\/richeskarayib.com\/wp-content\/uploads\/2025\/03\/Dr.-Courtnae-Bailey-819x1024.jpg 819w, https:\/\/richeskarayib.com\/wp-content\/uploads\/2025\/03\/Dr.-Courtnae-Bailey-240x300.jpg 240w, https:\/\/richeskarayib.com\/wp-content\/uploads\/2025\/03\/Dr.-Courtnae-Bailey-768x960.jpg 768w, https:\/\/richeskarayib.com\/wp-content\/uploads\/2025\/03\/Dr.-Courtnae-Bailey.jpg 1080w\" sizes=\"(max-width: 800px) 100vw, 800px\" \/>\t\t\t\t\t\t\t\t\t\t\t<figcaption class=\"widget-image-caption wp-caption-text\">Courtnae Bailey.\n\nSource : Courtnae Bailey<\/figcaption>\n\t\t\t\t\t\t\t\t\t\t<\/figure>\n\t\t\t\t\t\t\t\t\t<\/div>\n\t\t\t\t<\/div>\n\t\t\t\t\t<\/div>\n\t\t<\/div>\n\t\t\t\t\t<\/div>\n\t\t<\/section>\n\t\t\t\t\t<\/div>\n\t\t<\/div>\n\t\t\t\t\t<\/div>\n\t\t<\/section>\n\t\t\t\t<section class=\"elementor-section elementor-top-section elementor-element elementor-element-d59b8f4 elementor-section-boxed elementor-section-height-default elementor-section-height-default\" data-id=\"d59b8f4\" data-element_type=\"section\">\n\t\t\t\t\t\t<div class=\"elementor-container elementor-column-gap-default\">\n\t\t\t\t\t<div class=\"elementor-column elementor-col-100 elementor-top-column elementor-element elementor-element-5782f4a\" data-id=\"5782f4a\" data-element_type=\"column\">\n\t\t\t<div class=\"elementor-widget-wrap elementor-element-populated\">\n\t\t\t\t\t\t<div class=\"elementor-element elementor-element-8746900 elementor-widget elementor-widget-text-editor\" data-id=\"8746900\" data-element_type=\"widget\" data-widget_type=\"text-editor.default\">\n\t\t\t\t<div class=\"elementor-widget-container\">\n\t\t\t\t\t\t\t\t\t<h1>Combattantes des droits et de la justice sociale<\/h1>\t\t\t\t\t\t\t\t<\/div>\n\t\t\t\t<\/div>\n\t\t\t\t<div class=\"elementor-element elementor-element-61fa896 elementor-widget elementor-widget-text-editor\" data-id=\"61fa896\" data-element_type=\"widget\" data-widget_type=\"text-editor.default\">\n\t\t\t\t<div class=\"elementor-widget-container\">\n\t\t\t\t\t\t\t\t\t<p data-start=\"8328\" data-end=\"9164\">Les femmes de la Cara\u00efbe ont \u00e9galement \u00e9t\u00e9 au premier rang des luttes sociales et des combats pour l\u2019\u00e9galit\u00e9. D\u00e8s le XVIII si\u00e8cle, <strong data-start=\"8469\" data-end=\"8484\">Queen Nanny<\/strong> \u2013 aussi connue comme <strong data-start=\"8506\" data-end=\"8527\">Nanny des Marrons<\/strong> \u2013 dirigeait une communaut\u00e9 d\u2019esclaves marrons dans les collines de Jama\u00efque et menait une v\u00e9ritable gu\u00e9rilla contre les colonisateurs britanniques. R\u00e9put\u00e9e strat\u00e8ge militaire et leader spirituelle (on dit qu\u2019elle \u00e9tait pr\u00eatresse Obeah), Queen Nanny a contribu\u00e9 \u00e0 l\u2019\u00e9tablissement de foyers de libert\u00e9 pour les esclaves en fuite. Son nom est entr\u00e9 dans la l\u00e9gende au point d\u2019\u00eatre sacr\u00e9e H\u00e9ro\u00efne nationale de la Jama\u00efque. Gardienne du temps, elle incarne la r\u00e9sistance s\u00e9culaire \u00e0 l\u2019oppression, et son h\u00e9ritage militant perdure dans la Jama\u00efque moderne.<\/p>\t\t\t\t\t\t\t\t<\/div>\n\t\t\t\t<\/div>\n\t\t\t\t<div class=\"elementor-element elementor-element-09a65fd elementor-widget elementor-widget-text-editor\" data-id=\"09a65fd\" data-element_type=\"widget\" data-widget_type=\"text-editor.default\">\n\t\t\t\t<div class=\"elementor-widget-container\">\n\t\t\t\t\t\t\t\t\t<p data-start=\"9166\" data-end=\"10062\">Un autre symbole fort vient de la R\u00e9publique Dominicaine avec les <strong data-start=\"9232\" data-end=\"9249\">s\u0153urs Mirabal<\/strong> \u2013 Patria, Minerva et Mar\u00eda Teresa. Dans les ann\u00e9es 1950, ces trois femmes de la Cara\u00efbe ont os\u00e9 d\u00e9fier la dictature sanglante de Rafael Trujillo. Leur engagement pour la libert\u00e9 et la justice leur a co\u00fbt\u00e9 la vie : elles ont \u00e9t\u00e9 brutalement assassin\u00e9es le 25 novembre 1960 sur ordre du r\u00e9gime. Toutefois, leur martyr n\u2019a pas \u00e9t\u00e9 vain. Les <em data-start=\"9574\" data-end=\"9587\">\u201cMariposas\u201d<\/em> (leur nom de code dans la clandestinit\u00e9) sont devenues des embl\u00e8mes de la lutte contre les violences faites aux femmes. En hommage \u00e0 leur combat, l\u2019ONU a choisi la date anniversaire de leur assassinat, le 25 novembre, pour la Journ\u00e9e Internationale pour l\u2019\u00e9limination de la violence \u00e0 l\u2019\u00e9gard des femmes. Aujourd\u2019hui encore, la m\u00e9moire des s\u0153urs Mirabal inspire les mouvements f\u00e9ministes \u00e0 travers l\u2019Am\u00e9rique latine et le monde.<\/p>\t\t\t\t\t\t\t\t<\/div>\n\t\t\t\t<\/div>\n\t\t\t\t<div class=\"elementor-element elementor-element-ea38fd0 elementor-widget elementor-widget-text-editor\" data-id=\"ea38fd0\" data-element_type=\"widget\" data-widget_type=\"text-editor.default\">\n\t\t\t\t<div class=\"elementor-widget-container\">\n\t\t\t\t\t\t\t\t\t<p data-start=\"6755\" data-end=\"7610\">Dans les Antilles francophones, <strong data-start=\"10096\" data-end=\"10128\">Gerty Archim\u00e8de (Guadeloupe)<\/strong> fait figure de pionni\u00e8re des droits civiques. N\u00e9e en 1909, elle devient en 1939 la premi\u00e8re femmes de la Cara\u00efbe avocate de Guadeloupe, puis en 1946 la premi\u00e8re d\u00e9put\u00e9e guadeloup\u00e9enne si\u00e9geant \u00e0 l\u2019Assembl\u00e9e nationale fran\u00e7aise. Gerty Archim\u00e8de a consacr\u00e9 sa vie \u00e0 la d\u00e9fense des opprim\u00e9s et \u00e0 la promotion des femmes. Militante communiste, elle a cr\u00e9\u00e9 l\u2019Union des Femmes Guadeloup\u00e9ennes pour structurer le combat f\u00e9ministe local. Elle n\u2019a pas h\u00e9sit\u00e9 non plus \u00e0 soutenir des causes internationales, organisant par exemple des comit\u00e9s de soutien \u00e0 Angela Davis dans les ann\u00e9es 1970. Jusqu\u2019\u00e0 sa mort en 1980, cette \u201cfemme d\u2019exception\u201d est rest\u00e9e fid\u00e8le \u00e0 ses convictions. <strong data-start=\"10967\" data-end=\"11081\">\u00ab Gerty Archim\u00e8de repr\u00e9sente un v\u00e9ritable symbole de la femme antillaise et un mod\u00e8le pour toutes les femmes \u00bb<\/strong>, r\u00e9sume un portrait que lui consacre une fondation m\u00e9morielle. L&#8217;h\u00e9ritage de cette femme\u00a0de la Cara\u00efbe se retrouve dans chaque \u00e9lue ou militante guadeloup\u00e9enne d\u2019aujourd\u2019hui.<\/p>\t\t\t\t\t\t\t\t<\/div>\n\t\t\t\t<\/div>\n\t\t\t\t<div class=\"elementor-element elementor-element-75322d2 elementor-widget elementor-widget-text-editor\" data-id=\"75322d2\" data-element_type=\"widget\" data-widget_type=\"text-editor.default\">\n\t\t\t\t<div class=\"elementor-widget-container\">\n\t\t\t\t\t\t\t\t\t<p data-start=\"11277\" data-end=\"11798\">De la m\u00eame mani\u00e8re, partout dans la Cara\u00efbe, d\u2019innombrables anonymes ou h\u00e9ro\u00efnes moins m\u00e9diatis\u00e9es se sont lev\u00e9es pour d\u00e9fendre les droits humains, l\u2019\u00e9ducation, l\u2019environnement ou l\u2019\u00e9galit\u00e9 des genres.\u00a0<\/p>\t\t\t\t\t\t\t\t<\/div>\n\t\t\t\t<\/div>\n\t\t\t\t<section class=\"elementor-section elementor-inner-section elementor-element elementor-element-877c270 elementor-section-boxed elementor-section-height-default elementor-section-height-default\" data-id=\"877c270\" data-element_type=\"section\">\n\t\t\t\t\t\t<div class=\"elementor-container elementor-column-gap-default\">\n\t\t\t\t\t<div class=\"elementor-column elementor-col-33 elementor-inner-column elementor-element elementor-element-d29187d\" data-id=\"d29187d\" data-element_type=\"column\">\n\t\t\t<div class=\"elementor-widget-wrap elementor-element-populated\">\n\t\t\t\t\t\t<div class=\"elementor-element elementor-element-903d608 elementor-widget elementor-widget-image\" data-id=\"903d608\" data-element_type=\"widget\" data-widget_type=\"image.default\">\n\t\t\t\t<div class=\"elementor-widget-container\">\n\t\t\t\t\t\t\t\t\t\t\t\t<figure class=\"wp-caption\">\n\t\t\t\t\t\t\t\t\t\t<img loading=\"lazy\" decoding=\"async\" width=\"800\" height=\"800\" src=\"https:\/\/richeskarayib.com\/wp-content\/uploads\/2025\/03\/KeTia-Star-Art-Queen-Nany.jpg\" class=\"attachment-large size-large wp-image-46076\" alt=\"Femmes de la Cara\u00efbe\" srcset=\"https:\/\/richeskarayib.com\/wp-content\/uploads\/2025\/03\/KeTia-Star-Art-Queen-Nany.jpg 960w, https:\/\/richeskarayib.com\/wp-content\/uploads\/2025\/03\/KeTia-Star-Art-Queen-Nany-300x300.jpg 300w, https:\/\/richeskarayib.com\/wp-content\/uploads\/2025\/03\/KeTia-Star-Art-Queen-Nany-150x150.jpg 150w, https:\/\/richeskarayib.com\/wp-content\/uploads\/2025\/03\/KeTia-Star-Art-Queen-Nany-768x768.jpg 768w\" sizes=\"(max-width: 800px) 100vw, 800px\" \/>\t\t\t\t\t\t\t\t\t\t\t<figcaption class=\"widget-image-caption wp-caption-text\">Queen Nanny.\n\nSource : KeTia Star Art. <\/figcaption>\n\t\t\t\t\t\t\t\t\t\t<\/figure>\n\t\t\t\t\t\t\t\t\t<\/div>\n\t\t\t\t<\/div>\n\t\t\t\t\t<\/div>\n\t\t<\/div>\n\t\t\t\t<div class=\"elementor-column elementor-col-33 elementor-inner-column elementor-element elementor-element-f7958ea\" data-id=\"f7958ea\" data-element_type=\"column\">\n\t\t\t<div class=\"elementor-widget-wrap elementor-element-populated\">\n\t\t\t\t\t\t<div class=\"elementor-element elementor-element-55cdaaa elementor-widget elementor-widget-image\" data-id=\"55cdaaa\" data-element_type=\"widget\" data-widget_type=\"image.default\">\n\t\t\t\t<div class=\"elementor-widget-container\">\n\t\t\t\t\t\t\t\t\t\t\t\t<figure class=\"wp-caption\">\n\t\t\t\t\t\t\t\t\t\t<img loading=\"lazy\" decoding=\"async\" width=\"739\" height=\"415\" src=\"https:\/\/richeskarayib.com\/wp-content\/uploads\/2025\/03\/Chaika.-Soeur-Mirabal.jpg\" class=\"attachment-large size-large wp-image-46080\" alt=\"Femmes de la Cara\u00efbe\" srcset=\"https:\/\/richeskarayib.com\/wp-content\/uploads\/2025\/03\/Chaika.-Soeur-Mirabal.jpg 739w, https:\/\/richeskarayib.com\/wp-content\/uploads\/2025\/03\/Chaika.-Soeur-Mirabal-300x168.jpg 300w\" sizes=\"(max-width: 739px) 100vw, 739px\" \/>\t\t\t\t\t\t\t\t\t\t\t<figcaption class=\"widget-image-caption wp-caption-text\">Les s\u0153urs Mirabal.\n\nSource : Chaika. <\/figcaption>\n\t\t\t\t\t\t\t\t\t\t<\/figure>\n\t\t\t\t\t\t\t\t\t<\/div>\n\t\t\t\t<\/div>\n\t\t\t\t\t<\/div>\n\t\t<\/div>\n\t\t\t\t<div class=\"elementor-column elementor-col-33 elementor-inner-column elementor-element elementor-element-c413720\" data-id=\"c413720\" data-element_type=\"column\">\n\t\t\t<div class=\"elementor-widget-wrap elementor-element-populated\">\n\t\t\t\t\t\t<div class=\"elementor-element elementor-element-1059b38 elementor-widget elementor-widget-image\" data-id=\"1059b38\" data-element_type=\"widget\" data-widget_type=\"image.default\">\n\t\t\t\t<div class=\"elementor-widget-container\">\n\t\t\t\t\t\t\t\t\t\t\t\t<figure class=\"wp-caption\">\n\t\t\t\t\t\t\t\t\t\t<img loading=\"lazy\" decoding=\"async\" width=\"720\" height=\"960\" src=\"https:\/\/richeskarayib.com\/wp-content\/uploads\/2025\/03\/Ville-de-Basse-Terre.-Guerty-Archimede.jpg\" class=\"attachment-large size-large wp-image-46084\" alt=\"Femmes de la Cara\u00efbe\" srcset=\"https:\/\/richeskarayib.com\/wp-content\/uploads\/2025\/03\/Ville-de-Basse-Terre.-Guerty-Archimede.jpg 720w, https:\/\/richeskarayib.com\/wp-content\/uploads\/2025\/03\/Ville-de-Basse-Terre.-Guerty-Archimede-225x300.jpg 225w\" sizes=\"(max-width: 720px) 100vw, 720px\" \/>\t\t\t\t\t\t\t\t\t\t\t<figcaption class=\"widget-image-caption wp-caption-text\">Gerty Archim\u00e8de.\n\nSource : Ville de Basse-Terre.<\/figcaption>\n\t\t\t\t\t\t\t\t\t\t<\/figure>\n\t\t\t\t\t\t\t\t\t<\/div>\n\t\t\t\t<\/div>\n\t\t\t\t\t<\/div>\n\t\t<\/div>\n\t\t\t\t\t<\/div>\n\t\t<\/section>\n\t\t\t\t\t<\/div>\n\t\t<\/div>\n\t\t\t\t\t<\/div>\n\t\t<\/section>\n\t\t\t\t<section class=\"elementor-section elementor-top-section elementor-element elementor-element-4caa463 elementor-section-boxed elementor-section-height-default elementor-section-height-default\" data-id=\"4caa463\" data-element_type=\"section\">\n\t\t\t\t\t\t<div class=\"elementor-container elementor-column-gap-default\">\n\t\t\t\t\t<div class=\"elementor-column elementor-col-100 elementor-top-column elementor-element elementor-element-6fb1208\" data-id=\"6fb1208\" data-element_type=\"column\">\n\t\t\t<div class=\"elementor-widget-wrap elementor-element-populated\">\n\t\t\t\t\t\t<div class=\"elementor-element elementor-element-5cfddcf elementor-widget elementor-widget-text-editor\" data-id=\"5cfddcf\" data-element_type=\"widget\" data-widget_type=\"text-editor.default\">\n\t\t\t\t<div class=\"elementor-widget-container\">\n\t\t\t\t\t\t\t\t\t<h1>Les &#8220;Caribbean Wonder Woman&#8221;<\/h1>\t\t\t\t\t\t\t\t<\/div>\n\t\t\t\t<\/div>\n\t\t\t\t<div class=\"elementor-element elementor-element-25b10e2 elementor-widget elementor-widget-text-editor\" data-id=\"25b10e2\" data-element_type=\"widget\" data-widget_type=\"text-editor.default\">\n\t\t\t\t<div class=\"elementor-widget-container\">\n\t\t\t\t\t\t\t\t\t<p data-start=\"11805\" data-end=\"12789\">Des palais pr\u00e9sidentiels aux laboratoires de recherche, des sc\u00e8nes de concert aux barricades de rue, les femmes de la Cara\u00efbe ont prouv\u00e9 qu\u2019elles \u00e9taient <em data-start=\"11959\" data-end=\"12015\">\u00e0 la fois gardiennes du temps et architectes de demain<\/em>. Gardiennes du temps, parce qu\u2019elles pr\u00e9servent la culture, la m\u00e9moire et les traditions de leurs \u00eeles. Architectes de demain, parce qu\u2019elles imaginent et construisent un futur plus juste, plus prosp\u00e8re et plus libre pour leurs communaut\u00e9s. En cette Journ\u00e9e Internationale des Droits des Femmes, l\u2019hommage qui leur est rendu par <strong data-start=\"12345\" data-end=\"12363\">Rich\u00e8s Karayib<\/strong> rappelle combien leur influence est pr\u00e9cieuse. Cet aper\u00e7u met en lumi\u00e8re quelques-unes de ces <strong data-start=\"12502\" data-end=\"12528\">Caribbean Wonder Women<\/strong> \u2013 et il en existe bien d\u2019autres, souvent dans l\u2019ombre, qui toutes m\u00e9riteraient d\u2019\u00eatre cit\u00e9es. Puissent leurs histoires inspirer les g\u00e9n\u00e9rations futures \u00e0 poursuivre leur \u0153uvre, afin que l\u2019h\u00e9ritage des femmes de la Cara\u00efbe continue de rayonner \u00e0 travers le monde.<\/p>\t\t\t\t\t\t\t\t<\/div>\n\t\t\t\t<\/div>\n\t\t\t\t\t<\/div>\n\t\t<\/div>\n\t\t\t\t\t<\/div>\n\t\t<\/section>\n\t\t\t\t<\/div>\n\t\t","protected":false},"excerpt":{"rendered":"<p>Les femmes de la Cara\u00efbe fa\u00e7onnent l\u2019histoire, traversant les si\u00e8cles comme des gardiennes du temps et des traditions, mais aussi comme des architectes visionnaires du futur.\u00a0 Cette formule illustre \u00e0 merveille le r\u00f4le crucial qu\u2019ont jou\u00e9 et que jouent encore les femmes de la Cara\u00efbe \u00e0 travers l\u2019histoire. Des plantations esclavagistes du XVIII si\u00e8cle aux [&hellip;]<\/p>\n","protected":false},"author":47,"featured_media":46222,"comment_status":"open","ping_status":"open","sticky":false,"template":"","format":"standard","meta":{"_acf_changed":false,"footnotes":""},"categories":[840],"tags":[1598,1450,1545,1653,814,1660,808,1482,1646,1599],"class_list":["post-46000","post","type-post","status-publish","format-standard","has-post-thumbnail","hentry","category-actus","tag-barbade-fr","tag-dominique-fr","tag-guadeloupe-2","tag-guyana-2","tag-haiti-fr","tag-jamaica-fr","tag-martinique-fr","tag-republique-dominicaine","tag-saint-vincent","tag-sainte-lucie-fr"],"acf":[],"_links":{"self":[{"href":"https:\/\/richeskarayib.com\/fr\/wp-json\/wp\/v2\/posts\/46000","targetHints":{"allow":["GET"]}}],"collection":[{"href":"https:\/\/richeskarayib.com\/fr\/wp-json\/wp\/v2\/posts"}],"about":[{"href":"https:\/\/richeskarayib.com\/fr\/wp-json\/wp\/v2\/types\/post"}],"author":[{"embeddable":true,"href":"https:\/\/richeskarayib.com\/fr\/wp-json\/wp\/v2\/users\/47"}],"replies":[{"embeddable":true,"href":"https:\/\/richeskarayib.com\/fr\/wp-json\/wp\/v2\/comments?post=46000"}],"version-history":[{"count":0,"href":"https:\/\/richeskarayib.com\/fr\/wp-json\/wp\/v2\/posts\/46000\/revisions"}],"wp:featuredmedia":[{"embeddable":true,"href":"https:\/\/richeskarayib.com\/fr\/wp-json\/wp\/v2\/media\/46222"}],"wp:attachment":[{"href":"https:\/\/richeskarayib.com\/fr\/wp-json\/wp\/v2\/media?parent=46000"}],"wp:term":[{"taxonomy":"category","embeddable":true,"href":"https:\/\/richeskarayib.com\/fr\/wp-json\/wp\/v2\/categories?post=46000"},{"taxonomy":"post_tag","embeddable":true,"href":"https:\/\/richeskarayib.com\/fr\/wp-json\/wp\/v2\/tags?post=46000"}],"curies":[{"name":"wp","href":"https:\/\/api.w.org\/{rel}","templated":true}]}}