{"id":46119,"date":"2025-03-10T11:00:49","date_gmt":"2025-03-10T15:00:49","guid":{"rendered":"https:\/\/richeskarayib.com\/?p=46119"},"modified":"2025-03-10T11:07:51","modified_gmt":"2025-03-10T15:07:51","slug":"zoe-saldana-une-victoire-historique-oscars","status":"publish","type":"post","link":"https:\/\/richeskarayib.com\/fr\/zoe-saldana-une-victoire-historique-oscars\/","title":{"rendered":"R\u00e9publique Dominicaine &#8211; Zoe Salda\u00f1a : Une victoire historique aux Oscars"},"content":{"rendered":"\t\t<div data-elementor-type=\"wp-post\" data-elementor-id=\"46119\" class=\"elementor elementor-46119\" data-elementor-post-type=\"post\">\n\t\t\t\t\t\t<section class=\"elementor-section elementor-top-section elementor-element elementor-element-7d71f82 elementor-section-boxed elementor-section-height-default elementor-section-height-default\" data-id=\"7d71f82\" data-element_type=\"section\">\n\t\t\t\t\t\t<div class=\"elementor-container elementor-column-gap-default\">\n\t\t\t\t\t<div class=\"elementor-column elementor-col-100 elementor-top-column elementor-element elementor-element-c153284\" data-id=\"c153284\" data-element_type=\"column\">\n\t\t\t<div class=\"elementor-widget-wrap elementor-element-populated\">\n\t\t\t\t\t\t<div class=\"elementor-element elementor-element-4f6c6de elementor-widget elementor-widget-text-editor\" data-id=\"4f6c6de\" data-element_type=\"widget\" data-widget_type=\"text-editor.default\">\n\t\t\t\t<div class=\"elementor-widget-container\">\n\t\t\t\t\t\t\t\t\t<p><span style=\"font-weight: 400;\"><a href=\"https:\/\/www.instagram.com\/zoesaldana\/\" target=\"_blank\" rel=\"noopener nofollow\">Zoe Salda\u00f1a<\/a> a marqu\u00e9 l&#8217;histoire en remportant l&#8217;Oscar de la meilleure actrice dans un second r\u00f4le pour son r\u00f4le dans le film &#8220;Emilia Perez&#8221; lors de la 97e c\u00e9r\u00e9monie des Oscars, diffus\u00e9e sur ABC. Ce moment a \u00e9t\u00e9 particuli\u00e8rement \u00e9mouvant, car elle a rendu hommage \u00e0 ses racines immigrantes et aux femmes influentes de sa vie.<\/span><\/p>\t\t\t\t\t\t\t\t<\/div>\n\t\t\t\t<\/div>\n\t\t\t\t<div class=\"elementor-element elementor-element-952d036 elementor-widget elementor-widget-text-editor\" data-id=\"952d036\" data-element_type=\"widget\" data-widget_type=\"text-editor.default\">\n\t\t\t\t<div class=\"elementor-widget-container\">\n\t\t\t\t\t\t\t\t\t<p><span style=\"font-weight: 400;\">Dans son discours, elle a exprim\u00e9 une gratitude sinc\u00e8re et a promis de continuer \u00e0 incarner la force et la r\u00e9silience des femmes qu&#8217;elle a jou\u00e9es \u00e0 l&#8217;\u00e9cran et celles de sa vie personnelle. Ce discours a non seulement touch\u00e9 le public pr\u00e9sent dans la salle, mais a \u00e9galement inspir\u00e9 des millions de personnes \u00e0 travers le monde.<\/span><\/p>\t\t\t\t\t\t\t\t<\/div>\n\t\t\t\t<\/div>\n\t\t\t\t<div class=\"elementor-element elementor-element-5310d5d elementor-widget elementor-widget-text-editor\" data-id=\"5310d5d\" data-element_type=\"widget\" data-widget_type=\"text-editor.default\">\n\t\t\t\t<div class=\"elementor-widget-container\">\n\t\t\t\t\t\t\t\t\t<p><span style=\"font-weight: 400;\">La <a href=\"https:\/\/www.hola.com\/us\/entertainment\/20250303817472\/zoe-saldanas-oscars-speech-emotional\/\" target=\"_blank\" rel=\"noopener nofollow\">victoire de Zoe Salda\u00f1a<\/a> est un jalon important dans l&#8217;histoire des Oscars, car elle devient la premi\u00e8re Am\u00e9ricaine d&#8217;origine dominicaine \u00e0 recevoir un Oscar. Ce moment a \u00e9t\u00e9 c\u00e9l\u00e9br\u00e9 comme une reconnaissance de l&#8217;h\u00e9ritage culturel et de l&#8217;autonomisation des femmes. Zoe Salda\u00f1a a toujours \u00e9t\u00e9 fi\u00e8re de ses racines et a utilis\u00e9 sa plateforme pour promouvoir la diversit\u00e9 et l&#8217;inclusion dans l&#8217;industrie du cin\u00e9ma. Son r\u00f4le dans &#8220;Emilia Perez&#8221; a \u00e9t\u00e9 particuli\u00e8rement significatif, car il lui a permis de chanter et de parler en espagnol, ce qui a \u00e9t\u00e9 un moment poignant pour elle et pour son public.<\/span><\/p>\t\t\t\t\t\t\t\t<\/div>\n\t\t\t\t<\/div>\n\t\t\t\t\t<\/div>\n\t\t<\/div>\n\t\t\t\t\t<\/div>\n\t\t<\/section>\n\t\t\t\t<section class=\"elementor-section elementor-top-section elementor-element elementor-element-7d4f952 elementor-section-boxed elementor-section-height-default elementor-section-height-default\" data-id=\"7d4f952\" data-element_type=\"section\">\n\t\t\t\t\t\t<div class=\"elementor-container elementor-column-gap-default\">\n\t\t\t\t\t<div class=\"elementor-column elementor-col-100 elementor-top-column elementor-element elementor-element-f3833fa\" data-id=\"f3833fa\" data-element_type=\"column\">\n\t\t\t<div class=\"elementor-widget-wrap elementor-element-populated\">\n\t\t\t\t\t\t<div class=\"elementor-element elementor-element-7072b3d elementor-widget elementor-widget-heading\" data-id=\"7072b3d\" data-element_type=\"widget\" data-widget_type=\"heading.default\">\n\t\t\t\t<div class=\"elementor-widget-container\">\n\t\t\t\t\t<h2 class=\"elementor-heading-title elementor-size-default\">Le discours \u00e9mouvant de Zoe Salda\u00f1a<\/h2>\t\t\t\t<\/div>\n\t\t\t\t<\/div>\n\t\t\t\t<div class=\"elementor-element elementor-element-6cd393f elementor-widget elementor-widget-text-editor\" data-id=\"6cd393f\" data-element_type=\"widget\" data-widget_type=\"text-editor.default\">\n\t\t\t\t<div class=\"elementor-widget-container\">\n\t\t\t\t\t\t\t\t\t<p><span style=\"font-weight: 400;\">Son discours a \u00e9t\u00e9 pr\u00e9sent\u00e9 par Da&#8217;Vine Joy Randolph, la gagnante de l&#8217;ann\u00e9e pr\u00e9c\u00e9dente, qui a lou\u00e9 la performance de Zoe Salda\u00f1a en d\u00e9clarant : &#8220;Ma ch\u00e8re, vous nous avez emmen\u00e9s dans un voyage qui nous a fait remettre en question les limites que nous nous imposons et puis vous nous avez montr\u00e9 exactement comment les briser. Vous \u00eates sans peur, et c&#8217;est tellement inspirant de vous regarder.&#8221; <\/span><\/p>\t\t\t\t\t\t\t\t<\/div>\n\t\t\t\t<\/div>\n\t\t\t\t<div class=\"elementor-element elementor-element-be680f5 elementor-widget elementor-widget-text-editor\" data-id=\"be680f5\" data-element_type=\"widget\" data-widget_type=\"text-editor.default\">\n\t\t\t\t<div class=\"elementor-widget-container\">\n\t\t\t\t\t\t\t\t\t<p><span style=\"font-weight: 400;\">Ce discours a r\u00e9sonn\u00e9 avec gratitude et inspiration, car elle a exprim\u00e9 sa reconnaissance envers l&#8217;Acad\u00e9mie pour avoir reconnu le &#8220;h\u00e9ro\u00efsme silencieux&#8221; et la puissance des femmes comme Rita, le personnage qu&#8217;elle a jou\u00e9 dans le film. Elle a \u00e9galement remerci\u00e9 ses coll\u00e8gues nomm\u00e9s, soulignant l&#8217;amour et la communaut\u00e9 qu&#8217;ils lui ont offerts, et a promis de &#8220;payer en retour&#8221; cette g\u00e9n\u00e9rosit\u00e9.<\/span><\/p>\t\t\t\t\t\t\t\t<\/div>\n\t\t\t\t<\/div>\n\t\t\t\t<div class=\"elementor-element elementor-element-dc7c573 elementor-widget elementor-widget-text-editor\" data-id=\"dc7c573\" data-element_type=\"widget\" data-widget_type=\"text-editor.default\">\n\t\t\t\t<div class=\"elementor-widget-container\">\n\t\t\t\t\t\t\t\t\t<p><span style=\"font-weight: 400;\">Dans son discours, elle a \u00e9galement remerci\u00e9 son \u00e9quipe, incluant Jaco Dillard, son casting, son \u00e9quipage, et les producteurs de Netflix, Why Not Productions, et Yves Saint Laurent, pour leur soutien ind\u00e9fectible. Elle a \u00e9galement mentionn\u00e9 son \u00e9quipe de gestionnaires et d&#8217;avocats, ainsi que les femmes puissantes de sa soci\u00e9t\u00e9 de gestion, pour leur guidance et leur disponibilit\u00e9. Ce discours a montr\u00e9 \u00e0 quel point elle est reconnaissante envers tous ceux qui l&#8217;ont soutenue tout au long de sa carri\u00e8re.<\/span><\/p>\t\t\t\t\t\t\t\t<\/div>\n\t\t\t\t<\/div>\n\t\t\t\t<section class=\"elementor-section elementor-inner-section elementor-element elementor-element-eee589d elementor-section-boxed elementor-section-height-default elementor-section-height-default\" data-id=\"eee589d\" data-element_type=\"section\">\n\t\t\t\t\t\t<div class=\"elementor-container elementor-column-gap-default\">\n\t\t\t\t\t<div class=\"elementor-column elementor-col-100 elementor-inner-column elementor-element elementor-element-589c54a\" data-id=\"589c54a\" data-element_type=\"column\">\n\t\t\t<div class=\"elementor-widget-wrap elementor-element-populated\">\n\t\t\t\t\t\t<div class=\"elementor-element elementor-element-69e4eb2 elementor-widget elementor-widget-video\" data-id=\"69e4eb2\" data-element_type=\"widget\" data-settings=\"{&quot;youtube_url&quot;:&quot;https:\\\/\\\/www.youtube.com\\\/watch?v=HLaXEgzFucM&amp;ab_channel=ABCNews&quot;,&quot;video_type&quot;:&quot;youtube&quot;,&quot;controls&quot;:&quot;yes&quot;}\" data-widget_type=\"video.default\">\n\t\t\t\t<div class=\"elementor-widget-container\">\n\t\t\t\t\t\t\t<div class=\"elementor-wrapper elementor-open-inline\">\n\t\t\t<div class=\"elementor-video\"><\/div>\t\t<\/div>\n\t\t\t\t\t\t<\/div>\n\t\t\t\t<\/div>\n\t\t\t\t\t<\/div>\n\t\t<\/div>\n\t\t\t\t\t<\/div>\n\t\t<\/section>\n\t\t\t\t\t<\/div>\n\t\t<\/div>\n\t\t\t\t\t<\/div>\n\t\t<\/section>\n\t\t\t\t<section class=\"elementor-section elementor-top-section elementor-element elementor-element-16ba7e0 elementor-section-boxed elementor-section-height-default elementor-section-height-default\" data-id=\"16ba7e0\" data-element_type=\"section\">\n\t\t\t\t\t\t<div class=\"elementor-container elementor-column-gap-default\">\n\t\t\t\t\t<div class=\"elementor-column elementor-col-100 elementor-top-column elementor-element elementor-element-f6fb52b\" data-id=\"f6fb52b\" data-element_type=\"column\">\n\t\t\t<div class=\"elementor-widget-wrap elementor-element-populated\">\n\t\t\t\t\t\t<div class=\"elementor-element elementor-element-0ce05bd elementor-widget elementor-widget-heading\" data-id=\"0ce05bd\" data-element_type=\"widget\" data-widget_type=\"heading.default\">\n\t\t\t\t<div class=\"elementor-widget-container\">\n\t\t\t\t\t<h2 class=\"elementor-heading-title elementor-size-default\">Un moment historique : premi\u00e8re Am\u00e9ricaine d'origine Dominicaine \u00e0 gagner un Oscar<\/h2>\t\t\t\t<\/div>\n\t\t\t\t<\/div>\n\t\t\t\t<div class=\"elementor-element elementor-element-bc90308 elementor-widget elementor-widget-text-editor\" data-id=\"bc90308\" data-element_type=\"widget\" data-widget_type=\"text-editor.default\">\n\t\t\t\t<div class=\"elementor-widget-container\">\n\t\t\t\t\t\t\t\t\t<p><span style=\"font-weight: 400;\">La victoire de Zoe Salda\u00f1a est un moment historique pour plusieurs raisons. Elle devient la premi\u00e8re Am\u00e9ricaine d&#8217;origine <a href=\"https:\/\/richeskarayib.com\/fr\/beaute-tourisme-republique-dominicaine-post\/\">dominicaine<\/a> \u00e0 recevoir un Oscar, ce qui est un jalon important pour la repr\u00e9sentation des communaut\u00e9s latino-am\u00e9ricaines dans l&#8217;industrie du cin\u00e9ma. Ce moment a \u00e9t\u00e9 c\u00e9l\u00e9br\u00e9 comme une reconnaissance de l&#8217;h\u00e9ritage culturel et de l&#8217;autonomisation des femmes. Elle a toujours \u00e9t\u00e9 fi\u00e8re de ses racines et a utilis\u00e9 sa plateforme pour promouvoir la diversit\u00e9 et l&#8217;inclusion dans l&#8217;industrie du cin\u00e9ma.<\/span><\/p>\t\t\t\t\t\t\t\t<\/div>\n\t\t\t\t<\/div>\n\t\t\t\t<div class=\"elementor-element elementor-element-8998ea1 elementor-widget elementor-widget-text-editor\" data-id=\"8998ea1\" data-element_type=\"widget\" data-widget_type=\"text-editor.default\">\n\t\t\t\t<div class=\"elementor-widget-container\">\n\t\t\t\t\t\t\t\t\t<p><span style=\"font-weight: 400;\">Son r\u00f4le dans &#8220;Emilia Perez&#8221; a \u00e9t\u00e9 particuli\u00e8rement significatif, car il lui a permis de chanter et de parler en espagnol, ce qui a \u00e9t\u00e9 un moment poignant pour elle et pour son public. Elle a exprim\u00e9 sa fiert\u00e9 d&#8217;\u00eatre issue d&#8217;une famille immigrante et a d\u00e9di\u00e9 son prix \u00e0 sa grand-m\u00e8re, qui est arriv\u00e9e aux \u00c9tats-Unis en 1961. Ce moment a montr\u00e9 \u00e0 quel point la famille et les racines sont essentielles dans sa vie et sa carri\u00e8re.<\/span><\/p>\t\t\t\t\t\t\t\t<\/div>\n\t\t\t\t<\/div>\n\t\t\t\t<section class=\"elementor-section elementor-inner-section elementor-element elementor-element-5382a02 elementor-section-boxed elementor-section-height-default elementor-section-height-default\" data-id=\"5382a02\" data-element_type=\"section\">\n\t\t\t\t\t\t<div class=\"elementor-container elementor-column-gap-default\">\n\t\t\t\t\t<div class=\"elementor-column elementor-col-50 elementor-inner-column elementor-element elementor-element-4917677\" data-id=\"4917677\" data-element_type=\"column\">\n\t\t\t<div class=\"elementor-widget-wrap elementor-element-populated\">\n\t\t\t\t\t\t<div class=\"elementor-element elementor-element-33b932e elementor-widget elementor-widget-image\" data-id=\"33b932e\" data-element_type=\"widget\" data-widget_type=\"image.default\">\n\t\t\t\t<div class=\"elementor-widget-container\">\n\t\t\t\t\t\t\t\t\t\t\t\t<figure class=\"wp-caption\">\n\t\t\t\t\t\t\t\t\t\t<img fetchpriority=\"high\" decoding=\"async\" width=\"800\" height=\"1000\" src=\"https:\/\/richeskarayib.com\/wp-content\/uploads\/2025\/03\/482890405_18495240730030215_3017833281554862957_n-819x1024.jpg\" class=\"attachment-large size-large wp-image-46128\" alt=\"Zoe Salda\u00f1a\" srcset=\"https:\/\/richeskarayib.com\/wp-content\/uploads\/2025\/03\/482890405_18495240730030215_3017833281554862957_n-819x1024.jpg 819w, https:\/\/richeskarayib.com\/wp-content\/uploads\/2025\/03\/482890405_18495240730030215_3017833281554862957_n-240x300.jpg 240w, https:\/\/richeskarayib.com\/wp-content\/uploads\/2025\/03\/482890405_18495240730030215_3017833281554862957_n-768x960.jpg 768w, https:\/\/richeskarayib.com\/wp-content\/uploads\/2025\/03\/482890405_18495240730030215_3017833281554862957_n.jpg 1080w\" sizes=\"(max-width: 800px) 100vw, 800px\" \/>\t\t\t\t\t\t\t\t\t\t\t<figcaption class=\"widget-image-caption wp-caption-text\">Zoe Salda\u00f1a aux Oscars.\n\nSource: Zoe Salda\u00f1a<\/figcaption>\n\t\t\t\t\t\t\t\t\t\t<\/figure>\n\t\t\t\t\t\t\t\t\t<\/div>\n\t\t\t\t<\/div>\n\t\t\t\t\t<\/div>\n\t\t<\/div>\n\t\t\t\t<div class=\"elementor-column elementor-col-50 elementor-inner-column elementor-element elementor-element-a9036de\" data-id=\"a9036de\" data-element_type=\"column\">\n\t\t\t<div class=\"elementor-widget-wrap elementor-element-populated\">\n\t\t\t\t\t\t<div class=\"elementor-element elementor-element-fa42b42 elementor-widget elementor-widget-image\" data-id=\"fa42b42\" data-element_type=\"widget\" data-widget_type=\"image.default\">\n\t\t\t\t<div class=\"elementor-widget-container\">\n\t\t\t\t\t\t\t\t\t\t\t\t<figure class=\"wp-caption\">\n\t\t\t\t\t\t\t\t\t\t<img decoding=\"async\" width=\"800\" height=\"1000\" src=\"https:\/\/richeskarayib.com\/wp-content\/uploads\/2025\/03\/482809146_18495240721030215_357146576321927595_n-819x1024.jpg\" class=\"attachment-large size-large wp-image-46124\" alt=\"Zoe Salda\u00f1a\" srcset=\"https:\/\/richeskarayib.com\/wp-content\/uploads\/2025\/03\/482809146_18495240721030215_357146576321927595_n-819x1024.jpg 819w, https:\/\/richeskarayib.com\/wp-content\/uploads\/2025\/03\/482809146_18495240721030215_357146576321927595_n-240x300.jpg 240w, https:\/\/richeskarayib.com\/wp-content\/uploads\/2025\/03\/482809146_18495240721030215_357146576321927595_n-768x960.jpg 768w, https:\/\/richeskarayib.com\/wp-content\/uploads\/2025\/03\/482809146_18495240721030215_357146576321927595_n.jpg 1080w\" sizes=\"(max-width: 800px) 100vw, 800px\" \/>\t\t\t\t\t\t\t\t\t\t\t<figcaption class=\"widget-image-caption wp-caption-text\">Zoe Salda\u00f1a aux Oscars.\n\nSource: Zoe Salda\u00f1a<\/figcaption>\n\t\t\t\t\t\t\t\t\t\t<\/figure>\n\t\t\t\t\t\t\t\t\t<\/div>\n\t\t\t\t<\/div>\n\t\t\t\t\t<\/div>\n\t\t<\/div>\n\t\t\t\t\t<\/div>\n\t\t<\/section>\n\t\t\t\t\t<\/div>\n\t\t<\/div>\n\t\t\t\t\t<\/div>\n\t\t<\/section>\n\t\t\t\t<section class=\"elementor-section elementor-top-section elementor-element elementor-element-7c727fe elementor-section-boxed elementor-section-height-default elementor-section-height-default\" data-id=\"7c727fe\" data-element_type=\"section\">\n\t\t\t\t\t\t<div class=\"elementor-container elementor-column-gap-default\">\n\t\t\t\t\t<div class=\"elementor-column elementor-col-100 elementor-top-column elementor-element elementor-element-2675508\" data-id=\"2675508\" data-element_type=\"column\">\n\t\t\t<div class=\"elementor-widget-wrap elementor-element-populated\">\n\t\t\t\t\t\t<div class=\"elementor-element elementor-element-86f7f71 elementor-widget elementor-widget-heading\" data-id=\"86f7f71\" data-element_type=\"widget\" data-widget_type=\"heading.default\">\n\t\t\t\t<div class=\"elementor-widget-container\">\n\t\t\t\t\t<h2 class=\"elementor-heading-title elementor-size-default\">L'importance de la famille et des racines<\/h2>\t\t\t\t<\/div>\n\t\t\t\t<\/div>\n\t\t\t\t<div class=\"elementor-element elementor-element-1931a91 elementor-widget elementor-widget-text-editor\" data-id=\"1931a91\" data-element_type=\"widget\" data-widget_type=\"text-editor.default\">\n\t\t\t\t<div class=\"elementor-widget-container\">\n\t\t\t\t\t\t\t\t\t<p><span style=\"font-weight: 400;\">Zoe Salda\u00f1a<\/span><span style=\"font-weight: 400;\"> a soulign\u00e9 l&#8217;importance de sa famille dans son discours, remerciant ses parents et ses s\u0153urs pour tout ce qu&#8217;ils ont fait pour elle. Elle a \u00e9galement mentionn\u00e9 son mari et ses fils, Sai, Bowie, et Zen, en les remerciant pour leur soutien. Ce moment a montr\u00e9 \u00e0 quel point la famille est essentielle dans sa vie et sa carri\u00e8re. Elle a toujours \u00e9t\u00e9 ouverte sur son amour pour sa famille et sur le r\u00f4le qu&#8217;ils ont jou\u00e9 dans son succ\u00e8s.<\/span><\/p>\t\t\t\t\t\t\t\t<\/div>\n\t\t\t\t<\/div>\n\t\t\t\t<div class=\"elementor-element elementor-element-1d5c8a0 elementor-widget elementor-widget-text-editor\" data-id=\"1d5c8a0\" data-element_type=\"widget\" data-widget_type=\"text-editor.default\">\n\t\t\t\t<div class=\"elementor-widget-container\">\n\t\t\t\t\t\t\t\t\t<p><span style=\"font-weight: 400;\">Sa grand-m\u00e8re, en particulier, a \u00e9t\u00e9 une source d&#8217;inspiration pour elle. Zoe Salda\u00f1a a d\u00e9di\u00e9 son prix \u00e0 sa grand-m\u00e8re, qui aurait \u00e9t\u00e9 ravie de voir sa petite-fille recevoir un tel honneur pour un r\u00f4le o\u00f9 elle a pu c\u00e9l\u00e9brer sa culture. Ce moment a \u00e9t\u00e9 particuli\u00e8rement \u00e9mouvant, car il a montr\u00e9 \u00e0 quel point Zoe Salda\u00f1a est attach\u00e9e \u00e0 ses racines et \u00e0 sa famille.<\/span><\/p>\t\t\t\t\t\t\t\t<\/div>\n\t\t\t\t<\/div>\n\t\t\t\t\t<\/div>\n\t\t<\/div>\n\t\t\t\t\t<\/div>\n\t\t<\/section>\n\t\t\t\t<section class=\"elementor-section elementor-top-section elementor-element elementor-element-1a0b771 elementor-section-boxed elementor-section-height-default elementor-section-height-default\" data-id=\"1a0b771\" data-element_type=\"section\">\n\t\t\t\t\t\t<div class=\"elementor-container elementor-column-gap-default\">\n\t\t\t\t\t<div class=\"elementor-column elementor-col-100 elementor-top-column elementor-element elementor-element-345f4b7\" data-id=\"345f4b7\" data-element_type=\"column\">\n\t\t\t<div class=\"elementor-widget-wrap elementor-element-populated\">\n\t\t\t\t\t\t<div class=\"elementor-element elementor-element-d6a712a elementor-widget elementor-widget-heading\" data-id=\"d6a712a\" data-element_type=\"widget\" data-widget_type=\"heading.default\">\n\t\t\t\t<div class=\"elementor-widget-container\">\n\t\t\t\t\t<h2 class=\"elementor-heading-title elementor-size-default\">Le r\u00f4le de Zoe Salda\u00f1a dans \"Emilia Perez\"<\/h2>\t\t\t\t<\/div>\n\t\t\t\t<\/div>\n\t\t\t\t<div class=\"elementor-element elementor-element-f9582c3 elementor-widget elementor-widget-text-editor\" data-id=\"f9582c3\" data-element_type=\"widget\" data-widget_type=\"text-editor.default\">\n\t\t\t\t<div class=\"elementor-widget-container\">\n\t\t\t\t\t\t\t\t\t<p><span style=\"font-weight: 400;\">Dans &#8220;Emilia Perez&#8221;, Zoe Salda\u00f1a a jou\u00e9 un r\u00f4le qui lui a permis de chanter et de parler en espagnol, ce qui a \u00e9t\u00e9 un moment particuli\u00e8rement significatif pour elle. Elle a d\u00e9di\u00e9 ce prix \u00e0 sa grand-m\u00e8re, qui aurait \u00e9t\u00e9 ravie de voir sa petite-fille recevoir un tel honneur pour un r\u00f4le o\u00f9 elle a pu c\u00e9l\u00e9brer sa culture. <\/span><\/p>\t\t\t\t\t\t\t\t<\/div>\n\t\t\t\t<\/div>\n\t\t\t\t<div class=\"elementor-element elementor-element-b985c47 elementor-widget elementor-widget-text-editor\" data-id=\"b985c47\" data-element_type=\"widget\" data-widget_type=\"text-editor.default\">\n\t\t\t\t<div class=\"elementor-widget-container\">\n\t\t\t\t\t\t\t\t\t<p><span style=\"font-weight: 400;\">Ce film a \u00e9t\u00e9 un d\u00e9fi pour elle car il lui a demand\u00e9 de se plonger dans une histoire complexe et \u00e9mouvante, mais elle a r\u00e9ussi \u00e0 incarner son personnage avec une profondeur et une authenticit\u00e9 qui ont touch\u00e9 le public.<\/span><\/p><p><span style=\"font-weight: 400;\">Le r\u00f4le de Zoe dans &#8220;Emilia Perez&#8221; a \u00e9galement \u00e9t\u00e9 important pour la repr\u00e9sentation des femmes dans le cin\u00e9ma. <\/span><\/p>\t\t\t\t\t\t\t\t<\/div>\n\t\t\t\t<\/div>\n\t\t\t\t<div class=\"elementor-element elementor-element-42665af elementor-widget elementor-widget-text-editor\" data-id=\"42665af\" data-element_type=\"widget\" data-widget_type=\"text-editor.default\">\n\t\t\t\t<div class=\"elementor-widget-container\">\n\t\t\t\t\t\t\t\t\t<p><span style=\"font-weight: 400;\">Elle a jou\u00e9 une femme forte et r\u00e9siliente, qui a surmont\u00e9 des obstacles pour atteindre ses objectifs. Ce personnage a inspir\u00e9 de nombreuses femmes \u00e0 travers le monde, car il montre que, avec de la d\u00e9termination et du courage, il est possible de r\u00e9ussir malgr\u00e9 les difficult\u00e9s.<\/span><\/p>\t\t\t\t\t\t\t\t<\/div>\n\t\t\t\t<\/div>\n\t\t\t\t<section class=\"elementor-section elementor-inner-section elementor-element elementor-element-7214caf elementor-section-boxed elementor-section-height-default elementor-section-height-default\" data-id=\"7214caf\" data-element_type=\"section\">\n\t\t\t\t\t\t<div class=\"elementor-container elementor-column-gap-default\">\n\t\t\t\t\t<div class=\"elementor-column elementor-col-100 elementor-inner-column elementor-element elementor-element-c62fffa\" data-id=\"c62fffa\" data-element_type=\"column\">\n\t\t\t<div class=\"elementor-widget-wrap elementor-element-populated\">\n\t\t\t\t\t\t<div class=\"elementor-element elementor-element-1b4b281 elementor-widget elementor-widget-video\" data-id=\"1b4b281\" data-element_type=\"widget\" data-settings=\"{&quot;youtube_url&quot;:&quot;https:\\\/\\\/www.youtube.com\\\/watch?v=Qlbr7gJgBus&amp;ab_channel=RottenTomatoesTrailers&quot;,&quot;video_type&quot;:&quot;youtube&quot;,&quot;controls&quot;:&quot;yes&quot;}\" data-widget_type=\"video.default\">\n\t\t\t\t<div class=\"elementor-widget-container\">\n\t\t\t\t\t\t\t<div class=\"elementor-wrapper elementor-open-inline\">\n\t\t\t<div class=\"elementor-video\"><\/div>\t\t<\/div>\n\t\t\t\t\t\t<\/div>\n\t\t\t\t<\/div>\n\t\t\t\t\t<\/div>\n\t\t<\/div>\n\t\t\t\t\t<\/div>\n\t\t<\/section>\n\t\t\t\t\t<\/div>\n\t\t<\/div>\n\t\t\t\t\t<\/div>\n\t\t<\/section>\n\t\t\t\t<section class=\"elementor-section elementor-top-section elementor-element elementor-element-0837fcd elementor-section-boxed elementor-section-height-default elementor-section-height-default\" data-id=\"0837fcd\" data-element_type=\"section\">\n\t\t\t\t\t\t<div class=\"elementor-container elementor-column-gap-default\">\n\t\t\t\t\t<div class=\"elementor-column elementor-col-100 elementor-top-column elementor-element elementor-element-0ac3728\" data-id=\"0ac3728\" data-element_type=\"column\">\n\t\t\t<div class=\"elementor-widget-wrap elementor-element-populated\">\n\t\t\t\t\t\t<div class=\"elementor-element elementor-element-f36c3be elementor-widget elementor-widget-heading\" data-id=\"f36c3be\" data-element_type=\"widget\" data-widget_type=\"heading.default\">\n\t\t\t\t<div class=\"elementor-widget-container\">\n\t\t\t\t\t<h2 class=\"elementor-heading-title elementor-size-default\">L'impact culturel de la victoire de Zoe Salda\u00f1a<\/h2>\t\t\t\t<\/div>\n\t\t\t\t<\/div>\n\t\t\t\t<div class=\"elementor-element elementor-element-ffcaf60 elementor-widget elementor-widget-text-editor\" data-id=\"ffcaf60\" data-element_type=\"widget\" data-widget_type=\"text-editor.default\">\n\t\t\t\t<div class=\"elementor-widget-container\">\n\t\t\t\t\t\t\t\t\t<p><span style=\"font-weight: 400;\">La victoire de Zoe a un impact culturel important, parce qu&#8217;elle inspire une nouvelle g\u00e9n\u00e9ration d&#8217;actrices et d&#8217;artistes issus de divers horizons culturels. Elle montre que, avec de la d\u00e9termination et du talent, il est possible de surmonter les obstacles et d&#8217;atteindre les sommets. Zoe est devenue un mod\u00e8le pour de nombreuses personnes, en particulier pour celles qui partagent ses racines immigrantes.<\/span><\/p>\t\t\t\t\t\t\t\t<\/div>\n\t\t\t\t<\/div>\n\t\t\t\t<div class=\"elementor-element elementor-element-972a20a elementor-widget elementor-widget-text-editor\" data-id=\"972a20a\" data-element_type=\"widget\" data-widget_type=\"text-editor.default\">\n\t\t\t\t<div class=\"elementor-widget-container\">\n\t\t\t\t\t\t\t\t\t<p><span style=\"font-weight: 400;\">Son succ\u00e8s a aussi contribu\u00e9 \u00e0 promouvoir la diversit\u00e9 et l&#8217;inclusion dans l&#8217;industrie du cin\u00e9ma. Zoe \u00a0a toujours utilis\u00e9 sa plateforme pour d\u00e9fendre les droits des femmes et des minorit\u00e9s, et son prix aux Oscars a renforc\u00e9 son message. Elle continue d&#8217;inspirer et de motiver les gens du monde entier, et son impact sur la culture populaire ne fera que grandir dans les ann\u00e9es \u00e0 venir.<\/span><\/p>\t\t\t\t\t\t\t\t<\/div>\n\t\t\t\t<\/div>\n\t\t\t\t\t<\/div>\n\t\t<\/div>\n\t\t\t\t\t<\/div>\n\t\t<\/section>\n\t\t\t\t<section class=\"elementor-section elementor-top-section elementor-element elementor-element-5a87244 elementor-section-boxed elementor-section-height-default elementor-section-height-default\" data-id=\"5a87244\" data-element_type=\"section\">\n\t\t\t\t\t\t<div class=\"elementor-container elementor-column-gap-default\">\n\t\t\t\t\t<div class=\"elementor-column elementor-col-100 elementor-top-column elementor-element elementor-element-b4e776f\" data-id=\"b4e776f\" data-element_type=\"column\">\n\t\t\t<div class=\"elementor-widget-wrap elementor-element-populated\">\n\t\t\t\t\t\t<div class=\"elementor-element elementor-element-7e9a601 elementor-widget elementor-widget-text-editor\" data-id=\"7e9a601\" data-element_type=\"widget\" data-widget_type=\"text-editor.default\">\n\t\t\t\t<div class=\"elementor-widget-container\">\n\t\t\t\t\t\t\t\t\t<p><span style=\"font-weight: 400;\">La victoire de Zoe aux Oscars est un moment inoubliable qui c\u00e9l\u00e8bre \u00e0 la fois son talent et son h\u00e9ritage culturel. En rendant hommage \u00e0 sa famille et \u00e0 ses racines, elle a montr\u00e9 que la force et la r\u00e9silience sont essentielles pour r\u00e9ussir dans l&#8217;industrie du cin\u00e9ma. Zoe continue d&#8217;inspirer et de motiver les gens du monde entier, et son impact sur la culture populaire ne fera que grandir dans les ann\u00e9es \u00e0 venir. Elle reste une source d&#8217;inspiration pour de nombreuses personnes, en particulier pour celles qui partagent ses racines immigrantes et son amour pour la culture latino-am\u00e9ricaine.<\/span><\/p>\t\t\t\t\t\t\t\t<\/div>\n\t\t\t\t<\/div>\n\t\t\t\t\t<\/div>\n\t\t<\/div>\n\t\t\t\t\t<\/div>\n\t\t<\/section>\n\t\t\t\t<\/div>\n\t\t","protected":false},"excerpt":{"rendered":"<p>Zoe Salda\u00f1a a marqu\u00e9 l&#8217;histoire en remportant l&#8217;Oscar de la meilleure actrice dans un second r\u00f4le pour son r\u00f4le dans le film &#8220;Emilia Perez&#8221; lors de la 97e c\u00e9r\u00e9monie des Oscars, diffus\u00e9e sur ABC. Ce moment a \u00e9t\u00e9 particuli\u00e8rement \u00e9mouvant, car elle a rendu hommage \u00e0 ses racines immigrantes et aux femmes influentes de sa [&hellip;]<\/p>\n","protected":false},"author":662,"featured_media":46120,"comment_status":"open","ping_status":"open","sticky":false,"template":"","format":"standard","meta":{"_acf_changed":false,"footnotes":""},"categories":[840],"tags":[1482],"class_list":["post-46119","post","type-post","status-publish","format-standard","has-post-thumbnail","hentry","category-actus","tag-republique-dominicaine"],"acf":[],"_links":{"self":[{"href":"https:\/\/richeskarayib.com\/fr\/wp-json\/wp\/v2\/posts\/46119","targetHints":{"allow":["GET"]}}],"collection":[{"href":"https:\/\/richeskarayib.com\/fr\/wp-json\/wp\/v2\/posts"}],"about":[{"href":"https:\/\/richeskarayib.com\/fr\/wp-json\/wp\/v2\/types\/post"}],"author":[{"embeddable":true,"href":"https:\/\/richeskarayib.com\/fr\/wp-json\/wp\/v2\/users\/662"}],"replies":[{"embeddable":true,"href":"https:\/\/richeskarayib.com\/fr\/wp-json\/wp\/v2\/comments?post=46119"}],"version-history":[{"count":0,"href":"https:\/\/richeskarayib.com\/fr\/wp-json\/wp\/v2\/posts\/46119\/revisions"}],"wp:featuredmedia":[{"embeddable":true,"href":"https:\/\/richeskarayib.com\/fr\/wp-json\/wp\/v2\/media\/46120"}],"wp:attachment":[{"href":"https:\/\/richeskarayib.com\/fr\/wp-json\/wp\/v2\/media?parent=46119"}],"wp:term":[{"taxonomy":"category","embeddable":true,"href":"https:\/\/richeskarayib.com\/fr\/wp-json\/wp\/v2\/categories?post=46119"},{"taxonomy":"post_tag","embeddable":true,"href":"https:\/\/richeskarayib.com\/fr\/wp-json\/wp\/v2\/tags?post=46119"}],"curies":[{"name":"wp","href":"https:\/\/api.w.org\/{rel}","templated":true}]}}