{"id":46290,"date":"2025-03-12T11:00:31","date_gmt":"2025-03-12T15:00:31","guid":{"rendered":"https:\/\/richeskarayib.com\/?p=46290"},"modified":"2025-03-12T12:17:18","modified_gmt":"2025-03-12T16:17:18","slug":"centrale-geothermique-de-la-dominique-article","status":"publish","type":"post","link":"https:\/\/richeskarayib.com\/fr\/centrale-geothermique-de-la-dominique-article\/","title":{"rendered":"Centrale g\u00e9othermique de la Dominique : Une r\u00e9volution \u00e9nerg\u00e9tique \u00e0 l&#8217;horizon de No\u00ebl 2025"},"content":{"rendered":"\t\t<div data-elementor-type=\"wp-post\" data-elementor-id=\"46290\" class=\"elementor elementor-46290\" data-elementor-post-type=\"post\">\n\t\t\t\t\t\t<section class=\"elementor-section elementor-top-section elementor-element elementor-element-7d71f82 elementor-section-boxed elementor-section-height-default elementor-section-height-default\" data-id=\"7d71f82\" data-element_type=\"section\">\n\t\t\t\t\t\t<div class=\"elementor-container elementor-column-gap-default\">\n\t\t\t\t\t<div class=\"elementor-column elementor-col-100 elementor-top-column elementor-element elementor-element-c153284\" data-id=\"c153284\" data-element_type=\"column\">\n\t\t\t<div class=\"elementor-widget-wrap elementor-element-populated\">\n\t\t\t\t\t\t<div class=\"elementor-element elementor-element-4f6c6de elementor-widget elementor-widget-text-editor\" data-id=\"4f6c6de\" data-element_type=\"widget\" data-widget_type=\"text-editor.default\">\n\t\t\t\t<div class=\"elementor-widget-container\">\n\t\t\t\t\t\t\t\t\t<p><a href=\"https:\/\/la1ere.francetvinfo.fr\/guadeloupe\/transition-energetique-dans-la-caraibe-la-centrale-geothermique-de-la-dominique-pourrait-etre-operationnelle-a-noel-1568962.html\" target=\"_blank\" rel=\"noopener nofollow\"><span style=\"font-weight: 400;\">La Centrale g\u00e9othermique de la Dominique<\/span><\/a><b> . <\/b><span style=\"font-weight: 400;\">Imaginez un No\u00ebl o\u00f9 la lumi\u00e8re qui illumine votre sapin ne provient pas d&#8217;une source d&#8217;\u00e9nergie polluante, mais directement du c\u0153ur de la Terre. C&#8217;est la promesse que porte le projet de <a href=\"https:\/\/pressroom.oecs.int\/centrale-geothermique-de-la-dominique--en-bonne-voie-pour-etre-operationnelle-a-noel\" target=\"_blank\" rel=\"noopener nofollow\">centrale g\u00e9othermique de la Dominique<\/a>, actuellement en construction \u00e0 Laudat, dans la vall\u00e9e de Roseau. Cette installation de 10 m\u00e9gawatts, pr\u00e9vue pour \u00eatre op\u00e9rationnelle le 25 d\u00e9cembre 2025, ambitionne de devenir la premi\u00e8re du genre dans la <a href=\"https:\/\/richeskarayib.com\/fr\/caricom-martinique-construire-caraibe-fort\/\" target=\"_blank\" rel=\"noopener\">Communaut\u00e9 des Cara\u00efbes (CARICOM)<\/a> et la deuxi\u00e8me de l&#8217;Organisation des \u00c9tats de la Cara\u00efbe orientale (OECO). Mais au-del\u00e0 des prouesses techniques, c&#8217;est une v\u00e9ritable r\u00e9volution \u00e9nerg\u00e9tique qui se profile pour la Dominique.<\/span><\/p>\t\t\t\t\t\t\t\t<\/div>\n\t\t\t\t<\/div>\n\t\t\t\t\t<\/div>\n\t\t<\/div>\n\t\t\t\t\t<\/div>\n\t\t<\/section>\n\t\t\t\t<section class=\"elementor-section elementor-top-section elementor-element elementor-element-9be5ad7 elementor-section-boxed elementor-section-height-default elementor-section-height-default\" data-id=\"9be5ad7\" data-element_type=\"section\">\n\t\t\t\t\t\t<div class=\"elementor-container elementor-column-gap-default\">\n\t\t\t\t\t<div class=\"elementor-column elementor-col-100 elementor-top-column elementor-element elementor-element-76aecaa\" data-id=\"76aecaa\" data-element_type=\"column\">\n\t\t\t<div class=\"elementor-widget-wrap elementor-element-populated\">\n\t\t\t\t\t\t<div class=\"elementor-element elementor-element-96fb8e3 elementor-widget elementor-widget-heading\" data-id=\"96fb8e3\" data-element_type=\"widget\" data-widget_type=\"heading.default\">\n\t\t\t\t<div class=\"elementor-widget-container\">\n\t\t\t\t\t<h2 class=\"elementor-heading-title elementor-size-default\">Pourquoi la g\u00e9othermie est-elle l'avenir de la Dominique ?<\/h2>\t\t\t\t<\/div>\n\t\t\t\t<\/div>\n\t\t\t\t<div class=\"elementor-element elementor-element-fc48138 elementor-widget elementor-widget-text-editor\" data-id=\"fc48138\" data-element_type=\"widget\" data-widget_type=\"text-editor.default\">\n\t\t\t\t<div class=\"elementor-widget-container\">\n\t\t\t\t\t\t\t\t\t<h2><b>Les avantages de la g\u00e9othermie : une \u00e9nergie propre et stable<\/b><\/h2><p><span style=\"font-weight: 400;\">La g\u00e9othermie, c&#8217;est un peu comme avoir un radiateur g\u00e9ant sous nos pieds. En exploitant la chaleur naturelle de la Terre, on peut produire de l&#8217;\u00e9lectricit\u00e9 de mani\u00e8re continue, 24 heures sur 24, 7 jours sur 7, sans d\u00e9pendre des caprices du soleil ou du vent. Pour une \u00eele comme la Dominique, souvent expos\u00e9e aux al\u00e9as climatiques, cette stabilit\u00e9 est un atout majeur. La centrale g\u00e9othermique de la Dominique promet ainsi de fournir une \u00e9nergie propre et fiable \u00e0 environ 23 000 foyers, tout en r\u00e9duisant consid\u00e9rablement les \u00e9missions de gaz \u00e0 effet de serre.<\/span><\/p>\t\t\t\t\t\t\t\t<\/div>\n\t\t\t\t<\/div>\n\t\t\t\t<div class=\"elementor-element elementor-element-cc6464d elementor-widget elementor-widget-text-editor\" data-id=\"cc6464d\" data-element_type=\"widget\" data-widget_type=\"text-editor.default\">\n\t\t\t\t<div class=\"elementor-widget-container\">\n\t\t\t\t\t\t\t\t\t<h2><b>La r\u00e9duction de la d\u00e9pendance aux combustibles fossiles : un imp\u00e9ratif \u00e9conomique et environnemental<\/b><\/h2><p><span style=\"font-weight: 400;\">Aujourd&#8217;hui, la Dominique, comme beaucoup d&#8217;autres \u00eeles de la Cara\u00efbe, est fortement d\u00e9pendante des importations de combustibles fossiles pour produire son \u00e9lectricit\u00e9. Non seulement cela co\u00fbte cher, mais cela contribue \u00e9galement \u00e0 la pollution de l&#8217;air et de l&#8217;eau. La centrale g\u00e9othermique de la Dominique repr\u00e9sente donc une opportunit\u00e9 unique de s&#8217;affranchir de cette d\u00e9pendance, de ma\u00eetriser les co\u00fbts de l&#8217;\u00e9nergie et de prot\u00e9ger l&#8217;environnement. C&#8217;est un investissement pour l&#8217;avenir, pour une Dominique plus durable et plus autonome.<\/span><\/p>\t\t\t\t\t\t\t\t<\/div>\n\t\t\t\t<\/div>\n\t\t\t\t\t<\/div>\n\t\t<\/div>\n\t\t\t\t\t<\/div>\n\t\t<\/section>\n\t\t\t\t<section class=\"elementor-section elementor-top-section elementor-element elementor-element-889dceb elementor-section-boxed elementor-section-height-default elementor-section-height-default\" data-id=\"889dceb\" data-element_type=\"section\">\n\t\t\t\t\t\t<div class=\"elementor-container elementor-column-gap-default\">\n\t\t\t\t\t<div class=\"elementor-column elementor-col-100 elementor-top-column elementor-element elementor-element-cb266eb\" data-id=\"cb266eb\" data-element_type=\"column\">\n\t\t\t<div class=\"elementor-widget-wrap elementor-element-populated\">\n\t\t\t\t\t\t<div class=\"elementor-element elementor-element-8edf822 elementor-widget elementor-widget-heading\" data-id=\"8edf822\" data-element_type=\"widget\" data-widget_type=\"heading.default\">\n\t\t\t\t<div class=\"elementor-widget-container\">\n\t\t\t\t\t<h2 class=\"elementor-heading-title elementor-size-default\">Les \u00e9tapes cl\u00e9s du projet de Laudat : un chantier en pleine effervescence<\/h2>\t\t\t\t<\/div>\n\t\t\t\t<\/div>\n\t\t\t\t<div class=\"elementor-element elementor-element-6d1f975 elementor-widget elementor-widget-text-editor\" data-id=\"6d1f975\" data-element_type=\"widget\" data-widget_type=\"text-editor.default\">\n\t\t\t\t<div class=\"elementor-widget-container\">\n\t\t\t\t\t\t\t\t\t<h2><b>L&#8217;installation des infrastructures : un travail de titan<\/b><\/h2><p><span style=\"font-weight: 400;\">Si vous vous rendez \u00e0 Laudat aujourd&#8217;hui, vous serez impressionn\u00e9 par l&#8217;ampleur du chantier. Des tours de refroidissement aux fondations des turbines, tout est mis en \u0153uvre pour que la centrale g\u00e9othermique de la Dominique puisse tenir ses promesses. Selon le ministre des Affaires \u00e9trang\u00e8res, du Commerce international et de l\u2019\u00c9nergie, l\u2019honorable Dr Vince Henderson, la majorit\u00e9 de l&#8217;\u00e9quipement est d\u00e9j\u00e0 sur site. &#8220;Nous sommes r\u00e9ellement en train de construire notre centrale g\u00e9othermique de 10 m\u00e9gawatts&#8221;, a-t-il d\u00e9clar\u00e9 avec enthousiasme.<\/span><\/p>\t\t\t\t\t\t\t\t<\/div>\n\t\t\t\t<\/div>\n\t\t\t\t<div class=\"elementor-element elementor-element-0346f9a elementor-widget elementor-widget-text-editor\" data-id=\"0346f9a\" data-element_type=\"widget\" data-widget_type=\"text-editor.default\">\n\t\t\t\t<div class=\"elementor-widget-container\">\n\t\t\t\t\t\t\t\t\t<h2><b>Les d\u00e9fis techniques et logistiques : comment sont-ils surmont\u00e9s ?<\/b><\/h2><p><span style=\"font-weight: 400;\">Bien s\u00fbr, un projet d&#8217;une telle envergure ne se fait pas sans difficult\u00e9s. Il faut acheminer des \u00e9quipements lourds, travailler dans des conditions m\u00e9t\u00e9orologiques parfois difficiles, et coordonner les efforts de nombreux acteurs. Mais gr\u00e2ce \u00e0 une planification rigoureuse et \u00e0 une collaboration \u00e9troite entre les diff\u00e9rentes parties prenantes, ces d\u00e9fis sont relev\u00e9s avec succ\u00e8s. Comme le souligne Amir Junger, Chef de projet chez Ormat Technologies Inc., l&#8217;entreprise en charge de la construction, &#8220;nous surveillons l&#8217;avancement chaque semaine et anticipons les prochaines \u00e9tapes&#8221;.<\/span><\/p>\t\t\t\t\t\t\t\t<\/div>\n\t\t\t\t<\/div>\n\t\t\t\t<section class=\"elementor-section elementor-inner-section elementor-element elementor-element-0140437 elementor-section-boxed elementor-section-height-default elementor-section-height-default\" data-id=\"0140437\" data-element_type=\"section\">\n\t\t\t\t\t\t<div class=\"elementor-container elementor-column-gap-default\">\n\t\t\t\t\t<div class=\"elementor-column elementor-col-50 elementor-inner-column elementor-element elementor-element-806c591\" data-id=\"806c591\" data-element_type=\"column\">\n\t\t\t<div class=\"elementor-widget-wrap elementor-element-populated\">\n\t\t\t\t\t\t<div class=\"elementor-element elementor-element-87d8fc0 elementor-widget elementor-widget-image\" data-id=\"87d8fc0\" data-element_type=\"widget\" data-widget_type=\"image.default\">\n\t\t\t\t<div class=\"elementor-widget-container\">\n\t\t\t\t\t\t\t\t\t\t\t\t<figure class=\"wp-caption\">\n\t\t\t\t\t\t\t\t\t\t<img fetchpriority=\"high\" decoding=\"async\" width=\"800\" height=\"533\" src=\"https:\/\/richeskarayib.com\/wp-content\/uploads\/2025\/03\/Tour-de-refroidissement-1024x682.avif\" class=\"attachment-large size-large wp-image-46295\" alt=\"Centrale g\u00e9othermique de la Dominique\" srcset=\"https:\/\/richeskarayib.com\/wp-content\/uploads\/2025\/03\/Tour-de-refroidissement-1024x682.avif 1024w, https:\/\/richeskarayib.com\/wp-content\/uploads\/2025\/03\/Tour-de-refroidissement-300x200.avif 300w, https:\/\/richeskarayib.com\/wp-content\/uploads\/2025\/03\/Tour-de-refroidissement-768x511.avif 768w, https:\/\/richeskarayib.com\/wp-content\/uploads\/2025\/03\/Tour-de-refroidissement.avif 1200w\" sizes=\"(max-width: 800px) 100vw, 800px\" \/>\t\t\t\t\t\t\t\t\t\t\t<figcaption class=\"widget-image-caption wp-caption-text\">Tour de refroidissement.\n\nSource: Organisation of Eastern Caribbean States<\/figcaption>\n\t\t\t\t\t\t\t\t\t\t<\/figure>\n\t\t\t\t\t\t\t\t\t<\/div>\n\t\t\t\t<\/div>\n\t\t\t\t\t<\/div>\n\t\t<\/div>\n\t\t\t\t<div class=\"elementor-column elementor-col-50 elementor-inner-column elementor-element elementor-element-fabcaac\" data-id=\"fabcaac\" data-element_type=\"column\">\n\t\t\t<div class=\"elementor-widget-wrap elementor-element-populated\">\n\t\t\t\t\t\t<div class=\"elementor-element elementor-element-8f5473e elementor-widget elementor-widget-image\" data-id=\"8f5473e\" data-element_type=\"widget\" data-widget_type=\"image.default\">\n\t\t\t\t<div class=\"elementor-widget-container\">\n\t\t\t\t\t\t\t\t\t\t\t\t<figure class=\"wp-caption\">\n\t\t\t\t\t\t\t\t\t\t<img decoding=\"async\" width=\"800\" height=\"534\" src=\"https:\/\/richeskarayib.com\/wp-content\/uploads\/2025\/03\/Ouvriers-assemblant-lune-des-tours-de-refroidissement-1024x683.avif\" class=\"attachment-large size-large wp-image-46299\" alt=\"Centrale g\u00e9othermique de la Dominique\" srcset=\"https:\/\/richeskarayib.com\/wp-content\/uploads\/2025\/03\/Ouvriers-assemblant-lune-des-tours-de-refroidissement-1024x683.avif 1024w, https:\/\/richeskarayib.com\/wp-content\/uploads\/2025\/03\/Ouvriers-assemblant-lune-des-tours-de-refroidissement-300x200.avif 300w, https:\/\/richeskarayib.com\/wp-content\/uploads\/2025\/03\/Ouvriers-assemblant-lune-des-tours-de-refroidissement-768x512.avif 768w, https:\/\/richeskarayib.com\/wp-content\/uploads\/2025\/03\/Ouvriers-assemblant-lune-des-tours-de-refroidissement.avif 1200w\" sizes=\"(max-width: 800px) 100vw, 800px\" \/>\t\t\t\t\t\t\t\t\t\t\t<figcaption class=\"widget-image-caption wp-caption-text\">Ouvriers assemblant l'une des tours de refroidissement.\n\nOrganisation of Eastern Caribbean States<\/figcaption>\n\t\t\t\t\t\t\t\t\t\t<\/figure>\n\t\t\t\t\t\t\t\t\t<\/div>\n\t\t\t\t<\/div>\n\t\t\t\t\t<\/div>\n\t\t<\/div>\n\t\t\t\t\t<\/div>\n\t\t<\/section>\n\t\t\t\t\t<\/div>\n\t\t<\/div>\n\t\t\t\t\t<\/div>\n\t\t<\/section>\n\t\t\t\t<section class=\"elementor-section elementor-top-section elementor-element elementor-element-53262f1 elementor-section-boxed elementor-section-height-default elementor-section-height-default\" data-id=\"53262f1\" data-element_type=\"section\">\n\t\t\t\t\t\t<div class=\"elementor-container elementor-column-gap-default\">\n\t\t\t\t\t<div class=\"elementor-column elementor-col-100 elementor-top-column elementor-element elementor-element-eac4faf\" data-id=\"eac4faf\" data-element_type=\"column\">\n\t\t\t<div class=\"elementor-widget-wrap elementor-element-populated\">\n\t\t\t\t\t\t<div class=\"elementor-element elementor-element-05782f7 elementor-widget elementor-widget-heading\" data-id=\"05782f7\" data-element_type=\"widget\" data-widget_type=\"heading.default\">\n\t\t\t\t<div class=\"elementor-widget-container\">\n\t\t\t\t\t<h2 class=\"elementor-heading-title elementor-size-default\">Acteurs et partenaires : qui sont les artisans de cette transition \u00e9nerg\u00e9tique ?<\/h2>\t\t\t\t<\/div>\n\t\t\t\t<\/div>\n\t\t\t\t<div class=\"elementor-element elementor-element-9c39683 elementor-widget elementor-widget-text-editor\" data-id=\"9c39683\" data-element_type=\"widget\" data-widget_type=\"text-editor.default\">\n\t\t\t\t<div class=\"elementor-widget-container\">\n\t\t\t\t\t\t\t\t\t<h2><b>Le r\u00f4le central de la Dominica Geothermal Development Company (DGDC)<\/b><\/h2><p><span style=\"font-weight: 400;\">Au c\u0153ur de ce projet ambitieux, on trouve la Dominica Geothermal Development Company (DGDC), un partenariat public-priv\u00e9 cr\u00e9\u00e9 sp\u00e9cialement pour d\u00e9velopper la g\u00e9othermie en Dominique. La DGDC, v\u00e9ritable ma\u00eetre d&#8217;\u0153uvre du projet, est charg\u00e9e de coordonner les \u00e9tudes pr\u00e9liminaires, de superviser les travaux de construction et de garantir la bonne gestion et l&#8217;exploitation de la centrale g\u00e9othermique de la Dominique une fois qu&#8217;elle sera en service.<\/span><\/p>\t\t\t\t\t\t\t\t<\/div>\n\t\t\t\t<\/div>\n\t\t\t\t<div class=\"elementor-element elementor-element-772650d elementor-widget elementor-widget-text-editor\" data-id=\"772650d\" data-element_type=\"widget\" data-widget_type=\"text-editor.default\">\n\t\t\t\t<div class=\"elementor-widget-container\">\n\t\t\t\t\t\t\t\t\t<p><span style=\"font-weight: 400;\">L&#8217;\u00e9quipe de la DGDC, compos\u00e9e d&#8217;experts en g\u00e9othermie, en ing\u00e9nierie et en gestion de projets, travaille en \u00e9troite collaboration avec les entreprises de construction, les fournisseurs d&#8217;\u00e9quipements et les autorit\u00e9s locales pour mener \u00e0 bien ce projet complexe. Leur expertise et leur engagement sont essentiels pour faire de la centrale g\u00e9othermique de la Dominique une r\u00e9alit\u00e9.<\/span><\/p>\t\t\t\t\t\t\t\t<\/div>\n\t\t\t\t<\/div>\n\t\t\t\t<div class=\"elementor-element elementor-element-d3f0105 elementor-widget elementor-widget-text-editor\" data-id=\"d3f0105\" data-element_type=\"widget\" data-widget_type=\"text-editor.default\">\n\t\t\t\t<div class=\"elementor-widget-container\">\n\t\t\t\t\t\t\t\t\t<h2><b>Ormat Technologies Inc. : L&#8217;expertise technologique au service de la Dominique<\/b><\/h2><p><span style=\"font-weight: 400;\">Pour la construction et la future exploitation de la centrale, la DGDC s&#8217;est associ\u00e9e \u00e0 Ormat Technologies Inc., une entreprise am\u00e9ricaine de renomm\u00e9e mondiale sp\u00e9cialis\u00e9e dans les technologies g\u00e9othermiques. Ormat apporte son expertise technique et son savoir-faire pour concevoir, construire et exploiter la centrale de Laudat.<\/span><\/p>\t\t\t\t\t\t\t\t<\/div>\n\t\t\t\t<\/div>\n\t\t\t\t<div class=\"elementor-element elementor-element-4b3c337 elementor-widget elementor-widget-text-editor\" data-id=\"4b3c337\" data-element_type=\"widget\" data-widget_type=\"text-editor.default\">\n\t\t\t\t<div class=\"elementor-widget-container\">\n\t\t\t\t\t\t\t\t\t<p><span style=\"font-weight: 400;\">Amir Junger, Chef de projet chez Ormat, est le visage de cette collaboration sur le terrain. Il supervise les travaux, coordonne les \u00e9quipes et veille \u00e0 ce que le projet respecte les normes de qualit\u00e9 et de s\u00e9curit\u00e9 les plus \u00e9lev\u00e9es. Son exp\u00e9rience et son leadership sont essentiels pour garantir le succ\u00e8s de la centrale g\u00e9othermique de la Dominique.<\/span><\/p>\t\t\t\t\t\t\t\t<\/div>\n\t\t\t\t<\/div>\n\t\t\t\t<section class=\"elementor-section elementor-inner-section elementor-element elementor-element-591f16d elementor-section-boxed elementor-section-height-default elementor-section-height-default\" data-id=\"591f16d\" data-element_type=\"section\">\n\t\t\t\t\t\t<div class=\"elementor-container elementor-column-gap-default\">\n\t\t\t\t\t<div class=\"elementor-column elementor-col-100 elementor-inner-column elementor-element elementor-element-d9c173b\" data-id=\"d9c173b\" data-element_type=\"column\">\n\t\t\t<div class=\"elementor-widget-wrap elementor-element-populated\">\n\t\t\t\t\t\t<div class=\"elementor-element elementor-element-63ceabf elementor-widget elementor-widget-image\" data-id=\"63ceabf\" data-element_type=\"widget\" data-widget_type=\"image.default\">\n\t\t\t\t<div class=\"elementor-widget-container\">\n\t\t\t\t\t\t\t\t\t\t\t\t<figure class=\"wp-caption\">\n\t\t\t\t\t\t\t\t\t\t<img decoding=\"async\" width=\"800\" height=\"450\" src=\"https:\/\/richeskarayib.com\/wp-content\/uploads\/2025\/03\/Amir-Junger-chef-de-projet-Ormat-Technologies-Inc-1024x576.avif\" class=\"attachment-large size-large wp-image-46303\" alt=\"Centrale g\u00e9othermique de la Dominique\" srcset=\"https:\/\/richeskarayib.com\/wp-content\/uploads\/2025\/03\/Amir-Junger-chef-de-projet-Ormat-Technologies-Inc-1024x576.avif 1024w, https:\/\/richeskarayib.com\/wp-content\/uploads\/2025\/03\/Amir-Junger-chef-de-projet-Ormat-Technologies-Inc-300x169.avif 300w, https:\/\/richeskarayib.com\/wp-content\/uploads\/2025\/03\/Amir-Junger-chef-de-projet-Ormat-Technologies-Inc-768x432.avif 768w, https:\/\/richeskarayib.com\/wp-content\/uploads\/2025\/03\/Amir-Junger-chef-de-projet-Ormat-Technologies-Inc.avif 1200w\" sizes=\"(max-width: 800px) 100vw, 800px\" \/>\t\t\t\t\t\t\t\t\t\t\t<figcaption class=\"widget-image-caption wp-caption-text\">Amir Junger, chef de projet, Ormat Technologies Inc.\n\nSource: Organisation of Eastern Caribbean States<\/figcaption>\n\t\t\t\t\t\t\t\t\t\t<\/figure>\n\t\t\t\t\t\t\t\t\t<\/div>\n\t\t\t\t<\/div>\n\t\t\t\t\t<\/div>\n\t\t<\/div>\n\t\t\t\t\t<\/div>\n\t\t<\/section>\n\t\t\t\t<div class=\"elementor-element elementor-element-69f5eb9 elementor-widget elementor-widget-text-editor\" data-id=\"69f5eb9\" data-element_type=\"widget\" data-widget_type=\"text-editor.default\">\n\t\t\t\t<div class=\"elementor-widget-container\">\n\t\t\t\t\t\t\t\t\t<h2><b>Le soutien ind\u00e9fectible du gouvernement dominiquais<\/b><\/h2><p><span style=\"font-weight: 400;\">Le gouvernement de la Dominique joue un r\u00f4le cl\u00e9 dans ce projet. Le ministre des Affaires \u00e9trang\u00e8res, du Commerce international et de l\u2019\u00c9nergie, l\u2019honorable Dr Vince Henderson, est un fervent d\u00e9fenseur de la g\u00e9othermie et un acteur majeur de la transition \u00e9nerg\u00e9tique du pays.<\/span><\/p>\t\t\t\t\t\t\t\t<\/div>\n\t\t\t\t<\/div>\n\t\t\t\t<div class=\"elementor-element elementor-element-84f3fa3 elementor-widget elementor-widget-text-editor\" data-id=\"84f3fa3\" data-element_type=\"widget\" data-widget_type=\"text-editor.default\">\n\t\t\t\t<div class=\"elementor-widget-container\">\n\t\t\t\t\t\t\t\t\t<p><span style=\"font-weight: 400;\">Son engagement politique et son soutien financier sont essentiels pour mobiliser les ressources n\u00e9cessaires \u00e0 la r\u00e9alisation de ce projet ambitieux. Il travaille en \u00e9troite collaboration avec la DGDC et les partenaires internationaux pour garantir que la centrale g\u00e9othermique de la Dominique soit un succ\u00e8s pour le pays et pour la r\u00e9gion.<\/span><\/p>\t\t\t\t\t\t\t\t<\/div>\n\t\t\t\t<\/div>\n\t\t\t\t<section class=\"elementor-section elementor-inner-section elementor-element elementor-element-c90dd29 elementor-section-boxed elementor-section-height-default elementor-section-height-default\" data-id=\"c90dd29\" data-element_type=\"section\">\n\t\t\t\t\t\t<div class=\"elementor-container elementor-column-gap-default\">\n\t\t\t\t\t<div class=\"elementor-column elementor-col-100 elementor-inner-column elementor-element elementor-element-a0c6ec8\" data-id=\"a0c6ec8\" data-element_type=\"column\">\n\t\t\t<div class=\"elementor-widget-wrap elementor-element-populated\">\n\t\t\t\t\t\t<div class=\"elementor-element elementor-element-ddcd2f4 elementor-widget elementor-widget-image\" data-id=\"ddcd2f4\" data-element_type=\"widget\" data-widget_type=\"image.default\">\n\t\t\t\t<div class=\"elementor-widget-container\">\n\t\t\t\t\t\t\t\t\t\t\t\t<figure class=\"wp-caption\">\n\t\t\t\t\t\t\t\t\t\t<img loading=\"lazy\" decoding=\"async\" width=\"800\" height=\"450\" src=\"https:\/\/richeskarayib.com\/wp-content\/uploads\/2025\/03\/Hon-Dr-Vince_Henderson-ministre-des-affaires-etrangeres-des-affaires-internationales-du-commerce-et-de-lenergie-1024x576.avif\" class=\"attachment-large size-large wp-image-46307\" alt=\"Centrale g\u00e9othermique de la Dominique\" srcset=\"https:\/\/richeskarayib.com\/wp-content\/uploads\/2025\/03\/Hon-Dr-Vince_Henderson-ministre-des-affaires-etrangeres-des-affaires-internationales-du-commerce-et-de-lenergie-1024x576.avif 1024w, https:\/\/richeskarayib.com\/wp-content\/uploads\/2025\/03\/Hon-Dr-Vince_Henderson-ministre-des-affaires-etrangeres-des-affaires-internationales-du-commerce-et-de-lenergie-300x169.avif 300w, https:\/\/richeskarayib.com\/wp-content\/uploads\/2025\/03\/Hon-Dr-Vince_Henderson-ministre-des-affaires-etrangeres-des-affaires-internationales-du-commerce-et-de-lenergie-768x432.avif 768w, https:\/\/richeskarayib.com\/wp-content\/uploads\/2025\/03\/Hon-Dr-Vince_Henderson-ministre-des-affaires-etrangeres-des-affaires-internationales-du-commerce-et-de-lenergie.avif 1200w\" sizes=\"(max-width: 800px) 100vw, 800px\" \/>\t\t\t\t\t\t\t\t\t\t\t<figcaption class=\"widget-image-caption wp-caption-text\">Dr Vince Henderson, ministre des affaires \u00e9trang\u00e8res, des affaires internationales, du commerce et de l'\u00e9nergie.\n\nSource: Organisation of Eastern Caribbean States<\/figcaption>\n\t\t\t\t\t\t\t\t\t\t<\/figure>\n\t\t\t\t\t\t\t\t\t<\/div>\n\t\t\t\t<\/div>\n\t\t\t\t\t<\/div>\n\t\t<\/div>\n\t\t\t\t\t<\/div>\n\t\t<\/section>\n\t\t\t\t<div class=\"elementor-element elementor-element-27ca1b5 elementor-widget elementor-widget-text-editor\" data-id=\"27ca1b5\" data-element_type=\"widget\" data-widget_type=\"text-editor.default\">\n\t\t\t\t<div class=\"elementor-widget-container\">\n\t\t\t\t\t\t\t\t\t<h2><b>Le r\u00f4le crucial de Dominica Electricity Services Limited (Domlec)<\/b><\/h2><p><span style=\"font-weight: 400;\">Il ne faut pas oublier non plus Dominica Electricity Services Limited (Domlec), la compagnie d&#8217;\u00e9lectricit\u00e9 nationale, qui joue un r\u00f4le crucial dans l&#8217;int\u00e9gration de l&#8217;\u00e9nergie g\u00e9othermique au r\u00e9seau \u00e9lectrique dominiquais. Domlec travaille en \u00e9troite collaboration avec la DGDC et Ormat pour assurer une transition en douceur vers une \u00e9nergie plus propre et plus durable.<\/span><\/p>\t\t\t\t\t\t\t\t<\/div>\n\t\t\t\t<\/div>\n\t\t\t\t<div class=\"elementor-element elementor-element-643985d elementor-widget elementor-widget-text-editor\" data-id=\"643985d\" data-element_type=\"widget\" data-widget_type=\"text-editor.default\">\n\t\t\t\t<div class=\"elementor-widget-container\">\n\t\t\t\t\t\t\t\t\t<h2><b>Le soutien international : Banque Mondiale, CDB et OECO<\/b><\/h2><p><span style=\"font-weight: 400;\">Un projet de cette ampleur ne pourrait voir le jour sans le soutien de partenaires internationaux. La Banque Mondiale, la Banque de d\u00e9veloppement des Cara\u00efbes (CDB) et l&#8217;Organisation des \u00c9tats de la Cara\u00efbe orientale (OECO) sont autant d&#8217;acteurs qui apportent leur expertise et leurs ressources financi\u00e8res pour faire de la centrale g\u00e9othermique de la Dominique une r\u00e9alit\u00e9. Ce soutien t\u00e9moigne de l&#8217;importance de ce projet pour la r\u00e9gion et pour le monde.<\/span><\/p>\t\t\t\t\t\t\t\t<\/div>\n\t\t\t\t<\/div>\n\t\t\t\t<div class=\"elementor-element elementor-element-2f0da84 elementor-widget elementor-widget-text-editor\" data-id=\"2f0da84\" data-element_type=\"widget\" data-widget_type=\"text-editor.default\">\n\t\t\t\t<div class=\"elementor-widget-container\">\n\t\t\t\t\t\t\t\t\t<p><span style=\"font-weight: 400;\">Enfin, une entreprise indienne, Kalpataru Projects International Development Company, est en charge de la construction du r\u00e9seau de transmission. Ce projet comprend 10 kilom\u00e8tres de lignes \u00e9lectriques et des postes de transformation, reliant Laudat \u00e0 Fond Cole, o\u00f9 l\u2019\u00e9nergie g\u00e9othermique sera inject\u00e9e dans le r\u00e9seau national.<\/span><\/p><p><br style=\"font-weight: 400;\" \/><br \/><\/p>\t\t\t\t\t\t\t\t<\/div>\n\t\t\t\t<\/div>\n\t\t\t\t\t<\/div>\n\t\t<\/div>\n\t\t\t\t\t<\/div>\n\t\t<\/section>\n\t\t\t\t<section class=\"elementor-section elementor-top-section elementor-element elementor-element-3a876d3 elementor-section-boxed elementor-section-height-default elementor-section-height-default\" data-id=\"3a876d3\" data-element_type=\"section\">\n\t\t\t\t\t\t<div class=\"elementor-container elementor-column-gap-default\">\n\t\t\t\t\t<div class=\"elementor-column elementor-col-100 elementor-top-column elementor-element elementor-element-69cb312\" data-id=\"69cb312\" data-element_type=\"column\">\n\t\t\t<div class=\"elementor-widget-wrap elementor-element-populated\">\n\t\t\t\t\t\t<div class=\"elementor-element elementor-element-97eb546 elementor-widget elementor-widget-heading\" data-id=\"97eb546\" data-element_type=\"widget\" data-widget_type=\"heading.default\">\n\t\t\t\t<div class=\"elementor-widget-container\">\n\t\t\t\t\t<h2 class=\"elementor-heading-title elementor-size-default\">Impact socio-\u00e9conomique de la centrale g\u00e9othermique<\/h2>\t\t\t\t<\/div>\n\t\t\t\t<\/div>\n\t\t\t\t<div class=\"elementor-element elementor-element-b5df144 elementor-widget elementor-widget-text-editor\" data-id=\"b5df144\" data-element_type=\"widget\" data-widget_type=\"text-editor.default\">\n\t\t\t\t<div class=\"elementor-widget-container\">\n\t\t\t\t\t\t\t\t\t<h2><b>Cr\u00e9ation d&#8217;emplois et d\u00e9veloppement local<\/b><\/h2><p><span style=\"font-weight: 400;\">Au-del\u00e0 de la production d&#8217;\u00e9nergie propre, la centrale g\u00e9othermique de la Dominique aura un impact positif sur l&#8217;\u00e9conomie locale. La construction et l&#8217;exploitation de la centrale cr\u00e9eront des emplois, stimuleront l&#8217;activit\u00e9 \u00e9conomique et favoriseront le d\u00e9veloppement des comp\u00e9tences. C&#8217;est une opportunit\u00e9 pour la Dominique de diversifier son \u00e9conomie et de cr\u00e9er un avenir plus prosp\u00e8re pour ses habitants.<\/span><\/p>\t\t\t\t\t\t\t\t<\/div>\n\t\t\t\t<\/div>\n\t\t\t\t<div class=\"elementor-element elementor-element-4730813 elementor-widget elementor-widget-text-editor\" data-id=\"4730813\" data-element_type=\"widget\" data-widget_type=\"text-editor.default\">\n\t\t\t\t<div class=\"elementor-widget-container\">\n\t\t\t\t\t\t\t\t\t<h2><b>Am\u00e9lioration de la comp\u00e9titivit\u00e9 \u00e9conomique<\/b><\/h2><p><span style=\"font-weight: 400;\">En r\u00e9duisant les co\u00fbts de l&#8217;\u00e9nergie et en am\u00e9liorant la fiabilit\u00e9 de l&#8217;approvisionnement, la centrale g\u00e9othermique de la Dominique renforcera la comp\u00e9titivit\u00e9 \u00e9conomique du pays. Les entreprises locales pourront b\u00e9n\u00e9ficier d&#8217;une \u00e9nergie moins ch\u00e8re et plus stable, ce qui leur permettra de se d\u00e9velopper et de cr\u00e9er des emplois. C&#8217;est un cercle vertueux qui se met en place, o\u00f9 l&#8217;\u00e9nergie propre devient un moteur de croissance \u00e9conomique.<\/span><\/p>\t\t\t\t\t\t\t\t<\/div>\n\t\t\t\t<\/div>\n\t\t\t\t\t<\/div>\n\t\t<\/div>\n\t\t\t\t\t<\/div>\n\t\t<\/section>\n\t\t\t\t<section class=\"elementor-section elementor-top-section elementor-element elementor-element-5b9197f elementor-section-boxed elementor-section-height-default elementor-section-height-default\" data-id=\"5b9197f\" data-element_type=\"section\">\n\t\t\t\t\t\t<div class=\"elementor-container elementor-column-gap-default\">\n\t\t\t\t\t<div class=\"elementor-column elementor-col-100 elementor-top-column elementor-element elementor-element-7e97302\" data-id=\"7e97302\" data-element_type=\"column\">\n\t\t\t<div class=\"elementor-widget-wrap elementor-element-populated\">\n\t\t\t\t\t\t<div class=\"elementor-element elementor-element-5f85714 elementor-widget elementor-widget-heading\" data-id=\"5f85714\" data-element_type=\"widget\" data-widget_type=\"heading.default\">\n\t\t\t\t<div class=\"elementor-widget-container\">\n\t\t\t\t\t<h2 class=\"elementor-heading-title elementor-size-default\">La Dominique, pionni\u00e8re de la g\u00e9othermie dans la Cara\u00efbe<\/h2>\t\t\t\t<\/div>\n\t\t\t\t<\/div>\n\t\t\t\t<div class=\"elementor-element elementor-element-f1ca1bd elementor-widget elementor-widget-text-editor\" data-id=\"f1ca1bd\" data-element_type=\"widget\" data-widget_type=\"text-editor.default\">\n\t\t\t\t<div class=\"elementor-widget-container\">\n\t\t\t\t\t\t\t\t\t<p><span style=\"font-weight: 400;\">La Dominique n&#8217;est pas le seul pays de la Cara\u00efbe \u00e0 s&#8217;int\u00e9resser \u00e0 la g\u00e9othermie. La Guadeloupe, avec sa centrale de Bouillante, est un exemple de r\u00e9ussite dans ce domaine. D&#8217;autres \u00eeles, comme Saint-Kitts-et-Nevis, Sainte-Lucie et Saint-Vincent-et-les-Grenadines, explorent \u00e9galement leur potentiel g\u00e9othermique. Mais avec son projet de Laudat, la centrale g\u00e9othermique de la Dominique se positionne comme un leader dans la r\u00e9gion, montrant la voie \u00e0 suivre pour une transition \u00e9nerg\u00e9tique r\u00e9ussie.<\/span><\/p>\t\t\t\t\t\t\t\t<\/div>\n\t\t\t\t<\/div>\n\t\t\t\t\t<\/div>\n\t\t<\/div>\n\t\t\t\t\t<\/div>\n\t\t<\/section>\n\t\t\t\t<section class=\"elementor-section elementor-top-section elementor-element elementor-element-1011c6f elementor-section-boxed elementor-section-height-default elementor-section-height-default\" data-id=\"1011c6f\" data-element_type=\"section\">\n\t\t\t\t\t\t<div class=\"elementor-container elementor-column-gap-default\">\n\t\t\t\t\t<div class=\"elementor-column elementor-col-100 elementor-top-column elementor-element elementor-element-18e8038\" data-id=\"18e8038\" data-element_type=\"column\">\n\t\t\t<div class=\"elementor-widget-wrap elementor-element-populated\">\n\t\t\t\t\t\t<div class=\"elementor-element elementor-element-c5debc4 elementor-widget elementor-widget-text-editor\" data-id=\"c5debc4\" data-element_type=\"widget\" data-widget_type=\"text-editor.default\">\n\t\t\t\t<div class=\"elementor-widget-container\">\n\t\t\t\t\t\t\t\t\t<p><span style=\"font-weight: 400;\"><a href=\"https:\/\/la1ere.francetvinfo.fr\/guadeloupe\/transition-energetique-dans-la-caraibe-la-centrale-geothermique-de-la-dominique-pourrait-etre-operationnelle-a-noel-1568962.html\" target=\"_blank\" rel=\"noopener nofollow\">La centrale g\u00e9othermique de la Dominique<\/a> est bien plus qu&#8217;un simple projet \u00e9nerg\u00e9tique. C&#8217;est un symbole d&#8217;espoir, une promesse d&#8217;un avenir plus durable et plus prosp\u00e8re. En exploitant la chaleur de la Terre, la Dominique se donne les moyens de s&#8217;affranchir de sa d\u00e9pendance aux combustibles fossiles, de prot\u00e9ger son environnement et de cr\u00e9er des emplois. Alors, rendez-vous le 25 d\u00e9cembre 2025 pour c\u00e9l\u00e9brer cette r\u00e9volution \u00e9nerg\u00e9tique !<\/span><\/p>\t\t\t\t\t\t\t\t<\/div>\n\t\t\t\t<\/div>\n\t\t\t\t\t<\/div>\n\t\t<\/div>\n\t\t\t\t\t<\/div>\n\t\t<\/section>\n\t\t\t\t<\/div>\n\t\t","protected":false},"excerpt":{"rendered":"<p>La Centrale g\u00e9othermique de la Dominique . Imaginez un No\u00ebl o\u00f9 la lumi\u00e8re qui illumine votre sapin ne provient pas d&#8217;une source d&#8217;\u00e9nergie polluante, mais directement du c\u0153ur de la Terre. C&#8217;est la promesse que porte le projet de centrale g\u00e9othermique de la Dominique, actuellement en construction \u00e0 Laudat, dans la vall\u00e9e de Roseau. Cette [&hellip;]<\/p>\n","protected":false},"author":662,"featured_media":46291,"comment_status":"open","ping_status":"open","sticky":false,"template":"","format":"standard","meta":{"_acf_changed":false,"footnotes":""},"categories":[840],"tags":[1450],"class_list":["post-46290","post","type-post","status-publish","format-standard","has-post-thumbnail","hentry","category-actus","tag-dominique-fr"],"acf":[],"_links":{"self":[{"href":"https:\/\/richeskarayib.com\/fr\/wp-json\/wp\/v2\/posts\/46290","targetHints":{"allow":["GET"]}}],"collection":[{"href":"https:\/\/richeskarayib.com\/fr\/wp-json\/wp\/v2\/posts"}],"about":[{"href":"https:\/\/richeskarayib.com\/fr\/wp-json\/wp\/v2\/types\/post"}],"author":[{"embeddable":true,"href":"https:\/\/richeskarayib.com\/fr\/wp-json\/wp\/v2\/users\/662"}],"replies":[{"embeddable":true,"href":"https:\/\/richeskarayib.com\/fr\/wp-json\/wp\/v2\/comments?post=46290"}],"version-history":[{"count":0,"href":"https:\/\/richeskarayib.com\/fr\/wp-json\/wp\/v2\/posts\/46290\/revisions"}],"wp:featuredmedia":[{"embeddable":true,"href":"https:\/\/richeskarayib.com\/fr\/wp-json\/wp\/v2\/media\/46291"}],"wp:attachment":[{"href":"https:\/\/richeskarayib.com\/fr\/wp-json\/wp\/v2\/media?parent=46290"}],"wp:term":[{"taxonomy":"category","embeddable":true,"href":"https:\/\/richeskarayib.com\/fr\/wp-json\/wp\/v2\/categories?post=46290"},{"taxonomy":"post_tag","embeddable":true,"href":"https:\/\/richeskarayib.com\/fr\/wp-json\/wp\/v2\/tags?post=46290"}],"curies":[{"name":"wp","href":"https:\/\/api.w.org\/{rel}","templated":true}]}}