{"id":46329,"date":"2025-03-14T06:00:11","date_gmt":"2025-03-14T10:00:11","guid":{"rendered":"https:\/\/richeskarayib.com\/?p=46329"},"modified":"2025-03-18T06:37:42","modified_gmt":"2025-03-18T10:37:42","slug":"agroalimentaria-2025-opportunite-caricom","status":"publish","type":"post","link":"https:\/\/richeskarayib.com\/fr\/agroalimentaria-2025-opportunite-caricom\/","title":{"rendered":"R\u00e9publique Dominicaine &#8211;  Salon Agroalimentaria 2025 : une opportunit\u00e9 unique pour les entreprises CARICOM"},"content":{"rendered":"\t\t<div data-elementor-type=\"wp-post\" data-elementor-id=\"46329\" class=\"elementor elementor-46329\" data-elementor-post-type=\"post\">\n\t\t\t\t\t\t<section class=\"elementor-section elementor-top-section elementor-element elementor-element-9be5ad7 elementor-section-boxed elementor-section-height-default elementor-section-height-default\" data-id=\"9be5ad7\" data-element_type=\"section\">\n\t\t\t\t\t\t<div class=\"elementor-container elementor-column-gap-default\">\n\t\t\t\t\t<div class=\"elementor-column elementor-col-100 elementor-top-column elementor-element elementor-element-76aecaa\" data-id=\"76aecaa\" data-element_type=\"column\">\n\t\t\t<div class=\"elementor-widget-wrap elementor-element-populated\">\n\t\t\t\t\t\t<div class=\"elementor-element elementor-element-96fb8e3 elementor-widget elementor-widget-heading\" data-id=\"96fb8e3\" data-element_type=\"widget\" data-widget_type=\"heading.default\">\n\t\t\t\t<div class=\"elementor-widget-container\">\n\t\t\t\t\t<h2 class=\"elementor-heading-title elementor-size-default\">Agroalimentaria 2025, une vitrine prestigieuse pour l\u2019industrie agroalimentaire<\/h2>\t\t\t\t<\/div>\n\t\t\t\t<\/div>\n\t\t\t\t<div class=\"elementor-element elementor-element-fc48138 elementor-widget elementor-widget-text-editor\" data-id=\"fc48138\" data-element_type=\"widget\" data-widget_type=\"text-editor.default\">\n\t\t\t\t<div class=\"elementor-widget-container\">\n\t\t\t\t\t\t\t\t\t<p><span style=\"font-weight: 400;\"><a href=\"http:\/\/agroalimentaria.com.do\/\" target=\"_blank\" rel=\"noopener nofollow\">Agroalimentaria 2025<\/a> est bien plus qu\u2019un simple salon professionnel. Cet \u00e9v\u00e9nement incontournable, qui se tiendra du 28 au 31 mai 2025 au Dominican Fiesta Hotel &amp; Convention Center \u00e0 Saint-Domingue, en R\u00e9publique Dominicaine, repr\u00e9sente une opportunit\u00e9 exceptionnelle pour les entreprises agro-industrielles de la r\u00e9gion CARICOM. Organis\u00e9 par le Conseil dominicain de l\u2019agro-industrie (JAD) et ProDominicana, Agroalimentaria 2025 est reconnu comme l\u2019un des salons les plus influents dans le secteur alimentaire des Cara\u00efbes. Vous \u00eates une entreprise agroalimentaire ? Voici pourquoi vous ne pouvez pas manquer cet \u00e9v\u00e9nement.<\/span><\/p>\t\t\t\t\t\t\t\t<\/div>\n\t\t\t\t<\/div>\n\t\t\t\t\t<\/div>\n\t\t<\/div>\n\t\t\t\t\t<\/div>\n\t\t<\/section>\n\t\t\t\t<section class=\"elementor-section elementor-top-section elementor-element elementor-element-889dceb elementor-section-boxed elementor-section-height-default elementor-section-height-default\" data-id=\"889dceb\" data-element_type=\"section\">\n\t\t\t\t\t\t<div class=\"elementor-container elementor-column-gap-default\">\n\t\t\t\t\t<div class=\"elementor-column elementor-col-100 elementor-top-column elementor-element elementor-element-cb266eb\" data-id=\"cb266eb\" data-element_type=\"column\">\n\t\t\t<div class=\"elementor-widget-wrap elementor-element-populated\">\n\t\t\t\t\t\t<div class=\"elementor-element elementor-element-8edf822 elementor-widget elementor-widget-heading\" data-id=\"8edf822\" data-element_type=\"widget\" data-widget_type=\"heading.default\">\n\t\t\t\t<div class=\"elementor-widget-container\">\n\t\t\t\t\t<h2 class=\"elementor-heading-title elementor-size-default\">Pourquoi Agroalimentaria 2025 est essentiel pour les entreprises CARICOM ?<\/h2>\t\t\t\t<\/div>\n\t\t\t\t<\/div>\n\t\t\t\t<div class=\"elementor-element elementor-element-6d1f975 elementor-widget elementor-widget-text-editor\" data-id=\"6d1f975\" data-element_type=\"widget\" data-widget_type=\"text-editor.default\">\n\t\t\t\t<div class=\"elementor-widget-container\">\n\t\t\t\t\t\t\t\t\t<h2><b>Une plateforme internationale pour briller<\/b><\/h2>\n<p><span style=\"font-weight: 400;\"><a href=\"https:\/\/carib-export.com\/fr\/fr\/opportunities\/eoi-invitation-to-participate-in-agroalimentaria-2025-trade-show-santo-domingo-dominican-republic\/\" target=\"_blank\" rel=\"noopener nofollow\">Agroalimentaria 2025<\/a> offre aux entreprises de la r\u00e9gion CARICOM une occasion unique de pr\u00e9senter leurs produits \u00e0 un public international compos\u00e9 d\u2019acheteurs, de distributeurs et de partenaires strat\u00e9giques. Que vous soyez sp\u00e9cialis\u00e9 dans l\u2019alimentation, les boissons ou le tabac, ce salon est la vitrine id\u00e9ale pour promouvoir vos produits et renforcer votre visibilit\u00e9 sur le march\u00e9 mondial.<\/span><\/p>\t\t\t\t\t\t\t\t<\/div>\n\t\t\t\t<\/div>\n\t\t\t\t<div class=\"elementor-element elementor-element-a42355b elementor-widget elementor-widget-text-editor\" data-id=\"a42355b\" data-element_type=\"widget\" data-widget_type=\"text-editor.default\">\n\t\t\t\t<div class=\"elementor-widget-container\">\n\t\t\t\t\t\t\t\t\t<h2><b>Un \u00e9v\u00e9nement con\u00e7u pour maximiser les opportunit\u00e9s B2B<\/b><\/h2>\n<p><span style=\"font-weight: 400;\">L\u2019un des points forts d\u2019Agroalimentaria 2025 est son programme de r\u00e9unions interentreprises (B2B). Ces rencontres permettent aux exposants de nouer des relations directes avec des acheteurs locaux et internationaux. Imaginez-vous en train de n\u00e9gocier des contrats d\u2019exportation ou d\u2019\u00e9largir votre r\u00e9seau professionnel dans un cadre structur\u00e9 et efficace.<\/span><\/p>\t\t\t\t\t\t\t\t<\/div>\n\t\t\t\t<\/div>\n\t\t\t\t<div class=\"elementor-element elementor-element-0417d76 elementor-widget elementor-widget-text-editor\" data-id=\"0417d76\" data-element_type=\"widget\" data-widget_type=\"text-editor.default\">\n\t\t\t\t<div class=\"elementor-widget-container\">\n\t\t\t\t\t\t\t\t\t<h2><b>Des activit\u00e9s enrichissantes pour les participants<\/b><\/h2>\n<p><span style=\"font-weight: 400;\">Outre l\u2019exposition, <a href=\"https:\/\/www.instagram.com\/agroalimentariard\/\" target=\"_blank\" rel=\"noopener nofollow\">Agroalimentaria 2025<\/a> propose une s\u00e9rie d\u2019activit\u00e9s officielles destin\u00e9es \u00e0 enrichir l\u2019exp\u00e9rience des participants. Parmi celles-ci, on retrouve :<\/span><\/p>\n<ul>\n<li style=\"font-weight: 400;\" aria-level=\"1\"><span style=\"font-weight: 400;\">Des conf\u00e9rences anim\u00e9es par des experts du secteur.<\/span><\/li>\n<li style=\"font-weight: 400;\" aria-level=\"1\"><span style=\"font-weight: 400;\">Des d\u00e9monstrations culinaires lors de l\u2019\u00e9v\u00e9nement gastronomique Caribbean Kitchen.<\/span><\/li>\n<li style=\"font-weight: 400;\" aria-level=\"1\"><span style=\"font-weight: 400;\">Des opportunit\u00e9s de networking exclusives.<\/span><\/li>\n<\/ul>\t\t\t\t\t\t\t\t<\/div>\n\t\t\t\t<\/div>\n\t\t\t\t<section class=\"elementor-section elementor-inner-section elementor-element elementor-element-61f6a1b elementor-section-boxed elementor-section-height-default elementor-section-height-default\" data-id=\"61f6a1b\" data-element_type=\"section\">\n\t\t\t\t\t\t<div class=\"elementor-container elementor-column-gap-default\">\n\t\t\t\t\t<div class=\"elementor-column elementor-col-33 elementor-inner-column elementor-element elementor-element-917e055\" data-id=\"917e055\" data-element_type=\"column\">\n\t\t\t<div class=\"elementor-widget-wrap elementor-element-populated\">\n\t\t\t\t\t\t<div class=\"elementor-element elementor-element-77f5f4a elementor-widget elementor-widget-image\" data-id=\"77f5f4a\" data-element_type=\"widget\" data-widget_type=\"image.default\">\n\t\t\t\t<div class=\"elementor-widget-container\">\n\t\t\t\t\t\t\t\t\t\t\t\t\t\t\t<img fetchpriority=\"high\" decoding=\"async\" width=\"800\" height=\"1000\" src=\"https:\/\/richeskarayib.com\/wp-content\/uploads\/2025\/03\/476594726_18485535733062046_2234646476218701888_n-819x1024.jpg\" class=\"attachment-large size-large wp-image-46334\" alt=\"Agroalimentaria 2025\" srcset=\"https:\/\/richeskarayib.com\/wp-content\/uploads\/2025\/03\/476594726_18485535733062046_2234646476218701888_n-819x1024.jpg 819w, https:\/\/richeskarayib.com\/wp-content\/uploads\/2025\/03\/476594726_18485535733062046_2234646476218701888_n-240x300.jpg 240w, https:\/\/richeskarayib.com\/wp-content\/uploads\/2025\/03\/476594726_18485535733062046_2234646476218701888_n-768x960.jpg 768w, https:\/\/richeskarayib.com\/wp-content\/uploads\/2025\/03\/476594726_18485535733062046_2234646476218701888_n.jpg 1080w\" sizes=\"(max-width: 800px) 100vw, 800px\" \/>\t\t\t\t\t\t\t\t\t\t\t\t\t\t\t<\/div>\n\t\t\t\t<\/div>\n\t\t\t\t\t<\/div>\n\t\t<\/div>\n\t\t\t\t<div class=\"elementor-column elementor-col-33 elementor-inner-column elementor-element elementor-element-e7ce79f\" data-id=\"e7ce79f\" data-element_type=\"column\">\n\t\t\t<div class=\"elementor-widget-wrap elementor-element-populated\">\n\t\t\t\t\t\t<div class=\"elementor-element elementor-element-40f961b elementor-widget elementor-widget-image\" data-id=\"40f961b\" data-element_type=\"widget\" data-widget_type=\"image.default\">\n\t\t\t\t<div class=\"elementor-widget-container\">\n\t\t\t\t\t\t\t\t\t\t\t\t\t\t\t<img decoding=\"async\" width=\"800\" height=\"1000\" src=\"https:\/\/richeskarayib.com\/wp-content\/uploads\/2025\/03\/477304481_18486021166062046_4449258534103811508_n-819x1024.jpg\" class=\"attachment-large size-large wp-image-46338\" alt=\"Agroalimentaria 2025\" srcset=\"https:\/\/richeskarayib.com\/wp-content\/uploads\/2025\/03\/477304481_18486021166062046_4449258534103811508_n-819x1024.jpg 819w, https:\/\/richeskarayib.com\/wp-content\/uploads\/2025\/03\/477304481_18486021166062046_4449258534103811508_n-240x300.jpg 240w, https:\/\/richeskarayib.com\/wp-content\/uploads\/2025\/03\/477304481_18486021166062046_4449258534103811508_n-768x960.jpg 768w, https:\/\/richeskarayib.com\/wp-content\/uploads\/2025\/03\/477304481_18486021166062046_4449258534103811508_n-1229x1536.jpg 1229w, https:\/\/richeskarayib.com\/wp-content\/uploads\/2025\/03\/477304481_18486021166062046_4449258534103811508_n.jpg 1280w\" sizes=\"(max-width: 800px) 100vw, 800px\" \/>\t\t\t\t\t\t\t\t\t\t\t\t\t\t\t<\/div>\n\t\t\t\t<\/div>\n\t\t\t\t\t<\/div>\n\t\t<\/div>\n\t\t\t\t<div class=\"elementor-column elementor-col-33 elementor-inner-column elementor-element elementor-element-a9acfef\" data-id=\"a9acfef\" data-element_type=\"column\">\n\t\t\t<div class=\"elementor-widget-wrap elementor-element-populated\">\n\t\t\t\t\t\t<div class=\"elementor-element elementor-element-da1f46d elementor-widget elementor-widget-image\" data-id=\"da1f46d\" data-element_type=\"widget\" data-widget_type=\"image.default\">\n\t\t\t\t<div class=\"elementor-widget-container\">\n\t\t\t\t\t\t\t\t\t\t\t\t\t\t\t<img decoding=\"async\" width=\"800\" height=\"1000\" src=\"https:\/\/richeskarayib.com\/wp-content\/uploads\/2025\/03\/479966061_18487140433062046_8889478681153610708_n-819x1024.jpg\" class=\"attachment-large size-large wp-image-46342\" alt=\"Agroalimentaria 2025\" srcset=\"https:\/\/richeskarayib.com\/wp-content\/uploads\/2025\/03\/479966061_18487140433062046_8889478681153610708_n-819x1024.jpg 819w, https:\/\/richeskarayib.com\/wp-content\/uploads\/2025\/03\/479966061_18487140433062046_8889478681153610708_n-240x300.jpg 240w, https:\/\/richeskarayib.com\/wp-content\/uploads\/2025\/03\/479966061_18487140433062046_8889478681153610708_n-768x960.jpg 768w, https:\/\/richeskarayib.com\/wp-content\/uploads\/2025\/03\/479966061_18487140433062046_8889478681153610708_n-1229x1536.jpg 1229w, https:\/\/richeskarayib.com\/wp-content\/uploads\/2025\/03\/479966061_18487140433062046_8889478681153610708_n.jpg 1280w\" sizes=\"(max-width: 800px) 100vw, 800px\" \/>\t\t\t\t\t\t\t\t\t\t\t\t\t\t\t<\/div>\n\t\t\t\t<\/div>\n\t\t\t\t\t<\/div>\n\t\t<\/div>\n\t\t\t\t\t<\/div>\n\t\t<\/section>\n\t\t\t\t\t<\/div>\n\t\t<\/div>\n\t\t\t\t\t<\/div>\n\t\t<\/section>\n\t\t\t\t<section class=\"elementor-section elementor-top-section elementor-element elementor-element-53262f1 elementor-section-boxed elementor-section-height-default elementor-section-height-default\" data-id=\"53262f1\" data-element_type=\"section\">\n\t\t\t\t\t\t<div class=\"elementor-container elementor-column-gap-default\">\n\t\t\t\t\t<div class=\"elementor-column elementor-col-100 elementor-top-column elementor-element elementor-element-eac4faf\" data-id=\"eac4faf\" data-element_type=\"column\">\n\t\t\t<div class=\"elementor-widget-wrap elementor-element-populated\">\n\t\t\t\t\t\t<div class=\"elementor-element elementor-element-05782f7 elementor-widget elementor-widget-heading\" data-id=\"05782f7\" data-element_type=\"widget\" data-widget_type=\"heading.default\">\n\t\t\t\t<div class=\"elementor-widget-container\">\n\t\t\t\t\t<h2 class=\"elementor-heading-title elementor-size-default\">Les avantages offerts par Caribbean Export aux entreprises s\u00e9lectionn\u00e9es<\/h2>\t\t\t\t<\/div>\n\t\t\t\t<\/div>\n\t\t\t\t<div class=\"elementor-element elementor-element-9c39683 elementor-widget elementor-widget-text-editor\" data-id=\"9c39683\" data-element_type=\"widget\" data-widget_type=\"text-editor.default\">\n\t\t\t\t<div class=\"elementor-widget-container\">\n\t\t\t\t\t\t\t\t\t<h2><b>Un soutien logistique et strat\u00e9gique<\/b><\/h2>\n<p><span style=\"font-weight: 400;\">Caribbean Export, avec le soutien de l\u2019Union europ\u00e9enne, s\u2019engage \u00e0 fournir aux entreprises s\u00e9lectionn\u00e9es des ressources pr\u00e9cieuses pour maximiser leur impact lors d\u2019Agroalimentaria 2025. Ces avantages incluent :<\/span><\/p>\n<ul>\n<li style=\"font-weight: 400;\" aria-level=\"1\"><span style=\"font-weight: 400;\">Un espace d\u2019exposition au sein du pavillon Authentic Caribbean.<\/span><\/li>\n<li style=\"font-weight: 400;\" aria-level=\"1\"><span style=\"font-weight: 400;\">La conception et la d\u00e9coration du stand.<\/span><\/li>\n<li style=\"font-weight: 400;\" aria-level=\"1\"><span style=\"font-weight: 400;\">L\u2019inscription \u00e0 toutes les activit\u00e9s officielles du salon.<\/span><\/li>\n<\/ul>\t\t\t\t\t\t\t\t<\/div>\n\t\t\t\t<\/div>\n\t\t\t\t<div class=\"elementor-element elementor-element-9e07c2d elementor-widget elementor-widget-text-editor\" data-id=\"9e07c2d\" data-element_type=\"widget\" data-widget_type=\"text-editor.default\">\n\t\t\t\t<div class=\"elementor-widget-container\">\n\t\t\t\t\t\t\t\t\t<h2><b>Un accompagnement cibl\u00e9<\/b><\/h2>\n<p><span style=\"font-weight: 400;\">En participant \u00e0 Agroalimentaria 2025 sous l\u2019\u00e9gide de Caribbean Export, vous b\u00e9n\u00e9ficiez non seulement d\u2019un espace d\u2019exposition, mais aussi d\u2019une visibilit\u00e9 accrue gr\u00e2ce \u00e0 un pavillon qui met en valeur l\u2019excellence des produits carib\u00e9ens. C\u2019est une occasion en or pour positionner votre marque sur la sc\u00e8ne internationale.<\/span><\/p>\t\t\t\t\t\t\t\t<\/div>\n\t\t\t\t<\/div>\n\t\t\t\t\t<\/div>\n\t\t<\/div>\n\t\t\t\t\t<\/div>\n\t\t<\/section>\n\t\t\t\t<section class=\"elementor-section elementor-top-section elementor-element elementor-element-3a876d3 elementor-section-boxed elementor-section-height-default elementor-section-height-default\" data-id=\"3a876d3\" data-element_type=\"section\">\n\t\t\t\t\t\t<div class=\"elementor-container elementor-column-gap-default\">\n\t\t\t\t\t<div class=\"elementor-column elementor-col-100 elementor-top-column elementor-element elementor-element-69cb312\" data-id=\"69cb312\" data-element_type=\"column\">\n\t\t\t<div class=\"elementor-widget-wrap elementor-element-populated\">\n\t\t\t\t\t\t<div class=\"elementor-element elementor-element-97eb546 elementor-widget elementor-widget-heading\" data-id=\"97eb546\" data-element_type=\"widget\" data-widget_type=\"heading.default\">\n\t\t\t\t<div class=\"elementor-widget-container\">\n\t\t\t\t\t<h2 class=\"elementor-heading-title elementor-size-default\">Crit\u00e8res d\u2019admissibilit\u00e9 : \u00cates-vous \u00e9ligible ?<\/h2>\t\t\t\t<\/div>\n\t\t\t\t<\/div>\n\t\t\t\t<div class=\"elementor-element elementor-element-b5df144 elementor-widget elementor-widget-text-editor\" data-id=\"b5df144\" data-element_type=\"widget\" data-widget_type=\"text-editor.default\">\n\t\t\t\t<div class=\"elementor-widget-container\">\n\t\t\t\t\t\t\t\t\t<p><span style=\"font-weight: 400;\">Pour pouvoir participer \u00e0 Agroalimentaria 2025, les entreprises doivent r\u00e9pondre \u00e0 certains crit\u00e8res stricts :<\/span><\/p>\t\t\t\t\t\t\t\t<\/div>\n\t\t\t\t<\/div>\n\t\t\t\t<div class=\"elementor-element elementor-element-4730813 elementor-widget elementor-widget-text-editor\" data-id=\"4730813\" data-element_type=\"widget\" data-widget_type=\"text-editor.default\">\n\t\t\t\t<div class=\"elementor-widget-container\">\n\t\t\t\t\t\t\t\t\t<ol>\n<li style=\"font-weight: 400;\" aria-level=\"1\"><span style=\"font-weight: 400;\">\u00catre enregistr\u00e9es et op\u00e9rant dans un pays membre de la CARICOM.<\/span><\/li>\n<li style=\"font-weight: 400;\" aria-level=\"1\"><span style=\"font-weight: 400;\">Avoir au moins deux ans d\u2019activit\u00e9.<\/span><\/li>\n<li style=\"font-weight: 400;\" aria-level=\"1\"><span style=\"font-weight: 400;\">D\u00e9montrer un potentiel d\u2019exportation ou \u00eatre d\u00e9j\u00e0 actives sur le march\u00e9 international.<\/span><\/li>\n<li style=\"font-weight: 400;\" aria-level=\"1\"><span style=\"font-weight: 400;\">Respecter les normes internationales telles que HACCP, FSMA ou ISO.<\/span><\/li>\n<li style=\"font-weight: 400;\" aria-level=\"1\"><span style=\"font-weight: 400;\">Disposer de la capacit\u00e9 logistique pour r\u00e9pondre aux commandes g\u00e9n\u00e9r\u00e9es pendant le salon.<\/span><\/li>\n<\/ol>\n<p>\u00a0<\/p>\n<p><span style=\"font-weight: 400;\">Ces crit\u00e8res garantissent que seules les entreprises pr\u00eates \u00e0 relever les d\u00e9fis du march\u00e9 mondial pourront profiter pleinement des opportunit\u00e9s offertes par Agroalimentaria 2025.<\/span><\/p>\t\t\t\t\t\t\t\t<\/div>\n\t\t\t\t<\/div>\n\t\t\t\t\t<\/div>\n\t\t<\/div>\n\t\t\t\t\t<\/div>\n\t\t<\/section>\n\t\t\t\t<section class=\"elementor-section elementor-top-section elementor-element elementor-element-5b9197f elementor-section-boxed elementor-section-height-default elementor-section-height-default\" data-id=\"5b9197f\" data-element_type=\"section\">\n\t\t\t\t\t\t<div class=\"elementor-container elementor-column-gap-default\">\n\t\t\t\t\t<div class=\"elementor-column elementor-col-100 elementor-top-column elementor-element elementor-element-7e97302\" data-id=\"7e97302\" data-element_type=\"column\">\n\t\t\t<div class=\"elementor-widget-wrap elementor-element-populated\">\n\t\t\t\t\t\t<div class=\"elementor-element elementor-element-5f85714 elementor-widget elementor-widget-heading\" data-id=\"5f85714\" data-element_type=\"widget\" data-widget_type=\"heading.default\">\n\t\t\t\t<div class=\"elementor-widget-container\">\n\t\t\t\t\t<h2 class=\"elementor-heading-title elementor-size-default\">Comment poser sa candidature ?<\/h2>\t\t\t\t<\/div>\n\t\t\t\t<\/div>\n\t\t\t\t<div class=\"elementor-element elementor-element-f1ca1bd elementor-widget elementor-widget-text-editor\" data-id=\"f1ca1bd\" data-element_type=\"widget\" data-widget_type=\"text-editor.default\">\n\t\t\t\t<div class=\"elementor-widget-container\">\n\t\t\t\t\t\t\t\t\t<h2><b>Un processus simple mais rigoureux<\/b><\/h2><p><span style=\"font-weight: 400;\">Les entreprises int\u00e9ress\u00e9es doivent soumettre leur formulaire de manifestation d\u2019int\u00e9r\u00eat en ligne avant le 25 mars 2025 \u00e0 16h00 AST (heure locale en R\u00e9publique Dominicaine). Le formulaire est accessible via ce lien : <\/span><a href=\"https:\/\/www.surveymonkey.com\/r\/RPV5FYD\" rel=\"nofollow noopener\" target=\"_blank\"><span style=\"font-weight: 400;\">https:\/\/www.surveymonkey.com\/r\/RPV5FYD<\/span><\/a><span style=\"font-weight: 400;\">.<\/span><\/p>\t\t\t\t\t\t\t\t<\/div>\n\t\t\t\t<\/div>\n\t\t\t\t<div class=\"elementor-element elementor-element-0522a1a elementor-widget elementor-widget-text-editor\" data-id=\"0522a1a\" data-element_type=\"widget\" data-widget_type=\"text-editor.default\">\n\t\t\t\t<div class=\"elementor-widget-container\">\n\t\t\t\t\t\t\t\t\t<h2><b>Un examen minutieux des candidatures<\/b><\/h2>\n<p><span style=\"font-weight: 400;\">Une fois votre candidature soumise, elle sera examin\u00e9e par le comit\u00e9 de s\u00e9lection de Caribbean Export. Les entreprises retenues seront inform\u00e9es au plus tard le 31 mars 2025. Attention : seules les candidatures compl\u00e8tes seront prises en compte.<\/span><\/p>\t\t\t\t\t\t\t\t<\/div>\n\t\t\t\t<\/div>\n\t\t\t\t\t<\/div>\n\t\t<\/div>\n\t\t\t\t\t<\/div>\n\t\t<\/section>\n\t\t\t\t<section class=\"elementor-section elementor-top-section elementor-element elementor-element-3e05f00 elementor-section-boxed elementor-section-height-default elementor-section-height-default\" data-id=\"3e05f00\" data-element_type=\"section\">\n\t\t\t\t\t\t<div class=\"elementor-container elementor-column-gap-default\">\n\t\t\t\t\t<div class=\"elementor-column elementor-col-100 elementor-top-column elementor-element elementor-element-45a49b6\" data-id=\"45a49b6\" data-element_type=\"column\">\n\t\t\t<div class=\"elementor-widget-wrap elementor-element-populated\">\n\t\t\t\t\t\t<div class=\"elementor-element elementor-element-f39bcb1 elementor-widget elementor-widget-heading\" data-id=\"f39bcb1\" data-element_type=\"widget\" data-widget_type=\"heading.default\">\n\t\t\t\t<div class=\"elementor-widget-container\">\n\t\t\t\t\t<h2 class=\"elementor-heading-title elementor-size-default\">Pourquoi participer \u00e0 Agroalimentaria 2025 peut transformer votre entreprise ?<\/h2>\t\t\t\t<\/div>\n\t\t\t\t<\/div>\n\t\t\t\t<div class=\"elementor-element elementor-element-de79e99 elementor-widget elementor-widget-text-editor\" data-id=\"de79e99\" data-element_type=\"widget\" data-widget_type=\"text-editor.default\">\n\t\t\t\t<div class=\"elementor-widget-container\">\n\t\t\t\t\t\t\t\t\t<h2><b>Une porte ouverte vers l\u2019international<\/b><\/h2>\n<p><span style=\"font-weight: 400;\">Participer \u00e0 Agroalimentaria 2025 signifie entrer en contact avec des acheteurs internationaux pr\u00eats \u00e0 d\u00e9couvrir et \u00e0 investir dans vos produits. C\u2019est une chance unique de propulser votre entreprise vers une nouvelle dimension.<\/span><\/p>\t\t\t\t\t\t\t\t<\/div>\n\t\t\t\t<\/div>\n\t\t\t\t<div class=\"elementor-element elementor-element-5cd31cd elementor-widget elementor-widget-text-editor\" data-id=\"5cd31cd\" data-element_type=\"widget\" data-widget_type=\"text-editor.default\">\n\t\t\t\t<div class=\"elementor-widget-container\">\n\t\t\t\t\t\t\t\t\t<h2><b>Un investissement strat\u00e9gique<\/b><\/h2>\n<p><span style=\"font-weight: 400;\">Bien que les frais de voyage soient \u00e0 la charge des participants (billets d\u2019avion, h\u00e9bergement, repas, transport terrestre), les b\u00e9n\u00e9fices potentiels d\u00e9passent largement ces co\u00fbts initiaux. Pensez-y comme un investissement strat\u00e9gique dans l\u2019avenir de votre entreprise.<\/span><\/p>\t\t\t\t\t\t\t\t<\/div>\n\t\t\t\t<\/div>\n\t\t\t\t\t<\/div>\n\t\t<\/div>\n\t\t\t\t\t<\/div>\n\t\t<\/section>\n\t\t\t\t<section class=\"elementor-section elementor-top-section elementor-element elementor-element-4a6619a elementor-section-boxed elementor-section-height-default elementor-section-height-default\" data-id=\"4a6619a\" data-element_type=\"section\">\n\t\t\t\t\t\t<div class=\"elementor-container elementor-column-gap-default\">\n\t\t\t\t\t<div class=\"elementor-column elementor-col-100 elementor-top-column elementor-element elementor-element-cae8c15\" data-id=\"cae8c15\" data-element_type=\"column\">\n\t\t\t<div class=\"elementor-widget-wrap elementor-element-populated\">\n\t\t\t\t\t\t<div class=\"elementor-element elementor-element-6e0cac8 elementor-widget elementor-widget-text-editor\" data-id=\"6e0cac8\" data-element_type=\"widget\" data-widget_type=\"text-editor.default\">\n\t\t\t\t<div class=\"elementor-widget-container\">\n\t\t\t\t\t\t\t\t\t<p><span style=\"font-weight: 400;\">Agroalimentaria 2025 est bien plus qu\u2019un salon professionnel ; c\u2019est une opportunit\u00e9 exceptionnelle pour les entreprises agro-industrielles <a href=\"https:\/\/richeskarayib.com\/fr\/caribbean-export-martinique-opportunites\/\" target=\"_blank\" rel=\"noopener\">CARICOM<\/a> de se positionner sur la sc\u00e8ne mondiale. Avec le soutien de Caribbean Export et un programme riche en activit\u00e9s B2B et conf\u00e9rences, cet \u00e9v\u00e9nement promet d\u2019\u00eatre transformateur pour toutes les entreprises participantes.\u00a0<\/span><\/p>\t\t\t\t\t\t\t\t<\/div>\n\t\t\t\t<\/div>\n\t\t\t\t\t<\/div>\n\t\t<\/div>\n\t\t\t\t\t<\/div>\n\t\t<\/section>\n\t\t\t\t<\/div>\n\t\t","protected":false},"excerpt":{"rendered":"<p>Agroalimentaria 2025, une vitrine prestigieuse pour l\u2019industrie agroalimentaire Agroalimentaria 2025 est bien plus qu\u2019un simple salon professionnel. Cet \u00e9v\u00e9nement incontournable, qui se tiendra du 28 au 31 mai 2025 au Dominican Fiesta Hotel &amp; Convention Center \u00e0 Saint-Domingue, en R\u00e9publique Dominicaine, repr\u00e9sente une opportunit\u00e9 exceptionnelle pour les entreprises agro-industrielles de la r\u00e9gion CARICOM. Organis\u00e9 par [&hellip;]<\/p>\n","protected":false},"author":662,"featured_media":46330,"comment_status":"open","ping_status":"open","sticky":false,"template":"","format":"standard","meta":{"_acf_changed":false,"footnotes":""},"categories":[840],"tags":[1482],"class_list":["post-46329","post","type-post","status-publish","format-standard","has-post-thumbnail","hentry","category-actus","tag-republique-dominicaine"],"acf":[],"_links":{"self":[{"href":"https:\/\/richeskarayib.com\/fr\/wp-json\/wp\/v2\/posts\/46329","targetHints":{"allow":["GET"]}}],"collection":[{"href":"https:\/\/richeskarayib.com\/fr\/wp-json\/wp\/v2\/posts"}],"about":[{"href":"https:\/\/richeskarayib.com\/fr\/wp-json\/wp\/v2\/types\/post"}],"author":[{"embeddable":true,"href":"https:\/\/richeskarayib.com\/fr\/wp-json\/wp\/v2\/users\/662"}],"replies":[{"embeddable":true,"href":"https:\/\/richeskarayib.com\/fr\/wp-json\/wp\/v2\/comments?post=46329"}],"version-history":[{"count":0,"href":"https:\/\/richeskarayib.com\/fr\/wp-json\/wp\/v2\/posts\/46329\/revisions"}],"wp:featuredmedia":[{"embeddable":true,"href":"https:\/\/richeskarayib.com\/fr\/wp-json\/wp\/v2\/media\/46330"}],"wp:attachment":[{"href":"https:\/\/richeskarayib.com\/fr\/wp-json\/wp\/v2\/media?parent=46329"}],"wp:term":[{"taxonomy":"category","embeddable":true,"href":"https:\/\/richeskarayib.com\/fr\/wp-json\/wp\/v2\/categories?post=46329"},{"taxonomy":"post_tag","embeddable":true,"href":"https:\/\/richeskarayib.com\/fr\/wp-json\/wp\/v2\/tags?post=46329"}],"curies":[{"name":"wp","href":"https:\/\/api.w.org\/{rel}","templated":true}]}}