{"id":46452,"date":"2025-03-17T07:30:06","date_gmt":"2025-03-17T11:30:06","guid":{"rendered":"https:\/\/richeskarayib.com\/?p=46452"},"modified":"2025-03-17T11:59:28","modified_gmt":"2025-03-17T15:59:28","slug":"schoelcher-etoile-tourisme-antilles-francaise","status":"publish","type":"post","link":"https:\/\/richeskarayib.com\/fr\/schoelcher-etoile-tourisme-antilles-francaise\/","title":{"rendered":"Martinique &#8211; Schoelcher, une destination d&#8217;excellence : premier label touristique des Antilles Fran\u00e7aises"},"content":{"rendered":"\t\t<div data-elementor-type=\"wp-post\" data-elementor-id=\"46452\" class=\"elementor elementor-46452\" data-elementor-post-type=\"post\">\n\t\t\t\t\t\t<section class=\"elementor-section elementor-top-section elementor-element elementor-element-7d71f82 elementor-section-boxed elementor-section-height-default elementor-section-height-default\" data-id=\"7d71f82\" data-element_type=\"section\">\n\t\t\t\t\t\t<div class=\"elementor-container elementor-column-gap-default\">\n\t\t\t\t\t<div class=\"elementor-column elementor-col-100 elementor-top-column elementor-element elementor-element-c153284\" data-id=\"c153284\" data-element_type=\"column\">\n\t\t\t<div class=\"elementor-widget-wrap elementor-element-populated\">\n\t\t\t\t\t\t<div class=\"elementor-element elementor-element-4f6c6de elementor-widget elementor-widget-text-editor\" data-id=\"4f6c6de\" data-element_type=\"widget\" data-widget_type=\"text-editor.default\">\n\t\t\t\t<div class=\"elementor-widget-container\">\n\t\t\t\t\t\t\t\t\t<p><span style=\"font-weight: 400;\"><a href=\"https:\/\/www.martinique.org\/fr\/communes\/schoelcher\" target=\"_blank\" rel=\"noopener nofollow\">Schoelcher<\/a>, situ\u00e9e en Martinique, est une ville qui a r\u00e9cemment marqu\u00e9 l&#8217;histoire en devenant la premi\u00e8re commune des d\u00e9partements fran\u00e7ais d&#8217;Am\u00e9rique \u00e0 obtenir le label &#8220;Station de Tourisme&#8221;.\u00a0<\/span><\/p><p><span style=\"font-weight: 400;\">Ce titre prestigieux, remis par la ministre d\u00e9l\u00e9gu\u00e9e au Tourisme, Nathalie Delattre, le 10 mars 2025, r\u00e9compense l&#8217;engagement de la ville dans le d\u00e9veloppement touristique. Mais qu&#8217;est-ce qui fait de Schoelcher une destination si attrayante ? <\/span><\/p>\t\t\t\t\t\t\t\t<\/div>\n\t\t\t\t<\/div>\n\t\t\t\t<div class=\"elementor-element elementor-element-a74175a elementor-widget elementor-widget-text-editor\" data-id=\"a74175a\" data-element_type=\"widget\" data-widget_type=\"text-editor.default\">\n\t\t\t\t<div class=\"elementor-widget-container\">\n\t\t\t\t\t\t\t\t\t<p><span style=\"font-weight: 400;\">Comment cette ville a-t-elle r\u00e9ussi \u00e0 se d\u00e9marquer parmi ses voisines ?<\/span><\/p><p><span style=\"font-weight: 400;\">Pour comprendre cela, il est essentiel de conna\u00eetre l&#8217;histoire et le patrimoine de cette ville, qui a su allier modernit\u00e9 et tradition. Schoelcher est non seulement une ville baln\u00e9aire dynamique, mais aussi un site historique et culturel riche, qui attire les visiteurs du monde entier.<\/span><\/p>\t\t\t\t\t\t\t\t<\/div>\n\t\t\t\t<\/div>\n\t\t\t\t\t<\/div>\n\t\t<\/div>\n\t\t\t\t\t<\/div>\n\t\t<\/section>\n\t\t\t\t<section class=\"elementor-section elementor-top-section elementor-element elementor-element-9be5ad7 elementor-section-boxed elementor-section-height-default elementor-section-height-default\" data-id=\"9be5ad7\" data-element_type=\"section\">\n\t\t\t\t\t\t<div class=\"elementor-container elementor-column-gap-default\">\n\t\t\t\t\t<div class=\"elementor-column elementor-col-100 elementor-top-column elementor-element elementor-element-76aecaa\" data-id=\"76aecaa\" data-element_type=\"column\">\n\t\t\t<div class=\"elementor-widget-wrap elementor-element-populated\">\n\t\t\t\t\t\t<div class=\"elementor-element elementor-element-96fb8e3 elementor-widget elementor-widget-heading\" data-id=\"96fb8e3\" data-element_type=\"widget\" data-widget_type=\"heading.default\">\n\t\t\t\t<div class=\"elementor-widget-container\">\n\t\t\t\t\t<h2 class=\"elementor-heading-title elementor-size-default\">Histoire et patrimoine de Schoelcher<\/h2>\t\t\t\t<\/div>\n\t\t\t\t<\/div>\n\t\t\t\t<div class=\"elementor-element elementor-element-fc48138 elementor-widget elementor-widget-text-editor\" data-id=\"fc48138\" data-element_type=\"widget\" data-widget_type=\"text-editor.default\">\n\t\t\t\t<div class=\"elementor-widget-container\">\n\t\t\t\t\t\t\t\t\t<p><span style=\"font-weight: 400;\"><a href=\"https:\/\/azmartinique.com\/fr\/vivre-en-martinique\/villes\/schoelcher\" target=\"_blank\" rel=\"noopener nofollow\">Schoelcher<\/a> a une riche histoire qui remonte \u00e0 l&#8217;\u00e9poque o\u00f9 elle \u00e9tait connue sous le nom de Case-Navire. Cette petite communaut\u00e9 vivait principalement de la p\u00eache et abritait de grandes habitations sucri\u00e8res, comme celle de Fonds Rousseau, qui est aujourd&#8217;hui prot\u00e9g\u00e9e et inscrite \u00e0 l&#8217;Inventaire des Monuments Historiques.\u00a0<\/span><\/p>\n<p><span style=\"font-weight: 400;\">La ville a \u00e9t\u00e9 renomm\u00e9e en hommage \u00e0 Victor Sch\u0153lcher, un grand abolitionniste fran\u00e7ais, en mars 1888. Aujourd&#8217;hui, Schoelcher est \u00e9galement reconnue pour ses fouilles arch\u00e9ologiques qui ont r\u00e9v\u00e9l\u00e9 des aspects fascinants de la vie des Am\u00e9rindiens.<\/span><\/p>\t\t\t\t\t\t\t\t<\/div>\n\t\t\t\t<\/div>\n\t\t\t\t<div class=\"elementor-element elementor-element-440fc01 elementor-widget elementor-widget-text-editor\" data-id=\"440fc01\" data-element_type=\"widget\" data-widget_type=\"text-editor.default\">\n\t\t\t\t<div class=\"elementor-widget-container\">\n\t\t\t\t\t\t\t\t\t<p><span style=\"font-weight: 400;\">Ces d\u00e9couvertes arch\u00e9ologiques permettent aux visiteurs de mieux comprendre l&#8217;histoire pr\u00e9colombienne de la r\u00e9gion et de se connecter avec les cultures anciennes qui ont fa\u00e7onn\u00e9 l&#8217;identit\u00e9 de Schoelcher. Les sites arch\u00e9ologiques sont autant d&#8217;occasions pour les touristes de d\u00e9couvrir la richesse culturelle et historique de la ville.<\/span><\/p>\t\t\t\t\t\t\t\t<\/div>\n\t\t\t\t<\/div>\n\t\t\t\t\t<\/div>\n\t\t<\/div>\n\t\t\t\t\t<\/div>\n\t\t<\/section>\n\t\t\t\t<section class=\"elementor-section elementor-top-section elementor-element elementor-element-889dceb elementor-section-boxed elementor-section-height-default elementor-section-height-default\" data-id=\"889dceb\" data-element_type=\"section\">\n\t\t\t\t\t\t<div class=\"elementor-container elementor-column-gap-default\">\n\t\t\t\t\t<div class=\"elementor-column elementor-col-100 elementor-top-column elementor-element elementor-element-cb266eb\" data-id=\"cb266eb\" data-element_type=\"column\">\n\t\t\t<div class=\"elementor-widget-wrap elementor-element-populated\">\n\t\t\t\t\t\t<div class=\"elementor-element elementor-element-8edf822 elementor-widget elementor-widget-heading\" data-id=\"8edf822\" data-element_type=\"widget\" data-widget_type=\"heading.default\">\n\t\t\t\t<div class=\"elementor-widget-container\">\n\t\t\t\t\t<h2 class=\"elementor-heading-title elementor-size-default\">Les sites Historiques<\/h2>\t\t\t\t<\/div>\n\t\t\t\t<\/div>\n\t\t\t\t<div class=\"elementor-element elementor-element-6d1f975 elementor-widget elementor-widget-text-editor\" data-id=\"6d1f975\" data-element_type=\"widget\" data-widget_type=\"text-editor.default\">\n\t\t\t\t<div class=\"elementor-widget-container\">\n\t\t\t\t\t\t\t\t\t<p><span style=\"font-weight: 400;\">Parmi les sites historiques embl\u00e9matiques de <a href=\"https:\/\/la1ere.francetvinfo.fr\/schoelcher-premiere-ville-des-antilles-francaises-classee-station-de-tourisme-1568884.html\" target=\"_blank\" rel=\"noopener nofollow\">Schoelcher<\/a>, on trouve l&#8217;<a href=\"https:\/\/la1ere.francetvinfo.fr\/martinique\/l-habitation-fond-rousseau-le-plaisir-de-se-reapproprier-l-architecture-la-culture-l-histoire-et-l-environnement-1433804.html\" target=\"_blank\" rel=\"noopener nofollow\">habitation Fonds Rousseau<\/a>, qui est non seulement un t\u00e9moignage de l&#8217;architecture coloniale, mais aussi un symbole de l&#8217;histoire sucri\u00e8re de la r\u00e9gion. Ces sites sont souvent ouverts aux visites guid\u00e9es, permettant aux visiteurs de plonger dans le pass\u00e9 de la ville.<\/span><\/p>\t\t\t\t\t\t\t\t<\/div>\n\t\t\t\t<\/div>\n\t\t\t\t<section class=\"elementor-section elementor-inner-section elementor-element elementor-element-da40c0d elementor-section-boxed elementor-section-height-default elementor-section-height-default\" data-id=\"da40c0d\" data-element_type=\"section\">\n\t\t\t\t\t\t<div class=\"elementor-container elementor-column-gap-default\">\n\t\t\t\t\t<div class=\"elementor-column elementor-col-100 elementor-inner-column elementor-element elementor-element-19f3e94\" data-id=\"19f3e94\" data-element_type=\"column\">\n\t\t\t<div class=\"elementor-widget-wrap elementor-element-populated\">\n\t\t\t\t\t\t<div class=\"elementor-element elementor-element-06f486e elementor-widget elementor-widget-image\" data-id=\"06f486e\" data-element_type=\"widget\" data-widget_type=\"image.default\">\n\t\t\t\t<div class=\"elementor-widget-container\">\n\t\t\t\t\t\t\t\t\t\t\t\t<figure class=\"wp-caption\">\n\t\t\t\t\t\t\t\t\t\t<img fetchpriority=\"high\" decoding=\"async\" width=\"800\" height=\"533\" src=\"https:\/\/richeskarayib.com\/wp-content\/uploads\/2025\/03\/Lhabitation-Fond-Rousseau-France-info.webp\" class=\"attachment-large size-large wp-image-46457\" alt=\"Schoelcher\" srcset=\"https:\/\/richeskarayib.com\/wp-content\/uploads\/2025\/03\/Lhabitation-Fond-Rousseau-France-info.webp 930w, https:\/\/richeskarayib.com\/wp-content\/uploads\/2025\/03\/Lhabitation-Fond-Rousseau-France-info-300x200.webp 300w, https:\/\/richeskarayib.com\/wp-content\/uploads\/2025\/03\/Lhabitation-Fond-Rousseau-France-info-768x512.webp 768w\" sizes=\"(max-width: 800px) 100vw, 800px\" \/>\t\t\t\t\t\t\t\t\t\t\t<figcaption class=\"widget-image-caption wp-caption-text\">L'habitation Fond Rousseau.\n\nSource: France Info<\/figcaption>\n\t\t\t\t\t\t\t\t\t\t<\/figure>\n\t\t\t\t\t\t\t\t\t<\/div>\n\t\t\t\t<\/div>\n\t\t\t\t\t<\/div>\n\t\t<\/div>\n\t\t\t\t\t<\/div>\n\t\t<\/section>\n\t\t\t\t\t<\/div>\n\t\t<\/div>\n\t\t\t\t\t<\/div>\n\t\t<\/section>\n\t\t\t\t<section class=\"elementor-section elementor-top-section elementor-element elementor-element-53262f1 elementor-section-boxed elementor-section-height-default elementor-section-height-default\" data-id=\"53262f1\" data-element_type=\"section\">\n\t\t\t\t\t\t<div class=\"elementor-container elementor-column-gap-default\">\n\t\t\t\t\t<div class=\"elementor-column elementor-col-100 elementor-top-column elementor-element elementor-element-eac4faf\" data-id=\"eac4faf\" data-element_type=\"column\">\n\t\t\t<div class=\"elementor-widget-wrap elementor-element-populated\">\n\t\t\t\t\t\t<div class=\"elementor-element elementor-element-05782f7 elementor-widget elementor-widget-heading\" data-id=\"05782f7\" data-element_type=\"widget\" data-widget_type=\"heading.default\">\n\t\t\t\t<div class=\"elementor-widget-container\">\n\t\t\t\t\t<h2 class=\"elementor-heading-title elementor-size-default\">Atouts touristiques de Schoelcher<\/h2>\t\t\t\t<\/div>\n\t\t\t\t<\/div>\n\t\t\t\t<div class=\"elementor-element elementor-element-9c39683 elementor-widget elementor-widget-text-editor\" data-id=\"9c39683\" data-element_type=\"widget\" data-widget_type=\"text-editor.default\">\n\t\t\t\t<div class=\"elementor-widget-container\">\n\t\t\t\t\t\t\t\t\t<p><span style=\"font-weight: 400;\">Schoelcher offre une palette d&#8217;attraits touristiques qui en font une destination id\u00e9ale pour les visiteurs. Avec ses 8 km de plages, son patrimoine historique et naturel, ainsi qu&#8217;une programmation culturelle et sportive, la ville attire un large public. Des \u00e9v\u00e9nements comme la &#8220;Semaine Nautique Internationale&#8221; et le &#8220;Festival du Film Documentaire&#8221; sont autant d&#8217;occasions pour les touristes de d\u00e9couvrir la richesse culturelle de la r\u00e9gion.<\/span><\/p>\t\t\t\t\t\t\t\t<\/div>\n\t\t\t\t<\/div>\n\t\t\t\t<div class=\"elementor-element elementor-element-62c975b elementor-widget elementor-widget-text-editor\" data-id=\"62c975b\" data-element_type=\"widget\" data-widget_type=\"text-editor.default\">\n\t\t\t\t<div class=\"elementor-widget-container\">\n\t\t\t\t\t\t\t\t\t<h2><b>Les activit\u00e9s nautiques<\/b><\/h2>\n<p><span style=\"font-weight: 400;\">La &#8220;Semaine Nautique Internationale&#8221; est l&#8217;un des \u00e9v\u00e9nements phares de Schoelcher, attirant des passionn\u00e9s de voile et de sports nautiques du monde entier. Le Club Nautique de Schoelcher (CNS) est particuli\u00e8rement actif dans l&#8217;organisation de ces \u00e9v\u00e9nements, offrant aux visiteurs une exp\u00e9rience unique de comp\u00e9tition et de d\u00e9couverte.<\/span><\/p>\t\t\t\t\t\t\t\t<\/div>\n\t\t\t\t<\/div>\n\t\t\t\t<div class=\"elementor-element elementor-element-49123e6 elementor-widget elementor-widget-text-editor\" data-id=\"49123e6\" data-element_type=\"widget\" data-widget_type=\"text-editor.default\">\n\t\t\t\t<div class=\"elementor-widget-container\">\n\t\t\t\t\t\t\t\t\t<h2><b>Le festival du film documentaire<\/b><\/h2>\n<p><span style=\"font-weight: 400;\">Le &#8220;Festival du Film Documentaire&#8221; est une autre attraction majeure, qui met en avant des \u0153uvres cin\u00e9matographiques issues de divers horizons. Cet \u00e9v\u00e9nement permet aux visiteurs de d\u00e9couvrir des perspectives nouvelles et de se connecter avec la communaut\u00e9 artistique locale.<\/span><\/p>\t\t\t\t\t\t\t\t<\/div>\n\t\t\t\t<\/div>\n\t\t\t\t<section class=\"elementor-section elementor-inner-section elementor-element elementor-element-6bdd96c elementor-section-boxed elementor-section-height-default elementor-section-height-default\" data-id=\"6bdd96c\" data-element_type=\"section\">\n\t\t\t\t\t\t<div class=\"elementor-container elementor-column-gap-default\">\n\t\t\t\t\t<div class=\"elementor-column elementor-col-33 elementor-inner-column elementor-element elementor-element-24244d4\" data-id=\"24244d4\" data-element_type=\"column\">\n\t\t\t<div class=\"elementor-widget-wrap elementor-element-populated\">\n\t\t\t\t\t\t<div class=\"elementor-element elementor-element-d798800 elementor-widget elementor-widget-image\" data-id=\"d798800\" data-element_type=\"widget\" data-widget_type=\"image.default\">\n\t\t\t\t<div class=\"elementor-widget-container\">\n\t\t\t\t\t\t\t\t\t\t\t\t<figure class=\"wp-caption\">\n\t\t\t\t\t\t\t\t\t\t<img decoding=\"async\" width=\"800\" height=\"788\" src=\"https:\/\/richeskarayib.com\/wp-content\/uploads\/2025\/03\/voiliers-a-l-anse-madame-1024x1008.jpg\" class=\"attachment-large size-large wp-image-46469\" alt=\"Schoelcher\" srcset=\"https:\/\/richeskarayib.com\/wp-content\/uploads\/2025\/03\/voiliers-a-l-anse-madame-1024x1008.jpg 1024w, https:\/\/richeskarayib.com\/wp-content\/uploads\/2025\/03\/voiliers-a-l-anse-madame-300x295.jpg 300w, https:\/\/richeskarayib.com\/wp-content\/uploads\/2025\/03\/voiliers-a-l-anse-madame-768x756.jpg 768w, https:\/\/richeskarayib.com\/wp-content\/uploads\/2025\/03\/voiliers-a-l-anse-madame.jpg 1320w\" sizes=\"(max-width: 800px) 100vw, 800px\" \/>\t\t\t\t\t\t\t\t\t\t\t<figcaption class=\"widget-image-caption wp-caption-text\">Voiliers \u00e0 l'anse madame.\n\nSource : AZMartinique<\/figcaption>\n\t\t\t\t\t\t\t\t\t\t<\/figure>\n\t\t\t\t\t\t\t\t\t<\/div>\n\t\t\t\t<\/div>\n\t\t\t\t\t<\/div>\n\t\t<\/div>\n\t\t\t\t<div class=\"elementor-column elementor-col-33 elementor-inner-column elementor-element elementor-element-3c91674\" data-id=\"3c91674\" data-element_type=\"column\">\n\t\t\t<div class=\"elementor-widget-wrap elementor-element-populated\">\n\t\t\t\t\t\t<div class=\"elementor-element elementor-element-9551bc1 elementor-widget elementor-widget-image\" data-id=\"9551bc1\" data-element_type=\"widget\" data-widget_type=\"image.default\">\n\t\t\t\t<div class=\"elementor-widget-container\">\n\t\t\t\t\t\t\t\t\t\t\t\t<figure class=\"wp-caption\">\n\t\t\t\t\t\t\t\t\t\t<img decoding=\"async\" width=\"400\" height=\"349\" src=\"https:\/\/richeskarayib.com\/wp-content\/uploads\/2025\/03\/F.Smith-Panorama-CN-Schoelcher-1.jpg\" class=\"attachment-large size-large wp-image-46461\" alt=\"Schoelcher\" srcset=\"https:\/\/richeskarayib.com\/wp-content\/uploads\/2025\/03\/F.Smith-Panorama-CN-Schoelcher-1.jpg 400w, https:\/\/richeskarayib.com\/wp-content\/uploads\/2025\/03\/F.Smith-Panorama-CN-Schoelcher-1-300x262.jpg 300w\" sizes=\"(max-width: 400px) 100vw, 400px\" \/>\t\t\t\t\t\t\t\t\t\t\t<figcaption class=\"widget-image-caption wp-caption-text\">Schoelcher.\n\nSource: La Martinique<\/figcaption>\n\t\t\t\t\t\t\t\t\t\t<\/figure>\n\t\t\t\t\t\t\t\t\t<\/div>\n\t\t\t\t<\/div>\n\t\t\t\t\t<\/div>\n\t\t<\/div>\n\t\t\t\t<div class=\"elementor-column elementor-col-33 elementor-inner-column elementor-element elementor-element-9905f27\" data-id=\"9905f27\" data-element_type=\"column\">\n\t\t\t<div class=\"elementor-widget-wrap elementor-element-populated\">\n\t\t\t\t\t\t<div class=\"elementor-element elementor-element-deb3e83 elementor-widget elementor-widget-image\" data-id=\"deb3e83\" data-element_type=\"widget\" data-widget_type=\"image.default\">\n\t\t\t\t<div class=\"elementor-widget-container\">\n\t\t\t\t\t\t\t\t\t\t\t\t<figure class=\"wp-caption\">\n\t\t\t\t\t\t\t\t\t\t<img loading=\"lazy\" decoding=\"async\" width=\"400\" height=\"266\" src=\"https:\/\/richeskarayib.com\/wp-content\/uploads\/2025\/03\/F.Smith-Plage-Anse-Madame.jpg\" class=\"attachment-large size-large wp-image-46465\" alt=\"Schoelcher\" srcset=\"https:\/\/richeskarayib.com\/wp-content\/uploads\/2025\/03\/F.Smith-Plage-Anse-Madame.jpg 400w, https:\/\/richeskarayib.com\/wp-content\/uploads\/2025\/03\/F.Smith-Plage-Anse-Madame-300x200.jpg 300w\" sizes=\"(max-width: 400px) 100vw, 400px\" \/>\t\t\t\t\t\t\t\t\t\t\t<figcaption class=\"widget-image-caption wp-caption-text\">Plage Anse Madame.\n\nSource: La Martinique<\/figcaption>\n\t\t\t\t\t\t\t\t\t\t<\/figure>\n\t\t\t\t\t\t\t\t\t<\/div>\n\t\t\t\t<\/div>\n\t\t\t\t\t<\/div>\n\t\t<\/div>\n\t\t\t\t\t<\/div>\n\t\t<\/section>\n\t\t\t\t\t<\/div>\n\t\t<\/div>\n\t\t\t\t\t<\/div>\n\t\t<\/section>\n\t\t\t\t<section class=\"elementor-section elementor-top-section elementor-element elementor-element-3a876d3 elementor-section-boxed elementor-section-height-default elementor-section-height-default\" data-id=\"3a876d3\" data-element_type=\"section\">\n\t\t\t\t\t\t<div class=\"elementor-container elementor-column-gap-default\">\n\t\t\t\t\t<div class=\"elementor-column elementor-col-100 elementor-top-column elementor-element elementor-element-69cb312\" data-id=\"69cb312\" data-element_type=\"column\">\n\t\t\t<div class=\"elementor-widget-wrap elementor-element-populated\">\n\t\t\t\t\t\t<div class=\"elementor-element elementor-element-97eb546 elementor-widget elementor-widget-heading\" data-id=\"97eb546\" data-element_type=\"widget\" data-widget_type=\"heading.default\">\n\t\t\t\t<div class=\"elementor-widget-container\">\n\t\t\t\t\t<h2 class=\"elementor-heading-title elementor-size-default\">Engagement environnemental et num\u00e9rique<\/h2>\t\t\t\t<\/div>\n\t\t\t\t<\/div>\n\t\t\t\t<div class=\"elementor-element elementor-element-b5df144 elementor-widget elementor-widget-text-editor\" data-id=\"b5df144\" data-element_type=\"widget\" data-widget_type=\"text-editor.default\">\n\t\t\t\t<div class=\"elementor-widget-container\">\n\t\t\t\t\t\t\t\t\t<p><span style=\"font-weight: 400;\">L&#8217;un des facteurs cl\u00e9s qui ont contribu\u00e9 \u00e0 l&#8217;obtention du label &#8220;Station de Tourisme&#8221; est l&#8217;engagement de Schoelcher en faveur de la pr\u00e9servation de l&#8217;environnement. La ville est impliqu\u00e9e dans la r\u00e9serve de biosph\u00e8re de l&#8217;<a href=\"https:\/\/richeskarayib.com\/fr\/rapport-special-partie-4-2020-2023-les-tresors-culturels-des-caraibes-patrimoine-immateriel-reconnu-par-lunesco\/\" target=\"_blank\" rel=\"noopener\">UNESCO<\/a>, d\u00e9montrant ainsi sa volont\u00e9 de prot\u00e9ger son patrimoine naturel tout en favorisant le d\u00e9veloppement touristique durable.<\/span><\/p>\t\t\t\t\t\t\t\t<\/div>\n\t\t\t\t<\/div>\n\t\t\t\t<div class=\"elementor-element elementor-element-4730813 elementor-widget elementor-widget-text-editor\" data-id=\"4730813\" data-element_type=\"widget\" data-widget_type=\"text-editor.default\">\n\t\t\t\t<div class=\"elementor-widget-container\">\n\t\t\t\t\t\t\t\t\t<h2><b>La r\u00e9serve de Biosph\u00e8re<\/b><\/h2><p><span style=\"font-weight: 400;\">La r\u00e9serve de biosph\u00e8re de l&#8217;<a href=\"https:\/\/richeskarayib.com\/fr\/unesco-rapport-special-partie-3-2016-2019-les-tresors-culturels-des-caraibes-patrimoine-immateriel-reconnu\/\" target=\"_blank\" rel=\"noopener\">UNESCO<\/a> est un projet qui vise \u00e0 pr\u00e9server la biodiversit\u00e9 de la r\u00e9gion tout en promouvant des pratiques touristiques responsables. Cela signifie que les visiteurs peuvent profiter de la beaut\u00e9 naturelle de Schoelcher tout en contribuant \u00e0 sa protection.<\/span><\/p>\t\t\t\t\t\t\t\t<\/div>\n\t\t\t\t<\/div>\n\t\t\t\t<div class=\"elementor-element elementor-element-e02946b elementor-widget elementor-widget-text-editor\" data-id=\"e02946b\" data-element_type=\"widget\" data-widget_type=\"text-editor.default\">\n\t\t\t\t<div class=\"elementor-widget-container\">\n\t\t\t\t\t\t\t\t\t<h2><b>Le num\u00e9rique \u00e0 Schoelcher<\/b><\/h2><p><span style=\"font-weight: 400;\">Par ailleurs, son investissement dans le num\u00e9rique, avec une connectivit\u00e9 \u00e0 la fibre optique compl\u00e8te, place Schoelcher \u00e0 la pointe de la modernit\u00e9, offrant aux touristes une exp\u00e9rience de voyage sans rupture. Les visiteurs peuvent ainsi rester connect\u00e9s tout en explorant la ville, ce qui facilite l&#8217;acc\u00e8s aux informations touristiques et aux services locaux.<\/span><\/p>\t\t\t\t\t\t\t\t<\/div>\n\t\t\t\t<\/div>\n\t\t\t\t\t<\/div>\n\t\t<\/div>\n\t\t\t\t\t<\/div>\n\t\t<\/section>\n\t\t\t\t<section class=\"elementor-section elementor-top-section elementor-element elementor-element-5b9197f elementor-section-boxed elementor-section-height-default elementor-section-height-default\" data-id=\"5b9197f\" data-element_type=\"section\">\n\t\t\t\t\t\t<div class=\"elementor-container elementor-column-gap-default\">\n\t\t\t\t\t<div class=\"elementor-column elementor-col-100 elementor-top-column elementor-element elementor-element-7e97302\" data-id=\"7e97302\" data-element_type=\"column\">\n\t\t\t<div class=\"elementor-widget-wrap elementor-element-populated\">\n\t\t\t\t\t\t<div class=\"elementor-element elementor-element-5f85714 elementor-widget elementor-widget-heading\" data-id=\"5f85714\" data-element_type=\"widget\" data-widget_type=\"heading.default\">\n\t\t\t\t<div class=\"elementor-widget-container\">\n\t\t\t\t\t<h2 class=\"elementor-heading-title elementor-size-default\">Impact du Label sur le d\u00e9veloppement local\n<\/h2>\t\t\t\t<\/div>\n\t\t\t\t<\/div>\n\t\t\t\t<div class=\"elementor-element elementor-element-f1ca1bd elementor-widget elementor-widget-text-editor\" data-id=\"f1ca1bd\" data-element_type=\"widget\" data-widget_type=\"text-editor.default\">\n\t\t\t\t<div class=\"elementor-widget-container\">\n\t\t\t\t\t\t\t\t\t<p><span style=\"font-weight: 400;\">Le label &#8220;Station de Tourisme&#8221; n&#8217;est pas seulement un titre honorifique pour Schoelcher ; il constitue \u00e9galement un outil puissant pour renforcer la dynamique locale. Ce classement permet \u00e0 la ville de b\u00e9n\u00e9ficier d&#8217;une meilleure visibilit\u00e9 internationale et d&#8217;accompagner la mont\u00e9e en gamme de son offre touristique. Selon le maire, Luc Cl\u00e9ment\u00e9, ce label est un engagement \u00e0 continuer d&#8217;am\u00e9liorer l&#8217;accueil et l&#8217;exp\u00e9rience des visiteurs, ce qui devrait attirer davantage de touristes et stimuler l&#8217;\u00e9conomie locale.<\/span><\/p>\t\t\t\t\t\t\t\t<\/div>\n\t\t\t\t<\/div>\n\t\t\t\t\t<\/div>\n\t\t<\/div>\n\t\t\t\t\t<\/div>\n\t\t<\/section>\n\t\t\t\t<section class=\"elementor-section elementor-top-section elementor-element elementor-element-3e05f00 elementor-section-boxed elementor-section-height-default elementor-section-height-default\" data-id=\"3e05f00\" data-element_type=\"section\">\n\t\t\t\t\t\t<div class=\"elementor-container elementor-column-gap-default\">\n\t\t\t\t\t<div class=\"elementor-column elementor-col-100 elementor-top-column elementor-element elementor-element-45a49b6\" data-id=\"45a49b6\" data-element_type=\"column\">\n\t\t\t<div class=\"elementor-widget-wrap elementor-element-populated\">\n\t\t\t\t\t\t<div class=\"elementor-element elementor-element-f39bcb1 elementor-widget elementor-widget-heading\" data-id=\"f39bcb1\" data-element_type=\"widget\" data-widget_type=\"heading.default\">\n\t\t\t\t<div class=\"elementor-widget-container\">\n\t\t\t\t\t<h2 class=\"elementor-heading-title elementor-size-default\">Les \u00e9quipements touristiques<\/h2>\t\t\t\t<\/div>\n\t\t\t\t<\/div>\n\t\t\t\t<div class=\"elementor-element elementor-element-de79e99 elementor-widget elementor-widget-text-editor\" data-id=\"de79e99\" data-element_type=\"widget\" data-widget_type=\"text-editor.default\">\n\t\t\t\t<div class=\"elementor-widget-container\">\n\t\t\t\t\t\t\t\t\t<p><span style=\"font-weight: 400;\">Schoelcher dispose d&#8217;une infrastructure touristique bien d\u00e9velopp\u00e9e, avec des h\u00f4tels, des restaurants, le Casino Plaza Bateli\u00e8re, et le Palais des Congr\u00e8s Madiana. L&#8217;Universit\u00e9 des Antilles, situ\u00e9e sur le territoire de la commune, contribue aussi \u00e0 la dynamique intellectuelle et culturelle de la ville.<\/span><\/p>\t\t\t\t\t\t\t\t<\/div>\n\t\t\t\t<\/div>\n\t\t\t\t\t<\/div>\n\t\t<\/div>\n\t\t\t\t\t<\/div>\n\t\t<\/section>\n\t\t\t\t<section class=\"elementor-section elementor-top-section elementor-element elementor-element-ba3e887 elementor-section-boxed elementor-section-height-default elementor-section-height-default\" data-id=\"ba3e887\" data-element_type=\"section\">\n\t\t\t\t\t\t<div class=\"elementor-container elementor-column-gap-default\">\n\t\t\t\t\t<div class=\"elementor-column elementor-col-100 elementor-top-column elementor-element elementor-element-8ef45fe\" data-id=\"8ef45fe\" data-element_type=\"column\">\n\t\t\t<div class=\"elementor-widget-wrap elementor-element-populated\">\n\t\t\t\t\t\t<div class=\"elementor-element elementor-element-a13ec3a elementor-widget elementor-widget-text-editor\" data-id=\"a13ec3a\" data-element_type=\"widget\" data-widget_type=\"text-editor.default\">\n\t\t\t\t<div class=\"elementor-widget-container\">\n\t\t\t\t\t\t\t\t\t<p><span style=\"font-weight: 400;\">Schoelcher est d\u00e9sormais une \u00e9toile montante du tourisme dans les Antilles fran\u00e7aises. Avec son label &#8220;Station \u00a0de Tourisme&#8221;, elle se positionne comme une destination incontournable pour ceux qui cherchent \u00e0 d\u00e9couvrir la beaut\u00e9 des Cara\u00efbes tout en profitant d&#8217;une infrastructure moderne et d&#8217;un engagement environnemental fort. Schoelcher continue de se d\u00e9velopper, offrant aux visiteurs une exp\u00e9rience unique qui allie patrimoine historique, beaut\u00e9 naturelle et dynamisme culturel.<\/span><\/p>\t\t\t\t\t\t\t\t<\/div>\n\t\t\t\t<\/div>\n\t\t\t\t\t<\/div>\n\t\t<\/div>\n\t\t\t\t\t<\/div>\n\t\t<\/section>\n\t\t\t\t<\/div>\n\t\t","protected":false},"excerpt":{"rendered":"<p>Schoelcher, situ\u00e9e en Martinique, est une ville qui a r\u00e9cemment marqu\u00e9 l&#8217;histoire en devenant la premi\u00e8re commune des d\u00e9partements fran\u00e7ais d&#8217;Am\u00e9rique \u00e0 obtenir le label &#8220;Station de Tourisme&#8221;.\u00a0 Ce titre prestigieux, remis par la ministre d\u00e9l\u00e9gu\u00e9e au Tourisme, Nathalie Delattre, le 10 mars 2025, r\u00e9compense l&#8217;engagement de la ville dans le d\u00e9veloppement touristique. Mais qu&#8217;est-ce [&hellip;]<\/p>\n","protected":false},"author":662,"featured_media":46453,"comment_status":"open","ping_status":"open","sticky":false,"template":"","format":"standard","meta":{"_acf_changed":false,"footnotes":""},"categories":[840],"tags":[808],"class_list":["post-46452","post","type-post","status-publish","format-standard","has-post-thumbnail","hentry","category-actus","tag-martinique-fr"],"acf":[],"_links":{"self":[{"href":"https:\/\/richeskarayib.com\/fr\/wp-json\/wp\/v2\/posts\/46452","targetHints":{"allow":["GET"]}}],"collection":[{"href":"https:\/\/richeskarayib.com\/fr\/wp-json\/wp\/v2\/posts"}],"about":[{"href":"https:\/\/richeskarayib.com\/fr\/wp-json\/wp\/v2\/types\/post"}],"author":[{"embeddable":true,"href":"https:\/\/richeskarayib.com\/fr\/wp-json\/wp\/v2\/users\/662"}],"replies":[{"embeddable":true,"href":"https:\/\/richeskarayib.com\/fr\/wp-json\/wp\/v2\/comments?post=46452"}],"version-history":[{"count":0,"href":"https:\/\/richeskarayib.com\/fr\/wp-json\/wp\/v2\/posts\/46452\/revisions"}],"wp:featuredmedia":[{"embeddable":true,"href":"https:\/\/richeskarayib.com\/fr\/wp-json\/wp\/v2\/media\/46453"}],"wp:attachment":[{"href":"https:\/\/richeskarayib.com\/fr\/wp-json\/wp\/v2\/media?parent=46452"}],"wp:term":[{"taxonomy":"category","embeddable":true,"href":"https:\/\/richeskarayib.com\/fr\/wp-json\/wp\/v2\/categories?post=46452"},{"taxonomy":"post_tag","embeddable":true,"href":"https:\/\/richeskarayib.com\/fr\/wp-json\/wp\/v2\/tags?post=46452"}],"curies":[{"name":"wp","href":"https:\/\/api.w.org\/{rel}","templated":true}]}}