{"id":46476,"date":"2025-03-17T09:00:12","date_gmt":"2025-03-17T13:00:12","guid":{"rendered":"https:\/\/richeskarayib.com\/?p=46476"},"modified":"2025-03-18T06:27:00","modified_gmt":"2025-03-18T10:27:00","slug":"office-national-des-forets-preservation","status":"publish","type":"post","link":"https:\/\/richeskarayib.com\/fr\/office-national-des-forets-preservation\/","title":{"rendered":"Guadeloupe &#8211; Office National des For\u00eats : Un acteur cl\u00e9 dans la pr\u00e9servation des milieux naturels"},"content":{"rendered":"\t\t<div data-elementor-type=\"wp-post\" data-elementor-id=\"46476\" class=\"elementor elementor-46476\" data-elementor-post-type=\"post\">\n\t\t\t\t\t\t<section class=\"elementor-section elementor-top-section elementor-element elementor-element-7d71f82 elementor-section-boxed elementor-section-height-default elementor-section-height-default\" data-id=\"7d71f82\" data-element_type=\"section\">\n\t\t\t\t\t\t<div class=\"elementor-container elementor-column-gap-default\">\n\t\t\t\t\t<div class=\"elementor-column elementor-col-100 elementor-top-column elementor-element elementor-element-c153284\" data-id=\"c153284\" data-element_type=\"column\">\n\t\t\t<div class=\"elementor-widget-wrap elementor-element-populated\">\n\t\t\t\t\t\t<div class=\"elementor-element elementor-element-4f6c6de elementor-widget elementor-widget-text-editor\" data-id=\"4f6c6de\" data-element_type=\"widget\" data-widget_type=\"text-editor.default\">\n\t\t\t\t<div class=\"elementor-widget-container\">\n\t\t\t\t\t\t\t\t\t<p><span style=\"font-weight: 400;\">L&#8217;<a href=\"https:\/\/www.onf.fr\/onf\/%2B\/72::onf-en-guadeloupe.html\" target=\"_blank\" rel=\"noopener nofollow\">Office National des For\u00eats<\/a> (ONF) joue un r\u00f4le essentiel dans la gestion des for\u00eats publiques et la protection de la biodiversit\u00e9 en Guadeloupe. Situ\u00e9e dans les Cara\u00efbes, cette \u00eele est reconnue comme l&#8217;un des hotspots mondiaux de biodiversit\u00e9, abritant une concentration \u00e9lev\u00e9e d&#8217;esp\u00e8ces rares et prot\u00e9g\u00e9es. Dans ce contexte, l&#8217;Office National des For\u00eats se trouve au c\u0153ur des efforts pour pr\u00e9server ces tr\u00e9sors naturels face aux d\u00e9fis croissants du changement climatique.<\/span><\/p>\t\t\t\t\t\t\t\t<\/div>\n\t\t\t\t<\/div>\n\t\t\t\t<div class=\"elementor-element elementor-element-a74175a elementor-widget elementor-widget-text-editor\" data-id=\"a74175a\" data-element_type=\"widget\" data-widget_type=\"text-editor.default\">\n\t\t\t\t<div class=\"elementor-widget-container\">\n\t\t\t\t\t\t\t\t\t<p><span style=\"font-weight: 400;\">La Guadeloupe, avec ses 1 780 km\u00b2, regroupe sept \u00eeles habit\u00e9es et abrite une richesse naturelle exceptionnelle. L&#8217;archipel est class\u00e9 r\u00e9serve de la biosph\u00e8re par l&#8217;UNESCO, ce qui souligne son importance pour la biodiversit\u00e9 mondiale. L&#8217;Office National des For\u00eats g\u00e8re environ 38 223 hectares de for\u00eats publiques, comprenant divers types d&#8217;\u00e9cosyst\u00e8mes forestiers, tels que la for\u00eat dense humide, la for\u00eat m\u00e9sophile, la for\u00eat s\u00e8che et les mangroves. Ces \u00e9cosyst\u00e8mes abritent une vari\u00e9t\u00e9 d&#8217;esp\u00e8ces end\u00e9miques, comme le colibri de Guadeloupe ou le gecko de Guadeloupe, qui ne se trouvent nulle part ailleurs dans le monde.<\/span><\/p>\t\t\t\t\t\t\t\t<\/div>\n\t\t\t\t<\/div>\n\t\t\t\t\t<\/div>\n\t\t<\/div>\n\t\t\t\t\t<\/div>\n\t\t<\/section>\n\t\t\t\t<section class=\"elementor-section elementor-top-section elementor-element elementor-element-9be5ad7 elementor-section-boxed elementor-section-height-default elementor-section-height-default\" data-id=\"9be5ad7\" data-element_type=\"section\">\n\t\t\t\t\t\t<div class=\"elementor-container elementor-column-gap-default\">\n\t\t\t\t\t<div class=\"elementor-column elementor-col-100 elementor-top-column elementor-element elementor-element-76aecaa\" data-id=\"76aecaa\" data-element_type=\"column\">\n\t\t\t<div class=\"elementor-widget-wrap elementor-element-populated\">\n\t\t\t\t\t\t<div class=\"elementor-element elementor-element-96fb8e3 elementor-widget elementor-widget-heading\" data-id=\"96fb8e3\" data-element_type=\"widget\" data-widget_type=\"heading.default\">\n\t\t\t\t<div class=\"elementor-widget-container\">\n\t\t\t\t\t<h2 class=\"elementor-heading-title elementor-size-default\">L'Office National des For\u00eats : Un acteur central<\/h2>\t\t\t\t<\/div>\n\t\t\t\t<\/div>\n\t\t\t\t<div class=\"elementor-element elementor-element-fc48138 elementor-widget elementor-widget-text-editor\" data-id=\"fc48138\" data-element_type=\"widget\" data-widget_type=\"text-editor.default\">\n\t\t\t\t<div class=\"elementor-widget-container\">\n\t\t\t\t\t\t\t\t\t<p><span style=\"font-weight: 400;\">L&#8217;<a href=\"https:\/\/rci.fm\/guadeloupe\/infos\/Environnement\/LONF-en-difficulte-pour-preserver-la-biodiversite-en-Guadeloupe\" target=\"_blank\" rel=\"noopener nofollow\">Office National des For\u00eats<\/a> est responsable de la gestion durable des for\u00eats publiques et de la protection de la biodiversit\u00e9. Ses missions incluent la production du bois d&#8217;\u0153uvre, le renouvellement des for\u00eats et l&#8217;accueil des publics. En Guadeloupe, l&#8217;ONF se concentre principalement sur des projets ax\u00e9s sur la pr\u00e9servation de la biodiversit\u00e9 et l&#8217;adaptation au changement climatique. Selon Matthieu Fellmann, responsable du service d\u00e9veloppement durable de l&#8217;ONF, cette mission est d&#8217;autant plus essentielle que le territoire fait partie des zones les plus riches en biodiversit\u00e9 \u00e0 l&#8217;\u00e9chelle mondiale.<\/span><\/p>\t\t\t\t\t\t\t\t<\/div>\n\t\t\t\t<\/div>\n\t\t\t\t<section class=\"elementor-section elementor-inner-section elementor-element elementor-element-f98e4da elementor-section-boxed elementor-section-height-default elementor-section-height-default\" data-id=\"f98e4da\" data-element_type=\"section\">\n\t\t\t\t\t\t<div class=\"elementor-container elementor-column-gap-default\">\n\t\t\t\t\t<div class=\"elementor-column elementor-col-33 elementor-inner-column elementor-element elementor-element-999770f\" data-id=\"999770f\" data-element_type=\"column\">\n\t\t\t<div class=\"elementor-widget-wrap elementor-element-populated\">\n\t\t\t\t\t\t<div class=\"elementor-element elementor-element-2c43248 elementor-widget elementor-widget-image\" data-id=\"2c43248\" data-element_type=\"widget\" data-widget_type=\"image.default\">\n\t\t\t\t<div class=\"elementor-widget-container\">\n\t\t\t\t\t\t\t\t\t\t\t\t<figure class=\"wp-caption\">\n\t\t\t\t\t\t\t\t\t\t<img fetchpriority=\"high\" decoding=\"async\" width=\"667\" height=\"444\" src=\"https:\/\/richeskarayib.com\/wp-content\/uploads\/2025\/03\/entretien_chemin_littoral_onf.jfif_.jpg\" class=\"attachment-large size-large wp-image-46489\" alt=\"Office National des For\u00eats\" srcset=\"https:\/\/richeskarayib.com\/wp-content\/uploads\/2025\/03\/entretien_chemin_littoral_onf.jfif_.jpg 667w, https:\/\/richeskarayib.com\/wp-content\/uploads\/2025\/03\/entretien_chemin_littoral_onf.jfif_-300x200.jpg 300w\" sizes=\"(max-width: 667px) 100vw, 667px\" \/>\t\t\t\t\t\t\t\t\t\t\t<figcaption class=\"widget-image-caption wp-caption-text\">Entretien chemin littoral.\n\nSource : Office National des For\u00eats<\/figcaption>\n\t\t\t\t\t\t\t\t\t\t<\/figure>\n\t\t\t\t\t\t\t\t\t<\/div>\n\t\t\t\t<\/div>\n\t\t\t\t\t<\/div>\n\t\t<\/div>\n\t\t\t\t<div class=\"elementor-column elementor-col-33 elementor-inner-column elementor-element elementor-element-b225fa9\" data-id=\"b225fa9\" data-element_type=\"column\">\n\t\t\t<div class=\"elementor-widget-wrap elementor-element-populated\">\n\t\t\t\t\t\t<div class=\"elementor-element elementor-element-ae36423 elementor-widget elementor-widget-image\" data-id=\"ae36423\" data-element_type=\"widget\" data-widget_type=\"image.default\">\n\t\t\t\t<div class=\"elementor-widget-container\">\n\t\t\t\t\t\t\t\t\t\t\t\t<figure class=\"wp-caption\">\n\t\t\t\t\t\t\t\t\t\t<img decoding=\"async\" width=\"667\" height=\"376\" src=\"https:\/\/richeskarayib.com\/wp-content\/uploads\/2025\/03\/noname.jpg\" class=\"attachment-large size-large wp-image-46485\" alt=\"Office National des For\u00eats\" srcset=\"https:\/\/richeskarayib.com\/wp-content\/uploads\/2025\/03\/noname.jpg 667w, https:\/\/richeskarayib.com\/wp-content\/uploads\/2025\/03\/noname-300x169.jpg 300w\" sizes=\"(max-width: 667px) 100vw, 667px\" \/>\t\t\t\t\t\t\t\t\t\t\t<figcaption class=\"widget-image-caption wp-caption-text\">Source : Office National des For\u00eats<\/figcaption>\n\t\t\t\t\t\t\t\t\t\t<\/figure>\n\t\t\t\t\t\t\t\t\t<\/div>\n\t\t\t\t<\/div>\n\t\t\t\t\t<\/div>\n\t\t<\/div>\n\t\t\t\t<div class=\"elementor-column elementor-col-33 elementor-inner-column elementor-element elementor-element-859a183\" data-id=\"859a183\" data-element_type=\"column\">\n\t\t\t<div class=\"elementor-widget-wrap elementor-element-populated\">\n\t\t\t\t\t\t<div class=\"elementor-element elementor-element-484d4ce elementor-widget elementor-widget-image\" data-id=\"484d4ce\" data-element_type=\"widget\" data-widget_type=\"image.default\">\n\t\t\t\t<div class=\"elementor-widget-container\">\n\t\t\t\t\t\t\t\t\t\t\t\t<figure class=\"wp-caption\">\n\t\t\t\t\t\t\t\t\t\t<img decoding=\"async\" width=\"800\" height=\"450\" src=\"https:\/\/richeskarayib.com\/wp-content\/uploads\/2025\/03\/noname-1024x576.jpeg\" class=\"attachment-large size-large wp-image-46481\" alt=\"Office National des For\u00eats\" srcset=\"https:\/\/richeskarayib.com\/wp-content\/uploads\/2025\/03\/noname-1024x576.jpeg 1024w, https:\/\/richeskarayib.com\/wp-content\/uploads\/2025\/03\/noname-300x169.jpeg 300w, https:\/\/richeskarayib.com\/wp-content\/uploads\/2025\/03\/noname-768x432.jpeg 768w, https:\/\/richeskarayib.com\/wp-content\/uploads\/2025\/03\/noname-1536x864.jpeg 1536w, https:\/\/richeskarayib.com\/wp-content\/uploads\/2025\/03\/noname-1320x743.jpeg 1320w, https:\/\/richeskarayib.com\/wp-content\/uploads\/2025\/03\/noname.jpeg 1600w\" sizes=\"(max-width: 800px) 100vw, 800px\" \/>\t\t\t\t\t\t\t\t\t\t\t<figcaption class=\"widget-image-caption wp-caption-text\">Source : Office National des For\u00eats<\/figcaption>\n\t\t\t\t\t\t\t\t\t\t<\/figure>\n\t\t\t\t\t\t\t\t\t<\/div>\n\t\t\t\t<\/div>\n\t\t\t\t\t<\/div>\n\t\t<\/div>\n\t\t\t\t\t<\/div>\n\t\t<\/section>\n\t\t\t\t\t<\/div>\n\t\t<\/div>\n\t\t\t\t\t<\/div>\n\t\t<\/section>\n\t\t\t\t<section class=\"elementor-section elementor-top-section elementor-element elementor-element-889dceb elementor-section-boxed elementor-section-height-default elementor-section-height-default\" data-id=\"889dceb\" data-element_type=\"section\">\n\t\t\t\t\t\t<div class=\"elementor-container elementor-column-gap-default\">\n\t\t\t\t\t<div class=\"elementor-column elementor-col-100 elementor-top-column elementor-element elementor-element-cb266eb\" data-id=\"cb266eb\" data-element_type=\"column\">\n\t\t\t<div class=\"elementor-widget-wrap elementor-element-populated\">\n\t\t\t\t\t\t<div class=\"elementor-element elementor-element-8edf822 elementor-widget elementor-widget-heading\" data-id=\"8edf822\" data-element_type=\"widget\" data-widget_type=\"heading.default\">\n\t\t\t\t<div class=\"elementor-widget-container\">\n\t\t\t\t\t<h2 class=\"elementor-heading-title elementor-size-default\">Projets et actions concr\u00e8tes<\/h2>\t\t\t\t<\/div>\n\t\t\t\t<\/div>\n\t\t\t\t<div class=\"elementor-element elementor-element-6d1f975 elementor-widget elementor-widget-text-editor\" data-id=\"6d1f975\" data-element_type=\"widget\" data-widget_type=\"text-editor.default\">\n\t\t\t\t<div class=\"elementor-widget-container\">\n\t\t\t\t\t\t\t\t\t<p><span style=\"font-weight: 400;\">Parmi les projets \u00e0 venir, l&#8217;Office National des For\u00eats pr\u00e9voit des initiatives telles que des plantations d&#8217;arbres, la protection de zones fragiles, et la rev\u00e9g\u00e9talisation. Ces actions visent \u00e0 renforcer les milieux naturels et \u00e0 am\u00e9liorer la r\u00e9silience face aux d\u00e9fis environnementaux. Par exemple, la plantation d&#8217;esp\u00e8ces locales comme le gommier rouge ou le bois d&#8217;Inde contribue \u00e0 restaurer les habitats naturels et \u00e0 favoriser la biodiversit\u00e9. Cependant, ces ambitions se heurtent \u00e0 une r\u00e9duction des moyens allou\u00e9s aux \u00e9tablissements publics, ce qui oblige l&#8217;ONF \u00e0 adapter sa strat\u00e9gie.<\/span><\/p>\t\t\t\t\t\t\t\t<\/div>\n\t\t\t\t<\/div>\n\t\t\t\t\t<\/div>\n\t\t<\/div>\n\t\t\t\t\t<\/div>\n\t\t<\/section>\n\t\t\t\t<section class=\"elementor-section elementor-top-section elementor-element elementor-element-53262f1 elementor-section-boxed elementor-section-height-default elementor-section-height-default\" data-id=\"53262f1\" data-element_type=\"section\">\n\t\t\t\t\t\t<div class=\"elementor-container elementor-column-gap-default\">\n\t\t\t\t\t<div class=\"elementor-column elementor-col-100 elementor-top-column elementor-element elementor-element-eac4faf\" data-id=\"eac4faf\" data-element_type=\"column\">\n\t\t\t<div class=\"elementor-widget-wrap elementor-element-populated\">\n\t\t\t\t\t\t<div class=\"elementor-element elementor-element-05782f7 elementor-widget elementor-widget-heading\" data-id=\"05782f7\" data-element_type=\"widget\" data-widget_type=\"heading.default\">\n\t\t\t\t<div class=\"elementor-widget-container\">\n\t\t\t\t\t<h2 class=\"elementor-heading-title elementor-size-default\">D\u00e9fis \u00e9conomiques et strat\u00e9gies d'adaptation<\/h2>\t\t\t\t<\/div>\n\t\t\t\t<\/div>\n\t\t\t\t<div class=\"elementor-element elementor-element-9c39683 elementor-widget elementor-widget-text-editor\" data-id=\"9c39683\" data-element_type=\"widget\" data-widget_type=\"text-editor.default\">\n\t\t\t\t<div class=\"elementor-widget-container\">\n\t\t\t\t\t\t\t\t\t<p><span style=\"font-weight: 400;\">Face \u00e0 la r\u00e9duction des budgets, l&#8217;Office National des For\u00eats doit \u00eatre pragmatique. Myl\u00e8ne Musquet, directrice r\u00e9gionale de l&#8217;ONF <a href=\"https:\/\/richeskarayib.com\/fr\/corsair-connecte-pointe-a-pitre-a-nantes-post\/\" target=\"_blank\" rel=\"noopener\">Guadeloupe<\/a>, appelle \u00e0 faire preuve de pragmatisme : &#8220;Il faut \u00eatre r\u00e9aliste, \u00eatre modeste dans nos propositions, peut-\u00eatre mieux prioriser les choses, car on n\u2019aura pas les moyens de tout d\u00e9velopper dans les prochaines ann\u00e9es. Pour moi, la priorit\u00e9, c\u2019est la mise en s\u00e9curit\u00e9 et la pr\u00e9servation des milieux naturels&#8221;. L&#8217;ONF souhaite renforcer ses partenariats avec les collectivit\u00e9s territoriales et les acteurs priv\u00e9s pour mobiliser de nouveaux financements et poursuivre les projets environnementaux.<\/span><\/p>\t\t\t\t\t\t\t\t<\/div>\n\t\t\t\t<\/div>\n\t\t\t\t\t<\/div>\n\t\t<\/div>\n\t\t\t\t\t<\/div>\n\t\t<\/section>\n\t\t\t\t<section class=\"elementor-section elementor-top-section elementor-element elementor-element-3a876d3 elementor-section-boxed elementor-section-height-default elementor-section-height-default\" data-id=\"3a876d3\" data-element_type=\"section\">\n\t\t\t\t\t\t<div class=\"elementor-container elementor-column-gap-default\">\n\t\t\t\t\t<div class=\"elementor-column elementor-col-100 elementor-top-column elementor-element elementor-element-69cb312\" data-id=\"69cb312\" data-element_type=\"column\">\n\t\t\t<div class=\"elementor-widget-wrap elementor-element-populated\">\n\t\t\t\t\t\t<div class=\"elementor-element elementor-element-97eb546 elementor-widget elementor-widget-heading\" data-id=\"97eb546\" data-element_type=\"widget\" data-widget_type=\"heading.default\">\n\t\t\t\t<div class=\"elementor-widget-container\">\n\t\t\t\t\t<h2 class=\"elementor-heading-title elementor-size-default\">Partenariats et financements<\/h2>\t\t\t\t<\/div>\n\t\t\t\t<\/div>\n\t\t\t\t<div class=\"elementor-element elementor-element-b5df144 elementor-widget elementor-widget-text-editor\" data-id=\"b5df144\" data-element_type=\"widget\" data-widget_type=\"text-editor.default\">\n\t\t\t\t<div class=\"elementor-widget-container\">\n\t\t\t\t\t\t\t\t\t<p><span style=\"font-weight: 400;\">Pour maintenir ses missions, l&#8217;Office National des For\u00eats souhaite renforcer ses partenariats. Ces collaborations permettront de mobiliser des ressources suppl\u00e9mentaires et de poursuivre les initiatives environnementales. Un exemple notable est le partenariat avec le Conseil D\u00e9partemental et la Safer Guadeloupe pour la protection de sites naturels sensibles. Ces collaborations permettent \u00e9galement de sensibiliser la population locale \u00e0 l&#8217;importance de la conservation de la biodiversit\u00e9.<\/span><\/p>\t\t\t\t\t\t\t\t<\/div>\n\t\t\t\t<\/div>\n\t\t\t\t\t<\/div>\n\t\t<\/div>\n\t\t\t\t\t<\/div>\n\t\t<\/section>\n\t\t\t\t<section class=\"elementor-section elementor-top-section elementor-element elementor-element-5b9197f elementor-section-boxed elementor-section-height-default elementor-section-height-default\" data-id=\"5b9197f\" data-element_type=\"section\">\n\t\t\t\t\t\t<div class=\"elementor-container elementor-column-gap-default\">\n\t\t\t\t\t<div class=\"elementor-column elementor-col-100 elementor-top-column elementor-element elementor-element-7e97302\" data-id=\"7e97302\" data-element_type=\"column\">\n\t\t\t<div class=\"elementor-widget-wrap elementor-element-populated\">\n\t\t\t\t\t\t<div class=\"elementor-element elementor-element-5f85714 elementor-widget elementor-widget-heading\" data-id=\"5f85714\" data-element_type=\"widget\" data-widget_type=\"heading.default\">\n\t\t\t\t<div class=\"elementor-widget-container\">\n\t\t\t\t\t<h2 class=\"elementor-heading-title elementor-size-default\">Impact du changement climatique sur la Biodiversit\u00e9<\/h2>\t\t\t\t<\/div>\n\t\t\t\t<\/div>\n\t\t\t\t<div class=\"elementor-element elementor-element-f1ca1bd elementor-widget elementor-widget-text-editor\" data-id=\"f1ca1bd\" data-element_type=\"widget\" data-widget_type=\"text-editor.default\">\n\t\t\t\t<div class=\"elementor-widget-container\">\n\t\t\t\t\t\t\t\t\t<p><span style=\"font-weight: 400;\">Le changement climatique repr\u00e9sente un d\u00e9fi majeur pour la biodiversit\u00e9 en Guadeloupe. Les temp\u00e9ratures croissantes et les \u00e9v\u00e9nements m\u00e9t\u00e9orologiques extr\u00eames menacent directement les esp\u00e8ces end\u00e9miques. La pr\u00e9servation des milieux naturels est donc cruciale pour assurer la survie de ces esp\u00e8ces. Le plan d&#8217;action r\u00e9gional pour la biodiversit\u00e9 identifie plusieurs menaces, notamment la destruction des habitats, le braconnage et l&#8217;introduction d&#8217;esp\u00e8ces invasives. Par exemple, l&#8217;iguane vert, une esp\u00e8ce invasive, menace la biodiversit\u00e9 locale en concurren\u00e7ant les esp\u00e8ces autochtones pour les ressources alimentaires.<\/span><\/p>\t\t\t\t\t\t\t\t<\/div>\n\t\t\t\t<\/div>\n\t\t\t\t\t<\/div>\n\t\t<\/div>\n\t\t\t\t\t<\/div>\n\t\t<\/section>\n\t\t\t\t<section class=\"elementor-section elementor-top-section elementor-element elementor-element-3e05f00 elementor-section-boxed elementor-section-height-default elementor-section-height-default\" data-id=\"3e05f00\" data-element_type=\"section\">\n\t\t\t\t\t\t<div class=\"elementor-container elementor-column-gap-default\">\n\t\t\t\t\t<div class=\"elementor-column elementor-col-100 elementor-top-column elementor-element elementor-element-45a49b6\" data-id=\"45a49b6\" data-element_type=\"column\">\n\t\t\t<div class=\"elementor-widget-wrap elementor-element-populated\">\n\t\t\t\t\t\t<div class=\"elementor-element elementor-element-f39bcb1 elementor-widget elementor-widget-heading\" data-id=\"f39bcb1\" data-element_type=\"widget\" data-widget_type=\"heading.default\">\n\t\t\t\t<div class=\"elementor-widget-container\">\n\t\t\t\t\t<h2 class=\"elementor-heading-title elementor-size-default\">Adaptation et r\u00e9silience<\/h2>\t\t\t\t<\/div>\n\t\t\t\t<\/div>\n\t\t\t\t<div class=\"elementor-element elementor-element-de79e99 elementor-widget elementor-widget-text-editor\" data-id=\"de79e99\" data-element_type=\"widget\" data-widget_type=\"text-editor.default\">\n\t\t\t\t<div class=\"elementor-widget-container\">\n\t\t\t\t\t\t\t\t\t<p><span style=\"font-weight: 400;\">Les projets de l&#8217;Office National des For\u00eats incluent des mesures d&#8217;adaptation au changement climatique. Cela implique non seulement la protection des zones sensibles, mais aussi la promotion de pratiques durables qui favorisent la r\u00e9silience des \u00e9cosyst\u00e8mes face aux conditions climatiques changeantes. Par exemple, la r\u00e9serve biologique du nord Grande-Terre prot\u00e8ge des sites sur plus de 730 hectares, abritant des esp\u00e8ces rares comme le mapou et le bois d&#8217;Inde. Ces r\u00e9serves jouent un r\u00f4le crucial dans la conservation des habitats naturels et la protection des esp\u00e8ces menac\u00e9es.<\/span><\/p>\t\t\t\t\t\t\t\t<\/div>\n\t\t\t\t<\/div>\n\t\t\t\t\t<\/div>\n\t\t<\/div>\n\t\t\t\t\t<\/div>\n\t\t<\/section>\n\t\t\t\t<section class=\"elementor-section elementor-top-section elementor-element elementor-element-8448662 elementor-section-boxed elementor-section-height-default elementor-section-height-default\" data-id=\"8448662\" data-element_type=\"section\">\n\t\t\t\t\t\t<div class=\"elementor-container elementor-column-gap-default\">\n\t\t\t\t\t<div class=\"elementor-column elementor-col-100 elementor-top-column elementor-element elementor-element-f72a6d3\" data-id=\"f72a6d3\" data-element_type=\"column\">\n\t\t\t<div class=\"elementor-widget-wrap elementor-element-populated\">\n\t\t\t\t\t\t<div class=\"elementor-element elementor-element-62c2e0f elementor-widget elementor-widget-heading\" data-id=\"62c2e0f\" data-element_type=\"widget\" data-widget_type=\"heading.default\">\n\t\t\t\t<div class=\"elementor-widget-container\">\n\t\t\t\t\t<h2 class=\"elementor-heading-title elementor-size-default\">L'ONF en difficult\u00e9 pour pr\u00e9server la biodiversit\u00e9<\/h2>\t\t\t\t<\/div>\n\t\t\t\t<\/div>\n\t\t\t\t<div class=\"elementor-element elementor-element-bc0bf73 elementor-widget elementor-widget-text-editor\" data-id=\"bc0bf73\" data-element_type=\"widget\" data-widget_type=\"text-editor.default\">\n\t\t\t\t<div class=\"elementor-widget-container\">\n\t\t\t\t\t\t\t\t\t<p><span style=\"font-weight: 400;\">Malgr\u00e9 son engagement, l&#8217;Office National des For\u00eats rencontre des difficult\u00e9s pour pr\u00e9server la biodiversit\u00e9 en Guadeloupe. Les contraintes budg\u00e9taires limitent les ressources disponibles pour les projets environnementaux, ce qui oblige l&#8217;ONF \u00e0 prioriser ses actions. Cela signifie souvent de se concentrer sur les zones les plus sensibles ou les plus menac\u00e9es, tout en cherchant \u00e0 mobiliser des financements suppl\u00e9mentaires via des partenariats.<\/span><\/p>\t\t\t\t\t\t\t\t<\/div>\n\t\t\t\t<\/div>\n\t\t\t\t\t<\/div>\n\t\t<\/div>\n\t\t\t\t\t<\/div>\n\t\t<\/section>\n\t\t\t\t<section class=\"elementor-section elementor-top-section elementor-element elementor-element-84693a2 elementor-section-boxed elementor-section-height-default elementor-section-height-default\" data-id=\"84693a2\" data-element_type=\"section\">\n\t\t\t\t\t\t<div class=\"elementor-container elementor-column-gap-default\">\n\t\t\t\t\t<div class=\"elementor-column elementor-col-100 elementor-top-column elementor-element elementor-element-9885624\" data-id=\"9885624\" data-element_type=\"column\">\n\t\t\t<div class=\"elementor-widget-wrap elementor-element-populated\">\n\t\t\t\t\t\t<div class=\"elementor-element elementor-element-c16d0a8 elementor-widget elementor-widget-heading\" data-id=\"c16d0a8\" data-element_type=\"widget\" data-widget_type=\"heading.default\">\n\t\t\t\t<div class=\"elementor-widget-container\">\n\t\t\t\t\t<h2 class=\"elementor-heading-title elementor-size-default\">Sensibilisation et \u00e9ducation<\/h2>\t\t\t\t<\/div>\n\t\t\t\t<\/div>\n\t\t\t\t<div class=\"elementor-element elementor-element-8aedbf1 elementor-widget elementor-widget-text-editor\" data-id=\"8aedbf1\" data-element_type=\"widget\" data-widget_type=\"text-editor.default\">\n\t\t\t\t<div class=\"elementor-widget-container\">\n\t\t\t\t\t\t\t\t\t<p><span style=\"font-weight: 400;\">Pour surmonter ces d\u00e9fis, l&#8217;Office National des For\u00eats mise \u00e9galement sur la sensibilisation et l&#8217;\u00e9ducation du public. En informant les habitants et les visiteurs sur l&#8217;importance de la biodiversit\u00e9 et les menaces qui p\u00e8sent sur elle, l&#8217;ONF encourage une gestion responsable des ressources naturelles. Des programmes \u00e9ducatifs sont mis en place pour les \u00e9coles et les communaut\u00e9s locales, visant \u00e0 promouvoir une culture de conservation et de durabilit\u00e9.<\/span><\/p>\t\t\t\t\t\t\t\t<\/div>\n\t\t\t\t<\/div>\n\t\t\t\t\t<\/div>\n\t\t<\/div>\n\t\t\t\t\t<\/div>\n\t\t<\/section>\n\t\t\t\t<section class=\"elementor-section elementor-top-section elementor-element elementor-element-ba3e887 elementor-section-boxed elementor-section-height-default elementor-section-height-default\" data-id=\"ba3e887\" data-element_type=\"section\">\n\t\t\t\t\t\t<div class=\"elementor-container elementor-column-gap-default\">\n\t\t\t\t\t<div class=\"elementor-column elementor-col-100 elementor-top-column elementor-element elementor-element-8ef45fe\" data-id=\"8ef45fe\" data-element_type=\"column\">\n\t\t\t<div class=\"elementor-widget-wrap elementor-element-populated\">\n\t\t\t\t\t\t<div class=\"elementor-element elementor-element-a13ec3a elementor-widget elementor-widget-text-editor\" data-id=\"a13ec3a\" data-element_type=\"widget\" data-widget_type=\"text-editor.default\">\n\t\t\t\t<div class=\"elementor-widget-container\">\n\t\t\t\t\t\t\t\t\t<p><span style=\"font-weight: 400;\">La pr\u00e9servation des milieux naturels en Guadeloupe est un enjeu majeur, surtout face aux impacts croissants du changement climatique. L&#8217;Office National des For\u00eats, malgr\u00e9 les d\u00e9fis \u00e9conomiques, continue de s&#8217;engager dans cette mission essentielle. En renfor\u00e7ant les partenariats et en priorisant les actions, il est possible de maintenir et m\u00eame d&#8217;am\u00e9liorer la protection de cette biodiversit\u00e9 exceptionnelle. L&#8217;avenir de la Guadeloupe en d\u00e9pend, et l&#8217;implication de tous les acteurs locaux est cruciale pour assurer la conservation de ces tr\u00e9sors naturels.<\/span><\/p>\t\t\t\t\t\t\t\t<\/div>\n\t\t\t\t<\/div>\n\t\t\t\t\t<\/div>\n\t\t<\/div>\n\t\t\t\t\t<\/div>\n\t\t<\/section>\n\t\t\t\t<\/div>\n\t\t","protected":false},"excerpt":{"rendered":"<p>L&#8217;Office National des For\u00eats (ONF) joue un r\u00f4le essentiel dans la gestion des for\u00eats publiques et la protection de la biodiversit\u00e9 en Guadeloupe. Situ\u00e9e dans les Cara\u00efbes, cette \u00eele est reconnue comme l&#8217;un des hotspots mondiaux de biodiversit\u00e9, abritant une concentration \u00e9lev\u00e9e d&#8217;esp\u00e8ces rares et prot\u00e9g\u00e9es. Dans ce contexte, l&#8217;Office National des For\u00eats se trouve [&hellip;]<\/p>\n","protected":false},"author":662,"featured_media":46485,"comment_status":"open","ping_status":"open","sticky":false,"template":"","format":"standard","meta":{"_acf_changed":false,"footnotes":""},"categories":[840],"tags":[1545],"class_list":["post-46476","post","type-post","status-publish","format-standard","has-post-thumbnail","hentry","category-actus","tag-guadeloupe-2"],"acf":[],"_links":{"self":[{"href":"https:\/\/richeskarayib.com\/fr\/wp-json\/wp\/v2\/posts\/46476","targetHints":{"allow":["GET"]}}],"collection":[{"href":"https:\/\/richeskarayib.com\/fr\/wp-json\/wp\/v2\/posts"}],"about":[{"href":"https:\/\/richeskarayib.com\/fr\/wp-json\/wp\/v2\/types\/post"}],"author":[{"embeddable":true,"href":"https:\/\/richeskarayib.com\/fr\/wp-json\/wp\/v2\/users\/662"}],"replies":[{"embeddable":true,"href":"https:\/\/richeskarayib.com\/fr\/wp-json\/wp\/v2\/comments?post=46476"}],"version-history":[{"count":0,"href":"https:\/\/richeskarayib.com\/fr\/wp-json\/wp\/v2\/posts\/46476\/revisions"}],"wp:featuredmedia":[{"embeddable":true,"href":"https:\/\/richeskarayib.com\/fr\/wp-json\/wp\/v2\/media\/46485"}],"wp:attachment":[{"href":"https:\/\/richeskarayib.com\/fr\/wp-json\/wp\/v2\/media?parent=46476"}],"wp:term":[{"taxonomy":"category","embeddable":true,"href":"https:\/\/richeskarayib.com\/fr\/wp-json\/wp\/v2\/categories?post=46476"},{"taxonomy":"post_tag","embeddable":true,"href":"https:\/\/richeskarayib.com\/fr\/wp-json\/wp\/v2\/tags?post=46476"}],"curies":[{"name":"wp","href":"https:\/\/api.w.org\/{rel}","templated":true}]}}