{"id":46528,"date":"2025-03-18T11:00:42","date_gmt":"2025-03-18T15:00:42","guid":{"rendered":"https:\/\/richeskarayib.com\/?p=46528"},"modified":"2025-03-19T16:49:27","modified_gmt":"2025-03-19T20:49:27","slug":"oeco-organisation-etats-caraibe-orientale","status":"publish","type":"post","link":"https:\/\/richeskarayib.com\/fr\/oeco-organisation-etats-caraibe-orientale\/","title":{"rendered":"SAINT-MARTIN &#8211; OECO (Organisation des \u00c9tats de la Cara\u00efbe Orientale) : Un Nouveau Chapitre pour Saint-Martin"},"content":{"rendered":"\t\t<div data-elementor-type=\"wp-post\" data-elementor-id=\"46528\" class=\"elementor elementor-46528\" data-elementor-post-type=\"post\">\n\t\t\t\t\t\t<section class=\"elementor-section elementor-top-section elementor-element elementor-element-7d71f82 elementor-section-boxed elementor-section-height-default elementor-section-height-default\" data-id=\"7d71f82\" data-element_type=\"section\">\n\t\t\t\t\t\t<div class=\"elementor-container elementor-column-gap-default\">\n\t\t\t\t\t<div class=\"elementor-column elementor-col-100 elementor-top-column elementor-element elementor-element-c153284\" data-id=\"c153284\" data-element_type=\"column\">\n\t\t\t<div class=\"elementor-widget-wrap elementor-element-populated\">\n\t\t\t\t\t\t<div class=\"elementor-element elementor-element-4f6c6de elementor-widget elementor-widget-text-editor\" data-id=\"4f6c6de\" data-element_type=\"widget\" data-widget_type=\"text-editor.default\">\n\t\t\t\t<div class=\"elementor-widget-container\">\n\t\t\t\t\t\t\t\t\t<p><span style=\"font-weight: 400;\">L\u2019<\/span><b>OECO<\/b> <a href=\"https:\/\/oecs.int\/fr\/\" target=\"_blank\" rel=\"noopener nofollow\"><b>(organisation des \u00c9tats de la Cara\u00efbe Orientale) <\/b><\/a><span style=\"font-weight: 400;\">est une institution intergouvernementale qui facilite la coop\u00e9ration entre ses membres sur le plan \u00e9conomique, social, environnemental et politique. Depuis sa fondation en <\/span>1981<span style=\"font-weight: 400;\">, elle \u0153uvre \u00e0 l\u2019int\u00e9gration r\u00e9gionale en favorisant des politiques communes dans des domaines strat\u00e9giques tels que <\/span>le commerce, l\u2019\u00e9ducation, la sant\u00e9, le tourisme et la gouvernance<span style=\"font-weight: 400;\">.<\/span><\/p>\t\t\t\t\t\t\t\t<\/div>\n\t\t\t\t<\/div>\n\t\t\t\t<div class=\"elementor-element elementor-element-a74175a elementor-widget elementor-widget-text-editor\" data-id=\"a74175a\" data-element_type=\"widget\" data-widget_type=\"text-editor.default\">\n\t\t\t\t<div class=\"elementor-widget-container\">\n\t\t\t\t\t\t\t\t\t<p><span style=\"font-weight: 400;\">Elle regroupe sept \u00c9tats membres \u00e0 part enti\u00e8re : <\/span><b>ANTIGUA-ET-BARBUDA, LA DOMINIQUE, GRENADE, MONTSERRAT, SAINT-KITTS-ET-NEVIS, SAINTE-LUCIE et SAINT-VINCENT-ET-LES-GRENADINES<\/b><span style=\"font-weight: 400;\">. En plus de ces membres souverains, l\u2019organisation compte \u00e9galement <\/span><b>quatre membres associ\u00e9s<\/b><span style=\"font-weight: 400;\"> : <\/span><b>LES \u00ceLES VIERGES BRITANNIQUES, ANGUILLA, LA MARTINIQUE et LA GUADELOUPE<\/b><span style=\"font-weight: 400;\">. L\u2019adh\u00e9sion de <\/span><b>SAINT-MARTIN<\/b><span style=\"font-weight: 400;\"> en tant que <\/span>5\u1d49 membre associ\u00e9<span style=\"font-weight: 400;\"> constitue une avanc\u00e9e majeure pour l\u2019int\u00e9gration de l\u2019\u00eele dans l\u2019espace carib\u00e9en.<\/span><\/p>\t\t\t\t\t\t\t\t<\/div>\n\t\t\t\t<\/div>\n\t\t\t\t\t<\/div>\n\t\t<\/div>\n\t\t\t\t\t<\/div>\n\t\t<\/section>\n\t\t\t\t<section class=\"elementor-section elementor-top-section elementor-element elementor-element-9be5ad7 elementor-section-boxed elementor-section-height-default elementor-section-height-default\" data-id=\"9be5ad7\" data-element_type=\"section\">\n\t\t\t\t\t\t<div class=\"elementor-container elementor-column-gap-default\">\n\t\t\t\t\t<div class=\"elementor-column elementor-col-100 elementor-top-column elementor-element elementor-element-76aecaa\" data-id=\"76aecaa\" data-element_type=\"column\">\n\t\t\t<div class=\"elementor-widget-wrap elementor-element-populated\">\n\t\t\t\t\t\t<div class=\"elementor-element elementor-element-96fb8e3 elementor-widget elementor-widget-heading\" data-id=\"96fb8e3\" data-element_type=\"widget\" data-widget_type=\"heading.default\">\n\t\t\t\t<div class=\"elementor-widget-container\">\n\t\t\t\t\t<h2 class=\"elementor-heading-title elementor-size-default\">Pourquoi Saint-Martin a-t-il souhait\u00e9 rejoindre l\u2019OECO ?\n<\/h2>\t\t\t\t<\/div>\n\t\t\t\t<\/div>\n\t\t\t\t<div class=\"elementor-element elementor-element-fc48138 elementor-widget elementor-widget-text-editor\" data-id=\"fc48138\" data-element_type=\"widget\" data-widget_type=\"text-editor.default\">\n\t\t\t\t<div class=\"elementor-widget-container\">\n\t\t\t\t\t\t\t\t\t<p><a href=\"https:\/\/richeskarayib.com\/fr\/fete-de-la-gastronomie-de-saint-martin-blog\/\" target=\"_blank\" rel=\"noopener\">SAINT-MARTIN<\/a><span style=\"font-weight: 400;\">, territoire fran\u00e7ais situ\u00e9 dans la partie nord de l\u2019\u00eele partag\u00e9e avec Sint Maarten (territoire n\u00e9erlandais), entretient depuis longtemps des liens \u00e9conomiques et culturels avec ses voisins carib\u00e9ens. Son adh\u00e9sion \u00e0 l\u2019<\/span>Organisation des \u00c9tats de la Cara\u00efbe Orientale<span style=\"font-weight: 400;\"> r\u00e9pond \u00e0 plusieurs enjeux :<\/span><\/p>\t\t\t\t\t\t\t\t<\/div>\n\t\t\t\t<\/div>\n\t\t\t\t<div class=\"elementor-element elementor-element-b1949f3 elementor-widget elementor-widget-text-editor\" data-id=\"b1949f3\" data-element_type=\"widget\" data-widget_type=\"text-editor.default\">\n\t\t\t\t<div class=\"elementor-widget-container\">\n\t\t\t\t\t\t\t\t\t<ul><li style=\"font-weight: 400;\" aria-level=\"1\"><b>Renforcer son positionnement r\u00e9gional<\/b><span style=\"font-weight: 400;\"> : en int\u00e9grant une organisation influente dans la Cara\u00efbe orientale, <\/span>SAINT-MARTIN<span style=\"font-weight: 400;\"> affirme son r\u00f4le de partenaire \u00e9conomique et strat\u00e9gique.<\/span><\/li><li style=\"font-weight: 400;\" aria-level=\"1\"><b>Accro\u00eetre les opportunit\u00e9s commerciales<\/b><span style=\"font-weight: 400;\"> : l\u2019adh\u00e9sion facilite l\u2019acc\u00e8s aux march\u00e9s des autres membres et favorise les <\/span>\u00e9changes commerciaux, les investissements et la coop\u00e9ration \u00e9conomique<span style=\"font-weight: 400;\">.<\/span><\/li><li style=\"font-weight: 400;\" aria-level=\"1\"><b>Soutenir le d\u00e9veloppement durable<\/b><span style=\"font-weight: 400;\"> : l\u2019<\/span>OECO<span style=\"font-weight: 400;\"> joue un r\u00f4le cl\u00e9 dans l\u2019\u00e9laboration de strat\u00e9gies environnementales et \u00e9conomiques adapt\u00e9es aux d\u00e9fis climatiques et sociaux de la r\u00e9gion.<\/span><\/li><li style=\"font-weight: 400;\" aria-level=\"1\"><b>Faciliter la mobilit\u00e9 des citoyens<\/b> : les r\u00e9sidents de SAINT-MARTIN pourront b\u00e9n\u00e9ficier de programmes de mobilit\u00e9, facilitant les \u00e9changes professionnels, \u00e9tudiants et culturels avec les autres territoires membres.<\/li><\/ul>\t\t\t\t\t\t\t\t<\/div>\n\t\t\t\t<\/div>\n\t\t\t\t\t<\/div>\n\t\t<\/div>\n\t\t\t\t\t<\/div>\n\t\t<\/section>\n\t\t\t\t<section class=\"elementor-section elementor-top-section elementor-element elementor-element-889dceb elementor-section-boxed elementor-section-height-default elementor-section-height-default\" data-id=\"889dceb\" data-element_type=\"section\">\n\t\t\t\t\t\t<div class=\"elementor-container elementor-column-gap-default\">\n\t\t\t\t\t<div class=\"elementor-column elementor-col-100 elementor-top-column elementor-element elementor-element-cb266eb\" data-id=\"cb266eb\" data-element_type=\"column\">\n\t\t\t<div class=\"elementor-widget-wrap elementor-element-populated\">\n\t\t\t\t\t\t<div class=\"elementor-element elementor-element-8edf822 elementor-widget elementor-widget-heading\" data-id=\"8edf822\" data-element_type=\"widget\" data-widget_type=\"heading.default\">\n\t\t\t\t<div class=\"elementor-widget-container\">\n\t\t\t\t\t<h2 class=\"elementor-heading-title elementor-size-default\">Un processus d\u2019adh\u00e9sion en plusieurs \u00e9tapes\n<\/h2>\t\t\t\t<\/div>\n\t\t\t\t<\/div>\n\t\t\t\t<div class=\"elementor-element elementor-element-6d1f975 elementor-widget elementor-widget-text-editor\" data-id=\"6d1f975\" data-element_type=\"widget\" data-widget_type=\"text-editor.default\">\n\t\t\t\t<div class=\"elementor-widget-container\">\n\t\t\t\t\t\t\t\t\t<p><span style=\"font-weight: 400;\">L\u2019int\u00e9gration de <\/span>SAINT-MARTIN \u00e0 l\u2019OECO <span style=\"font-weight: 400;\">n\u2019est pas le fruit du hasard. Ce processus a d\u00e9but\u00e9 <\/span><b>i<\/b>l y a plus de dix ans<span style=\"font-weight: 400;\"> et a suivi plusieurs \u00e9tapes cl\u00e9s :<\/span><\/p><ol><li style=\"font-weight: 400;\" aria-level=\"1\"><b>2019<\/b><span style=\"font-weight: 400;\"> : fin du statut d\u2019observateur de <\/span>SAINT-MARTIN<span style=\"font-weight: 400;\">, permettant d\u2019acc\u00e9der \u00e0 l\u2019\u00e9tape suivante de l\u2019adh\u00e9sion.<\/span><\/li><li style=\"font-weight: 400;\" aria-level=\"1\"><b>Janvier 2021<\/b><span style=\"font-weight: 400;\"> : d\u00e9p\u00f4t officiel de la demande d\u2019adh\u00e9sion par la collectivit\u00e9.<\/span><\/li><li style=\"font-weight: 400;\" aria-level=\"1\"><b>2022<\/b><span style=\"font-weight: 400;\"> : approbation du gouvernement fran\u00e7ais, condition indispensable pour l\u2019int\u00e9gration d\u2019un territoire fran\u00e7ais \u00e0 une organisation internationale.<\/span><\/li><li style=\"font-weight: 400;\" aria-level=\"1\"><b>Mars 2024<\/b> : signature officielle de l\u2019adh\u00e9sion et participation \u00e0 la 76\u1d49 r\u00e9union pl\u00e9ni\u00e8re de l\u2019OECO.<\/li><\/ol>\t\t\t\t\t\t\t\t<\/div>\n\t\t\t\t<\/div>\n\t\t\t\t\t<\/div>\n\t\t<\/div>\n\t\t\t\t\t<\/div>\n\t\t<\/section>\n\t\t\t\t<section class=\"elementor-section elementor-top-section elementor-element elementor-element-53262f1 elementor-section-boxed elementor-section-height-default elementor-section-height-default\" data-id=\"53262f1\" data-element_type=\"section\">\n\t\t\t\t\t\t<div class=\"elementor-container elementor-column-gap-default\">\n\t\t\t\t\t<div class=\"elementor-column elementor-col-100 elementor-top-column elementor-element elementor-element-eac4faf\" data-id=\"eac4faf\" data-element_type=\"column\">\n\t\t\t<div class=\"elementor-widget-wrap elementor-element-populated\">\n\t\t\t\t\t\t<div class=\"elementor-element elementor-element-05782f7 elementor-widget elementor-widget-heading\" data-id=\"05782f7\" data-element_type=\"widget\" data-widget_type=\"heading.default\">\n\t\t\t\t<div class=\"elementor-widget-container\">\n\t\t\t\t\t<h2 class=\"elementor-heading-title elementor-size-default\">Une c\u00e9r\u00e9monie officielle \u00e0 Saint-Martin<\/h2>\t\t\t\t<\/div>\n\t\t\t\t<\/div>\n\t\t\t\t<div class=\"elementor-element elementor-element-9c39683 elementor-widget elementor-widget-text-editor\" data-id=\"9c39683\" data-element_type=\"widget\" data-widget_type=\"text-editor.default\">\n\t\t\t\t<div class=\"elementor-widget-container\">\n\t\t\t\t\t\t\t\t\t<p><span style=\"font-weight: 400;\">Pour marquer cet \u00e9v\u00e9nement historique, une <\/span>c\u00e9r\u00e9monie d\u2019adh\u00e9sion se tiendra les 19 et 20 mars 2024 \u00e0 l\u2019Anse Marcel. Elle r\u00e9unira les onze chefs d\u2019\u00c9tat et de gouvernement des membres de l\u2019OECO<span style=\"font-weight: 400;\">, ainsi que des personnalit\u00e9s cl\u00e9s telles que :<\/span><\/p><ul><li style=\"font-weight: 400;\" aria-level=\"1\"><b>Didacus Jules<\/b><span style=\"font-weight: 400;\">, directeur g\u00e9n\u00e9ral de l\u2019OECO<\/span><\/li><li style=\"font-weight: 400;\" aria-level=\"1\"><b>Reuben Meade<\/b><span style=\"font-weight: 400;\">, Premier ministre de <\/span>MONTSERRAT<\/li><li style=\"font-weight: 400;\" aria-level=\"1\"><b>Philip J. Pierre<\/b><span style=\"font-weight: 400;\">, Premier ministre de <\/span>SAINTE-LUCIE<\/li><li style=\"font-weight: 400;\" aria-level=\"1\"><b>Louis Mussington<\/b>, pr\u00e9sident de la Collectivit\u00e9 de SAINT-MARTIN<\/li><\/ul>\t\t\t\t\t\t\t\t<\/div>\n\t\t\t\t<\/div>\n\t\t\t\t<div class=\"elementor-element elementor-element-3d05ecc elementor-widget elementor-widget-text-editor\" data-id=\"3d05ecc\" data-element_type=\"widget\" data-widget_type=\"text-editor.default\">\n\t\t\t\t<div class=\"elementor-widget-container\">\n\t\t\t\t\t\t\t\t\t<p><span style=\"font-weight: 400;\">Le <\/span>19 mars<span style=\"font-weight: 400;\">, la c\u00e9r\u00e9monie officielle d\u00e9butera \u00e0 <\/span>16h30<span style=\"font-weight: 400;\"> et sera <\/span>ouverte au public, aux \u00e9lus et aux partenaires locaux<span style=\"font-weight: 400;\">.<\/span><\/p><p><span style=\"font-weight: 400;\">Le <\/span>20 mars<span style=\"font-weight: 400;\">, la <\/span>76\u1d49 r\u00e9union pl\u00e9ni\u00e8re de l\u2019OECO<span style=\"font-weight: 400;\"> officialisera l\u2019adh\u00e9sion de <\/span>SAINT-MARTIN<span style=\"font-weight: 400;\">, suivie d\u2019un d\u00e9jeuner r\u00e9unissant les chefs d\u2019\u00c9tat et les \u00e9l\u00e8ves du <\/span>lyc\u00e9e professionnel Daniella Jeffry<span style=\"font-weight: 400;\">, offrant aux jeunes un contact direct avec les acteurs majeurs de la r\u00e9gion.<\/span><\/p>\t\t\t\t\t\t\t\t<\/div>\n\t\t\t\t<\/div>\n\t\t\t\t<section class=\"elementor-section elementor-inner-section elementor-element elementor-element-775066d elementor-section-boxed elementor-section-height-default elementor-section-height-default\" data-id=\"775066d\" data-element_type=\"section\">\n\t\t\t\t\t\t<div class=\"elementor-container elementor-column-gap-default\">\n\t\t\t\t\t<div class=\"elementor-column elementor-col-50 elementor-inner-column elementor-element elementor-element-7b93a6e\" data-id=\"7b93a6e\" data-element_type=\"column\">\n\t\t\t<div class=\"elementor-widget-wrap elementor-element-populated\">\n\t\t\t\t\t\t<div class=\"elementor-element elementor-element-8174599 elementor-widget elementor-widget-image\" data-id=\"8174599\" data-element_type=\"widget\" data-widget_type=\"image.default\">\n\t\t\t\t<div class=\"elementor-widget-container\">\n\t\t\t\t\t\t\t\t\t\t\t\t<figure class=\"wp-caption\">\n\t\t\t\t\t\t\t\t\t\t<img fetchpriority=\"high\" decoding=\"async\" width=\"800\" height=\"623\" src=\"https:\/\/richeskarayib.com\/wp-content\/uploads\/2025\/03\/Capture-d-ecran-2025-03-11-a-17-19-13-67d06337dd183.webp\" class=\"attachment-large size-large wp-image-46533\" alt=\"Organisation des \u00c9tats de la Cara\u00efbe Orientale\" srcset=\"https:\/\/richeskarayib.com\/wp-content\/uploads\/2025\/03\/Capture-d-ecran-2025-03-11-a-17-19-13-67d06337dd183.webp 902w, https:\/\/richeskarayib.com\/wp-content\/uploads\/2025\/03\/Capture-d-ecran-2025-03-11-a-17-19-13-67d06337dd183-300x233.webp 300w, https:\/\/richeskarayib.com\/wp-content\/uploads\/2025\/03\/Capture-d-ecran-2025-03-11-a-17-19-13-67d06337dd183-768x598.webp 768w\" sizes=\"(max-width: 800px) 100vw, 800px\" \/>\t\t\t\t\t\t\t\t\t\t\t<figcaption class=\"widget-image-caption wp-caption-text\">Didacus Jules, directeur g\u00e9n\u00e9ral de l\u2019Organisation des \u00c9tats de la Cara\u00efbe orientale (OECO) et le pr\u00e9sident du Conseil territorial de Saint-Martin, Louis Mussington, mai 2024.\n\nSource: outremers360<\/figcaption>\n\t\t\t\t\t\t\t\t\t\t<\/figure>\n\t\t\t\t\t\t\t\t\t<\/div>\n\t\t\t\t<\/div>\n\t\t\t\t\t<\/div>\n\t\t<\/div>\n\t\t\t\t<div class=\"elementor-column elementor-col-50 elementor-inner-column elementor-element elementor-element-8138500\" data-id=\"8138500\" data-element_type=\"column\">\n\t\t\t<div class=\"elementor-widget-wrap elementor-element-populated\">\n\t\t\t\t\t\t<div class=\"elementor-element elementor-element-646855d elementor-widget elementor-widget-image\" data-id=\"646855d\" data-element_type=\"widget\" data-widget_type=\"image.default\">\n\t\t\t\t<div class=\"elementor-widget-container\">\n\t\t\t\t\t\t\t\t\t\t\t\t<figure class=\"wp-caption\">\n\t\t\t\t\t\t\t\t\t\t<img decoding=\"async\" width=\"800\" height=\"533\" src=\"https:\/\/richeskarayib.com\/wp-content\/uploads\/2025\/03\/Didacus-Jules-directeur-general-de-lOrganisation-des-Etats-de-la-Caraibe-orientale-OECO-et-le-president-du-Conseil-territorial-de-Saint-Martin-Louis-Mussington-mai-2024-.webp\" class=\"attachment-large size-large wp-image-46529\" alt=\"OECO\" srcset=\"https:\/\/richeskarayib.com\/wp-content\/uploads\/2025\/03\/Didacus-Jules-directeur-general-de-lOrganisation-des-Etats-de-la-Caraibe-orientale-OECO-et-le-president-du-Conseil-territorial-de-Saint-Martin-Louis-Mussington-mai-2024-.webp 930w, https:\/\/richeskarayib.com\/wp-content\/uploads\/2025\/03\/Didacus-Jules-directeur-general-de-lOrganisation-des-Etats-de-la-Caraibe-orientale-OECO-et-le-president-du-Conseil-territorial-de-Saint-Martin-Louis-Mussington-mai-2024--300x200.webp 300w, https:\/\/richeskarayib.com\/wp-content\/uploads\/2025\/03\/Didacus-Jules-directeur-general-de-lOrganisation-des-Etats-de-la-Caraibe-orientale-OECO-et-le-president-du-Conseil-territorial-de-Saint-Martin-Louis-Mussington-mai-2024--768x512.webp 768w\" sizes=\"(max-width: 800px) 100vw, 800px\" \/>\t\t\t\t\t\t\t\t\t\t\t<figcaption class=\"widget-image-caption wp-caption-text\">Didacus Jules, directeur g\u00e9n\u00e9ral de l\u2019Organisation des \u00c9tats de la Cara\u00efbe orientale (OECO) et le pr\u00e9sident du Conseil territorial de Saint-Martin, Louis Mussington, mai 2024.\n\n\nSource: franceinfo<\/figcaption>\n\t\t\t\t\t\t\t\t\t\t<\/figure>\n\t\t\t\t\t\t\t\t\t<\/div>\n\t\t\t\t<\/div>\n\t\t\t\t\t<\/div>\n\t\t<\/div>\n\t\t\t\t\t<\/div>\n\t\t<\/section>\n\t\t\t\t\t<\/div>\n\t\t<\/div>\n\t\t\t\t\t<\/div>\n\t\t<\/section>\n\t\t\t\t<section class=\"elementor-section elementor-top-section elementor-element elementor-element-3a876d3 elementor-section-boxed elementor-section-height-default elementor-section-height-default\" data-id=\"3a876d3\" data-element_type=\"section\">\n\t\t\t\t\t\t<div class=\"elementor-container elementor-column-gap-default\">\n\t\t\t\t\t<div class=\"elementor-column elementor-col-100 elementor-top-column elementor-element elementor-element-69cb312\" data-id=\"69cb312\" data-element_type=\"column\">\n\t\t\t<div class=\"elementor-widget-wrap elementor-element-populated\">\n\t\t\t\t\t\t<div class=\"elementor-element elementor-element-97eb546 elementor-widget elementor-widget-heading\" data-id=\"97eb546\" data-element_type=\"widget\" data-widget_type=\"heading.default\">\n\t\t\t\t<div class=\"elementor-widget-container\">\n\t\t\t\t\t<h2 class=\"elementor-heading-title elementor-size-default\">Quels sont les avantages pour Saint-Martin ?<\/h2>\t\t\t\t<\/div>\n\t\t\t\t<\/div>\n\t\t\t\t<div class=\"elementor-element elementor-element-b5df144 elementor-widget elementor-widget-text-editor\" data-id=\"b5df144\" data-element_type=\"widget\" data-widget_type=\"text-editor.default\">\n\t\t\t\t<div class=\"elementor-widget-container\">\n\t\t\t\t\t\t\t\t\t<p><span style=\"font-weight: 400;\">L\u2019adh\u00e9sion \u00e0 l\u2019<\/span><a href=\"https:\/\/la1ere.francetvinfo.fr\/guadeloupe\/saint-martin\/saint-martin-a-quelques-jours-de-son-entree-historique-au-sein-de-l-organisation-des-etats-de-la-caraibe-orientale-1569022.html\" target=\"_blank\" rel=\"noopener nofollow\">OECO<\/a> <span style=\"font-weight: 400;\">apporte \u00e0 <\/span>SAINT-MARTIN<span style=\"font-weight: 400;\"> plusieurs b\u00e9n\u00e9fices concrets :<\/span><\/p><ul><li style=\"font-weight: 400;\" aria-level=\"1\"><b>Acc\u00e8s \u00e0 un r\u00e9seau de partenaires \u00e9conomiques et institutionnels<\/b><span style=\"font-weight: 400;\"> facilitant la collaboration et les opportunit\u00e9s d\u2019investissement.<\/span><\/li><li style=\"font-weight: 400;\" aria-level=\"1\"><b>Participation \u00e0 des programmes r\u00e9gionaux dans des domaines cl\u00e9s<\/b><span style=\"font-weight: 400;\"> comme l\u2019\u00e9ducation, l\u2019\u00e9nergie renouvelable et la gestion des risques climatiques.<\/span><\/li><li style=\"font-weight: 400;\" aria-level=\"1\"><b>Mise en place de strat\u00e9gies communes en mati\u00e8re de tourisme<\/b><span style=\"font-weight: 400;\">, un secteur essentiel pour l\u2019\u00e9conomie de <\/span>SAINT-MARTIN<span style=\"font-weight: 400;\">.<\/span><\/li><li style=\"font-weight: 400;\" aria-level=\"1\"><b>Renforcement de la diplomatie r\u00e9gionale<\/b><span style=\"font-weight: 400;\">, permettant \u00e0 <\/span>SAINT-MARTIN<span style=\"font-weight: 400;\"> d\u2019avoir une voix dans les discussions strat\u00e9giques sur l\u2019avenir de la Cara\u00efbe orientale.<\/span><\/li><\/ul><p><span style=\"font-weight: 400;\">L\u2019adh\u00e9sion implique \u00e9galement une contribution financi\u00e8re de <\/span><b>201 000 euros par an<\/b><span style=\"font-weight: 400;\">, un investissement strat\u00e9gique pour renforcer la place de l\u2019\u00eele au sein de la r\u00e9gion.<\/span><\/p>\t\t\t\t\t\t\t\t<\/div>\n\t\t\t\t<\/div>\n\t\t\t\t\t<\/div>\n\t\t<\/div>\n\t\t\t\t\t<\/div>\n\t\t<\/section>\n\t\t\t\t<section class=\"elementor-section elementor-top-section elementor-element elementor-element-5b9197f elementor-section-boxed elementor-section-height-default elementor-section-height-default\" data-id=\"5b9197f\" data-element_type=\"section\">\n\t\t\t\t\t\t<div class=\"elementor-container elementor-column-gap-default\">\n\t\t\t\t\t<div class=\"elementor-column elementor-col-100 elementor-top-column elementor-element elementor-element-7e97302\" data-id=\"7e97302\" data-element_type=\"column\">\n\t\t\t<div class=\"elementor-widget-wrap elementor-element-populated\">\n\t\t\t\t\t\t<div class=\"elementor-element elementor-element-5f85714 elementor-widget elementor-widget-heading\" data-id=\"5f85714\" data-element_type=\"widget\" data-widget_type=\"heading.default\">\n\t\t\t\t<div class=\"elementor-widget-container\">\n\t\t\t\t\t<h2 class=\"elementor-heading-title elementor-size-default\">Quels sont les impacts sur l\u2019Int\u00e9gration R\u00e9gionale ?<\/h2>\t\t\t\t<\/div>\n\t\t\t\t<\/div>\n\t\t\t\t<div class=\"elementor-element elementor-element-f1ca1bd elementor-widget elementor-widget-text-editor\" data-id=\"f1ca1bd\" data-element_type=\"widget\" data-widget_type=\"text-editor.default\">\n\t\t\t\t<div class=\"elementor-widget-container\">\n\t\t\t\t\t\t\t\t\t<p><span style=\"font-weight: 400;\">L\u2019<\/span>OECO<span style=\"font-weight: 400;\">\u00a0joue un r\u00f4le cl\u00e9 dans la <\/span>coop\u00e9ration r\u00e9gionale<span style=\"font-weight: 400;\"><strong>.<\/strong> Avec l\u2019arriv\u00e9e de <\/span>SAINT-MARTIN<span style=\"font-weight: 400;\">, l\u2019organisation renforce son influence et sa capacit\u00e9 \u00e0 coordonner des <\/span>politiques communes<span style=\"font-weight: 400;\">. Cela permettra notamment de :<\/span><\/p><ul><li style=\"font-weight: 400;\" aria-level=\"1\"><span style=\"font-weight: 400;\">D\u00e9velopper des <\/span><b>projets \u00e9conomiques<\/b><span style=\"font-weight: 400;\"> favorisant la croissance des membres.<\/span><\/li><li style=\"font-weight: 400;\" aria-level=\"1\"><span style=\"font-weight: 400;\">Harmoniser les <\/span><b>normes environnementales et sociales<\/b><span style=\"font-weight: 400;\"> pour relever les d\u00e9fis communs, tels que les <\/span><b>changements climatiques et la transition \u00e9nerg\u00e9tique<\/b><span style=\"font-weight: 400;\">.<\/span><\/li><li style=\"font-weight: 400;\" aria-level=\"1\"><span style=\"font-weight: 400;\">Faciliter les <\/span><b>\u00e9changes commerciaux et culturels<\/b><span style=\"font-weight: 400;\"> pour rapprocher davantage les populations carib\u00e9ennes.<\/span><\/li><\/ul>\t\t\t\t\t\t\t\t<\/div>\n\t\t\t\t<\/div>\n\t\t\t\t\t<\/div>\n\t\t<\/div>\n\t\t\t\t\t<\/div>\n\t\t<\/section>\n\t\t\t\t<section class=\"elementor-section elementor-top-section elementor-element elementor-element-6219b50 elementor-section-boxed elementor-section-height-default elementor-section-height-default\" data-id=\"6219b50\" data-element_type=\"section\">\n\t\t\t\t\t\t<div class=\"elementor-container elementor-column-gap-default\">\n\t\t\t\t\t<div class=\"elementor-column elementor-col-100 elementor-top-column elementor-element elementor-element-47e34e8\" data-id=\"47e34e8\" data-element_type=\"column\">\n\t\t\t<div class=\"elementor-widget-wrap elementor-element-populated\">\n\t\t\t\t\t\t<div class=\"elementor-element elementor-element-68520f8 elementor-widget elementor-widget-heading\" data-id=\"68520f8\" data-element_type=\"widget\" data-widget_type=\"heading.default\">\n\t\t\t\t<div class=\"elementor-widget-container\">\n\t\t\t\t\t<h2 class=\"elementor-heading-title elementor-size-default\">Une \u00e9tape cruciale pour Saint-Martin et la Cara\u00efbe Orientale<\/h2>\t\t\t\t<\/div>\n\t\t\t\t<\/div>\n\t\t\t\t<div class=\"elementor-element elementor-element-e0721da elementor-widget elementor-widget-text-editor\" data-id=\"e0721da\" data-element_type=\"widget\" data-widget_type=\"text-editor.default\">\n\t\t\t\t<div class=\"elementor-widget-container\">\n\t\t\t\t\t\t\t\t\t<p><span style=\"font-weight: 400;\">L\u2019int\u00e9gration de <\/span>SAINT-MARTIN \u00e0 l\u2019Organisation des \u00c9tats de la Cara\u00efbe Orientale<span style=\"font-weight: 400;\"> marque une avanc\u00e9e strat\u00e9gique dans le renforcement des liens entre les territoires carib\u00e9ens. Cette adh\u00e9sion ouvre de nouvelles perspectives, tant sur le plan <\/span>\u00e9conomique, social, culturel qu\u2019environnemental<span style=\"font-weight: 400;\">.<\/span><\/p><p><span style=\"font-weight: 400;\">En rejoignant cette organisation, <\/span>SAINT-MARTIN<span style=\"font-weight: 400;\"> affirme son engagement envers une <\/span>Cara\u00efbe plus solidaire et plus int\u00e9gr\u00e9e<span style=\"font-weight: 400;\">, tout en b\u00e9n\u00e9ficiant d\u2019un cadre de coop\u00e9ration qui lui permettra de mieux se positionner dans la r\u00e9gion.<\/span><\/p><p><span style=\"font-weight: 400;\">L\u2019<\/span>Organisation des \u00c9tats de la Cara\u00efbe Orientale<span style=\"font-weight: 400;\"> continue ainsi d\u2019\u00e9voluer, consolidant son r\u00f4le central dans le d\u00e9veloppement et l\u2019int\u00e9gration des \u00eeles de la Cara\u00efbe orientale.<\/span><\/p>\t\t\t\t\t\t\t\t<\/div>\n\t\t\t\t<\/div>\n\t\t\t\t\t<\/div>\n\t\t<\/div>\n\t\t\t\t\t<\/div>\n\t\t<\/section>\n\t\t\t\t<\/div>\n\t\t","protected":false},"excerpt":{"rendered":"<p>L\u2019OECO (organisation des \u00c9tats de la Cara\u00efbe Orientale) est une institution intergouvernementale qui facilite la coop\u00e9ration entre ses membres sur le plan \u00e9conomique, social, environnemental et politique. Depuis sa fondation en 1981, elle \u0153uvre \u00e0 l\u2019int\u00e9gration r\u00e9gionale en favorisant des politiques communes dans des domaines strat\u00e9giques tels que le commerce, l\u2019\u00e9ducation, la sant\u00e9, le tourisme [&hellip;]<\/p>\n","protected":false},"author":662,"featured_media":46529,"comment_status":"open","ping_status":"open","sticky":false,"template":"","format":"standard","meta":{"_acf_changed":false,"footnotes":""},"categories":[840],"tags":[1616],"class_list":["post-46528","post","type-post","status-publish","format-standard","has-post-thumbnail","hentry","category-actus","tag-saint-martin-fr"],"acf":[],"_links":{"self":[{"href":"https:\/\/richeskarayib.com\/fr\/wp-json\/wp\/v2\/posts\/46528","targetHints":{"allow":["GET"]}}],"collection":[{"href":"https:\/\/richeskarayib.com\/fr\/wp-json\/wp\/v2\/posts"}],"about":[{"href":"https:\/\/richeskarayib.com\/fr\/wp-json\/wp\/v2\/types\/post"}],"author":[{"embeddable":true,"href":"https:\/\/richeskarayib.com\/fr\/wp-json\/wp\/v2\/users\/662"}],"replies":[{"embeddable":true,"href":"https:\/\/richeskarayib.com\/fr\/wp-json\/wp\/v2\/comments?post=46528"}],"version-history":[{"count":0,"href":"https:\/\/richeskarayib.com\/fr\/wp-json\/wp\/v2\/posts\/46528\/revisions"}],"wp:featuredmedia":[{"embeddable":true,"href":"https:\/\/richeskarayib.com\/fr\/wp-json\/wp\/v2\/media\/46529"}],"wp:attachment":[{"href":"https:\/\/richeskarayib.com\/fr\/wp-json\/wp\/v2\/media?parent=46528"}],"wp:term":[{"taxonomy":"category","embeddable":true,"href":"https:\/\/richeskarayib.com\/fr\/wp-json\/wp\/v2\/categories?post=46528"},{"taxonomy":"post_tag","embeddable":true,"href":"https:\/\/richeskarayib.com\/fr\/wp-json\/wp\/v2\/tags?post=46528"}],"curies":[{"name":"wp","href":"https:\/\/api.w.org\/{rel}","templated":true}]}}