{"id":46541,"date":"2025-03-19T08:02:36","date_gmt":"2025-03-19T12:02:36","guid":{"rendered":"https:\/\/richeskarayib.com\/?p=46541"},"modified":"2025-03-19T09:41:10","modified_gmt":"2025-03-19T13:41:10","slug":"caribbean-airlines-vols-montego-lauderdale","status":"publish","type":"post","link":"https:\/\/richeskarayib.com\/fr\/caribbean-airlines-vols-montego-lauderdale\/","title":{"rendered":"Jama\u00efque &#8211; Caribbean Airlines Relance des Vols Directs Montego Bay \u2013 Fort Lauderdale : Renforcer les Liens avec la Jama\u00efque et sa Diaspora"},"content":{"rendered":"\t\t<div data-elementor-type=\"wp-post\" data-elementor-id=\"46541\" class=\"elementor elementor-46541\" data-elementor-post-type=\"post\">\n\t\t\t\t\t\t<section class=\"elementor-section elementor-top-section elementor-element elementor-element-7d71f82 elementor-section-boxed elementor-section-height-default elementor-section-height-default\" data-id=\"7d71f82\" data-element_type=\"section\">\n\t\t\t\t\t\t<div class=\"elementor-container elementor-column-gap-default\">\n\t\t\t\t\t<div class=\"elementor-column elementor-col-100 elementor-top-column elementor-element elementor-element-c153284\" data-id=\"c153284\" data-element_type=\"column\">\n\t\t\t<div class=\"elementor-widget-wrap elementor-element-populated\">\n\t\t\t\t\t\t<div class=\"elementor-element elementor-element-4f6c6de elementor-widget elementor-widget-text-editor\" data-id=\"4f6c6de\" data-element_type=\"widget\" data-widget_type=\"text-editor.default\">\n\t\t\t\t<div class=\"elementor-widget-container\">\n\t\t\t\t\t\t\t\t\t<p><span style=\"font-weight: 400;\"><a href=\"https:\/\/www.caribbean-airlines.com\/#\/\" target=\"_blank\" rel=\"noopener nofollow\">Caribbean Airlines<\/a> continue d&#8217;affirmer son engagement envers la connectivit\u00e9 r\u00e9gionale en annon\u00e7ant le red\u00e9marrage de ses vols directs quotidiens entre Montego Bay, en Jama\u00efque, et Fort Lauderdale, en Floride. Cette initiative r\u00e9pond aux attentes des voyageurs et t\u00e9moigne de la volont\u00e9 de la compagnie de renforcer les relations entre la Jama\u00efque et sa diaspora. En offrant une alternative fiable et efficace aux trajets a\u00e9riens entre ces deux destinations, Caribbean Airlines contribue \u00e0 dynamiser les \u00e9changes familiaux, culturels et \u00e9conomiques.<\/span><\/p>\t\t\t\t\t\t\t\t<\/div>\n\t\t\t\t<\/div>\n\t\t\t\t<div class=\"elementor-element elementor-element-a74175a elementor-widget elementor-widget-text-editor\" data-id=\"a74175a\" data-element_type=\"widget\" data-widget_type=\"text-editor.default\">\n\t\t\t\t<div class=\"elementor-widget-container\">\n\t\t\t\t\t\t\t\t\t<p><span style=\"font-weight: 400;\">Avec plus de 300 000 Jama\u00efcains r\u00e9sidant \u00e0 Fort Lauderdale et ses environs, la reprise de cette liaison offre une solution de voyage directe et pratique. De nombreuses familles, entreprises et touristes b\u00e9n\u00e9ficient d\u2019un acc\u00e8s simplifi\u00e9 entre ces deux r\u00e9gions. Cette route a toujours \u00e9t\u00e9 strat\u00e9gique pour Caribbean Airlines, qui cherche \u00e0 faciliter les connexions entre la Jama\u00efque et ses habitants \u00e9tablis aux \u00c9tats-Unis.<\/span><\/p>\t\t\t\t\t\t\t\t<\/div>\n\t\t\t\t<\/div>\n\t\t\t\t<div class=\"elementor-element elementor-element-d352b52 elementor-widget elementor-widget-text-editor\" data-id=\"d352b52\" data-element_type=\"widget\" data-widget_type=\"text-editor.default\">\n\t\t\t\t<div class=\"elementor-widget-container\">\n\t\t\t\t\t\t\t\t\t<p><span style=\"font-weight: 400;\">Garvin Medera, PDG de Caribbean Airlines, a soulign\u00e9 l\u2019importance de cette initiative : &#8220;Chez Caribbean Airlines, nous comprenons les liens profonds entre la Jama\u00efque et sa diaspora. La reprise de ce service quotidien est une priorit\u00e9 afin de faciliter les d\u00e9placements de nos clients et de leur offrir une exp\u00e9rience fluide.&#8221;<\/span><\/p>\t\t\t\t\t\t\t\t<\/div>\n\t\t\t\t<\/div>\n\t\t\t\t<section class=\"elementor-section elementor-inner-section elementor-element elementor-element-3362452 elementor-section-boxed elementor-section-height-default elementor-section-height-default\" data-id=\"3362452\" data-element_type=\"section\">\n\t\t\t\t\t\t<div class=\"elementor-container elementor-column-gap-default\">\n\t\t\t\t\t<div class=\"elementor-column elementor-col-100 elementor-inner-column elementor-element elementor-element-f9aa0b5\" data-id=\"f9aa0b5\" data-element_type=\"column\">\n\t\t\t<div class=\"elementor-widget-wrap elementor-element-populated\">\n\t\t\t\t\t\t<div class=\"elementor-element elementor-element-373a450 elementor-widget elementor-widget-video\" data-id=\"373a450\" data-element_type=\"widget\" data-settings=\"{&quot;youtube_url&quot;:&quot;https:\\\/\\\/www.youtube.com\\\/watch?v=1DJ8h_KfCWY&amp;ab_channel=SouthFloridaCaribbeanNews&quot;,&quot;video_type&quot;:&quot;youtube&quot;,&quot;controls&quot;:&quot;yes&quot;}\" data-widget_type=\"video.default\">\n\t\t\t\t<div class=\"elementor-widget-container\">\n\t\t\t\t\t\t\t<div class=\"elementor-wrapper elementor-open-inline\">\n\t\t\t<div class=\"elementor-video\"><\/div>\t\t<\/div>\n\t\t\t\t\t\t<\/div>\n\t\t\t\t<\/div>\n\t\t\t\t\t<\/div>\n\t\t<\/div>\n\t\t\t\t\t<\/div>\n\t\t<\/section>\n\t\t\t\t\t<\/div>\n\t\t<\/div>\n\t\t\t\t\t<\/div>\n\t\t<\/section>\n\t\t\t\t<section class=\"elementor-section elementor-top-section elementor-element elementor-element-9be5ad7 elementor-section-boxed elementor-section-height-default elementor-section-height-default\" data-id=\"9be5ad7\" data-element_type=\"section\">\n\t\t\t\t\t\t<div class=\"elementor-container elementor-column-gap-default\">\n\t\t\t\t\t<div class=\"elementor-column elementor-col-100 elementor-top-column elementor-element elementor-element-76aecaa\" data-id=\"76aecaa\" data-element_type=\"column\">\n\t\t\t<div class=\"elementor-widget-wrap elementor-element-populated\">\n\t\t\t\t\t\t<div class=\"elementor-element elementor-element-96fb8e3 elementor-widget elementor-widget-heading\" data-id=\"96fb8e3\" data-element_type=\"widget\" data-widget_type=\"heading.default\">\n\t\t\t\t<div class=\"elementor-widget-container\">\n\t\t\t\t\t<h2 class=\"elementor-heading-title elementor-size-default\">Impact sur la communaut\u00e9<\/h2>\t\t\t\t<\/div>\n\t\t\t\t<\/div>\n\t\t\t\t<div class=\"elementor-element elementor-element-fc48138 elementor-widget elementor-widget-text-editor\" data-id=\"fc48138\" data-element_type=\"widget\" data-widget_type=\"text-editor.default\">\n\t\t\t\t<div class=\"elementor-widget-container\">\n\t\t\t\t\t\t\t\t\t<p><span style=\"font-weight: 400;\">La r\u00e9ouverture de cette ligne a suscit\u00e9 un enthousiasme palpable au sein de plusieurs groupes influents, notamment le Jamaica Tourist Board (JTB), l&#8217;Association des h\u00f4tels et touristes de la Jama\u00efque (JHTA) et la diaspora jama\u00efcaine. La pr\u00e9sence de ces acteurs lors du vol inaugural atteste de leur soutien \u00e0 cette initiative et de leur int\u00e9r\u00eat pour le d\u00e9veloppement des liaisons a\u00e9riennes r\u00e9gionales.<\/span><\/p>\t\t\t\t\t\t\t\t<\/div>\n\t\t\t\t<\/div>\n\t\t\t\t<div class=\"elementor-element elementor-element-b1949f3 elementor-widget elementor-widget-text-editor\" data-id=\"b1949f3\" data-element_type=\"widget\" data-widget_type=\"text-editor.default\">\n\t\t\t\t<div class=\"elementor-widget-container\">\n\t\t\t\t\t\t\t\t\t<p><span style=\"font-weight: 400;\">Ce retour des vols directs constitue \u00e9galement une opportunit\u00e9 pour les entreprises jama\u00efcaines, notamment celles du secteur touristique et des exportations. La facilit\u00e9 d\u2019acc\u00e8s aux \u00c9tats-Unis encourage les entrepreneurs \u00e0 explorer de nouveaux march\u00e9s, renfor\u00e7ant ainsi la croissance \u00e9conomique locale.<\/span><\/p>\t\t\t\t\t\t\t\t<\/div>\n\t\t\t\t<\/div>\n\t\t\t\t<section class=\"elementor-section elementor-inner-section elementor-element elementor-element-6172e4f elementor-section-boxed elementor-section-height-default elementor-section-height-default\" data-id=\"6172e4f\" data-element_type=\"section\">\n\t\t\t\t\t\t<div class=\"elementor-container elementor-column-gap-default\">\n\t\t\t\t\t<div class=\"elementor-column elementor-col-100 elementor-inner-column elementor-element elementor-element-4c5ac1c\" data-id=\"4c5ac1c\" data-element_type=\"column\">\n\t\t\t<div class=\"elementor-widget-wrap elementor-element-populated\">\n\t\t\t\t\t\t<div class=\"elementor-element elementor-element-b7dc488 elementor-widget elementor-widget-video\" data-id=\"b7dc488\" data-element_type=\"widget\" data-settings=\"{&quot;youtube_url&quot;:&quot;https:\\\/\\\/www.youtube.com\\\/watch?v=jXKaRYhbGMQ&amp;ab_channel=SouthFloridaCaribbeanNews&quot;,&quot;video_type&quot;:&quot;youtube&quot;,&quot;controls&quot;:&quot;yes&quot;}\" data-widget_type=\"video.default\">\n\t\t\t\t<div class=\"elementor-widget-container\">\n\t\t\t\t\t\t\t<div class=\"elementor-wrapper elementor-open-inline\">\n\t\t\t<div class=\"elementor-video\"><\/div>\t\t<\/div>\n\t\t\t\t\t\t<\/div>\n\t\t\t\t<\/div>\n\t\t\t\t\t<\/div>\n\t\t<\/div>\n\t\t\t\t\t<\/div>\n\t\t<\/section>\n\t\t\t\t\t<\/div>\n\t\t<\/div>\n\t\t\t\t\t<\/div>\n\t\t<\/section>\n\t\t\t\t<section class=\"elementor-section elementor-top-section elementor-element elementor-element-889dceb elementor-section-boxed elementor-section-height-default elementor-section-height-default\" data-id=\"889dceb\" data-element_type=\"section\">\n\t\t\t\t\t\t<div class=\"elementor-container elementor-column-gap-default\">\n\t\t\t\t\t<div class=\"elementor-column elementor-col-100 elementor-top-column elementor-element elementor-element-cb266eb\" data-id=\"cb266eb\" data-element_type=\"column\">\n\t\t\t<div class=\"elementor-widget-wrap elementor-element-populated\">\n\t\t\t\t\t\t<div class=\"elementor-element elementor-element-8edf822 elementor-widget elementor-widget-heading\" data-id=\"8edf822\" data-element_type=\"widget\" data-widget_type=\"heading.default\">\n\t\t\t\t<div class=\"elementor-widget-container\">\n\t\t\t\t\t<h2 class=\"elementor-heading-title elementor-size-default\">Engagement de Caribbean Airlines envers la Jama\u00efque<\/h2>\t\t\t\t<\/div>\n\t\t\t\t<\/div>\n\t\t\t\t<div class=\"elementor-element elementor-element-6d1f975 elementor-widget elementor-widget-text-editor\" data-id=\"6d1f975\" data-element_type=\"widget\" data-widget_type=\"text-editor.default\">\n\t\t\t\t<div class=\"elementor-widget-container\">\n\t\t\t\t\t\t\t\t\t<p><span style=\"font-weight: 400;\"><a href=\"https:\/\/sflcn.com\/caribbean-airlines-restarts-non-stop-montego-bay-fort-lauderdale-daily-flights\/\" target=\"_blank\" rel=\"noopener nofollow\">Caribbean Airlines<\/a> ne se limite pas \u00e0 l\u2019offre de services a\u00e9riens. La compagnie est activement impliqu\u00e9e dans le soutien \u00e0 la culture et au sport en <a href=\"https:\/\/richeskarayib.com\/fr\/3%e1%b5%89-conference-sur-la-resilience-touristique\/\" target=\"_blank\" rel=\"noopener\">Jama\u00efque<\/a>. Depuis six ans, elle est le sponsor principal du Reggae Sumfest, contribuant \u00e0 la promotion de la musique et des artistes locaux. Elle soutient \u00e9galement les ISSA Champs, une comp\u00e9tition sportive majeure qui met en avant le talent des jeunes athl\u00e8tes jama\u00efcains.<\/span><\/p>\t\t\t\t\t\t\t\t<\/div>\n\t\t\t\t<\/div>\n\t\t\t\t<div class=\"elementor-element elementor-element-d1a097c elementor-widget elementor-widget-text-editor\" data-id=\"d1a097c\" data-element_type=\"widget\" data-widget_type=\"text-editor.default\">\n\t\t\t\t<div class=\"elementor-widget-container\">\n\t\t\t\t\t\t\t\t\t<p><span style=\"font-weight: 400;\">Dans le cadre de cette reprise, la direction de Caribbean Airlines a organis\u00e9 des rencontres avec des membres de la diaspora \u00e0 Fort Lauderdale. Ces \u00e9changes ont permis de mieux comprendre les attentes des voyageurs et de renforcer les liens entre la compagnie et ses clients fid\u00e8les. L\u2019objectif est d\u2019am\u00e9liorer en permanence les services pour r\u00e9pondre aux besoins de cette communaut\u00e9 dynamique et engag\u00e9e.<\/span><\/p>\t\t\t\t\t\t\t\t<\/div>\n\t\t\t\t<\/div>\n\t\t\t\t<section class=\"elementor-section elementor-inner-section elementor-element elementor-element-ab23577 elementor-section-boxed elementor-section-height-default elementor-section-height-default\" data-id=\"ab23577\" data-element_type=\"section\">\n\t\t\t\t\t\t<div class=\"elementor-container elementor-column-gap-default\">\n\t\t\t\t\t<div class=\"elementor-column elementor-col-100 elementor-inner-column elementor-element elementor-element-0296a39\" data-id=\"0296a39\" data-element_type=\"column\">\n\t\t\t<div class=\"elementor-widget-wrap elementor-element-populated\">\n\t\t\t\t\t\t<div class=\"elementor-element elementor-element-53c350c elementor-widget elementor-widget-video\" data-id=\"53c350c\" data-element_type=\"widget\" data-settings=\"{&quot;youtube_url&quot;:&quot;https:\\\/\\\/www.youtube.com\\\/watch?v=g-Xtd0EMU2E&quot;,&quot;video_type&quot;:&quot;youtube&quot;,&quot;controls&quot;:&quot;yes&quot;}\" data-widget_type=\"video.default\">\n\t\t\t\t<div class=\"elementor-widget-container\">\n\t\t\t\t\t\t\t<div class=\"elementor-wrapper elementor-open-inline\">\n\t\t\t<div class=\"elementor-video\"><\/div>\t\t<\/div>\n\t\t\t\t\t\t<\/div>\n\t\t\t\t<\/div>\n\t\t\t\t\t<\/div>\n\t\t<\/div>\n\t\t\t\t\t<\/div>\n\t\t<\/section>\n\t\t\t\t\t<\/div>\n\t\t<\/div>\n\t\t\t\t\t<\/div>\n\t\t<\/section>\n\t\t\t\t<section class=\"elementor-section elementor-top-section elementor-element elementor-element-53262f1 elementor-section-boxed elementor-section-height-default elementor-section-height-default\" data-id=\"53262f1\" data-element_type=\"section\">\n\t\t\t\t\t\t<div class=\"elementor-container elementor-column-gap-default\">\n\t\t\t\t\t<div class=\"elementor-column elementor-col-100 elementor-top-column elementor-element elementor-element-eac4faf\" data-id=\"eac4faf\" data-element_type=\"column\">\n\t\t\t<div class=\"elementor-widget-wrap elementor-element-populated\">\n\t\t\t\t\t\t<div class=\"elementor-element elementor-element-05782f7 elementor-widget elementor-widget-heading\" data-id=\"05782f7\" data-element_type=\"widget\" data-widget_type=\"heading.default\">\n\t\t\t\t<div class=\"elementor-widget-container\">\n\t\t\t\t\t<h2 class=\"elementor-heading-title elementor-size-default\">Strat\u00e9gie globale de Caribbean Airlines<\/h2>\t\t\t\t<\/div>\n\t\t\t\t<\/div>\n\t\t\t\t<div class=\"elementor-element elementor-element-9c39683 elementor-widget elementor-widget-text-editor\" data-id=\"9c39683\" data-element_type=\"widget\" data-widget_type=\"text-editor.default\">\n\t\t\t\t<div class=\"elementor-widget-container\">\n\t\t\t\t\t\t\t\t\t<p><span style=\"font-weight: 400;\">La r\u00e9introduction de cette route s\u2019inscrit dans une strat\u00e9gie plus large de Caribbean Airlines visant \u00e0 d\u00e9velopper son r\u00e9seau dans la r\u00e9gion. En diversifiant ses services et en optimisant ses itin\u00e9raires, la compagnie r\u00e9pond \u00e0 une demande croissante tout en assurant une expansion durable. Elle pr\u00e9voit \u00e9galement d\u2019am\u00e9liorer la qualit\u00e9 de l\u2019exp\u00e9rience passager, notamment en modernisant sa flotte et en optimisant ses horaires pour une plus grande flexibilit\u00e9.<\/span><\/p>\t\t\t\t\t\t\t\t<\/div>\n\t\t\t\t<\/div>\n\t\t\t\t<div class=\"elementor-element elementor-element-3d05ecc elementor-widget elementor-widget-text-editor\" data-id=\"3d05ecc\" data-element_type=\"widget\" data-widget_type=\"text-editor.default\">\n\t\t\t\t<div class=\"elementor-widget-container\">\n\t\t\t\t\t\t\t\t\t<p><span style=\"font-weight: 400;\">La connectivit\u00e9 a\u00e9rienne est un levier fondamental pour le d\u00e9veloppement \u00e9conomique et touristique des \u00eeles des Cara\u00efbes. Caribbean Airlines joue un r\u00f4le essentiel en offrant des options de vol adapt\u00e9es aux besoins des voyageurs et des entreprises. L\u2019ajout de nouvelles destinations et l\u2019am\u00e9lioration des services existants font partie int\u00e9grante de cette vision \u00e0 long terme.<\/span><\/p>\t\t\t\t\t\t\t\t<\/div>\n\t\t\t\t<\/div>\n\t\t\t\t<div class=\"elementor-element elementor-element-ec85a87 elementor-widget elementor-widget-text-editor\" data-id=\"ec85a87\" data-element_type=\"widget\" data-widget_type=\"text-editor.default\">\n\t\t\t\t<div class=\"elementor-widget-container\">\n\t\t\t\t\t\t\t\t\t<p><span style=\"font-weight: 400;\">&#8220;Caribbean Airlines fait partie int\u00e9grante du paysage a\u00e9rien carib\u00e9en,&#8221; a d\u00e9clar\u00e9 Garvin Medera. &#8220;Notre engagement envers la Jama\u00efque et la diaspora est au c\u0153ur de notre strat\u00e9gie. Nous nous attachons \u00e0 am\u00e9liorer continuellement l\u2019exp\u00e9rience de voyage de nos passagers et \u00e0 leur offrir des solutions toujours plus accessibles.&#8221;<\/span><\/p>\t\t\t\t\t\t\t\t<\/div>\n\t\t\t\t<\/div>\n\t\t\t\t\t<\/div>\n\t\t<\/div>\n\t\t\t\t\t<\/div>\n\t\t<\/section>\n\t\t\t\t<section class=\"elementor-section elementor-top-section elementor-element elementor-element-ae90f75 elementor-section-boxed elementor-section-height-default elementor-section-height-default\" data-id=\"ae90f75\" data-element_type=\"section\">\n\t\t\t\t\t\t<div class=\"elementor-container elementor-column-gap-default\">\n\t\t\t\t\t<div class=\"elementor-column elementor-col-100 elementor-top-column elementor-element elementor-element-3170518\" data-id=\"3170518\" data-element_type=\"column\">\n\t\t\t<div class=\"elementor-widget-wrap elementor-element-populated\">\n\t\t\t\t\t\t<div class=\"elementor-element elementor-element-4349e06 elementor-widget elementor-widget-text-editor\" data-id=\"4349e06\" data-element_type=\"widget\" data-widget_type=\"text-editor.default\">\n\t\t\t\t<div class=\"elementor-widget-container\">\n\t\t\t\t\t\t\t\t\t<p><span style=\"font-weight: 400;\">Le red\u00e9marrage des vols directs entre Montego Bay et Fort Lauderdale par Caribbean Airlines est bien plus qu&#8217;une simple expansion commerciale. Il s&#8217;agit d&#8217;un engagement concret envers la communaut\u00e9 jama\u00efcaine et ses nombreux voyageurs. Cette initiative renforce les liens culturels et familiaux entre la Jama\u00efque et les \u00c9tats-Unis, tout en assurant une alternative de transport fiable et efficace.<\/span><\/p>\t\t\t\t\t\t\t\t<\/div>\n\t\t\t\t<\/div>\n\t\t\t\t<div class=\"elementor-element elementor-element-653e5bd elementor-widget elementor-widget-text-editor\" data-id=\"653e5bd\" data-element_type=\"widget\" data-widget_type=\"text-editor.default\">\n\t\t\t\t<div class=\"elementor-widget-container\">\n\t\t\t\t\t\t\t\t\t<p><span style=\"font-weight: 400;\">En consolidant son r\u00e9seau et en misant sur la satisfaction de ses passagers, Caribbean Airlines continue d\u2019\u00eatre un acteur majeur du transport a\u00e9rien dans la r\u00e9gion. Son ambition est de devenir un partenaire de confiance pour tous ceux qui souhaitent voyager entre les \u00eeles des Cara\u00efbes et au-del\u00e0. Le succ\u00e8s de cette liaison sera un indicateur cl\u00e9 pour de futures expansions et l\u2019am\u00e9lioration continue des services de la compagnie.<\/span><\/p>\t\t\t\t\t\t\t\t<\/div>\n\t\t\t\t<\/div>\n\t\t\t\t\t<\/div>\n\t\t<\/div>\n\t\t\t\t\t<\/div>\n\t\t<\/section>\n\t\t\t\t<section class=\"elementor-section elementor-top-section elementor-element elementor-element-252e01b elementor-section-boxed elementor-section-height-default elementor-section-height-default\" data-id=\"252e01b\" data-element_type=\"section\">\n\t\t\t\t\t\t<div class=\"elementor-container elementor-column-gap-default\">\n\t\t\t\t\t<div class=\"elementor-column elementor-col-100 elementor-top-column elementor-element elementor-element-1a3ba68\" data-id=\"1a3ba68\" data-element_type=\"column\">\n\t\t\t<div class=\"elementor-widget-wrap elementor-element-populated\">\n\t\t\t\t\t\t<div class=\"elementor-element elementor-element-c5a63c9 elementor-widget elementor-widget-heading\" data-id=\"c5a63c9\" data-element_type=\"widget\" data-widget_type=\"heading.default\">\n\t\t\t\t<div class=\"elementor-widget-container\">\n\t\t\t\t\t<h2 class=\"elementor-heading-title elementor-size-default\">Quelques images du d\u00e9collage entre Fort Lauderdale et Montego Bay<\/h2>\t\t\t\t<\/div>\n\t\t\t\t<\/div>\n\t\t\t\t<section class=\"elementor-section elementor-inner-section elementor-element elementor-element-826dd65 elementor-section-boxed elementor-section-height-default elementor-section-height-default\" data-id=\"826dd65\" data-element_type=\"section\">\n\t\t\t\t\t\t<div class=\"elementor-container elementor-column-gap-default\">\n\t\t\t\t\t<div class=\"elementor-column elementor-col-33 elementor-inner-column elementor-element elementor-element-cf3f332\" data-id=\"cf3f332\" data-element_type=\"column\">\n\t\t\t<div class=\"elementor-widget-wrap elementor-element-populated\">\n\t\t\t\t\t\t<div class=\"elementor-element elementor-element-9b66742 elementor-widget elementor-widget-image\" data-id=\"9b66742\" data-element_type=\"widget\" data-widget_type=\"image.default\">\n\t\t\t\t<div class=\"elementor-widget-container\">\n\t\t\t\t\t\t\t\t\t\t\t\t<figure class=\"wp-caption\">\n\t\t\t\t\t\t\t\t\t\t<img fetchpriority=\"high\" decoding=\"async\" width=\"600\" height=\"476\" src=\"https:\/\/richeskarayib.com\/wp-content\/uploads\/2025\/03\/Caribbean-Airlines-Flight-Crew-with-CEO-Garvin-Medera.webp\" class=\"attachment-large size-large wp-image-46546\" alt=\"Caribbean Airlines\" srcset=\"https:\/\/richeskarayib.com\/wp-content\/uploads\/2025\/03\/Caribbean-Airlines-Flight-Crew-with-CEO-Garvin-Medera.webp 600w, https:\/\/richeskarayib.com\/wp-content\/uploads\/2025\/03\/Caribbean-Airlines-Flight-Crew-with-CEO-Garvin-Medera-300x238.webp 300w\" sizes=\"(max-width: 600px) 100vw, 600px\" \/>\t\t\t\t\t\t\t\t\t\t\t<figcaption class=\"widget-image-caption wp-caption-text\">\u00c9quipage de vol de Caribbean Airlines avec le PDG Garvin Medera.\n\nSource : South Florida Caribbean News<\/figcaption>\n\t\t\t\t\t\t\t\t\t\t<\/figure>\n\t\t\t\t\t\t\t\t\t<\/div>\n\t\t\t\t<\/div>\n\t\t\t\t\t<\/div>\n\t\t<\/div>\n\t\t\t\t<div class=\"elementor-column elementor-col-33 elementor-inner-column elementor-element elementor-element-03f230c\" data-id=\"03f230c\" data-element_type=\"column\">\n\t\t\t<div class=\"elementor-widget-wrap elementor-element-populated\">\n\t\t\t\t\t\t<div class=\"elementor-element elementor-element-e101a58 elementor-widget elementor-widget-image\" data-id=\"e101a58\" data-element_type=\"widget\" data-widget_type=\"image.default\">\n\t\t\t\t<div class=\"elementor-widget-container\">\n\t\t\t\t\t\t\t\t\t\t\t\t<figure class=\"wp-caption\">\n\t\t\t\t\t\t\t\t\t\t<img decoding=\"async\" width=\"419\" height=\"512\" src=\"https:\/\/richeskarayib.com\/wp-content\/uploads\/2025\/03\/First-Officer-Ricardo-Dawson-and-Captain-Brenton-Borrows.webp\" class=\"attachment-large size-large wp-image-46550\" alt=\"Caribbean Airlines\" srcset=\"https:\/\/richeskarayib.com\/wp-content\/uploads\/2025\/03\/First-Officer-Ricardo-Dawson-and-Captain-Brenton-Borrows.webp 419w, https:\/\/richeskarayib.com\/wp-content\/uploads\/2025\/03\/First-Officer-Ricardo-Dawson-and-Captain-Brenton-Borrows-246x300.webp 246w\" sizes=\"(max-width: 419px) 100vw, 419px\" \/>\t\t\t\t\t\t\t\t\t\t\t<figcaption class=\"widget-image-caption wp-caption-text\">Premier Officier Ricardo Dawson et Capitaine Brenton Borrows.\n\nSource : South Florida Caribbean News.<\/figcaption>\n\t\t\t\t\t\t\t\t\t\t<\/figure>\n\t\t\t\t\t\t\t\t\t<\/div>\n\t\t\t\t<\/div>\n\t\t\t\t\t<\/div>\n\t\t<\/div>\n\t\t\t\t<div class=\"elementor-column elementor-col-33 elementor-inner-column elementor-element elementor-element-a47c4a1\" data-id=\"a47c4a1\" data-element_type=\"column\">\n\t\t\t<div class=\"elementor-widget-wrap elementor-element-populated\">\n\t\t\t\t\t\t<div class=\"elementor-element elementor-element-ba44fab elementor-widget elementor-widget-video\" data-id=\"ba44fab\" data-element_type=\"widget\" data-settings=\"{&quot;youtube_url&quot;:&quot;https:\\\/\\\/www.youtube.com\\\/watch?v=c9lzqspJ21c&amp;ab_channel=SouthFloridaCaribbeanNews&quot;,&quot;video_type&quot;:&quot;youtube&quot;,&quot;controls&quot;:&quot;yes&quot;}\" data-widget_type=\"video.default\">\n\t\t\t\t<div class=\"elementor-widget-container\">\n\t\t\t\t\t\t\t<div class=\"elementor-wrapper elementor-open-inline\">\n\t\t\t<div class=\"elementor-video\"><\/div>\t\t<\/div>\n\t\t\t\t\t\t<\/div>\n\t\t\t\t<\/div>\n\t\t\t\t\t<\/div>\n\t\t<\/div>\n\t\t\t\t\t<\/div>\n\t\t<\/section>\n\t\t\t\t\t<\/div>\n\t\t<\/div>\n\t\t\t\t\t<\/div>\n\t\t<\/section>\n\t\t\t\t<section class=\"elementor-section elementor-top-section elementor-element elementor-element-c2eb08e elementor-section-boxed elementor-section-height-default elementor-section-height-default\" data-id=\"c2eb08e\" data-element_type=\"section\">\n\t\t\t\t\t\t<div class=\"elementor-container elementor-column-gap-default\">\n\t\t\t\t\t<div class=\"elementor-column elementor-col-100 elementor-top-column elementor-element elementor-element-f3d89ab\" data-id=\"f3d89ab\" data-element_type=\"column\">\n\t\t\t<div class=\"elementor-widget-wrap elementor-element-populated\">\n\t\t\t\t\t\t<div class=\"elementor-element elementor-element-9ae5a75 elementor-widget elementor-widget-heading\" data-id=\"9ae5a75\" data-element_type=\"widget\" data-widget_type=\"heading.default\">\n\t\t\t\t<div class=\"elementor-widget-container\">\n\t\t\t\t\t<h2 class=\"elementor-heading-title elementor-size-default\">Quelques images de l\u2019atterrissage entre Fort Lauderdale et Montego Bay<\/h2>\t\t\t\t<\/div>\n\t\t\t\t<\/div>\n\t\t\t\t<section class=\"elementor-section elementor-inner-section elementor-element elementor-element-bac0dbd elementor-section-boxed elementor-section-height-default elementor-section-height-default\" data-id=\"bac0dbd\" data-element_type=\"section\">\n\t\t\t\t\t\t<div class=\"elementor-container elementor-column-gap-default\">\n\t\t\t\t\t<div class=\"elementor-column elementor-col-33 elementor-inner-column elementor-element elementor-element-c481c37\" data-id=\"c481c37\" data-element_type=\"column\">\n\t\t\t<div class=\"elementor-widget-wrap elementor-element-populated\">\n\t\t\t\t\t\t<div class=\"elementor-element elementor-element-04f7058 elementor-widget elementor-widget-image\" data-id=\"04f7058\" data-element_type=\"widget\" data-widget_type=\"image.default\">\n\t\t\t\t<div class=\"elementor-widget-container\">\n\t\t\t\t\t\t\t\t\t\t\t\t<figure class=\"wp-caption\">\n\t\t\t\t\t\t\t\t\t\t<img decoding=\"async\" width=\"550\" height=\"413\" src=\"https:\/\/richeskarayib.com\/wp-content\/uploads\/2025\/03\/CAL-FLL-to-MoBay-4.jpg.webp\" class=\"attachment-large size-large wp-image-46554\" alt=\"\" srcset=\"https:\/\/richeskarayib.com\/wp-content\/uploads\/2025\/03\/CAL-FLL-to-MoBay-4.jpg.webp 550w, https:\/\/richeskarayib.com\/wp-content\/uploads\/2025\/03\/CAL-FLL-to-MoBay-4.jpg-300x225.webp 300w\" sizes=\"(max-width: 550px) 100vw, 550px\" \/>\t\t\t\t\t\t\t\t\t\t\t<figcaption class=\"widget-image-caption wp-caption-text\">Source : South Florida Caribbean News.<\/figcaption>\n\t\t\t\t\t\t\t\t\t\t<\/figure>\n\t\t\t\t\t\t\t\t\t<\/div>\n\t\t\t\t<\/div>\n\t\t\t\t\t<\/div>\n\t\t<\/div>\n\t\t\t\t<div class=\"elementor-column elementor-col-33 elementor-inner-column elementor-element elementor-element-2af88e1\" data-id=\"2af88e1\" data-element_type=\"column\">\n\t\t\t<div class=\"elementor-widget-wrap elementor-element-populated\">\n\t\t\t\t\t\t<div class=\"elementor-element elementor-element-4dd7b93 elementor-widget elementor-widget-image\" data-id=\"4dd7b93\" data-element_type=\"widget\" data-widget_type=\"image.default\">\n\t\t\t\t<div class=\"elementor-widget-container\">\n\t\t\t\t\t\t\t\t\t\t\t\t<figure class=\"wp-caption\">\n\t\t\t\t\t\t\t\t\t\t<img loading=\"lazy\" decoding=\"async\" width=\"600\" height=\"450\" src=\"https:\/\/richeskarayib.com\/wp-content\/uploads\/2025\/03\/Mr.-Donovan-White-Director-of-Tourism-Jamaica-Tourist-Board-center-welcomes-the-Caribbean-Airlines-Flight-Crew.webp\" class=\"attachment-large size-large wp-image-46558\" alt=\"Caribbean Airlines\" srcset=\"https:\/\/richeskarayib.com\/wp-content\/uploads\/2025\/03\/Mr.-Donovan-White-Director-of-Tourism-Jamaica-Tourist-Board-center-welcomes-the-Caribbean-Airlines-Flight-Crew.webp 600w, https:\/\/richeskarayib.com\/wp-content\/uploads\/2025\/03\/Mr.-Donovan-White-Director-of-Tourism-Jamaica-Tourist-Board-center-welcomes-the-Caribbean-Airlines-Flight-Crew-300x225.webp 300w\" sizes=\"(max-width: 600px) 100vw, 600px\" \/>\t\t\t\t\t\t\t\t\t\t\t<figcaption class=\"widget-image-caption wp-caption-text\">Source : South Florida Caribbean News.<\/figcaption>\n\t\t\t\t\t\t\t\t\t\t<\/figure>\n\t\t\t\t\t\t\t\t\t<\/div>\n\t\t\t\t<\/div>\n\t\t\t\t\t<\/div>\n\t\t<\/div>\n\t\t\t\t<div class=\"elementor-column elementor-col-33 elementor-inner-column elementor-element elementor-element-cfab39d\" data-id=\"cfab39d\" data-element_type=\"column\">\n\t\t\t<div class=\"elementor-widget-wrap elementor-element-populated\">\n\t\t\t\t\t\t<div class=\"elementor-element elementor-element-a1d7179 elementor-widget elementor-widget-video\" data-id=\"a1d7179\" data-element_type=\"widget\" data-settings=\"{&quot;youtube_url&quot;:&quot;https:\\\/\\\/www.youtube.com\\\/watch?v=fjqjXZxtFow&amp;ab_channel=SouthFloridaCaribbeanNews&quot;,&quot;video_type&quot;:&quot;youtube&quot;,&quot;controls&quot;:&quot;yes&quot;}\" data-widget_type=\"video.default\">\n\t\t\t\t<div class=\"elementor-widget-container\">\n\t\t\t\t\t\t\t<div class=\"elementor-wrapper elementor-open-inline\">\n\t\t\t<div class=\"elementor-video\"><\/div>\t\t<\/div>\n\t\t\t\t\t\t<\/div>\n\t\t\t\t<\/div>\n\t\t\t\t\t<\/div>\n\t\t<\/div>\n\t\t\t\t\t<\/div>\n\t\t<\/section>\n\t\t\t\t\t<\/div>\n\t\t<\/div>\n\t\t\t\t\t<\/div>\n\t\t<\/section>\n\t\t\t\t<\/div>\n\t\t","protected":false},"excerpt":{"rendered":"<p>Caribbean Airlines continue d&#8217;affirmer son engagement envers la connectivit\u00e9 r\u00e9gionale en annon\u00e7ant le red\u00e9marrage de ses vols directs quotidiens entre Montego Bay, en Jama\u00efque, et Fort Lauderdale, en Floride. Cette initiative r\u00e9pond aux attentes des voyageurs et t\u00e9moigne de la volont\u00e9 de la compagnie de renforcer les relations entre la Jama\u00efque et sa diaspora. En [&hellip;]<\/p>\n","protected":false},"author":662,"featured_media":46542,"comment_status":"open","ping_status":"open","sticky":false,"template":"","format":"standard","meta":{"_acf_changed":false,"footnotes":""},"categories":[840],"tags":[823],"class_list":["post-46541","post","type-post","status-publish","format-standard","has-post-thumbnail","hentry","category-actus","tag-jamaique-fr"],"acf":[],"_links":{"self":[{"href":"https:\/\/richeskarayib.com\/fr\/wp-json\/wp\/v2\/posts\/46541","targetHints":{"allow":["GET"]}}],"collection":[{"href":"https:\/\/richeskarayib.com\/fr\/wp-json\/wp\/v2\/posts"}],"about":[{"href":"https:\/\/richeskarayib.com\/fr\/wp-json\/wp\/v2\/types\/post"}],"author":[{"embeddable":true,"href":"https:\/\/richeskarayib.com\/fr\/wp-json\/wp\/v2\/users\/662"}],"replies":[{"embeddable":true,"href":"https:\/\/richeskarayib.com\/fr\/wp-json\/wp\/v2\/comments?post=46541"}],"version-history":[{"count":0,"href":"https:\/\/richeskarayib.com\/fr\/wp-json\/wp\/v2\/posts\/46541\/revisions"}],"wp:featuredmedia":[{"embeddable":true,"href":"https:\/\/richeskarayib.com\/fr\/wp-json\/wp\/v2\/media\/46542"}],"wp:attachment":[{"href":"https:\/\/richeskarayib.com\/fr\/wp-json\/wp\/v2\/media?parent=46541"}],"wp:term":[{"taxonomy":"category","embeddable":true,"href":"https:\/\/richeskarayib.com\/fr\/wp-json\/wp\/v2\/categories?post=46541"},{"taxonomy":"post_tag","embeddable":true,"href":"https:\/\/richeskarayib.com\/fr\/wp-json\/wp\/v2\/tags?post=46541"}],"curies":[{"name":"wp","href":"https:\/\/api.w.org\/{rel}","templated":true}]}}