{"id":46924,"date":"2025-03-24T13:02:43","date_gmt":"2025-03-24T17:02:43","guid":{"rendered":"https:\/\/richeskarayib.com\/?p=46924"},"modified":"2025-03-31T02:06:34","modified_gmt":"2025-03-31T06:06:34","slug":"festival-international-du-film-documentaire","status":"publish","type":"post","link":"https:\/\/richeskarayib.com\/fr\/festival-international-du-film-documentaire\/","title":{"rendered":"Martinique \u2013 Le Festival International du Film Documentaire de Martinique 2025 : Une 9e \u00e9dition engag\u00e9e et in\u00e9dite"},"content":{"rendered":"\t\t<div data-elementor-type=\"wp-post\" data-elementor-id=\"46924\" class=\"elementor elementor-46924\" data-elementor-post-type=\"post\">\n\t\t\t\t\t\t<section class=\"elementor-section elementor-top-section elementor-element elementor-element-9be5ad7 elementor-section-boxed elementor-section-height-default elementor-section-height-default\" data-id=\"9be5ad7\" data-element_type=\"section\">\n\t\t\t\t\t\t<div class=\"elementor-container elementor-column-gap-default\">\n\t\t\t\t\t<div class=\"elementor-column elementor-col-100 elementor-top-column elementor-element elementor-element-76aecaa\" data-id=\"76aecaa\" data-element_type=\"column\">\n\t\t\t<div class=\"elementor-widget-wrap elementor-element-populated\">\n\t\t\t\t\t\t<div class=\"elementor-element elementor-element-fc48138 elementor-widget elementor-widget-text-editor\" data-id=\"fc48138\" data-element_type=\"widget\" data-widget_type=\"text-editor.default\">\n\t\t\t\t<div class=\"elementor-widget-container\">\n\t\t\t\t\t\t\t\t\t<p><span style=\"font-weight: 400;\">Le <a href=\"https:\/\/www.revoltesdelhistoire.fr\/\" target=\"_blank\" rel=\"noopener nofollow\">Festival International du Film Documentaire de Martinique<\/a>, \u00e9galement appel\u00e9 &#8220;Les R\u00e9volt\u00e9s du Monde&#8221;, revient pour sa 9e \u00e9dition du 3 au 12 avril 2025. Le Festival International du Film Documentaire est renomm\u00e9e internationale propose une s\u00e9lection exclusive de 14 films in\u00e9dits, explorant des th\u00e9matiques fortes telles que les luttes sociales, la libert\u00e9, l&#8217;\u00e9galit\u00e9 et la justice \u00e0 travers le monde. Il est un v\u00e9ritable lieu de r\u00e9flexion et de sensibilisation sur des enjeux soci\u00e9taux cruciaux, tout en offrant une plateforme aux r\u00e9alisateurs et artistes engag\u00e9s.<\/span><\/p>\t\t\t\t\t\t\t\t<\/div>\n\t\t\t\t<\/div>\n\t\t\t\t\t<\/div>\n\t\t<\/div>\n\t\t\t\t\t<\/div>\n\t\t<\/section>\n\t\t\t\t<section class=\"elementor-section elementor-top-section elementor-element elementor-element-889dceb elementor-section-boxed elementor-section-height-default elementor-section-height-default\" data-id=\"889dceb\" data-element_type=\"section\">\n\t\t\t\t\t\t<div class=\"elementor-container elementor-column-gap-default\">\n\t\t\t\t\t<div class=\"elementor-column elementor-col-100 elementor-top-column elementor-element elementor-element-cb266eb\" data-id=\"cb266eb\" data-element_type=\"column\">\n\t\t\t<div class=\"elementor-widget-wrap elementor-element-populated\">\n\t\t\t\t\t\t<div class=\"elementor-element elementor-element-8edf822 elementor-widget elementor-widget-heading\" data-id=\"8edf822\" data-element_type=\"widget\" data-widget_type=\"heading.default\">\n\t\t\t\t<div class=\"elementor-widget-container\">\n\t\t\t\t\t<h2 class=\"elementor-heading-title elementor-size-default\">\nUne programmation cin\u00e9matographique engag\u00e9e<\/h2>\t\t\t\t<\/div>\n\t\t\t\t<\/div>\n\t\t\t\t<div class=\"elementor-element elementor-element-c1659b1 elementor-widget elementor-widget-text-editor\" data-id=\"c1659b1\" data-element_type=\"widget\" data-widget_type=\"text-editor.default\">\n\t\t\t\t<div class=\"elementor-widget-container\">\n\t\t\t\t\t\t\t\t\t<p><span style=\"font-weight: 400;\">14 films in\u00e9dits qui seront projet\u00e9s lors du <\/span><a href=\"https:\/\/antilla-martinique.com\/les-revoltes-du-monde-2025-un-festival-de-conscience-de-memoire-et-de-resistance\/\" target=\"_blank\" rel=\"noopener nofollow\"><b>Festival International du Film Documentaire de Martinique <\/b><\/a><span style=\"font-weight: 400;\">:<\/span><\/p>\t\t\t\t\t\t\t\t<\/div>\n\t\t\t\t<\/div>\n\t\t\t\t<div class=\"elementor-element elementor-element-6d1f975 elementor-widget elementor-widget-text-editor\" data-id=\"6d1f975\" data-element_type=\"widget\" data-widget_type=\"text-editor.default\">\n\t\t\t\t<div class=\"elementor-widget-container\">\n\t\t\t\t\t\t\t\t\t<ul>\n<li style=\"font-weight: 400;\" aria-level=\"1\"><b>Aux origines, l\u2019esclavage<\/b><span style=\"font-weight: 400;\"> (Sonia Dauger &amp; Xavier Lefebvre) \u2013 Une analyse approfondie de l&#8217;histoire de l&#8217;esclavage fran\u00e7ais.<\/span><\/li>\n<li style=\"font-weight: 400;\" aria-level=\"1\"><b>L\u2019Afrique &#8211; Point chaud de la guerre froide<\/b><span style=\"font-weight: 400;\"> (Barbara Necek) \u2013 L&#8217;influence des puissances occidentales en Afrique pendant la Guerre froide.<\/span><\/li>\n<li style=\"font-weight: 400;\" aria-level=\"1\"><b>MK, l\u2019arm\u00e9e secr\u00e8te de Mandela<\/b><span style=\"font-weight: 400;\"> (Osvalde Lewat) \u2013 Le r\u00f4le des combattants anti-apartheid en Afrique du Sud.<\/span><\/li>\n<li style=\"font-weight: 400;\" aria-level=\"1\"><b>Pensionnats catholiques de Guyane : la blessure<\/b><span style=\"font-weight: 400;\"> (Fran\u00e7ois Reinhardt) \u2013 Une r\u00e9flexion sur l\u2019assimilation forc\u00e9e des jeunes Am\u00e9rindiens.<\/span><\/li>\n<li style=\"font-weight: 400;\" aria-level=\"1\"><b>Carlos : l\u2019odyss\u00e9e Santana<\/b><span style=\"font-weight: 400;\"> (Rudy Valdez) \u2013 Portrait intime du guitariste mexicain.<\/span><\/li>\n<li style=\"font-weight: 400;\" aria-level=\"1\"><b>Nouvelle-Cal\u00e9donie, l\u2019invraisemblable verdict<\/b><span style=\"font-weight: 400;\"> (Olivier Pighetti) \u2013 Retour sur un proc\u00e8s marquant du mouvement d\u2019ind\u00e9pendance kanak.<\/span><\/li>\n<li style=\"font-weight: 400;\" aria-level=\"1\"><b style=\"font-family: -apple-system, BlinkMacSystemFont, 'Segoe UI', Roboto, 'Helvetica Neue', Arial, 'Noto Sans', sans-serif, 'Apple Color Emoji', 'Segoe UI Emoji', 'Segoe UI Symbol', 'Noto Color Emoji';\">Le combat pour Laikipia<\/b><span style=\"font-weight: 400;\"> (Daphne Matziaraki &amp; Peter Murimi) \u2013 Un conflit foncier au Kenya sur fond de changement climatique.<\/span><\/li>\n<\/ul>\t\t\t\t\t\t\t\t<\/div>\n\t\t\t\t<\/div>\n\t\t\t\t<div class=\"elementor-element elementor-element-95f8504 elementor-widget elementor-widget-text-editor\" data-id=\"95f8504\" data-element_type=\"widget\" data-widget_type=\"text-editor.default\">\n\t\t\t\t<div class=\"elementor-widget-container\">\n\t\t\t\t\t\t\t\t\t<ul>\n<li style=\"font-weight: 400;\" aria-level=\"1\"><b>Vivre et laisser vivre : la voix de Jackie Shane<\/b><span style=\"font-weight: 400;\"> (Michael Mabbott &amp; Lucah Rosenberg-Lee) \u2013 Un hommage \u00e0 la chanteuse soul transgenre.<\/span><\/li>\n<li style=\"font-weight: 400;\" aria-level=\"1\"><b>Le Mythe de la Femme Noire<\/b><span style=\"font-weight: 400;\"> (Ayana O\u2019Shun) \u2013 Une analyse des st\u00e9r\u00e9otypes li\u00e9s aux femmes noires.<\/span><\/li>\n<li style=\"font-weight: 400;\" aria-level=\"1\"><b>Malcolm X, la justice quel qu\u2019en soit le prix<\/b><span style=\"font-weight: 400;\"> (Amine Mestari) \u2013 Une enqu\u00eate sur l\u2019assassinat du leader afro-am\u00e9ricain.<\/span><\/li>\n<li style=\"font-weight: 400;\" aria-level=\"1\"><b>Adoption internationale, un scandale plan\u00e9taire<\/b><span style=\"font-weight: 400;\"> (Sonia Gonzalez &amp; Christine Tournadre) \u2013 Une analyse des d\u00e9rives de l\u2019adoption internationale.<\/span><\/li>\n<li style=\"font-weight: 400;\" aria-level=\"1\"><b>Est-ce que Maryse dort ? Sur les traces d\u2019encre de Maryse Cond\u00e9<\/b><span style=\"font-weight: 400;\"> (G\u00e9rard Maximin) \u2013 Un hommage \u00e0 l\u2019autrice guadeloup\u00e9enne.<\/span><\/li>\n<li style=\"font-weight: 400;\" aria-level=\"1\"><b>S\u0153urs de la terre &#8211; Guadeloupe, les gu\u00e9risseuses du territoire<\/b><span style=\"font-weight: 400;\"> (Pascale d\u2019Erm) \u2013 Une r\u00e9flexion sur les cons\u00e9quences du chlord\u00e9cone.<\/span><\/li>\n<li style=\"font-weight: 400;\" aria-level=\"1\"><b>\u00catre noir \u00e0 l\u2019Op\u00e9ra<\/b><span style=\"font-weight: 400;\"> (Virginie Plaut &amp; Youcef Khemane) \u2013 Un regard sur la diversit\u00e9 \u00e0 l&#8217;Op\u00e9ra de Paris.<\/span><\/li>\n<li style=\"font-weight: 400;\" aria-level=\"1\">\u00a0<\/li>\n<\/ul>\t\t\t\t\t\t\t\t<\/div>\n\t\t\t\t<\/div>\n\t\t\t\t<section class=\"elementor-section elementor-inner-section elementor-element elementor-element-c8effd8 elementor-section-boxed elementor-section-height-default elementor-section-height-default\" data-id=\"c8effd8\" data-element_type=\"section\">\n\t\t\t\t\t\t<div class=\"elementor-container elementor-column-gap-default\">\n\t\t\t\t\t<div class=\"elementor-column elementor-col-33 elementor-inner-column elementor-element elementor-element-9e2847c\" data-id=\"9e2847c\" data-element_type=\"column\">\n\t\t\t<div class=\"elementor-widget-wrap elementor-element-populated\">\n\t\t\t\t\t\t<div class=\"elementor-element elementor-element-54866b7 elementor-widget elementor-widget-image\" data-id=\"54866b7\" data-element_type=\"widget\" data-widget_type=\"image.default\">\n\t\t\t\t<div class=\"elementor-widget-container\">\n\t\t\t\t\t\t\t\t\t\t\t\t\t\t\t<img fetchpriority=\"high\" decoding=\"async\" width=\"800\" height=\"600\" src=\"https:\/\/richeskarayib.com\/wp-content\/uploads\/2025\/03\/Depliant-110x165-LRDM-972-2025_v5_page-0004-1024x768.jpg\" class=\"attachment-large size-large wp-image-46929\" alt=\"Festival International du Film Documentaire\" srcset=\"https:\/\/richeskarayib.com\/wp-content\/uploads\/2025\/03\/Depliant-110x165-LRDM-972-2025_v5_page-0004-1024x768.jpg 1024w, https:\/\/richeskarayib.com\/wp-content\/uploads\/2025\/03\/Depliant-110x165-LRDM-972-2025_v5_page-0004-300x225.jpg 300w, https:\/\/richeskarayib.com\/wp-content\/uploads\/2025\/03\/Depliant-110x165-LRDM-972-2025_v5_page-0004-768x576.jpg 768w, https:\/\/richeskarayib.com\/wp-content\/uploads\/2025\/03\/Depliant-110x165-LRDM-972-2025_v5_page-0004.jpg 1300w\" sizes=\"(max-width: 800px) 100vw, 800px\" \/>\t\t\t\t\t\t\t\t\t\t\t\t\t\t\t<\/div>\n\t\t\t\t<\/div>\n\t\t\t\t\t<\/div>\n\t\t<\/div>\n\t\t\t\t<div class=\"elementor-column elementor-col-33 elementor-inner-column elementor-element elementor-element-8c2d4d9\" data-id=\"8c2d4d9\" data-element_type=\"column\">\n\t\t\t<div class=\"elementor-widget-wrap elementor-element-populated\">\n\t\t\t\t\t\t<div class=\"elementor-element elementor-element-e11907a elementor-widget elementor-widget-image\" data-id=\"e11907a\" data-element_type=\"widget\" data-widget_type=\"image.default\">\n\t\t\t\t<div class=\"elementor-widget-container\">\n\t\t\t\t\t\t\t\t\t\t\t\t\t\t\t<img decoding=\"async\" width=\"800\" height=\"600\" src=\"https:\/\/richeskarayib.com\/wp-content\/uploads\/2025\/03\/Depliant-110x165-LRDM-972-2025_v5_page-0005-1024x768.jpg\" class=\"attachment-large size-large wp-image-46933\" alt=\"Festival International du Film Documentaire\" srcset=\"https:\/\/richeskarayib.com\/wp-content\/uploads\/2025\/03\/Depliant-110x165-LRDM-972-2025_v5_page-0005-1024x768.jpg 1024w, https:\/\/richeskarayib.com\/wp-content\/uploads\/2025\/03\/Depliant-110x165-LRDM-972-2025_v5_page-0005-300x225.jpg 300w, https:\/\/richeskarayib.com\/wp-content\/uploads\/2025\/03\/Depliant-110x165-LRDM-972-2025_v5_page-0005-768x576.jpg 768w, https:\/\/richeskarayib.com\/wp-content\/uploads\/2025\/03\/Depliant-110x165-LRDM-972-2025_v5_page-0005.jpg 1300w\" sizes=\"(max-width: 800px) 100vw, 800px\" \/>\t\t\t\t\t\t\t\t\t\t\t\t\t\t\t<\/div>\n\t\t\t\t<\/div>\n\t\t\t\t\t<\/div>\n\t\t<\/div>\n\t\t\t\t<div class=\"elementor-column elementor-col-33 elementor-inner-column elementor-element elementor-element-5b1f2fa\" data-id=\"5b1f2fa\" data-element_type=\"column\">\n\t\t\t<div class=\"elementor-widget-wrap elementor-element-populated\">\n\t\t\t\t\t\t<div class=\"elementor-element elementor-element-e21d4d8 elementor-widget elementor-widget-image\" data-id=\"e21d4d8\" data-element_type=\"widget\" data-widget_type=\"image.default\">\n\t\t\t\t<div class=\"elementor-widget-container\">\n\t\t\t\t\t\t\t\t\t\t\t\t\t\t\t<img decoding=\"async\" width=\"800\" height=\"600\" src=\"https:\/\/richeskarayib.com\/wp-content\/uploads\/2025\/03\/Depliant-110x165-LRDM-972-2025_v5_page-0006-1024x768.jpg\" class=\"attachment-large size-large wp-image-46937\" alt=\"Festival International du Film Documentaire\" srcset=\"https:\/\/richeskarayib.com\/wp-content\/uploads\/2025\/03\/Depliant-110x165-LRDM-972-2025_v5_page-0006-1024x768.jpg 1024w, https:\/\/richeskarayib.com\/wp-content\/uploads\/2025\/03\/Depliant-110x165-LRDM-972-2025_v5_page-0006-300x225.jpg 300w, https:\/\/richeskarayib.com\/wp-content\/uploads\/2025\/03\/Depliant-110x165-LRDM-972-2025_v5_page-0006-768x576.jpg 768w, https:\/\/richeskarayib.com\/wp-content\/uploads\/2025\/03\/Depliant-110x165-LRDM-972-2025_v5_page-0006.jpg 1300w\" sizes=\"(max-width: 800px) 100vw, 800px\" \/>\t\t\t\t\t\t\t\t\t\t\t\t\t\t\t<\/div>\n\t\t\t\t<\/div>\n\t\t\t\t\t<\/div>\n\t\t<\/div>\n\t\t\t\t\t<\/div>\n\t\t<\/section>\n\t\t\t\t\t<\/div>\n\t\t<\/div>\n\t\t\t\t\t<\/div>\n\t\t<\/section>\n\t\t\t\t<section class=\"elementor-section elementor-top-section elementor-element elementor-element-a1f25d1 elementor-section-boxed elementor-section-height-default elementor-section-height-default\" data-id=\"a1f25d1\" data-element_type=\"section\">\n\t\t\t\t\t\t<div class=\"elementor-container elementor-column-gap-default\">\n\t\t\t\t\t<div class=\"elementor-column elementor-col-100 elementor-top-column elementor-element elementor-element-9e15345\" data-id=\"9e15345\" data-element_type=\"column\">\n\t\t\t<div class=\"elementor-widget-wrap elementor-element-populated\">\n\t\t\t\t\t\t<div class=\"elementor-element elementor-element-96b9015 elementor-widget elementor-widget-heading\" data-id=\"96b9015\" data-element_type=\"widget\" data-widget_type=\"heading.default\">\n\t\t\t\t<div class=\"elementor-widget-container\">\n\t\t\t\t\t<h2 class=\"elementor-heading-title elementor-size-default\">Un jury d'exception\n<\/h2>\t\t\t\t<\/div>\n\t\t\t\t<\/div>\n\t\t\t\t<div class=\"elementor-element elementor-element-8aab9f0 elementor-widget elementor-widget-text-editor\" data-id=\"8aab9f0\" data-element_type=\"widget\" data-widget_type=\"text-editor.default\">\n\t\t\t\t<div class=\"elementor-widget-container\">\n\t\t\t\t\t\t\t\t\t<p><span style=\"font-weight: 400;\">Le Festival International du Film Documentaire sera marqu\u00e9 par plusieurs distinctions :<\/span><\/p>\n<ul>\n<li style=\"font-weight: 400;\" aria-level=\"1\"><b>Prix Sp\u00e9cial du Jury &#8220;Prix G\u00e9rard Guillaume&#8221;<\/b><\/li>\n<li style=\"font-weight: 400;\" aria-level=\"1\"><b>Prix du Meilleur Film Ultramarin &#8220;Prix Jean-Paul Jouanelle&#8221;<\/b><\/li>\n<li style=\"font-weight: 400;\" aria-level=\"1\"><b>Prix du Meilleur Documentaire Musical<\/b><\/li>\n<li style=\"font-weight: 400;\" aria-level=\"1\"><b>Prix des Jeunes<\/b><span style=\"font-weight: 400;\">, attribu\u00e9 par 7 lyc\u00e9ens en option cin\u00e9ma.<\/span><\/li>\n<li style=\"font-weight: 400;\" aria-level=\"1\"><b>Prix du Public<\/b><span style=\"font-weight: 400;\">, d\u00e9cern\u00e9 au documentaire &#8220;coup de c\u0153ur&#8221;.<\/span><\/li>\n<\/ul>\t\t\t\t\t\t\t\t<\/div>\n\t\t\t\t<\/div>\n\t\t\t\t<div class=\"elementor-element elementor-element-897c03d elementor-widget elementor-widget-text-editor\" data-id=\"897c03d\" data-element_type=\"widget\" data-widget_type=\"text-editor.default\">\n\t\t\t\t<div class=\"elementor-widget-container\">\n\t\t\t\t\t\t\t\t\t<p><span style=\"font-weight: 400;\">Le jury du Festival International du Film Documentaire est compos\u00e9 de sept professionnels de la culture, dont :<\/span><\/p>\n<ul>\n<li style=\"font-weight: 400;\" aria-level=\"1\"><span style=\"font-weight: 400;\">Murielle Bedot (consultante en connexion corporelle, cit\u00e9e par Forbes 2024)<\/span><\/li>\n<li style=\"font-weight: 400;\" aria-level=\"1\"><span style=\"font-weight: 400;\">Camille Mauduech (pr\u00e9sidente du jury, r\u00e9alisatrice et sc\u00e9nariste)<\/span><\/li>\n<li style=\"font-weight: 400;\" aria-level=\"1\"><span style=\"font-weight: 400;\">Sa\u00efdou Bernabe (expert en animation 3D et effets sp\u00e9ciaux)<\/span><\/li>\n<li style=\"font-weight: 400;\" aria-level=\"1\"><span style=\"font-weight: 400;\">Cheikh Nguirane (ma\u00eetre de conf\u00e9rences en civilisation anglaise)<\/span><\/li>\n<li style=\"font-weight: 400;\" aria-level=\"1\"><span style=\"font-weight: 400;\">Fabrice Th\u00e9odose (adjoint au directeur \u00e9ditorial de Martinique la 1\u00e8re)<\/span><\/li>\n<li style=\"font-weight: 400;\" aria-level=\"1\"><span style=\"font-weight: 400;\">Johan-Hilel Hamel (directeur des affaires culturelles de la Martinique)<\/span><\/li>\n<li style=\"font-weight: 400;\" aria-level=\"1\"><span style=\"font-weight: 400;\">Danielle Ren\u00e9-Corail (artiste et administratrice culturelle)<\/span><\/li>\n<\/ul>\t\t\t\t\t\t\t\t<\/div>\n\t\t\t\t<\/div>\n\t\t\t\t<section class=\"elementor-section elementor-inner-section elementor-element elementor-element-cc4d74a elementor-section-boxed elementor-section-height-default elementor-section-height-default\" data-id=\"cc4d74a\" data-element_type=\"section\">\n\t\t\t\t\t\t<div class=\"elementor-container elementor-column-gap-default\">\n\t\t\t\t\t<div class=\"elementor-column elementor-col-100 elementor-inner-column elementor-element elementor-element-3abb292\" data-id=\"3abb292\" data-element_type=\"column\">\n\t\t\t<div class=\"elementor-widget-wrap elementor-element-populated\">\n\t\t\t\t\t\t<div class=\"elementor-element elementor-element-6da026e elementor-widget elementor-widget-image\" data-id=\"6da026e\" data-element_type=\"widget\" data-widget_type=\"image.default\">\n\t\t\t\t<div class=\"elementor-widget-container\">\n\t\t\t\t\t\t\t\t\t\t\t\t\t\t\t<img loading=\"lazy\" decoding=\"async\" width=\"800\" height=\"600\" src=\"https:\/\/richeskarayib.com\/wp-content\/uploads\/2025\/03\/Depliant-110x165-LRDM-972-2025_v5_page-0003-1024x768.jpg\" class=\"attachment-large size-large wp-image-46941\" alt=\"Festival International du Film Documentaire\" srcset=\"https:\/\/richeskarayib.com\/wp-content\/uploads\/2025\/03\/Depliant-110x165-LRDM-972-2025_v5_page-0003-1024x768.jpg 1024w, https:\/\/richeskarayib.com\/wp-content\/uploads\/2025\/03\/Depliant-110x165-LRDM-972-2025_v5_page-0003-300x225.jpg 300w, https:\/\/richeskarayib.com\/wp-content\/uploads\/2025\/03\/Depliant-110x165-LRDM-972-2025_v5_page-0003-768x576.jpg 768w, https:\/\/richeskarayib.com\/wp-content\/uploads\/2025\/03\/Depliant-110x165-LRDM-972-2025_v5_page-0003.jpg 1300w\" sizes=\"(max-width: 800px) 100vw, 800px\" \/>\t\t\t\t\t\t\t\t\t\t\t\t\t\t\t<\/div>\n\t\t\t\t<\/div>\n\t\t\t\t\t<\/div>\n\t\t<\/div>\n\t\t\t\t\t<\/div>\n\t\t<\/section>\n\t\t\t\t\t<\/div>\n\t\t<\/div>\n\t\t\t\t\t<\/div>\n\t\t<\/section>\n\t\t\t\t<section class=\"elementor-section elementor-top-section elementor-element elementor-element-53262f1 elementor-section-boxed elementor-section-height-default elementor-section-height-default\" data-id=\"53262f1\" data-element_type=\"section\">\n\t\t\t\t\t\t<div class=\"elementor-container elementor-column-gap-default\">\n\t\t\t\t\t<div class=\"elementor-column elementor-col-100 elementor-top-column elementor-element elementor-element-eac4faf\" data-id=\"eac4faf\" data-element_type=\"column\">\n\t\t\t<div class=\"elementor-widget-wrap elementor-element-populated\">\n\t\t\t\t\t\t<div class=\"elementor-element elementor-element-05782f7 elementor-widget elementor-widget-heading\" data-id=\"05782f7\" data-element_type=\"widget\" data-widget_type=\"heading.default\">\n\t\t\t\t<div class=\"elementor-widget-container\">\n\t\t\t\t\t<h2 class=\"elementor-heading-title elementor-size-default\">Les journ\u00e9es professionnelles<\/h2>\t\t\t\t<\/div>\n\t\t\t\t<\/div>\n\t\t\t\t<div class=\"elementor-element elementor-element-9c39683 elementor-widget elementor-widget-text-editor\" data-id=\"9c39683\" data-element_type=\"widget\" data-widget_type=\"text-editor.default\">\n\t\t\t\t<div class=\"elementor-widget-container\">\n\t\t\t\t\t\t\t\t\t<p><span style=\"font-weight: 400;\">Les 3 et 4 avril 2025, les professionnels du cin\u00e9ma et les \u00e9tudiants en audiovisuel pourront assister \u00e0 des conf\u00e9rences sur des th\u00e8mes cl\u00e9s :<\/span><\/p>\n<ul>\n<li style=\"font-weight: 400;\" aria-level=\"1\"><b>Strat\u00e9gies de diffusion<\/b><span style=\"font-weight: 400;\"> (ARTE, France TV Slash)<\/span><\/li>\n<li style=\"font-weight: 400;\" aria-level=\"1\"><b>Droits des cr\u00e9ateurs audiovisuels<\/b><span style=\"font-weight: 400;\"> (SCAM, SACEM Martinique)<\/span><\/li>\n<li style=\"font-weight: 400;\" aria-level=\"1\"><b>Financement de projets cin\u00e9matographiques<\/b><span style=\"font-weight: 400;\"> (CNC)<\/span><\/li>\n<li style=\"font-weight: 400;\" aria-level=\"1\"><b>\u00c9criture et r\u00e9alisation documentaire<\/b><span style=\"font-weight: 400;\"> (Sonia Dauger)<\/span><\/li>\n<li style=\"font-weight: 400;\" aria-level=\"1\"><b>Production de docu-fiction<\/b><span style=\"font-weight: 400;\"> (Fanny Glissant)<\/span><\/li>\n<\/ul>\t\t\t\t\t\t\t\t<\/div>\n\t\t\t\t<\/div>\n\t\t\t\t\t<\/div>\n\t\t<\/div>\n\t\t\t\t\t<\/div>\n\t\t<\/section>\n\t\t\t\t<section class=\"elementor-section elementor-top-section elementor-element elementor-element-9c6f672 elementor-section-boxed elementor-section-height-default elementor-section-height-default\" data-id=\"9c6f672\" data-element_type=\"section\">\n\t\t\t\t\t\t<div class=\"elementor-container elementor-column-gap-default\">\n\t\t\t\t\t<div class=\"elementor-column elementor-col-100 elementor-top-column elementor-element elementor-element-8d054d1\" data-id=\"8d054d1\" data-element_type=\"column\">\n\t\t\t<div class=\"elementor-widget-wrap elementor-element-populated\">\n\t\t\t\t\t\t<div class=\"elementor-element elementor-element-aea2bb7 elementor-widget elementor-widget-heading\" data-id=\"aea2bb7\" data-element_type=\"widget\" data-widget_type=\"heading.default\">\n\t\t\t\t<div class=\"elementor-widget-container\">\n\t\t\t\t\t<h2 class=\"elementor-heading-title elementor-size-default\">Des invit\u00e9s d\u2019honneur\n<\/h2>\t\t\t\t<\/div>\n\t\t\t\t<\/div>\n\t\t\t\t<div class=\"elementor-element elementor-element-5850d8f elementor-widget elementor-widget-text-editor\" data-id=\"5850d8f\" data-element_type=\"widget\" data-widget_type=\"text-editor.default\">\n\t\t\t\t<div class=\"elementor-widget-container\">\n\t\t\t\t\t\t\t\t\t<p><span style=\"font-weight: 400;\">Des personnalit\u00e9s engag\u00e9es du monde du cin\u00e9ma et de la culture seront pr\u00e9sentes :<\/span><\/p>\n<ul>\n<li style=\"font-weight: 400;\" aria-level=\"1\"><b>Sonia Dauger<\/b><span style=\"font-weight: 400;\"> (r\u00e9alisatrice des<\/span><i><span style=\"font-weight: 400;\"> Bleus, une autre histoire de France<\/span><\/i><span style=\"font-weight: 400;\">)<\/span><\/li>\n<li style=\"font-weight: 400;\" aria-level=\"1\"><b>Fanny Glissant<\/b><span style=\"font-weight: 400;\"> (productrice d<\/span><i><span style=\"font-weight: 400;\">es Routes de l&#8217;Esclavage<\/span><\/i><span style=\"font-weight: 400;\">)<\/span><\/li>\n<li style=\"font-weight: 400;\" aria-level=\"1\"><b>Amzat Boukari-Yabara<\/b><span style=\"font-weight: 400;\"> (historien, sp\u00e9cialiste du panafricanisme)<\/span><\/li>\n<li style=\"font-weight: 400;\" aria-level=\"1\"><b>Lionel Trani<\/b><span style=\"font-weight: 400;\"> (chercheur sur l\u2019esclavage colonial, fondateur des <\/span><i><span style=\"font-weight: 400;\">mercredis de l\u2019histoire<\/span><\/i><span style=\"font-weight: 400;\">)<\/span><\/li>\n<\/ul>\t\t\t\t\t\t\t\t<\/div>\n\t\t\t\t<\/div>\n\t\t\t\t<section class=\"elementor-section elementor-inner-section elementor-element elementor-element-f3d711a elementor-section-boxed elementor-section-height-default elementor-section-height-default\" data-id=\"f3d711a\" data-element_type=\"section\">\n\t\t\t\t\t\t<div class=\"elementor-container elementor-column-gap-default\">\n\t\t\t\t\t<div class=\"elementor-column elementor-col-100 elementor-inner-column elementor-element elementor-element-4bfaa84\" data-id=\"4bfaa84\" data-element_type=\"column\">\n\t\t\t<div class=\"elementor-widget-wrap elementor-element-populated\">\n\t\t\t\t\t\t<div class=\"elementor-element elementor-element-de9cf64 elementor-widget elementor-widget-image\" data-id=\"de9cf64\" data-element_type=\"widget\" data-widget_type=\"image.default\">\n\t\t\t\t<div class=\"elementor-widget-container\">\n\t\t\t\t\t\t\t\t\t\t\t\t\t\t\t<img loading=\"lazy\" decoding=\"async\" width=\"800\" height=\"600\" src=\"https:\/\/richeskarayib.com\/wp-content\/uploads\/2025\/03\/Depliant-110x165-LRDM-972-2025_v5_page-0008-1024x768.jpg\" class=\"attachment-large size-large wp-image-46953\" alt=\"Festival International du Film Documentaire\" srcset=\"https:\/\/richeskarayib.com\/wp-content\/uploads\/2025\/03\/Depliant-110x165-LRDM-972-2025_v5_page-0008-1024x768.jpg 1024w, https:\/\/richeskarayib.com\/wp-content\/uploads\/2025\/03\/Depliant-110x165-LRDM-972-2025_v5_page-0008-300x225.jpg 300w, https:\/\/richeskarayib.com\/wp-content\/uploads\/2025\/03\/Depliant-110x165-LRDM-972-2025_v5_page-0008-768x576.jpg 768w, https:\/\/richeskarayib.com\/wp-content\/uploads\/2025\/03\/Depliant-110x165-LRDM-972-2025_v5_page-0008.jpg 1300w\" sizes=\"(max-width: 800px) 100vw, 800px\" \/>\t\t\t\t\t\t\t\t\t\t\t\t\t\t\t<\/div>\n\t\t\t\t<\/div>\n\t\t\t\t\t<\/div>\n\t\t<\/div>\n\t\t\t\t\t<\/div>\n\t\t<\/section>\n\t\t\t\t\t<\/div>\n\t\t<\/div>\n\t\t\t\t\t<\/div>\n\t\t<\/section>\n\t\t\t\t<section class=\"elementor-section elementor-top-section elementor-element elementor-element-059bc9c elementor-section-boxed elementor-section-height-default elementor-section-height-default\" data-id=\"059bc9c\" data-element_type=\"section\">\n\t\t\t\t\t\t<div class=\"elementor-container elementor-column-gap-default\">\n\t\t\t\t\t<div class=\"elementor-column elementor-col-100 elementor-top-column elementor-element elementor-element-68fe53a\" data-id=\"68fe53a\" data-element_type=\"column\">\n\t\t\t<div class=\"elementor-widget-wrap elementor-element-populated\">\n\t\t\t\t\t\t<div class=\"elementor-element elementor-element-cb99714 elementor-widget elementor-widget-heading\" data-id=\"cb99714\" data-element_type=\"widget\" data-widget_type=\"heading.default\">\n\t\t\t\t<div class=\"elementor-widget-container\">\n\t\t\t\t\t<h2 class=\"elementor-heading-title elementor-size-default\">Une \u00e9dition r\u00e9solument engag\u00e9e<\/h2>\t\t\t\t<\/div>\n\t\t\t\t<\/div>\n\t\t\t\t<div class=\"elementor-element elementor-element-1319816 elementor-widget elementor-widget-text-editor\" data-id=\"1319816\" data-element_type=\"widget\" data-widget_type=\"text-editor.default\">\n\t\t\t\t<div class=\"elementor-widget-container\">\n\t\t\t\t\t\t\t\t\t<p><span style=\"font-weight: 400;\">Le <\/span><b>Festival International du Film Documentaire de <a href=\"https:\/\/richeskarayib.com\/fr\/martinique-regards-croises-sur-les-migrations-caribeennes-comprendre-pour-agir\/\" target=\"_blank\" rel=\"noopener\">Martinique<\/a><\/b><span style=\"font-weight: 400;\"> offre une occasion unique de d\u00e9couvrir des histoires fortes, d\u2019\u00e9changer avec des experts et d\u2019aborder des sujets essentiels. Rendez-vous \u00e0 Madiana et dans les communes partenaires du 3 au 12 avril 2025 pour une immersion dans le cin\u00e9ma documentaire et les d\u00e9bats de soci\u00e9t\u00e9.<\/span><\/p>\t\t\t\t\t\t\t\t<\/div>\n\t\t\t\t<\/div>\n\t\t\t\t<section class=\"elementor-section elementor-inner-section elementor-element elementor-element-6be6ae8 elementor-section-boxed elementor-section-height-default elementor-section-height-default\" data-id=\"6be6ae8\" data-element_type=\"section\">\n\t\t\t\t\t\t<div class=\"elementor-container elementor-column-gap-default\">\n\t\t\t\t\t<div class=\"elementor-column elementor-col-50 elementor-inner-column elementor-element elementor-element-b5899f3\" data-id=\"b5899f3\" data-element_type=\"column\">\n\t\t\t<div class=\"elementor-widget-wrap elementor-element-populated\">\n\t\t\t\t\t\t<div class=\"elementor-element elementor-element-7290cd3 elementor-widget elementor-widget-image\" data-id=\"7290cd3\" data-element_type=\"widget\" data-widget_type=\"image.default\">\n\t\t\t\t<div class=\"elementor-widget-container\">\n\t\t\t\t\t\t\t\t\t\t\t\t\t\t\t<img loading=\"lazy\" decoding=\"async\" width=\"650\" height=\"975\" src=\"https:\/\/richeskarayib.com\/wp-content\/uploads\/2025\/03\/Depliant-110x165-LRDM-972-2025_v5_page-0001-1.jpg\" class=\"attachment-large size-large wp-image-46945\" alt=\"Festival International du Film Documentaire\" srcset=\"https:\/\/richeskarayib.com\/wp-content\/uploads\/2025\/03\/Depliant-110x165-LRDM-972-2025_v5_page-0001-1.jpg 650w, https:\/\/richeskarayib.com\/wp-content\/uploads\/2025\/03\/Depliant-110x165-LRDM-972-2025_v5_page-0001-1-200x300.jpg 200w\" sizes=\"(max-width: 650px) 100vw, 650px\" \/>\t\t\t\t\t\t\t\t\t\t\t\t\t\t\t<\/div>\n\t\t\t\t<\/div>\n\t\t\t\t\t<\/div>\n\t\t<\/div>\n\t\t\t\t<div class=\"elementor-column elementor-col-50 elementor-inner-column elementor-element elementor-element-f1deb2f\" data-id=\"f1deb2f\" data-element_type=\"column\">\n\t\t\t<div class=\"elementor-widget-wrap elementor-element-populated\">\n\t\t\t\t\t\t<div class=\"elementor-element elementor-element-de86192 elementor-widget elementor-widget-image\" data-id=\"de86192\" data-element_type=\"widget\" data-widget_type=\"image.default\">\n\t\t\t\t<div class=\"elementor-widget-container\">\n\t\t\t\t\t\t\t\t\t\t\t\t\t\t\t<img loading=\"lazy\" decoding=\"async\" width=\"650\" height=\"975\" src=\"https:\/\/richeskarayib.com\/wp-content\/uploads\/2025\/03\/Depliant-110x165-LRDM-972-2025_v5_page-0009.jpg\" class=\"attachment-large size-large wp-image-46949\" alt=\"Festival International du Film Documentaire\" srcset=\"https:\/\/richeskarayib.com\/wp-content\/uploads\/2025\/03\/Depliant-110x165-LRDM-972-2025_v5_page-0009.jpg 650w, https:\/\/richeskarayib.com\/wp-content\/uploads\/2025\/03\/Depliant-110x165-LRDM-972-2025_v5_page-0009-200x300.jpg 200w\" sizes=\"(max-width: 650px) 100vw, 650px\" \/>\t\t\t\t\t\t\t\t\t\t\t\t\t\t\t<\/div>\n\t\t\t\t<\/div>\n\t\t\t\t\t<\/div>\n\t\t<\/div>\n\t\t\t\t\t<\/div>\n\t\t<\/section>\n\t\t\t\t\t<\/div>\n\t\t<\/div>\n\t\t\t\t\t<\/div>\n\t\t<\/section>\n\t\t\t\t<\/div>\n\t\t","protected":false},"excerpt":{"rendered":"<p>Le Festival International du Film Documentaire de Martinique, \u00e9galement appel\u00e9 &#8220;Les R\u00e9volt\u00e9s du Monde&#8221;, revient pour sa 9e \u00e9dition du 3 au 12 avril 2025. Le Festival International du Film Documentaire est renomm\u00e9e internationale propose une s\u00e9lection exclusive de 14 films in\u00e9dits, explorant des th\u00e9matiques fortes telles que les luttes sociales, la libert\u00e9, l&#8217;\u00e9galit\u00e9 et [&hellip;]<\/p>\n","protected":false},"author":662,"featured_media":46925,"comment_status":"open","ping_status":"open","sticky":false,"template":"","format":"standard","meta":{"_acf_changed":false,"footnotes":""},"categories":[840,1504],"tags":[808],"class_list":["post-46924","post","type-post","status-publish","format-standard","has-post-thumbnail","hentry","category-actus","category-film-et-video","tag-martinique-fr"],"acf":[],"_links":{"self":[{"href":"https:\/\/richeskarayib.com\/fr\/wp-json\/wp\/v2\/posts\/46924","targetHints":{"allow":["GET"]}}],"collection":[{"href":"https:\/\/richeskarayib.com\/fr\/wp-json\/wp\/v2\/posts"}],"about":[{"href":"https:\/\/richeskarayib.com\/fr\/wp-json\/wp\/v2\/types\/post"}],"author":[{"embeddable":true,"href":"https:\/\/richeskarayib.com\/fr\/wp-json\/wp\/v2\/users\/662"}],"replies":[{"embeddable":true,"href":"https:\/\/richeskarayib.com\/fr\/wp-json\/wp\/v2\/comments?post=46924"}],"version-history":[{"count":0,"href":"https:\/\/richeskarayib.com\/fr\/wp-json\/wp\/v2\/posts\/46924\/revisions"}],"wp:featuredmedia":[{"embeddable":true,"href":"https:\/\/richeskarayib.com\/fr\/wp-json\/wp\/v2\/media\/46925"}],"wp:attachment":[{"href":"https:\/\/richeskarayib.com\/fr\/wp-json\/wp\/v2\/media?parent=46924"}],"wp:term":[{"taxonomy":"category","embeddable":true,"href":"https:\/\/richeskarayib.com\/fr\/wp-json\/wp\/v2\/categories?post=46924"},{"taxonomy":"post_tag","embeddable":true,"href":"https:\/\/richeskarayib.com\/fr\/wp-json\/wp\/v2\/tags?post=46924"}],"curies":[{"name":"wp","href":"https:\/\/api.w.org\/{rel}","templated":true}]}}