{"id":47602,"date":"2025-03-27T12:32:54","date_gmt":"2025-03-27T16:32:54","guid":{"rendered":"https:\/\/richeskarayib.com\/?p=47602"},"modified":"2025-03-31T02:06:07","modified_gmt":"2025-03-31T06:06:07","slug":"nouveaux-regards-film-festival-2025-8-edition","status":"publish","type":"post","link":"https:\/\/richeskarayib.com\/fr\/nouveaux-regards-film-festival-2025-8-edition\/","title":{"rendered":"Guadeloupe &#8211; Nouveaux Regards Film Festival 2025 : Une 8e \u00c9dition immersive et engag\u00e9e"},"content":{"rendered":"\t\t<div data-elementor-type=\"wp-post\" data-elementor-id=\"47602\" class=\"elementor elementor-47602\" data-elementor-post-type=\"post\">\n\t\t\t\t\t\t<section class=\"elementor-section elementor-top-section elementor-element elementor-element-5a1d5cc elementor-section-boxed elementor-section-height-default elementor-section-height-default\" data-id=\"5a1d5cc\" data-element_type=\"section\">\n\t\t\t\t\t\t<div class=\"elementor-container elementor-column-gap-default\">\n\t\t\t\t\t<div class=\"elementor-column elementor-col-100 elementor-top-column elementor-element elementor-element-eeeda23\" data-id=\"eeeda23\" data-element_type=\"column\">\n\t\t\t<div class=\"elementor-widget-wrap elementor-element-populated\">\n\t\t\t\t\t\t<div class=\"elementor-element elementor-element-296ac10 elementor-widget elementor-widget-text-editor\" data-id=\"296ac10\" data-element_type=\"widget\" data-widget_type=\"text-editor.default\">\n\t\t\t\t<div class=\"elementor-widget-container\">\n\t\t\t\t\t\t\t\t\t<p><span style=\"font-weight: 400;\">Le <a href=\"https:\/\/filmfreeway.com\/NOUVEAUXREGARDSFILMFESTIVAL\" target=\"_blank\" rel=\"noopener nofollow\">Nouveaux Regards Film Festival<\/a> (NRFF) revient du 2 au 6 avril 2025 en <a href=\"https:\/\/richeskarayib.com\/fr\/femi-2025-la-29%e1%b5%89-edition-du-festival-blog-rk\/\" target=\"_blank\" rel=\"noopener\">Guadeloupe<\/a> pour une 8e \u00e9dition qui s\u2019annonce exceptionnelle. Ce festival s\u2019impose comme une r\u00e9f\u00e9rence incontournable du cin\u00e9ma carib\u00e9en et international, offrant une plateforme unique de d\u00e9couverte, de partage et d\u2019innovation.<\/span><\/p>\t\t\t\t\t\t\t\t<\/div>\n\t\t\t\t<\/div>\n\t\t\t\t\t<\/div>\n\t\t<\/div>\n\t\t\t\t\t<\/div>\n\t\t<\/section>\n\t\t\t\t<section class=\"elementor-section elementor-top-section elementor-element elementor-element-8eb5b98 elementor-section-boxed elementor-section-height-default elementor-section-height-default\" data-id=\"8eb5b98\" data-element_type=\"section\">\n\t\t\t\t\t\t<div class=\"elementor-container elementor-column-gap-default\">\n\t\t\t\t\t<div class=\"elementor-column elementor-col-100 elementor-top-column elementor-element elementor-element-38ccf51\" data-id=\"38ccf51\" data-element_type=\"column\">\n\t\t\t<div class=\"elementor-widget-wrap elementor-element-populated\">\n\t\t\t\t\t\t<div class=\"elementor-element elementor-element-f78c302 elementor-widget elementor-widget-heading\" data-id=\"f78c302\" data-element_type=\"widget\" data-widget_type=\"heading.default\">\n\t\t\t\t<div class=\"elementor-widget-container\">\n\t\t\t\t\t<h2 class=\"elementor-heading-title elementor-size-default\">Un festival engag\u00e9 pour le cin\u00e9ma Carib\u00e9en<\/h2>\t\t\t\t<\/div>\n\t\t\t\t<\/div>\n\t\t\t\t<div class=\"elementor-element elementor-element-3fc37ff elementor-widget elementor-widget-text-editor\" data-id=\"3fc37ff\" data-element_type=\"widget\" data-widget_type=\"text-editor.default\">\n\t\t\t\t<div class=\"elementor-widget-container\">\n\t\t\t\t\t\t\t\t\t<p><span style=\"font-weight: 400;\">Depuis sa cr\u00e9ation, le <\/span><a href=\"https:\/\/www.guadeloupe.franceantilles.fr\/actualite\/culture\/nouveaux-regards-film-festival-2025-une-8-edition-ambitieuse-pour-celebrer-le-cinema-caribeen-1028840.php\" target=\"_blank\" rel=\"noopener nofollow\"><b>Nouveaux Regards Film Festival<\/b><\/a><span style=\"font-weight: 400;\"> met \u00e0 l\u2019honneur les talents carib\u00e9ens en leur offrant une visibilit\u00e9 internationale et en facilitant les \u00e9changes professionnels. Pour cette \u00e9dition 2025, le <\/span><b>Nouveaux Regards Film Festival <\/b><span style=\"font-weight: 400;\">prend une nouvelle ampleur avec le d\u00e9veloppement de la NR Academy, un programme d\u00e9di\u00e9 \u00e0 la formation et \u00e0 l\u2019accompagnement des talents \u00e9mergents.<\/span><\/p><p>Cette ann\u00e9e, deux courts-m\u00e9trages de Martinique ont \u00e9t\u00e9 s\u00e9lectionn\u00e9s\u202f!<\/p><p>\u00ab SIR\u00c8NES \u00bb de Sarah Mall\u00e9on et \u00ab AU-DEL\u00c0 \u00bb de Nicolas Polix\u00e8ne et Sylvain Loubet-dit-Gajol<\/p>\t\t\t\t\t\t\t\t<\/div>\n\t\t\t\t<\/div>\n\t\t\t\t<section class=\"elementor-section elementor-inner-section elementor-element elementor-element-627c661 elementor-section-boxed elementor-section-height-default elementor-section-height-default\" data-id=\"627c661\" data-element_type=\"section\">\n\t\t\t\t\t\t<div class=\"elementor-container elementor-column-gap-default\">\n\t\t\t\t\t<div class=\"elementor-column elementor-col-50 elementor-inner-column elementor-element elementor-element-7656735\" data-id=\"7656735\" data-element_type=\"column\">\n\t\t\t<div class=\"elementor-widget-wrap elementor-element-populated\">\n\t\t\t\t\t\t<div class=\"elementor-element elementor-element-8eb83ac elementor-widget elementor-widget-video\" data-id=\"8eb83ac\" data-element_type=\"widget\" data-settings=\"{&quot;youtube_url&quot;:&quot;https:\\\/\\\/www.youtube.com\\\/watch?v=7sPHgMleajc&amp;ab_channel=NouveauxRegardsFilmFestival&quot;,&quot;video_type&quot;:&quot;youtube&quot;,&quot;controls&quot;:&quot;yes&quot;}\" data-widget_type=\"video.default\">\n\t\t\t\t<div class=\"elementor-widget-container\">\n\t\t\t\t\t\t\t<div class=\"elementor-wrapper elementor-open-inline\">\n\t\t\t<div class=\"elementor-video\"><\/div>\t\t<\/div>\n\t\t\t\t\t\t<\/div>\n\t\t\t\t<\/div>\n\t\t\t\t\t<\/div>\n\t\t<\/div>\n\t\t\t\t<div class=\"elementor-column elementor-col-50 elementor-inner-column elementor-element elementor-element-749d02d\" data-id=\"749d02d\" data-element_type=\"column\">\n\t\t\t<div class=\"elementor-widget-wrap elementor-element-populated\">\n\t\t\t\t\t\t<div class=\"elementor-element elementor-element-6a46fd3 elementor-widget elementor-widget-video\" data-id=\"6a46fd3\" data-element_type=\"widget\" data-settings=\"{&quot;youtube_url&quot;:&quot;https:\\\/\\\/www.youtube.com\\\/watch?v=_CCb7MqqDeo&amp;ab_channel=NouveauxRegardsFilmFestival&quot;,&quot;video_type&quot;:&quot;youtube&quot;,&quot;controls&quot;:&quot;yes&quot;}\" data-widget_type=\"video.default\">\n\t\t\t\t<div class=\"elementor-widget-container\">\n\t\t\t\t\t\t\t<div class=\"elementor-wrapper elementor-open-inline\">\n\t\t\t<div class=\"elementor-video\"><\/div>\t\t<\/div>\n\t\t\t\t\t\t<\/div>\n\t\t\t\t<\/div>\n\t\t\t\t\t<\/div>\n\t\t<\/div>\n\t\t\t\t\t<\/div>\n\t\t<\/section>\n\t\t\t\t\t<\/div>\n\t\t<\/div>\n\t\t\t\t\t<\/div>\n\t\t<\/section>\n\t\t\t\t<section class=\"elementor-section elementor-top-section elementor-element elementor-element-b8a40ef elementor-section-boxed elementor-section-height-default elementor-section-height-default\" data-id=\"b8a40ef\" data-element_type=\"section\">\n\t\t\t\t\t\t<div class=\"elementor-container elementor-column-gap-default\">\n\t\t\t\t\t<div class=\"elementor-column elementor-col-100 elementor-top-column elementor-element elementor-element-cd7190f\" data-id=\"cd7190f\" data-element_type=\"column\">\n\t\t\t<div class=\"elementor-widget-wrap elementor-element-populated\">\n\t\t\t\t\t\t<div class=\"elementor-element elementor-element-0f0214f elementor-widget elementor-widget-heading\" data-id=\"0f0214f\" data-element_type=\"widget\" data-widget_type=\"heading.default\">\n\t\t\t\t<div class=\"elementor-widget-container\">\n\t\t\t\t\t<h2 class=\"elementor-heading-title elementor-size-default\">Les grandes nouveaut\u00e9s du Festival de 2025\n<\/h2>\t\t\t\t<\/div>\n\t\t\t\t<\/div>\n\t\t\t\t<div class=\"elementor-element elementor-element-804fa68 elementor-widget elementor-widget-text-editor\" data-id=\"804fa68\" data-element_type=\"widget\" data-widget_type=\"text-editor.default\">\n\t\t\t\t<div class=\"elementor-widget-container\">\n\t\t\t\t\t\t\t\t\t<h3><strong><i>Le M\u00e9morial ACTe : Capitale du Festival<\/i><\/strong><\/h3><p><span style=\"font-weight: 400;\">Le M\u00e9morial ACTe redevient en 2025 le c\u0153ur battant du festival. Ce lieu embl\u00e9matique, charg\u00e9 d\u2019histoire, accueille projections, rencontres et masterclasses, renfor\u00e7ant ainsi le lien entre culture, m\u00e9moire et cr\u00e9ation cin\u00e9matographique.<\/span><\/p>\t\t\t\t\t\t\t\t<\/div>\n\t\t\t\t<\/div>\n\t\t\t\t<div class=\"elementor-element elementor-element-00bab46 elementor-widget elementor-widget-text-editor\" data-id=\"00bab46\" data-element_type=\"widget\" data-widget_type=\"text-editor.default\">\n\t\t\t\t<div class=\"elementor-widget-container\">\n\t\t\t\t\t\t\t\t\t<h3><strong><i>La S\u00e9ance Insolite : Une Balade Cin\u00e9matographique \u00e0 Pointe-\u00e0-Pitre<\/i><\/strong><\/h3><p><span style=\"font-weight: 400;\">Dans une approche novatrice, cette s\u00e9ance transporte les spectateurs dans une aventure urbaine immersive, o\u00f9 exploration de la ville et d\u00e9couvertes cin\u00e9matographiques se m\u00ealent pour une exp\u00e9rience unique.<\/span><\/p>\t\t\t\t\t\t\t\t<\/div>\n\t\t\t\t<\/div>\n\t\t\t\t<div class=\"elementor-element elementor-element-cd2e4c5 elementor-widget elementor-widget-text-editor\" data-id=\"cd2e4c5\" data-element_type=\"widget\" data-widget_type=\"text-editor.default\">\n\t\t\t\t<div class=\"elementor-widget-container\">\n\t\t\t\t\t\t\t\t\t<h3><strong><i>Regards Crois\u00e9s : S\u00e9ance Cin\u00e9 Interg\u00e9n\u00e9rationnelle<\/i><\/strong><\/h3><p><span style=\"font-weight: 400;\">Un espace d\u2019\u00e9change o\u00f9 seniors et lyc\u00e9ens partagent leurs visions du pass\u00e9 et du pr\u00e9sent \u00e0 travers un d\u00e9bat post-projection.<\/span><\/p>\t\t\t\t\t\t\t\t<\/div>\n\t\t\t\t<\/div>\n\t\t\t\t<div class=\"elementor-element elementor-element-d879f3c elementor-widget elementor-widget-text-editor\" data-id=\"d879f3c\" data-element_type=\"widget\" data-widget_type=\"text-editor.default\">\n\t\t\t\t<div class=\"elementor-widget-container\">\n\t\t\t\t\t\t\t\t\t<h3><strong><i>S\u00e9ance Cin\u00e9 Comme \u00e0 la Maison \u2013 \u00c9dition Sp\u00e9ciale NRFF<\/i><\/strong><\/h3><p><span style=\"font-weight: 400;\">Pr\u00e9sentation de courts-m\u00e9trages Made in Guadeloupe, dans un cadre chaleureux et immersif, organis\u00e9 par le producteur Baddy Dega.<\/span><\/p>\t\t\t\t\t\t\t\t<\/div>\n\t\t\t\t<\/div>\n\t\t\t\t<div class=\"elementor-element elementor-element-4fc77fd elementor-widget elementor-widget-text-editor\" data-id=\"4fc77fd\" data-element_type=\"widget\" data-widget_type=\"text-editor.default\">\n\t\t\t\t<div class=\"elementor-widget-container\">\n\t\t\t\t\t\t\t\t\t<h3><strong><i>La S\u00e9ance Coup de C\u0153ur \u2013 Projection parrain\u00e9e par Krys<\/i><\/strong><\/h3><p><span style=\"font-weight: 400;\">Un artiste populaire partage avec le public un film coup de c\u0153ur, m\u00ealant musique et cin\u00e9ma.<\/span><\/p>\t\t\t\t\t\t\t\t<\/div>\n\t\t\t\t<\/div>\n\t\t\t\t<div class=\"elementor-element elementor-element-5807d6a elementor-widget elementor-widget-text-editor\" data-id=\"5807d6a\" data-element_type=\"widget\" data-widget_type=\"text-editor.default\">\n\t\t\t\t<div class=\"elementor-widget-container\">\n\t\t\t\t\t\t\t\t\t<h3><strong><i>Un Autre Regard : Une S\u00e9ance pour Changer de Perspective<\/i><\/strong><\/h3><p><span style=\"font-weight: 400;\">Cette s\u00e9lection met en avant des films qui d\u00e9fient les normes et interrogent nos certitudes, proposant ainsi des perspectives in\u00e9dites.<\/span><\/p>\t\t\t\t\t\t\t\t<\/div>\n\t\t\t\t<\/div>\n\t\t\t\t<div class=\"elementor-element elementor-element-9433091 elementor-widget elementor-widget-text-editor\" data-id=\"9433091\" data-element_type=\"widget\" data-widget_type=\"text-editor.default\">\n\t\t\t\t<div class=\"elementor-widget-container\">\n\t\t\t\t\t\t\t\t\t<h3><strong><i>Libres Regards : Projections au Centre P\u00e9nitentiaire de Baie-Mahault<\/i><\/strong><\/h3><p><span style=\"font-weight: 400;\">Premi\u00e8re \u00e9dition de projections de courts-m\u00e9trages en milieu carc\u00e9ral, avec une m\u00e9diation assur\u00e9e par Cin\u00e9Mawon pour encourager r\u00e9flexion et dialogue.<\/span><\/p>\t\t\t\t\t\t\t\t<\/div>\n\t\t\t\t<\/div>\n\t\t\t\t\t<\/div>\n\t\t<\/div>\n\t\t\t\t\t<\/div>\n\t\t<\/section>\n\t\t\t\t<section class=\"elementor-section elementor-top-section elementor-element elementor-element-c6a2f6e elementor-section-boxed elementor-section-height-default elementor-section-height-default\" data-id=\"c6a2f6e\" data-element_type=\"section\">\n\t\t\t\t\t\t<div class=\"elementor-container elementor-column-gap-default\">\n\t\t\t\t\t<div class=\"elementor-column elementor-col-100 elementor-top-column elementor-element elementor-element-92126ec\" data-id=\"92126ec\" data-element_type=\"column\">\n\t\t\t<div class=\"elementor-widget-wrap elementor-element-populated\">\n\t\t\t\t\t\t<div class=\"elementor-element elementor-element-1a40429 elementor-widget elementor-widget-heading\" data-id=\"1a40429\" data-element_type=\"widget\" data-widget_type=\"heading.default\">\n\t\t\t\t<div class=\"elementor-widget-container\">\n\t\t\t\t\t<h2 class=\"elementor-heading-title elementor-size-default\">Un Festival au service du cin\u00e9ma et de la culture<\/h2>\t\t\t\t<\/div>\n\t\t\t\t<\/div>\n\t\t\t\t<div class=\"elementor-element elementor-element-432541c elementor-widget elementor-widget-text-editor\" data-id=\"432541c\" data-element_type=\"widget\" data-widget_type=\"text-editor.default\">\n\t\t\t\t<div class=\"elementor-widget-container\">\n\t\t\t\t\t\t\t\t\t<p><span style=\"font-weight: 400;\">Le <\/span><b>Nouveaux Regards Film Festival<\/b><span style=\"font-weight: 400;\"> c\u00e9l\u00e8bre cette ann\u00e9e encore la richesse du cin\u00e9ma en mettant \u00e0 l&#8217;honneur des talents confirm\u00e9s et \u00e9mergents \u00e0 travers des projections, des \u00e9changes et des rencontres exclusives. Le jury, compos\u00e9 de professionnels influents du secteur, aura la lourde t\u00e2che de r\u00e9compenser les \u0153uvres les plus marquantes.<\/span><\/p>\t\t\t\t\t\t\t\t<\/div>\n\t\t\t\t<\/div>\n\t\t\t\t<div class=\"elementor-element elementor-element-8a390d5 elementor-widget elementor-widget-text-editor\" data-id=\"8a390d5\" data-element_type=\"widget\" data-widget_type=\"text-editor.default\">\n\t\t\t\t<div class=\"elementor-widget-container\">\n\t\t\t\t\t\t\t\t\t<p><b>Le Jury Court-M\u00e9trage<\/b><\/p><ul><li style=\"font-weight: 400;\" aria-level=\"1\"><b>Leela Issa<\/b><span style=\"font-weight: 400;\"> : Agent de r\u00e9alisateurs et sc\u00e9naristes, sp\u00e9cialis\u00e9e dans le march\u00e9 africain et de l\u2019Outre-Mer. Elle repr\u00e9sente de nouveaux talents du cin\u00e9ma au sein de Film Talents.<\/span><\/li><li style=\"font-weight: 400;\" aria-level=\"1\"><b>Damien J\u00e9laine<\/b><span style=\"font-weight: 400;\"> : R\u00e9alisateur, sc\u00e9nariste et photographe originaire de Guadeloupe. Son travail a \u00e9t\u00e9 r\u00e9compens\u00e9 \u00e0 l\u2019international, notamment au Sundance Film Festival.<\/span><span style=\"font-weight: 400;\"><br \/><b style=\"font-family: -apple-system, BlinkMacSystemFont, 'Segoe UI', Roboto, 'Helvetica Neue', Arial, 'Noto Sans', sans-serif, 'Apple Color Emoji', 'Segoe UI Emoji', 'Segoe UI Symbol', 'Noto Color Emoji';\"><\/b><\/span><\/li><li style=\"font-weight: 400;\" aria-level=\"1\"><span style=\"font-weight: 400;\"><b style=\"font-family: -apple-system, BlinkMacSystemFont, 'Segoe UI', Roboto, 'Helvetica Neue', Arial, 'Noto Sans', sans-serif, 'Apple Color Emoji', 'Segoe UI Emoji', 'Segoe UI Symbol', 'Noto Color Emoji';\">Samantha Mazzocco-Reynaud<\/b><span style=\"font-weight: 400;\"> : Responsable de la cha\u00eene Canal+ Outremer. Engag\u00e9e pour la visibilit\u00e9 des talents ultramarins, elle a contribu\u00e9 \u00e0 la cr\u00e9ation de la cha\u00eene PACIFIC+.<\/span><\/span><\/li><\/ul>\t\t\t\t\t\t\t\t<\/div>\n\t\t\t\t<\/div>\n\t\t\t\t<div class=\"elementor-element elementor-element-17ca184 elementor-widget elementor-widget-text-editor\" data-id=\"17ca184\" data-element_type=\"widget\" data-widget_type=\"text-editor.default\">\n\t\t\t\t<div class=\"elementor-widget-container\">\n\t\t\t\t\t\t\t\t\t<p><b>Le Jury Jeunes Regards<\/b><span style=\"font-weight: 400;\">\u00a0<\/span><\/p><p><span style=\"font-weight: 400;\">Ce jury est compos\u00e9 des 31 \u00e9l\u00e8ves de la Seconde 8 du Lyc\u00e9e Gerville R\u00e9ache de Basse-Terre, dont 19 sont en section Internationale Anglais. Une occasion unique pour ces jeunes de poser un regard neuf sur les \u0153uvres pr\u00e9sent\u00e9es.<\/span><\/p>\t\t\t\t\t\t\t\t<\/div>\n\t\t\t\t<\/div>\n\t\t\t\t<section class=\"elementor-section elementor-inner-section elementor-element elementor-element-6dbef42 elementor-section-boxed elementor-section-height-default elementor-section-height-default\" data-id=\"6dbef42\" data-element_type=\"section\">\n\t\t\t\t\t\t<div class=\"elementor-container elementor-column-gap-default\">\n\t\t\t\t\t<div class=\"elementor-column elementor-col-50 elementor-inner-column elementor-element elementor-element-644ee45\" data-id=\"644ee45\" data-element_type=\"column\">\n\t\t\t<div class=\"elementor-widget-wrap elementor-element-populated\">\n\t\t\t\t\t\t<div class=\"elementor-element elementor-element-8b95383 elementor-widget elementor-widget-image\" data-id=\"8b95383\" data-element_type=\"widget\" data-widget_type=\"image.default\">\n\t\t\t\t<div class=\"elementor-widget-container\">\n\t\t\t\t\t\t\t\t\t\t\t\t\t\t\t<img fetchpriority=\"high\" decoding=\"async\" width=\"724\" height=\"1024\" src=\"https:\/\/richeskarayib.com\/wp-content\/uploads\/2025\/03\/DOSSIER-DE-PRESSE-NRFF-2025_web_page-0009-724x1024.jpg\" class=\"attachment-large size-large wp-image-47607\" alt=\"Nouveaux Regards Film Festival\" srcset=\"https:\/\/richeskarayib.com\/wp-content\/uploads\/2025\/03\/DOSSIER-DE-PRESSE-NRFF-2025_web_page-0009-724x1024.jpg 724w, https:\/\/richeskarayib.com\/wp-content\/uploads\/2025\/03\/DOSSIER-DE-PRESSE-NRFF-2025_web_page-0009-212x300.jpg 212w, https:\/\/richeskarayib.com\/wp-content\/uploads\/2025\/03\/DOSSIER-DE-PRESSE-NRFF-2025_web_page-0009-768x1086.jpg 768w, https:\/\/richeskarayib.com\/wp-content\/uploads\/2025\/03\/DOSSIER-DE-PRESSE-NRFF-2025_web_page-0009-1086x1536.jpg 1086w, https:\/\/richeskarayib.com\/wp-content\/uploads\/2025\/03\/DOSSIER-DE-PRESSE-NRFF-2025_web_page-0009.jpg 1241w\" sizes=\"(max-width: 724px) 100vw, 724px\" \/>\t\t\t\t\t\t\t\t\t\t\t\t\t\t\t<\/div>\n\t\t\t\t<\/div>\n\t\t\t\t\t<\/div>\n\t\t<\/div>\n\t\t\t\t<div class=\"elementor-column elementor-col-50 elementor-inner-column elementor-element elementor-element-ef80bae\" data-id=\"ef80bae\" data-element_type=\"column\">\n\t\t\t<div class=\"elementor-widget-wrap elementor-element-populated\">\n\t\t\t\t\t\t<div class=\"elementor-element elementor-element-6c2bbba elementor-widget elementor-widget-image\" data-id=\"6c2bbba\" data-element_type=\"widget\" data-widget_type=\"image.default\">\n\t\t\t\t<div class=\"elementor-widget-container\">\n\t\t\t\t\t\t\t\t\t\t\t\t\t\t\t<img decoding=\"async\" width=\"724\" height=\"1024\" src=\"https:\/\/richeskarayib.com\/wp-content\/uploads\/2025\/03\/DOSSIER-DE-PRESSE-NRFF-2025_web_page-0010-724x1024.jpg\" class=\"attachment-large size-large wp-image-47611\" alt=\"Nouveaux Regards Film Festival\" srcset=\"https:\/\/richeskarayib.com\/wp-content\/uploads\/2025\/03\/DOSSIER-DE-PRESSE-NRFF-2025_web_page-0010-724x1024.jpg 724w, https:\/\/richeskarayib.com\/wp-content\/uploads\/2025\/03\/DOSSIER-DE-PRESSE-NRFF-2025_web_page-0010-212x300.jpg 212w, https:\/\/richeskarayib.com\/wp-content\/uploads\/2025\/03\/DOSSIER-DE-PRESSE-NRFF-2025_web_page-0010-768x1086.jpg 768w, https:\/\/richeskarayib.com\/wp-content\/uploads\/2025\/03\/DOSSIER-DE-PRESSE-NRFF-2025_web_page-0010-1086x1536.jpg 1086w, https:\/\/richeskarayib.com\/wp-content\/uploads\/2025\/03\/DOSSIER-DE-PRESSE-NRFF-2025_web_page-0010.jpg 1241w\" sizes=\"(max-width: 724px) 100vw, 724px\" \/>\t\t\t\t\t\t\t\t\t\t\t\t\t\t\t<\/div>\n\t\t\t\t<\/div>\n\t\t\t\t\t<\/div>\n\t\t<\/div>\n\t\t\t\t\t<\/div>\n\t\t<\/section>\n\t\t\t\t<div class=\"elementor-element elementor-element-fb6f075 elementor-widget elementor-widget-text-editor\" data-id=\"fb6f075\" data-element_type=\"widget\" data-widget_type=\"text-editor.default\">\n\t\t\t\t<div class=\"elementor-widget-container\">\n\t\t\t\t\t\t\t\t\t<p><b>Le Jury Documentaire<\/b><\/p><ul><li style=\"font-weight: 400;\" aria-level=\"1\"><b>Valentine Roulet<\/b><span style=\"font-weight: 400;\"> : Pr\u00e9sidente de la plateforme T\u00ebnk, engag\u00e9e dans le soutien aux documentaristes et \u00e0 l\u2019innovation cin\u00e9matographique.<\/span><\/li><li style=\"font-weight: 400;\" aria-level=\"1\"><b>Cyril Bron<\/b><span style=\"font-weight: 400;\"> : Directeur de la photographie reconnu, ayant travaill\u00e9 sur des films et s\u00e9ries majeurs.<\/span><\/li><li style=\"font-weight: 400;\" aria-level=\"1\"><span style=\"font-weight: 400;\"><b style=\"font-family: -apple-system, BlinkMacSystemFont, 'Segoe UI', Roboto, 'Helvetica Neue', Arial, 'Noto Sans', sans-serif, 'Apple Color Emoji', 'Segoe UI Emoji', 'Segoe UI Symbol', 'Noto Color Emoji';\">Malaury Eloi Paisley<\/b><span style=\"font-weight: 400;\"> : R\u00e9alisatrice et artiste visuelle guadeloup\u00e9enne, form\u00e9e \u00e0 la Sorbonne et \u00e0 l\u2019EICTV de Cuba, avec un regard particulier sur l\u2019identit\u00e9 et l\u2019histoire ultramarine.<\/span><\/span><\/li><\/ul>\t\t\t\t\t\t\t\t<\/div>\n\t\t\t\t<\/div>\n\t\t\t\t<section class=\"elementor-section elementor-inner-section elementor-element elementor-element-4f15cab elementor-section-boxed elementor-section-height-default elementor-section-height-default\" data-id=\"4f15cab\" data-element_type=\"section\">\n\t\t\t\t\t\t<div class=\"elementor-container elementor-column-gap-default\">\n\t\t\t\t\t<div class=\"elementor-column elementor-col-50 elementor-inner-column elementor-element elementor-element-cb82239\" data-id=\"cb82239\" data-element_type=\"column\">\n\t\t\t<div class=\"elementor-widget-wrap elementor-element-populated\">\n\t\t\t\t\t\t<div class=\"elementor-element elementor-element-16ae7fa elementor-widget elementor-widget-image\" data-id=\"16ae7fa\" data-element_type=\"widget\" data-widget_type=\"image.default\">\n\t\t\t\t<div class=\"elementor-widget-container\">\n\t\t\t\t\t\t\t\t\t\t\t\t\t\t\t<img decoding=\"async\" width=\"724\" height=\"1024\" src=\"https:\/\/richeskarayib.com\/wp-content\/uploads\/2025\/03\/DOSSIER-DE-PRESSE-NRFF-2025_web_page-0011-724x1024.jpg\" class=\"attachment-large size-large wp-image-47615\" alt=\"Nouveaux Regards Film Festival\" srcset=\"https:\/\/richeskarayib.com\/wp-content\/uploads\/2025\/03\/DOSSIER-DE-PRESSE-NRFF-2025_web_page-0011-724x1024.jpg 724w, https:\/\/richeskarayib.com\/wp-content\/uploads\/2025\/03\/DOSSIER-DE-PRESSE-NRFF-2025_web_page-0011-212x300.jpg 212w, https:\/\/richeskarayib.com\/wp-content\/uploads\/2025\/03\/DOSSIER-DE-PRESSE-NRFF-2025_web_page-0011-768x1086.jpg 768w, https:\/\/richeskarayib.com\/wp-content\/uploads\/2025\/03\/DOSSIER-DE-PRESSE-NRFF-2025_web_page-0011-1086x1536.jpg 1086w, https:\/\/richeskarayib.com\/wp-content\/uploads\/2025\/03\/DOSSIER-DE-PRESSE-NRFF-2025_web_page-0011.jpg 1241w\" sizes=\"(max-width: 724px) 100vw, 724px\" \/>\t\t\t\t\t\t\t\t\t\t\t\t\t\t\t<\/div>\n\t\t\t\t<\/div>\n\t\t\t\t\t<\/div>\n\t\t<\/div>\n\t\t\t\t<div class=\"elementor-column elementor-col-50 elementor-inner-column elementor-element elementor-element-e518985\" data-id=\"e518985\" data-element_type=\"column\">\n\t\t\t<div class=\"elementor-widget-wrap elementor-element-populated\">\n\t\t\t\t\t\t<div class=\"elementor-element elementor-element-6d02c28 elementor-widget elementor-widget-image\" data-id=\"6d02c28\" data-element_type=\"widget\" data-widget_type=\"image.default\">\n\t\t\t\t<div class=\"elementor-widget-container\">\n\t\t\t\t\t\t\t\t\t\t\t\t\t\t\t<img loading=\"lazy\" decoding=\"async\" width=\"724\" height=\"1024\" src=\"https:\/\/richeskarayib.com\/wp-content\/uploads\/2025\/03\/DOSSIER-DE-PRESSE-NRFF-2025_web_page-0012-724x1024.jpg\" class=\"attachment-large size-large wp-image-47619\" alt=\"Nouveaux Regards Film Festival\" srcset=\"https:\/\/richeskarayib.com\/wp-content\/uploads\/2025\/03\/DOSSIER-DE-PRESSE-NRFF-2025_web_page-0012-724x1024.jpg 724w, https:\/\/richeskarayib.com\/wp-content\/uploads\/2025\/03\/DOSSIER-DE-PRESSE-NRFF-2025_web_page-0012-212x300.jpg 212w, https:\/\/richeskarayib.com\/wp-content\/uploads\/2025\/03\/DOSSIER-DE-PRESSE-NRFF-2025_web_page-0012-768x1086.jpg 768w, https:\/\/richeskarayib.com\/wp-content\/uploads\/2025\/03\/DOSSIER-DE-PRESSE-NRFF-2025_web_page-0012-1086x1536.jpg 1086w, https:\/\/richeskarayib.com\/wp-content\/uploads\/2025\/03\/DOSSIER-DE-PRESSE-NRFF-2025_web_page-0012.jpg 1241w\" sizes=\"(max-width: 724px) 100vw, 724px\" \/>\t\t\t\t\t\t\t\t\t\t\t\t\t\t\t<\/div>\n\t\t\t\t<\/div>\n\t\t\t\t\t<\/div>\n\t\t<\/div>\n\t\t\t\t\t<\/div>\n\t\t<\/section>\n\t\t\t\t<div class=\"elementor-element elementor-element-f371875 elementor-widget elementor-widget-text-editor\" data-id=\"f371875\" data-element_type=\"widget\" data-widget_type=\"text-editor.default\">\n\t\t\t\t<div class=\"elementor-widget-container\">\n\t\t\t\t\t\t\t\t\t<p><b>Les Invit\u00e9s Sp\u00e9ciaux<\/b><\/p><ul><li style=\"font-weight: 400;\" aria-level=\"1\"><b>Patience Priso<\/b><span style=\"font-weight: 400;\"> : Productrice et Coach en Pitch, ancienne Manager Grow Creative chez Netflix.<\/span><\/li><li style=\"font-weight: 400;\" aria-level=\"1\"><b>Gala Fr\u00e9con<\/b><span style=\"font-weight: 400;\"> : Experte en diffusion d\u2019\u0153uvres VR, enseignante \u00e0 l\u2019\u00c9cole des Gobelins.<\/span><\/li><li style=\"font-weight: 400;\" aria-level=\"1\"><b>Fabien Magry<\/b><span style=\"font-weight: 400;\"> : Coach et pr\u00e9parateur mental sp\u00e9cialis\u00e9 dans l\u2019accompagnement des artistes.<\/span><\/li><\/ul>\t\t\t\t\t\t\t\t<\/div>\n\t\t\t\t<\/div>\n\t\t\t\t<section class=\"elementor-section elementor-inner-section elementor-element elementor-element-7886875 elementor-section-boxed elementor-section-height-default elementor-section-height-default\" data-id=\"7886875\" data-element_type=\"section\">\n\t\t\t\t\t\t<div class=\"elementor-container elementor-column-gap-default\">\n\t\t\t\t\t<div class=\"elementor-column elementor-col-50 elementor-inner-column elementor-element elementor-element-0f9f32e\" data-id=\"0f9f32e\" data-element_type=\"column\">\n\t\t\t<div class=\"elementor-widget-wrap elementor-element-populated\">\n\t\t\t\t\t\t<div class=\"elementor-element elementor-element-c037d89 elementor-widget elementor-widget-image\" data-id=\"c037d89\" data-element_type=\"widget\" data-widget_type=\"image.default\">\n\t\t\t\t<div class=\"elementor-widget-container\">\n\t\t\t\t\t\t\t\t\t\t\t\t\t\t\t<img loading=\"lazy\" decoding=\"async\" width=\"724\" height=\"1024\" src=\"https:\/\/richeskarayib.com\/wp-content\/uploads\/2025\/03\/DOSSIER-DE-PRESSE-NRFF-2025_web_page-0013-724x1024.jpg\" class=\"attachment-large size-large wp-image-47623\" alt=\"Nouveaux Regards Film Festival\" srcset=\"https:\/\/richeskarayib.com\/wp-content\/uploads\/2025\/03\/DOSSIER-DE-PRESSE-NRFF-2025_web_page-0013-724x1024.jpg 724w, https:\/\/richeskarayib.com\/wp-content\/uploads\/2025\/03\/DOSSIER-DE-PRESSE-NRFF-2025_web_page-0013-212x300.jpg 212w, https:\/\/richeskarayib.com\/wp-content\/uploads\/2025\/03\/DOSSIER-DE-PRESSE-NRFF-2025_web_page-0013-768x1086.jpg 768w, https:\/\/richeskarayib.com\/wp-content\/uploads\/2025\/03\/DOSSIER-DE-PRESSE-NRFF-2025_web_page-0013-1086x1536.jpg 1086w, https:\/\/richeskarayib.com\/wp-content\/uploads\/2025\/03\/DOSSIER-DE-PRESSE-NRFF-2025_web_page-0013.jpg 1241w\" sizes=\"(max-width: 724px) 100vw, 724px\" \/>\t\t\t\t\t\t\t\t\t\t\t\t\t\t\t<\/div>\n\t\t\t\t<\/div>\n\t\t\t\t\t<\/div>\n\t\t<\/div>\n\t\t\t\t<div class=\"elementor-column elementor-col-50 elementor-inner-column elementor-element elementor-element-92a04b7\" data-id=\"92a04b7\" data-element_type=\"column\">\n\t\t\t<div class=\"elementor-widget-wrap elementor-element-populated\">\n\t\t\t\t\t\t<div class=\"elementor-element elementor-element-827c6d2 elementor-widget elementor-widget-image\" data-id=\"827c6d2\" data-element_type=\"widget\" data-widget_type=\"image.default\">\n\t\t\t\t<div class=\"elementor-widget-container\">\n\t\t\t\t\t\t\t\t\t\t\t\t\t\t\t<img loading=\"lazy\" decoding=\"async\" width=\"724\" height=\"1024\" src=\"https:\/\/richeskarayib.com\/wp-content\/uploads\/2025\/03\/DOSSIER-DE-PRESSE-NRFF-2025_web_page-0014-724x1024.jpg\" class=\"attachment-large size-large wp-image-47627\" alt=\"Nouveaux Regards Film Festival\" srcset=\"https:\/\/richeskarayib.com\/wp-content\/uploads\/2025\/03\/DOSSIER-DE-PRESSE-NRFF-2025_web_page-0014-724x1024.jpg 724w, https:\/\/richeskarayib.com\/wp-content\/uploads\/2025\/03\/DOSSIER-DE-PRESSE-NRFF-2025_web_page-0014-212x300.jpg 212w, https:\/\/richeskarayib.com\/wp-content\/uploads\/2025\/03\/DOSSIER-DE-PRESSE-NRFF-2025_web_page-0014-768x1086.jpg 768w, https:\/\/richeskarayib.com\/wp-content\/uploads\/2025\/03\/DOSSIER-DE-PRESSE-NRFF-2025_web_page-0014-1086x1536.jpg 1086w, https:\/\/richeskarayib.com\/wp-content\/uploads\/2025\/03\/DOSSIER-DE-PRESSE-NRFF-2025_web_page-0014.jpg 1241w\" sizes=\"(max-width: 724px) 100vw, 724px\" \/>\t\t\t\t\t\t\t\t\t\t\t\t\t\t\t<\/div>\n\t\t\t\t<\/div>\n\t\t\t\t\t<\/div>\n\t\t<\/div>\n\t\t\t\t\t<\/div>\n\t\t<\/section>\n\t\t\t\t\t<\/div>\n\t\t<\/div>\n\t\t\t\t\t<\/div>\n\t\t<\/section>\n\t\t\t\t<section class=\"elementor-section elementor-top-section elementor-element elementor-element-a779729 elementor-section-boxed elementor-section-height-default elementor-section-height-default\" data-id=\"a779729\" data-element_type=\"section\">\n\t\t\t\t\t\t<div class=\"elementor-container elementor-column-gap-default\">\n\t\t\t\t\t<div class=\"elementor-column elementor-col-100 elementor-top-column elementor-element elementor-element-e77ae4b\" data-id=\"e77ae4b\" data-element_type=\"column\">\n\t\t\t<div class=\"elementor-widget-wrap elementor-element-populated\">\n\t\t\t\t\t\t<div class=\"elementor-element elementor-element-e389e74 elementor-widget elementor-widget-heading\" data-id=\"e389e74\" data-element_type=\"widget\" data-widget_type=\"heading.default\">\n\t\t\t\t<div class=\"elementor-widget-container\">\n\t\t\t\t\t<h2 class=\"elementor-heading-title elementor-size-default\">Les Films en Avant-Premi\u00e8re \n<\/h2>\t\t\t\t<\/div>\n\t\t\t\t<\/div>\n\t\t\t\t<div class=\"elementor-element elementor-element-f5bb55e elementor-widget elementor-widget-text-editor\" data-id=\"f5bb55e\" data-element_type=\"widget\" data-widget_type=\"text-editor.default\">\n\t\t\t\t<div class=\"elementor-widget-container\">\n\t\t\t\t\t\t\t\t\t<p><span style=\"font-weight: 400;\">\u2b50 <\/span><b>Film d\u2019Ouverture &#8211; &#8220;Transamazonia&#8221;<\/b><b><br \/><\/b><span style=\"font-weight: 400;\"> Une fresque dramatique explorant la lutte entre traditions et modernit\u00e9 en Amazonie, r\u00e9alis\u00e9e par Pia Marais et produite par Cin\u00e9ma Defacto et ses partenaires internationaux.<\/span><\/p><p><span style=\"font-weight: 400;\">\u2b50 <\/span><b>Film de Cl\u00f4ture &#8211; &#8220;Fanon&#8221;<\/b><b><br \/><\/b><span style=\"font-weight: 400;\"> Un biopic poignant sur Frantz Fanon, psychiatre et militant anti-colonial, r\u00e9alis\u00e9 par Jean-Claude Barny. Une \u0153uvre forte port\u00e9e par une production franco-carib\u00e9enne.<\/span><\/p>\t\t\t\t\t\t\t\t<\/div>\n\t\t\t\t<\/div>\n\t\t\t\t<section class=\"elementor-section elementor-inner-section elementor-element elementor-element-6ea101b elementor-section-boxed elementor-section-height-default elementor-section-height-default\" data-id=\"6ea101b\" data-element_type=\"section\">\n\t\t\t\t\t\t<div class=\"elementor-container elementor-column-gap-default\">\n\t\t\t\t\t<div class=\"elementor-column elementor-col-100 elementor-inner-column elementor-element elementor-element-7205d89\" data-id=\"7205d89\" data-element_type=\"column\">\n\t\t\t<div class=\"elementor-widget-wrap elementor-element-populated\">\n\t\t\t\t\t\t<div class=\"elementor-element elementor-element-4fafe75 elementor-widget elementor-widget-image\" data-id=\"4fafe75\" data-element_type=\"widget\" data-widget_type=\"image.default\">\n\t\t\t\t<div class=\"elementor-widget-container\">\n\t\t\t\t\t\t\t\t\t\t\t\t\t\t\t<img loading=\"lazy\" decoding=\"async\" width=\"724\" height=\"1024\" src=\"https:\/\/richeskarayib.com\/wp-content\/uploads\/2025\/03\/DOSSIER-DE-PRESSE-NRFF-2025_web_page-0017-724x1024.jpg\" class=\"attachment-large size-large wp-image-47631\" alt=\"Nouveaux Regards Film Festival\" srcset=\"https:\/\/richeskarayib.com\/wp-content\/uploads\/2025\/03\/DOSSIER-DE-PRESSE-NRFF-2025_web_page-0017-724x1024.jpg 724w, https:\/\/richeskarayib.com\/wp-content\/uploads\/2025\/03\/DOSSIER-DE-PRESSE-NRFF-2025_web_page-0017-212x300.jpg 212w, https:\/\/richeskarayib.com\/wp-content\/uploads\/2025\/03\/DOSSIER-DE-PRESSE-NRFF-2025_web_page-0017-768x1086.jpg 768w, https:\/\/richeskarayib.com\/wp-content\/uploads\/2025\/03\/DOSSIER-DE-PRESSE-NRFF-2025_web_page-0017-1086x1536.jpg 1086w, https:\/\/richeskarayib.com\/wp-content\/uploads\/2025\/03\/DOSSIER-DE-PRESSE-NRFF-2025_web_page-0017.jpg 1241w\" sizes=\"(max-width: 724px) 100vw, 724px\" \/>\t\t\t\t\t\t\t\t\t\t\t\t\t\t\t<\/div>\n\t\t\t\t<\/div>\n\t\t\t\t\t<\/div>\n\t\t<\/div>\n\t\t\t\t\t<\/div>\n\t\t<\/section>\n\t\t\t\t\t<\/div>\n\t\t<\/div>\n\t\t\t\t\t<\/div>\n\t\t<\/section>\n\t\t\t\t<section class=\"elementor-section elementor-top-section elementor-element elementor-element-5c0d28b elementor-section-boxed elementor-section-height-default elementor-section-height-default\" data-id=\"5c0d28b\" data-element_type=\"section\">\n\t\t\t\t\t\t<div class=\"elementor-container elementor-column-gap-default\">\n\t\t\t\t\t<div class=\"elementor-column elementor-col-100 elementor-top-column elementor-element elementor-element-e39376b\" data-id=\"e39376b\" data-element_type=\"column\">\n\t\t\t<div class=\"elementor-widget-wrap elementor-element-populated\">\n\t\t\t\t\t\t<div class=\"elementor-element elementor-element-f9134c8 elementor-widget elementor-widget-heading\" data-id=\"f9134c8\" data-element_type=\"widget\" data-widget_type=\"heading.default\">\n\t\t\t\t<div class=\"elementor-widget-container\">\n\t\t\t\t\t<h2 class=\"elementor-heading-title elementor-size-default\">Les Chiffres Cl\u00e9s de la 8e \u00c9dition\n<\/h2>\t\t\t\t<\/div>\n\t\t\t\t<\/div>\n\t\t\t\t<div class=\"elementor-element elementor-element-ab03f36 elementor-widget elementor-widget-text-editor\" data-id=\"ab03f36\" data-element_type=\"widget\" data-widget_type=\"text-editor.default\">\n\t\t\t\t<div class=\"elementor-widget-container\">\n\t\t\t\t\t\t\t\t\t<ul><li style=\"font-weight: 400;\" aria-level=\"1\"><span style=\"font-weight: 400;\">4 jours de projection<\/span><\/li><li style=\"font-weight: 400;\" aria-level=\"1\"><span style=\"font-weight: 400;\">40 films issus de 20 pays<\/span><\/li><li style=\"font-weight: 400;\" aria-level=\"1\"><span style=\"font-weight: 400;\">22 films en comp\u00e9tition venant de la Cara\u00efbe et de la Guyane<\/span><\/li><li style=\"font-weight: 400;\" aria-level=\"1\"><span style=\"font-weight: 400;\">15 films carib\u00e9ens sur 22 r\u00e9alis\u00e9s par des femmes (68%)<\/span><\/li><li style=\"font-weight: 400;\" aria-level=\"1\"><span style=\"font-weight: 400;\">8 prix d\u00e9cern\u00e9s<\/span><\/li><li style=\"font-weight: 400;\" aria-level=\"1\"><span style=\"font-weight: 400;\">1480 \u00e9l\u00e8ves inscrits aux s\u00e9ances scolaires<\/span><\/li><li style=\"font-weight: 400;\" aria-level=\"1\"><span style=\"font-weight: 400;\">29 b\u00e9n\u00e9voles impliqu\u00e9s<\/span><\/li><\/ul>\t\t\t\t\t\t\t\t<\/div>\n\t\t\t\t<\/div>\n\t\t\t\t\t<\/div>\n\t\t<\/div>\n\t\t\t\t\t<\/div>\n\t\t<\/section>\n\t\t\t\t<section class=\"elementor-section elementor-top-section elementor-element elementor-element-048f892 elementor-section-boxed elementor-section-height-default elementor-section-height-default\" data-id=\"048f892\" data-element_type=\"section\">\n\t\t\t\t\t\t<div class=\"elementor-container elementor-column-gap-default\">\n\t\t\t\t\t<div class=\"elementor-column elementor-col-100 elementor-top-column elementor-element elementor-element-c41d83f\" data-id=\"c41d83f\" data-element_type=\"column\">\n\t\t\t<div class=\"elementor-widget-wrap elementor-element-populated\">\n\t\t\t\t\t\t<div class=\"elementor-element elementor-element-c52b540 elementor-widget elementor-widget-heading\" data-id=\"c52b540\" data-element_type=\"widget\" data-widget_type=\"heading.default\">\n\t\t\t\t<div class=\"elementor-widget-container\">\n\t\t\t\t\t<h2 class=\"elementor-heading-title elementor-size-default\">La Comp\u00e9tition Carib\u00e9enne : Regards d\u2019Ici\n<\/h2>\t\t\t\t<\/div>\n\t\t\t\t<\/div>\n\t\t\t\t<div class=\"elementor-element elementor-element-979b512 elementor-widget elementor-widget-text-editor\" data-id=\"979b512\" data-element_type=\"widget\" data-widget_type=\"text-editor.default\">\n\t\t\t\t<div class=\"elementor-widget-container\">\n\t\t\t\t\t\t\t\t\t<p><span style=\"font-weight: 400;\">Parmi 452 films carib\u00e9ens inscrits, 22 courts-m\u00e9trages et documentaires ont \u00e9t\u00e9 s\u00e9lectionn\u00e9s pour concourir dans 9 r\u00e9gions carib\u00e9ennes : Guadeloupe, Martinique, Ha\u00efti, R\u00e9publique Dominicaine, Costa Rica, Porto Rico, \u00celes Ca\u00efmans, Bahamas, Trinidad &amp; Tobago.<\/span><\/p>\t\t\t\t\t\t\t\t<\/div>\n\t\t\t\t<\/div>\n\t\t\t\t<div class=\"elementor-element elementor-element-d3bdfb4 elementor-widget elementor-widget-text-editor\" data-id=\"d3bdfb4\" data-element_type=\"widget\" data-widget_type=\"text-editor.default\">\n\t\t\t\t<div class=\"elementor-widget-container\">\n\t\t\t\t\t\t\t\t\t<p><b>Prix d\u00e9cern\u00e9s :<\/b><\/p><ul><li style=\"font-weight: 400;\" aria-level=\"1\"><span style=\"font-weight: 400;\">Prix du Jury du Meilleur Documentaire de la R\u00e9gion Guadeloupe (2 500 \u20ac)<\/span><span style=\"font-weight: 400;\"><br \/><\/span><\/li><li style=\"font-weight: 400;\" aria-level=\"1\"><span style=\"font-weight: 400;\">Prix R\u00e9v\u00e9lations Canal+ du Meilleur Court-M\u00e9trage Antilles-Guyane (10 000 \u20ac en achat de droit et diffusion)<\/span><span style=\"font-weight: 400;\"><br \/><\/span><\/li><li style=\"font-weight: 400;\" aria-level=\"1\"><span style=\"font-weight: 400;\">Prix Talent \u00e0 Suivre du Conseil D\u00e9partemental (10 000 \u20ac pour un jeune r\u00e9alisateur de -30 ans)<\/span><span style=\"font-weight: 400;\"><br \/><\/span><\/li><li style=\"font-weight: 400;\" aria-level=\"1\"><span style=\"font-weight: 400;\">Prix Karibbean du Meilleur Sc\u00e9nario offert par Karibbean Hive.<\/span><\/li><\/ul>\t\t\t\t\t\t\t\t<\/div>\n\t\t\t\t<\/div>\n\t\t\t\t<div class=\"elementor-element elementor-element-cdfb0d9 elementor-widget elementor-widget-text-editor\" data-id=\"cdfb0d9\" data-element_type=\"widget\" data-widget_type=\"text-editor.default\">\n\t\t\t\t<div class=\"elementor-widget-container\">\n\t\t\t\t\t\t\t\t\t<p><b>Le Programme Jeune Public \u2013 NRFF Kids<\/b><\/p><p><span style=\"font-weight: 400;\">Dans le cadre de son engagement pour l\u2019\u00e9ducation \u00e0 l\u2019image, le festival propose des s\u00e9ances adapt\u00e9es \u00e0 la jeunesse :<\/span><\/p><ul><li style=\"font-weight: 400;\" aria-level=\"1\"><b>S\u00e9ances scolaires<\/b><span style=\"font-weight: 400;\"> : projections adapt\u00e9es aux diff\u00e9rents niveaux scolaires.<\/span><span style=\"font-weight: 400;\"><br \/><\/span><\/li><li style=\"font-weight: 400;\" aria-level=\"1\"><b>Atelier NRFF Kids<\/b><span style=\"font-weight: 400;\"> : initiation \u00e0 l\u2019\u00e9criture sc\u00e9naristique (8-15 ans).<\/span><\/li><li style=\"font-weight: 400;\" aria-level=\"1\"><span style=\"font-weight: 400;\"><b style=\"font-family: -apple-system, BlinkMacSystemFont, 'Segoe UI', Roboto, 'Helvetica Neue', Arial, 'Noto Sans', sans-serif, 'Apple Color Emoji', 'Segoe UI Emoji', 'Segoe UI Symbol', 'Noto Color Emoji';\">S\u00e9ance Famille<\/b><span style=\"font-weight: 400;\"> : s\u00e9ance au tarif unique de 5 \u20ac.<\/span><\/span><\/li><\/ul>\t\t\t\t\t\t\t\t<\/div>\n\t\t\t\t<\/div>\n\t\t\t\t<div class=\"elementor-element elementor-element-4d60b69 elementor-widget elementor-widget-text-editor\" data-id=\"4d60b69\" data-element_type=\"widget\" data-widget_type=\"text-editor.default\">\n\t\t\t\t<div class=\"elementor-widget-container\">\n\t\t\t\t\t\t\t\t\t<p><b>NR Academy : Formations et Pitch Sessions<\/b><\/p><ul><li style=\"font-weight: 400;\" aria-level=\"1\"><span style=\"font-weight: 400;\">Atelier de formation au pitch (1er et 2 avril)<\/span><span style=\"font-weight: 400;\"><br \/><\/span><\/li><li style=\"font-weight: 400;\" aria-level=\"1\"><span style=\"font-weight: 400;\">Atelier ma\u00eetrise de l\u2019\u00e9clairage (1er avril)<\/span><span style=\"font-weight: 400;\"><br \/><\/span><\/li><li style=\"font-weight: 400;\" aria-level=\"1\"><span style=\"font-weight: 400;\">Pitch Session en live devant financeurs et producteurs, avec Prix du Meilleur Pitch r\u00e9compens\u00e9 par Canal+ (10 000 \u20ac)<\/span><span style=\"font-weight: 400;\"><br \/><\/span><\/li><li style=\"font-weight: 400;\" aria-level=\"1\"><span style=\"font-weight: 400;\">Conf\u00e9rences et Webinaire<\/span><span style=\"font-weight: 400;\"><br \/><\/span><ul><li style=\"font-weight: 400;\" aria-level=\"2\"><span style=\"font-weight: 400;\">Tournage \u00c9co-Responsable : Mode d\u2019Emploi<\/span><span style=\"font-weight: 400;\"><br \/><\/span><\/li><li style=\"font-weight: 400;\" aria-level=\"2\"><span style=\"font-weight: 400;\">Financer et Co-produire le Cin\u00e9ma des Antilles-Guyane<\/span><span style=\"font-weight: 400;\"><br \/><\/span><\/li><li style=\"font-weight: 400;\" aria-level=\"2\"><span style=\"font-weight: 400;\">Webinaire sur l\u2019\u00e9co-conditionnalit\u00e9 des productions<\/span><\/li><\/ul><\/li><\/ul>\t\t\t\t\t\t\t\t<\/div>\n\t\t\t\t<\/div>\n\t\t\t\t<section class=\"elementor-section elementor-inner-section elementor-element elementor-element-6de435e elementor-section-boxed elementor-section-height-default elementor-section-height-default\" data-id=\"6de435e\" data-element_type=\"section\">\n\t\t\t\t\t\t<div class=\"elementor-container elementor-column-gap-default\">\n\t\t\t\t\t<div class=\"elementor-column elementor-col-50 elementor-inner-column elementor-element elementor-element-35af58e\" data-id=\"35af58e\" data-element_type=\"column\">\n\t\t\t<div class=\"elementor-widget-wrap elementor-element-populated\">\n\t\t\t\t\t\t<div class=\"elementor-element elementor-element-32c7571 elementor-widget elementor-widget-image\" data-id=\"32c7571\" data-element_type=\"widget\" data-widget_type=\"image.default\">\n\t\t\t\t<div class=\"elementor-widget-container\">\n\t\t\t\t\t\t\t\t\t\t\t\t\t\t\t<img loading=\"lazy\" decoding=\"async\" width=\"724\" height=\"1024\" src=\"https:\/\/richeskarayib.com\/wp-content\/uploads\/2025\/03\/DOSSIER-DE-PRESSE-NRFF-2025_web_page-0015-724x1024.jpg\" class=\"attachment-large size-large wp-image-47635\" alt=\"Nouveaux Regards Film Festival\" srcset=\"https:\/\/richeskarayib.com\/wp-content\/uploads\/2025\/03\/DOSSIER-DE-PRESSE-NRFF-2025_web_page-0015-724x1024.jpg 724w, https:\/\/richeskarayib.com\/wp-content\/uploads\/2025\/03\/DOSSIER-DE-PRESSE-NRFF-2025_web_page-0015-212x300.jpg 212w, https:\/\/richeskarayib.com\/wp-content\/uploads\/2025\/03\/DOSSIER-DE-PRESSE-NRFF-2025_web_page-0015-768x1086.jpg 768w, https:\/\/richeskarayib.com\/wp-content\/uploads\/2025\/03\/DOSSIER-DE-PRESSE-NRFF-2025_web_page-0015-1086x1536.jpg 1086w, https:\/\/richeskarayib.com\/wp-content\/uploads\/2025\/03\/DOSSIER-DE-PRESSE-NRFF-2025_web_page-0015.jpg 1241w\" sizes=\"(max-width: 724px) 100vw, 724px\" \/>\t\t\t\t\t\t\t\t\t\t\t\t\t\t\t<\/div>\n\t\t\t\t<\/div>\n\t\t\t\t\t<\/div>\n\t\t<\/div>\n\t\t\t\t<div class=\"elementor-column elementor-col-50 elementor-inner-column elementor-element elementor-element-acc4c70\" data-id=\"acc4c70\" data-element_type=\"column\">\n\t\t\t<div class=\"elementor-widget-wrap elementor-element-populated\">\n\t\t\t\t\t\t<div class=\"elementor-element elementor-element-0afa517 elementor-widget elementor-widget-image\" data-id=\"0afa517\" data-element_type=\"widget\" data-widget_type=\"image.default\">\n\t\t\t\t<div class=\"elementor-widget-container\">\n\t\t\t\t\t\t\t\t\t\t\t\t\t\t\t<img loading=\"lazy\" decoding=\"async\" width=\"724\" height=\"1024\" src=\"https:\/\/richeskarayib.com\/wp-content\/uploads\/2025\/03\/DOSSIER-DE-PRESSE-NRFF-2025_web_page-0016-724x1024.jpg\" class=\"attachment-large size-large wp-image-47639\" alt=\"Nouveaux Regards Film Festival\" srcset=\"https:\/\/richeskarayib.com\/wp-content\/uploads\/2025\/03\/DOSSIER-DE-PRESSE-NRFF-2025_web_page-0016-724x1024.jpg 724w, https:\/\/richeskarayib.com\/wp-content\/uploads\/2025\/03\/DOSSIER-DE-PRESSE-NRFF-2025_web_page-0016-212x300.jpg 212w, https:\/\/richeskarayib.com\/wp-content\/uploads\/2025\/03\/DOSSIER-DE-PRESSE-NRFF-2025_web_page-0016-768x1086.jpg 768w, https:\/\/richeskarayib.com\/wp-content\/uploads\/2025\/03\/DOSSIER-DE-PRESSE-NRFF-2025_web_page-0016-1086x1536.jpg 1086w, https:\/\/richeskarayib.com\/wp-content\/uploads\/2025\/03\/DOSSIER-DE-PRESSE-NRFF-2025_web_page-0016.jpg 1241w\" sizes=\"(max-width: 724px) 100vw, 724px\" \/>\t\t\t\t\t\t\t\t\t\t\t\t\t\t\t<\/div>\n\t\t\t\t<\/div>\n\t\t\t\t\t<\/div>\n\t\t<\/div>\n\t\t\t\t\t<\/div>\n\t\t<\/section>\n\t\t\t\t\t<\/div>\n\t\t<\/div>\n\t\t\t\t\t<\/div>\n\t\t<\/section>\n\t\t\t\t<section class=\"elementor-section elementor-top-section elementor-element elementor-element-5cec613 elementor-section-boxed elementor-section-height-default elementor-section-height-default\" data-id=\"5cec613\" data-element_type=\"section\">\n\t\t\t\t\t\t<div class=\"elementor-container elementor-column-gap-default\">\n\t\t\t\t\t<div class=\"elementor-column elementor-col-100 elementor-top-column elementor-element elementor-element-833746a\" data-id=\"833746a\" data-element_type=\"column\">\n\t\t\t<div class=\"elementor-widget-wrap elementor-element-populated\">\n\t\t\t\t\t\t<div class=\"elementor-element elementor-element-3e5c66f elementor-widget elementor-widget-text-editor\" data-id=\"3e5c66f\" data-element_type=\"widget\" data-widget_type=\"text-editor.default\">\n\t\t\t\t<div class=\"elementor-widget-container\">\n\t\t\t\t\t\t\t\t\t<p><span style=\"font-weight: 400;\">Avec sa programmation ambitieuse, ses exp\u00e9riences immersives et son engagement en faveur des talents carib\u00e9ens, le Nouveaux Regards Film Festival 2025 promet une \u00e9dition m\u00e9morable !<\/span><span style=\"font-weight: 400;\"><br \/><\/span><span style=\"font-weight: 400;\"> \ud83d\udccd <\/span><b>O\u00f9 ?<\/b><span style=\"font-weight: 400;\"> Guadeloupe<\/span><span style=\"font-weight: 400;\"><br \/><\/span><span style=\"font-weight: 400;\"> \ud83d\udcc5 <\/span><b>Quand ?<\/b><span style=\"font-weight: 400;\"> Du 2 au 6 avril 2025<\/span><span style=\"font-weight: 400;\"><br \/><\/span><span style=\"font-weight: 400;\"> \ud83c\udfa5 <\/span><b>Pourquoi ?<\/b><span style=\"font-weight: 400;\"> Parce que la Cara\u00efbe regorge de talents et d\u2019histoires fascinantes \u00e0 partager.<\/span><\/p>\t\t\t\t\t\t\t\t<\/div>\n\t\t\t\t<\/div>\n\t\t\t\t\t<\/div>\n\t\t<\/div>\n\t\t\t\t\t<\/div>\n\t\t<\/section>\n\t\t\t\t<\/div>\n\t\t","protected":false},"excerpt":{"rendered":"<p>Le Nouveaux Regards Film Festival (NRFF) revient du 2 au 6 avril 2025 en Guadeloupe pour une 8e \u00e9dition qui s\u2019annonce exceptionnelle. Ce festival s\u2019impose comme une r\u00e9f\u00e9rence incontournable du cin\u00e9ma carib\u00e9en et international, offrant une plateforme unique de d\u00e9couverte, de partage et d\u2019innovation. Un festival engag\u00e9 pour le cin\u00e9ma Carib\u00e9en Depuis sa cr\u00e9ation, le [&hellip;]<\/p>\n","protected":false},"author":662,"featured_media":47603,"comment_status":"open","ping_status":"open","sticky":false,"template":"","format":"standard","meta":{"_acf_changed":false,"footnotes":""},"categories":[840,1504],"tags":[1545],"class_list":["post-47602","post","type-post","status-publish","format-standard","has-post-thumbnail","hentry","category-actus","category-film-et-video","tag-guadeloupe-2"],"acf":[],"_links":{"self":[{"href":"https:\/\/richeskarayib.com\/fr\/wp-json\/wp\/v2\/posts\/47602","targetHints":{"allow":["GET"]}}],"collection":[{"href":"https:\/\/richeskarayib.com\/fr\/wp-json\/wp\/v2\/posts"}],"about":[{"href":"https:\/\/richeskarayib.com\/fr\/wp-json\/wp\/v2\/types\/post"}],"author":[{"embeddable":true,"href":"https:\/\/richeskarayib.com\/fr\/wp-json\/wp\/v2\/users\/662"}],"replies":[{"embeddable":true,"href":"https:\/\/richeskarayib.com\/fr\/wp-json\/wp\/v2\/comments?post=47602"}],"version-history":[{"count":0,"href":"https:\/\/richeskarayib.com\/fr\/wp-json\/wp\/v2\/posts\/47602\/revisions"}],"wp:featuredmedia":[{"embeddable":true,"href":"https:\/\/richeskarayib.com\/fr\/wp-json\/wp\/v2\/media\/47603"}],"wp:attachment":[{"href":"https:\/\/richeskarayib.com\/fr\/wp-json\/wp\/v2\/media?parent=47602"}],"wp:term":[{"taxonomy":"category","embeddable":true,"href":"https:\/\/richeskarayib.com\/fr\/wp-json\/wp\/v2\/categories?post=47602"},{"taxonomy":"post_tag","embeddable":true,"href":"https:\/\/richeskarayib.com\/fr\/wp-json\/wp\/v2\/tags?post=47602"}],"curies":[{"name":"wp","href":"https:\/\/api.w.org\/{rel}","templated":true}]}}