{"id":47749,"date":"2025-03-31T00:32:50","date_gmt":"2025-03-31T04:32:50","guid":{"rendered":"https:\/\/richeskarayib.com\/?p=47749"},"modified":"2025-03-31T08:43:08","modified_gmt":"2025-03-31T12:43:08","slug":"martinique-tourisme-talents-pour-construire-avenir","status":"publish","type":"post","link":"https:\/\/richeskarayib.com\/fr\/martinique-tourisme-talents-pour-construire-avenir\/","title":{"rendered":"Martinique &#8211; Tourisme : miser sur les talents pour construire l\u2019avenir"},"content":{"rendered":"\t\t<div data-elementor-type=\"wp-post\" data-elementor-id=\"47749\" class=\"elementor elementor-47749\" data-elementor-post-type=\"post\">\n\t\t\t\t\t\t<section class=\"elementor-section elementor-top-section elementor-element elementor-element-37d6603 elementor-section-boxed elementor-section-height-default elementor-section-height-default\" data-id=\"37d6603\" data-element_type=\"section\">\n\t\t\t\t\t\t<div class=\"elementor-container elementor-column-gap-default\">\n\t\t\t\t\t<div class=\"elementor-column elementor-col-100 elementor-top-column elementor-element elementor-element-3a95cf2\" data-id=\"3a95cf2\" data-element_type=\"column\">\n\t\t\t<div class=\"elementor-widget-wrap elementor-element-populated\">\n\t\t\t\t\t\t<div class=\"elementor-element elementor-element-8bb628f elementor-widget elementor-widget-text-editor\" data-id=\"8bb628f\" data-element_type=\"widget\" data-widget_type=\"text-editor.default\">\n\t\t\t\t<div class=\"elementor-widget-container\">\n\t\t\t\t\t\t\t\t\t<p><strong data-start=\"201\" data-end=\"277\">Miser sur les talents pour construire l\u2019avenir du tourisme en Martinique<\/strong> : telle est la conviction qui a r\u00e9uni, le 28 mars 2025 \u00e0 l\u2019Habitation Fonds Rousseau \u00e0<a href=\"https:\/\/richeskarayib.com\/fr\/schoelcher-etoile-tourisme-antilles-francaise\/\"> Sch\u0153lcher<\/a>, l\u2019ensemble des acteurs du secteur \u00e0 l\u2019occasion de la <a href=\"https:\/\/www.entreprises.gouv.fr\/semaine-des-metiers-du-tourisme#:~:text=La%203e%20%C3%A9dition%20de,rencontrer%20les%20professionnels%20du%20secteur.\" target=\"_blank\" rel=\"noopener nofollow\"><strong data-start=\"429\" data-end=\"467\">3\u1d49 Semaine des M\u00e9tiers du Tourisme<\/strong><\/a>.<br data-start=\"468\" data-end=\"471\" \/>En pr\u00e9sence de <strong data-start=\"486\" data-end=\"507\">Nathalie Delattre<\/strong>, ministre d\u00e9l\u00e9gu\u00e9e charg\u00e9e du Tourisme, cette matin\u00e9e a \u00e9t\u00e9 l\u2019occasion de souligner l\u2019importance de la formation, de l\u2019accompagnement des parcours professionnels, et de la reconnaissance des comp\u00e9tences locales. \u00c0 travers les \u00e9changes, les prises de parole et les distinctions remises, une vision commune s\u2019est affirm\u00e9e : celle d\u2019un tourisme martiniquais exigeant et durable, fond\u00e9 sur la valorisation des talents locaux.<\/p>\t\t\t\t\t\t\t\t<\/div>\n\t\t\t\t<\/div>\n\t\t\t\t\t<\/div>\n\t\t<\/div>\n\t\t\t\t\t<\/div>\n\t\t<\/section>\n\t\t\t\t<section class=\"elementor-section elementor-top-section elementor-element elementor-element-5be2b1f elementor-section-boxed elementor-section-height-default elementor-section-height-default\" data-id=\"5be2b1f\" data-element_type=\"section\">\n\t\t\t\t\t\t<div class=\"elementor-container elementor-column-gap-default\">\n\t\t\t\t\t<div class=\"elementor-column elementor-col-100 elementor-top-column elementor-element elementor-element-1b81e37\" data-id=\"1b81e37\" data-element_type=\"column\">\n\t\t\t<div class=\"elementor-widget-wrap elementor-element-populated\">\n\t\t\t\t\t\t<div class=\"elementor-element elementor-element-1705abd elementor-widget elementor-widget-heading\" data-id=\"1705abd\" data-element_type=\"widget\" data-widget_type=\"heading.default\">\n\t\t\t\t<div class=\"elementor-widget-container\">\n\t\t\t\t\t<h2 class=\"elementor-heading-title elementor-size-default\">Un lieu porteur de m\u00e9moire pour accueillir cette rencontre<\/h2>\t\t\t\t<\/div>\n\t\t\t\t<\/div>\n\t\t\t\t<div class=\"elementor-element elementor-element-d53c064 elementor-widget elementor-widget-text-editor\" data-id=\"d53c064\" data-element_type=\"widget\" data-widget_type=\"text-editor.default\">\n\t\t\t\t<div class=\"elementor-widget-container\">\n\t\t\t\t\t\t\t\t\t<p><strong data-start=\"502\" data-end=\"524\">Pierre Sainte-Luce<\/strong>, <strong data-start=\"526\" data-end=\"573\">propri\u00e9taire de l\u2019Habitation Fonds Rousseau<\/strong>, a ouvert les portes de ce site patrimonial pour accueillir l\u2019\u00e9v\u00e9nement. Son intervention, sobre et marqu\u00e9e par l\u2019\u00e9motion, a rappel\u00e9 l\u2019attachement profond de ce lieu \u00e0 l\u2019histoire de la Martinique. Dans un d\u00e9cor empreint de m\u00e9moire, les \u00e9changes sur l\u2019avenir des m\u00e9tiers du tourisme ont pris une dimension particuli\u00e8re, r\u00e9sonnant avec la vocation de transmission et de valorisation des racines du territoire.<\/p>\t\t\t\t\t\t\t\t<\/div>\n\t\t\t\t<\/div>\n\t\t\t\t<div class=\"elementor-element elementor-element-5082928 elementor-widget elementor-widget-image\" data-id=\"5082928\" data-element_type=\"widget\" data-widget_type=\"image.default\">\n\t\t\t\t<div class=\"elementor-widget-container\">\n\t\t\t\t\t\t\t\t\t\t\t\t<figure class=\"wp-caption\">\n\t\t\t\t\t\t\t\t\t\t<img fetchpriority=\"high\" decoding=\"async\" width=\"576\" height=\"1024\" src=\"https:\/\/richeskarayib.com\/wp-content\/uploads\/2025\/03\/WhatsApp-Image-2025-03-28-a-22.54.06_e37f8572-576x1024.jpg\" class=\"attachment-large size-large wp-image-47782\" alt=\"Tourisme\" srcset=\"https:\/\/richeskarayib.com\/wp-content\/uploads\/2025\/03\/WhatsApp-Image-2025-03-28-a-22.54.06_e37f8572-576x1024.jpg 576w, https:\/\/richeskarayib.com\/wp-content\/uploads\/2025\/03\/WhatsApp-Image-2025-03-28-a-22.54.06_e37f8572-169x300.jpg 169w, https:\/\/richeskarayib.com\/wp-content\/uploads\/2025\/03\/WhatsApp-Image-2025-03-28-a-22.54.06_e37f8572-768x1365.jpg 768w, https:\/\/richeskarayib.com\/wp-content\/uploads\/2025\/03\/WhatsApp-Image-2025-03-28-a-22.54.06_e37f8572-864x1536.jpg 864w, https:\/\/richeskarayib.com\/wp-content\/uploads\/2025\/03\/WhatsApp-Image-2025-03-28-a-22.54.06_e37f8572.jpg 900w\" sizes=\"(max-width: 576px) 100vw, 576px\" \/>\t\t\t\t\t\t\t\t\t\t\t<figcaption class=\"widget-image-caption wp-caption-text\">Pierre Sainte-Luce en compagnie du pr\u00e9fet Etienne Desplanques<\/figcaption>\n\t\t\t\t\t\t\t\t\t\t<\/figure>\n\t\t\t\t\t\t\t\t\t<\/div>\n\t\t\t\t<\/div>\n\t\t\t\t\t<\/div>\n\t\t<\/div>\n\t\t\t\t\t<\/div>\n\t\t<\/section>\n\t\t\t\t<section class=\"elementor-section elementor-top-section elementor-element elementor-element-49b3f3d elementor-section-boxed elementor-section-height-default elementor-section-height-default\" data-id=\"49b3f3d\" data-element_type=\"section\">\n\t\t\t\t\t\t<div class=\"elementor-container elementor-column-gap-default\">\n\t\t\t\t\t<div class=\"elementor-column elementor-col-100 elementor-top-column elementor-element elementor-element-795a723\" data-id=\"795a723\" data-element_type=\"column\">\n\t\t\t<div class=\"elementor-widget-wrap elementor-element-populated\">\n\t\t\t\t\t\t<div class=\"elementor-element elementor-element-e4a4a7a elementor-widget elementor-widget-heading\" data-id=\"e4a4a7a\" data-element_type=\"widget\" data-widget_type=\"heading.default\">\n\t\t\t\t<div class=\"elementor-widget-container\">\n\t\t\t\t\t<h2 class=\"elementor-heading-title elementor-size-default\">Former, mobiliser, valoriser : une strat\u00e9gie territoriale partag\u00e9e<\/h2>\t\t\t\t<\/div>\n\t\t\t\t<\/div>\n\t\t\t\t<div class=\"elementor-element elementor-element-187b6b0 elementor-widget elementor-widget-text-editor\" data-id=\"187b6b0\" data-element_type=\"widget\" data-widget_type=\"text-editor.default\">\n\t\t\t\t<div class=\"elementor-widget-container\">\n\t\t\t\t\t\t\t\t\t<p>Madame <strong data-start=\"1714\" data-end=\"1734\">Marie-Luce Lebon<\/strong>, <strong data-start=\"1736\" data-end=\"1752\">sous-pr\u00e9f\u00e8te<\/strong> de la circonscription du Centre, a rappel\u00e9 les d\u00e9fis auxquels la Martinique doit faire face pour renforcer sa comp\u00e9titivit\u00e9 : transition environnementale et num\u00e9rique, accessibilit\u00e9, diversification de l\u2019offre, mont\u00e9e en comp\u00e9tences, et surtout, adaptation aux nouvelles attentes des client\u00e8les. Elle a insist\u00e9 sur le r\u00f4le essentiel des ressources humaines dans ce processus.<\/p><p class=\"\" data-start=\"1403\" data-end=\"1727\">Elle a \u00e9galement soulign\u00e9 l\u2019importance d\u2019un <strong data-start=\"1447\" data-end=\"1477\">positionnement strat\u00e9gique<\/strong>, face \u00e0 une concurrence carib\u00e9enne parfois fond\u00e9e sur une guerre des prix \u00e0 laquelle la Martinique ne peut \u2013 et ne doit \u2013 r\u00e9pondre. La solution : <strong data-start=\"1624\" data-end=\"1666\">la mont\u00e9e en gamme par les comp\u00e9tences<\/strong>, l\u2019innovation dans l\u2019accueil et la valorisation des m\u00e9tiers.<\/p><p class=\"\" data-start=\"1729\" data-end=\"2057\">Cela suppose de renforcer les dispositifs de formation, mais aussi de <strong data-start=\"1799\" data-end=\"1848\">changer le regard sur les m\u00e9tiers du tourisme<\/strong>, souvent victimes d\u2019un d\u00e9ficit d\u2019image. La semaine des m\u00e9tiers, dans ce contexte, constitue un levier pr\u00e9cieux pour sensibiliser, faire d\u00e9couvrir la diversit\u00e9 des parcours possibles et stimuler des vocations.<\/p>\t\t\t\t\t\t\t\t<\/div>\n\t\t\t\t<\/div>\n\t\t\t\t<div class=\"elementor-element elementor-element-5cece34 elementor-widget elementor-widget-image\" data-id=\"5cece34\" data-element_type=\"widget\" data-widget_type=\"image.default\">\n\t\t\t\t<div class=\"elementor-widget-container\">\n\t\t\t\t\t\t\t\t\t\t\t\t\t\t\t<img decoding=\"async\" width=\"576\" height=\"1024\" src=\"https:\/\/richeskarayib.com\/wp-content\/uploads\/2025\/03\/WhatsApp-Image-2025-03-28-a-22.49.01_3edef872-576x1024.jpg\" class=\"attachment-large size-large wp-image-47754\" alt=\"Tourisme\" srcset=\"https:\/\/richeskarayib.com\/wp-content\/uploads\/2025\/03\/WhatsApp-Image-2025-03-28-a-22.49.01_3edef872-576x1024.jpg 576w, https:\/\/richeskarayib.com\/wp-content\/uploads\/2025\/03\/WhatsApp-Image-2025-03-28-a-22.49.01_3edef872-169x300.jpg 169w, https:\/\/richeskarayib.com\/wp-content\/uploads\/2025\/03\/WhatsApp-Image-2025-03-28-a-22.49.01_3edef872-768x1365.jpg 768w, https:\/\/richeskarayib.com\/wp-content\/uploads\/2025\/03\/WhatsApp-Image-2025-03-28-a-22.49.01_3edef872-864x1536.jpg 864w, https:\/\/richeskarayib.com\/wp-content\/uploads\/2025\/03\/WhatsApp-Image-2025-03-28-a-22.49.01_3edef872.jpg 900w\" sizes=\"(max-width: 576px) 100vw, 576px\" \/>\t\t\t\t\t\t\t\t\t\t\t\t\t\t\t<\/div>\n\t\t\t\t<\/div>\n\t\t\t\t\t<\/div>\n\t\t<\/div>\n\t\t\t\t\t<\/div>\n\t\t<\/section>\n\t\t\t\t<section class=\"elementor-section elementor-top-section elementor-element elementor-element-b9cb9a0 elementor-section-boxed elementor-section-height-default elementor-section-height-default\" data-id=\"b9cb9a0\" data-element_type=\"section\">\n\t\t\t\t\t\t<div class=\"elementor-container elementor-column-gap-default\">\n\t\t\t\t\t<div class=\"elementor-column elementor-col-100 elementor-top-column elementor-element elementor-element-77dd258\" data-id=\"77dd258\" data-element_type=\"column\">\n\t\t\t<div class=\"elementor-widget-wrap elementor-element-populated\">\n\t\t\t\t\t\t<div class=\"elementor-element elementor-element-db19382 elementor-widget elementor-widget-heading\" data-id=\"db19382\" data-element_type=\"widget\" data-widget_type=\"heading.default\">\n\t\t\t\t<div class=\"elementor-widget-container\">\n\t\t\t\t\t<h2 class=\"elementor-heading-title elementor-size-default\">Le tourisme : un pilier \u00e9conomique fragilis\u00e9 par la p\u00e9nurie de main-d\u2019\u0153uvre<\/h2>\t\t\t\t<\/div>\n\t\t\t\t<\/div>\n\t\t\t\t<div class=\"elementor-element elementor-element-8c7a044 elementor-widget elementor-widget-text-editor\" data-id=\"8c7a044\" data-element_type=\"widget\" data-widget_type=\"text-editor.default\">\n\t\t\t\t<div class=\"elementor-widget-container\">\n\t\t\t\t\t\t\t\t\t<p class=\"\" data-start=\"2145\" data-end=\"2532\">Dans son intervention, <strong data-start=\"2168\" data-end=\"2189\">Nathalie Delattre<\/strong> a replac\u00e9 le tourisme dans le cadre national. Ce secteur repr\u00e9sente <strong data-start=\"2258\" data-end=\"2272\">8 % du PIB<\/strong>, <strong data-start=\"2274\" data-end=\"2299\">200 milliards d\u2019euros<\/strong> de chiffre d\u2019affaires, et <strong data-start=\"2326\" data-end=\"2371\">2 millions d\u2019emplois directs et indirects<\/strong>. En Martinique, pr\u00e8s <strong data-start=\"2393\" data-end=\"2422\">d\u2019un million de visiteurs<\/strong> sont accueillis chaque ann\u00e9e, pour environ <strong data-start=\"2466\" data-end=\"2484\">10 000 emplois<\/strong>, ce qui en fait un moteur de l\u2019\u00e9conomie locale.<\/p><p class=\"\" data-start=\"2534\" data-end=\"2769\">Mais ce moteur s\u2019essouffle par manque de bras. <strong data-start=\"2581\" data-end=\"2702\">En 2022, 60 % des entreprises de l\u2019h\u00f4tellerie-restauration d\u00e9claraient avoir frein\u00e9 leur activit\u00e9 faute de personnel.<\/strong> Un constat alarmant partag\u00e9 dans l\u2019Hexagone comme en Martinique.<\/p><p class=\"\" data-start=\"2771\" data-end=\"3155\">La ministre a insist\u00e9 sur la <strong data-start=\"2800\" data-end=\"2825\">diversit\u00e9 des m\u00e9tiers<\/strong> du tourisme \u2013 plus de \u00ab mille et un \u00bb, selon ses mots \u2013 et sur la difficult\u00e9 de les rendre visibles. C\u2019est l\u00e0 tout l\u2019enjeu de la semaine des m\u00e9tiers : permettre \u00e0 des jeunes, mais aussi \u00e0 des personnes en reconversion, de <strong data-start=\"3048\" data-end=\"3093\">rencontrer directement les professionnels<\/strong>, de poser leurs questions, et d\u2019\u00e9prouver, parfois, un d\u00e9clic.<\/p><p class=\"\" data-start=\"3157\" data-end=\"3482\">Elle a aussi salu\u00e9 la <strong data-start=\"3179\" data-end=\"3221\">hausse du nombre d\u2019actions labellis\u00e9es<\/strong>, pass\u00e9 de 2 500 \u00e0 plus de <strong data-start=\"3248\" data-end=\"3257\">3 200<\/strong> cette ann\u00e9e, preuve d\u2019une mobilisation croissante. Elle a soulign\u00e9 l\u2019importance de t\u00e9moignages inspirants, comme celui de <strong data-start=\"3380\" data-end=\"3396\">Nina M\u00e9tayer<\/strong>, meilleure cheffe p\u00e2tissi\u00e8re du monde 2023-2024, marraine nationale de cette \u00e9dition.<\/p>\t\t\t\t\t\t\t\t<\/div>\n\t\t\t\t<\/div>\n\t\t\t\t<div class=\"elementor-element elementor-element-f8de89d elementor-widget elementor-widget-image\" data-id=\"f8de89d\" data-element_type=\"widget\" data-widget_type=\"image.default\">\n\t\t\t\t<div class=\"elementor-widget-container\">\n\t\t\t\t\t\t\t\t\t\t\t\t\t\t\t<img decoding=\"async\" width=\"576\" height=\"1024\" src=\"https:\/\/richeskarayib.com\/wp-content\/uploads\/2025\/03\/WhatsApp-Image-2025-03-28-a-22.49.55_bef165ad-576x1024.jpg\" class=\"attachment-large size-large wp-image-47758\" alt=\"Tourisme\" srcset=\"https:\/\/richeskarayib.com\/wp-content\/uploads\/2025\/03\/WhatsApp-Image-2025-03-28-a-22.49.55_bef165ad-576x1024.jpg 576w, https:\/\/richeskarayib.com\/wp-content\/uploads\/2025\/03\/WhatsApp-Image-2025-03-28-a-22.49.55_bef165ad-169x300.jpg 169w, https:\/\/richeskarayib.com\/wp-content\/uploads\/2025\/03\/WhatsApp-Image-2025-03-28-a-22.49.55_bef165ad-768x1365.jpg 768w, https:\/\/richeskarayib.com\/wp-content\/uploads\/2025\/03\/WhatsApp-Image-2025-03-28-a-22.49.55_bef165ad-864x1536.jpg 864w, https:\/\/richeskarayib.com\/wp-content\/uploads\/2025\/03\/WhatsApp-Image-2025-03-28-a-22.49.55_bef165ad.jpg 900w\" sizes=\"(max-width: 576px) 100vw, 576px\" \/>\t\t\t\t\t\t\t\t\t\t\t\t\t\t\t<\/div>\n\t\t\t\t<\/div>\n\t\t\t\t\t<\/div>\n\t\t<\/div>\n\t\t\t\t\t<\/div>\n\t\t<\/section>\n\t\t\t\t<section class=\"elementor-section elementor-top-section elementor-element elementor-element-4adc45b elementor-section-boxed elementor-section-height-default elementor-section-height-default\" data-id=\"4adc45b\" data-element_type=\"section\">\n\t\t\t\t\t\t<div class=\"elementor-container elementor-column-gap-default\">\n\t\t\t\t\t<div class=\"elementor-column elementor-col-100 elementor-top-column elementor-element elementor-element-612dbdd\" data-id=\"612dbdd\" data-element_type=\"column\">\n\t\t\t<div class=\"elementor-widget-wrap elementor-element-populated\">\n\t\t\t\t\t\t<div class=\"elementor-element elementor-element-5df0f6e elementor-widget elementor-widget-heading\" data-id=\"5df0f6e\" data-element_type=\"widget\" data-widget_type=\"heading.default\">\n\t\t\t\t<div class=\"elementor-widget-container\">\n\t\t\t\t\t<h2 class=\"elementor-heading-title elementor-size-default\">Une dynamique locale vivante et collaborative<\/h2>\t\t\t\t<\/div>\n\t\t\t\t<\/div>\n\t\t\t\t<div class=\"elementor-element elementor-element-d44c7bd elementor-widget elementor-widget-text-editor\" data-id=\"d44c7bd\" data-element_type=\"widget\" data-widget_type=\"text-editor.default\">\n\t\t\t\t<div class=\"elementor-widget-container\">\n\t\t\t\t\t\t\t\t\t<p class=\"\" data-start=\"3540\" data-end=\"3838\">Autre moment fort de la matin\u00e9e : l\u2019intervention de <strong data-start=\"3592\" data-end=\"3612\">Catherine Vatbl\u00e9<\/strong>, charg\u00e9e de mission \u00e0 la DEETS et r\u00e9f\u00e9rente nationale de la Semaine des M\u00e9tiers du Tourisme. Visiblement \u00e9mue, elle a salu\u00e9 l\u2019investissement des nombreux partenaires martiniquais, malgr\u00e9 des moyens financiers parfois limit\u00e9s.<\/p><p class=\"\" data-start=\"3840\" data-end=\"4213\">Elle a mis en lumi\u00e8re <strong data-start=\"3862\" data-end=\"3894\">les 48 \u00e9v\u00e9nements labellis\u00e9s<\/strong> sur le territoire, avec une attention particuli\u00e8re port\u00e9e cette ann\u00e9e \u00e0 la <strong data-start=\"3970\" data-end=\"3994\">th\u00e9matique de la mer<\/strong>, gr\u00e2ce \u00e0 la collaboration du <strong data-start=\"4024\" data-end=\"4056\">campus des m\u00e9tiers de la mer<\/strong>, du <strong data-start=\"4061\" data-end=\"4081\">cluster maritime<\/strong>, de la <strong data-start=\"4089\" data-end=\"4112\">direction de la mer<\/strong>, et de nombreuses associations culturelles, dont <strong data-start=\"4162\" data-end=\"4177\">Cariculture<\/strong>, <strong data-start=\"4179\" data-end=\"4191\">Watouabi<\/strong> et <strong data-start=\"4195\" data-end=\"4212\">Tambou Gornal<\/strong>.<\/p><p class=\"\" data-start=\"4215\" data-end=\"4527\">Un &#8220;causer&#8221;, organis\u00e9 l\u2019apr\u00e8s-midi \u00e0 Fort-de-France, visait \u00e0 <strong data-start=\"4277\" data-end=\"4356\">croiser les regards entre monde culturel, scolaire, \u00e9conomique et politique<\/strong>, autour d\u2019une id\u00e9e forte : transformer les \u00e9v\u00e9nements culturels traditionnels (carnaval, <a href=\"https:\/\/richeskarayib.com\/fr\/les-journees-du-patrimoine-2024-en-martinique-une-exploration-unique-du-patrimoine-maritime-et-des-itineraires-historiques\/\">Tour des Yoles<\/a>\u2026) en v\u00e9ritables <strong data-start=\"4477\" data-end=\"4524\">leviers de d\u00e9veloppement \u00e9conomique durable<\/strong>.<\/p><p class=\"\" data-start=\"4529\" data-end=\"4717\">Le pavillon final de la semaine devait prendre place au sein du <strong data-start=\"4593\" data-end=\"4628\">village du cacao et du chocolat<\/strong>, incarnant une volont\u00e9 de lier patrimoine, transmission, \u00e9conomie locale et rayonnement.<\/p>\t\t\t\t\t\t\t\t<\/div>\n\t\t\t\t<\/div>\n\t\t\t\t<div class=\"elementor-element elementor-element-dd19e8d elementor-widget elementor-widget-image\" data-id=\"dd19e8d\" data-element_type=\"widget\" data-widget_type=\"image.default\">\n\t\t\t\t<div class=\"elementor-widget-container\">\n\t\t\t\t\t\t\t\t\t\t\t\t\t\t\t<img loading=\"lazy\" decoding=\"async\" width=\"576\" height=\"1024\" src=\"https:\/\/richeskarayib.com\/wp-content\/uploads\/2025\/03\/WhatsApp-Image-2025-03-28-a-22.51.05_87b590d5-576x1024.jpg\" class=\"attachment-large size-large wp-image-47762\" alt=\"Tourisme\" srcset=\"https:\/\/richeskarayib.com\/wp-content\/uploads\/2025\/03\/WhatsApp-Image-2025-03-28-a-22.51.05_87b590d5-576x1024.jpg 576w, https:\/\/richeskarayib.com\/wp-content\/uploads\/2025\/03\/WhatsApp-Image-2025-03-28-a-22.51.05_87b590d5-169x300.jpg 169w, https:\/\/richeskarayib.com\/wp-content\/uploads\/2025\/03\/WhatsApp-Image-2025-03-28-a-22.51.05_87b590d5-768x1365.jpg 768w, https:\/\/richeskarayib.com\/wp-content\/uploads\/2025\/03\/WhatsApp-Image-2025-03-28-a-22.51.05_87b590d5-864x1536.jpg 864w, https:\/\/richeskarayib.com\/wp-content\/uploads\/2025\/03\/WhatsApp-Image-2025-03-28-a-22.51.05_87b590d5.jpg 900w\" sizes=\"(max-width: 576px) 100vw, 576px\" \/>\t\t\t\t\t\t\t\t\t\t\t\t\t\t\t<\/div>\n\t\t\t\t<\/div>\n\t\t\t\t<div class=\"elementor-element elementor-element-0d837eb elementor-widget elementor-widget-text-editor\" data-id=\"0d837eb\" data-element_type=\"widget\" data-widget_type=\"text-editor.default\">\n\t\t\t\t<div class=\"elementor-widget-container\">\n\t\t\t\t\t\t\t\t\t<p class=\"\" data-start=\"3540\" data-end=\"3838\">Partenaire actif de l\u2019\u00e9v\u00e9nement, la <a href=\"https:\/\/www.martinique.cci.fr\/detail_article_actualites.aspx?card=61025\" target=\"_blank\" rel=\"noopener nofollow\"><strong data-start=\"1105\" data-end=\"1127\">ville de Sch\u0153lcher<\/strong><\/a> a jou\u00e9 un r\u00f4le structurant dans l\u2019organisation de cette \u00e9tape martiniquaise de la Semaine des M\u00e9tiers du Tourisme. Pr\u00e9sent au nom de la municipalit\u00e9, <strong data-start=\"1278\" data-end=\"1297\">Monsieur Gonier<\/strong>, membre de l\u2019\u00e9quipe technique, a \u00e9t\u00e9 chaleureusement salu\u00e9 pour son engagement. Ce soutien logistique et humain t\u00e9moigne de la volont\u00e9 de la commune de s\u2019impliquer dans la structuration d\u2019un tourisme ancr\u00e9 localement, capable de cr\u00e9er des passerelles entre \u00e9ducation, culture et \u00e9conomie.<\/p>\t\t\t\t\t\t\t\t<\/div>\n\t\t\t\t<\/div>\n\t\t\t\t<div class=\"elementor-element elementor-element-3734f5b elementor-widget elementor-widget-image\" data-id=\"3734f5b\" data-element_type=\"widget\" data-widget_type=\"image.default\">\n\t\t\t\t<div class=\"elementor-widget-container\">\n\t\t\t\t\t\t\t\t\t\t\t\t<figure class=\"wp-caption\">\n\t\t\t\t\t\t\t\t\t\t<img loading=\"lazy\" decoding=\"async\" width=\"800\" height=\"450\" src=\"https:\/\/richeskarayib.com\/wp-content\/uploads\/2025\/03\/WhatsApp-Image-2025-03-28-a-22.54.19_30ad4153-1024x576.jpg\" class=\"attachment-large size-large wp-image-47778\" alt=\"Tourisme\" srcset=\"https:\/\/richeskarayib.com\/wp-content\/uploads\/2025\/03\/WhatsApp-Image-2025-03-28-a-22.54.19_30ad4153-1024x576.jpg 1024w, https:\/\/richeskarayib.com\/wp-content\/uploads\/2025\/03\/WhatsApp-Image-2025-03-28-a-22.54.19_30ad4153-300x169.jpg 300w, https:\/\/richeskarayib.com\/wp-content\/uploads\/2025\/03\/WhatsApp-Image-2025-03-28-a-22.54.19_30ad4153-768x432.jpg 768w, https:\/\/richeskarayib.com\/wp-content\/uploads\/2025\/03\/WhatsApp-Image-2025-03-28-a-22.54.19_30ad4153-1536x864.jpg 1536w, https:\/\/richeskarayib.com\/wp-content\/uploads\/2025\/03\/WhatsApp-Image-2025-03-28-a-22.54.19_30ad4153-1320x743.jpg 1320w, https:\/\/richeskarayib.com\/wp-content\/uploads\/2025\/03\/WhatsApp-Image-2025-03-28-a-22.54.19_30ad4153.jpg 1600w\" sizes=\"(max-width: 800px) 100vw, 800px\" \/>\t\t\t\t\t\t\t\t\t\t\t<figcaption class=\"widget-image-caption wp-caption-text\">Josette Cinna (Martinique Terroir d'Excellence) - Nathalie Delattre -  Emile Gonier - Catherine Rodap<\/figcaption>\n\t\t\t\t\t\t\t\t\t\t<\/figure>\n\t\t\t\t\t\t\t\t\t<\/div>\n\t\t\t\t<\/div>\n\t\t\t\t\t<\/div>\n\t\t<\/div>\n\t\t\t\t\t<\/div>\n\t\t<\/section>\n\t\t\t\t<section class=\"elementor-section elementor-top-section elementor-element elementor-element-16e8ac1 elementor-section-boxed elementor-section-height-default elementor-section-height-default\" data-id=\"16e8ac1\" data-element_type=\"section\">\n\t\t\t\t\t\t<div class=\"elementor-container elementor-column-gap-default\">\n\t\t\t\t\t<div class=\"elementor-column elementor-col-100 elementor-top-column elementor-element elementor-element-21ac8a8\" data-id=\"21ac8a8\" data-element_type=\"column\">\n\t\t\t<div class=\"elementor-widget-wrap elementor-element-populated\">\n\t\t\t\t\t\t<div class=\"elementor-element elementor-element-a740472 elementor-widget elementor-widget-heading\" data-id=\"a740472\" data-element_type=\"widget\" data-widget_type=\"heading.default\">\n\t\t\t\t<div class=\"elementor-widget-container\">\n\t\t\t\t\t<h2 class=\"elementor-heading-title elementor-size-default\">Faire \u00e9merger des carri\u00e8res durables et valorisantes<\/h2>\t\t\t\t<\/div>\n\t\t\t\t<\/div>\n\t\t\t\t<div class=\"elementor-element elementor-element-69d789d elementor-widget elementor-widget-text-editor\" data-id=\"69d789d\" data-element_type=\"widget\" data-widget_type=\"text-editor.default\">\n\t\t\t\t<div class=\"elementor-widget-container\">\n\t\t\t\t\t\t\t\t\t<p class=\"\" data-start=\"4777\" data-end=\"5095\"><strong data-start=\"4777\" data-end=\"4796\">Catherine Rodap<\/strong>, pr\u00e9sidente du <strong data-start=\"4812\" data-end=\"4832\">MEDEF Martinique<\/strong>, a salu\u00e9 l\u2019\u00e9coute accord\u00e9e par la ministre aux r\u00e9alit\u00e9s martiniquaises, bien au-del\u00e0 d\u2019une simple visite protocolaire. Elle a soulign\u00e9 combien chaque entreprise, chaque activit\u00e9 touristique repose avant tout sur des hommes et des femmes passionn\u00e9s et comp\u00e9tents.<\/p><p class=\"\" data-start=\"5097\" data-end=\"5399\">Elle a insist\u00e9 sur le <strong data-start=\"5119\" data-end=\"5147\">r\u00f4le cl\u00e9 de la formation<\/strong>, qui doit \u00eatre experte, adapt\u00e9e, mais aussi connue du grand public. Pour elle, il est essentiel de <strong data-start=\"5247\" data-end=\"5281\">lutter contre les id\u00e9es re\u00e7ues<\/strong> et de montrer qu\u2019il est non seulement possible, mais aussi valorisant de faire carri\u00e8re dans les m\u00e9tiers du tourisme.<\/p><p class=\"\" data-start=\"5401\" data-end=\"5664\">\u00ab\u202fL\u2019excellence ne se d\u00e9cr\u00e8te pas, elle se construit jour apr\u00e8s jour\u202f\u00bb, a-t-elle rappel\u00e9, appelant \u00e0 renforcer les ponts entre le monde \u00e9ducatif et le monde \u00e9conomique. Le MEDEF, a-t-elle assur\u00e9, continuera \u00e0 s\u2019impliquer pleinement dans cette dynamique collective.<\/p>\t\t\t\t\t\t\t\t<\/div>\n\t\t\t\t<\/div>\n\t\t\t\t<div class=\"elementor-element elementor-element-27d92b5 elementor-widget elementor-widget-image\" data-id=\"27d92b5\" data-element_type=\"widget\" data-widget_type=\"image.default\">\n\t\t\t\t<div class=\"elementor-widget-container\">\n\t\t\t\t\t\t\t\t\t\t\t\t\t\t\t<img loading=\"lazy\" decoding=\"async\" width=\"576\" height=\"1024\" src=\"https:\/\/richeskarayib.com\/wp-content\/uploads\/2025\/03\/WhatsApp-Image-2025-03-28-a-22.51.37_f25b4ee8-576x1024.jpg\" class=\"attachment-large size-large wp-image-47766\" alt=\"Tourisme\" srcset=\"https:\/\/richeskarayib.com\/wp-content\/uploads\/2025\/03\/WhatsApp-Image-2025-03-28-a-22.51.37_f25b4ee8-576x1024.jpg 576w, https:\/\/richeskarayib.com\/wp-content\/uploads\/2025\/03\/WhatsApp-Image-2025-03-28-a-22.51.37_f25b4ee8-169x300.jpg 169w, https:\/\/richeskarayib.com\/wp-content\/uploads\/2025\/03\/WhatsApp-Image-2025-03-28-a-22.51.37_f25b4ee8-768x1365.jpg 768w, https:\/\/richeskarayib.com\/wp-content\/uploads\/2025\/03\/WhatsApp-Image-2025-03-28-a-22.51.37_f25b4ee8-864x1536.jpg 864w, https:\/\/richeskarayib.com\/wp-content\/uploads\/2025\/03\/WhatsApp-Image-2025-03-28-a-22.51.37_f25b4ee8.jpg 900w\" sizes=\"(max-width: 576px) 100vw, 576px\" \/>\t\t\t\t\t\t\t\t\t\t\t\t\t\t\t<\/div>\n\t\t\t\t<\/div>\n\t\t\t\t<div class=\"elementor-element elementor-element-0f109b0 elementor-widget elementor-widget-text-editor\" data-id=\"0f109b0\" data-element_type=\"widget\" data-widget_type=\"text-editor.default\">\n\t\t\t\t<div class=\"elementor-widget-container\">\n\t\t\t\t\t\t\t\t\t<p><strong data-start=\"866\" data-end=\"889\">Fabrice Di Geronimo<\/strong>, repr\u00e9sentant de <strong data-start=\"907\" data-end=\"936\">France Travail Martinique<\/strong>, a rappel\u00e9 l\u2019importance de rendre les m\u00e9tiers du tourisme plus visibles et accessibles. Il a notamment insist\u00e9 sur la n\u00e9cessit\u00e9 de <strong data-start=\"1068\" data-end=\"1110\">sensibiliser les jeunes d\u00e8s le coll\u00e8ge<\/strong>, pour leur permettre de mieux comprendre les opportunit\u00e9s de ce secteur souvent m\u00e9connu. Dans un contexte de tension sur le march\u00e9 de l\u2019emploi, il a soulign\u00e9 que de nombreuses entreprises touristiques peinent \u00e0 recruter, faute de profils form\u00e9s ou inform\u00e9s. France Travail s\u2019engage ainsi \u00e0 proposer <strong data-start=\"1410\" data-end=\"1454\">des dispositifs d\u2019accompagnement adapt\u00e9s<\/strong>, visant \u00e0 rapprocher les publics \u00e9loign\u00e9s de l\u2019emploi des besoins concrets exprim\u00e9s par les professionnels du secteur.<\/p>\t\t\t\t\t\t\t\t<\/div>\n\t\t\t\t<\/div>\n\t\t\t\t<div class=\"elementor-element elementor-element-f4de81a elementor-widget elementor-widget-image\" data-id=\"f4de81a\" data-element_type=\"widget\" data-widget_type=\"image.default\">\n\t\t\t\t<div class=\"elementor-widget-container\">\n\t\t\t\t\t\t\t\t\t\t\t\t\t\t\t<img loading=\"lazy\" decoding=\"async\" width=\"576\" height=\"1024\" src=\"https:\/\/richeskarayib.com\/wp-content\/uploads\/2025\/03\/WhatsApp-Image-2025-03-28-a-22.51.54_31b45a1a-576x1024.jpg\" class=\"attachment-large size-large wp-image-47786\" alt=\"Tourisme\" srcset=\"https:\/\/richeskarayib.com\/wp-content\/uploads\/2025\/03\/WhatsApp-Image-2025-03-28-a-22.51.54_31b45a1a-576x1024.jpg 576w, https:\/\/richeskarayib.com\/wp-content\/uploads\/2025\/03\/WhatsApp-Image-2025-03-28-a-22.51.54_31b45a1a-169x300.jpg 169w, https:\/\/richeskarayib.com\/wp-content\/uploads\/2025\/03\/WhatsApp-Image-2025-03-28-a-22.51.54_31b45a1a-768x1365.jpg 768w, https:\/\/richeskarayib.com\/wp-content\/uploads\/2025\/03\/WhatsApp-Image-2025-03-28-a-22.51.54_31b45a1a-864x1536.jpg 864w, https:\/\/richeskarayib.com\/wp-content\/uploads\/2025\/03\/WhatsApp-Image-2025-03-28-a-22.51.54_31b45a1a.jpg 900w\" sizes=\"(max-width: 576px) 100vw, 576px\" \/>\t\t\t\t\t\t\t\t\t\t\t\t\t\t\t<\/div>\n\t\t\t\t<\/div>\n\t\t\t\t\t<\/div>\n\t\t<\/div>\n\t\t\t\t\t<\/div>\n\t\t<\/section>\n\t\t\t\t<section class=\"elementor-section elementor-top-section elementor-element elementor-element-744739e elementor-section-boxed elementor-section-height-default elementor-section-height-default\" data-id=\"744739e\" data-element_type=\"section\">\n\t\t\t\t\t\t<div class=\"elementor-container elementor-column-gap-default\">\n\t\t\t\t\t<div class=\"elementor-column elementor-col-100 elementor-top-column elementor-element elementor-element-2ce74c0\" data-id=\"2ce74c0\" data-element_type=\"column\">\n\t\t\t<div class=\"elementor-widget-wrap elementor-element-populated\">\n\t\t\t\t\t\t<div class=\"elementor-element elementor-element-fff1794 elementor-widget elementor-widget-heading\" data-id=\"fff1794\" data-element_type=\"widget\" data-widget_type=\"heading.default\">\n\t\t\t\t<div class=\"elementor-widget-container\">\n\t\t\t\t\t<h2 class=\"elementor-heading-title elementor-size-default\">Deux parcours d\u2019exception distingu\u00e9s par la m\u00e9daille du tourisme<\/h2>\t\t\t\t<\/div>\n\t\t\t\t<\/div>\n\t\t\t\t<div class=\"elementor-element elementor-element-6b0ed57 elementor-widget elementor-widget-text-editor\" data-id=\"6b0ed57\" data-element_type=\"widget\" data-widget_type=\"text-editor.default\">\n\t\t\t\t<div class=\"elementor-widget-container\">\n\t\t\t\t\t\t\t\t\t<p class=\"\" data-start=\"428\" data-end=\"644\">Moment fort de la matin\u00e9e, la <strong data-start=\"458\" data-end=\"494\">remise des m\u00e9dailles du tourisme<\/strong> est venue saluer l\u2019engagement de deux personnalit\u00e9s dont le parcours incarne deux visions compl\u00e9mentaires du d\u00e9veloppement touristique en Martinique.<\/p><p class=\"\" data-start=\"646\" data-end=\"1171\"><strong data-start=\"646\" data-end=\"666\">Fran\u00e7oise Riveti, <\/strong>directrice g\u00e9n\u00e9rale de l\u2019H\u00f4tel Bambou, s\u2019est vue d\u00e9cerner la <strong>m\u00e9daille de bronze<\/strong> pour avoir su transformer un h\u00f4tel familial en un complexe h\u00f4telier de r\u00e9f\u00e9rence, tout en gardant une ligne claire : allier confort, qualit\u00e9 environnementale, accessibilit\u00e9, et culture antillaise. Port\u00e9e par une vision humaine et exigeante de l\u2019hospitalit\u00e9, elle incarne le renouveau de l\u2019h\u00f4tellerie martiniquaise face \u00e0 la concurrence r\u00e9gionale.<\/p><p class=\"\" data-start=\"646\" data-end=\"1171\"><strong data-start=\"646\" data-end=\"666\">Hector Elisabeth<\/strong>, sociologue et ancien directeur de l\u2019Agence R\u00e9gionale de D\u00e9veloppement Touristique de la Martinique (ARDTM), a re\u00e7u la <strong data-start=\"786\" data-end=\"803\">m\u00e9daille d\u2019or<\/strong>. Visionnaire et strat\u00e8ge, il a \u0153uvr\u00e9 pendant des d\u00e9cennies \u00e0 inscrire le tourisme martiniquais dans une logique de d\u00e9veloppement int\u00e9gr\u00e9, en lien \u00e9troit avec l\u2019identit\u00e9 locale, la formation, la structuration du secteur et l\u2019\u00e9mergence d\u2019un tourisme interne accessible \u00e0 tous. Son engagement a pos\u00e9 les fondations de ce qui deviendra le Comit\u00e9 Martiniquais du Tourisme.<\/p><p class=\"\" data-start=\"1621\" data-end=\"1999\">\u00c0 travers ces deux distinctions, c\u2019est \u00e0 la fois <strong data-start=\"1670\" data-end=\"1700\">l\u2019h\u00e9ritage et l\u2019innovation<\/strong>, <strong data-start=\"1702\" data-end=\"1743\">la strat\u00e9gie et la gestion de terrain<\/strong>, <strong data-start=\"1745\" data-end=\"1775\">la m\u00e9moire et l\u2019adaptation<\/strong>, qui ont \u00e9t\u00e9 mises \u00e0 l\u2019honneur. Un hommage rendu \u00e0 des femmes et des hommes qui, par leur engagement, contribuent \u00e0 b\u00e2tir un tourisme martiniquais plus r\u00e9silient, plus responsable, et profond\u00e9ment ancr\u00e9 dans son territoire.<\/p>\t\t\t\t\t\t\t\t<\/div>\n\t\t\t\t<\/div>\n\t\t\t\t<div class=\"elementor-element elementor-element-d05596e elementor-widget elementor-widget-image\" data-id=\"d05596e\" data-element_type=\"widget\" data-widget_type=\"image.default\">\n\t\t\t\t<div class=\"elementor-widget-container\">\n\t\t\t\t\t\t\t\t\t\t\t\t<figure class=\"wp-caption\">\n\t\t\t\t\t\t\t\t\t\t<img loading=\"lazy\" decoding=\"async\" width=\"800\" height=\"450\" src=\"https:\/\/richeskarayib.com\/wp-content\/uploads\/2025\/03\/WhatsApp-Image-2025-03-28-a-22.52.41_ef17d6df-1024x576.jpg\" class=\"attachment-large size-large wp-image-47774\" alt=\"Tourisme\" srcset=\"https:\/\/richeskarayib.com\/wp-content\/uploads\/2025\/03\/WhatsApp-Image-2025-03-28-a-22.52.41_ef17d6df-1024x576.jpg 1024w, https:\/\/richeskarayib.com\/wp-content\/uploads\/2025\/03\/WhatsApp-Image-2025-03-28-a-22.52.41_ef17d6df-300x169.jpg 300w, https:\/\/richeskarayib.com\/wp-content\/uploads\/2025\/03\/WhatsApp-Image-2025-03-28-a-22.52.41_ef17d6df-768x432.jpg 768w, https:\/\/richeskarayib.com\/wp-content\/uploads\/2025\/03\/WhatsApp-Image-2025-03-28-a-22.52.41_ef17d6df-1536x864.jpg 1536w, https:\/\/richeskarayib.com\/wp-content\/uploads\/2025\/03\/WhatsApp-Image-2025-03-28-a-22.52.41_ef17d6df-1320x743.jpg 1320w, https:\/\/richeskarayib.com\/wp-content\/uploads\/2025\/03\/WhatsApp-Image-2025-03-28-a-22.52.41_ef17d6df.jpg 1600w\" sizes=\"(max-width: 800px) 100vw, 800px\" \/>\t\t\t\t\t\t\t\t\t\t\t<figcaption class=\"widget-image-caption wp-caption-text\">Fran\u00e7oise Riveti - Nathalie Delattre - Hector Elizabeth<\/figcaption>\n\t\t\t\t\t\t\t\t\t\t<\/figure>\n\t\t\t\t\t\t\t\t\t<\/div>\n\t\t\t\t<\/div>\n\t\t\t\t<div class=\"elementor-element elementor-element-aeff353 elementor-widget elementor-widget-image\" data-id=\"aeff353\" data-element_type=\"widget\" data-widget_type=\"image.default\">\n\t\t\t\t<div class=\"elementor-widget-container\">\n\t\t\t\t\t\t\t\t\t\t\t\t\t\t\t<img loading=\"lazy\" decoding=\"async\" width=\"800\" height=\"871\" src=\"https:\/\/richeskarayib.com\/wp-content\/uploads\/2025\/03\/WhatsApp-Image-2025-03-31-a-00.25.22_d3acb3fe-941x1024.jpg\" class=\"attachment-large size-large wp-image-47794\" alt=\"Tourisme\" srcset=\"https:\/\/richeskarayib.com\/wp-content\/uploads\/2025\/03\/WhatsApp-Image-2025-03-31-a-00.25.22_d3acb3fe-941x1024.jpg 941w, https:\/\/richeskarayib.com\/wp-content\/uploads\/2025\/03\/WhatsApp-Image-2025-03-31-a-00.25.22_d3acb3fe-276x300.jpg 276w, https:\/\/richeskarayib.com\/wp-content\/uploads\/2025\/03\/WhatsApp-Image-2025-03-31-a-00.25.22_d3acb3fe-768x835.jpg 768w, https:\/\/richeskarayib.com\/wp-content\/uploads\/2025\/03\/WhatsApp-Image-2025-03-31-a-00.25.22_d3acb3fe-1412x1536.jpg 1412w, https:\/\/richeskarayib.com\/wp-content\/uploads\/2025\/03\/WhatsApp-Image-2025-03-31-a-00.25.22_d3acb3fe-1320x1436.jpg 1320w, https:\/\/richeskarayib.com\/wp-content\/uploads\/2025\/03\/WhatsApp-Image-2025-03-31-a-00.25.22_d3acb3fe.jpg 1471w\" sizes=\"(max-width: 800px) 100vw, 800px\" \/>\t\t\t\t\t\t\t\t\t\t\t\t\t\t\t<\/div>\n\t\t\t\t<\/div>\n\t\t\t\t<div class=\"elementor-element elementor-element-10cf48c elementor-widget elementor-widget-image\" data-id=\"10cf48c\" data-element_type=\"widget\" data-widget_type=\"image.default\">\n\t\t\t\t<div class=\"elementor-widget-container\">\n\t\t\t\t\t\t\t\t\t\t\t\t\t\t\t<img loading=\"lazy\" decoding=\"async\" width=\"800\" height=\"450\" src=\"https:\/\/richeskarayib.com\/wp-content\/uploads\/2025\/03\/WhatsApp-Image-2025-03-31-a-00.26.31_b289f2f6-1024x576.jpg\" class=\"attachment-large size-large wp-image-47802\" alt=\"Tourisme\" srcset=\"https:\/\/richeskarayib.com\/wp-content\/uploads\/2025\/03\/WhatsApp-Image-2025-03-31-a-00.26.31_b289f2f6-1024x576.jpg 1024w, https:\/\/richeskarayib.com\/wp-content\/uploads\/2025\/03\/WhatsApp-Image-2025-03-31-a-00.26.31_b289f2f6-300x169.jpg 300w, https:\/\/richeskarayib.com\/wp-content\/uploads\/2025\/03\/WhatsApp-Image-2025-03-31-a-00.26.31_b289f2f6-768x432.jpg 768w, https:\/\/richeskarayib.com\/wp-content\/uploads\/2025\/03\/WhatsApp-Image-2025-03-31-a-00.26.31_b289f2f6-1536x864.jpg 1536w, https:\/\/richeskarayib.com\/wp-content\/uploads\/2025\/03\/WhatsApp-Image-2025-03-31-a-00.26.31_b289f2f6-1320x743.jpg 1320w, https:\/\/richeskarayib.com\/wp-content\/uploads\/2025\/03\/WhatsApp-Image-2025-03-31-a-00.26.31_b289f2f6.jpg 1600w\" sizes=\"(max-width: 800px) 100vw, 800px\" \/>\t\t\t\t\t\t\t\t\t\t\t\t\t\t\t<\/div>\n\t\t\t\t<\/div>\n\t\t\t\t<section class=\"elementor-section elementor-inner-section elementor-element elementor-element-a4db016 elementor-section-boxed elementor-section-height-default elementor-section-height-default\" data-id=\"a4db016\" data-element_type=\"section\">\n\t\t\t\t\t\t<div class=\"elementor-container elementor-column-gap-default\">\n\t\t\t\t\t<div class=\"elementor-column elementor-col-50 elementor-inner-column elementor-element elementor-element-8ea076a\" data-id=\"8ea076a\" data-element_type=\"column\">\n\t\t\t<div class=\"elementor-widget-wrap elementor-element-populated\">\n\t\t\t\t\t\t<div class=\"elementor-element elementor-element-d8c1bdc elementor-widget elementor-widget-image\" data-id=\"d8c1bdc\" data-element_type=\"widget\" data-widget_type=\"image.default\">\n\t\t\t\t<div class=\"elementor-widget-container\">\n\t\t\t\t\t\t\t\t\t\t\t\t\t\t\t<img loading=\"lazy\" decoding=\"async\" width=\"800\" height=\"919\" src=\"https:\/\/richeskarayib.com\/wp-content\/uploads\/2025\/03\/WhatsApp-Image-2025-03-31-a-00.24.36_1ceef4ac-891x1024.jpg\" class=\"attachment-large size-large wp-image-47790\" alt=\"Tourisme\" srcset=\"https:\/\/richeskarayib.com\/wp-content\/uploads\/2025\/03\/WhatsApp-Image-2025-03-31-a-00.24.36_1ceef4ac-891x1024.jpg 891w, https:\/\/richeskarayib.com\/wp-content\/uploads\/2025\/03\/WhatsApp-Image-2025-03-31-a-00.24.36_1ceef4ac-261x300.jpg 261w, https:\/\/richeskarayib.com\/wp-content\/uploads\/2025\/03\/WhatsApp-Image-2025-03-31-a-00.24.36_1ceef4ac-768x883.jpg 768w, https:\/\/richeskarayib.com\/wp-content\/uploads\/2025\/03\/WhatsApp-Image-2025-03-31-a-00.24.36_1ceef4ac.jpg 1126w\" sizes=\"(max-width: 800px) 100vw, 800px\" \/>\t\t\t\t\t\t\t\t\t\t\t\t\t\t\t<\/div>\n\t\t\t\t<\/div>\n\t\t\t\t<div class=\"elementor-element elementor-element-54915e0 elementor-widget elementor-widget-image\" data-id=\"54915e0\" data-element_type=\"widget\" data-widget_type=\"image.default\">\n\t\t\t\t<div class=\"elementor-widget-container\">\n\t\t\t\t\t\t\t\t\t\t\t\t\t\t\t<img loading=\"lazy\" decoding=\"async\" width=\"800\" height=\"1016\" src=\"https:\/\/richeskarayib.com\/wp-content\/uploads\/2025\/03\/WhatsApp-Image-2025-03-31-a-00.27.40_a6f7681f-806x1024.jpg\" class=\"attachment-large size-large wp-image-47806\" alt=\"Tourisme\" srcset=\"https:\/\/richeskarayib.com\/wp-content\/uploads\/2025\/03\/WhatsApp-Image-2025-03-31-a-00.27.40_a6f7681f-806x1024.jpg 806w, https:\/\/richeskarayib.com\/wp-content\/uploads\/2025\/03\/WhatsApp-Image-2025-03-31-a-00.27.40_a6f7681f-236x300.jpg 236w, https:\/\/richeskarayib.com\/wp-content\/uploads\/2025\/03\/WhatsApp-Image-2025-03-31-a-00.27.40_a6f7681f-768x976.jpg 768w, https:\/\/richeskarayib.com\/wp-content\/uploads\/2025\/03\/WhatsApp-Image-2025-03-31-a-00.27.40_a6f7681f.jpg 1126w\" sizes=\"(max-width: 800px) 100vw, 800px\" \/>\t\t\t\t\t\t\t\t\t\t\t\t\t\t\t<\/div>\n\t\t\t\t<\/div>\n\t\t\t\t\t<\/div>\n\t\t<\/div>\n\t\t\t\t<div class=\"elementor-column elementor-col-50 elementor-inner-column elementor-element elementor-element-5109edc\" data-id=\"5109edc\" data-element_type=\"column\">\n\t\t\t<div class=\"elementor-widget-wrap elementor-element-populated\">\n\t\t\t\t\t\t<div class=\"elementor-element elementor-element-a423bea elementor-widget elementor-widget-image\" data-id=\"a423bea\" data-element_type=\"widget\" data-widget_type=\"image.default\">\n\t\t\t\t<div class=\"elementor-widget-container\">\n\t\t\t\t\t\t\t\t\t\t\t\t\t\t\t<img loading=\"lazy\" decoding=\"async\" width=\"799\" height=\"1024\" src=\"https:\/\/richeskarayib.com\/wp-content\/uploads\/2025\/03\/WhatsApp-Image-2025-03-31-a-00.26.12_31b7673d-799x1024.jpg\" class=\"attachment-large size-large wp-image-47798\" alt=\"Tourisme\" srcset=\"https:\/\/richeskarayib.com\/wp-content\/uploads\/2025\/03\/WhatsApp-Image-2025-03-31-a-00.26.12_31b7673d-799x1024.jpg 799w, https:\/\/richeskarayib.com\/wp-content\/uploads\/2025\/03\/WhatsApp-Image-2025-03-31-a-00.26.12_31b7673d-234x300.jpg 234w, https:\/\/richeskarayib.com\/wp-content\/uploads\/2025\/03\/WhatsApp-Image-2025-03-31-a-00.26.12_31b7673d-768x984.jpg 768w, https:\/\/richeskarayib.com\/wp-content\/uploads\/2025\/03\/WhatsApp-Image-2025-03-31-a-00.26.12_31b7673d.jpg 1126w\" sizes=\"(max-width: 799px) 100vw, 799px\" \/>\t\t\t\t\t\t\t\t\t\t\t\t\t\t\t<\/div>\n\t\t\t\t<\/div>\n\t\t\t\t<div class=\"elementor-element elementor-element-9a7953e elementor-widget elementor-widget-image\" data-id=\"9a7953e\" data-element_type=\"widget\" data-widget_type=\"image.default\">\n\t\t\t\t<div class=\"elementor-widget-container\">\n\t\t\t\t\t\t\t\t\t\t\t\t\t\t\t<img loading=\"lazy\" decoding=\"async\" width=\"576\" height=\"1024\" src=\"https:\/\/richeskarayib.com\/wp-content\/uploads\/2025\/03\/WhatsApp-Image-2025-03-28-a-22.52.11_17d87ed2-576x1024.jpg\" class=\"attachment-large size-large wp-image-47770\" alt=\"Tourisme\" srcset=\"https:\/\/richeskarayib.com\/wp-content\/uploads\/2025\/03\/WhatsApp-Image-2025-03-28-a-22.52.11_17d87ed2-576x1024.jpg 576w, https:\/\/richeskarayib.com\/wp-content\/uploads\/2025\/03\/WhatsApp-Image-2025-03-28-a-22.52.11_17d87ed2-169x300.jpg 169w, https:\/\/richeskarayib.com\/wp-content\/uploads\/2025\/03\/WhatsApp-Image-2025-03-28-a-22.52.11_17d87ed2-768x1365.jpg 768w, https:\/\/richeskarayib.com\/wp-content\/uploads\/2025\/03\/WhatsApp-Image-2025-03-28-a-22.52.11_17d87ed2-864x1536.jpg 864w, https:\/\/richeskarayib.com\/wp-content\/uploads\/2025\/03\/WhatsApp-Image-2025-03-28-a-22.52.11_17d87ed2.jpg 900w\" sizes=\"(max-width: 576px) 100vw, 576px\" \/>\t\t\t\t\t\t\t\t\t\t\t\t\t\t\t<\/div>\n\t\t\t\t<\/div>\n\t\t\t\t\t<\/div>\n\t\t<\/div>\n\t\t\t\t\t<\/div>\n\t\t<\/section>\n\t\t\t\t\t<\/div>\n\t\t<\/div>\n\t\t\t\t\t<\/div>\n\t\t<\/section>\n\t\t\t\t<\/div>\n\t\t","protected":false},"excerpt":{"rendered":"<p>Miser sur les talents pour construire l\u2019avenir du tourisme en Martinique : telle est la conviction qui a r\u00e9uni, le 28 mars 2025 \u00e0 l\u2019Habitation Fonds Rousseau \u00e0 Sch\u0153lcher, l\u2019ensemble des acteurs du secteur \u00e0 l\u2019occasion de la 3\u1d49 Semaine des M\u00e9tiers du Tourisme.En pr\u00e9sence de Nathalie Delattre, ministre d\u00e9l\u00e9gu\u00e9e charg\u00e9e du Tourisme, cette matin\u00e9e [&hellip;]<\/p>\n","protected":false},"author":47,"featured_media":47750,"comment_status":"open","ping_status":"open","sticky":false,"template":"","format":"standard","meta":{"_acf_changed":false,"footnotes":""},"categories":[840,1732],"tags":[808],"class_list":["post-47749","post","type-post","status-publish","format-standard","has-post-thumbnail","hentry","category-actus","category-tourisme","tag-martinique-fr"],"acf":[],"_links":{"self":[{"href":"https:\/\/richeskarayib.com\/fr\/wp-json\/wp\/v2\/posts\/47749","targetHints":{"allow":["GET"]}}],"collection":[{"href":"https:\/\/richeskarayib.com\/fr\/wp-json\/wp\/v2\/posts"}],"about":[{"href":"https:\/\/richeskarayib.com\/fr\/wp-json\/wp\/v2\/types\/post"}],"author":[{"embeddable":true,"href":"https:\/\/richeskarayib.com\/fr\/wp-json\/wp\/v2\/users\/47"}],"replies":[{"embeddable":true,"href":"https:\/\/richeskarayib.com\/fr\/wp-json\/wp\/v2\/comments?post=47749"}],"version-history":[{"count":0,"href":"https:\/\/richeskarayib.com\/fr\/wp-json\/wp\/v2\/posts\/47749\/revisions"}],"wp:featuredmedia":[{"embeddable":true,"href":"https:\/\/richeskarayib.com\/fr\/wp-json\/wp\/v2\/media\/47750"}],"wp:attachment":[{"href":"https:\/\/richeskarayib.com\/fr\/wp-json\/wp\/v2\/media?parent=47749"}],"wp:term":[{"taxonomy":"category","embeddable":true,"href":"https:\/\/richeskarayib.com\/fr\/wp-json\/wp\/v2\/categories?post=47749"},{"taxonomy":"post_tag","embeddable":true,"href":"https:\/\/richeskarayib.com\/fr\/wp-json\/wp\/v2\/tags?post=47749"}],"curies":[{"name":"wp","href":"https:\/\/api.w.org\/{rel}","templated":true}]}}